{"id":2034,"date":"2023-06-30T18:05:20","date_gmt":"2023-06-30T18:05:20","guid":{"rendered":"https:\/\/drsedattatar.com\/de?p=2034"},"modified":"2024-09-26T18:17:32","modified_gmt":"2024-09-26T18:17:32","slug":"bichektomie-wangendehnung","status":"publish","type":"post","link":"https:\/\/drsedattatar.com\/de\/bichektomie-wangendehnung\/","title":{"rendered":"Bichektomie-Wangendehnung"},"content":{"rendered":"\n<figure class=\"wp-block-image size-full\"><img decoding=\"async\" width=\"980\" height=\"650\" src=\"https:\/\/drsedattatar.com\/de\/wp-content\/uploads\/2023\/06\/bisektomi-sedat-tatar.webp\" alt=\"\" class=\"wp-image-2050\" title=\"\" srcset=\"https:\/\/drsedattatar.com\/de\/wp-content\/uploads\/2023\/06\/bisektomi-sedat-tatar.webp 980w, https:\/\/drsedattatar.com\/de\/wp-content\/uploads\/2023\/06\/bisektomi-sedat-tatar-300x199.webp 300w, https:\/\/drsedattatar.com\/de\/wp-content\/uploads\/2023\/06\/bisektomi-sedat-tatar-768x509.webp 768w\" sizes=\"(max-width: 980px) 100vw, 980px\" \/><figcaption><\/figcaption><\/figure>\n\n\n\n<p>Bei der Bichektomie, also der Wangenverd\u00fcnnung, wird die Fettschicht namens Ichat im Wangenbereich durch einen etwa 1 cm langen Schnitt von der Innenseite des Mundes entfernt. Es handelt sich um ein g\u00e4ngiges Verfahren zur Wangenverd\u00fcnnung, insbesondere bei Patienten, die unabh\u00e4ngig von der Gewichtszunahme \u00fcber volle Wangen klagen.<\/p>\n\n\n\n<p><strong>Wie wird eine Bichektomie durchgef\u00fchrt?<\/strong><\/p>\n\n\n\n<p>Es handelt sich um einen Eingriff, der unter \u00f6rtlicher Bet\u00e4ubung oder Vollnarkose durchschnittlich 15\u201320 Minuten dauert. Es erfordert keinen Krankenhausaufenthalt und hinterl\u00e4sst keine Spuren, da die Operation \u00fcber einen Schnitt durch den Mund erfolgt.<\/p>\n\n\n\n<p><strong>Wie verl\u00e4uft der Genesungsprozess nach einer Bichektomie?<\/strong><\/p>\n\n\n\n<p>Nach einer Bichektomie-Operation ist kein Krankenhausaufenthalt erforderlich. In der ersten Woche sollte \u00fcber Mundpflege nachgedacht werden. Das \u00d6dem im Wangenbereich nimmt innerhalb von 2\u20133 Wochen deutlich ab und das endg\u00fcltige Ergebnis ist innerhalb von 3\u20136 Monaten sichtbar.<\/p>\n\n\n\n<p><strong>Was sind die unerw\u00fcnschten Zust\u00e4nde nach einer Bichektomie?<\/strong><\/p>\n\n\n\n<p>Es k\u00f6nnen unerw\u00fcnschte Zust\u00e4nde wie Infektionen, Blutungen, Unregelm\u00e4\u00dfigkeiten und Asymmetrien auftreten.<\/p>\n\n\n<div class=\"kk-star-ratings kksr-auto kksr-align-center kksr-valign-bottom\"\n    data-payload='{&quot;align&quot;:&quot;center&quot;,&quot;id&quot;:&quot;2034&quot;,&quot;slug&quot;:&quot;default&quot;,&quot;valign&quot;:&quot;bottom&quot;,&quot;ignore&quot;:&quot;&quot;,&quot;reference&quot;:&quot;auto&quot;,&quot;class&quot;:&quot;&quot;,&quot;count&quot;:&quot;187&quot;,&quot;legendonly&quot;:&quot;&quot;,&quot;readonly&quot;:&quot;&quot;,&quot;score&quot;:&quot;5&quot;,&quot;starsonly&quot;:&quot;&quot;,&quot;best&quot;:&quot;5&quot;,&quot;gap&quot;:&quot;5&quot;,&quot;greet&quot;:&quot;Rate this post&quot;,&quot;legend&quot;:&quot;5\\\/5 - (187 votes)&quot;,&quot;size&quot;:&quot;24&quot;,&quot;title&quot;:&quot;Bichektomie-Wangendehnung&quot;,&quot;width&quot;:&quot;142.5&quot;,&quot;_legend&quot;:&quot;{score}\\\/{best} - ({count} {votes})&quot;,&quot;font_factor&quot;:&quot;1.25&quot;}'>\n            \n<div class=\"kksr-stars\">\n    \n<div class=\"kksr-stars-inactive\">\n            <div class=\"kksr-star\" data-star=\"1\" style=\"padding-right: 5px\">\n            \n\n<div class=\"kksr-icon\" style=\"width: 24px; height: 24px;\"><\/div>\n        <\/div>\n            <div class=\"kksr-star\" data-star=\"2\" style=\"padding-right: 5px\">\n            \n\n<div class=\"kksr-icon\" style=\"width: 24px; height: 24px;\"><\/div>\n        <\/div>\n            <div class=\"kksr-star\" data-star=\"3\" style=\"padding-right: 5px\">\n            \n\n<div class=\"kksr-icon\" style=\"width: 24px; height: 24px;\"><\/div>\n        <\/div>\n            <div class=\"kksr-star\" data-star=\"4\" style=\"padding-right: 5px\">\n            \n\n<div class=\"kksr-icon\" style=\"width: 24px; height: 24px;\"><\/div>\n        <\/div>\n            <div class=\"kksr-star\" data-star=\"5\" style=\"padding-right: 5px\">\n            \n\n<div class=\"kksr-icon\" style=\"width: 24px; height: 24px;\"><\/div>\n        <\/div>\n    <\/div>\n    \n<div class=\"kksr-stars-active\" style=\"width: 142.5px;\">\n            <div class=\"kksr-star\" style=\"padding-right: 5px\">\n            \n\n<div class=\"kksr-icon\" style=\"width: 24px; height: 24px;\"><\/div>\n        <\/div>\n            <div class=\"kksr-star\" style=\"padding-right: 5px\">\n            \n\n<div class=\"kksr-icon\" style=\"width: 24px; height: 24px;\"><\/div>\n        <\/div>\n            <div class=\"kksr-star\" style=\"padding-right: 5px\">\n            \n\n<div class=\"kksr-icon\" style=\"width: 24px; height: 24px;\"><\/div>\n        <\/div>\n            <div class=\"kksr-star\" style=\"padding-right: 5px\">\n            \n\n<div class=\"kksr-icon\" style=\"width: 24px; height: 24px;\"><\/div>\n        <\/div>\n            <div class=\"kksr-star\" style=\"padding-right: 5px\">\n            \n\n<div class=\"kksr-icon\" style=\"width: 24px; height: 24px;\"><\/div>\n        <\/div>\n    <\/div>\n<\/div>\n                \n\n<div class=\"kksr-legend\" style=\"font-size: 19.2px;\">\n            5\/5 - (187 votes)    <\/div>\n    <\/div>\n","protected":false},"excerpt":{"rendered":"<p>Bei der Bichektomie, also der Wangenverd\u00fcnnung, wird die Fettschicht namens Ichat im Wangenbereich durch einen etwa 1 cm langen Schnitt von der Innenseite des Mundes entfernt. Es handelt sich um ein g\u00e4ngiges Verfahren zur Wangenverd\u00fcnnung, insbesondere bei Patienten, die unabh\u00e4ngig von der Gewichtszunahme \u00fcber volle Wangen klagen. Wie wird eine Bichektomie durchgef\u00fchrt? Es handelt sich&#8230;<\/p>\n","protected":false},"author":2,"featured_media":0,"comment_status":"open","ping_status":"open","sticky":false,"template":"","format":"standard","meta":{"rank_math_lock_modified_date":false,"_kad_blocks_custom_css":"","_kad_blocks_head_custom_js":"","_kad_blocks_body_custom_js":"","_kad_blocks_footer_custom_js":"","_kadence_starter_templates_imported_post":false,"_kad_post_transparent":"","_kad_post_title":"","_kad_post_layout":"","_kad_post_sidebar_id":"","_kad_post_content_style":"","_kad_post_vertical_padding":"","_kad_post_feature":"","_kad_post_feature_position":"","_kad_post_header":false,"_kad_post_footer":false,"footnotes":""},"categories":[1,5],"tags":[],"class_list":["post-2034","post","type-post","status-publish","format-standard","hentry","category-blogs-uber-plastische-chirurgie","category-gesichtsasthetik"],"taxonomy_info":{"category":[{"value":1,"label":"Blogs \u00fcber plastische Chirurgie"},{"value":5,"label":"Gesichts\u00e4sthetik"}]},"featured_image_src_large":false,"author_info":{"display_name":"Sedat Tatar","author_link":"https:\/\/drsedattatar.com\/de\/author\/sedat-tatar\/"},"comment_info":0,"category_info":[{"term_id":1,"name":"Blogs \u00fcber plastische Chirurgie","slug":"blogs-uber-plastische-chirurgie","term_group":0,"term_taxonomy_id":1,"taxonomy":"category","description":"","parent":0,"count":28,"filter":"raw","cat_ID":1,"category_count":28,"category_description":"","cat_name":"Blogs \u00fcber plastische Chirurgie","category_nicename":"blogs-uber-plastische-chirurgie","category_parent":0},{"term_id":5,"name":"Gesichts\u00e4sthetik","slug":"gesichtsasthetik","term_group":0,"term_taxonomy_id":5,"taxonomy":"category","description":"","parent":0,"count":7,"filter":"raw","cat_ID":5,"category_count":7,"category_description":"","cat_name":"Gesichts\u00e4sthetik","category_nicename":"gesichtsasthetik","category_parent":0}],"tag_info":false,"_links":{"self":[{"href":"https:\/\/drsedattatar.com\/de\/wp-json\/wp\/v2\/posts\/2034"}],"collection":[{"href":"https:\/\/drsedattatar.com\/de\/wp-json\/wp\/v2\/posts"}],"about":[{"href":"https:\/\/drsedattatar.com\/de\/wp-json\/wp\/v2\/types\/post"}],"author":[{"embeddable":true,"href":"https:\/\/drsedattatar.com\/de\/wp-json\/wp\/v2\/users\/2"}],"replies":[{"embeddable":true,"href":"https:\/\/drsedattatar.com\/de\/wp-json\/wp\/v2\/comments?post=2034"}],"version-history":[{"count":0,"href":"https:\/\/drsedattatar.com\/de\/wp-json\/wp\/v2\/posts\/2034\/revisions"}],"wp:attachment":[{"href":"https:\/\/drsedattatar.com\/de\/wp-json\/wp\/v2\/media?parent=2034"}],"wp:term":[{"taxonomy":"category","embeddable":true,"href":"https:\/\/drsedattatar.com\/de\/wp-json\/wp\/v2\/categories?post=2034"},{"taxonomy":"post_tag","embeddable":true,"href":"https:\/\/drsedattatar.com\/de\/wp-json\/wp\/v2\/tags?post=2034"}],"curies":[{"name":"wp","href":"https:\/\/api.w.org\/{rel}","templated":true}]}}