{"id":2052,"date":"2023-06-30T16:33:56","date_gmt":"2023-06-30T16:33:56","guid":{"rendered":"https:\/\/demo.drsedattatar.com\/?p=2002"},"modified":"2024-06-26T10:19:41","modified_gmt":"2024-06-26T10:19:41","slug":"kol-germe","status":"publish","type":"post","link":"https:\/\/drsedattatar.com\/tr\/kol-germe\/","title":{"rendered":"Kol Germe"},"content":{"rendered":"\n<figure class=\"wp-block-image size-full\"><img decoding=\"async\" src=\"https:\/\/drsedattatar.com\/tr\/wp-content\/uploads\/2023\/06\/kol-germe-ameliyati-istanbul.webp\" alt=\"\" class=\"wp-image-2017\"\/><\/figure>\n\n\n\n<p><div class=\"column mcb-column mcb-item-e2162c566 one-second tablet-one-second mobile-one column_column\"> <div class=\"mcb-column-inner mcb-column-inner-e2162c566 mcb-item-column-inner\"> <div class=\"column_attr mfn-inline-editor clearfix\"> <p>Kol b\u00f6lgesindeki deri gev\u015fekli\u011fi ve deri sarkmalar\u0131n\u0131n d\u00fczeltildi\u011fi ameliyatlard\u0131r.<\/p> <p><b>Kol germe nas\u0131l yap\u0131l\u0131r?<\/b><\/p> <p>Genel anestezi alt\u0131nda yakla\u015f\u0131k 2 saat kadar s\u00fcrer. Kolun i\u00e7 y\u00fcz\u00fcne ve koltuk alt\u0131na denk gelecek \u015fekilde insizyon yap\u0131l\u0131r ve izler saklan\u0131r, fazla deri ve ya\u011f \u00e7\u0131kar\u0131l\u0131r.<\/p> <p><b>Kol germe ameliyat\u0131 sonras\u0131 iyile\u015fme s\u00fcreci nas\u0131ld\u0131r?<\/b><\/p> <p>Kol germe ameliyat\u0131ndan sonra 1 g\u00fcn hastanede kal\u0131n\u0131r ve yakla\u015f\u0131k 4-6 hafta korse kullan\u0131l\u0131r. \u00d6demlerin \u00e7o\u011fu 3-4 hafta i\u00e7ersinde kaybolur. Tam iyile\u015fme 4-6 ay i\u00e7inde tamamlan\u0131r. G\u00fcnl\u00fck hayata 7-1 0 g\u00fcn i\u00e7inde d\u00f6n\u00fclebilir.Hafif orta d\u00fczey egzersizlere \u00fc\u00e7 hafta i\u00e7inde, a\u011f\u0131r egzersizlere iki ay i\u00e7inde ba\u015flanabilir.\u0130zlerin silikle\u015fmesi ve ten rengine d\u00f6n\u00fc\u015fmesi 1 y\u0131l kadar s\u00fcrer.<\/p> <p><b>Kimler Yapt\u0131rabilir?<\/b><\/p> <p>18 ya\u015f\u0131n\u0131 dolduran ve genel sa\u011fl\u0131k durumu ameliyata engel olmayan, genel v\u00fccut yap\u0131s\u0131 ve kilosu uygun olan herkese g\u00fcvenle uygulanabilir.<\/p> <p><b>Kol germe sonras\u0131 istenmeyen durumlar nelerdir ?<\/b><\/p> <p>Erken d\u00f6nemde kanama, enfeksiyon ve yara iyile\u015fme problemleri olu\u015fabilir. Uzun d\u00f6nemde minimal asimetriler ve yara izlerinin kabar\u0131k iyile\u015fmesi (keloid) olu\u015fabilmektedir. Kiloya dikkat etmek ve d\u00fczenli egzersiz sonucun uzun s\u00fcre korunmas\u0131n\u0131 sa\u011flar.<\/p> <\/div> <\/div> <\/div><\/p>\n\n\n<div class=\"kk-star-ratings kksr-auto kksr-align-center kksr-valign-bottom\"\n    data-payload='{&quot;align&quot;:&quot;center&quot;,&quot;id&quot;:&quot;2052&quot;,&quot;slug&quot;:&quot;default&quot;,&quot;valign&quot;:&quot;bottom&quot;,&quot;ignore&quot;:&quot;&quot;,&quot;reference&quot;:&quot;auto&quot;,&quot;class&quot;:&quot;&quot;,&quot;count&quot;:&quot;141&quot;,&quot;legendonly&quot;:&quot;&quot;,&quot;readonly&quot;:&quot;&quot;,&quot;score&quot;:&quot;5&quot;,&quot;starsonly&quot;:&quot;&quot;,&quot;best&quot;:&quot;5&quot;,&quot;gap&quot;:&quot;5&quot;,&quot;greet&quot;:&quot;\u0130\u00e7eri\u011fimizi Oylay\u0131n!&quot;,&quot;legend&quot;:&quot;5\\\/5 - (141 oy verildi!)&quot;,&quot;size&quot;:&quot;24&quot;,&quot;title&quot;:&quot;Kol Germe&quot;,&quot;width&quot;:&quot;142.5&quot;,&quot;_legend&quot;:&quot;{score}\\\/{best} - ({count} oy verildi!)&quot;,&quot;font_factor&quot;:&quot;1.25&quot;}'>\n            \n<div class=\"kksr-stars\">\n    \n<div class=\"kksr-stars-inactive\">\n            <div class=\"kksr-star\" data-star=\"1\" style=\"padding-right: 5px\">\n            \n\n<div class=\"kksr-icon\" style=\"width: 24px; height: 24px;\"><\/div>\n        <\/div>\n            <div class=\"kksr-star\" data-star=\"2\" style=\"padding-right: 5px\">\n            \n\n<div class=\"kksr-icon\" style=\"width: 24px; height: 24px;\"><\/div>\n        <\/div>\n            <div class=\"kksr-star\" data-star=\"3\" style=\"padding-right: 5px\">\n            \n\n<div class=\"kksr-icon\" style=\"width: 24px; height: 24px;\"><\/div>\n        <\/div>\n            <div class=\"kksr-star\" data-star=\"4\" style=\"padding-right: 5px\">\n            \n\n<div class=\"kksr-icon\" style=\"width: 24px; height: 24px;\"><\/div>\n        <\/div>\n            <div class=\"kksr-star\" data-star=\"5\" style=\"padding-right: 5px\">\n            \n\n<div class=\"kksr-icon\" style=\"width: 24px; height: 24px;\"><\/div>\n        <\/div>\n    <\/div>\n    \n<div class=\"kksr-stars-active\" style=\"width: 142.5px;\">\n            <div class=\"kksr-star\" style=\"padding-right: 5px\">\n            \n\n<div class=\"kksr-icon\" style=\"width: 24px; height: 24px;\"><\/div>\n        <\/div>\n            <div class=\"kksr-star\" style=\"padding-right: 5px\">\n            \n\n<div class=\"kksr-icon\" style=\"width: 24px; height: 24px;\"><\/div>\n        <\/div>\n            <div class=\"kksr-star\" style=\"padding-right: 5px\">\n            \n\n<div class=\"kksr-icon\" style=\"width: 24px; height: 24px;\"><\/div>\n        <\/div>\n            <div class=\"kksr-star\" style=\"padding-right: 5px\">\n            \n\n<div class=\"kksr-icon\" style=\"width: 24px; height: 24px;\"><\/div>\n        <\/div>\n            <div class=\"kksr-star\" style=\"padding-right: 5px\">\n            \n\n<div class=\"kksr-icon\" style=\"width: 24px; height: 24px;\"><\/div>\n        <\/div>\n    <\/div>\n<\/div>\n                \n\n<div class=\"kksr-legend\" style=\"font-size: 19.2px;\">\n            5\/5 - (141 oy verildi!)    <\/div>\n    <\/div>\n","protected":false},"excerpt":{"rendered":"<p>Kol b\u00f6lgesindeki deri gev\u015fekli\u011fi ve deri sarkmalar\u0131n\u0131n d\u00fczeltildi\u011fi ameliyatlard\u0131r. Kol germe nas\u0131l yap\u0131l\u0131r? Genel anestezi alt\u0131nda yakla\u015f\u0131k 2 saat kadar s\u00fcrer. Kolun i\u00e7 y\u00fcz\u00fcne ve koltuk alt\u0131na denk gelecek \u015fekilde insizyon yap\u0131l\u0131r ve izler saklan\u0131r, fazla deri ve ya\u011f \u00e7\u0131kar\u0131l\u0131r. Kol germe ameliyat\u0131 sonras\u0131 iyile\u015fme s\u00fcreci nas\u0131ld\u0131r? Kol germe ameliyat\u0131ndan sonra 1 g\u00fcn hastanede kal\u0131n\u0131r&#8230;<\/p>\n","protected":false},"author":2,"featured_media":0,"comment_status":"open","ping_status":"open","sticky":false,"template":"","format":"standard","meta":{"_kad_blocks_custom_css":"","_kad_blocks_head_custom_js":"","_kad_blocks_body_custom_js":"","_kad_blocks_footer_custom_js":"","_kadence_starter_templates_imported_post":false,"_kad_post_transparent":"default","_kad_post_title":"default","_kad_post_layout":"default","_kad_post_sidebar_id":"","_kad_post_content_style":"default","_kad_post_vertical_padding":"default","_kad_post_feature":"","_kad_post_feature_position":"","_kad_post_header":false,"_kad_post_footer":false,"footnotes":""},"categories":[4,13,14],"tags":[],"class_list":["post-2052","post","type-post","status-publish","format-standard","hentry","category-plastik-cerrahi-bloglari","category-plastik-cerrah","category-plastik-cerrahi-blog"],"yoast_head":"<!-- This site is optimized with the Yoast SEO plugin v25.9 - https:\/\/yoast.com\/wordpress\/plugins\/seo\/ -->\n<title>Kol Germe - \u0130stanbul Estetik, Plastik ve Rekonstr\u00fcktif Cerrahi - Do\u00e7. Dr. Sedat Tatar<\/title>\n<meta name=\"robots\" content=\"index, follow, max-snippet:-1, max-image-preview:large, max-video-preview:-1\" \/>\n<link rel=\"canonical\" href=\"https:\/\/drsedattatar.com\/tr\/kol-germe\/\" \/>\n<meta property=\"og:locale\" content=\"tr_TR\" \/>\n<meta property=\"og:type\" content=\"article\" \/>\n<meta property=\"og:title\" content=\"Kol Germe - \u0130stanbul Estetik, Plastik ve Rekonstr\u00fcktif Cerrahi - Do\u00e7. Dr. Sedat Tatar\" \/>\n<meta property=\"og:description\" content=\"Kol b\u00f6lgesindeki deri gev\u015fekli\u011fi ve deri sarkmalar\u0131n\u0131n d\u00fczeltildi\u011fi ameliyatlard\u0131r. Kol germe nas\u0131l yap\u0131l\u0131r? Genel anestezi alt\u0131nda yakla\u015f\u0131k 2 saat kadar s\u00fcrer. Kolun i\u00e7 y\u00fcz\u00fcne ve koltuk alt\u0131na denk gelecek \u015fekilde insizyon yap\u0131l\u0131r ve izler saklan\u0131r, fazla deri ve ya\u011f \u00e7\u0131kar\u0131l\u0131r. Kol germe ameliyat\u0131 sonras\u0131 iyile\u015fme s\u00fcreci nas\u0131ld\u0131r? Kol germe ameliyat\u0131ndan sonra 1 g\u00fcn hastanede kal\u0131n\u0131r...\" \/>\n<meta property=\"og:url\" content=\"https:\/\/drsedattatar.com\/tr\/kol-germe\/\" \/>\n<meta property=\"og:site_name\" content=\"\u0130stanbul Estetik, Plastik ve Rekonstr\u00fcktif Cerrahi - Do\u00e7. Dr. Sedat Tatar\" \/>\n<meta property=\"article:published_time\" content=\"2023-06-30T16:33:56+00:00\" \/>\n<meta property=\"article:modified_time\" content=\"2024-06-26T10:19:41+00:00\" \/>\n<meta name=\"author\" content=\"Sedat Tatar\" \/>\n<meta name=\"twitter:card\" content=\"summary_large_image\" \/>\n<meta name=\"twitter:label1\" content=\"Yazan:\" \/>\n\t<meta name=\"twitter:data1\" content=\"Sedat Tatar\" \/>\n\t<meta name=\"twitter:label2\" content=\"Tahmini okuma s\u00fcresi\" \/>\n\t<meta name=\"twitter:data2\" content=\"1 dakika\" \/>\n<script type=\"application\/ld+json\" class=\"yoast-schema-graph\">{\"@context\":\"https:\/\/schema.org\",\"@graph\":[{\"@type\":\"Article\",\"@id\":\"https:\/\/drsedattatar.com\/tr\/kol-germe\/#article\",\"isPartOf\":{\"@id\":\"https:\/\/drsedattatar.com\/tr\/kol-germe\/\"},\"author\":{\"name\":\"Sedat Tatar\",\"@id\":\"https:\/\/drsedattatar.com\/tr\/#\/schema\/person\/6680072167e813d00644a089aad94c74\"},\"headline\":\"Kol Germe\",\"datePublished\":\"2023-06-30T16:33:56+00:00\",\"dateModified\":\"2024-06-26T10:19:41+00:00\",\"mainEntityOfPage\":{\"@id\":\"https:\/\/drsedattatar.com\/tr\/kol-germe\/\"},\"wordCount\":230,\"commentCount\":0,\"publisher\":{\"@id\":\"https:\/\/drsedattatar.com\/tr\/#organization\"},\"image\":{\"@id\":\"https:\/\/drsedattatar.com\/tr\/kol-germe\/#primaryimage\"},\"thumbnailUrl\":\"https:\/\/drsedattatar.com\/tr\/wp-content\/uploads\/2023\/06\/kol-germe-ameliyati-istanbul.webp\",\"articleSection\":[\"Plastic Surgery Blogs\",\"Plastik Cerrahi\",\"Plastik Cerrahi Blog\"],\"inLanguage\":\"tr\",\"potentialAction\":[{\"@type\":\"CommentAction\",\"name\":\"Comment\",\"target\":[\"https:\/\/drsedattatar.com\/tr\/kol-germe\/#respond\"]}]},{\"@type\":\"WebPage\",\"@id\":\"https:\/\/drsedattatar.com\/tr\/kol-germe\/\",\"url\":\"https:\/\/drsedattatar.com\/tr\/kol-germe\/\",\"name\":\"Kol Germe - \u0130stanbul Estetik, Plastik ve Rekonstr\u00fcktif Cerrahi - Do\u00e7. Dr. Sedat Tatar\",\"isPartOf\":{\"@id\":\"https:\/\/drsedattatar.com\/tr\/#website\"},\"primaryImageOfPage\":{\"@id\":\"https:\/\/drsedattatar.com\/tr\/kol-germe\/#primaryimage\"},\"image\":{\"@id\":\"https:\/\/drsedattatar.com\/tr\/kol-germe\/#primaryimage\"},\"thumbnailUrl\":\"https:\/\/drsedattatar.com\/tr\/wp-content\/uploads\/2023\/06\/kol-germe-ameliyati-istanbul.webp\",\"datePublished\":\"2023-06-30T16:33:56+00:00\",\"dateModified\":\"2024-06-26T10:19:41+00:00\",\"breadcrumb\":{\"@id\":\"https:\/\/drsedattatar.com\/tr\/kol-germe\/#breadcrumb\"},\"inLanguage\":\"tr\",\"potentialAction\":[{\"@type\":\"ReadAction\",\"target\":[\"https:\/\/drsedattatar.com\/tr\/kol-germe\/\"]}]},{\"@type\":\"ImageObject\",\"inLanguage\":\"tr\",\"@id\":\"https:\/\/drsedattatar.com\/tr\/kol-germe\/#primaryimage\",\"url\":\"\",\"contentUrl\":\"\"},{\"@type\":\"BreadcrumbList\",\"@id\":\"https:\/\/drsedattatar.com\/tr\/kol-germe\/#breadcrumb\",\"itemListElement\":[{\"@type\":\"ListItem\",\"position\":1,\"name\":\"Anasayfa\",\"item\":\"https:\/\/drsedattatar.com\/tr\/\"},{\"@type\":\"ListItem\",\"position\":2,\"name\":\"Kol Germe\"}]},{\"@type\":\"WebSite\",\"@id\":\"https:\/\/drsedattatar.com\/tr\/#website\",\"url\":\"https:\/\/drsedattatar.com\/tr\/\",\"name\":\"\u0130stanbul Estetik, Plastik ve Rekonstr\u00fcktif Cerrahi - Do\u00e7. Dr. Sedat Tatar\",\"description\":\"\u0130stanbul Estetik, Plastik ve Rekonstr\u00fcktif Cerrahi alan\u0131nda deneyimli Do\u00e7. Dr. Sedat Tatar ile hayallerinizi ger\u00e7e\u011fe d\u00f6n\u00fc\u015ft\u00fcr\u00fcn ve kendinizi en iyi \u015fekilde hissedin.\",\"publisher\":{\"@id\":\"https:\/\/drsedattatar.com\/tr\/#organization\"},\"potentialAction\":[{\"@type\":\"SearchAction\",\"target\":{\"@type\":\"EntryPoint\",\"urlTemplate\":\"https:\/\/drsedattatar.com\/tr\/?s={search_term_string}\"},\"query-input\":{\"@type\":\"PropertyValueSpecification\",\"valueRequired\":true,\"valueName\":\"search_term_string\"}}],\"inLanguage\":\"tr\"},{\"@type\":\"Organization\",\"@id\":\"https:\/\/drsedattatar.com\/tr\/#organization\",\"name\":\"\u0130stanbul Estetik, Plastik ve Rekonstr\u00fcktif Cerrahi - Do\u00e7. Dr. Sedat Tatar\",\"url\":\"https:\/\/drsedattatar.com\/tr\/\",\"logo\":{\"@type\":\"ImageObject\",\"inLanguage\":\"tr\",\"@id\":\"https:\/\/drsedattatar.com\/tr\/#\/schema\/logo\/image\/\",\"url\":\"https:\/\/drsedattatar.com\/tr\/wp-content\/uploads\/2023\/06\/cropped-cropped-cropped-dr-sedat-tatar-estetik-plastik-logo.webp\",\"contentUrl\":\"https:\/\/drsedattatar.com\/tr\/wp-content\/uploads\/2023\/06\/cropped-cropped-cropped-dr-sedat-tatar-estetik-plastik-logo.webp\",\"width\":1505,\"height\":602,\"caption\":\"\u0130stanbul Estetik, Plastik ve Rekonstr\u00fcktif Cerrahi - Do\u00e7. Dr. Sedat Tatar\"},\"image\":{\"@id\":\"https:\/\/drsedattatar.com\/tr\/#\/schema\/logo\/image\/\"}},{\"@type\":\"Person\",\"@id\":\"https:\/\/drsedattatar.com\/tr\/#\/schema\/person\/6680072167e813d00644a089aad94c74\",\"name\":\"Sedat Tatar\",\"image\":{\"@type\":\"ImageObject\",\"inLanguage\":\"tr\",\"@id\":\"https:\/\/drsedattatar.com\/tr\/#\/schema\/person\/image\/\",\"url\":\"https:\/\/secure.gravatar.com\/avatar\/c8f77ac9d6cd1c8000fadaa2afee9572a30cf0a8666dec9043f6956e259dc761?s=96&d=mm&r=g\",\"contentUrl\":\"https:\/\/secure.gravatar.com\/avatar\/c8f77ac9d6cd1c8000fadaa2afee9572a30cf0a8666dec9043f6956e259dc761?s=96&d=mm&r=g\",\"caption\":\"Sedat Tatar\"},\"url\":\"https:\/\/drsedattatar.com\/tr\/author\/sedat-tatar\/\"}]}<\/script>\n<!-- \/ Yoast SEO plugin. -->","yoast_head_json":{"title":"Kol Germe - \u0130stanbul Estetik, Plastik ve Rekonstr\u00fcktif Cerrahi - Do\u00e7. Dr. Sedat Tatar","robots":{"index":"index","follow":"follow","max-snippet":"max-snippet:-1","max-image-preview":"max-image-preview:large","max-video-preview":"max-video-preview:-1"},"canonical":"https:\/\/drsedattatar.com\/tr\/kol-germe\/","og_locale":"tr_TR","og_type":"article","og_title":"Kol Germe - \u0130stanbul Estetik, Plastik ve Rekonstr\u00fcktif Cerrahi - Do\u00e7. Dr. Sedat Tatar","og_description":"Kol b\u00f6lgesindeki deri gev\u015fekli\u011fi ve deri sarkmalar\u0131n\u0131n d\u00fczeltildi\u011fi ameliyatlard\u0131r. Kol germe nas\u0131l yap\u0131l\u0131r? Genel anestezi alt\u0131nda yakla\u015f\u0131k 2 saat kadar s\u00fcrer. Kolun i\u00e7 y\u00fcz\u00fcne ve koltuk alt\u0131na denk gelecek \u015fekilde insizyon yap\u0131l\u0131r ve izler saklan\u0131r, fazla deri ve ya\u011f \u00e7\u0131kar\u0131l\u0131r. Kol germe ameliyat\u0131 sonras\u0131 iyile\u015fme s\u00fcreci nas\u0131ld\u0131r? Kol germe ameliyat\u0131ndan sonra 1 g\u00fcn hastanede kal\u0131n\u0131r...","og_url":"https:\/\/drsedattatar.com\/tr\/kol-germe\/","og_site_name":"\u0130stanbul Estetik, Plastik ve Rekonstr\u00fcktif Cerrahi - Do\u00e7. Dr. Sedat Tatar","article_published_time":"2023-06-30T16:33:56+00:00","article_modified_time":"2024-06-26T10:19:41+00:00","author":"Sedat Tatar","twitter_card":"summary_large_image","twitter_misc":{"Yazan:":"Sedat Tatar","Tahmini okuma s\u00fcresi":"1 dakika"},"schema":{"@context":"https:\/\/schema.org","@graph":[{"@type":"Article","@id":"https:\/\/drsedattatar.com\/tr\/kol-germe\/#article","isPartOf":{"@id":"https:\/\/drsedattatar.com\/tr\/kol-germe\/"},"author":{"name":"Sedat Tatar","@id":"https:\/\/drsedattatar.com\/tr\/#\/schema\/person\/6680072167e813d00644a089aad94c74"},"headline":"Kol Germe","datePublished":"2023-06-30T16:33:56+00:00","dateModified":"2024-06-26T10:19:41+00:00","mainEntityOfPage":{"@id":"https:\/\/drsedattatar.com\/tr\/kol-germe\/"},"wordCount":230,"commentCount":0,"publisher":{"@id":"https:\/\/drsedattatar.com\/tr\/#organization"},"image":{"@id":"https:\/\/drsedattatar.com\/tr\/kol-germe\/#primaryimage"},"thumbnailUrl":"https:\/\/drsedattatar.com\/tr\/wp-content\/uploads\/2023\/06\/kol-germe-ameliyati-istanbul.webp","articleSection":["Plastic Surgery Blogs","Plastik Cerrahi","Plastik Cerrahi Blog"],"inLanguage":"tr","potentialAction":[{"@type":"CommentAction","name":"Comment","target":["https:\/\/drsedattatar.com\/tr\/kol-germe\/#respond"]}]},{"@type":"WebPage","@id":"https:\/\/drsedattatar.com\/tr\/kol-germe\/","url":"https:\/\/drsedattatar.com\/tr\/kol-germe\/","name":"Kol Germe - \u0130stanbul Estetik, Plastik ve Rekonstr\u00fcktif Cerrahi - Do\u00e7. Dr. Sedat Tatar","isPartOf":{"@id":"https:\/\/drsedattatar.com\/tr\/#website"},"primaryImageOfPage":{"@id":"https:\/\/drsedattatar.com\/tr\/kol-germe\/#primaryimage"},"image":{"@id":"https:\/\/drsedattatar.com\/tr\/kol-germe\/#primaryimage"},"thumbnailUrl":"https:\/\/drsedattatar.com\/tr\/wp-content\/uploads\/2023\/06\/kol-germe-ameliyati-istanbul.webp","datePublished":"2023-06-30T16:33:56+00:00","dateModified":"2024-06-26T10:19:41+00:00","breadcrumb":{"@id":"https:\/\/drsedattatar.com\/tr\/kol-germe\/#breadcrumb"},"inLanguage":"tr","potentialAction":[{"@type":"ReadAction","target":["https:\/\/drsedattatar.com\/tr\/kol-germe\/"]}]},{"@type":"ImageObject","inLanguage":"tr","@id":"https:\/\/drsedattatar.com\/tr\/kol-germe\/#primaryimage","url":"","contentUrl":""},{"@type":"BreadcrumbList","@id":"https:\/\/drsedattatar.com\/tr\/kol-germe\/#breadcrumb","itemListElement":[{"@type":"ListItem","position":1,"name":"Anasayfa","item":"https:\/\/drsedattatar.com\/tr\/"},{"@type":"ListItem","position":2,"name":"Kol Germe"}]},{"@type":"WebSite","@id":"https:\/\/drsedattatar.com\/tr\/#website","url":"https:\/\/drsedattatar.com\/tr\/","name":"\u0130stanbul Estetik, Plastik ve Rekonstr\u00fcktif Cerrahi - Do\u00e7. Dr. Sedat Tatar","description":"\u0130stanbul Estetik, Plastik ve Rekonstr\u00fcktif Cerrahi alan\u0131nda deneyimli Do\u00e7. Dr. Sedat Tatar ile hayallerinizi ger\u00e7e\u011fe d\u00f6n\u00fc\u015ft\u00fcr\u00fcn ve kendinizi en iyi \u015fekilde hissedin.","publisher":{"@id":"https:\/\/drsedattatar.com\/tr\/#organization"},"potentialAction":[{"@type":"SearchAction","target":{"@type":"EntryPoint","urlTemplate":"https:\/\/drsedattatar.com\/tr\/?s={search_term_string}"},"query-input":{"@type":"PropertyValueSpecification","valueRequired":true,"valueName":"search_term_string"}}],"inLanguage":"tr"},{"@type":"Organization","@id":"https:\/\/drsedattatar.com\/tr\/#organization","name":"\u0130stanbul Estetik, Plastik ve Rekonstr\u00fcktif Cerrahi - Do\u00e7. Dr. Sedat Tatar","url":"https:\/\/drsedattatar.com\/tr\/","logo":{"@type":"ImageObject","inLanguage":"tr","@id":"https:\/\/drsedattatar.com\/tr\/#\/schema\/logo\/image\/","url":"https:\/\/drsedattatar.com\/tr\/wp-content\/uploads\/2023\/06\/cropped-cropped-cropped-dr-sedat-tatar-estetik-plastik-logo.webp","contentUrl":"https:\/\/drsedattatar.com\/tr\/wp-content\/uploads\/2023\/06\/cropped-cropped-cropped-dr-sedat-tatar-estetik-plastik-logo.webp","width":1505,"height":602,"caption":"\u0130stanbul Estetik, Plastik ve Rekonstr\u00fcktif Cerrahi - Do\u00e7. Dr. Sedat Tatar"},"image":{"@id":"https:\/\/drsedattatar.com\/tr\/#\/schema\/logo\/image\/"}},{"@type":"Person","@id":"https:\/\/drsedattatar.com\/tr\/#\/schema\/person\/6680072167e813d00644a089aad94c74","name":"Sedat Tatar","image":{"@type":"ImageObject","inLanguage":"tr","@id":"https:\/\/drsedattatar.com\/tr\/#\/schema\/person\/image\/","url":"https:\/\/secure.gravatar.com\/avatar\/c8f77ac9d6cd1c8000fadaa2afee9572a30cf0a8666dec9043f6956e259dc761?s=96&d=mm&r=g","contentUrl":"https:\/\/secure.gravatar.com\/avatar\/c8f77ac9d6cd1c8000fadaa2afee9572a30cf0a8666dec9043f6956e259dc761?s=96&d=mm&r=g","caption":"Sedat Tatar"},"url":"https:\/\/drsedattatar.com\/tr\/author\/sedat-tatar\/"}]}},"taxonomy_info":{"category":[{"value":4,"label":"Plastic Surgery Blogs"},{"value":13,"label":"Plastik Cerrahi"},{"value":14,"label":"Plastik Cerrahi Blog"}]},"featured_image_src_large":false,"author_info":{"display_name":"Sedat Tatar","author_link":"https:\/\/drsedattatar.com\/tr\/author\/sedat-tatar\/"},"comment_info":0,"category_info":[{"term_id":4,"name":"Plastic Surgery Blogs","slug":"plastik-cerrahi-bloglari","term_group":0,"term_taxonomy_id":4,"taxonomy":"category","description":"","parent":0,"count":27,"filter":"raw","cat_ID":4,"category_count":27,"category_description":"","cat_name":"Plastic Surgery Blogs","category_nicename":"plastik-cerrahi-bloglari","category_parent":0},{"term_id":13,"name":"Plastik Cerrahi","slug":"plastik-cerrah","term_group":0,"term_taxonomy_id":13,"taxonomy":"category","description":"","parent":0,"count":22,"filter":"raw","cat_ID":13,"category_count":22,"category_description":"","cat_name":"Plastik Cerrahi","category_nicename":"plastik-cerrah","category_parent":0},{"term_id":14,"name":"Plastik Cerrahi Blog","slug":"plastik-cerrahi-blog","term_group":0,"term_taxonomy_id":14,"taxonomy":"category","description":"","parent":0,"count":155,"filter":"raw","cat_ID":14,"category_count":155,"category_description":"","cat_name":"Plastik Cerrahi Blog","category_nicename":"plastik-cerrahi-blog","category_parent":0}],"tag_info":false,"_links":{"self":[{"href":"https:\/\/drsedattatar.com\/tr\/wp-json\/wp\/v2\/posts\/2052","targetHints":{"allow":["GET"]}}],"collection":[{"href":"https:\/\/drsedattatar.com\/tr\/wp-json\/wp\/v2\/posts"}],"about":[{"href":"https:\/\/drsedattatar.com\/tr\/wp-json\/wp\/v2\/types\/post"}],"author":[{"embeddable":true,"href":"https:\/\/drsedattatar.com\/tr\/wp-json\/wp\/v2\/users\/2"}],"replies":[{"embeddable":true,"href":"https:\/\/drsedattatar.com\/tr\/wp-json\/wp\/v2\/comments?post=2052"}],"version-history":[{"count":0,"href":"https:\/\/drsedattatar.com\/tr\/wp-json\/wp\/v2\/posts\/2052\/revisions"}],"wp:attachment":[{"href":"https:\/\/drsedattatar.com\/tr\/wp-json\/wp\/v2\/media?parent=2052"}],"wp:term":[{"taxonomy":"category","embeddable":true,"href":"https:\/\/drsedattatar.com\/tr\/wp-json\/wp\/v2\/categories?post=2052"},{"taxonomy":"post_tag","embeddable":true,"href":"https:\/\/drsedattatar.com\/tr\/wp-json\/wp\/v2\/tags?post=2052"}],"curies":[{"name":"wp","href":"https:\/\/api.w.org\/{rel}","templated":true}]}}