{"id":2642,"date":"2024-09-29T07:01:37","date_gmt":"2024-09-29T07:01:37","guid":{"rendered":"https:\/\/drsedattatar.com\/tr\/?p=2642"},"modified":"2025-12-17T08:39:24","modified_gmt":"2025-12-17T08:39:24","slug":"kvkk-aydinlatma-formu","status":"publish","type":"post","link":"https:\/\/drsedattatar.com\/tr\/kvkk-aydinlatma-formu\/","title":{"rendered":"KVKK Ayd\u0131nlatma Formu"},"content":{"rendered":"\n<figure class=\"wp-block-image size-large\"><img decoding=\"async\" width=\"1024\" height=\"396\" src=\"https:\/\/drsedattatar.com\/tr\/wp-content\/uploads\/2023\/06\/dr-sedat-tatar-estetik-plastik-logo-1024x396.webp\" alt=\"\" class=\"wp-image-1704\" srcset=\"https:\/\/drsedattatar.com\/tr\/wp-content\/uploads\/2023\/06\/dr-sedat-tatar-estetik-plastik-logo-1024x396.webp 1024w, https:\/\/drsedattatar.com\/tr\/wp-content\/uploads\/2023\/06\/dr-sedat-tatar-estetik-plastik-logo-300x116.webp 300w, https:\/\/drsedattatar.com\/tr\/wp-content\/uploads\/2023\/06\/dr-sedat-tatar-estetik-plastik-logo-768x297.webp 768w, https:\/\/drsedattatar.com\/tr\/wp-content\/uploads\/2023\/06\/dr-sedat-tatar-estetik-plastik-logo-1536x593.webp 1536w, https:\/\/drsedattatar.com\/tr\/wp-content\/uploads\/2023\/06\/dr-sedat-tatar-estetik-plastik-logo.webp 1558w\" sizes=\"(max-width: 1024px) 100vw, 1024px\" \/><\/figure>\n\n\n\n<h2 class=\"wp-block-heading has-text-align-center\">DO\u00c7. DR. SEDAT TATAR HASTA AYDINLATMA FORMU<\/h2>\n\n\n\n<p>6698 say\u0131l\u0131 Ki\u015fisel Verilerin Korunmas\u0131 Kanunu&#8217;na (bundan b\u00f6yle \u201cKVK Kanunu\u201d olarak ifade edilecektir) g\u00f6re Dr. Sedat Tatar Klini\u011fi(bundan b\u00f6yle \u201cKlinik\u2019\u2019<strong> <\/strong>olarak ifade edilecektir) sizinle ilgili ki\u015fisel verileri i\u015flemesi sebebiyle veri sorumlusudur.<\/p>\n\n\n\n<p>Hastam\u0131z s\u0131fat\u0131yla ilgili ki\u015fi olarak sizlerin ki\u015fisel verilerinizi a\u015fa\u011f\u0131da izah edildi\u011fi surette ve mevzuat taraf\u0131ndan emredilen s\u0131n\u0131rlar \u00e7er\u00e7evesinde i\u015flemekteyiz. Kanunun Ayd\u0131nlatma Y\u00fck\u00fcml\u00fcl\u00fc\u011f\u00fcn\u00fc d\u00fczenleyen 10&#8217;uncu maddesine g\u00f6re veri sorumlular\u0131n\u0131n, ki\u015fisel verilerini i\u015fledikleri ger\u00e7ek ki\u015fileri baz\u0131 konularda bilgilendirmekle y\u00fck\u00fcml\u00fc olmalar\u0131 nedeniyle sizleri ki\u015fisel veri i\u015fleme s\u00fcrecimiz ile ilgili olarak bilgilendirmek isteriz.<\/p>\n\n\n\n<h1 class=\"wp-block-heading\">1. Veri Sorumlusu Hakk\u0131nda<\/h1>\n\n\n\n<p>KVK Kanunu uyar\u0131nca klinik olarak, Veri Sorumlusu s\u0131fat\u0131yla, a\u015fa\u011f\u0131da belirtti\u011fimiz ki\u015fisel verilerinizi yine a\u015fa\u011f\u0131da a\u00e7\u0131klad\u0131\u011f\u0131m\u0131z ama\u00e7lar\u0131m\u0131z kapsam\u0131nda ve mevzuatta \u00f6ng\u00f6r\u00fclen ilkeler do\u011frultusunda gerekli oldu\u011fu s\u00fcre boyunca i\u015fleyebilir, a\u00e7\u0131klayabilir ya da aktarabiliriz.<\/p>\n\n\n\n<h1 class=\"wp-block-heading\">2. \u0130\u015flenen Ki\u015fisel Verileriniz, Hukuki Sebepleri ve \u0130\u015flenme Ama\u00e7lar\u0131<\/h1>\n\n\n\n<p>\u0130\u015flemeye Konu Ki\u015fisel Verileriniz<\/p>\n\n\n\n<p><strong>Hastan\u0131n;<\/strong><\/p>\n\n\n\n<ul class=\"wp-block-list\">\n<li>Ad\u0131 Soyad\u0131n\u0131z, Do\u011fum Tarihiniz, Do\u011fdu\u011funuz \u00dclke, Do\u011fdu\u011funuz \u015eehir, Cinsiyetiniz, Medeni Durumunuz, Milliyetiniz, T.C Kimlik Kart\u0131 Bilgileriniz (TCKN, Seri No, C\u00fczdan No, Baba Ad\u0131, Anne Ad\u0131, Do\u011fum Yeri, \u0130l, \u0130l\u00e7e, Mahalle, Cilt No, Aile S\u0131ra No, S\u0131ra No, Hane No, Sayfa No, Kay\u0131t No, Verildi\u011fi Yer, Verili\u015f Nedeni, Verili\u015f Tarihi, \u00d6nceki Soyad\u0131), N\u00fcfus C\u00fczdan\u0131\/ Ehliyet\/ Pasaport Fotokopiniz,<\/li>\n\n\n\n<li>Adresiniz, Telefon Numaran\u0131z, Elektronik Posta Adresiniz<\/li>\n\n\n\n<li>Sa\u011fl\u0131k Verileriniz, Kan Grubunuz, Beden \u00d6l\u00e7\u00fcleriniz ( Boy, Kilo, Ba\u015f, G\u00f6\u011f\u00fcs ), Dosyan\u0131zda Takip Edilmesi Amac\u0131yla Sundu\u011funuz Laboratuvar Ve G\u00f6r\u00fcnt\u00fcleme Sonu\u00e7lar\u0131n\u0131z, Test Sonu\u00e7lar\u0131n\u0131z, Muayene Verileriniz, Re\u00e7ete Bilgileriniz Gibi T\u0131bbi Te\u015fhis, Tedavi Ve Bak\u0131m Hizmetlerinin Y\u00fcr\u00fct\u00fclmesi S\u0131ras\u0131nda Elde Edilen Sa\u011fl\u0131k Ve Cinsel Hayata \u0130li\u015fkin Verileriniz,<\/li>\n\n\n\n<li>Banka Hesap Numaran\u0131z, IBAN Numaran\u0131z Gibi Finansal Verileriniz,<\/li>\n\n\n\n<li>E\u011fitim Durumunuz, Hizmetlerimizi De\u011ferlendirmek Amac\u0131 ile Payla\u015ft\u0131\u011f\u0131n\u0131z Yan\u0131t ve Yorumlar\u0131n\u0131z,<\/li>\n\n\n\n<li>Kapal\u0131 Devre Kamera Sistemi ile Al\u0131nan G\u00f6r\u00fcnt\u00fc ve Ses Kay\u0131tlar\u0131n\u0131z,<\/li>\n\n\n\n<li>\u00c7a\u011fr\u0131 Merkezimiz ile \u0130leti\u015fime Ge\u00e7ti\u011finiz Takdirde Tutulan Sesli G\u00f6r\u00fc\u015fme Kay\u0131tlar\u0131n\u0131z,<\/li>\n\n\n\n<li>Sa\u011fl\u0131k Hizmetlerinin Finansman\u0131 ve Planlamas\u0131 Amac\u0131yla \u00d6zel Sa\u011fl\u0131k Sigortas\u0131na \u0130li\u015fkin Verileriniz ve Sosyal G\u00fcvenlik Kurumu Verileriniz, Anla\u015fmal\u0131 Kurum Fotokopisi<\/li>\n\n\n\n<li>Kampanya, promosyon faaliyetleri kapsam\u0131nda hareketli\/hareketsiz her t\u00fcrl\u00fc g\u00f6r\u00fcnt\u00fc kayd\u0131n\u0131z, foto\u011fraf\u0131n\u0131z,ses kayd\u0131n\u0131z, r\u00f6portaj, \u00f6ncesi\/sonras\u0131 s\u00fcrecine ili\u015fkin g\u00f6r\u00fcnt\u00fc ve ses nakline yarayan ara\u00e7lar ile yap\u0131lan \u00e7ekimleriniz ve i\u00e7erikleriniz<\/li>\n\n\n\n<li>Web sitemiz kullan\u0131m\u0131 s\u0131ras\u0131nda elde edilen gezinme bilgileri, \u0130P adresi, taray\u0131c\u0131 bilgileri ve kal\u0131c\u0131 ve oturum \u00e7erez bilgileriniz<\/li>\n<\/ul>\n\n\n\n<p><strong>Hasta Yak\u0131n\u0131n\u0131n;<\/strong><\/p>\n\n\n\n<ul class=\"wp-block-list\">\n<li>Ad\u0131\/Soyad\u0131, T.C. Kimlik Numaras\u0131, Pasaport Numaras\u0131, \u0130leti\u015fim Bilgileri, Adres Bilgileri E\u011fitim Durum Bilgileri, R\u0131za ve Onam Formlar\u0131, Adres Bilgileri<\/li>\n<\/ul>\n\n\n\n<p>Toplanan ki\u015fisel verileriniz, KVK Kanunu taraf\u0131ndan \u00f6ng\u00f6r\u00fclen, <\/p>\n\n\n\n<p>\u201ca) Hukuka ve d\u00fcr\u00fcstl\u00fck kurallar\u0131na uygun olma, b) Do\u011fru ve gerekti\u011finde g\u00fcncel olma c) Belirli, a\u00e7\u0131k ve me\u015fru ama\u00e7lar i\u00e7in i\u015flenme, \u00e7) \u0130\u015flendikleri\u00a0ama\u00e7la ba\u011flant\u0131l\u0131, s\u0131n\u0131rl\u0131 ve \u00f6l\u00e7\u00fcl\u00fc olma, d) \u0130lgili mevzuatta \u00f6ng\u00f6r\u00fclen veya i\u015flendikleri ama\u00e7 i\u00e7in gerekli olan s\u00fcre kadar muhafaza edilme\u201d temel ilkelerine uygun olarak i\u015flenmektedir.<\/p>\n\n\n\n<p>KVK Kanunu\u2019nun 5\/1. Maddesinde \u00f6ng\u00f6r\u00fclen; \u201cA\u00e7\u0131k r\u0131zas\u0131n\u0131n al\u0131nmas\u0131\u201d, KVK Kanunu\u2019nun 5\/2. Maddesinde \u00f6ng\u00f6r\u00fclen;<\/p>\n\n\n\n<p>a) \u201cKanunlarda a\u00e7\u0131k\u00e7a \u00f6ng\u00f6r\u00fclmesi\u201d,<\/p>\n\n\n\n<p>b) \u201cBir s\u00f6zle\u015fmenin kurulmas\u0131 veya ifas\u0131yla do\u011frudan do\u011fruya ilgili olmas\u0131 kayd\u0131yla, s\u00f6zle\u015fmenin taraflar\u0131na ait ki\u015fisel verilerin i\u015flenmesinin gerekli olmas\u0131\u201d,<\/p>\n\n\n\n<p>c) \u201cVeri Sorumlusunun hukuki y\u00fck\u00fcml\u00fcl\u00fc\u011f\u00fcn\u00fc yerine getirmesi\u201d,<\/p>\n\n\n\n<p>d) \u201c\u0130lgili ki\u015finin temel hak ve \u00f6zg\u00fcrl\u00fcklerine zarar vermemek kayd\u0131yla, veri sorumlusunun me\u015fru menfaatleri i\u00e7in veri i\u015flenmesinin zorunlu olmas\u0131\u201d<\/p>\n\n\n\n<p>i\u015fleme \u015fart\u0131na dayal\u0131 olarak,<\/p>\n\n\n\n<ul class=\"wp-block-list\">\n<li>\u0130lgili mevzuat uyar\u0131nca Sa\u011fl\u0131k Bakanl\u0131\u011f\u0131 ve di\u011fer kamu kurum ve kurulu\u015flar\u0131 ile talep edilen bilgilerin payla\u015f\u0131lmas\u0131,<\/li>\n\n\n\n<li>\u0130lgili mevzuat gere\u011fi saklanmas\u0131 gereken sa\u011fl\u0131k verilerinize ili\u015fkin verilerin muhafaza&nbsp; edilmesi,<\/li>\n\n\n\n<li>G\u00f6revli ve yetkili kamu kurum ve kurulu\u015flar\u0131 ile kamu kurumu niteli\u011findeki meslek kurulu\u015flar\u0131nca yap\u0131lacak denetleme ve\/veya d\u00fczenleme g\u00f6revlerinin y\u00fcr\u00fct\u00fclmesi<\/li>\n\n\n\n<li>Yarg\u0131 organlar\u0131n\u0131n ve\/veya idari makamlar\u0131n\u0131n istedi\u011fi&nbsp; bilgi ve belge taleplerinin yerine getirilmesi<\/li>\n\n\n\n<li>Al\u0131nan randevular hakk\u0131nda bilgilendirme yap\u0131lmas\u0131<\/li>\n\n\n\n<li>Yasal ve d\u00fczenleyici gereksinimlerin yerine getirilmesi,<\/li>\n\n\n\n<li>Ger\u00e7ekle\u015ftirilen&nbsp; sa\u011fl\u0131k hizmetleri kar\u015f\u0131l\u0131\u011f\u0131nda faturaland\u0131rma yap\u0131lmas\u0131<\/li>\n\n\n\n<li>\u00c7a\u011fr\u0131 Merkezi ve Dijital Kanallar\u0131m\u0131z arac\u0131l\u0131\u011f\u0131 ile randevunuz hakk\u0131nda sizi bilgilendirme,<\/li>\n\n\n\n<li>Kimli\u011finizin teyit edilmesi,<\/li>\n\n\n\n<li>Reklam\/kampanya\/promosyon s\u00fcre\u00e7lerinin y\u00fcr\u00fct\u00fclmesi<\/li>\n\n\n\n<li>Sa\u011fl\u0131k hizmetlerini geli\u015ftirme &nbsp;amac\u0131yla analiz yap\u0131lmas\u0131,<\/li>\n\n\n\n<li>Kli\u011fini\u011fimiz ile anla\u015fmal\u0131 olan &nbsp;kurumlarla ili\u015fkinizin teyit edilmesi, size sunulan sa\u011fl\u0131k hizmetlerine ili\u015fkin finansal mutabakat\u0131n sa\u011flanabilmesi<\/li>\n\n\n\n<li>Kli\u011fin acil durum s\u00fcre\u00e7lerinin y\u00fcr\u00fct\u00fclmesi; hasta memnuniyetinin \u00f6l\u00e7\u00fclmesi&nbsp; da dahil ve ancak bunlarla s\u0131n\u0131rl\u0131 olmaks\u0131z\u0131n t\u0131bbi, te\u015fhis, tedavi ve bak\u0131m hizmetlerinin y\u00fcr\u00fct\u00fclmesi<\/li>\n\n\n\n<li>Sa\u011fl\u0131k hizmetlerimize ili\u015fkin her t\u00fcrl\u00fc soru ve \u015fik\u00e2yetinize cevap verilebilmesi,<\/li>\n\n\n\n<li>klini\u011fimizin sistem ve uygulamalar\u0131n\u0131n veri g\u00fcvenli\u011fi&nbsp; kapsamda &nbsp;&nbsp;&nbsp;t\u00fcm gerekli teknik ve idari tedbirlerin al\u0131nmas\u0131,<\/li>\n\n\n\n<li>Pazarlama, Medya ve \u0130leti\u015fim, \u00c7a\u011fr\u0131 Merkezi b\u00f6l\u00fcmleri taraf\u0131ndan kampanyalara kat\u0131l\u0131m ve kampanya bilgisi verilmesi, Web ve mobil kanallarda \u00f6zel i\u00e7eriklerin, somut ve soyut faydalar\u0131n tasarlanmas\u0131 ve iletilebilmesi,<\/li>\n\n\n\n<li>hasta memnuniyetinin \u00f6l\u00e7\u00fclmesi, artt\u0131r\u0131lmas\u0131 ve ara\u015ft\u0131r\u0131lmas\u0131,<\/li>\n\n\n\n<li>Klini\u011fimiz taraf\u0131ndan sunulan \u00fcr\u00fcn ve hizmetlerin ilgili ki\u015filerin be\u011feni, kullan\u0131m al\u0131\u015fkanl\u0131klar\u0131 ve ihtiya\u00e7lar\u0131na g\u00f6re \u00f6zelle\u015ftirilerek ilgili ki\u015filere \u00f6nerilmesi ve tan\u0131t\u0131lmas\u0131 i\u00e7in gerekli olan aktivitelerin planlanmas\u0131 ve icras\u0131,<\/li>\n\n\n\n<li>Klinik taraf\u0131ndan y\u00fcr\u00fct\u00fclen ticari faaliyetlerin ger\u00e7ekle\u015ftirilmesi i\u00e7in ilgili i\u015f birimlerimiz taraf\u0131ndan gerekli \u00e7al\u0131\u015fmalar\u0131n yap\u0131lmas\u0131 ve buna ba\u011fl\u0131 i\u015f s\u00fcre\u00e7lerinin y\u00fcr\u00fct\u00fclmesi,<\/li>\n\n\n\n<li>Ticari ve\/veya i\u015f stratejilerinin planlanmas\u0131 ve icras\u0131,<\/li>\n\n\n\n<li>Klini\u011fimiz ile i\u015f ili\u015fkisi i\u00e7erisinde olan ilgili ki\u015filerin hukuki, teknik ve ticari i\u015f g\u00fcvenli\u011finin temini ama\u00e7lar\u0131yla i\u015flenecek olup verinin saklanmas\u0131 i\u00e7in gereken ama\u00e7 ortadan kalkt\u0131\u011f\u0131nda ve herhangi bir hukuki y\u00fck\u00fcml\u00fcl\u00fck yahut kanuni zorunluluk gere\u011fince saklanmas\u0131 gerekmedi\u011finde veriler KVK Kanunu ve Ki\u015fisel Verilerin Silinmesi, Yok Edilmesi veya Anonim Hale Getirilmesi Hakk\u0131nda Y\u00f6netmelik h\u00fck\u00fcmleri ile bilahare bir mevzuat h\u00fckm\u00fc vazedilirse ilgili h\u00fck\u00fcmler de dikkate al\u0131narak imha edilecektir.<\/li>\n<\/ul>\n\n\n\n<h1 class=\"wp-block-heading\">3. Ki\u015fisel Verilerinizin Aktar\u0131lmas\u0131<\/h1>\n\n\n\n<p>KVK Kanunu\u2019nun 8. Maddesi ki\u015fisel verilerin aktar\u0131lmas\u0131 kenar ba\u015fl\u0131\u011f\u0131n\u0131 ta\u015f\u0131makta olup, maddenin ikinci f\u0131kras\u0131 gere\u011fince Kanun\u2019un 5\/2. Ve 6\/3. maddelerinde belirtilen ko\u015fullar\u0131n varl\u0131\u011f\u0131 halinde a\u00e7\u0131k r\u0131zan\u0131z aranmaks\u0131z\u0131n ki\u015fisel verilerinizin aktar\u0131labilmesi m\u00fcmk\u00fcnd\u00fcr. Bu maddede belirlenen haller \u015funlard\u0131r:<\/p>\n\n\n\n<p>Ki\u015fisel veriler y\u00f6n\u00fcnden:<\/p>\n\n\n\n<ol style=\"list-style-type:lower-alpha\" class=\"wp-block-list\">\n<li>Kanunlarda a\u00e7\u0131k\u00e7a \u00f6ng\u00f6r\u00fclmesi,<\/li>\n\n\n\n<li>Fiili imk\u00e2ns\u0131zl\u0131k nedeniyle r\u0131zas\u0131n\u0131 a\u00e7\u0131klayamayacak durumda bulunan veya r\u0131zas\u0131na hukuki ge\u00e7erlilik tan\u0131nmayan ki\u015finin kendisinin ya da bir ba\u015fkas\u0131n\u0131n hayat\u0131 veya beden b\u00fct\u00fcnl\u00fc\u011f\u00fcn\u00fcn korunmas\u0131 i\u00e7in zorunlu olmas\u0131,<\/li>\n\n\n\n<li>Bir s\u00f6zle\u015fmenin kurulmas\u0131 veya ifas\u0131yla do\u011frudan do\u011fruya ilgili olmas\u0131 kayd\u0131yla, s\u00f6zle\u015fmenin taraflar\u0131na ait ki\u015fisel verilerin i\u015flenmesinin gerekli olmas\u0131,<\/li>\n<\/ol>\n\n\n\n<p>\u00e7) Veri sorumlusunun hukuki y\u00fck\u00fcml\u00fcl\u00fc\u011f\u00fcn\u00fc yerine getirebilmesi i\u00e7in zorunlu olmas\u0131,<\/p>\n\n\n\n<ul class=\"wp-block-list\">\n<li>\u0130lgili ki\u015finin kendisi taraf\u0131ndan alenile\u015ftirilmi\u015f olmas\u0131,<\/li>\n\n\n\n<li>Bir hakk\u0131n tesisi, kullan\u0131lmas\u0131 veya korunmas\u0131 i\u00e7in veri i\u015flemenin zorunlu olmas\u0131,<\/li>\n\n\n\n<li>\u0130lgili ki\u015finin temel hak ve \u00f6zg\u00fcrl\u00fcklerine zarar vermemek kayd\u0131yla, veri sorumlusunun me\u015fru menfaatleri i\u00e7in veri i\u015flenmesinin zorunlu olmas\u0131,<\/li>\n<\/ul>\n\n\n\n<p>Belirtti\u011fimiz nedenlerden birinin bulunmamas\u0131 halinde ise ki\u015fisel verileriniz a\u00e7\u0131k r\u0131zan\u0131z kapsam\u0131nda aktar\u0131lmas\u0131 m\u00fcmk\u00fcn olacakt\u0131r.<\/p>\n\n\n\n<p>\u0130\u015fbu ayd\u0131nlatma metnine konu faaliyet kapsam\u0131nda \u00f6zel nitelikli ki\u015fisel verileriniz i\u015flenmemekte oldu\u011fundan bu ki\u015fisel verileriniz aktar\u0131ma konu olmayacakt\u0131r. Ancak yukar\u0131da belirtti\u011fimiz \u015fekilde taraf\u0131n\u0131zca alenile\u015ftirilmi\u015f verileriniz aras\u0131nda \u00f6zel nitelikli ki\u015fisel veriler olmas\u0131 halinde bu halde 6\/3 madde gere\u011fince aktar\u0131m ancak \u015fu hallerde m\u00fcmk\u00fcn olabilecektir:<\/p>\n\n\n\n<ul class=\"wp-block-list\">\n<li>Sa\u011fl\u0131k ve cinsel hayat d\u0131\u015f\u0131ndaki ki\u015fisel veriler, kanunlarda \u00f6ng\u00f6r\u00fclen h\u00e2llerde ilgili ki\u015finin a\u00e7\u0131k r\u0131zas\u0131 aranmaks\u0131z\u0131n,<\/li>\n\n\n\n<li>Sa\u011fl\u0131k ve cinsel hayata ili\u015fkin ki\u015fisel veriler ise ancak kamu sa\u011fl\u0131\u011f\u0131n\u0131n korunmas\u0131, koruyucu hekimlik, t\u0131bb\u00ee te\u015fhis, tedavi ve bak\u0131m hizmetlerinin y\u00fcr\u00fct\u00fclmesi, sa\u011fl\u0131k hizmetleri ile finansman\u0131n\u0131n planlanmas\u0131 ve y\u00f6netimi amac\u0131yla, s\u0131r saklama y\u00fck\u00fcml\u00fcl\u00fc\u011f\u00fc alt\u0131nda bulunan ki\u015filer veya yetkili kurum ve kurulu\u015flar taraf\u0131ndan ilgilinin a\u00e7\u0131k r\u0131zas\u0131 aranmaks\u0131z\u0131n,<\/li>\n\n\n\n<li>Bu hallerden biri yoksa a\u00e7\u0131k r\u0131za al\u0131narak.<\/li>\n<\/ul>\n\n\n\n<p>Ki\u015fisel verilerin aktar\u0131lmas\u0131na \u00f6rnek olarak toplanan ki\u015fisel verilerin depolama amac\u0131yla yurti\u00e7inde bulunan bir sunucuya depolanmas\u0131 yahut ilgili e\u011fitim \u00f6\u011fretim faaliyetleri kapsam\u0131nda ger\u00e7ekle\u015fen bir ihtilafa dayal\u0131 olarak bir idari ya da cezai soru\u015fturma ba\u015flat\u0131lmas\u0131 yahut dava a\u00e7\u0131lmas\u0131 halinde ilgili kamu kurum ve kurulu\u015flar\u0131na g\u00f6nderilmesi g\u00f6sterilebilir. Bu \u00e7er\u00e7evede talep edilmesi halinde kanunlarda belirtilen kamu kurumlar\u0131na (Bakanl\u0131klar ve Cumhurba\u015fkanl\u0131\u011f\u0131 kurullar\u0131 ba\u015fta olmak ve bunlarla s\u0131n\u0131rl\u0131 olmamak \u00fczere kamu<\/p>\n\n\n\n<p>kurum ve kurulu\u015flar\u0131) kanunda \u00f6ng\u00f6r\u00fclen ama\u00e7 ve s\u0131n\u0131rlamalar d\u00e2hilinde ki\u015fisel verilerinizi aktarabiliriz.<\/p>\n\n\n\n<h1 class=\"wp-block-heading\">4. Ki\u015fisel Verilerin Elde Edilme Y\u00f6ntemleri<\/h1>\n\n\n\n<p>Ki\u015fisel verileriniz, otomatik ya da otomatik olmayan y\u00f6ntemlerle, onay ve\/veya imzan\u0131zla tanzim edilen i\u015flemlere ili\u015fkin t\u00fcm s\u00f6zle\u015fmeler\/bilgilendirme formlar\u0131 ve sair belgelerle, internet sitesi, sosyal medya mecralar\u0131, mobil uygulamalar ve benzeri vas\u0131talarla s\u00f6zl\u00fc, yaz\u0131l\u0131 ya da elektronik olarak toplanabilecektir.<\/p>\n\n\n\n<h1 class=\"wp-block-heading\">5. \u0130lgili Ki\u015fi Olarak KVK Kanunu\u2019nun 11. Maddesinde Say\u0131lan Haklar\u0131n\u0131z Nelerdir?<\/h1>\n\n\n\n<p>Ki\u015fisel verisi i\u015flenen ger\u00e7ek ki\u015filerin KVK Kanunu\u2019nun 11. maddesi uyar\u0131nca sahip oldu\u011fu haklar a\u015fa\u011f\u0131daki gibidir;<\/p>\n\n\n\n<ul class=\"wp-block-list\">\n<li>Ki\u015fisel veri i\u015flenip i\u015flenmedi\u011fini \u00f6\u011frenme,<\/li>\n\n\n\n<li>Ki\u015fisel verileri i\u015flenmi\u015fse buna ili\u015fkin bilgi talep etme,<\/li>\n\n\n\n<li>Ki\u015fisel verilerin i\u015flenme amac\u0131n\u0131 ve bunlar\u0131n amac\u0131na uygun kullan\u0131l\u0131p kullan\u0131lmad\u0131\u011f\u0131n\u0131 \u00f6\u011frenme,<\/li>\n\n\n\n<li>Yurt i\u00e7inde veya yurt d\u0131\u015f\u0131nda ki\u015fisel verilerin aktar\u0131l\u0131p aktar\u0131lmad\u0131\u011f\u0131 \u00f6\u011frenme ve aktar\u0131l\u0131yor ise aktar\u0131ld\u0131\u011f\u0131 \u00fc\u00e7\u00fcnc\u00fc ki\u015fileri bilme,<\/li>\n\n\n\n<li>Ki\u015fisel verilerin eksik veya yanl\u0131\u015f i\u015flenmi\u015f olmas\u0131 h\u00e2linde bunlar\u0131n d\u00fczeltilmesini isteme ve bu kapsamda yap\u0131lan i\u015flemin ki\u015fisel verilerin aktar\u0131ld\u0131\u011f\u0131 \u00fc\u00e7\u00fcnc\u00fc ki\u015filere bildirilmesini isteme,<\/li>\n<\/ul>\n\n\n\n<ul class=\"wp-block-list\">\n<li>KVK Kanunu ve ilgili di\u011fer kanun h\u00fck\u00fcmlerine uygun olarak i\u015flenmi\u015f olmas\u0131na ra\u011fmen, i\u015flenmesini gerektiren sebeplerin ortadan kalkmas\u0131 h\u00e2linde ki\u015fisel verilerin silinmesini veya yok edilmesini isteme ve bu kapsamda yap\u0131lan i\u015flemin ki\u015fisel verilerin aktar\u0131ld\u0131\u011f\u0131 \u00fc\u00e7\u00fcnc\u00fc ki\u015filere bildirilmesini isteme,<\/li>\n\n\n\n<li>\u0130\u015flenen verilerin m\u00fcnhas\u0131ran otomatik sistemler vas\u0131tas\u0131yla analiz edilmesi suretiyle ki\u015finin kendisi aleyhine bir sonucun ortaya \u00e7\u0131kmas\u0131na itiraz etme,<\/li>\n\n\n\n<li>Ki\u015fisel verilerin kanuna ayk\u0131r\u0131 olarak i\u015flenmesi sebebiyle zarara u\u011framas\u0131 h\u00e2linde zarar\u0131n giderilmesini talep etme.<\/li>\n<\/ul>\n\n\n\n<p>Yukar\u0131da s\u0131ralanan haklar\u0131n\u0131za y\u00f6nelik ba\u015fvurular\u0131n\u0131z\u0131 kimli\u011finizi tespit edici gerekli bilgiler ile KVK Kanunu\u2019nu 11. maddesinde belirtilen haklardan kullanmay\u0131 talep etti\u011finiz hakk\u0131n\u0131za y\u00f6nelik a\u00e7\u0131klamalar\u0131n\u0131z\u0131 i\u00e7eren talebinizi drsedattatar.com internet adresinde yer alan Veri \u0130lgilisi Ba\u015fvuru Formunu doldurarak, formun imzal\u0131 bir n\u00fcshas\u0131n\u0131 KVK Kanunu kapsam\u0131nda <strong>\u201cVeri Sorumlusu\u201d <\/strong>s\u0131fat\u0131yla bildiririz.<\/p>\n\n\n\n<p>Sayg\u0131lar\u0131m\u0131zla.<\/p>\n\n\n\n<p><strong>\u0130LET\u0130\u015e\u0130M B\u0130LG\u0130LER\u0130<\/strong><\/p>\n\n\n\n<p><strong>Do\u00e7. Dr. Sedar Tatar Klini\u011fi<\/strong>&nbsp;<\/p>\n\n\n\n<p><strong>Telefon No :&nbsp;<\/strong><a href=\"tel:+90 (555) 100 10 83\">+90 (555) 100 10 83<\/a><br><strong>\u0130leti\u015fim Linki :&nbsp;<\/strong><a href=\"mailto:info@drsedattatar.com\">info@drsedattatar.com<\/a><br><strong>Adres :&nbsp;<\/strong>Levent Mahallesi, Karanfil Aral\u0131\u011f\u0131 Caddesi No: 18 Be\u015fikta\u015f\/\u0130STANBUL<\/p>\n\n\n\n<h1 class=\"wp-block-heading\"><strong>Kamera Ayd\u0131nlatma Metni<\/strong><\/h1>\n\n\n\n<p><strong>De\u011ferli Muhataplar\u0131m\u0131z,<\/strong><\/p>\n\n\n\n<p>Dr. Sedat Tatar Muayenehanesi olarak giri\u015f-\u00e7\u0131k\u0131\u015f kontrol noktalar\u0131nda, bina d\u0131\u015f cephesinde g\u00fcvenlik kameralar\u0131 vas\u0131tas\u0131yla ve bina ve \u00e7evre g\u00fcvenli\u011finin sa\u011flanmas\u0131 amac\u0131yla g\u00f6r\u00fcnt\u00fc kayd\u0131 yapmaktay\u0131z.<\/p>\n\n\n\n<p><strong>\u0130\u015flenen Ki\u015fisel Verileriniz<\/strong><\/p>\n\n\n\n<p>Kamera g\u00f6r\u00fcnt\u00fcleri marifetiyle i\u015flenen sizlerin video kay\u0131tlar\u0131n\u0131z, ara\u00e7 plakalar\u0131n\u0131z, birlikte bulundu\u011funuz ki\u015filerin g\u00f6r\u00fcnt\u00fcleri i\u015flenmektedir.<\/p>\n\n\n\n<p><strong>Ki\u015fisel Verilerinizin \u0130\u015flenme Amac\u0131<\/strong><\/p>\n\n\n\n<p>Ki\u015fisel verileriniz, Ki\u015fisel Verilerin Korunmas\u0131 Kanunu 5. Maddesi uyar\u0131nca ilgili ki\u015finin temel hak ve \u00f6zg\u00fcrl\u00fcklerine zarar vermemek kayd\u0131yla bir hukuki y\u00fck\u00fcml\u00fcl\u00fc\u011f\u00fcn yerin getirilmesi amac\u0131yla, fiziksel ve \u00e7evresel g\u00fcvenli\u011fin sa\u011flanmas\u0131, yasal y\u00fck\u00fcml\u00fcl\u00fcklerin yerine getirilmesi, i\u015f sa\u011fl\u0131\u011f\u0131 ve g\u00fcvenli\u011fi mevzuat\u0131, veri sorumlusunun me\u015fru menfaati gere\u011fi veya farkl\u0131 yasal hukuki sebeplerle otomatik yolla i\u015flenmektedir.<\/p>\n\n\n\n<p><strong>Ki\u015fisel Verilerinizin Aktar\u0131m\u0131<\/strong><\/p>\n\n\n\n<p>\u0130\u015flenen kamera kay\u0131tlar\u0131ndaki ki\u015fisel veriler kolluk kuvvetlerine, hukuki uyu\u015fmazl\u0131klar\u0131n giderilmesi veya ilgili mevzuat\u0131 gere\u011fi talep edilmesi durumunda yetkili idari ve adli makamlara, kolluk kuvvetlerine aktar\u0131labilecektir. Dr. Sedat Tatar Muayenehanesi kanunlara uygun bir \u015fekilde toplad\u0131\u011f\u0131 ki\u015fisel verileri mevzuatta yer alan istisnai haller sakl\u0131 kalmak kayd\u0131yla, kanunda belirtilen hukuka uygun sebepleri veri sahibinin a\u00e7\u0131k r\u0131zas\u0131 olmadan \u00fc\u00e7\u00fcnc\u00fc ki\u015filere aktarmamaktad\u0131r. Kamera g\u00f6r\u00fcnt\u00fcleri ilgili ki\u015finin mahremiyetini g\u00fcvenlik ama\u00e7lar\u0131n\u0131 a\u015fan \u015fekilde m\u00fcdahale sonucu do\u011furabilecek alanlarda (Giyinme odalar\u0131, tuvaletler vb.) izlemeye tabi tutulmamaktad\u0131r. Kamera ile izleme faaliyeti sonucunda elde edilen ki\u015fisel verilerin g\u00fcvenli\u011finin sa\u011flanmas\u0131 i\u00e7in gerekli t\u00fcm teknik ve idari tedbirler al\u0131nmaktad\u0131r. \u0130zleme sonucunda elde edilen bilgilere s\u0131n\u0131rl\u0131 say\u0131da \u00e7al\u0131\u015fan\u0131n eri\u015fimi bulunmaktad\u0131r. Kamera g\u00f6r\u00fcnt\u00fcleri, Yarg\u0131tay Ba\u015fkanl\u0131\u011f\u0131 binalar\u0131n\u0131n g\u00fcvenli\u011finin sa\u011flanmas\u0131 amac\u0131yla mevzuata uygun olarak yetkili kamu kurumlar\u0131na KVK Kanunu\u2019nun 8. ve 9. maddelerinde belirtilen ki\u015fisel veri i\u015fleme \u015fartlar\u0131 ve ama\u00e7lar\u0131 \u00e7er\u00e7evesinde aktar\u0131labilmektedir. Kamera kayd\u0131 verileriniz yukar\u0131da say\u0131lan durumlar haricinde 3. ki\u015filerle payla\u015f\u0131lmaz ve yurt d\u0131\u015f\u0131na aktar\u0131lmaz. Kamera kay\u0131tlar\u0131na s\u0131n\u0131rl\u0131 say\u0131da \u00e7al\u0131\u015fan\u0131m\u0131z i\u015fi gere\u011fi eri\u015fim sa\u011flar.<\/p>\n\n\n\n<p><strong>Ki\u015fisel Veri Sorumlusu Olarak \u0130lgili ki\u015filerin Haklar\u0131<\/strong> <\/p>\n\n\n\n<p>6698 say\u0131l\u0131 kanunun 11. maddesi uyar\u0131nca veri sahipleri: Kendileri ile ilgili ki\u015fisel veri i\u015flenip i\u015flenmedi\u011fini \u00f6\u011frenme, Ki\u015fisel verileri i\u015flenmi\u015fse buna ili\u015fkin bilgi talep etme, Ki\u015fisel verilerin i\u015flenme amac\u0131n\u0131 ve bunlar\u0131n amac\u0131na uygun kullan\u0131l\u0131p kullan\u0131lmad\u0131\u011f\u0131n\u0131 \u00f6\u011frenme, Yurt i\u00e7inde veya yurt d\u0131\u015f\u0131nda ki\u015fisel verilerin aktar\u0131ld\u0131\u011f\u0131 \u00fc\u00e7\u00fcnc\u00fc ki\u015fileri bilme, Ki\u015fisel verilerin eksik veya yanl\u0131\u015f i\u015flenmi\u015f olmas\u0131 h\u00e2linde bunlar\u0131n d\u00fczeltilmesini isteme ve bu kapsamda yap\u0131lan i\u015flemin ki\u015fisel verilerin aktar\u0131ld\u0131\u011f\u0131 \u00fc\u00e7\u00fcnc\u00fc ki\u015filere bildirilmesini isteme, Kanun ve ilgili di\u011fer kanun h\u00fck\u00fcmlerine uygun olarak i\u015flenmi\u015f olmas\u0131na ra\u011fmen, i\u015flenmesini gerektiren sebeplerin ortadan kalkmas\u0131 h\u00e2linde ki\u015fisel verilerin silinmesini veya yok edilmesini isteme ve bu kapsamda yap\u0131lan i\u015flemin ki\u015fisel verilerin aktar\u0131ld\u0131\u011f\u0131 \u00fc\u00e7\u00fcnc\u00fc ki\u015filere bildirilmesini isteme, \u0130\u015flenen verilerin m\u00fcnhas\u0131ran otomatik sistemler vas\u0131tas\u0131yla analiz edilmesi suretiyle ki\u015finin kendisi aleyhine bir sonucun ortaya \u00e7\u0131kmas\u0131na itiraz etme ve ki\u015fisel verilerin kanuna ayk\u0131r\u0131 olarak i\u015flenmesi sebebiyle zarara u\u011framas\u0131 h\u00e2linde zarar\u0131n giderilmesini talep etme haklar\u0131na sahiptir. 6698 Say\u0131l\u0131 Kanun\u2019un Kapsam\u0131yla \u0130lgili Olmak \u00dczere \u0130lgili Ki\u015fi ile \u0130leti\u015fim S\u00f6z konusu haklar\u0131n kullan\u0131m\u0131na ili\u015fkin talepler, ki\u015fisel veri sahipleri taraf\u0131ndan <a href=\"http:\/\/www.drsedattatar.com\">www.drsedattatar.com<\/a> adresinde yer alan KVKK sayfam\u0131z \u00fczerinde Kurumumuz taraf\u0131ndan 6698 say\u0131l\u0131 Kanun Kapsam\u0131nda Ki\u015fisel Verilerin \u0130\u015flenmesi ve Korunmas\u0131na ili\u015fkin mevzuatta belirtilen y\u00f6ntemlerle iletilebilecektir. Kurumumuz ilgili ki\u015filerin s\u00f6z konusu taleplerini de\u011ferlendirerek 30 g\u00fcn i\u00e7erisinde sonu\u00e7land\u0131racakt\u0131r. \u0130lgili ki\u015fi olarak 6698 say\u0131l\u0131 kanun<\/p>\n\n\n\n<p>ile ilgili taleplerinizi, Ba\u015fvuru ve Ayd\u0131nlatma Y\u00fck\u00fcml\u00fcl\u00fc\u011f\u00fc sayfam\u0131zdan ger\u00e7ekle\u015ftirebilirsiniz. Kabul Etmeme ve \u0130ptal Hakk\u0131n\u0131n Kullan\u0131lmas\u0131 Hakk\u0131nda Kanun kapsam\u0131nda ki\u015fisel veri kullan\u0131m\u0131yla ilgili olmak \u00fczere her t\u00fcrl\u00fc soru ve g\u00f6r\u00fc\u015fleriniz i\u00e7in Ba\u015fvuru ve Ayd\u0131nlatma Y\u00fck\u00fcml\u00fcl\u00fc\u011f\u00fc sayfam\u0131zdan bize ula\u015fabilirsiniz. Yukar\u0131da yapt\u0131\u011f\u0131m\u0131z a\u00e7\u0131klamalarla, sizleri bilgilendirmi\u015f ve Ayd\u0131nlatma Y\u00fck\u00fcml\u00fc\u011f\u00fcm\u00fcz\u00fc yerine getirmi\u015f bulunuyoruz. Ki\u015fisel verilerinizin silinmesini, g\u00fcncellenmesini, anonimle\u015ftirilmesini, yok edilmesini veya ki\u015fisel verinizle ilgili ba\u015fka yasal talepleriniz i\u00e7in Ba\u015fvuru ve Ayd\u0131nlatma Y\u00fck\u00fcml\u00fcl\u00fc\u011f\u00fc sayfam\u0131zdan veya Ki\u015fisel Verilerin Korunmas\u0131 Kanunu \u0130lgili Ki\u015fi Ba\u015fvuru Formu arac\u0131l\u0131\u011f\u0131 ile bize taleplerinizi iletebilirsiniz. \u0130lgili ki\u015fi olarak 6698 say\u0131l\u0131 kanuna uygun olarak m\u00fcmk\u00fcn olan en k\u0131sa s\u00fcre i\u00e7inde ya da yasal s\u00fcreler i\u00e7inde (30 g\u00fcn) sizlere cevap verilecektir.<\/p>\n\n\n\n<p>Dikkat! Bireysel ama\u00e7lar i\u00e7in kamera g\u00f6r\u00fcnt\u00fcleri talep edenlere kesinlikle g\u00f6r\u00fcnt\u00fcler verilmeyecektir. Kamera g\u00f6r\u00fcnt\u00fcleri ancak mahkeme karar\u0131, savc\u0131l\u0131ktan talep gelmesi durumunda veya kolluk kuvvetleri marifetiyle talep edilmesi durumunda temin edilebilecektir.<\/p>\n\n\n\n<p><strong>Ba\u015fvuru Yapaca\u011f\u0131n\u0131z Veri Sorumlusunun Kimli\u011fi ve A\u00e7\u0131k Adresi<\/strong><\/p>\n\n\n\n<p><a><strong>Veri Sorumlusu \u0130leti\u015fim Bilgileri<\/strong><\/a><\/p>\n\n\n\n<p>Veri Sorumlusu: Dr. Sedat Tatar&nbsp;<\/p>\n\n\n\n<p>Adresimiz: Levent Mahallesi, Karanfil Aral\u0131\u011f\u0131 Caddesi No:18 Be\u015fikta\u015f\/ \u0130stanbul<\/p>\n\n\n\n<p>E-Posta: info@drsedattatar.com<\/p>\n\n\n\n<p>\u0130leti\u015fim linki: <a href=\"http:\/\/www.drsedattatar.com\">www.drsedattatar.com<\/a><\/p>\n\n\n\n<h1 class=\"wp-block-heading\"><strong>Ziyaret\u00e7iler\/Misafirler \u0130\u00e7in Ayd\u0131nlatma Metni<\/strong><\/h1>\n\n\n\n<p><strong>De\u011ferli Muhataplar\u0131m\u0131z,<\/strong><\/p>\n\n\n\n<p>Dr. Sedat Tatar Muayenehanesi olarak, veri g\u00fcvenli\u011fine b\u00fcy\u00fck \u00f6nem vermekteyiz. Bilgi G\u00fcvenli\u011fi Politikam\u0131z\u0131 \u00e7al\u0131\u015fanlar\u0131m\u0131z, i\u015f ortaklar\u0131m\u0131z, tedarik\u00e7ilerimiz, ziyaret\u00e7ilerimiz ve toplumla buradan payla\u015fm\u0131\u015f bulunmaktay\u0131z.<\/p>\n\n\n\n<p><strong>6698 Say\u0131l\u0131 Ki\u015fisel Verilerin Korunmas\u0131 Kanunu Hakk\u0131nda Bilgilendirme<\/strong><\/p>\n\n\n\n<p>Dr. Sedat Tatar Muayenehanesi olarak ki\u015fisel verilerin i\u015flenmesinde ba\u015fta \u00f6zel hayat\u0131n gizlili\u011fi olmak \u00fczere ilgili ki\u015filerin temel hak ve \u00f6zg\u00fcrl\u00fcklerini korumak ve ki\u015fisel verileri i\u015fleyen ger\u00e7ek ve t\u00fczel ki\u015filerin y\u00fck\u00fcml\u00fcl\u00fckleri ile uyacaklar\u0131 usul ve esaslar\u0131 d\u00fczenleyen 6698 say\u0131l\u0131 Ki\u015fisel Verilerin Korunmas\u0131 Kanunu (KVKK) hakk\u0131nda sizleri bilgilendirmek istiyoruz. Veri Sorumlusu Dr. Sedat Tatar Muayenehanesi taraf\u0131ndan a\u015fa\u011f\u0131da a\u00e7\u0131klanan kapsamda i\u015flenebilecektir.<\/p>\n\n\n\n<p><strong>Ki\u015fisel Verileriniz Hangi Hallerde ve Hangi Ama\u00e7larla \u0130\u015flenebilecektir?<\/strong><\/p>\n\n\n\n<p>6698 say\u0131l\u0131 Ki\u015fisel Verilerin Korunmas\u0131 Kanunu\u2019nun 5. Maddesinde yer alan \u015fartlara g\u00f6re, kural olarak ki\u015fisel veriler ilgili ki\u015finin a\u00e7\u0131k r\u0131zas\u0131 olmaks\u0131z\u0131n i\u015flenemez.&nbsp; Ancak a\u015fa\u011f\u0131daki \u015fartlardan birinin varl\u0131\u011f\u0131 h\u00e2linde, ilgili ki\u015finin a\u00e7\u0131k r\u0131zas\u0131 aranmaks\u0131z\u0131n ki\u015fisel verilerinin i\u015flenmesi m\u00fcmk\u00fcnd\u00fcr:<\/p>\n\n\n\n<ol start=\"1\" class=\"wp-block-list\">\n<li>Kanunlarda a\u00e7\u0131k\u00e7a \u00f6ng\u00f6r\u00fclmesi.<\/li>\n\n\n\n<li>Fiili imk\u00e2ns\u0131zl\u0131k nedeniyle r\u0131zas\u0131n\u0131 a\u00e7\u0131klayamayacak durumda bulunan veya r\u0131zas\u0131na hukuki ge\u00e7erlilik tan\u0131nmayan ki\u015finin kendisinin ya da bir ba\u015fkas\u0131n\u0131n hayat\u0131 veya beden b\u00fct\u00fcnl\u00fc\u011f\u00fcn\u00fcn korunmas\u0131 i\u00e7in zorunlu olmas\u0131.<\/li>\n\n\n\n<li>Bir s\u00f6zle\u015fmenin kurulmas\u0131 veya ifas\u0131yla do\u011frudan do\u011fruya ilgili olmas\u0131 kayd\u0131yla, s\u00f6zle\u015fmenin taraflar\u0131na ait ki\u015fisel verilerin i\u015flenmesinin gerekli olmas\u0131.<\/li>\n\n\n\n<li>Veri sorumlusunun hukuki y\u00fck\u00fcml\u00fcl\u00fc\u011f\u00fcn\u00fc yerine getirebilmesi i\u00e7in zorunlu olmas\u0131.<\/li>\n\n\n\n<li>\u0130lgili ki\u015finin kendisi taraf\u0131ndan alenile\u015ftirilmi\u015f olmas\u0131.<\/li>\n\n\n\n<li>Bir hakk\u0131n tesisi, kullan\u0131lmas\u0131 veya korunmas\u0131 i\u00e7in veri i\u015flemenin zorunlu olmas\u0131.<\/li>\n\n\n\n<li>\u0130lgili ki\u015finin temel hak ve \u00f6zg\u00fcrl\u00fcklerine zarar vermemek kayd\u0131yla, veri sorumlusunun me\u015fru menfaatleri i\u00e7in veri i\u015flenmesinin zorunlu olmas\u0131.<\/li>\n<\/ol>\n\n\n\n<p>\u00d6zel nitelikli ki\u015fisel verilerin Ki\u015fisel Verileri Koruma Kanunu\u2019nun 6. Maddesine g\u00f6re, ilgilinin a\u00e7\u0131k r\u0131zas\u0131 olmaks\u0131z\u0131n i\u015flenmesi yasakt\u0131r. \u00d6zel nitelikli ki\u015fisel veriler: Ki\u015filerin \u0131rk\u0131, etnik k\u00f6keni, siyasi d\u00fc\u015f\u00fcncesi, felsefi inanc\u0131, dini, mezhebi veya di\u011fer inan\u00e7lar\u0131, k\u0131l\u0131k ve k\u0131yafeti, dernek, vak\u0131f ya da sendika \u00fcyeli\u011fi, sa\u011fl\u0131\u011f\u0131, cinsel hayat\u0131, ceza mahk\u00fbmiyeti ve g\u00fcvenlik tedbirleriyle ilgili verileri ile biyometrik ve genetik verileri \u00f6zel nitelikli ki\u015fisel veridir.<\/p>\n\n\n\n<p>Ancak, yukar\u0131da belirtilen sa\u011fl\u0131k ve cinsel hayat d\u0131\u015f\u0131ndaki \u00f6zel nitelikli ki\u015fisel veriler de kanunlarda \u00f6ng\u00f6r\u00fclen h\u00e2llerde ilgili ki\u015finin a\u00e7\u0131k r\u0131zas\u0131 aranmaks\u0131z\u0131n i\u015flenebilir. Sa\u011fl\u0131k ve cinsel hayata ili\u015fkin ki\u015fisel veriler ise ancak kamu sa\u011fl\u0131\u011f\u0131n\u0131n korunmas\u0131, koruyucu hekimlik, t\u0131bb\u00ee te\u015fhis, tedavi ve bak\u0131m hizmetlerinin y\u00fcr\u00fct\u00fclmesi, sa\u011fl\u0131k hizmetleri ile finansman\u0131n\u0131n planlanmas\u0131 ve y\u00f6netimi amac\u0131yla, s\u0131r saklama y\u00fck\u00fcml\u00fcl\u00fc\u011f\u00fc alt\u0131nda bulunan ki\u015filer veya yetkili kurum ve kurulu\u015flar taraf\u0131ndan ilgilinin a\u00e7\u0131k r\u0131zas\u0131 aranmaks\u0131z\u0131n i\u015flenebilir.<\/p>\n\n\n\n<p>\u00d6zel nitelikli ki\u015fisel verilerin i\u015flenmesinde, ayr\u0131ca Kurul taraf\u0131ndan belirlenen yeterli \u00f6nlemlerin al\u0131nmas\u0131 \u015fartt\u0131r.<\/p>\n\n\n\n<p><strong>Kurumumuz Taraf\u0131ndan \u0130\u015flenen \u00c7al\u0131\u015fanlara \u0130li\u015fkin Ki\u015fisel Veriler<\/strong><\/p>\n\n\n\n<p>Kurumumuzca, eksper, uzman, bilirki\u015fi vb ki\u015filere ili\u015fkin i\u015flenen ki\u015fisel veriler i\u015fbu metinde belirtilen ama\u00e7lar ve i\u015fleme \u015fartlar\u0131 do\u011frultusunda i\u015flenebilmektedir. \u0130\u015flemeye konu ki\u015fisel veriler \u015funlard\u0131r:<\/p>\n\n\n\n<p><strong>Kimlik Verileri:&nbsp;<\/strong>Ad\u0131, Soyad\u0131, T.C. Kimlik No<\/p>\n\n\n\n<p><strong>G\u00f6rsel ve \u0130\u015fitsel Veriler:&nbsp;<\/strong>Ziyaret\u00e7iye ait foto\u011fraf, kamera kay\u0131tlar\u0131.<\/p>\n\n\n\n<p>Ki\u015fisel verileriniz kurumumuz taraf\u0131ndan yukar\u0131da belirtilen ki\u015fisel veri i\u015fleme \u015fartlar\u0131na g\u00f6re a\u015fa\u011f\u0131daki ama\u00e7lar i\u00e7in i\u015flenebilecektir:<\/p>\n\n\n\n<p><strong>Ki\u015fisel Verileriniz A\u015fa\u011f\u0131daki Ama\u00e7lar \u0130\u00e7in Kurumumuz Taraf\u0131ndan \u0130\u015flenecektir;<\/strong><\/p>\n\n\n\n<ol start=\"1\" class=\"wp-block-list\">\n<li>Dr. Sedat Tatar Muayenehanesine ger\u00e7ekle\u015ftirdi\u011finiz ziyaretlerin organize edilmesi<\/li>\n\n\n\n<li>Dr. Sedat Tatar Muayenehanesine yapm\u0131\u015f oldu\u011funuz talep, \u00f6neri, \u015fik\u00e2yet i\u015f ve i\u015flemlerinin y\u00fcr\u00fct\u00fclmesi,<\/li>\n\n\n\n<li>Dr. Sedat Tatar Muayenehanesi kurumsal internet sitesini ziyaret etmi\u015f oldu\u011funuz zaman al\u0131nan i\u015flem, \u00e7erez bilgilerinin kay\u0131t edilmesi,<\/li>\n\n\n\n<li>Dr. Sedat Tatar Muayenehanesine bizzat ziyaret etmeniz durumunda fiziksel mek\u00e2n g\u00fcvenli\u011fi ve \u0130SG kapsam\u0131nda al\u0131nan g\u00f6rsel i\u015fitsel i\u015f ve i\u015flemlerin ger\u00e7ekle\u015ftirilmesi<\/li>\n\n\n\n<li>Acil Durum Y\u00f6netimi S\u00fcre\u00e7lerinin Takip Edilmesi,<\/li>\n\n\n\n<li>Bilgi G\u00fcvenli\u011fi S\u00fcre\u00e7lerinin Y\u00fcr\u00fct\u00fclmesi,<\/li>\n\n\n\n<li>Denetim \/ Etik Faaliyetlerinin Y\u00fcr\u00fct\u00fclmesi,<\/li>\n\n\n\n<li>Yetkili ki\u015fi ve kurum ve kurulu\u015flara bilgi verilmesi<\/li>\n\n\n\n<li>Saklama ve Ar\u015fiv faaliyetlerinin y\u00fcr\u00fct\u00fclmesi,<\/li>\n\n\n\n<li>Y\u00f6netim Faaliyetlerinin Y\u00fcr\u00fct\u00fclmesi,<\/li>\n\n\n\n<li>Faaliyetlerin Mevzuata Uygun Y\u00fcr\u00fct\u00fclmesi,<\/li>\n\n\n\n<li>Veri Sorumlusu Operasyonlar\u0131n\u0131n G\u00fcvenli\u011finin Temini,<\/li>\n\n\n\n<li>Yetkili Ki\u015fi, Kurum Ve Kurulu\u015flara Bilgi Verilmesi.<\/li>\n<\/ol>\n\n\n\n<p><strong>\u0130\u015flenen Ki\u015fisel Verileriniz Kimlere, Hangi Ama\u00e7la Aktar\u0131labilecektir?<\/strong><\/p>\n\n\n\n<p>Ki\u015fisel verilerin aktar\u0131lmas\u0131 ba\u015fl\u0131\u011f\u0131n\u0131 ta\u015f\u0131yan 6698 say\u0131l\u0131 KVKK. m.8\u2019e g\u00f6re, ki\u015fisel veriler, ilgili ki\u015finin a\u00e7\u0131k r\u0131zas\u0131 olmaks\u0131z\u0131n aktar\u0131lamaz.<\/p>\n\n\n\n<p>Ki\u015fisel veriler; ki\u015fisel veri sahibinin a\u00e7\u0131k r\u0131zas\u0131 aranmaks\u0131z\u0131n i\u015flenebildi\u011fi hallerde a\u00e7\u0131k r\u0131za aranmaks\u0131z\u0131n \u00fc\u00e7\u00fcnc\u00fc ki\u015filere de aktar\u0131labilir. Ayn\u0131 \u015fekilde yeterli \u00f6nlemler al\u0131nmak kayd\u0131yla, sa\u011fl\u0131k ve cinsel hayat d\u0131\u015f\u0131ndaki \u00f6zel nitelikli ki\u015fisel verilerde, kanunlarda \u00f6ng\u00f6r\u00fclen h\u00e2llerde ilgili ki\u015finin a\u00e7\u0131k r\u0131zas\u0131 aranmaks\u0131z\u0131n aktar\u0131labilir. Sa\u011fl\u0131k ve cinsel hayata ili\u015fkin ki\u015fisel veriler ise ancak kamu sa\u011fl\u0131\u011f\u0131n\u0131n korunmas\u0131, koruyucu hekimlik, t\u0131bb\u00ee te\u015fhis, tedavi ve bak\u0131m hizmetlerinin y\u00fcr\u00fct\u00fclmesi, sa\u011fl\u0131k hizmetleri ile finansman\u0131n\u0131n planlanmas\u0131 ve y\u00f6netimi amac\u0131yla, s\u0131r saklama y\u00fck\u00fcml\u00fcl\u00fc\u011f\u00fc alt\u0131nda bulunan ki\u015filer veya yetkili kurum ve kurulu\u015flar taraf\u0131ndan ilgilinin a\u00e7\u0131k r\u0131zas\u0131 aranmaks\u0131z\u0131n aktar\u0131labilir.<\/p>\n\n\n\n<p>Ki\u015fisel verilerin aktar\u0131lmas\u0131na ili\u015fkin di\u011fer kanunlarda yer alan h\u00fck\u00fcmler sakl\u0131d\u0131r.<\/p>\n\n\n\n<p>Ki\u015fisel verilerin yurt d\u0131\u015f\u0131na aktar\u0131lmas\u0131 ba\u015fl\u0131\u011f\u0131n\u0131 ta\u015f\u0131yan KVKK\u2019n\u0131n 9.maddesine g\u00f6re,<strong>&nbsp;<\/strong>ki\u015fisel veriler, kural olarak ilgili ki\u015finin a\u00e7\u0131k r\u0131zas\u0131 olmaks\u0131z\u0131n yurt d\u0131\u015f\u0131na aktar\u0131lamaz. Ancak ki\u015fisel veriler, ki\u015fisel verilerin a\u00e7\u0131k r\u0131zas\u0131 aranmaks\u0131z\u0131n i\u015flenebildi\u011fi hallerde \u00fc\u00e7\u00fcnc\u00fc ki\u015filere de aktar\u0131labilir. Ayn\u0131 \u015fekilde yeterli \u00f6nlemler al\u0131nmak kayd\u0131yla, sa\u011fl\u0131k ve cinsel hayat d\u0131\u015f\u0131ndaki \u00f6zel nitelikli ki\u015fisel veriler, kanunlarda \u00f6ng\u00f6r\u00fclen h\u00e2llerde ilgili ki\u015finin a\u00e7\u0131k r\u0131zas\u0131 aranmaks\u0131z\u0131n yurt d\u0131\u015f\u0131na aktar\u0131labilir. Sa\u011fl\u0131k ve cinsel hayata ili\u015fkin ki\u015fisel veriler ise ancak kamu sa\u011fl\u0131\u011f\u0131n\u0131n korunmas\u0131, koruyucu hekimlik, t\u0131bb\u00ee te\u015fhis, tedavi ve bak\u0131m hizmetlerinin y\u00fcr\u00fct\u00fclmesi, sa\u011fl\u0131k hizmetleri ile finansman\u0131n\u0131n planlanmas\u0131 ve y\u00f6netimi amac\u0131yla, s\u0131r saklama y\u00fck\u00fcml\u00fcl\u00fc\u011f\u00fc alt\u0131nda bulunan ki\u015filer veya yetkili kurum ve kurulu\u015flar taraf\u0131ndan ilgilinin a\u00e7\u0131k r\u0131zas\u0131 aranmaks\u0131z\u0131n yurt d\u0131\u015f\u0131na aktar\u0131labilir. \u00d6zel nitelikli ki\u015fisel verilerin yurt d\u0131\u015f\u0131na aktar\u0131labilmesi i\u00e7in ayr\u0131ca<\/p>\n\n\n\n<p>Yeterli koruman\u0131n bulunmas\u0131,<\/p>\n\n\n\n<p>Yeterli koruman\u0131n bulunmamas\u0131 durumunda T\u00fcrkiye\u2019deki ve ilgili yabanc\u0131 \u00fclkedeki veri sorumlular\u0131n\u0131n yeterli bir korumay\u0131 yaz\u0131l\u0131 olarak taahh\u00fct etmeleri ve Kurulun izninin bulunmas\u0131, kayd\u0131yla ilgili ki\u015finin a\u00e7\u0131k r\u0131zas\u0131 aranmaks\u0131z\u0131n yurt d\u0131\u015f\u0131na aktar\u0131labilir.<\/p>\n\n\n\n<p>Yeterli koruman\u0131n bulundu\u011fu \u00fclkeler Kurulca belirlenerek ilan edilir.<\/p>\n\n\n\n<p>Ki\u015fisel verilerin yurt d\u0131\u015f\u0131na aktar\u0131lmas\u0131na ili\u015fkin di\u011fer kanunlarda yer alan h\u00fck\u00fcmler sakl\u0131d\u0131r.<\/p>\n\n\n\n<p>Yukar\u0131da belirtilen d\u00fczenlemelere uygun olarak i\u015flenen&nbsp;<strong>ki\u015fisel verileriniz;<\/strong><\/p>\n\n\n\n<p>\u0130\u015f s\u00f6zle\u015fmenizde yer alan ama\u00e7lar do\u011frultusunda, etkili \u00e7al\u0131\u015fan y\u00f6netiminin s\u00fcrd\u00fcr\u00fclmesi ve geli\u015ftirilmesi, s\u00f6zle\u015fmeden do\u011fan y\u00fck\u00fcml\u00fcl\u00fcklerin yerine getirilmesi, \u00e7al\u0131\u015fanlar\u0131n performanslar\u0131n\u0131n de\u011ferlendirilmesi, i\u015f g\u00fcvenli\u011finin sa\u011flanmas\u0131 amac\u0131yla ki\u015fisel verileriniz i\u015flenebilir.&nbsp;<\/p>\n\n\n\n<p><strong>Ki\u015fisel Verilerin Toplanma Y\u00f6ntemi ve Hukuki Sebebi<\/strong><\/p>\n\n\n\n<p>Ki\u015fisel verileriniz, \u015fahsen ba\u015fvuru, matbu ortamlar, elektronik ortamlar, yaz\u0131l\u0131mlar, CD, DVD, USB, fotokopi, yaz\u0131c\u0131, video, foto\u011fraf makinas\u0131, telefon, tablet, internet sayfas\u0131 gibi ortamlar \u00fczerinden k\u0131smen veya tamamen otomatik olarak ya da herhangi bir kay\u0131t sisteminin par\u00e7as\u0131 olarak toplanmaktad\u0131r. Ayr\u0131ca fiziksel olarak kurumu ziyaret etmeniz durumunda baz\u0131 ki\u015fisel verileriniz i\u015flenmektedir.<\/p>\n\n\n\n<p>Bu ki\u015fisel veriler sa\u011fl\u0131k mevzuat\u0131 gere\u011fi, 4857 say\u0131l\u0131 \u0130\u015f Kanunu gere\u011fi, \u0130\u015f Sa\u011fl\u0131\u011f\u0131 ve G\u00fcvenli\u011fi mevzuat\u0131 gere\u011fi Ki\u015fisel verileriniz, bir s\u00f6zle\u015fmenin ifas\u0131 i\u00e7in, kanunlarda \u00f6ng\u00f6r\u00fclmesi halinde; bir hukuki y\u00fck\u00fcml\u00fcl\u00fc\u011f\u00fcn yerin getirilmesi amac\u0131yla, veri sorumlusunun me\u015fru menfaati gere\u011fi veya farkl\u0131 yasal hukuki sebeplerle toplanmakta ve i\u015flenmektedir.<\/p>\n\n\n\n<p>\u0130\u015fleme ve saklama s\u00fcreleri yasalarla belirlenen veriler i\u015fleme s\u00fcresi sona erdi\u011finde ilgili mevzuatlara uygun olarak g\u00fcvenli bir \u015fekilde imha edilmekte ve imha kay\u0131tlar\u0131 saklanmaktad\u0131r.<\/p>\n\n\n\n<p><strong>Ki\u015fisel Verilerin Aktar\u0131lmas\u0131 Hususu<\/strong><\/p>\n\n\n\n<p>Ki\u015fisel verileriniz, talep edilmesi durumunda yasalara uygun olarak kolluk kuvvetlerine, mahkemelere, ilgili kamu kurumlar\u0131na, gerekli olmas\u0131 durumunda i\u015f yapm\u0131\u015f oldu\u011fumuz dan\u0131\u015fmanlara, avukatlara, i\u015f ile ilgili olarak veri i\u015fleyen firmalara, Dr. Sedat Tatar Muayenehanesi \u015firketine ki\u015fisel veri aktar\u0131m\u0131 yap\u0131labilmektedir.<\/p>\n\n\n\n<p><strong>Kurum<\/strong> <strong>Olarak Ki\u015fisel Veri G\u00fcvenli\u011fine \u0130li\u015fkin Y\u00fck\u00fcml\u00fcl\u00fcklerimiz;<\/strong><\/p>\n\n\n\n<p>Ki\u015fisel verilerin hukuka ayk\u0131r\u0131 olarak i\u015flenmesini \u00f6nlemek, Ki\u015fisel verilere hukuka ayk\u0131r\u0131 olarak eri\u015filmesini \u00f6nlemek, Ki\u015fisel verilerin muhafazas\u0131n\u0131 sa\u011flamak, amac\u0131yla uygun g\u00fcvenlik d\u00fczeyini temin etmeye y\u00f6nelik gerekli her t\u00fcrl\u00fc teknik ve idari tedbirleri almak zorundad\u0131r. Veri sorumlusu, ki\u015fisel verilerin kendi ad\u0131na ba\u015fka bir ger\u00e7ek veya t\u00fczel ki\u015fi taraf\u0131ndan i\u015flenmesi h\u00e2linde, birinci f\u0131krada belirtilen tedbirlerin al\u0131nmas\u0131 hususunda bu ki\u015filerle birlikte m\u00fc\u015ftereken sorumludur. Veri sorumlusu, kendi kurum veya kurulu\u015funda, bu kanun h\u00fck\u00fcmlerinin uygulanmas\u0131n\u0131 sa\u011flamak amac\u0131yla gerekli denetimleri yapmak veya yapt\u0131rmak zorundad\u0131r. Veri sorumlular\u0131 ile veri i\u015fleyen ki\u015filer, \u00f6\u011frendikleri ki\u015fisel verileri bu Kanun h\u00fck\u00fcmlerine ayk\u0131r\u0131 olarak ba\u015fkas\u0131na a\u00e7\u0131klayamaz ve i\u015fleme amac\u0131 d\u0131\u015f\u0131nda kullanamazlar. Bu y\u00fck\u00fcml\u00fcl\u00fck g\u00f6revden ayr\u0131lmalar\u0131ndan sonra da devam eder. \u0130\u015flenen ki\u015fisel verilerin kanuni olmayan yollarla ba\u015fkalar\u0131 taraf\u0131ndan elde edilmesi h\u00e2linde, veri sorumlusu bu durumu en k\u0131sa s\u00fcrede ilgilisine ve Kurula bildirir. Kurul, gerekmesi h\u00e2linde bu durumu, kendi internet sitesinde ya da uygun g\u00f6rece\u011fi ba\u015fka bir y\u00f6ntemle ilan edebilir.<\/p>\n\n\n\n<p><strong>6698 Say\u0131l\u0131 Kanun\u2019un 11. Maddesi Uyar\u0131nca Ki\u015fisel Veri Sahiplerinin (\u0130lgili Ki\u015fi) Haklar\u0131 Nelerdir?<\/strong><\/p>\n\n\n\n<ol start=\"1\" class=\"wp-block-list\">\n<li>Kendileri ile ilgili ki\u015fisel veri i\u015flenip i\u015flenmedi\u011fini \u00f6\u011frenme,<\/li>\n\n\n\n<li>Ki\u015fisel verileri i\u015flenmi\u015fse buna ili\u015fkin bilgi talep etme,<\/li>\n\n\n\n<li>Ki\u015fisel verilerin i\u015flenme amac\u0131n\u0131 ve bunlar\u0131n amac\u0131na uygun kullan\u0131l\u0131p kullan\u0131lmad\u0131\u011f\u0131n\u0131 \u00f6\u011frenme,<\/li>\n\n\n\n<li>Yurt i\u00e7inde veya yurt d\u0131\u015f\u0131nda ki\u015fisel verilerin aktar\u0131ld\u0131\u011f\u0131 \u00fc\u00e7\u00fcnc\u00fc ki\u015fileri bilme,&nbsp;<\/li>\n\n\n\n<li>Ki\u015fisel verilerin eksik veya yanl\u0131\u015f i\u015flenmi\u015f olmas\u0131 h\u00e2linde bunlar\u0131n d\u00fczeltilmesini isteme ve bu kapsamda yap\u0131lan i\u015flemin ki\u015fisel verilerin aktar\u0131ld\u0131\u011f\u0131 \u00fc\u00e7\u00fcnc\u00fc ki\u015filere bildirilmesini isteme,<\/li>\n\n\n\n<li>Kanun ve ilgili di\u011fer kanun h\u00fck\u00fcmlerine uygun olarak i\u015flenmi\u015f olmas\u0131na ra\u011fmen, i\u015flenmesini gerektiren sebeplerin ortadan kalkmas\u0131 h\u00e2linde ki\u015fisel verilerin silinmesini veya yok edilmesini isteme ve bu kapsamda yap\u0131lan i\u015flemin ki\u015fisel verilerin aktar\u0131ld\u0131\u011f\u0131 \u00fc\u00e7\u00fcnc\u00fc ki\u015filere bildirilmesini isteme,&nbsp;<\/li>\n\n\n\n<li>\u0130\u015flenen verilerin m\u00fcnhas\u0131ran otomatik sistemler vas\u0131tas\u0131yla analiz edilmesi suretiyle ki\u015finin kendisi aleyhine bir sonucun ortaya \u00e7\u0131kmas\u0131na itiraz etme ve ki\u015fisel verilerin kanuna ayk\u0131r\u0131 olarak i\u015flenmesi sebebiyle zarara u\u011framas\u0131 h\u00e2linde zarar\u0131n giderilmesini talep etme haklar\u0131na sahiptir.&nbsp;<\/li>\n<\/ol>\n\n\n\n<p><strong>6698 Say\u0131l\u0131 Ki\u015fisel Verilerin Korunmas\u0131 Kanunu Kapsam\u0131yla \u0130lgili Olmak \u00dczere \u0130lgili Ki\u015fi ile \u0130leti\u015fim<\/strong><\/p>\n\n\n\n<p>S\u00f6z konusu haklar\u0131n kullan\u0131m\u0131na ili\u015fkin talepler, ki\u015fisel veri sahipleri, ilgili ki\u015filer taraf\u0131ndan www.drsedattatar.com adresinde yer alan KVKK sayfas\u0131nda, 6698 say\u0131l\u0131 Kanun Kapsam\u0131nda Ki\u015fisel Verilerin \u0130\u015flenmesi ve Korunmas\u0131na ili\u015fkin mevzuatta belirtilen y\u00f6ntemlerle iletilebilecektir. Kurum ilgili ki\u015filerin s\u00f6z konusu taleplerini de\u011ferlendirerek m\u00fcmk\u00fcn olan en k\u0131sa s\u00fcre i\u00e7inde ve en ge\u00e7 30 g\u00fcn i\u00e7erisinde sonu\u00e7land\u0131racakt\u0131r. Ba\u015fvuru yaparken ad\u0131n\u0131z, soyad\u0131n\u0131z, T.C kimlik numaran\u0131z\u0131 yaz\u0131n\u0131z. \u015eikayetinizi a\u00e7\u0131k, net bir \u015fekilde ifade ediniz. Kurum ile ilgili olarak ba\u011f\u0131n\u0131z\u0131 belirtiniz. A\u015fa\u011f\u0131daki ileti\u015fim bilgileri \u00fczerinden bize ba\u015fvuru yapabilirsiniz.<\/p>\n\n\n\n<p>\u0130daremize ilgili ki\u015fi olarak ba\u015fvurman\u0131z durumunda size cevap vermeden \u00f6nce kimli\u011finizi do\u011frulama hakk\u0131m\u0131z\u0131 sakl\u0131 tutuyoruz.<\/p>\n\n\n\n<p><strong>Ba\u015fvuru Yapaca\u011f\u0131n\u0131z Veri Sorumlusunun Kimli\u011fi ve A\u00e7\u0131k Adresi<\/strong><\/p>\n\n\n\n<p>Veri Sorumlusu: Dr. Sedat Tatar&nbsp;<\/p>\n\n\n\n<p>Adresimiz: Levent Mahallesi, Karanfil Aral\u0131\u011f\u0131 Caddesi No:18 Be\u015fikta\u015f\/ \u0130stanbul<\/p>\n\n\n\n<p>E-Posta: info@drsedattatar.com<\/p>\n\n\n\n<p>\u0130leti\u015fim linki: <a href=\"http:\/\/www.drsedattatar.com\">www.drsedattatar.com<\/a><\/p>\n\n\n\n<h1 class=\"wp-block-heading\"><strong>Sosyal Medya Ayd\u0131nlatma Metni<\/strong><\/h1>\n\n\n\n<p><strong>De\u011ferli Veri Sahibi,<\/strong><\/p>\n\n\n\n<p>Dr. Sedat Tatar Muayenehanesi Bilgi g\u00fcvenli\u011fine b\u00fcy\u00fck \u00f6nem vermekte olup; 6698 Say\u0131l\u0131 Ki\u015fisel Verilerin Korunmas\u0131 Kanunu\u2019na (\u201cKanun\u201d) uyum i\u00e7in y\u00fcksek \u00f6zen g\u00f6stermektedir.<\/p>\n\n\n\n<p>Veri Sorumlusu s\u0131fat\u0131yla ad, soyad gibi kimlik bilgilerinizi; cep telefonu, telefon, e-posta adresi gibi ileti\u015fim bilgilerinizi; foto\u011fraf, ses kayd\u0131, video gibi g\u00f6rsel ve i\u015fitsel verilerinizi; arac\u0131n\u0131z\u0131 plakas\u0131 gibi ki\u015fisel verilerinizi kanuna uygun olarak veri sorumlusu s\u0131fat\u0131yla i\u015flemekteyiz. \u0130\u015fbu Ki\u015fisel Verilerin Korunmas\u0131 ve \u0130\u015flenmesi Hakk\u0131nda Ayd\u0131nlatma Metni ile Instagram\u2019da, Youtube\u2019ta, Facebook\u2019ta, Whatsapp\u2019ta, Linkedin\u2019de, X vb sosyal medya platformlar\u0131nda yer alan yorum, do\u011frudan mesaj (DM)&nbsp;arac\u0131l\u0131\u011f\u0131 ile ileti\u015fime ge\u00e7meniz durumunda baz\u0131 ki\u015fisel verileriniz i\u015flenebilecektir. Dr. Sedat Tatar Muayenehanesi faaliyetleri kapsam\u0131nda, yapm\u0131\u015f oldu\u011fumuz faaliyetler belgelendirilirken, tespit edilirken foto\u011fraf veya video \u00e7ekimi s\u0131ras\u0131nda baz\u0131 ki\u015fisel verileriniz elde edilebilmektedir. \u0130\u015fbu metin veri i\u015fleme amac\u0131, veri kategorileri, verilerin&nbsp;toplanma&nbsp;y\u00f6ntemi&nbsp;ve&nbsp;hukuki&nbsp;sebebi, kimlere ve hangi ama\u00e7larla aktar\u0131labilece\u011fi, veri i\u015fleme s\u00fcresi ve verileriniz ile ilgili haklar\u0131n\u0131z\u0131n neler oldu\u011funa dair a\u00e7\u0131klamalar\u0131m\u0131z\u0131 i\u00e7ermektedir.<\/p>\n\n\n\n<p><strong>Veri Elde Etme Y\u00f6ntemimiz ve Ki\u015fisel Verilerin \u0130\u015flenme Amac\u0131<\/strong><\/p>\n\n\n\n<p>Dr. Sedat Tatar Muayenehanesi i\u00e7in ki\u015fisel \u015fik\u00e2yet, \u00f6neri ve taleplerinizi almak; &nbsp;Youtube, Instagram, Facebook, Whatsapp, Linkedin, X vs. platformlarda yer alan do\u011frudan mesajlar\u0131n\u0131za cevap vermek; sosyal medya yorumlar\u0131n\u0131z\u0131 cevapland\u0131rmak&nbsp;arac\u0131l\u0131\u011f\u0131 ile iletmeniz halinde aktarm\u0131\u015f oldu\u011funuz bilgileriniz, ba\u015fta bilgi temini sa\u011flamak veya dilek, istek, \u015fikayet ve \u00f6nerilerinizi almak; \u00e7al\u0131\u015fmalar\u0131n\u0131n y\u00fcr\u00fct\u00fclmesi amac\u0131yla ilgili birimlerimiz taraf\u0131ndan faaliyetlerinin ger\u00e7ekle\u015ftirilmesi, veri sorumlusunun me\u015fru menfaati gibi ama\u00e7lar\u0131yla i\u015flenmektedir. Faaliyetlerimiz, \u00f6ncesi\/s\u0131ras\u0131\/sonras\u0131nda \u00e7ekilen foto\u011fraf video kay\u0131tlar\u0131, ses kay\u0131tlar\u0131na a\u00e7\u0131k r\u0131za vermeniz durumunda i\u015flenip gerekli hallerde i\u015f yapt\u0131\u011f\u0131m\u0131z kurumlara aktar\u0131labilecektir. Yine yukar\u0131da say\u0131lanlar\u0131n d\u0131\u015f\u0131nda kurumumuz taraf\u0131ndan \u00e7e\u015fitli rapor, analiz ve \u00e7al\u0131\u015fmalar\u0131n haz\u0131rlanmas\u0131 ve sunulmas\u0131 i\u00e7in temel hak ve \u00f6zg\u00fcrl\u00fcklerinize zarar vermemek kayd\u0131 ile ki\u015fisel verileriniz i\u015flenebilecektir.<\/p>\n\n\n\n<p><strong>\u0130\u015flenen Ki\u015fisel Verilerin Aktar\u0131ld\u0131\u011f\u0131 Yerler ve Aktar\u0131m Amac\u0131<\/strong><\/p>\n\n\n\n<p>Ki\u015fisel verileriniz, Dr. Sedat Tatar Muayenehanesi taraf\u0131ndan i\u015fbu ayd\u0131nlatma metninde bahsedilen ama\u00e7larla s\u0131n\u0131rl\u0131 olarak \u00fczere; talep halinde kamu otoriteleriyle ve ilgili i\u015f ortaklar\u0131 ile payla\u015fabilmektedir.<\/p>\n\n\n\n<p>\u0130\u015fbu \u201cKi\u015fisel Verilerinize \u0130li\u015fkin Ayd\u0131nlatma Metninde\u201d belirtilen ama\u00e7lar do\u011frultusunda i\u015flenmi\u015f olan ki\u015fisel verileriniz; 6698 Say\u0131l\u0131 KVKK m.7\/1. uyar\u0131nca i\u015flenmesini gerektiren ama\u00e7 ortadan kalkt\u0131\u011f\u0131nda ve\/veya T\u00fcrk Ceza Kanunu\u2019nun 138. maddesi uyar\u0131nca kanunlarda belirtilen s\u00fcreler ge\u00e7ti\u011finde, taraf\u0131m\u0131zca anonimle\u015ftirilerek kullan\u0131lmaya devam edilecek, yok edilecek veya silinecektir.&nbsp;<\/p>\n\n\n\n<p><strong>Ki\u015fisel Verilerinizin Toplanma Y\u00f6ntemi ve Hukuki Sebebi<\/strong><\/p>\n\n\n\n<p>Ki\u015fisel verileriniz temel hak ve \u00f6zg\u00fcrl\u00fcklerinize zarar vermemek kayd\u0131yla, kurumumuzun me\u015fru menfaatleri i\u00e7in veri i\u015flenmesinin zorunlu olmas\u0131 hukuki sebebiyle i\u015flenmektedir. Bu ki\u015fisel veri t\u00fcr\u00fc 6698 say\u0131l\u0131 Kanun uyar\u0131nca, ilgili ki\u015finin yard\u0131m talebi neticesinde verdi\u011fi izin ile i\u015flenmektedir.<\/p>\n\n\n\n<p>Ki\u015fisel verileriniz, \u00f6neri, talep, dilek ve \u015fik\u00e2yetleriniz hakk\u0131nda, kurumumuza<\/p>\n\n\n\n<p>ait kurumsal hesaplardan do\u011frudan mesaj (DM) ve\/veya yorum&nbsp;arac\u0131l\u0131\u011f\u0131 ile yap\u0131lan yaz\u0131\u015fmalarda ki\u015fisel veri i\u015flenebilecektir.<\/p>\n\n\n\n<p><strong>Veri Sorumlusuna Ba\u015fvuru Yollar\u0131 ve Haklar\u0131n\u0131z<\/strong><\/p>\n\n\n\n<p>Kanun kapsam\u0131nda a\u015fa\u011f\u0131da yer alan hususlar hakk\u0131nda bilgi almak i\u00e7in bizle her zaman ileti\u015fime ge\u00e7ebilirsiniz;<\/p>\n\n\n\n<ul class=\"wp-block-list\">\n<li>Ki\u015fisel verilerinizin i\u015flenip i\u015flenmedi\u011fini \u00f6\u011frenmek,<\/li>\n\n\n\n<li>\u0130\u015fleme amac\u0131n\u0131 ve amaca uygun olup olmad\u0131\u011f\u0131n\u0131 \u00f6\u011frenmek,<\/li>\n\n\n\n<li>Ki\u015fisel verilerin aktar\u0131ld\u0131\u011f\u0131 ki\u015filerin kimler oldu\u011funu bilmek,<\/li>\n\n\n\n<li>Eksik veya yanl\u0131\u015f i\u015fleme halinde d\u00fczeltme istemek ve \u015fartlar\u0131 ger\u00e7ekle\u015fmi\u015fse ki\u015fisel verilerin silinmesini istemek ve bu kapsamda yap\u0131lan i\u015flemin ki\u015fisel verilerin aktar\u0131ld\u0131\u011f\u0131 \u00fc\u00e7\u00fcnc\u00fc ki\u015filere bildirilmesini istemek,<\/li>\n\n\n\n<li>\u0130\u015flenen verilerin m\u00fcnhas\u0131ran otomatik sistemler vas\u0131tas\u0131yla analiz edilmesi suretiyle kendisi aleyhine bir sonucun ortaya \u00e7\u0131kmas\u0131na itiraz etmek,<\/li>\n\n\n\n<li>Kanuna ayk\u0131r\u0131 i\u015fleme sebebiyle zarara u\u011framas\u0131 halinde zarar\u0131n\u0131 talep etmek,<\/li>\n\n\n\n<li>Ki\u015fisel verilerin kanuna uygun olarak i\u015flenmi\u015f olmas\u0131na ra\u011fmen, i\u015flenmesini gerektiren sebeplerin ortadan kalkmas\u0131 halinde ki\u015fisel verilerin silinmesini veya imha edilmesini istemek.<\/li>\n<\/ul>\n\n\n\n<p>Anayasal haklar\u0131n\u0131z\u0131 kullanarak Kurumumuza ba\u015fvuru yapabilirsiniz. \u0130lgili ki\u015fi bu haklar\u0131na ili\u015fkin taleplerini Dr. Sedat Tatar Muayenehanesi noter, posta veya e-posta arac\u0131l\u0131\u011f\u0131yla g\u00f6nderece\u011fi yaz\u0131l\u0131 bilgi veya ihtarname ile ad\u0131, soyad\u0131, T.C Kimlik No bilgisi ibraz etmek suretiyle ba\u015fvuru yapabilir. Ba\u015fvuru y\u00f6ntemi, adresi Kurumumuzun a\u015fa\u011f\u0131da bulunan adresine yaz\u0131l\u0131 olarak bildirebilir. Bu durumda ilgili ki\u015finin talepleri m\u00fcmk\u00fcn olan en k\u0131sa s\u00fcrede ve nihayetinde en ge\u00e7 otuz (30) g\u00fcn i\u00e7erisinde de\u011ferlendirilip bilgi verilecektir.<\/p>\n\n\n\n<p><strong>Ba\u015fvuru Yapaca\u011f\u0131n\u0131z Veri Sorumlusunun Kimli\u011fi ve A\u00e7\u0131k Adresi<\/strong><\/p>\n\n\n\n<p><a><strong>Veri Sorumlusu \u0130leti\u015fim Bilgileri<\/strong><\/a><\/p>\n\n\n\n<p>Veri Sorumlusu: Dr. Sedat Tatar&nbsp;<\/p>\n\n\n\n<p>Adresimiz: Levent Mahallesi, Karanfil Aral\u0131\u011f\u0131 Caddesi No:18 Be\u015fikta\u015f\/ \u0130stanbul<\/p>\n\n\n\n<p>E-Posta: info@drsedattatar.com<\/p>\n\n\n\n<p>\u0130leti\u015fim linki: <a href=\"http:\/\/www.drsedattatar.com\">www.drsedattatar.com<\/a><\/p>\n\n\n\n<h1 class=\"wp-block-heading\"><strong>\u00c7al\u0131\u015fan Aday\u0131 Ayd\u0131nlatma Metni<\/strong><\/h1>\n\n\n\n<p><strong>De\u011ferli \u00c7al\u0131\u015fan Aday\u0131m\u0131z,<\/strong><\/p>\n\n\n\n<p>Veri Sorumlusu, Dr. Sedat Tatar Muayenehanesi bundan sonra \u201cKurum\u201d an\u0131labilecektir. Ki\u015fisel verilerinizi nas\u0131l ve hangi ama\u00e7larla i\u015fleyece\u011fimizi size anlatmak istiyoruz. A\u015fa\u011f\u0131da belirtti\u011fimiz ki\u015fisel verilerinizi; hukuka ve d\u00fcr\u00fcstl\u00fck kurallar\u0131na uygun olarak, payla\u015ft\u0131\u011f\u0131n\u0131z ki\u015fisel verilerin do\u011frulu\u011funu ve taraf\u0131m\u0131za bildirdi\u011finiz \u015fekilde en g\u00fcncel halini koruyarak; belirli, a\u00e7\u0131k ve hukuka uygun ama\u00e7lar i\u00e7in; i\u015flenecekleri ama\u00e7la ba\u011flant\u0131l\u0131, s\u0131n\u0131rl\u0131 ve \u00f6l\u00e7\u00fcl\u00fc olacak \u015fekilde; ilgili mevzuatta \u00f6ng\u00f6r\u00fclen veya i\u015flendikleri ama\u00e7 i\u00e7in gerekli olan s\u00fcre kadar saklayarak i\u015fliyoruz.<\/p>\n\n\n\n<p><strong>Hangi Ki\u015fisel Verilerinizi \u0130\u015fliyoruz?<\/strong><\/p>\n\n\n\n<p>Hangi ki\u015fisel verilerinizi bizimle payla\u015faca\u011f\u0131n\u0131z a\u015fa\u011f\u0131daki tabloda yer almaktad\u0131r. Ki\u015fisel verilerinizin kategori ad\u0131 ve i\u00e7eri\u011fi a\u015fa\u011f\u0131daki gibidir.<\/p>\n\n\n\n<p>Kimlik Verisi: Ad\u0131, soyad\u0131, TCKN, do\u011fum tarihi, do\u011fum yeri, cinsiyet, medeni durumu, milliyeti. \u0130leti\u015fim Verisi: Telefon numaras\u0131, a\u00e7\u0131k adres bilgisi, e-posta adresi. \u00d6zel Nitelikli Ki\u015fisel Veri: \u00d6zge\u00e7mi\u015finizde yer verdi\u011finiz dernek\/vak\u0131f \u00fcyelikleri, engelli olma durumu, kan grubu, sigara kullan\u0131m\u0131, baz\u0131 sa\u011fl\u0131k sorular\u0131. E\u011fitim Verisi: \u00d6\u011frenim durumu, diploma bilgileri, sertifikalar, yabanc\u0131 dil bilgileri, di\u011fer e\u011fitim bilgileri, ki\u015fisel beceriler, kat\u0131l\u0131m sa\u011flanan seminer, al\u0131nan kurslar, bilgisayar ve yaz\u0131l\u0131m kullanma yetkinli\u011fi vb. \u0130\u015f Deneyimi Verisi: \u0130\u015f tecr\u00fcbeleri, i\u015f deneyimleri, unvanlar\u0131, \u00e7al\u0131\u015fma durumu vb. G\u00f6rsel ve \u0130\u015fitsel Veri: Ger\u00e7ek ki\u015fiye ait foto\u011fraf, video, kamera kay\u0131tlar\u0131. \u0130\u015flenen Di\u011fer Ki\u015fisel Veriler: Hobiler, \u00fccret bilgisi veya beklentisi, beceriler, askerlik durumu, referans bilgileri, referans verilen ki\u015fisinin ad\u0131 soyad\u0131, unvan\u0131, i\u015fyeri, telefonu, \u00d6zge\u00e7mi\u015fe eklenen ekledi\u011fi her t\u00fcrl\u00fc pdf, powerpoint, word, excel vb formattaki sunum dosyalar\u0131.<\/p>\n\n\n\n<p><strong>Ki\u015fisel Verilerinizi Ne \u015eekilde ve Hangi Sebeplerle Topluyoruz?<\/strong><\/p>\n\n\n\n<p>Kurumumuz ile aran\u0131zda kurulmas\u0131 hedeflenen hukuki ili\u015fki \u00e7er\u00e7evesinde i\u015f s\u00f6zle\u015fmesinin kurulmas\u0131 i\u00e7in gerekli olmas\u0131 nedeniyle sizden talep etti\u011fimiz veya ba\u015fvurunuz s\u0131ras\u0131nda bizzat iletti\u011finiz veya ba\u015fka metinlerde payla\u015fmay\u0131 tercih etti\u011finiz ki\u015fisel verilerinizi, sizin bize s\u00f6zl\u00fc, fiziksel veya elektronik ortamda iletmeniz yoluyla ve referans ki\u015fisi g\u00f6stermeniz halinde Kurum \u2019un me\u015fru menfaati gere\u011fi bu ki\u015filerden bilgi almak veya ba\u015fvurunuz \u00f6ncesi \u00e7al\u0131\u015ft\u0131\u011f\u0131n\u0131z i\u015f yerinin temsilcilerinden bilgi almak suretiyle ve\/veya Kurum \u00e7al\u0131\u015fanlar\u0131n\u0131n e-postalar\u0131 ve bizzat Kurumumuza iletmi\u015f oldu\u011funuz \u00f6zge\u00e7mi\u015flerinizi sizin istihdam edebilmek i\u00e7in topluyoruz ve gerekli olmas\u0131 durumunda bizden i\u015f\u00e7i, \u00e7al\u0131\u015fan talep eden kurumlara\/\u015firketlere iletiyoruz, aktar\u0131yoruz. Her ne kadar kendi \u00f6zge\u00e7mi\u015finizi olu\u015ftursan\u0131z da Kurumumuzun 6698 say\u0131l\u0131 yasaya uygun \u00f6zge\u00e7mi\u015fini de doldurman\u0131z gerekmektedir.<\/p>\n\n\n\n<p>Kurum \u2018un g\u00fcvenli\u011fi ve sizin buradaki g\u00fcvenli\u011finizi sa\u011flamaya y\u00f6nelik olarak Kurum\u2019a yerle\u015ftirdi\u011fimiz kameralar yoluyla g\u00f6rsel verilerinizi topluyoruz. Ki\u015fisel verilerinizi otomatik olarak dijital, elektronik sistemler \u00fczerinden veya \u00f6zge\u00e7mi\u015f gibi matbu bas\u0131l\u0131 dok\u00fcmanlar arac\u0131l\u0131\u011f\u0131 ile toplay\u0131p i\u015fliyoruz.<\/p>\n\n\n\n<p><strong>Ki\u015fisel Verilerinizin \u0130\u015flenme Ama\u00e7lar\u0131 Nelerdir?<\/strong><\/p>\n\n\n\n<p>Yukar\u0131da belirtti\u011fimiz ki\u015fisel verileriniz Kurum ile \u00c7al\u0131\u015fan Aday\u0131 aras\u0131nda kurulan \u00e7al\u0131\u015fan aday\u0131-i\u015fveren aday\u0131 hukuki ili\u015fkisi \u00e7er\u00e7evesinde i\u015f s\u00f6zle\u015fmesinin kurulmas\u0131 i\u00e7in gerekli olmas\u0131 nedeniyle a\u015fa\u011f\u0131daki ama\u00e7larla i\u015flenmektedir:<\/p>\n\n\n\n<ul class=\"wp-block-list\">\n<li>Yeni eleman istihdam edilmesi, adaylar\u0131 inceleme ve istihdam edilecek yeni aday\u0131n tespit edilmesi<\/li>\n\n\n\n<li>\u00d6zge\u00e7mi\u015finizde yer verdi\u011finiz referans ki\u015fileriyle taraf\u0131n\u0131za ait verilerin ve bilgilerin teyit edilmesi<\/li>\n\n\n\n<li>Aday olunan pozisyonla ne kadar \u00f6rt\u00fc\u015ft\u00fc\u011f\u00fcn\u00fcz\u00fcn do\u011frulanmas\u0131 ve ileriye d\u00f6n\u00fck teyit i\u00e7in \u00f6zge\u00e7mi\u015f bilgilerinizin kaydedilmesi<\/li>\n\n\n\n<li>\u0130\u015f sa\u011fl\u0131\u011f\u0131 ve g\u00fcvenli\u011finin sa\u011flanmas\u0131<\/li>\n\n\n\n<li>Kurum merkezinin giri\u015f \u00e7\u0131k\u0131\u015f\u0131n\u0131n temin edilmesi<\/li>\n\n\n\n<li>Resepsiyon i\u015flerinin y\u00fcr\u00fct\u00fclmesi ve insan kaynaklar\u0131 ve e\u011fitim birimlerinin bilgilendirilmesi<\/li>\n<\/ul>\n\n\n\n<p>Ki\u015fisel verileriniz, ilgili mevzuatta belirtilen veya i\u015flendikleri ama\u00e7 i\u00e7in gerekli olan azami s\u00fcre ve herhalde kanuni zaman a\u015f\u0131m\u0131 s\u00fcreleri kadar muhafaza edilecektir.<\/p>\n\n\n\n<p><strong>\u00d6zel Nitelikli Ki\u015fisel Veri Nedir? &nbsp;\u00d6zel Nitelikli Ki\u015fisel Veri Verileriniz Hakk\u0131nda<\/strong><\/p>\n\n\n\n<p>\u00d6zel nitelikli ki\u015fisel veri:&nbsp;Ki\u015filerin \u0131rk\u0131, etnik k\u00f6keni, siyasi d\u00fc\u015f\u00fcncesi, felsefi inanc\u0131, dini, mezhebi veya di\u011fer inan\u00e7lar\u0131, k\u0131l\u0131k ve k\u0131yafeti, dernek, vak\u0131f ya da sendika \u00fcyeli\u011fi, sa\u011fl\u0131\u011f\u0131, cinsel hayat\u0131, ceza mahk\u00fbmiyeti ve g\u00fcvenlik tedbirleriyle ilgili verileri ile biyometrik ve genetik verileri gibi bilgilerdir.<\/p>\n\n\n\n<p>\u00d6zge\u00e7mi\u015f i\u00e7inde bizimle payla\u015ft\u0131\u011f\u0131n\u0131z bilgiler, \u00f6zel nitelikli ki\u015fisel verinizi i\u00e7erebilmektedir. KVKK kapsam\u0131nda, \u0131rk\u0131n\u0131za, etnik k\u00f6keninize, siyasi d\u00fc\u015f\u00fcncenize, felsefi inanc\u0131n\u0131za, dini, mezhebi veya di\u011fer inan\u00e7lar\u0131n\u0131za, k\u0131l\u0131k ve k\u0131yafetinize, dernek, vak\u0131f ya da sendika \u00fcyeliklerinize, sa\u011fl\u0131\u011f\u0131n\u0131z, medeni durumunuz, cinsel hayat (kad\u0131n, erkek vb.) varsa ceza mahk\u00fbmiyetinize ve hakk\u0131n\u0131zdaki g\u00fcvenlik tedbirleriyle ilgili verileriniz ile biyometrik ve genetik verileriniz sizin \u00f6zel nitelikli verilerinizdir. \u0130stemedi\u011fimiz s\u00fcrece \u00f6zel nitelikli ki\u015fisel verilerinizi payla\u015fmama hakk\u0131na sahipsiniz. Kendi \u00f6zg\u00fcr iradenizle payla\u015fm\u0131\u015f oldu\u011funuz ki\u015fisel verileriniz \u00f6zge\u00e7mi\u015f ba\u015fvurunuzun de\u011ferlendirilebilmesini sa\u011flamak amac\u0131yla Kurum i\u00e7erisinde yer alan farkl\u0131 birimlerimiz taraf\u0131ndan, s\u00f6z konusu birimlerin faaliyet ama\u00e7lar\u0131na uygun olarak kullan\u0131lmaktad\u0131r. Tavsiye edilmeniz durumunda bilgilerin teyit edilmesi amac\u0131yla referans g\u00f6sterilen ki\u015filerle ve departman y\u00f6neticilerinin \u00c7al\u0131\u015fan Adaylar\u0131yla g\u00f6r\u00fc\u015fmeleri ger\u00e7ekle\u015ftirmesi amac\u0131yla b\u00f6l\u00fcmlerimiz aras\u0131nda payla\u015f\u0131labilmektedir. Ki\u015fisel verileriniz yukar\u0131da belirtilen ama\u00e7larla i\u015flenmektedir. Yasal \u00e7er\u00e7eveler i\u00e7inde \u00f6zel nitelikli ki\u015fisel verileriniz savunma hakk\u0131m\u0131z\u0131 kullanabilmemiz i\u00e7in avukatlar\u0131m\u0131zla ve talep gelmesi halinde mahkemelerle payla\u015f\u0131labilecektir.<\/p>\n\n\n\n<p><strong>Ki\u015fisel Verilerinizin Yurt \u0130\u00e7indeki \u00dc\u00e7\u00fcnc\u00fc Ki\u015filerle Payla\u015f\u0131l\u0131yor mu?<\/strong><\/p>\n\n\n\n<p>Kurum, Veri Sorumlusu s\u0131fat\u0131 ile i\u015fledi\u011fi \u00e7al\u0131\u015fan adaylar\u0131na ait ki\u015fisel verileri gerekli hallerde referans g\u00f6sterilen ki\u015filere sormaktad\u0131r. Burada ama\u00e7 \u00f6zge\u00e7mi\u015fte verilen bilgilerin do\u011frulu\u011funu teyit etmek \u00e7al\u0131\u015fan aday\u0131n\u0131n i\u015fe yatk\u0131nl\u0131\u011f\u0131n\u0131 ve becerisini tespit ederek verimli bir \u00e7al\u0131\u015fma ortam\u0131 yaratmakt\u0131r. Talep gelmesi durumunda verileriniz, yasal yetki sahibi kolluk kuvvetleri, yetkili di\u011fer kamu kurumlar\u0131na ve hukuki y\u00fck\u00fcml\u00fcl\u00fcklerimiz kapsam\u0131nda mahkemelere aktar\u0131labilmektedir. Kurumumuza yerle\u015ftirilen kameralardaki g\u00f6r\u00fcnt\u00fc kay\u0131tlar\u0131n\u0131z, can g\u00fcvenli\u011fi, i\u015f g\u00fcvenli\u011fi, i\u015f sa\u011fl\u0131\u011f\u0131 gere\u011fi taraf\u0131m\u0131zca i\u015flenmektedir. \u00d6zge\u00e7mi\u015finiz i\u015f bulmak amac\u0131yla izin vermeniz durumunda \u015firketlere aktar\u0131labilecektir.<\/p>\n\n\n\n<p><strong>Ki\u015fisel Verileriniz Ne kadar S\u00fcre Saklan\u0131r?<\/strong><\/p>\n\n\n\n<p>Ki\u015fisel verileriniz ve \u00f6zel nitelikli ki\u015fisel verileriniz, ilgili mevzuatta belirtilen veya i\u015flendikleri ama\u00e7 i\u00e7in gerekli olan ve her halde kanuni zamana\u015f\u0131m\u0131 s\u00fcreleri kadar muhafaza edilecektir. S\u00fcresi dolan ki\u015fisel veriler g\u00fcvenli bir \u015fekilde imha edilecektir. \u0130mha \u015fekilleri kurmu\u015f oldu\u011fumuz KVKK Ki\u015fisel Veri G\u00fcvenli\u011fi Y\u00f6netim Sistemi\u2019nde tan\u0131ml\u0131d\u0131r. \u0130\u015fe al\u0131nmayan \u00e7al\u0131\u015fan adaylar\u0131n\u0131n CV\u2019leri 6 ay sonunda imha edilir.<\/p>\n\n\n\n<p><strong>Ki\u015fisel Verileriniz ile ilgili Haklar\u0131n\u0131z Nelerdir?<\/strong><\/p>\n\n\n\n<p>6698 say\u0131l\u0131 Ki\u015fisel Verilerin Korunmas\u0131 Kanunu\u2019nun 11. maddesi gere\u011fi bize \u015fahsen, kimli\u011finizi ispat etmeniz kayd\u0131yla, ki\u015fisel verileriniz ile ilgili a\u015fa\u011f\u0131daki taleplerde bulunabilirsiniz:<\/p>\n\n\n\n<ul class=\"wp-block-list\">\n<li>Kendileri ile ilgili ki\u015fisel veri i\u015flenip i\u015flenmedi\u011fini \u00f6\u011frenme,<\/li>\n\n\n\n<li>Ki\u015fisel verileri i\u015flenmi\u015fse buna ili\u015fkin bilgi talep etme,<\/li>\n\n\n\n<li>Ki\u015fisel verilerin i\u015flenme amac\u0131n\u0131 ve bunlar\u0131n amac\u0131na uygun kullan\u0131l\u0131p kullan\u0131lmad\u0131\u011f\u0131n\u0131 \u00f6\u011frenme,<\/li>\n\n\n\n<li>Yurt i\u00e7inde veya yurt d\u0131\u015f\u0131nda ki\u015fisel verilerin aktar\u0131ld\u0131\u011f\u0131 \u00fc\u00e7\u00fcnc\u00fc ki\u015fileri bilme,&nbsp;<\/li>\n\n\n\n<li>Ki\u015fisel verilerin eksik veya yanl\u0131\u015f i\u015flenmi\u015f olmas\u0131 h\u00e2linde bunlar\u0131n d\u00fczeltilmesini isteme ve bu kapsamda yap\u0131lan i\u015flemin ki\u015fisel verilerin aktar\u0131ld\u0131\u011f\u0131 \u00fc\u00e7\u00fcnc\u00fc ki\u015filere bildirilmesini isteme,<\/li>\n\n\n\n<li>Kanun ve ilgili di\u011fer kanun h\u00fck\u00fcmlerine uygun olarak i\u015flenmi\u015f olmas\u0131na ra\u011fmen, i\u015flenmesini gerektiren sebeplerin ortadan kalkmas\u0131 h\u00e2linde ki\u015fisel verilerin silinmesini veya yok edilmesini isteme ve bu kapsamda yap\u0131lan i\u015flemin ki\u015fisel verilerin aktar\u0131ld\u0131\u011f\u0131 \u00fc\u00e7\u00fcnc\u00fc ki\u015filere bildirilmesini isteme,&nbsp;<\/li>\n<\/ul>\n\n\n\n<p>\u0130\u015flenen verilerin m\u00fcnhas\u0131ran otomatik sistemler vas\u0131tas\u0131yla analiz edilmesi suretiyle ki\u015finin kendisi aleyhine bir sonucun ortaya \u00e7\u0131kmas\u0131na itiraz etme ve ki\u015fisel verilerin kanuna ayk\u0131r\u0131 olarak i\u015flenmesi sebebiyle zarara u\u011framas\u0131 h\u00e2linde zarar\u0131n giderilmesini talep etme haklar\u0131na sahiptir.&nbsp;<\/p>\n\n\n\n<p>Ki\u015fisel verileriniz i\u015fe al\u0131nmad\u0131\u011f\u0131n\u0131z takdirde 6 ay sonra silinecektir.<\/p>\n\n\n\n<p><strong>6698 Say\u0131l\u0131 Ki\u015fisel Verilerin Korunmas\u0131 Kanunu Kapsam\u0131yla \u0130lgili Olmak \u00dczere \u0130lgili Ki\u015fi ile \u0130leti\u015fim<\/strong><\/p>\n\n\n\n<p>S\u00f6z konusu haklar\u0131n kullan\u0131m\u0131na ili\u015fkin talepler, ki\u015fisel veri sahipleri, ilgili ki\u015filer taraf\u0131ndan <a href=\"http:\/\/www.drsedattatar.com\">www.drsedattatar.com<\/a>. adresinde yer alan KVKK\/GDPR sayfas\u0131 \u00fczerinde 6698 say\u0131l\u0131 Kanun Kapsam\u0131nda Ki\u015fisel Verilerin \u0130\u015flenmesi ve Korunmas\u0131na ili\u015fkin mevzuatta belirtilen y\u00f6ntemlerle iletilebilecektir. Kurumumuz ilgili ki\u015filerin s\u00f6z konusu taleplerini de\u011ferlendirerek 30 g\u00fcn i\u00e7erisinde sonu\u00e7land\u0131racakt\u0131r.&nbsp;\u0130lgili ki\u015fi olarak 6698 say\u0131l\u0131 kanun ile ilgili taleplerinizi,&nbsp;KVKK sayfam\u0131zdan ger\u00e7ekle\u015ftirebilirsiniz. Yukar\u0131da yapt\u0131\u011f\u0131m\u0131z a\u00e7\u0131klamalarla, sizleri bilgilendirmi\u015f ve Ayd\u0131nlatma Y\u00fck\u00fcml\u00fc\u011f\u00fcm\u00fcz\u00fc yerine getirmi\u015f bulunuyoruz. Ki\u015fisel verilerinizin silinmesini, g\u00fcncellenmesini, anonimle\u015ftirilmesini, yok edilmesini veya ki\u015fisel verinizle ilgili ba\u015fka yasal taleplerinizi \u0130lgili Ki\u015fi Ba\u015fvuru Formu arac\u0131l\u0131\u011f\u0131 ile bize iletebilirsiniz. \u0130lgili ki\u015fi olarak 6698 say\u0131l\u0131 Ki\u015fisel Verilerin Korunmas\u0131 Kanunu\u2019na uygun olarak m\u00fcmk\u00fcn olan en k\u0131sa s\u00fcre veya en ge\u00e7 otuz (30) g\u00fcn i\u00e7inde ya da yasal s\u00fcreler i\u00e7inde sizlere cevap verilecektir.<\/p>\n\n\n\n<p>Yasal saklama s\u00fcrelerinin sona eren ki\u015fisel verileriniz g\u00fcvenli bir \u015fekilde ilgili yasalara uygun olarak imha edilecektir.<\/p>\n\n\n\n<p><a><strong>Veri Sorumlusu \u0130leti\u015fim Bilgileri<\/strong><\/a><\/p>\n\n\n\n<p>Veri Sorumlusu: Dr. Sedat Tatar &nbsp;<\/p>\n\n\n\n<p>Adresimiz: Levent Mahallesi, Karanfil Aral\u0131\u011f\u0131 Caddesi No:18 Be\u015fikta\u015f\/ \u0130stanbul<\/p>\n\n\n\n<p>E-Posta: info@drsedattatar.com<\/p>\n\n\n\n<p>\u0130leti\u015fim linki: <a href=\"http:\/\/www.drsedattatar.com\">www.drsedattatar.com<\/a><\/p>\n\n\n\n<h1 class=\"wp-block-heading\"><strong>\u00c7al\u0131\u015fanlar \u0130\u00e7in Ayd\u0131nlatma Metni<\/strong><\/h1>\n\n\n\n<p><strong>De\u011ferli \u00e7al\u0131\u015fanlar\u0131m\u0131z,<\/strong><\/p>\n\n\n\n<p><strong>6698 Say\u0131l\u0131 Ki\u015fisel Verilerin Korunmas\u0131 Kanunu Hakk\u0131nda Bilgilendirme<\/strong><\/p>\n\n\n\n<p>Dr. Sedat Tatar Muayenehanesi olarak ki\u015fisel verilerin i\u015flenmesinde ba\u015fta \u00f6zel hayat\u0131n gizlili\u011fi olmak \u00fczere ilgili ki\u015filerin temel hak ve \u00f6zg\u00fcrl\u00fcklerini korumak ve ki\u015fisel verileri i\u015fleyen ger\u00e7ek ve t\u00fczel ki\u015filerin y\u00fck\u00fcml\u00fcl\u00fckleri ile uyacaklar\u0131 usul ve esaslar\u0131 d\u00fczenleyen 6698 say\u0131l\u0131 Ki\u015fisel Verilerin Korunmas\u0131 Kanunu (KVKK) uyum \u00e7al\u0131\u015fmalar\u0131 devam ediyor. Ki\u015fisel verileriniz Veri Sorumlusu Dr. Sedat Tatar Muayenehanesi taraf\u0131ndan a\u015fa\u011f\u0131da a\u00e7\u0131klanan kapsamda i\u015flenebilecektir. \u00d6ncelikle size baz\u0131 tan\u0131mlarla ilgili bilgi vermek istiyoruz.<\/p>\n\n\n\n<p><strong>Kanunla \u0130lgili Baz\u0131 Terimler, Tan\u0131mlar<\/strong><\/p>\n\n\n\n<p><strong>Ki\u015fisel veri:<\/strong>&nbsp; Bu kanun kapsam\u0131nda ki\u015fisel veriler \u201ckimli\u011fi belirli veya belirlenebilir ger\u00e7ek ki\u015fiye ili\u015fkin her t\u00fcrl\u00fc bilgi\u201d olarak; i\u015fleme ise \u201cki\u015fisel verilerin tamamen veya k\u0131smen otomatik olan ya da herhangi bir veri kay\u0131t sisteminin par\u00e7as\u0131 olmak kayd\u0131yla otomatik olmayan yollarla elde edilmesi, kaydedilmesi, depolanmas\u0131, muhafaza edilmesi, de\u011fi\u015ftirilmesi, yeniden d\u00fczenlenmesi, a\u00e7\u0131klanmas\u0131, aktar\u0131lmas\u0131, devral\u0131nmas\u0131, elde edilebilir h\u00e2le getirilmesi, s\u0131n\u0131fland\u0131r\u0131lmas\u0131 ya da kullan\u0131lmas\u0131n\u0131n engellenmesi gibi veriler \u00fczerinde ger\u00e7ekle\u015ftirilen her t\u00fcrl\u00fc i\u015flem\u201d olarak tan\u0131mlanmaktad\u0131r.<\/p>\n\n\n\n<p><strong>\u00d6zel nitelikli ki\u015fisel veri:<\/strong> Ki\u015filerin \u0131rk\u0131, etnik k\u00f6keni, siyasi d\u00fc\u015f\u00fcncesi, felsefi inanc\u0131, dini, mezhebi veya di\u011fer inan\u00e7lar\u0131, k\u0131l\u0131k ve k\u0131yafeti, dernek, vak\u0131f ya da sendika \u00fcyeli\u011fi, sa\u011fl\u0131\u011f\u0131, cinsel hayat\u0131, ceza mahk\u00fbmiyeti ve g\u00fcvenlik tedbirleriyle ilgili verileri ile biyometrik ve genetik verileri gibi bilgilerdir.<\/p>\n\n\n\n<p><strong>Ki\u015fisel verilerin i\u015flenmesi:<\/strong> \u201cKi\u015fisel verilerin tamamen veya k\u0131smen otomatik olan ya da herhangi bir veri kay\u0131t sisteminin par\u00e7as\u0131 olmak kayd\u0131yla otomatik olmayan yollarla elde edilmesi, kaydedilmesi, depolanmas\u0131, muhafaza edilmesi, de\u011fi\u015ftirilmesi, yeniden d\u00fczenlenmesi, a\u00e7\u0131klanmas\u0131, aktar\u0131lmas\u0131, devral\u0131nmas\u0131, elde edilebilir h\u00e2le getirilmesi, s\u0131n\u0131fland\u0131r\u0131lmas\u0131 ya da kullan\u0131lmas\u0131n\u0131n engellenmesi gibi veriler \u00fczerinde ger\u00e7ekle\u015ftirilen her t\u00fcrl\u00fc i\u015flemi\u201d \u015feklinde ifade edilmektedir.<\/p>\n\n\n\n<p><strong>A\u00e7\u0131k R\u0131za:<\/strong> Ki\u015fisel veriler ile ilgili \u201cbelirli bir konuya ili\u015fkin, bilgilendirilmeye dayanan ve \u00f6zg\u00fcr iradeyle a\u00e7\u0131klanan r\u0131za\u201d \u015feklinde tan\u0131mlanm\u0131\u015ft\u0131r.&nbsp; Veri Sorumlusu olarak kanun kapsam\u0131nda y\u00fck\u00fcml\u00fcl\u00fcklerimizi yerine getirmek amac\u0131yla sizleri bilgilendirmek ve a\u00e7\u0131k r\u0131zan\u0131z\u0131 almak istiyoruz.<\/p>\n\n\n\n<p><strong>KVKK:<\/strong> Ki\u015fisel Verilerin Korunmas\u0131 Kanunu<\/p>\n\n\n\n<p><strong>\u0130lgili Ki\u015fi:<\/strong> Kanunda kapsam\u0131nda yaln\u0131zca ger\u00e7ek ki\u015filerin verileri korunmaktad\u0131r. Bu nedenle, Kanunda ki\u015fisel verisi i\u015flenen ger\u00e7ek ki\u015fiyi ifade etmek i\u00e7in \u201cilgili ki\u015fi\u201d ifadesi kullan\u0131lm\u0131\u015ft\u0131r. Korunmas\u0131 gereken ki\u015fi, d\u00fczenlemenin tan\u0131mlar k\u0131sm\u0131nda a\u00e7\u0131k\u00e7a belirtildi\u011fi \u00fczere \u201cger\u00e7ek ki\u015fi\u201ddir.<\/p>\n\n\n\n<p><strong>Ki\u015fisel Verileriniz Hangi Hallerde ve Hangi Ama\u00e7larla \u0130\u015flenebilecektir?<\/strong><\/p>\n\n\n\n<p>6698 say\u0131l\u0131 Ki\u015fisel Verilerin Korunmas\u0131 Kanunu\u2019nun 5. Maddesinde yer alan \u015fartlara g\u00f6re, kural olarak ki\u015fisel veriler ilgili ki\u015finin a\u00e7\u0131k r\u0131zas\u0131 olmaks\u0131z\u0131n i\u015flenemez.&nbsp; Ancak a\u015fa\u011f\u0131daki \u015fartlardan birinin varl\u0131\u011f\u0131 h\u00e2linde, ilgili ki\u015finin a\u00e7\u0131k r\u0131zas\u0131 aranmaks\u0131z\u0131n ki\u015fisel verilerinin i\u015flenmesi m\u00fcmk\u00fcnd\u00fcr:<\/p>\n\n\n\n<ol start=\"1\" class=\"wp-block-list\">\n<li>Kanunlarda a\u00e7\u0131k\u00e7a \u00f6ng\u00f6r\u00fclmesi.<\/li>\n\n\n\n<li>Fiili imk\u00e2ns\u0131zl\u0131k nedeniyle r\u0131zas\u0131n\u0131 a\u00e7\u0131klayamayacak durumda bulunan veya r\u0131zas\u0131na hukuki ge\u00e7erlilik tan\u0131nmayan ki\u015finin kendisinin ya da bir ba\u015fkas\u0131n\u0131n hayat\u0131 veya beden b\u00fct\u00fcnl\u00fc\u011f\u00fcn\u00fcn korunmas\u0131 i\u00e7in zorunlu olmas\u0131.<\/li>\n\n\n\n<li>Bir s\u00f6zle\u015fmenin kurulmas\u0131 veya ifas\u0131yla do\u011frudan do\u011fruya ilgili olmas\u0131 kayd\u0131yla, s\u00f6zle\u015fmenin taraflar\u0131na ait ki\u015fisel verilerin i\u015flenmesinin gerekli olmas\u0131.<\/li>\n\n\n\n<li>Veri sorumlusunun hukuki y\u00fck\u00fcml\u00fcl\u00fc\u011f\u00fcn\u00fc yerine getirebilmesi i\u00e7in zorunlu olmas\u0131.<\/li>\n\n\n\n<li>\u0130lgili ki\u015finin kendisi taraf\u0131ndan alenile\u015ftirilmi\u015f olmas\u0131.<\/li>\n\n\n\n<li>Bir hakk\u0131n tesisi, kullan\u0131lmas\u0131 veya korunmas\u0131 i\u00e7in veri i\u015flemenin zorunlu olmas\u0131.<\/li>\n\n\n\n<li>\u0130lgili ki\u015finin temel hak ve \u00f6zg\u00fcrl\u00fcklerine zarar vermemek kayd\u0131yla, veri sorumlusunun me\u015fru menfaatleri i\u00e7in veri i\u015flenmesinin zorunlu olmas\u0131.<\/li>\n<\/ol>\n\n\n\n<p>\u00d6zel nitelikli ki\u015fisel veriler de Ki\u015fisel Verileri Koruma Kanunu\u2019nun 6. Maddesine g\u00f6re, ilgilinin a\u00e7\u0131k r\u0131zas\u0131 olmaks\u0131z\u0131n i\u015flenmesi yasakt\u0131r. \u00d6zel nitelikli ki\u015fisel veriler: Ki\u015filerin \u0131rk\u0131, etnik k\u00f6keni, siyasi d\u00fc\u015f\u00fcncesi, felsefi inanc\u0131, dini, mezhebi veya di\u011fer inan\u00e7lar\u0131, k\u0131l\u0131k ve k\u0131yafeti, dernek, vak\u0131f ya da sendika \u00fcyeli\u011fi, sa\u011fl\u0131\u011f\u0131, cinsel hayat\u0131, ceza mahk\u00fbmiyeti ve g\u00fcvenlik tedbirleriyle ilgili verileri ile biyometrik ve genetik verileri \u00f6zel nitelikli ki\u015fisel veridir.<\/p>\n\n\n\n<p>Ancak, yukar\u0131da belirtilen sa\u011fl\u0131k ve cinsel hayat d\u0131\u015f\u0131ndaki \u00f6zel nitelikli ki\u015fisel veriler de kanunlarda \u00f6ng\u00f6r\u00fclen h\u00e2llerde ilgili ki\u015finin a\u00e7\u0131k r\u0131zas\u0131 aranmaks\u0131z\u0131n i\u015flenebilir. Sa\u011fl\u0131k ve cinsel hayata ili\u015fkin ki\u015fisel veriler ise ancak kamu sa\u011fl\u0131\u011f\u0131n\u0131n korunmas\u0131, koruyucu hekimlik, t\u0131bb\u00ee te\u015fhis, tedavi ve bak\u0131m hizmetlerinin y\u00fcr\u00fct\u00fclmesi, sa\u011fl\u0131k hizmetleri ile finansman\u0131n\u0131n planlanmas\u0131 ve y\u00f6netimi amac\u0131yla, s\u0131r saklama y\u00fck\u00fcml\u00fcl\u00fc\u011f\u00fc alt\u0131nda bulunan ki\u015filer veya yetkili kurum ve kurulu\u015flar taraf\u0131ndan ilgilinin a\u00e7\u0131k r\u0131zas\u0131 aranmaks\u0131z\u0131n i\u015flenebilir.<\/p>\n\n\n\n<p>\u00d6zel nitelikli ki\u015fisel verilerin i\u015flenmesinde, ayr\u0131ca Kurul taraf\u0131ndan belirlenen yeterli \u00f6nlemlerin al\u0131nmas\u0131 \u015fartt\u0131r.<\/p>\n\n\n\n<p>Ki\u015fisel verileriniz Dr. Sedat Tatar Muayenehanesi taraf\u0131ndan yukar\u0131da belirtilen ki\u015fisel veri i\u015fleme \u015fartlar\u0131na g\u00f6re a\u015fa\u011f\u0131daki ama\u00e7lar i\u00e7in i\u015flenebilecektir:<\/p>\n\n\n\n<p><strong>Ki\u015fisel Verileriniz A\u015fa\u011f\u0131daki Ama\u00e7lar \u0130\u00e7in Dr. Sedat Tatar Muayenehanesi Taraf\u0131ndan \u0130\u015flenecektir;<\/strong><\/p>\n\n\n\n<ol start=\"1\" class=\"wp-block-list\">\n<li>Bilgi G\u00fcvenli\u011fi S\u00fcrelerinin y\u00fcr\u00fct\u00fclmesi, \u00c7al\u0131\u015fanlar \u0130\u00e7in Yan Haklar Ve Menfaatleri S\u00fcre\u00e7lerinin Y\u00fcr\u00fct\u00fclmesi; Denetim\/Etik Faaliyetlerinin Y\u00fcr\u00fct\u00fclmesi; Eri\u015fim Yetkilerinin Y\u00fcr\u00fct\u00fclmesi; Kurumsal ileti\u015fimin y\u00fcr\u00fct\u00fclebilmesi<\/li>\n\n\n\n<li>\u0130\u015f sa\u011fl\u0131\u011f\u0131 ve g\u00fcvenli\u011fini \u00e7al\u0131\u015fmalar\u0131n\u0131n y\u00fcr\u00fct\u00fclmesi ve yasal y\u00fck\u00fcml\u00fcl\u00fcklerimizin yerine getirilmesi: Acil durum s\u00fcre\u00e7lerinin y\u00fcr\u00fct\u00fclmesi ve acil durum operasyonlar\u0131n\u0131n y\u00fcr\u00fct\u00fclmesi, acil durum analiz raporlar\u0131n\u0131n olu\u015fturulmas\u0131, i\u015f kazas\u0131 muayenelerinin ger\u00e7ekle\u015ftirilebilmesi, i\u015fe giri\u015f muayenesinin yap\u0131lmas\u0131, i\u015fyeri hekiminden sa\u011fl\u0131k raporu elde edilmesine ba\u011fl\u0131 s\u00fcre\u00e7lerin y\u00fcr\u00fct\u00fclmesi, r\u0131za vermeniz halinde, tespit edilen sa\u011fl\u0131k durumunuza g\u00f6re pozisyon de\u011fi\u015fikliklerinin yap\u0131lmas\u0131 ve bu yolla sa\u011fl\u0131\u011f\u0131n\u0131z i\u00e7in uygun olan i\u015f pozisyonlar\u0131n\u0131n sizlere sa\u011flanmas\u0131,<\/li>\n\n\n\n<li>\u0130nsan kaynaklar\u0131 politikalar\u0131n\u0131n y\u00fcr\u00fct\u00fclmesi, \u00e7al\u0131\u015fanlara \u00fccretlerinin \u00f6denebilmesi,<\/li>\n\n\n\n<li>Kurumumuz ile yap\u0131lan i\u015f s\u00f6zle\u015fmelerinde yer alan ama\u00e7lar do\u011frultusunda, performans y\u00f6netim sistemlerinin geli\u015ftirilmesi,<\/li>\n\n\n\n<li>Dr. Sedat Tatar Muayenehanesi ile i\u015f ili\u015fkinizin sona ermesi akabinde, tercihinize ba\u011fl\u0131 olarak dolduraca\u011f\u0131n\u0131z \u00e7\u0131k\u0131\u015f m\u00fclakat formlar\u0131 vas\u0131tas\u0131yla insan kaynaklar\u0131 s\u00fcre\u00e7lerimizin iyile\u015ftirilmesi,<\/li>\n\n\n\n<li>Gerekli hallerde yurt i\u00e7i ve yurt d\u0131\u015f\u0131 g\u00f6revlendirmelerinin yap\u0131lmas\u0131,<\/li>\n\n\n\n<li>\u00d6zl\u00fck haklar\u0131 dosyalar\u0131n\u0131z\u0131n olu\u015fturulmas\u0131,<\/li>\n\n\n\n<li>Hastal\u0131k raporlar\u0131n\u0131n nedenlerinin toplanmas\u0131,<\/li>\n\n\n\n<li>Dr. Sedat Tatar Muayenehanesi i\u00e7inde ve d\u0131\u015f\u0131nda temsil ile g\u00f6revlendirilme kapsam\u0131nda ger\u00e7ekle\u015ftirilecek vek\u00e2letname ve imza sirk\u00fcleri s\u00fcre\u00e7lerinin y\u00f6netilmesi,<\/li>\n\n\n\n<li>R\u0131za vermeniz halinde, etkinlik y\u00f6netimi, kurum i\u00e7i e\u011fitim, tan\u0131t\u0131m ve kurumsal ileti\u015fim \u00e7al\u0131\u015fmalar\u0131 amac\u0131yla foto\u011fraf ve g\u00f6r\u00fcnt\u00fclerinizin i\u015flenmesine ili\u015fkin s\u00fcre\u00e7lerin y\u00fcr\u00fct\u00fclmesi,<\/li>\n\n\n\n<li>E\u011fitim faaliyetlerinin y\u00fcr\u00fct\u00fclmesi, kariyer faaliyetlerinin y\u00fcr\u00fct\u00fclebilmesi,<\/li>\n\n\n\n<li>Mal Beyan\u0131 gibi kanuni y\u00fck\u00fcml\u00fcl\u00fcklerin yerine getirilmesi<\/li>\n\n\n\n<li>\u0130dari ve hukuki y\u00fck\u00fcml\u00fcklerimiz gere\u011finin yerine getirilebilmesi,<\/li>\n<\/ol>\n\n\n\n<ol start=\"14\" class=\"wp-block-list\">\n<li>Ye\u015fil pasaport, g\u00f6revli pasaportu gibi i\u015f ve i\u015flemlerin yerine getirilmesi<\/li>\n\n\n\n<li>PDKS kontroll\u00fc giri\u015f \u00e7\u0131k\u0131\u015f ve fazla mesailerin hesaplanabilmesi<\/li>\n\n\n\n<li>Kamu sa\u011fl\u0131\u011f\u0131, halk sa\u011fl\u0131\u011f\u0131 nedeniyle salg\u0131n hastal\u0131klarla m\u00fccadele kapsam\u0131nda al\u0131nan yasal verilerin al\u0131nabilmesi.<\/li>\n<\/ol>\n\n\n\n<p><strong>\u0130\u015flenen ki\u015fisel verileriniz nelerdir?<\/strong><\/p>\n\n\n\n<p>Ad\u0131n\u0131z, soyad\u0131n\u0131z, do\u011fum yeri\/tarihi, T.C. kimlik numarac\u0131n\u0131z, n\u00fcfus kay\u0131t bilgileri, &nbsp;n\u00fcfus c\u00fczdan fotokopisi, SGK hizmet d\u00f6k\u00fcm\u00fc, varsa \u0130\u015eKUR kayd\u0131,&nbsp; varsa ehliyet fotokopisi, sa\u011fl\u0131k raporlar\u0131 (akci\u011fer raporu ve filmi, duyma testi, solunum fonksiyon testi, kan grubu kart\u0131 fotokopisi, tetanoz a\u015f\u0131 bilgisi) diploma, kurs, varsa mesleki yeterlilik, kalfal\u0131k ustal\u0131k belgesi, mel beyan\u0131, pasaport ba\u015fvuru belgeleri gibi bilgileriniz, varsa askerlik durum bilgisi, adli sicil kayd\u0131, ikametg\u00e2h, banka hesap bilgisi, varsa \u00e7ocuklara ait kimlik bilgileri, varsa evlilik durum bilgileri, foto\u011fraf gibi g\u00f6rsel-i\u015fitsel bilgiler, k\u0131yafet beden bilgileri, HES kodu bilgileri. Kurumumuz taraf\u0131ndan yukar\u0131da a\u00e7\u0131klanan kimlik, verileriniz, ileti\u015fim verileriniz, g\u00f6rsel-i\u015fitsel verileriniz, sa\u011fl\u0131k verileriniz i\u015f amac\u0131yla \u00f6l\u00e7\u00fcl\u00fc ve k\u0131s\u0131tl\u0131 olarak i\u015flenip gerekli hallerde yasaya uygun bir \u015fekilde ilgili kurumlara aktar\u0131lmaktad\u0131r. Ki\u015fisel verilerin aktar\u0131lmas\u0131 ba\u015fl\u0131\u011f\u0131n\u0131 ta\u015f\u0131yan 6698 say\u0131l\u0131 KVK K. m.8\u2019e g\u00f6re, ki\u015fisel veriler, ilgili ki\u015finin a\u00e7\u0131k r\u0131zas\u0131 olmaks\u0131z\u0131n aktar\u0131lamaz.<\/p>\n\n\n\n<p><strong>\u0130\u015flenen Ki\u015fisel Verileriniz Kimlere, Hangi Ama\u00e7la Aktar\u0131labilecektir?<\/strong><\/p>\n\n\n\n<p>Ki\u015fisel verilerin aktar\u0131lmas\u0131 ba\u015fl\u0131\u011f\u0131n\u0131 ta\u015f\u0131yan 6698 say\u0131l\u0131 KVK K. m.8\u2019e g\u00f6re, ki\u015fisel veriler, ilgili ki\u015finin a\u00e7\u0131k r\u0131zas\u0131 olmaks\u0131z\u0131n aktar\u0131lamaz.<\/p>\n\n\n\n<p>Ki\u015fisel veriler; ki\u015fisel veri sahibinin a\u00e7\u0131k r\u0131zas\u0131 aranmaks\u0131z\u0131n i\u015flenebildi\u011fi hallerde a\u00e7\u0131k r\u0131za aranmaks\u0131z\u0131n \u00fc\u00e7\u00fcnc\u00fc ki\u015filere de aktar\u0131labilir. Ayn\u0131 \u015fekilde yeterli \u00f6nlemler al\u0131nmak kayd\u0131yla, sa\u011fl\u0131k ve cinsel hayat d\u0131\u015f\u0131ndaki \u00f6zel nitelikli ki\u015fisel verilerde, kanunlarda \u00f6ng\u00f6r\u00fclen h\u00e2llerde ilgili ki\u015finin a\u00e7\u0131k r\u0131zas\u0131 aranmaks\u0131z\u0131n aktar\u0131labilir. Sa\u011fl\u0131k ve cinsel hayata ili\u015fkin ki\u015fisel veriler ise ancak kamu sa\u011fl\u0131\u011f\u0131n\u0131n korunmas\u0131, koruyucu hekimlik, t\u0131bb\u00ee te\u015fhis, tedavi ve bak\u0131m hizmetlerinin y\u00fcr\u00fct\u00fclmesi, sa\u011fl\u0131k hizmetleri ile finansman\u0131n\u0131n planlanmas\u0131 ve y\u00f6netimi amac\u0131yla, s\u0131r saklama y\u00fck\u00fcml\u00fcl\u00fc\u011f\u00fc alt\u0131nda bulunan ki\u015filer veya yetkili kurum ve kurulu\u015flar taraf\u0131ndan ilgilinin a\u00e7\u0131k r\u0131zas\u0131 aranmaks\u0131z\u0131n aktar\u0131labilir.<\/p>\n\n\n\n<p>Ki\u015fisel verilerin aktar\u0131lmas\u0131na ili\u015fkin di\u011fer kanunlarda yer alan h\u00fck\u00fcmler sakl\u0131d\u0131r.<\/p>\n\n\n\n<p>Ki\u015fisel verilerin yurt d\u0131\u015f\u0131na aktar\u0131lmas\u0131 ba\u015fl\u0131\u011f\u0131n\u0131 ta\u015f\u0131yan KVKK\u2019n\u0131n 9.maddesine g\u00f6re,<strong>&nbsp;<\/strong>ki\u015fisel veriler, kural olarak ilgili ki\u015finin a\u00e7\u0131k r\u0131zas\u0131 olmaks\u0131z\u0131n yurt d\u0131\u015f\u0131na aktar\u0131lamaz. Ancak ki\u015fisel veriler, ki\u015fisel verilerin a\u00e7\u0131k r\u0131zas\u0131 aranmaks\u0131z\u0131n i\u015flenebildi\u011fi hallerde \u00fc\u00e7\u00fcnc\u00fc ki\u015filere de aktar\u0131labilir. Ayn\u0131 \u015fekilde yeterli \u00f6nlemler al\u0131nmak kayd\u0131yla, sa\u011fl\u0131k ve cinsel hayat d\u0131\u015f\u0131ndaki \u00f6zel nitelikli ki\u015fisel veriler, kanunlarda \u00f6ng\u00f6r\u00fclen h\u00e2llerde ilgili ki\u015finin a\u00e7\u0131k r\u0131zas\u0131 aranmaks\u0131z\u0131n yurt d\u0131\u015f\u0131na aktar\u0131labilir. Sa\u011fl\u0131k ve cinsel hayata ili\u015fkin ki\u015fisel veriler ise ancak kamu sa\u011fl\u0131\u011f\u0131n\u0131n korunmas\u0131, koruyucu hekimlik, t\u0131bb\u00ee te\u015fhis, tedavi ve bak\u0131m hizmetlerinin y\u00fcr\u00fct\u00fclmesi, sa\u011fl\u0131k hizmetleri ile finansman\u0131n\u0131n planlanmas\u0131 ve y\u00f6netimi amac\u0131yla, s\u0131r saklama y\u00fck\u00fcml\u00fcl\u00fc\u011f\u00fc alt\u0131nda bulunan ki\u015filer veya yetkili kurum ve kurulu\u015flar taraf\u0131ndan ilgilinin a\u00e7\u0131k r\u0131zas\u0131 aranmaks\u0131z\u0131n yurt d\u0131\u015f\u0131na aktar\u0131labilir. Yeterli koruman\u0131n bulunmamas\u0131 durumunda T\u00fcrkiye\u2019deki ve ilgili yabanc\u0131 \u00fclkedeki veri sorumlular\u0131n\u0131n yeterli bir korumay\u0131 yaz\u0131l\u0131 olarak taahh\u00fct etmeleri ve Kurulun izninin bulunmas\u0131, kayd\u0131yla ilgili ki\u015finin a\u00e7\u0131k r\u0131zas\u0131 aranmaks\u0131z\u0131n yurt d\u0131\u015f\u0131na aktar\u0131labilir.<\/p>\n\n\n\n<p>Yeterli koruman\u0131n bulundu\u011fu \u00fclkeler Kurulca belirlenerek ilan edilir.<\/p>\n\n\n\n<p>Ki\u015fisel verilerin yurt d\u0131\u015f\u0131na aktar\u0131lmas\u0131na ili\u015fkin di\u011fer kanunlarda yer alan h\u00fck\u00fcmler sakl\u0131d\u0131r.<\/p>\n\n\n\n<p>Yukar\u0131da belirtilen d\u00fczenlemelere uygun olarak i\u015flenen&nbsp;<strong>ki\u015fisel verileriniz;<\/strong><\/p>\n\n\n\n<p>\u0130\u015f s\u00f6zle\u015fmenizde yer alan ama\u00e7lar do\u011frultusunda, etkili \u00e7al\u0131\u015fan y\u00f6netiminin s\u00fcrd\u00fcr\u00fclmesi ve geli\u015ftirilmesi, s\u00f6zle\u015fmeden do\u011fan y\u00fck\u00fcml\u00fcl\u00fcklerin yerine getirilmesi, \u00e7al\u0131\u015fanlar\u0131n performanslar\u0131n\u0131n de\u011ferlendirilmesi, i\u015f g\u00fcvenli\u011finin sa\u011flanmas\u0131 amac\u0131yla ki\u015fisel verileriniz i\u015flenebilir.<\/p>\n\n\n\n<p><strong>Ki\u015fisel Verilerin Toplanma Y\u00f6ntemi ve Hukuki Sebebi<\/strong><\/p>\n\n\n\n<p>Ki\u015fisel verileriniz, matbu ortamlar, elektronik ortamlar, yaz\u0131l\u0131mlar, CD, DVD, USB, fotokopi, yaz\u0131c\u0131, video, foto\u011fraf makinas\u0131, telefon, tablet, web sayfas\u0131 gibi ortamlar \u00fczerinden k\u0131smen veya tamamen otomatik olarak ya da herhangi bir kay\u0131t sisteminin par\u00e7as\u0131 olarak toplanmaktad\u0131r. Bu ki\u015fisel veriler \u0130\u015f Kanunu gere\u011fi, \u0130\u015f Sa\u011fl\u0131\u011f\u0131 ve G\u00fcvenli\u011fi mevzuat\u0131 gere\u011fi, \u0130nternet Ortam\u0131nda Yap\u0131lan Yay\u0131nlar\u0131n D\u00fczenlenmesi ve Bu Yay\u0131nlar Yoluyla \u0130\u015flenen Su\u00e7larla M\u00fccadele Edilmesi Hakk\u0131nda Kanun gere\u011fi, 6563 say\u0131l\u0131 Elektronik Ticaretin D\u00fczenlenmesi Kanunu gere\u011fi, T\u00fcrk Ticaret Kanunu gere\u011fi, Vergi Usul Kanunu, T\u00fcrk Bor\u00e7lar Kanunu, T\u00fcrk Ceza Kanunu, Sosyal Sigortalar ve Genel Sa\u011fl\u0131k Sigortas\u0131 Kanunu, 6698 say\u0131l\u0131 Ki\u015fisel Verilerin Korunmas\u0131 Kanunu gibi ilgili di\u011fer mevzuat gere\u011fi toplanmaktad\u0131r. Ki\u015fisel verileriniz, bir s\u00f6zle\u015fmenin ifas\u0131 i\u00e7in, kanunlarda \u00f6ng\u00f6r\u00fclmesi halinde; bir hukuki y\u00fck\u00fcml\u00fcl\u00fc\u011f\u00fcn yerine getirilmesi amac\u0131yla, veri sorumlusunun me\u015fru menfaati gere\u011fi veya farkl\u0131 yasal hukuki sebeplerle toplanmakta ve i\u015flenmektedir.<\/p>\n\n\n\n<p><strong>Ki\u015fisel Verilerin Aktar\u0131lmas\u0131 Hususu<\/strong><\/p>\n\n\n\n<p>Ki\u015fisel verileriniz, talep edilmesi durumunda yasalara uygun olarak kolluk kuvvetlerine, mahkemelere, gerekli olmas\u0131 durumunda T.C. Adalet Bakanl\u0131\u011f\u0131, T.C. \u00c7al\u0131\u015fma ve Sosyal G\u00fcvenlik Bakanl\u0131\u011f\u0131, T.C. \u0130\u00e7i\u015fleri Bakanl\u0131\u011f\u0131, T.C. Sa\u011fl\u0131k Bakanl\u0131\u011f\u0131, Ki\u015fisel Verileri Koruma Kurumu, T\u00fcrkiye \u0130\u015f Kurumu, BTK gibi kamu kurumlar\u0131na aktar\u0131labilecektir. Baz\u0131 ki\u015fisel verileriniz i\u015f i\u00e7in gerekli olmas\u0131 durumunda i\u015f ile ilgili \u00f6l\u00e7\u00fcl\u00fc ve k\u0131s\u0131tl\u0131 olarak birlikte i\u015f yapm\u0131\u015f oldu\u011fumuz firmalara, dan\u0131\u015fmanlara, avukatlara, i\u015f ile ilgili olarak veri i\u015fleyen firmalara aktar\u0131labilecektir.<\/p>\n\n\n\n<p><strong>&nbsp;Dr. Sedat Tatar Muayenehanesi olarak Ki\u015fisel Veri G\u00fcvenli\u011fine \u0130li\u015fkin Y\u00fck\u00fcml\u00fcl\u00fcklerimiz;<\/strong><\/p>\n\n\n\n<p>Ki\u015fisel verilerin hukuka ayk\u0131r\u0131 olarak i\u015flenmesini \u00f6nlemek, ki\u015fisel verilere hukuka ayk\u0131r\u0131 olarak eri\u015filmesini \u00f6nlemek, ki\u015fisel verilerin muhafazas\u0131n\u0131 sa\u011flamak, amac\u0131yla uygun g\u00fcvenlik d\u00fczeyini temin etmeye y\u00f6nelik gerekli her t\u00fcrl\u00fc teknik ve idari tedbirleri almak zorundad\u0131r. Veri sorumlusu, ki\u015fisel verilerin kendi ad\u0131na ba\u015fka bir ger\u00e7ek veya t\u00fczel ki\u015fi taraf\u0131ndan i\u015flenmesi h\u00e2linde, birinci f\u0131krada belirtilen tedbirlerin al\u0131nmas\u0131 hususunda bu ki\u015filerle birlikte m\u00fc\u015ftereken sorumludur. Veri sorumlusu, kendi kurum veya kurulu\u015funda, bu Kanun h\u00fck\u00fcmlerinin uygulanmas\u0131n\u0131 sa\u011flamak amac\u0131yla gerekli denetimleri yapmak veya yapt\u0131rmak zorundad\u0131r. Veri sorumlular\u0131 ile veri i\u015fleyen ki\u015filer, \u00f6\u011frendikleri ki\u015fisel verileri bu Kanun h\u00fck\u00fcmlerine ayk\u0131r\u0131 olarak ba\u015fkas\u0131na a\u00e7\u0131klayamaz ve i\u015fleme amac\u0131 d\u0131\u015f\u0131nda kullanamazlar. Bu y\u00fck\u00fcml\u00fcl\u00fck g\u00f6revden ayr\u0131lmalar\u0131ndan sonra da devam eder. \u0130\u015flenen ki\u015fisel verilerin kanuni olmayan yollarla ba\u015fkalar\u0131 taraf\u0131ndan elde edilmesi h\u00e2linde, veri sorumlusu bu durumu en k\u0131sa s\u00fcrede ilgilisine ve Kurula bildirir. Kurul, gerekmesi h\u00e2linde bu durumu, kendi internet sitesinde ya da uygun g\u00f6rece\u011fi ba\u015fka bir y\u00f6ntemle ilan edebilir.<\/p>\n\n\n\n<p><strong>6698 Say\u0131l\u0131 Kanun\u2019un 11. Maddesi Uyar\u0131nca Ki\u015fisel Veri Sahiplerinin (\u0130lgili Ki\u015fi) Haklar\u0131 Nelerdir?<\/strong><\/p>\n\n\n\n<ol start=\"1\" class=\"wp-block-list\">\n<li>Kendileri ile ilgili ki\u015fisel veri i\u015flenip i\u015flenmedi\u011fini \u00f6\u011frenme,<\/li>\n\n\n\n<li>Ki\u015fisel verileri i\u015flenmi\u015fse buna ili\u015fkin bilgi talep etme,<\/li>\n\n\n\n<li>Ki\u015fisel verilerin i\u015flenme amac\u0131n\u0131 ve bunlar\u0131n amac\u0131na uygun kullan\u0131l\u0131p kullan\u0131lmad\u0131\u011f\u0131n\u0131 \u00f6\u011frenme,<\/li>\n\n\n\n<li>Yurt i\u00e7inde veya yurt d\u0131\u015f\u0131nda ki\u015fisel verilerin aktar\u0131ld\u0131\u011f\u0131 \u00fc\u00e7\u00fcnc\u00fc ki\u015fileri bilme,&nbsp;<\/li>\n\n\n\n<li>Ki\u015fisel verilerin eksik veya yanl\u0131\u015f i\u015flenmi\u015f olmas\u0131 h\u00e2linde bunlar\u0131n d\u00fczeltilmesini isteme ve bu kapsamda yap\u0131lan i\u015flemin ki\u015fisel verilerin aktar\u0131ld\u0131\u011f\u0131 \u00fc\u00e7\u00fcnc\u00fc ki\u015filere bildirilmesini isteme,<\/li>\n\n\n\n<li>Kanun ve ilgili di\u011fer kanun h\u00fck\u00fcmlerine uygun olarak i\u015flenmi\u015f olmas\u0131na ra\u011fmen, i\u015flenmesini gerektiren sebeplerin ortadan kalkmas\u0131 h\u00e2linde ki\u015fisel verilerin silinmesini veya yok edilmesini isteme ve bu kapsamda yap\u0131lan i\u015flemin ki\u015fisel verilerin aktar\u0131ld\u0131\u011f\u0131 \u00fc\u00e7\u00fcnc\u00fc ki\u015filere bildirilmesini isteme,&nbsp;<\/li>\n\n\n\n<li>\u0130\u015flenen verilerin m\u00fcnhas\u0131ran otomatik sistemler vas\u0131tas\u0131yla analiz edilmesi suretiyle ki\u015finin kendisi aleyhine bir sonucun ortaya \u00e7\u0131kmas\u0131na itiraz etme ve ki\u015fisel verilerin kanuna ayk\u0131r\u0131 olarak i\u015flenmesi sebebiyle zarara u\u011framas\u0131 h\u00e2linde zarar\u0131n giderilmesini talep etme haklar\u0131na sahiptir.&nbsp;<\/li>\n<\/ol>\n\n\n\n<p><strong>Ki\u015fisel Verilerinizi Saklama ve \u0130mha S\u00fcreleri ve \u0130mha Y\u00f6ntemleri<\/strong><\/p>\n\n\n\n<p>Kurumumuzda i\u015flenen ki\u015fisel veriler, ilgili mevzuatta \u00f6ng\u00f6r\u00fclen s\u00fcre kadar muhafaza edilir. Muhafazas\u0131na gerek kalmayan veriler, bilgiler, dok\u00fcmanlar ilgili i\u00e7 mevzuat\u0131m\u0131z ve yasal mevzuatlara uygun olarak g\u00fcvenli bir \u015fekilde imha edilir. Ki\u015fisel veriler; Ba\u015fta 6698 say\u0131l\u0131 Ki\u015fisel Verilerin Korunmas\u0131 Kanunu olmak \u00fczere, 6098 say\u0131l\u0131 T\u00fcrk Bor\u00e7lar Kanunu,&nbsp; 5510 say\u0131l\u0131 Sosyal Sigortalar ve Genel Sa\u011fl\u0131k Sigortas\u0131 Kanunu, 5651 say\u0131l\u0131 \u0130nternet Ortam\u0131nda Yap\u0131lan Yay\u0131nlar\u0131n D\u00fczenlenmesi ve Bu Yay\u0131nlar Yoluyla \u0130\u015flenen Su\u00e7larla M\u00fccadele Edilmesi Hakk\u0131nda Kanun, 6331 say\u0131l\u0131 \u0130\u015f Sa\u011fl\u0131\u011f\u0131 ve G\u00fcvenli\u011fi Kanunu, 4982 Say\u0131l\u0131 Bilgi Edinme Kanunu, T\u00fcrk Ceza Kanunu, 3071 say\u0131l\u0131 Dilek\u00e7e Hakk\u0131n\u0131n Kullan\u0131lmas\u0131na Dair Kanun, 4857 say\u0131l\u0131 \u0130\u015f Kanunu, \u0130\u015fyeri Bina ve Eklentilerinde Al\u0131nacak Sa\u011fl\u0131k ve G\u00fcvenlik \u00d6nlemlerine \u0130li\u015fkin Y\u00f6netmelik gibi sair kanunlar uyar\u0131nca y\u00fcr\u00fcrl\u00fckte olan di\u011fer ikincil d\u00fczenlemeler \u00e7er\u00e7evesinde \u00f6ng\u00f6r\u00fclen saklama s\u00fcreleri kadar saklanmaktad\u0131r. \u0130mha i\u015flemleri k\u00e2\u011f\u0131t geri d\u00f6n\u00fc\u015f\u00fcm\u00fc, k\u0131rpma, elektronik cihazlar\u0131 tahrip, dijital verileri ile g\u00fcvenli bir \u015fekilde silinerek yap\u0131lmaktad\u0131r.<\/p>\n\n\n\n<p><strong>6698 Say\u0131l\u0131 Ki\u015fisel Verilerin Korunmas\u0131 Kanunu Kapsam\u0131yla \u0130lgili Olmak \u00dczere \u0130lgili Ki\u015fi ile \u0130leti\u015fim<\/strong><\/p>\n\n\n\n<p>S\u00f6z konusu haklar\u0131n kullan\u0131m\u0131na ili\u015fkin talepler, ki\u015fisel veri sahipleri, ilgili ki\u015filer taraf\u0131ndan <a href=\"http:\/\/www.drsedattatar.com\">www.drsedattatar.com<\/a> adresinde yer alan 6698 say\u0131l\u0131 Kanun Kapsam\u0131nda Ki\u015fisel Verilerin \u0130\u015flenmesi ve Korunmas\u0131na ili\u015fkin mevzuatta belirtilen y\u00f6ntemlerle iletilebilecektir. Dr. Sedat Tatar Muayenehanesi ilgili ki\u015filerin s\u00f6z konusu taleplerini m\u00fcmk\u00fcn olan en k\u0131sa s\u00fcrede ve en ge\u00e7 30 g\u00fcn i\u00e7erisinde de\u011ferlendirerek sonu\u00e7land\u0131racakt\u0131r.<\/p>\n\n\n\n<p><strong>Kabul Etmeme ve \u0130ptal Hakk\u0131n\u0131n Kullan\u0131lmas\u0131 Hakk\u0131nda<\/strong><\/p>\n\n\n\n<p>Kanun kapsam\u0131nda ki\u015fisel veri kullan\u0131m\u0131yla ilgili olmak \u00fczere her t\u00fcrl\u00fc soru ve g\u00f6r\u00fc\u015fleriniz i\u00e7in KVKK sayfam\u0131zdan bize ula\u015fabilirsiniz. Yukar\u0131da yapt\u0131\u011f\u0131m\u0131z a\u00e7\u0131klamalarla, sizleri bilgilendirmi\u015f ve Ayd\u0131nlatma Y\u00fck\u00fcml\u00fc\u011f\u00fcm\u00fcz\u00fc yerine getirmi\u015f bulunuyoruz. Veri Sorumlusu olarak 6698 say\u0131l\u0131 Ki\u015fisel Verilerin Korunmas\u0131 Kanunu gere\u011fi taraf\u0131n\u0131za m\u00fcmk\u00fcn olan en k\u0131sa s\u00fcre i\u00e7inde ya da yasal s\u00fcreler i\u00e7inde cevap verilecektir.<\/p>\n\n\n\n<p><strong>De\u011ferli \u00c7al\u0131\u015fanlar\u0131m\u0131z,<\/strong><\/p>\n\n\n\n<p><strong>\u0130\u015f ili\u015fkinizin sona ermesinden sonra da ki\u015fisel verileri payla\u015fmama, g\u00f6reviniz gere\u011fi daha \u00f6nce edindi\u011finiz ki\u015fisel verileri koruma ve if\u015fa etmeme sorumlulu\u011funuz devam ediyor.<\/strong><strong><\/strong><\/p>\n\n\n\n<p>Yurtta\u015flar\u0131m\u0131z\u0131n, tedarik\u00e7ilerimizin, ziyaret\u00e7ilerimizin, misafirlerimizin, birlikte \u00e7al\u0131\u015ft\u0131\u011f\u0131m\u0131z i\u015f arkada\u015flar\u0131m\u0131z\u0131n ki\u015fisel verilerini kanunlara uygun \u015fekilde korumak i\u015f akdinizin sona ermesi durumunda da ge\u00e7erlidir. \u0130\u015ften ayr\u0131lsan\u0131z dahi g\u00f6reviniz gere\u011fi daha \u00f6nce edindi\u011finiz ki\u015fisel verileri kanunen ve i\u015f ahlak\u0131 gere\u011fi korumakla y\u00fck\u00fcml\u00fcs\u00fcn\u00fcz aksi halde do\u011facak maddi ve manevi zararlardan siz sorumlu olursunuz. Dr. Sedat Tatar Muayenehanesi olarak bu konudaki yasal haklar\u0131m\u0131z\u0131 sakl\u0131 tutuyoruz.<\/p>\n\n\n\n<p>\u0130\u015f akdiniz sona erse de ge\u00e7mi\u015fte Dr. Sedat Tatar Muayenehanesi \u00e7al\u0131\u015fanlar\u0131 olarak ki\u015fisel verilerin gizlili\u011fi, g\u00fcvenli\u011finden kaynaklanan s\u0131k\u0131nt\u0131larda kanuni haklar\u0131m\u0131z\u0131 kullanmay\u0131 sakl\u0131 tutuyoruz.<\/p>\n\n\n\n<p><strong>6698 Say\u0131l\u0131 Ki\u015fisel Verilerin Korunmas\u0131 Kanunu Kapsam\u0131yla \u0130lgili Olmak \u00dczere \u0130lgili Ki\u015fi ile \u0130leti\u015fim<\/strong><\/p>\n\n\n\n<p>S\u00f6z konusu haklar\u0131n kullan\u0131m\u0131na ili\u015fkin talepler, ki\u015fisel veri sahipleri, ilgili ki\u015filer taraf\u0131ndan <a href=\"http:\/\/www.drsedattatar.com\">www.drsedattatar.com<\/a> adresinde yer alan 6698 say\u0131l\u0131 Kanun Kapsam\u0131nda Ki\u015fisel Verilerin \u0130\u015flenmesi ve Korunmas\u0131na ili\u015fkin mevzuatta belirtilen y\u00f6ntemlerle iletilebilecektir. Dr. Sedat Tatar Muayenehanesi ilgili ki\u015filerin s\u00f6z konusu taleplerini de\u011ferlendirerek 30 g\u00fcn i\u00e7erisinde sonu\u00e7land\u0131racakt\u0131r.&nbsp;\u0130lgili ki\u015fi olarak 6698 say\u0131l\u0131 kanun ile ilgili taleplerinizi,&nbsp;KVKK sayfam\u0131zdanger\u00e7ekle\u015ftirebilirsiniz. Yukar\u0131da yapt\u0131\u011f\u0131m\u0131z a\u00e7\u0131klamalarla, sizleri bilgilendirmi\u015f ve Ayd\u0131nlatma Y\u00fck\u00fcml\u00fc\u011f\u00fcm\u00fcz\u00fc yerine getirmi\u015f bulunuyoruz. Ki\u015fisel verilerinizin silinmesini, g\u00fcncellenmesini, anonimle\u015ftirilmesini, yok edilmesini veya ki\u015fisel verinizle ilgili ba\u015fka yasal taleplerinizi \u0130lgili Ki\u015fi Ba\u015fvuru Formu arac\u0131l\u0131\u011f\u0131 ile bize iletebilirsiniz. \u0130lgili ki\u015fi olarak 6698 say\u0131l\u0131 Ki\u015fisel Verilerin Korunmas\u0131 Kanunu\u2019na uygun olarak m\u00fcmk\u00fcn olan en k\u0131sa s\u00fcre veya en ge\u00e7 otuz (30) g\u00fcn i\u00e7inde ya da yasal s\u00fcreler i\u00e7inde sizlere cevap verilecektir.<\/p>\n\n\n\n<p>Yasal saklama s\u00fcrelerinin sona eren ki\u015fisel verileriniz g\u00fcvenli bir \u015fekilde ilgili yasalara uygun olarak imha edilecektir.<\/p>\n\n\n\n<p><a><strong>Veri Sorumlusu \u0130leti\u015fim Bilgileri<\/strong><\/a><\/p>\n\n\n\n<p>Veri Sorumlusu: Dr. Sedat Tatar&nbsp;<\/p>\n\n\n\n<p>Adresimiz: Levent Mahallesi, Karanfil Aral\u0131\u011f\u0131 Caddesi No:18 Be\u015fikta\u015f\/ \u0130stanbul<\/p>\n\n\n\n<p>E-Posta: info@drsedattatar.com<\/p>\n\n\n\n<p>\u0130leti\u015fim linki: <a href=\"http:\/\/www.drsedattatar.com\">www.drsedattatar.com<\/a><\/p>\n\n\n\n<h1 class=\"wp-block-heading\"><strong>\u00c7erez Ayd\u0131nlatma Metni<\/strong><\/h1>\n\n\n\n<p><strong>De\u011ferli Muhataplar\u0131m\u0131z,<\/strong><\/p>\n\n\n\n<p>Dr. Sedat Tatar Muayenehanesi olarak teknolojilerin kullan\u0131m\u0131 ba\u015fta 6698 say\u0131l\u0131 Ki\u015fisel Verilerin Korunmas\u0131 Kanunu (\u201cKVK Kanunu\u201d) olmak \u00fczere tabi oldu\u011fumuz mevzuata uygun \u015fekilde ger\u00e7ekle\u015ftirilmektedir.<\/p>\n\n\n\n<p><strong>\u0130\u015fbu \u00c7erez Ayd\u0131nlatma Metninin Amac\u0131<\/strong><\/p>\n\n\n\n<p>Platformlar\u0131n kullan\u0131m\u0131 esnas\u0131nda kullan\u0131lmakta olan \u00e7erez ve piksel gibi ki\u015fisel verilerin toplanmas\u0131 yoluyla ki\u015fisel verilerin i\u015flenmesi nedeniyle elde edilen ki\u015fisel verilerin i\u015flenmesine ili\u015fkin olarak sizlere bilgi vermektir. \u0130\u015fbu metinde sitemizde ve uygulamam\u0131zda hangi ama\u00e7larla hangi t\u00fcr \u00e7erezleri kulland\u0131\u011f\u0131m\u0131z\u0131 ve bu \u00e7erezleri nas\u0131l kontrol edebilece\u011finizi sizlere a\u00e7\u0131klamak istiyoruz.<\/p>\n\n\n\n<p>Kurum olarak sitemizde ve uygulamam\u0131zda kulland\u0131\u011f\u0131m\u0131z \u00e7erezleri kullanmaktan vazge\u00e7ebilir, bunlar\u0131n t\u00fcrlerini veya fonksiyonlar\u0131n\u0131 de\u011fi\u015ftirebilir veya sitemize ve uygulamam\u0131zda yeni \u00e7erezler ekleyebiliriz. Dolay\u0131s\u0131yla i\u015fbu \u00c7erez Ayd\u0131nlatma Metninin h\u00fck\u00fcmlerini diledi\u011fimiz zaman de\u011fi\u015ftirme hakk\u0131n\u0131 sakl\u0131 tutar\u0131z. G\u00fcncel \u00c7erez Ayd\u0131nlatma Metni \u00fczerinde ger\u00e7ekle\u015ftirilmi\u015f olan her t\u00fcrl\u00fc de\u011fi\u015fiklik sitede, uygulamada veya herhangi bir kamuya a\u00e7\u0131k mecrada yay\u0131nlanmakla birlikte y\u00fcr\u00fcrl\u00fck kazanacakt\u0131r. Son g\u00fcncelleme tarihini metnin alt\u0131nda yer almaktad\u0131r.<\/p>\n\n\n\n<p><strong>\u00c7erez (Cookie) Nedir? \u00c7erezler Hangi Bilgileri Toplarlar?<\/strong><\/p>\n\n\n\n<p>\u00c7erez (Cookie), herhangi bir Internet sitesi taraf\u0131ndan bilgisayara b\u0131rak\u0131lan bir t\u00fcr tan\u0131mlama dosyas\u0131d\u0131r. \u00c7erez dosyalar\u0131nda oturum bilgileri ve benzeri veriler saklan\u0131r. \u00c7erez kullanan bir site ziyaret edildi\u011finde bu site, eri\u015fimin yap\u0131ld\u0131\u011f\u0131 taray\u0131c\u0131ya sabit diske bir ya da daha fazla \u00e7erez b\u0131rakma konusunda talep g\u00f6nderebilir. \u00c7erezler, siteyi ziyaret eden ki\u015filere ait isim, yas, adres, cinsiyet gibi ki\u015fisel verileri bar\u0131nd\u0131rmazlar.<\/p>\n\n\n\n<p><strong>\u00c7erezler ve \u00c7erez Teknolojileri Hakk\u0131nda<\/strong><\/p>\n\n\n\n<p>Sitemiz, di\u011fer pek \u00e7ok web sitesi gibi &#8220;\u00c7erezler&#8221; veya &#8220;Di\u011fer Teknolojileri&#8221; (Google, Apple veya benzer teknolojiler taraf\u0131ndan atanan e-postalar, Java Script, ayg\u0131t kimlikleri ile ba\u011flant\u0131l\u0131 olan &#8220;piksel etiketleri&#8221;, &#8220;web i\u015faret\u00e7ileri&#8221;, &#8220;bo\u015f GIF&#8217;ler&#8221;) kullanabilir. \u00c7erezler ve di\u011fer teknolojiler, bizim ve \u00fc\u00e7\u00fcnc\u00fc taraflar\u0131n ziyaret al\u0131\u015fkanl\u0131klar\u0131n\u0131z\u0131n analiz edilmesi d\u00e2hil olmak \u00fczere Siteye yapt\u0131\u011f\u0131n\u0131z ziyaretler hakk\u0131nda bilgi edinmesine yard\u0131mc\u0131 olur. S\u00f6z konusu bilgileri taleplerinizi i\u015fleme koymak ve biz ve ba\u015fkalar\u0131 i\u00e7in ilgi alanlar\u0131n\u0131za \u00f6zel \u00e7evrimi\u00e7i ve mobil reklam, ileti ve i\u00e7erik sunmak i\u00e7in kullan\u0131r\u0131z. \u00c7erezler, sahipleri, kullan\u0131m \u00f6m\u00fcrleri ve kullan\u0131m ama\u00e7lar\u0131 a\u00e7\u0131s\u0131nda kategorize edilebilir. A\u015fa\u011f\u0131da sitemizde ve uygulamam\u0131zda kulland\u0131\u011f\u0131m\u0131z farkl\u0131 t\u00fcrdeki \u00e7erezleri bulabilirsiniz. Sitemizde ve uygulamam\u0131zda hem birinci parti \u00e7erezler (ziyaret etti\u011finiz site taraf\u0131ndan yerle\u015ftirilen) hem de \u00fc\u00e7\u00fcnc\u00fc parti \u00e7erezleri (ziyaret etti\u011finiz site haricindeki sunucular taraf\u0131ndan yerle\u015ftirilen) kullan\u0131lmaktad\u0131r. Platform \u00e7erezleri Dr. Sedat Tatar Muayenehanesi taraf\u0131ndan olu\u015fturulurken, \u00fc\u00e7\u00fcnc\u00fc taraf \u00e7erezlerini Dr. Sedat Tatar Muayenehanesi ile i\u015f birlikteli\u011fi olan farkl\u0131 firmalar y\u00f6netmektedir.&nbsp;Aktif oldu\u011fu s\u00fcreye g\u00f6re, oturum \u00e7erezleri ve kal\u0131c\u0131 \u00e7erezler kullan\u0131lmaktad\u0131r. Oturum \u00e7erezleri ziyaret\u00e7inin Platform\u2019u terk etmesiyle birlikte silinirken, kal\u0131c\u0131 \u00e7erezler ise kullan\u0131m alan\u0131na ba\u011fl\u0131 olarak \u00e7e\u015fitli s\u00fcrelerle ziyaret\u00e7ilerin cihazlar\u0131nda kalabilmektedir.&nbsp;Kullan\u0131m ama\u00e7lar\u0131na g\u00f6re, Platform\u2019da teknik \u00e7erezler, do\u011frulama \u00e7erezleri, hedefleme\/reklam \u00e7erezleri, ki\u015fiselle\u015ftirme \u00e7erezleri ve analitik \u00e7erezler kullan\u0131lmaktad\u0131r.<\/p>\n\n\n\n<p><strong>\u00c7erezleri Nas\u0131l Y\u00f6netebilirim?<\/strong><\/p>\n\n\n\n<p>\u00c7erez ve benzeri teknolojilerin kullan\u0131m\u0131 konusunda ziyaret\u00e7i ve kullan\u0131c\u0131lar\u0131m\u0131z\u0131n tercihleri bizler i\u00e7in esast\u0131r. Buna kar\u015f\u0131n, Platform \u2018un \u00e7al\u0131\u015fmas\u0131 i\u00e7in zorunlu olan \u00c7erezler \u2019in kullan\u0131lmas\u0131 gerekmektedir. Ek olarak baz\u0131 \u00e7erezlerin kapat\u0131lmas\u0131 halinde Platform \u2019un birtak\u0131m i\u015flevlerinin k\u0131smen ya da tamamen \u00e7al\u0131\u015fmayabilece\u011fini hat\u0131rlatmak isteriz.<\/p>\n\n\n\n<p><strong>Platform\u2019da kullan\u0131lan \u00e7erezlere dair tercihlerinizi ne \u015fekilde y\u00f6netebilece\u011finize ili\u015fkin bilgiler a\u015fa\u011f\u0131daki gibidir:\u202f<\/strong><\/p>\n\n\n\n<p>Ziyaret\u00e7iler, Platformu g\u00f6r\u00fcnt\u00fcledikleri taray\u0131c\u0131 ayarlar\u0131n\u0131 de\u011fi\u015ftirerek \u00e7erezlere ili\u015fkin tercihlerini ki\u015fiselle\u015ftirme imk\u00e2n\u0131na sahiptir. E\u011fer kullan\u0131lmakta olan taray\u0131c\u0131 bu imk\u00e2n\u0131 sunmaktaysa, taray\u0131c\u0131 ayarlar\u0131 \u00fczerinden \u00e7erezlere ili\u015fkin tercihleri de\u011fi\u015ftirmek m\u00fcmk\u00fcnd\u00fcr. B\u00f6ylelikle, taray\u0131c\u0131n\u0131n sunmu\u015f oldu\u011fu imk\u00e2nlara g\u00f6re farkl\u0131l\u0131k g\u00f6sterebilmekle birlikte, veri sahiplerinin \u00e7erezlerin kullan\u0131lmas\u0131n\u0131 engelleme, \u00e7erez kullan\u0131lmadan \u00f6nce uyar\u0131 almay\u0131 tercih etme veya sadece baz\u0131 \u00e7erezleri devre b\u0131rakma ya da silme imk\u00e2nlar\u0131 bulunmaktad\u0131r.<\/p>\n\n\n\n<p>Bu konudaki tercihler kullan\u0131lan taray\u0131c\u0131ya g\u00f6re de\u011fi\u015fiklik g\u00f6stermekle birlikte genel a\u00e7\u0131klamaya&nbsp;<a href=\"https:\/\/www.aboutcookies.org\/\">https:\/\/www.aboutcookies.org\/<\/a>&nbsp;ula\u015fmak m\u00fcmk\u00fcnd\u00fcr. \u00c7erezlere ili\u015fkin tercihlerin, ziyaret\u00e7inin Platforma eri\u015fim sa\u011flad\u0131\u011f\u0131 her bir cihaz \u00f6zelinde ayr\u0131 ayr\u0131 yap\u0131lmas\u0131 gerekebilecektir.<\/p>\n\n\n\n<p><strong>Bir\u00e7ok firman\u0131n reklam faaliyetleri i\u00e7in kulland\u0131\u011f\u0131 \u00e7erezler bak\u0131m\u0131ndan tercihler\u202fYour Online Choices \u00fczerinden y\u00f6netilebilir.<\/strong><\/p>\n\n\n\n<p>Mobil cihazlar \u00fczerinden \u00e7erezleri y\u00f6netmek i\u00e7in mobil cihaza ait ayarlar men\u00fcs\u00fc kullan\u0131labilir.<\/p>\n\n\n\n<p>Taray\u0131c\u0131n\u0131z\u0131n ayarlar\u0131n\u0131 de\u011fi\u015ftirerek \u00e7erezlere ili\u015fkin tercihlerinizi ki\u015fiselle\u015ftirme imk\u00e2n\u0131na sahipsiniz.<\/p>\n\n\n\n<p><strong>Adobe Analytics:<\/strong> <a href=\"http:\/\/www.adobe.com\/uk\/privacy\/opt-out.html\">http:\/\/www.adobe.com\/uk\/privacy\/opt-out.html<\/a><\/p>\n\n\n\n<p><strong>AOL:<\/strong> <a href=\"https:\/\/help.aol.com\/articles\/restore-security-settings-and-enable-cookie-settings-on-browser\">https:\/\/help.aol.com\/articles\/restore-security-settings-and-enable-cookie-<\/a><a href=\"https:\/\/help.aol.com\/articles\/restore-security-settings-and-enable-cookie-settings-on-browser\">settings-on-browser<\/a><\/p>\n\n\n\n<p><strong>Google Adwords:<\/strong> <a href=\"https:\/\/support.google.com\/ads\/answer\/2662922?hl=en\">https:\/\/support.google.com\/ads\/answer\/2662922?hl=en<\/a><\/p>\n\n\n\n<p><strong>Google Analytics:<\/strong> <a href=\"https:\/\/tools.google.com\/dlpage\/gaoptout\">https:\/\/tools.google.com\/dlpage\/gaoptout<\/a><\/p>\n\n\n\n<p><strong>Google Chrome:<\/strong> www.google.com\/support\/chrome\/bin\/answer.py?hl=en&amp;answer=95647<\/p>\n\n\n\n<p><strong>Internet Explorer:<\/strong> <a href=\"https:\/\/support.microsoft.com\/en-us\/help\/17442\/windows-internet-explorer-delete-manage-cookies\">https:\/\/support.microsoft.com\/en-us\/help\/17442\/windows-internet-explorer-<\/a><a href=\"https:\/\/support.microsoft.com\/en-us\/help\/17442\/windows-internet-explorer-delete-manage-cookies\">delete-manage-cookies<\/a><\/p>\n\n\n\n<p><strong>MozillaFirefox: <\/strong><a href=\"http:\/\/support.mozilla.com\/en-US\/kb\/Cookies\">http:\/\/support.mozilla.com\/en-US\/kb\/Cookies<\/a><\/p>\n\n\n\n<p><strong>Opera:<\/strong> <a href=\"https:\/\/security.opera.com\/en\/\">https:\/\/security.opera.com\/en\/<\/a><\/p>\n\n\n\n<p><strong>Safari<\/strong>: <a href=\"https:\/\/support.apple.com\/kb\/ph19214?locale=tr_TR\">https:\/\/support.apple.com\/kb\/ph19214?locale=tr_TR<\/a><\/p>\n\n\n\n<p>Ki\u015fisel verilerinizin Kurumumuz taraf\u0131ndan i\u015flenme ama\u00e7lar\u0131 konusunda detayl\u0131 bilgilere KVKK sayfam\u0131z \u00fczerinden ula\u015fabilirsiniz.<strong><\/strong><\/p>\n\n\n\n<p><strong>Ki\u015fisel Verilerinizin \u0130\u015flenme Amac\u0131<\/strong><\/p>\n\n\n\n<p>Ki\u015fisel verileriniz, Ki\u015fisel Verilerin Korunmas\u0131 Kanunu 5. Maddesi uyar\u0131nca ilgili ki\u015finin temel hak ve \u00f6zg\u00fcrl\u00fcklerine zarar vermemek kayd\u0131yla bir hukuki y\u00fck\u00fcml\u00fcl\u00fc\u011f\u00fcn yerin getirilmesi amac\u0131yla; Site\u2019nin ve uygulaman\u0131n \u00e7al\u0131\u015fmas\u0131 i\u00e7in gerekli temel fonksiyonlar\u0131 ger\u00e7ekle\u015ftirmek; Siteyi ve uygulamay\u0131 analiz etmek, Site\u2019nin ve uygulaman\u0131n performans\u0131n\u0131 artt\u0131rmak; Site\u2019nin ve uygulaman\u0131n i\u015flevselli\u011fini artt\u0131rmak ve kullan\u0131m kolayl\u0131\u011f\u0131 sa\u011flamak amac\u0131yla otomatik yolla i\u015flenmektedir.<\/p>\n\n\n\n<p><strong>\u00c7erezlerin Kullan\u0131lmas\u0131n\u0131 Nas\u0131l Engelleyebilirsiniz?<\/strong><\/p>\n\n\n\n<p>\u00c7erezlerin kullan\u0131lmas\u0131 Web Sitesi&#8217;nin daha iyi hizmet vermekle birlikte e\u011fer dilerseniz \u00e7erezlerin kullan\u0131lmas\u0131n\u0131 engelleyebilirsiniz. Ancak bu takdirde sitenin tam olarak i\u015flevini g\u00f6sterememesi ve t\u00fcm \u00f6zelliklerinden yararlanamayabilece\u011finizi unutmay\u0131n\u0131z.<br>\u00c7erezlerin kullan\u0131lmas\u0131n\u0131 engellemek i\u00e7in kulland\u0131\u011f\u0131n\u0131z internet taray\u0131c\u0131n\u0131z\u0131n ayarlar\u0131n\u0131z\u0131 de\u011fi\u015ftirmeniz gerekmektedir. Bu de\u011fi\u015fiklikler kulland\u0131\u011f\u0131n\u0131z cihaz ve internet taray\u0131c\u0131s\u0131na g\u00f6re de\u011fi\u015fiklik g\u00f6stermektedir. A\u015fa\u011f\u0131da farkl\u0131 internet taray\u0131c\u0131lar\u0131 \u00fczerinden \u00e7erezlerin kullan\u0131lmas\u0131n\u0131 engellemek i\u00e7in hangi ad\u0131mlar\u0131n izlenmesi gerekti\u011fine ili\u015fkin bilgiler yer almaktad\u0131r.<\/p>\n\n\n\n<p><strong>Internet Explorer<\/strong><\/p>\n\n\n\n<p>1. Masa\u00fcst\u00fcn\u00fc a\u00e7\u0131n ve g\u00f6rev \u00e7ubu\u011funda Internet Explorer simgesine dokunun veya t\u0131klay\u0131n.<\/p>\n\n\n\n<p>2. Ara\u00e7lar d\u00fc\u011fmesine ve Internet se\u00e7enekleri \u2018ne dokunun veya t\u0131klay\u0131n.<\/p>\n\n\n\n<p>3. Gizlilik sekmesine dokunun veya t\u0131klay\u0131n, ard\u0131ndan t\u00fcm tan\u0131mlama bilgilerini engellemek i\u00e7in Ayarlar&#8217;\u0131n alt\u0131nda bulunan kayd\u0131r\u0131c\u0131y\u0131 yukar\u0131ya hareket ettirin ve Tamam d\u00fc\u011fmesine dokunun veya t\u0131klay\u0131n.<\/p>\n\n\n\n<p><strong>Microsoft Edge<\/strong><\/p>\n\n\n\n<p>1. Microsoft Edge taray\u0131c\u0131n\u0131z\u0131n sa\u011f \u00fcst k\u00f6sesinden \u00fc\u00e7 nokta i\u015fareti olan b\u00f6l\u00fcme t\u0131klayan ve Ayarlar b\u00f6l\u00fcm\u00fcne gelin.<\/p>\n\n\n\n<p>2. Kar\u015f\u0131n\u0131za gelen yeni pencereden Temizlenecek \u00d6geleri Se\u00e7 dedikten sonra kars\u0131n\u0131za gelen pencereden temizlemek istedi\u011finiz b\u00f6l\u00fcmleri se\u00e7in.<\/p>\n\n\n\n<p>3. Burada bir\u00e7ok b\u00f6l\u00fcm bulunmaktad\u0131r. \u0130stedi\u011finizi se\u00e7erek temizleme i\u015flemine ba\u015flayabilirsiniz<\/p>\n\n\n\n<p><strong>Google Chrome<\/strong><\/p>\n\n\n\n<p>1. Bilgisayar\u0131n\u0131zda Chrome&#8217;u a\u00e7\u0131n.<\/p>\n\n\n\n<p>2. Sag \u00fcstte Di\u011fer Ayarlar&#8217;\u0131 t\u0131klayan.<\/p>\n\n\n\n<p>3. Altta Gelismis&#8217;i tiklayin.<\/p>\n\n\n\n<p>4. &#8220;Gizlilik ve g\u00fcvenlik&#8221;in altinda I\u00e7erik ayarlari&#8217;ni tiklayin.<\/p>\n\n\n\n<p>5. \u00c7erezler&#8217;i tiklayin.<\/p>\n\n\n\n<p>6. &#8220;T\u00fcm \u00e7erezler ve site verileri&#8221;nin altinda Web Sitesi&#8217;nin adini arayin.<\/p>\n\n\n\n<p>7. Sitenin sagindaki Kaldir simgesini tiklayin<\/p>\n\n\n\n<p><strong>Mozilla Firefox<\/strong><\/p>\n\n\n\n<p>1. Firefox Men\u00fc d\u00fcgmesine tiklayin ve Se\u00e7enekler&#8217;i se\u00e7in.<\/p>\n\n\n\n<p>2. Gizlilik ve G\u00fcvenlik panelini se\u00e7in ve Ge\u00e7mis b\u00f6l\u00fcm\u00fcne gidin.<\/p>\n\n\n\n<p>3. Firefox ayarini ge\u00e7mis i\u00e7in \u00f6zel ayarlari kullansin olarak degistirin.<\/p>\n\n\n\n<p>4. \u00c7erezleri g\u00f6ster&#8230; d\u00fcgmesine tiklayin. \u00c7erezler penceresi g\u00f6r\u00fcnecektir.<\/p>\n\n\n\n<p>5. Arama: alanina, \u00e7erezlerini silmek istediginiz sitenin adini yazin. Aramanizla eslesen \u00e7erezler g\u00f6r\u00fcnt\u00fclenecektir.<\/p>\n\n\n\n<p>6. Silmek istediginiz \u00e7erez(ler)i se\u00e7ip Se\u00e7ilenleri sil d\u00fcgmesine tiklayin.<\/p>\n\n\n\n<p>7. Kapat d\u00fcgmesine tiklayarak \u00c7erezler penceresini kapatin. Sonra da about:preferences sayfasini kapatin<\/p>\n\n\n\n<p><strong>Safari<\/strong><\/p>\n\n\n\n<p>1. Safari &gt; Tercihler&#8217;i se\u00e7in.<\/p>\n\n\n\n<p>2. Gizlilik \u00f6gesini tiklayin.<\/p>\n\n\n\n<p>3. Web Sitesi Verilerini tiklayin.<\/p>\n\n\n\n<p>4. Bir veya daha fazla web sitesi se\u00e7in ve sonra Sil veya T\u00fcm\u00fcn\u00fc Sil&#8217;e tiklayin.<\/p>\n\n\n\n<p><strong>Ki\u015fisel Verilerinizin Yurt \u0130\u00e7ine ve Yurt D\u0131\u015f\u0131na Aktar\u0131m\u0131<\/strong><\/p>\n\n\n\n<p>\u0130\u015flenen i\u015f kanunu gere\u011fi yetkili mahkemelere, kolluk kuvvetlerine, hukuki uyu\u015fmazl\u0131klar\u0131n giderilmesi veya ilgili mevzuat\u0131 gere\u011fi talep edilmesi durumunda yetkili idari ve adli makamlara aktar\u0131labilecektir. Yurt d\u0131\u015f\u0131na aktar\u0131lmayacakt\u0131r.<\/p>\n\n\n\n<p><strong>Ki\u015fisel Veri Sorumlusu Olarak \u0130lgili ki\u015filerin Haklar\u0131<\/strong><\/p>\n\n\n\n<p>6698 say\u0131l\u0131 kanunun 11. maddesi uyar\u0131nca veri sahipleri: Kendileri ile ilgili ki\u015fisel veri i\u015flenip i\u015flenmedi\u011fini \u00f6\u011frenme, Ki\u015fisel verileri i\u015flenmi\u015fse buna ili\u015fkin bilgi talep etme, Ki\u015fisel verilerin i\u015flenme amac\u0131n\u0131 ve bunlar\u0131n amac\u0131na uygun kullan\u0131l\u0131p kullan\u0131lmad\u0131\u011f\u0131n\u0131 \u00f6\u011frenme, Yurt i\u00e7inde veya yurt d\u0131\u015f\u0131nda ki\u015fisel verilerin aktar\u0131ld\u0131\u011f\u0131 \u00fc\u00e7\u00fcnc\u00fc ki\u015fileri bilme, Ki\u015fisel verilerin eksik veya yanl\u0131\u015f i\u015flenmi\u015f olmas\u0131 h\u00e2linde bunlar\u0131n d\u00fczeltilmesini isteme ve bu kapsamda yap\u0131lan i\u015flemin ki\u015fisel verilerin aktar\u0131ld\u0131\u011f\u0131 \u00fc\u00e7\u00fcnc\u00fc ki\u015filere bildirilmesini isteme, Kanun ve ilgili di\u011fer kanun h\u00fck\u00fcmlerine uygun olarak i\u015flenmi\u015f olmas\u0131na ra\u011fmen, i\u015flenmesini gerektiren sebeplerin ortadan kalkmas\u0131 h\u00e2linde ki\u015fisel verilerin silinmesini veya yok edilmesini isteme ve bu kapsamda yap\u0131lan i\u015flemin ki\u015fisel verilerin aktar\u0131ld\u0131\u011f\u0131 \u00fc\u00e7\u00fcnc\u00fc ki\u015filere bildirilmesini isteme, \u0130\u015flenen verilerin m\u00fcnhas\u0131ran otomatik sistemler vas\u0131tas\u0131yla analiz edilmesi suretiyle ki\u015finin kendisi aleyhine bir sonucun ortaya \u00e7\u0131kmas\u0131na itiraz etme ve ki\u015fisel verilerin kanuna ayk\u0131r\u0131 olarak i\u015flenmesi sebebiyle zarara u\u011framas\u0131 h\u00e2linde zarar\u0131n giderilmesini talep etme haklar\u0131na sahiptir. 6698 Say\u0131l\u0131 Kanun\u2019un Kapsam\u0131yla \u0130lgili Olmak \u00dczere \u0130lgili Ki\u015fi ile \u0130leti\u015fim S\u00f6z konusu haklar\u0131n kullan\u0131m\u0131na ili\u015fkin talepler, ki\u015fisel veri sahipleri taraf\u0131ndan <a href=\"http:\/\/www.drsedattatar.com%20\">www.drsedattatar.com <\/a>adresindeki KVKK sayfas\u0131nda yer alan ileti\u015fim adresleri \u00fczerinden Dr. Sedat Tatar Muayenehanesi taraf\u0131ndan 6698 say\u0131l\u0131 Kanun Kapsam\u0131nda Ki\u015fisel Verilerin \u0130\u015flenmesi ve Korunmas\u0131na ili\u015fkin mevzuatta belirtilen y\u00f6ntemlerle iletilebilecektir. Kurumumuz ilgili ki\u015filerin s\u00f6z konusu taleplerini de\u011ferlendirerek 30 g\u00fcn i\u00e7erisinde sonu\u00e7land\u0131racakt\u0131r. \u0130lgili ki\u015fi olarak 6698 say\u0131l\u0131 kanun ile ilgili taleplerinizi, Ba\u015fvuru ve Ayd\u0131nlatma Y\u00fck\u00fcml\u00fcl\u00fc\u011f\u00fc sayfam\u0131zdan ger\u00e7ekle\u015ftirebilirsiniz. Ki\u015fisel veri kullan\u0131m\u0131yla ilgili olmak \u00fczere her t\u00fcrl\u00fc soru ve g\u00f6r\u00fc\u015fleriniz i\u00e7in internet sitemiz \u00fczerinden kurumumuza ula\u015fabilirsiniz. Yukar\u0131da yapt\u0131\u011f\u0131m\u0131z a\u00e7\u0131klamalarla, sizleri bilgilendirmi\u015f ve Ayd\u0131nlatma Y\u00fck\u00fcml\u00fcl\u00fc\u011f\u00fcm\u00fcz\u00fc yerine getirmi\u015f bulunuyoruz. Ki\u015fisel verilerinizin silinmesini, g\u00fcncellenmesini, anonimle\u015ftirilmesini, yok edilmesini veya ki\u015fisel verinizle ilgili ba\u015fka yasal talepleriniz i\u00e7in Ba\u015fvuru ve Ayd\u0131nlatma Y\u00fck\u00fcml\u00fcl\u00fc\u011f\u00fc sayfam\u0131zdan veya Ki\u015fisel Verilerin Korunmas\u0131 Kanunu \u0130lgili Ki\u015fi Ba\u015fvuru Formu arac\u0131l\u0131\u011f\u0131 ile bize taleplerinizi iletebilirsiniz. \u0130lgili ki\u015fi olarak 6698 say\u0131l\u0131 kanuna uygun olarak m\u00fcmk\u00fcn olan en k\u0131sa s\u00fcre i\u00e7inde ya da yasal s\u00fcreler i\u00e7inde (30 g\u00fcn) sizlere cevap verilecektir. Ki\u015fisel verileriniz ve \u00f6zel nitelikli ki\u015fisel verileriniz, ilgili mevzuatta belirtilen veya i\u015flendikleri ama\u00e7 i\u00e7in gerekli olan ve her halde kanuni zamana\u015f\u0131m\u0131 s\u00fcreleri kadar muhafaza edilecektir. S\u00fcresi dolan ki\u015fisel veriler g\u00fcvenli bir \u015fekilde imha edilecektir. \u0130daremize ilgili ki\u015fi olarak ba\u015fvurman\u0131z durumunda size cevap vermeden \u00f6nce kimli\u011finizi do\u011frulama hakk\u0131m\u0131z\u0131 sakl\u0131 tutuyoruz.<\/p>\n\n\n\n<p><strong>Ba\u015fvuru Yapaca\u011f\u0131n\u0131z Veri Sorumlusunun Kimli\u011fi ve A\u00e7\u0131k Adresi<\/strong><\/p>\n\n\n\n<p><a><strong>Veri Sorumlusu \u0130leti\u015fim Bilgileri<\/strong><\/a><\/p>\n\n\n\n<p>Veri Sorumlusu: Dr. Sedat Tatar&nbsp;<\/p>\n\n\n\n<p>Adresimiz: Levent Mahallesi, Karanfil Aral\u0131\u011f\u0131 Caddesi No:18 Be\u015fikta\u015f\/ \u0130stanbul<\/p>\n\n\n\n<p>E-Posta: info@drsedattatar.com<\/p>\n\n\n\n<p>\u0130leti\u015fim linki: <a href=\"http:\/\/www.drsedattatar.com\">www.drsedattatar.com<\/a><\/p>\n\n\n<div class=\"kk-star-ratings kksr-auto kksr-align-center kksr-valign-bottom\"\n    data-payload='{&quot;align&quot;:&quot;center&quot;,&quot;id&quot;:&quot;2642&quot;,&quot;slug&quot;:&quot;default&quot;,&quot;valign&quot;:&quot;bottom&quot;,&quot;ignore&quot;:&quot;&quot;,&quot;reference&quot;:&quot;auto&quot;,&quot;class&quot;:&quot;&quot;,&quot;count&quot;:&quot;124&quot;,&quot;legendonly&quot;:&quot;&quot;,&quot;readonly&quot;:&quot;&quot;,&quot;score&quot;:&quot;5&quot;,&quot;starsonly&quot;:&quot;&quot;,&quot;best&quot;:&quot;5&quot;,&quot;gap&quot;:&quot;5&quot;,&quot;greet&quot;:&quot;\u0130\u00e7eri\u011fimizi Oylay\u0131n!&quot;,&quot;legend&quot;:&quot;5\\\/5 - (124 oy verildi!)&quot;,&quot;size&quot;:&quot;24&quot;,&quot;title&quot;:&quot;KVKK Ayd\u0131nlatma Formu&quot;,&quot;width&quot;:&quot;142.5&quot;,&quot;_legend&quot;:&quot;{score}\\\/{best} - ({count} oy verildi!)&quot;,&quot;font_factor&quot;:&quot;1.25&quot;}'>\n            \n<div class=\"kksr-stars\">\n    \n<div class=\"kksr-stars-inactive\">\n            <div class=\"kksr-star\" data-star=\"1\" style=\"padding-right: 5px\">\n            \n\n<div class=\"kksr-icon\" style=\"width: 24px; height: 24px;\"><\/div>\n        <\/div>\n            <div class=\"kksr-star\" data-star=\"2\" style=\"padding-right: 5px\">\n            \n\n<div class=\"kksr-icon\" style=\"width: 24px; height: 24px;\"><\/div>\n        <\/div>\n            <div class=\"kksr-star\" data-star=\"3\" style=\"padding-right: 5px\">\n            \n\n<div class=\"kksr-icon\" style=\"width: 24px; height: 24px;\"><\/div>\n        <\/div>\n            <div class=\"kksr-star\" data-star=\"4\" style=\"padding-right: 5px\">\n            \n\n<div class=\"kksr-icon\" style=\"width: 24px; height: 24px;\"><\/div>\n        <\/div>\n            <div class=\"kksr-star\" data-star=\"5\" style=\"padding-right: 5px\">\n            \n\n<div class=\"kksr-icon\" style=\"width: 24px; height: 24px;\"><\/div>\n        <\/div>\n    <\/div>\n    \n<div class=\"kksr-stars-active\" style=\"width: 142.5px;\">\n            <div class=\"kksr-star\" style=\"padding-right: 5px\">\n            \n\n<div class=\"kksr-icon\" style=\"width: 24px; height: 24px;\"><\/div>\n        <\/div>\n            <div class=\"kksr-star\" style=\"padding-right: 5px\">\n            \n\n<div class=\"kksr-icon\" style=\"width: 24px; height: 24px;\"><\/div>\n        <\/div>\n            <div class=\"kksr-star\" style=\"padding-right: 5px\">\n            \n\n<div class=\"kksr-icon\" style=\"width: 24px; height: 24px;\"><\/div>\n        <\/div>\n            <div class=\"kksr-star\" style=\"padding-right: 5px\">\n            \n\n<div class=\"kksr-icon\" style=\"width: 24px; height: 24px;\"><\/div>\n        <\/div>\n            <div class=\"kksr-star\" style=\"padding-right: 5px\">\n            \n\n<div class=\"kksr-icon\" style=\"width: 24px; height: 24px;\"><\/div>\n        <\/div>\n    <\/div>\n<\/div>\n                \n\n<div class=\"kksr-legend\" style=\"font-size: 19.2px;\">\n            5\/5 - (124 oy verildi!)    <\/div>\n    <\/div>\n","protected":false},"excerpt":{"rendered":"<p>DO\u00c7. DR. SEDAT TATAR HASTA AYDINLATMA FORMU 6698 say\u0131l\u0131 Ki\u015fisel Verilerin Korunmas\u0131 Kanunu&#8217;na (bundan b\u00f6yle \u201cKVK Kanunu\u201d olarak ifade edilecektir) g\u00f6re Dr. Sedat Tatar Klini\u011fi(bundan b\u00f6yle \u201cKlinik\u2019\u2019 olarak ifade edilecektir) sizinle ilgili ki\u015fisel verileri i\u015flemesi sebebiyle veri sorumlusudur. Hastam\u0131z s\u0131fat\u0131yla ilgili ki\u015fi olarak sizlerin ki\u015fisel verilerinizi a\u015fa\u011f\u0131da izah edildi\u011fi surette ve mevzuat taraf\u0131ndan emredilen s\u0131n\u0131rlar&#8230;<\/p>\n","protected":false},"author":1,"featured_media":0,"comment_status":"closed","ping_status":"open","sticky":false,"template":"","format":"standard","meta":{"_kad_blocks_custom_css":"","_kad_blocks_head_custom_js":"","_kad_blocks_body_custom_js":"","_kad_blocks_footer_custom_js":"","_kadence_starter_templates_imported_post":false,"_kad_post_transparent":"","_kad_post_title":"","_kad_post_layout":"","_kad_post_sidebar_id":"","_kad_post_content_style":"","_kad_post_vertical_padding":"","_kad_post_feature":"","_kad_post_feature_position":"","_kad_post_header":false,"_kad_post_footer":false,"footnotes":""},"categories":[14],"tags":[],"class_list":["post-2642","post","type-post","status-publish","format-standard","hentry","category-plastik-cerrahi-blog"],"yoast_head":"<!-- This site is optimized with the Yoast SEO plugin v25.9 - https:\/\/yoast.com\/wordpress\/plugins\/seo\/ -->\n<title>KVKK Ayd\u0131nlatma Formu - \u0130stanbul Estetik, Plastik ve Rekonstr\u00fcktif Cerrahi - Do\u00e7. Dr. Sedat Tatar<\/title>\n<meta name=\"robots\" content=\"index, follow, max-snippet:-1, max-image-preview:large, max-video-preview:-1\" \/>\n<link rel=\"canonical\" href=\"https:\/\/drsedattatar.com\/tr\/kvkk-aydinlatma-formu\/\" \/>\n<meta property=\"og:locale\" content=\"tr_TR\" \/>\n<meta property=\"og:type\" content=\"article\" \/>\n<meta property=\"og:title\" content=\"KVKK Ayd\u0131nlatma Formu - \u0130stanbul Estetik, Plastik ve Rekonstr\u00fcktif Cerrahi - Do\u00e7. Dr. Sedat Tatar\" \/>\n<meta property=\"og:description\" content=\"DO\u00c7. DR. SEDAT TATAR HASTA AYDINLATMA FORMU 6698 say\u0131l\u0131 Ki\u015fisel Verilerin Korunmas\u0131 Kanunu&#8217;na (bundan b\u00f6yle \u201cKVK Kanunu\u201d olarak ifade edilecektir) g\u00f6re Dr. Sedat Tatar Klini\u011fi(bundan b\u00f6yle \u201cKlinik\u2019\u2019 olarak ifade edilecektir) sizinle ilgili ki\u015fisel verileri i\u015flemesi sebebiyle veri sorumlusudur. Hastam\u0131z s\u0131fat\u0131yla ilgili ki\u015fi olarak sizlerin ki\u015fisel verilerinizi a\u015fa\u011f\u0131da izah edildi\u011fi surette ve mevzuat taraf\u0131ndan emredilen s\u0131n\u0131rlar...\" \/>\n<meta property=\"og:url\" content=\"https:\/\/drsedattatar.com\/tr\/kvkk-aydinlatma-formu\/\" \/>\n<meta property=\"og:site_name\" content=\"\u0130stanbul Estetik, Plastik ve Rekonstr\u00fcktif Cerrahi - Do\u00e7. Dr. Sedat Tatar\" \/>\n<meta property=\"article:published_time\" content=\"2024-09-29T07:01:37+00:00\" \/>\n<meta property=\"article:modified_time\" content=\"2025-12-17T08:39:24+00:00\" \/>\n<meta property=\"og:image\" content=\"https:\/\/drsedattatar.com\/tr\/wp-content\/uploads\/2023\/06\/dr-sedat-tatar-estetik-plastik-logo.webp\" \/>\n\t<meta property=\"og:image:width\" content=\"1558\" \/>\n\t<meta property=\"og:image:height\" content=\"602\" \/>\n\t<meta property=\"og:image:type\" content=\"image\/webp\" \/>\n<meta name=\"author\" content=\"Sedat Tatar\" \/>\n<meta name=\"twitter:card\" content=\"summary_large_image\" \/>\n<meta name=\"twitter:label1\" content=\"Yazan:\" \/>\n\t<meta name=\"twitter:data1\" content=\"Sedat Tatar\" \/>\n\t<meta name=\"twitter:label2\" content=\"Tahmini okuma s\u00fcresi\" \/>\n\t<meta name=\"twitter:data2\" content=\"56 dakika\" \/>\n<script type=\"application\/ld+json\" class=\"yoast-schema-graph\">{\"@context\":\"https:\/\/schema.org\",\"@graph\":[{\"@type\":\"Article\",\"@id\":\"https:\/\/drsedattatar.com\/tr\/kvkk-aydinlatma-formu\/#article\",\"isPartOf\":{\"@id\":\"https:\/\/drsedattatar.com\/tr\/kvkk-aydinlatma-formu\/\"},\"author\":{\"name\":\"Sedat Tatar\",\"@id\":\"https:\/\/drsedattatar.com\/tr\/#\/schema\/person\/aa22f82cb49cf6b0e8e4c2fdd472308a\"},\"headline\":\"KVKK Ayd\u0131nlatma Formu\",\"datePublished\":\"2024-09-29T07:01:37+00:00\",\"dateModified\":\"2025-12-17T08:39:24+00:00\",\"mainEntityOfPage\":{\"@id\":\"https:\/\/drsedattatar.com\/tr\/kvkk-aydinlatma-formu\/\"},\"wordCount\":13679,\"publisher\":{\"@id\":\"https:\/\/drsedattatar.com\/tr\/#organization\"},\"image\":{\"@id\":\"https:\/\/drsedattatar.com\/tr\/kvkk-aydinlatma-formu\/#primaryimage\"},\"thumbnailUrl\":\"https:\/\/drsedattatar.com\/tr\/wp-content\/uploads\/2023\/06\/dr-sedat-tatar-estetik-plastik-logo-1024x396.webp\",\"articleSection\":[\"Plastik Cerrahi Blog\"],\"inLanguage\":\"tr\"},{\"@type\":\"WebPage\",\"@id\":\"https:\/\/drsedattatar.com\/tr\/kvkk-aydinlatma-formu\/\",\"url\":\"https:\/\/drsedattatar.com\/tr\/kvkk-aydinlatma-formu\/\",\"name\":\"KVKK Ayd\u0131nlatma Formu - \u0130stanbul Estetik, Plastik ve Rekonstr\u00fcktif Cerrahi - Do\u00e7. Dr. Sedat Tatar\",\"isPartOf\":{\"@id\":\"https:\/\/drsedattatar.com\/tr\/#website\"},\"primaryImageOfPage\":{\"@id\":\"https:\/\/drsedattatar.com\/tr\/kvkk-aydinlatma-formu\/#primaryimage\"},\"image\":{\"@id\":\"https:\/\/drsedattatar.com\/tr\/kvkk-aydinlatma-formu\/#primaryimage\"},\"thumbnailUrl\":\"https:\/\/drsedattatar.com\/tr\/wp-content\/uploads\/2023\/06\/dr-sedat-tatar-estetik-plastik-logo-1024x396.webp\",\"datePublished\":\"2024-09-29T07:01:37+00:00\",\"dateModified\":\"2025-12-17T08:39:24+00:00\",\"breadcrumb\":{\"@id\":\"https:\/\/drsedattatar.com\/tr\/kvkk-aydinlatma-formu\/#breadcrumb\"},\"inLanguage\":\"tr\",\"potentialAction\":[{\"@type\":\"ReadAction\",\"target\":[\"https:\/\/drsedattatar.com\/tr\/kvkk-aydinlatma-formu\/\"]}]},{\"@type\":\"ImageObject\",\"inLanguage\":\"tr\",\"@id\":\"https:\/\/drsedattatar.com\/tr\/kvkk-aydinlatma-formu\/#primaryimage\",\"url\":\"https:\/\/drsedattatar.com\/tr\/wp-content\/uploads\/2023\/06\/dr-sedat-tatar-estetik-plastik-logo.webp\",\"contentUrl\":\"https:\/\/drsedattatar.com\/tr\/wp-content\/uploads\/2023\/06\/dr-sedat-tatar-estetik-plastik-logo.webp\",\"width\":1558,\"height\":602},{\"@type\":\"BreadcrumbList\",\"@id\":\"https:\/\/drsedattatar.com\/tr\/kvkk-aydinlatma-formu\/#breadcrumb\",\"itemListElement\":[{\"@type\":\"ListItem\",\"position\":1,\"name\":\"Anasayfa\",\"item\":\"https:\/\/drsedattatar.com\/tr\/\"},{\"@type\":\"ListItem\",\"position\":2,\"name\":\"KVKK Ayd\u0131nlatma Formu\"}]},{\"@type\":\"WebSite\",\"@id\":\"https:\/\/drsedattatar.com\/tr\/#website\",\"url\":\"https:\/\/drsedattatar.com\/tr\/\",\"name\":\"\u0130stanbul Estetik, Plastik ve Rekonstr\u00fcktif Cerrahi - Do\u00e7. Dr. Sedat Tatar\",\"description\":\"\u0130stanbul Estetik, Plastik ve Rekonstr\u00fcktif Cerrahi alan\u0131nda deneyimli Do\u00e7. Dr. Sedat Tatar ile hayallerinizi ger\u00e7e\u011fe d\u00f6n\u00fc\u015ft\u00fcr\u00fcn ve kendinizi en iyi \u015fekilde hissedin.\",\"publisher\":{\"@id\":\"https:\/\/drsedattatar.com\/tr\/#organization\"},\"potentialAction\":[{\"@type\":\"SearchAction\",\"target\":{\"@type\":\"EntryPoint\",\"urlTemplate\":\"https:\/\/drsedattatar.com\/tr\/?s={search_term_string}\"},\"query-input\":{\"@type\":\"PropertyValueSpecification\",\"valueRequired\":true,\"valueName\":\"search_term_string\"}}],\"inLanguage\":\"tr\"},{\"@type\":\"Organization\",\"@id\":\"https:\/\/drsedattatar.com\/tr\/#organization\",\"name\":\"\u0130stanbul Estetik, Plastik ve Rekonstr\u00fcktif Cerrahi - Do\u00e7. Dr. Sedat Tatar\",\"url\":\"https:\/\/drsedattatar.com\/tr\/\",\"logo\":{\"@type\":\"ImageObject\",\"inLanguage\":\"tr\",\"@id\":\"https:\/\/drsedattatar.com\/tr\/#\/schema\/logo\/image\/\",\"url\":\"https:\/\/drsedattatar.com\/tr\/wp-content\/uploads\/2023\/06\/cropped-cropped-cropped-dr-sedat-tatar-estetik-plastik-logo.webp\",\"contentUrl\":\"https:\/\/drsedattatar.com\/tr\/wp-content\/uploads\/2023\/06\/cropped-cropped-cropped-dr-sedat-tatar-estetik-plastik-logo.webp\",\"width\":1505,\"height\":602,\"caption\":\"\u0130stanbul Estetik, Plastik ve Rekonstr\u00fcktif Cerrahi - Do\u00e7. Dr. Sedat Tatar\"},\"image\":{\"@id\":\"https:\/\/drsedattatar.com\/tr\/#\/schema\/logo\/image\/\"}},{\"@type\":\"Person\",\"@id\":\"https:\/\/drsedattatar.com\/tr\/#\/schema\/person\/aa22f82cb49cf6b0e8e4c2fdd472308a\",\"name\":\"Sedat Tatar\",\"image\":{\"@type\":\"ImageObject\",\"inLanguage\":\"tr\",\"@id\":\"https:\/\/drsedattatar.com\/tr\/#\/schema\/person\/image\/\",\"url\":\"https:\/\/secure.gravatar.com\/avatar\/dea798d972982cc67ccc601a56275438ae42ec5d4557bb1f2fb426553e72d1a1?s=96&d=mm&r=g\",\"contentUrl\":\"https:\/\/secure.gravatar.com\/avatar\/dea798d972982cc67ccc601a56275438ae42ec5d4557bb1f2fb426553e72d1a1?s=96&d=mm&r=g\",\"caption\":\"Sedat Tatar\"},\"sameAs\":[\"http:\/\/drsedattatar.com\/tr\"],\"url\":\"https:\/\/drsedattatar.com\/tr\/author\/admin\/\"}]}<\/script>\n<!-- \/ Yoast SEO plugin. -->","yoast_head_json":{"title":"KVKK Ayd\u0131nlatma Formu - \u0130stanbul Estetik, Plastik ve Rekonstr\u00fcktif Cerrahi - Do\u00e7. Dr. Sedat Tatar","robots":{"index":"index","follow":"follow","max-snippet":"max-snippet:-1","max-image-preview":"max-image-preview:large","max-video-preview":"max-video-preview:-1"},"canonical":"https:\/\/drsedattatar.com\/tr\/kvkk-aydinlatma-formu\/","og_locale":"tr_TR","og_type":"article","og_title":"KVKK Ayd\u0131nlatma Formu - \u0130stanbul Estetik, Plastik ve Rekonstr\u00fcktif Cerrahi - Do\u00e7. Dr. Sedat Tatar","og_description":"DO\u00c7. DR. SEDAT TATAR HASTA AYDINLATMA FORMU 6698 say\u0131l\u0131 Ki\u015fisel Verilerin Korunmas\u0131 Kanunu&#8217;na (bundan b\u00f6yle \u201cKVK Kanunu\u201d olarak ifade edilecektir) g\u00f6re Dr. Sedat Tatar Klini\u011fi(bundan b\u00f6yle \u201cKlinik\u2019\u2019 olarak ifade edilecektir) sizinle ilgili ki\u015fisel verileri i\u015flemesi sebebiyle veri sorumlusudur. Hastam\u0131z s\u0131fat\u0131yla ilgili ki\u015fi olarak sizlerin ki\u015fisel verilerinizi a\u015fa\u011f\u0131da izah edildi\u011fi surette ve mevzuat taraf\u0131ndan emredilen s\u0131n\u0131rlar...","og_url":"https:\/\/drsedattatar.com\/tr\/kvkk-aydinlatma-formu\/","og_site_name":"\u0130stanbul Estetik, Plastik ve Rekonstr\u00fcktif Cerrahi - Do\u00e7. Dr. Sedat Tatar","article_published_time":"2024-09-29T07:01:37+00:00","article_modified_time":"2025-12-17T08:39:24+00:00","og_image":[{"width":1558,"height":602,"url":"https:\/\/drsedattatar.com\/tr\/wp-content\/uploads\/2023\/06\/dr-sedat-tatar-estetik-plastik-logo.webp","type":"image\/webp"}],"author":"Sedat Tatar","twitter_card":"summary_large_image","twitter_misc":{"Yazan:":"Sedat Tatar","Tahmini okuma s\u00fcresi":"56 dakika"},"schema":{"@context":"https:\/\/schema.org","@graph":[{"@type":"Article","@id":"https:\/\/drsedattatar.com\/tr\/kvkk-aydinlatma-formu\/#article","isPartOf":{"@id":"https:\/\/drsedattatar.com\/tr\/kvkk-aydinlatma-formu\/"},"author":{"name":"Sedat Tatar","@id":"https:\/\/drsedattatar.com\/tr\/#\/schema\/person\/aa22f82cb49cf6b0e8e4c2fdd472308a"},"headline":"KVKK Ayd\u0131nlatma Formu","datePublished":"2024-09-29T07:01:37+00:00","dateModified":"2025-12-17T08:39:24+00:00","mainEntityOfPage":{"@id":"https:\/\/drsedattatar.com\/tr\/kvkk-aydinlatma-formu\/"},"wordCount":13679,"publisher":{"@id":"https:\/\/drsedattatar.com\/tr\/#organization"},"image":{"@id":"https:\/\/drsedattatar.com\/tr\/kvkk-aydinlatma-formu\/#primaryimage"},"thumbnailUrl":"https:\/\/drsedattatar.com\/tr\/wp-content\/uploads\/2023\/06\/dr-sedat-tatar-estetik-plastik-logo-1024x396.webp","articleSection":["Plastik Cerrahi Blog"],"inLanguage":"tr"},{"@type":"WebPage","@id":"https:\/\/drsedattatar.com\/tr\/kvkk-aydinlatma-formu\/","url":"https:\/\/drsedattatar.com\/tr\/kvkk-aydinlatma-formu\/","name":"KVKK Ayd\u0131nlatma Formu - \u0130stanbul Estetik, Plastik ve Rekonstr\u00fcktif Cerrahi - Do\u00e7. Dr. Sedat Tatar","isPartOf":{"@id":"https:\/\/drsedattatar.com\/tr\/#website"},"primaryImageOfPage":{"@id":"https:\/\/drsedattatar.com\/tr\/kvkk-aydinlatma-formu\/#primaryimage"},"image":{"@id":"https:\/\/drsedattatar.com\/tr\/kvkk-aydinlatma-formu\/#primaryimage"},"thumbnailUrl":"https:\/\/drsedattatar.com\/tr\/wp-content\/uploads\/2023\/06\/dr-sedat-tatar-estetik-plastik-logo-1024x396.webp","datePublished":"2024-09-29T07:01:37+00:00","dateModified":"2025-12-17T08:39:24+00:00","breadcrumb":{"@id":"https:\/\/drsedattatar.com\/tr\/kvkk-aydinlatma-formu\/#breadcrumb"},"inLanguage":"tr","potentialAction":[{"@type":"ReadAction","target":["https:\/\/drsedattatar.com\/tr\/kvkk-aydinlatma-formu\/"]}]},{"@type":"ImageObject","inLanguage":"tr","@id":"https:\/\/drsedattatar.com\/tr\/kvkk-aydinlatma-formu\/#primaryimage","url":"https:\/\/drsedattatar.com\/tr\/wp-content\/uploads\/2023\/06\/dr-sedat-tatar-estetik-plastik-logo.webp","contentUrl":"https:\/\/drsedattatar.com\/tr\/wp-content\/uploads\/2023\/06\/dr-sedat-tatar-estetik-plastik-logo.webp","width":1558,"height":602},{"@type":"BreadcrumbList","@id":"https:\/\/drsedattatar.com\/tr\/kvkk-aydinlatma-formu\/#breadcrumb","itemListElement":[{"@type":"ListItem","position":1,"name":"Anasayfa","item":"https:\/\/drsedattatar.com\/tr\/"},{"@type":"ListItem","position":2,"name":"KVKK Ayd\u0131nlatma Formu"}]},{"@type":"WebSite","@id":"https:\/\/drsedattatar.com\/tr\/#website","url":"https:\/\/drsedattatar.com\/tr\/","name":"\u0130stanbul Estetik, Plastik ve Rekonstr\u00fcktif Cerrahi - Do\u00e7. Dr. Sedat Tatar","description":"\u0130stanbul Estetik, Plastik ve Rekonstr\u00fcktif Cerrahi alan\u0131nda deneyimli Do\u00e7. Dr. Sedat Tatar ile hayallerinizi ger\u00e7e\u011fe d\u00f6n\u00fc\u015ft\u00fcr\u00fcn ve kendinizi en iyi \u015fekilde hissedin.","publisher":{"@id":"https:\/\/drsedattatar.com\/tr\/#organization"},"potentialAction":[{"@type":"SearchAction","target":{"@type":"EntryPoint","urlTemplate":"https:\/\/drsedattatar.com\/tr\/?s={search_term_string}"},"query-input":{"@type":"PropertyValueSpecification","valueRequired":true,"valueName":"search_term_string"}}],"inLanguage":"tr"},{"@type":"Organization","@id":"https:\/\/drsedattatar.com\/tr\/#organization","name":"\u0130stanbul Estetik, Plastik ve Rekonstr\u00fcktif Cerrahi - Do\u00e7. Dr. Sedat Tatar","url":"https:\/\/drsedattatar.com\/tr\/","logo":{"@type":"ImageObject","inLanguage":"tr","@id":"https:\/\/drsedattatar.com\/tr\/#\/schema\/logo\/image\/","url":"https:\/\/drsedattatar.com\/tr\/wp-content\/uploads\/2023\/06\/cropped-cropped-cropped-dr-sedat-tatar-estetik-plastik-logo.webp","contentUrl":"https:\/\/drsedattatar.com\/tr\/wp-content\/uploads\/2023\/06\/cropped-cropped-cropped-dr-sedat-tatar-estetik-plastik-logo.webp","width":1505,"height":602,"caption":"\u0130stanbul Estetik, Plastik ve Rekonstr\u00fcktif Cerrahi - Do\u00e7. Dr. Sedat Tatar"},"image":{"@id":"https:\/\/drsedattatar.com\/tr\/#\/schema\/logo\/image\/"}},{"@type":"Person","@id":"https:\/\/drsedattatar.com\/tr\/#\/schema\/person\/aa22f82cb49cf6b0e8e4c2fdd472308a","name":"Sedat Tatar","image":{"@type":"ImageObject","inLanguage":"tr","@id":"https:\/\/drsedattatar.com\/tr\/#\/schema\/person\/image\/","url":"https:\/\/secure.gravatar.com\/avatar\/dea798d972982cc67ccc601a56275438ae42ec5d4557bb1f2fb426553e72d1a1?s=96&d=mm&r=g","contentUrl":"https:\/\/secure.gravatar.com\/avatar\/dea798d972982cc67ccc601a56275438ae42ec5d4557bb1f2fb426553e72d1a1?s=96&d=mm&r=g","caption":"Sedat Tatar"},"sameAs":["http:\/\/drsedattatar.com\/tr"],"url":"https:\/\/drsedattatar.com\/tr\/author\/admin\/"}]}},"taxonomy_info":{"category":[{"value":14,"label":"Plastik Cerrahi Blog"}]},"featured_image_src_large":false,"author_info":{"display_name":"Sedat Tatar","author_link":"https:\/\/drsedattatar.com\/tr\/author\/admin\/"},"comment_info":7,"category_info":[{"term_id":14,"name":"Plastik Cerrahi Blog","slug":"plastik-cerrahi-blog","term_group":0,"term_taxonomy_id":14,"taxonomy":"category","description":"","parent":0,"count":155,"filter":"raw","cat_ID":14,"category_count":155,"category_description":"","cat_name":"Plastik Cerrahi Blog","category_nicename":"plastik-cerrahi-blog","category_parent":0}],"tag_info":false,"_links":{"self":[{"href":"https:\/\/drsedattatar.com\/tr\/wp-json\/wp\/v2\/posts\/2642","targetHints":{"allow":["GET"]}}],"collection":[{"href":"https:\/\/drsedattatar.com\/tr\/wp-json\/wp\/v2\/posts"}],"about":[{"href":"https:\/\/drsedattatar.com\/tr\/wp-json\/wp\/v2\/types\/post"}],"author":[{"embeddable":true,"href":"https:\/\/drsedattatar.com\/tr\/wp-json\/wp\/v2\/users\/1"}],"replies":[{"embeddable":true,"href":"https:\/\/drsedattatar.com\/tr\/wp-json\/wp\/v2\/comments?post=2642"}],"version-history":[{"count":3,"href":"https:\/\/drsedattatar.com\/tr\/wp-json\/wp\/v2\/posts\/2642\/revisions"}],"predecessor-version":[{"id":2771,"href":"https:\/\/drsedattatar.com\/tr\/wp-json\/wp\/v2\/posts\/2642\/revisions\/2771"}],"wp:attachment":[{"href":"https:\/\/drsedattatar.com\/tr\/wp-json\/wp\/v2\/media?parent=2642"}],"wp:term":[{"taxonomy":"category","embeddable":true,"href":"https:\/\/drsedattatar.com\/tr\/wp-json\/wp\/v2\/categories?post=2642"},{"taxonomy":"post_tag","embeddable":true,"href":"https:\/\/drsedattatar.com\/tr\/wp-json\/wp\/v2\/tags?post=2642"}],"curies":[{"name":"wp","href":"https:\/\/api.w.org\/{rel}","templated":true}]}}