{"id":2728,"date":"2025-05-06T12:16:57","date_gmt":"2025-05-06T12:16:57","guid":{"rendered":"https:\/\/drsedattatar.com\/tr\/?p=2728"},"modified":"2025-05-06T12:16:59","modified_gmt":"2025-05-06T12:16:59","slug":"karin-germe-ameliyati-hakkinda-bilinmesi-gerekenler","status":"publish","type":"post","link":"https:\/\/drsedattatar.com\/tr\/karin-germe-ameliyati-hakkinda-bilinmesi-gerekenler\/","title":{"rendered":"Kar\u0131n Germe Ameliyat\u0131 Hakk\u0131nda Bilinmesi Gerekenler"},"content":{"rendered":"\n<p>Kar\u0131n germe ameliyat\u0131, genellikle kar\u0131n b\u00f6lgesindeki fazla ya\u011flardan ve gev\u015feyen deri dokusundan kurtulmak isteyenler i\u00e7in tercih edilen pop\u00fcler bir estetik cerrahi prosed\u00fcrd\u00fcr. Zamanla kilo kayb\u0131, gebelik, ya\u015f al\u0131m\u0131 veya genetik fakt\u00f6rler nedeniyle kar\u0131n b\u00f6lgesindeki deride sarkmalar ve gev\u015femeler meydana gelebilir. Bu durum bir\u00e7ok ki\u015finin estetik kayg\u0131larla birlikte \u00f6zg\u00fcvenini olumsuz etkileyebilir. Kar\u0131n germe, sadece g\u00f6r\u00fcn\u00fcm\u00fc iyile\u015ftirmekle kalmaz, ayn\u0131 zamanda fiziksel rahatl\u0131k sa\u011flayabilir. Kar\u0131n germe ameliyat\u0131na karar vermeden \u00f6nce bilinmesi gereken bir\u00e7ok \u00f6nemli fakt\u00f6r vard\u0131r. Bu yaz\u0131m\u0131zda kar\u0131n germe ameliyat\u0131 hakk\u0131nda bilmeniz gerekenlerden detayl\u0131 bir \u015fekilde s\u00f6z edece\u011fiz.<\/p>\n\n\n\n<h2 class=\"wp-block-heading\"><a><\/a>Kar\u0131n Germe (Abdominoplasti) Nedir?<\/h2>\n\n\n\n<p>Kar\u0131n germe (abdominoplasti), kar\u0131n b\u00f6lgesindeki fazla deri ve ya\u011flar\u0131n al\u0131narak, kaslar\u0131n s\u0131k\u0131la\u015ft\u0131r\u0131lmas\u0131 amac\u0131yla yap\u0131lan estetik bir cerrahi i\u015flemdir. Genellikle a\u015f\u0131r\u0131 kilo kayb\u0131, gebelik veya ya\u015f al\u0131m\u0131 gibi fakt\u00f6rlerle zay\u0131flayan kar\u0131n b\u00f6lgesindeki deri ve kaslar zamanla gev\u015feyebilir. Bu operasyon hastalara sarkan deri ve ya\u011flardan kurtulman\u0131n yan\u0131 s\u0131ra kar\u0131n kaslar\u0131n\u0131 g\u00fc\u00e7lendirerek daha d\u00fcz ve s\u0131k\u0131 bir kar\u0131n g\u00f6r\u00fcn\u00fcm\u00fc elde edilmesini sa\u011flar. Kar\u0131n germe, estetik ama\u00e7lar\u0131n yan\u0131 s\u0131ra baz\u0131 durumlarda sa\u011fl\u0131k a\u00e7\u0131s\u0131ndan da faydal\u0131 olabilir. \u00c7\u00fcnk\u00fc kar\u0131n b\u00f6lgesindeki fazla deri ve ya\u011f, fiziksel rahats\u0131zl\u0131klara da sebep olabilir.<\/p>\n\n\n\n<h2 class=\"wp-block-heading\"><a><\/a>Kar\u0131n Germe Ameliyat\u0131n\u0131n Avantajlar\u0131 Nelerdir?<\/h2>\n\n\n\n<p>Kar\u0131n germe ameliyat\u0131n\u0131n bir\u00e7ok avantaj\u0131 bulunmaktad\u0131r. \u0130lk olarak, fazla cilt ve ya\u011f dokusunun al\u0131nmas\u0131 sayesinde daha d\u00fcz, s\u0131k\u0131 ve estetik bir kar\u0131n g\u00f6r\u00fcn\u00fcm\u00fc elde edilir. \u00d6zellikle hamilelik veya kilo kayb\u0131 sonras\u0131 sarkma ve gev\u015feme ya\u015fayan kar\u0131n b\u00f6lgesindeki deformasyonlar d\u00fczeltilir. Ayr\u0131ca kar\u0131n kaslar\u0131 g\u00fc\u00e7lendirilerek daha sa\u011fl\u0131kl\u0131 bir post\u00fcr ve kar\u0131n b\u00f6lgesindeki fonksiyonel sorunlar giderilebilir. Kar\u0131n germe, \u00f6zg\u00fcven art\u0131\u015f\u0131 sa\u011flayarak ki\u015filerin bedenlerine daha rahat ve kendinden emin bir \u015fekilde yakla\u015fmalar\u0131na yard\u0131mc\u0131 olabilir. Son olarak ameliyat sonucunda elde edilen d\u00fcz bir kar\u0131n ve s\u0131k\u0131la\u015fma etkisi, ki\u015finin ya\u015fam boyu daha estetik bir kar\u0131n g\u00f6r\u00fcn\u00fcm\u00fcne sahip olmas\u0131n\u0131 sa\u011flar.<\/p>\n\n\n\n<h2 class=\"wp-block-heading\"><a><\/a>Kar\u0131n Germe Ameliyat\u0131 Kimler i\u00e7in Uygundur?<\/h2>\n\n\n\n<p>Kar\u0131n germe ameliyat\u0131 kar\u0131n b\u00f6lgesinde sarkma, fazla ya\u011f ve gev\u015femi\u015f deri problemi ya\u015fayan ki\u015filer i\u00e7in ideal bir \u00e7\u00f6z\u00fcmd\u00fcr. Bu ameliyat genellikle a\u015f\u0131r\u0131 kilo kayb\u0131, gebelik sonras\u0131 veya ya\u015flanma nedeniyle kar\u0131n b\u00f6lgesindeki deformasyonlar\u0131 d\u00fczeltmek isteyen ki\u015filere \u00f6nerilir. Ancak kar\u0131n germe ameliyat\u0131 her birey i\u00e7in uygun olmayabilir. \u0130deal adaylar ise genel sa\u011fl\u0131k durumu iyi olan, kilo istikrar\u0131 sa\u011flam\u0131\u015f, sa\u011fl\u0131kl\u0131 bir ya\u015fam tarz\u0131 benimsemi\u015f ve kar\u0131n b\u00f6lgesinde belirgin sarkmalar ve fazla deri bulunan ki\u015filerdir. Ayr\u0131ca gebelik plan\u0131 olmayan kad\u0131nlar, bu prosed\u00fcr i\u00e7in daha uygun adaylar aras\u0131nda yer al\u0131r. Kar\u0131n germe ameliyat\u0131, b\u00f6lgesel ya\u011f birikimlerini ve deri sarkmalar\u0131n\u0131 hedefledi\u011fi i\u00e7in sadece genel kilo fazlal\u0131\u011f\u0131 olan ki\u015filere de\u011fil ayn\u0131 zamanda kar\u0131n kaslar\u0131n\u0131n zay\u0131flad\u0131\u011f\u0131 ve gev\u015fedi\u011fi ki\u015filer i\u00e7in de uygundur.<\/p>\n\n\n\n<h2 class=\"wp-block-heading\"><a><\/a>Kar\u0131n Germe Ameliyat\u0131 Nas\u0131l Olur?<\/h2>\n\n\n\n<p>Kar\u0131n germe ameliyat\u0131, \u00e7o\u011funlukla genel anestezi alt\u0131nda yap\u0131lan bir cerrahi prosed\u00fcrd\u00fcr ve ameliyat s\u0131ras\u0131nda kar\u0131n b\u00f6lgesindeki fazla deri, ya\u011f ve zay\u0131flam\u0131\u015f kaslar d\u00fczeltilir. Ameliyat\u0131n ilk ad\u0131m\u0131nda, kar\u0131n b\u00f6lgesinde bir kesi yap\u0131l\u0131r. Bu kesi genellikle alt kar\u0131n b\u00f6lgesine, bikini \u00e7izgisi boyunca yerle\u015ftirilir. B\u00f6ylece kesi izleri gizlenir. Ard\u0131ndan fazla deri ve ya\u011flar al\u0131n\u0131r ve kar\u0131n kaslar\u0131 s\u0131k\u0131la\u015ft\u0131r\u0131l\u0131r. E\u011fer gerekirse g\u00f6bek deli\u011fi de yeniden konumland\u0131r\u0131labilir. Ameliyat\u0131n sonunda kar\u0131n b\u00f6lgesindeki deri gerilir ve dikilir. Bu sayede daha d\u00fcz ve s\u0131k\u0131 bir g\u00f6r\u00fcn\u00fcm elde edilir.<\/p>\n\n\n\n<h2 class=\"wp-block-heading\"><a><\/a>Kar\u0131n Germe Ameliyat\u0131 Ne Kadar S\u00fcrer?<\/h2>\n\n\n\n<p>Kar\u0131n germe ameliyat\u0131 genellikle 2 ila 4 saat aras\u0131nda s\u00fcrer. Ancak bu s\u00fcre yap\u0131lan i\u015flemin kapsam\u0131na, hastan\u0131n durumuna ve cerrah\u0131n tekni\u011fine ba\u011fl\u0131 olarak de\u011fi\u015febilir. E\u011fer sadece alt kar\u0131n b\u00f6lgesinde bir germe i\u015flemi yap\u0131lacaksa, i\u015flem s\u00fcresi daha k\u0131sa olabilir. Ancak kar\u0131n kaslar\u0131n\u0131n g\u00fc\u00e7lendirilmesi, fazla ya\u011f\u0131n al\u0131nmas\u0131 ve g\u00f6bek deli\u011finin yeniden konumland\u0131r\u0131lmas\u0131 gibi ek prosed\u00fcrler yap\u0131l\u0131rsa ameliyat s\u00fcresi uzayabilir. Ameliyat\u0131n ard\u0131ndan hastalar genellikle birka\u00e7 saat g\u00f6zlem alt\u0131nda tutulur ve ertesi g\u00fcn taburcu edilebilirler. \u0130yile\u015fme s\u00fcreci ve sonu\u00e7lar, her bireyin sa\u011fl\u0131k durumuna ve cerrah\u0131n uygulad\u0131\u011f\u0131 tekniklere g\u00f6re farkl\u0131l\u0131k g\u00f6sterebilir.<\/p>\n\n\n\n<h2 class=\"wp-block-heading\"><a><\/a>Kar\u0131n Germe Ameliyat\u0131 \u00d6ncesi Dikkat Edilmesi Gerekenler<\/h2>\n\n\n\n<p>Kar\u0131n germe ameliyat\u0131, estetik ve fiziksel rahatl\u0131k sa\u011flamak amac\u0131yla \u00f6nemli bir cerrahi i\u015flemdir. Ba\u015far\u0131l\u0131 bir sonu\u00e7 elde edebilmek ve iyile\u015fme s\u00fcrecini h\u0131zland\u0131rmak i\u00e7in ameliyat \u00f6ncesinde baz\u0131 haz\u0131rl\u0131klar\u0131n yap\u0131lmas\u0131 gerekmektedir. \u0130\u015fte kar\u0131n germe ameliyat\u0131 \u00f6ncesi dikkat edilmesi gereken \u00f6nemli noktalar:<\/p>\n\n\n\n<ul class=\"wp-block-list\">\n<li>Ameliyat \u00f6ncesinde, doktorunuz genel sa\u011fl\u0131k durumunuzu de\u011ferlendirir ve herhangi bir sa\u011fl\u0131k sorununuzun olup olmad\u0131\u011f\u0131n\u0131 kontrol eder. Sigara i\u00e7iyorsan\u0131z, cerrahi iyile\u015fmeyi olumsuz etkileyebilece\u011fi i\u00e7in sigaray\u0131 en az 2-4 hafta \u00f6nce b\u0131rakman\u0131z \u00f6nerir.<\/li>\n\n\n\n<li>Ameliyat \u00f6ncesinde kilo kayb\u0131 hedeflerinizin tamamlanm\u0131\u015f olmas\u0131 \u00f6nemlidir. Kar\u0131n germe ameliyat\u0131, kal\u0131c\u0131 kilo kayb\u0131 i\u00e7in bir \u00e7\u00f6z\u00fcm de\u011fildir, bu y\u00fczden ideal kilonuza ula\u015ft\u0131ysan\u0131z i\u015flem i\u00e7in daha uygun bir aday olursunuz.<\/li>\n\n\n\n<li>Doktorunuz ameliyat \u00f6ncesinde kullanmaman\u0131z gereken baz\u0131 ila\u00e7lar hakk\u0131nda sizi bilgilendirecektir. Ayr\u0131ca i\u015flemden \u00f6nceki birka\u00e7 g\u00fcn boyunca hafif yemekler t\u00fcketmeniz \u00f6nerilir.<\/li>\n\n\n\n<li>Ameliyat \u00f6ncesinde doktorunuz, fiziksel sa\u011fl\u0131\u011f\u0131n\u0131zla ilgili \u00f6nerilerde bulunabilir. \u00d6zellikle kan suland\u0131r\u0131c\u0131 ila\u00e7lar gibi \u00fcr\u00fcnleri kullanmaktan ka\u00e7\u0131nman\u0131z gerekebilir. Ayr\u0131ca ameliyat g\u00fcn\u00fc rahat k\u0131yafetler giymeniz tavsiye edilir.<\/li>\n<\/ul>\n\n\n\n<h2 class=\"wp-block-heading\"><a><\/a>Kar\u0131n Germe Ameliyat\u0131 Sonras\u0131 Dikkat Edilmesi Gerekenler<\/h2>\n\n\n\n<p>Kar\u0131n germe ameliyat\u0131 sonras\u0131nda iyile\u015fme s\u00fcreci, dikkat edilmesi gereken baz\u0131 \u00f6nemli noktalarla birlikte daha h\u0131zl\u0131 ve sorunsuz ge\u00e7ebilir. Bu s\u00fcre\u00e7te hem fiziksel hem de cerrahi bak\u0131m \u00e7ok \u00f6nemlidir. \u0130\u015fte ameliyat sonras\u0131 dikkat edilmesi gereken baz\u0131 \u00f6nemli hususlar:<\/p>\n\n\n\n<ul class=\"wp-block-list\">\n<li>Ameliyat sonras\u0131 ilk birka\u00e7 g\u00fcn dinlenmeye ve iyile\u015fmeye odaklanmal\u0131s\u0131n\u0131z. \u015ei\u015flik, morarma ve hafif a\u011fr\u0131lar olabilir. Bu durumlar genellikle birka\u00e7 g\u00fcn i\u00e7inde ge\u00e7er. Yatak istirahatine dikkat edilmesi gerekir.<\/li>\n\n\n\n<li>Ameliyat sonras\u0131 kar\u0131n b\u00f6lgesine bandaj sar\u0131labilir ve drenaj t\u00fcpleri yerle\u015ftirilebilir. Bu drenajlar, ameliyat b\u00f6lgesinde biriken s\u0131v\u0131lar\u0131n d\u0131\u015far\u0131 at\u0131lmas\u0131n\u0131 sa\u011flar. Drenajlar birka\u00e7 g\u00fcn i\u00e7inde \u00e7\u0131kar\u0131lacakt\u0131r.<\/li>\n\n\n\n<li>\u0130lk birka\u00e7 hafta boyunca a\u011f\u0131r kald\u0131rmaktan ve yo\u011fun fiziksel aktivitelerden ka\u00e7\u0131n\u0131lmal\u0131d\u0131r. Doktorunuzun onay\u0131 ile y\u00fcr\u00fcy\u00fc\u015f gibi hafif egzersizlere ba\u015flanabilir. Ancak kar\u0131n b\u00f6lgesine fazla bask\u0131 yapmamak \u00f6nemlidir.<\/li>\n\n\n\n<li>Ameliyat sonras\u0131 yaran\u0131n temizli\u011fi ve bak\u0131m\u0131 \u00e7ok \u00f6nemlidir. Doktorunuzun \u00f6nerilerine g\u00f6re yara bak\u0131m\u0131n\u0131 yapmal\u0131 ve enfeksiyon riskini \u00f6nlemek i\u00e7in hijyen kurallar\u0131na dikkat etmelisiniz.<\/li>\n\n\n\n<li>Kar\u0131n germe ameliyat\u0131 sonras\u0131 genellikle kompresyon giysisi kullanman\u0131z \u00f6nerilir. Bu giysi, \u015fi\u015flikleri azaltmaya yard\u0131mc\u0131 olur ve iyile\u015fme s\u00fcrecini h\u0131zland\u0131r\u0131r.<\/li>\n\n\n\n<li>Ameliyat\u0131n ard\u0131ndan birka\u00e7 hafta i\u00e7inde \u015fi\u015flikler inmeye ba\u015flar ve sonu\u00e7lar daha belirgin hale gelir. Tam sonu\u00e7lar ise genellikle 6 ay ile 1 y\u0131l i\u00e7inde netle\u015fir.<\/li>\n\n\n\n<li>Sonu\u00e7lar\u0131n kal\u0131c\u0131l\u0131\u011f\u0131n\u0131 art\u0131rmak i\u00e7in sa\u011fl\u0131kl\u0131 beslenmeye, d\u00fczenli egzersize ve yeterli su t\u00fcketimine dikkat edilmesi \u00f6nemlidir. Kilo al\u0131m\u0131, kar\u0131n b\u00f6lgesindeki sarkmay\u0131 geri getirebilece\u011fi i\u00e7in kilonuzu sabit tutmak \u00f6nemlidir.<\/li>\n<\/ul>\n\n\n\n<h2 class=\"wp-block-heading\"><a><\/a>Kar\u0131n Germe Ameliyat\u0131 \u0130yile\u015fme S\u00fcreci<\/h2>\n\n\n\n<p>Kar\u0131n germe ameliyat\u0131 sonras\u0131 iyile\u015fme s\u00fcreci, ki\u015fisel sa\u011fl\u0131k durumuna ve uygulanan cerrahi tekni\u011fe ba\u011fl\u0131 olarak de\u011fi\u015fiklik g\u00f6sterebilir. Genel olarak bu s\u00fcre\u00e7 birka\u00e7 a\u015famadan olu\u015fur ve do\u011fru bak\u0131m ile daha h\u0131zl\u0131 iyile\u015fme sa\u011flanabilir. \u0130yile\u015fme s\u00fcrecini daha iyi anlayabilmek i\u00e7in a\u015fa\u011f\u0131da \u00f6nemli ad\u0131mlar\u0131 bulabilirsiniz:<\/p>\n\n\n\n<p><strong>\u0130lk 1-2 Hafta: <\/strong>Ameliyat sonras\u0131 ilk birka\u00e7 g\u00fcn \u015fi\u015flik, morluklar ve hafif a\u011fr\u0131lar g\u00f6r\u00fclebilir. Bu durumlar genellikle birka\u00e7 g\u00fcn i\u00e7inde azal\u0131r. \u0130lk hafta yatak istirahati \u00f6nerilir. Ancak doktorunuzun onay\u0131yla k\u0131sa y\u00fcr\u00fcy\u00fc\u015fler yapabilirsiniz. Ayr\u0131ca kar\u0131n b\u00f6lgesine bandaj sar\u0131labilir ve drenaj t\u00fcpleri yerle\u015ftirilebilir. Bu drenajlar, ameliyat b\u00f6lgesinde biriken s\u0131v\u0131lar\u0131 atarak enfeksiyon riskini azalt\u0131r ve genellikle 1-2 g\u00fcn i\u00e7inde \u00e7\u0131kar\u0131l\u0131r.<\/p>\n\n\n\n<p><strong>3. Hafta ve Sonras\u0131: <\/strong>\u00dc\u00e7\u00fcnc\u00fc haftadan itibaren \u00e7o\u011fu hasta normal g\u00fcnl\u00fck aktivitelerine d\u00f6nebilir. Bu s\u00fcre\u00e7te a\u011f\u0131r kald\u0131rmaktan ve yo\u011fun fiziksel aktivitelerden ka\u00e7\u0131n\u0131lmal\u0131d\u0131r. Kar\u0131n b\u00f6lgesindeki \u015fi\u015fliklerin bir k\u0131sm\u0131 azal\u0131rken, sonu\u00e7lar daha belirgin hale gelir. Hafif egzersizler yapmaya ba\u015flamak i\u00e7in doktorunuza dan\u0131\u015fman\u0131z \u00f6nemlidir.<\/p>\n\n\n\n<p><strong>1. Ay Sonras\u0131:<\/strong> Bir ayl\u0131k s\u00fcre\u00e7 sonunda, yara izleri daha az belirgin hale gelir ve \u015fi\u015flikler b\u00fcy\u00fck \u00f6l\u00e7\u00fcde inmi\u015f olur. Yine de kar\u0131n b\u00f6lgesinde hala baz\u0131 \u015fi\u015flikler ve uyu\u015fukluklar olabilir. Bu d\u00f6nemde kompresyon giysisi kullan\u0131m\u0131 devam edebilir.<\/p>\n\n\n\n<p><strong>6 Ay \u2013 1 Y\u0131l:<\/strong> Tam sonu\u00e7lar genellikle 6 ay ile 1 y\u0131l aras\u0131nda ortaya \u00e7\u0131kar. Kar\u0131n b\u00f6lgesindeki cilt gerilir, kaslar daha s\u0131k\u0131 hale gelir ve sonu\u00e7lar kal\u0131c\u0131la\u015f\u0131r. Yara izleri daha da solmu\u015f olur ve ameliyat\u0131n estetik etkisi tamamen belirginle\u015fir.<\/p>\n\n\n\n<p>\u0130yile\u015fme s\u00fcrecinde sa\u011fl\u0131kl\u0131 beslenme, d\u00fczenli egzersiz ve yeterli su t\u00fcketimi \u00e7ok \u00f6nemlidir. Kilonuzu sabit tutarak, kar\u0131n b\u00f6lgesindeki sarkman\u0131n geri gelmesini engelleyebilir ve uzun vadeli sonu\u00e7lar\u0131 iyile\u015ftirebilirsiniz.<\/p>\n\n\n\n<h2 class=\"wp-block-heading\"><a><\/a>Kar\u0131n Germe Ameliyat\u0131 Hakk\u0131nda S\u0131k Sorulan Sorular<\/h2>\n\n\n\n<h3 class=\"wp-block-heading\"><strong>Kar\u0131n germe sonras\u0131 hamile kal\u0131n\u0131r m\u0131?<\/strong><\/h3>\n\n\n\n<p>Kar\u0131n germe ameliyat\u0131 sonras\u0131 hamile kalmak elbette m\u00fcmk\u00fcnd\u00fcr. Bu ameliyat hamile kalmaya engel de\u011fildir. Ancak doktorlar genellikle bu t\u00fcr bir cerrahiden sonra hamileli\u011fi ertelemenizi \u00f6nerir. \u00c7\u00fcnk\u00fc ameliyat\u0131n amac\u0131 kar\u0131n kaslar\u0131n\u0131 s\u0131k\u0131la\u015ft\u0131rmak ve fazla cilt ile ya\u011f\u0131 almak oldu\u011fu i\u00e7in hamilelik s\u0131ras\u0131nda kar\u0131n b\u00f6lgesinde ya\u015fanacak geni\u015flemeler, bu sonu\u00e7lar\u0131 etkileyebilir. E\u011fer gelecekte hamile kalmay\u0131 planl\u0131yorsan\u0131z, kar\u0131n germe ameliyat\u0131 \u00f6ncesinde doktorunuzla bu durumu konu\u015fmak faydal\u0131 olacakt\u0131r. Hamilelik sonras\u0131 tekrar kar\u0131n b\u00f6lgesindeki deformasyonlar olabilir, bu nedenle kar\u0131n germe ameliyat\u0131n\u0131 do\u011fum sonras\u0131na ertelemek en iyi se\u00e7enek olabilir.<\/p>\n\n\n\n<h3 class=\"wp-block-heading\">Kar\u0131n germe ameliyat\u0131 sonras\u0131 ne zaman hamile kal\u0131n\u0131r?<\/h3>\n\n\n\n<p>Kar\u0131n germe ameliyat\u0131 sonras\u0131 hamile kalma zaman\u0131, genellikle ki\u015finin iyile\u015fme s\u00fcrecine ve cerrah\u0131n \u00f6nerilerine ba\u011fl\u0131d\u0131r. Genellikle kar\u0131n germe ameliyat\u0131 sonras\u0131 en az 6 ay ile 1 y\u0131l aras\u0131nda hamile kalmaman\u0131z tavsiye edilir. \u00c7\u00fcnk\u00fc bu s\u00fcre\u00e7te v\u00fccudun tamamen iyile\u015fmesi ve kar\u0131n b\u00f6lgesindeki dokular\u0131n yerle\u015fmesi i\u00e7in olduk\u00e7a \u00f6nemlidir. Hamilelik, kar\u0131n b\u00f6lgesinde yeniden geni\u015flemeye yol a\u00e7abilir. Bu da ameliyat\u0131n sonu\u00e7lar\u0131n\u0131 etkileyebilir. E\u011fer gelecekte hamile kalmay\u0131 d\u00fc\u015f\u00fcn\u00fcyorsan\u0131z, ameliyat\u0131 do\u011fum sonras\u0131na ertelemeniz daha iyi olabilir. Her durumda, hamilelik planlar\u0131n\u0131z\u0131 doktorunuzla g\u00f6r\u00fc\u015fmek en sa\u011fl\u0131kl\u0131 yakla\u015f\u0131m olacakt\u0131r.<\/p>\n\n\n\n<h3 class=\"wp-block-heading\">Kar\u0131n germe ka\u00e7 beden inceltir?<\/h3>\n\n\n\n<p>Kar\u0131n germe ameliyat\u0131 (abdominoplasti) genellikle do\u011frudan beden \u00f6l\u00e7\u00fcs\u00fcn\u00fc belirlemez, ancak kar\u0131n b\u00f6lgesindeki fazla cilt ve ya\u011flar\u0131n al\u0131nmas\u0131, kar\u0131n kaslar\u0131n\u0131n s\u0131k\u0131la\u015ft\u0131r\u0131lmas\u0131 sonucu daha d\u00fcz ve \u015fekilli bir kar\u0131n g\u00f6r\u00fcn\u00fcm\u00fc elde edilir. Bu i\u015flemin ard\u0131ndan bir hastada genellikle d\u00f6rt beden incelme g\u00f6r\u00fclebilir. Ancak beden \u00f6l\u00e7\u00fcs\u00fcndeki de\u011fi\u015fiklik ki\u015fisel v\u00fccut yap\u0131s\u0131na, ameliyat\u0131n kapsam\u0131na ve al\u0131nan fazla cilt miktar\u0131na ba\u011fl\u0131 olarak farkl\u0131l\u0131k g\u00f6sterebilir. Ameliyat, do\u011frudan kilo kayb\u0131 sa\u011flamasa da kar\u0131n b\u00f6lgesindeki sarkma ve fazla ciltten kurtulmak isteyenler i\u00e7in estetik bir iyile\u015fme sa\u011flar.<\/p>\n\n\n\n<h3 class=\"wp-block-heading\">Kar\u0131n germe i\u00e7in ka\u00e7 kilo olmal\u0131?<\/h3>\n\n\n\n<p>Kar\u0131n germe ameliyat\u0131 i\u00e7in ideal kilo, genellikle ki\u015fiden ki\u015fiye de\u011fi\u015fir. Genel olarak v\u00fccut kitle indeksinin (BMI) sa\u011fl\u0131kl\u0131 bir aral\u0131kta olmas\u0131 \u00f6nerilir. Kar\u0131n germe ameliyat\u0131, kal\u0131c\u0131 kilo kayb\u0131 sa\u011flamaz, bu nedenle ideal kilonuza ula\u015ft\u0131ysan\u0131z ameliyat i\u00e7in daha uygun bir aday olursunuz. Genellikle 5-10 kilo aras\u0131nda fazla kilonuz varsa cerrah\u0131n\u0131z bu durumu de\u011ferlendirerek ameliyat\u0131 \u00f6nerip \u00f6nermemek konusunda size rehberlik edebilir. Ancak a\u015f\u0131r\u0131 kilolu olmak, iyile\u015fme s\u00fcrecini zorla\u015ft\u0131rabilir ve sonu\u00e7lar\u0131 etkileyebilir. Bu nedenle kilo verme hedeflerinizi tamamlad\u0131ktan sonra ameliyat\u0131 d\u00fc\u015f\u00fcnmeniz tavsiye edilir.<\/p>\n\n\n\n<h3 class=\"wp-block-heading\">Kar\u0131n germe ka\u00e7 g\u00fcnde iyile\u015fir?<\/h3>\n\n\n\n<p>Kar\u0131n germe ameliyat\u0131n\u0131n iyile\u015fme s\u00fcreci ki\u015fiden ki\u015fiye de\u011fi\u015fiklik g\u00f6sterir. \u0130yile\u015fme s\u00fcreci genellikle birka\u00e7 a\u015famadan olu\u015fur. Ameliyat sonras\u0131 ilk 1-2 hafta \u015fi\u015flik, morarma ve hafif a\u011fr\u0131lar g\u00f6r\u00fclebilir. Bu d\u00f6nemde yatak istirahati ve s\u0131n\u0131rl\u0131 fiziksel aktivite \u00f6nerilir. \u0130lk 2 hafta i\u00e7inde \u00e7o\u011fu hasta g\u00fcnl\u00fck i\u015flerine d\u00f6nebilir, ancak a\u011f\u0131r kald\u0131rmaktan ve yo\u011fun egzersizlerden ka\u00e7\u0131n\u0131lmal\u0131d\u0131r. Tam iyile\u015fme genellikle 6 ay ile 1 y\u0131l aras\u0131nda ger\u00e7ekle\u015fir. Kar\u0131n b\u00f6lgesindeki \u015fi\u015flikler azal\u0131r, yara izleri daha az belirgin hale gelir ve sonu\u00e7lar kal\u0131c\u0131la\u015f\u0131r. \u0130lk 3-4 hafta i\u00e7inde v\u00fccut b\u00fcy\u00fck \u00f6l\u00e7\u00fcde iyile\u015fmeye ba\u015flar ve normal aktiviteler yap\u0131labilir.<\/p>\n\n\n\n<h3 class=\"wp-block-heading\">Kar\u0131n germe ameliyat\u0131 riski var m\u0131?<\/h3>\n\n\n\n<p>Kar\u0131n germe ameliyat\u0131, genel olarak g\u00fcvenli bir prosed\u00fcr olsa da her cerrahi i\u015flemde oldu\u011fu gibi baz\u0131 riskler ta\u015f\u0131r. Bunlar aras\u0131nda enfeksiyon, kanama, anesteziye kar\u015f\u0131 reaksiyonlar, yara iyile\u015fme problemleri ve izlerin belirginle\u015fmesi yer alabilir. Ayr\u0131ca kar\u0131n b\u00f6lgesinde uyu\u015fukluk, \u015fi\u015flik veya morarmalar da g\u00f6r\u00fclebilir. Ancak deneyimli bir cerrah ve do\u011fru bak\u0131m ile bu riskler minimize edilebilir. Ameliyat \u00f6ncesi doktorla riskler hakk\u0131nda detayl\u0131 bir \u015fekilde konu\u015fmak, daha sa\u011fl\u0131kl\u0131 bir sonu\u00e7 elde edilmesine yard\u0131mc\u0131 olur.<\/p>\n\n\n\n<h3 class=\"wp-block-heading\">Kar\u0131n germe ameliyat\u0131 \u00e7ok a\u011fr\u0131l\u0131 m\u0131d\u0131r?<\/h3>\n\n\n\n<p>Kar\u0131n germe ameliyat\u0131 \u00e7ok a\u011fr\u0131l\u0131 bir ameliyat de\u011fildir. Ameliyat sonras\u0131 hafif ila orta \u015fiddette a\u011fr\u0131lar ve rahats\u0131zl\u0131klar olsa da bunlar genellikle y\u00f6netilebilir. Ameliyat\u0131n hemen sonras\u0131ndaki ilk birka\u00e7 g\u00fcn \u015fi\u015flik ve morluklarla birlikte hafif a\u011fr\u0131lar g\u00f6r\u00fclebilir. Doktorlar, bu a\u011fr\u0131y\u0131 kontrol alt\u0131na almak i\u00e7in a\u011fr\u0131 kesiciler ve rahatlat\u0131c\u0131 ila\u00e7lar re\u00e7ete eder. A\u011fr\u0131 seviyesi ki\u015fiden ki\u015fiye de\u011fi\u015febilir. Ancak \u00e7o\u011fu hasta 1-2 hafta i\u00e7inde a\u011fr\u0131lar\u0131n\u0131 y\u00f6netebilir ve daha rahat hisseder. Tam iyile\u015fme s\u00fcrecinde a\u011fr\u0131 genellikle azal\u0131r ve rahats\u0131zl\u0131k ge\u00e7er.<\/p>\n\n\n\n<h3 class=\"wp-block-heading\">Kar\u0131n germe \u0130z kal\u0131r m\u0131?<\/h3>\n\n\n\n<p>Kar\u0131n germe ameliyat\u0131 sonras\u0131nda iz kalabilir, ancak deneyimli bir cerrah\u0131n yapt\u0131\u011f\u0131 i\u015flemle bu izler minimumda tutulabilir. Genellikle izler kar\u0131n alt k\u0131sm\u0131nda, i\u00e7 \u00e7ama\u015f\u0131r\u0131 ya da bikini hizas\u0131nda kal\u0131r ve zamanla daha az belirginle\u015fir. \u0130yi bir bak\u0131m ve iyile\u015fme s\u00fcreciyle izlerin g\u00f6r\u00fcn\u00fcrl\u00fc\u011f\u00fc azalarak yava\u015f yava\u015f belirsiz hale gelir.<\/p>\n\n\n\n<h3 class=\"wp-block-heading\">Kar\u0131n germe sonras\u0131 korse ka\u00e7 hafta s\u00fcrer?<\/h3>\n\n\n\n<p>Kar\u0131n germe ameliyat\u0131 sonras\u0131, doktorlar genellikle iyile\u015fme s\u00fcrecini h\u0131zland\u0131rmak ve \u015fi\u015flikleri azaltmak i\u00e7in 4-6 hafta boyunca korse kullanman\u0131z\u0131 \u00f6nerir. Korse, kar\u0131n b\u00f6lgesine destek sa\u011flar, cildin \u015fekil almas\u0131na yard\u0131mc\u0131 olur ve iyile\u015fme s\u00fcrecini kolayla\u015ft\u0131r\u0131r. Korse kullan\u0131m\u0131 s\u00fcresi ki\u015fisel iyile\u015fme h\u0131z\u0131n\u0131za ve doktorunuzun \u00f6nerilerine ba\u011fl\u0131 olarak de\u011fi\u015febilir.<\/p>\n\n\n\n<h3 class=\"wp-block-heading\">Kar\u0131n germe ameliyat\u0131 d\u0131\u015far\u0131dan bak\u0131nca belli olur mu?<\/h3>\n\n\n\n<p>Kar\u0131n germe ameliyat\u0131 genellikle d\u0131\u015far\u0131dan bak\u0131ld\u0131\u011f\u0131nda belli olmaz. Ameliyat s\u0131ras\u0131nda yap\u0131lan kesikler, kar\u0131n alt k\u0131sm\u0131nda, i\u00e7 \u00e7ama\u015f\u0131r\u0131 veya bikini hizas\u0131nda gizlenebilir. \u0130yi bir cerrah, izlerin m\u00fcmk\u00fcn oldu\u011funca az g\u00f6r\u00fcnmesini sa\u011flamak i\u00e7in dikkatli bir \u015fekilde \u00e7al\u0131\u015f\u0131r. \u015ei\u015flik ve morluklar zamanla azal\u0131r, sonu\u00e7lar ise birka\u00e7 ay i\u00e7inde belirginle\u015fir.<\/p>\n\n\n\n<p><strong>\u0130LET\u0130\u015e\u0130M B\u0130LG\u0130LER\u0130<\/strong><\/p>\n\n\n\n<p><strong>Do\u00e7. Dr. Sedar Tatar Klini\u011fi<\/strong><\/p>\n\n\n\n<p><strong>Telefon No :&nbsp;<\/strong><a href=\"tel:+90%20(555)%20100%2010%2083\">+90 (555) 100 10 83<\/a><br><strong>\u0130leti\u015fim Linki :&nbsp;<\/strong><a href=\"mailto:info@drsedattatar.com\">info@drsedattatar.com<\/a><br><strong>Adres :&nbsp;<\/strong>Levent Mahallesi, Karanfil Aral\u0131\u011f\u0131 Caddesi No: 18 Be\u015fikta\u015f\/\u0130STANBUL<\/p>\n\n\n<div class=\"kk-star-ratings kksr-auto kksr-align-center kksr-valign-bottom\"\n    data-payload='{&quot;align&quot;:&quot;center&quot;,&quot;id&quot;:&quot;2728&quot;,&quot;slug&quot;:&quot;default&quot;,&quot;valign&quot;:&quot;bottom&quot;,&quot;ignore&quot;:&quot;&quot;,&quot;reference&quot;:&quot;auto&quot;,&quot;class&quot;:&quot;&quot;,&quot;count&quot;:&quot;0&quot;,&quot;legendonly&quot;:&quot;&quot;,&quot;readonly&quot;:&quot;&quot;,&quot;score&quot;:&quot;0&quot;,&quot;starsonly&quot;:&quot;&quot;,&quot;best&quot;:&quot;5&quot;,&quot;gap&quot;:&quot;5&quot;,&quot;greet&quot;:&quot;\u0130\u00e7eri\u011fimizi Oylay\u0131n!&quot;,&quot;legend&quot;:&quot;0\\\/5 - (0 oy verildi!)&quot;,&quot;size&quot;:&quot;24&quot;,&quot;title&quot;:&quot;Kar\u0131n Germe Ameliyat\u0131 Hakk\u0131nda Bilinmesi Gerekenler&quot;,&quot;width&quot;:&quot;0&quot;,&quot;_legend&quot;:&quot;{score}\\\/{best} - ({count} oy verildi!)&quot;,&quot;font_factor&quot;:&quot;1.25&quot;}'>\n            \n<div class=\"kksr-stars\">\n    \n<div class=\"kksr-stars-inactive\">\n            <div class=\"kksr-star\" data-star=\"1\" style=\"padding-right: 5px\">\n            \n\n<div class=\"kksr-icon\" style=\"width: 24px; height: 24px;\"><\/div>\n        <\/div>\n            <div class=\"kksr-star\" data-star=\"2\" style=\"padding-right: 5px\">\n            \n\n<div class=\"kksr-icon\" style=\"width: 24px; height: 24px;\"><\/div>\n        <\/div>\n            <div class=\"kksr-star\" data-star=\"3\" style=\"padding-right: 5px\">\n            \n\n<div class=\"kksr-icon\" style=\"width: 24px; height: 24px;\"><\/div>\n        <\/div>\n            <div class=\"kksr-star\" data-star=\"4\" style=\"padding-right: 5px\">\n            \n\n<div class=\"kksr-icon\" style=\"width: 24px; height: 24px;\"><\/div>\n        <\/div>\n            <div class=\"kksr-star\" data-star=\"5\" style=\"padding-right: 5px\">\n            \n\n<div class=\"kksr-icon\" style=\"width: 24px; height: 24px;\"><\/div>\n        <\/div>\n    <\/div>\n    \n<div class=\"kksr-stars-active\" style=\"width: 0px;\">\n            <div class=\"kksr-star\" style=\"padding-right: 5px\">\n            \n\n<div class=\"kksr-icon\" style=\"width: 24px; height: 24px;\"><\/div>\n        <\/div>\n            <div class=\"kksr-star\" style=\"padding-right: 5px\">\n            \n\n<div class=\"kksr-icon\" style=\"width: 24px; height: 24px;\"><\/div>\n        <\/div>\n            <div class=\"kksr-star\" style=\"padding-right: 5px\">\n            \n\n<div class=\"kksr-icon\" style=\"width: 24px; height: 24px;\"><\/div>\n        <\/div>\n            <div class=\"kksr-star\" style=\"padding-right: 5px\">\n            \n\n<div class=\"kksr-icon\" style=\"width: 24px; height: 24px;\"><\/div>\n        <\/div>\n            <div class=\"kksr-star\" style=\"padding-right: 5px\">\n            \n\n<div class=\"kksr-icon\" style=\"width: 24px; height: 24px;\"><\/div>\n        <\/div>\n    <\/div>\n<\/div>\n                \n\n<div class=\"kksr-legend\" style=\"font-size: 19.2px;\">\n            <span class=\"kksr-muted\">\u0130\u00e7eri\u011fimizi Oylay\u0131n!<\/span>\n    <\/div>\n    <\/div>\n","protected":false},"excerpt":{"rendered":"<p>Kar\u0131n germe ameliyat\u0131, genellikle kar\u0131n b\u00f6lgesindeki fazla ya\u011flardan ve gev\u015feyen deri dokusundan kurtulmak isteyenler i\u00e7in tercih edilen pop\u00fcler bir estetik cerrahi prosed\u00fcrd\u00fcr. Zamanla kilo kayb\u0131, gebelik, ya\u015f al\u0131m\u0131 veya genetik fakt\u00f6rler nedeniyle kar\u0131n b\u00f6lgesindeki deride sarkmalar ve gev\u015femeler meydana gelebilir. Bu durum bir\u00e7ok ki\u015finin estetik kayg\u0131larla birlikte \u00f6zg\u00fcvenini olumsuz etkileyebilir. Kar\u0131n germe, sadece g\u00f6r\u00fcn\u00fcm\u00fc iyile\u015ftirmekle kalmaz, ayn\u0131 zamanda fiziksel rahatl\u0131k sa\u011flayabilir. Kar\u0131n germe ameliyat\u0131na karar vermeden \u00f6nce bilinmesi gereken bir\u00e7ok \u00f6nemli fakt\u00f6r vard\u0131r. Bu yaz\u0131m\u0131zda kar\u0131n germe ameliyat\u0131 hakk\u0131nda bilmeniz gerekenlerden detayl\u0131 bir \u015fekilde s\u00f6z edece\u011fiz.<\/p>\n","protected":false},"author":1,"featured_media":2732,"comment_status":"closed","ping_status":"open","sticky":false,"template":"","format":"standard","meta":{"_kad_blocks_custom_css":"","_kad_blocks_head_custom_js":"","_kad_blocks_body_custom_js":"","_kad_blocks_footer_custom_js":"","_kadence_starter_templates_imported_post":false,"_kad_post_transparent":"","_kad_post_title":"","_kad_post_layout":"","_kad_post_sidebar_id":"","_kad_post_content_style":"","_kad_post_vertical_padding":"","_kad_post_feature":"","_kad_post_feature_position":"","_kad_post_header":false,"_kad_post_footer":false,"footnotes":""},"categories":[14],"tags":[],"class_list":["post-2728","post","type-post","status-publish","format-standard","has-post-thumbnail","hentry","category-plastik-cerrahi-blog"],"yoast_head":"<!-- This site is optimized with the Yoast SEO plugin v25.9 - https:\/\/yoast.com\/wordpress\/plugins\/seo\/ -->\n<title>Kar\u0131n Germe Ameliyat\u0131 Hakk\u0131nda Bilinmesi Gerekenler - \u0130stanbul Estetik, Plastik ve Rekonstr\u00fcktif Cerrahi - Do\u00e7. Dr. Sedat Tatar<\/title>\n<meta name=\"description\" content=\"Daha s\u0131k\u0131 ve d\u00fcz bir kar\u0131n i\u00e7in estetik \u00e7\u00f6z\u00fcm: Kar\u0131n germe ameliyat\u0131n\u0131n t\u00fcm a\u015famalar\u0131 ve dikkat edilmesi gerekenler burada.\" \/>\n<meta name=\"robots\" content=\"index, follow, max-snippet:-1, max-image-preview:large, max-video-preview:-1\" \/>\n<link rel=\"canonical\" href=\"https:\/\/drsedattatar.com\/tr\/karin-germe-ameliyati-hakkinda-bilinmesi-gerekenler\/\" \/>\n<meta property=\"og:locale\" content=\"tr_TR\" \/>\n<meta property=\"og:type\" content=\"article\" \/>\n<meta property=\"og:title\" content=\"Kar\u0131n Germe Ameliyat\u0131 Hakk\u0131nda Bilinmesi Gerekenler - \u0130stanbul Estetik, Plastik ve Rekonstr\u00fcktif Cerrahi - Do\u00e7. Dr. Sedat Tatar\" \/>\n<meta property=\"og:description\" content=\"Daha s\u0131k\u0131 ve d\u00fcz bir kar\u0131n i\u00e7in estetik \u00e7\u00f6z\u00fcm: Kar\u0131n germe ameliyat\u0131n\u0131n t\u00fcm a\u015famalar\u0131 ve dikkat edilmesi gerekenler burada.\" \/>\n<meta property=\"og:url\" content=\"https:\/\/drsedattatar.com\/tr\/karin-germe-ameliyati-hakkinda-bilinmesi-gerekenler\/\" \/>\n<meta property=\"og:site_name\" content=\"\u0130stanbul Estetik, Plastik ve Rekonstr\u00fcktif Cerrahi - Do\u00e7. Dr. Sedat Tatar\" \/>\n<meta property=\"article:published_time\" content=\"2025-05-06T12:16:57+00:00\" \/>\n<meta property=\"article:modified_time\" content=\"2025-05-06T12:16:59+00:00\" \/>\n<meta property=\"og:image\" content=\"https:\/\/drsedattatar.com\/tr\/wp-content\/uploads\/2025\/05\/7-Kapak-TR-1.jpg\" \/>\n\t<meta property=\"og:image:width\" content=\"1920\" \/>\n\t<meta property=\"og:image:height\" content=\"1080\" \/>\n\t<meta property=\"og:image:type\" content=\"image\/jpeg\" \/>\n<meta name=\"author\" content=\"Sedat Tatar\" \/>\n<meta name=\"twitter:card\" content=\"summary_large_image\" \/>\n<meta name=\"twitter:label1\" content=\"Yazan:\" \/>\n\t<meta name=\"twitter:data1\" content=\"Sedat Tatar\" \/>\n\t<meta name=\"twitter:label2\" content=\"Tahmini okuma s\u00fcresi\" \/>\n\t<meta name=\"twitter:data2\" content=\"13 dakika\" \/>\n<script type=\"application\/ld+json\" class=\"yoast-schema-graph\">{\"@context\":\"https:\/\/schema.org\",\"@graph\":[{\"@type\":\"Article\",\"@id\":\"https:\/\/drsedattatar.com\/tr\/karin-germe-ameliyati-hakkinda-bilinmesi-gerekenler\/#article\",\"isPartOf\":{\"@id\":\"https:\/\/drsedattatar.com\/tr\/karin-germe-ameliyati-hakkinda-bilinmesi-gerekenler\/\"},\"author\":{\"name\":\"Sedat Tatar\",\"@id\":\"https:\/\/drsedattatar.com\/tr\/#\/schema\/person\/aa22f82cb49cf6b0e8e4c2fdd472308a\"},\"headline\":\"Kar\u0131n Germe Ameliyat\u0131 Hakk\u0131nda Bilinmesi Gerekenler\",\"datePublished\":\"2025-05-06T12:16:57+00:00\",\"dateModified\":\"2025-05-06T12:16:59+00:00\",\"mainEntityOfPage\":{\"@id\":\"https:\/\/drsedattatar.com\/tr\/karin-germe-ameliyati-hakkinda-bilinmesi-gerekenler\/\"},\"wordCount\":2899,\"publisher\":{\"@id\":\"https:\/\/drsedattatar.com\/tr\/#organization\"},\"image\":{\"@id\":\"https:\/\/drsedattatar.com\/tr\/karin-germe-ameliyati-hakkinda-bilinmesi-gerekenler\/#primaryimage\"},\"thumbnailUrl\":\"https:\/\/drsedattatar.com\/tr\/wp-content\/uploads\/2025\/05\/7-Kapak-TR-1.jpg\",\"articleSection\":[\"Plastik Cerrahi Blog\"],\"inLanguage\":\"tr\"},{\"@type\":\"WebPage\",\"@id\":\"https:\/\/drsedattatar.com\/tr\/karin-germe-ameliyati-hakkinda-bilinmesi-gerekenler\/\",\"url\":\"https:\/\/drsedattatar.com\/tr\/karin-germe-ameliyati-hakkinda-bilinmesi-gerekenler\/\",\"name\":\"Kar\u0131n Germe Ameliyat\u0131 Hakk\u0131nda Bilinmesi Gerekenler - \u0130stanbul Estetik, Plastik ve Rekonstr\u00fcktif Cerrahi - Do\u00e7. Dr. Sedat Tatar\",\"isPartOf\":{\"@id\":\"https:\/\/drsedattatar.com\/tr\/#website\"},\"primaryImageOfPage\":{\"@id\":\"https:\/\/drsedattatar.com\/tr\/karin-germe-ameliyati-hakkinda-bilinmesi-gerekenler\/#primaryimage\"},\"image\":{\"@id\":\"https:\/\/drsedattatar.com\/tr\/karin-germe-ameliyati-hakkinda-bilinmesi-gerekenler\/#primaryimage\"},\"thumbnailUrl\":\"https:\/\/drsedattatar.com\/tr\/wp-content\/uploads\/2025\/05\/7-Kapak-TR-1.jpg\",\"datePublished\":\"2025-05-06T12:16:57+00:00\",\"dateModified\":\"2025-05-06T12:16:59+00:00\",\"description\":\"Daha s\u0131k\u0131 ve d\u00fcz bir kar\u0131n i\u00e7in estetik \u00e7\u00f6z\u00fcm: Kar\u0131n germe ameliyat\u0131n\u0131n t\u00fcm a\u015famalar\u0131 ve dikkat edilmesi gerekenler burada.\",\"breadcrumb\":{\"@id\":\"https:\/\/drsedattatar.com\/tr\/karin-germe-ameliyati-hakkinda-bilinmesi-gerekenler\/#breadcrumb\"},\"inLanguage\":\"tr\",\"potentialAction\":[{\"@type\":\"ReadAction\",\"target\":[\"https:\/\/drsedattatar.com\/tr\/karin-germe-ameliyati-hakkinda-bilinmesi-gerekenler\/\"]}]},{\"@type\":\"ImageObject\",\"inLanguage\":\"tr\",\"@id\":\"https:\/\/drsedattatar.com\/tr\/karin-germe-ameliyati-hakkinda-bilinmesi-gerekenler\/#primaryimage\",\"url\":\"https:\/\/drsedattatar.com\/tr\/wp-content\/uploads\/2025\/05\/7-Kapak-TR-1.jpg\",\"contentUrl\":\"https:\/\/drsedattatar.com\/tr\/wp-content\/uploads\/2025\/05\/7-Kapak-TR-1.jpg\",\"width\":1920,\"height\":1080},{\"@type\":\"BreadcrumbList\",\"@id\":\"https:\/\/drsedattatar.com\/tr\/karin-germe-ameliyati-hakkinda-bilinmesi-gerekenler\/#breadcrumb\",\"itemListElement\":[{\"@type\":\"ListItem\",\"position\":1,\"name\":\"Anasayfa\",\"item\":\"https:\/\/drsedattatar.com\/tr\/\"},{\"@type\":\"ListItem\",\"position\":2,\"name\":\"Kar\u0131n Germe Ameliyat\u0131 Hakk\u0131nda Bilinmesi Gerekenler\"}]},{\"@type\":\"WebSite\",\"@id\":\"https:\/\/drsedattatar.com\/tr\/#website\",\"url\":\"https:\/\/drsedattatar.com\/tr\/\",\"name\":\"\u0130stanbul Estetik, Plastik ve Rekonstr\u00fcktif Cerrahi - Do\u00e7. Dr. Sedat Tatar\",\"description\":\"\u0130stanbul Estetik, Plastik ve Rekonstr\u00fcktif Cerrahi alan\u0131nda deneyimli Do\u00e7. Dr. Sedat Tatar ile hayallerinizi ger\u00e7e\u011fe d\u00f6n\u00fc\u015ft\u00fcr\u00fcn ve kendinizi en iyi \u015fekilde hissedin.\",\"publisher\":{\"@id\":\"https:\/\/drsedattatar.com\/tr\/#organization\"},\"potentialAction\":[{\"@type\":\"SearchAction\",\"target\":{\"@type\":\"EntryPoint\",\"urlTemplate\":\"https:\/\/drsedattatar.com\/tr\/?s={search_term_string}\"},\"query-input\":{\"@type\":\"PropertyValueSpecification\",\"valueRequired\":true,\"valueName\":\"search_term_string\"}}],\"inLanguage\":\"tr\"},{\"@type\":\"Organization\",\"@id\":\"https:\/\/drsedattatar.com\/tr\/#organization\",\"name\":\"\u0130stanbul Estetik, Plastik ve Rekonstr\u00fcktif Cerrahi - Do\u00e7. Dr. Sedat Tatar\",\"url\":\"https:\/\/drsedattatar.com\/tr\/\",\"logo\":{\"@type\":\"ImageObject\",\"inLanguage\":\"tr\",\"@id\":\"https:\/\/drsedattatar.com\/tr\/#\/schema\/logo\/image\/\",\"url\":\"https:\/\/drsedattatar.com\/tr\/wp-content\/uploads\/2023\/06\/cropped-cropped-cropped-dr-sedat-tatar-estetik-plastik-logo.webp\",\"contentUrl\":\"https:\/\/drsedattatar.com\/tr\/wp-content\/uploads\/2023\/06\/cropped-cropped-cropped-dr-sedat-tatar-estetik-plastik-logo.webp\",\"width\":1505,\"height\":602,\"caption\":\"\u0130stanbul Estetik, Plastik ve Rekonstr\u00fcktif Cerrahi - Do\u00e7. Dr. Sedat Tatar\"},\"image\":{\"@id\":\"https:\/\/drsedattatar.com\/tr\/#\/schema\/logo\/image\/\"}},{\"@type\":\"Person\",\"@id\":\"https:\/\/drsedattatar.com\/tr\/#\/schema\/person\/aa22f82cb49cf6b0e8e4c2fdd472308a\",\"name\":\"Sedat Tatar\",\"image\":{\"@type\":\"ImageObject\",\"inLanguage\":\"tr\",\"@id\":\"https:\/\/drsedattatar.com\/tr\/#\/schema\/person\/image\/\",\"url\":\"https:\/\/secure.gravatar.com\/avatar\/dea798d972982cc67ccc601a56275438ae42ec5d4557bb1f2fb426553e72d1a1?s=96&d=mm&r=g\",\"contentUrl\":\"https:\/\/secure.gravatar.com\/avatar\/dea798d972982cc67ccc601a56275438ae42ec5d4557bb1f2fb426553e72d1a1?s=96&d=mm&r=g\",\"caption\":\"Sedat Tatar\"},\"sameAs\":[\"http:\/\/drsedattatar.com\/tr\"],\"url\":\"https:\/\/drsedattatar.com\/tr\/author\/admin\/\"}]}<\/script>\n<!-- \/ Yoast SEO plugin. -->","yoast_head_json":{"title":"Kar\u0131n Germe Ameliyat\u0131 Hakk\u0131nda Bilinmesi Gerekenler - \u0130stanbul Estetik, Plastik ve Rekonstr\u00fcktif Cerrahi - Do\u00e7. Dr. Sedat Tatar","description":"Daha s\u0131k\u0131 ve d\u00fcz bir kar\u0131n i\u00e7in estetik \u00e7\u00f6z\u00fcm: Kar\u0131n germe ameliyat\u0131n\u0131n t\u00fcm a\u015famalar\u0131 ve dikkat edilmesi gerekenler burada.","robots":{"index":"index","follow":"follow","max-snippet":"max-snippet:-1","max-image-preview":"max-image-preview:large","max-video-preview":"max-video-preview:-1"},"canonical":"https:\/\/drsedattatar.com\/tr\/karin-germe-ameliyati-hakkinda-bilinmesi-gerekenler\/","og_locale":"tr_TR","og_type":"article","og_title":"Kar\u0131n Germe Ameliyat\u0131 Hakk\u0131nda Bilinmesi Gerekenler - \u0130stanbul Estetik, Plastik ve Rekonstr\u00fcktif Cerrahi - Do\u00e7. Dr. Sedat Tatar","og_description":"Daha s\u0131k\u0131 ve d\u00fcz bir kar\u0131n i\u00e7in estetik \u00e7\u00f6z\u00fcm: Kar\u0131n germe ameliyat\u0131n\u0131n t\u00fcm a\u015famalar\u0131 ve dikkat edilmesi gerekenler burada.","og_url":"https:\/\/drsedattatar.com\/tr\/karin-germe-ameliyati-hakkinda-bilinmesi-gerekenler\/","og_site_name":"\u0130stanbul Estetik, Plastik ve Rekonstr\u00fcktif Cerrahi - Do\u00e7. Dr. Sedat Tatar","article_published_time":"2025-05-06T12:16:57+00:00","article_modified_time":"2025-05-06T12:16:59+00:00","og_image":[{"width":1920,"height":1080,"url":"https:\/\/drsedattatar.com\/tr\/wp-content\/uploads\/2025\/05\/7-Kapak-TR-1.jpg","type":"image\/jpeg"}],"author":"Sedat Tatar","twitter_card":"summary_large_image","twitter_misc":{"Yazan:":"Sedat Tatar","Tahmini okuma s\u00fcresi":"13 dakika"},"schema":{"@context":"https:\/\/schema.org","@graph":[{"@type":"Article","@id":"https:\/\/drsedattatar.com\/tr\/karin-germe-ameliyati-hakkinda-bilinmesi-gerekenler\/#article","isPartOf":{"@id":"https:\/\/drsedattatar.com\/tr\/karin-germe-ameliyati-hakkinda-bilinmesi-gerekenler\/"},"author":{"name":"Sedat Tatar","@id":"https:\/\/drsedattatar.com\/tr\/#\/schema\/person\/aa22f82cb49cf6b0e8e4c2fdd472308a"},"headline":"Kar\u0131n Germe Ameliyat\u0131 Hakk\u0131nda Bilinmesi Gerekenler","datePublished":"2025-05-06T12:16:57+00:00","dateModified":"2025-05-06T12:16:59+00:00","mainEntityOfPage":{"@id":"https:\/\/drsedattatar.com\/tr\/karin-germe-ameliyati-hakkinda-bilinmesi-gerekenler\/"},"wordCount":2899,"publisher":{"@id":"https:\/\/drsedattatar.com\/tr\/#organization"},"image":{"@id":"https:\/\/drsedattatar.com\/tr\/karin-germe-ameliyati-hakkinda-bilinmesi-gerekenler\/#primaryimage"},"thumbnailUrl":"https:\/\/drsedattatar.com\/tr\/wp-content\/uploads\/2025\/05\/7-Kapak-TR-1.jpg","articleSection":["Plastik Cerrahi Blog"],"inLanguage":"tr"},{"@type":"WebPage","@id":"https:\/\/drsedattatar.com\/tr\/karin-germe-ameliyati-hakkinda-bilinmesi-gerekenler\/","url":"https:\/\/drsedattatar.com\/tr\/karin-germe-ameliyati-hakkinda-bilinmesi-gerekenler\/","name":"Kar\u0131n Germe Ameliyat\u0131 Hakk\u0131nda Bilinmesi Gerekenler - \u0130stanbul Estetik, Plastik ve Rekonstr\u00fcktif Cerrahi - Do\u00e7. Dr. Sedat Tatar","isPartOf":{"@id":"https:\/\/drsedattatar.com\/tr\/#website"},"primaryImageOfPage":{"@id":"https:\/\/drsedattatar.com\/tr\/karin-germe-ameliyati-hakkinda-bilinmesi-gerekenler\/#primaryimage"},"image":{"@id":"https:\/\/drsedattatar.com\/tr\/karin-germe-ameliyati-hakkinda-bilinmesi-gerekenler\/#primaryimage"},"thumbnailUrl":"https:\/\/drsedattatar.com\/tr\/wp-content\/uploads\/2025\/05\/7-Kapak-TR-1.jpg","datePublished":"2025-05-06T12:16:57+00:00","dateModified":"2025-05-06T12:16:59+00:00","description":"Daha s\u0131k\u0131 ve d\u00fcz bir kar\u0131n i\u00e7in estetik \u00e7\u00f6z\u00fcm: Kar\u0131n germe ameliyat\u0131n\u0131n t\u00fcm a\u015famalar\u0131 ve dikkat edilmesi gerekenler burada.","breadcrumb":{"@id":"https:\/\/drsedattatar.com\/tr\/karin-germe-ameliyati-hakkinda-bilinmesi-gerekenler\/#breadcrumb"},"inLanguage":"tr","potentialAction":[{"@type":"ReadAction","target":["https:\/\/drsedattatar.com\/tr\/karin-germe-ameliyati-hakkinda-bilinmesi-gerekenler\/"]}]},{"@type":"ImageObject","inLanguage":"tr","@id":"https:\/\/drsedattatar.com\/tr\/karin-germe-ameliyati-hakkinda-bilinmesi-gerekenler\/#primaryimage","url":"https:\/\/drsedattatar.com\/tr\/wp-content\/uploads\/2025\/05\/7-Kapak-TR-1.jpg","contentUrl":"https:\/\/drsedattatar.com\/tr\/wp-content\/uploads\/2025\/05\/7-Kapak-TR-1.jpg","width":1920,"height":1080},{"@type":"BreadcrumbList","@id":"https:\/\/drsedattatar.com\/tr\/karin-germe-ameliyati-hakkinda-bilinmesi-gerekenler\/#breadcrumb","itemListElement":[{"@type":"ListItem","position":1,"name":"Anasayfa","item":"https:\/\/drsedattatar.com\/tr\/"},{"@type":"ListItem","position":2,"name":"Kar\u0131n Germe Ameliyat\u0131 Hakk\u0131nda Bilinmesi Gerekenler"}]},{"@type":"WebSite","@id":"https:\/\/drsedattatar.com\/tr\/#website","url":"https:\/\/drsedattatar.com\/tr\/","name":"\u0130stanbul Estetik, Plastik ve Rekonstr\u00fcktif Cerrahi - Do\u00e7. Dr. Sedat Tatar","description":"\u0130stanbul Estetik, Plastik ve Rekonstr\u00fcktif Cerrahi alan\u0131nda deneyimli Do\u00e7. Dr. Sedat Tatar ile hayallerinizi ger\u00e7e\u011fe d\u00f6n\u00fc\u015ft\u00fcr\u00fcn ve kendinizi en iyi \u015fekilde hissedin.","publisher":{"@id":"https:\/\/drsedattatar.com\/tr\/#organization"},"potentialAction":[{"@type":"SearchAction","target":{"@type":"EntryPoint","urlTemplate":"https:\/\/drsedattatar.com\/tr\/?s={search_term_string}"},"query-input":{"@type":"PropertyValueSpecification","valueRequired":true,"valueName":"search_term_string"}}],"inLanguage":"tr"},{"@type":"Organization","@id":"https:\/\/drsedattatar.com\/tr\/#organization","name":"\u0130stanbul Estetik, Plastik ve Rekonstr\u00fcktif Cerrahi - Do\u00e7. Dr. Sedat Tatar","url":"https:\/\/drsedattatar.com\/tr\/","logo":{"@type":"ImageObject","inLanguage":"tr","@id":"https:\/\/drsedattatar.com\/tr\/#\/schema\/logo\/image\/","url":"https:\/\/drsedattatar.com\/tr\/wp-content\/uploads\/2023\/06\/cropped-cropped-cropped-dr-sedat-tatar-estetik-plastik-logo.webp","contentUrl":"https:\/\/drsedattatar.com\/tr\/wp-content\/uploads\/2023\/06\/cropped-cropped-cropped-dr-sedat-tatar-estetik-plastik-logo.webp","width":1505,"height":602,"caption":"\u0130stanbul Estetik, Plastik ve Rekonstr\u00fcktif Cerrahi - Do\u00e7. Dr. Sedat Tatar"},"image":{"@id":"https:\/\/drsedattatar.com\/tr\/#\/schema\/logo\/image\/"}},{"@type":"Person","@id":"https:\/\/drsedattatar.com\/tr\/#\/schema\/person\/aa22f82cb49cf6b0e8e4c2fdd472308a","name":"Sedat Tatar","image":{"@type":"ImageObject","inLanguage":"tr","@id":"https:\/\/drsedattatar.com\/tr\/#\/schema\/person\/image\/","url":"https:\/\/secure.gravatar.com\/avatar\/dea798d972982cc67ccc601a56275438ae42ec5d4557bb1f2fb426553e72d1a1?s=96&d=mm&r=g","contentUrl":"https:\/\/secure.gravatar.com\/avatar\/dea798d972982cc67ccc601a56275438ae42ec5d4557bb1f2fb426553e72d1a1?s=96&d=mm&r=g","caption":"Sedat Tatar"},"sameAs":["http:\/\/drsedattatar.com\/tr"],"url":"https:\/\/drsedattatar.com\/tr\/author\/admin\/"}]}},"taxonomy_info":{"category":[{"value":14,"label":"Plastik Cerrahi Blog"}]},"featured_image_src_large":["https:\/\/drsedattatar.com\/tr\/wp-content\/uploads\/2025\/05\/7-Kapak-TR-1-1024x576.jpg",1024,576,true],"author_info":{"display_name":"Sedat Tatar","author_link":"https:\/\/drsedattatar.com\/tr\/author\/admin\/"},"comment_info":0,"category_info":[{"term_id":14,"name":"Plastik Cerrahi Blog","slug":"plastik-cerrahi-blog","term_group":0,"term_taxonomy_id":14,"taxonomy":"category","description":"","parent":0,"count":155,"filter":"raw","cat_ID":14,"category_count":155,"category_description":"","cat_name":"Plastik Cerrahi Blog","category_nicename":"plastik-cerrahi-blog","category_parent":0}],"tag_info":false,"_links":{"self":[{"href":"https:\/\/drsedattatar.com\/tr\/wp-json\/wp\/v2\/posts\/2728","targetHints":{"allow":["GET"]}}],"collection":[{"href":"https:\/\/drsedattatar.com\/tr\/wp-json\/wp\/v2\/posts"}],"about":[{"href":"https:\/\/drsedattatar.com\/tr\/wp-json\/wp\/v2\/types\/post"}],"author":[{"embeddable":true,"href":"https:\/\/drsedattatar.com\/tr\/wp-json\/wp\/v2\/users\/1"}],"replies":[{"embeddable":true,"href":"https:\/\/drsedattatar.com\/tr\/wp-json\/wp\/v2\/comments?post=2728"}],"version-history":[{"count":4,"href":"https:\/\/drsedattatar.com\/tr\/wp-json\/wp\/v2\/posts\/2728\/revisions"}],"predecessor-version":[{"id":2734,"href":"https:\/\/drsedattatar.com\/tr\/wp-json\/wp\/v2\/posts\/2728\/revisions\/2734"}],"wp:featuredmedia":[{"embeddable":true,"href":"https:\/\/drsedattatar.com\/tr\/wp-json\/wp\/v2\/media\/2732"}],"wp:attachment":[{"href":"https:\/\/drsedattatar.com\/tr\/wp-json\/wp\/v2\/media?parent=2728"}],"wp:term":[{"taxonomy":"category","embeddable":true,"href":"https:\/\/drsedattatar.com\/tr\/wp-json\/wp\/v2\/categories?post=2728"},{"taxonomy":"post_tag","embeddable":true,"href":"https:\/\/drsedattatar.com\/tr\/wp-json\/wp\/v2\/tags?post=2728"}],"curies":[{"name":"wp","href":"https:\/\/api.w.org\/{rel}","templated":true}]}}