{"id":2773,"date":"2025-06-11T12:14:58","date_gmt":"2025-06-11T12:14:58","guid":{"rendered":"https:\/\/drsedattatar.com\/tr\/?p=2773"},"modified":"2025-06-12T10:12:15","modified_gmt":"2025-06-12T10:12:15","slug":"meme-estetigi-sonrasi-spora-ne-zaman-baslanir","status":"publish","type":"post","link":"https:\/\/drsedattatar.com\/tr\/meme-estetigi-sonrasi-spora-ne-zaman-baslanir\/","title":{"rendered":"Meme Esteti\u011fi Sonras\u0131 Spora Ne Zaman Ba\u015flan\u0131r?"},"content":{"rendered":"\n<p>Meme esteti\u011fi operasyonu ge\u00e7iren ki\u015filerin spora d\u00f6n\u00fc\u015f s\u00fcreci, tamamen bireysel iyile\u015fme h\u0131z\u0131na ve uygulanan cerrahi tekni\u011fe ba\u011fl\u0131 olarak de\u011fi\u015fiklik g\u00f6sterir. Ameliyat sonras\u0131 v\u00fccudun kendini toparlamas\u0131 ve diki\u015flerin g\u00fcvenli bir \u015fekilde iyile\u015fmesi i\u00e7in belli bir dinlenme s\u00fcresi \u015fartt\u0131r. \u0130lk g\u00fcnlerde yaln\u0131zca hafif y\u00fcr\u00fcy\u00fc\u015fler \u00f6nerilirken, a\u011f\u0131rl\u0131k kald\u0131rma ve yo\u011fun egzersizler i\u00e7in biraz daha sab\u0131rl\u0131 olunmas\u0131 gerekir. E\u011fer spor i\u00e7in acele edilirse, diki\u015flerin a\u00e7\u0131lmas\u0131 ya da implant\u0131n kaymas\u0131 gibi risklerle kar\u015f\u0131la\u015f\u0131labilir. Bu y\u00fczden doktorun \u00f6nerilerine harfiyen uyulmal\u0131 ve spora ba\u015flamadan \u00f6nce mutlaka uzman g\u00f6r\u00fc\u015f\u00fc al\u0131nmal\u0131d\u0131r.<\/p>\n\n\n\n<h2 class=\"wp-block-heading\"><a><\/a>\u0130lk G\u00fcnlerde Nelere Dikkat Edilmeli?<\/h2>\n\n\n\n<p>Ameliyat sonras\u0131 ilk g\u00fcnlerde, v\u00fccudun iyile\u015fme s\u00fcrecine destek olmak ad\u0131na baz\u0131 hareket k\u0131s\u0131tlamalar\u0131na dikkat edilmesi gerekir. Kollar\u0131 yukar\u0131 kald\u0131rmak, a\u011f\u0131r y\u00fck ta\u015f\u0131mak ve g\u00f6\u011f\u00fcs b\u00f6lgesini zorlayacak ani hareketlerden ka\u00e7\u0131nmak b\u00fcy\u00fck \u00f6nem ta\u015f\u0131r. \u0130lk birka\u00e7 g\u00fcn bol bol dinlenmek, yaln\u0131zca hafif y\u00fcr\u00fcy\u00fc\u015flerle kan dola\u015f\u0131m\u0131n\u0131 desteklemek yeterlidir. Ayr\u0131ca s\u0131rt \u00fcst\u00fc yatmaya \u00f6zen g\u00f6sterilmeli, g\u00f6\u011f\u00fcslere bask\u0131 yapabilecek yat\u0131\u015f pozisyonlar\u0131ndan uzak durulmal\u0131d\u0131r. Doktorun belirtti\u011fi s\u00fcre boyunca a\u011f\u0131r egzersizlerden ka\u00e7\u0131nmak, diki\u015flerin a\u00e7\u0131lmas\u0131n\u0131 ve implant\u0131n yer de\u011fi\u015ftirmesini \u00f6nlemek a\u00e7\u0131s\u0131ndan kritik bir detayd\u0131r.<\/p>\n\n\n\n<h2 class=\"wp-block-heading\"><a><\/a>\u0130lk Haftada Hafif Egzersizlere Ba\u015flamak M\u00fcmk\u00fcn m\u00fc?<\/h2>\n\n\n\n<p>Meme esteti\u011fi sonras\u0131 ilk hafta, v\u00fccudun toparlanma s\u00fcrecinin en hassas d\u00f6nemlerinden biridir. A\u011f\u0131r egzersizlerden ka\u00e7\u0131n\u0131lmas\u0131 gerekti\u011fi gibi, kan dola\u015f\u0131m\u0131n\u0131 art\u0131rmak amac\u0131yla hafif tempolu y\u00fcr\u00fcy\u00fc\u015fler yap\u0131labilir. Uzun s\u00fcre hareketsiz kalmak, \u00f6dem ve p\u0131ht\u0131la\u015fma riskini art\u0131rabilece\u011finden, k\u0131sa mesafeli ve d\u00fc\u015f\u00fck tempolu y\u00fcr\u00fcy\u00fc\u015fler iyile\u015fme s\u00fcrecine olumlu katk\u0131 sa\u011flayabilir. Ancak kollar\u0131 a\u015f\u0131r\u0131 hareket ettirmek ya da a\u011f\u0131rl\u0131k kald\u0131rmak kesinlikle \u00f6nerilmez. Bu s\u00fcre\u00e7te doktorun \u00f6nerdi\u011fi s\u0131n\u0131rlar i\u00e7inde hareket etmek, iyile\u015fme s\u00fcrecinin sa\u011fl\u0131kl\u0131 ilerlemesi a\u00e7\u0131s\u0131ndan \u00e7ok \u00f6nemlidir.<\/p>\n\n\n\n<h2 class=\"wp-block-heading\"><a><\/a>A\u011f\u0131rl\u0131k Kald\u0131rma ve Kardiyo Egzersizlerine Ne Zaman Ba\u015flanmal\u0131?<\/h2>\n\n\n\n<p>A\u011f\u0131rl\u0131k kald\u0131rma ve kardiyo egzersizlerine d\u00f6n\u00fc\u015f, v\u00fccudun tamamen iyile\u015fmesiyle m\u00fcmk\u00fcnd\u00fcr. Genellikle ameliyattan sonraki 4-6 haftal\u0131k s\u00fcre\u00e7te hafif kardiyo egzersizlerine, \u00f6rne\u011fin tempolu y\u00fcr\u00fcy\u00fc\u015f veya hafif bisiklet s\u00fcrmeye ba\u015flanabilir. A\u011f\u0131rl\u0131k kald\u0131rma ve \u00fcst v\u00fccut egzersizleri i\u00e7in ise genellikle 6-8 hafta beklenmesi \u00f6nerilir. \u00d6zellikle g\u00f6\u011f\u00fcs kaslar\u0131n\u0131 do\u011frudan \u00e7al\u0131\u015ft\u0131ran egzersizler, implant\u0131n yerle\u015fimini etkileyebilece\u011finden, bu t\u00fcr egzersizlere ba\u015flamadan \u00f6nce mutlaka doktora dan\u0131\u015f\u0131lmal\u0131d\u0131r.<\/p>\n\n\n\n<h3 class=\"wp-block-heading\"><a><\/a>G\u00f6\u011f\u00fcs Kaslar\u0131n\u0131 \u00c7al\u0131\u015ft\u0131ran Hareketler \u0130\u00e7in Ne Kadar Beklenmeli?<\/h3>\n\n\n\n<p>G\u00f6\u011f\u00fcs kaslar\u0131n\u0131 do\u011frudan \u00e7al\u0131\u015ft\u0131ran egzersizlere ba\u015flamak i\u00e7in genellikle 8-12 hafta beklenmesi \u00f6nerilir. \u0130mplant\u0131n kas alt\u0131na yerle\u015ftirildi\u011fi operasyonlarda, g\u00f6\u011f\u00fcs kaslar\u0131n\u0131 zorlayan hareketler implant\u0131n kaymas\u0131na ya da \u015fekil bozukluklar\u0131na neden olabilir. \u015e\u0131nav, bench press ve a\u011f\u0131rl\u0131k kald\u0131rma gibi hareketlerden bir s\u00fcre ka\u00e7\u0131n\u0131lmal\u0131 ve spora d\u00f6n\u00fc\u015f a\u015famas\u0131nda d\u00fc\u015f\u00fck diren\u00e7le ba\u015flanmal\u0131d\u0131r. Bu s\u00fcre\u00e7te doktor kontrol\u00fcnde ilerlemek ve v\u00fccudun verdi\u011fi sinyalleri iyi dinlemek \u00e7ok \u00f6nemlidir.<\/p>\n\n\n\n<h3 class=\"wp-block-heading\"><a><\/a>Spora D\u00f6n\u00fc\u015f S\u00fcrecinde Nelere Dikkat Edilmeli?<\/h3>\n\n\n\n<p>Meme esteti\u011fi sonras\u0131 spora d\u00f6n\u00fc\u015f s\u00fcrecinde acele edilmemeli ve dikkatli olunmal\u0131d\u0131r. Doktorun belirledi\u011fi iyile\u015fme s\u00fcresi tamamlanmadan yo\u011fun egzersizlere ba\u015flanmamal\u0131d\u0131r. \u00d6ncelikle hafif y\u00fcr\u00fcy\u00fc\u015f gibi d\u00fc\u015f\u00fck tempolu aktiviteler tercih edilmeli, ard\u0131ndan kademeli olarak daha yo\u011fun egzersizlere ge\u00e7i\u015f yap\u0131lmal\u0131d\u0131r. G\u00f6\u011f\u00fcs kaslar\u0131n\u0131 zorlayabilecek hareketlerden ka\u00e7\u0131n\u0131lmal\u0131 ve a\u011f\u0131rl\u0131k antrenmanlar\u0131na ba\u015flarken d\u00fc\u015f\u00fck diren\u00e7 ile ilerlenmelidir. E\u011fer egzersiz s\u0131ras\u0131nda a\u011fr\u0131 ya da rahats\u0131zl\u0131k hissedilirse, hemen aktiviteye ara verilmeli ve doktora dan\u0131\u015f\u0131lmal\u0131d\u0131r.<\/p>\n\n\n\n<h3 class=\"wp-block-heading\"><a><\/a>Do\u011fru Spor S\u00fctyeni Se\u00e7imi Neden \u00d6nemli?<\/h3>\n\n\n\n<p>\u0130yile\u015fme s\u00fcrecini desteklemek ve ameliyat sonu\u00e7lar\u0131n\u0131 korumak i\u00e7in do\u011fru spor s\u00fctyeni se\u00e7imi b\u00fcy\u00fck bir \u00f6nem ta\u015f\u0131r. \u0130lk haftalarda doktorun \u00f6nerdi\u011fi medikal s\u00fctyen kullan\u0131lmal\u0131, sonras\u0131nda ise g\u00f6\u011f\u00fcsleri s\u0131kmadan tam destek sa\u011flayan modeller tercih edilmelidir. Balensiz, esnek ancak g\u00fc\u00e7l\u00fc destek sunan s\u00fctyenler spora d\u00f6n\u00fc\u015f s\u00fcrecinde en ideal se\u00e7enektir. \u00c7ok s\u0131k\u0131 modeller kan dola\u015f\u0131m\u0131n\u0131 engelleyebilece\u011fi gibi yetersiz destek sa\u011flayan s\u00fctyenler de deformasyona sebep olabilir. Terletmeyen ve nefes alabilen kuma\u015flardan \u00fcretilmi\u015f giysiler, konforu art\u0131rarak iyile\u015fmeye katk\u0131 sa\u011flar.<\/p>\n\n\n\n<h3 class=\"wp-block-heading\"><a><\/a>Ameliyat Sonras\u0131 \u015ei\u015flik ve Egzersizlerin Etkisi<\/h3>\n\n\n\n<p>Ameliyat sonras\u0131 v\u00fccutta \u00f6dem ve \u015fi\u015flik olu\u015fmas\u0131 olduk\u00e7a yayg\u0131n bir durumdur. Hafif tempolu y\u00fcr\u00fcy\u00fc\u015f gibi d\u00fc\u015f\u00fck etkili egzersizler, dola\u015f\u0131m\u0131 art\u0131rarak \u00f6demin daha h\u0131zl\u0131 at\u0131lmas\u0131na yard\u0131mc\u0131 olabilir. Ancak ko\u015fu, z\u0131plama ve a\u011f\u0131rl\u0131k kald\u0131rma gibi y\u00fcksek etkili egzersizler, \u015fi\u015fli\u011fin artmas\u0131na ve iyile\u015fme s\u00fcrecinin uzamas\u0131na neden olabilir. Bu nedenle spora d\u00f6n\u00fc\u015f s\u00fcrecinde v\u00fccudun verdi\u011fi sinyalleri dikkate almak ve herhangi bir olumsuzluk hissedildi\u011finde doktora dan\u0131\u015fmak en sa\u011fl\u0131kl\u0131 yol olacakt\u0131r.<\/p>\n\n\n\n<p><strong>\u0130LET\u0130\u015e\u0130M B\u0130LG\u0130LER\u0130<\/strong><\/p>\n\n\n\n<p><strong>Do\u00e7. Dr. Sedar Tatar Klini\u011fi<\/strong><\/p>\n\n\n\n<p><strong>Telefon No :&nbsp;<\/strong><a href=\"tel:+90%20(555)%20100%2010%2083\">+90 (555) 100 10 83<\/a><br><strong>\u0130leti\u015fim Linki :&nbsp;<\/strong><a href=\"mailto:info@drsedattatar.com\">info@drsedattatar.com<\/a><br><strong>Adres :&nbsp;<\/strong>Levent Mahallesi, Karanfil Aral\u0131\u011f\u0131 Caddesi No: 18 Be\u015fikta\u015f\/\u0130STANBUL<\/p>\n\n\n<div class=\"kk-star-ratings kksr-auto kksr-align-center kksr-valign-bottom\"\n    data-payload='{&quot;align&quot;:&quot;center&quot;,&quot;id&quot;:&quot;2773&quot;,&quot;slug&quot;:&quot;default&quot;,&quot;valign&quot;:&quot;bottom&quot;,&quot;ignore&quot;:&quot;&quot;,&quot;reference&quot;:&quot;auto&quot;,&quot;class&quot;:&quot;&quot;,&quot;count&quot;:&quot;0&quot;,&quot;legendonly&quot;:&quot;&quot;,&quot;readonly&quot;:&quot;&quot;,&quot;score&quot;:&quot;0&quot;,&quot;starsonly&quot;:&quot;&quot;,&quot;best&quot;:&quot;5&quot;,&quot;gap&quot;:&quot;5&quot;,&quot;greet&quot;:&quot;\u0130\u00e7eri\u011fimizi Oylay\u0131n!&quot;,&quot;legend&quot;:&quot;0\\\/5 - (0 oy verildi!)&quot;,&quot;size&quot;:&quot;24&quot;,&quot;title&quot;:&quot;Meme Esteti\u011fi Sonras\u0131 Spora Ne Zaman Ba\u015flan\u0131r?&quot;,&quot;width&quot;:&quot;0&quot;,&quot;_legend&quot;:&quot;{score}\\\/{best} - ({count} oy verildi!)&quot;,&quot;font_factor&quot;:&quot;1.25&quot;}'>\n            \n<div class=\"kksr-stars\">\n    \n<div class=\"kksr-stars-inactive\">\n            <div class=\"kksr-star\" data-star=\"1\" style=\"padding-right: 5px\">\n            \n\n<div class=\"kksr-icon\" style=\"width: 24px; height: 24px;\"><\/div>\n        <\/div>\n            <div class=\"kksr-star\" data-star=\"2\" style=\"padding-right: 5px\">\n            \n\n<div class=\"kksr-icon\" style=\"width: 24px; height: 24px;\"><\/div>\n        <\/div>\n            <div class=\"kksr-star\" data-star=\"3\" style=\"padding-right: 5px\">\n            \n\n<div class=\"kksr-icon\" style=\"width: 24px; height: 24px;\"><\/div>\n        <\/div>\n            <div class=\"kksr-star\" data-star=\"4\" style=\"padding-right: 5px\">\n            \n\n<div class=\"kksr-icon\" style=\"width: 24px; height: 24px;\"><\/div>\n        <\/div>\n            <div class=\"kksr-star\" data-star=\"5\" style=\"padding-right: 5px\">\n            \n\n<div class=\"kksr-icon\" style=\"width: 24px; height: 24px;\"><\/div>\n        <\/div>\n    <\/div>\n    \n<div class=\"kksr-stars-active\" style=\"width: 0px;\">\n            <div class=\"kksr-star\" style=\"padding-right: 5px\">\n            \n\n<div class=\"kksr-icon\" style=\"width: 24px; height: 24px;\"><\/div>\n        <\/div>\n            <div class=\"kksr-star\" style=\"padding-right: 5px\">\n            \n\n<div class=\"kksr-icon\" style=\"width: 24px; height: 24px;\"><\/div>\n        <\/div>\n            <div class=\"kksr-star\" style=\"padding-right: 5px\">\n            \n\n<div class=\"kksr-icon\" style=\"width: 24px; height: 24px;\"><\/div>\n        <\/div>\n            <div class=\"kksr-star\" style=\"padding-right: 5px\">\n            \n\n<div class=\"kksr-icon\" style=\"width: 24px; height: 24px;\"><\/div>\n        <\/div>\n            <div class=\"kksr-star\" style=\"padding-right: 5px\">\n            \n\n<div class=\"kksr-icon\" style=\"width: 24px; height: 24px;\"><\/div>\n        <\/div>\n    <\/div>\n<\/div>\n                \n\n<div class=\"kksr-legend\" style=\"font-size: 19.2px;\">\n            <span class=\"kksr-muted\">\u0130\u00e7eri\u011fimizi Oylay\u0131n!<\/span>\n    <\/div>\n    <\/div>\n","protected":false},"excerpt":{"rendered":"<p>Meme esteti\u011fi operasyonu ge\u00e7iren ki\u015filerin spora d\u00f6n\u00fc\u015f s\u00fcreci, tamamen bireysel iyile\u015fme h\u0131z\u0131na ve uygulanan cerrahi tekni\u011fe ba\u011fl\u0131 olarak de\u011fi\u015fiklik g\u00f6sterir. Ameliyat sonras\u0131 v\u00fccudun kendini toparlamas\u0131 ve diki\u015flerin g\u00fcvenli bir \u015fekilde iyile\u015fmesi i\u00e7in belli bir dinlenme s\u00fcresi \u015fartt\u0131r. \u0130lk g\u00fcnlerde yaln\u0131zca hafif y\u00fcr\u00fcy\u00fc\u015fler \u00f6nerilirken, a\u011f\u0131rl\u0131k kald\u0131rma ve yo\u011fun egzersizler i\u00e7in biraz daha sab\u0131rl\u0131 olunmas\u0131 gerekir. E\u011fer spor i\u00e7in acele edilirse, diki\u015flerin a\u00e7\u0131lmas\u0131 ya da implant\u0131n kaymas\u0131 gibi risklerle kar\u015f\u0131la\u015f\u0131labilir. Bu y\u00fczden doktorun \u00f6nerilerine harfiyen uyulmal\u0131 ve spora ba\u015flamadan \u00f6nce mutlaka uzman g\u00f6r\u00fc\u015f\u00fc al\u0131nmal\u0131d\u0131r.<\/p>\n","protected":false},"author":1,"featured_media":2775,"comment_status":"closed","ping_status":"open","sticky":false,"template":"","format":"standard","meta":{"_kad_blocks_custom_css":"","_kad_blocks_head_custom_js":"","_kad_blocks_body_custom_js":"","_kad_blocks_footer_custom_js":"","_kadence_starter_templates_imported_post":false,"_kad_post_transparent":"","_kad_post_title":"","_kad_post_layout":"","_kad_post_sidebar_id":"","_kad_post_content_style":"","_kad_post_vertical_padding":"","_kad_post_feature":"","_kad_post_feature_position":"","_kad_post_header":false,"_kad_post_footer":false,"footnotes":""},"categories":[14],"tags":[],"class_list":["post-2773","post","type-post","status-publish","format-standard","has-post-thumbnail","hentry","category-plastik-cerrahi-blog"],"yoast_head":"<!-- This site is optimized with the Yoast SEO plugin v25.9 - https:\/\/yoast.com\/wordpress\/plugins\/seo\/ -->\n<title>Meme Esteti\u011fi Sonras\u0131 Spora Ne Zaman Ba\u015flan\u0131r? - \u0130stanbul Estetik, Plastik ve Rekonstr\u00fcktif Cerrahi - Do\u00e7. Dr. Sedat Tatar<\/title>\n<meta name=\"description\" content=\"Meme esteti\u011fi sonras\u0131 y\u00fcr\u00fcy\u00fc\u015f, kardiyo ve a\u011f\u0131rl\u0131k antrenmanlar\u0131na d\u00f6n\u00fc\u015f s\u00fcreci: Ne zaman, nas\u0131l ve nelere dikkat edilmeli?\" \/>\n<meta name=\"robots\" content=\"index, follow, max-snippet:-1, max-image-preview:large, max-video-preview:-1\" \/>\n<link rel=\"canonical\" href=\"https:\/\/drsedattatar.com\/tr\/meme-estetigi-sonrasi-spora-ne-zaman-baslanir\/\" \/>\n<meta property=\"og:locale\" content=\"tr_TR\" \/>\n<meta property=\"og:type\" content=\"article\" \/>\n<meta property=\"og:title\" content=\"Meme Esteti\u011fi Sonras\u0131 Spora Ne Zaman Ba\u015flan\u0131r? - \u0130stanbul Estetik, Plastik ve Rekonstr\u00fcktif Cerrahi - Do\u00e7. Dr. Sedat Tatar\" \/>\n<meta property=\"og:description\" content=\"Meme esteti\u011fi sonras\u0131 y\u00fcr\u00fcy\u00fc\u015f, kardiyo ve a\u011f\u0131rl\u0131k antrenmanlar\u0131na d\u00f6n\u00fc\u015f s\u00fcreci: Ne zaman, nas\u0131l ve nelere dikkat edilmeli?\" \/>\n<meta property=\"og:url\" content=\"https:\/\/drsedattatar.com\/tr\/meme-estetigi-sonrasi-spora-ne-zaman-baslanir\/\" \/>\n<meta property=\"og:site_name\" content=\"\u0130stanbul Estetik, Plastik ve Rekonstr\u00fcktif Cerrahi - Do\u00e7. Dr. Sedat Tatar\" \/>\n<meta property=\"article:published_time\" content=\"2025-06-11T12:14:58+00:00\" \/>\n<meta property=\"article:modified_time\" content=\"2025-06-12T10:12:15+00:00\" \/>\n<meta property=\"og:image\" content=\"https:\/\/drsedattatar.com\/tr\/wp-content\/uploads\/2025\/06\/11-Kapak-TR.jpg\" \/>\n\t<meta property=\"og:image:width\" content=\"1920\" \/>\n\t<meta property=\"og:image:height\" content=\"1080\" \/>\n\t<meta property=\"og:image:type\" content=\"image\/jpeg\" \/>\n<meta name=\"author\" content=\"Sedat Tatar\" \/>\n<meta name=\"twitter:card\" content=\"summary_large_image\" \/>\n<meta name=\"twitter:label1\" content=\"Yazan:\" \/>\n\t<meta name=\"twitter:data1\" content=\"Sedat Tatar\" \/>\n\t<meta name=\"twitter:label2\" content=\"Tahmini okuma s\u00fcresi\" \/>\n\t<meta name=\"twitter:data2\" content=\"4 dakika\" \/>\n<script type=\"application\/ld+json\" class=\"yoast-schema-graph\">{\"@context\":\"https:\/\/schema.org\",\"@graph\":[{\"@type\":\"Article\",\"@id\":\"https:\/\/drsedattatar.com\/tr\/meme-estetigi-sonrasi-spora-ne-zaman-baslanir\/#article\",\"isPartOf\":{\"@id\":\"https:\/\/drsedattatar.com\/tr\/meme-estetigi-sonrasi-spora-ne-zaman-baslanir\/\"},\"author\":{\"name\":\"Sedat Tatar\",\"@id\":\"https:\/\/drsedattatar.com\/tr\/#\/schema\/person\/aa22f82cb49cf6b0e8e4c2fdd472308a\"},\"headline\":\"Meme Esteti\u011fi Sonras\u0131 Spora Ne Zaman Ba\u015flan\u0131r?\",\"datePublished\":\"2025-06-11T12:14:58+00:00\",\"dateModified\":\"2025-06-12T10:12:15+00:00\",\"mainEntityOfPage\":{\"@id\":\"https:\/\/drsedattatar.com\/tr\/meme-estetigi-sonrasi-spora-ne-zaman-baslanir\/\"},\"wordCount\":966,\"publisher\":{\"@id\":\"https:\/\/drsedattatar.com\/tr\/#organization\"},\"image\":{\"@id\":\"https:\/\/drsedattatar.com\/tr\/meme-estetigi-sonrasi-spora-ne-zaman-baslanir\/#primaryimage\"},\"thumbnailUrl\":\"https:\/\/drsedattatar.com\/tr\/wp-content\/uploads\/2025\/06\/11-Kapak-TR.jpg\",\"articleSection\":[\"Plastik Cerrahi Blog\"],\"inLanguage\":\"tr\"},{\"@type\":\"WebPage\",\"@id\":\"https:\/\/drsedattatar.com\/tr\/meme-estetigi-sonrasi-spora-ne-zaman-baslanir\/\",\"url\":\"https:\/\/drsedattatar.com\/tr\/meme-estetigi-sonrasi-spora-ne-zaman-baslanir\/\",\"name\":\"Meme Esteti\u011fi Sonras\u0131 Spora Ne Zaman Ba\u015flan\u0131r? - \u0130stanbul Estetik, Plastik ve Rekonstr\u00fcktif Cerrahi - Do\u00e7. Dr. Sedat Tatar\",\"isPartOf\":{\"@id\":\"https:\/\/drsedattatar.com\/tr\/#website\"},\"primaryImageOfPage\":{\"@id\":\"https:\/\/drsedattatar.com\/tr\/meme-estetigi-sonrasi-spora-ne-zaman-baslanir\/#primaryimage\"},\"image\":{\"@id\":\"https:\/\/drsedattatar.com\/tr\/meme-estetigi-sonrasi-spora-ne-zaman-baslanir\/#primaryimage\"},\"thumbnailUrl\":\"https:\/\/drsedattatar.com\/tr\/wp-content\/uploads\/2025\/06\/11-Kapak-TR.jpg\",\"datePublished\":\"2025-06-11T12:14:58+00:00\",\"dateModified\":\"2025-06-12T10:12:15+00:00\",\"description\":\"Meme esteti\u011fi sonras\u0131 y\u00fcr\u00fcy\u00fc\u015f, kardiyo ve a\u011f\u0131rl\u0131k antrenmanlar\u0131na d\u00f6n\u00fc\u015f s\u00fcreci: Ne zaman, nas\u0131l ve nelere dikkat edilmeli?\",\"breadcrumb\":{\"@id\":\"https:\/\/drsedattatar.com\/tr\/meme-estetigi-sonrasi-spora-ne-zaman-baslanir\/#breadcrumb\"},\"inLanguage\":\"tr\",\"potentialAction\":[{\"@type\":\"ReadAction\",\"target\":[\"https:\/\/drsedattatar.com\/tr\/meme-estetigi-sonrasi-spora-ne-zaman-baslanir\/\"]}]},{\"@type\":\"ImageObject\",\"inLanguage\":\"tr\",\"@id\":\"https:\/\/drsedattatar.com\/tr\/meme-estetigi-sonrasi-spora-ne-zaman-baslanir\/#primaryimage\",\"url\":\"https:\/\/drsedattatar.com\/tr\/wp-content\/uploads\/2025\/06\/11-Kapak-TR.jpg\",\"contentUrl\":\"https:\/\/drsedattatar.com\/tr\/wp-content\/uploads\/2025\/06\/11-Kapak-TR.jpg\",\"width\":1920,\"height\":1080},{\"@type\":\"BreadcrumbList\",\"@id\":\"https:\/\/drsedattatar.com\/tr\/meme-estetigi-sonrasi-spora-ne-zaman-baslanir\/#breadcrumb\",\"itemListElement\":[{\"@type\":\"ListItem\",\"position\":1,\"name\":\"Anasayfa\",\"item\":\"https:\/\/drsedattatar.com\/tr\/\"},{\"@type\":\"ListItem\",\"position\":2,\"name\":\"Meme Esteti\u011fi Sonras\u0131 Spora Ne Zaman Ba\u015flan\u0131r?\"}]},{\"@type\":\"WebSite\",\"@id\":\"https:\/\/drsedattatar.com\/tr\/#website\",\"url\":\"https:\/\/drsedattatar.com\/tr\/\",\"name\":\"\u0130stanbul Estetik, Plastik ve Rekonstr\u00fcktif Cerrahi - Do\u00e7. Dr. Sedat Tatar\",\"description\":\"\u0130stanbul Estetik, Plastik ve Rekonstr\u00fcktif Cerrahi alan\u0131nda deneyimli Do\u00e7. Dr. Sedat Tatar ile hayallerinizi ger\u00e7e\u011fe d\u00f6n\u00fc\u015ft\u00fcr\u00fcn ve kendinizi en iyi \u015fekilde hissedin.\",\"publisher\":{\"@id\":\"https:\/\/drsedattatar.com\/tr\/#organization\"},\"potentialAction\":[{\"@type\":\"SearchAction\",\"target\":{\"@type\":\"EntryPoint\",\"urlTemplate\":\"https:\/\/drsedattatar.com\/tr\/?s={search_term_string}\"},\"query-input\":{\"@type\":\"PropertyValueSpecification\",\"valueRequired\":true,\"valueName\":\"search_term_string\"}}],\"inLanguage\":\"tr\"},{\"@type\":\"Organization\",\"@id\":\"https:\/\/drsedattatar.com\/tr\/#organization\",\"name\":\"\u0130stanbul Estetik, Plastik ve Rekonstr\u00fcktif Cerrahi - Do\u00e7. Dr. Sedat Tatar\",\"url\":\"https:\/\/drsedattatar.com\/tr\/\",\"logo\":{\"@type\":\"ImageObject\",\"inLanguage\":\"tr\",\"@id\":\"https:\/\/drsedattatar.com\/tr\/#\/schema\/logo\/image\/\",\"url\":\"https:\/\/drsedattatar.com\/tr\/wp-content\/uploads\/2023\/06\/cropped-cropped-cropped-dr-sedat-tatar-estetik-plastik-logo.webp\",\"contentUrl\":\"https:\/\/drsedattatar.com\/tr\/wp-content\/uploads\/2023\/06\/cropped-cropped-cropped-dr-sedat-tatar-estetik-plastik-logo.webp\",\"width\":1505,\"height\":602,\"caption\":\"\u0130stanbul Estetik, Plastik ve Rekonstr\u00fcktif Cerrahi - Do\u00e7. Dr. Sedat Tatar\"},\"image\":{\"@id\":\"https:\/\/drsedattatar.com\/tr\/#\/schema\/logo\/image\/\"}},{\"@type\":\"Person\",\"@id\":\"https:\/\/drsedattatar.com\/tr\/#\/schema\/person\/aa22f82cb49cf6b0e8e4c2fdd472308a\",\"name\":\"Sedat Tatar\",\"image\":{\"@type\":\"ImageObject\",\"inLanguage\":\"tr\",\"@id\":\"https:\/\/drsedattatar.com\/tr\/#\/schema\/person\/image\/\",\"url\":\"https:\/\/secure.gravatar.com\/avatar\/dea798d972982cc67ccc601a56275438ae42ec5d4557bb1f2fb426553e72d1a1?s=96&d=mm&r=g\",\"contentUrl\":\"https:\/\/secure.gravatar.com\/avatar\/dea798d972982cc67ccc601a56275438ae42ec5d4557bb1f2fb426553e72d1a1?s=96&d=mm&r=g\",\"caption\":\"Sedat Tatar\"},\"sameAs\":[\"http:\/\/drsedattatar.com\/tr\"],\"url\":\"https:\/\/drsedattatar.com\/tr\/author\/admin\/\"}]}<\/script>\n<!-- \/ Yoast SEO plugin. -->","yoast_head_json":{"title":"Meme Esteti\u011fi Sonras\u0131 Spora Ne Zaman Ba\u015flan\u0131r? - \u0130stanbul Estetik, Plastik ve Rekonstr\u00fcktif Cerrahi - Do\u00e7. Dr. Sedat Tatar","description":"Meme esteti\u011fi sonras\u0131 y\u00fcr\u00fcy\u00fc\u015f, kardiyo ve a\u011f\u0131rl\u0131k antrenmanlar\u0131na d\u00f6n\u00fc\u015f s\u00fcreci: Ne zaman, nas\u0131l ve nelere dikkat edilmeli?","robots":{"index":"index","follow":"follow","max-snippet":"max-snippet:-1","max-image-preview":"max-image-preview:large","max-video-preview":"max-video-preview:-1"},"canonical":"https:\/\/drsedattatar.com\/tr\/meme-estetigi-sonrasi-spora-ne-zaman-baslanir\/","og_locale":"tr_TR","og_type":"article","og_title":"Meme Esteti\u011fi Sonras\u0131 Spora Ne Zaman Ba\u015flan\u0131r? - \u0130stanbul Estetik, Plastik ve Rekonstr\u00fcktif Cerrahi - Do\u00e7. Dr. Sedat Tatar","og_description":"Meme esteti\u011fi sonras\u0131 y\u00fcr\u00fcy\u00fc\u015f, kardiyo ve a\u011f\u0131rl\u0131k antrenmanlar\u0131na d\u00f6n\u00fc\u015f s\u00fcreci: Ne zaman, nas\u0131l ve nelere dikkat edilmeli?","og_url":"https:\/\/drsedattatar.com\/tr\/meme-estetigi-sonrasi-spora-ne-zaman-baslanir\/","og_site_name":"\u0130stanbul Estetik, Plastik ve Rekonstr\u00fcktif Cerrahi - Do\u00e7. Dr. Sedat Tatar","article_published_time":"2025-06-11T12:14:58+00:00","article_modified_time":"2025-06-12T10:12:15+00:00","og_image":[{"width":1920,"height":1080,"url":"https:\/\/drsedattatar.com\/tr\/wp-content\/uploads\/2025\/06\/11-Kapak-TR.jpg","type":"image\/jpeg"}],"author":"Sedat Tatar","twitter_card":"summary_large_image","twitter_misc":{"Yazan:":"Sedat Tatar","Tahmini okuma s\u00fcresi":"4 dakika"},"schema":{"@context":"https:\/\/schema.org","@graph":[{"@type":"Article","@id":"https:\/\/drsedattatar.com\/tr\/meme-estetigi-sonrasi-spora-ne-zaman-baslanir\/#article","isPartOf":{"@id":"https:\/\/drsedattatar.com\/tr\/meme-estetigi-sonrasi-spora-ne-zaman-baslanir\/"},"author":{"name":"Sedat Tatar","@id":"https:\/\/drsedattatar.com\/tr\/#\/schema\/person\/aa22f82cb49cf6b0e8e4c2fdd472308a"},"headline":"Meme Esteti\u011fi Sonras\u0131 Spora Ne Zaman Ba\u015flan\u0131r?","datePublished":"2025-06-11T12:14:58+00:00","dateModified":"2025-06-12T10:12:15+00:00","mainEntityOfPage":{"@id":"https:\/\/drsedattatar.com\/tr\/meme-estetigi-sonrasi-spora-ne-zaman-baslanir\/"},"wordCount":966,"publisher":{"@id":"https:\/\/drsedattatar.com\/tr\/#organization"},"image":{"@id":"https:\/\/drsedattatar.com\/tr\/meme-estetigi-sonrasi-spora-ne-zaman-baslanir\/#primaryimage"},"thumbnailUrl":"https:\/\/drsedattatar.com\/tr\/wp-content\/uploads\/2025\/06\/11-Kapak-TR.jpg","articleSection":["Plastik Cerrahi Blog"],"inLanguage":"tr"},{"@type":"WebPage","@id":"https:\/\/drsedattatar.com\/tr\/meme-estetigi-sonrasi-spora-ne-zaman-baslanir\/","url":"https:\/\/drsedattatar.com\/tr\/meme-estetigi-sonrasi-spora-ne-zaman-baslanir\/","name":"Meme Esteti\u011fi Sonras\u0131 Spora Ne Zaman Ba\u015flan\u0131r? - \u0130stanbul Estetik, Plastik ve Rekonstr\u00fcktif Cerrahi - Do\u00e7. Dr. Sedat Tatar","isPartOf":{"@id":"https:\/\/drsedattatar.com\/tr\/#website"},"primaryImageOfPage":{"@id":"https:\/\/drsedattatar.com\/tr\/meme-estetigi-sonrasi-spora-ne-zaman-baslanir\/#primaryimage"},"image":{"@id":"https:\/\/drsedattatar.com\/tr\/meme-estetigi-sonrasi-spora-ne-zaman-baslanir\/#primaryimage"},"thumbnailUrl":"https:\/\/drsedattatar.com\/tr\/wp-content\/uploads\/2025\/06\/11-Kapak-TR.jpg","datePublished":"2025-06-11T12:14:58+00:00","dateModified":"2025-06-12T10:12:15+00:00","description":"Meme esteti\u011fi sonras\u0131 y\u00fcr\u00fcy\u00fc\u015f, kardiyo ve a\u011f\u0131rl\u0131k antrenmanlar\u0131na d\u00f6n\u00fc\u015f s\u00fcreci: Ne zaman, nas\u0131l ve nelere dikkat edilmeli?","breadcrumb":{"@id":"https:\/\/drsedattatar.com\/tr\/meme-estetigi-sonrasi-spora-ne-zaman-baslanir\/#breadcrumb"},"inLanguage":"tr","potentialAction":[{"@type":"ReadAction","target":["https:\/\/drsedattatar.com\/tr\/meme-estetigi-sonrasi-spora-ne-zaman-baslanir\/"]}]},{"@type":"ImageObject","inLanguage":"tr","@id":"https:\/\/drsedattatar.com\/tr\/meme-estetigi-sonrasi-spora-ne-zaman-baslanir\/#primaryimage","url":"https:\/\/drsedattatar.com\/tr\/wp-content\/uploads\/2025\/06\/11-Kapak-TR.jpg","contentUrl":"https:\/\/drsedattatar.com\/tr\/wp-content\/uploads\/2025\/06\/11-Kapak-TR.jpg","width":1920,"height":1080},{"@type":"BreadcrumbList","@id":"https:\/\/drsedattatar.com\/tr\/meme-estetigi-sonrasi-spora-ne-zaman-baslanir\/#breadcrumb","itemListElement":[{"@type":"ListItem","position":1,"name":"Anasayfa","item":"https:\/\/drsedattatar.com\/tr\/"},{"@type":"ListItem","position":2,"name":"Meme Esteti\u011fi Sonras\u0131 Spora Ne Zaman Ba\u015flan\u0131r?"}]},{"@type":"WebSite","@id":"https:\/\/drsedattatar.com\/tr\/#website","url":"https:\/\/drsedattatar.com\/tr\/","name":"\u0130stanbul Estetik, Plastik ve Rekonstr\u00fcktif Cerrahi - Do\u00e7. Dr. Sedat Tatar","description":"\u0130stanbul Estetik, Plastik ve Rekonstr\u00fcktif Cerrahi alan\u0131nda deneyimli Do\u00e7. Dr. Sedat Tatar ile hayallerinizi ger\u00e7e\u011fe d\u00f6n\u00fc\u015ft\u00fcr\u00fcn ve kendinizi en iyi \u015fekilde hissedin.","publisher":{"@id":"https:\/\/drsedattatar.com\/tr\/#organization"},"potentialAction":[{"@type":"SearchAction","target":{"@type":"EntryPoint","urlTemplate":"https:\/\/drsedattatar.com\/tr\/?s={search_term_string}"},"query-input":{"@type":"PropertyValueSpecification","valueRequired":true,"valueName":"search_term_string"}}],"inLanguage":"tr"},{"@type":"Organization","@id":"https:\/\/drsedattatar.com\/tr\/#organization","name":"\u0130stanbul Estetik, Plastik ve Rekonstr\u00fcktif Cerrahi - Do\u00e7. Dr. Sedat Tatar","url":"https:\/\/drsedattatar.com\/tr\/","logo":{"@type":"ImageObject","inLanguage":"tr","@id":"https:\/\/drsedattatar.com\/tr\/#\/schema\/logo\/image\/","url":"https:\/\/drsedattatar.com\/tr\/wp-content\/uploads\/2023\/06\/cropped-cropped-cropped-dr-sedat-tatar-estetik-plastik-logo.webp","contentUrl":"https:\/\/drsedattatar.com\/tr\/wp-content\/uploads\/2023\/06\/cropped-cropped-cropped-dr-sedat-tatar-estetik-plastik-logo.webp","width":1505,"height":602,"caption":"\u0130stanbul Estetik, Plastik ve Rekonstr\u00fcktif Cerrahi - Do\u00e7. Dr. Sedat Tatar"},"image":{"@id":"https:\/\/drsedattatar.com\/tr\/#\/schema\/logo\/image\/"}},{"@type":"Person","@id":"https:\/\/drsedattatar.com\/tr\/#\/schema\/person\/aa22f82cb49cf6b0e8e4c2fdd472308a","name":"Sedat Tatar","image":{"@type":"ImageObject","inLanguage":"tr","@id":"https:\/\/drsedattatar.com\/tr\/#\/schema\/person\/image\/","url":"https:\/\/secure.gravatar.com\/avatar\/dea798d972982cc67ccc601a56275438ae42ec5d4557bb1f2fb426553e72d1a1?s=96&d=mm&r=g","contentUrl":"https:\/\/secure.gravatar.com\/avatar\/dea798d972982cc67ccc601a56275438ae42ec5d4557bb1f2fb426553e72d1a1?s=96&d=mm&r=g","caption":"Sedat Tatar"},"sameAs":["http:\/\/drsedattatar.com\/tr"],"url":"https:\/\/drsedattatar.com\/tr\/author\/admin\/"}]}},"taxonomy_info":{"category":[{"value":14,"label":"Plastik Cerrahi Blog"}]},"featured_image_src_large":["https:\/\/drsedattatar.com\/tr\/wp-content\/uploads\/2025\/06\/11-Kapak-TR-1024x576.jpg",1024,576,true],"author_info":{"display_name":"Sedat Tatar","author_link":"https:\/\/drsedattatar.com\/tr\/author\/admin\/"},"comment_info":0,"category_info":[{"term_id":14,"name":"Plastik Cerrahi Blog","slug":"plastik-cerrahi-blog","term_group":0,"term_taxonomy_id":14,"taxonomy":"category","description":"","parent":0,"count":155,"filter":"raw","cat_ID":14,"category_count":155,"category_description":"","cat_name":"Plastik Cerrahi Blog","category_nicename":"plastik-cerrahi-blog","category_parent":0}],"tag_info":false,"_links":{"self":[{"href":"https:\/\/drsedattatar.com\/tr\/wp-json\/wp\/v2\/posts\/2773","targetHints":{"allow":["GET"]}}],"collection":[{"href":"https:\/\/drsedattatar.com\/tr\/wp-json\/wp\/v2\/posts"}],"about":[{"href":"https:\/\/drsedattatar.com\/tr\/wp-json\/wp\/v2\/types\/post"}],"author":[{"embeddable":true,"href":"https:\/\/drsedattatar.com\/tr\/wp-json\/wp\/v2\/users\/1"}],"replies":[{"embeddable":true,"href":"https:\/\/drsedattatar.com\/tr\/wp-json\/wp\/v2\/comments?post=2773"}],"version-history":[{"count":2,"href":"https:\/\/drsedattatar.com\/tr\/wp-json\/wp\/v2\/posts\/2773\/revisions"}],"predecessor-version":[{"id":2776,"href":"https:\/\/drsedattatar.com\/tr\/wp-json\/wp\/v2\/posts\/2773\/revisions\/2776"}],"wp:featuredmedia":[{"embeddable":true,"href":"https:\/\/drsedattatar.com\/tr\/wp-json\/wp\/v2\/media\/2775"}],"wp:attachment":[{"href":"https:\/\/drsedattatar.com\/tr\/wp-json\/wp\/v2\/media?parent=2773"}],"wp:term":[{"taxonomy":"category","embeddable":true,"href":"https:\/\/drsedattatar.com\/tr\/wp-json\/wp\/v2\/categories?post=2773"},{"taxonomy":"post_tag","embeddable":true,"href":"https:\/\/drsedattatar.com\/tr\/wp-json\/wp\/v2\/tags?post=2773"}],"curies":[{"name":"wp","href":"https:\/\/api.w.org\/{rel}","templated":true}]}}