{"id":2788,"date":"2025-06-13T07:47:58","date_gmt":"2025-06-13T07:47:58","guid":{"rendered":"https:\/\/drsedattatar.com\/tr\/?p=2788"},"modified":"2025-06-13T07:48:00","modified_gmt":"2025-06-13T07:48:00","slug":"estetik-ameliyatlar-yaz-aylarinda-yapilir-mi","status":"publish","type":"post","link":"https:\/\/drsedattatar.com\/tr\/estetik-ameliyatlar-yaz-aylarinda-yapilir-mi\/","title":{"rendered":"Estetik Ameliyatlar Yaz Aylar\u0131nda Yap\u0131l\u0131r M\u0131?"},"content":{"rendered":"\n<p>Estetik ameliyatlar her mevsimde talep g\u00f6ren uygulamalar aras\u0131nda yer alsa da yaz aylar\u0131nda bu operasyonlara olan ilgi g\u00f6zle g\u00f6r\u00fcl\u00fcr \u015fekilde art\u0131\u015f g\u00f6steriyor. \u00d6zellikle tatil d\u00f6neminin ba\u015flamas\u0131yla birlikte, izin s\u00fcresini hem dinlenme hem de iyile\u015fme s\u00fcreci olarak de\u011ferlendirmek isteyen bir\u00e7ok ki\u015fi estetik m\u00fcdahalelere y\u00f6neliyor. Yaz mevsimi, planlama a\u00e7\u0131s\u0131ndan avantajlar sunsa da s\u0131cak hava ve yo\u011fun g\u00fcne\u015f \u0131\u015f\u0131\u011f\u0131 gibi \u00e7evresel fakt\u00f6rler, dikkat edilmesi gereken baz\u0131 \u00f6zel durumlar\u0131 da beraberinde getiriyor. Bu nedenle yaln\u0131zca ameliyat s\u00fcreci de\u011fil, sonras\u0131ndaki bak\u0131m ve iyile\u015fme s\u00fcreci de en az operasyon kadar \u00f6nemli hale geliyor. Yaz d\u00f6neminde estetik operasyon yapt\u0131rmay\u0131 d\u00fc\u015f\u00fcnenlerin, mevsim ko\u015fullar\u0131n\u0131 da g\u00f6z \u00f6n\u00fcnde bulundurarak bilin\u00e7li karar vermesi b\u00fcy\u00fck \u00f6nem ta\u015f\u0131yor. Peki s\u0131cak havalarda estetik m\u00fcdahale yapt\u0131rmak ne kadar do\u011fru? Yaz\u0131n hangi operasyonlar \u00f6n plana \u00e7\u0131k\u0131yor ve iyile\u015fme s\u00fcreci nas\u0131l y\u00f6netilmeli? T\u00fcm bu sorular\u0131n yan\u0131tlar\u0131n\u0131 yaz\u0131m\u0131zda bulabilirsiniz.<\/p>\n\n\n\n<h2 class=\"wp-block-heading\"><a><\/a>Hangi Ameliyatlar Yaz Aylar\u0131nda Daha \u00c7ok Tercih Ediliyor?<\/h2>\n\n\n\n<p>Yaz aylar\u0131nda estetik operasyonlara y\u00f6nelik talep, y\u0131l\u0131n di\u011fer d\u00f6nemlerine k\u0131yasla art\u0131\u015f g\u00f6sterir. Bunun ba\u015fl\u0131ca sebeplerinden biri, bireylerin bu d\u00f6nemde tatil planlar\u0131 yapmalar\u0131 ve yo\u011fun i\u015f temposundan uzakla\u015f\u0131p kendilerine vakit ay\u0131rabilmeleridir. Ayn\u0131 zamanda yazl\u0131k k\u0131yafetlerin v\u00fccut hatlar\u0131n\u0131 daha belirgin \u015fekilde ortaya \u00e7\u0131karmas\u0131, ki\u015fileri estetik g\u00f6r\u00fcn\u00fcm a\u00e7\u0131s\u0131ndan motive eder. Bu nedenle fiziksel g\u00f6r\u00fcn\u00fcm\u00fcnde de\u011fi\u015fiklik yapmak isteyenler i\u00e7in yaz d\u00f6nemi cazip hale gelir. En \u00e7ok tercih edilen yaz d\u00f6nemi operasyonlar\u0131 aras\u0131nda liposuction, meme esteti\u011fi, kar\u0131n germe, popo b\u00fcy\u00fctme ve burun esteti\u011fi yer al\u0131r. \u00d6zellikle yaz ba\u015f\u0131nda yap\u0131lan m\u00fcdahaleler, yaz sonuna kadar iyile\u015fme s\u00fcrecini b\u00fcy\u00fck \u00f6l\u00e7\u00fcde tamamlamak isteyenler i\u00e7in ideal bir zamanlama sunar.<\/p>\n\n\n\n<h2 class=\"wp-block-heading\"><a><\/a>Yaz\u0131n Estetik Ameliyat Yapt\u0131rmak \u0130yile\u015fme S\u00fcrecini Nas\u0131l Etkiler?<\/h2>\n\n\n\n<p>S\u0131cak hava ko\u015fullar\u0131, estetik operasyon ge\u00e7iren bireylerin iyile\u015fme s\u00fcrecini do\u011frudan etkileyebilir. \u00d6zellikle y\u00fcksek s\u0131cakl\u0131klar, v\u00fccutta \u00f6dem ve \u015fi\u015flik olu\u015fumunu art\u0131rabilirken, terleme nedeniyle diki\u015f b\u00f6lgelerinde cilt tahri\u015fi ve enfeksiyon riski s\u00f6z konusu olabilir. Ayn\u0131 zamanda iyile\u015fme s\u00fcrecindeki cilt dokular\u0131 g\u00fcne\u015f \u0131\u015f\u0131nlar\u0131na kar\u015f\u0131 daha savunmas\u0131z oldu\u011fundan, g\u00fcne\u015fe maruz kalan b\u00f6lgelerde iz kalma riski y\u00fckselir. Bu nedenle yaz d\u00f6neminde estetik m\u00fcdahale sonras\u0131 iyile\u015fme s\u00fcrecinin sa\u011fl\u0131kl\u0131 ilerleyebilmesi i\u00e7in hijyen, g\u00fcne\u015ften korunma ve serin ortamlarda dinlenme gibi unsurlara daha fazla \u00f6zen g\u00f6sterilmesi gerekir. Gerekli \u00f6nlemler al\u0131nd\u0131\u011f\u0131nda yaz aylar\u0131nda da ba\u015far\u0131l\u0131 ve konforlu bir iyile\u015fme s\u00fcreci m\u00fcmk\u00fcnd\u00fcr.<\/p>\n\n\n\n<h2 class=\"wp-block-heading\"><a><\/a>G\u00fcne\u015f I\u015f\u0131nlar\u0131 ve Terleme Diki\u015f \u0130zlerine Zarar Verir mi?<\/h2>\n\n\n\n<p>Yaz\u0131n ameliyat sonras\u0131 d\u00f6nemde en \u00e7ok dikkat edilmesi gereken unsurlar\u0131n ba\u015f\u0131nda g\u00fcne\u015f \u0131\u015f\u0131nlar\u0131 ve terleme gelir. G\u00fcne\u015fin ultraviyole \u0131\u015f\u0131nlar\u0131, hen\u00fcz tam iyile\u015fmemi\u015f olan cilt \u00fczerinde pigment bozulmalar\u0131na ve koyu renkli kal\u0131c\u0131 izlere neden olabilir. Terleme ise cilt y\u00fczeyinde nemi art\u0131rarak diki\u015fli b\u00f6lgelerde hem tahri\u015fe yol a\u00e7abilir hem de bakteri olu\u015fumu i\u00e7in uygun bir ortam sa\u011flayabilir. Bu t\u00fcr komplikasyonlar\u0131n \u00f6n\u00fcne ge\u00e7ebilmek ad\u0131na operasyon sonras\u0131 b\u00f6lgeyi temiz ve kuru tutmak, do\u011frudan g\u00fcne\u015fe maruz kalmaktan ka\u00e7\u0131nmak ve doktorun \u00f6nerdi\u011fi koruyucu \u00fcr\u00fcnleri kullanmak olduk\u00e7a \u00f6nemlidir.<\/p>\n\n\n\n<h2 class=\"wp-block-heading\"><a><\/a>Estetik Ameliyat Sonras\u0131 G\u00fcne\u015flenmek G\u00fcvenli mi?<\/h2>\n\n\n\n<p>Ameliyat sonras\u0131 d\u00f6nemde g\u00fcne\u015flenmek, tamamen yasak olmamakla birlikte dikkatli olunmas\u0131 gereken bir konudur. Cilt, operasyon sonras\u0131 d\u00f6nemde hassasiyet kazand\u0131\u011f\u0131 i\u00e7in do\u011frudan g\u00fcne\u015fe maruz kalmak, iyile\u015fme s\u00fcrecini olumsuz etkileyebilir. G\u00fcne\u015f \u0131\u015f\u0131\u011f\u0131na kar\u015f\u0131 hassasla\u015fan b\u00f6lgelerde renk de\u011fi\u015fimi ve iz kalma riski artabilir. Bu nedenle g\u00fcne\u015flenmek i\u00e7in doktorun onay\u0131n\u0131 beklemek, y\u00fcksek koruma fakt\u00f6rl\u00fc g\u00fcne\u015f kremleri kullanmak ve k\u0131sa s\u00fcreli, g\u00f6lgede kalmaya \u00f6zen g\u00f6stermek \u00f6nem ta\u015f\u0131r. G\u00fcne\u015fin zararl\u0131 etkilerinden korunarak iyile\u015fme s\u00fcrecini g\u00fcvenli \u015fekilde ge\u00e7irmek m\u00fcmk\u00fcnd\u00fcr.<\/p>\n\n\n\n<h2 class=\"wp-block-heading\"><a><\/a>Estetik Ameliyat Sonras\u0131 Denize veya Havuza Girilebilir mi?<\/h2>\n\n\n\n<p>Estetik operasyon sonras\u0131 deniz ya da havuza girmek i\u00e7in aceleci davranmak enfeksiyon riskini art\u0131rabilir. \u00d6zellikle diki\u015f b\u00f6lgeleri hen\u00fcz tam olarak kapanmadan ya da cilt bariyeri kendini yenilemeden havuzlardaki klor ve denizdeki mikroorganizmalar, iyile\u015fme s\u00fcrecini olumsuz etkileyebilir. Bu nedenle suyla temas edilmeden \u00f6nce doktorun \u00f6nerdi\u011fi s\u00fcre kadar beklemek gerekir. Genellikle birka\u00e7 hafta s\u00fcren bu s\u00fcre\u00e7 tamamland\u0131ktan sonra, gerekli hijyen \u00f6nlemleri al\u0131narak y\u00fczme aktivitelerine ba\u015flanabilir. Her bireyin iyile\u015fme s\u00fcreci farkl\u0131l\u0131k g\u00f6sterdi\u011finden, bu konuda mutlaka ki\u015fisel bir de\u011ferlendirme yap\u0131lmal\u0131d\u0131r.<\/p>\n\n\n\n<h2 class=\"wp-block-heading\"><a><\/a>Yaz\u0131n Estetik Operasyon Sonras\u0131 K\u0131yafet Se\u00e7imi Nas\u0131l Olmal\u0131?<\/h2>\n\n\n\n<p>Ameliyat sonras\u0131 yaz aylar\u0131nda k\u0131yafet se\u00e7imi, cildin hava almas\u0131n\u0131 sa\u011flarken ayn\u0131 zamanda iyile\u015fme s\u00fcrecini desteklemelidir. Hava ge\u00e7irgenli\u011fi y\u00fcksek, terletmeyen ve cilde temas etmeyen bol kesimli k\u0131yafetler tercih edilmelidir. \u00d6zellikle sentetik kuma\u015flardan ka\u00e7\u0131n\u0131lmal\u0131; pamuklu, hafif ve yumu\u015fak dokulu giysiler tercih edilmelidir. G\u00fcne\u015f \u0131\u015f\u0131\u011f\u0131na a\u00e7\u0131k olan b\u00f6lgeler kapat\u0131lmal\u0131, gerekiyorsa koruyucu ince kuma\u015flarla destek sa\u011flanmal\u0131d\u0131r. E\u011fer operasyon sonras\u0131 korse kullan\u0131m\u0131 gerekiyorsa, alt\u0131na ince pamuklu bir katman giymek cildi korur ve terlemeyi azalt\u0131r. Rahatl\u0131k ve hijyenin \u00f6n planda tutuldu\u011fu bir giyim tarz\u0131, konforlu bir iyile\u015fme s\u00fcreci i\u00e7in \u00f6nemlidir.<\/p>\n\n\n\n<h2 class=\"wp-block-heading\"><a><\/a>Yaz D\u00f6neminde Estetik Sonras\u0131 Bak\u0131m Nas\u0131l Olmal\u0131?<\/h2>\n\n\n\n<p>Yaz aylar\u0131nda yap\u0131lan estetik m\u00fcdahalelerin ard\u0131ndan bak\u0131m s\u00fcreci, s\u0131cak hava ko\u015fullar\u0131 nedeniyle daha hassas y\u00f6netilmelidir. \u00d6ncelikle operasyon b\u00f6lgesinin temizli\u011fine ve kuru tutulmas\u0131na \u00f6zen g\u00f6sterilmeli, a\u015f\u0131r\u0131 terlemenin \u00f6n\u00fcne ge\u00e7ilmelidir. G\u00fcne\u015fe maruz kalmamak i\u00e7in hem g\u00fcne\u015f koruyucu \u00fcr\u00fcnler kullan\u0131lmal\u0131 hem de g\u00f6lge alanlarda kal\u0131nmal\u0131d\u0131r. V\u00fccudun su dengesini korumak ad\u0131na bol s\u0131v\u0131 t\u00fcketilmeli, a\u011f\u0131r ve ya\u011fl\u0131 besinlerden ka\u00e7\u0131n\u0131larak hafif bir beslenme program\u0131 uygulanmal\u0131d\u0131r. Ayr\u0131ca hekimin \u00f6nerdi\u011fi ila\u00e7lar ve bak\u0131m \u00fcr\u00fcnleri d\u00fczenli olarak kullan\u0131lmal\u0131, takip randevular\u0131 aksat\u0131lmamal\u0131d\u0131r. Bu \u00f6zenli yakla\u015f\u0131m sayesinde yaz s\u0131caklar\u0131nda da sorunsuz bir iyile\u015fme s\u00fcreci m\u00fcmk\u00fcnd\u00fcr.<\/p>\n\n\n\n<h2 class=\"wp-block-heading\"><a><\/a>Yaz\u0131n Estetik Ameliyat Yapt\u0131rd\u0131ktan Sonra Nelere Dikkat Edilmeli?<\/h2>\n\n\n\n<p>Estetik operasyonun yaz mevsimine denk gelmesi, dikkatli bir iyile\u015fme planlamas\u0131n\u0131 zorunlu k\u0131lar. G\u00fcne\u015ften korunmak en \u00f6ncelikli konulardan biridir; y\u00fcksek fakt\u00f6rl\u00fc koruyucular, \u015fapka ve ince \u00f6rt\u00fcler bu s\u00fcre\u00e7te yard\u0131mc\u0131 olur. A\u015f\u0131r\u0131 terlemeye neden olacak a\u011f\u0131r egzersizlerden uzak durulmal\u0131, ameliyat b\u00f6lgesi temiz ve kuru tutulmal\u0131d\u0131r. E\u011fer korse, bandaj ya da \u00f6zel bak\u0131m \u00fcr\u00fcnleri \u00f6nerildiyse bunlar\u0131n d\u00fczenli \u015fekilde kullan\u0131lmas\u0131 gerekir. Ayr\u0131ca iyile\u015fmeyi desteklemek i\u00e7in dengeli beslenmek ve bol s\u0131v\u0131 t\u00fcketmek faydal\u0131 olacakt\u0131r. T\u00fcm bu \u00f6nlemler hem sa\u011fl\u0131k a\u00e7\u0131s\u0131ndan hem de estetik sonu\u00e7lar\u0131n uzun vadede korunmas\u0131 a\u00e7\u0131s\u0131ndan \u00f6nemlidir.<\/p>\n\n\n\n<h2 class=\"wp-block-heading\"><a><\/a>Yaz Aylar\u0131nda Estetik Ameliyat S\u00fcrecini Daha Konforlu Ge\u00e7irmenin Yollar\u0131<\/h2>\n\n\n\n<p>Yaz aylar\u0131nda yap\u0131lan estetik operasyonlar sonras\u0131 s\u00fcreci daha konforlu hale getirmek i\u00e7in \u00e7evresel ve bireysel \u00f6nlemlerin dengeli bir \u015fekilde y\u00fcr\u00fct\u00fclmesi gerekir. Serin, nemsiz ve hava ak\u0131m\u0131 olan bir ortamda dinlenmek, \u015fi\u015flik ve rahats\u0131zl\u0131k hissini azalt\u0131r. Diki\u015f b\u00f6lgeleri s\u0131k s\u0131k kontrol edilmeli, m\u00fcmk\u00fcn oldu\u011funca tahri\u015ften korunmal\u0131d\u0131r. G\u00fcne\u015fin zararl\u0131 etkilerinden korunmak i\u00e7in yaln\u0131zca fiziksel \u00f6nlemler de\u011fil, cilt bak\u0131m \u00fcr\u00fcnleriyle desteklemek de \u00f6nemlidir. Bunun yan\u0131 s\u0131ra v\u00fccudu susuz b\u0131rakmamak, vitamin a\u00e7\u0131s\u0131ndan zengin hafif besinlerle ba\u011f\u0131\u015f\u0131kl\u0131\u011f\u0131 g\u00fc\u00e7l\u00fc tutmak ve ruhsal olarak kendini dinlendirecek aktivitelere y\u00f6nelmek de iyile\u015fme s\u00fcrecine olumlu katk\u0131 sa\u011flar. B\u00f6ylece yaz d\u00f6neminde yap\u0131lan estetik m\u00fcdahaleler daha sa\u011fl\u0131kl\u0131, g\u00fcvenli ve konforlu \u015fekilde atlat\u0131labilir.<\/p>\n\n\n\n<p><strong>\u0130LET\u0130\u015e\u0130M B\u0130LG\u0130LER\u0130<\/strong><\/p>\n\n\n\n<p><strong>Do\u00e7. Dr. Sedar Tatar Klini\u011fi<\/strong><\/p>\n\n\n\n<p><strong>Telefon No :&nbsp;<\/strong><a href=\"tel:+90%20(555)%20100%2010%2083\">+90 (555) 100 10 83<\/a><br><strong>\u0130leti\u015fim Linki :&nbsp;<\/strong><a href=\"mailto:info@drsedattatar.com\">info@drsedattatar.com<\/a><br><strong>Adres :&nbsp;<\/strong>Levent Mahallesi, Karanfil Aral\u0131\u011f\u0131 Caddesi No: 18 Be\u015fikta\u015f\/\u0130STANBUL<\/p>\n\n\n<div class=\"kk-star-ratings kksr-auto kksr-align-center kksr-valign-bottom\"\n    data-payload='{&quot;align&quot;:&quot;center&quot;,&quot;id&quot;:&quot;2788&quot;,&quot;slug&quot;:&quot;default&quot;,&quot;valign&quot;:&quot;bottom&quot;,&quot;ignore&quot;:&quot;&quot;,&quot;reference&quot;:&quot;auto&quot;,&quot;class&quot;:&quot;&quot;,&quot;count&quot;:&quot;0&quot;,&quot;legendonly&quot;:&quot;&quot;,&quot;readonly&quot;:&quot;&quot;,&quot;score&quot;:&quot;0&quot;,&quot;starsonly&quot;:&quot;&quot;,&quot;best&quot;:&quot;5&quot;,&quot;gap&quot;:&quot;5&quot;,&quot;greet&quot;:&quot;\u0130\u00e7eri\u011fimizi Oylay\u0131n!&quot;,&quot;legend&quot;:&quot;0\\\/5 - (0 oy verildi!)&quot;,&quot;size&quot;:&quot;24&quot;,&quot;title&quot;:&quot;Estetik Ameliyatlar Yaz Aylar\u0131nda Yap\u0131l\u0131r M\u0131?&quot;,&quot;width&quot;:&quot;0&quot;,&quot;_legend&quot;:&quot;{score}\\\/{best} - ({count} oy verildi!)&quot;,&quot;font_factor&quot;:&quot;1.25&quot;}'>\n            \n<div class=\"kksr-stars\">\n    \n<div class=\"kksr-stars-inactive\">\n            <div class=\"kksr-star\" data-star=\"1\" style=\"padding-right: 5px\">\n            \n\n<div class=\"kksr-icon\" style=\"width: 24px; height: 24px;\"><\/div>\n        <\/div>\n            <div class=\"kksr-star\" data-star=\"2\" style=\"padding-right: 5px\">\n            \n\n<div class=\"kksr-icon\" style=\"width: 24px; height: 24px;\"><\/div>\n        <\/div>\n            <div class=\"kksr-star\" data-star=\"3\" style=\"padding-right: 5px\">\n            \n\n<div class=\"kksr-icon\" style=\"width: 24px; height: 24px;\"><\/div>\n        <\/div>\n            <div class=\"kksr-star\" data-star=\"4\" style=\"padding-right: 5px\">\n            \n\n<div class=\"kksr-icon\" style=\"width: 24px; height: 24px;\"><\/div>\n        <\/div>\n            <div class=\"kksr-star\" data-star=\"5\" style=\"padding-right: 5px\">\n            \n\n<div class=\"kksr-icon\" style=\"width: 24px; height: 24px;\"><\/div>\n        <\/div>\n    <\/div>\n    \n<div class=\"kksr-stars-active\" style=\"width: 0px;\">\n            <div class=\"kksr-star\" style=\"padding-right: 5px\">\n            \n\n<div class=\"kksr-icon\" style=\"width: 24px; height: 24px;\"><\/div>\n        <\/div>\n            <div class=\"kksr-star\" style=\"padding-right: 5px\">\n            \n\n<div class=\"kksr-icon\" style=\"width: 24px; height: 24px;\"><\/div>\n        <\/div>\n            <div class=\"kksr-star\" style=\"padding-right: 5px\">\n            \n\n<div class=\"kksr-icon\" style=\"width: 24px; height: 24px;\"><\/div>\n        <\/div>\n            <div class=\"kksr-star\" style=\"padding-right: 5px\">\n            \n\n<div class=\"kksr-icon\" style=\"width: 24px; height: 24px;\"><\/div>\n        <\/div>\n            <div class=\"kksr-star\" style=\"padding-right: 5px\">\n            \n\n<div class=\"kksr-icon\" style=\"width: 24px; height: 24px;\"><\/div>\n        <\/div>\n    <\/div>\n<\/div>\n                \n\n<div class=\"kksr-legend\" style=\"font-size: 19.2px;\">\n            <span class=\"kksr-muted\">\u0130\u00e7eri\u011fimizi Oylay\u0131n!<\/span>\n    <\/div>\n    <\/div>\n","protected":false},"excerpt":{"rendered":"<p>Estetik ameliyatlar her mevsimde talep g\u00f6ren uygulamalar aras\u0131nda yer alsa da yaz aylar\u0131nda bu operasyonlara olan ilgi g\u00f6zle g\u00f6r\u00fcl\u00fcr \u015fekilde art\u0131\u015f g\u00f6steriyor. \u00d6zellikle tatil d\u00f6neminin ba\u015flamas\u0131yla birlikte, izin s\u00fcresini hem dinlenme hem de iyile\u015fme s\u00fcreci olarak de\u011ferlendirmek isteyen bir\u00e7ok ki\u015fi estetik m\u00fcdahalelere y\u00f6neliyor. Yaz mevsimi, planlama a\u00e7\u0131s\u0131ndan avantajlar sunsa da s\u0131cak hava ve yo\u011fun g\u00fcne\u015f \u0131\u015f\u0131\u011f\u0131 gibi \u00e7evresel fakt\u00f6rler, dikkat edilmesi gereken baz\u0131 \u00f6zel durumlar\u0131 da beraberinde getiriyor. Bu nedenle yaln\u0131zca ameliyat s\u00fcreci de\u011fil, <\/p>\n","protected":false},"author":1,"featured_media":2789,"comment_status":"closed","ping_status":"open","sticky":false,"template":"","format":"standard","meta":{"_kad_blocks_custom_css":"","_kad_blocks_head_custom_js":"","_kad_blocks_body_custom_js":"","_kad_blocks_footer_custom_js":"","_kadence_starter_templates_imported_post":false,"_kad_post_transparent":"","_kad_post_title":"","_kad_post_layout":"","_kad_post_sidebar_id":"","_kad_post_content_style":"","_kad_post_vertical_padding":"","_kad_post_feature":"","_kad_post_feature_position":"","_kad_post_header":false,"_kad_post_footer":false,"footnotes":""},"categories":[14],"tags":[],"class_list":["post-2788","post","type-post","status-publish","format-standard","has-post-thumbnail","hentry","category-plastik-cerrahi-blog"],"yoast_head":"<!-- This site is optimized with the Yoast SEO plugin v25.9 - https:\/\/yoast.com\/wordpress\/plugins\/seo\/ -->\n<title>Estetik Ameliyatlar Yaz Aylar\u0131nda Yap\u0131l\u0131r M\u0131? - \u0130stanbul Estetik, Plastik ve Rekonstr\u00fcktif Cerrahi - Do\u00e7. Dr. Sedat Tatar<\/title>\n<meta name=\"description\" content=\"Estetik operasyonlar i\u00e7in yaz mevsimi uygun mu? Ameliyat sonras\u0131 bak\u0131m, k\u0131yafet se\u00e7imi ve iyile\u015fme s\u00fcrecini yaz ko\u015fullar\u0131nda y\u00f6netmenin yollar\u0131.\" \/>\n<meta name=\"robots\" content=\"index, follow, max-snippet:-1, max-image-preview:large, max-video-preview:-1\" \/>\n<link rel=\"canonical\" href=\"https:\/\/drsedattatar.com\/tr\/estetik-ameliyatlar-yaz-aylarinda-yapilir-mi\/\" \/>\n<meta property=\"og:locale\" content=\"tr_TR\" \/>\n<meta property=\"og:type\" content=\"article\" \/>\n<meta property=\"og:title\" content=\"Estetik Ameliyatlar Yaz Aylar\u0131nda Yap\u0131l\u0131r M\u0131? - \u0130stanbul Estetik, Plastik ve Rekonstr\u00fcktif Cerrahi - Do\u00e7. Dr. Sedat Tatar\" \/>\n<meta property=\"og:description\" content=\"Estetik operasyonlar i\u00e7in yaz mevsimi uygun mu? Ameliyat sonras\u0131 bak\u0131m, k\u0131yafet se\u00e7imi ve iyile\u015fme s\u00fcrecini yaz ko\u015fullar\u0131nda y\u00f6netmenin yollar\u0131.\" \/>\n<meta property=\"og:url\" content=\"https:\/\/drsedattatar.com\/tr\/estetik-ameliyatlar-yaz-aylarinda-yapilir-mi\/\" \/>\n<meta property=\"og:site_name\" content=\"\u0130stanbul Estetik, Plastik ve Rekonstr\u00fcktif Cerrahi - Do\u00e7. Dr. Sedat Tatar\" \/>\n<meta property=\"article:published_time\" content=\"2025-06-13T07:47:58+00:00\" \/>\n<meta property=\"article:modified_time\" content=\"2025-06-13T07:48:00+00:00\" \/>\n<meta property=\"og:image\" content=\"https:\/\/drsedattatar.com\/tr\/wp-content\/uploads\/2025\/06\/14-Kapak-TR.jpg\" \/>\n\t<meta property=\"og:image:width\" content=\"1920\" \/>\n\t<meta property=\"og:image:height\" content=\"1080\" \/>\n\t<meta property=\"og:image:type\" content=\"image\/jpeg\" \/>\n<meta name=\"author\" content=\"Sedat Tatar\" \/>\n<meta name=\"twitter:card\" content=\"summary_large_image\" \/>\n<meta name=\"twitter:label1\" content=\"Yazan:\" \/>\n\t<meta name=\"twitter:data1\" content=\"Sedat Tatar\" \/>\n\t<meta name=\"twitter:label2\" content=\"Tahmini okuma s\u00fcresi\" \/>\n\t<meta name=\"twitter:data2\" content=\"7 dakika\" \/>\n<script type=\"application\/ld+json\" class=\"yoast-schema-graph\">{\"@context\":\"https:\/\/schema.org\",\"@graph\":[{\"@type\":\"Article\",\"@id\":\"https:\/\/drsedattatar.com\/tr\/estetik-ameliyatlar-yaz-aylarinda-yapilir-mi\/#article\",\"isPartOf\":{\"@id\":\"https:\/\/drsedattatar.com\/tr\/estetik-ameliyatlar-yaz-aylarinda-yapilir-mi\/\"},\"author\":{\"name\":\"Sedat Tatar\",\"@id\":\"https:\/\/drsedattatar.com\/tr\/#\/schema\/person\/aa22f82cb49cf6b0e8e4c2fdd472308a\"},\"headline\":\"Estetik Ameliyatlar Yaz Aylar\u0131nda Yap\u0131l\u0131r M\u0131?\",\"datePublished\":\"2025-06-13T07:47:58+00:00\",\"dateModified\":\"2025-06-13T07:48:00+00:00\",\"mainEntityOfPage\":{\"@id\":\"https:\/\/drsedattatar.com\/tr\/estetik-ameliyatlar-yaz-aylarinda-yapilir-mi\/\"},\"wordCount\":1456,\"publisher\":{\"@id\":\"https:\/\/drsedattatar.com\/tr\/#organization\"},\"image\":{\"@id\":\"https:\/\/drsedattatar.com\/tr\/estetik-ameliyatlar-yaz-aylarinda-yapilir-mi\/#primaryimage\"},\"thumbnailUrl\":\"https:\/\/drsedattatar.com\/tr\/wp-content\/uploads\/2025\/06\/14-Kapak-TR.jpg\",\"articleSection\":[\"Plastik Cerrahi Blog\"],\"inLanguage\":\"tr\"},{\"@type\":\"WebPage\",\"@id\":\"https:\/\/drsedattatar.com\/tr\/estetik-ameliyatlar-yaz-aylarinda-yapilir-mi\/\",\"url\":\"https:\/\/drsedattatar.com\/tr\/estetik-ameliyatlar-yaz-aylarinda-yapilir-mi\/\",\"name\":\"Estetik Ameliyatlar Yaz Aylar\u0131nda Yap\u0131l\u0131r M\u0131? - \u0130stanbul Estetik, Plastik ve Rekonstr\u00fcktif Cerrahi - Do\u00e7. Dr. Sedat Tatar\",\"isPartOf\":{\"@id\":\"https:\/\/drsedattatar.com\/tr\/#website\"},\"primaryImageOfPage\":{\"@id\":\"https:\/\/drsedattatar.com\/tr\/estetik-ameliyatlar-yaz-aylarinda-yapilir-mi\/#primaryimage\"},\"image\":{\"@id\":\"https:\/\/drsedattatar.com\/tr\/estetik-ameliyatlar-yaz-aylarinda-yapilir-mi\/#primaryimage\"},\"thumbnailUrl\":\"https:\/\/drsedattatar.com\/tr\/wp-content\/uploads\/2025\/06\/14-Kapak-TR.jpg\",\"datePublished\":\"2025-06-13T07:47:58+00:00\",\"dateModified\":\"2025-06-13T07:48:00+00:00\",\"description\":\"Estetik operasyonlar i\u00e7in yaz mevsimi uygun mu? Ameliyat sonras\u0131 bak\u0131m, k\u0131yafet se\u00e7imi ve iyile\u015fme s\u00fcrecini yaz ko\u015fullar\u0131nda y\u00f6netmenin yollar\u0131.\",\"breadcrumb\":{\"@id\":\"https:\/\/drsedattatar.com\/tr\/estetik-ameliyatlar-yaz-aylarinda-yapilir-mi\/#breadcrumb\"},\"inLanguage\":\"tr\",\"potentialAction\":[{\"@type\":\"ReadAction\",\"target\":[\"https:\/\/drsedattatar.com\/tr\/estetik-ameliyatlar-yaz-aylarinda-yapilir-mi\/\"]}]},{\"@type\":\"ImageObject\",\"inLanguage\":\"tr\",\"@id\":\"https:\/\/drsedattatar.com\/tr\/estetik-ameliyatlar-yaz-aylarinda-yapilir-mi\/#primaryimage\",\"url\":\"https:\/\/drsedattatar.com\/tr\/wp-content\/uploads\/2025\/06\/14-Kapak-TR.jpg\",\"contentUrl\":\"https:\/\/drsedattatar.com\/tr\/wp-content\/uploads\/2025\/06\/14-Kapak-TR.jpg\",\"width\":1920,\"height\":1080},{\"@type\":\"BreadcrumbList\",\"@id\":\"https:\/\/drsedattatar.com\/tr\/estetik-ameliyatlar-yaz-aylarinda-yapilir-mi\/#breadcrumb\",\"itemListElement\":[{\"@type\":\"ListItem\",\"position\":1,\"name\":\"Anasayfa\",\"item\":\"https:\/\/drsedattatar.com\/tr\/\"},{\"@type\":\"ListItem\",\"position\":2,\"name\":\"Estetik Ameliyatlar Yaz Aylar\u0131nda Yap\u0131l\u0131r M\u0131?\"}]},{\"@type\":\"WebSite\",\"@id\":\"https:\/\/drsedattatar.com\/tr\/#website\",\"url\":\"https:\/\/drsedattatar.com\/tr\/\",\"name\":\"\u0130stanbul Estetik, Plastik ve Rekonstr\u00fcktif Cerrahi - Do\u00e7. Dr. Sedat Tatar\",\"description\":\"\u0130stanbul Estetik, Plastik ve Rekonstr\u00fcktif Cerrahi alan\u0131nda deneyimli Do\u00e7. Dr. Sedat Tatar ile hayallerinizi ger\u00e7e\u011fe d\u00f6n\u00fc\u015ft\u00fcr\u00fcn ve kendinizi en iyi \u015fekilde hissedin.\",\"publisher\":{\"@id\":\"https:\/\/drsedattatar.com\/tr\/#organization\"},\"potentialAction\":[{\"@type\":\"SearchAction\",\"target\":{\"@type\":\"EntryPoint\",\"urlTemplate\":\"https:\/\/drsedattatar.com\/tr\/?s={search_term_string}\"},\"query-input\":{\"@type\":\"PropertyValueSpecification\",\"valueRequired\":true,\"valueName\":\"search_term_string\"}}],\"inLanguage\":\"tr\"},{\"@type\":\"Organization\",\"@id\":\"https:\/\/drsedattatar.com\/tr\/#organization\",\"name\":\"\u0130stanbul Estetik, Plastik ve Rekonstr\u00fcktif Cerrahi - Do\u00e7. Dr. Sedat Tatar\",\"url\":\"https:\/\/drsedattatar.com\/tr\/\",\"logo\":{\"@type\":\"ImageObject\",\"inLanguage\":\"tr\",\"@id\":\"https:\/\/drsedattatar.com\/tr\/#\/schema\/logo\/image\/\",\"url\":\"https:\/\/drsedattatar.com\/tr\/wp-content\/uploads\/2023\/06\/cropped-cropped-cropped-dr-sedat-tatar-estetik-plastik-logo.webp\",\"contentUrl\":\"https:\/\/drsedattatar.com\/tr\/wp-content\/uploads\/2023\/06\/cropped-cropped-cropped-dr-sedat-tatar-estetik-plastik-logo.webp\",\"width\":1505,\"height\":602,\"caption\":\"\u0130stanbul Estetik, Plastik ve Rekonstr\u00fcktif Cerrahi - Do\u00e7. Dr. Sedat Tatar\"},\"image\":{\"@id\":\"https:\/\/drsedattatar.com\/tr\/#\/schema\/logo\/image\/\"}},{\"@type\":\"Person\",\"@id\":\"https:\/\/drsedattatar.com\/tr\/#\/schema\/person\/aa22f82cb49cf6b0e8e4c2fdd472308a\",\"name\":\"Sedat Tatar\",\"image\":{\"@type\":\"ImageObject\",\"inLanguage\":\"tr\",\"@id\":\"https:\/\/drsedattatar.com\/tr\/#\/schema\/person\/image\/\",\"url\":\"https:\/\/secure.gravatar.com\/avatar\/dea798d972982cc67ccc601a56275438ae42ec5d4557bb1f2fb426553e72d1a1?s=96&d=mm&r=g\",\"contentUrl\":\"https:\/\/secure.gravatar.com\/avatar\/dea798d972982cc67ccc601a56275438ae42ec5d4557bb1f2fb426553e72d1a1?s=96&d=mm&r=g\",\"caption\":\"Sedat Tatar\"},\"sameAs\":[\"http:\/\/drsedattatar.com\/tr\"],\"url\":\"https:\/\/drsedattatar.com\/tr\/author\/admin\/\"}]}<\/script>\n<!-- \/ Yoast SEO plugin. -->","yoast_head_json":{"title":"Estetik Ameliyatlar Yaz Aylar\u0131nda Yap\u0131l\u0131r M\u0131? - \u0130stanbul Estetik, Plastik ve Rekonstr\u00fcktif Cerrahi - Do\u00e7. Dr. Sedat Tatar","description":"Estetik operasyonlar i\u00e7in yaz mevsimi uygun mu? Ameliyat sonras\u0131 bak\u0131m, k\u0131yafet se\u00e7imi ve iyile\u015fme s\u00fcrecini yaz ko\u015fullar\u0131nda y\u00f6netmenin yollar\u0131.","robots":{"index":"index","follow":"follow","max-snippet":"max-snippet:-1","max-image-preview":"max-image-preview:large","max-video-preview":"max-video-preview:-1"},"canonical":"https:\/\/drsedattatar.com\/tr\/estetik-ameliyatlar-yaz-aylarinda-yapilir-mi\/","og_locale":"tr_TR","og_type":"article","og_title":"Estetik Ameliyatlar Yaz Aylar\u0131nda Yap\u0131l\u0131r M\u0131? - \u0130stanbul Estetik, Plastik ve Rekonstr\u00fcktif Cerrahi - Do\u00e7. Dr. Sedat Tatar","og_description":"Estetik operasyonlar i\u00e7in yaz mevsimi uygun mu? Ameliyat sonras\u0131 bak\u0131m, k\u0131yafet se\u00e7imi ve iyile\u015fme s\u00fcrecini yaz ko\u015fullar\u0131nda y\u00f6netmenin yollar\u0131.","og_url":"https:\/\/drsedattatar.com\/tr\/estetik-ameliyatlar-yaz-aylarinda-yapilir-mi\/","og_site_name":"\u0130stanbul Estetik, Plastik ve Rekonstr\u00fcktif Cerrahi - Do\u00e7. Dr. Sedat Tatar","article_published_time":"2025-06-13T07:47:58+00:00","article_modified_time":"2025-06-13T07:48:00+00:00","og_image":[{"width":1920,"height":1080,"url":"https:\/\/drsedattatar.com\/tr\/wp-content\/uploads\/2025\/06\/14-Kapak-TR.jpg","type":"image\/jpeg"}],"author":"Sedat Tatar","twitter_card":"summary_large_image","twitter_misc":{"Yazan:":"Sedat Tatar","Tahmini okuma s\u00fcresi":"7 dakika"},"schema":{"@context":"https:\/\/schema.org","@graph":[{"@type":"Article","@id":"https:\/\/drsedattatar.com\/tr\/estetik-ameliyatlar-yaz-aylarinda-yapilir-mi\/#article","isPartOf":{"@id":"https:\/\/drsedattatar.com\/tr\/estetik-ameliyatlar-yaz-aylarinda-yapilir-mi\/"},"author":{"name":"Sedat Tatar","@id":"https:\/\/drsedattatar.com\/tr\/#\/schema\/person\/aa22f82cb49cf6b0e8e4c2fdd472308a"},"headline":"Estetik Ameliyatlar Yaz Aylar\u0131nda Yap\u0131l\u0131r M\u0131?","datePublished":"2025-06-13T07:47:58+00:00","dateModified":"2025-06-13T07:48:00+00:00","mainEntityOfPage":{"@id":"https:\/\/drsedattatar.com\/tr\/estetik-ameliyatlar-yaz-aylarinda-yapilir-mi\/"},"wordCount":1456,"publisher":{"@id":"https:\/\/drsedattatar.com\/tr\/#organization"},"image":{"@id":"https:\/\/drsedattatar.com\/tr\/estetik-ameliyatlar-yaz-aylarinda-yapilir-mi\/#primaryimage"},"thumbnailUrl":"https:\/\/drsedattatar.com\/tr\/wp-content\/uploads\/2025\/06\/14-Kapak-TR.jpg","articleSection":["Plastik Cerrahi Blog"],"inLanguage":"tr"},{"@type":"WebPage","@id":"https:\/\/drsedattatar.com\/tr\/estetik-ameliyatlar-yaz-aylarinda-yapilir-mi\/","url":"https:\/\/drsedattatar.com\/tr\/estetik-ameliyatlar-yaz-aylarinda-yapilir-mi\/","name":"Estetik Ameliyatlar Yaz Aylar\u0131nda Yap\u0131l\u0131r M\u0131? - \u0130stanbul Estetik, Plastik ve Rekonstr\u00fcktif Cerrahi - Do\u00e7. Dr. Sedat Tatar","isPartOf":{"@id":"https:\/\/drsedattatar.com\/tr\/#website"},"primaryImageOfPage":{"@id":"https:\/\/drsedattatar.com\/tr\/estetik-ameliyatlar-yaz-aylarinda-yapilir-mi\/#primaryimage"},"image":{"@id":"https:\/\/drsedattatar.com\/tr\/estetik-ameliyatlar-yaz-aylarinda-yapilir-mi\/#primaryimage"},"thumbnailUrl":"https:\/\/drsedattatar.com\/tr\/wp-content\/uploads\/2025\/06\/14-Kapak-TR.jpg","datePublished":"2025-06-13T07:47:58+00:00","dateModified":"2025-06-13T07:48:00+00:00","description":"Estetik operasyonlar i\u00e7in yaz mevsimi uygun mu? Ameliyat sonras\u0131 bak\u0131m, k\u0131yafet se\u00e7imi ve iyile\u015fme s\u00fcrecini yaz ko\u015fullar\u0131nda y\u00f6netmenin yollar\u0131.","breadcrumb":{"@id":"https:\/\/drsedattatar.com\/tr\/estetik-ameliyatlar-yaz-aylarinda-yapilir-mi\/#breadcrumb"},"inLanguage":"tr","potentialAction":[{"@type":"ReadAction","target":["https:\/\/drsedattatar.com\/tr\/estetik-ameliyatlar-yaz-aylarinda-yapilir-mi\/"]}]},{"@type":"ImageObject","inLanguage":"tr","@id":"https:\/\/drsedattatar.com\/tr\/estetik-ameliyatlar-yaz-aylarinda-yapilir-mi\/#primaryimage","url":"https:\/\/drsedattatar.com\/tr\/wp-content\/uploads\/2025\/06\/14-Kapak-TR.jpg","contentUrl":"https:\/\/drsedattatar.com\/tr\/wp-content\/uploads\/2025\/06\/14-Kapak-TR.jpg","width":1920,"height":1080},{"@type":"BreadcrumbList","@id":"https:\/\/drsedattatar.com\/tr\/estetik-ameliyatlar-yaz-aylarinda-yapilir-mi\/#breadcrumb","itemListElement":[{"@type":"ListItem","position":1,"name":"Anasayfa","item":"https:\/\/drsedattatar.com\/tr\/"},{"@type":"ListItem","position":2,"name":"Estetik Ameliyatlar Yaz Aylar\u0131nda Yap\u0131l\u0131r M\u0131?"}]},{"@type":"WebSite","@id":"https:\/\/drsedattatar.com\/tr\/#website","url":"https:\/\/drsedattatar.com\/tr\/","name":"\u0130stanbul Estetik, Plastik ve Rekonstr\u00fcktif Cerrahi - Do\u00e7. Dr. Sedat Tatar","description":"\u0130stanbul Estetik, Plastik ve Rekonstr\u00fcktif Cerrahi alan\u0131nda deneyimli Do\u00e7. Dr. Sedat Tatar ile hayallerinizi ger\u00e7e\u011fe d\u00f6n\u00fc\u015ft\u00fcr\u00fcn ve kendinizi en iyi \u015fekilde hissedin.","publisher":{"@id":"https:\/\/drsedattatar.com\/tr\/#organization"},"potentialAction":[{"@type":"SearchAction","target":{"@type":"EntryPoint","urlTemplate":"https:\/\/drsedattatar.com\/tr\/?s={search_term_string}"},"query-input":{"@type":"PropertyValueSpecification","valueRequired":true,"valueName":"search_term_string"}}],"inLanguage":"tr"},{"@type":"Organization","@id":"https:\/\/drsedattatar.com\/tr\/#organization","name":"\u0130stanbul Estetik, Plastik ve Rekonstr\u00fcktif Cerrahi - Do\u00e7. Dr. Sedat Tatar","url":"https:\/\/drsedattatar.com\/tr\/","logo":{"@type":"ImageObject","inLanguage":"tr","@id":"https:\/\/drsedattatar.com\/tr\/#\/schema\/logo\/image\/","url":"https:\/\/drsedattatar.com\/tr\/wp-content\/uploads\/2023\/06\/cropped-cropped-cropped-dr-sedat-tatar-estetik-plastik-logo.webp","contentUrl":"https:\/\/drsedattatar.com\/tr\/wp-content\/uploads\/2023\/06\/cropped-cropped-cropped-dr-sedat-tatar-estetik-plastik-logo.webp","width":1505,"height":602,"caption":"\u0130stanbul Estetik, Plastik ve Rekonstr\u00fcktif Cerrahi - Do\u00e7. Dr. Sedat Tatar"},"image":{"@id":"https:\/\/drsedattatar.com\/tr\/#\/schema\/logo\/image\/"}},{"@type":"Person","@id":"https:\/\/drsedattatar.com\/tr\/#\/schema\/person\/aa22f82cb49cf6b0e8e4c2fdd472308a","name":"Sedat Tatar","image":{"@type":"ImageObject","inLanguage":"tr","@id":"https:\/\/drsedattatar.com\/tr\/#\/schema\/person\/image\/","url":"https:\/\/secure.gravatar.com\/avatar\/dea798d972982cc67ccc601a56275438ae42ec5d4557bb1f2fb426553e72d1a1?s=96&d=mm&r=g","contentUrl":"https:\/\/secure.gravatar.com\/avatar\/dea798d972982cc67ccc601a56275438ae42ec5d4557bb1f2fb426553e72d1a1?s=96&d=mm&r=g","caption":"Sedat Tatar"},"sameAs":["http:\/\/drsedattatar.com\/tr"],"url":"https:\/\/drsedattatar.com\/tr\/author\/admin\/"}]}},"taxonomy_info":{"category":[{"value":14,"label":"Plastik Cerrahi Blog"}]},"featured_image_src_large":["https:\/\/drsedattatar.com\/tr\/wp-content\/uploads\/2025\/06\/14-Kapak-TR-1024x576.jpg",1024,576,true],"author_info":{"display_name":"Sedat Tatar","author_link":"https:\/\/drsedattatar.com\/tr\/author\/admin\/"},"comment_info":0,"category_info":[{"term_id":14,"name":"Plastik Cerrahi Blog","slug":"plastik-cerrahi-blog","term_group":0,"term_taxonomy_id":14,"taxonomy":"category","description":"","parent":0,"count":155,"filter":"raw","cat_ID":14,"category_count":155,"category_description":"","cat_name":"Plastik Cerrahi Blog","category_nicename":"plastik-cerrahi-blog","category_parent":0}],"tag_info":false,"_links":{"self":[{"href":"https:\/\/drsedattatar.com\/tr\/wp-json\/wp\/v2\/posts\/2788","targetHints":{"allow":["GET"]}}],"collection":[{"href":"https:\/\/drsedattatar.com\/tr\/wp-json\/wp\/v2\/posts"}],"about":[{"href":"https:\/\/drsedattatar.com\/tr\/wp-json\/wp\/v2\/types\/post"}],"author":[{"embeddable":true,"href":"https:\/\/drsedattatar.com\/tr\/wp-json\/wp\/v2\/users\/1"}],"replies":[{"embeddable":true,"href":"https:\/\/drsedattatar.com\/tr\/wp-json\/wp\/v2\/comments?post=2788"}],"version-history":[{"count":3,"href":"https:\/\/drsedattatar.com\/tr\/wp-json\/wp\/v2\/posts\/2788\/revisions"}],"predecessor-version":[{"id":2792,"href":"https:\/\/drsedattatar.com\/tr\/wp-json\/wp\/v2\/posts\/2788\/revisions\/2792"}],"wp:featuredmedia":[{"embeddable":true,"href":"https:\/\/drsedattatar.com\/tr\/wp-json\/wp\/v2\/media\/2789"}],"wp:attachment":[{"href":"https:\/\/drsedattatar.com\/tr\/wp-json\/wp\/v2\/media?parent=2788"}],"wp:term":[{"taxonomy":"category","embeddable":true,"href":"https:\/\/drsedattatar.com\/tr\/wp-json\/wp\/v2\/categories?post=2788"},{"taxonomy":"post_tag","embeddable":true,"href":"https:\/\/drsedattatar.com\/tr\/wp-json\/wp\/v2\/tags?post=2788"}],"curies":[{"name":"wp","href":"https:\/\/api.w.org\/{rel}","templated":true}]}}