{"id":2793,"date":"2025-06-13T13:01:17","date_gmt":"2025-06-13T13:01:17","guid":{"rendered":"https:\/\/drsedattatar.com\/tr\/?p=2793"},"modified":"2025-06-17T09:31:48","modified_gmt":"2025-06-17T09:31:48","slug":"vucut-estetigi-hakkinda-dogru-bilinen-yanlislar","status":"publish","type":"post","link":"https:\/\/drsedattatar.com\/tr\/vucut-estetigi-hakkinda-dogru-bilinen-yanlislar\/","title":{"rendered":"V\u00fccut Esteti\u011fi Hakk\u0131nda Do\u011fru Bilinen Yanl\u0131\u015flar"},"content":{"rendered":"\n<p>V\u00fccut esteti\u011fi denince akla hemen b\u0131\u00e7ak alt\u0131na yatmak, yapay bir g\u00f6r\u00fcn\u00fcm ya da abart\u0131l\u0131 de\u011fi\u015fimler geliyor olabilir. Oysa i\u015fin asl\u0131 hi\u00e7 de \u00f6yle de\u011fil. G\u00fcn\u00fcm\u00fczde estetik cerrahi, ki\u015finin kendini daha iyi hissetmesini, aynaya her bakt\u0131\u011f\u0131nda i\u00e7ten bir g\u00fcl\u00fcmsemeyle kar\u015f\u0131la\u015fmas\u0131n\u0131 sa\u011flayan bir destek s\u00fcreci. Ki\u015filer, kulaktan dolma bilgiler nedeniyle bu konuda zaman zaman kafa kar\u0131\u015f\u0131kl\u0131\u011f\u0131 ya\u015fayabiliyor. \u0130\u015fte bu yaz\u0131m\u0131zda v\u00fccut esteti\u011fi hakk\u0131nda do\u011fru bildi\u011fimiz yanl\u0131\u015flar\u0131 birlikte g\u00f6zden ge\u00e7iriyoruz.<\/p>\n\n\n\n<h2 class=\"wp-block-heading\"><a><\/a>V\u00fccut esteti\u011fi ameliyatlar\u0131 kal\u0131c\u0131 m\u0131d\u0131r, zamanla etkisini kaybeder mi?<\/h2>\n\n\n\n<p>Estetik bir operasyon ge\u00e7irdikten sonra herkesin akl\u0131nda benzer bir soru belirir: \u201cAcaba bu sonu\u00e7lar \u00f6m\u00fcr boyu benimle kal\u0131r m\u0131?\u201d Bu \u00e7ok do\u011fal bir merak. Ger\u00e7ek \u015fu ki estetik i\u015flemler kal\u0131c\u0131 sonu\u00e7lar sunsa da bu kal\u0131c\u0131l\u0131\u011f\u0131n s\u00fcresi tamamen ki\u015finin ya\u015fam tarz\u0131na ve v\u00fccuduna nas\u0131l davrand\u0131\u011f\u0131na ba\u011fl\u0131d\u0131r. \u00d6rnek verecek olursak, bir kar\u0131n germe ameliyat\u0131 sonras\u0131 elde edilen d\u00fcz g\u00f6r\u00fcn\u00fcm, d\u00fczenli egzersiz ve dengeli beslenmeyle y\u0131llarca korunabilirken, hareketsiz ya\u015fam ve sa\u011fl\u0131ks\u0131z al\u0131\u015fkanl\u0131klar sonucu zamanla yeniden deformasyon olu\u015fabilir. Estetik cerrahi bir mucize de\u011fil; fakat do\u011fru al\u0131\u015fkanl\u0131klarla desteklendi\u011finde uzun vadeli ve kal\u0131c\u0131 bir d\u00f6n\u00fc\u015f\u00fcm i\u00e7in g\u00fc\u00e7l\u00fc bir ad\u0131md\u0131r.<\/p>\n\n\n\n<h2 class=\"wp-block-heading\"><a><\/a>V\u00fccut esteti\u011fi sonras\u0131 hi\u00e7bir zaman tekrar kilo al\u0131nmaz m\u0131?<\/h2>\n\n\n\n<p>V\u00fccut esteti\u011fi i\u015flemleri, b\u00f6lgesel \u015fekillendirme ve v\u00fccut proporsiyonunu d\u00fczeltme amac\u0131 ta\u015f\u0131r. Ancak bu i\u015flemler sonras\u0131nda kilo al\u0131m\u0131n\u0131n tamamen engellendi\u011fi d\u00fc\u015f\u00fcncesi do\u011fru de\u011fildir. Liposuction gibi i\u015flemlerle ya\u011f h\u00fccrelerinin bir k\u0131sm\u0131 kal\u0131c\u0131 olarak v\u00fccuttan uzakla\u015ft\u0131r\u0131lsa da ki\u015fi sa\u011fl\u0131ks\u0131z beslenmeye ve hareketsiz bir ya\u015fama devam ederse v\u00fccudun di\u011fer b\u00f6lgelerinde ya\u011flanma yeniden ba\u015flayabilir. Estetik sonu\u00e7lar\u0131n uzun s\u00fcre korunabilmesi i\u00e7in dengeli bir beslenme d\u00fczeni ve d\u00fczenli fiziksel aktivite \u015fartt\u0131r. Estetik ameliyatlar etkili bir ba\u015flang\u0131\u00e7 sunsa da uzun s\u00fcreli memnuniyet, ki\u015finin sonras\u0131nda g\u00f6sterdi\u011fi \u00f6zenle do\u011frudan ba\u011flant\u0131l\u0131d\u0131r.<\/p>\n\n\n\n<h2 class=\"wp-block-heading\"><a><\/a>V\u00fccut esteti\u011fi yapt\u0131rd\u0131ktan sonra spor yapmama gerek kalmaz m\u0131?<\/h2>\n\n\n\n<p>V\u00fccut esteti\u011fi, v\u00fccut \u015fekillendirmede etkili bir ara\u00e7t\u0131r; ancak bu, sporu ya\u015famdan tamamen \u00e7\u0131karmak anlam\u0131na gelmez. Aksine i\u015flem sonras\u0131 elde edilen formu koruyabilmek i\u00e7in d\u00fczenli fiziksel aktivite b\u00fcy\u00fck \u00f6nem ta\u015f\u0131r. Estetik operasyonlarla v\u00fccuttaki fazla ya\u011flar al\u0131nabilir ya da sarkmalar toparlanabilir. Ancak kas dokusu, esneklik ve genel sa\u011fl\u0131\u011f\u0131n s\u00fcrd\u00fcr\u00fclebilmesi i\u00e7in sporun rol\u00fc tart\u0131\u015f\u0131lmazd\u0131r. \u00d6zellikle uzun vadede deformasyon olu\u015fmamas\u0131 ve kilonun dengede tutulmas\u0131 a\u00e7\u0131s\u0131ndan egzersiz al\u0131\u015fkanl\u0131\u011f\u0131 edinmek, estetikten al\u0131nan verimi art\u0131r\u0131r. Yani estetikle spor birbirini tamamlayan iki etkendir, biri di\u011ferinin yerini tutmaz.<\/p>\n\n\n\n<h2 class=\"wp-block-heading\">Hamilelik sonras\u0131 estetik \u0130\u015flemler hemen yap\u0131labilir mi?<\/h2>\n\n\n\n<p>Hamilelik s\u00fcreci v\u00fccutta ciddi de\u011fi\u015fimlere neden olur ve bu de\u011fi\u015fimlerin toparlanmas\u0131 zaman al\u0131r. Do\u011fumdan hemen sonra estetik i\u015flem yapt\u0131rmak isteyenler olsa da bu d\u00f6nemde v\u00fccudun h\u00e2l\u00e2 toparlanma a\u015famas\u0131nda oldu\u011funu unutmamak gerekir. \u00d6zellikle hormon seviyelerinin normale d\u00f6nmesi, emzirme s\u00fcrecinin tamamlanmas\u0131 ve cilt dokusunun eski esnekli\u011fine ula\u015fmas\u0131 i\u00e7in belirli bir s\u00fcre beklemek \u00f6nerilir. Genellikle do\u011fumdan sonraki 6 ila 12 ay aras\u0131 estetik m\u00fcdahaleler i\u00e7in daha uygun bir d\u00f6nem olarak kabul edilir. Bu s\u00fcre zarf\u0131nda hem v\u00fccut daha stabil hale gelir hem de yap\u0131lacak i\u015flemlerden elde edilecek sonu\u00e7lar \u00e7ok daha tatmin edici olur.<\/p>\n\n\n\n<h2 class=\"wp-block-heading\"><a><\/a>Kar\u0131n germe ameliyat\u0131 sonras\u0131 bir daha sarkma olmaz m\u0131?<\/h2>\n\n\n\n<p>Kar\u0131n germe ameliyat\u0131, \u00f6zellikle do\u011fum ya da a\u015f\u0131r\u0131 kilo kayb\u0131 sonras\u0131 olu\u015fan sarkmalar\u0131 d\u00fczeltmek i\u00e7in etkili bir \u00e7\u00f6z\u00fcmd\u00fcr. Ameliyatla fazla deri ve gev\u015femi\u015f kas dokusu toparlan\u0131r, kar\u0131n b\u00f6lgesi daha d\u00fcz ve s\u0131k\u0131 bir g\u00f6r\u00fcn\u00fcme kavu\u015fur. Bu de\u011fi\u015fim kal\u0131c\u0131 bir temel sunsa da ya\u015f alma, hormonal de\u011fi\u015fiklikler veya tekrar kilo al\u0131p verme gibi durumlar zaman i\u00e7inde yeniden gev\u015femelere yol a\u00e7abilir. Bu nedenle operasyon sonras\u0131 d\u00f6nemde ideal kiloyu korumak, d\u00fczenli egzersiz yapmak ve sa\u011fl\u0131kl\u0131 ya\u015fam al\u0131\u015fkanl\u0131klar\u0131n\u0131 s\u00fcrd\u00fcrmek, elde edilen sonucun uzun s\u00fcre devam etmesini sa\u011flar.<\/p>\n\n\n\n<h2 class=\"wp-block-heading\">BBL kal\u0131c\u0131 bir \u0130\u015flem mi, tekrar yapt\u0131rmak gerekir mi?<\/h2>\n\n\n\n<p>BBL yani Brezilya popo esteti\u011fi, genellikle ki\u015finin kendi ya\u011f dokusunun popo b\u00f6lgesine enjekte edilmesiyle ger\u00e7ekle\u015ftirilen bir i\u015flemdir. Uygulanan ya\u011f\u0131n bir k\u0131sm\u0131 v\u00fccut taraf\u0131ndan do\u011fal s\u00fcre\u00e7te emilirken, kalan k\u0131sm\u0131 kal\u0131c\u0131 hale gelir. Bu y\u00fczden i\u015flemin kal\u0131c\u0131l\u0131\u011f\u0131, enjekte edilen ya\u011f\u0131n ne kadar\u0131n\u0131n tutundu\u011funa ba\u011fl\u0131d\u0131r. \u0130lk birka\u00e7 ay i\u00e7inde g\u00f6zle g\u00f6r\u00fcl\u00fcr bir hacim azalmas\u0131 ya\u015fanabilir, bu, i\u015flemin etkisiz oldu\u011fu anlam\u0131na gelmez. Ya\u011f\u0131n tutundu\u011fu oran, ki\u015finin v\u00fccut yap\u0131s\u0131, ya\u015fam tarz\u0131 ve iyile\u015fme s\u00fcrecine g\u00f6sterdi\u011fi \u00f6zenle do\u011frudan ili\u015fkilidir. Baz\u0131 durumlarda istenen dolgunluk elde edilmedi\u011finde, ek seanslarla destekleme yap\u0131lmas\u0131 tercih edilebilir.<\/p>\n\n\n\n<h2 class=\"wp-block-heading\"><a><\/a>Meme esteti\u011finden sonra emzirmek m\u00fcmk\u00fcn m\u00fc?<\/h2>\n\n\n\n<p>Meme esteti\u011fi yapt\u0131rmak isteyen kad\u0131nlar\u0131n en s\u0131k sordu\u011fu sorulardan biri emzirmeye engel olup olmayaca\u011f\u0131d\u0131r. Bu konuda net bir cevap verebilmek i\u00e7in hangi t\u00fcr estetik i\u015flemin uyguland\u0131\u011f\u0131 \u00f6nemlidir. \u00d6zellikle meme dokusuna ve s\u00fct kanallar\u0131na zarar vermeden, kas alt\u0131na yerle\u015ftirilen silikon protezler genellikle emzirmeyi etkilemez. Meme k\u00fc\u00e7\u00fcltme ya da dikle\u015ftirme gibi i\u015flemlerde ise s\u00fct kanallar\u0131n\u0131n durumu, uygulanan teknikle birlikte de\u011ferlendirilmelidir. Tecr\u00fcbeli bir cerrah taraf\u0131ndan yap\u0131lan operasyonlarda emzirme fonksiyonunun korunmas\u0131na \u00f6zen g\u00f6sterilir. Dolay\u0131s\u0131yla do\u011fru cerrah tercihi ve uygun teknikle, meme esteti\u011fi sonras\u0131 emzirme \u00e7o\u011fu durumda m\u00fcmk\u00fcnd\u00fcr.<\/p>\n\n\n\n<h2 class=\"wp-block-heading\"><a><\/a>Estetik ameliyat sonras\u0131 hemen eski hayata d\u00f6n\u00fclebilir mi?<\/h2>\n\n\n\n<p>Estetik operasyonlar sonras\u0131 iyile\u015fme s\u00fcreci, yap\u0131lan i\u015fleme ve ki\u015finin genel sa\u011fl\u0131k durumuna g\u00f6re de\u011fi\u015fkenlik g\u00f6sterir. K\u00fc\u00e7\u00fck m\u00fcdahaleler sonras\u0131 g\u00fcnl\u00fck hayata d\u00f6n\u00fc\u015f birka\u00e7 g\u00fcn i\u00e7inde m\u00fcmk\u00fcn olabiliyorken, daha kapsaml\u0131 v\u00fccut esteti\u011fi i\u015flemlerinde bu s\u00fcre uzayabilir. \u0130lk g\u00fcnlerde dinlenme, hareket k\u0131s\u0131tlamalar\u0131 ve baz\u0131 b\u00f6lgelere \u00f6zel bak\u0131m gerekebilir. Bununla birlikte estetikten beklenen sonucun en iyi \u015fekilde ortaya \u00e7\u0131kmas\u0131 i\u00e7in sab\u0131rl\u0131 olunmas\u0131 ve \u00f6nerilere eksiksiz uyulmas\u0131 b\u00fcy\u00fck \u00f6nem ta\u015f\u0131r. Estetik bir d\u00f6n\u00fc\u015f\u00fcm yaln\u0131zca fiziksel de\u011fil, ayn\u0131 zamanda iyile\u015fme s\u00fcreciyle birlikte gelen bir adaptasyon s\u00fcrecidir.<\/p>\n\n\n\n<h2 class=\"wp-block-heading\">Kesi \u0130zleri hep belirgin kal\u0131r m\u0131?<\/h2>\n\n\n\n<p>Estetik i\u015flemlerde olu\u015fabilecek kesi izleri, bir\u00e7ok ki\u015fi i\u00e7in h\u00e2l\u00e2 \u00f6nemli bir endi\u015fe kayna\u011f\u0131d\u0131r. Fakat modern cerrahi tekniklerle yap\u0131lan estetik i\u015flemlerde, kesiler genellikle do\u011fal deri \u00e7izgilerine ya da kolayca gizlenebilecek b\u00f6lgelere yerle\u015ftirilir. \u0130lk aylarda daha belirgin olan bu izler, zamanla silikle\u015fir ve cilt rengine uyum sa\u011flayarak fark edilirli\u011fini b\u00fcy\u00fck \u00f6l\u00e7\u00fcde kaybeder. Cilt tipi, genetik yap\u0131, yara bak\u0131m\u0131na g\u00f6sterilen \u00f6zen ve doktorun \u00f6nerilerine uyum, izlerin g\u00f6r\u00fcn\u00fcm\u00fcnde belirleyici rol oynar. Gerekli durumlarda, izlerin daha az fark edilir olmas\u0131 i\u00e7in leke giderici kremler ya da medikal destekler de uygulanabilir.<\/p>\n\n\n\n<h2 class=\"wp-block-heading\"><a><\/a>V\u00fccut esteti\u011fi do\u011fall\u0131\u011f\u0131 bozar m\u0131?<\/h2>\n\n\n\n<p>V\u00fccut esteti\u011fi denildi\u011finde bir\u00e7ok ki\u015finin akl\u0131nda \u201cacaba do\u011fall\u0131\u011f\u0131m\u0131 kaybeder miyim?\u201d sorusu belirir. Bu endi\u015fe, \u00e7o\u011funlukla ge\u00e7mi\u015fteki abart\u0131l\u0131 uygulamalar\u0131n yaratt\u0131\u011f\u0131 olumsuz alg\u0131lardan kaynaklan\u0131r. Oysa g\u00fcn\u00fcm\u00fczde estetik cerrahi, ki\u015finin v\u00fccut yap\u0131s\u0131n\u0131 dikkate alarak daha orant\u0131l\u0131, dengeli ve do\u011fal sonu\u00e7lar elde etmeyi hedefler. \u0130yi planlanm\u0131\u015f bir operasyon, ki\u015finin mevcut hatlar\u0131n\u0131 bozmadan, onlar\u0131 destekleyici \u015fekilde yeniden \u015fekillendirir. Do\u011fall\u0131\u011f\u0131 kaybetmek de\u011fil, aksine ki\u015finin kendine en \u00e7ok yak\u0131\u015fan formu bulmas\u0131na yard\u0131mc\u0131 olmak, v\u00fccut esteti\u011finin esas amac\u0131d\u0131r.<\/p>\n\n\n\n<h2 class=\"wp-block-heading\"><a><\/a>Yaz aylar\u0131nda estetik ameliyat yap\u0131labilir mi?<\/h2>\n\n\n\n<p>Estetik ameliyatlar\u0131n yaz aylar\u0131nda yap\u0131lmas\u0131n\u0131n sak\u0131ncal\u0131 oldu\u011fu y\u00f6n\u00fcnde yayg\u0131n bir inan\u0131\u015f vard\u0131r. Oysa do\u011fru ko\u015fullar sa\u011fland\u0131\u011f\u0131nda ve ameliyat sonras\u0131 bak\u0131m kurallar\u0131na dikkat edildi\u011finde yaz mevsimi, bir\u00e7ok estetik i\u015flem i\u00e7in uygun bir d\u00f6nem olabilir. Bu s\u00fcre\u00e7te dikkat edilmesi gereken en \u00f6nemli noktalardan biri g\u00fcne\u015f \u0131\u015f\u0131\u011f\u0131na maruziyettir. \u00d6zellikle kesi izlerinin do\u011frudan g\u00fcne\u015fle temas etmesi, izlerin belirginle\u015fmesine neden olabilir. Terleme, deniz ve havuz gibi fakt\u00f6rler de iyile\u015fme s\u00fcrecinde hassasiyet gerektirir. Bu nedenle yaz aylar\u0131nda estetik yapt\u0131rmay\u0131 d\u00fc\u015f\u00fcnenlerin, iyile\u015fme d\u00f6nemini daha kontroll\u00fc ge\u00e7irmeleri ve cerrahlar\u0131n\u0131n \u00f6nerilerine birebir uymalar\u0131 b\u00fcy\u00fck \u00f6nem ta\u015f\u0131r.<\/p>\n\n\n\n<p><strong>\u0130LET\u0130\u015e\u0130M B\u0130LG\u0130LER\u0130<\/strong><\/p>\n\n\n\n<p><strong>Do\u00e7. Dr. Sedar Tatar Klini\u011fi<\/strong><\/p>\n\n\n\n<p><strong>Telefon No :&nbsp;<\/strong><a href=\"tel:+90%20(555)%20100%2010%2083\">+90 (555) 100 10 83<\/a><br><strong>\u0130leti\u015fim Linki :&nbsp;<\/strong><a href=\"mailto:info@drsedattatar.com\">info@drsedattatar.com<\/a><br><strong>Adres :&nbsp;<\/strong>Levent Mahallesi, Karanfil Aral\u0131\u011f\u0131 Caddesi No: 18 Be\u015fikta\u015f\/\u0130STANBUL<\/p>\n\n\n\n<p><\/p>\n\n\n<div class=\"kk-star-ratings kksr-auto kksr-align-center kksr-valign-bottom\"\n    data-payload='{&quot;align&quot;:&quot;center&quot;,&quot;id&quot;:&quot;2793&quot;,&quot;slug&quot;:&quot;default&quot;,&quot;valign&quot;:&quot;bottom&quot;,&quot;ignore&quot;:&quot;&quot;,&quot;reference&quot;:&quot;auto&quot;,&quot;class&quot;:&quot;&quot;,&quot;count&quot;:&quot;0&quot;,&quot;legendonly&quot;:&quot;&quot;,&quot;readonly&quot;:&quot;&quot;,&quot;score&quot;:&quot;0&quot;,&quot;starsonly&quot;:&quot;&quot;,&quot;best&quot;:&quot;5&quot;,&quot;gap&quot;:&quot;5&quot;,&quot;greet&quot;:&quot;\u0130\u00e7eri\u011fimizi Oylay\u0131n!&quot;,&quot;legend&quot;:&quot;0\\\/5 - (0 oy verildi!)&quot;,&quot;size&quot;:&quot;24&quot;,&quot;title&quot;:&quot;V\u00fccut Esteti\u011fi Hakk\u0131nda Do\u011fru Bilinen Yanl\u0131\u015flar&quot;,&quot;width&quot;:&quot;0&quot;,&quot;_legend&quot;:&quot;{score}\\\/{best} - ({count} oy verildi!)&quot;,&quot;font_factor&quot;:&quot;1.25&quot;}'>\n            \n<div class=\"kksr-stars\">\n    \n<div class=\"kksr-stars-inactive\">\n            <div class=\"kksr-star\" data-star=\"1\" style=\"padding-right: 5px\">\n            \n\n<div class=\"kksr-icon\" style=\"width: 24px; height: 24px;\"><\/div>\n        <\/div>\n            <div class=\"kksr-star\" data-star=\"2\" style=\"padding-right: 5px\">\n            \n\n<div class=\"kksr-icon\" style=\"width: 24px; height: 24px;\"><\/div>\n        <\/div>\n            <div class=\"kksr-star\" data-star=\"3\" style=\"padding-right: 5px\">\n            \n\n<div class=\"kksr-icon\" style=\"width: 24px; height: 24px;\"><\/div>\n        <\/div>\n            <div class=\"kksr-star\" data-star=\"4\" style=\"padding-right: 5px\">\n            \n\n<div class=\"kksr-icon\" style=\"width: 24px; height: 24px;\"><\/div>\n        <\/div>\n            <div class=\"kksr-star\" data-star=\"5\" style=\"padding-right: 5px\">\n            \n\n<div class=\"kksr-icon\" style=\"width: 24px; height: 24px;\"><\/div>\n        <\/div>\n    <\/div>\n    \n<div class=\"kksr-stars-active\" style=\"width: 0px;\">\n            <div class=\"kksr-star\" style=\"padding-right: 5px\">\n            \n\n<div class=\"kksr-icon\" style=\"width: 24px; height: 24px;\"><\/div>\n        <\/div>\n            <div class=\"kksr-star\" style=\"padding-right: 5px\">\n            \n\n<div class=\"kksr-icon\" style=\"width: 24px; height: 24px;\"><\/div>\n        <\/div>\n            <div class=\"kksr-star\" style=\"padding-right: 5px\">\n            \n\n<div class=\"kksr-icon\" style=\"width: 24px; height: 24px;\"><\/div>\n        <\/div>\n            <div class=\"kksr-star\" style=\"padding-right: 5px\">\n            \n\n<div class=\"kksr-icon\" style=\"width: 24px; height: 24px;\"><\/div>\n        <\/div>\n            <div class=\"kksr-star\" style=\"padding-right: 5px\">\n            \n\n<div class=\"kksr-icon\" style=\"width: 24px; height: 24px;\"><\/div>\n        <\/div>\n    <\/div>\n<\/div>\n                \n\n<div class=\"kksr-legend\" style=\"font-size: 19.2px;\">\n            <span class=\"kksr-muted\">\u0130\u00e7eri\u011fimizi Oylay\u0131n!<\/span>\n    <\/div>\n    <\/div>\n","protected":false},"excerpt":{"rendered":"<p>V\u00fccut esteti\u011fi denince akla hemen b\u0131\u00e7ak alt\u0131na yatmak, yapay bir g\u00f6r\u00fcn\u00fcm ya da abart\u0131l\u0131 de\u011fi\u015fimler geliyor olabilir. Oysa i\u015fin asl\u0131 hi\u00e7 de \u00f6yle de\u011fil. G\u00fcn\u00fcm\u00fczde estetik cerrahi, ki\u015finin kendini daha iyi hissetmesini, aynaya her bakt\u0131\u011f\u0131nda i\u00e7ten bir g\u00fcl\u00fcmsemeyle kar\u015f\u0131la\u015fmas\u0131n\u0131 sa\u011flayan bir destek s\u00fcreci. Ki\u015filer, kulaktan dolma bilgiler nedeniyle bu konuda zaman zaman kafa kar\u0131\u015f\u0131kl\u0131\u011f\u0131 ya\u015fayabiliyor. \u0130\u015fte bu yaz\u0131m\u0131zda v\u00fccut esteti\u011fi hakk\u0131nda do\u011fru bildi\u011fimiz yanl\u0131\u015flar\u0131 birlikte g\u00f6zden ge\u00e7iriyoruz.<\/p>\n","protected":false},"author":1,"featured_media":2794,"comment_status":"closed","ping_status":"open","sticky":false,"template":"","format":"standard","meta":{"_kad_blocks_custom_css":"","_kad_blocks_head_custom_js":"","_kad_blocks_body_custom_js":"","_kad_blocks_footer_custom_js":"","_kadence_starter_templates_imported_post":false,"_kad_post_transparent":"","_kad_post_title":"","_kad_post_layout":"","_kad_post_sidebar_id":"","_kad_post_content_style":"","_kad_post_vertical_padding":"","_kad_post_feature":"","_kad_post_feature_position":"","_kad_post_header":false,"_kad_post_footer":false,"footnotes":""},"categories":[14],"tags":[],"class_list":["post-2793","post","type-post","status-publish","format-standard","has-post-thumbnail","hentry","category-plastik-cerrahi-blog"],"yoast_head":"<!-- This site is optimized with the Yoast SEO plugin v25.9 - https:\/\/yoast.com\/wordpress\/plugins\/seo\/ -->\n<title>V\u00fccut Esteti\u011fi Hakk\u0131nda Do\u011fru Bilinen Yanl\u0131\u015flar - \u0130stanbul Estetik, Plastik ve Rekonstr\u00fcktif Cerrahi - Do\u00e7. Dr. Sedat Tatar<\/title>\n<meta name=\"description\" content=\"V\u00fccut esteti\u011fi sonras\u0131 dikkat edilmesi gerekenler ve s\u0131k yap\u0131lan hatalar: Kal\u0131c\u0131l\u0131k s\u00fcresi, do\u011fall\u0131k alg\u0131s\u0131 ve ameliyat sonras\u0131 ya\u015fam hakk\u0131nda her \u015fey.\" \/>\n<meta name=\"robots\" content=\"index, follow, max-snippet:-1, max-image-preview:large, max-video-preview:-1\" \/>\n<link rel=\"canonical\" href=\"https:\/\/drsedattatar.com\/tr\/vucut-estetigi-hakkinda-dogru-bilinen-yanlislar\/\" \/>\n<meta property=\"og:locale\" content=\"tr_TR\" \/>\n<meta property=\"og:type\" content=\"article\" \/>\n<meta property=\"og:title\" content=\"V\u00fccut Esteti\u011fi Hakk\u0131nda Do\u011fru Bilinen Yanl\u0131\u015flar - \u0130stanbul Estetik, Plastik ve Rekonstr\u00fcktif Cerrahi - Do\u00e7. Dr. Sedat Tatar\" \/>\n<meta property=\"og:description\" content=\"V\u00fccut esteti\u011fi sonras\u0131 dikkat edilmesi gerekenler ve s\u0131k yap\u0131lan hatalar: Kal\u0131c\u0131l\u0131k s\u00fcresi, do\u011fall\u0131k alg\u0131s\u0131 ve ameliyat sonras\u0131 ya\u015fam hakk\u0131nda her \u015fey.\" \/>\n<meta property=\"og:url\" content=\"https:\/\/drsedattatar.com\/tr\/vucut-estetigi-hakkinda-dogru-bilinen-yanlislar\/\" \/>\n<meta property=\"og:site_name\" content=\"\u0130stanbul Estetik, Plastik ve Rekonstr\u00fcktif Cerrahi - Do\u00e7. Dr. Sedat Tatar\" \/>\n<meta property=\"article:published_time\" content=\"2025-06-13T13:01:17+00:00\" \/>\n<meta property=\"article:modified_time\" content=\"2025-06-17T09:31:48+00:00\" \/>\n<meta property=\"og:image\" content=\"https:\/\/drsedattatar.com\/tr\/wp-content\/uploads\/2025\/06\/15-Kapak-TR.jpg\" \/>\n\t<meta property=\"og:image:width\" content=\"1920\" \/>\n\t<meta property=\"og:image:height\" content=\"1080\" \/>\n\t<meta property=\"og:image:type\" content=\"image\/jpeg\" \/>\n<meta name=\"author\" content=\"Sedat Tatar\" \/>\n<meta name=\"twitter:card\" content=\"summary_large_image\" \/>\n<meta name=\"twitter:label1\" content=\"Yazan:\" \/>\n\t<meta name=\"twitter:data1\" content=\"Sedat Tatar\" \/>\n\t<meta name=\"twitter:label2\" content=\"Tahmini okuma s\u00fcresi\" \/>\n\t<meta name=\"twitter:data2\" content=\"7 dakika\" \/>\n<script type=\"application\/ld+json\" class=\"yoast-schema-graph\">{\"@context\":\"https:\/\/schema.org\",\"@graph\":[{\"@type\":\"Article\",\"@id\":\"https:\/\/drsedattatar.com\/tr\/vucut-estetigi-hakkinda-dogru-bilinen-yanlislar\/#article\",\"isPartOf\":{\"@id\":\"https:\/\/drsedattatar.com\/tr\/vucut-estetigi-hakkinda-dogru-bilinen-yanlislar\/\"},\"author\":{\"name\":\"Sedat Tatar\",\"@id\":\"https:\/\/drsedattatar.com\/tr\/#\/schema\/person\/aa22f82cb49cf6b0e8e4c2fdd472308a\"},\"headline\":\"V\u00fccut Esteti\u011fi Hakk\u0131nda Do\u011fru Bilinen Yanl\u0131\u015flar\",\"datePublished\":\"2025-06-13T13:01:17+00:00\",\"dateModified\":\"2025-06-17T09:31:48+00:00\",\"mainEntityOfPage\":{\"@id\":\"https:\/\/drsedattatar.com\/tr\/vucut-estetigi-hakkinda-dogru-bilinen-yanlislar\/\"},\"wordCount\":1610,\"publisher\":{\"@id\":\"https:\/\/drsedattatar.com\/tr\/#organization\"},\"image\":{\"@id\":\"https:\/\/drsedattatar.com\/tr\/vucut-estetigi-hakkinda-dogru-bilinen-yanlislar\/#primaryimage\"},\"thumbnailUrl\":\"https:\/\/drsedattatar.com\/tr\/wp-content\/uploads\/2025\/06\/15-Kapak-TR.jpg\",\"articleSection\":[\"Plastik Cerrahi Blog\"],\"inLanguage\":\"tr\"},{\"@type\":\"WebPage\",\"@id\":\"https:\/\/drsedattatar.com\/tr\/vucut-estetigi-hakkinda-dogru-bilinen-yanlislar\/\",\"url\":\"https:\/\/drsedattatar.com\/tr\/vucut-estetigi-hakkinda-dogru-bilinen-yanlislar\/\",\"name\":\"V\u00fccut Esteti\u011fi Hakk\u0131nda Do\u011fru Bilinen Yanl\u0131\u015flar - \u0130stanbul Estetik, Plastik ve Rekonstr\u00fcktif Cerrahi - Do\u00e7. Dr. Sedat Tatar\",\"isPartOf\":{\"@id\":\"https:\/\/drsedattatar.com\/tr\/#website\"},\"primaryImageOfPage\":{\"@id\":\"https:\/\/drsedattatar.com\/tr\/vucut-estetigi-hakkinda-dogru-bilinen-yanlislar\/#primaryimage\"},\"image\":{\"@id\":\"https:\/\/drsedattatar.com\/tr\/vucut-estetigi-hakkinda-dogru-bilinen-yanlislar\/#primaryimage\"},\"thumbnailUrl\":\"https:\/\/drsedattatar.com\/tr\/wp-content\/uploads\/2025\/06\/15-Kapak-TR.jpg\",\"datePublished\":\"2025-06-13T13:01:17+00:00\",\"dateModified\":\"2025-06-17T09:31:48+00:00\",\"description\":\"V\u00fccut esteti\u011fi sonras\u0131 dikkat edilmesi gerekenler ve s\u0131k yap\u0131lan hatalar: Kal\u0131c\u0131l\u0131k s\u00fcresi, do\u011fall\u0131k alg\u0131s\u0131 ve ameliyat sonras\u0131 ya\u015fam hakk\u0131nda her \u015fey.\",\"breadcrumb\":{\"@id\":\"https:\/\/drsedattatar.com\/tr\/vucut-estetigi-hakkinda-dogru-bilinen-yanlislar\/#breadcrumb\"},\"inLanguage\":\"tr\",\"potentialAction\":[{\"@type\":\"ReadAction\",\"target\":[\"https:\/\/drsedattatar.com\/tr\/vucut-estetigi-hakkinda-dogru-bilinen-yanlislar\/\"]}]},{\"@type\":\"ImageObject\",\"inLanguage\":\"tr\",\"@id\":\"https:\/\/drsedattatar.com\/tr\/vucut-estetigi-hakkinda-dogru-bilinen-yanlislar\/#primaryimage\",\"url\":\"https:\/\/drsedattatar.com\/tr\/wp-content\/uploads\/2025\/06\/15-Kapak-TR.jpg\",\"contentUrl\":\"https:\/\/drsedattatar.com\/tr\/wp-content\/uploads\/2025\/06\/15-Kapak-TR.jpg\",\"width\":1920,\"height\":1080},{\"@type\":\"BreadcrumbList\",\"@id\":\"https:\/\/drsedattatar.com\/tr\/vucut-estetigi-hakkinda-dogru-bilinen-yanlislar\/#breadcrumb\",\"itemListElement\":[{\"@type\":\"ListItem\",\"position\":1,\"name\":\"Anasayfa\",\"item\":\"https:\/\/drsedattatar.com\/tr\/\"},{\"@type\":\"ListItem\",\"position\":2,\"name\":\"V\u00fccut Esteti\u011fi Hakk\u0131nda Do\u011fru Bilinen Yanl\u0131\u015flar\"}]},{\"@type\":\"WebSite\",\"@id\":\"https:\/\/drsedattatar.com\/tr\/#website\",\"url\":\"https:\/\/drsedattatar.com\/tr\/\",\"name\":\"\u0130stanbul Estetik, Plastik ve Rekonstr\u00fcktif Cerrahi - Do\u00e7. Dr. Sedat Tatar\",\"description\":\"\u0130stanbul Estetik, Plastik ve Rekonstr\u00fcktif Cerrahi alan\u0131nda deneyimli Do\u00e7. Dr. Sedat Tatar ile hayallerinizi ger\u00e7e\u011fe d\u00f6n\u00fc\u015ft\u00fcr\u00fcn ve kendinizi en iyi \u015fekilde hissedin.\",\"publisher\":{\"@id\":\"https:\/\/drsedattatar.com\/tr\/#organization\"},\"potentialAction\":[{\"@type\":\"SearchAction\",\"target\":{\"@type\":\"EntryPoint\",\"urlTemplate\":\"https:\/\/drsedattatar.com\/tr\/?s={search_term_string}\"},\"query-input\":{\"@type\":\"PropertyValueSpecification\",\"valueRequired\":true,\"valueName\":\"search_term_string\"}}],\"inLanguage\":\"tr\"},{\"@type\":\"Organization\",\"@id\":\"https:\/\/drsedattatar.com\/tr\/#organization\",\"name\":\"\u0130stanbul Estetik, Plastik ve Rekonstr\u00fcktif Cerrahi - Do\u00e7. Dr. Sedat Tatar\",\"url\":\"https:\/\/drsedattatar.com\/tr\/\",\"logo\":{\"@type\":\"ImageObject\",\"inLanguage\":\"tr\",\"@id\":\"https:\/\/drsedattatar.com\/tr\/#\/schema\/logo\/image\/\",\"url\":\"https:\/\/drsedattatar.com\/tr\/wp-content\/uploads\/2023\/06\/cropped-cropped-cropped-dr-sedat-tatar-estetik-plastik-logo.webp\",\"contentUrl\":\"https:\/\/drsedattatar.com\/tr\/wp-content\/uploads\/2023\/06\/cropped-cropped-cropped-dr-sedat-tatar-estetik-plastik-logo.webp\",\"width\":1505,\"height\":602,\"caption\":\"\u0130stanbul Estetik, Plastik ve Rekonstr\u00fcktif Cerrahi - Do\u00e7. Dr. Sedat Tatar\"},\"image\":{\"@id\":\"https:\/\/drsedattatar.com\/tr\/#\/schema\/logo\/image\/\"}},{\"@type\":\"Person\",\"@id\":\"https:\/\/drsedattatar.com\/tr\/#\/schema\/person\/aa22f82cb49cf6b0e8e4c2fdd472308a\",\"name\":\"Sedat Tatar\",\"image\":{\"@type\":\"ImageObject\",\"inLanguage\":\"tr\",\"@id\":\"https:\/\/drsedattatar.com\/tr\/#\/schema\/person\/image\/\",\"url\":\"https:\/\/secure.gravatar.com\/avatar\/dea798d972982cc67ccc601a56275438ae42ec5d4557bb1f2fb426553e72d1a1?s=96&d=mm&r=g\",\"contentUrl\":\"https:\/\/secure.gravatar.com\/avatar\/dea798d972982cc67ccc601a56275438ae42ec5d4557bb1f2fb426553e72d1a1?s=96&d=mm&r=g\",\"caption\":\"Sedat Tatar\"},\"sameAs\":[\"http:\/\/drsedattatar.com\/tr\"],\"url\":\"https:\/\/drsedattatar.com\/tr\/author\/admin\/\"}]}<\/script>\n<!-- \/ Yoast SEO plugin. -->","yoast_head_json":{"title":"V\u00fccut Esteti\u011fi Hakk\u0131nda Do\u011fru Bilinen Yanl\u0131\u015flar - \u0130stanbul Estetik, Plastik ve Rekonstr\u00fcktif Cerrahi - Do\u00e7. Dr. Sedat Tatar","description":"V\u00fccut esteti\u011fi sonras\u0131 dikkat edilmesi gerekenler ve s\u0131k yap\u0131lan hatalar: Kal\u0131c\u0131l\u0131k s\u00fcresi, do\u011fall\u0131k alg\u0131s\u0131 ve ameliyat sonras\u0131 ya\u015fam hakk\u0131nda her \u015fey.","robots":{"index":"index","follow":"follow","max-snippet":"max-snippet:-1","max-image-preview":"max-image-preview:large","max-video-preview":"max-video-preview:-1"},"canonical":"https:\/\/drsedattatar.com\/tr\/vucut-estetigi-hakkinda-dogru-bilinen-yanlislar\/","og_locale":"tr_TR","og_type":"article","og_title":"V\u00fccut Esteti\u011fi Hakk\u0131nda Do\u011fru Bilinen Yanl\u0131\u015flar - \u0130stanbul Estetik, Plastik ve Rekonstr\u00fcktif Cerrahi - Do\u00e7. Dr. Sedat Tatar","og_description":"V\u00fccut esteti\u011fi sonras\u0131 dikkat edilmesi gerekenler ve s\u0131k yap\u0131lan hatalar: Kal\u0131c\u0131l\u0131k s\u00fcresi, do\u011fall\u0131k alg\u0131s\u0131 ve ameliyat sonras\u0131 ya\u015fam hakk\u0131nda her \u015fey.","og_url":"https:\/\/drsedattatar.com\/tr\/vucut-estetigi-hakkinda-dogru-bilinen-yanlislar\/","og_site_name":"\u0130stanbul Estetik, Plastik ve Rekonstr\u00fcktif Cerrahi - Do\u00e7. Dr. Sedat Tatar","article_published_time":"2025-06-13T13:01:17+00:00","article_modified_time":"2025-06-17T09:31:48+00:00","og_image":[{"width":1920,"height":1080,"url":"https:\/\/drsedattatar.com\/tr\/wp-content\/uploads\/2025\/06\/15-Kapak-TR.jpg","type":"image\/jpeg"}],"author":"Sedat Tatar","twitter_card":"summary_large_image","twitter_misc":{"Yazan:":"Sedat Tatar","Tahmini okuma s\u00fcresi":"7 dakika"},"schema":{"@context":"https:\/\/schema.org","@graph":[{"@type":"Article","@id":"https:\/\/drsedattatar.com\/tr\/vucut-estetigi-hakkinda-dogru-bilinen-yanlislar\/#article","isPartOf":{"@id":"https:\/\/drsedattatar.com\/tr\/vucut-estetigi-hakkinda-dogru-bilinen-yanlislar\/"},"author":{"name":"Sedat Tatar","@id":"https:\/\/drsedattatar.com\/tr\/#\/schema\/person\/aa22f82cb49cf6b0e8e4c2fdd472308a"},"headline":"V\u00fccut Esteti\u011fi Hakk\u0131nda Do\u011fru Bilinen Yanl\u0131\u015flar","datePublished":"2025-06-13T13:01:17+00:00","dateModified":"2025-06-17T09:31:48+00:00","mainEntityOfPage":{"@id":"https:\/\/drsedattatar.com\/tr\/vucut-estetigi-hakkinda-dogru-bilinen-yanlislar\/"},"wordCount":1610,"publisher":{"@id":"https:\/\/drsedattatar.com\/tr\/#organization"},"image":{"@id":"https:\/\/drsedattatar.com\/tr\/vucut-estetigi-hakkinda-dogru-bilinen-yanlislar\/#primaryimage"},"thumbnailUrl":"https:\/\/drsedattatar.com\/tr\/wp-content\/uploads\/2025\/06\/15-Kapak-TR.jpg","articleSection":["Plastik Cerrahi Blog"],"inLanguage":"tr"},{"@type":"WebPage","@id":"https:\/\/drsedattatar.com\/tr\/vucut-estetigi-hakkinda-dogru-bilinen-yanlislar\/","url":"https:\/\/drsedattatar.com\/tr\/vucut-estetigi-hakkinda-dogru-bilinen-yanlislar\/","name":"V\u00fccut Esteti\u011fi Hakk\u0131nda Do\u011fru Bilinen Yanl\u0131\u015flar - \u0130stanbul Estetik, Plastik ve Rekonstr\u00fcktif Cerrahi - Do\u00e7. Dr. Sedat Tatar","isPartOf":{"@id":"https:\/\/drsedattatar.com\/tr\/#website"},"primaryImageOfPage":{"@id":"https:\/\/drsedattatar.com\/tr\/vucut-estetigi-hakkinda-dogru-bilinen-yanlislar\/#primaryimage"},"image":{"@id":"https:\/\/drsedattatar.com\/tr\/vucut-estetigi-hakkinda-dogru-bilinen-yanlislar\/#primaryimage"},"thumbnailUrl":"https:\/\/drsedattatar.com\/tr\/wp-content\/uploads\/2025\/06\/15-Kapak-TR.jpg","datePublished":"2025-06-13T13:01:17+00:00","dateModified":"2025-06-17T09:31:48+00:00","description":"V\u00fccut esteti\u011fi sonras\u0131 dikkat edilmesi gerekenler ve s\u0131k yap\u0131lan hatalar: Kal\u0131c\u0131l\u0131k s\u00fcresi, do\u011fall\u0131k alg\u0131s\u0131 ve ameliyat sonras\u0131 ya\u015fam hakk\u0131nda her \u015fey.","breadcrumb":{"@id":"https:\/\/drsedattatar.com\/tr\/vucut-estetigi-hakkinda-dogru-bilinen-yanlislar\/#breadcrumb"},"inLanguage":"tr","potentialAction":[{"@type":"ReadAction","target":["https:\/\/drsedattatar.com\/tr\/vucut-estetigi-hakkinda-dogru-bilinen-yanlislar\/"]}]},{"@type":"ImageObject","inLanguage":"tr","@id":"https:\/\/drsedattatar.com\/tr\/vucut-estetigi-hakkinda-dogru-bilinen-yanlislar\/#primaryimage","url":"https:\/\/drsedattatar.com\/tr\/wp-content\/uploads\/2025\/06\/15-Kapak-TR.jpg","contentUrl":"https:\/\/drsedattatar.com\/tr\/wp-content\/uploads\/2025\/06\/15-Kapak-TR.jpg","width":1920,"height":1080},{"@type":"BreadcrumbList","@id":"https:\/\/drsedattatar.com\/tr\/vucut-estetigi-hakkinda-dogru-bilinen-yanlislar\/#breadcrumb","itemListElement":[{"@type":"ListItem","position":1,"name":"Anasayfa","item":"https:\/\/drsedattatar.com\/tr\/"},{"@type":"ListItem","position":2,"name":"V\u00fccut Esteti\u011fi Hakk\u0131nda Do\u011fru Bilinen Yanl\u0131\u015flar"}]},{"@type":"WebSite","@id":"https:\/\/drsedattatar.com\/tr\/#website","url":"https:\/\/drsedattatar.com\/tr\/","name":"\u0130stanbul Estetik, Plastik ve Rekonstr\u00fcktif Cerrahi - Do\u00e7. Dr. Sedat Tatar","description":"\u0130stanbul Estetik, Plastik ve Rekonstr\u00fcktif Cerrahi alan\u0131nda deneyimli Do\u00e7. Dr. Sedat Tatar ile hayallerinizi ger\u00e7e\u011fe d\u00f6n\u00fc\u015ft\u00fcr\u00fcn ve kendinizi en iyi \u015fekilde hissedin.","publisher":{"@id":"https:\/\/drsedattatar.com\/tr\/#organization"},"potentialAction":[{"@type":"SearchAction","target":{"@type":"EntryPoint","urlTemplate":"https:\/\/drsedattatar.com\/tr\/?s={search_term_string}"},"query-input":{"@type":"PropertyValueSpecification","valueRequired":true,"valueName":"search_term_string"}}],"inLanguage":"tr"},{"@type":"Organization","@id":"https:\/\/drsedattatar.com\/tr\/#organization","name":"\u0130stanbul Estetik, Plastik ve Rekonstr\u00fcktif Cerrahi - Do\u00e7. Dr. Sedat Tatar","url":"https:\/\/drsedattatar.com\/tr\/","logo":{"@type":"ImageObject","inLanguage":"tr","@id":"https:\/\/drsedattatar.com\/tr\/#\/schema\/logo\/image\/","url":"https:\/\/drsedattatar.com\/tr\/wp-content\/uploads\/2023\/06\/cropped-cropped-cropped-dr-sedat-tatar-estetik-plastik-logo.webp","contentUrl":"https:\/\/drsedattatar.com\/tr\/wp-content\/uploads\/2023\/06\/cropped-cropped-cropped-dr-sedat-tatar-estetik-plastik-logo.webp","width":1505,"height":602,"caption":"\u0130stanbul Estetik, Plastik ve Rekonstr\u00fcktif Cerrahi - Do\u00e7. Dr. Sedat Tatar"},"image":{"@id":"https:\/\/drsedattatar.com\/tr\/#\/schema\/logo\/image\/"}},{"@type":"Person","@id":"https:\/\/drsedattatar.com\/tr\/#\/schema\/person\/aa22f82cb49cf6b0e8e4c2fdd472308a","name":"Sedat Tatar","image":{"@type":"ImageObject","inLanguage":"tr","@id":"https:\/\/drsedattatar.com\/tr\/#\/schema\/person\/image\/","url":"https:\/\/secure.gravatar.com\/avatar\/dea798d972982cc67ccc601a56275438ae42ec5d4557bb1f2fb426553e72d1a1?s=96&d=mm&r=g","contentUrl":"https:\/\/secure.gravatar.com\/avatar\/dea798d972982cc67ccc601a56275438ae42ec5d4557bb1f2fb426553e72d1a1?s=96&d=mm&r=g","caption":"Sedat Tatar"},"sameAs":["http:\/\/drsedattatar.com\/tr"],"url":"https:\/\/drsedattatar.com\/tr\/author\/admin\/"}]}},"taxonomy_info":{"category":[{"value":14,"label":"Plastik Cerrahi Blog"}]},"featured_image_src_large":["https:\/\/drsedattatar.com\/tr\/wp-content\/uploads\/2025\/06\/15-Kapak-TR-1024x576.jpg",1024,576,true],"author_info":{"display_name":"Sedat Tatar","author_link":"https:\/\/drsedattatar.com\/tr\/author\/admin\/"},"comment_info":0,"category_info":[{"term_id":14,"name":"Plastik Cerrahi Blog","slug":"plastik-cerrahi-blog","term_group":0,"term_taxonomy_id":14,"taxonomy":"category","description":"","parent":0,"count":155,"filter":"raw","cat_ID":14,"category_count":155,"category_description":"","cat_name":"Plastik Cerrahi Blog","category_nicename":"plastik-cerrahi-blog","category_parent":0}],"tag_info":false,"_links":{"self":[{"href":"https:\/\/drsedattatar.com\/tr\/wp-json\/wp\/v2\/posts\/2793","targetHints":{"allow":["GET"]}}],"collection":[{"href":"https:\/\/drsedattatar.com\/tr\/wp-json\/wp\/v2\/posts"}],"about":[{"href":"https:\/\/drsedattatar.com\/tr\/wp-json\/wp\/v2\/types\/post"}],"author":[{"embeddable":true,"href":"https:\/\/drsedattatar.com\/tr\/wp-json\/wp\/v2\/users\/1"}],"replies":[{"embeddable":true,"href":"https:\/\/drsedattatar.com\/tr\/wp-json\/wp\/v2\/comments?post=2793"}],"version-history":[{"count":4,"href":"https:\/\/drsedattatar.com\/tr\/wp-json\/wp\/v2\/posts\/2793\/revisions"}],"predecessor-version":[{"id":2801,"href":"https:\/\/drsedattatar.com\/tr\/wp-json\/wp\/v2\/posts\/2793\/revisions\/2801"}],"wp:featuredmedia":[{"embeddable":true,"href":"https:\/\/drsedattatar.com\/tr\/wp-json\/wp\/v2\/media\/2794"}],"wp:attachment":[{"href":"https:\/\/drsedattatar.com\/tr\/wp-json\/wp\/v2\/media?parent=2793"}],"wp:term":[{"taxonomy":"category","embeddable":true,"href":"https:\/\/drsedattatar.com\/tr\/wp-json\/wp\/v2\/categories?post=2793"},{"taxonomy":"post_tag","embeddable":true,"href":"https:\/\/drsedattatar.com\/tr\/wp-json\/wp\/v2\/tags?post=2793"}],"curies":[{"name":"wp","href":"https:\/\/api.w.org\/{rel}","templated":true}]}}