{"id":2845,"date":"2025-08-19T14:09:38","date_gmt":"2025-08-19T14:09:38","guid":{"rendered":"https:\/\/drsedattatar.com\/tr\/?p=2845"},"modified":"2025-08-19T14:09:40","modified_gmt":"2025-08-19T14:09:40","slug":"annelik-estetigi-icin-en-uygun-zaman-dogumdan-ne-kadar-sonra-olmali","status":"publish","type":"post","link":"https:\/\/drsedattatar.com\/tr\/annelik-estetigi-icin-en-uygun-zaman-dogumdan-ne-kadar-sonra-olmali\/","title":{"rendered":"Annelik esteti\u011fi \u0130\u00e7in en uygun zaman: Do\u011fumdan ne kadar sonra olmal\u0131?"},"content":{"rendered":"\n<p>Hamilelik ve do\u011fum s\u00fcreci, bir kad\u0131n\u0131n bedeninde hem fiziksel hem de duygusal bir\u00e7ok de\u011fi\u015fimi beraberinde getirir. V\u00fccudun do\u011fal ritmine uyum sa\u011flamas\u0131 zaman al\u0131rken, pek \u00e7ok anne bu s\u00fcre\u00e7te aynaya bakt\u0131\u011f\u0131nda kendini eskisi gibi hissetmeyebilir. \u0130\u015fte bu noktada annelik esteti\u011fi \u00f6nerilir. Do\u011fum sonras\u0131 olu\u015fan deformasyonlar\u0131 onarmaya y\u00f6nelik bu estetik m\u00fcdahaleler, kad\u0131nlar\u0131n hem fiziksel hem de psikolojik olarak kendilerini yeniden iyi hissetmelerine yard\u0131mc\u0131 olur. Peki ama bu i\u015flemler i\u00e7in en uygun zaman nedir? V\u00fccut ne zaman haz\u0131r olur? Bu yaz\u0131da, annelik esteti\u011fine dair do\u011fru zamanlamay\u0131 ve dikkat edilmesi gereken \u00f6nemli detaylar\u0131 ele al\u0131yoruz.<\/p>\n\n\n\n<h2 class=\"wp-block-heading\"><a><\/a>Annelik esteti\u011fi nedir?<\/h2>\n\n\n\n<p>Annelik esteti\u011fi, hamilelik ve do\u011fum sonras\u0131 v\u00fccutta meydana gelen kal\u0131c\u0131 fiziksel de\u011fi\u015fimleri d\u00fczeltmeyi ama\u00e7layan kombine estetik i\u015flemlerin genel ad\u0131d\u0131r. Ama\u00e7, annenin do\u011fum \u00f6ncesi formuna kavu\u015fmas\u0131n\u0131 sa\u011flarken \u00f6zg\u00fcvenini de yeniden kazand\u0131rmakt\u0131r. Kar\u0131n sarkmalar\u0131, meme deformasyonlar\u0131, \u00e7atlaklar ve b\u00f6lgesel ya\u011f birikimleri gibi sorunlar, ki\u015fiye \u00f6zel planlanan bu operasyonlarla giderilebilir.<\/p>\n\n\n\n<h2 class=\"wp-block-heading\">Hangi \u0130\u015flemler annelik esteti\u011fine dahildir?<\/h2>\n\n\n\n<p>Bu estetik paketi genellikle birden fazla i\u015flemi kapsar. En yayg\u0131n uygulamalar aras\u0131nda kar\u0131n germe (abdominoplasti), meme dikle\u015ftirme ya da b\u00fcy\u00fctme, liposuction ve genital estetik yer al\u0131r. \u0130htiyaca g\u00f6re \u00e7atlak tedavileri, cilt s\u0131k\u0131la\u015ft\u0131rma veya lazerle cilt yenileme gibi tamamlay\u0131c\u0131 i\u015flemler de dahil edilebilir. Hangi m\u00fcdahalelerin yap\u0131laca\u011f\u0131na, ki\u015finin v\u00fccut yap\u0131s\u0131, \u015fikayetleri ve sa\u011fl\u0131k durumu g\u00f6z \u00f6n\u00fcnde bulundurularak uzman hekim taraf\u0131ndan karar verilir.<\/p>\n\n\n\n<h2 class=\"wp-block-heading\">Annelik esteti\u011fi kimler \u0130\u00e7in uygundur?<\/h2>\n\n\n\n<p>Do\u011fum sonras\u0131 v\u00fccudunda kal\u0131c\u0131 de\u011fi\u015fiklikler ya\u015fayan ve bu durumdan fiziksel ya da psikolojik olarak rahats\u0131zl\u0131k duyan her anne, annelik esteti\u011fi i\u00e7in aday olabilir. \u00d6zellikle kar\u0131n b\u00f6lgesinde gev\u015feme, memelerde \u015fekil kayb\u0131, \u00e7atlaklar ve inat\u00e7\u0131 ya\u011flanma gibi \u015fikayetleri olan ve emzirme s\u00fcrecini tamamlam\u0131\u015f ve genel sa\u011fl\u0131k durumu iyi olan kad\u0131nlar bu i\u015flemlerden g\u00fcvenle faydalanabilir.<\/p>\n\n\n\n<h2 class=\"wp-block-heading\"><a><\/a>Do\u011fumdan ne kadar sonra annelik esteti\u011fi yap\u0131l\u0131r?<\/h2>\n\n\n\n<p>\u0130deal zamanlama i\u00e7in v\u00fccudun do\u011fum sonras\u0131 toparlanmas\u0131n\u0131 tamamlamas\u0131 gerekir. Genellikle do\u011fumdan sonra en az 6 ay, tercihen 1 y\u0131l beklenmesi \u00f6nerilir. Bu s\u00fcre\u00e7te rahmin k\u00fc\u00e7\u00fclmesi, hormonlar\u0131n dengelenmesi ve emzirmenin sona ermi\u015f olmas\u0131 \u00f6nemlidir. \u00d6zellikle meme ve kar\u0131n b\u00f6lgesine y\u00f6nelik i\u015flemler i\u00e7in v\u00fccudun son \u015feklini alm\u0131\u015f olmas\u0131 kal\u0131c\u0131 ve sa\u011fl\u0131kl\u0131 sonu\u00e7lar a\u00e7\u0131s\u0131ndan kritik rol oynar. Ayn\u0131 zamanda ki\u015finin psikolojik olarak da haz\u0131r olmas\u0131 b\u00fcy\u00fck \u00f6nem ta\u015f\u0131r.<\/p>\n\n\n\n<h2 class=\"wp-block-heading\"><a><\/a>Do\u011fum \u015fekli (sezaryen\/normal) estetik zamanlamas\u0131n\u0131 etkiler mi?<\/h2>\n\n\n\n<p>Evet, do\u011fum \u015fekli zamanlamay\u0131 etkileyebilir. Sezaryen do\u011fum bir cerrahi i\u015flem oldu\u011fu i\u00e7in iyile\u015fme s\u00fcreci normal do\u011fuma g\u00f6re daha uzun olabilir. Bu nedenle diki\u015flerin ve kesi b\u00f6lgesinin tamamen iyile\u015fmesi beklenmelidir. Normal do\u011fumda toparlanma s\u00fcreci daha k\u0131sa s\u00fcrse de vajinal estetik planlan\u0131yorsa pelvik taban kaslar\u0131n\u0131n durumu g\u00f6z \u00f6n\u00fcnde bulundurulmal\u0131d\u0131r. Her iki durumda da v\u00fccudun do\u011fal iyile\u015fme s\u00fcrecini beklemek ve acele etmemek \u00f6nemlidir.<\/p>\n\n\n\n<h2 class=\"wp-block-heading\"><a><\/a>Emzirme s\u00fcreci annelik esteti\u011fini etkiler mi?<\/h2>\n\n\n\n<p>Emzirme d\u00f6nemi, \u00f6zellikle meme esteti\u011fi a\u00e7\u0131s\u0131ndan belirleyici bir fakt\u00f6rd\u00fcr. Memelerde emzirme s\u00fcresince \u015fekil ve hacim de\u011fi\u015fimleri g\u00f6r\u00fclebildi\u011fi i\u00e7in i\u015flemlerin do\u011fru \u015fekilde planlanabilmesi ad\u0131na emzirmenin tamamen sona ermesi ve s\u00fct bezlerinin i\u015flevini durdurmu\u015f olmas\u0131 gerekir. Ayr\u0131ca hormonal dengenin oturmas\u0131 a\u00e7\u0131s\u0131ndan, emzirme bittikten sonra birka\u00e7 ay beklemek \u00f6nerilir.<\/p>\n\n\n\n<h2 class=\"wp-block-heading\"><a><\/a>Annelik esteti\u011fi kal\u0131c\u0131 sonu\u00e7lar verir mi?<\/h2>\n\n\n\n<p>Uygun zamanlama, sa\u011fl\u0131kl\u0131 ya\u015fam tarz\u0131 ve profesyonel cerrahi m\u00fcdahale ile annelik esteti\u011fi uzun vadeli ve kal\u0131c\u0131 sonu\u00e7lar sa\u011flayabilir. Kar\u0131n germe, meme esteti\u011fi ya da liposuction gibi i\u015flemlerle elde edilen g\u00f6r\u00fcn\u00fcm, tekrar hamile kal\u0131nmad\u0131\u011f\u0131, ani kilo de\u011fi\u015fimleri ya\u015fanmad\u0131\u011f\u0131 ve d\u00fczenli egzersiz ile beslenmeye dikkat edildi\u011fi s\u00fcrece korunabilir. Ayr\u0131ca operasyonun uzman ve deneyimli bir cerrah taraf\u0131ndan ger\u00e7ekle\u015ftirilmesi de sonu\u00e7lar\u0131n kal\u0131c\u0131l\u0131\u011f\u0131n\u0131 etkileyen \u00f6nemli fakt\u00f6rlerdendir.<\/p>\n\n\n\n<h2 class=\"wp-block-heading\">Annelik esteti\u011fi sonras\u0131 \u0130yile\u015fme s\u00fcreci nas\u0131ld\u0131r?<\/h2>\n\n\n\n<p>Annelik esteti\u011fi sonras\u0131 iyile\u015fme s\u00fcreci, yap\u0131lan i\u015flemlere g\u00f6re farkl\u0131l\u0131k g\u00f6sterir. Genellikle ilk birka\u00e7 g\u00fcn dinlenme, \u00f6dem ve morluklar i\u00e7in so\u011fuk kompres, doktorun \u00f6nerdi\u011fi ila\u00e7lar\u0131n kullan\u0131m\u0131 ve korse deste\u011fiyle ge\u00e7er. Kar\u0131n germe veya meme operasyonlar\u0131 sonras\u0131 hastalar\u0131n 1-2 hafta g\u00fcnl\u00fck aktivitelerden uzak kalmas\u0131 gerekebilir. Tam iyile\u015fme ise genellikle 6 ila 8 hafta i\u00e7inde sa\u011flan\u0131r. Bu s\u00fcre\u00e7te a\u011f\u0131r kald\u0131rmaktan ka\u00e7\u0131nmak, yara bak\u0131m\u0131na \u00f6zen g\u00f6stermek ve d\u00fczenli kontrolleri aksatmamak hem iyile\u015fmeyi h\u0131zland\u0131r\u0131r hem de operasyonun ba\u015far\u0131s\u0131n\u0131 art\u0131r\u0131r.<\/p>\n\n\n\n<p><strong>\u0130LET\u0130\u015e\u0130M B\u0130LG\u0130LER\u0130<\/strong><\/p>\n\n\n\n<p><strong>Do\u00e7. Dr. Sedar Tatar Klini\u011fi<\/strong><\/p>\n\n\n\n<p><strong>Telefon No :&nbsp;<\/strong><a href=\"tel:+90%20(555)%20100%2010%2083\">+90 (555) 100 10 83<\/a><br><strong>\u0130leti\u015fim Linki :&nbsp;<\/strong><a href=\"mailto:info@drsedattatar.com\">info@drsedattatar.com<\/a><br><strong>Adres :&nbsp;<\/strong>Levent Mahallesi, Karanfil Aral\u0131\u011f\u0131 Caddesi No: 18 Be\u015fikta\u015f\/\u0130STANBUL<\/p>\n\n\n<div class=\"kk-star-ratings kksr-auto kksr-align-center kksr-valign-bottom\"\n    data-payload='{&quot;align&quot;:&quot;center&quot;,&quot;id&quot;:&quot;2845&quot;,&quot;slug&quot;:&quot;default&quot;,&quot;valign&quot;:&quot;bottom&quot;,&quot;ignore&quot;:&quot;&quot;,&quot;reference&quot;:&quot;auto&quot;,&quot;class&quot;:&quot;&quot;,&quot;count&quot;:&quot;0&quot;,&quot;legendonly&quot;:&quot;&quot;,&quot;readonly&quot;:&quot;&quot;,&quot;score&quot;:&quot;0&quot;,&quot;starsonly&quot;:&quot;&quot;,&quot;best&quot;:&quot;5&quot;,&quot;gap&quot;:&quot;5&quot;,&quot;greet&quot;:&quot;\u0130\u00e7eri\u011fimizi Oylay\u0131n!&quot;,&quot;legend&quot;:&quot;0\\\/5 - (0 oy verildi!)&quot;,&quot;size&quot;:&quot;24&quot;,&quot;title&quot;:&quot;Annelik esteti\u011fi \u0130\u00e7in en uygun zaman: Do\u011fumdan ne kadar sonra olmal\u0131?&quot;,&quot;width&quot;:&quot;0&quot;,&quot;_legend&quot;:&quot;{score}\\\/{best} - ({count} oy verildi!)&quot;,&quot;font_factor&quot;:&quot;1.25&quot;}'>\n            \n<div class=\"kksr-stars\">\n    \n<div class=\"kksr-stars-inactive\">\n            <div class=\"kksr-star\" data-star=\"1\" style=\"padding-right: 5px\">\n            \n\n<div class=\"kksr-icon\" style=\"width: 24px; height: 24px;\"><\/div>\n        <\/div>\n            <div class=\"kksr-star\" data-star=\"2\" style=\"padding-right: 5px\">\n            \n\n<div class=\"kksr-icon\" style=\"width: 24px; height: 24px;\"><\/div>\n        <\/div>\n            <div class=\"kksr-star\" data-star=\"3\" style=\"padding-right: 5px\">\n            \n\n<div class=\"kksr-icon\" style=\"width: 24px; height: 24px;\"><\/div>\n        <\/div>\n            <div class=\"kksr-star\" data-star=\"4\" style=\"padding-right: 5px\">\n            \n\n<div class=\"kksr-icon\" style=\"width: 24px; height: 24px;\"><\/div>\n        <\/div>\n            <div class=\"kksr-star\" data-star=\"5\" style=\"padding-right: 5px\">\n            \n\n<div class=\"kksr-icon\" style=\"width: 24px; height: 24px;\"><\/div>\n        <\/div>\n    <\/div>\n    \n<div class=\"kksr-stars-active\" style=\"width: 0px;\">\n            <div class=\"kksr-star\" style=\"padding-right: 5px\">\n            \n\n<div class=\"kksr-icon\" style=\"width: 24px; height: 24px;\"><\/div>\n        <\/div>\n            <div class=\"kksr-star\" style=\"padding-right: 5px\">\n            \n\n<div class=\"kksr-icon\" style=\"width: 24px; height: 24px;\"><\/div>\n        <\/div>\n            <div class=\"kksr-star\" style=\"padding-right: 5px\">\n            \n\n<div class=\"kksr-icon\" style=\"width: 24px; height: 24px;\"><\/div>\n        <\/div>\n            <div class=\"kksr-star\" style=\"padding-right: 5px\">\n            \n\n<div class=\"kksr-icon\" style=\"width: 24px; height: 24px;\"><\/div>\n        <\/div>\n            <div class=\"kksr-star\" style=\"padding-right: 5px\">\n            \n\n<div class=\"kksr-icon\" style=\"width: 24px; height: 24px;\"><\/div>\n        <\/div>\n    <\/div>\n<\/div>\n                \n\n<div class=\"kksr-legend\" style=\"font-size: 19.2px;\">\n            <span class=\"kksr-muted\">\u0130\u00e7eri\u011fimizi Oylay\u0131n!<\/span>\n    <\/div>\n    <\/div>\n","protected":false},"excerpt":{"rendered":"<p>Hamilelik ve do\u011fum s\u00fcreci, bir kad\u0131n\u0131n bedeninde hem fiziksel hem de duygusal bir\u00e7ok de\u011fi\u015fimi beraberinde getirir. V\u00fccudun do\u011fal ritmine uyum sa\u011flamas\u0131 zaman al\u0131rken, pek \u00e7ok anne bu s\u00fcre\u00e7te aynaya bakt\u0131\u011f\u0131nda kendini eskisi gibi hissetmeyebilir. \u0130\u015fte bu noktada annelik esteti\u011fi \u00f6nerilir. Do\u011fum sonras\u0131 olu\u015fan deformasyonlar\u0131 onarmaya y\u00f6nelik bu estetik m\u00fcdahaleler, kad\u0131nlar\u0131n hem fiziksel hem de psikolojik olarak kendilerini yeniden iyi hissetmelerine yard\u0131mc\u0131 olur. Peki ama bu i\u015flemler i\u00e7in en uygun zaman nedir? V\u00fccut ne zaman haz\u0131r olur? Bu yaz\u0131da, annelik esteti\u011fine dair do\u011fru zamanlamay\u0131 ve dikkat edilmesi gereken \u00f6nemli detaylar\u0131 ele al\u0131yoruz.<\/p>\n","protected":false},"author":1,"featured_media":2846,"comment_status":"closed","ping_status":"open","sticky":false,"template":"","format":"standard","meta":{"_kad_blocks_custom_css":"","_kad_blocks_head_custom_js":"","_kad_blocks_body_custom_js":"","_kad_blocks_footer_custom_js":"","_kadence_starter_templates_imported_post":false,"_kad_post_transparent":"","_kad_post_title":"","_kad_post_layout":"","_kad_post_sidebar_id":"","_kad_post_content_style":"","_kad_post_vertical_padding":"","_kad_post_feature":"","_kad_post_feature_position":"","_kad_post_header":false,"_kad_post_footer":false,"footnotes":""},"categories":[14],"tags":[],"class_list":["post-2845","post","type-post","status-publish","format-standard","has-post-thumbnail","hentry","category-plastik-cerrahi-blog"],"yoast_head":"<!-- This site is optimized with the Yoast SEO plugin v25.9 - https:\/\/yoast.com\/wordpress\/plugins\/seo\/ -->\n<title>Annelik esteti\u011fi \u0130\u00e7in en uygun zaman: Do\u011fumdan ne kadar sonra olmal\u0131? - \u0130stanbul Estetik, Plastik ve Rekonstr\u00fcktif Cerrahi - Do\u00e7. Dr. Sedat Tatar<\/title>\n<meta name=\"description\" content=\"Do\u011fum sonras\u0131 v\u00fccudu toparlamak i\u00e7in annelik esteti\u011finde en uygun zaman ve sa\u011fl\u0131kl\u0131 iyile\u015fme ipu\u00e7lar\u0131.\" \/>\n<meta name=\"robots\" content=\"index, follow, max-snippet:-1, max-image-preview:large, max-video-preview:-1\" \/>\n<link rel=\"canonical\" href=\"https:\/\/drsedattatar.com\/tr\/annelik-estetigi-icin-en-uygun-zaman-dogumdan-ne-kadar-sonra-olmali\/\" \/>\n<meta property=\"og:locale\" content=\"tr_TR\" \/>\n<meta property=\"og:type\" content=\"article\" \/>\n<meta property=\"og:title\" content=\"Annelik esteti\u011fi \u0130\u00e7in en uygun zaman: Do\u011fumdan ne kadar sonra olmal\u0131? - \u0130stanbul Estetik, Plastik ve Rekonstr\u00fcktif Cerrahi - Do\u00e7. Dr. Sedat Tatar\" \/>\n<meta property=\"og:description\" content=\"Do\u011fum sonras\u0131 v\u00fccudu toparlamak i\u00e7in annelik esteti\u011finde en uygun zaman ve sa\u011fl\u0131kl\u0131 iyile\u015fme ipu\u00e7lar\u0131.\" \/>\n<meta property=\"og:url\" content=\"https:\/\/drsedattatar.com\/tr\/annelik-estetigi-icin-en-uygun-zaman-dogumdan-ne-kadar-sonra-olmali\/\" \/>\n<meta property=\"og:site_name\" content=\"\u0130stanbul Estetik, Plastik ve Rekonstr\u00fcktif Cerrahi - Do\u00e7. Dr. Sedat Tatar\" \/>\n<meta property=\"article:published_time\" content=\"2025-08-19T14:09:38+00:00\" \/>\n<meta property=\"article:modified_time\" content=\"2025-08-19T14:09:40+00:00\" \/>\n<meta property=\"og:image\" content=\"https:\/\/drsedattatar.com\/tr\/wp-content\/uploads\/2025\/08\/24-Kapak-TR.jpg\" \/>\n\t<meta property=\"og:image:width\" content=\"1920\" \/>\n\t<meta property=\"og:image:height\" content=\"1080\" \/>\n\t<meta property=\"og:image:type\" content=\"image\/jpeg\" \/>\n<meta name=\"author\" content=\"Sedat Tatar\" \/>\n<meta name=\"twitter:card\" content=\"summary_large_image\" \/>\n<meta name=\"twitter:label1\" content=\"Yazan:\" \/>\n\t<meta name=\"twitter:data1\" content=\"Sedat Tatar\" \/>\n\t<meta name=\"twitter:label2\" content=\"Tahmini okuma s\u00fcresi\" \/>\n\t<meta name=\"twitter:data2\" content=\"4 dakika\" \/>\n<script type=\"application\/ld+json\" class=\"yoast-schema-graph\">{\"@context\":\"https:\/\/schema.org\",\"@graph\":[{\"@type\":\"Article\",\"@id\":\"https:\/\/drsedattatar.com\/tr\/annelik-estetigi-icin-en-uygun-zaman-dogumdan-ne-kadar-sonra-olmali\/#article\",\"isPartOf\":{\"@id\":\"https:\/\/drsedattatar.com\/tr\/annelik-estetigi-icin-en-uygun-zaman-dogumdan-ne-kadar-sonra-olmali\/\"},\"author\":{\"name\":\"Sedat Tatar\",\"@id\":\"https:\/\/drsedattatar.com\/tr\/#\/schema\/person\/aa22f82cb49cf6b0e8e4c2fdd472308a\"},\"headline\":\"Annelik esteti\u011fi \u0130\u00e7in en uygun zaman: Do\u011fumdan ne kadar sonra olmal\u0131?\",\"datePublished\":\"2025-08-19T14:09:38+00:00\",\"dateModified\":\"2025-08-19T14:09:40+00:00\",\"mainEntityOfPage\":{\"@id\":\"https:\/\/drsedattatar.com\/tr\/annelik-estetigi-icin-en-uygun-zaman-dogumdan-ne-kadar-sonra-olmali\/\"},\"wordCount\":909,\"publisher\":{\"@id\":\"https:\/\/drsedattatar.com\/tr\/#organization\"},\"image\":{\"@id\":\"https:\/\/drsedattatar.com\/tr\/annelik-estetigi-icin-en-uygun-zaman-dogumdan-ne-kadar-sonra-olmali\/#primaryimage\"},\"thumbnailUrl\":\"https:\/\/drsedattatar.com\/tr\/wp-content\/uploads\/2025\/08\/24-Kapak-TR.jpg\",\"articleSection\":[\"Plastik Cerrahi Blog\"],\"inLanguage\":\"tr\"},{\"@type\":\"WebPage\",\"@id\":\"https:\/\/drsedattatar.com\/tr\/annelik-estetigi-icin-en-uygun-zaman-dogumdan-ne-kadar-sonra-olmali\/\",\"url\":\"https:\/\/drsedattatar.com\/tr\/annelik-estetigi-icin-en-uygun-zaman-dogumdan-ne-kadar-sonra-olmali\/\",\"name\":\"Annelik esteti\u011fi \u0130\u00e7in en uygun zaman: Do\u011fumdan ne kadar sonra olmal\u0131? - \u0130stanbul Estetik, Plastik ve Rekonstr\u00fcktif Cerrahi - Do\u00e7. Dr. Sedat Tatar\",\"isPartOf\":{\"@id\":\"https:\/\/drsedattatar.com\/tr\/#website\"},\"primaryImageOfPage\":{\"@id\":\"https:\/\/drsedattatar.com\/tr\/annelik-estetigi-icin-en-uygun-zaman-dogumdan-ne-kadar-sonra-olmali\/#primaryimage\"},\"image\":{\"@id\":\"https:\/\/drsedattatar.com\/tr\/annelik-estetigi-icin-en-uygun-zaman-dogumdan-ne-kadar-sonra-olmali\/#primaryimage\"},\"thumbnailUrl\":\"https:\/\/drsedattatar.com\/tr\/wp-content\/uploads\/2025\/08\/24-Kapak-TR.jpg\",\"datePublished\":\"2025-08-19T14:09:38+00:00\",\"dateModified\":\"2025-08-19T14:09:40+00:00\",\"description\":\"Do\u011fum sonras\u0131 v\u00fccudu toparlamak i\u00e7in annelik esteti\u011finde en uygun zaman ve sa\u011fl\u0131kl\u0131 iyile\u015fme ipu\u00e7lar\u0131.\",\"breadcrumb\":{\"@id\":\"https:\/\/drsedattatar.com\/tr\/annelik-estetigi-icin-en-uygun-zaman-dogumdan-ne-kadar-sonra-olmali\/#breadcrumb\"},\"inLanguage\":\"tr\",\"potentialAction\":[{\"@type\":\"ReadAction\",\"target\":[\"https:\/\/drsedattatar.com\/tr\/annelik-estetigi-icin-en-uygun-zaman-dogumdan-ne-kadar-sonra-olmali\/\"]}]},{\"@type\":\"ImageObject\",\"inLanguage\":\"tr\",\"@id\":\"https:\/\/drsedattatar.com\/tr\/annelik-estetigi-icin-en-uygun-zaman-dogumdan-ne-kadar-sonra-olmali\/#primaryimage\",\"url\":\"https:\/\/drsedattatar.com\/tr\/wp-content\/uploads\/2025\/08\/24-Kapak-TR.jpg\",\"contentUrl\":\"https:\/\/drsedattatar.com\/tr\/wp-content\/uploads\/2025\/08\/24-Kapak-TR.jpg\",\"width\":1920,\"height\":1080},{\"@type\":\"BreadcrumbList\",\"@id\":\"https:\/\/drsedattatar.com\/tr\/annelik-estetigi-icin-en-uygun-zaman-dogumdan-ne-kadar-sonra-olmali\/#breadcrumb\",\"itemListElement\":[{\"@type\":\"ListItem\",\"position\":1,\"name\":\"Anasayfa\",\"item\":\"https:\/\/drsedattatar.com\/tr\/\"},{\"@type\":\"ListItem\",\"position\":2,\"name\":\"Annelik esteti\u011fi \u0130\u00e7in en uygun zaman: Do\u011fumdan ne kadar sonra olmal\u0131?\"}]},{\"@type\":\"WebSite\",\"@id\":\"https:\/\/drsedattatar.com\/tr\/#website\",\"url\":\"https:\/\/drsedattatar.com\/tr\/\",\"name\":\"\u0130stanbul Estetik, Plastik ve Rekonstr\u00fcktif Cerrahi - Do\u00e7. Dr. Sedat Tatar\",\"description\":\"\u0130stanbul Estetik, Plastik ve Rekonstr\u00fcktif Cerrahi alan\u0131nda deneyimli Do\u00e7. Dr. Sedat Tatar ile hayallerinizi ger\u00e7e\u011fe d\u00f6n\u00fc\u015ft\u00fcr\u00fcn ve kendinizi en iyi \u015fekilde hissedin.\",\"publisher\":{\"@id\":\"https:\/\/drsedattatar.com\/tr\/#organization\"},\"potentialAction\":[{\"@type\":\"SearchAction\",\"target\":{\"@type\":\"EntryPoint\",\"urlTemplate\":\"https:\/\/drsedattatar.com\/tr\/?s={search_term_string}\"},\"query-input\":{\"@type\":\"PropertyValueSpecification\",\"valueRequired\":true,\"valueName\":\"search_term_string\"}}],\"inLanguage\":\"tr\"},{\"@type\":\"Organization\",\"@id\":\"https:\/\/drsedattatar.com\/tr\/#organization\",\"name\":\"\u0130stanbul Estetik, Plastik ve Rekonstr\u00fcktif Cerrahi - Do\u00e7. Dr. Sedat Tatar\",\"url\":\"https:\/\/drsedattatar.com\/tr\/\",\"logo\":{\"@type\":\"ImageObject\",\"inLanguage\":\"tr\",\"@id\":\"https:\/\/drsedattatar.com\/tr\/#\/schema\/logo\/image\/\",\"url\":\"https:\/\/drsedattatar.com\/tr\/wp-content\/uploads\/2023\/06\/cropped-cropped-cropped-dr-sedat-tatar-estetik-plastik-logo.webp\",\"contentUrl\":\"https:\/\/drsedattatar.com\/tr\/wp-content\/uploads\/2023\/06\/cropped-cropped-cropped-dr-sedat-tatar-estetik-plastik-logo.webp\",\"width\":1505,\"height\":602,\"caption\":\"\u0130stanbul Estetik, Plastik ve Rekonstr\u00fcktif Cerrahi - Do\u00e7. Dr. Sedat Tatar\"},\"image\":{\"@id\":\"https:\/\/drsedattatar.com\/tr\/#\/schema\/logo\/image\/\"}},{\"@type\":\"Person\",\"@id\":\"https:\/\/drsedattatar.com\/tr\/#\/schema\/person\/aa22f82cb49cf6b0e8e4c2fdd472308a\",\"name\":\"Sedat Tatar\",\"image\":{\"@type\":\"ImageObject\",\"inLanguage\":\"tr\",\"@id\":\"https:\/\/drsedattatar.com\/tr\/#\/schema\/person\/image\/\",\"url\":\"https:\/\/secure.gravatar.com\/avatar\/dea798d972982cc67ccc601a56275438ae42ec5d4557bb1f2fb426553e72d1a1?s=96&d=mm&r=g\",\"contentUrl\":\"https:\/\/secure.gravatar.com\/avatar\/dea798d972982cc67ccc601a56275438ae42ec5d4557bb1f2fb426553e72d1a1?s=96&d=mm&r=g\",\"caption\":\"Sedat Tatar\"},\"sameAs\":[\"http:\/\/drsedattatar.com\/tr\"],\"url\":\"https:\/\/drsedattatar.com\/tr\/author\/admin\/\"}]}<\/script>\n<!-- \/ Yoast SEO plugin. -->","yoast_head_json":{"title":"Annelik esteti\u011fi \u0130\u00e7in en uygun zaman: Do\u011fumdan ne kadar sonra olmal\u0131? - \u0130stanbul Estetik, Plastik ve Rekonstr\u00fcktif Cerrahi - Do\u00e7. Dr. Sedat Tatar","description":"Do\u011fum sonras\u0131 v\u00fccudu toparlamak i\u00e7in annelik esteti\u011finde en uygun zaman ve sa\u011fl\u0131kl\u0131 iyile\u015fme ipu\u00e7lar\u0131.","robots":{"index":"index","follow":"follow","max-snippet":"max-snippet:-1","max-image-preview":"max-image-preview:large","max-video-preview":"max-video-preview:-1"},"canonical":"https:\/\/drsedattatar.com\/tr\/annelik-estetigi-icin-en-uygun-zaman-dogumdan-ne-kadar-sonra-olmali\/","og_locale":"tr_TR","og_type":"article","og_title":"Annelik esteti\u011fi \u0130\u00e7in en uygun zaman: Do\u011fumdan ne kadar sonra olmal\u0131? - \u0130stanbul Estetik, Plastik ve Rekonstr\u00fcktif Cerrahi - Do\u00e7. Dr. Sedat Tatar","og_description":"Do\u011fum sonras\u0131 v\u00fccudu toparlamak i\u00e7in annelik esteti\u011finde en uygun zaman ve sa\u011fl\u0131kl\u0131 iyile\u015fme ipu\u00e7lar\u0131.","og_url":"https:\/\/drsedattatar.com\/tr\/annelik-estetigi-icin-en-uygun-zaman-dogumdan-ne-kadar-sonra-olmali\/","og_site_name":"\u0130stanbul Estetik, Plastik ve Rekonstr\u00fcktif Cerrahi - Do\u00e7. Dr. Sedat Tatar","article_published_time":"2025-08-19T14:09:38+00:00","article_modified_time":"2025-08-19T14:09:40+00:00","og_image":[{"width":1920,"height":1080,"url":"https:\/\/drsedattatar.com\/tr\/wp-content\/uploads\/2025\/08\/24-Kapak-TR.jpg","type":"image\/jpeg"}],"author":"Sedat Tatar","twitter_card":"summary_large_image","twitter_misc":{"Yazan:":"Sedat Tatar","Tahmini okuma s\u00fcresi":"4 dakika"},"schema":{"@context":"https:\/\/schema.org","@graph":[{"@type":"Article","@id":"https:\/\/drsedattatar.com\/tr\/annelik-estetigi-icin-en-uygun-zaman-dogumdan-ne-kadar-sonra-olmali\/#article","isPartOf":{"@id":"https:\/\/drsedattatar.com\/tr\/annelik-estetigi-icin-en-uygun-zaman-dogumdan-ne-kadar-sonra-olmali\/"},"author":{"name":"Sedat Tatar","@id":"https:\/\/drsedattatar.com\/tr\/#\/schema\/person\/aa22f82cb49cf6b0e8e4c2fdd472308a"},"headline":"Annelik esteti\u011fi \u0130\u00e7in en uygun zaman: Do\u011fumdan ne kadar sonra olmal\u0131?","datePublished":"2025-08-19T14:09:38+00:00","dateModified":"2025-08-19T14:09:40+00:00","mainEntityOfPage":{"@id":"https:\/\/drsedattatar.com\/tr\/annelik-estetigi-icin-en-uygun-zaman-dogumdan-ne-kadar-sonra-olmali\/"},"wordCount":909,"publisher":{"@id":"https:\/\/drsedattatar.com\/tr\/#organization"},"image":{"@id":"https:\/\/drsedattatar.com\/tr\/annelik-estetigi-icin-en-uygun-zaman-dogumdan-ne-kadar-sonra-olmali\/#primaryimage"},"thumbnailUrl":"https:\/\/drsedattatar.com\/tr\/wp-content\/uploads\/2025\/08\/24-Kapak-TR.jpg","articleSection":["Plastik Cerrahi Blog"],"inLanguage":"tr"},{"@type":"WebPage","@id":"https:\/\/drsedattatar.com\/tr\/annelik-estetigi-icin-en-uygun-zaman-dogumdan-ne-kadar-sonra-olmali\/","url":"https:\/\/drsedattatar.com\/tr\/annelik-estetigi-icin-en-uygun-zaman-dogumdan-ne-kadar-sonra-olmali\/","name":"Annelik esteti\u011fi \u0130\u00e7in en uygun zaman: Do\u011fumdan ne kadar sonra olmal\u0131? - \u0130stanbul Estetik, Plastik ve Rekonstr\u00fcktif Cerrahi - Do\u00e7. Dr. Sedat Tatar","isPartOf":{"@id":"https:\/\/drsedattatar.com\/tr\/#website"},"primaryImageOfPage":{"@id":"https:\/\/drsedattatar.com\/tr\/annelik-estetigi-icin-en-uygun-zaman-dogumdan-ne-kadar-sonra-olmali\/#primaryimage"},"image":{"@id":"https:\/\/drsedattatar.com\/tr\/annelik-estetigi-icin-en-uygun-zaman-dogumdan-ne-kadar-sonra-olmali\/#primaryimage"},"thumbnailUrl":"https:\/\/drsedattatar.com\/tr\/wp-content\/uploads\/2025\/08\/24-Kapak-TR.jpg","datePublished":"2025-08-19T14:09:38+00:00","dateModified":"2025-08-19T14:09:40+00:00","description":"Do\u011fum sonras\u0131 v\u00fccudu toparlamak i\u00e7in annelik esteti\u011finde en uygun zaman ve sa\u011fl\u0131kl\u0131 iyile\u015fme ipu\u00e7lar\u0131.","breadcrumb":{"@id":"https:\/\/drsedattatar.com\/tr\/annelik-estetigi-icin-en-uygun-zaman-dogumdan-ne-kadar-sonra-olmali\/#breadcrumb"},"inLanguage":"tr","potentialAction":[{"@type":"ReadAction","target":["https:\/\/drsedattatar.com\/tr\/annelik-estetigi-icin-en-uygun-zaman-dogumdan-ne-kadar-sonra-olmali\/"]}]},{"@type":"ImageObject","inLanguage":"tr","@id":"https:\/\/drsedattatar.com\/tr\/annelik-estetigi-icin-en-uygun-zaman-dogumdan-ne-kadar-sonra-olmali\/#primaryimage","url":"https:\/\/drsedattatar.com\/tr\/wp-content\/uploads\/2025\/08\/24-Kapak-TR.jpg","contentUrl":"https:\/\/drsedattatar.com\/tr\/wp-content\/uploads\/2025\/08\/24-Kapak-TR.jpg","width":1920,"height":1080},{"@type":"BreadcrumbList","@id":"https:\/\/drsedattatar.com\/tr\/annelik-estetigi-icin-en-uygun-zaman-dogumdan-ne-kadar-sonra-olmali\/#breadcrumb","itemListElement":[{"@type":"ListItem","position":1,"name":"Anasayfa","item":"https:\/\/drsedattatar.com\/tr\/"},{"@type":"ListItem","position":2,"name":"Annelik esteti\u011fi \u0130\u00e7in en uygun zaman: Do\u011fumdan ne kadar sonra olmal\u0131?"}]},{"@type":"WebSite","@id":"https:\/\/drsedattatar.com\/tr\/#website","url":"https:\/\/drsedattatar.com\/tr\/","name":"\u0130stanbul Estetik, Plastik ve Rekonstr\u00fcktif Cerrahi - Do\u00e7. Dr. Sedat Tatar","description":"\u0130stanbul Estetik, Plastik ve Rekonstr\u00fcktif Cerrahi alan\u0131nda deneyimli Do\u00e7. Dr. Sedat Tatar ile hayallerinizi ger\u00e7e\u011fe d\u00f6n\u00fc\u015ft\u00fcr\u00fcn ve kendinizi en iyi \u015fekilde hissedin.","publisher":{"@id":"https:\/\/drsedattatar.com\/tr\/#organization"},"potentialAction":[{"@type":"SearchAction","target":{"@type":"EntryPoint","urlTemplate":"https:\/\/drsedattatar.com\/tr\/?s={search_term_string}"},"query-input":{"@type":"PropertyValueSpecification","valueRequired":true,"valueName":"search_term_string"}}],"inLanguage":"tr"},{"@type":"Organization","@id":"https:\/\/drsedattatar.com\/tr\/#organization","name":"\u0130stanbul Estetik, Plastik ve Rekonstr\u00fcktif Cerrahi - Do\u00e7. Dr. Sedat Tatar","url":"https:\/\/drsedattatar.com\/tr\/","logo":{"@type":"ImageObject","inLanguage":"tr","@id":"https:\/\/drsedattatar.com\/tr\/#\/schema\/logo\/image\/","url":"https:\/\/drsedattatar.com\/tr\/wp-content\/uploads\/2023\/06\/cropped-cropped-cropped-dr-sedat-tatar-estetik-plastik-logo.webp","contentUrl":"https:\/\/drsedattatar.com\/tr\/wp-content\/uploads\/2023\/06\/cropped-cropped-cropped-dr-sedat-tatar-estetik-plastik-logo.webp","width":1505,"height":602,"caption":"\u0130stanbul Estetik, Plastik ve Rekonstr\u00fcktif Cerrahi - Do\u00e7. Dr. Sedat Tatar"},"image":{"@id":"https:\/\/drsedattatar.com\/tr\/#\/schema\/logo\/image\/"}},{"@type":"Person","@id":"https:\/\/drsedattatar.com\/tr\/#\/schema\/person\/aa22f82cb49cf6b0e8e4c2fdd472308a","name":"Sedat Tatar","image":{"@type":"ImageObject","inLanguage":"tr","@id":"https:\/\/drsedattatar.com\/tr\/#\/schema\/person\/image\/","url":"https:\/\/secure.gravatar.com\/avatar\/dea798d972982cc67ccc601a56275438ae42ec5d4557bb1f2fb426553e72d1a1?s=96&d=mm&r=g","contentUrl":"https:\/\/secure.gravatar.com\/avatar\/dea798d972982cc67ccc601a56275438ae42ec5d4557bb1f2fb426553e72d1a1?s=96&d=mm&r=g","caption":"Sedat Tatar"},"sameAs":["http:\/\/drsedattatar.com\/tr"],"url":"https:\/\/drsedattatar.com\/tr\/author\/admin\/"}]}},"taxonomy_info":{"category":[{"value":14,"label":"Plastik Cerrahi Blog"}]},"featured_image_src_large":["https:\/\/drsedattatar.com\/tr\/wp-content\/uploads\/2025\/08\/24-Kapak-TR-1024x576.jpg",1024,576,true],"author_info":{"display_name":"Sedat Tatar","author_link":"https:\/\/drsedattatar.com\/tr\/author\/admin\/"},"comment_info":0,"category_info":[{"term_id":14,"name":"Plastik Cerrahi Blog","slug":"plastik-cerrahi-blog","term_group":0,"term_taxonomy_id":14,"taxonomy":"category","description":"","parent":0,"count":155,"filter":"raw","cat_ID":14,"category_count":155,"category_description":"","cat_name":"Plastik Cerrahi Blog","category_nicename":"plastik-cerrahi-blog","category_parent":0}],"tag_info":false,"_links":{"self":[{"href":"https:\/\/drsedattatar.com\/tr\/wp-json\/wp\/v2\/posts\/2845","targetHints":{"allow":["GET"]}}],"collection":[{"href":"https:\/\/drsedattatar.com\/tr\/wp-json\/wp\/v2\/posts"}],"about":[{"href":"https:\/\/drsedattatar.com\/tr\/wp-json\/wp\/v2\/types\/post"}],"author":[{"embeddable":true,"href":"https:\/\/drsedattatar.com\/tr\/wp-json\/wp\/v2\/users\/1"}],"replies":[{"embeddable":true,"href":"https:\/\/drsedattatar.com\/tr\/wp-json\/wp\/v2\/comments?post=2845"}],"version-history":[{"count":4,"href":"https:\/\/drsedattatar.com\/tr\/wp-json\/wp\/v2\/posts\/2845\/revisions"}],"predecessor-version":[{"id":2879,"href":"https:\/\/drsedattatar.com\/tr\/wp-json\/wp\/v2\/posts\/2845\/revisions\/2879"}],"wp:featuredmedia":[{"embeddable":true,"href":"https:\/\/drsedattatar.com\/tr\/wp-json\/wp\/v2\/media\/2846"}],"wp:attachment":[{"href":"https:\/\/drsedattatar.com\/tr\/wp-json\/wp\/v2\/media?parent=2845"}],"wp:term":[{"taxonomy":"category","embeddable":true,"href":"https:\/\/drsedattatar.com\/tr\/wp-json\/wp\/v2\/categories?post=2845"},{"taxonomy":"post_tag","embeddable":true,"href":"https:\/\/drsedattatar.com\/tr\/wp-json\/wp\/v2\/tags?post=2845"}],"curies":[{"name":"wp","href":"https:\/\/api.w.org\/{rel}","templated":true}]}}