{"id":2896,"date":"2025-08-23T07:23:24","date_gmt":"2025-08-23T07:23:24","guid":{"rendered":"https:\/\/drsedattatar.com\/tr\/?p=2896"},"modified":"2025-08-23T07:23:26","modified_gmt":"2025-08-23T07:23:26","slug":"ust-goz-kapagi-estetigi-blefaroplasti-genc-ve-dinc-bakislara-giden-yol","status":"publish","type":"post","link":"https:\/\/drsedattatar.com\/tr\/ust-goz-kapagi-estetigi-blefaroplasti-genc-ve-dinc-bakislara-giden-yol\/","title":{"rendered":"\u00dcst G\u00f6z Kapa\u011f\u0131 Esteti\u011fi (Blefaroplasti): Gen\u00e7 ve Din\u00e7 Bak\u0131\u015flara Giden Yol"},"content":{"rendered":"\n<p>Y\u0131llar\u0131n etkisiyle birlikte g\u00f6z \u00e7evresinde meydana gelen de\u011fi\u015fimler hem estetik hem de fonksiyonel a\u00e7\u0131dan rahats\u0131zl\u0131k yaratabilir. \u00d6zellikle \u00fcst g\u00f6z kapa\u011f\u0131nda olu\u015fan sarkmalar, ki\u015fiye yorgun, \u00fczg\u00fcn ve ya\u015fl\u0131 bir ifade kazand\u0131rabilir. \u00dcst g\u00f6z kapa\u011f\u0131 esteti\u011fi yani blefaroplasti, bu g\u00f6r\u00fcn\u00fcm\u00fc ortadan kald\u0131rmak ve daha gen\u00e7, din\u00e7 bak\u0131\u015flara kavu\u015fmak i\u00e7in tercih edilen etkili bir cerrahi y\u00f6ntemdir.<\/p>\n\n\n\n<p><strong>\u00dcst G\u00f6z Kapa\u011f\u0131 Esteti\u011fi Nedir?<\/strong><\/p>\n\n\n\n<p>\u00dcst g\u00f6z kapa\u011f\u0131 esteti\u011fi, g\u00f6z kapa\u011f\u0131nda meydana gelen deri fazlal\u0131\u011f\u0131, kas gev\u015femesi ve ya\u011f dokusu birikiminin cerrahi olarak giderilmesi i\u015flemidir. Genellikle lokal anestezi alt\u0131nda ger\u00e7ekle\u015ftirilen bu i\u015flem hem estetik kayg\u0131lar\u0131 gidermek hem de g\u00f6rme alan\u0131n\u0131 daraltan yap\u0131sal problemleri ortadan kald\u0131rmak amac\u0131yla yap\u0131l\u0131r.<\/p>\n\n\n\n<h3 class=\"wp-block-heading\"><a><\/a><strong>Kimler \u00dcst G\u00f6z Kapa\u011f\u0131 Esteti\u011fi \u0130\u00e7in Uygun Adayd\u0131r?<\/strong><\/h3>\n\n\n\n<p>\u00dcst g\u00f6z kapa\u011f\u0131 esteti\u011fi genellikle 35 ya\u015f ve \u00fczeri bireylerde tercih edilir. Ancak genetik yatk\u0131nl\u0131k nedeniyle daha gen\u00e7 ya\u015flarda da bu b\u00f6lgede sarkmalar g\u00f6r\u00fclebilir. A\u015fa\u011f\u0131daki durumlar, blefaroplasti i\u00e7in uygun adaylar\u0131 tan\u0131mlar:<\/p>\n\n\n\n<ul class=\"wp-block-list\">\n<li>\u00dcst g\u00f6z kapa\u011f\u0131nda belirgin deri fazlal\u0131\u011f\u0131<\/li>\n\n\n\n<li>G\u00f6z kapaklar\u0131nda \u015fi\u015fkinlik veya torbalanma<\/li>\n\n\n\n<li>G\u00f6rme alan\u0131n\u0131 daraltan sarkmalar<\/li>\n\n\n\n<li>G\u00f6z makyaj\u0131 yaparken zorlanma<\/li>\n\n\n\n<li>S\u00fcrekli yorgun ve mutsuz g\u00f6r\u00fcn\u00fcm<\/li>\n<\/ul>\n\n\n\n<h3 class=\"wp-block-heading\"><a><\/a><strong>\u0130\u015flem Nas\u0131l Yap\u0131l\u0131r?<\/strong><\/h3>\n\n\n\n<p>\u00dcst g\u00f6z kapa\u011f\u0131 esteti\u011fi, yakla\u015f\u0131k 30-45 dakika s\u00fcren bir cerrahi i\u015flemdir.&nbsp; Do\u011fal g\u00f6z k\u0131vr\u0131m\u0131 boyunca bir kesi yap\u0131l\u0131r ve fazla deri, kas dokusu ve gerekiyorsa ya\u011f yast\u0131k\u00e7\u0131klar\u0131n\u0131 \u00e7\u0131kar\u0131r. Kesiler, g\u00f6z k\u0131vr\u0131m\u0131 i\u00e7ine gizlendi\u011finden iyile\u015fme sonras\u0131nda iz neredeyse fark edilmez.<\/p>\n\n\n\n<p>\u0130yile\u015fme s\u00fcreci genellikle h\u0131zl\u0131 ve konforludur. \u0130\u015flem sonras\u0131 \u00f6dem ve morluklar birka\u00e7 hafta i\u00e7inde kaybolur. Hastalar genellikle 1 hafta i\u00e7inde sosyal hayatlar\u0131na d\u00f6nebilir.<\/p>\n\n\n\n<h3 class=\"wp-block-heading\"><a><\/a><strong>\u00dcst G\u00f6z Kapa\u011f\u0131 Esteti\u011finin Avantajlar\u0131 Nelerdir?<\/strong><\/h3>\n\n\n\n<ul class=\"wp-block-list\">\n<li>G\u00f6z \u00e7evresinde daha gen\u00e7 ve canl\u0131 bir g\u00f6r\u00fcn\u00fcm<\/li>\n\n\n\n<li>Sarkmalar\u0131n ortadan kalkmas\u0131yla birlikte daha geni\u015f g\u00f6rme alan\u0131<\/li>\n\n\n\n<li>Makyaj uygulamalar\u0131n\u0131n kolayla\u015fmas\u0131<\/li>\n\n\n\n<li>Daha dinamik, enerjik ve kendinden emin bir ifade<\/li>\n<\/ul>\n\n\n\n<h3 class=\"wp-block-heading\"><a><\/a><strong>Estetik Korkusu: Do\u011fall\u0131k Bozulur Mu?<\/strong><\/h3>\n\n\n\n<p>Bir\u00e7ok ki\u015fi, estetik operasyonlar\u0131n do\u011fall\u0131\u011f\u0131 bozaca\u011f\u0131ndan endi\u015fe duyar. Ancak g\u00fcn\u00fcm\u00fczde yap\u0131lan \u00fcst g\u00f6z kapa\u011f\u0131 estetiklerinde ama\u00e7, y\u00fcz\u00fcn genel ifadesine uyum sa\u011flayan do\u011fal bir g\u00f6r\u00fcn\u00fcm elde etmektir. \u0130\u015flem deneyimli bir plastik cerrah taraf\u0131ndan yap\u0131ld\u0131\u011f\u0131nda, do\u011fall\u0131k korunarak daha gen\u00e7 ve taze bir g\u00f6r\u00fcn\u00fcm elde edilebilir.<\/p>\n\n\n\n<h3 class=\"wp-block-heading\"><a><\/a><strong>\u0130\u015flem \u00d6ncesi ve Sonras\u0131 Dikkat Edilmesi Gerekenler<\/strong><\/h3>\n\n\n\n<p><strong>\u0130\u015flem \u00d6ncesi:<\/strong><\/p>\n\n\n\n<ul class=\"wp-block-list\">\n<li>Kan suland\u0131r\u0131c\u0131 ila\u00e7lar\u0131n kullan\u0131lmamas\u0131 gerekir.<\/li>\n\n\n\n<li>Sigara kullan\u0131l\u0131yorsa en az 2 hafta \u00f6ncesinde b\u0131rak\u0131lmas\u0131 \u00f6nerilir.<\/li>\n\n\n\n<li>\u0130\u015flemden \u00f6nce doktorunuzla varsa kronik hastal\u0131klar\u0131n\u0131z\u0131 payla\u015fman\u0131z \u00f6nemlidir.<\/li>\n<\/ul>\n\n\n\n<p><strong>\u0130\u015flem Sonras\u0131:<\/strong><\/p>\n\n\n\n<ul class=\"wp-block-list\">\n<li>\u0130lk g\u00fcnlerde so\u011fuk kompres uygulamak \u00f6demi azaltmaya yard\u0131mc\u0131 olur.<\/li>\n\n\n\n<li>Ba\u015f y\u00fcksekte olacak \u015fekilde dinlenmek iyile\u015fmeyi h\u0131zland\u0131r\u0131r.<\/li>\n\n\n\n<li>G\u00f6z \u00e7evresine makyaj yap\u0131lmas\u0131 i\u00e7in en az 10 g\u00fcn beklenmelidir.<\/li>\n\n\n\n<li>Direkt g\u00fcne\u015f \u0131\u015f\u0131\u011f\u0131ndan ka\u00e7\u0131nmak ve doktor \u00f6nerisiyle g\u00fcne\u015f g\u00f6zl\u00fc\u011f\u00fc kullanmak gerekir.<\/li>\n<\/ul>\n\n\n\n<h3 class=\"wp-block-heading\"><a><\/a><strong>Kal\u0131c\u0131 \u0130z Kal\u0131r M\u0131?<\/strong><\/h3>\n\n\n\n<p>\u00dcst g\u00f6z kapa\u011f\u0131 esteti\u011finde yap\u0131lan kesiler, g\u00f6z k\u0131vr\u0131m\u0131 boyunca yerle\u015ftirildi\u011fi i\u00e7in izler do\u011fal \u00e7izgilere gizlenir. Uygun iyile\u015fme s\u00fcreci ve do\u011fru yara bak\u0131m\u0131yla birlikte izler zamanla silikle\u015fir ve neredeyse g\u00f6r\u00fcnmez hale gelir.<\/p>\n\n\n\n<h3 class=\"wp-block-heading\"><strong>Ameliyat g\u00f6rmeyi etkiler mi?<\/strong><\/h3>\n\n\n\n<p>Genellikle g\u00f6rme kalitesini olumlu etkiler \u00e7\u00fcnk\u00fc sarkan cilt g\u00f6r\u00fc\u015f alan\u0131n\u0131 daraltabilir.<a><\/a><\/p>\n\n\n\n<p>\u00dcst g\u00f6z kapa\u011f\u0131 esteti\u011fi, ya\u015flanma belirtilerinin en net g\u00f6r\u00fcld\u00fc\u011f\u00fc g\u00f6z \u00e7evresine etkili bir dokunu\u015f yapar. Y\u00fcz ifadesini canland\u0131r\u0131r, bak\u0131\u015flara anlam ve enerji katar. Hem estetik hem fonksiyonel fayda sa\u011flayan bu i\u015flem, ki\u015finin \u00f6zg\u00fcvenini ve ya\u015fam kalitesini art\u0131rabilir.<\/p>\n\n\n\n<h3 class=\"wp-block-heading\"><a><\/a><strong>S\u0131k Sorulan Sorular<\/strong><\/h3>\n\n\n\n<p><strong>\u00dcst g\u00f6z kapa\u011f\u0131 esteti\u011fi ac\u0131 verir mi?<\/strong><\/p>\n\n\n\n<p>\u0130\u015flem lokal anesteziyle yap\u0131l\u0131r, a\u011fr\u0131 hissedilmez. Sonras\u0131nda hafif hassasiyet olabilir, ancak re\u00e7eteli a\u011fr\u0131 kesicilerle kontrol alt\u0131na al\u0131nabilir.<\/p>\n\n\n\n<p><strong>Sonu\u00e7lar ne zaman g\u00f6r\u00fcn\u00fcr?<\/strong><\/p>\n\n\n\n<p>\u0130lk hafta \u015fi\u015flik ve morluklar olabilir. Genellikle 2. haftadan itibaren net sonu\u00e7lar ortaya \u00e7\u0131kar.<\/p>\n\n\n\n<p><strong>Alt g\u00f6z kapa\u011f\u0131yla birlikte yap\u0131labilir mi?<\/strong><\/p>\n\n\n\n<p>G\u00f6z kapa\u011f\u0131 esteti\u011fi \u00e7o\u011fu zaman \u00fcst ve alt kapa\u011f\u0131n birlikte de\u011ferlendirildi\u011fi kombine i\u015flemlerle uygulanabilir.<\/p>\n\n\n\n<p><strong>\u0130LET\u0130\u015e\u0130M B\u0130LG\u0130LER\u0130<\/strong><\/p>\n\n\n\n<p><strong>Do\u00e7. Dr. Sedar Tatar Klini\u011fi<\/strong><\/p>\n\n\n\n<p><strong>Telefon No :&nbsp;<\/strong><a href=\"tel:+90%20(555)%20100%2010%2083\">+90 (555) 100 10 83<\/a><br><strong>\u0130leti\u015fim Linki :&nbsp;<\/strong><a href=\"mailto:info@drsedattatar.com\">info@drsedattatar.com<\/a><br><strong>Adres :&nbsp;<\/strong>Levent Mahallesi, Karanfil Aral\u0131\u011f\u0131 Caddesi No: 18 Be\u015fikta\u015f\/\u0130STANBUL<\/p>\n\n\n<div class=\"kk-star-ratings kksr-auto kksr-align-center kksr-valign-bottom\"\n    data-payload='{&quot;align&quot;:&quot;center&quot;,&quot;id&quot;:&quot;2896&quot;,&quot;slug&quot;:&quot;default&quot;,&quot;valign&quot;:&quot;bottom&quot;,&quot;ignore&quot;:&quot;&quot;,&quot;reference&quot;:&quot;auto&quot;,&quot;class&quot;:&quot;&quot;,&quot;count&quot;:&quot;0&quot;,&quot;legendonly&quot;:&quot;&quot;,&quot;readonly&quot;:&quot;&quot;,&quot;score&quot;:&quot;0&quot;,&quot;starsonly&quot;:&quot;&quot;,&quot;best&quot;:&quot;5&quot;,&quot;gap&quot;:&quot;5&quot;,&quot;greet&quot;:&quot;\u0130\u00e7eri\u011fimizi Oylay\u0131n!&quot;,&quot;legend&quot;:&quot;0\\\/5 - (0 oy verildi!)&quot;,&quot;size&quot;:&quot;24&quot;,&quot;title&quot;:&quot;\u00dcst G\u00f6z Kapa\u011f\u0131 Esteti\u011fi (Blefaroplasti): Gen\u00e7 ve Din\u00e7 Bak\u0131\u015flara Giden Yol&quot;,&quot;width&quot;:&quot;0&quot;,&quot;_legend&quot;:&quot;{score}\\\/{best} - ({count} oy verildi!)&quot;,&quot;font_factor&quot;:&quot;1.25&quot;}'>\n            \n<div class=\"kksr-stars\">\n    \n<div class=\"kksr-stars-inactive\">\n            <div class=\"kksr-star\" data-star=\"1\" style=\"padding-right: 5px\">\n            \n\n<div class=\"kksr-icon\" style=\"width: 24px; height: 24px;\"><\/div>\n        <\/div>\n            <div class=\"kksr-star\" data-star=\"2\" style=\"padding-right: 5px\">\n            \n\n<div class=\"kksr-icon\" style=\"width: 24px; height: 24px;\"><\/div>\n        <\/div>\n            <div class=\"kksr-star\" data-star=\"3\" style=\"padding-right: 5px\">\n            \n\n<div class=\"kksr-icon\" style=\"width: 24px; height: 24px;\"><\/div>\n        <\/div>\n            <div class=\"kksr-star\" data-star=\"4\" style=\"padding-right: 5px\">\n            \n\n<div class=\"kksr-icon\" style=\"width: 24px; height: 24px;\"><\/div>\n        <\/div>\n            <div class=\"kksr-star\" data-star=\"5\" style=\"padding-right: 5px\">\n            \n\n<div class=\"kksr-icon\" style=\"width: 24px; height: 24px;\"><\/div>\n        <\/div>\n    <\/div>\n    \n<div class=\"kksr-stars-active\" style=\"width: 0px;\">\n            <div class=\"kksr-star\" style=\"padding-right: 5px\">\n            \n\n<div class=\"kksr-icon\" style=\"width: 24px; height: 24px;\"><\/div>\n        <\/div>\n            <div class=\"kksr-star\" style=\"padding-right: 5px\">\n            \n\n<div class=\"kksr-icon\" style=\"width: 24px; height: 24px;\"><\/div>\n        <\/div>\n            <div class=\"kksr-star\" style=\"padding-right: 5px\">\n            \n\n<div class=\"kksr-icon\" style=\"width: 24px; height: 24px;\"><\/div>\n        <\/div>\n            <div class=\"kksr-star\" style=\"padding-right: 5px\">\n            \n\n<div class=\"kksr-icon\" style=\"width: 24px; height: 24px;\"><\/div>\n        <\/div>\n            <div class=\"kksr-star\" style=\"padding-right: 5px\">\n            \n\n<div class=\"kksr-icon\" style=\"width: 24px; height: 24px;\"><\/div>\n        <\/div>\n    <\/div>\n<\/div>\n                \n\n<div class=\"kksr-legend\" style=\"font-size: 19.2px;\">\n            <span class=\"kksr-muted\">\u0130\u00e7eri\u011fimizi Oylay\u0131n!<\/span>\n    <\/div>\n    <\/div>\n","protected":false},"excerpt":{"rendered":"<p>Y\u0131llar\u0131n etkisiyle birlikte g\u00f6z \u00e7evresinde meydana gelen de\u011fi\u015fimler hem estetik hem de fonksiyonel a\u00e7\u0131dan rahats\u0131zl\u0131k yaratabilir. \u00d6zellikle \u00fcst g\u00f6z kapa\u011f\u0131nda olu\u015fan sarkmalar, ki\u015fiye yorgun, \u00fczg\u00fcn ve ya\u015fl\u0131 bir ifade kazand\u0131rabilir. \u00dcst g\u00f6z kapa\u011f\u0131 esteti\u011fi yani blefaroplasti, bu g\u00f6r\u00fcn\u00fcm\u00fc ortadan kald\u0131rmak ve daha gen\u00e7, din\u00e7 bak\u0131\u015flara kavu\u015fmak i\u00e7in tercih edilen etkili bir cerrahi y\u00f6ntemdir.<\/p>\n","protected":false},"author":1,"featured_media":2897,"comment_status":"closed","ping_status":"open","sticky":false,"template":"","format":"standard","meta":{"_kad_blocks_custom_css":"","_kad_blocks_head_custom_js":"","_kad_blocks_body_custom_js":"","_kad_blocks_footer_custom_js":"","_kadence_starter_templates_imported_post":false,"_kad_post_transparent":"","_kad_post_title":"","_kad_post_layout":"","_kad_post_sidebar_id":"","_kad_post_content_style":"","_kad_post_vertical_padding":"","_kad_post_feature":"","_kad_post_feature_position":"","_kad_post_header":false,"_kad_post_footer":false,"footnotes":""},"categories":[14],"tags":[],"class_list":["post-2896","post","type-post","status-publish","format-standard","has-post-thumbnail","hentry","category-plastik-cerrahi-blog"],"yoast_head":"<!-- This site is optimized with the Yoast SEO plugin v25.9 - https:\/\/yoast.com\/wordpress\/plugins\/seo\/ -->\n<title>\u00dcst G\u00f6z Kapa\u011f\u0131 Esteti\u011fi (Blefaroplasti): Gen\u00e7 ve Din\u00e7 Bak\u0131\u015flara Giden Yol - \u0130stanbul Estetik, Plastik ve Rekonstr\u00fcktif Cerrahi - Do\u00e7. Dr. Sedat Tatar<\/title>\n<meta name=\"description\" content=\"\u00dcst g\u00f6z kapa\u011f\u0131 esteti\u011fi (blefaroplasti) ile yorgun ifadeden kurtulun, daha gen\u00e7 ve din\u00e7 bak\u0131\u015flara kavu\u015fun. \u0130\u015flem s\u00fcreci ve avantajlar\u0131n\u0131 \u00f6\u011frenin.\" \/>\n<meta name=\"robots\" content=\"index, follow, max-snippet:-1, max-image-preview:large, max-video-preview:-1\" \/>\n<link rel=\"canonical\" href=\"https:\/\/drsedattatar.com\/tr\/ust-goz-kapagi-estetigi-blefaroplasti-genc-ve-dinc-bakislara-giden-yol\/\" \/>\n<meta property=\"og:locale\" content=\"tr_TR\" \/>\n<meta property=\"og:type\" content=\"article\" \/>\n<meta property=\"og:title\" content=\"\u00dcst G\u00f6z Kapa\u011f\u0131 Esteti\u011fi (Blefaroplasti): Gen\u00e7 ve Din\u00e7 Bak\u0131\u015flara Giden Yol - \u0130stanbul Estetik, Plastik ve Rekonstr\u00fcktif Cerrahi - Do\u00e7. Dr. Sedat Tatar\" \/>\n<meta property=\"og:description\" content=\"\u00dcst g\u00f6z kapa\u011f\u0131 esteti\u011fi (blefaroplasti) ile yorgun ifadeden kurtulun, daha gen\u00e7 ve din\u00e7 bak\u0131\u015flara kavu\u015fun. \u0130\u015flem s\u00fcreci ve avantajlar\u0131n\u0131 \u00f6\u011frenin.\" \/>\n<meta property=\"og:url\" content=\"https:\/\/drsedattatar.com\/tr\/ust-goz-kapagi-estetigi-blefaroplasti-genc-ve-dinc-bakislara-giden-yol\/\" \/>\n<meta property=\"og:site_name\" content=\"\u0130stanbul Estetik, Plastik ve Rekonstr\u00fcktif Cerrahi - Do\u00e7. Dr. Sedat Tatar\" \/>\n<meta property=\"article:published_time\" content=\"2025-08-23T07:23:24+00:00\" \/>\n<meta property=\"article:modified_time\" content=\"2025-08-23T07:23:26+00:00\" \/>\n<meta property=\"og:image\" content=\"https:\/\/drsedattatar.com\/tr\/wp-content\/uploads\/2025\/08\/33-Kapak-TR.jpg\" \/>\n\t<meta property=\"og:image:width\" content=\"1920\" \/>\n\t<meta property=\"og:image:height\" content=\"1080\" \/>\n\t<meta property=\"og:image:type\" content=\"image\/jpeg\" \/>\n<meta name=\"author\" content=\"Sedat Tatar\" \/>\n<meta name=\"twitter:card\" content=\"summary_large_image\" \/>\n<meta name=\"twitter:label1\" content=\"Yazan:\" \/>\n\t<meta name=\"twitter:data1\" content=\"Sedat Tatar\" \/>\n\t<meta name=\"twitter:label2\" content=\"Tahmini okuma s\u00fcresi\" \/>\n\t<meta name=\"twitter:data2\" content=\"4 dakika\" \/>\n<script type=\"application\/ld+json\" class=\"yoast-schema-graph\">{\"@context\":\"https:\/\/schema.org\",\"@graph\":[{\"@type\":\"Article\",\"@id\":\"https:\/\/drsedattatar.com\/tr\/ust-goz-kapagi-estetigi-blefaroplasti-genc-ve-dinc-bakislara-giden-yol\/#article\",\"isPartOf\":{\"@id\":\"https:\/\/drsedattatar.com\/tr\/ust-goz-kapagi-estetigi-blefaroplasti-genc-ve-dinc-bakislara-giden-yol\/\"},\"author\":{\"name\":\"Sedat Tatar\",\"@id\":\"https:\/\/drsedattatar.com\/tr\/#\/schema\/person\/aa22f82cb49cf6b0e8e4c2fdd472308a\"},\"headline\":\"\u00dcst G\u00f6z Kapa\u011f\u0131 Esteti\u011fi (Blefaroplasti): Gen\u00e7 ve Din\u00e7 Bak\u0131\u015flara Giden Yol\",\"datePublished\":\"2025-08-23T07:23:24+00:00\",\"dateModified\":\"2025-08-23T07:23:26+00:00\",\"mainEntityOfPage\":{\"@id\":\"https:\/\/drsedattatar.com\/tr\/ust-goz-kapagi-estetigi-blefaroplasti-genc-ve-dinc-bakislara-giden-yol\/\"},\"wordCount\":814,\"publisher\":{\"@id\":\"https:\/\/drsedattatar.com\/tr\/#organization\"},\"image\":{\"@id\":\"https:\/\/drsedattatar.com\/tr\/ust-goz-kapagi-estetigi-blefaroplasti-genc-ve-dinc-bakislara-giden-yol\/#primaryimage\"},\"thumbnailUrl\":\"https:\/\/drsedattatar.com\/tr\/wp-content\/uploads\/2025\/08\/33-Kapak-TR.jpg\",\"articleSection\":[\"Plastik Cerrahi Blog\"],\"inLanguage\":\"tr\"},{\"@type\":\"WebPage\",\"@id\":\"https:\/\/drsedattatar.com\/tr\/ust-goz-kapagi-estetigi-blefaroplasti-genc-ve-dinc-bakislara-giden-yol\/\",\"url\":\"https:\/\/drsedattatar.com\/tr\/ust-goz-kapagi-estetigi-blefaroplasti-genc-ve-dinc-bakislara-giden-yol\/\",\"name\":\"\u00dcst G\u00f6z Kapa\u011f\u0131 Esteti\u011fi (Blefaroplasti): Gen\u00e7 ve Din\u00e7 Bak\u0131\u015flara Giden Yol - \u0130stanbul Estetik, Plastik ve Rekonstr\u00fcktif Cerrahi - Do\u00e7. Dr. Sedat Tatar\",\"isPartOf\":{\"@id\":\"https:\/\/drsedattatar.com\/tr\/#website\"},\"primaryImageOfPage\":{\"@id\":\"https:\/\/drsedattatar.com\/tr\/ust-goz-kapagi-estetigi-blefaroplasti-genc-ve-dinc-bakislara-giden-yol\/#primaryimage\"},\"image\":{\"@id\":\"https:\/\/drsedattatar.com\/tr\/ust-goz-kapagi-estetigi-blefaroplasti-genc-ve-dinc-bakislara-giden-yol\/#primaryimage\"},\"thumbnailUrl\":\"https:\/\/drsedattatar.com\/tr\/wp-content\/uploads\/2025\/08\/33-Kapak-TR.jpg\",\"datePublished\":\"2025-08-23T07:23:24+00:00\",\"dateModified\":\"2025-08-23T07:23:26+00:00\",\"description\":\"\u00dcst g\u00f6z kapa\u011f\u0131 esteti\u011fi (blefaroplasti) ile yorgun ifadeden kurtulun, daha gen\u00e7 ve din\u00e7 bak\u0131\u015flara kavu\u015fun. \u0130\u015flem s\u00fcreci ve avantajlar\u0131n\u0131 \u00f6\u011frenin.\",\"breadcrumb\":{\"@id\":\"https:\/\/drsedattatar.com\/tr\/ust-goz-kapagi-estetigi-blefaroplasti-genc-ve-dinc-bakislara-giden-yol\/#breadcrumb\"},\"inLanguage\":\"tr\",\"potentialAction\":[{\"@type\":\"ReadAction\",\"target\":[\"https:\/\/drsedattatar.com\/tr\/ust-goz-kapagi-estetigi-blefaroplasti-genc-ve-dinc-bakislara-giden-yol\/\"]}]},{\"@type\":\"ImageObject\",\"inLanguage\":\"tr\",\"@id\":\"https:\/\/drsedattatar.com\/tr\/ust-goz-kapagi-estetigi-blefaroplasti-genc-ve-dinc-bakislara-giden-yol\/#primaryimage\",\"url\":\"https:\/\/drsedattatar.com\/tr\/wp-content\/uploads\/2025\/08\/33-Kapak-TR.jpg\",\"contentUrl\":\"https:\/\/drsedattatar.com\/tr\/wp-content\/uploads\/2025\/08\/33-Kapak-TR.jpg\",\"width\":1920,\"height\":1080},{\"@type\":\"BreadcrumbList\",\"@id\":\"https:\/\/drsedattatar.com\/tr\/ust-goz-kapagi-estetigi-blefaroplasti-genc-ve-dinc-bakislara-giden-yol\/#breadcrumb\",\"itemListElement\":[{\"@type\":\"ListItem\",\"position\":1,\"name\":\"Anasayfa\",\"item\":\"https:\/\/drsedattatar.com\/tr\/\"},{\"@type\":\"ListItem\",\"position\":2,\"name\":\"\u00dcst G\u00f6z Kapa\u011f\u0131 Esteti\u011fi (Blefaroplasti): Gen\u00e7 ve Din\u00e7 Bak\u0131\u015flara Giden Yol\"}]},{\"@type\":\"WebSite\",\"@id\":\"https:\/\/drsedattatar.com\/tr\/#website\",\"url\":\"https:\/\/drsedattatar.com\/tr\/\",\"name\":\"\u0130stanbul Estetik, Plastik ve Rekonstr\u00fcktif Cerrahi - Do\u00e7. Dr. Sedat Tatar\",\"description\":\"\u0130stanbul Estetik, Plastik ve Rekonstr\u00fcktif Cerrahi alan\u0131nda deneyimli Do\u00e7. Dr. Sedat Tatar ile hayallerinizi ger\u00e7e\u011fe d\u00f6n\u00fc\u015ft\u00fcr\u00fcn ve kendinizi en iyi \u015fekilde hissedin.\",\"publisher\":{\"@id\":\"https:\/\/drsedattatar.com\/tr\/#organization\"},\"potentialAction\":[{\"@type\":\"SearchAction\",\"target\":{\"@type\":\"EntryPoint\",\"urlTemplate\":\"https:\/\/drsedattatar.com\/tr\/?s={search_term_string}\"},\"query-input\":{\"@type\":\"PropertyValueSpecification\",\"valueRequired\":true,\"valueName\":\"search_term_string\"}}],\"inLanguage\":\"tr\"},{\"@type\":\"Organization\",\"@id\":\"https:\/\/drsedattatar.com\/tr\/#organization\",\"name\":\"\u0130stanbul Estetik, Plastik ve Rekonstr\u00fcktif Cerrahi - Do\u00e7. Dr. Sedat Tatar\",\"url\":\"https:\/\/drsedattatar.com\/tr\/\",\"logo\":{\"@type\":\"ImageObject\",\"inLanguage\":\"tr\",\"@id\":\"https:\/\/drsedattatar.com\/tr\/#\/schema\/logo\/image\/\",\"url\":\"https:\/\/drsedattatar.com\/tr\/wp-content\/uploads\/2023\/06\/cropped-cropped-cropped-dr-sedat-tatar-estetik-plastik-logo.webp\",\"contentUrl\":\"https:\/\/drsedattatar.com\/tr\/wp-content\/uploads\/2023\/06\/cropped-cropped-cropped-dr-sedat-tatar-estetik-plastik-logo.webp\",\"width\":1505,\"height\":602,\"caption\":\"\u0130stanbul Estetik, Plastik ve Rekonstr\u00fcktif Cerrahi - Do\u00e7. Dr. Sedat Tatar\"},\"image\":{\"@id\":\"https:\/\/drsedattatar.com\/tr\/#\/schema\/logo\/image\/\"}},{\"@type\":\"Person\",\"@id\":\"https:\/\/drsedattatar.com\/tr\/#\/schema\/person\/aa22f82cb49cf6b0e8e4c2fdd472308a\",\"name\":\"Sedat Tatar\",\"image\":{\"@type\":\"ImageObject\",\"inLanguage\":\"tr\",\"@id\":\"https:\/\/drsedattatar.com\/tr\/#\/schema\/person\/image\/\",\"url\":\"https:\/\/secure.gravatar.com\/avatar\/dea798d972982cc67ccc601a56275438ae42ec5d4557bb1f2fb426553e72d1a1?s=96&d=mm&r=g\",\"contentUrl\":\"https:\/\/secure.gravatar.com\/avatar\/dea798d972982cc67ccc601a56275438ae42ec5d4557bb1f2fb426553e72d1a1?s=96&d=mm&r=g\",\"caption\":\"Sedat Tatar\"},\"sameAs\":[\"http:\/\/drsedattatar.com\/tr\"],\"url\":\"https:\/\/drsedattatar.com\/tr\/author\/admin\/\"}]}<\/script>\n<!-- \/ Yoast SEO plugin. -->","yoast_head_json":{"title":"\u00dcst G\u00f6z Kapa\u011f\u0131 Esteti\u011fi (Blefaroplasti): Gen\u00e7 ve Din\u00e7 Bak\u0131\u015flara Giden Yol - \u0130stanbul Estetik, Plastik ve Rekonstr\u00fcktif Cerrahi - Do\u00e7. Dr. Sedat Tatar","description":"\u00dcst g\u00f6z kapa\u011f\u0131 esteti\u011fi (blefaroplasti) ile yorgun ifadeden kurtulun, daha gen\u00e7 ve din\u00e7 bak\u0131\u015flara kavu\u015fun. \u0130\u015flem s\u00fcreci ve avantajlar\u0131n\u0131 \u00f6\u011frenin.","robots":{"index":"index","follow":"follow","max-snippet":"max-snippet:-1","max-image-preview":"max-image-preview:large","max-video-preview":"max-video-preview:-1"},"canonical":"https:\/\/drsedattatar.com\/tr\/ust-goz-kapagi-estetigi-blefaroplasti-genc-ve-dinc-bakislara-giden-yol\/","og_locale":"tr_TR","og_type":"article","og_title":"\u00dcst G\u00f6z Kapa\u011f\u0131 Esteti\u011fi (Blefaroplasti): Gen\u00e7 ve Din\u00e7 Bak\u0131\u015flara Giden Yol - \u0130stanbul Estetik, Plastik ve Rekonstr\u00fcktif Cerrahi - Do\u00e7. Dr. Sedat Tatar","og_description":"\u00dcst g\u00f6z kapa\u011f\u0131 esteti\u011fi (blefaroplasti) ile yorgun ifadeden kurtulun, daha gen\u00e7 ve din\u00e7 bak\u0131\u015flara kavu\u015fun. \u0130\u015flem s\u00fcreci ve avantajlar\u0131n\u0131 \u00f6\u011frenin.","og_url":"https:\/\/drsedattatar.com\/tr\/ust-goz-kapagi-estetigi-blefaroplasti-genc-ve-dinc-bakislara-giden-yol\/","og_site_name":"\u0130stanbul Estetik, Plastik ve Rekonstr\u00fcktif Cerrahi - Do\u00e7. Dr. Sedat Tatar","article_published_time":"2025-08-23T07:23:24+00:00","article_modified_time":"2025-08-23T07:23:26+00:00","og_image":[{"width":1920,"height":1080,"url":"https:\/\/drsedattatar.com\/tr\/wp-content\/uploads\/2025\/08\/33-Kapak-TR.jpg","type":"image\/jpeg"}],"author":"Sedat Tatar","twitter_card":"summary_large_image","twitter_misc":{"Yazan:":"Sedat Tatar","Tahmini okuma s\u00fcresi":"4 dakika"},"schema":{"@context":"https:\/\/schema.org","@graph":[{"@type":"Article","@id":"https:\/\/drsedattatar.com\/tr\/ust-goz-kapagi-estetigi-blefaroplasti-genc-ve-dinc-bakislara-giden-yol\/#article","isPartOf":{"@id":"https:\/\/drsedattatar.com\/tr\/ust-goz-kapagi-estetigi-blefaroplasti-genc-ve-dinc-bakislara-giden-yol\/"},"author":{"name":"Sedat Tatar","@id":"https:\/\/drsedattatar.com\/tr\/#\/schema\/person\/aa22f82cb49cf6b0e8e4c2fdd472308a"},"headline":"\u00dcst G\u00f6z Kapa\u011f\u0131 Esteti\u011fi (Blefaroplasti): Gen\u00e7 ve Din\u00e7 Bak\u0131\u015flara Giden Yol","datePublished":"2025-08-23T07:23:24+00:00","dateModified":"2025-08-23T07:23:26+00:00","mainEntityOfPage":{"@id":"https:\/\/drsedattatar.com\/tr\/ust-goz-kapagi-estetigi-blefaroplasti-genc-ve-dinc-bakislara-giden-yol\/"},"wordCount":814,"publisher":{"@id":"https:\/\/drsedattatar.com\/tr\/#organization"},"image":{"@id":"https:\/\/drsedattatar.com\/tr\/ust-goz-kapagi-estetigi-blefaroplasti-genc-ve-dinc-bakislara-giden-yol\/#primaryimage"},"thumbnailUrl":"https:\/\/drsedattatar.com\/tr\/wp-content\/uploads\/2025\/08\/33-Kapak-TR.jpg","articleSection":["Plastik Cerrahi Blog"],"inLanguage":"tr"},{"@type":"WebPage","@id":"https:\/\/drsedattatar.com\/tr\/ust-goz-kapagi-estetigi-blefaroplasti-genc-ve-dinc-bakislara-giden-yol\/","url":"https:\/\/drsedattatar.com\/tr\/ust-goz-kapagi-estetigi-blefaroplasti-genc-ve-dinc-bakislara-giden-yol\/","name":"\u00dcst G\u00f6z Kapa\u011f\u0131 Esteti\u011fi (Blefaroplasti): Gen\u00e7 ve Din\u00e7 Bak\u0131\u015flara Giden Yol - \u0130stanbul Estetik, Plastik ve Rekonstr\u00fcktif Cerrahi - Do\u00e7. Dr. Sedat Tatar","isPartOf":{"@id":"https:\/\/drsedattatar.com\/tr\/#website"},"primaryImageOfPage":{"@id":"https:\/\/drsedattatar.com\/tr\/ust-goz-kapagi-estetigi-blefaroplasti-genc-ve-dinc-bakislara-giden-yol\/#primaryimage"},"image":{"@id":"https:\/\/drsedattatar.com\/tr\/ust-goz-kapagi-estetigi-blefaroplasti-genc-ve-dinc-bakislara-giden-yol\/#primaryimage"},"thumbnailUrl":"https:\/\/drsedattatar.com\/tr\/wp-content\/uploads\/2025\/08\/33-Kapak-TR.jpg","datePublished":"2025-08-23T07:23:24+00:00","dateModified":"2025-08-23T07:23:26+00:00","description":"\u00dcst g\u00f6z kapa\u011f\u0131 esteti\u011fi (blefaroplasti) ile yorgun ifadeden kurtulun, daha gen\u00e7 ve din\u00e7 bak\u0131\u015flara kavu\u015fun. \u0130\u015flem s\u00fcreci ve avantajlar\u0131n\u0131 \u00f6\u011frenin.","breadcrumb":{"@id":"https:\/\/drsedattatar.com\/tr\/ust-goz-kapagi-estetigi-blefaroplasti-genc-ve-dinc-bakislara-giden-yol\/#breadcrumb"},"inLanguage":"tr","potentialAction":[{"@type":"ReadAction","target":["https:\/\/drsedattatar.com\/tr\/ust-goz-kapagi-estetigi-blefaroplasti-genc-ve-dinc-bakislara-giden-yol\/"]}]},{"@type":"ImageObject","inLanguage":"tr","@id":"https:\/\/drsedattatar.com\/tr\/ust-goz-kapagi-estetigi-blefaroplasti-genc-ve-dinc-bakislara-giden-yol\/#primaryimage","url":"https:\/\/drsedattatar.com\/tr\/wp-content\/uploads\/2025\/08\/33-Kapak-TR.jpg","contentUrl":"https:\/\/drsedattatar.com\/tr\/wp-content\/uploads\/2025\/08\/33-Kapak-TR.jpg","width":1920,"height":1080},{"@type":"BreadcrumbList","@id":"https:\/\/drsedattatar.com\/tr\/ust-goz-kapagi-estetigi-blefaroplasti-genc-ve-dinc-bakislara-giden-yol\/#breadcrumb","itemListElement":[{"@type":"ListItem","position":1,"name":"Anasayfa","item":"https:\/\/drsedattatar.com\/tr\/"},{"@type":"ListItem","position":2,"name":"\u00dcst G\u00f6z Kapa\u011f\u0131 Esteti\u011fi (Blefaroplasti): Gen\u00e7 ve Din\u00e7 Bak\u0131\u015flara Giden Yol"}]},{"@type":"WebSite","@id":"https:\/\/drsedattatar.com\/tr\/#website","url":"https:\/\/drsedattatar.com\/tr\/","name":"\u0130stanbul Estetik, Plastik ve Rekonstr\u00fcktif Cerrahi - Do\u00e7. Dr. Sedat Tatar","description":"\u0130stanbul Estetik, Plastik ve Rekonstr\u00fcktif Cerrahi alan\u0131nda deneyimli Do\u00e7. Dr. Sedat Tatar ile hayallerinizi ger\u00e7e\u011fe d\u00f6n\u00fc\u015ft\u00fcr\u00fcn ve kendinizi en iyi \u015fekilde hissedin.","publisher":{"@id":"https:\/\/drsedattatar.com\/tr\/#organization"},"potentialAction":[{"@type":"SearchAction","target":{"@type":"EntryPoint","urlTemplate":"https:\/\/drsedattatar.com\/tr\/?s={search_term_string}"},"query-input":{"@type":"PropertyValueSpecification","valueRequired":true,"valueName":"search_term_string"}}],"inLanguage":"tr"},{"@type":"Organization","@id":"https:\/\/drsedattatar.com\/tr\/#organization","name":"\u0130stanbul Estetik, Plastik ve Rekonstr\u00fcktif Cerrahi - Do\u00e7. Dr. Sedat Tatar","url":"https:\/\/drsedattatar.com\/tr\/","logo":{"@type":"ImageObject","inLanguage":"tr","@id":"https:\/\/drsedattatar.com\/tr\/#\/schema\/logo\/image\/","url":"https:\/\/drsedattatar.com\/tr\/wp-content\/uploads\/2023\/06\/cropped-cropped-cropped-dr-sedat-tatar-estetik-plastik-logo.webp","contentUrl":"https:\/\/drsedattatar.com\/tr\/wp-content\/uploads\/2023\/06\/cropped-cropped-cropped-dr-sedat-tatar-estetik-plastik-logo.webp","width":1505,"height":602,"caption":"\u0130stanbul Estetik, Plastik ve Rekonstr\u00fcktif Cerrahi - Do\u00e7. Dr. Sedat Tatar"},"image":{"@id":"https:\/\/drsedattatar.com\/tr\/#\/schema\/logo\/image\/"}},{"@type":"Person","@id":"https:\/\/drsedattatar.com\/tr\/#\/schema\/person\/aa22f82cb49cf6b0e8e4c2fdd472308a","name":"Sedat Tatar","image":{"@type":"ImageObject","inLanguage":"tr","@id":"https:\/\/drsedattatar.com\/tr\/#\/schema\/person\/image\/","url":"https:\/\/secure.gravatar.com\/avatar\/dea798d972982cc67ccc601a56275438ae42ec5d4557bb1f2fb426553e72d1a1?s=96&d=mm&r=g","contentUrl":"https:\/\/secure.gravatar.com\/avatar\/dea798d972982cc67ccc601a56275438ae42ec5d4557bb1f2fb426553e72d1a1?s=96&d=mm&r=g","caption":"Sedat Tatar"},"sameAs":["http:\/\/drsedattatar.com\/tr"],"url":"https:\/\/drsedattatar.com\/tr\/author\/admin\/"}]}},"taxonomy_info":{"category":[{"value":14,"label":"Plastik Cerrahi Blog"}]},"featured_image_src_large":["https:\/\/drsedattatar.com\/tr\/wp-content\/uploads\/2025\/08\/33-Kapak-TR-1024x576.jpg",1024,576,true],"author_info":{"display_name":"Sedat Tatar","author_link":"https:\/\/drsedattatar.com\/tr\/author\/admin\/"},"comment_info":0,"category_info":[{"term_id":14,"name":"Plastik Cerrahi Blog","slug":"plastik-cerrahi-blog","term_group":0,"term_taxonomy_id":14,"taxonomy":"category","description":"","parent":0,"count":155,"filter":"raw","cat_ID":14,"category_count":155,"category_description":"","cat_name":"Plastik Cerrahi Blog","category_nicename":"plastik-cerrahi-blog","category_parent":0}],"tag_info":false,"_links":{"self":[{"href":"https:\/\/drsedattatar.com\/tr\/wp-json\/wp\/v2\/posts\/2896","targetHints":{"allow":["GET"]}}],"collection":[{"href":"https:\/\/drsedattatar.com\/tr\/wp-json\/wp\/v2\/posts"}],"about":[{"href":"https:\/\/drsedattatar.com\/tr\/wp-json\/wp\/v2\/types\/post"}],"author":[{"embeddable":true,"href":"https:\/\/drsedattatar.com\/tr\/wp-json\/wp\/v2\/users\/1"}],"replies":[{"embeddable":true,"href":"https:\/\/drsedattatar.com\/tr\/wp-json\/wp\/v2\/comments?post=2896"}],"version-history":[{"count":2,"href":"https:\/\/drsedattatar.com\/tr\/wp-json\/wp\/v2\/posts\/2896\/revisions"}],"predecessor-version":[{"id":2899,"href":"https:\/\/drsedattatar.com\/tr\/wp-json\/wp\/v2\/posts\/2896\/revisions\/2899"}],"wp:featuredmedia":[{"embeddable":true,"href":"https:\/\/drsedattatar.com\/tr\/wp-json\/wp\/v2\/media\/2897"}],"wp:attachment":[{"href":"https:\/\/drsedattatar.com\/tr\/wp-json\/wp\/v2\/media?parent=2896"}],"wp:term":[{"taxonomy":"category","embeddable":true,"href":"https:\/\/drsedattatar.com\/tr\/wp-json\/wp\/v2\/categories?post=2896"},{"taxonomy":"post_tag","embeddable":true,"href":"https:\/\/drsedattatar.com\/tr\/wp-json\/wp\/v2\/tags?post=2896"}],"curies":[{"name":"wp","href":"https:\/\/api.w.org\/{rel}","templated":true}]}}