{"id":2904,"date":"2025-08-23T07:50:16","date_gmt":"2025-08-23T07:50:16","guid":{"rendered":"https:\/\/drsedattatar.com\/tr\/?p=2904"},"modified":"2025-08-23T07:50:18","modified_gmt":"2025-08-23T07:50:18","slug":"yazin-estetik-ameliyat-olmali-miyim","status":"publish","type":"post","link":"https:\/\/drsedattatar.com\/tr\/yazin-estetik-ameliyat-olmali-miyim\/","title":{"rendered":"Yaz\u0131n Estetik Ameliyat Olmal\u0131 M\u0131y\u0131m?"},"content":{"rendered":"\n<p>Yaz aylar\u0131 tatil, yenilenme ve \u00f6zg\u00fcvenin tazelendi\u011fi mevsimlerdir. Aynaya bakt\u0131\u011f\u0131n\u0131zda kendinizde baz\u0131 de\u011fi\u015fiklikler g\u00f6rmek istiyorsan\u0131z ve bu de\u011fi\u015fikliklerin adresi estetik cerrahiyse, akla ilk gelen sorulardan biri \u015fudur: Yaz\u0131n estetik ameliyat olmak do\u011fru mu? Bu yaz\u0131m\u0131zda yaz mevsiminde estetik ameliyat\u0131n avantajlar\u0131n\u0131, risklerini ve nelere dikkat edilmesi gerekti\u011fini detayl\u0131 bir \u015fekilde ele alaca\u011f\u0131z.<\/p>\n\n\n\n<h2 class=\"wp-block-heading\"><a><\/a><strong>Estetik Ameliyatlar \u0130\u00e7in Mevsim Ne Kadar \u00d6nemlidir?<\/strong><\/h2>\n\n\n\n<p>Asl\u0131nda estetik operasyonlar y\u0131l\u0131n her d\u00f6neminde g\u00fcvenle yap\u0131labilir. Ancak baz\u0131 mevsimler, operasyon sonras\u0131 bak\u0131m ve iyile\u015fme s\u00fcreci a\u00e7\u0131s\u0131ndan daha avantajl\u0131 olabilir. Bu ba\u011flamda yaz aylar\u0131 hem f\u0131rsat hem de dikkat edilmesi gereken zorluklar sunar.<\/p>\n\n\n\n<h2 class=\"wp-block-heading\"><a><\/a><strong>Yaz Aylar\u0131nda Estetik Cerrahinin Avantajlar\u0131<\/strong><\/h2>\n\n\n\n<h3 class=\"wp-block-heading\"><a><\/a><strong>1. \u0130zin D\u00f6nemlerinin Uzunlu\u011fu<\/strong><\/h3>\n\n\n\n<p>Yaz, bir\u00e7ok ki\u015fi i\u00e7in y\u0131ll\u0131k izin d\u00f6nemidir. Ameliyat sonras\u0131 evde dinlenme s\u00fcreci i\u00e7in ekstra zaman yaratmak kolayla\u015f\u0131r.<\/p>\n\n\n\n<h3 class=\"wp-block-heading\"><a><\/a><strong>2. K\u0131yafetlerin Rahatl\u0131\u011f\u0131<\/strong><\/h3>\n\n\n\n<p>Yaz k\u0131yafetleri genellikle daha bol ve rahat oldu\u011fundan, ameliyat sonras\u0131 hassas b\u00f6lgelerin tahri\u015f olma riski azal\u0131r.<\/p>\n\n\n\n<h3 class=\"wp-block-heading\"><a><\/a><strong>3. Moral ve Psikolojik Etki<\/strong><\/h3>\n\n\n\n<p>G\u00fcne\u015fli havalar moral \u00fczerinde olumlu etki yarat\u0131r. Bu da iyile\u015fme s\u00fcrecinin daha h\u0131zl\u0131 ve pozitif ge\u00e7mesine katk\u0131 sa\u011flar.<\/p>\n\n\n\n<h2 class=\"wp-block-heading\"><a><\/a><strong>Yaz Aylar\u0131nda Dikkat Edilmesi Gereken Riskler<\/strong><\/h2>\n\n\n\n<h3 class=\"wp-block-heading\"><a><\/a><strong>1. G\u00fcne\u015fe Maruz Kalma<\/strong><\/h3>\n\n\n\n<p>\u00d6zellikle y\u00fcz, burun, liposuction, popo b\u00fcy\u00fctme (BBL), kar\u0131n germe ve meme esteti\u011fi sonras\u0131 do\u011frudan g\u00fcne\u015f \u0131\u015f\u0131\u011f\u0131na maruz kalmak, izlerin koyula\u015fmas\u0131na neden olabilir.<\/p>\n\n\n\n<h3 class=\"wp-block-heading\"><a><\/a><strong>2. Terleme ve Enfeksiyon Riski<\/strong><\/h3>\n\n\n\n<p>S\u0131cak havalarda terleme artt\u0131\u011f\u0131 i\u00e7in ameliyat b\u00f6lgelerinde enfeksiyon riski artabilir. Bu nedenle hijyene ekstra \u00f6zen g\u00f6sterilmelidir.<\/p>\n\n\n\n<h3 class=\"wp-block-heading\"><a><\/a><strong>3. Y\u00fczme Yasaklar\u0131<\/strong><\/h3>\n\n\n\n<p>Ameliyat sonras\u0131, enfeksiyon riskine kar\u015f\u0131 en az 3-4 hafta denize ya da havuza girilmemesi gerekir. Bu, yaz planlar\u0131n\u0131 etkileyebilir.<\/p>\n\n\n\n<h2 class=\"wp-block-heading\"><a><\/a><strong>Hangi Estetik Ameliyatlar Yaz \u0130\u00e7in Daha Uygun?<\/strong><\/h2>\n\n\n\n<p>Yaz mevsimi, estetik operasyonlar i\u00e7in baz\u0131 ki\u015filer ad\u0131na cazip bir d\u00f6nem olabilir. Bu s\u00fcre\u00e7te \u00f6zellikle baz\u0131 ameliyat t\u00fcrleri daha s\u0131k tercih edilmektedir. Burun esteti\u011fi, yaz aylar\u0131nda s\u0131k yap\u0131lan operasyonlardan biridir. Ancak do\u011frudan g\u00fcne\u015fe maruz kalmamak ve iyile\u015fme d\u00f6neminde burnu korumak b\u00fcy\u00fck \u00f6nem ta\u015f\u0131r. Meme k\u00fc\u00e7\u00fcltme ameliyatlar\u0131 da yaz d\u00f6neminde olduk\u00e7a pop\u00fclerdir \u00e7\u00fcnk\u00fc operasyon sonras\u0131 ya\u015fanan fiziksel rahatlama, \u00f6zellikle s\u0131cak havalarda ciddi bir konfor sa\u011flar. Liposuction (ya\u011f alma) i\u015flemi de v\u00fccut kont\u00fcr\u00fcn\u00fc d\u00fczeltmek isteyenler i\u00e7in tercih edilen y\u00f6ntemlerdendir. Fakat i\u015flem sonras\u0131 \u00f6zel korseler kullan\u0131lmas\u0131 gerekti\u011finden, s\u0131cak hava bu s\u00fcreci biraz zorla\u015ft\u0131rabilir.<\/p>\n\n\n\n<p>Buna kar\u015f\u0131l\u0131k, baz\u0131 estetik operasyonlar yaz\u0131n yap\u0131l\u0131rken daha fazla dikkat gerektirir. Kar\u0131n germe ameliyat\u0131, geni\u015f bir alan\u0131 kapsad\u0131\u011f\u0131 ve iyile\u015fme s\u00fcresi uzun oldu\u011fu i\u00e7in yaz\u0131n yap\u0131lacaksa \u00e7ok iyi planlanmal\u0131d\u0131r. Ayr\u0131ca g\u00fcne\u015fe ve s\u0131ca\u011fa ba\u011fl\u0131 olarak olu\u015fabilecek komplikasyon riskleri g\u00f6z \u00f6n\u00fcnde bulundurulmal\u0131d\u0131r. Y\u00fcz germe ameliyatlar\u0131 ise do\u011frudan g\u00fcne\u015fe maruz kalma nedeniyle yaz\u0131n ekstra \u00f6zen isteyen i\u015flemler aras\u0131nda yer al\u0131r. Bu t\u00fcr operasyonlarda g\u00fcne\u015f \u0131\u015f\u0131\u011f\u0131ndan ka\u00e7\u0131nmak, ciltte iz kalmas\u0131n\u0131 \u00f6nlemek ad\u0131na olduk\u00e7a \u00f6nemlidir.<\/p>\n\n\n\n<h2 class=\"wp-block-heading\"><a><\/a><strong>Yaz\u0131n Estetik Ameliyat Olmak \u0130steyenlere Tavsiyeler<\/strong><\/h2>\n\n\n\n<ol start=\"1\" class=\"wp-block-list\">\n<li><strong>Koruyucu G\u00fcne\u015f \u00dcr\u00fcnleri Kullan\u0131n:<\/strong> Ameliyat sonras\u0131 cilt daha hassas olur. SPF 50+ g\u00fcne\u015f kremi kullan\u0131m\u0131 \u015fartt\u0131r.<br><\/li>\n\n\n\n<li><strong>Doktor Kontrollerini Aksatmay\u0131n:<\/strong> Tatil planlar\u0131n\u0131z\u0131 kontrollerinize g\u00f6re yap\u0131n.<br><\/li>\n\n\n\n<li><strong>Bol, pamuklu k\u0131yafetler tercih edin:<\/strong> Terletmeyen, cildi tahri\u015f etmeyen k\u0131yafetler iyile\u015fmeyi h\u0131zland\u0131r\u0131r.<br><\/li>\n\n\n\n<li><strong>Beslenmeye Dikkat Edin:<\/strong> \u0130yile\u015fme s\u00fcreci i\u00e7in protein a\u011f\u0131rl\u0131kl\u0131 ve antioksidan a\u00e7\u0131s\u0131ndan zengin besinler t\u00fcketin.<br><\/li>\n\n\n\n<li><strong>Havuz ve Denize Girmeyin:<\/strong> \u0130yile\u015fme s\u00fcreci tamamlanmadan suyla temas, enfeksiyon riskini art\u0131r\u0131r.<\/li>\n<\/ol>\n\n\n\n<h2 class=\"wp-block-heading\"><strong>Estetik Ameliyat \u0130\u00e7in Yaz m\u0131, K\u0131\u015f m\u0131 Daha \u0130yi?<\/strong><\/h2>\n\n\n\n<p>Her iki mevsimin de kendine has avantajlar\u0131 vard\u0131r. K\u0131\u015f aylar\u0131nda g\u00fcne\u015f daha az etkili oldu\u011fu i\u00e7in izlerin iyile\u015fmesi daha konforlu olabilir. Ancak yaz\u0131n sa\u011flad\u0131\u011f\u0131 izin avantaj\u0131 ve y\u00fcksek moral, bu s\u00fcreci daha keyifli hale getirebilir. As\u0131l \u00f6nemli olan, ameliyat\u0131n zamanlamas\u0131ndan \u00e7ok, ameliyat sonras\u0131 kurallara uyulup uyulmad\u0131\u011f\u0131d\u0131r.<\/p>\n\n\n\n<h2 class=\"wp-block-heading\"><strong>Do\u011fru Planlama \u0130le Yaz Mevsimi Engel De\u011fil<\/strong><\/h2>\n\n\n\n<p>Yaz aylar\u0131nda estetik ameliyat olmak istiyorsan\u0131z, \u00f6ncelikle uzman bir plastik cerrah ile detayl\u0131 bir g\u00f6r\u00fc\u015fme yapmal\u0131s\u0131n\u0131z. Do\u011fru planlama, uygun bak\u0131m ve doktor \u00f6nerilerine tam uyum ile yaz mevsimi de g\u00fcvenle estetik ameliyat yapt\u0131rabilece\u011finiz bir d\u00f6nem olabilir.<\/p>\n\n\n\n<h2 class=\"wp-block-heading\"><strong>S\u0131k\u00e7a Sorulan Sorular<\/strong><\/h2>\n\n\n\n<h3 class=\"wp-block-heading\"><a><\/a><strong>1. Yaz\u0131n burun esteti\u011fi yap\u0131l\u0131r m\u0131?<\/strong><\/h3>\n\n\n\n<p>Evet, yap\u0131labilir. Ancak g\u00fcne\u015ften mutlaka korunmal\u0131, burun bandajlar\u0131 nemden uzak tutulmal\u0131d\u0131r.<\/p>\n\n\n\n<h3 class=\"wp-block-heading\"><a><\/a><strong>2. Yaz\u0131n estetik ameliyat sonras\u0131 denize girebilir miyim?<\/strong><\/h3>\n\n\n\n<p>Hay\u0131r. En az 3-4 hafta deniz ve havuzdan uzak durmal\u0131s\u0131n\u0131z.<\/p>\n\n\n\n<h3 class=\"wp-block-heading\"><a><\/a><strong>3. Yaz aylar\u0131nda liposuction yap\u0131labilir mi?<\/strong><\/h3>\n\n\n\n<p>Evet. Ancak korsenin yaz s\u0131caklar\u0131nda rahats\u0131z edici olabilece\u011fi unutulmamal\u0131.<\/p>\n\n\n\n<h3 class=\"wp-block-heading\"><a><\/a><strong>4. Yaz\u0131n meme k\u00fc\u00e7\u00fcltme ameliyat\u0131 yap\u0131l\u0131r m\u0131?<\/strong><\/h3>\n\n\n\n<p>Evet, \u00f6zellikle b\u00fcy\u00fck meme \u015fik\u00e2yeti olan kad\u0131nlar yaz aylar\u0131nda b\u00fcy\u00fck rahatlama ya\u015far.<\/p>\n\n\n\n<h3 class=\"wp-block-heading\"><a><\/a><strong>5. Terlemek estetik ameliyat sonras\u0131 sorun yarat\u0131r m\u0131?<\/strong><\/h3>\n\n\n\n<p>Evet, terleme enfeksiyon riskini art\u0131r\u0131r. Temizlik ve hijyen kurallar\u0131na dikkat edilmelidir.<\/p>\n\n\n\n<h3 class=\"wp-block-heading\"><a><\/a><strong>6. Ameliyat sonras\u0131 g\u00fcne\u015fe \u00e7\u0131kmak neden sak\u0131ncal\u0131?<\/strong><\/h3>\n\n\n\n<p>G\u00fcne\u015f, iyile\u015fmekte olan ciltte izlerin koyula\u015fmas\u0131na ve kal\u0131c\u0131 hale gelmesine neden olabilir.<\/p>\n\n\n\n<p><strong>\u0130LET\u0130\u015e\u0130M B\u0130LG\u0130LER\u0130<\/strong><\/p>\n\n\n\n<p><strong>Do\u00e7. Dr. Sedar Tatar Klini\u011fi<\/strong><\/p>\n\n\n\n<p><strong>Telefon No :&nbsp;<\/strong><a href=\"tel:+90%20(555)%20100%2010%2083\">+90 (555) 100 10 83<\/a><br><strong>\u0130leti\u015fim Linki :&nbsp;<\/strong><a href=\"mailto:info@drsedattatar.com\">info@drsedattatar.com<\/a><br><strong>Adres :&nbsp;<\/strong>Levent Mahallesi, Karanfil Aral\u0131\u011f\u0131 Caddesi No: 18 Be\u015fikta\u015f\/\u0130STANBUL<\/p>\n\n\n\n<p><\/p>\n\n\n<div class=\"kk-star-ratings kksr-auto kksr-align-center kksr-valign-bottom\"\n    data-payload='{&quot;align&quot;:&quot;center&quot;,&quot;id&quot;:&quot;2904&quot;,&quot;slug&quot;:&quot;default&quot;,&quot;valign&quot;:&quot;bottom&quot;,&quot;ignore&quot;:&quot;&quot;,&quot;reference&quot;:&quot;auto&quot;,&quot;class&quot;:&quot;&quot;,&quot;count&quot;:&quot;0&quot;,&quot;legendonly&quot;:&quot;&quot;,&quot;readonly&quot;:&quot;&quot;,&quot;score&quot;:&quot;0&quot;,&quot;starsonly&quot;:&quot;&quot;,&quot;best&quot;:&quot;5&quot;,&quot;gap&quot;:&quot;5&quot;,&quot;greet&quot;:&quot;\u0130\u00e7eri\u011fimizi Oylay\u0131n!&quot;,&quot;legend&quot;:&quot;0\\\/5 - (0 oy verildi!)&quot;,&quot;size&quot;:&quot;24&quot;,&quot;title&quot;:&quot;Yaz\u0131n Estetik Ameliyat Olmal\u0131 M\u0131y\u0131m?&quot;,&quot;width&quot;:&quot;0&quot;,&quot;_legend&quot;:&quot;{score}\\\/{best} - ({count} oy verildi!)&quot;,&quot;font_factor&quot;:&quot;1.25&quot;}'>\n            \n<div class=\"kksr-stars\">\n    \n<div class=\"kksr-stars-inactive\">\n            <div class=\"kksr-star\" data-star=\"1\" style=\"padding-right: 5px\">\n            \n\n<div class=\"kksr-icon\" style=\"width: 24px; height: 24px;\"><\/div>\n        <\/div>\n            <div class=\"kksr-star\" data-star=\"2\" style=\"padding-right: 5px\">\n            \n\n<div class=\"kksr-icon\" style=\"width: 24px; height: 24px;\"><\/div>\n        <\/div>\n            <div class=\"kksr-star\" data-star=\"3\" style=\"padding-right: 5px\">\n            \n\n<div class=\"kksr-icon\" style=\"width: 24px; height: 24px;\"><\/div>\n        <\/div>\n            <div class=\"kksr-star\" data-star=\"4\" style=\"padding-right: 5px\">\n            \n\n<div class=\"kksr-icon\" style=\"width: 24px; height: 24px;\"><\/div>\n        <\/div>\n            <div class=\"kksr-star\" data-star=\"5\" style=\"padding-right: 5px\">\n            \n\n<div class=\"kksr-icon\" style=\"width: 24px; height: 24px;\"><\/div>\n        <\/div>\n    <\/div>\n    \n<div class=\"kksr-stars-active\" style=\"width: 0px;\">\n            <div class=\"kksr-star\" style=\"padding-right: 5px\">\n            \n\n<div class=\"kksr-icon\" style=\"width: 24px; height: 24px;\"><\/div>\n        <\/div>\n            <div class=\"kksr-star\" style=\"padding-right: 5px\">\n            \n\n<div class=\"kksr-icon\" style=\"width: 24px; height: 24px;\"><\/div>\n        <\/div>\n            <div class=\"kksr-star\" style=\"padding-right: 5px\">\n            \n\n<div class=\"kksr-icon\" style=\"width: 24px; height: 24px;\"><\/div>\n        <\/div>\n            <div class=\"kksr-star\" style=\"padding-right: 5px\">\n            \n\n<div class=\"kksr-icon\" style=\"width: 24px; height: 24px;\"><\/div>\n        <\/div>\n            <div class=\"kksr-star\" style=\"padding-right: 5px\">\n            \n\n<div class=\"kksr-icon\" style=\"width: 24px; height: 24px;\"><\/div>\n        <\/div>\n    <\/div>\n<\/div>\n                \n\n<div class=\"kksr-legend\" style=\"font-size: 19.2px;\">\n            <span class=\"kksr-muted\">\u0130\u00e7eri\u011fimizi Oylay\u0131n!<\/span>\n    <\/div>\n    <\/div>\n","protected":false},"excerpt":{"rendered":"<p>Yaz aylar\u0131 tatil, yenilenme ve \u00f6zg\u00fcvenin tazelendi\u011fi mevsimlerdir. Aynaya bakt\u0131\u011f\u0131n\u0131zda kendinizde baz\u0131 de\u011fi\u015fiklikler g\u00f6rmek istiyorsan\u0131z ve bu de\u011fi\u015fikliklerin adresi estetik cerrahiyse, akla ilk gelen sorulardan biri \u015fudur: Yaz\u0131n estetik ameliyat olmak do\u011fru mu? Bu yaz\u0131m\u0131zda yaz mevsiminde estetik ameliyat\u0131n avantajlar\u0131n\u0131, risklerini ve nelere dikkat edilmesi gerekti\u011fini detayl\u0131 bir \u015fekilde ele alaca\u011f\u0131z.<\/p>\n","protected":false},"author":1,"featured_media":2905,"comment_status":"closed","ping_status":"open","sticky":false,"template":"","format":"standard","meta":{"_kad_blocks_custom_css":"","_kad_blocks_head_custom_js":"","_kad_blocks_body_custom_js":"","_kad_blocks_footer_custom_js":"","_kadence_starter_templates_imported_post":false,"_kad_post_transparent":"","_kad_post_title":"","_kad_post_layout":"","_kad_post_sidebar_id":"","_kad_post_content_style":"","_kad_post_vertical_padding":"","_kad_post_feature":"","_kad_post_feature_position":"","_kad_post_header":false,"_kad_post_footer":false,"footnotes":""},"categories":[14],"tags":[],"class_list":["post-2904","post","type-post","status-publish","format-standard","has-post-thumbnail","hentry","category-plastik-cerrahi-blog"],"yoast_head":"<!-- This site is optimized with the Yoast SEO plugin v25.9 - https:\/\/yoast.com\/wordpress\/plugins\/seo\/ -->\n<title>Yaz\u0131n Estetik Ameliyat Olmal\u0131 M\u0131y\u0131m? - \u0130stanbul Estetik, Plastik ve Rekonstr\u00fcktif Cerrahi - Do\u00e7. Dr. Sedat Tatar<\/title>\n<meta name=\"description\" content=\"Yaz aylar\u0131nda estetik cerrahi yap\u0131l\u0131r m\u0131? G\u00fcne\u015f, terleme ve denize girme k\u0131s\u0131tlamalar\u0131 hakk\u0131nda bilmeniz gereken t\u00fcm detaylar.\" \/>\n<meta name=\"robots\" content=\"index, follow, max-snippet:-1, max-image-preview:large, max-video-preview:-1\" \/>\n<link rel=\"canonical\" href=\"https:\/\/drsedattatar.com\/tr\/yazin-estetik-ameliyat-olmali-miyim\/\" \/>\n<meta property=\"og:locale\" content=\"tr_TR\" \/>\n<meta property=\"og:type\" content=\"article\" \/>\n<meta property=\"og:title\" content=\"Yaz\u0131n Estetik Ameliyat Olmal\u0131 M\u0131y\u0131m? - \u0130stanbul Estetik, Plastik ve Rekonstr\u00fcktif Cerrahi - Do\u00e7. Dr. Sedat Tatar\" \/>\n<meta property=\"og:description\" content=\"Yaz aylar\u0131nda estetik cerrahi yap\u0131l\u0131r m\u0131? G\u00fcne\u015f, terleme ve denize girme k\u0131s\u0131tlamalar\u0131 hakk\u0131nda bilmeniz gereken t\u00fcm detaylar.\" \/>\n<meta property=\"og:url\" content=\"https:\/\/drsedattatar.com\/tr\/yazin-estetik-ameliyat-olmali-miyim\/\" \/>\n<meta property=\"og:site_name\" content=\"\u0130stanbul Estetik, Plastik ve Rekonstr\u00fcktif Cerrahi - Do\u00e7. Dr. Sedat Tatar\" \/>\n<meta property=\"article:published_time\" content=\"2025-08-23T07:50:16+00:00\" \/>\n<meta property=\"article:modified_time\" content=\"2025-08-23T07:50:18+00:00\" \/>\n<meta property=\"og:image\" content=\"https:\/\/drsedattatar.com\/tr\/wp-content\/uploads\/2025\/08\/35-Kapak-TR.png\" \/>\n\t<meta property=\"og:image:width\" content=\"1920\" \/>\n\t<meta property=\"og:image:height\" content=\"1080\" \/>\n\t<meta property=\"og:image:type\" content=\"image\/png\" \/>\n<meta name=\"author\" content=\"Sedat Tatar\" \/>\n<meta name=\"twitter:card\" content=\"summary_large_image\" \/>\n<meta name=\"twitter:label1\" content=\"Yazan:\" \/>\n\t<meta name=\"twitter:data1\" content=\"Sedat Tatar\" \/>\n\t<meta name=\"twitter:label2\" content=\"Tahmini okuma s\u00fcresi\" \/>\n\t<meta name=\"twitter:data2\" content=\"5 dakika\" \/>\n<script type=\"application\/ld+json\" class=\"yoast-schema-graph\">{\"@context\":\"https:\/\/schema.org\",\"@graph\":[{\"@type\":\"Article\",\"@id\":\"https:\/\/drsedattatar.com\/tr\/yazin-estetik-ameliyat-olmali-miyim\/#article\",\"isPartOf\":{\"@id\":\"https:\/\/drsedattatar.com\/tr\/yazin-estetik-ameliyat-olmali-miyim\/\"},\"author\":{\"name\":\"Sedat Tatar\",\"@id\":\"https:\/\/drsedattatar.com\/tr\/#\/schema\/person\/aa22f82cb49cf6b0e8e4c2fdd472308a\"},\"headline\":\"Yaz\u0131n Estetik Ameliyat Olmal\u0131 M\u0131y\u0131m?\",\"datePublished\":\"2025-08-23T07:50:16+00:00\",\"dateModified\":\"2025-08-23T07:50:18+00:00\",\"mainEntityOfPage\":{\"@id\":\"https:\/\/drsedattatar.com\/tr\/yazin-estetik-ameliyat-olmali-miyim\/\"},\"wordCount\":966,\"publisher\":{\"@id\":\"https:\/\/drsedattatar.com\/tr\/#organization\"},\"image\":{\"@id\":\"https:\/\/drsedattatar.com\/tr\/yazin-estetik-ameliyat-olmali-miyim\/#primaryimage\"},\"thumbnailUrl\":\"https:\/\/drsedattatar.com\/tr\/wp-content\/uploads\/2025\/08\/35-Kapak-TR.png\",\"articleSection\":[\"Plastik Cerrahi Blog\"],\"inLanguage\":\"tr\"},{\"@type\":\"WebPage\",\"@id\":\"https:\/\/drsedattatar.com\/tr\/yazin-estetik-ameliyat-olmali-miyim\/\",\"url\":\"https:\/\/drsedattatar.com\/tr\/yazin-estetik-ameliyat-olmali-miyim\/\",\"name\":\"Yaz\u0131n Estetik Ameliyat Olmal\u0131 M\u0131y\u0131m? - \u0130stanbul Estetik, Plastik ve Rekonstr\u00fcktif Cerrahi - Do\u00e7. Dr. Sedat Tatar\",\"isPartOf\":{\"@id\":\"https:\/\/drsedattatar.com\/tr\/#website\"},\"primaryImageOfPage\":{\"@id\":\"https:\/\/drsedattatar.com\/tr\/yazin-estetik-ameliyat-olmali-miyim\/#primaryimage\"},\"image\":{\"@id\":\"https:\/\/drsedattatar.com\/tr\/yazin-estetik-ameliyat-olmali-miyim\/#primaryimage\"},\"thumbnailUrl\":\"https:\/\/drsedattatar.com\/tr\/wp-content\/uploads\/2025\/08\/35-Kapak-TR.png\",\"datePublished\":\"2025-08-23T07:50:16+00:00\",\"dateModified\":\"2025-08-23T07:50:18+00:00\",\"description\":\"Yaz aylar\u0131nda estetik cerrahi yap\u0131l\u0131r m\u0131? G\u00fcne\u015f, terleme ve denize girme k\u0131s\u0131tlamalar\u0131 hakk\u0131nda bilmeniz gereken t\u00fcm detaylar.\",\"breadcrumb\":{\"@id\":\"https:\/\/drsedattatar.com\/tr\/yazin-estetik-ameliyat-olmali-miyim\/#breadcrumb\"},\"inLanguage\":\"tr\",\"potentialAction\":[{\"@type\":\"ReadAction\",\"target\":[\"https:\/\/drsedattatar.com\/tr\/yazin-estetik-ameliyat-olmali-miyim\/\"]}]},{\"@type\":\"ImageObject\",\"inLanguage\":\"tr\",\"@id\":\"https:\/\/drsedattatar.com\/tr\/yazin-estetik-ameliyat-olmali-miyim\/#primaryimage\",\"url\":\"https:\/\/drsedattatar.com\/tr\/wp-content\/uploads\/2025\/08\/35-Kapak-TR.png\",\"contentUrl\":\"https:\/\/drsedattatar.com\/tr\/wp-content\/uploads\/2025\/08\/35-Kapak-TR.png\",\"width\":1920,\"height\":1080},{\"@type\":\"BreadcrumbList\",\"@id\":\"https:\/\/drsedattatar.com\/tr\/yazin-estetik-ameliyat-olmali-miyim\/#breadcrumb\",\"itemListElement\":[{\"@type\":\"ListItem\",\"position\":1,\"name\":\"Anasayfa\",\"item\":\"https:\/\/drsedattatar.com\/tr\/\"},{\"@type\":\"ListItem\",\"position\":2,\"name\":\"Yaz\u0131n Estetik Ameliyat Olmal\u0131 M\u0131y\u0131m?\"}]},{\"@type\":\"WebSite\",\"@id\":\"https:\/\/drsedattatar.com\/tr\/#website\",\"url\":\"https:\/\/drsedattatar.com\/tr\/\",\"name\":\"\u0130stanbul Estetik, Plastik ve Rekonstr\u00fcktif Cerrahi - Do\u00e7. Dr. Sedat Tatar\",\"description\":\"\u0130stanbul Estetik, Plastik ve Rekonstr\u00fcktif Cerrahi alan\u0131nda deneyimli Do\u00e7. Dr. Sedat Tatar ile hayallerinizi ger\u00e7e\u011fe d\u00f6n\u00fc\u015ft\u00fcr\u00fcn ve kendinizi en iyi \u015fekilde hissedin.\",\"publisher\":{\"@id\":\"https:\/\/drsedattatar.com\/tr\/#organization\"},\"potentialAction\":[{\"@type\":\"SearchAction\",\"target\":{\"@type\":\"EntryPoint\",\"urlTemplate\":\"https:\/\/drsedattatar.com\/tr\/?s={search_term_string}\"},\"query-input\":{\"@type\":\"PropertyValueSpecification\",\"valueRequired\":true,\"valueName\":\"search_term_string\"}}],\"inLanguage\":\"tr\"},{\"@type\":\"Organization\",\"@id\":\"https:\/\/drsedattatar.com\/tr\/#organization\",\"name\":\"\u0130stanbul Estetik, Plastik ve Rekonstr\u00fcktif Cerrahi - Do\u00e7. Dr. Sedat Tatar\",\"url\":\"https:\/\/drsedattatar.com\/tr\/\",\"logo\":{\"@type\":\"ImageObject\",\"inLanguage\":\"tr\",\"@id\":\"https:\/\/drsedattatar.com\/tr\/#\/schema\/logo\/image\/\",\"url\":\"https:\/\/drsedattatar.com\/tr\/wp-content\/uploads\/2023\/06\/cropped-cropped-cropped-dr-sedat-tatar-estetik-plastik-logo.webp\",\"contentUrl\":\"https:\/\/drsedattatar.com\/tr\/wp-content\/uploads\/2023\/06\/cropped-cropped-cropped-dr-sedat-tatar-estetik-plastik-logo.webp\",\"width\":1505,\"height\":602,\"caption\":\"\u0130stanbul Estetik, Plastik ve Rekonstr\u00fcktif Cerrahi - Do\u00e7. Dr. Sedat Tatar\"},\"image\":{\"@id\":\"https:\/\/drsedattatar.com\/tr\/#\/schema\/logo\/image\/\"}},{\"@type\":\"Person\",\"@id\":\"https:\/\/drsedattatar.com\/tr\/#\/schema\/person\/aa22f82cb49cf6b0e8e4c2fdd472308a\",\"name\":\"Sedat Tatar\",\"image\":{\"@type\":\"ImageObject\",\"inLanguage\":\"tr\",\"@id\":\"https:\/\/drsedattatar.com\/tr\/#\/schema\/person\/image\/\",\"url\":\"https:\/\/secure.gravatar.com\/avatar\/dea798d972982cc67ccc601a56275438ae42ec5d4557bb1f2fb426553e72d1a1?s=96&d=mm&r=g\",\"contentUrl\":\"https:\/\/secure.gravatar.com\/avatar\/dea798d972982cc67ccc601a56275438ae42ec5d4557bb1f2fb426553e72d1a1?s=96&d=mm&r=g\",\"caption\":\"Sedat Tatar\"},\"sameAs\":[\"http:\/\/drsedattatar.com\/tr\"],\"url\":\"https:\/\/drsedattatar.com\/tr\/author\/admin\/\"}]}<\/script>\n<!-- \/ Yoast SEO plugin. -->","yoast_head_json":{"title":"Yaz\u0131n Estetik Ameliyat Olmal\u0131 M\u0131y\u0131m? - \u0130stanbul Estetik, Plastik ve Rekonstr\u00fcktif Cerrahi - Do\u00e7. Dr. Sedat Tatar","description":"Yaz aylar\u0131nda estetik cerrahi yap\u0131l\u0131r m\u0131? G\u00fcne\u015f, terleme ve denize girme k\u0131s\u0131tlamalar\u0131 hakk\u0131nda bilmeniz gereken t\u00fcm detaylar.","robots":{"index":"index","follow":"follow","max-snippet":"max-snippet:-1","max-image-preview":"max-image-preview:large","max-video-preview":"max-video-preview:-1"},"canonical":"https:\/\/drsedattatar.com\/tr\/yazin-estetik-ameliyat-olmali-miyim\/","og_locale":"tr_TR","og_type":"article","og_title":"Yaz\u0131n Estetik Ameliyat Olmal\u0131 M\u0131y\u0131m? - \u0130stanbul Estetik, Plastik ve Rekonstr\u00fcktif Cerrahi - Do\u00e7. Dr. Sedat Tatar","og_description":"Yaz aylar\u0131nda estetik cerrahi yap\u0131l\u0131r m\u0131? G\u00fcne\u015f, terleme ve denize girme k\u0131s\u0131tlamalar\u0131 hakk\u0131nda bilmeniz gereken t\u00fcm detaylar.","og_url":"https:\/\/drsedattatar.com\/tr\/yazin-estetik-ameliyat-olmali-miyim\/","og_site_name":"\u0130stanbul Estetik, Plastik ve Rekonstr\u00fcktif Cerrahi - Do\u00e7. Dr. Sedat Tatar","article_published_time":"2025-08-23T07:50:16+00:00","article_modified_time":"2025-08-23T07:50:18+00:00","og_image":[{"width":1920,"height":1080,"url":"https:\/\/drsedattatar.com\/tr\/wp-content\/uploads\/2025\/08\/35-Kapak-TR.png","type":"image\/png"}],"author":"Sedat Tatar","twitter_card":"summary_large_image","twitter_misc":{"Yazan:":"Sedat Tatar","Tahmini okuma s\u00fcresi":"5 dakika"},"schema":{"@context":"https:\/\/schema.org","@graph":[{"@type":"Article","@id":"https:\/\/drsedattatar.com\/tr\/yazin-estetik-ameliyat-olmali-miyim\/#article","isPartOf":{"@id":"https:\/\/drsedattatar.com\/tr\/yazin-estetik-ameliyat-olmali-miyim\/"},"author":{"name":"Sedat Tatar","@id":"https:\/\/drsedattatar.com\/tr\/#\/schema\/person\/aa22f82cb49cf6b0e8e4c2fdd472308a"},"headline":"Yaz\u0131n Estetik Ameliyat Olmal\u0131 M\u0131y\u0131m?","datePublished":"2025-08-23T07:50:16+00:00","dateModified":"2025-08-23T07:50:18+00:00","mainEntityOfPage":{"@id":"https:\/\/drsedattatar.com\/tr\/yazin-estetik-ameliyat-olmali-miyim\/"},"wordCount":966,"publisher":{"@id":"https:\/\/drsedattatar.com\/tr\/#organization"},"image":{"@id":"https:\/\/drsedattatar.com\/tr\/yazin-estetik-ameliyat-olmali-miyim\/#primaryimage"},"thumbnailUrl":"https:\/\/drsedattatar.com\/tr\/wp-content\/uploads\/2025\/08\/35-Kapak-TR.png","articleSection":["Plastik Cerrahi Blog"],"inLanguage":"tr"},{"@type":"WebPage","@id":"https:\/\/drsedattatar.com\/tr\/yazin-estetik-ameliyat-olmali-miyim\/","url":"https:\/\/drsedattatar.com\/tr\/yazin-estetik-ameliyat-olmali-miyim\/","name":"Yaz\u0131n Estetik Ameliyat Olmal\u0131 M\u0131y\u0131m? - \u0130stanbul Estetik, Plastik ve Rekonstr\u00fcktif Cerrahi - Do\u00e7. Dr. Sedat Tatar","isPartOf":{"@id":"https:\/\/drsedattatar.com\/tr\/#website"},"primaryImageOfPage":{"@id":"https:\/\/drsedattatar.com\/tr\/yazin-estetik-ameliyat-olmali-miyim\/#primaryimage"},"image":{"@id":"https:\/\/drsedattatar.com\/tr\/yazin-estetik-ameliyat-olmali-miyim\/#primaryimage"},"thumbnailUrl":"https:\/\/drsedattatar.com\/tr\/wp-content\/uploads\/2025\/08\/35-Kapak-TR.png","datePublished":"2025-08-23T07:50:16+00:00","dateModified":"2025-08-23T07:50:18+00:00","description":"Yaz aylar\u0131nda estetik cerrahi yap\u0131l\u0131r m\u0131? G\u00fcne\u015f, terleme ve denize girme k\u0131s\u0131tlamalar\u0131 hakk\u0131nda bilmeniz gereken t\u00fcm detaylar.","breadcrumb":{"@id":"https:\/\/drsedattatar.com\/tr\/yazin-estetik-ameliyat-olmali-miyim\/#breadcrumb"},"inLanguage":"tr","potentialAction":[{"@type":"ReadAction","target":["https:\/\/drsedattatar.com\/tr\/yazin-estetik-ameliyat-olmali-miyim\/"]}]},{"@type":"ImageObject","inLanguage":"tr","@id":"https:\/\/drsedattatar.com\/tr\/yazin-estetik-ameliyat-olmali-miyim\/#primaryimage","url":"https:\/\/drsedattatar.com\/tr\/wp-content\/uploads\/2025\/08\/35-Kapak-TR.png","contentUrl":"https:\/\/drsedattatar.com\/tr\/wp-content\/uploads\/2025\/08\/35-Kapak-TR.png","width":1920,"height":1080},{"@type":"BreadcrumbList","@id":"https:\/\/drsedattatar.com\/tr\/yazin-estetik-ameliyat-olmali-miyim\/#breadcrumb","itemListElement":[{"@type":"ListItem","position":1,"name":"Anasayfa","item":"https:\/\/drsedattatar.com\/tr\/"},{"@type":"ListItem","position":2,"name":"Yaz\u0131n Estetik Ameliyat Olmal\u0131 M\u0131y\u0131m?"}]},{"@type":"WebSite","@id":"https:\/\/drsedattatar.com\/tr\/#website","url":"https:\/\/drsedattatar.com\/tr\/","name":"\u0130stanbul Estetik, Plastik ve Rekonstr\u00fcktif Cerrahi - Do\u00e7. Dr. Sedat Tatar","description":"\u0130stanbul Estetik, Plastik ve Rekonstr\u00fcktif Cerrahi alan\u0131nda deneyimli Do\u00e7. Dr. Sedat Tatar ile hayallerinizi ger\u00e7e\u011fe d\u00f6n\u00fc\u015ft\u00fcr\u00fcn ve kendinizi en iyi \u015fekilde hissedin.","publisher":{"@id":"https:\/\/drsedattatar.com\/tr\/#organization"},"potentialAction":[{"@type":"SearchAction","target":{"@type":"EntryPoint","urlTemplate":"https:\/\/drsedattatar.com\/tr\/?s={search_term_string}"},"query-input":{"@type":"PropertyValueSpecification","valueRequired":true,"valueName":"search_term_string"}}],"inLanguage":"tr"},{"@type":"Organization","@id":"https:\/\/drsedattatar.com\/tr\/#organization","name":"\u0130stanbul Estetik, Plastik ve Rekonstr\u00fcktif Cerrahi - Do\u00e7. Dr. Sedat Tatar","url":"https:\/\/drsedattatar.com\/tr\/","logo":{"@type":"ImageObject","inLanguage":"tr","@id":"https:\/\/drsedattatar.com\/tr\/#\/schema\/logo\/image\/","url":"https:\/\/drsedattatar.com\/tr\/wp-content\/uploads\/2023\/06\/cropped-cropped-cropped-dr-sedat-tatar-estetik-plastik-logo.webp","contentUrl":"https:\/\/drsedattatar.com\/tr\/wp-content\/uploads\/2023\/06\/cropped-cropped-cropped-dr-sedat-tatar-estetik-plastik-logo.webp","width":1505,"height":602,"caption":"\u0130stanbul Estetik, Plastik ve Rekonstr\u00fcktif Cerrahi - Do\u00e7. Dr. Sedat Tatar"},"image":{"@id":"https:\/\/drsedattatar.com\/tr\/#\/schema\/logo\/image\/"}},{"@type":"Person","@id":"https:\/\/drsedattatar.com\/tr\/#\/schema\/person\/aa22f82cb49cf6b0e8e4c2fdd472308a","name":"Sedat Tatar","image":{"@type":"ImageObject","inLanguage":"tr","@id":"https:\/\/drsedattatar.com\/tr\/#\/schema\/person\/image\/","url":"https:\/\/secure.gravatar.com\/avatar\/dea798d972982cc67ccc601a56275438ae42ec5d4557bb1f2fb426553e72d1a1?s=96&d=mm&r=g","contentUrl":"https:\/\/secure.gravatar.com\/avatar\/dea798d972982cc67ccc601a56275438ae42ec5d4557bb1f2fb426553e72d1a1?s=96&d=mm&r=g","caption":"Sedat Tatar"},"sameAs":["http:\/\/drsedattatar.com\/tr"],"url":"https:\/\/drsedattatar.com\/tr\/author\/admin\/"}]}},"taxonomy_info":{"category":[{"value":14,"label":"Plastik Cerrahi Blog"}]},"featured_image_src_large":["https:\/\/drsedattatar.com\/tr\/wp-content\/uploads\/2025\/08\/35-Kapak-TR-1024x576.png",1024,576,true],"author_info":{"display_name":"Sedat Tatar","author_link":"https:\/\/drsedattatar.com\/tr\/author\/admin\/"},"comment_info":0,"category_info":[{"term_id":14,"name":"Plastik Cerrahi Blog","slug":"plastik-cerrahi-blog","term_group":0,"term_taxonomy_id":14,"taxonomy":"category","description":"","parent":0,"count":155,"filter":"raw","cat_ID":14,"category_count":155,"category_description":"","cat_name":"Plastik Cerrahi Blog","category_nicename":"plastik-cerrahi-blog","category_parent":0}],"tag_info":false,"_links":{"self":[{"href":"https:\/\/drsedattatar.com\/tr\/wp-json\/wp\/v2\/posts\/2904","targetHints":{"allow":["GET"]}}],"collection":[{"href":"https:\/\/drsedattatar.com\/tr\/wp-json\/wp\/v2\/posts"}],"about":[{"href":"https:\/\/drsedattatar.com\/tr\/wp-json\/wp\/v2\/types\/post"}],"author":[{"embeddable":true,"href":"https:\/\/drsedattatar.com\/tr\/wp-json\/wp\/v2\/users\/1"}],"replies":[{"embeddable":true,"href":"https:\/\/drsedattatar.com\/tr\/wp-json\/wp\/v2\/comments?post=2904"}],"version-history":[{"count":2,"href":"https:\/\/drsedattatar.com\/tr\/wp-json\/wp\/v2\/posts\/2904\/revisions"}],"predecessor-version":[{"id":2928,"href":"https:\/\/drsedattatar.com\/tr\/wp-json\/wp\/v2\/posts\/2904\/revisions\/2928"}],"wp:featuredmedia":[{"embeddable":true,"href":"https:\/\/drsedattatar.com\/tr\/wp-json\/wp\/v2\/media\/2905"}],"wp:attachment":[{"href":"https:\/\/drsedattatar.com\/tr\/wp-json\/wp\/v2\/media?parent=2904"}],"wp:term":[{"taxonomy":"category","embeddable":true,"href":"https:\/\/drsedattatar.com\/tr\/wp-json\/wp\/v2\/categories?post=2904"},{"taxonomy":"post_tag","embeddable":true,"href":"https:\/\/drsedattatar.com\/tr\/wp-json\/wp\/v2\/tags?post=2904"}],"curies":[{"name":"wp","href":"https:\/\/api.w.org\/{rel}","templated":true}]}}