{"id":2920,"date":"2025-08-23T10:17:26","date_gmt":"2025-08-23T10:17:26","guid":{"rendered":"https:\/\/drsedattatar.com\/tr\/?p=2920"},"modified":"2025-08-23T10:17:28","modified_gmt":"2025-08-23T10:17:28","slug":"yuz-ifadeleri-siliniyor-mu-asiri-dolgu-ve-mimik-kaybi","status":"publish","type":"post","link":"https:\/\/drsedattatar.com\/tr\/yuz-ifadeleri-siliniyor-mu-asiri-dolgu-ve-mimik-kaybi\/","title":{"rendered":"Y\u00fcz \u0130fadeleri Siliniyor mu? A\u015f\u0131r\u0131 Dolgu ve Mimik Kayb\u0131"},"content":{"rendered":"\n<p>G\u00fcn\u00fcm\u00fczde dolgu uygulamalar\u0131, estetik t\u0131bb\u0131n en h\u0131zl\u0131 yay\u0131lan alanlar\u0131ndan biri haline geldi. Hyal\u00fcronik asit i\u00e7erikli dolgular sayesinde burun, dudak, yanak, \u00e7ene hatt\u0131 gibi bir\u00e7ok b\u00f6lge \u015fekillendirilebiliyor. Bu uygulamalar cerrahi m\u00fcdahale gerektirmemesi, k\u0131sa s\u00fcrede sonu\u00e7 vermesi ve kolay uygulanabilirli\u011fi sayesinde b\u00fcy\u00fck ilgi g\u00f6r\u00fcyor. Ancak bu yayg\u0131nl\u0131k beraberinde \u00f6nemli bir soruyu da g\u00fcndeme getiriyor: A\u015f\u0131r\u0131 dolgu y\u00fcz ifadelerini siler mi?<\/p>\n\n\n\n<h2 class=\"wp-block-heading\"><a><\/a><strong>Dolgu Nedir?<\/strong><\/h2>\n\n\n\n<p>Dolgu maddeleri, cildin alt\u0131na enjekte edilerek hacim kazand\u0131rmak, k\u0131r\u0131\u015f\u0131kl\u0131klar\u0131 azaltmak ve y\u00fcz hatlar\u0131n\u0131 \u015fekillendirmek amac\u0131yla kullan\u0131l\u0131r. En yayg\u0131n kullan\u0131lan i\u00e7erik hyal\u00fcronik asittir. Do\u011fal bir madde olan bu asit, cilde nem kazand\u0131r\u0131r ve dokular aras\u0131nda bo\u015fluk doldurarak gen\u00e7 bir g\u00f6r\u00fcn\u00fcm sa\u011flar.<\/p>\n\n\n\n<p>Ancak do\u011fru dozda ve uygun anatomik noktalara uygulanmad\u0131\u011f\u0131nda, dolgu uygulamalar\u0131 hem do\u011fal olmayan bir g\u00f6r\u00fcn\u00fcm yaratabilir hem de mimik kaslar\u0131n\u0131n hareketini s\u0131n\u0131rlayabilir.<\/p>\n\n\n\n<h2 class=\"wp-block-heading\"><a><\/a><strong>Mimik Kayb\u0131 Ger\u00e7ek mi?<\/strong><\/h2>\n\n\n\n<p>Y\u00fcz ifadeleri; mutluluk, \u00fcz\u00fcnt\u00fc, \u015fa\u015fk\u0131nl\u0131k, \u00f6fke gibi duygular\u0131m\u0131z\u0131n d\u0131\u015favurumudur. Bu ifadeler mimik kaslar\u0131n\u0131n hareketiyle olu\u015fur. A\u015f\u0131r\u0131 dolgu uygulamalar\u0131, \u00f6zellikle dudak \u00e7evresi, nazolabial b\u00f6lge (burun-dudak hatt\u0131), yanaklar ve al\u0131n gibi hareketli y\u00fcz b\u00f6lgelerinde uyguland\u0131\u011f\u0131nda bu hareketleri k\u0131s\u0131tlayabilir.<\/p>\n\n\n\n<p>Bunun sonucunda:<\/p>\n\n\n\n<ul class=\"wp-block-list\">\n<li>Ki\u015fi g\u00fclse bile g\u00f6z \u00e7evresi ya da yanak kaslar\u0131 do\u011fal \u015fekilde hareket etmeyebilir.<\/li>\n\n\n\n<li>Donuk, ifadesiz bir y\u00fcz g\u00f6r\u00fcn\u00fcm\u00fc ortaya \u00e7\u0131kabilir.<\/li>\n\n\n\n<li>Konu\u015furken mimiklere e\u015flik eden kas hareketleri s\u0131n\u0131rlanabilir.<\/li>\n<\/ul>\n\n\n\n<p>Dolay\u0131s\u0131yla, evet: A\u015f\u0131r\u0131 dolgu uygulamalar\u0131 mimik kayb\u0131na neden olabilir.<\/p>\n\n\n\n<h2 class=\"wp-block-heading\"><a><\/a><strong>A\u015f\u0131r\u0131 Dolgu Neden Yap\u0131l\u0131r?<\/strong><\/h2>\n\n\n\n<p>Estetik t\u0131pta \u201caz\u0131 karar, \u00e7o\u011fu zarar\u201d kural\u0131 her zaman ge\u00e7erlidir. Ancak buna ra\u011fmen a\u015f\u0131r\u0131 dolgu uygulamalar\u0131n\u0131n artmas\u0131n\u0131n birka\u00e7 temel nedeni vard\u0131r:<\/p>\n\n\n\n<h3 class=\"wp-block-heading\"><a><\/a><strong>1. G\u00fczellik Alg\u0131s\u0131ndaki De\u011fi\u015fim<\/strong><\/h3>\n\n\n\n<p>Sosyal medyada s\u0131k\u00e7a g\u00f6rd\u00fc\u011f\u00fcm\u00fcz &#8220;dudak dolgunlu\u011fu&#8221;, &#8220;keskin \u00e7ene hatt\u0131&#8221; ve &#8220;y\u00fcksek elmac\u0131k kemikleri&#8221; gibi trendler, ki\u015filerin kendi y\u00fcz proporsiyonlar\u0131ndan uzakla\u015fmas\u0131na neden oluyor.<\/p>\n\n\n\n<h3 class=\"wp-block-heading\"><a><\/a><strong>2. Filtre Esteti\u011fi<\/strong><\/h3>\n\n\n\n<p>Instagram ve TikTok gibi platformlardaki filtreler, ki\u015filerin kendilerini bu dijital g\u00f6r\u00fcn\u00fcme benzetmeye \u00e7al\u0131\u015fmalar\u0131na yol a\u00e7\u0131yor. Ger\u00e7ek d\u0131\u015f\u0131 oranlara ula\u015fma iste\u011fi, a\u015f\u0131r\u0131 uygulamalar\u0131n kap\u0131s\u0131n\u0131 aral\u0131yor.<\/p>\n\n\n\n<h3 class=\"wp-block-heading\"><a><\/a><strong>3. Yanl\u0131\u015f Uygulay\u0131c\u0131lar<\/strong><\/h3>\n\n\n\n<p>Tecr\u00fcbesiz ki\u015filerce yap\u0131lan dolgu i\u015flemleri, y\u00fcz\u00fcn anatomik yap\u0131s\u0131na uygun olmayan noktalara fazla miktarda madde enjekte edilmesine yol a\u00e7abiliyor.<\/p>\n\n\n\n<h2 class=\"wp-block-heading\"><a><\/a><strong>Do\u011fall\u0131\u011f\u0131 Koruman\u0131n Yollar\u0131<\/strong><\/h2>\n\n\n\n<p>Dolgu ile mimik kayb\u0131 aras\u0131nda do\u011frudan bir ili\u015fki olsa da, bu her zaman ya\u015fanmak zorunda de\u011fildir. Deneyimli bir estetik uzman\u0131 taraf\u0131ndan yap\u0131lan i\u015flemlerle do\u011fal g\u00f6r\u00fcn\u00fcm ve y\u00fcz hareketlili\u011fi korunabilir.<\/p>\n\n\n\n<p>\u0130\u015fte do\u011fall\u0131\u011f\u0131 koruman\u0131n birka\u00e7 anahtar\u0131:<\/p>\n\n\n\n<ul class=\"wp-block-list\">\n<li><strong>Y\u00fcz Anatomisine Sayg\u0131:<\/strong> Her y\u00fcz farkl\u0131d\u0131r. Her hastaya ayn\u0131 standart dolgu plan\u0131 uygulanmamal\u0131d\u0131r.<\/li>\n\n\n\n<li><strong>Kademeli Uygulama:<\/strong> Az dozla ba\u015flay\u0131p ihtiya\u00e7 duyulursa seansla art\u0131rmak en g\u00fcvenli y\u00f6ntemdir.<\/li>\n\n\n\n<li><strong>Dinamik Alanlardan Ka\u00e7\u0131nmak:<\/strong> Mimik kaslar\u0131n\u0131n yo\u011fun \u00e7al\u0131\u015ft\u0131\u011f\u0131 alanlara fazla dolgu uygulanmamal\u0131d\u0131r.<\/li>\n\n\n\n<li><strong>Hastan\u0131n G\u00fcl\u00fc\u015f\u00fcyle Uyumlu \u00c7al\u0131\u015fmak:<\/strong> \u201cStatik g\u00fczel\u201d yerine \u201cdinamik g\u00fczel\u201d kavram\u0131na odaklanmak gerekir.<\/li>\n<\/ul>\n\n\n\n<h2 class=\"wp-block-heading\"><a><\/a><strong>\u201cFrozen Face\u201d Etkisi<\/strong><\/h2>\n\n\n\n<p>Dolgu i\u015flemleriyle birlikte botoks uygulamalar\u0131 da s\u0131kl\u0131kla yap\u0131l\u0131r. \u00d6zellikle botoksun yanl\u0131\u015f dozlarla yap\u0131lmas\u0131 sonucu olu\u015fan \u201cdonuk y\u00fcz\u201d (frozen face) estetik d\u00fcnyas\u0131nda ciddi bir ele\u015ftiri konusu haline gelmi\u015ftir. Donuk y\u00fcz, ki\u015finin hi\u00e7bir duygusunu ifade edememesi durumudur ve a\u015f\u0131r\u0131ya ka\u00e7\u0131ld\u0131\u011f\u0131nda sosyal ili\u015fkileri bile etkileyebilir.<\/p>\n\n\n\n<p>\u0130nsanlar, \u00e7evresindekilerin duygular\u0131n\u0131 y\u00fczlerinden okur. Bu nedenle duygular\u0131n\u0131 yans\u0131tamayan biri \u00e7evresi taraf\u0131ndan yanl\u0131\u015f anla\u015f\u0131labilir, so\u011fuk ya da ilgisiz biri olarak alg\u0131lanabilir.<\/p>\n\n\n\n<h2 class=\"wp-block-heading\"><a><\/a><strong>Medyada Yer Bulan \u00d6rnekler<\/strong><\/h2>\n\n\n\n<p>Bir\u00e7ok \u00fcnl\u00fc, ge\u00e7mi\u015fte yapt\u0131rd\u0131\u011f\u0131 yo\u011fun dolgu ve botoks i\u015flemlerinin pi\u015fmanl\u0131\u011f\u0131n\u0131 dile getirmi\u015ftir. \u201cY\u00fcz\u00fcm bana ait de\u011fil gibiydi\u201d ya da \u201cG\u00fcl\u00fcmseyince y\u00fcz\u00fcm donuyordu\u201d gibi ifadeler, bu sorunun ne kadar yayg\u0131n oldu\u011funu ortaya koymaktad\u0131r.<\/p>\n\n\n\n<p>Son y\u0131llarda ise \u201cdissolving\u201d yani dolgu eritme i\u015flemleri art\u0131\u015f g\u00f6stermektedir. \u00dcnl\u00fc isimlerin dolgular\u0131n\u0131 erittirerek daha do\u011fal g\u00f6r\u00fcn\u00fcme d\u00f6nmeleri, bu konuda toplumda da bir fark\u0131ndal\u0131k olu\u015fturmaya ba\u015flam\u0131\u015ft\u0131r.<\/p>\n\n\n\n<h2 class=\"wp-block-heading\"><a><\/a><strong>Mimik Kayb\u0131 Kal\u0131c\u0131 m\u0131d\u0131r?<\/strong><\/h2>\n\n\n\n<p>Genellikle hay\u0131r. Hyaluronik asit bazl\u0131 dolgular, ge\u00e7ici dolgulard\u0131r ve zamanla v\u00fccut taraf\u0131ndan emilir. Dolgunun fazlal\u0131\u011f\u0131na ve uygulama b\u00f6lgesine g\u00f6re bu s\u00fcre 6 ila 18 ay aras\u0131nda de\u011fi\u015febilir. Ancak s\u00fcrekli tekrar edilen ve a\u015f\u0131r\u0131 dozlu i\u015flemler sonras\u0131 kaslar\u0131n yap\u0131s\u0131nda ve hareket kabiliyetinde bozulma olabilir. Bu da y\u00fcz ifadesinin uzun vadede de\u011fi\u015fmesine neden olabilir.<\/p>\n\n\n\n<h2 class=\"wp-block-heading\"><a><\/a><strong>Estetikte Yeni Yakla\u015f\u0131m: \u201cNatural Look\u201d Trendi<\/strong><\/h2>\n\n\n\n<p>Son y\u0131llarda a\u015f\u0131r\u0131l\u0131ktan uzak, do\u011fall\u0131\u011f\u0131 \u00f6n plana \u00e7\u0131karan estetik anlay\u0131\u015f\u0131 giderek yayg\u0131nla\u015fmaktad\u0131r. \u201cFresh look\u201d, \u201cbaby face\u201d, \u201cnatural contour\u201d gibi terimler, ki\u015finin kendi g\u00fczelli\u011fini \u00f6n plana \u00e7\u0131karan yakla\u015f\u0131mlar\u0131 temsil eder. Bu anlay\u0131\u015f hem estetik uzmanlar\u0131n\u0131 hem de hastalar\u0131 daha bilin\u00e7li hareket etmeye y\u00f6nlendirmektedir.<\/p>\n\n\n\n<p><strong>G\u00fczellik Donukluk De\u011fil, Hareketle Gelir<\/strong><\/p>\n\n\n\n<p>Dolgu i\u015flemleri, do\u011fru uyguland\u0131\u011f\u0131nda harika sonu\u00e7lar verebilir. Ancak a\u015f\u0131r\u0131ya ka\u00e7\u0131ld\u0131\u011f\u0131nda y\u00fcz ifadesini silen, mimikleri k\u0131s\u0131tlayan ve ki\u015finin karakteristik g\u00f6r\u00fcnt\u00fcs\u00fcn\u00fc bozan sonu\u00e7lar do\u011furabilir. Estetik m\u00fcdahaleler, ki\u015finin kimli\u011fini de\u011fi\u015ftirmek i\u00e7in de\u011fil, g\u00fczelli\u011fini vurgulamak i\u00e7in yap\u0131lmal\u0131d\u0131r.<\/p>\n\n\n\n<p><strong>\u0130LET\u0130\u015e\u0130M B\u0130LG\u0130LER\u0130<\/strong><\/p>\n\n\n\n<p><strong>Do\u00e7. Dr. Sedar Tatar Klini\u011fi<\/strong><\/p>\n\n\n\n<p><strong>Telefon No :&nbsp;<\/strong><a href=\"tel:+90%20(555)%20100%2010%2083\">+90 (555) 100 10 83<\/a><br><strong>\u0130leti\u015fim Linki :&nbsp;<\/strong><a href=\"mailto:info@drsedattatar.com\">info@drsedattatar.com<\/a><br><strong>Adres :&nbsp;<\/strong>Levent Mahallesi, Karanfil Aral\u0131\u011f\u0131 Caddesi No: 18 Be\u015fikta\u015f\/\u0130STANBUL<\/p>\n\n\n<div class=\"kk-star-ratings kksr-auto kksr-align-center kksr-valign-bottom\"\n    data-payload='{&quot;align&quot;:&quot;center&quot;,&quot;id&quot;:&quot;2920&quot;,&quot;slug&quot;:&quot;default&quot;,&quot;valign&quot;:&quot;bottom&quot;,&quot;ignore&quot;:&quot;&quot;,&quot;reference&quot;:&quot;auto&quot;,&quot;class&quot;:&quot;&quot;,&quot;count&quot;:&quot;0&quot;,&quot;legendonly&quot;:&quot;&quot;,&quot;readonly&quot;:&quot;&quot;,&quot;score&quot;:&quot;0&quot;,&quot;starsonly&quot;:&quot;&quot;,&quot;best&quot;:&quot;5&quot;,&quot;gap&quot;:&quot;5&quot;,&quot;greet&quot;:&quot;\u0130\u00e7eri\u011fimizi Oylay\u0131n!&quot;,&quot;legend&quot;:&quot;0\\\/5 - (0 oy verildi!)&quot;,&quot;size&quot;:&quot;24&quot;,&quot;title&quot;:&quot;Y\u00fcz \u0130fadeleri Siliniyor mu? A\u015f\u0131r\u0131 Dolgu ve Mimik Kayb\u0131&quot;,&quot;width&quot;:&quot;0&quot;,&quot;_legend&quot;:&quot;{score}\\\/{best} - ({count} oy verildi!)&quot;,&quot;font_factor&quot;:&quot;1.25&quot;}'>\n            \n<div class=\"kksr-stars\">\n    \n<div class=\"kksr-stars-inactive\">\n            <div class=\"kksr-star\" data-star=\"1\" style=\"padding-right: 5px\">\n            \n\n<div class=\"kksr-icon\" style=\"width: 24px; height: 24px;\"><\/div>\n        <\/div>\n            <div class=\"kksr-star\" data-star=\"2\" style=\"padding-right: 5px\">\n            \n\n<div class=\"kksr-icon\" style=\"width: 24px; height: 24px;\"><\/div>\n        <\/div>\n            <div class=\"kksr-star\" data-star=\"3\" style=\"padding-right: 5px\">\n            \n\n<div class=\"kksr-icon\" style=\"width: 24px; height: 24px;\"><\/div>\n        <\/div>\n            <div class=\"kksr-star\" data-star=\"4\" style=\"padding-right: 5px\">\n            \n\n<div class=\"kksr-icon\" style=\"width: 24px; height: 24px;\"><\/div>\n        <\/div>\n            <div class=\"kksr-star\" data-star=\"5\" style=\"padding-right: 5px\">\n            \n\n<div class=\"kksr-icon\" style=\"width: 24px; height: 24px;\"><\/div>\n        <\/div>\n    <\/div>\n    \n<div class=\"kksr-stars-active\" style=\"width: 0px;\">\n            <div class=\"kksr-star\" style=\"padding-right: 5px\">\n            \n\n<div class=\"kksr-icon\" style=\"width: 24px; height: 24px;\"><\/div>\n        <\/div>\n            <div class=\"kksr-star\" style=\"padding-right: 5px\">\n            \n\n<div class=\"kksr-icon\" style=\"width: 24px; height: 24px;\"><\/div>\n        <\/div>\n            <div class=\"kksr-star\" style=\"padding-right: 5px\">\n            \n\n<div class=\"kksr-icon\" style=\"width: 24px; height: 24px;\"><\/div>\n        <\/div>\n            <div class=\"kksr-star\" style=\"padding-right: 5px\">\n            \n\n<div class=\"kksr-icon\" style=\"width: 24px; height: 24px;\"><\/div>\n        <\/div>\n            <div class=\"kksr-star\" style=\"padding-right: 5px\">\n            \n\n<div class=\"kksr-icon\" style=\"width: 24px; height: 24px;\"><\/div>\n        <\/div>\n    <\/div>\n<\/div>\n                \n\n<div class=\"kksr-legend\" style=\"font-size: 19.2px;\">\n            <span class=\"kksr-muted\">\u0130\u00e7eri\u011fimizi Oylay\u0131n!<\/span>\n    <\/div>\n    <\/div>\n","protected":false},"excerpt":{"rendered":"<p>G\u00fcn\u00fcm\u00fczde dolgu uygulamalar\u0131, estetik t\u0131bb\u0131n en h\u0131zl\u0131 yay\u0131lan alanlar\u0131ndan biri haline geldi. Hyal\u00fcronik asit i\u00e7erikli dolgular sayesinde burun, dudak, yanak, \u00e7ene hatt\u0131 gibi bir\u00e7ok b\u00f6lge \u015fekillendirilebiliyor. Bu uygulamalar cerrahi m\u00fcdahale gerektirmemesi, k\u0131sa s\u00fcrede sonu\u00e7 vermesi ve kolay uygulanabilirli\u011fi sayesinde b\u00fcy\u00fck ilgi g\u00f6r\u00fcyor. Ancak bu yayg\u0131nl\u0131k beraberinde \u00f6nemli bir soruyu da g\u00fcndeme getiriyor: A\u015f\u0131r\u0131 dolgu y\u00fcz ifadelerini siler mi?<\/p>\n","protected":false},"author":1,"featured_media":2922,"comment_status":"closed","ping_status":"open","sticky":false,"template":"","format":"standard","meta":{"_kad_blocks_custom_css":"","_kad_blocks_head_custom_js":"","_kad_blocks_body_custom_js":"","_kad_blocks_footer_custom_js":"","_kadence_starter_templates_imported_post":false,"_kad_post_transparent":"","_kad_post_title":"","_kad_post_layout":"","_kad_post_sidebar_id":"","_kad_post_content_style":"","_kad_post_vertical_padding":"","_kad_post_feature":"","_kad_post_feature_position":"","_kad_post_header":false,"_kad_post_footer":false,"footnotes":""},"categories":[14],"tags":[],"class_list":["post-2920","post","type-post","status-publish","format-standard","has-post-thumbnail","hentry","category-plastik-cerrahi-blog"],"yoast_head":"<!-- This site is optimized with the Yoast SEO plugin v25.9 - https:\/\/yoast.com\/wordpress\/plugins\/seo\/ -->\n<title>Y\u00fcz \u0130fadeleri Siliniyor mu? A\u015f\u0131r\u0131 Dolgu ve Mimik Kayb\u0131 - \u0130stanbul Estetik, Plastik ve Rekonstr\u00fcktif Cerrahi - Do\u00e7. Dr. Sedat Tatar<\/title>\n<meta name=\"description\" content=\"A\u015f\u0131r\u0131 dolgu y\u00fcz ifadelerini siler mi? Dolgunun mimikler \u00fczerindeki etkilerini, donuk y\u00fcz riskini ve do\u011fall\u0131\u011f\u0131 koruman\u0131n yollar\u0131n\u0131 \u00f6\u011frenin.\" \/>\n<meta name=\"robots\" content=\"index, follow, max-snippet:-1, max-image-preview:large, max-video-preview:-1\" \/>\n<link rel=\"canonical\" href=\"https:\/\/drsedattatar.com\/tr\/yuz-ifadeleri-siliniyor-mu-asiri-dolgu-ve-mimik-kaybi\/\" \/>\n<meta property=\"og:locale\" content=\"tr_TR\" \/>\n<meta property=\"og:type\" content=\"article\" \/>\n<meta property=\"og:title\" content=\"Y\u00fcz \u0130fadeleri Siliniyor mu? A\u015f\u0131r\u0131 Dolgu ve Mimik Kayb\u0131 - \u0130stanbul Estetik, Plastik ve Rekonstr\u00fcktif Cerrahi - Do\u00e7. Dr. Sedat Tatar\" \/>\n<meta property=\"og:description\" content=\"A\u015f\u0131r\u0131 dolgu y\u00fcz ifadelerini siler mi? Dolgunun mimikler \u00fczerindeki etkilerini, donuk y\u00fcz riskini ve do\u011fall\u0131\u011f\u0131 koruman\u0131n yollar\u0131n\u0131 \u00f6\u011frenin.\" \/>\n<meta property=\"og:url\" content=\"https:\/\/drsedattatar.com\/tr\/yuz-ifadeleri-siliniyor-mu-asiri-dolgu-ve-mimik-kaybi\/\" \/>\n<meta property=\"og:site_name\" content=\"\u0130stanbul Estetik, Plastik ve Rekonstr\u00fcktif Cerrahi - Do\u00e7. Dr. Sedat Tatar\" \/>\n<meta property=\"article:published_time\" content=\"2025-08-23T10:17:26+00:00\" \/>\n<meta property=\"article:modified_time\" content=\"2025-08-23T10:17:28+00:00\" \/>\n<meta property=\"og:image\" content=\"https:\/\/drsedattatar.com\/tr\/wp-content\/uploads\/2025\/08\/40-Kapak-TR.jpg\" \/>\n\t<meta property=\"og:image:width\" content=\"1920\" \/>\n\t<meta property=\"og:image:height\" content=\"1080\" \/>\n\t<meta property=\"og:image:type\" content=\"image\/jpeg\" \/>\n<meta name=\"author\" content=\"Sedat Tatar\" \/>\n<meta name=\"twitter:card\" content=\"summary_large_image\" \/>\n<meta name=\"twitter:label1\" content=\"Yazan:\" \/>\n\t<meta name=\"twitter:data1\" content=\"Sedat Tatar\" \/>\n\t<meta name=\"twitter:label2\" content=\"Tahmini okuma s\u00fcresi\" \/>\n\t<meta name=\"twitter:data2\" content=\"5 dakika\" \/>\n<script type=\"application\/ld+json\" class=\"yoast-schema-graph\">{\"@context\":\"https:\/\/schema.org\",\"@graph\":[{\"@type\":\"Article\",\"@id\":\"https:\/\/drsedattatar.com\/tr\/yuz-ifadeleri-siliniyor-mu-asiri-dolgu-ve-mimik-kaybi\/#article\",\"isPartOf\":{\"@id\":\"https:\/\/drsedattatar.com\/tr\/yuz-ifadeleri-siliniyor-mu-asiri-dolgu-ve-mimik-kaybi\/\"},\"author\":{\"name\":\"Sedat Tatar\",\"@id\":\"https:\/\/drsedattatar.com\/tr\/#\/schema\/person\/aa22f82cb49cf6b0e8e4c2fdd472308a\"},\"headline\":\"Y\u00fcz \u0130fadeleri Siliniyor mu? A\u015f\u0131r\u0131 Dolgu ve Mimik Kayb\u0131\",\"datePublished\":\"2025-08-23T10:17:26+00:00\",\"dateModified\":\"2025-08-23T10:17:28+00:00\",\"mainEntityOfPage\":{\"@id\":\"https:\/\/drsedattatar.com\/tr\/yuz-ifadeleri-siliniyor-mu-asiri-dolgu-ve-mimik-kaybi\/\"},\"wordCount\":1023,\"publisher\":{\"@id\":\"https:\/\/drsedattatar.com\/tr\/#organization\"},\"image\":{\"@id\":\"https:\/\/drsedattatar.com\/tr\/yuz-ifadeleri-siliniyor-mu-asiri-dolgu-ve-mimik-kaybi\/#primaryimage\"},\"thumbnailUrl\":\"https:\/\/drsedattatar.com\/tr\/wp-content\/uploads\/2025\/08\/40-Kapak-TR.jpg\",\"articleSection\":[\"Plastik Cerrahi Blog\"],\"inLanguage\":\"tr\"},{\"@type\":\"WebPage\",\"@id\":\"https:\/\/drsedattatar.com\/tr\/yuz-ifadeleri-siliniyor-mu-asiri-dolgu-ve-mimik-kaybi\/\",\"url\":\"https:\/\/drsedattatar.com\/tr\/yuz-ifadeleri-siliniyor-mu-asiri-dolgu-ve-mimik-kaybi\/\",\"name\":\"Y\u00fcz \u0130fadeleri Siliniyor mu? A\u015f\u0131r\u0131 Dolgu ve Mimik Kayb\u0131 - \u0130stanbul Estetik, Plastik ve Rekonstr\u00fcktif Cerrahi - Do\u00e7. Dr. Sedat Tatar\",\"isPartOf\":{\"@id\":\"https:\/\/drsedattatar.com\/tr\/#website\"},\"primaryImageOfPage\":{\"@id\":\"https:\/\/drsedattatar.com\/tr\/yuz-ifadeleri-siliniyor-mu-asiri-dolgu-ve-mimik-kaybi\/#primaryimage\"},\"image\":{\"@id\":\"https:\/\/drsedattatar.com\/tr\/yuz-ifadeleri-siliniyor-mu-asiri-dolgu-ve-mimik-kaybi\/#primaryimage\"},\"thumbnailUrl\":\"https:\/\/drsedattatar.com\/tr\/wp-content\/uploads\/2025\/08\/40-Kapak-TR.jpg\",\"datePublished\":\"2025-08-23T10:17:26+00:00\",\"dateModified\":\"2025-08-23T10:17:28+00:00\",\"description\":\"A\u015f\u0131r\u0131 dolgu y\u00fcz ifadelerini siler mi? Dolgunun mimikler \u00fczerindeki etkilerini, donuk y\u00fcz riskini ve do\u011fall\u0131\u011f\u0131 koruman\u0131n yollar\u0131n\u0131 \u00f6\u011frenin.\",\"breadcrumb\":{\"@id\":\"https:\/\/drsedattatar.com\/tr\/yuz-ifadeleri-siliniyor-mu-asiri-dolgu-ve-mimik-kaybi\/#breadcrumb\"},\"inLanguage\":\"tr\",\"potentialAction\":[{\"@type\":\"ReadAction\",\"target\":[\"https:\/\/drsedattatar.com\/tr\/yuz-ifadeleri-siliniyor-mu-asiri-dolgu-ve-mimik-kaybi\/\"]}]},{\"@type\":\"ImageObject\",\"inLanguage\":\"tr\",\"@id\":\"https:\/\/drsedattatar.com\/tr\/yuz-ifadeleri-siliniyor-mu-asiri-dolgu-ve-mimik-kaybi\/#primaryimage\",\"url\":\"https:\/\/drsedattatar.com\/tr\/wp-content\/uploads\/2025\/08\/40-Kapak-TR.jpg\",\"contentUrl\":\"https:\/\/drsedattatar.com\/tr\/wp-content\/uploads\/2025\/08\/40-Kapak-TR.jpg\",\"width\":1920,\"height\":1080},{\"@type\":\"BreadcrumbList\",\"@id\":\"https:\/\/drsedattatar.com\/tr\/yuz-ifadeleri-siliniyor-mu-asiri-dolgu-ve-mimik-kaybi\/#breadcrumb\",\"itemListElement\":[{\"@type\":\"ListItem\",\"position\":1,\"name\":\"Anasayfa\",\"item\":\"https:\/\/drsedattatar.com\/tr\/\"},{\"@type\":\"ListItem\",\"position\":2,\"name\":\"Y\u00fcz \u0130fadeleri Siliniyor mu? A\u015f\u0131r\u0131 Dolgu ve Mimik Kayb\u0131\"}]},{\"@type\":\"WebSite\",\"@id\":\"https:\/\/drsedattatar.com\/tr\/#website\",\"url\":\"https:\/\/drsedattatar.com\/tr\/\",\"name\":\"\u0130stanbul Estetik, Plastik ve Rekonstr\u00fcktif Cerrahi - Do\u00e7. Dr. Sedat Tatar\",\"description\":\"\u0130stanbul Estetik, Plastik ve Rekonstr\u00fcktif Cerrahi alan\u0131nda deneyimli Do\u00e7. Dr. Sedat Tatar ile hayallerinizi ger\u00e7e\u011fe d\u00f6n\u00fc\u015ft\u00fcr\u00fcn ve kendinizi en iyi \u015fekilde hissedin.\",\"publisher\":{\"@id\":\"https:\/\/drsedattatar.com\/tr\/#organization\"},\"potentialAction\":[{\"@type\":\"SearchAction\",\"target\":{\"@type\":\"EntryPoint\",\"urlTemplate\":\"https:\/\/drsedattatar.com\/tr\/?s={search_term_string}\"},\"query-input\":{\"@type\":\"PropertyValueSpecification\",\"valueRequired\":true,\"valueName\":\"search_term_string\"}}],\"inLanguage\":\"tr\"},{\"@type\":\"Organization\",\"@id\":\"https:\/\/drsedattatar.com\/tr\/#organization\",\"name\":\"\u0130stanbul Estetik, Plastik ve Rekonstr\u00fcktif Cerrahi - Do\u00e7. Dr. Sedat Tatar\",\"url\":\"https:\/\/drsedattatar.com\/tr\/\",\"logo\":{\"@type\":\"ImageObject\",\"inLanguage\":\"tr\",\"@id\":\"https:\/\/drsedattatar.com\/tr\/#\/schema\/logo\/image\/\",\"url\":\"https:\/\/drsedattatar.com\/tr\/wp-content\/uploads\/2023\/06\/cropped-cropped-cropped-dr-sedat-tatar-estetik-plastik-logo.webp\",\"contentUrl\":\"https:\/\/drsedattatar.com\/tr\/wp-content\/uploads\/2023\/06\/cropped-cropped-cropped-dr-sedat-tatar-estetik-plastik-logo.webp\",\"width\":1505,\"height\":602,\"caption\":\"\u0130stanbul Estetik, Plastik ve Rekonstr\u00fcktif Cerrahi - Do\u00e7. Dr. Sedat Tatar\"},\"image\":{\"@id\":\"https:\/\/drsedattatar.com\/tr\/#\/schema\/logo\/image\/\"}},{\"@type\":\"Person\",\"@id\":\"https:\/\/drsedattatar.com\/tr\/#\/schema\/person\/aa22f82cb49cf6b0e8e4c2fdd472308a\",\"name\":\"Sedat Tatar\",\"image\":{\"@type\":\"ImageObject\",\"inLanguage\":\"tr\",\"@id\":\"https:\/\/drsedattatar.com\/tr\/#\/schema\/person\/image\/\",\"url\":\"https:\/\/secure.gravatar.com\/avatar\/dea798d972982cc67ccc601a56275438ae42ec5d4557bb1f2fb426553e72d1a1?s=96&d=mm&r=g\",\"contentUrl\":\"https:\/\/secure.gravatar.com\/avatar\/dea798d972982cc67ccc601a56275438ae42ec5d4557bb1f2fb426553e72d1a1?s=96&d=mm&r=g\",\"caption\":\"Sedat Tatar\"},\"sameAs\":[\"http:\/\/drsedattatar.com\/tr\"],\"url\":\"https:\/\/drsedattatar.com\/tr\/author\/admin\/\"}]}<\/script>\n<!-- \/ Yoast SEO plugin. -->","yoast_head_json":{"title":"Y\u00fcz \u0130fadeleri Siliniyor mu? A\u015f\u0131r\u0131 Dolgu ve Mimik Kayb\u0131 - \u0130stanbul Estetik, Plastik ve Rekonstr\u00fcktif Cerrahi - Do\u00e7. Dr. Sedat Tatar","description":"A\u015f\u0131r\u0131 dolgu y\u00fcz ifadelerini siler mi? Dolgunun mimikler \u00fczerindeki etkilerini, donuk y\u00fcz riskini ve do\u011fall\u0131\u011f\u0131 koruman\u0131n yollar\u0131n\u0131 \u00f6\u011frenin.","robots":{"index":"index","follow":"follow","max-snippet":"max-snippet:-1","max-image-preview":"max-image-preview:large","max-video-preview":"max-video-preview:-1"},"canonical":"https:\/\/drsedattatar.com\/tr\/yuz-ifadeleri-siliniyor-mu-asiri-dolgu-ve-mimik-kaybi\/","og_locale":"tr_TR","og_type":"article","og_title":"Y\u00fcz \u0130fadeleri Siliniyor mu? A\u015f\u0131r\u0131 Dolgu ve Mimik Kayb\u0131 - \u0130stanbul Estetik, Plastik ve Rekonstr\u00fcktif Cerrahi - Do\u00e7. Dr. Sedat Tatar","og_description":"A\u015f\u0131r\u0131 dolgu y\u00fcz ifadelerini siler mi? Dolgunun mimikler \u00fczerindeki etkilerini, donuk y\u00fcz riskini ve do\u011fall\u0131\u011f\u0131 koruman\u0131n yollar\u0131n\u0131 \u00f6\u011frenin.","og_url":"https:\/\/drsedattatar.com\/tr\/yuz-ifadeleri-siliniyor-mu-asiri-dolgu-ve-mimik-kaybi\/","og_site_name":"\u0130stanbul Estetik, Plastik ve Rekonstr\u00fcktif Cerrahi - Do\u00e7. Dr. Sedat Tatar","article_published_time":"2025-08-23T10:17:26+00:00","article_modified_time":"2025-08-23T10:17:28+00:00","og_image":[{"width":1920,"height":1080,"url":"https:\/\/drsedattatar.com\/tr\/wp-content\/uploads\/2025\/08\/40-Kapak-TR.jpg","type":"image\/jpeg"}],"author":"Sedat Tatar","twitter_card":"summary_large_image","twitter_misc":{"Yazan:":"Sedat Tatar","Tahmini okuma s\u00fcresi":"5 dakika"},"schema":{"@context":"https:\/\/schema.org","@graph":[{"@type":"Article","@id":"https:\/\/drsedattatar.com\/tr\/yuz-ifadeleri-siliniyor-mu-asiri-dolgu-ve-mimik-kaybi\/#article","isPartOf":{"@id":"https:\/\/drsedattatar.com\/tr\/yuz-ifadeleri-siliniyor-mu-asiri-dolgu-ve-mimik-kaybi\/"},"author":{"name":"Sedat Tatar","@id":"https:\/\/drsedattatar.com\/tr\/#\/schema\/person\/aa22f82cb49cf6b0e8e4c2fdd472308a"},"headline":"Y\u00fcz \u0130fadeleri Siliniyor mu? A\u015f\u0131r\u0131 Dolgu ve Mimik Kayb\u0131","datePublished":"2025-08-23T10:17:26+00:00","dateModified":"2025-08-23T10:17:28+00:00","mainEntityOfPage":{"@id":"https:\/\/drsedattatar.com\/tr\/yuz-ifadeleri-siliniyor-mu-asiri-dolgu-ve-mimik-kaybi\/"},"wordCount":1023,"publisher":{"@id":"https:\/\/drsedattatar.com\/tr\/#organization"},"image":{"@id":"https:\/\/drsedattatar.com\/tr\/yuz-ifadeleri-siliniyor-mu-asiri-dolgu-ve-mimik-kaybi\/#primaryimage"},"thumbnailUrl":"https:\/\/drsedattatar.com\/tr\/wp-content\/uploads\/2025\/08\/40-Kapak-TR.jpg","articleSection":["Plastik Cerrahi Blog"],"inLanguage":"tr"},{"@type":"WebPage","@id":"https:\/\/drsedattatar.com\/tr\/yuz-ifadeleri-siliniyor-mu-asiri-dolgu-ve-mimik-kaybi\/","url":"https:\/\/drsedattatar.com\/tr\/yuz-ifadeleri-siliniyor-mu-asiri-dolgu-ve-mimik-kaybi\/","name":"Y\u00fcz \u0130fadeleri Siliniyor mu? A\u015f\u0131r\u0131 Dolgu ve Mimik Kayb\u0131 - \u0130stanbul Estetik, Plastik ve Rekonstr\u00fcktif Cerrahi - Do\u00e7. Dr. Sedat Tatar","isPartOf":{"@id":"https:\/\/drsedattatar.com\/tr\/#website"},"primaryImageOfPage":{"@id":"https:\/\/drsedattatar.com\/tr\/yuz-ifadeleri-siliniyor-mu-asiri-dolgu-ve-mimik-kaybi\/#primaryimage"},"image":{"@id":"https:\/\/drsedattatar.com\/tr\/yuz-ifadeleri-siliniyor-mu-asiri-dolgu-ve-mimik-kaybi\/#primaryimage"},"thumbnailUrl":"https:\/\/drsedattatar.com\/tr\/wp-content\/uploads\/2025\/08\/40-Kapak-TR.jpg","datePublished":"2025-08-23T10:17:26+00:00","dateModified":"2025-08-23T10:17:28+00:00","description":"A\u015f\u0131r\u0131 dolgu y\u00fcz ifadelerini siler mi? Dolgunun mimikler \u00fczerindeki etkilerini, donuk y\u00fcz riskini ve do\u011fall\u0131\u011f\u0131 koruman\u0131n yollar\u0131n\u0131 \u00f6\u011frenin.","breadcrumb":{"@id":"https:\/\/drsedattatar.com\/tr\/yuz-ifadeleri-siliniyor-mu-asiri-dolgu-ve-mimik-kaybi\/#breadcrumb"},"inLanguage":"tr","potentialAction":[{"@type":"ReadAction","target":["https:\/\/drsedattatar.com\/tr\/yuz-ifadeleri-siliniyor-mu-asiri-dolgu-ve-mimik-kaybi\/"]}]},{"@type":"ImageObject","inLanguage":"tr","@id":"https:\/\/drsedattatar.com\/tr\/yuz-ifadeleri-siliniyor-mu-asiri-dolgu-ve-mimik-kaybi\/#primaryimage","url":"https:\/\/drsedattatar.com\/tr\/wp-content\/uploads\/2025\/08\/40-Kapak-TR.jpg","contentUrl":"https:\/\/drsedattatar.com\/tr\/wp-content\/uploads\/2025\/08\/40-Kapak-TR.jpg","width":1920,"height":1080},{"@type":"BreadcrumbList","@id":"https:\/\/drsedattatar.com\/tr\/yuz-ifadeleri-siliniyor-mu-asiri-dolgu-ve-mimik-kaybi\/#breadcrumb","itemListElement":[{"@type":"ListItem","position":1,"name":"Anasayfa","item":"https:\/\/drsedattatar.com\/tr\/"},{"@type":"ListItem","position":2,"name":"Y\u00fcz \u0130fadeleri Siliniyor mu? A\u015f\u0131r\u0131 Dolgu ve Mimik Kayb\u0131"}]},{"@type":"WebSite","@id":"https:\/\/drsedattatar.com\/tr\/#website","url":"https:\/\/drsedattatar.com\/tr\/","name":"\u0130stanbul Estetik, Plastik ve Rekonstr\u00fcktif Cerrahi - Do\u00e7. Dr. Sedat Tatar","description":"\u0130stanbul Estetik, Plastik ve Rekonstr\u00fcktif Cerrahi alan\u0131nda deneyimli Do\u00e7. Dr. Sedat Tatar ile hayallerinizi ger\u00e7e\u011fe d\u00f6n\u00fc\u015ft\u00fcr\u00fcn ve kendinizi en iyi \u015fekilde hissedin.","publisher":{"@id":"https:\/\/drsedattatar.com\/tr\/#organization"},"potentialAction":[{"@type":"SearchAction","target":{"@type":"EntryPoint","urlTemplate":"https:\/\/drsedattatar.com\/tr\/?s={search_term_string}"},"query-input":{"@type":"PropertyValueSpecification","valueRequired":true,"valueName":"search_term_string"}}],"inLanguage":"tr"},{"@type":"Organization","@id":"https:\/\/drsedattatar.com\/tr\/#organization","name":"\u0130stanbul Estetik, Plastik ve Rekonstr\u00fcktif Cerrahi - Do\u00e7. Dr. Sedat Tatar","url":"https:\/\/drsedattatar.com\/tr\/","logo":{"@type":"ImageObject","inLanguage":"tr","@id":"https:\/\/drsedattatar.com\/tr\/#\/schema\/logo\/image\/","url":"https:\/\/drsedattatar.com\/tr\/wp-content\/uploads\/2023\/06\/cropped-cropped-cropped-dr-sedat-tatar-estetik-plastik-logo.webp","contentUrl":"https:\/\/drsedattatar.com\/tr\/wp-content\/uploads\/2023\/06\/cropped-cropped-cropped-dr-sedat-tatar-estetik-plastik-logo.webp","width":1505,"height":602,"caption":"\u0130stanbul Estetik, Plastik ve Rekonstr\u00fcktif Cerrahi - Do\u00e7. Dr. Sedat Tatar"},"image":{"@id":"https:\/\/drsedattatar.com\/tr\/#\/schema\/logo\/image\/"}},{"@type":"Person","@id":"https:\/\/drsedattatar.com\/tr\/#\/schema\/person\/aa22f82cb49cf6b0e8e4c2fdd472308a","name":"Sedat Tatar","image":{"@type":"ImageObject","inLanguage":"tr","@id":"https:\/\/drsedattatar.com\/tr\/#\/schema\/person\/image\/","url":"https:\/\/secure.gravatar.com\/avatar\/dea798d972982cc67ccc601a56275438ae42ec5d4557bb1f2fb426553e72d1a1?s=96&d=mm&r=g","contentUrl":"https:\/\/secure.gravatar.com\/avatar\/dea798d972982cc67ccc601a56275438ae42ec5d4557bb1f2fb426553e72d1a1?s=96&d=mm&r=g","caption":"Sedat Tatar"},"sameAs":["http:\/\/drsedattatar.com\/tr"],"url":"https:\/\/drsedattatar.com\/tr\/author\/admin\/"}]}},"taxonomy_info":{"category":[{"value":14,"label":"Plastik Cerrahi Blog"}]},"featured_image_src_large":["https:\/\/drsedattatar.com\/tr\/wp-content\/uploads\/2025\/08\/40-Kapak-TR-1024x576.jpg",1024,576,true],"author_info":{"display_name":"Sedat Tatar","author_link":"https:\/\/drsedattatar.com\/tr\/author\/admin\/"},"comment_info":0,"category_info":[{"term_id":14,"name":"Plastik Cerrahi Blog","slug":"plastik-cerrahi-blog","term_group":0,"term_taxonomy_id":14,"taxonomy":"category","description":"","parent":0,"count":155,"filter":"raw","cat_ID":14,"category_count":155,"category_description":"","cat_name":"Plastik Cerrahi Blog","category_nicename":"plastik-cerrahi-blog","category_parent":0}],"tag_info":false,"_links":{"self":[{"href":"https:\/\/drsedattatar.com\/tr\/wp-json\/wp\/v2\/posts\/2920","targetHints":{"allow":["GET"]}}],"collection":[{"href":"https:\/\/drsedattatar.com\/tr\/wp-json\/wp\/v2\/posts"}],"about":[{"href":"https:\/\/drsedattatar.com\/tr\/wp-json\/wp\/v2\/types\/post"}],"author":[{"embeddable":true,"href":"https:\/\/drsedattatar.com\/tr\/wp-json\/wp\/v2\/users\/1"}],"replies":[{"embeddable":true,"href":"https:\/\/drsedattatar.com\/tr\/wp-json\/wp\/v2\/comments?post=2920"}],"version-history":[{"count":2,"href":"https:\/\/drsedattatar.com\/tr\/wp-json\/wp\/v2\/posts\/2920\/revisions"}],"predecessor-version":[{"id":2923,"href":"https:\/\/drsedattatar.com\/tr\/wp-json\/wp\/v2\/posts\/2920\/revisions\/2923"}],"wp:featuredmedia":[{"embeddable":true,"href":"https:\/\/drsedattatar.com\/tr\/wp-json\/wp\/v2\/media\/2922"}],"wp:attachment":[{"href":"https:\/\/drsedattatar.com\/tr\/wp-json\/wp\/v2\/media?parent=2920"}],"wp:term":[{"taxonomy":"category","embeddable":true,"href":"https:\/\/drsedattatar.com\/tr\/wp-json\/wp\/v2\/categories?post=2920"},{"taxonomy":"post_tag","embeddable":true,"href":"https:\/\/drsedattatar.com\/tr\/wp-json\/wp\/v2\/tags?post=2920"}],"curies":[{"name":"wp","href":"https:\/\/api.w.org\/{rel}","templated":true}]}}