{"id":2933,"date":"2025-08-27T13:26:10","date_gmt":"2025-08-27T13:26:10","guid":{"rendered":"https:\/\/drsedattatar.com\/tr\/?p=2933"},"modified":"2025-08-27T13:26:12","modified_gmt":"2025-08-27T13:26:12","slug":"en-iyi-estetik-nasil-olur-estetikten-fazlasi-uyum-ve-denge","status":"publish","type":"post","link":"https:\/\/drsedattatar.com\/tr\/en-iyi-estetik-nasil-olur-estetikten-fazlasi-uyum-ve-denge\/","title":{"rendered":"En \u0130yi Estetik Nas\u0131l Olur? Estetikten Fazlas\u0131: Uyum ve Denge"},"content":{"rendered":"\n<p>Estetik, yaln\u0131zca fiziksel bir m\u00fcdahale ya da g\u00fczellik alg\u0131s\u0131n\u0131n d\u0131\u015fsal bir yans\u0131mas\u0131 de\u011fildir. Ger\u00e7ek anlamda \u201cen iyi estetik\u201d, uyum ve denge prensiplerine dayanan, ki\u015finin do\u011fal yap\u0131s\u0131na sayg\u0131l\u0131 bir yakla\u015f\u0131m ile ortaya \u00e7\u0131kar. Bu yaz\u0131m\u0131zda estetik operasyonlar\u0131n yaln\u0131zca teknik birer uygulama de\u011fil, ayn\u0131 zamanda sanatsal ve bireysel bir uyum aray\u0131\u015f\u0131 oldu\u011funa de\u011finece\u011fiz.<\/p>\n\n\n\n<h2 class=\"wp-block-heading\"><a><\/a><strong>Estetik Sadece G\u00f6rsellik De\u011fildir<\/strong><\/h2>\n\n\n\n<p>Toplumda estetik kavram\u0131 \u00e7o\u011fu zaman \u201cdaha g\u00fczel g\u00f6r\u00fcnmek\u201d ile e\u015fle\u015ftirilse de asl\u0131nda bu s\u00fcre\u00e7, ki\u015finin kendi bedenine ve ruhsal b\u00fct\u00fcnl\u00fc\u011f\u00fcne hizmet eden \u00e7ok katmanl\u0131 bir d\u00f6n\u00fc\u015f\u00fcmd\u00fcr. \u201cEn iyi estetik nas\u0131l olur?\u201d sorusunun cevab\u0131 da bu noktada ba\u015flar: Do\u011fal g\u00f6r\u00fcn\u00fcm\u00fcn korunmas\u0131, y\u00fcz hatlar\u0131yla uyumlu sonu\u00e7lar\u0131n elde edilmesi ve ki\u015fiye \u00f6zel planlama yap\u0131lmas\u0131, ba\u015far\u0131l\u0131 estetik uygulamalar\u0131n temelini olu\u015fturur.<\/p>\n\n\n\n<h2 class=\"wp-block-heading\"><a><\/a><strong>Do\u011fall\u0131k: En \u0130yi Estetikte Olmazsa Olmaz<\/strong><\/h2>\n\n\n\n<p>Estetik i\u015flemler s\u00f6z konusu oldu\u011funda do\u011fall\u0131k en \u00e7ok aranan \u00f6zelliktir. Abart\u0131l\u0131 ya da yapay duran sonu\u00e7lar yerine, ki\u015finin ya\u015f\u0131na, cinsiyetine, y\u00fcz ifadesine ve v\u00fccut oranlar\u0131na uygun m\u00fcdahaleler en iyi sonucu verir. Bu nedenle, estetikte ba\u015far\u0131y\u0131 belirleyen en \u00f6nemli fakt\u00f6rlerden biri \u201cg\u00f6r\u00fcnmeyen ama fark edilen\u201d bir de\u011fi\u015fim sa\u011flamakt\u0131r. Do\u011fal bir estetik uygulama, ki\u015finin \u00f6zg\u00fcvenini art\u0131r\u0131rken \u00e7evresindeki insanlar\u0131n da dikkatini \u201cpozitif ama belirsiz\u201d \u015fekilde \u00e7eker.<\/p>\n\n\n\n<h2 class=\"wp-block-heading\"><a><\/a><strong>Ki\u015fiye \u00d6zel Planlama<\/strong><\/h2>\n\n\n\n<p>Her insan\u0131n y\u00fcz yap\u0131s\u0131, kemik oranlar\u0131, cilt tipi ve ya\u015flanma s\u00fcreci farkl\u0131d\u0131r. Bu nedenle estetik operasyonlar da ki\u015fiye \u00f6zel olarak planlanmal\u0131d\u0131r. Ba\u015far\u0131l\u0131 bir estetik doktoru, hastas\u0131n\u0131 detayl\u0131 \u015fekilde de\u011ferlendirir; beklentileri dinler, y\u00fcz oranlar\u0131n\u0131 analiz eder ve bu analiz do\u011frultusunda ger\u00e7ek\u00e7i bir yol haritas\u0131 olu\u015fturur. \u201cTek tip g\u00fczellik\u201d anlay\u0131\u015f\u0131na kar\u015f\u0131 durmak, estetikte m\u00fckemmeli yakalaman\u0131n ilk ad\u0131m\u0131d\u0131r.<\/p>\n\n\n\n<h2 class=\"wp-block-heading\"><a><\/a><strong>Y\u00fcz ve V\u00fccut Oranlar\u0131nda Denge Aray\u0131\u015f\u0131<\/strong><\/h2>\n\n\n\n<p>Estetik uygulamalarda temel hedeflerden biri, y\u00fcz ya da v\u00fccut b\u00f6lgesindeki oranlar\u0131 uyumlu hale getirmektir. \u00d6rne\u011fin burun esteti\u011fi (rinoplasti) yap\u0131l\u0131rken yaln\u0131zca burnun k\u00fc\u00e7\u00fclt\u00fclmesi de\u011fil, al\u0131n, \u00e7ene ve dudak oranlar\u0131n\u0131n da de\u011ferlendirilmesi gerekir. Ayn\u0131 \u015fekilde meme esteti\u011fi ya da kar\u0131n germe gibi i\u015flemlerde de v\u00fccudun genel hatt\u0131yla orant\u0131l\u0131 sonu\u00e7lar hedeflenmelidir. En iyi estetik, t\u00fcm bu b\u00f6lgeler aras\u0131nda bir denge kurmay\u0131 ba\u015farabilen m\u00fcdahaledir.<\/p>\n\n\n\n<h2 class=\"wp-block-heading\"><a><\/a><strong>Estetik Cerrah Se\u00e7imi: En \u00d6nemli Ad\u0131mlardan Biri<\/strong><\/h2>\n\n\n\n<p>Hi\u00e7bir estetik uygulama, do\u011fru ellerde yap\u0131lmad\u0131k\u00e7a iyi sonu\u00e7 vermez. Estetik cerrah se\u00e7imi, t\u00fcm s\u00fcrecin kalitesini belirler. Uygun bir doktor se\u00e7erken \u015fu kriterlere dikkat edilmelidir:<\/p>\n\n\n\n<ul class=\"wp-block-list\">\n<li>Plastik, Rekonstr\u00fcktif ve Estetik Cerrahi uzman\u0131 olmas\u0131<\/li>\n\n\n\n<li>Ulusal ve uluslararas\u0131 sertifikalara sahip olmas\u0131<\/li>\n\n\n\n<li>Daha \u00f6nceki hasta sonu\u00e7lar\u0131n\u0131 payla\u015fmas\u0131<\/li>\n\n\n\n<li>Do\u011fal ve ki\u015fiye \u00f6zel sonu\u00e7lara odaklanan bir yakla\u015f\u0131m sergilemesi<\/li>\n<\/ul>\n\n\n\n<p>JCI (Joint Commission International) akreditasyonuna sahip hastanelerde ameliyat olmak da hasta g\u00fcvenli\u011fi ve i\u015flem kalitesi a\u00e7\u0131s\u0131ndan son derece \u00f6nemlidir.<\/p>\n\n\n\n<h2 class=\"wp-block-heading\"><a><\/a><strong>Teknoloji ve Modern Y\u00f6ntemlerin Rol\u00fc<\/strong><\/h2>\n\n\n\n<p>Geli\u015fen t\u0131bbi teknolojiler sayesinde estetik uygulamalar g\u00fcn\u00fcm\u00fczde daha k\u0131sa s\u00fcrede, daha az iz ile ve daha h\u0131zl\u0131 iyile\u015fme s\u00fcreciyle yap\u0131labiliyor. Ultrasonik liposuction, lazer destekli cilt s\u0131k\u0131la\u015ft\u0131rma, piezo burun esteti\u011fi ve robotik cerrahi gibi yenilikler, hasta memnuniyetini art\u0131r\u0131yor. Ancak teknoloji ne kadar geli\u015firse geli\u015fsin, doktorun estetik bak\u0131\u015f a\u00e7\u0131s\u0131 ve deneyimi her zaman belirleyici rol oynar.<\/p>\n\n\n\n<h2 class=\"wp-block-heading\"><a><\/a><strong>Estetikte Psikolojik Haz\u0131rl\u0131k<\/strong><\/h2>\n\n\n\n<p>\u201cEn iyi estetik nas\u0131l olur?\u201d sorusunun bir di\u011fer cevab\u0131 da zihinsel haz\u0131rl\u0131kta yatar. Estetik i\u015flem d\u00fc\u015f\u00fcnen ki\u015filerin, bu s\u00fcrecin bir ya\u015fam de\u011fi\u015fikli\u011fi oldu\u011funu bilmesi ve ger\u00e7ek\u00e7i beklentilerle yola \u00e7\u0131kmas\u0131 gerekir. Estetik, \u00f6zg\u00fcveni destekler ama t\u00fcm sorunlara \u00e7\u00f6z\u00fcm sa\u011flamaz. Bu nedenle i\u015flem \u00f6ncesinde psikolojik olarak haz\u0131r olmak, s\u00fcreci daha sa\u011fl\u0131kl\u0131 ge\u00e7irmeyi sa\u011flar.<\/p>\n\n\n\n<h2 class=\"wp-block-heading\"><a><\/a><strong>\u0130yile\u015fme S\u00fcrecine G\u00f6sterece\u011finiz \u00d6zen<\/strong><\/h2>\n\n\n\n<p>Estetik cerrahiden al\u0131nacak verim sadece ameliyat g\u00fcn\u00fcyle s\u0131n\u0131rl\u0131 de\u011fildir. \u0130yile\u015fme s\u00fcreci de sonucu do\u011frudan etkiler. Doktor \u00f6nerilerine harfiyen uymak, d\u00fczenli kontrolleri aksatmamak ve ya\u015fam tarz\u0131nda \u00f6nerilen de\u011fi\u015fiklikleri yapmak gerekir. En iyi sonu\u00e7lar, doktor ve hasta i\u015f birli\u011fi ile ortaya \u00e7\u0131kar.<\/p>\n\n\n\n<h2 class=\"wp-block-heading\"><a><\/a><strong>Estetik ve Zamanlama<\/strong><\/h2>\n\n\n\n<p>Estetik m\u00fcdahalelerde mevsimsel fakt\u00f6rler de \u00f6nemlidir. \u00d6rne\u011fin yaz aylar\u0131nda yap\u0131lan ameliyatlar sonras\u0131 g\u00fcne\u015ften korunmak zor olabilir. \u0130yile\u015fme s\u00fcrecini desteklemek i\u00e7in i\u015flem sonras\u0131 d\u00f6nem dikkatle planlanmal\u0131, operasyon i\u00e7in uygun zaman dilimi tercih edilmelidir. Bu da estetik ba\u015far\u0131n\u0131n bir par\u00e7as\u0131d\u0131r.<\/p>\n\n\n\n<h2 class=\"wp-block-heading\"><a><\/a><strong>Estetikte Minimalizm Trendleri<\/strong><\/h2>\n\n\n\n<p>Son y\u0131llarda \u00f6ne \u00e7\u0131kan &#8220;less is more&#8221; anlay\u0131\u015f\u0131, estetik d\u00fcnyas\u0131nda da etkili olmaya ba\u015flad\u0131. Daha k\u00fc\u00e7\u00fck, daha kontroll\u00fc dokunu\u015flarla y\u00fcz hatlar\u0131n\u0131 belirginle\u015ftirmek, fazla m\u00fcdahaleden ka\u00e7\u0131nmak, estetik g\u00f6r\u00fcn\u00fcm\u00fc daha zamans\u0131z ve do\u011fal k\u0131lar. En iyi estetik, art\u0131k \u201cfark edilmeden fark edilen\u201d de\u011fi\u015fimlerle tan\u0131mlan\u0131yor.<\/p>\n\n\n\n<h2 class=\"wp-block-heading\"><a><\/a><strong>En \u0130yi Estetik, Sadece G\u00fczellik De\u011fil, Denge ve Uyumdur<\/strong><\/h2>\n\n\n\n<p>Estetik, yaln\u0131zca d\u0131\u015f g\u00f6r\u00fcn\u00fc\u015f\u00fc de\u011fil, i\u00e7sel b\u00fct\u00fcnl\u00fc\u011f\u00fc de destekleyen bir d\u00f6n\u00fc\u015f\u00fcmd\u00fcr. En iyi estetik nas\u0131l olur? sorusunun cevab\u0131, her bireyde farkl\u0131d\u0131r; \u00e7\u00fcnk\u00fc en iyi estetik, ki\u015fiye \u00f6zel oland\u0131r. Uyum, denge, do\u011fall\u0131k ve uzmanl\u0131k bir araya geldi\u011finde, estetik m\u00fcdahaleler ger\u00e7ek anlamda ba\u015far\u0131l\u0131 olur.<\/p>\n\n\n\n<p><strong>\u0130LET\u0130\u015e\u0130M B\u0130LG\u0130LER\u0130<\/strong><\/p>\n\n\n\n<p><strong>Do\u00e7. Dr. Sedar Tatar Klini\u011fi<\/strong><\/p>\n\n\n\n<p><strong>Telefon No :&nbsp;<\/strong><a href=\"tel:+90%20(555)%20100%2010%2083\">+90 (555) 100 10 83<\/a><br><strong>\u0130leti\u015fim Linki :&nbsp;<\/strong><a href=\"mailto:info@drsedattatar.com\">info@drsedattatar.com<\/a><br><strong>Adres :&nbsp;<\/strong>Levent Mahallesi, Karanfil Aral\u0131\u011f\u0131 Caddesi No: 18 Be\u015fikta\u015f\/\u0130STANBUL<\/p>\n\n\n<div class=\"kk-star-ratings kksr-auto kksr-align-center kksr-valign-bottom\"\n    data-payload='{&quot;align&quot;:&quot;center&quot;,&quot;id&quot;:&quot;2933&quot;,&quot;slug&quot;:&quot;default&quot;,&quot;valign&quot;:&quot;bottom&quot;,&quot;ignore&quot;:&quot;&quot;,&quot;reference&quot;:&quot;auto&quot;,&quot;class&quot;:&quot;&quot;,&quot;count&quot;:&quot;0&quot;,&quot;legendonly&quot;:&quot;&quot;,&quot;readonly&quot;:&quot;&quot;,&quot;score&quot;:&quot;0&quot;,&quot;starsonly&quot;:&quot;&quot;,&quot;best&quot;:&quot;5&quot;,&quot;gap&quot;:&quot;5&quot;,&quot;greet&quot;:&quot;\u0130\u00e7eri\u011fimizi Oylay\u0131n!&quot;,&quot;legend&quot;:&quot;0\\\/5 - (0 oy verildi!)&quot;,&quot;size&quot;:&quot;24&quot;,&quot;title&quot;:&quot;En \u0130yi Estetik Nas\u0131l Olur? Estetikten Fazlas\u0131: Uyum ve Denge&quot;,&quot;width&quot;:&quot;0&quot;,&quot;_legend&quot;:&quot;{score}\\\/{best} - ({count} oy verildi!)&quot;,&quot;font_factor&quot;:&quot;1.25&quot;}'>\n            \n<div class=\"kksr-stars\">\n    \n<div class=\"kksr-stars-inactive\">\n            <div class=\"kksr-star\" data-star=\"1\" style=\"padding-right: 5px\">\n            \n\n<div class=\"kksr-icon\" style=\"width: 24px; height: 24px;\"><\/div>\n        <\/div>\n            <div class=\"kksr-star\" data-star=\"2\" style=\"padding-right: 5px\">\n            \n\n<div class=\"kksr-icon\" style=\"width: 24px; height: 24px;\"><\/div>\n        <\/div>\n            <div class=\"kksr-star\" data-star=\"3\" style=\"padding-right: 5px\">\n            \n\n<div class=\"kksr-icon\" style=\"width: 24px; height: 24px;\"><\/div>\n        <\/div>\n            <div class=\"kksr-star\" data-star=\"4\" style=\"padding-right: 5px\">\n            \n\n<div class=\"kksr-icon\" style=\"width: 24px; height: 24px;\"><\/div>\n        <\/div>\n            <div class=\"kksr-star\" data-star=\"5\" style=\"padding-right: 5px\">\n            \n\n<div class=\"kksr-icon\" style=\"width: 24px; height: 24px;\"><\/div>\n        <\/div>\n    <\/div>\n    \n<div class=\"kksr-stars-active\" style=\"width: 0px;\">\n            <div class=\"kksr-star\" style=\"padding-right: 5px\">\n            \n\n<div class=\"kksr-icon\" style=\"width: 24px; height: 24px;\"><\/div>\n        <\/div>\n            <div class=\"kksr-star\" style=\"padding-right: 5px\">\n            \n\n<div class=\"kksr-icon\" style=\"width: 24px; height: 24px;\"><\/div>\n        <\/div>\n            <div class=\"kksr-star\" style=\"padding-right: 5px\">\n            \n\n<div class=\"kksr-icon\" style=\"width: 24px; height: 24px;\"><\/div>\n        <\/div>\n            <div class=\"kksr-star\" style=\"padding-right: 5px\">\n            \n\n<div class=\"kksr-icon\" style=\"width: 24px; height: 24px;\"><\/div>\n        <\/div>\n            <div class=\"kksr-star\" style=\"padding-right: 5px\">\n            \n\n<div class=\"kksr-icon\" style=\"width: 24px; height: 24px;\"><\/div>\n        <\/div>\n    <\/div>\n<\/div>\n                \n\n<div class=\"kksr-legend\" style=\"font-size: 19.2px;\">\n            <span class=\"kksr-muted\">\u0130\u00e7eri\u011fimizi Oylay\u0131n!<\/span>\n    <\/div>\n    <\/div>\n","protected":false},"excerpt":{"rendered":"<p>Estetik, yaln\u0131zca fiziksel bir m\u00fcdahale ya da g\u00fczellik alg\u0131s\u0131n\u0131n d\u0131\u015fsal bir yans\u0131mas\u0131 de\u011fildir. Ger\u00e7ek anlamda \u201cen iyi estetik\u201d, uyum ve denge prensiplerine dayanan, ki\u015finin do\u011fal yap\u0131s\u0131na sayg\u0131l\u0131 bir yakla\u015f\u0131m ile ortaya \u00e7\u0131kar. Bu yaz\u0131m\u0131zda estetik operasyonlar\u0131n yaln\u0131zca teknik birer uygulama de\u011fil, ayn\u0131 zamanda sanatsal ve bireysel bir uyum aray\u0131\u015f\u0131 oldu\u011funa de\u011finece\u011fiz.<\/p>\n","protected":false},"author":1,"featured_media":2935,"comment_status":"closed","ping_status":"open","sticky":false,"template":"","format":"standard","meta":{"_kad_blocks_custom_css":"","_kad_blocks_head_custom_js":"","_kad_blocks_body_custom_js":"","_kad_blocks_footer_custom_js":"","_kadence_starter_templates_imported_post":false,"_kad_post_transparent":"","_kad_post_title":"","_kad_post_layout":"","_kad_post_sidebar_id":"","_kad_post_content_style":"","_kad_post_vertical_padding":"","_kad_post_feature":"","_kad_post_feature_position":"","_kad_post_header":false,"_kad_post_footer":false,"footnotes":""},"categories":[14],"tags":[],"class_list":["post-2933","post","type-post","status-publish","format-standard","has-post-thumbnail","hentry","category-plastik-cerrahi-blog"],"yoast_head":"<!-- This site is optimized with the Yoast SEO plugin v25.9 - https:\/\/yoast.com\/wordpress\/plugins\/seo\/ -->\n<title>En \u0130yi Estetik Nas\u0131l Olur? Estetikten Fazlas\u0131: Uyum ve Denge - \u0130stanbul Estetik, Plastik ve Rekonstr\u00fcktif Cerrahi - Do\u00e7. Dr. Sedat Tatar<\/title>\n<meta name=\"description\" content=\"En iyi estetik nas\u0131l olur? Do\u011fall\u0131k, uyum ve dengeyle ki\u015fiye \u00f6zel planlanan estetik uygulamalar\u0131n ba\u015far\u0131 s\u0131rlar\u0131n\u0131 ke\u015ffedin.\" \/>\n<meta name=\"robots\" content=\"index, follow, max-snippet:-1, max-image-preview:large, max-video-preview:-1\" \/>\n<link rel=\"canonical\" href=\"https:\/\/drsedattatar.com\/tr\/en-iyi-estetik-nasil-olur-estetikten-fazlasi-uyum-ve-denge\/\" \/>\n<meta property=\"og:locale\" content=\"tr_TR\" \/>\n<meta property=\"og:type\" content=\"article\" \/>\n<meta property=\"og:title\" content=\"En \u0130yi Estetik Nas\u0131l Olur? Estetikten Fazlas\u0131: Uyum ve Denge - \u0130stanbul Estetik, Plastik ve Rekonstr\u00fcktif Cerrahi - Do\u00e7. Dr. Sedat Tatar\" \/>\n<meta property=\"og:description\" content=\"En iyi estetik nas\u0131l olur? Do\u011fall\u0131k, uyum ve dengeyle ki\u015fiye \u00f6zel planlanan estetik uygulamalar\u0131n ba\u015far\u0131 s\u0131rlar\u0131n\u0131 ke\u015ffedin.\" \/>\n<meta property=\"og:url\" content=\"https:\/\/drsedattatar.com\/tr\/en-iyi-estetik-nasil-olur-estetikten-fazlasi-uyum-ve-denge\/\" \/>\n<meta property=\"og:site_name\" content=\"\u0130stanbul Estetik, Plastik ve Rekonstr\u00fcktif Cerrahi - Do\u00e7. Dr. Sedat Tatar\" \/>\n<meta property=\"article:published_time\" content=\"2025-08-27T13:26:10+00:00\" \/>\n<meta property=\"article:modified_time\" content=\"2025-08-27T13:26:12+00:00\" \/>\n<meta property=\"og:image\" content=\"https:\/\/drsedattatar.com\/tr\/wp-content\/uploads\/2025\/08\/41-Kapak-TR.jpg\" \/>\n\t<meta property=\"og:image:width\" content=\"1920\" \/>\n\t<meta property=\"og:image:height\" content=\"1080\" \/>\n\t<meta property=\"og:image:type\" content=\"image\/jpeg\" \/>\n<meta name=\"author\" content=\"Sedat Tatar\" \/>\n<meta name=\"twitter:card\" content=\"summary_large_image\" \/>\n<meta name=\"twitter:label1\" content=\"Yazan:\" \/>\n\t<meta name=\"twitter:data1\" content=\"Sedat Tatar\" \/>\n\t<meta name=\"twitter:label2\" content=\"Tahmini okuma s\u00fcresi\" \/>\n\t<meta name=\"twitter:data2\" content=\"5 dakika\" \/>\n<script type=\"application\/ld+json\" class=\"yoast-schema-graph\">{\"@context\":\"https:\/\/schema.org\",\"@graph\":[{\"@type\":\"Article\",\"@id\":\"https:\/\/drsedattatar.com\/tr\/en-iyi-estetik-nasil-olur-estetikten-fazlasi-uyum-ve-denge\/#article\",\"isPartOf\":{\"@id\":\"https:\/\/drsedattatar.com\/tr\/en-iyi-estetik-nasil-olur-estetikten-fazlasi-uyum-ve-denge\/\"},\"author\":{\"name\":\"Sedat Tatar\",\"@id\":\"https:\/\/drsedattatar.com\/tr\/#\/schema\/person\/aa22f82cb49cf6b0e8e4c2fdd472308a\"},\"headline\":\"En \u0130yi Estetik Nas\u0131l Olur? Estetikten Fazlas\u0131: Uyum ve Denge\",\"datePublished\":\"2025-08-27T13:26:10+00:00\",\"dateModified\":\"2025-08-27T13:26:12+00:00\",\"mainEntityOfPage\":{\"@id\":\"https:\/\/drsedattatar.com\/tr\/en-iyi-estetik-nasil-olur-estetikten-fazlasi-uyum-ve-denge\/\"},\"wordCount\":1024,\"publisher\":{\"@id\":\"https:\/\/drsedattatar.com\/tr\/#organization\"},\"image\":{\"@id\":\"https:\/\/drsedattatar.com\/tr\/en-iyi-estetik-nasil-olur-estetikten-fazlasi-uyum-ve-denge\/#primaryimage\"},\"thumbnailUrl\":\"https:\/\/drsedattatar.com\/tr\/wp-content\/uploads\/2025\/08\/41-Kapak-TR.jpg\",\"articleSection\":[\"Plastik Cerrahi Blog\"],\"inLanguage\":\"tr\"},{\"@type\":\"WebPage\",\"@id\":\"https:\/\/drsedattatar.com\/tr\/en-iyi-estetik-nasil-olur-estetikten-fazlasi-uyum-ve-denge\/\",\"url\":\"https:\/\/drsedattatar.com\/tr\/en-iyi-estetik-nasil-olur-estetikten-fazlasi-uyum-ve-denge\/\",\"name\":\"En \u0130yi Estetik Nas\u0131l Olur? Estetikten Fazlas\u0131: Uyum ve Denge - \u0130stanbul Estetik, Plastik ve Rekonstr\u00fcktif Cerrahi - Do\u00e7. Dr. Sedat Tatar\",\"isPartOf\":{\"@id\":\"https:\/\/drsedattatar.com\/tr\/#website\"},\"primaryImageOfPage\":{\"@id\":\"https:\/\/drsedattatar.com\/tr\/en-iyi-estetik-nasil-olur-estetikten-fazlasi-uyum-ve-denge\/#primaryimage\"},\"image\":{\"@id\":\"https:\/\/drsedattatar.com\/tr\/en-iyi-estetik-nasil-olur-estetikten-fazlasi-uyum-ve-denge\/#primaryimage\"},\"thumbnailUrl\":\"https:\/\/drsedattatar.com\/tr\/wp-content\/uploads\/2025\/08\/41-Kapak-TR.jpg\",\"datePublished\":\"2025-08-27T13:26:10+00:00\",\"dateModified\":\"2025-08-27T13:26:12+00:00\",\"description\":\"En iyi estetik nas\u0131l olur? Do\u011fall\u0131k, uyum ve dengeyle ki\u015fiye \u00f6zel planlanan estetik uygulamalar\u0131n ba\u015far\u0131 s\u0131rlar\u0131n\u0131 ke\u015ffedin.\",\"breadcrumb\":{\"@id\":\"https:\/\/drsedattatar.com\/tr\/en-iyi-estetik-nasil-olur-estetikten-fazlasi-uyum-ve-denge\/#breadcrumb\"},\"inLanguage\":\"tr\",\"potentialAction\":[{\"@type\":\"ReadAction\",\"target\":[\"https:\/\/drsedattatar.com\/tr\/en-iyi-estetik-nasil-olur-estetikten-fazlasi-uyum-ve-denge\/\"]}]},{\"@type\":\"ImageObject\",\"inLanguage\":\"tr\",\"@id\":\"https:\/\/drsedattatar.com\/tr\/en-iyi-estetik-nasil-olur-estetikten-fazlasi-uyum-ve-denge\/#primaryimage\",\"url\":\"https:\/\/drsedattatar.com\/tr\/wp-content\/uploads\/2025\/08\/41-Kapak-TR.jpg\",\"contentUrl\":\"https:\/\/drsedattatar.com\/tr\/wp-content\/uploads\/2025\/08\/41-Kapak-TR.jpg\",\"width\":1920,\"height\":1080},{\"@type\":\"BreadcrumbList\",\"@id\":\"https:\/\/drsedattatar.com\/tr\/en-iyi-estetik-nasil-olur-estetikten-fazlasi-uyum-ve-denge\/#breadcrumb\",\"itemListElement\":[{\"@type\":\"ListItem\",\"position\":1,\"name\":\"Anasayfa\",\"item\":\"https:\/\/drsedattatar.com\/tr\/\"},{\"@type\":\"ListItem\",\"position\":2,\"name\":\"En \u0130yi Estetik Nas\u0131l Olur? Estetikten Fazlas\u0131: Uyum ve Denge\"}]},{\"@type\":\"WebSite\",\"@id\":\"https:\/\/drsedattatar.com\/tr\/#website\",\"url\":\"https:\/\/drsedattatar.com\/tr\/\",\"name\":\"\u0130stanbul Estetik, Plastik ve Rekonstr\u00fcktif Cerrahi - Do\u00e7. Dr. Sedat Tatar\",\"description\":\"\u0130stanbul Estetik, Plastik ve Rekonstr\u00fcktif Cerrahi alan\u0131nda deneyimli Do\u00e7. Dr. Sedat Tatar ile hayallerinizi ger\u00e7e\u011fe d\u00f6n\u00fc\u015ft\u00fcr\u00fcn ve kendinizi en iyi \u015fekilde hissedin.\",\"publisher\":{\"@id\":\"https:\/\/drsedattatar.com\/tr\/#organization\"},\"potentialAction\":[{\"@type\":\"SearchAction\",\"target\":{\"@type\":\"EntryPoint\",\"urlTemplate\":\"https:\/\/drsedattatar.com\/tr\/?s={search_term_string}\"},\"query-input\":{\"@type\":\"PropertyValueSpecification\",\"valueRequired\":true,\"valueName\":\"search_term_string\"}}],\"inLanguage\":\"tr\"},{\"@type\":\"Organization\",\"@id\":\"https:\/\/drsedattatar.com\/tr\/#organization\",\"name\":\"\u0130stanbul Estetik, Plastik ve Rekonstr\u00fcktif Cerrahi - Do\u00e7. Dr. Sedat Tatar\",\"url\":\"https:\/\/drsedattatar.com\/tr\/\",\"logo\":{\"@type\":\"ImageObject\",\"inLanguage\":\"tr\",\"@id\":\"https:\/\/drsedattatar.com\/tr\/#\/schema\/logo\/image\/\",\"url\":\"https:\/\/drsedattatar.com\/tr\/wp-content\/uploads\/2023\/06\/cropped-cropped-cropped-dr-sedat-tatar-estetik-plastik-logo.webp\",\"contentUrl\":\"https:\/\/drsedattatar.com\/tr\/wp-content\/uploads\/2023\/06\/cropped-cropped-cropped-dr-sedat-tatar-estetik-plastik-logo.webp\",\"width\":1505,\"height\":602,\"caption\":\"\u0130stanbul Estetik, Plastik ve Rekonstr\u00fcktif Cerrahi - Do\u00e7. Dr. Sedat Tatar\"},\"image\":{\"@id\":\"https:\/\/drsedattatar.com\/tr\/#\/schema\/logo\/image\/\"}},{\"@type\":\"Person\",\"@id\":\"https:\/\/drsedattatar.com\/tr\/#\/schema\/person\/aa22f82cb49cf6b0e8e4c2fdd472308a\",\"name\":\"Sedat Tatar\",\"image\":{\"@type\":\"ImageObject\",\"inLanguage\":\"tr\",\"@id\":\"https:\/\/drsedattatar.com\/tr\/#\/schema\/person\/image\/\",\"url\":\"https:\/\/secure.gravatar.com\/avatar\/dea798d972982cc67ccc601a56275438ae42ec5d4557bb1f2fb426553e72d1a1?s=96&d=mm&r=g\",\"contentUrl\":\"https:\/\/secure.gravatar.com\/avatar\/dea798d972982cc67ccc601a56275438ae42ec5d4557bb1f2fb426553e72d1a1?s=96&d=mm&r=g\",\"caption\":\"Sedat Tatar\"},\"sameAs\":[\"http:\/\/drsedattatar.com\/tr\"],\"url\":\"https:\/\/drsedattatar.com\/tr\/author\/admin\/\"}]}<\/script>\n<!-- \/ Yoast SEO plugin. -->","yoast_head_json":{"title":"En \u0130yi Estetik Nas\u0131l Olur? Estetikten Fazlas\u0131: Uyum ve Denge - \u0130stanbul Estetik, Plastik ve Rekonstr\u00fcktif Cerrahi - Do\u00e7. Dr. Sedat Tatar","description":"En iyi estetik nas\u0131l olur? Do\u011fall\u0131k, uyum ve dengeyle ki\u015fiye \u00f6zel planlanan estetik uygulamalar\u0131n ba\u015far\u0131 s\u0131rlar\u0131n\u0131 ke\u015ffedin.","robots":{"index":"index","follow":"follow","max-snippet":"max-snippet:-1","max-image-preview":"max-image-preview:large","max-video-preview":"max-video-preview:-1"},"canonical":"https:\/\/drsedattatar.com\/tr\/en-iyi-estetik-nasil-olur-estetikten-fazlasi-uyum-ve-denge\/","og_locale":"tr_TR","og_type":"article","og_title":"En \u0130yi Estetik Nas\u0131l Olur? Estetikten Fazlas\u0131: Uyum ve Denge - \u0130stanbul Estetik, Plastik ve Rekonstr\u00fcktif Cerrahi - Do\u00e7. Dr. Sedat Tatar","og_description":"En iyi estetik nas\u0131l olur? Do\u011fall\u0131k, uyum ve dengeyle ki\u015fiye \u00f6zel planlanan estetik uygulamalar\u0131n ba\u015far\u0131 s\u0131rlar\u0131n\u0131 ke\u015ffedin.","og_url":"https:\/\/drsedattatar.com\/tr\/en-iyi-estetik-nasil-olur-estetikten-fazlasi-uyum-ve-denge\/","og_site_name":"\u0130stanbul Estetik, Plastik ve Rekonstr\u00fcktif Cerrahi - Do\u00e7. Dr. Sedat Tatar","article_published_time":"2025-08-27T13:26:10+00:00","article_modified_time":"2025-08-27T13:26:12+00:00","og_image":[{"width":1920,"height":1080,"url":"https:\/\/drsedattatar.com\/tr\/wp-content\/uploads\/2025\/08\/41-Kapak-TR.jpg","type":"image\/jpeg"}],"author":"Sedat Tatar","twitter_card":"summary_large_image","twitter_misc":{"Yazan:":"Sedat Tatar","Tahmini okuma s\u00fcresi":"5 dakika"},"schema":{"@context":"https:\/\/schema.org","@graph":[{"@type":"Article","@id":"https:\/\/drsedattatar.com\/tr\/en-iyi-estetik-nasil-olur-estetikten-fazlasi-uyum-ve-denge\/#article","isPartOf":{"@id":"https:\/\/drsedattatar.com\/tr\/en-iyi-estetik-nasil-olur-estetikten-fazlasi-uyum-ve-denge\/"},"author":{"name":"Sedat Tatar","@id":"https:\/\/drsedattatar.com\/tr\/#\/schema\/person\/aa22f82cb49cf6b0e8e4c2fdd472308a"},"headline":"En \u0130yi Estetik Nas\u0131l Olur? Estetikten Fazlas\u0131: Uyum ve Denge","datePublished":"2025-08-27T13:26:10+00:00","dateModified":"2025-08-27T13:26:12+00:00","mainEntityOfPage":{"@id":"https:\/\/drsedattatar.com\/tr\/en-iyi-estetik-nasil-olur-estetikten-fazlasi-uyum-ve-denge\/"},"wordCount":1024,"publisher":{"@id":"https:\/\/drsedattatar.com\/tr\/#organization"},"image":{"@id":"https:\/\/drsedattatar.com\/tr\/en-iyi-estetik-nasil-olur-estetikten-fazlasi-uyum-ve-denge\/#primaryimage"},"thumbnailUrl":"https:\/\/drsedattatar.com\/tr\/wp-content\/uploads\/2025\/08\/41-Kapak-TR.jpg","articleSection":["Plastik Cerrahi Blog"],"inLanguage":"tr"},{"@type":"WebPage","@id":"https:\/\/drsedattatar.com\/tr\/en-iyi-estetik-nasil-olur-estetikten-fazlasi-uyum-ve-denge\/","url":"https:\/\/drsedattatar.com\/tr\/en-iyi-estetik-nasil-olur-estetikten-fazlasi-uyum-ve-denge\/","name":"En \u0130yi Estetik Nas\u0131l Olur? Estetikten Fazlas\u0131: Uyum ve Denge - \u0130stanbul Estetik, Plastik ve Rekonstr\u00fcktif Cerrahi - Do\u00e7. Dr. Sedat Tatar","isPartOf":{"@id":"https:\/\/drsedattatar.com\/tr\/#website"},"primaryImageOfPage":{"@id":"https:\/\/drsedattatar.com\/tr\/en-iyi-estetik-nasil-olur-estetikten-fazlasi-uyum-ve-denge\/#primaryimage"},"image":{"@id":"https:\/\/drsedattatar.com\/tr\/en-iyi-estetik-nasil-olur-estetikten-fazlasi-uyum-ve-denge\/#primaryimage"},"thumbnailUrl":"https:\/\/drsedattatar.com\/tr\/wp-content\/uploads\/2025\/08\/41-Kapak-TR.jpg","datePublished":"2025-08-27T13:26:10+00:00","dateModified":"2025-08-27T13:26:12+00:00","description":"En iyi estetik nas\u0131l olur? Do\u011fall\u0131k, uyum ve dengeyle ki\u015fiye \u00f6zel planlanan estetik uygulamalar\u0131n ba\u015far\u0131 s\u0131rlar\u0131n\u0131 ke\u015ffedin.","breadcrumb":{"@id":"https:\/\/drsedattatar.com\/tr\/en-iyi-estetik-nasil-olur-estetikten-fazlasi-uyum-ve-denge\/#breadcrumb"},"inLanguage":"tr","potentialAction":[{"@type":"ReadAction","target":["https:\/\/drsedattatar.com\/tr\/en-iyi-estetik-nasil-olur-estetikten-fazlasi-uyum-ve-denge\/"]}]},{"@type":"ImageObject","inLanguage":"tr","@id":"https:\/\/drsedattatar.com\/tr\/en-iyi-estetik-nasil-olur-estetikten-fazlasi-uyum-ve-denge\/#primaryimage","url":"https:\/\/drsedattatar.com\/tr\/wp-content\/uploads\/2025\/08\/41-Kapak-TR.jpg","contentUrl":"https:\/\/drsedattatar.com\/tr\/wp-content\/uploads\/2025\/08\/41-Kapak-TR.jpg","width":1920,"height":1080},{"@type":"BreadcrumbList","@id":"https:\/\/drsedattatar.com\/tr\/en-iyi-estetik-nasil-olur-estetikten-fazlasi-uyum-ve-denge\/#breadcrumb","itemListElement":[{"@type":"ListItem","position":1,"name":"Anasayfa","item":"https:\/\/drsedattatar.com\/tr\/"},{"@type":"ListItem","position":2,"name":"En \u0130yi Estetik Nas\u0131l Olur? Estetikten Fazlas\u0131: Uyum ve Denge"}]},{"@type":"WebSite","@id":"https:\/\/drsedattatar.com\/tr\/#website","url":"https:\/\/drsedattatar.com\/tr\/","name":"\u0130stanbul Estetik, Plastik ve Rekonstr\u00fcktif Cerrahi - Do\u00e7. Dr. Sedat Tatar","description":"\u0130stanbul Estetik, Plastik ve Rekonstr\u00fcktif Cerrahi alan\u0131nda deneyimli Do\u00e7. Dr. Sedat Tatar ile hayallerinizi ger\u00e7e\u011fe d\u00f6n\u00fc\u015ft\u00fcr\u00fcn ve kendinizi en iyi \u015fekilde hissedin.","publisher":{"@id":"https:\/\/drsedattatar.com\/tr\/#organization"},"potentialAction":[{"@type":"SearchAction","target":{"@type":"EntryPoint","urlTemplate":"https:\/\/drsedattatar.com\/tr\/?s={search_term_string}"},"query-input":{"@type":"PropertyValueSpecification","valueRequired":true,"valueName":"search_term_string"}}],"inLanguage":"tr"},{"@type":"Organization","@id":"https:\/\/drsedattatar.com\/tr\/#organization","name":"\u0130stanbul Estetik, Plastik ve Rekonstr\u00fcktif Cerrahi - Do\u00e7. Dr. Sedat Tatar","url":"https:\/\/drsedattatar.com\/tr\/","logo":{"@type":"ImageObject","inLanguage":"tr","@id":"https:\/\/drsedattatar.com\/tr\/#\/schema\/logo\/image\/","url":"https:\/\/drsedattatar.com\/tr\/wp-content\/uploads\/2023\/06\/cropped-cropped-cropped-dr-sedat-tatar-estetik-plastik-logo.webp","contentUrl":"https:\/\/drsedattatar.com\/tr\/wp-content\/uploads\/2023\/06\/cropped-cropped-cropped-dr-sedat-tatar-estetik-plastik-logo.webp","width":1505,"height":602,"caption":"\u0130stanbul Estetik, Plastik ve Rekonstr\u00fcktif Cerrahi - Do\u00e7. Dr. Sedat Tatar"},"image":{"@id":"https:\/\/drsedattatar.com\/tr\/#\/schema\/logo\/image\/"}},{"@type":"Person","@id":"https:\/\/drsedattatar.com\/tr\/#\/schema\/person\/aa22f82cb49cf6b0e8e4c2fdd472308a","name":"Sedat Tatar","image":{"@type":"ImageObject","inLanguage":"tr","@id":"https:\/\/drsedattatar.com\/tr\/#\/schema\/person\/image\/","url":"https:\/\/secure.gravatar.com\/avatar\/dea798d972982cc67ccc601a56275438ae42ec5d4557bb1f2fb426553e72d1a1?s=96&d=mm&r=g","contentUrl":"https:\/\/secure.gravatar.com\/avatar\/dea798d972982cc67ccc601a56275438ae42ec5d4557bb1f2fb426553e72d1a1?s=96&d=mm&r=g","caption":"Sedat Tatar"},"sameAs":["http:\/\/drsedattatar.com\/tr"],"url":"https:\/\/drsedattatar.com\/tr\/author\/admin\/"}]}},"taxonomy_info":{"category":[{"value":14,"label":"Plastik Cerrahi Blog"}]},"featured_image_src_large":["https:\/\/drsedattatar.com\/tr\/wp-content\/uploads\/2025\/08\/41-Kapak-TR-1024x576.jpg",1024,576,true],"author_info":{"display_name":"Sedat Tatar","author_link":"https:\/\/drsedattatar.com\/tr\/author\/admin\/"},"comment_info":0,"category_info":[{"term_id":14,"name":"Plastik Cerrahi Blog","slug":"plastik-cerrahi-blog","term_group":0,"term_taxonomy_id":14,"taxonomy":"category","description":"","parent":0,"count":155,"filter":"raw","cat_ID":14,"category_count":155,"category_description":"","cat_name":"Plastik Cerrahi Blog","category_nicename":"plastik-cerrahi-blog","category_parent":0}],"tag_info":false,"_links":{"self":[{"href":"https:\/\/drsedattatar.com\/tr\/wp-json\/wp\/v2\/posts\/2933","targetHints":{"allow":["GET"]}}],"collection":[{"href":"https:\/\/drsedattatar.com\/tr\/wp-json\/wp\/v2\/posts"}],"about":[{"href":"https:\/\/drsedattatar.com\/tr\/wp-json\/wp\/v2\/types\/post"}],"author":[{"embeddable":true,"href":"https:\/\/drsedattatar.com\/tr\/wp-json\/wp\/v2\/users\/1"}],"replies":[{"embeddable":true,"href":"https:\/\/drsedattatar.com\/tr\/wp-json\/wp\/v2\/comments?post=2933"}],"version-history":[{"count":2,"href":"https:\/\/drsedattatar.com\/tr\/wp-json\/wp\/v2\/posts\/2933\/revisions"}],"predecessor-version":[{"id":2936,"href":"https:\/\/drsedattatar.com\/tr\/wp-json\/wp\/v2\/posts\/2933\/revisions\/2936"}],"wp:featuredmedia":[{"embeddable":true,"href":"https:\/\/drsedattatar.com\/tr\/wp-json\/wp\/v2\/media\/2935"}],"wp:attachment":[{"href":"https:\/\/drsedattatar.com\/tr\/wp-json\/wp\/v2\/media?parent=2933"}],"wp:term":[{"taxonomy":"category","embeddable":true,"href":"https:\/\/drsedattatar.com\/tr\/wp-json\/wp\/v2\/categories?post=2933"},{"taxonomy":"post_tag","embeddable":true,"href":"https:\/\/drsedattatar.com\/tr\/wp-json\/wp\/v2\/tags?post=2933"}],"curies":[{"name":"wp","href":"https:\/\/api.w.org\/{rel}","templated":true}]}}