{"id":3022,"date":"2025-12-12T09:20:23","date_gmt":"2025-12-12T09:20:23","guid":{"rendered":"https:\/\/drsedattatar.com\/tr\/?p=3022"},"modified":"2025-12-12T09:33:50","modified_gmt":"2025-12-12T09:33:50","slug":"meme-kucultme-ameliyati-ile-boyun-ve-sirt-agrilarindan-kurtulmak-mumkun-mu","status":"publish","type":"post","link":"https:\/\/drsedattatar.com\/tr\/meme-kucultme-ameliyati-ile-boyun-ve-sirt-agrilarindan-kurtulmak-mumkun-mu\/","title":{"rendered":"Meme K\u00fc\u00e7\u00fcltme Ameliyat\u0131 \u0130le Boyun ve S\u0131rt A\u011fr\u0131lar\u0131ndan Kurtulmak M\u00fcmk\u00fcn m\u00fc?"},"content":{"rendered":"\n<p>B\u00fcy\u00fck ve a\u011f\u0131r memeler yaln\u0131zca estetik bir sorun de\u011fil, ayn\u0131 zamanda ciddi sa\u011fl\u0131k problemlerine de yol a\u00e7abilir. \u00d6zellikle kad\u0131nlarda zamanla boyun, s\u0131rt ve omuz a\u011fr\u0131lar\u0131, kamburluk, duru\u015f bozuklu\u011fu, hatta ciltte tahri\u015f ve nefes darl\u0131\u011f\u0131 gibi \u015fik\u00e2yetler ortaya \u00e7\u0131kabilir. Bu nedenle bir\u00e7ok kad\u0131n i\u00e7in meme k\u00fc\u00e7\u00fcltme ameliyat\u0131 (reduction mammaplasty) yaln\u0131zca estetik bir tercih de\u011fil, ayn\u0131 zamanda sa\u011fl\u0131k a\u00e7\u0131s\u0131ndan da bir gerekliliktir.<\/p>\n\n\n\n<p>Peki, meme k\u00fc\u00e7\u00fcltme ameliyat\u0131 ger\u00e7ekten boyun ve s\u0131rt a\u011fr\u0131lar\u0131n\u0131 ortadan kald\u0131r\u0131r m\u0131? Bu yaz\u0131da ameliyat\u0131n detaylar\u0131n\u0131, kimlere uygun oldu\u011funu, sa\u011fl\u0131k ve estetik faydalar\u0131n\u0131, iyile\u015fme s\u00fcrecini ve sonu\u00e7lar\u0131n\u0131 ele alaca\u011f\u0131z.<\/p>\n\n\n\n<h2 class=\"wp-block-heading\"><a><\/a><strong>Meme K\u00fc\u00e7\u00fcltme Ameliyat\u0131 Nedir?<\/strong><\/h2>\n\n\n\n<p>Meme k\u00fc\u00e7\u00fcltme ameliyat\u0131, b\u00fcy\u00fck ve a\u011f\u0131r memelerin cerrahi y\u00f6ntemlerle k\u00fc\u00e7\u00fclt\u00fclmesi i\u015flemidir. Bu operasyon s\u0131ras\u0131nda:<\/p>\n\n\n\n<ul class=\"wp-block-list\">\n<li>Fazla ya\u011f ve meme dokusu \u00e7\u0131kar\u0131l\u0131r,<\/li>\n\n\n\n<li>Sarkan cilt toparlan\u0131r,<\/li>\n\n\n\n<li>Meme ucu ve areola yeniden \u015fekillendirilir.<\/li>\n<\/ul>\n\n\n\n<p>Ama\u00e7 yaln\u0131zca g\u00f6\u011f\u00fcsleri k\u00fc\u00e7\u00fcltmek de\u011fil, ayn\u0131 zamanda v\u00fccut ile uyumlu, estetik ve dik bir form kazand\u0131rmakt\u0131r.<\/p>\n\n\n\n<h2 class=\"wp-block-heading\"><a><\/a><strong>B\u00fcy\u00fck G\u00f6\u011f\u00fcslerin Sa\u011fl\u0131k \u00dczerindeki Olumsuz Etkileri<\/strong><\/h2>\n\n\n\n<p>A\u015f\u0131r\u0131 b\u00fcy\u00fck g\u00f6\u011f\u00fcsler, sadece g\u00f6rsel bir sorun yaratmaz; g\u00fcnl\u00fck ya\u015fam\u0131 zorla\u015ft\u0131ran bir\u00e7ok fiziksel \u015fik\u00e2yete de neden olur.<\/p>\n\n\n\n<ul class=\"wp-block-list\">\n<li><strong>Boyun ve s\u0131rt a\u011fr\u0131s\u0131:<\/strong> G\u00f6\u011f\u00fcslerin a\u011f\u0131rl\u0131\u011f\u0131 omurga \u00fczerinde bask\u0131 olu\u015fturur.<\/li>\n\n\n\n<li><strong>Omuzlarda \u00e7\u00f6kme:<\/strong> S\u00fctyen ask\u0131lar\u0131n\u0131n yapt\u0131\u011f\u0131 bask\u0131 ile derin izler olu\u015fabilir.<\/li>\n\n\n\n<li><strong>Duru\u015f bozuklu\u011fu:<\/strong> Zamanla kamburluk ve \u00f6ne e\u011fik duru\u015f geli\u015febilir.<\/li>\n\n\n\n<li><strong>Cilt sorunlar\u0131:<\/strong> Meme altlar\u0131nda pi\u015fik, tahri\u015f ve mantar enfeksiyonlar\u0131 g\u00f6r\u00fclebilir.<\/li>\n\n\n\n<li><strong>Nefes darl\u0131\u011f\u0131:<\/strong> G\u00f6\u011f\u00fcs kafesine olan bask\u0131 nedeniyle solunum zorla\u015fabilir.<\/li>\n\n\n\n<li><strong>Sosyal ve psikolojik etkiler:<\/strong> K\u0131yafet se\u00e7iminde zorluk, \u00f6zg\u00fcven kayb\u0131 ve sosyal k\u0131s\u0131tlamalar ya\u015fanabilir.<\/li>\n<\/ul>\n\n\n\n<p>Bu \u015fik\u00e2yetlerin \u00e7o\u011fu, ameliyat sonras\u0131 \u00f6nemli \u00f6l\u00e7\u00fcde azal\u0131r ya da tamamen ortadan kalkar.<\/p>\n\n\n\n<h2 class=\"wp-block-heading\"><a><\/a><strong>Meme K\u00fc\u00e7\u00fcltme Ameliyat\u0131 Boyun ve S\u0131rt A\u011fr\u0131lar\u0131n\u0131 Nas\u0131l Azalt\u0131r?<\/strong><\/h2>\n\n\n\n<p>Ameliyat s\u0131ras\u0131nda fazla meme dokusu ve ya\u011f \u00e7\u0131kar\u0131larak g\u00f6\u011f\u00fcslerin a\u011f\u0131rl\u0131\u011f\u0131 azalt\u0131l\u0131r. B\u00f6ylece:<\/p>\n\n\n\n<ul class=\"wp-block-list\">\n<li>Omurga \u00fczerindeki y\u00fck hafifler,<\/li>\n\n\n\n<li>Boyun ve s\u0131rt kaslar\u0131ndaki gerginlik azal\u0131r,<\/li>\n\n\n\n<li>Duru\u015f d\u00fczelir,<\/li>\n\n\n\n<li>S\u00fcrekli kullan\u0131lan a\u011fr\u0131 kesicilere olan ihtiya\u00e7 ortadan kalkabilir.<\/li>\n<\/ul>\n\n\n\n<p>Ara\u015ft\u0131rmalar, meme k\u00fc\u00e7\u00fcltme ameliyat\u0131 ge\u00e7iren kad\u0131nlar\u0131n %90\u2019\u0131ndan fazlas\u0131nda boyun ve s\u0131rt a\u011fr\u0131lar\u0131nda belirgin bir iyile\u015fme oldu\u011funu g\u00f6stermektedir.<\/p>\n\n\n\n<h2 class=\"wp-block-heading\"><a><\/a><strong>Kimler \u0130\u00e7in Uygundur?<\/strong><\/h2>\n\n\n\n<p>Meme k\u00fc\u00e7\u00fcltme ameliyat\u0131 \u015fu ki\u015filer i\u00e7in uygundur:<\/p>\n\n\n\n<ul class=\"wp-block-list\">\n<li>G\u00fcnl\u00fck ya\u015fam\u0131 etkileyen boyun, s\u0131rt ve omuz a\u011fr\u0131s\u0131 ya\u015fayanlar,<\/li>\n\n\n\n<li>B\u00fcy\u00fck g\u00f6\u011f\u00fcsler nedeniyle spor yapamayan ya da hareket k\u0131s\u0131tl\u0131l\u0131\u011f\u0131 ya\u015fayanlar,<\/li>\n\n\n\n<li>G\u00f6\u011f\u00fcslerinde sarkma ve cilt sorunlar\u0131 bulunanlar,<\/li>\n\n\n\n<li>G\u00f6\u011f\u00fcs b\u00fcy\u00fckl\u00fc\u011f\u00fc nedeniyle k\u0131yafet se\u00e7iminde zorlananlar,<\/li>\n\n\n\n<li>Sa\u011fl\u0131\u011f\u0131 iyi durumda olan ve genel anestezi i\u00e7in uygun adaylar.<\/li>\n<\/ul>\n\n\n\n<h2 class=\"wp-block-heading\"><strong>Meme K\u00fc\u00e7\u00fcltme Ameliyat\u0131 Nas\u0131l Yap\u0131l\u0131r?<\/strong><\/h2>\n\n\n\n<p>Meme k\u00fc\u00e7\u00fcltme ameliyat\u0131 genellikle genel anestezi alt\u0131nda yap\u0131l\u0131r ve 2\u20134 saat s\u00fcrer.<\/p>\n\n\n\n<ul class=\"wp-block-list\">\n<li>Cerrah, meme alt\u0131ndan veya areola \u00e7evresinden yapt\u0131\u011f\u0131 kesilerle fazla doku ve ya\u011f\u0131 \u00e7\u0131kar\u0131r.<\/li>\n\n\n\n<li>Meme ucu ve areola daha estetik bir konuma ta\u015f\u0131n\u0131r.<\/li>\n\n\n\n<li>Gerekirse simetri sa\u011flamak i\u00e7in her iki memeye farkl\u0131 miktarlarda i\u015flem yap\u0131labilir.<\/li>\n<\/ul>\n\n\n\n<p>Ameliyat sonras\u0131 daha k\u00fc\u00e7\u00fck, dik ve v\u00fccutla uyumlu g\u00f6\u011f\u00fcsler elde edilir.<\/p>\n\n\n\n<h2 class=\"wp-block-heading\"><strong>Meme K\u00fc\u00e7\u00fcltme Ameliyat\u0131n\u0131n Sa\u011fl\u0131\u011fa Olan Faydalar\u0131<\/strong><\/h2>\n\n\n\n<p>Meme k\u00fc\u00e7\u00fcltme ameliyat\u0131 yaln\u0131zca estetik g\u00f6r\u00fcn\u00fcm\u00fc de\u011fil, ayn\u0131 zamanda ya\u015fam kalitesini de art\u0131r\u0131r:<\/p>\n\n\n\n<ul class=\"wp-block-list\">\n<li><strong>A\u011fr\u0131lar\u0131n azalmas\u0131:<\/strong> Boyun, s\u0131rt ve omuz a\u011fr\u0131lar\u0131 b\u00fcy\u00fck oranda kaybolur.<\/li>\n\n\n\n<li><strong>Duru\u015fun d\u00fczelmesi:<\/strong> Omurga daha sa\u011fl\u0131kl\u0131 bir pozisyona gelir.<\/li>\n\n\n\n<li><strong>Nefes alman\u0131n kolayla\u015fmas\u0131:<\/strong> G\u00f6\u011f\u00fcs kafesine bask\u0131 azal\u0131r.<\/li>\n\n\n\n<li><strong>Cilt sorunlar\u0131n\u0131n iyile\u015fmesi:<\/strong> Pi\u015fik ve tahri\u015f problemleri azal\u0131r.<\/li>\n\n\n\n<li><strong>Spor ve aktivite kolayl\u0131\u011f\u0131:<\/strong> Hasta daha \u00f6zg\u00fcrce hareket eder.<\/li>\n<\/ul>\n\n\n\n<h2 class=\"wp-block-heading\"><strong>Estetik ve Psikolojik Faydalar\u0131<\/strong><\/h2>\n\n\n\n<p>Sa\u011fl\u0131k faydalar\u0131n\u0131n yan\u0131 s\u0131ra, meme k\u00fc\u00e7\u00fcltme estetik ve psikolojik a\u00e7\u0131dan da \u00f6nemlidir:<\/p>\n\n\n\n<ul class=\"wp-block-list\">\n<li>G\u00f6\u011f\u00fcsler v\u00fccuda orant\u0131l\u0131 hale gelir,<\/li>\n\n\n\n<li>Daha rahat k\u0131yafet se\u00e7ilebilir,<\/li>\n\n\n\n<li>Kad\u0131ns\u0131 siluet korunurken daha zarif bir g\u00f6r\u00fcn\u00fcm elde edilir,<\/li>\n\n\n\n<li>\u00d6zg\u00fcven artar, sosyal ya\u015famda rahatlama sa\u011flan\u0131r.<\/li>\n<\/ul>\n\n\n\n<h2 class=\"wp-block-heading\"><a><\/a><strong>\u0130yile\u015fme S\u00fcreci<\/strong><\/h2>\n\n\n\n<p>Ameliyat sonras\u0131 iyile\u015fme s\u00fcreci genellikle h\u0131zl\u0131d\u0131r.<\/p>\n\n\n\n<ul class=\"wp-block-list\">\n<li>\u0130lk birka\u00e7 g\u00fcn hafif a\u011fr\u0131 ve gerginlik hissi olabilir.<\/li>\n\n\n\n<li>1\u20132 hafta i\u00e7inde g\u00fcnl\u00fck aktivitelere d\u00f6n\u00fclebilir.<\/li>\n\n\n\n<li>Korse veya \u00f6zel s\u00fctyen kullan\u0131m\u0131 \u015fi\u015fli\u011fi azalt\u0131r ve memelerin yeni formunu destekler.<\/li>\n\n\n\n<li>Spor ve a\u011f\u0131r aktivitelerden yakla\u015f\u0131k 4\u20136 hafta uzak durulmal\u0131d\u0131r.<\/li>\n\n\n\n<li>Kesiler zamanla solukla\u015f\u0131r ve belirginli\u011fini kaybeder.<\/li>\n<\/ul>\n\n\n\n<h2 class=\"wp-block-heading\"><a><\/a><strong>Kal\u0131c\u0131 Sonu\u00e7lar<\/strong><\/h2>\n\n\n\n<p>Meme k\u00fc\u00e7\u00fcltme ameliyat\u0131n\u0131n sonu\u00e7lar\u0131 b\u00fcy\u00fck oranda kal\u0131c\u0131d\u0131r. Ya\u015flanmaya ve kilo de\u011fi\u015fimlerine ba\u011fl\u0131 olarak memelerde zamanla k\u00fc\u00e7\u00fck de\u011fi\u015fiklikler olabilir, ancak g\u00f6\u011f\u00fcsler hi\u00e7bir zaman eski a\u011f\u0131rl\u0131\u011f\u0131na d\u00f6nmez.<\/p>\n\n\n\n<p>Bu nedenle ameliyat, yaln\u0131zca a\u011fr\u0131lardan kurtulmak i\u00e7in de\u011fil, ayn\u0131 zamanda \u00f6m\u00fcr boyu konforlu bir ya\u015fam i\u00e7in etkili bir \u00e7\u00f6z\u00fcmd\u00fcr.<\/p>\n\n\n\n<h2 class=\"wp-block-heading\"><a><\/a><a><\/a><strong>Daha Hafif, Daha Sa\u011fl\u0131kl\u0131 ve A\u011fr\u0131s\u0131z Bir Ya\u015fam \u0130\u00e7in<\/strong><\/h2>\n\n\n\n<p>Meme k\u00fc\u00e7\u00fcltme ameliyat\u0131, yaln\u0131zca estetik g\u00f6r\u00fcn\u00fcm\u00fcn\u00fcz\u00fc iyile\u015ftirmekle kalmaz, ayn\u0131 zamanda boyun ve s\u0131rt a\u011fr\u0131lar\u0131n\u0131z\u0131 hafifleterek ya\u015fam kalitenizi y\u00fckseltir. E\u011fer b\u00fcy\u00fck ve a\u011f\u0131r g\u00f6\u011f\u00fcsler nedeniyle hem fiziksel hem de psikolojik sorunlar ya\u015f\u0131yorsan\u0131z, uzman bir plastik cerrahla g\u00f6r\u00fc\u015ferek bu operasyon hakk\u0131nda detayl\u0131 bilgi alabilirsiniz.<\/p>\n\n\n\n<p>Do\u011fru planlama ve profesyonel bir cerrahi yakla\u015f\u0131mla, meme k\u00fc\u00e7\u00fcltme ameliyat\u0131 size hem estetik hem de sa\u011fl\u0131k a\u00e7\u0131s\u0131ndan yeni bir ba\u015flang\u0131\u00e7 sunabilir.<\/p>\n\n\n\n<p><strong>Hekim Bilgisi<\/strong><\/p>\n\n\n\n<p><strong>Do\u00e7. Dr. Sedat Tatar<\/strong>, iki ayr\u0131 uluslararas\u0131 kurul taraf\u0131ndan sertifikaland\u0131r\u0131lm\u0131\u015f (Double Board Certified) Plastik, Rekonstr\u00fcktif ve Estetik Cerrahi uzman\u0131d\u0131r. <strong>American College of Surgeons Fellow (FACS)<\/strong> ve <strong>European Board of Plastic, Reconstructive and Aesthetic Surgery Fellow (FEBOPRAS)<\/strong> unvanlar\u0131na sahiptir.<\/p>\n\n\n\n<p>Uluslararas\u0131 profesyonel \u00fcyelikleri aras\u0131nda <strong>ISAPS (International Society of Aesthetic Plastic Surgery)<\/strong> ve <strong>ASPS (American Society of Plastic Surgeons)<\/strong> bulunmaktad\u0131r.<\/p>\n\n\n\n<p>Klini\u011fi \u0130stanbul\u2019da <strong>T\u00fcrkiye Sa\u011fl\u0131k Bakanl\u0131\u011f\u0131 taraf\u0131ndan Sa\u011fl\u0131k Turizmi Merkezi olarak yetkilidir<\/strong> ve \u015firketi <strong>Birle\u015fik Krall\u0131k &amp; Galler&#8217;e kay\u0131tl\u0131d\u0131r.<\/strong><\/p>\n\n\n\n<p><strong>\u0130LET\u0130\u015e\u0130M B\u0130LG\u0130LER\u0130<\/strong><\/p>\n\n\n\n<p><strong>Do\u00e7. Dr. Sedar Tatar Klini\u011fi<\/strong><\/p>\n\n\n\n<p><strong>Telefon No :&nbsp;<\/strong><a href=\"tel:+90%20(555)%20100%2010%2083\">+90 (555) 100 10 83<\/a><br><strong>\u0130leti\u015fim Linki :&nbsp;<\/strong><a href=\"mailto:info@drsedattatar.com\">info@drsedattatar.com<\/a><br><strong>Adres :&nbsp;<\/strong>Levent Mahallesi, Karanfil Aral\u0131\u011f\u0131 Caddesi No: 18 Be\u015fikta\u015f\/\u0130STANBUL<\/p>\n\n\n<div class=\"kk-star-ratings kksr-auto kksr-align-center kksr-valign-bottom\"\n    data-payload='{&quot;align&quot;:&quot;center&quot;,&quot;id&quot;:&quot;3022&quot;,&quot;slug&quot;:&quot;default&quot;,&quot;valign&quot;:&quot;bottom&quot;,&quot;ignore&quot;:&quot;&quot;,&quot;reference&quot;:&quot;auto&quot;,&quot;class&quot;:&quot;&quot;,&quot;count&quot;:&quot;0&quot;,&quot;legendonly&quot;:&quot;&quot;,&quot;readonly&quot;:&quot;&quot;,&quot;score&quot;:&quot;0&quot;,&quot;starsonly&quot;:&quot;&quot;,&quot;best&quot;:&quot;5&quot;,&quot;gap&quot;:&quot;5&quot;,&quot;greet&quot;:&quot;\u0130\u00e7eri\u011fimizi Oylay\u0131n!&quot;,&quot;legend&quot;:&quot;0\\\/5 - (0 oy verildi!)&quot;,&quot;size&quot;:&quot;24&quot;,&quot;title&quot;:&quot;Meme K\u00fc\u00e7\u00fcltme Ameliyat\u0131 \u0130le Boyun ve S\u0131rt A\u011fr\u0131lar\u0131ndan Kurtulmak M\u00fcmk\u00fcn m\u00fc?&quot;,&quot;width&quot;:&quot;0&quot;,&quot;_legend&quot;:&quot;{score}\\\/{best} - ({count} oy verildi!)&quot;,&quot;font_factor&quot;:&quot;1.25&quot;}'>\n            \n<div class=\"kksr-stars\">\n    \n<div class=\"kksr-stars-inactive\">\n            <div class=\"kksr-star\" data-star=\"1\" style=\"padding-right: 5px\">\n            \n\n<div class=\"kksr-icon\" style=\"width: 24px; height: 24px;\"><\/div>\n        <\/div>\n            <div class=\"kksr-star\" data-star=\"2\" style=\"padding-right: 5px\">\n            \n\n<div class=\"kksr-icon\" style=\"width: 24px; height: 24px;\"><\/div>\n        <\/div>\n            <div class=\"kksr-star\" data-star=\"3\" style=\"padding-right: 5px\">\n            \n\n<div class=\"kksr-icon\" style=\"width: 24px; height: 24px;\"><\/div>\n        <\/div>\n            <div class=\"kksr-star\" data-star=\"4\" style=\"padding-right: 5px\">\n            \n\n<div class=\"kksr-icon\" style=\"width: 24px; height: 24px;\"><\/div>\n        <\/div>\n            <div class=\"kksr-star\" data-star=\"5\" style=\"padding-right: 5px\">\n            \n\n<div class=\"kksr-icon\" style=\"width: 24px; height: 24px;\"><\/div>\n        <\/div>\n    <\/div>\n    \n<div class=\"kksr-stars-active\" style=\"width: 0px;\">\n            <div class=\"kksr-star\" style=\"padding-right: 5px\">\n            \n\n<div class=\"kksr-icon\" style=\"width: 24px; height: 24px;\"><\/div>\n        <\/div>\n            <div class=\"kksr-star\" style=\"padding-right: 5px\">\n            \n\n<div class=\"kksr-icon\" style=\"width: 24px; height: 24px;\"><\/div>\n        <\/div>\n            <div class=\"kksr-star\" style=\"padding-right: 5px\">\n            \n\n<div class=\"kksr-icon\" style=\"width: 24px; height: 24px;\"><\/div>\n        <\/div>\n            <div class=\"kksr-star\" style=\"padding-right: 5px\">\n            \n\n<div class=\"kksr-icon\" style=\"width: 24px; height: 24px;\"><\/div>\n        <\/div>\n            <div class=\"kksr-star\" style=\"padding-right: 5px\">\n            \n\n<div class=\"kksr-icon\" style=\"width: 24px; height: 24px;\"><\/div>\n        <\/div>\n    <\/div>\n<\/div>\n                \n\n<div class=\"kksr-legend\" style=\"font-size: 19.2px;\">\n            <span class=\"kksr-muted\">\u0130\u00e7eri\u011fimizi Oylay\u0131n!<\/span>\n    <\/div>\n    <\/div>\n","protected":false},"excerpt":{"rendered":"<p>B\u00fcy\u00fck ve a\u011f\u0131r memeler yaln\u0131zca estetik bir sorun de\u011fil, ayn\u0131 zamanda ciddi sa\u011fl\u0131k problemlerine de yol a\u00e7abilir. \u00d6zellikle kad\u0131nlarda zamanla boyun, s\u0131rt ve omuz a\u011fr\u0131lar\u0131, kamburluk, duru\u015f bozuklu\u011fu, hatta ciltte tahri\u015f ve nefes darl\u0131\u011f\u0131 gibi \u015fik\u00e2yetler ortaya \u00e7\u0131kabilir. Bu nedenle bir\u00e7ok kad\u0131n i\u00e7in meme k\u00fc\u00e7\u00fcltme ameliyat\u0131 (reduction mammaplasty) yaln\u0131zca estetik bir tercih de\u011fil, ayn\u0131 zamanda sa\u011fl\u0131k a\u00e7\u0131s\u0131ndan da bir gerekliliktir.<\/p>\n<p>Peki, meme k\u00fc\u00e7\u00fcltme ameliyat\u0131 ger\u00e7ekten boyun ve s\u0131rt a\u011fr\u0131lar\u0131n\u0131 ortadan kald\u0131r\u0131r m\u0131? Bu yaz\u0131da ameliyat\u0131n detaylar\u0131n\u0131, kimlere uygun oldu\u011funu, sa\u011fl\u0131k ve estetik faydalar\u0131n\u0131, iyile\u015fme s\u00fcrecini ve sonu\u00e7lar\u0131n\u0131 ele alaca\u011f\u0131z.<\/p>\n","protected":false},"author":1,"featured_media":3023,"comment_status":"closed","ping_status":"open","sticky":false,"template":"","format":"standard","meta":{"_kad_blocks_custom_css":"","_kad_blocks_head_custom_js":"","_kad_blocks_body_custom_js":"","_kad_blocks_footer_custom_js":"","_kadence_starter_templates_imported_post":false,"_kad_post_transparent":"","_kad_post_title":"","_kad_post_layout":"","_kad_post_sidebar_id":"","_kad_post_content_style":"","_kad_post_vertical_padding":"","_kad_post_feature":"","_kad_post_feature_position":"","_kad_post_header":false,"_kad_post_footer":false,"footnotes":""},"categories":[14],"tags":[],"class_list":["post-3022","post","type-post","status-publish","format-standard","has-post-thumbnail","hentry","category-plastik-cerrahi-blog"],"yoast_head":"<!-- This site is optimized with the Yoast SEO plugin v25.9 - https:\/\/yoast.com\/wordpress\/plugins\/seo\/ -->\n<title>Meme K\u00fc\u00e7\u00fcltme Ameliyat\u0131 \u0130le Boyun ve S\u0131rt A\u011fr\u0131lar\u0131ndan Kurtulmak M\u00fcmk\u00fcn m\u00fc? - \u0130stanbul Estetik, Plastik ve Rekonstr\u00fcktif Cerrahi - Do\u00e7. Dr. Sedat Tatar<\/title>\n<meta name=\"description\" content=\"Meme k\u00fc\u00e7\u00fcltme ameliyat\u0131, b\u00fcy\u00fck g\u00f6\u011f\u00fcslerin neden oldu\u011fu boyun ve s\u0131rt a\u011fr\u0131lar\u0131n\u0131 nas\u0131l azalt\u0131r? Sa\u011fl\u0131k, estetik ve ya\u015fam kalitesi \u00fczerindeki etkilerini \u00f6\u011frenin.\" \/>\n<meta name=\"robots\" content=\"index, follow, max-snippet:-1, max-image-preview:large, max-video-preview:-1\" \/>\n<link rel=\"canonical\" href=\"https:\/\/drsedattatar.com\/tr\/meme-kucultme-ameliyati-ile-boyun-ve-sirt-agrilarindan-kurtulmak-mumkun-mu\/\" \/>\n<meta property=\"og:locale\" content=\"tr_TR\" \/>\n<meta property=\"og:type\" content=\"article\" \/>\n<meta property=\"og:title\" content=\"Meme K\u00fc\u00e7\u00fcltme Ameliyat\u0131 \u0130le Boyun ve S\u0131rt A\u011fr\u0131lar\u0131ndan Kurtulmak M\u00fcmk\u00fcn m\u00fc? - \u0130stanbul Estetik, Plastik ve Rekonstr\u00fcktif Cerrahi - Do\u00e7. Dr. Sedat Tatar\" \/>\n<meta property=\"og:description\" content=\"Meme k\u00fc\u00e7\u00fcltme ameliyat\u0131, b\u00fcy\u00fck g\u00f6\u011f\u00fcslerin neden oldu\u011fu boyun ve s\u0131rt a\u011fr\u0131lar\u0131n\u0131 nas\u0131l azalt\u0131r? Sa\u011fl\u0131k, estetik ve ya\u015fam kalitesi \u00fczerindeki etkilerini \u00f6\u011frenin.\" \/>\n<meta property=\"og:url\" content=\"https:\/\/drsedattatar.com\/tr\/meme-kucultme-ameliyati-ile-boyun-ve-sirt-agrilarindan-kurtulmak-mumkun-mu\/\" \/>\n<meta property=\"og:site_name\" content=\"\u0130stanbul Estetik, Plastik ve Rekonstr\u00fcktif Cerrahi - Do\u00e7. Dr. Sedat Tatar\" \/>\n<meta property=\"article:published_time\" content=\"2025-12-12T09:20:23+00:00\" \/>\n<meta property=\"article:modified_time\" content=\"2025-12-12T09:33:50+00:00\" \/>\n<meta property=\"og:image\" content=\"https:\/\/drsedattatar.com\/tr\/wp-content\/uploads\/2025\/12\/54-Kapak-TR.png\" \/>\n\t<meta property=\"og:image:width\" content=\"1920\" \/>\n\t<meta property=\"og:image:height\" content=\"1080\" \/>\n\t<meta property=\"og:image:type\" content=\"image\/png\" \/>\n<meta name=\"author\" content=\"Sedat Tatar\" \/>\n<meta name=\"twitter:card\" content=\"summary_large_image\" \/>\n<meta name=\"twitter:label1\" content=\"Yazan:\" \/>\n\t<meta name=\"twitter:data1\" content=\"Sedat Tatar\" \/>\n\t<meta name=\"twitter:label2\" content=\"Tahmini okuma s\u00fcresi\" \/>\n\t<meta name=\"twitter:data2\" content=\"5 dakika\" \/>\n<script type=\"application\/ld+json\" class=\"yoast-schema-graph\">{\"@context\":\"https:\/\/schema.org\",\"@graph\":[{\"@type\":\"Article\",\"@id\":\"https:\/\/drsedattatar.com\/tr\/meme-kucultme-ameliyati-ile-boyun-ve-sirt-agrilarindan-kurtulmak-mumkun-mu\/#article\",\"isPartOf\":{\"@id\":\"https:\/\/drsedattatar.com\/tr\/meme-kucultme-ameliyati-ile-boyun-ve-sirt-agrilarindan-kurtulmak-mumkun-mu\/\"},\"author\":{\"name\":\"Sedat Tatar\",\"@id\":\"https:\/\/drsedattatar.com\/tr\/#\/schema\/person\/aa22f82cb49cf6b0e8e4c2fdd472308a\"},\"headline\":\"Meme K\u00fc\u00e7\u00fcltme Ameliyat\u0131 \u0130le Boyun ve S\u0131rt A\u011fr\u0131lar\u0131ndan Kurtulmak M\u00fcmk\u00fcn m\u00fc?\",\"datePublished\":\"2025-12-12T09:20:23+00:00\",\"dateModified\":\"2025-12-12T09:33:50+00:00\",\"mainEntityOfPage\":{\"@id\":\"https:\/\/drsedattatar.com\/tr\/meme-kucultme-ameliyati-ile-boyun-ve-sirt-agrilarindan-kurtulmak-mumkun-mu\/\"},\"wordCount\":1167,\"publisher\":{\"@id\":\"https:\/\/drsedattatar.com\/tr\/#organization\"},\"image\":{\"@id\":\"https:\/\/drsedattatar.com\/tr\/meme-kucultme-ameliyati-ile-boyun-ve-sirt-agrilarindan-kurtulmak-mumkun-mu\/#primaryimage\"},\"thumbnailUrl\":\"https:\/\/drsedattatar.com\/tr\/wp-content\/uploads\/2025\/12\/54-Kapak-TR.png\",\"articleSection\":[\"Plastik Cerrahi Blog\"],\"inLanguage\":\"tr\"},{\"@type\":\"WebPage\",\"@id\":\"https:\/\/drsedattatar.com\/tr\/meme-kucultme-ameliyati-ile-boyun-ve-sirt-agrilarindan-kurtulmak-mumkun-mu\/\",\"url\":\"https:\/\/drsedattatar.com\/tr\/meme-kucultme-ameliyati-ile-boyun-ve-sirt-agrilarindan-kurtulmak-mumkun-mu\/\",\"name\":\"Meme K\u00fc\u00e7\u00fcltme Ameliyat\u0131 \u0130le Boyun ve S\u0131rt A\u011fr\u0131lar\u0131ndan Kurtulmak M\u00fcmk\u00fcn m\u00fc? - \u0130stanbul Estetik, Plastik ve Rekonstr\u00fcktif Cerrahi - Do\u00e7. Dr. Sedat Tatar\",\"isPartOf\":{\"@id\":\"https:\/\/drsedattatar.com\/tr\/#website\"},\"primaryImageOfPage\":{\"@id\":\"https:\/\/drsedattatar.com\/tr\/meme-kucultme-ameliyati-ile-boyun-ve-sirt-agrilarindan-kurtulmak-mumkun-mu\/#primaryimage\"},\"image\":{\"@id\":\"https:\/\/drsedattatar.com\/tr\/meme-kucultme-ameliyati-ile-boyun-ve-sirt-agrilarindan-kurtulmak-mumkun-mu\/#primaryimage\"},\"thumbnailUrl\":\"https:\/\/drsedattatar.com\/tr\/wp-content\/uploads\/2025\/12\/54-Kapak-TR.png\",\"datePublished\":\"2025-12-12T09:20:23+00:00\",\"dateModified\":\"2025-12-12T09:33:50+00:00\",\"description\":\"Meme k\u00fc\u00e7\u00fcltme ameliyat\u0131, b\u00fcy\u00fck g\u00f6\u011f\u00fcslerin neden oldu\u011fu boyun ve s\u0131rt a\u011fr\u0131lar\u0131n\u0131 nas\u0131l azalt\u0131r? Sa\u011fl\u0131k, estetik ve ya\u015fam kalitesi \u00fczerindeki etkilerini \u00f6\u011frenin.\",\"breadcrumb\":{\"@id\":\"https:\/\/drsedattatar.com\/tr\/meme-kucultme-ameliyati-ile-boyun-ve-sirt-agrilarindan-kurtulmak-mumkun-mu\/#breadcrumb\"},\"inLanguage\":\"tr\",\"potentialAction\":[{\"@type\":\"ReadAction\",\"target\":[\"https:\/\/drsedattatar.com\/tr\/meme-kucultme-ameliyati-ile-boyun-ve-sirt-agrilarindan-kurtulmak-mumkun-mu\/\"]}]},{\"@type\":\"ImageObject\",\"inLanguage\":\"tr\",\"@id\":\"https:\/\/drsedattatar.com\/tr\/meme-kucultme-ameliyati-ile-boyun-ve-sirt-agrilarindan-kurtulmak-mumkun-mu\/#primaryimage\",\"url\":\"https:\/\/drsedattatar.com\/tr\/wp-content\/uploads\/2025\/12\/54-Kapak-TR.png\",\"contentUrl\":\"https:\/\/drsedattatar.com\/tr\/wp-content\/uploads\/2025\/12\/54-Kapak-TR.png\",\"width\":1920,\"height\":1080},{\"@type\":\"BreadcrumbList\",\"@id\":\"https:\/\/drsedattatar.com\/tr\/meme-kucultme-ameliyati-ile-boyun-ve-sirt-agrilarindan-kurtulmak-mumkun-mu\/#breadcrumb\",\"itemListElement\":[{\"@type\":\"ListItem\",\"position\":1,\"name\":\"Anasayfa\",\"item\":\"https:\/\/drsedattatar.com\/tr\/\"},{\"@type\":\"ListItem\",\"position\":2,\"name\":\"Meme K\u00fc\u00e7\u00fcltme Ameliyat\u0131 \u0130le Boyun ve S\u0131rt A\u011fr\u0131lar\u0131ndan Kurtulmak M\u00fcmk\u00fcn m\u00fc?\"}]},{\"@type\":\"WebSite\",\"@id\":\"https:\/\/drsedattatar.com\/tr\/#website\",\"url\":\"https:\/\/drsedattatar.com\/tr\/\",\"name\":\"\u0130stanbul Estetik, Plastik ve Rekonstr\u00fcktif Cerrahi - Do\u00e7. Dr. Sedat Tatar\",\"description\":\"\u0130stanbul Estetik, Plastik ve Rekonstr\u00fcktif Cerrahi alan\u0131nda deneyimli Do\u00e7. Dr. Sedat Tatar ile hayallerinizi ger\u00e7e\u011fe d\u00f6n\u00fc\u015ft\u00fcr\u00fcn ve kendinizi en iyi \u015fekilde hissedin.\",\"publisher\":{\"@id\":\"https:\/\/drsedattatar.com\/tr\/#organization\"},\"potentialAction\":[{\"@type\":\"SearchAction\",\"target\":{\"@type\":\"EntryPoint\",\"urlTemplate\":\"https:\/\/drsedattatar.com\/tr\/?s={search_term_string}\"},\"query-input\":{\"@type\":\"PropertyValueSpecification\",\"valueRequired\":true,\"valueName\":\"search_term_string\"}}],\"inLanguage\":\"tr\"},{\"@type\":\"Organization\",\"@id\":\"https:\/\/drsedattatar.com\/tr\/#organization\",\"name\":\"\u0130stanbul Estetik, Plastik ve Rekonstr\u00fcktif Cerrahi - Do\u00e7. Dr. Sedat Tatar\",\"url\":\"https:\/\/drsedattatar.com\/tr\/\",\"logo\":{\"@type\":\"ImageObject\",\"inLanguage\":\"tr\",\"@id\":\"https:\/\/drsedattatar.com\/tr\/#\/schema\/logo\/image\/\",\"url\":\"https:\/\/drsedattatar.com\/tr\/wp-content\/uploads\/2023\/06\/cropped-cropped-cropped-dr-sedat-tatar-estetik-plastik-logo.webp\",\"contentUrl\":\"https:\/\/drsedattatar.com\/tr\/wp-content\/uploads\/2023\/06\/cropped-cropped-cropped-dr-sedat-tatar-estetik-plastik-logo.webp\",\"width\":1505,\"height\":602,\"caption\":\"\u0130stanbul Estetik, Plastik ve Rekonstr\u00fcktif Cerrahi - Do\u00e7. Dr. Sedat Tatar\"},\"image\":{\"@id\":\"https:\/\/drsedattatar.com\/tr\/#\/schema\/logo\/image\/\"}},{\"@type\":\"Person\",\"@id\":\"https:\/\/drsedattatar.com\/tr\/#\/schema\/person\/aa22f82cb49cf6b0e8e4c2fdd472308a\",\"name\":\"Sedat Tatar\",\"image\":{\"@type\":\"ImageObject\",\"inLanguage\":\"tr\",\"@id\":\"https:\/\/drsedattatar.com\/tr\/#\/schema\/person\/image\/\",\"url\":\"https:\/\/secure.gravatar.com\/avatar\/dea798d972982cc67ccc601a56275438ae42ec5d4557bb1f2fb426553e72d1a1?s=96&d=mm&r=g\",\"contentUrl\":\"https:\/\/secure.gravatar.com\/avatar\/dea798d972982cc67ccc601a56275438ae42ec5d4557bb1f2fb426553e72d1a1?s=96&d=mm&r=g\",\"caption\":\"Sedat Tatar\"},\"sameAs\":[\"http:\/\/drsedattatar.com\/tr\"],\"url\":\"https:\/\/drsedattatar.com\/tr\/author\/admin\/\"}]}<\/script>\n<!-- \/ Yoast SEO plugin. -->","yoast_head_json":{"title":"Meme K\u00fc\u00e7\u00fcltme Ameliyat\u0131 \u0130le Boyun ve S\u0131rt A\u011fr\u0131lar\u0131ndan Kurtulmak M\u00fcmk\u00fcn m\u00fc? - \u0130stanbul Estetik, Plastik ve Rekonstr\u00fcktif Cerrahi - Do\u00e7. Dr. Sedat Tatar","description":"Meme k\u00fc\u00e7\u00fcltme ameliyat\u0131, b\u00fcy\u00fck g\u00f6\u011f\u00fcslerin neden oldu\u011fu boyun ve s\u0131rt a\u011fr\u0131lar\u0131n\u0131 nas\u0131l azalt\u0131r? Sa\u011fl\u0131k, estetik ve ya\u015fam kalitesi \u00fczerindeki etkilerini \u00f6\u011frenin.","robots":{"index":"index","follow":"follow","max-snippet":"max-snippet:-1","max-image-preview":"max-image-preview:large","max-video-preview":"max-video-preview:-1"},"canonical":"https:\/\/drsedattatar.com\/tr\/meme-kucultme-ameliyati-ile-boyun-ve-sirt-agrilarindan-kurtulmak-mumkun-mu\/","og_locale":"tr_TR","og_type":"article","og_title":"Meme K\u00fc\u00e7\u00fcltme Ameliyat\u0131 \u0130le Boyun ve S\u0131rt A\u011fr\u0131lar\u0131ndan Kurtulmak M\u00fcmk\u00fcn m\u00fc? - \u0130stanbul Estetik, Plastik ve Rekonstr\u00fcktif Cerrahi - Do\u00e7. Dr. Sedat Tatar","og_description":"Meme k\u00fc\u00e7\u00fcltme ameliyat\u0131, b\u00fcy\u00fck g\u00f6\u011f\u00fcslerin neden oldu\u011fu boyun ve s\u0131rt a\u011fr\u0131lar\u0131n\u0131 nas\u0131l azalt\u0131r? Sa\u011fl\u0131k, estetik ve ya\u015fam kalitesi \u00fczerindeki etkilerini \u00f6\u011frenin.","og_url":"https:\/\/drsedattatar.com\/tr\/meme-kucultme-ameliyati-ile-boyun-ve-sirt-agrilarindan-kurtulmak-mumkun-mu\/","og_site_name":"\u0130stanbul Estetik, Plastik ve Rekonstr\u00fcktif Cerrahi - Do\u00e7. Dr. Sedat Tatar","article_published_time":"2025-12-12T09:20:23+00:00","article_modified_time":"2025-12-12T09:33:50+00:00","og_image":[{"width":1920,"height":1080,"url":"https:\/\/drsedattatar.com\/tr\/wp-content\/uploads\/2025\/12\/54-Kapak-TR.png","type":"image\/png"}],"author":"Sedat Tatar","twitter_card":"summary_large_image","twitter_misc":{"Yazan:":"Sedat Tatar","Tahmini okuma s\u00fcresi":"5 dakika"},"schema":{"@context":"https:\/\/schema.org","@graph":[{"@type":"Article","@id":"https:\/\/drsedattatar.com\/tr\/meme-kucultme-ameliyati-ile-boyun-ve-sirt-agrilarindan-kurtulmak-mumkun-mu\/#article","isPartOf":{"@id":"https:\/\/drsedattatar.com\/tr\/meme-kucultme-ameliyati-ile-boyun-ve-sirt-agrilarindan-kurtulmak-mumkun-mu\/"},"author":{"name":"Sedat Tatar","@id":"https:\/\/drsedattatar.com\/tr\/#\/schema\/person\/aa22f82cb49cf6b0e8e4c2fdd472308a"},"headline":"Meme K\u00fc\u00e7\u00fcltme Ameliyat\u0131 \u0130le Boyun ve S\u0131rt A\u011fr\u0131lar\u0131ndan Kurtulmak M\u00fcmk\u00fcn m\u00fc?","datePublished":"2025-12-12T09:20:23+00:00","dateModified":"2025-12-12T09:33:50+00:00","mainEntityOfPage":{"@id":"https:\/\/drsedattatar.com\/tr\/meme-kucultme-ameliyati-ile-boyun-ve-sirt-agrilarindan-kurtulmak-mumkun-mu\/"},"wordCount":1167,"publisher":{"@id":"https:\/\/drsedattatar.com\/tr\/#organization"},"image":{"@id":"https:\/\/drsedattatar.com\/tr\/meme-kucultme-ameliyati-ile-boyun-ve-sirt-agrilarindan-kurtulmak-mumkun-mu\/#primaryimage"},"thumbnailUrl":"https:\/\/drsedattatar.com\/tr\/wp-content\/uploads\/2025\/12\/54-Kapak-TR.png","articleSection":["Plastik Cerrahi Blog"],"inLanguage":"tr"},{"@type":"WebPage","@id":"https:\/\/drsedattatar.com\/tr\/meme-kucultme-ameliyati-ile-boyun-ve-sirt-agrilarindan-kurtulmak-mumkun-mu\/","url":"https:\/\/drsedattatar.com\/tr\/meme-kucultme-ameliyati-ile-boyun-ve-sirt-agrilarindan-kurtulmak-mumkun-mu\/","name":"Meme K\u00fc\u00e7\u00fcltme Ameliyat\u0131 \u0130le Boyun ve S\u0131rt A\u011fr\u0131lar\u0131ndan Kurtulmak M\u00fcmk\u00fcn m\u00fc? - \u0130stanbul Estetik, Plastik ve Rekonstr\u00fcktif Cerrahi - Do\u00e7. Dr. Sedat Tatar","isPartOf":{"@id":"https:\/\/drsedattatar.com\/tr\/#website"},"primaryImageOfPage":{"@id":"https:\/\/drsedattatar.com\/tr\/meme-kucultme-ameliyati-ile-boyun-ve-sirt-agrilarindan-kurtulmak-mumkun-mu\/#primaryimage"},"image":{"@id":"https:\/\/drsedattatar.com\/tr\/meme-kucultme-ameliyati-ile-boyun-ve-sirt-agrilarindan-kurtulmak-mumkun-mu\/#primaryimage"},"thumbnailUrl":"https:\/\/drsedattatar.com\/tr\/wp-content\/uploads\/2025\/12\/54-Kapak-TR.png","datePublished":"2025-12-12T09:20:23+00:00","dateModified":"2025-12-12T09:33:50+00:00","description":"Meme k\u00fc\u00e7\u00fcltme ameliyat\u0131, b\u00fcy\u00fck g\u00f6\u011f\u00fcslerin neden oldu\u011fu boyun ve s\u0131rt a\u011fr\u0131lar\u0131n\u0131 nas\u0131l azalt\u0131r? Sa\u011fl\u0131k, estetik ve ya\u015fam kalitesi \u00fczerindeki etkilerini \u00f6\u011frenin.","breadcrumb":{"@id":"https:\/\/drsedattatar.com\/tr\/meme-kucultme-ameliyati-ile-boyun-ve-sirt-agrilarindan-kurtulmak-mumkun-mu\/#breadcrumb"},"inLanguage":"tr","potentialAction":[{"@type":"ReadAction","target":["https:\/\/drsedattatar.com\/tr\/meme-kucultme-ameliyati-ile-boyun-ve-sirt-agrilarindan-kurtulmak-mumkun-mu\/"]}]},{"@type":"ImageObject","inLanguage":"tr","@id":"https:\/\/drsedattatar.com\/tr\/meme-kucultme-ameliyati-ile-boyun-ve-sirt-agrilarindan-kurtulmak-mumkun-mu\/#primaryimage","url":"https:\/\/drsedattatar.com\/tr\/wp-content\/uploads\/2025\/12\/54-Kapak-TR.png","contentUrl":"https:\/\/drsedattatar.com\/tr\/wp-content\/uploads\/2025\/12\/54-Kapak-TR.png","width":1920,"height":1080},{"@type":"BreadcrumbList","@id":"https:\/\/drsedattatar.com\/tr\/meme-kucultme-ameliyati-ile-boyun-ve-sirt-agrilarindan-kurtulmak-mumkun-mu\/#breadcrumb","itemListElement":[{"@type":"ListItem","position":1,"name":"Anasayfa","item":"https:\/\/drsedattatar.com\/tr\/"},{"@type":"ListItem","position":2,"name":"Meme K\u00fc\u00e7\u00fcltme Ameliyat\u0131 \u0130le Boyun ve S\u0131rt A\u011fr\u0131lar\u0131ndan Kurtulmak M\u00fcmk\u00fcn m\u00fc?"}]},{"@type":"WebSite","@id":"https:\/\/drsedattatar.com\/tr\/#website","url":"https:\/\/drsedattatar.com\/tr\/","name":"\u0130stanbul Estetik, Plastik ve Rekonstr\u00fcktif Cerrahi - Do\u00e7. Dr. Sedat Tatar","description":"\u0130stanbul Estetik, Plastik ve Rekonstr\u00fcktif Cerrahi alan\u0131nda deneyimli Do\u00e7. Dr. Sedat Tatar ile hayallerinizi ger\u00e7e\u011fe d\u00f6n\u00fc\u015ft\u00fcr\u00fcn ve kendinizi en iyi \u015fekilde hissedin.","publisher":{"@id":"https:\/\/drsedattatar.com\/tr\/#organization"},"potentialAction":[{"@type":"SearchAction","target":{"@type":"EntryPoint","urlTemplate":"https:\/\/drsedattatar.com\/tr\/?s={search_term_string}"},"query-input":{"@type":"PropertyValueSpecification","valueRequired":true,"valueName":"search_term_string"}}],"inLanguage":"tr"},{"@type":"Organization","@id":"https:\/\/drsedattatar.com\/tr\/#organization","name":"\u0130stanbul Estetik, Plastik ve Rekonstr\u00fcktif Cerrahi - Do\u00e7. Dr. Sedat Tatar","url":"https:\/\/drsedattatar.com\/tr\/","logo":{"@type":"ImageObject","inLanguage":"tr","@id":"https:\/\/drsedattatar.com\/tr\/#\/schema\/logo\/image\/","url":"https:\/\/drsedattatar.com\/tr\/wp-content\/uploads\/2023\/06\/cropped-cropped-cropped-dr-sedat-tatar-estetik-plastik-logo.webp","contentUrl":"https:\/\/drsedattatar.com\/tr\/wp-content\/uploads\/2023\/06\/cropped-cropped-cropped-dr-sedat-tatar-estetik-plastik-logo.webp","width":1505,"height":602,"caption":"\u0130stanbul Estetik, Plastik ve Rekonstr\u00fcktif Cerrahi - Do\u00e7. Dr. Sedat Tatar"},"image":{"@id":"https:\/\/drsedattatar.com\/tr\/#\/schema\/logo\/image\/"}},{"@type":"Person","@id":"https:\/\/drsedattatar.com\/tr\/#\/schema\/person\/aa22f82cb49cf6b0e8e4c2fdd472308a","name":"Sedat Tatar","image":{"@type":"ImageObject","inLanguage":"tr","@id":"https:\/\/drsedattatar.com\/tr\/#\/schema\/person\/image\/","url":"https:\/\/secure.gravatar.com\/avatar\/dea798d972982cc67ccc601a56275438ae42ec5d4557bb1f2fb426553e72d1a1?s=96&d=mm&r=g","contentUrl":"https:\/\/secure.gravatar.com\/avatar\/dea798d972982cc67ccc601a56275438ae42ec5d4557bb1f2fb426553e72d1a1?s=96&d=mm&r=g","caption":"Sedat Tatar"},"sameAs":["http:\/\/drsedattatar.com\/tr"],"url":"https:\/\/drsedattatar.com\/tr\/author\/admin\/"}]}},"taxonomy_info":{"category":[{"value":14,"label":"Plastik Cerrahi Blog"}]},"featured_image_src_large":["https:\/\/drsedattatar.com\/tr\/wp-content\/uploads\/2025\/12\/54-Kapak-TR-1024x576.png",1024,576,true],"author_info":{"display_name":"Sedat Tatar","author_link":"https:\/\/drsedattatar.com\/tr\/author\/admin\/"},"comment_info":0,"category_info":[{"term_id":14,"name":"Plastik Cerrahi Blog","slug":"plastik-cerrahi-blog","term_group":0,"term_taxonomy_id":14,"taxonomy":"category","description":"","parent":0,"count":155,"filter":"raw","cat_ID":14,"category_count":155,"category_description":"","cat_name":"Plastik Cerrahi Blog","category_nicename":"plastik-cerrahi-blog","category_parent":0}],"tag_info":false,"_links":{"self":[{"href":"https:\/\/drsedattatar.com\/tr\/wp-json\/wp\/v2\/posts\/3022","targetHints":{"allow":["GET"]}}],"collection":[{"href":"https:\/\/drsedattatar.com\/tr\/wp-json\/wp\/v2\/posts"}],"about":[{"href":"https:\/\/drsedattatar.com\/tr\/wp-json\/wp\/v2\/types\/post"}],"author":[{"embeddable":true,"href":"https:\/\/drsedattatar.com\/tr\/wp-json\/wp\/v2\/users\/1"}],"replies":[{"embeddable":true,"href":"https:\/\/drsedattatar.com\/tr\/wp-json\/wp\/v2\/comments?post=3022"}],"version-history":[{"count":2,"href":"https:\/\/drsedattatar.com\/tr\/wp-json\/wp\/v2\/posts\/3022\/revisions"}],"predecessor-version":[{"id":3025,"href":"https:\/\/drsedattatar.com\/tr\/wp-json\/wp\/v2\/posts\/3022\/revisions\/3025"}],"wp:featuredmedia":[{"embeddable":true,"href":"https:\/\/drsedattatar.com\/tr\/wp-json\/wp\/v2\/media\/3023"}],"wp:attachment":[{"href":"https:\/\/drsedattatar.com\/tr\/wp-json\/wp\/v2\/media?parent=3022"}],"wp:term":[{"taxonomy":"category","embeddable":true,"href":"https:\/\/drsedattatar.com\/tr\/wp-json\/wp\/v2\/categories?post=3022"},{"taxonomy":"post_tag","embeddable":true,"href":"https:\/\/drsedattatar.com\/tr\/wp-json\/wp\/v2\/tags?post=3022"}],"curies":[{"name":"wp","href":"https:\/\/api.w.org\/{rel}","templated":true}]}}