{"id":3026,"date":"2025-12-12T09:52:39","date_gmt":"2025-12-12T09:52:39","guid":{"rendered":"https:\/\/drsedattatar.com\/tr\/?p=3026"},"modified":"2025-12-12T09:52:41","modified_gmt":"2025-12-12T09:52:41","slug":"estetik-ameliyat-sonrasi-sislik-ve-morluklar-ne-zaman-gecer","status":"publish","type":"post","link":"https:\/\/drsedattatar.com\/tr\/estetik-ameliyat-sonrasi-sislik-ve-morluklar-ne-zaman-gecer\/","title":{"rendered":"Estetik Ameliyat Sonras\u0131 \u015ei\u015flik ve Morluklar Ne Zaman Ge\u00e7er?"},"content":{"rendered":"\n<p>Estetik ameliyatlar, ki\u015finin hem d\u0131\u015f g\u00f6r\u00fcn\u00fcm\u00fcnde hem de \u00f6zg\u00fcveninde b\u00fcy\u00fck de\u011fi\u015fiklikler sa\u011flayabilir. Ancak her ameliyatta oldu\u011fu gibi estetik operasyonlardan sonra da v\u00fccudun do\u011fal bir iyile\u015fme s\u00fcreci vard\u0131r. Bu s\u00fcrecin en dikkat \u00e7eken ve hastalar taraf\u0131ndan en \u00e7ok merak edilen yan etkileri ise \u015fi\u015flik (\u00f6dem) ve morluklar (ekimoz) dur.<\/p>\n\n\n\n<p>Burun esteti\u011finden (rinoplasti) kar\u0131n germe ameliyat\u0131na, meme esteti\u011finden liposuction\u2019a kadar farkl\u0131 operasyonlarda g\u00f6r\u00fclebilen \u015fi\u015flik ve morluklar genellikle ge\u00e7ici ve do\u011fal bir s\u00fcre\u00e7tir. Peki bu \u015fik\u00e2yetler ne kadar s\u00fcrer ne zaman tamamen ge\u00e7er ve bu d\u00f6nemde nelere dikkat edilmelidir?<\/p>\n\n\n\n<h2 class=\"wp-block-heading\"><a><\/a><strong>Neden \u015ei\u015flik ve Morluk Olur?<\/strong><\/h2>\n\n\n\n<p>Ameliyat s\u0131ras\u0131nda cilt, kas, damar ve dokular \u00fczerinde cerrahi m\u00fcdahaleler yap\u0131l\u0131r. Bu esnada:<\/p>\n\n\n\n<ul class=\"wp-block-list\">\n<li><strong>\u015ei\u015flik (\u00f6dem):<\/strong> Doku travmas\u0131na ba\u011fl\u0131 olarak v\u00fccudun iyile\u015fme mekanizmas\u0131 devreye girer ve s\u0131v\u0131 birikimi olur.<\/li>\n\n\n\n<li><strong>Morluk (ekimoz):<\/strong> K\u00fc\u00e7\u00fck damarlar\u0131n hasar g\u00f6rmesiyle kan deri alt\u0131nda birikir.<\/li>\n<\/ul>\n\n\n\n<p>Asl\u0131nda \u015fi\u015flik ve morluklar, v\u00fccudun kendini onarma s\u00fcrecinin bir g\u00f6stergesidir.<\/p>\n\n\n\n<h2 class=\"wp-block-heading\"><a><\/a><strong>\u015ei\u015flik ve Morluklar Ne Kadar S\u00fcrer?<\/strong><\/h2>\n\n\n\n<p>Bu s\u00fcrenin uzunlu\u011fu; yap\u0131lan ameliyat\u0131n t\u00fcr\u00fcne, hastan\u0131n cilt yap\u0131s\u0131na, ya\u015f\u0131na, ya\u015fam al\u0131\u015fkanl\u0131klar\u0131na ve cerrahi tekni\u011fe g\u00f6re de\u011fi\u015fir.<\/p>\n\n\n\n<ul class=\"wp-block-list\">\n<li><strong>\u0130lk 48 saat:<\/strong> \u015ei\u015flik ve morluklar en yo\u011fun d\u00f6nemindedir.<\/li>\n\n\n\n<li><strong>1. hafta:<\/strong> Morluklar yava\u015f yava\u015f sar\u0131-ye\u015fil tonuna d\u00f6ner ve azalmaya ba\u015flar.<\/li>\n\n\n\n<li><strong>2\u20133. hafta:<\/strong> \u015ei\u015fliklerin b\u00fcy\u00fck b\u00f6l\u00fcm\u00fc iner, morluklar belirgin \u015fekilde azal\u0131r.<\/li>\n\n\n\n<li><strong>1\u20133 ay:<\/strong> \u0130nce \u00f6dem ve hafif \u015fi\u015flikler yava\u015f yava\u015f kaybolur.<\/li>\n\n\n\n<li><strong>6\u201312 ay:<\/strong> \u00d6zellikle burun esteti\u011fi ve kar\u0131n germe gibi b\u00fcy\u00fck operasyonlarda son \u015fi\u015fli\u011fin tamamen inmesi bu s\u00fcreyi bulabilir.<\/li>\n<\/ul>\n\n\n\n<h2 class=\"wp-block-heading\"><a><\/a><strong>Ameliyat T\u00fcrlerine G\u00f6re \u015ei\u015flik ve Morluk S\u00fcreleri<\/strong><\/h2>\n\n\n\n<p>Her ameliyat\u0131n iyile\u015fme s\u00fcreci farkl\u0131d\u0131r. \u0130\u015fte en s\u0131k yap\u0131lan estetik ameliyatlardan sonra \u015fi\u015flik ve morluklar\u0131n seyri:<\/p>\n\n\n\n<h3 class=\"wp-block-heading\"><a><\/a><strong>1. Burun Esteti\u011fi (Rinoplasti)<\/strong><\/h3>\n\n\n\n<ul class=\"wp-block-list\">\n<li>\u0130lk 1 hafta \u015fi\u015flik ve morluk belirgindir.<\/li>\n\n\n\n<li>2\u20133 hafta i\u00e7inde b\u00fcy\u00fck oranda azal\u0131r.<\/li>\n\n\n\n<li>\u0130nce \u00f6demlerin tamamen ge\u00e7mesi 6\u201312 ay s\u00fcrebilir.<\/li>\n<\/ul>\n\n\n\n<h3 class=\"wp-block-heading\"><a><\/a><strong>2. Liposuction<\/strong><\/h3>\n\n\n\n<ul class=\"wp-block-list\">\n<li>\u0130lk g\u00fcnlerde yo\u011fun \u00f6dem olur.<\/li>\n\n\n\n<li>3\u20134 hafta i\u00e7inde \u015fi\u015fliklerin b\u00fcy\u00fck k\u0131sm\u0131 iner.<\/li>\n\n\n\n<li>V\u00fccudun son \u015feklini almas\u0131 3\u20136 ay s\u00fcrer.<\/li>\n<\/ul>\n\n\n\n<h3 class=\"wp-block-heading\"><a><\/a><strong>3. Kar\u0131n Germe (Tummy Tuck)<\/strong><\/h3>\n\n\n\n<ul class=\"wp-block-list\">\n<li>Ameliyat sonras\u0131 \u00f6dem olduk\u00e7a normaldir.<\/li>\n\n\n\n<li>2\u20133 hafta i\u00e7inde azal\u0131r.<\/li>\n\n\n\n<li>Son \u015feklin oturmas\u0131 6 aya kadar devam edebilir.<\/li>\n<\/ul>\n\n\n\n<h3 class=\"wp-block-heading\"><a><\/a><strong>4. Meme Esteti\u011fi (B\u00fcy\u00fctme, K\u00fc\u00e7\u00fcltme, Dikle\u015ftirme)<\/strong><\/h3>\n\n\n\n<ul class=\"wp-block-list\">\n<li>\u0130lk 2\u20133 hafta \u015fi\u015flik g\u00f6r\u00fclebilir.<\/li>\n\n\n\n<li>1\u20132 ay i\u00e7inde memeler yumu\u015far ve do\u011fal formunu almaya ba\u015flar.<\/li>\n<\/ul>\n\n\n\n<h3 class=\"wp-block-heading\"><a><\/a><strong>5. Popo B\u00fcy\u00fctme (BBL &amp; Protez)<\/strong><\/h3>\n\n\n\n<ul class=\"wp-block-list\">\n<li>BBL (Brezilyan Popo Esteti\u011fi) sonras\u0131 ilk 2\u20133 hafta \u00f6dem ve oturma kaynakl\u0131 \u015fi\u015flikler normaldir.<br><\/li>\n\n\n\n<li>1 ay\u0131n sonunda morluklar b\u00fcy\u00fck \u00f6l\u00e7\u00fcde kaybolur.<\/li>\n\n\n\n<li>Kal\u00e7aya enjekte edilen ya\u011f\u0131n tutunma s\u00fcreci 3\u20136 ay s\u00fcrer ve bu d\u00f6nemde \u015fekil oturur.<\/li>\n\n\n\n<li>Kal\u00e7a protezi uygulamalar\u0131nda ise \u00f6dem ve morluklar 2\u20134 hafta i\u00e7inde azal\u0131r, son formun oturmas\u0131 2\u20133 ay\u0131 bulabilir.<\/li>\n<\/ul>\n\n\n\n<h2 class=\"wp-block-heading\"><a><\/a><strong>\u015ei\u015flik ve Morluklar\u0131 Azaltmak \u0130\u00e7in \u00d6neriler<\/strong><\/h2>\n\n\n\n<p>Ameliyat sonras\u0131 dikkat edilecek baz\u0131 noktalar, \u015fi\u015flik ve morluklar\u0131n daha h\u0131zl\u0131 iyile\u015fmesini sa\u011flar:<\/p>\n\n\n\n<ul class=\"wp-block-list\">\n<li><strong>So\u011fuk uygulama:<\/strong> \u0130lk 48 saatte so\u011fuk kompres \u015fi\u015fli\u011fi azalt\u0131r.<\/li>\n\n\n\n<li><strong>Ba\u015f\u0131n yukar\u0131da tutulmas\u0131:<\/strong> \u00d6zellikle y\u00fcz ve burun esteti\u011finde \u00f6demin azalmas\u0131na yard\u0131mc\u0131 olur.<\/li>\n\n\n\n<li><strong>Korse ve bandaj kullan\u0131m\u0131:<\/strong> Liposuction ve kar\u0131n germe sonras\u0131 \u00f6demi azalt\u0131r ve \u015fekillenmeyi destekler.<\/li>\n\n\n\n<li><strong>Tuz t\u00fcketimini azaltmak:<\/strong> A\u015f\u0131r\u0131 tuz \u00f6demi art\u0131r\u0131r.<\/li>\n\n\n\n<li><strong>Bol su i\u00e7mek:<\/strong> V\u00fccuttan \u00f6demin at\u0131lmas\u0131n\u0131 h\u0131zland\u0131r\u0131r.<\/li>\n\n\n\n<li><strong>Hafif y\u00fcr\u00fcy\u00fc\u015f:<\/strong> Kan dola\u015f\u0131m\u0131n\u0131 art\u0131rarak iyile\u015fmeyi destekler.<\/li>\n\n\n\n<li><strong>Sigara ve alkol\u00fc b\u0131rakmak:<\/strong> Damar sa\u011fl\u0131\u011f\u0131na zarar verdikleri i\u00e7in iyile\u015fmeyi yava\u015flat\u0131r.<\/li>\n<\/ul>\n\n\n\n<h2 class=\"wp-block-heading\"><strong>Normal Olan \u0130le Komplikasyon Nas\u0131l Ay\u0131rt Edilir?<\/strong><\/h2>\n\n\n\n<p>\u015ei\u015flik ve morluklar normaldir ancak baz\u0131 durumlarda komplikasyon belirtisi olabilir:<\/p>\n\n\n\n<ul class=\"wp-block-list\">\n<li>\u015eiddetli ve ani \u015fi\u015flik,<\/li>\n\n\n\n<li>A\u015f\u0131r\u0131 a\u011fr\u0131,<\/li>\n\n\n\n<li>Y\u00fcksek ate\u015f,<\/li>\n\n\n\n<li>Morlu\u011fun h\u0131zla b\u00fcy\u00fcmesi.<\/li>\n<\/ul>\n\n\n\n<p>Bu gibi durumlarda mutlaka cerrah\u0131n\u0131za ba\u015fvurmal\u0131s\u0131n\u0131z.<\/p>\n\n\n\n<h2 class=\"wp-block-heading\"><a><\/a><strong>\u0130yile\u015fme S\u00fcrecinde Sab\u0131r \u00d6nemlidir<\/strong><\/h2>\n\n\n\n<p>Hastalar\u0131n b\u00fcy\u00fck \u00e7o\u011funlu\u011fu ilk haftalarda h\u0131zl\u0131 bir d\u00fczelme bekler. Ancak unutulmamal\u0131d\u0131r ki estetik ameliyatlarda sonu\u00e7lar\u0131n oturmas\u0131 zaman al\u0131r. \u0130lk g\u00fcnlerde g\u00f6r\u00fclen \u015fi\u015flik ve morluklar ge\u00e7ici olup, sab\u0131rla beklemek gerekir.<\/p>\n\n\n\n<h2 class=\"wp-block-heading\"><a><\/a><strong>S\u0131k Sorulan Sorular<\/strong><\/h2>\n\n\n\n<p><strong>1. \u015ei\u015flik ve morluklar herkeste ayn\u0131 m\u0131 olur?<br><\/strong>&nbsp;Hay\u0131r, ki\u015finin cilt yap\u0131s\u0131na, ya\u015f\u0131, metabolizmas\u0131na ve ameliyat t\u00fcr\u00fcne g\u00f6re de\u011fi\u015fir.<\/p>\n\n\n\n<p><strong>2. \u015ei\u015flikleri tamamen \u00f6nlemek m\u00fcmk\u00fcn m\u00fc?<br><\/strong>&nbsp;Hay\u0131r, ancak al\u0131nacak \u00f6nlemlerle en aza indirilebilir.<\/p>\n\n\n\n<p><strong>3. Morluklar i\u00e7in krem kullanmal\u0131 m\u0131y\u0131m?<br><\/strong>&nbsp;Doktorunuzun \u00f6nerdi\u011fi \u00f6zel kremler ve jel tedavileri s\u00fcreci h\u0131zland\u0131rabilir.<\/p>\n\n\n\n<p><strong>4. \u015ei\u015fliklerim ge\u00e7mezse ne yapmal\u0131y\u0131m?<br><\/strong>&nbsp;\u00c7o\u011fu zaman do\u011fal iyile\u015fme s\u00fcrecidir. Ancak \u015fi\u015fli\u011finiz uzun s\u00fcre inmezse mutlaka doktorunuza ba\u015fvurun.<\/p>\n\n\n\n<p><strong>5. Sonu\u00e7lar\u0131 ne zaman g\u00f6rebilirim?<br><\/strong>&nbsp;Ameliyat t\u00fcr\u00fcne g\u00f6re de\u011fi\u015fmekle birlikte genellikle 3\u20136 ay i\u00e7inde son \u015fekil ortaya \u00e7\u0131kar.<\/p>\n\n\n\n<h2 class=\"wp-block-heading\"><a><\/a><strong>Daha Sa\u011fl\u0131kl\u0131 ve Konforlu Bir \u0130yile\u015fme \u0130\u00e7in<\/strong><\/h2>\n\n\n\n<p>Estetik ameliyat sonras\u0131 \u015fi\u015flik ve morluklar, v\u00fccudun do\u011fal iyile\u015fme s\u00fcrecinin bir par\u00e7as\u0131d\u0131r. \u0130lk haftalarda sab\u0131rl\u0131 olmak, doktorun \u00f6nerilerine uymak, sa\u011fl\u0131kl\u0131 ya\u015fam al\u0131\u015fkanl\u0131klar\u0131n\u0131 s\u00fcrd\u00fcrmek bu s\u00fcreci kolayla\u015ft\u0131r\u0131r.<\/p>\n\n\n\n<p>Unutmay\u0131n, ge\u00e7ici \u015fi\u015flik ve morluklar\u0131n ard\u0131ndan ortaya \u00e7\u0131kacak olan sonu\u00e7 hem g\u00f6r\u00fcn\u00fcm\u00fcn\u00fcz\u00fc hem de \u00f6zg\u00fcveninizi uzun vadede olumlu y\u00f6nde de\u011fi\u015ftirecektir.<\/p>\n\n\n\n<p><strong>Hekim Bilgisi<\/strong><\/p>\n\n\n\n<p><strong>Do\u00e7. Dr. Sedat Tatar<\/strong>, iki ayr\u0131 uluslararas\u0131 kurul taraf\u0131ndan sertifikaland\u0131r\u0131lm\u0131\u015f (Double Board Certified) Plastik, Rekonstr\u00fcktif ve Estetik Cerrahi uzman\u0131d\u0131r. <strong>American College of Surgeons Fellow (FACS)<\/strong> ve <strong>European Board of Plastic, Reconstructive and Aesthetic Surgery Fellow (FEBOPRAS)<\/strong> unvanlar\u0131na sahiptir.<\/p>\n\n\n\n<p>Uluslararas\u0131 profesyonel \u00fcyelikleri aras\u0131nda <strong>ISAPS (International Society of Aesthetic Plastic Surgery)<\/strong> ve <strong>ASPS (American Society of Plastic Surgeons)<\/strong> bulunmaktad\u0131r.<\/p>\n\n\n\n<p>Klini\u011fi \u0130stanbul\u2019da <strong>T\u00fcrkiye Sa\u011fl\u0131k Bakanl\u0131\u011f\u0131 taraf\u0131ndan Sa\u011fl\u0131k Turizmi Merkezi olarak yetkilidir<\/strong> ve \u015firketi <strong>Birle\u015fik Krall\u0131k &amp; Galler&#8217;e kay\u0131tl\u0131d\u0131r.<\/strong><\/p>\n\n\n\n<p><strong>\u0130LET\u0130\u015e\u0130M B\u0130LG\u0130LER\u0130<\/strong><\/p>\n\n\n\n<p><strong>Do\u00e7. Dr. Sedar Tatar Klini\u011fi<\/strong><\/p>\n\n\n\n<p><strong>Telefon No :&nbsp;<\/strong><a href=\"tel:+90%20(555)%20100%2010%2083\">+90 (555) 100 10 83<\/a><br><strong>\u0130leti\u015fim Linki :&nbsp;<\/strong><a href=\"mailto:info@drsedattatar.com\">info@drsedattatar.com<\/a><br><strong>Adres :&nbsp;<\/strong>Levent Mahallesi, Karanfil Aral\u0131\u011f\u0131 Caddesi No: 18 Be\u015fikta\u015f\/\u0130STANBUL<\/p>\n\n\n<div class=\"kk-star-ratings kksr-auto kksr-align-center kksr-valign-bottom\"\n    data-payload='{&quot;align&quot;:&quot;center&quot;,&quot;id&quot;:&quot;3026&quot;,&quot;slug&quot;:&quot;default&quot;,&quot;valign&quot;:&quot;bottom&quot;,&quot;ignore&quot;:&quot;&quot;,&quot;reference&quot;:&quot;auto&quot;,&quot;class&quot;:&quot;&quot;,&quot;count&quot;:&quot;0&quot;,&quot;legendonly&quot;:&quot;&quot;,&quot;readonly&quot;:&quot;&quot;,&quot;score&quot;:&quot;0&quot;,&quot;starsonly&quot;:&quot;&quot;,&quot;best&quot;:&quot;5&quot;,&quot;gap&quot;:&quot;5&quot;,&quot;greet&quot;:&quot;\u0130\u00e7eri\u011fimizi Oylay\u0131n!&quot;,&quot;legend&quot;:&quot;0\\\/5 - (0 oy verildi!)&quot;,&quot;size&quot;:&quot;24&quot;,&quot;title&quot;:&quot;Estetik Ameliyat Sonras\u0131 \u015ei\u015flik ve Morluklar Ne Zaman Ge\u00e7er?&quot;,&quot;width&quot;:&quot;0&quot;,&quot;_legend&quot;:&quot;{score}\\\/{best} - ({count} oy verildi!)&quot;,&quot;font_factor&quot;:&quot;1.25&quot;}'>\n            \n<div class=\"kksr-stars\">\n    \n<div class=\"kksr-stars-inactive\">\n            <div class=\"kksr-star\" data-star=\"1\" style=\"padding-right: 5px\">\n            \n\n<div class=\"kksr-icon\" style=\"width: 24px; height: 24px;\"><\/div>\n        <\/div>\n            <div class=\"kksr-star\" data-star=\"2\" style=\"padding-right: 5px\">\n            \n\n<div class=\"kksr-icon\" style=\"width: 24px; height: 24px;\"><\/div>\n        <\/div>\n            <div class=\"kksr-star\" data-star=\"3\" style=\"padding-right: 5px\">\n            \n\n<div class=\"kksr-icon\" style=\"width: 24px; height: 24px;\"><\/div>\n        <\/div>\n            <div class=\"kksr-star\" data-star=\"4\" style=\"padding-right: 5px\">\n            \n\n<div class=\"kksr-icon\" style=\"width: 24px; height: 24px;\"><\/div>\n        <\/div>\n            <div class=\"kksr-star\" data-star=\"5\" style=\"padding-right: 5px\">\n            \n\n<div class=\"kksr-icon\" style=\"width: 24px; height: 24px;\"><\/div>\n        <\/div>\n    <\/div>\n    \n<div class=\"kksr-stars-active\" style=\"width: 0px;\">\n            <div class=\"kksr-star\" style=\"padding-right: 5px\">\n            \n\n<div class=\"kksr-icon\" style=\"width: 24px; height: 24px;\"><\/div>\n        <\/div>\n            <div class=\"kksr-star\" style=\"padding-right: 5px\">\n            \n\n<div class=\"kksr-icon\" style=\"width: 24px; height: 24px;\"><\/div>\n        <\/div>\n            <div class=\"kksr-star\" style=\"padding-right: 5px\">\n            \n\n<div class=\"kksr-icon\" style=\"width: 24px; height: 24px;\"><\/div>\n        <\/div>\n            <div class=\"kksr-star\" style=\"padding-right: 5px\">\n            \n\n<div class=\"kksr-icon\" style=\"width: 24px; height: 24px;\"><\/div>\n        <\/div>\n            <div class=\"kksr-star\" style=\"padding-right: 5px\">\n            \n\n<div class=\"kksr-icon\" style=\"width: 24px; height: 24px;\"><\/div>\n        <\/div>\n    <\/div>\n<\/div>\n                \n\n<div class=\"kksr-legend\" style=\"font-size: 19.2px;\">\n            <span class=\"kksr-muted\">\u0130\u00e7eri\u011fimizi Oylay\u0131n!<\/span>\n    <\/div>\n    <\/div>\n","protected":false},"excerpt":{"rendered":"<p>Estetik ameliyatlar, ki\u015finin hem d\u0131\u015f g\u00f6r\u00fcn\u00fcm\u00fcnde hem de \u00f6zg\u00fcveninde b\u00fcy\u00fck de\u011fi\u015fiklikler sa\u011flayabilir. Ancak her ameliyatta oldu\u011fu gibi estetik operasyonlardan sonra da v\u00fccudun do\u011fal bir iyile\u015fme s\u00fcreci vard\u0131r. Bu s\u00fcrecin en dikkat \u00e7eken ve hastalar taraf\u0131ndan en \u00e7ok merak edilen yan etkileri ise \u015fi\u015flik (\u00f6dem) ve morluklar (ekimoz) dur.<\/p>\n<p>Burun esteti\u011finden (rinoplasti) kar\u0131n germe ameliyat\u0131na, meme esteti\u011finden liposuction\u2019a kadar farkl\u0131 operasyonlarda g\u00f6r\u00fclebilen \u015fi\u015flik ve morluklar genellikle ge\u00e7ici ve do\u011fal bir s\u00fcre\u00e7tir. Peki bu \u015fik\u00e2yetler ne kadar s\u00fcrer ne zaman tamamen ge\u00e7er ve bu d\u00f6nemde nelere dikkat edilmelidir?<\/p>\n","protected":false},"author":1,"featured_media":3027,"comment_status":"closed","ping_status":"open","sticky":false,"template":"","format":"standard","meta":{"_kad_blocks_custom_css":"","_kad_blocks_head_custom_js":"","_kad_blocks_body_custom_js":"","_kad_blocks_footer_custom_js":"","_kadence_starter_templates_imported_post":false,"_kad_post_transparent":"","_kad_post_title":"","_kad_post_layout":"","_kad_post_sidebar_id":"","_kad_post_content_style":"","_kad_post_vertical_padding":"","_kad_post_feature":"","_kad_post_feature_position":"","_kad_post_header":false,"_kad_post_footer":false,"footnotes":""},"categories":[14],"tags":[],"class_list":["post-3026","post","type-post","status-publish","format-standard","has-post-thumbnail","hentry","category-plastik-cerrahi-blog"],"yoast_head":"<!-- This site is optimized with the Yoast SEO plugin v25.9 - https:\/\/yoast.com\/wordpress\/plugins\/seo\/ -->\n<title>Estetik Ameliyat Sonras\u0131 \u015ei\u015flik ve Morluklar Ne Zaman Ge\u00e7er? - \u0130stanbul Estetik, Plastik ve Rekonstr\u00fcktif Cerrahi - Do\u00e7. Dr. Sedat Tatar<\/title>\n<meta name=\"description\" content=\"\u015ei\u015flik ve morluklar estetik ameliyat sonras\u0131 neden olur? \u0130yile\u015fme s\u00fcreci, normal belirtiler ve dikkat edilmesi gereken durumlar hakk\u0131nda kapsaml\u0131 bilgi.\" \/>\n<meta name=\"robots\" content=\"index, follow, max-snippet:-1, max-image-preview:large, max-video-preview:-1\" \/>\n<link rel=\"canonical\" href=\"https:\/\/drsedattatar.com\/tr\/estetik-ameliyat-sonrasi-sislik-ve-morluklar-ne-zaman-gecer\/\" \/>\n<meta property=\"og:locale\" content=\"tr_TR\" \/>\n<meta property=\"og:type\" content=\"article\" \/>\n<meta property=\"og:title\" content=\"Estetik Ameliyat Sonras\u0131 \u015ei\u015flik ve Morluklar Ne Zaman Ge\u00e7er? - \u0130stanbul Estetik, Plastik ve Rekonstr\u00fcktif Cerrahi - Do\u00e7. Dr. Sedat Tatar\" \/>\n<meta property=\"og:description\" content=\"\u015ei\u015flik ve morluklar estetik ameliyat sonras\u0131 neden olur? \u0130yile\u015fme s\u00fcreci, normal belirtiler ve dikkat edilmesi gereken durumlar hakk\u0131nda kapsaml\u0131 bilgi.\" \/>\n<meta property=\"og:url\" content=\"https:\/\/drsedattatar.com\/tr\/estetik-ameliyat-sonrasi-sislik-ve-morluklar-ne-zaman-gecer\/\" \/>\n<meta property=\"og:site_name\" content=\"\u0130stanbul Estetik, Plastik ve Rekonstr\u00fcktif Cerrahi - Do\u00e7. Dr. Sedat Tatar\" \/>\n<meta property=\"article:published_time\" content=\"2025-12-12T09:52:39+00:00\" \/>\n<meta property=\"article:modified_time\" content=\"2025-12-12T09:52:41+00:00\" \/>\n<meta property=\"og:image\" content=\"https:\/\/drsedattatar.com\/tr\/wp-content\/uploads\/2025\/12\/55-Kapak-TR.png\" \/>\n\t<meta property=\"og:image:width\" content=\"1920\" \/>\n\t<meta property=\"og:image:height\" content=\"1080\" \/>\n\t<meta property=\"og:image:type\" content=\"image\/png\" \/>\n<meta name=\"author\" content=\"Sedat Tatar\" \/>\n<meta name=\"twitter:card\" content=\"summary_large_image\" \/>\n<meta name=\"twitter:label1\" content=\"Yazan:\" \/>\n\t<meta name=\"twitter:data1\" content=\"Sedat Tatar\" \/>\n\t<meta name=\"twitter:label2\" content=\"Tahmini okuma s\u00fcresi\" \/>\n\t<meta name=\"twitter:data2\" content=\"5 dakika\" \/>\n<script type=\"application\/ld+json\" class=\"yoast-schema-graph\">{\"@context\":\"https:\/\/schema.org\",\"@graph\":[{\"@type\":\"Article\",\"@id\":\"https:\/\/drsedattatar.com\/tr\/estetik-ameliyat-sonrasi-sislik-ve-morluklar-ne-zaman-gecer\/#article\",\"isPartOf\":{\"@id\":\"https:\/\/drsedattatar.com\/tr\/estetik-ameliyat-sonrasi-sislik-ve-morluklar-ne-zaman-gecer\/\"},\"author\":{\"name\":\"Sedat Tatar\",\"@id\":\"https:\/\/drsedattatar.com\/tr\/#\/schema\/person\/aa22f82cb49cf6b0e8e4c2fdd472308a\"},\"headline\":\"Estetik Ameliyat Sonras\u0131 \u015ei\u015flik ve Morluklar Ne Zaman Ge\u00e7er?\",\"datePublished\":\"2025-12-12T09:52:39+00:00\",\"dateModified\":\"2025-12-12T09:52:41+00:00\",\"mainEntityOfPage\":{\"@id\":\"https:\/\/drsedattatar.com\/tr\/estetik-ameliyat-sonrasi-sislik-ve-morluklar-ne-zaman-gecer\/\"},\"wordCount\":1122,\"publisher\":{\"@id\":\"https:\/\/drsedattatar.com\/tr\/#organization\"},\"image\":{\"@id\":\"https:\/\/drsedattatar.com\/tr\/estetik-ameliyat-sonrasi-sislik-ve-morluklar-ne-zaman-gecer\/#primaryimage\"},\"thumbnailUrl\":\"https:\/\/drsedattatar.com\/tr\/wp-content\/uploads\/2025\/12\/55-Kapak-TR.png\",\"articleSection\":[\"Plastik Cerrahi Blog\"],\"inLanguage\":\"tr\"},{\"@type\":\"WebPage\",\"@id\":\"https:\/\/drsedattatar.com\/tr\/estetik-ameliyat-sonrasi-sislik-ve-morluklar-ne-zaman-gecer\/\",\"url\":\"https:\/\/drsedattatar.com\/tr\/estetik-ameliyat-sonrasi-sislik-ve-morluklar-ne-zaman-gecer\/\",\"name\":\"Estetik Ameliyat Sonras\u0131 \u015ei\u015flik ve Morluklar Ne Zaman Ge\u00e7er? - \u0130stanbul Estetik, Plastik ve Rekonstr\u00fcktif Cerrahi - Do\u00e7. Dr. Sedat Tatar\",\"isPartOf\":{\"@id\":\"https:\/\/drsedattatar.com\/tr\/#website\"},\"primaryImageOfPage\":{\"@id\":\"https:\/\/drsedattatar.com\/tr\/estetik-ameliyat-sonrasi-sislik-ve-morluklar-ne-zaman-gecer\/#primaryimage\"},\"image\":{\"@id\":\"https:\/\/drsedattatar.com\/tr\/estetik-ameliyat-sonrasi-sislik-ve-morluklar-ne-zaman-gecer\/#primaryimage\"},\"thumbnailUrl\":\"https:\/\/drsedattatar.com\/tr\/wp-content\/uploads\/2025\/12\/55-Kapak-TR.png\",\"datePublished\":\"2025-12-12T09:52:39+00:00\",\"dateModified\":\"2025-12-12T09:52:41+00:00\",\"description\":\"\u015ei\u015flik ve morluklar estetik ameliyat sonras\u0131 neden olur? \u0130yile\u015fme s\u00fcreci, normal belirtiler ve dikkat edilmesi gereken durumlar hakk\u0131nda kapsaml\u0131 bilgi.\",\"breadcrumb\":{\"@id\":\"https:\/\/drsedattatar.com\/tr\/estetik-ameliyat-sonrasi-sislik-ve-morluklar-ne-zaman-gecer\/#breadcrumb\"},\"inLanguage\":\"tr\",\"potentialAction\":[{\"@type\":\"ReadAction\",\"target\":[\"https:\/\/drsedattatar.com\/tr\/estetik-ameliyat-sonrasi-sislik-ve-morluklar-ne-zaman-gecer\/\"]}]},{\"@type\":\"ImageObject\",\"inLanguage\":\"tr\",\"@id\":\"https:\/\/drsedattatar.com\/tr\/estetik-ameliyat-sonrasi-sislik-ve-morluklar-ne-zaman-gecer\/#primaryimage\",\"url\":\"https:\/\/drsedattatar.com\/tr\/wp-content\/uploads\/2025\/12\/55-Kapak-TR.png\",\"contentUrl\":\"https:\/\/drsedattatar.com\/tr\/wp-content\/uploads\/2025\/12\/55-Kapak-TR.png\",\"width\":1920,\"height\":1080},{\"@type\":\"BreadcrumbList\",\"@id\":\"https:\/\/drsedattatar.com\/tr\/estetik-ameliyat-sonrasi-sislik-ve-morluklar-ne-zaman-gecer\/#breadcrumb\",\"itemListElement\":[{\"@type\":\"ListItem\",\"position\":1,\"name\":\"Anasayfa\",\"item\":\"https:\/\/drsedattatar.com\/tr\/\"},{\"@type\":\"ListItem\",\"position\":2,\"name\":\"Estetik Ameliyat Sonras\u0131 \u015ei\u015flik ve Morluklar Ne Zaman Ge\u00e7er?\"}]},{\"@type\":\"WebSite\",\"@id\":\"https:\/\/drsedattatar.com\/tr\/#website\",\"url\":\"https:\/\/drsedattatar.com\/tr\/\",\"name\":\"\u0130stanbul Estetik, Plastik ve Rekonstr\u00fcktif Cerrahi - Do\u00e7. Dr. Sedat Tatar\",\"description\":\"\u0130stanbul Estetik, Plastik ve Rekonstr\u00fcktif Cerrahi alan\u0131nda deneyimli Do\u00e7. Dr. Sedat Tatar ile hayallerinizi ger\u00e7e\u011fe d\u00f6n\u00fc\u015ft\u00fcr\u00fcn ve kendinizi en iyi \u015fekilde hissedin.\",\"publisher\":{\"@id\":\"https:\/\/drsedattatar.com\/tr\/#organization\"},\"potentialAction\":[{\"@type\":\"SearchAction\",\"target\":{\"@type\":\"EntryPoint\",\"urlTemplate\":\"https:\/\/drsedattatar.com\/tr\/?s={search_term_string}\"},\"query-input\":{\"@type\":\"PropertyValueSpecification\",\"valueRequired\":true,\"valueName\":\"search_term_string\"}}],\"inLanguage\":\"tr\"},{\"@type\":\"Organization\",\"@id\":\"https:\/\/drsedattatar.com\/tr\/#organization\",\"name\":\"\u0130stanbul Estetik, Plastik ve Rekonstr\u00fcktif Cerrahi - Do\u00e7. Dr. Sedat Tatar\",\"url\":\"https:\/\/drsedattatar.com\/tr\/\",\"logo\":{\"@type\":\"ImageObject\",\"inLanguage\":\"tr\",\"@id\":\"https:\/\/drsedattatar.com\/tr\/#\/schema\/logo\/image\/\",\"url\":\"https:\/\/drsedattatar.com\/tr\/wp-content\/uploads\/2023\/06\/cropped-cropped-cropped-dr-sedat-tatar-estetik-plastik-logo.webp\",\"contentUrl\":\"https:\/\/drsedattatar.com\/tr\/wp-content\/uploads\/2023\/06\/cropped-cropped-cropped-dr-sedat-tatar-estetik-plastik-logo.webp\",\"width\":1505,\"height\":602,\"caption\":\"\u0130stanbul Estetik, Plastik ve Rekonstr\u00fcktif Cerrahi - Do\u00e7. Dr. Sedat Tatar\"},\"image\":{\"@id\":\"https:\/\/drsedattatar.com\/tr\/#\/schema\/logo\/image\/\"}},{\"@type\":\"Person\",\"@id\":\"https:\/\/drsedattatar.com\/tr\/#\/schema\/person\/aa22f82cb49cf6b0e8e4c2fdd472308a\",\"name\":\"Sedat Tatar\",\"image\":{\"@type\":\"ImageObject\",\"inLanguage\":\"tr\",\"@id\":\"https:\/\/drsedattatar.com\/tr\/#\/schema\/person\/image\/\",\"url\":\"https:\/\/secure.gravatar.com\/avatar\/dea798d972982cc67ccc601a56275438ae42ec5d4557bb1f2fb426553e72d1a1?s=96&d=mm&r=g\",\"contentUrl\":\"https:\/\/secure.gravatar.com\/avatar\/dea798d972982cc67ccc601a56275438ae42ec5d4557bb1f2fb426553e72d1a1?s=96&d=mm&r=g\",\"caption\":\"Sedat Tatar\"},\"sameAs\":[\"http:\/\/drsedattatar.com\/tr\"],\"url\":\"https:\/\/drsedattatar.com\/tr\/author\/admin\/\"}]}<\/script>\n<!-- \/ Yoast SEO plugin. -->","yoast_head_json":{"title":"Estetik Ameliyat Sonras\u0131 \u015ei\u015flik ve Morluklar Ne Zaman Ge\u00e7er? - \u0130stanbul Estetik, Plastik ve Rekonstr\u00fcktif Cerrahi - Do\u00e7. Dr. Sedat Tatar","description":"\u015ei\u015flik ve morluklar estetik ameliyat sonras\u0131 neden olur? \u0130yile\u015fme s\u00fcreci, normal belirtiler ve dikkat edilmesi gereken durumlar hakk\u0131nda kapsaml\u0131 bilgi.","robots":{"index":"index","follow":"follow","max-snippet":"max-snippet:-1","max-image-preview":"max-image-preview:large","max-video-preview":"max-video-preview:-1"},"canonical":"https:\/\/drsedattatar.com\/tr\/estetik-ameliyat-sonrasi-sislik-ve-morluklar-ne-zaman-gecer\/","og_locale":"tr_TR","og_type":"article","og_title":"Estetik Ameliyat Sonras\u0131 \u015ei\u015flik ve Morluklar Ne Zaman Ge\u00e7er? - \u0130stanbul Estetik, Plastik ve Rekonstr\u00fcktif Cerrahi - Do\u00e7. Dr. Sedat Tatar","og_description":"\u015ei\u015flik ve morluklar estetik ameliyat sonras\u0131 neden olur? \u0130yile\u015fme s\u00fcreci, normal belirtiler ve dikkat edilmesi gereken durumlar hakk\u0131nda kapsaml\u0131 bilgi.","og_url":"https:\/\/drsedattatar.com\/tr\/estetik-ameliyat-sonrasi-sislik-ve-morluklar-ne-zaman-gecer\/","og_site_name":"\u0130stanbul Estetik, Plastik ve Rekonstr\u00fcktif Cerrahi - Do\u00e7. Dr. Sedat Tatar","article_published_time":"2025-12-12T09:52:39+00:00","article_modified_time":"2025-12-12T09:52:41+00:00","og_image":[{"width":1920,"height":1080,"url":"https:\/\/drsedattatar.com\/tr\/wp-content\/uploads\/2025\/12\/55-Kapak-TR.png","type":"image\/png"}],"author":"Sedat Tatar","twitter_card":"summary_large_image","twitter_misc":{"Yazan:":"Sedat Tatar","Tahmini okuma s\u00fcresi":"5 dakika"},"schema":{"@context":"https:\/\/schema.org","@graph":[{"@type":"Article","@id":"https:\/\/drsedattatar.com\/tr\/estetik-ameliyat-sonrasi-sislik-ve-morluklar-ne-zaman-gecer\/#article","isPartOf":{"@id":"https:\/\/drsedattatar.com\/tr\/estetik-ameliyat-sonrasi-sislik-ve-morluklar-ne-zaman-gecer\/"},"author":{"name":"Sedat Tatar","@id":"https:\/\/drsedattatar.com\/tr\/#\/schema\/person\/aa22f82cb49cf6b0e8e4c2fdd472308a"},"headline":"Estetik Ameliyat Sonras\u0131 \u015ei\u015flik ve Morluklar Ne Zaman Ge\u00e7er?","datePublished":"2025-12-12T09:52:39+00:00","dateModified":"2025-12-12T09:52:41+00:00","mainEntityOfPage":{"@id":"https:\/\/drsedattatar.com\/tr\/estetik-ameliyat-sonrasi-sislik-ve-morluklar-ne-zaman-gecer\/"},"wordCount":1122,"publisher":{"@id":"https:\/\/drsedattatar.com\/tr\/#organization"},"image":{"@id":"https:\/\/drsedattatar.com\/tr\/estetik-ameliyat-sonrasi-sislik-ve-morluklar-ne-zaman-gecer\/#primaryimage"},"thumbnailUrl":"https:\/\/drsedattatar.com\/tr\/wp-content\/uploads\/2025\/12\/55-Kapak-TR.png","articleSection":["Plastik Cerrahi Blog"],"inLanguage":"tr"},{"@type":"WebPage","@id":"https:\/\/drsedattatar.com\/tr\/estetik-ameliyat-sonrasi-sislik-ve-morluklar-ne-zaman-gecer\/","url":"https:\/\/drsedattatar.com\/tr\/estetik-ameliyat-sonrasi-sislik-ve-morluklar-ne-zaman-gecer\/","name":"Estetik Ameliyat Sonras\u0131 \u015ei\u015flik ve Morluklar Ne Zaman Ge\u00e7er? - \u0130stanbul Estetik, Plastik ve Rekonstr\u00fcktif Cerrahi - Do\u00e7. Dr. Sedat Tatar","isPartOf":{"@id":"https:\/\/drsedattatar.com\/tr\/#website"},"primaryImageOfPage":{"@id":"https:\/\/drsedattatar.com\/tr\/estetik-ameliyat-sonrasi-sislik-ve-morluklar-ne-zaman-gecer\/#primaryimage"},"image":{"@id":"https:\/\/drsedattatar.com\/tr\/estetik-ameliyat-sonrasi-sislik-ve-morluklar-ne-zaman-gecer\/#primaryimage"},"thumbnailUrl":"https:\/\/drsedattatar.com\/tr\/wp-content\/uploads\/2025\/12\/55-Kapak-TR.png","datePublished":"2025-12-12T09:52:39+00:00","dateModified":"2025-12-12T09:52:41+00:00","description":"\u015ei\u015flik ve morluklar estetik ameliyat sonras\u0131 neden olur? \u0130yile\u015fme s\u00fcreci, normal belirtiler ve dikkat edilmesi gereken durumlar hakk\u0131nda kapsaml\u0131 bilgi.","breadcrumb":{"@id":"https:\/\/drsedattatar.com\/tr\/estetik-ameliyat-sonrasi-sislik-ve-morluklar-ne-zaman-gecer\/#breadcrumb"},"inLanguage":"tr","potentialAction":[{"@type":"ReadAction","target":["https:\/\/drsedattatar.com\/tr\/estetik-ameliyat-sonrasi-sislik-ve-morluklar-ne-zaman-gecer\/"]}]},{"@type":"ImageObject","inLanguage":"tr","@id":"https:\/\/drsedattatar.com\/tr\/estetik-ameliyat-sonrasi-sislik-ve-morluklar-ne-zaman-gecer\/#primaryimage","url":"https:\/\/drsedattatar.com\/tr\/wp-content\/uploads\/2025\/12\/55-Kapak-TR.png","contentUrl":"https:\/\/drsedattatar.com\/tr\/wp-content\/uploads\/2025\/12\/55-Kapak-TR.png","width":1920,"height":1080},{"@type":"BreadcrumbList","@id":"https:\/\/drsedattatar.com\/tr\/estetik-ameliyat-sonrasi-sislik-ve-morluklar-ne-zaman-gecer\/#breadcrumb","itemListElement":[{"@type":"ListItem","position":1,"name":"Anasayfa","item":"https:\/\/drsedattatar.com\/tr\/"},{"@type":"ListItem","position":2,"name":"Estetik Ameliyat Sonras\u0131 \u015ei\u015flik ve Morluklar Ne Zaman Ge\u00e7er?"}]},{"@type":"WebSite","@id":"https:\/\/drsedattatar.com\/tr\/#website","url":"https:\/\/drsedattatar.com\/tr\/","name":"\u0130stanbul Estetik, Plastik ve Rekonstr\u00fcktif Cerrahi - Do\u00e7. Dr. Sedat Tatar","description":"\u0130stanbul Estetik, Plastik ve Rekonstr\u00fcktif Cerrahi alan\u0131nda deneyimli Do\u00e7. Dr. Sedat Tatar ile hayallerinizi ger\u00e7e\u011fe d\u00f6n\u00fc\u015ft\u00fcr\u00fcn ve kendinizi en iyi \u015fekilde hissedin.","publisher":{"@id":"https:\/\/drsedattatar.com\/tr\/#organization"},"potentialAction":[{"@type":"SearchAction","target":{"@type":"EntryPoint","urlTemplate":"https:\/\/drsedattatar.com\/tr\/?s={search_term_string}"},"query-input":{"@type":"PropertyValueSpecification","valueRequired":true,"valueName":"search_term_string"}}],"inLanguage":"tr"},{"@type":"Organization","@id":"https:\/\/drsedattatar.com\/tr\/#organization","name":"\u0130stanbul Estetik, Plastik ve Rekonstr\u00fcktif Cerrahi - Do\u00e7. Dr. Sedat Tatar","url":"https:\/\/drsedattatar.com\/tr\/","logo":{"@type":"ImageObject","inLanguage":"tr","@id":"https:\/\/drsedattatar.com\/tr\/#\/schema\/logo\/image\/","url":"https:\/\/drsedattatar.com\/tr\/wp-content\/uploads\/2023\/06\/cropped-cropped-cropped-dr-sedat-tatar-estetik-plastik-logo.webp","contentUrl":"https:\/\/drsedattatar.com\/tr\/wp-content\/uploads\/2023\/06\/cropped-cropped-cropped-dr-sedat-tatar-estetik-plastik-logo.webp","width":1505,"height":602,"caption":"\u0130stanbul Estetik, Plastik ve Rekonstr\u00fcktif Cerrahi - Do\u00e7. Dr. Sedat Tatar"},"image":{"@id":"https:\/\/drsedattatar.com\/tr\/#\/schema\/logo\/image\/"}},{"@type":"Person","@id":"https:\/\/drsedattatar.com\/tr\/#\/schema\/person\/aa22f82cb49cf6b0e8e4c2fdd472308a","name":"Sedat Tatar","image":{"@type":"ImageObject","inLanguage":"tr","@id":"https:\/\/drsedattatar.com\/tr\/#\/schema\/person\/image\/","url":"https:\/\/secure.gravatar.com\/avatar\/dea798d972982cc67ccc601a56275438ae42ec5d4557bb1f2fb426553e72d1a1?s=96&d=mm&r=g","contentUrl":"https:\/\/secure.gravatar.com\/avatar\/dea798d972982cc67ccc601a56275438ae42ec5d4557bb1f2fb426553e72d1a1?s=96&d=mm&r=g","caption":"Sedat Tatar"},"sameAs":["http:\/\/drsedattatar.com\/tr"],"url":"https:\/\/drsedattatar.com\/tr\/author\/admin\/"}]}},"taxonomy_info":{"category":[{"value":14,"label":"Plastik Cerrahi Blog"}]},"featured_image_src_large":["https:\/\/drsedattatar.com\/tr\/wp-content\/uploads\/2025\/12\/55-Kapak-TR-1024x576.png",1024,576,true],"author_info":{"display_name":"Sedat Tatar","author_link":"https:\/\/drsedattatar.com\/tr\/author\/admin\/"},"comment_info":0,"category_info":[{"term_id":14,"name":"Plastik Cerrahi Blog","slug":"plastik-cerrahi-blog","term_group":0,"term_taxonomy_id":14,"taxonomy":"category","description":"","parent":0,"count":155,"filter":"raw","cat_ID":14,"category_count":155,"category_description":"","cat_name":"Plastik Cerrahi Blog","category_nicename":"plastik-cerrahi-blog","category_parent":0}],"tag_info":false,"_links":{"self":[{"href":"https:\/\/drsedattatar.com\/tr\/wp-json\/wp\/v2\/posts\/3026","targetHints":{"allow":["GET"]}}],"collection":[{"href":"https:\/\/drsedattatar.com\/tr\/wp-json\/wp\/v2\/posts"}],"about":[{"href":"https:\/\/drsedattatar.com\/tr\/wp-json\/wp\/v2\/types\/post"}],"author":[{"embeddable":true,"href":"https:\/\/drsedattatar.com\/tr\/wp-json\/wp\/v2\/users\/1"}],"replies":[{"embeddable":true,"href":"https:\/\/drsedattatar.com\/tr\/wp-json\/wp\/v2\/comments?post=3026"}],"version-history":[{"count":2,"href":"https:\/\/drsedattatar.com\/tr\/wp-json\/wp\/v2\/posts\/3026\/revisions"}],"predecessor-version":[{"id":3029,"href":"https:\/\/drsedattatar.com\/tr\/wp-json\/wp\/v2\/posts\/3026\/revisions\/3029"}],"wp:featuredmedia":[{"embeddable":true,"href":"https:\/\/drsedattatar.com\/tr\/wp-json\/wp\/v2\/media\/3027"}],"wp:attachment":[{"href":"https:\/\/drsedattatar.com\/tr\/wp-json\/wp\/v2\/media?parent=3026"}],"wp:term":[{"taxonomy":"category","embeddable":true,"href":"https:\/\/drsedattatar.com\/tr\/wp-json\/wp\/v2\/categories?post=3026"},{"taxonomy":"post_tag","embeddable":true,"href":"https:\/\/drsedattatar.com\/tr\/wp-json\/wp\/v2\/tags?post=3026"}],"curies":[{"name":"wp","href":"https:\/\/api.w.org\/{rel}","templated":true}]}}