{"id":3034,"date":"2025-12-12T14:11:23","date_gmt":"2025-12-12T14:11:23","guid":{"rendered":"https:\/\/drsedattatar.com\/tr\/?p=3034"},"modified":"2025-12-12T14:11:25","modified_gmt":"2025-12-12T14:11:25","slug":"mini-karin-germe-ile-tummy-tuck-arasindaki-farklar","status":"publish","type":"post","link":"https:\/\/drsedattatar.com\/tr\/mini-karin-germe-ile-tummy-tuck-arasindaki-farklar\/","title":{"rendered":"Mini Kar\u0131n Germe \u0130le Tummy Tuck Aras\u0131ndaki Farklar"},"content":{"rendered":"\n<p>Kar\u0131n b\u00f6lgesi, kilo de\u011fi\u015fimleri, do\u011fumlar ve ya\u015f\u0131n ilerlemesiyle birlikte en \u00e7ok deformasyona u\u011frayan b\u00f6lgelerden biridir. Deri sarkmas\u0131, kar\u0131n kaslar\u0131n\u0131n gev\u015femesi ve fazla ya\u011f birikimi hem estetik a\u00e7\u0131dan hem de ki\u015finin \u00f6zg\u00fcveninde olumsuz etkilere yol a\u00e7abilir. Bu sorunlara \u00e7\u00f6z\u00fcm i\u00e7in en s\u0131k ba\u015fvurulan y\u00f6ntemler ise kar\u0131n germe ameliyatlar\u0131d\u0131r.<\/p>\n\n\n\n<p>Kar\u0131n germe operasyonlar\u0131 kendi i\u00e7inde farkl\u0131 tekniklere ayr\u0131l\u0131r. Bunlardan en s\u0131k uygulanan iki y\u00f6ntem, mini kar\u0131n germe ve tam kar\u0131n germe (tummy tuck) ameliyatlar\u0131d\u0131r. Peki bu iki i\u015flem aras\u0131ndaki temel farklar nelerdir, kimlere uygulan\u0131r ve hangi sonu\u00e7lar elde edilir? \u0130\u015fte detayl\u0131 bir kar\u015f\u0131la\u015ft\u0131rma.<\/p>\n\n\n\n<h2 class=\"wp-block-heading\"><a><\/a><strong>Kar\u0131n Germe Ameliyat\u0131 Nedir?<\/strong><\/h2>\n\n\n\n<p>Kar\u0131n germe ameliyat\u0131, fazla deri ve ya\u011f dokusunun \u00e7\u0131kar\u0131ld\u0131\u011f\u0131, kar\u0131n kaslar\u0131n\u0131n onar\u0131ld\u0131\u011f\u0131 ve kar\u0131n b\u00f6lgesinin daha d\u00fcz ve s\u0131k\u0131 bir forma kavu\u015fturuldu\u011fu cerrahi i\u015flemdir.<\/p>\n\n\n\n<ul class=\"wp-block-list\">\n<li><strong>Tummy tuck (tam kar\u0131n germe):<\/strong> Daha kapsaml\u0131 bir ameliyatt\u0131r, kar\u0131n b\u00f6lgesinin b\u00fcy\u00fck k\u0131sm\u0131na m\u00fcdahale edilir.<\/li>\n\n\n\n<li><strong>Mini kar\u0131n germe:<\/strong> Daha s\u0131n\u0131rl\u0131 bir i\u015flemdir, yaln\u0131zca alt kar\u0131n b\u00f6lgesine uygulan\u0131r.<br><br><\/li>\n<\/ul>\n\n\n\n<p>Ameliyat se\u00e7imi, hastan\u0131n kar\u0131n yap\u0131s\u0131na, deri sark\u0131kl\u0131\u011f\u0131n\u0131n miktar\u0131na ve beklentilerine g\u00f6re yap\u0131l\u0131r.<\/p>\n\n\n\n<h2 class=\"wp-block-heading\"><a><\/a><strong>Mini Kar\u0131n Germe Nedir?<\/strong><\/h2>\n\n\n\n<p>Mini kar\u0131n germe, \u00f6zellikle g\u00f6bek deli\u011finin alt\u0131ndaki b\u00f6lgede sarkma ve fazlal\u0131k bulunan ki\u015filer i\u00e7in tercih edilen daha k\u00fc\u00e7\u00fck \u00e7apl\u0131 bir i\u015flemdir.<\/p>\n\n\n\n<ul class=\"wp-block-list\">\n<li>K\u00fc\u00e7\u00fck bir kesiyle yap\u0131l\u0131r,<\/li>\n\n\n\n<li>G\u00f6bek deli\u011fine dokunulmaz,<\/li>\n\n\n\n<li>Kar\u0131n kaslar\u0131 genellikle minimal d\u00fczeyde s\u0131k\u0131la\u015ft\u0131r\u0131l\u0131r,<\/li>\n\n\n\n<li>\u0130yile\u015fme s\u00fcreci tam kar\u0131n germeye g\u00f6re daha h\u0131zl\u0131d\u0131r.<\/li>\n<\/ul>\n\n\n\n<p><strong>Kimler i\u00e7in uygundur?<\/strong><\/p>\n\n\n\n<ul class=\"wp-block-list\">\n<li>Do\u011fum sonras\u0131 sadece alt kar\u0131nda sarkma ya\u015fayanlar,<\/li>\n\n\n\n<li>Kilo kayb\u0131 sonras\u0131 g\u00f6bek alt\u0131 b\u00f6lgesinde gev\u015feklik olanlar,<\/li>\n\n\n\n<li>Genel kar\u0131n yap\u0131s\u0131 iyi olup sadece b\u00f6lgesel toparlamaya ihtiyac\u0131 olanlar.<\/li>\n<\/ul>\n\n\n\n<h2 class=\"wp-block-heading\"><a><\/a><strong>Tummy Tuck (Tam Kar\u0131n Germe) Nedir?<\/strong><\/h2>\n\n\n\n<p>Tam kar\u0131n germe, kar\u0131n b\u00f6lgesinde daha geni\u015f bir alana m\u00fcdahale edilen ve daha kapsaml\u0131 sonu\u00e7lar sa\u011flayan bir operasyondur.<\/p>\n\n\n\n<ul class=\"wp-block-list\">\n<li>G\u00f6bek deli\u011fi yeniden \u015fekillendirilir,<\/li>\n\n\n\n<li>Kar\u0131n kaslar\u0131 orta hatta birle\u015ftirilerek s\u0131k\u0131la\u015ft\u0131r\u0131l\u0131r,<\/li>\n\n\n\n<li>Fazla deri ve ya\u011f dokusu al\u0131n\u0131r,<\/li>\n\n\n\n<li>Bel hatt\u0131 ve kar\u0131n duvar\u0131 yeniden \u015fekillendirilir.<\/li>\n<\/ul>\n\n\n\n<p><strong>Kimler i\u00e7in uygundur?<\/strong><\/p>\n\n\n\n<ul class=\"wp-block-list\">\n<li>Gebelik sonras\u0131 kar\u0131n kaslar\u0131 ayr\u0131\u015fm\u0131\u015f ve ciddi sarkma ya\u015fayanlar,<\/li>\n\n\n\n<li>Kilo kayb\u0131 sonras\u0131 t\u00fcm kar\u0131n b\u00f6lgesinde gev\u015feklik olanlar,<\/li>\n\n\n\n<li>Hem \u00fcst hem alt kar\u0131nda fazla deri ve ya\u011f dokusu bulunanlar.<\/li>\n<\/ul>\n\n\n\n<h2 class=\"wp-block-heading\"><a><\/a><strong>Mini Kar\u0131n Germe ve Tummy Tuck Aras\u0131ndaki Farklar<\/strong><\/h2>\n\n\n\n<p>A\u015fa\u011f\u0131daki ba\u015fl\u0131klar iki operasyonun temel farkl\u0131l\u0131klar\u0131n\u0131 ortaya koyar:<\/p>\n\n\n\n<h3 class=\"wp-block-heading\"><a><\/a><strong>1. M\u00fcdahale Alan\u0131<\/strong><\/h3>\n\n\n\n<ul class=\"wp-block-list\">\n<li><strong>Mini kar\u0131n germe:<\/strong> Sadece g\u00f6bek alt\u0131 b\u00f6lgesine uygulan\u0131r.<\/li>\n\n\n\n<li><strong>Tam kar\u0131n germe:<\/strong> Hem g\u00f6bek alt\u0131 hem g\u00f6bek \u00fcst\u00fc b\u00f6lgeye uygulan\u0131r.<\/li>\n<\/ul>\n\n\n\n<h3 class=\"wp-block-heading\"><a><\/a><strong>2. G\u00f6bek Deli\u011fi<\/strong><\/h3>\n\n\n\n<ul class=\"wp-block-list\">\n<li><strong>Mini kar\u0131n germe:<\/strong> G\u00f6bek deli\u011fine dokunulmaz.<\/li>\n\n\n\n<li><strong>Tam kar\u0131n germe:<\/strong> G\u00f6bek deli\u011fi yeniden konumland\u0131r\u0131l\u0131r.<\/li>\n<\/ul>\n\n\n\n<h3 class=\"wp-block-heading\"><a><\/a><strong>3. Kas Onar\u0131m\u0131<\/strong><\/h3>\n\n\n\n<ul class=\"wp-block-list\">\n<li><strong>Mini kar\u0131n germe:<\/strong> Kas onar\u0131m\u0131 minimaldir veya gerekmez.<\/li>\n\n\n\n<li><strong>Tam kar\u0131n germe:<\/strong> Kar\u0131n kaslar\u0131 orta hatta birle\u015ftirilir (diastasis recti onar\u0131m\u0131).<\/li>\n<\/ul>\n\n\n\n<h3 class=\"wp-block-heading\"><a><\/a><strong>4. \u0130zler<\/strong><\/h3>\n\n\n\n<ul class=\"wp-block-list\">\n<li><strong>Mini kar\u0131n germe:<\/strong> Daha k\u0131sa ve ince bir iz b\u0131rak\u0131r.<\/li>\n\n\n\n<li><strong>Tam kar\u0131n germe:<\/strong> Daha uzun bir kesi gerekir, ancak iz bikini b\u00f6lgesinde kal\u0131r.<\/li>\n<\/ul>\n\n\n\n<h3 class=\"wp-block-heading\"><a><\/a><strong>5. \u0130yile\u015fme S\u00fcreci<\/strong><\/h3>\n\n\n\n<ul class=\"wp-block-list\">\n<li><strong>Mini kar\u0131n germe:<\/strong> 1\u20132 hafta i\u00e7inde g\u00fcnl\u00fck ya\u015fama d\u00f6n\u00fclebilir.<\/li>\n\n\n\n<li><strong>Tam kar\u0131n germe:<\/strong> 3\u20134 hafta i\u00e7inde g\u00fcnl\u00fck ya\u015fama d\u00f6n\u00fc\u015f m\u00fcmk\u00fcnd\u00fcr.<\/li>\n<\/ul>\n\n\n\n<h3 class=\"wp-block-heading\"><a><\/a><strong>6. Sonu\u00e7lar<\/strong><\/h3>\n\n\n\n<ul class=\"wp-block-list\">\n<li><strong>Mini kar\u0131n germe:<\/strong> Daha s\u0131n\u0131rl\u0131 bir s\u0131k\u0131la\u015fma sa\u011flar.<\/li>\n\n\n\n<li><strong>Tam kar\u0131n germe:<\/strong> Daha dramatik ve kapsaml\u0131 sonu\u00e7 verir.<\/li>\n<\/ul>\n\n\n\n<h2 class=\"wp-block-heading\"><a><\/a><strong>Hangi Ameliyat Sizin \u0130\u00e7in Daha Uygun?<\/strong><\/h2>\n\n\n\n<p>Ameliyat se\u00e7imi ki\u015fiye \u00f6zeldir.<\/p>\n\n\n\n<ul class=\"wp-block-list\">\n<li>Sadece g\u00f6bek alt\u0131 b\u00f6lgesinde k\u00fc\u00e7\u00fck sarkma varsa <strong>mini kar\u0131n germe<\/strong>,<\/li>\n\n\n\n<li>Hem g\u00f6bek \u00fcst\u00fc hem alt\u0131 b\u00f6lgede sarkma ve kas ayr\u0131\u015fmas\u0131 varsa <strong>tam kar\u0131n germe<\/strong> \u00f6nerilir.<\/li>\n<\/ul>\n\n\n\n<p>Plastik cerrah\u0131n\u0131z, muayene s\u0131ras\u0131nda cilt yap\u0131n\u0131z\u0131, ya\u011f da\u011f\u0131l\u0131m\u0131n\u0131z\u0131 ve kas durumunuzu de\u011ferlendirerek en uygun y\u00f6ntemi belirleyecektir.<\/p>\n\n\n\n<h2 class=\"wp-block-heading\"><a><\/a><strong>Mini Kar\u0131n Germe ve Tummy Tuck Sonras\u0131 \u0130yile\u015fme<\/strong><\/h2>\n\n\n\n<p>Her iki ameliyat sonras\u0131 da iyile\u015fme s\u00fcrecinde dikkat edilmesi gereken noktalar vard\u0131r:<\/p>\n\n\n\n<ul class=\"wp-block-list\">\n<li>\u0130lk g\u00fcnlerde \u015fi\u015flik ve morluklar normaldir,<\/li>\n\n\n\n<li>Korse kullan\u0131m\u0131 \u00f6demi azalt\u0131r ve \u015fekillenmeyi destekler,<\/li>\n\n\n\n<li>A\u011f\u0131r spordan 4\u20136 hafta uzak durulmal\u0131d\u0131r,<\/li>\n\n\n\n<li>D\u00fczenli kontroller aksat\u0131lmamal\u0131d\u0131r.<\/li>\n<\/ul>\n\n\n\n<p>Mini kar\u0131n germe sonras\u0131 iyile\u015fme daha h\u0131zl\u0131 ve konforluyken, tam kar\u0131n germe sonras\u0131 s\u00fcre\u00e7 daha uzun ama sonu\u00e7 daha kapsaml\u0131d\u0131r.<\/p>\n\n\n\n<h2 class=\"wp-block-heading\"><a><\/a><a><\/a><strong>Mini Kar\u0131n Germe mi, Tummy Tuck m\u0131? Karar\u0131 Do\u011fru Vermek<\/strong><\/h2>\n\n\n\n<p>Mini kar\u0131n germe ve tam kar\u0131n germe (tummy tuck), farkl\u0131 ihtiya\u00e7lara y\u00f6nelik iki cerrahi se\u00e7enektir. Mini kar\u0131n germe daha k\u00fc\u00e7\u00fck deformasyonlarda h\u0131zl\u0131 ve konforlu bir \u00e7\u00f6z\u00fcm sunarken, tam kar\u0131n germe daha kapsaml\u0131 sorunlar\u0131 ortadan kald\u0131rarak dramatik sonu\u00e7lar sa\u011flar.<\/p>\n\n\n\n<p>Ameliyat se\u00e7imi ki\u015fisel ihtiya\u00e7lara, beklentilere ve cerrah\u0131n \u00f6nerilerine g\u00f6re yap\u0131lmal\u0131d\u0131r. Do\u011fru planlama ve deneyimli bir cerrah ile kar\u0131n esteti\u011finde kal\u0131c\u0131 ve tatmin edici sonu\u00e7lar elde etmek m\u00fcmk\u00fcnd\u00fcr.<\/p>\n\n\n\n<p><strong>Hekim Bilgisi<\/strong><\/p>\n\n\n\n<p><strong>Do\u00e7. Dr. Sedat Tatar<\/strong>, iki ayr\u0131 uluslararas\u0131 kurul taraf\u0131ndan sertifikaland\u0131r\u0131lm\u0131\u015f (Double Board Certified) Plastik, Rekonstr\u00fcktif ve Estetik Cerrahi uzman\u0131d\u0131r. <strong>American College of Surgeons Fellow (FACS)<\/strong> ve <strong>European Board of Plastic, Reconstructive and Aesthetic Surgery Fellow (FEBOPRAS)<\/strong> unvanlar\u0131na sahiptir.<\/p>\n\n\n\n<p>Uluslararas\u0131 profesyonel \u00fcyelikleri aras\u0131nda <strong>ISAPS (International Society of Aesthetic Plastic Surgery)<\/strong> ve <strong>ASPS (American Society of Plastic Surgeons)<\/strong> bulunmaktad\u0131r.<\/p>\n\n\n\n<p>Klini\u011fi \u0130stanbul\u2019da <strong>T\u00fcrkiye Sa\u011fl\u0131k Bakanl\u0131\u011f\u0131 taraf\u0131ndan Sa\u011fl\u0131k Turizmi Merkezi olarak yetkilidir<\/strong> ve \u015firketi <strong>Birle\u015fik Krall\u0131k &amp; Galler&#8217;e kay\u0131tl\u0131d\u0131r.<\/strong><\/p>\n\n\n\n<p><strong>\u0130LET\u0130\u015e\u0130M B\u0130LG\u0130LER\u0130<\/strong><\/p>\n\n\n\n<p><strong>Do\u00e7. Dr. Sedar Tatar Klini\u011fi<\/strong><\/p>\n\n\n\n<p><strong>Telefon No :&nbsp;<\/strong><a href=\"tel:+90%20(555)%20100%2010%2083\">+90 (555) 100 10 83<\/a><br><strong>\u0130leti\u015fim Linki :&nbsp;<\/strong><a href=\"mailto:info@drsedattatar.com\">info@drsedattatar.com<\/a><br><strong>Adres :&nbsp;<\/strong>Levent Mahallesi, Karanfil Aral\u0131\u011f\u0131 Caddesi No: 18 Be\u015fikta\u015f\/\u0130STANBUL<\/p>\n\n\n<div class=\"kk-star-ratings kksr-auto kksr-align-center kksr-valign-bottom\"\n    data-payload='{&quot;align&quot;:&quot;center&quot;,&quot;id&quot;:&quot;3034&quot;,&quot;slug&quot;:&quot;default&quot;,&quot;valign&quot;:&quot;bottom&quot;,&quot;ignore&quot;:&quot;&quot;,&quot;reference&quot;:&quot;auto&quot;,&quot;class&quot;:&quot;&quot;,&quot;count&quot;:&quot;0&quot;,&quot;legendonly&quot;:&quot;&quot;,&quot;readonly&quot;:&quot;&quot;,&quot;score&quot;:&quot;0&quot;,&quot;starsonly&quot;:&quot;&quot;,&quot;best&quot;:&quot;5&quot;,&quot;gap&quot;:&quot;5&quot;,&quot;greet&quot;:&quot;\u0130\u00e7eri\u011fimizi Oylay\u0131n!&quot;,&quot;legend&quot;:&quot;0\\\/5 - (0 oy verildi!)&quot;,&quot;size&quot;:&quot;24&quot;,&quot;title&quot;:&quot;Mini Kar\u0131n Germe \u0130le Tummy Tuck Aras\u0131ndaki Farklar&quot;,&quot;width&quot;:&quot;0&quot;,&quot;_legend&quot;:&quot;{score}\\\/{best} - ({count} oy verildi!)&quot;,&quot;font_factor&quot;:&quot;1.25&quot;}'>\n            \n<div class=\"kksr-stars\">\n    \n<div class=\"kksr-stars-inactive\">\n            <div class=\"kksr-star\" data-star=\"1\" style=\"padding-right: 5px\">\n            \n\n<div class=\"kksr-icon\" style=\"width: 24px; height: 24px;\"><\/div>\n        <\/div>\n            <div class=\"kksr-star\" data-star=\"2\" style=\"padding-right: 5px\">\n            \n\n<div class=\"kksr-icon\" style=\"width: 24px; height: 24px;\"><\/div>\n        <\/div>\n            <div class=\"kksr-star\" data-star=\"3\" style=\"padding-right: 5px\">\n            \n\n<div class=\"kksr-icon\" style=\"width: 24px; height: 24px;\"><\/div>\n        <\/div>\n            <div class=\"kksr-star\" data-star=\"4\" style=\"padding-right: 5px\">\n            \n\n<div class=\"kksr-icon\" style=\"width: 24px; height: 24px;\"><\/div>\n        <\/div>\n            <div class=\"kksr-star\" data-star=\"5\" style=\"padding-right: 5px\">\n            \n\n<div class=\"kksr-icon\" style=\"width: 24px; height: 24px;\"><\/div>\n        <\/div>\n    <\/div>\n    \n<div class=\"kksr-stars-active\" style=\"width: 0px;\">\n            <div class=\"kksr-star\" style=\"padding-right: 5px\">\n            \n\n<div class=\"kksr-icon\" style=\"width: 24px; height: 24px;\"><\/div>\n        <\/div>\n            <div class=\"kksr-star\" style=\"padding-right: 5px\">\n            \n\n<div class=\"kksr-icon\" style=\"width: 24px; height: 24px;\"><\/div>\n        <\/div>\n            <div class=\"kksr-star\" style=\"padding-right: 5px\">\n            \n\n<div class=\"kksr-icon\" style=\"width: 24px; height: 24px;\"><\/div>\n        <\/div>\n            <div class=\"kksr-star\" style=\"padding-right: 5px\">\n            \n\n<div class=\"kksr-icon\" style=\"width: 24px; height: 24px;\"><\/div>\n        <\/div>\n            <div class=\"kksr-star\" style=\"padding-right: 5px\">\n            \n\n<div class=\"kksr-icon\" style=\"width: 24px; height: 24px;\"><\/div>\n        <\/div>\n    <\/div>\n<\/div>\n                \n\n<div class=\"kksr-legend\" style=\"font-size: 19.2px;\">\n            <span class=\"kksr-muted\">\u0130\u00e7eri\u011fimizi Oylay\u0131n!<\/span>\n    <\/div>\n    <\/div>\n","protected":false},"excerpt":{"rendered":"<p>Kar\u0131n b\u00f6lgesi, kilo de\u011fi\u015fimleri, do\u011fumlar ve ya\u015f\u0131n ilerlemesiyle birlikte en \u00e7ok deformasyona u\u011frayan b\u00f6lgelerden biridir. Deri sarkmas\u0131, kar\u0131n kaslar\u0131n\u0131n gev\u015femesi ve fazla ya\u011f birikimi hem estetik a\u00e7\u0131dan hem de ki\u015finin \u00f6zg\u00fcveninde olumsuz etkilere yol a\u00e7abilir. Bu sorunlara \u00e7\u00f6z\u00fcm i\u00e7in en s\u0131k ba\u015fvurulan y\u00f6ntemler ise kar\u0131n germe ameliyatlar\u0131d\u0131r.<\/p>\n<p>Kar\u0131n germe operasyonlar\u0131 kendi i\u00e7inde farkl\u0131 tekniklere ayr\u0131l\u0131r. Bunlardan en s\u0131k uygulanan iki y\u00f6ntem, mini kar\u0131n germe ve tam kar\u0131n germe (tummy tuck) ameliyatlar\u0131d\u0131r. Peki bu iki i\u015flem aras\u0131ndaki temel farklar nelerdir, kimlere uygulan\u0131r ve hangi sonu\u00e7lar elde edilir? \u0130\u015fte detayl\u0131 bir kar\u015f\u0131la\u015ft\u0131rma.<\/p>\n","protected":false},"author":1,"featured_media":3036,"comment_status":"closed","ping_status":"open","sticky":false,"template":"","format":"standard","meta":{"_kad_blocks_custom_css":"","_kad_blocks_head_custom_js":"","_kad_blocks_body_custom_js":"","_kad_blocks_footer_custom_js":"","_kadence_starter_templates_imported_post":false,"_kad_post_transparent":"","_kad_post_title":"","_kad_post_layout":"","_kad_post_sidebar_id":"","_kad_post_content_style":"","_kad_post_vertical_padding":"","_kad_post_feature":"","_kad_post_feature_position":"","_kad_post_header":false,"_kad_post_footer":false,"footnotes":""},"categories":[14],"tags":[],"class_list":["post-3034","post","type-post","status-publish","format-standard","has-post-thumbnail","hentry","category-plastik-cerrahi-blog"],"yoast_head":"<!-- This site is optimized with the Yoast SEO plugin v25.9 - https:\/\/yoast.com\/wordpress\/plugins\/seo\/ -->\n<title>Mini Kar\u0131n Germe \u0130le Tummy Tuck Aras\u0131ndaki Farklar - \u0130stanbul Estetik, Plastik ve Rekonstr\u00fcktif Cerrahi - Do\u00e7. Dr. Sedat Tatar<\/title>\n<meta name=\"description\" content=\"Mini kar\u0131n germe ile tummy tuck aras\u0131ndaki farklar nelerdir? M\u00fcdahale alan\u0131, iyile\u015fme s\u00fcresi ve sonu\u00e7lar a\u00e7\u0131s\u0131ndan detayl\u0131 kar\u015f\u0131la\u015ft\u0131rma.\" \/>\n<meta name=\"robots\" content=\"index, follow, max-snippet:-1, max-image-preview:large, max-video-preview:-1\" \/>\n<link rel=\"canonical\" href=\"https:\/\/drsedattatar.com\/tr\/mini-karin-germe-ile-tummy-tuck-arasindaki-farklar\/\" \/>\n<meta property=\"og:locale\" content=\"tr_TR\" \/>\n<meta property=\"og:type\" content=\"article\" \/>\n<meta property=\"og:title\" content=\"Mini Kar\u0131n Germe \u0130le Tummy Tuck Aras\u0131ndaki Farklar - \u0130stanbul Estetik, Plastik ve Rekonstr\u00fcktif Cerrahi - Do\u00e7. Dr. Sedat Tatar\" \/>\n<meta property=\"og:description\" content=\"Mini kar\u0131n germe ile tummy tuck aras\u0131ndaki farklar nelerdir? M\u00fcdahale alan\u0131, iyile\u015fme s\u00fcresi ve sonu\u00e7lar a\u00e7\u0131s\u0131ndan detayl\u0131 kar\u015f\u0131la\u015ft\u0131rma.\" \/>\n<meta property=\"og:url\" content=\"https:\/\/drsedattatar.com\/tr\/mini-karin-germe-ile-tummy-tuck-arasindaki-farklar\/\" \/>\n<meta property=\"og:site_name\" content=\"\u0130stanbul Estetik, Plastik ve Rekonstr\u00fcktif Cerrahi - Do\u00e7. Dr. Sedat Tatar\" \/>\n<meta property=\"article:published_time\" content=\"2025-12-12T14:11:23+00:00\" \/>\n<meta property=\"article:modified_time\" content=\"2025-12-12T14:11:25+00:00\" \/>\n<meta property=\"og:image\" content=\"https:\/\/drsedattatar.com\/tr\/wp-content\/uploads\/2025\/12\/57-Kapak-TR-1024x576.png\" \/>\n\t<meta property=\"og:image:width\" content=\"1024\" \/>\n\t<meta property=\"og:image:height\" content=\"576\" \/>\n\t<meta property=\"og:image:type\" content=\"image\/png\" \/>\n<meta name=\"author\" content=\"Sedat Tatar\" \/>\n<meta name=\"twitter:card\" content=\"summary_large_image\" \/>\n<meta name=\"twitter:label1\" content=\"Yazan:\" \/>\n\t<meta name=\"twitter:data1\" content=\"Sedat Tatar\" \/>\n\t<meta name=\"twitter:label2\" content=\"Tahmini okuma s\u00fcresi\" \/>\n\t<meta name=\"twitter:data2\" content=\"5 dakika\" \/>\n<script type=\"application\/ld+json\" class=\"yoast-schema-graph\">{\"@context\":\"https:\/\/schema.org\",\"@graph\":[{\"@type\":\"Article\",\"@id\":\"https:\/\/drsedattatar.com\/tr\/mini-karin-germe-ile-tummy-tuck-arasindaki-farklar\/#article\",\"isPartOf\":{\"@id\":\"https:\/\/drsedattatar.com\/tr\/mini-karin-germe-ile-tummy-tuck-arasindaki-farklar\/\"},\"author\":{\"name\":\"Sedat Tatar\",\"@id\":\"https:\/\/drsedattatar.com\/tr\/#\/schema\/person\/aa22f82cb49cf6b0e8e4c2fdd472308a\"},\"headline\":\"Mini Kar\u0131n Germe \u0130le Tummy Tuck Aras\u0131ndaki Farklar\",\"datePublished\":\"2025-12-12T14:11:23+00:00\",\"dateModified\":\"2025-12-12T14:11:25+00:00\",\"mainEntityOfPage\":{\"@id\":\"https:\/\/drsedattatar.com\/tr\/mini-karin-germe-ile-tummy-tuck-arasindaki-farklar\/\"},\"wordCount\":1072,\"publisher\":{\"@id\":\"https:\/\/drsedattatar.com\/tr\/#organization\"},\"image\":{\"@id\":\"https:\/\/drsedattatar.com\/tr\/mini-karin-germe-ile-tummy-tuck-arasindaki-farklar\/#primaryimage\"},\"thumbnailUrl\":\"https:\/\/drsedattatar.com\/tr\/wp-content\/uploads\/2025\/12\/57-Kapak-TR.png\",\"articleSection\":[\"Plastik Cerrahi Blog\"],\"inLanguage\":\"tr\"},{\"@type\":\"WebPage\",\"@id\":\"https:\/\/drsedattatar.com\/tr\/mini-karin-germe-ile-tummy-tuck-arasindaki-farklar\/\",\"url\":\"https:\/\/drsedattatar.com\/tr\/mini-karin-germe-ile-tummy-tuck-arasindaki-farklar\/\",\"name\":\"Mini Kar\u0131n Germe \u0130le Tummy Tuck Aras\u0131ndaki Farklar - \u0130stanbul Estetik, Plastik ve Rekonstr\u00fcktif Cerrahi - Do\u00e7. Dr. Sedat Tatar\",\"isPartOf\":{\"@id\":\"https:\/\/drsedattatar.com\/tr\/#website\"},\"primaryImageOfPage\":{\"@id\":\"https:\/\/drsedattatar.com\/tr\/mini-karin-germe-ile-tummy-tuck-arasindaki-farklar\/#primaryimage\"},\"image\":{\"@id\":\"https:\/\/drsedattatar.com\/tr\/mini-karin-germe-ile-tummy-tuck-arasindaki-farklar\/#primaryimage\"},\"thumbnailUrl\":\"https:\/\/drsedattatar.com\/tr\/wp-content\/uploads\/2025\/12\/57-Kapak-TR.png\",\"datePublished\":\"2025-12-12T14:11:23+00:00\",\"dateModified\":\"2025-12-12T14:11:25+00:00\",\"description\":\"Mini kar\u0131n germe ile tummy tuck aras\u0131ndaki farklar nelerdir? M\u00fcdahale alan\u0131, iyile\u015fme s\u00fcresi ve sonu\u00e7lar a\u00e7\u0131s\u0131ndan detayl\u0131 kar\u015f\u0131la\u015ft\u0131rma.\",\"breadcrumb\":{\"@id\":\"https:\/\/drsedattatar.com\/tr\/mini-karin-germe-ile-tummy-tuck-arasindaki-farklar\/#breadcrumb\"},\"inLanguage\":\"tr\",\"potentialAction\":[{\"@type\":\"ReadAction\",\"target\":[\"https:\/\/drsedattatar.com\/tr\/mini-karin-germe-ile-tummy-tuck-arasindaki-farklar\/\"]}]},{\"@type\":\"ImageObject\",\"inLanguage\":\"tr\",\"@id\":\"https:\/\/drsedattatar.com\/tr\/mini-karin-germe-ile-tummy-tuck-arasindaki-farklar\/#primaryimage\",\"url\":\"https:\/\/drsedattatar.com\/tr\/wp-content\/uploads\/2025\/12\/57-Kapak-TR.png\",\"contentUrl\":\"https:\/\/drsedattatar.com\/tr\/wp-content\/uploads\/2025\/12\/57-Kapak-TR.png\",\"width\":1920,\"height\":1080},{\"@type\":\"BreadcrumbList\",\"@id\":\"https:\/\/drsedattatar.com\/tr\/mini-karin-germe-ile-tummy-tuck-arasindaki-farklar\/#breadcrumb\",\"itemListElement\":[{\"@type\":\"ListItem\",\"position\":1,\"name\":\"Anasayfa\",\"item\":\"https:\/\/drsedattatar.com\/tr\/\"},{\"@type\":\"ListItem\",\"position\":2,\"name\":\"Mini Kar\u0131n Germe \u0130le Tummy Tuck Aras\u0131ndaki Farklar\"}]},{\"@type\":\"WebSite\",\"@id\":\"https:\/\/drsedattatar.com\/tr\/#website\",\"url\":\"https:\/\/drsedattatar.com\/tr\/\",\"name\":\"\u0130stanbul Estetik, Plastik ve Rekonstr\u00fcktif Cerrahi - Do\u00e7. Dr. Sedat Tatar\",\"description\":\"\u0130stanbul Estetik, Plastik ve Rekonstr\u00fcktif Cerrahi alan\u0131nda deneyimli Do\u00e7. Dr. Sedat Tatar ile hayallerinizi ger\u00e7e\u011fe d\u00f6n\u00fc\u015ft\u00fcr\u00fcn ve kendinizi en iyi \u015fekilde hissedin.\",\"publisher\":{\"@id\":\"https:\/\/drsedattatar.com\/tr\/#organization\"},\"potentialAction\":[{\"@type\":\"SearchAction\",\"target\":{\"@type\":\"EntryPoint\",\"urlTemplate\":\"https:\/\/drsedattatar.com\/tr\/?s={search_term_string}\"},\"query-input\":{\"@type\":\"PropertyValueSpecification\",\"valueRequired\":true,\"valueName\":\"search_term_string\"}}],\"inLanguage\":\"tr\"},{\"@type\":\"Organization\",\"@id\":\"https:\/\/drsedattatar.com\/tr\/#organization\",\"name\":\"\u0130stanbul Estetik, Plastik ve Rekonstr\u00fcktif Cerrahi - Do\u00e7. Dr. Sedat Tatar\",\"url\":\"https:\/\/drsedattatar.com\/tr\/\",\"logo\":{\"@type\":\"ImageObject\",\"inLanguage\":\"tr\",\"@id\":\"https:\/\/drsedattatar.com\/tr\/#\/schema\/logo\/image\/\",\"url\":\"https:\/\/drsedattatar.com\/tr\/wp-content\/uploads\/2023\/06\/cropped-cropped-cropped-dr-sedat-tatar-estetik-plastik-logo.webp\",\"contentUrl\":\"https:\/\/drsedattatar.com\/tr\/wp-content\/uploads\/2023\/06\/cropped-cropped-cropped-dr-sedat-tatar-estetik-plastik-logo.webp\",\"width\":1505,\"height\":602,\"caption\":\"\u0130stanbul Estetik, Plastik ve Rekonstr\u00fcktif Cerrahi - Do\u00e7. Dr. Sedat Tatar\"},\"image\":{\"@id\":\"https:\/\/drsedattatar.com\/tr\/#\/schema\/logo\/image\/\"}},{\"@type\":\"Person\",\"@id\":\"https:\/\/drsedattatar.com\/tr\/#\/schema\/person\/aa22f82cb49cf6b0e8e4c2fdd472308a\",\"name\":\"Sedat Tatar\",\"image\":{\"@type\":\"ImageObject\",\"inLanguage\":\"tr\",\"@id\":\"https:\/\/drsedattatar.com\/tr\/#\/schema\/person\/image\/\",\"url\":\"https:\/\/secure.gravatar.com\/avatar\/dea798d972982cc67ccc601a56275438ae42ec5d4557bb1f2fb426553e72d1a1?s=96&d=mm&r=g\",\"contentUrl\":\"https:\/\/secure.gravatar.com\/avatar\/dea798d972982cc67ccc601a56275438ae42ec5d4557bb1f2fb426553e72d1a1?s=96&d=mm&r=g\",\"caption\":\"Sedat Tatar\"},\"sameAs\":[\"http:\/\/drsedattatar.com\/tr\"],\"url\":\"https:\/\/drsedattatar.com\/tr\/author\/admin\/\"}]}<\/script>\n<!-- \/ Yoast SEO plugin. -->","yoast_head_json":{"title":"Mini Kar\u0131n Germe \u0130le Tummy Tuck Aras\u0131ndaki Farklar - \u0130stanbul Estetik, Plastik ve Rekonstr\u00fcktif Cerrahi - Do\u00e7. Dr. Sedat Tatar","description":"Mini kar\u0131n germe ile tummy tuck aras\u0131ndaki farklar nelerdir? M\u00fcdahale alan\u0131, iyile\u015fme s\u00fcresi ve sonu\u00e7lar a\u00e7\u0131s\u0131ndan detayl\u0131 kar\u015f\u0131la\u015ft\u0131rma.","robots":{"index":"index","follow":"follow","max-snippet":"max-snippet:-1","max-image-preview":"max-image-preview:large","max-video-preview":"max-video-preview:-1"},"canonical":"https:\/\/drsedattatar.com\/tr\/mini-karin-germe-ile-tummy-tuck-arasindaki-farklar\/","og_locale":"tr_TR","og_type":"article","og_title":"Mini Kar\u0131n Germe \u0130le Tummy Tuck Aras\u0131ndaki Farklar - \u0130stanbul Estetik, Plastik ve Rekonstr\u00fcktif Cerrahi - Do\u00e7. Dr. Sedat Tatar","og_description":"Mini kar\u0131n germe ile tummy tuck aras\u0131ndaki farklar nelerdir? M\u00fcdahale alan\u0131, iyile\u015fme s\u00fcresi ve sonu\u00e7lar a\u00e7\u0131s\u0131ndan detayl\u0131 kar\u015f\u0131la\u015ft\u0131rma.","og_url":"https:\/\/drsedattatar.com\/tr\/mini-karin-germe-ile-tummy-tuck-arasindaki-farklar\/","og_site_name":"\u0130stanbul Estetik, Plastik ve Rekonstr\u00fcktif Cerrahi - Do\u00e7. Dr. Sedat Tatar","article_published_time":"2025-12-12T14:11:23+00:00","article_modified_time":"2025-12-12T14:11:25+00:00","og_image":[{"width":1024,"height":576,"url":"https:\/\/drsedattatar.com\/tr\/wp-content\/uploads\/2025\/12\/57-Kapak-TR-1024x576.png","type":"image\/png"}],"author":"Sedat Tatar","twitter_card":"summary_large_image","twitter_misc":{"Yazan:":"Sedat Tatar","Tahmini okuma s\u00fcresi":"5 dakika"},"schema":{"@context":"https:\/\/schema.org","@graph":[{"@type":"Article","@id":"https:\/\/drsedattatar.com\/tr\/mini-karin-germe-ile-tummy-tuck-arasindaki-farklar\/#article","isPartOf":{"@id":"https:\/\/drsedattatar.com\/tr\/mini-karin-germe-ile-tummy-tuck-arasindaki-farklar\/"},"author":{"name":"Sedat Tatar","@id":"https:\/\/drsedattatar.com\/tr\/#\/schema\/person\/aa22f82cb49cf6b0e8e4c2fdd472308a"},"headline":"Mini Kar\u0131n Germe \u0130le Tummy Tuck Aras\u0131ndaki Farklar","datePublished":"2025-12-12T14:11:23+00:00","dateModified":"2025-12-12T14:11:25+00:00","mainEntityOfPage":{"@id":"https:\/\/drsedattatar.com\/tr\/mini-karin-germe-ile-tummy-tuck-arasindaki-farklar\/"},"wordCount":1072,"publisher":{"@id":"https:\/\/drsedattatar.com\/tr\/#organization"},"image":{"@id":"https:\/\/drsedattatar.com\/tr\/mini-karin-germe-ile-tummy-tuck-arasindaki-farklar\/#primaryimage"},"thumbnailUrl":"https:\/\/drsedattatar.com\/tr\/wp-content\/uploads\/2025\/12\/57-Kapak-TR.png","articleSection":["Plastik Cerrahi Blog"],"inLanguage":"tr"},{"@type":"WebPage","@id":"https:\/\/drsedattatar.com\/tr\/mini-karin-germe-ile-tummy-tuck-arasindaki-farklar\/","url":"https:\/\/drsedattatar.com\/tr\/mini-karin-germe-ile-tummy-tuck-arasindaki-farklar\/","name":"Mini Kar\u0131n Germe \u0130le Tummy Tuck Aras\u0131ndaki Farklar - \u0130stanbul Estetik, Plastik ve Rekonstr\u00fcktif Cerrahi - Do\u00e7. Dr. Sedat Tatar","isPartOf":{"@id":"https:\/\/drsedattatar.com\/tr\/#website"},"primaryImageOfPage":{"@id":"https:\/\/drsedattatar.com\/tr\/mini-karin-germe-ile-tummy-tuck-arasindaki-farklar\/#primaryimage"},"image":{"@id":"https:\/\/drsedattatar.com\/tr\/mini-karin-germe-ile-tummy-tuck-arasindaki-farklar\/#primaryimage"},"thumbnailUrl":"https:\/\/drsedattatar.com\/tr\/wp-content\/uploads\/2025\/12\/57-Kapak-TR.png","datePublished":"2025-12-12T14:11:23+00:00","dateModified":"2025-12-12T14:11:25+00:00","description":"Mini kar\u0131n germe ile tummy tuck aras\u0131ndaki farklar nelerdir? M\u00fcdahale alan\u0131, iyile\u015fme s\u00fcresi ve sonu\u00e7lar a\u00e7\u0131s\u0131ndan detayl\u0131 kar\u015f\u0131la\u015ft\u0131rma.","breadcrumb":{"@id":"https:\/\/drsedattatar.com\/tr\/mini-karin-germe-ile-tummy-tuck-arasindaki-farklar\/#breadcrumb"},"inLanguage":"tr","potentialAction":[{"@type":"ReadAction","target":["https:\/\/drsedattatar.com\/tr\/mini-karin-germe-ile-tummy-tuck-arasindaki-farklar\/"]}]},{"@type":"ImageObject","inLanguage":"tr","@id":"https:\/\/drsedattatar.com\/tr\/mini-karin-germe-ile-tummy-tuck-arasindaki-farklar\/#primaryimage","url":"https:\/\/drsedattatar.com\/tr\/wp-content\/uploads\/2025\/12\/57-Kapak-TR.png","contentUrl":"https:\/\/drsedattatar.com\/tr\/wp-content\/uploads\/2025\/12\/57-Kapak-TR.png","width":1920,"height":1080},{"@type":"BreadcrumbList","@id":"https:\/\/drsedattatar.com\/tr\/mini-karin-germe-ile-tummy-tuck-arasindaki-farklar\/#breadcrumb","itemListElement":[{"@type":"ListItem","position":1,"name":"Anasayfa","item":"https:\/\/drsedattatar.com\/tr\/"},{"@type":"ListItem","position":2,"name":"Mini Kar\u0131n Germe \u0130le Tummy Tuck Aras\u0131ndaki Farklar"}]},{"@type":"WebSite","@id":"https:\/\/drsedattatar.com\/tr\/#website","url":"https:\/\/drsedattatar.com\/tr\/","name":"\u0130stanbul Estetik, Plastik ve Rekonstr\u00fcktif Cerrahi - Do\u00e7. Dr. Sedat Tatar","description":"\u0130stanbul Estetik, Plastik ve Rekonstr\u00fcktif Cerrahi alan\u0131nda deneyimli Do\u00e7. Dr. Sedat Tatar ile hayallerinizi ger\u00e7e\u011fe d\u00f6n\u00fc\u015ft\u00fcr\u00fcn ve kendinizi en iyi \u015fekilde hissedin.","publisher":{"@id":"https:\/\/drsedattatar.com\/tr\/#organization"},"potentialAction":[{"@type":"SearchAction","target":{"@type":"EntryPoint","urlTemplate":"https:\/\/drsedattatar.com\/tr\/?s={search_term_string}"},"query-input":{"@type":"PropertyValueSpecification","valueRequired":true,"valueName":"search_term_string"}}],"inLanguage":"tr"},{"@type":"Organization","@id":"https:\/\/drsedattatar.com\/tr\/#organization","name":"\u0130stanbul Estetik, Plastik ve Rekonstr\u00fcktif Cerrahi - Do\u00e7. Dr. Sedat Tatar","url":"https:\/\/drsedattatar.com\/tr\/","logo":{"@type":"ImageObject","inLanguage":"tr","@id":"https:\/\/drsedattatar.com\/tr\/#\/schema\/logo\/image\/","url":"https:\/\/drsedattatar.com\/tr\/wp-content\/uploads\/2023\/06\/cropped-cropped-cropped-dr-sedat-tatar-estetik-plastik-logo.webp","contentUrl":"https:\/\/drsedattatar.com\/tr\/wp-content\/uploads\/2023\/06\/cropped-cropped-cropped-dr-sedat-tatar-estetik-plastik-logo.webp","width":1505,"height":602,"caption":"\u0130stanbul Estetik, Plastik ve Rekonstr\u00fcktif Cerrahi - Do\u00e7. Dr. Sedat Tatar"},"image":{"@id":"https:\/\/drsedattatar.com\/tr\/#\/schema\/logo\/image\/"}},{"@type":"Person","@id":"https:\/\/drsedattatar.com\/tr\/#\/schema\/person\/aa22f82cb49cf6b0e8e4c2fdd472308a","name":"Sedat Tatar","image":{"@type":"ImageObject","inLanguage":"tr","@id":"https:\/\/drsedattatar.com\/tr\/#\/schema\/person\/image\/","url":"https:\/\/secure.gravatar.com\/avatar\/dea798d972982cc67ccc601a56275438ae42ec5d4557bb1f2fb426553e72d1a1?s=96&d=mm&r=g","contentUrl":"https:\/\/secure.gravatar.com\/avatar\/dea798d972982cc67ccc601a56275438ae42ec5d4557bb1f2fb426553e72d1a1?s=96&d=mm&r=g","caption":"Sedat Tatar"},"sameAs":["http:\/\/drsedattatar.com\/tr"],"url":"https:\/\/drsedattatar.com\/tr\/author\/admin\/"}]}},"taxonomy_info":{"category":[{"value":14,"label":"Plastik Cerrahi Blog"}]},"featured_image_src_large":["https:\/\/drsedattatar.com\/tr\/wp-content\/uploads\/2025\/12\/57-Kapak-TR-1024x576.png",1024,576,true],"author_info":{"display_name":"Sedat Tatar","author_link":"https:\/\/drsedattatar.com\/tr\/author\/admin\/"},"comment_info":0,"category_info":[{"term_id":14,"name":"Plastik Cerrahi Blog","slug":"plastik-cerrahi-blog","term_group":0,"term_taxonomy_id":14,"taxonomy":"category","description":"","parent":0,"count":155,"filter":"raw","cat_ID":14,"category_count":155,"category_description":"","cat_name":"Plastik Cerrahi Blog","category_nicename":"plastik-cerrahi-blog","category_parent":0}],"tag_info":false,"_links":{"self":[{"href":"https:\/\/drsedattatar.com\/tr\/wp-json\/wp\/v2\/posts\/3034","targetHints":{"allow":["GET"]}}],"collection":[{"href":"https:\/\/drsedattatar.com\/tr\/wp-json\/wp\/v2\/posts"}],"about":[{"href":"https:\/\/drsedattatar.com\/tr\/wp-json\/wp\/v2\/types\/post"}],"author":[{"embeddable":true,"href":"https:\/\/drsedattatar.com\/tr\/wp-json\/wp\/v2\/users\/1"}],"replies":[{"embeddable":true,"href":"https:\/\/drsedattatar.com\/tr\/wp-json\/wp\/v2\/comments?post=3034"}],"version-history":[{"count":2,"href":"https:\/\/drsedattatar.com\/tr\/wp-json\/wp\/v2\/posts\/3034\/revisions"}],"predecessor-version":[{"id":3037,"href":"https:\/\/drsedattatar.com\/tr\/wp-json\/wp\/v2\/posts\/3034\/revisions\/3037"}],"wp:featuredmedia":[{"embeddable":true,"href":"https:\/\/drsedattatar.com\/tr\/wp-json\/wp\/v2\/media\/3036"}],"wp:attachment":[{"href":"https:\/\/drsedattatar.com\/tr\/wp-json\/wp\/v2\/media?parent=3034"}],"wp:term":[{"taxonomy":"category","embeddable":true,"href":"https:\/\/drsedattatar.com\/tr\/wp-json\/wp\/v2\/categories?post=3034"},{"taxonomy":"post_tag","embeddable":true,"href":"https:\/\/drsedattatar.com\/tr\/wp-json\/wp\/v2\/tags?post=3034"}],"curies":[{"name":"wp","href":"https:\/\/api.w.org\/{rel}","templated":true}]}}