{"id":3055,"date":"2025-12-21T16:43:05","date_gmt":"2025-12-21T16:43:05","guid":{"rendered":"https:\/\/drsedattatar.com\/tr\/?p=3055"},"modified":"2025-12-21T16:43:07","modified_gmt":"2025-12-21T16:43:07","slug":"estetik-ameliyat-sonrasi-yara-izi-bakimi-nasil-olmalidir","status":"publish","type":"post","link":"https:\/\/drsedattatar.com\/tr\/estetik-ameliyat-sonrasi-yara-izi-bakimi-nasil-olmalidir\/","title":{"rendered":"Estetik Ameliyat Sonras\u0131 Yara \u0130zi Bak\u0131m\u0131 Nas\u0131l Olmal\u0131d\u0131r?"},"content":{"rendered":"\n<p>Estetik ameliyatlar, g\u00f6r\u00fcn\u00fcm\u00fc iyile\u015ftirmek ve ki\u015finin \u00f6zg\u00fcvenini art\u0131rmak i\u00e7in uygulanan cerrahi i\u015flemlerdir. Ancak her cerrahi m\u00fcdahalede oldu\u011fu gibi estetik ameliyatlardan sonra da <strong>yara izi (skar)<\/strong> olu\u015fmas\u0131 ka\u00e7\u0131n\u0131lmazd\u0131r. Yara izlerinin g\u00f6r\u00fcn\u00fcm\u00fc; cerrah\u0131n tekni\u011fi, cilt yap\u0131s\u0131, iyile\u015fme s\u00fcreci ve <strong>ameliyat sonras\u0131 bak\u0131m<\/strong> ile do\u011frudan ili\u015fkilidir.<\/p>\n\n\n\n<p>Bu nedenle estetik ameliyat\u0131n ba\u015far\u0131s\u0131 yaln\u0131zca ameliyat masas\u0131ndaki sonu\u00e7larla de\u011fil, hastan\u0131n yara izine g\u00f6sterdi\u011fi \u00f6zenle de belirlenir. Peki estetik ameliyat sonras\u0131 yara izi bak\u0131m\u0131 nas\u0131l olmal\u0131d\u0131r?<\/p>\n\n\n\n<h2 class=\"wp-block-heading\"><a><\/a><strong>Yara \u0130zi Neden Olu\u015fur?<\/strong><\/h2>\n\n\n\n<p>Cilt, herhangi bir kesi veya travmadan sonra kendini onarmak i\u00e7in yeni doku \u00fcretir. Bu s\u00fcre\u00e7te olu\u015fan izler asl\u0131nda cildin do\u011fal iyile\u015fme mekanizmas\u0131n\u0131n bir sonucudur.<\/p>\n\n\n\n<ul class=\"wp-block-list\">\n<li><strong>Genetik fakt\u00f6rler:<\/strong> Baz\u0131 ki\u015filerde cilt daha yo\u011fun iz b\u0131rakmaya yatk\u0131nd\u0131r.<\/li>\n\n\n\n<li><strong>Ameliyat b\u00f6lgesi:<\/strong> Hareketli b\u00f6lgelerde izler daha belirgin olabilir.<\/li>\n\n\n\n<li><strong>Ya\u015f:<\/strong> Gen\u00e7lerde doku yenilenmesi h\u0131zl\u0131d\u0131r, ancak izler daha kabar\u0131k olabilir.<\/li>\n\n\n\n<li><strong>Cilt tipi:<\/strong> Esmer ve a\u00e7\u0131k tenli ki\u015filerde iz g\u00f6r\u00fcn\u00fcm\u00fc farkl\u0131l\u0131k g\u00f6sterebilir.<\/li>\n<\/ul>\n\n\n\n<h2 class=\"wp-block-heading\"><a><\/a><strong>Estetik Ameliyatlarda Yara \u0130zi G\u00f6r\u00fcn\u00fcm\u00fc<\/strong><\/h2>\n\n\n\n<p>Her ameliyatta iz kal\u0131r; ancak estetik cerrahlar izleri m\u00fcmk\u00fcn oldu\u011funca <strong>gizli b\u00f6lgelerde<\/strong> b\u0131rak\u0131r.<\/p>\n\n\n\n<ul class=\"wp-block-list\">\n<li><strong>Burun esteti\u011fi:<\/strong> \u0130zler burun deliklerinin i\u00e7inde kal\u0131r.<\/li>\n\n\n\n<li><strong>Meme esteti\u011fi:<\/strong> \u0130zler meme alt\u0131 veya areola \u00e7evresinde gizlenir.<\/li>\n\n\n\n<li><strong>Kar\u0131n germe:<\/strong> \u0130zler bikini hatt\u0131nda saklan\u0131r.<\/li>\n\n\n\n<li><strong>Y\u00fcz germe:<\/strong> \u0130zler kulak arkas\u0131 veya sa\u00e7 \u00e7izgisinde gizlenir.<\/li>\n<\/ul>\n\n\n\n<p>Do\u011fru cerrahi teknik ve d\u00fczenli bak\u0131m ile izler zamanla solukla\u015f\u0131r ve fark edilmez hale gelir.<\/p>\n\n\n\n<h2 class=\"wp-block-heading\"><a><\/a><strong>Estetik Ameliyat Sonras\u0131 Yara \u0130zi Bak\u0131m\u0131<\/strong><\/h2>\n\n\n\n<h3 class=\"wp-block-heading\"><a><\/a><strong>1. Doktorun \u00d6nerilerine Uymak<\/strong><\/h3>\n\n\n\n<p>Her hasta i\u00e7in yara iyile\u015fme s\u00fcreci farkl\u0131d\u0131r. Bu nedenle cerrah\u0131n\u0131z\u0131n \u00f6nerileri ilk kurald\u0131r. Ameliyat sonras\u0131 bak\u0131m talimatlar\u0131n\u0131 eksiksiz yerine getirmek, yara izlerinin en aza inmesini sa\u011flar.<\/p>\n\n\n\n<h3 class=\"wp-block-heading\"><a><\/a><strong>2. Yara B\u00f6lgesini Temiz Tutmak<\/strong><\/h3>\n\n\n\n<p>Ameliyat b\u00f6lgesinin hijyeni \u00e7ok \u00f6nemlidir.<\/p>\n\n\n\n<ul class=\"wp-block-list\">\n<li>\u0130lk g\u00fcnlerde pansuman d\u00fczenli yap\u0131lmal\u0131d\u0131r,<\/li>\n\n\n\n<li>Doktor izin vermeden suyla temas ettirilmemelidir,<\/li>\n\n\n\n<li>Enfeksiyon riskine kar\u015f\u0131 steril ortam sa\u011flanmal\u0131d\u0131r.<\/li>\n<\/ul>\n\n\n\n<h3 class=\"wp-block-heading\"><a><\/a><strong>3. G\u00fcne\u015ften Korunmak<\/strong><\/h3>\n\n\n\n<p>Yara izleri \u00f6zellikle ilk aylarda g\u00fcne\u015f \u0131\u015f\u0131nlar\u0131na kar\u015f\u0131 hassast\u0131r. G\u00fcne\u015fe maruz kalan izler koyula\u015fabilir.<\/p>\n\n\n\n<ul class=\"wp-block-list\">\n<li>En az 6 ay boyunca y\u00fcksek fakt\u00f6rl\u00fc g\u00fcne\u015f kremi kullan\u0131lmal\u0131d\u0131r,<\/li>\n\n\n\n<li>G\u00fcne\u015flenme ve solaryumdan ka\u00e7\u0131n\u0131lmal\u0131d\u0131r.<\/li>\n<\/ul>\n\n\n\n<h3 class=\"wp-block-heading\"><a><\/a><strong>4. \u00d6zel Krem ve Jel Kullan\u0131m\u0131<\/strong><\/h3>\n\n\n\n<p>Cerrahlar genellikle yara izi g\u00f6r\u00fcn\u00fcm\u00fcn\u00fc azaltmak i\u00e7in \u00f6zel kremler veya silikon i\u00e7erikli jeller \u00f6nerir. D\u00fczenli kullan\u0131m ile izler yumu\u015far, k\u0131zar\u0131kl\u0131k azal\u0131r ve daha h\u0131zl\u0131 iyile\u015fme sa\u011flan\u0131r.<\/p>\n\n\n\n<h3 class=\"wp-block-heading\"><a><\/a><strong>5. Masaj Yapmak<\/strong><\/h3>\n\n\n\n<p>Yara izine doktor onay\u0131yla yap\u0131lan hafif masaj, dola\u015f\u0131m\u0131 art\u0131r\u0131r ve dokunun daha d\u00fczg\u00fcn iyile\u015fmesine yard\u0131mc\u0131 olur.<\/p>\n\n\n\n<h3 class=\"wp-block-heading\"><a><\/a><strong>6. Korse ve Bandaj Kullan\u0131m\u0131<\/strong><\/h3>\n\n\n\n<p>Kar\u0131n germe, liposuction veya meme esteti\u011fi sonras\u0131 kullan\u0131lan korseler, izlerin d\u00fczg\u00fcn iyile\u015fmesini destekler.<\/p>\n\n\n\n<h3 class=\"wp-block-heading\"><a><\/a><strong>7. Ka\u015f\u0131maktan Ka\u00e7\u0131nmak<\/strong><\/h3>\n\n\n\n<p>Yara b\u00f6lgesinde iyile\u015fme s\u00fcrecinde ka\u015f\u0131nt\u0131 olabilir. Ancak ka\u015f\u0131mak, diki\u015flerin a\u00e7\u0131lmas\u0131na veya izlerin k\u00f6t\u00fcle\u015fmesine yol a\u00e7abilir.<\/p>\n\n\n\n<h3 class=\"wp-block-heading\"><a><\/a><strong>8. Sa\u011fl\u0131kl\u0131 Beslenme<\/strong><\/h3>\n\n\n\n<p>Protein, C vitamini ve \u00e7inko a\u00e7\u0131s\u0131ndan zengin beslenme yara iyile\u015fmesini h\u0131zland\u0131r\u0131r. Yeterli su t\u00fcketmek de \u00f6demi azaltarak iyile\u015fmeye katk\u0131 sa\u011flar.<\/p>\n\n\n\n<h2 class=\"wp-block-heading\"><a><\/a><strong>Yara \u0130zinde Olas\u0131 Sorunlar<\/strong><\/h2>\n\n\n\n<p>Baz\u0131 durumlarda yara izleri normalden daha belirgin olabilir:<\/p>\n\n\n\n<ul class=\"wp-block-list\">\n<li><strong>Hipertrofik skar:<\/strong> Kabar\u0131k ve k\u0131rm\u0131z\u0131 izler.<\/li>\n\n\n\n<li><strong>Keloid:<\/strong> Normalden fazla doku \u00fcretimi ile olu\u015fan kal\u0131n ve yayg\u0131n izler.<\/li>\n\n\n\n<li><strong>Renk de\u011fi\u015fikli\u011fi:<\/strong> \u0130zlerin koyula\u015fmas\u0131 veya a\u00e7\u0131lmas\u0131.<\/li>\n<\/ul>\n\n\n\n<p>Bu durumlarda ek tedavi gerekebilir:<\/p>\n\n\n\n<ul class=\"wp-block-list\">\n<li>Silikon sheet uygulamalar\u0131,<\/li>\n\n\n\n<li>Lazer tedavileri,<\/li>\n\n\n\n<li>Kortizon enjeksiyonlar\u0131,<\/li>\n\n\n\n<li>Revizyon cerrahisi.<\/li>\n<\/ul>\n\n\n\n<h2 class=\"wp-block-heading\"><a><\/a><strong>Yara \u0130zi Bak\u0131m\u0131 Hakk\u0131nda S\u0131k Sorulan Sorular<\/strong><\/h2>\n\n\n\n<p><strong>1. Yara izleri tamamen kaybolur mu?<br><\/strong>&nbsp;Tamamen kaybolmaz, ancak d\u00fczenli bak\u0131m ile silikle\u015fir ve fark edilmez hale gelir.<\/p>\n\n\n\n<p><strong>2. Yara izi kremleri ne kadar s\u00fcre kullan\u0131lmal\u0131?<br><\/strong>&nbsp;Genellikle 3\u20136 ay d\u00fczenli kullan\u0131m \u00f6nerilir.<\/p>\n\n\n\n<p><strong>3. \u0130zler ne zaman olgunla\u015f\u0131r?<br><\/strong>&nbsp;Bir yaran\u0131n tam olgunla\u015fmas\u0131 12\u201318 ay s\u00fcrebilir.<\/p>\n\n\n\n<p><strong>4. Ameliyat izleri i\u00e7in en iyi y\u00f6ntem nedir?<br><\/strong>&nbsp;Silikon bazl\u0131 \u00fcr\u00fcnler ve g\u00fcne\u015ften korunma en etkili y\u00f6ntemlerdir.<\/p>\n\n\n\n<p><strong>5. \u0130zlerim koyula\u015ft\u0131, ne yapmal\u0131y\u0131m?<br><\/strong>&nbsp;G\u00fcne\u015ften korunmaya \u00f6zen g\u00f6stermeli, gerekiyorsa dermatolog veya cerrah\u0131n\u0131za dan\u0131\u015fmal\u0131s\u0131n\u0131z.<\/p>\n\n\n\n<h2 class=\"wp-block-heading\"><a><\/a><strong>Yara \u0130zlerinin Daha Az Belirgin Olmas\u0131 \u0130\u00e7in \u00d6neriler<\/strong><\/h2>\n\n\n\n<ul class=\"wp-block-list\">\n<li>Sigara ve alkolden uzak durun,<\/li>\n\n\n\n<li>D\u00fczenli uyuyun ve stresten ka\u00e7\u0131n\u0131n,<\/li>\n\n\n\n<li>Doktorun verdi\u011fi bak\u0131m \u00fcr\u00fcnlerini aksatmadan kullan\u0131n,<\/li>\n\n\n\n<li>\u0130zlerinizde ola\u011fan d\u0131\u015f\u0131 bir durum fark ederseniz hemen cerrah\u0131n\u0131za ba\u015fvurun.<\/li>\n<\/ul>\n\n\n\n<h2 class=\"wp-block-heading\"><a><\/a><strong>Yara \u0130zlerinde Daha \u0130yi Sonu\u00e7 \u0130\u00e7in D\u00fczenli Bak\u0131m<\/strong><\/h2>\n\n\n\n<p><strong>Estetik ameliyat sonras\u0131 yara izi bak\u0131m\u0131<\/strong>, operasyonun estetik ba\u015far\u0131s\u0131n\u0131 do\u011frudan etkileyen kritik bir s\u00fcre\u00e7tir. D\u00fczenli bak\u0131m, g\u00fcne\u015ften korunma, \u00f6zel kremlerin kullan\u0131m\u0131 ve cerrah\u0131n \u00f6nerilerine uyum sayesinde izler b\u00fcy\u00fck \u00f6l\u00e7\u00fcde azal\u0131r.<\/p>\n\n\n\n<p>Unutulmamal\u0131d\u0131r ki yara izleri tamamen yok olmasa da do\u011fru y\u00f6ntemlerle neredeyse g\u00f6r\u00fcnmez hale gelebilir. Ameliyat sonras\u0131 sab\u0131rl\u0131 olmak ve istikrarl\u0131 bir bak\u0131m rutini olu\u015fturmak hem daha sa\u011fl\u0131kl\u0131 hem de daha estetik bir sonu\u00e7 elde etmenin anahtar\u0131d\u0131r.<\/p>\n\n\n\n<p><strong>Hekim Bilgisi<\/strong><\/p>\n\n\n\n<p><strong>Do\u00e7. Dr. Sedat Tatar<\/strong>, iki ayr\u0131 uluslararas\u0131 kurul taraf\u0131ndan sertifikaland\u0131r\u0131lm\u0131\u015f (Double Board Certified) Plastik, Rekonstr\u00fcktif ve Estetik Cerrahi uzman\u0131d\u0131r. <strong>American College of Surgeons Fellow (FACS)<\/strong> ve <strong>European Board of Plastic, Reconstructive and Aesthetic Surgery Fellow (FEBOPRAS)<\/strong> unvanlar\u0131na sahiptir.<\/p>\n\n\n\n<p>Uluslararas\u0131 profesyonel \u00fcyelikleri aras\u0131nda <strong>ISAPS (International Society of Aesthetic Plastic Surgery)<\/strong> ve <strong>ASPS (American Society of Plastic Surgeons)<\/strong> bulunmaktad\u0131r.<\/p>\n\n\n\n<p>Klini\u011fi \u0130stanbul\u2019da <strong>T\u00fcrkiye Sa\u011fl\u0131k Bakanl\u0131\u011f\u0131 taraf\u0131ndan Sa\u011fl\u0131k Turizmi Merkezi olarak yetkilidir<\/strong> ve \u015firketi <strong>Birle\u015fik Krall\u0131k &amp; Galler&#8217;e kay\u0131tl\u0131d\u0131r.<\/strong><\/p>\n\n\n\n<p><strong>\u0130LET\u0130\u015e\u0130M B\u0130LG\u0130LER\u0130<\/strong><\/p>\n\n\n\n<p><strong>Do\u00e7. Dr. Sedar Tatar Klini\u011fi<\/strong><\/p>\n\n\n\n<p><strong>Telefon No :&nbsp;<\/strong><a href=\"tel:+90%20(555)%20100%2010%2083\">+90 (555) 100 10 83<\/a><br><strong>\u0130leti\u015fim Linki :&nbsp;<\/strong><a href=\"mailto:info@drsedattatar.com\">info@drsedattatar.com<\/a><br><strong>Adres :&nbsp;<\/strong>Levent Mahallesi, Karanfil Aral\u0131\u011f\u0131 Caddesi No: 18 Be\u015fikta\u015f\/\u0130STANBUL<\/p>\n\n\n<div class=\"kk-star-ratings kksr-auto kksr-align-center kksr-valign-bottom\"\n    data-payload='{&quot;align&quot;:&quot;center&quot;,&quot;id&quot;:&quot;3055&quot;,&quot;slug&quot;:&quot;default&quot;,&quot;valign&quot;:&quot;bottom&quot;,&quot;ignore&quot;:&quot;&quot;,&quot;reference&quot;:&quot;auto&quot;,&quot;class&quot;:&quot;&quot;,&quot;count&quot;:&quot;0&quot;,&quot;legendonly&quot;:&quot;&quot;,&quot;readonly&quot;:&quot;&quot;,&quot;score&quot;:&quot;0&quot;,&quot;starsonly&quot;:&quot;&quot;,&quot;best&quot;:&quot;5&quot;,&quot;gap&quot;:&quot;5&quot;,&quot;greet&quot;:&quot;\u0130\u00e7eri\u011fimizi Oylay\u0131n!&quot;,&quot;legend&quot;:&quot;0\\\/5 - (0 oy verildi!)&quot;,&quot;size&quot;:&quot;24&quot;,&quot;title&quot;:&quot;Estetik Ameliyat Sonras\u0131 Yara \u0130zi Bak\u0131m\u0131 Nas\u0131l Olmal\u0131d\u0131r?&quot;,&quot;width&quot;:&quot;0&quot;,&quot;_legend&quot;:&quot;{score}\\\/{best} - ({count} oy verildi!)&quot;,&quot;font_factor&quot;:&quot;1.25&quot;}'>\n            \n<div class=\"kksr-stars\">\n    \n<div class=\"kksr-stars-inactive\">\n            <div class=\"kksr-star\" data-star=\"1\" style=\"padding-right: 5px\">\n            \n\n<div class=\"kksr-icon\" style=\"width: 24px; height: 24px;\"><\/div>\n        <\/div>\n            <div class=\"kksr-star\" data-star=\"2\" style=\"padding-right: 5px\">\n            \n\n<div class=\"kksr-icon\" style=\"width: 24px; height: 24px;\"><\/div>\n        <\/div>\n            <div class=\"kksr-star\" data-star=\"3\" style=\"padding-right: 5px\">\n            \n\n<div class=\"kksr-icon\" style=\"width: 24px; height: 24px;\"><\/div>\n        <\/div>\n            <div class=\"kksr-star\" data-star=\"4\" style=\"padding-right: 5px\">\n            \n\n<div class=\"kksr-icon\" style=\"width: 24px; height: 24px;\"><\/div>\n        <\/div>\n            <div class=\"kksr-star\" data-star=\"5\" style=\"padding-right: 5px\">\n            \n\n<div class=\"kksr-icon\" style=\"width: 24px; height: 24px;\"><\/div>\n        <\/div>\n    <\/div>\n    \n<div class=\"kksr-stars-active\" style=\"width: 0px;\">\n            <div class=\"kksr-star\" style=\"padding-right: 5px\">\n            \n\n<div class=\"kksr-icon\" style=\"width: 24px; height: 24px;\"><\/div>\n        <\/div>\n            <div class=\"kksr-star\" style=\"padding-right: 5px\">\n            \n\n<div class=\"kksr-icon\" style=\"width: 24px; height: 24px;\"><\/div>\n        <\/div>\n            <div class=\"kksr-star\" style=\"padding-right: 5px\">\n            \n\n<div class=\"kksr-icon\" style=\"width: 24px; height: 24px;\"><\/div>\n        <\/div>\n            <div class=\"kksr-star\" style=\"padding-right: 5px\">\n            \n\n<div class=\"kksr-icon\" style=\"width: 24px; height: 24px;\"><\/div>\n        <\/div>\n            <div class=\"kksr-star\" style=\"padding-right: 5px\">\n            \n\n<div class=\"kksr-icon\" style=\"width: 24px; height: 24px;\"><\/div>\n        <\/div>\n    <\/div>\n<\/div>\n                \n\n<div class=\"kksr-legend\" style=\"font-size: 19.2px;\">\n            <span class=\"kksr-muted\">\u0130\u00e7eri\u011fimizi Oylay\u0131n!<\/span>\n    <\/div>\n    <\/div>\n","protected":false},"excerpt":{"rendered":"<p>Estetik ameliyatlar, g\u00f6r\u00fcn\u00fcm\u00fc iyile\u015ftirmek ve ki\u015finin \u00f6zg\u00fcvenini art\u0131rmak i\u00e7in uygulanan cerrahi i\u015flemlerdir. Ancak her cerrahi m\u00fcdahalede oldu\u011fu gibi estetik ameliyatlardan sonra da yara izi (skar) olu\u015fmas\u0131 ka\u00e7\u0131n\u0131lmazd\u0131r. Yara izlerinin g\u00f6r\u00fcn\u00fcm\u00fc; cerrah\u0131n tekni\u011fi, cilt yap\u0131s\u0131, iyile\u015fme s\u00fcreci ve ameliyat sonras\u0131 bak\u0131m ile do\u011frudan ili\u015fkilidir.<\/p>\n<p>Bu nedenle estetik ameliyat\u0131n ba\u015far\u0131s\u0131 yaln\u0131zca ameliyat masas\u0131ndaki sonu\u00e7larla de\u011fil, hastan\u0131n yara izine g\u00f6sterdi\u011fi \u00f6zenle de belirlenir. Peki estetik ameliyat sonras\u0131 yara izi bak\u0131m\u0131 nas\u0131l olmal\u0131d\u0131r?<\/p>\n","protected":false},"author":1,"featured_media":3058,"comment_status":"closed","ping_status":"open","sticky":false,"template":"","format":"standard","meta":{"_kad_blocks_custom_css":"","_kad_blocks_head_custom_js":"","_kad_blocks_body_custom_js":"","_kad_blocks_footer_custom_js":"","_kadence_starter_templates_imported_post":false,"_kad_post_transparent":"","_kad_post_title":"","_kad_post_layout":"","_kad_post_sidebar_id":"","_kad_post_content_style":"","_kad_post_vertical_padding":"","_kad_post_feature":"","_kad_post_feature_position":"","_kad_post_header":false,"_kad_post_footer":false,"footnotes":""},"categories":[14],"tags":[],"class_list":["post-3055","post","type-post","status-publish","format-standard","has-post-thumbnail","hentry","category-plastik-cerrahi-blog"],"yoast_head":"<!-- This site is optimized with the Yoast SEO plugin v25.9 - https:\/\/yoast.com\/wordpress\/plugins\/seo\/ -->\n<title>Estetik Ameliyat Sonras\u0131 Yara \u0130zi Bak\u0131m\u0131 Nas\u0131l Olmal\u0131d\u0131r? - \u0130stanbul Estetik, Plastik ve Rekonstr\u00fcktif Cerrahi - Do\u00e7. Dr. Sedat Tatar<\/title>\n<meta name=\"description\" content=\"Sigara i\u00e7mek estetik ameliyat sonu\u00e7lar\u0131n\u0131 ger\u00e7ekten bozar m\u0131? \u0130yile\u015fme s\u00fcresi, enfeksiyon riski ve kal\u0131c\u0131 sonu\u00e7lar \u00fczerindeki etkilerini ke\u015ffedin.\" \/>\n<meta name=\"robots\" content=\"index, follow, max-snippet:-1, max-image-preview:large, max-video-preview:-1\" \/>\n<link rel=\"canonical\" href=\"https:\/\/drsedattatar.com\/tr\/estetik-ameliyat-sonrasi-yara-izi-bakimi-nasil-olmalidir\/\" \/>\n<meta property=\"og:locale\" content=\"tr_TR\" \/>\n<meta property=\"og:type\" content=\"article\" \/>\n<meta property=\"og:title\" content=\"Estetik Ameliyat Sonras\u0131 Yara \u0130zi Bak\u0131m\u0131 Nas\u0131l Olmal\u0131d\u0131r? - \u0130stanbul Estetik, Plastik ve Rekonstr\u00fcktif Cerrahi - Do\u00e7. Dr. Sedat Tatar\" \/>\n<meta property=\"og:description\" content=\"Sigara i\u00e7mek estetik ameliyat sonu\u00e7lar\u0131n\u0131 ger\u00e7ekten bozar m\u0131? \u0130yile\u015fme s\u00fcresi, enfeksiyon riski ve kal\u0131c\u0131 sonu\u00e7lar \u00fczerindeki etkilerini ke\u015ffedin.\" \/>\n<meta property=\"og:url\" content=\"https:\/\/drsedattatar.com\/tr\/estetik-ameliyat-sonrasi-yara-izi-bakimi-nasil-olmalidir\/\" \/>\n<meta property=\"og:site_name\" content=\"\u0130stanbul Estetik, Plastik ve Rekonstr\u00fcktif Cerrahi - Do\u00e7. Dr. Sedat Tatar\" \/>\n<meta property=\"article:published_time\" content=\"2025-12-21T16:43:05+00:00\" \/>\n<meta property=\"article:modified_time\" content=\"2025-12-21T16:43:07+00:00\" \/>\n<meta property=\"og:image\" content=\"https:\/\/drsedattatar.com\/tr\/wp-content\/uploads\/2025\/12\/62-Kapak-TR-1024x576.png\" \/>\n\t<meta property=\"og:image:width\" content=\"1024\" \/>\n\t<meta property=\"og:image:height\" content=\"576\" \/>\n\t<meta property=\"og:image:type\" content=\"image\/png\" \/>\n<meta name=\"author\" content=\"Sedat Tatar\" \/>\n<meta name=\"twitter:card\" content=\"summary_large_image\" \/>\n<meta name=\"twitter:label1\" content=\"Yazan:\" \/>\n\t<meta name=\"twitter:data1\" content=\"Sedat Tatar\" \/>\n\t<meta name=\"twitter:label2\" content=\"Tahmini okuma s\u00fcresi\" \/>\n\t<meta name=\"twitter:data2\" content=\"5 dakika\" \/>\n<script type=\"application\/ld+json\" class=\"yoast-schema-graph\">{\"@context\":\"https:\/\/schema.org\",\"@graph\":[{\"@type\":\"Article\",\"@id\":\"https:\/\/drsedattatar.com\/tr\/estetik-ameliyat-sonrasi-yara-izi-bakimi-nasil-olmalidir\/#article\",\"isPartOf\":{\"@id\":\"https:\/\/drsedattatar.com\/tr\/estetik-ameliyat-sonrasi-yara-izi-bakimi-nasil-olmalidir\/\"},\"author\":{\"name\":\"Sedat Tatar\",\"@id\":\"https:\/\/drsedattatar.com\/tr\/#\/schema\/person\/aa22f82cb49cf6b0e8e4c2fdd472308a\"},\"headline\":\"Estetik Ameliyat Sonras\u0131 Yara \u0130zi Bak\u0131m\u0131 Nas\u0131l Olmal\u0131d\u0131r?\",\"datePublished\":\"2025-12-21T16:43:05+00:00\",\"dateModified\":\"2025-12-21T16:43:07+00:00\",\"mainEntityOfPage\":{\"@id\":\"https:\/\/drsedattatar.com\/tr\/estetik-ameliyat-sonrasi-yara-izi-bakimi-nasil-olmalidir\/\"},\"wordCount\":1056,\"publisher\":{\"@id\":\"https:\/\/drsedattatar.com\/tr\/#organization\"},\"image\":{\"@id\":\"https:\/\/drsedattatar.com\/tr\/estetik-ameliyat-sonrasi-yara-izi-bakimi-nasil-olmalidir\/#primaryimage\"},\"thumbnailUrl\":\"https:\/\/drsedattatar.com\/tr\/wp-content\/uploads\/2025\/12\/62-Kapak-TR.png\",\"articleSection\":[\"Plastik Cerrahi Blog\"],\"inLanguage\":\"tr\"},{\"@type\":\"WebPage\",\"@id\":\"https:\/\/drsedattatar.com\/tr\/estetik-ameliyat-sonrasi-yara-izi-bakimi-nasil-olmalidir\/\",\"url\":\"https:\/\/drsedattatar.com\/tr\/estetik-ameliyat-sonrasi-yara-izi-bakimi-nasil-olmalidir\/\",\"name\":\"Estetik Ameliyat Sonras\u0131 Yara \u0130zi Bak\u0131m\u0131 Nas\u0131l Olmal\u0131d\u0131r? - \u0130stanbul Estetik, Plastik ve Rekonstr\u00fcktif Cerrahi - Do\u00e7. Dr. Sedat Tatar\",\"isPartOf\":{\"@id\":\"https:\/\/drsedattatar.com\/tr\/#website\"},\"primaryImageOfPage\":{\"@id\":\"https:\/\/drsedattatar.com\/tr\/estetik-ameliyat-sonrasi-yara-izi-bakimi-nasil-olmalidir\/#primaryimage\"},\"image\":{\"@id\":\"https:\/\/drsedattatar.com\/tr\/estetik-ameliyat-sonrasi-yara-izi-bakimi-nasil-olmalidir\/#primaryimage\"},\"thumbnailUrl\":\"https:\/\/drsedattatar.com\/tr\/wp-content\/uploads\/2025\/12\/62-Kapak-TR.png\",\"datePublished\":\"2025-12-21T16:43:05+00:00\",\"dateModified\":\"2025-12-21T16:43:07+00:00\",\"description\":\"Sigara i\u00e7mek estetik ameliyat sonu\u00e7lar\u0131n\u0131 ger\u00e7ekten bozar m\u0131? \u0130yile\u015fme s\u00fcresi, enfeksiyon riski ve kal\u0131c\u0131 sonu\u00e7lar \u00fczerindeki etkilerini ke\u015ffedin.\",\"breadcrumb\":{\"@id\":\"https:\/\/drsedattatar.com\/tr\/estetik-ameliyat-sonrasi-yara-izi-bakimi-nasil-olmalidir\/#breadcrumb\"},\"inLanguage\":\"tr\",\"potentialAction\":[{\"@type\":\"ReadAction\",\"target\":[\"https:\/\/drsedattatar.com\/tr\/estetik-ameliyat-sonrasi-yara-izi-bakimi-nasil-olmalidir\/\"]}]},{\"@type\":\"ImageObject\",\"inLanguage\":\"tr\",\"@id\":\"https:\/\/drsedattatar.com\/tr\/estetik-ameliyat-sonrasi-yara-izi-bakimi-nasil-olmalidir\/#primaryimage\",\"url\":\"https:\/\/drsedattatar.com\/tr\/wp-content\/uploads\/2025\/12\/62-Kapak-TR.png\",\"contentUrl\":\"https:\/\/drsedattatar.com\/tr\/wp-content\/uploads\/2025\/12\/62-Kapak-TR.png\",\"width\":1920,\"height\":1080},{\"@type\":\"BreadcrumbList\",\"@id\":\"https:\/\/drsedattatar.com\/tr\/estetik-ameliyat-sonrasi-yara-izi-bakimi-nasil-olmalidir\/#breadcrumb\",\"itemListElement\":[{\"@type\":\"ListItem\",\"position\":1,\"name\":\"Anasayfa\",\"item\":\"https:\/\/drsedattatar.com\/tr\/\"},{\"@type\":\"ListItem\",\"position\":2,\"name\":\"Estetik Ameliyat Sonras\u0131 Yara \u0130zi Bak\u0131m\u0131 Nas\u0131l Olmal\u0131d\u0131r?\"}]},{\"@type\":\"WebSite\",\"@id\":\"https:\/\/drsedattatar.com\/tr\/#website\",\"url\":\"https:\/\/drsedattatar.com\/tr\/\",\"name\":\"\u0130stanbul Estetik, Plastik ve Rekonstr\u00fcktif Cerrahi - Do\u00e7. Dr. Sedat Tatar\",\"description\":\"\u0130stanbul Estetik, Plastik ve Rekonstr\u00fcktif Cerrahi alan\u0131nda deneyimli Do\u00e7. Dr. Sedat Tatar ile hayallerinizi ger\u00e7e\u011fe d\u00f6n\u00fc\u015ft\u00fcr\u00fcn ve kendinizi en iyi \u015fekilde hissedin.\",\"publisher\":{\"@id\":\"https:\/\/drsedattatar.com\/tr\/#organization\"},\"potentialAction\":[{\"@type\":\"SearchAction\",\"target\":{\"@type\":\"EntryPoint\",\"urlTemplate\":\"https:\/\/drsedattatar.com\/tr\/?s={search_term_string}\"},\"query-input\":{\"@type\":\"PropertyValueSpecification\",\"valueRequired\":true,\"valueName\":\"search_term_string\"}}],\"inLanguage\":\"tr\"},{\"@type\":\"Organization\",\"@id\":\"https:\/\/drsedattatar.com\/tr\/#organization\",\"name\":\"\u0130stanbul Estetik, Plastik ve Rekonstr\u00fcktif Cerrahi - Do\u00e7. Dr. Sedat Tatar\",\"url\":\"https:\/\/drsedattatar.com\/tr\/\",\"logo\":{\"@type\":\"ImageObject\",\"inLanguage\":\"tr\",\"@id\":\"https:\/\/drsedattatar.com\/tr\/#\/schema\/logo\/image\/\",\"url\":\"https:\/\/drsedattatar.com\/tr\/wp-content\/uploads\/2023\/06\/cropped-cropped-cropped-dr-sedat-tatar-estetik-plastik-logo.webp\",\"contentUrl\":\"https:\/\/drsedattatar.com\/tr\/wp-content\/uploads\/2023\/06\/cropped-cropped-cropped-dr-sedat-tatar-estetik-plastik-logo.webp\",\"width\":1505,\"height\":602,\"caption\":\"\u0130stanbul Estetik, Plastik ve Rekonstr\u00fcktif Cerrahi - Do\u00e7. Dr. Sedat Tatar\"},\"image\":{\"@id\":\"https:\/\/drsedattatar.com\/tr\/#\/schema\/logo\/image\/\"}},{\"@type\":\"Person\",\"@id\":\"https:\/\/drsedattatar.com\/tr\/#\/schema\/person\/aa22f82cb49cf6b0e8e4c2fdd472308a\",\"name\":\"Sedat Tatar\",\"image\":{\"@type\":\"ImageObject\",\"inLanguage\":\"tr\",\"@id\":\"https:\/\/drsedattatar.com\/tr\/#\/schema\/person\/image\/\",\"url\":\"https:\/\/secure.gravatar.com\/avatar\/dea798d972982cc67ccc601a56275438ae42ec5d4557bb1f2fb426553e72d1a1?s=96&d=mm&r=g\",\"contentUrl\":\"https:\/\/secure.gravatar.com\/avatar\/dea798d972982cc67ccc601a56275438ae42ec5d4557bb1f2fb426553e72d1a1?s=96&d=mm&r=g\",\"caption\":\"Sedat Tatar\"},\"sameAs\":[\"http:\/\/drsedattatar.com\/tr\"],\"url\":\"https:\/\/drsedattatar.com\/tr\/author\/admin\/\"}]}<\/script>\n<!-- \/ Yoast SEO plugin. -->","yoast_head_json":{"title":"Estetik Ameliyat Sonras\u0131 Yara \u0130zi Bak\u0131m\u0131 Nas\u0131l Olmal\u0131d\u0131r? - \u0130stanbul Estetik, Plastik ve Rekonstr\u00fcktif Cerrahi - Do\u00e7. Dr. Sedat Tatar","description":"Sigara i\u00e7mek estetik ameliyat sonu\u00e7lar\u0131n\u0131 ger\u00e7ekten bozar m\u0131? \u0130yile\u015fme s\u00fcresi, enfeksiyon riski ve kal\u0131c\u0131 sonu\u00e7lar \u00fczerindeki etkilerini ke\u015ffedin.","robots":{"index":"index","follow":"follow","max-snippet":"max-snippet:-1","max-image-preview":"max-image-preview:large","max-video-preview":"max-video-preview:-1"},"canonical":"https:\/\/drsedattatar.com\/tr\/estetik-ameliyat-sonrasi-yara-izi-bakimi-nasil-olmalidir\/","og_locale":"tr_TR","og_type":"article","og_title":"Estetik Ameliyat Sonras\u0131 Yara \u0130zi Bak\u0131m\u0131 Nas\u0131l Olmal\u0131d\u0131r? - \u0130stanbul Estetik, Plastik ve Rekonstr\u00fcktif Cerrahi - Do\u00e7. Dr. Sedat Tatar","og_description":"Sigara i\u00e7mek estetik ameliyat sonu\u00e7lar\u0131n\u0131 ger\u00e7ekten bozar m\u0131? \u0130yile\u015fme s\u00fcresi, enfeksiyon riski ve kal\u0131c\u0131 sonu\u00e7lar \u00fczerindeki etkilerini ke\u015ffedin.","og_url":"https:\/\/drsedattatar.com\/tr\/estetik-ameliyat-sonrasi-yara-izi-bakimi-nasil-olmalidir\/","og_site_name":"\u0130stanbul Estetik, Plastik ve Rekonstr\u00fcktif Cerrahi - Do\u00e7. Dr. Sedat Tatar","article_published_time":"2025-12-21T16:43:05+00:00","article_modified_time":"2025-12-21T16:43:07+00:00","og_image":[{"width":1024,"height":576,"url":"https:\/\/drsedattatar.com\/tr\/wp-content\/uploads\/2025\/12\/62-Kapak-TR-1024x576.png","type":"image\/png"}],"author":"Sedat Tatar","twitter_card":"summary_large_image","twitter_misc":{"Yazan:":"Sedat Tatar","Tahmini okuma s\u00fcresi":"5 dakika"},"schema":{"@context":"https:\/\/schema.org","@graph":[{"@type":"Article","@id":"https:\/\/drsedattatar.com\/tr\/estetik-ameliyat-sonrasi-yara-izi-bakimi-nasil-olmalidir\/#article","isPartOf":{"@id":"https:\/\/drsedattatar.com\/tr\/estetik-ameliyat-sonrasi-yara-izi-bakimi-nasil-olmalidir\/"},"author":{"name":"Sedat Tatar","@id":"https:\/\/drsedattatar.com\/tr\/#\/schema\/person\/aa22f82cb49cf6b0e8e4c2fdd472308a"},"headline":"Estetik Ameliyat Sonras\u0131 Yara \u0130zi Bak\u0131m\u0131 Nas\u0131l Olmal\u0131d\u0131r?","datePublished":"2025-12-21T16:43:05+00:00","dateModified":"2025-12-21T16:43:07+00:00","mainEntityOfPage":{"@id":"https:\/\/drsedattatar.com\/tr\/estetik-ameliyat-sonrasi-yara-izi-bakimi-nasil-olmalidir\/"},"wordCount":1056,"publisher":{"@id":"https:\/\/drsedattatar.com\/tr\/#organization"},"image":{"@id":"https:\/\/drsedattatar.com\/tr\/estetik-ameliyat-sonrasi-yara-izi-bakimi-nasil-olmalidir\/#primaryimage"},"thumbnailUrl":"https:\/\/drsedattatar.com\/tr\/wp-content\/uploads\/2025\/12\/62-Kapak-TR.png","articleSection":["Plastik Cerrahi Blog"],"inLanguage":"tr"},{"@type":"WebPage","@id":"https:\/\/drsedattatar.com\/tr\/estetik-ameliyat-sonrasi-yara-izi-bakimi-nasil-olmalidir\/","url":"https:\/\/drsedattatar.com\/tr\/estetik-ameliyat-sonrasi-yara-izi-bakimi-nasil-olmalidir\/","name":"Estetik Ameliyat Sonras\u0131 Yara \u0130zi Bak\u0131m\u0131 Nas\u0131l Olmal\u0131d\u0131r? - \u0130stanbul Estetik, Plastik ve Rekonstr\u00fcktif Cerrahi - Do\u00e7. Dr. Sedat Tatar","isPartOf":{"@id":"https:\/\/drsedattatar.com\/tr\/#website"},"primaryImageOfPage":{"@id":"https:\/\/drsedattatar.com\/tr\/estetik-ameliyat-sonrasi-yara-izi-bakimi-nasil-olmalidir\/#primaryimage"},"image":{"@id":"https:\/\/drsedattatar.com\/tr\/estetik-ameliyat-sonrasi-yara-izi-bakimi-nasil-olmalidir\/#primaryimage"},"thumbnailUrl":"https:\/\/drsedattatar.com\/tr\/wp-content\/uploads\/2025\/12\/62-Kapak-TR.png","datePublished":"2025-12-21T16:43:05+00:00","dateModified":"2025-12-21T16:43:07+00:00","description":"Sigara i\u00e7mek estetik ameliyat sonu\u00e7lar\u0131n\u0131 ger\u00e7ekten bozar m\u0131? \u0130yile\u015fme s\u00fcresi, enfeksiyon riski ve kal\u0131c\u0131 sonu\u00e7lar \u00fczerindeki etkilerini ke\u015ffedin.","breadcrumb":{"@id":"https:\/\/drsedattatar.com\/tr\/estetik-ameliyat-sonrasi-yara-izi-bakimi-nasil-olmalidir\/#breadcrumb"},"inLanguage":"tr","potentialAction":[{"@type":"ReadAction","target":["https:\/\/drsedattatar.com\/tr\/estetik-ameliyat-sonrasi-yara-izi-bakimi-nasil-olmalidir\/"]}]},{"@type":"ImageObject","inLanguage":"tr","@id":"https:\/\/drsedattatar.com\/tr\/estetik-ameliyat-sonrasi-yara-izi-bakimi-nasil-olmalidir\/#primaryimage","url":"https:\/\/drsedattatar.com\/tr\/wp-content\/uploads\/2025\/12\/62-Kapak-TR.png","contentUrl":"https:\/\/drsedattatar.com\/tr\/wp-content\/uploads\/2025\/12\/62-Kapak-TR.png","width":1920,"height":1080},{"@type":"BreadcrumbList","@id":"https:\/\/drsedattatar.com\/tr\/estetik-ameliyat-sonrasi-yara-izi-bakimi-nasil-olmalidir\/#breadcrumb","itemListElement":[{"@type":"ListItem","position":1,"name":"Anasayfa","item":"https:\/\/drsedattatar.com\/tr\/"},{"@type":"ListItem","position":2,"name":"Estetik Ameliyat Sonras\u0131 Yara \u0130zi Bak\u0131m\u0131 Nas\u0131l Olmal\u0131d\u0131r?"}]},{"@type":"WebSite","@id":"https:\/\/drsedattatar.com\/tr\/#website","url":"https:\/\/drsedattatar.com\/tr\/","name":"\u0130stanbul Estetik, Plastik ve Rekonstr\u00fcktif Cerrahi - Do\u00e7. Dr. Sedat Tatar","description":"\u0130stanbul Estetik, Plastik ve Rekonstr\u00fcktif Cerrahi alan\u0131nda deneyimli Do\u00e7. Dr. Sedat Tatar ile hayallerinizi ger\u00e7e\u011fe d\u00f6n\u00fc\u015ft\u00fcr\u00fcn ve kendinizi en iyi \u015fekilde hissedin.","publisher":{"@id":"https:\/\/drsedattatar.com\/tr\/#organization"},"potentialAction":[{"@type":"SearchAction","target":{"@type":"EntryPoint","urlTemplate":"https:\/\/drsedattatar.com\/tr\/?s={search_term_string}"},"query-input":{"@type":"PropertyValueSpecification","valueRequired":true,"valueName":"search_term_string"}}],"inLanguage":"tr"},{"@type":"Organization","@id":"https:\/\/drsedattatar.com\/tr\/#organization","name":"\u0130stanbul Estetik, Plastik ve Rekonstr\u00fcktif Cerrahi - Do\u00e7. Dr. Sedat Tatar","url":"https:\/\/drsedattatar.com\/tr\/","logo":{"@type":"ImageObject","inLanguage":"tr","@id":"https:\/\/drsedattatar.com\/tr\/#\/schema\/logo\/image\/","url":"https:\/\/drsedattatar.com\/tr\/wp-content\/uploads\/2023\/06\/cropped-cropped-cropped-dr-sedat-tatar-estetik-plastik-logo.webp","contentUrl":"https:\/\/drsedattatar.com\/tr\/wp-content\/uploads\/2023\/06\/cropped-cropped-cropped-dr-sedat-tatar-estetik-plastik-logo.webp","width":1505,"height":602,"caption":"\u0130stanbul Estetik, Plastik ve Rekonstr\u00fcktif Cerrahi - Do\u00e7. Dr. Sedat Tatar"},"image":{"@id":"https:\/\/drsedattatar.com\/tr\/#\/schema\/logo\/image\/"}},{"@type":"Person","@id":"https:\/\/drsedattatar.com\/tr\/#\/schema\/person\/aa22f82cb49cf6b0e8e4c2fdd472308a","name":"Sedat Tatar","image":{"@type":"ImageObject","inLanguage":"tr","@id":"https:\/\/drsedattatar.com\/tr\/#\/schema\/person\/image\/","url":"https:\/\/secure.gravatar.com\/avatar\/dea798d972982cc67ccc601a56275438ae42ec5d4557bb1f2fb426553e72d1a1?s=96&d=mm&r=g","contentUrl":"https:\/\/secure.gravatar.com\/avatar\/dea798d972982cc67ccc601a56275438ae42ec5d4557bb1f2fb426553e72d1a1?s=96&d=mm&r=g","caption":"Sedat Tatar"},"sameAs":["http:\/\/drsedattatar.com\/tr"],"url":"https:\/\/drsedattatar.com\/tr\/author\/admin\/"}]}},"taxonomy_info":{"category":[{"value":14,"label":"Plastik Cerrahi Blog"}]},"featured_image_src_large":["https:\/\/drsedattatar.com\/tr\/wp-content\/uploads\/2025\/12\/62-Kapak-TR-1024x576.png",1024,576,true],"author_info":{"display_name":"Sedat Tatar","author_link":"https:\/\/drsedattatar.com\/tr\/author\/admin\/"},"comment_info":0,"category_info":[{"term_id":14,"name":"Plastik Cerrahi Blog","slug":"plastik-cerrahi-blog","term_group":0,"term_taxonomy_id":14,"taxonomy":"category","description":"","parent":0,"count":155,"filter":"raw","cat_ID":14,"category_count":155,"category_description":"","cat_name":"Plastik Cerrahi Blog","category_nicename":"plastik-cerrahi-blog","category_parent":0}],"tag_info":false,"_links":{"self":[{"href":"https:\/\/drsedattatar.com\/tr\/wp-json\/wp\/v2\/posts\/3055","targetHints":{"allow":["GET"]}}],"collection":[{"href":"https:\/\/drsedattatar.com\/tr\/wp-json\/wp\/v2\/posts"}],"about":[{"href":"https:\/\/drsedattatar.com\/tr\/wp-json\/wp\/v2\/types\/post"}],"author":[{"embeddable":true,"href":"https:\/\/drsedattatar.com\/tr\/wp-json\/wp\/v2\/users\/1"}],"replies":[{"embeddable":true,"href":"https:\/\/drsedattatar.com\/tr\/wp-json\/wp\/v2\/comments?post=3055"}],"version-history":[{"count":2,"href":"https:\/\/drsedattatar.com\/tr\/wp-json\/wp\/v2\/posts\/3055\/revisions"}],"predecessor-version":[{"id":3059,"href":"https:\/\/drsedattatar.com\/tr\/wp-json\/wp\/v2\/posts\/3055\/revisions\/3059"}],"wp:featuredmedia":[{"embeddable":true,"href":"https:\/\/drsedattatar.com\/tr\/wp-json\/wp\/v2\/media\/3058"}],"wp:attachment":[{"href":"https:\/\/drsedattatar.com\/tr\/wp-json\/wp\/v2\/media?parent=3055"}],"wp:term":[{"taxonomy":"category","embeddable":true,"href":"https:\/\/drsedattatar.com\/tr\/wp-json\/wp\/v2\/categories?post=3055"},{"taxonomy":"post_tag","embeddable":true,"href":"https:\/\/drsedattatar.com\/tr\/wp-json\/wp\/v2\/tags?post=3055"}],"curies":[{"name":"wp","href":"https:\/\/api.w.org\/{rel}","templated":true}]}}