{"id":3071,"date":"2025-12-21T17:41:22","date_gmt":"2025-12-21T17:41:22","guid":{"rendered":"https:\/\/drsedattatar.com\/tr\/?p=3071"},"modified":"2025-12-21T17:41:24","modified_gmt":"2025-12-21T17:41:24","slug":"karin-germe-ameliyati-ile-fitik-onarimi-birlikte-yapilir-mi","status":"publish","type":"post","link":"https:\/\/drsedattatar.com\/tr\/karin-germe-ameliyati-ile-fitik-onarimi-birlikte-yapilir-mi\/","title":{"rendered":"Kar\u0131n Germe Ameliyat\u0131 \u0130le F\u0131t\u0131k Onar\u0131m\u0131 Birlikte Yap\u0131l\u0131r m\u0131?"},"content":{"rendered":"\n<p>Kar\u0131n b\u00f6lgesi, estetik g\u00f6r\u00fcn\u00fcm\u00fcn yan\u0131 s\u0131ra sa\u011fl\u0131k a\u00e7\u0131s\u0131ndan da \u00f6nemli bir aland\u0131r. Fazla kilo, do\u011fumlar veya ya\u015f\u0131n ilerlemesi kar\u0131n kaslar\u0131n\u0131n zay\u0131flamas\u0131na, derinin gev\u015femesine ve hatta f\u0131t\u0131k olu\u015fumuna yol a\u00e7abilir. Bu durum, ki\u015fide hem estetik kayg\u0131lara hem de sa\u011fl\u0131k problemlerine neden olur. Kar\u0131n germe ameliyat\u0131 (abdominoplasti), kar\u0131n b\u00f6lgesindeki fazla deri ve ya\u011f\u0131n al\u0131narak kaslar\u0131n s\u0131k\u0131la\u015ft\u0131r\u0131ld\u0131\u011f\u0131 estetik bir operasyondur. F\u0131t\u0131k onar\u0131m\u0131 ise, kar\u0131n duvar\u0131nda olu\u015fan y\u0131rt\u0131klar\u0131n cerrahi olarak kapat\u0131lmas\u0131 i\u015flemidir.<\/p>\n\n\n\n<h2 class=\"wp-block-heading\"><a><\/a><strong>Kar\u0131n Germe Ameliyat\u0131 Nedir?<\/strong><\/h2>\n\n\n\n<p>Kar\u0131n germe, \u00f6zellikle do\u011fum sonras\u0131 veya b\u00fcy\u00fck kilo kayb\u0131 sonras\u0131 kar\u0131n b\u00f6lgesinde olu\u015fan sarkmalar\u0131 gidermek i\u00e7in yap\u0131lan bir estetik cerrahi i\u015flemdir.<\/p>\n\n\n\n<ul class=\"wp-block-list\">\n<li>Fazla deri ve ya\u011f al\u0131n\u0131r,<\/li>\n\n\n\n<li>Kar\u0131n kaslar\u0131 s\u0131k\u0131la\u015ft\u0131r\u0131l\u0131r,<\/li>\n\n\n\n<li>Daha d\u00fcz, s\u0131k\u0131 ve estetik bir kar\u0131n g\u00f6r\u00fcn\u00fcm\u00fc elde edilir.<\/li>\n<\/ul>\n\n\n\n<p>Kar\u0131n germe, ki\u015finin yaln\u0131zca estetik g\u00f6r\u00fcn\u00fcm\u00fcn\u00fc de\u011fil, ayn\u0131 zamanda \u00f6zg\u00fcvenini de art\u0131r\u0131r.<\/p>\n\n\n\n<h2 class=\"wp-block-heading\"><a><\/a><strong>Kar\u0131n F\u0131t\u0131\u011f\u0131 Nedir?<\/strong><\/h2>\n\n\n\n<p>Kar\u0131n f\u0131t\u0131\u011f\u0131, kar\u0131n duvar\u0131ndaki kaslar\u0131n zay\u0131flamas\u0131 sonucu i\u00e7 organlar\u0131n d\u0131\u015far\u0131ya do\u011fru \u00e7\u0131k\u0131nt\u0131 yapmas\u0131d\u0131r. En s\u0131k g\u00f6r\u00fclen t\u00fcrleri:<\/p>\n\n\n\n<ul class=\"wp-block-list\">\n<li>G\u00f6bek f\u0131t\u0131\u011f\u0131 (umbilikal herni),<\/li>\n\n\n\n<li>Epigastrik f\u0131t\u0131k (\u00fcst kar\u0131n f\u0131t\u0131\u011f\u0131),<\/li>\n\n\n\n<li>\u0130nsizyonel f\u0131t\u0131k (\u00f6nceki ameliyat kesilerinden geli\u015fen f\u0131t\u0131k).<\/li>\n<\/ul>\n\n\n\n<p>F\u0131t\u0131k, yaln\u0131zca estetik sorunlara de\u011fil, ayn\u0131 zamanda a\u011fr\u0131ya ve sindirim sistemiyle ilgili problemlere de yol a\u00e7abilir.<\/p>\n\n\n\n<h2 class=\"wp-block-heading\"><strong>Kar\u0131n Germe \u0130le F\u0131t\u0131k Onar\u0131m\u0131 Ayn\u0131 Anda Yap\u0131labilir mi?<\/strong><\/h2>\n\n\n\n<p>Evet, kar\u0131n germe ameliyat\u0131 ile f\u0131t\u0131k onar\u0131m\u0131 ayn\u0131 seansta yap\u0131labilir.<\/p>\n\n\n\n<ul class=\"wp-block-list\">\n<li>Kar\u0131n germe s\u0131ras\u0131nda zaten kar\u0131n kaslar\u0131na m\u00fcdahale edildi\u011fi i\u00e7in, bu s\u0131rada f\u0131t\u0131\u011f\u0131n da onar\u0131lmas\u0131 m\u00fcmk\u00fcnd\u00fcr.<\/li>\n\n\n\n<li>B\u00f6ylece hasta tek bir anestezi ile hem estetik hem de sa\u011fl\u0131k a\u00e7\u0131s\u0131ndan iki sorundan kurtulmu\u015f olur.<\/li>\n<\/ul>\n\n\n\n<p>Bu yakla\u015f\u0131m, \u00f6zellikle g\u00f6bek f\u0131t\u0131\u011f\u0131 veya k\u00fc\u00e7\u00fck \u00e7apl\u0131 f\u0131t\u0131klar\u0131n e\u015flik etti\u011fi durumlarda olduk\u00e7a yayg\u0131nd\u0131r.<\/p>\n\n\n\n<h2 class=\"wp-block-heading\"><a><\/a><strong>Birlikte Yap\u0131lmas\u0131n\u0131n Avantajlar\u0131<\/strong><\/h2>\n\n\n\n<ol start=\"1\" class=\"wp-block-list\">\n<li><strong>Tek anestezi ve tek ameliyat:<\/strong> Hasta i\u00e7in risk ve maliyet azal\u0131r.<\/li>\n\n\n\n<li><strong>Daha k\u0131sa iyile\u015fme s\u00fcreci:<\/strong> Ayr\u0131 ayr\u0131 iki ameliyat olmak yerine tek iyile\u015fme d\u00f6nemi yeterlidir.<\/li>\n\n\n\n<li><strong>Daha g\u00fc\u00e7l\u00fc kar\u0131n duvar\u0131:<\/strong> Hem kaslar toparlan\u0131r hem de f\u0131t\u0131k onar\u0131l\u0131r, kar\u0131n daha sa\u011flam bir yap\u0131ya kavu\u015fur.<\/li>\n\n\n\n<li><strong>Estetik ve sa\u011fl\u0131k birlikte \u00e7\u00f6z\u00fcl\u00fcr:<\/strong> Hem sarkmalar giderilir hem de f\u0131t\u0131k problemi ortadan kalkar.<\/li>\n<\/ol>\n\n\n\n<h2 class=\"wp-block-heading\"><a><\/a><strong>S\u00fcrecin Nas\u0131l \u0130\u015fledi\u011fi<\/strong><\/h2>\n\n\n\n<ul class=\"wp-block-list\">\n<li>Ameliyat genel anestezi alt\u0131nda yap\u0131l\u0131r.<\/li>\n\n\n\n<li>\u0130lk a\u015famada fazla deri ve ya\u011f al\u0131n\u0131r.<\/li>\n\n\n\n<li>Kar\u0131n kaslar\u0131 orta hatta s\u0131k\u0131la\u015ft\u0131r\u0131l\u0131r.<\/li>\n\n\n\n<li>F\u0131t\u0131k b\u00f6lgesi cerrahi olarak kapat\u0131l\u0131r.<\/li>\n\n\n\n<li>Son olarak kar\u0131n derisi yeniden \u015fekillendirilir.<\/li>\n<\/ul>\n\n\n\n<p>Ameliyat s\u00fcresi f\u0131t\u0131\u011f\u0131n b\u00fcy\u00fckl\u00fc\u011f\u00fcne ba\u011fl\u0131 olarak 2\u20134 saat aras\u0131nda de\u011fi\u015febilir.<\/p>\n\n\n\n<h2 class=\"wp-block-heading\"><a><\/a><strong>Kimler \u0130\u00e7in Uygundur?<\/strong><\/h2>\n\n\n\n<ul class=\"wp-block-list\">\n<li>Kar\u0131n b\u00f6lgesinde sarkma ve gev\u015feme ya\u015fayan,<\/li>\n\n\n\n<li>Ayn\u0131 zamanda g\u00f6bek veya epigastrik f\u0131t\u0131\u011f\u0131 bulunan,<\/li>\n\n\n\n<li>Genel sa\u011fl\u0131k durumu iyi olan,<\/li>\n\n\n\n<li>Sigara kullanmayan veya ameliyat \u00f6ncesi b\u0131rakabilen ki\u015filer bu i\u015flem i\u00e7in uygun adaylard\u0131r.<\/li>\n<\/ul>\n\n\n\n<h2 class=\"wp-block-heading\"><a><\/a><strong>Ameliyat Sonras\u0131 \u0130yile\u015fme<\/strong><\/h2>\n\n\n\n<ul class=\"wp-block-list\">\n<li>\u0130lk g\u00fcnlerde \u015fi\u015flik ve gerginlik normaldir.<\/li>\n\n\n\n<li>2\u20133 hafta i\u00e7erisinde g\u00fcnl\u00fck aktivitelere d\u00f6n\u00fclebilir.<\/li>\n\n\n\n<li>Korse kullan\u0131m\u0131 iyile\u015fmeyi h\u0131zland\u0131r\u0131r.<\/li>\n\n\n\n<li>A\u011f\u0131r sporlara d\u00f6n\u00fc\u015f i\u00e7in genellikle 6\u20138 hafta beklenir.<\/li>\n<\/ul>\n\n\n\n<p>F\u0131t\u0131k onar\u0131m\u0131yla birlikte yap\u0131lan kar\u0131n germe ameliyat\u0131nda, iyile\u015fme s\u00fcreci tek ba\u015f\u0131na kar\u0131n germe ile benzerdir.<\/p>\n\n\n\n<h2 class=\"wp-block-heading\"><a><\/a><strong>Olas\u0131 Riskler<\/strong><\/h2>\n\n\n\n<p>Her cerrahi i\u015flemde oldu\u011fu gibi bu operasyonda da baz\u0131 riskler vard\u0131r:<\/p>\n\n\n\n<ul class=\"wp-block-list\">\n<li>Kanama veya enfeksiyon,<\/li>\n\n\n\n<li>Ge\u00e7 iyile\u015fme,<\/li>\n\n\n\n<li>\u0130z kalmas\u0131,<\/li>\n\n\n\n<li>F\u0131t\u0131\u011f\u0131n tekrar etme ihtimali (\u00f6zellikle b\u00fcy\u00fck f\u0131t\u0131klarda).<\/li>\n<\/ul>\n\n\n\n<p>Deneyimli bir plastik cerrah ile riskler minimuma indirilir.<\/p>\n\n\n\n<h2 class=\"wp-block-heading\"><a><\/a><strong>S\u0131k Sorulan Sorular<\/strong><\/h2>\n\n\n\n<p><strong>1. Kar\u0131n germe ile f\u0131t\u0131k ameliyat\u0131 ayn\u0131 anda yap\u0131l\u0131r m\u0131?<br><\/strong>&nbsp;Evet, \u00f6zellikle g\u00f6bek f\u0131t\u0131\u011f\u0131 ve k\u00fc\u00e7\u00fck f\u0131t\u0131klar kar\u0131n germe s\u0131ras\u0131nda kolayl\u0131kla onar\u0131labilir.<\/p>\n\n\n\n<p><strong>2. \u0130yile\u015fme s\u00fcreci daha m\u0131 zor olur?<br><\/strong>&nbsp;Hay\u0131r, tek ba\u015f\u0131na kar\u0131n germe ameliyat\u0131yla neredeyse ayn\u0131d\u0131r.<\/p>\n\n\n\n<p><strong>3. \u0130zler daha fazla olur mu?<br><\/strong>&nbsp;Hay\u0131r, izler kar\u0131n germe hatt\u0131nda kald\u0131\u011f\u0131 i\u00e7in ek bir iz olu\u015fmaz.<\/p>\n\n\n\n<p><strong>4. F\u0131t\u0131k tekrarlar m\u0131?<br><\/strong>&nbsp;K\u00fc\u00e7\u00fck f\u0131t\u0131klar\u0131n tekrar etme ihtimali d\u00fc\u015f\u00fckt\u00fcr, ancak b\u00fcy\u00fck f\u0131t\u0131klarda risk vard\u0131r.<\/p>\n\n\n\n<p><strong>5. Ameliyat s\u00fcresi uzar m\u0131?<br><\/strong>&nbsp;Evet, f\u0131t\u0131\u011f\u0131n b\u00fcy\u00fckl\u00fc\u011f\u00fcne ba\u011fl\u0131 olarak ameliyat 30\u201360 dakika uzayabilir.<\/p>\n\n\n\n<h2 class=\"wp-block-heading\"><a><\/a><strong>Kar\u0131n Esteti\u011fi ve Sa\u011fl\u0131k Tek Ameliyatla<\/strong><\/h2>\n\n\n\n<p>Kar\u0131n germe ameliyat\u0131 ile f\u0131t\u0131k onar\u0131m\u0131n\u0131n birlikte yap\u0131lmas\u0131 hem estetik hem de sa\u011fl\u0131k a\u00e7\u0131s\u0131ndan hastalara b\u00fcy\u00fck avantaj sa\u011flar. Tek ameliyatla hem kar\u0131n b\u00f6lgesi s\u0131k\u0131la\u015ft\u0131r\u0131l\u0131r hem de f\u0131t\u0131k sorunu ortadan kald\u0131r\u0131l\u0131r.<\/p>\n\n\n\n<p>Do\u011fru hasta se\u00e7imi, deneyimli bir cerrah ve d\u00fczenli ameliyat sonras\u0131 bak\u0131m ile bu y\u00f6ntem, kar\u0131n esteti\u011finde en etkili ve g\u00fcvenli \u00e7\u00f6z\u00fcmlerden biridir.<\/p>\n\n\n\n<p><strong>Hekim Bilgisi<\/strong><\/p>\n\n\n\n<p><strong>Do\u00e7. Dr. Sedat Tatar<\/strong>, iki ayr\u0131 uluslararas\u0131 kurul taraf\u0131ndan sertifikaland\u0131r\u0131lm\u0131\u015f (Double Board Certified) Plastik, Rekonstr\u00fcktif ve Estetik Cerrahi uzman\u0131d\u0131r. <strong>American College of Surgeons Fellow (FACS)<\/strong> ve <strong>European Board of Plastic, Reconstructive and Aesthetic Surgery Fellow (FEBOPRAS)<\/strong> unvanlar\u0131na sahiptir.<\/p>\n\n\n\n<p>Uluslararas\u0131 profesyonel \u00fcyelikleri aras\u0131nda <strong>ISAPS (International Society of Aesthetic Plastic Surgery)<\/strong> ve <strong>ASPS (American Society of Plastic Surgeons)<\/strong> bulunmaktad\u0131r.<\/p>\n\n\n\n<p>Klini\u011fi \u0130stanbul\u2019da <strong>T\u00fcrkiye Sa\u011fl\u0131k Bakanl\u0131\u011f\u0131 taraf\u0131ndan Sa\u011fl\u0131k Turizmi Merkezi olarak yetkilidir<\/strong> ve \u015firketi <strong>Birle\u015fik Krall\u0131k &amp; Galler&#8217;e kay\u0131tl\u0131d\u0131r.<\/strong><\/p>\n\n\n\n<p><strong>\u0130LET\u0130\u015e\u0130M B\u0130LG\u0130LER\u0130<\/strong><\/p>\n\n\n\n<p><strong>Do\u00e7. Dr. Sedar Tatar Klini\u011fi<\/strong><\/p>\n\n\n\n<p><strong>Telefon No :&nbsp;<\/strong><a href=\"tel:+90%20(555)%20100%2010%2083\">+90 (555) 100 10 83<\/a><br><strong>\u0130leti\u015fim Linki :&nbsp;<\/strong><a href=\"mailto:info@drsedattatar.com\">info@drsedattatar.com<\/a><br><strong>Adres :&nbsp;<\/strong>Levent Mahallesi, Karanfil Aral\u0131\u011f\u0131 Caddesi No: 18 Be\u015fikta\u015f\/\u0130STANBUL<\/p>\n\n\n<div class=\"kk-star-ratings kksr-auto kksr-align-center kksr-valign-bottom\"\n    data-payload='{&quot;align&quot;:&quot;center&quot;,&quot;id&quot;:&quot;3071&quot;,&quot;slug&quot;:&quot;default&quot;,&quot;valign&quot;:&quot;bottom&quot;,&quot;ignore&quot;:&quot;&quot;,&quot;reference&quot;:&quot;auto&quot;,&quot;class&quot;:&quot;&quot;,&quot;count&quot;:&quot;0&quot;,&quot;legendonly&quot;:&quot;&quot;,&quot;readonly&quot;:&quot;&quot;,&quot;score&quot;:&quot;0&quot;,&quot;starsonly&quot;:&quot;&quot;,&quot;best&quot;:&quot;5&quot;,&quot;gap&quot;:&quot;5&quot;,&quot;greet&quot;:&quot;\u0130\u00e7eri\u011fimizi Oylay\u0131n!&quot;,&quot;legend&quot;:&quot;0\\\/5 - (0 oy verildi!)&quot;,&quot;size&quot;:&quot;24&quot;,&quot;title&quot;:&quot;Kar\u0131n Germe Ameliyat\u0131 \u0130le F\u0131t\u0131k Onar\u0131m\u0131 Birlikte Yap\u0131l\u0131r m\u0131?&quot;,&quot;width&quot;:&quot;0&quot;,&quot;_legend&quot;:&quot;{score}\\\/{best} - ({count} oy verildi!)&quot;,&quot;font_factor&quot;:&quot;1.25&quot;}'>\n            \n<div class=\"kksr-stars\">\n    \n<div class=\"kksr-stars-inactive\">\n            <div class=\"kksr-star\" data-star=\"1\" style=\"padding-right: 5px\">\n            \n\n<div class=\"kksr-icon\" style=\"width: 24px; height: 24px;\"><\/div>\n        <\/div>\n            <div class=\"kksr-star\" data-star=\"2\" style=\"padding-right: 5px\">\n            \n\n<div class=\"kksr-icon\" style=\"width: 24px; height: 24px;\"><\/div>\n        <\/div>\n            <div class=\"kksr-star\" data-star=\"3\" style=\"padding-right: 5px\">\n            \n\n<div class=\"kksr-icon\" style=\"width: 24px; height: 24px;\"><\/div>\n        <\/div>\n            <div class=\"kksr-star\" data-star=\"4\" style=\"padding-right: 5px\">\n            \n\n<div class=\"kksr-icon\" style=\"width: 24px; height: 24px;\"><\/div>\n        <\/div>\n            <div class=\"kksr-star\" data-star=\"5\" style=\"padding-right: 5px\">\n            \n\n<div class=\"kksr-icon\" style=\"width: 24px; height: 24px;\"><\/div>\n        <\/div>\n    <\/div>\n    \n<div class=\"kksr-stars-active\" style=\"width: 0px;\">\n            <div class=\"kksr-star\" style=\"padding-right: 5px\">\n            \n\n<div class=\"kksr-icon\" style=\"width: 24px; height: 24px;\"><\/div>\n        <\/div>\n            <div class=\"kksr-star\" style=\"padding-right: 5px\">\n            \n\n<div class=\"kksr-icon\" style=\"width: 24px; height: 24px;\"><\/div>\n        <\/div>\n            <div class=\"kksr-star\" style=\"padding-right: 5px\">\n            \n\n<div class=\"kksr-icon\" style=\"width: 24px; height: 24px;\"><\/div>\n        <\/div>\n            <div class=\"kksr-star\" style=\"padding-right: 5px\">\n            \n\n<div class=\"kksr-icon\" style=\"width: 24px; height: 24px;\"><\/div>\n        <\/div>\n            <div class=\"kksr-star\" style=\"padding-right: 5px\">\n            \n\n<div class=\"kksr-icon\" style=\"width: 24px; height: 24px;\"><\/div>\n        <\/div>\n    <\/div>\n<\/div>\n                \n\n<div class=\"kksr-legend\" style=\"font-size: 19.2px;\">\n            <span class=\"kksr-muted\">\u0130\u00e7eri\u011fimizi Oylay\u0131n!<\/span>\n    <\/div>\n    <\/div>\n","protected":false},"excerpt":{"rendered":"<p>Kar\u0131n b\u00f6lgesi, estetik g\u00f6r\u00fcn\u00fcm\u00fcn yan\u0131 s\u0131ra sa\u011fl\u0131k a\u00e7\u0131s\u0131ndan da \u00f6nemli bir aland\u0131r. Fazla kilo, do\u011fumlar veya ya\u015f\u0131n ilerlemesi kar\u0131n kaslar\u0131n\u0131n zay\u0131flamas\u0131na, derinin gev\u015femesine ve hatta f\u0131t\u0131k olu\u015fumuna yol a\u00e7abilir. Bu durum, ki\u015fide hem estetik kayg\u0131lara hem de sa\u011fl\u0131k problemlerine neden olur. Kar\u0131n germe ameliyat\u0131 (abdominoplasti), kar\u0131n b\u00f6lgesindeki fazla deri ve ya\u011f\u0131n al\u0131narak kaslar\u0131n s\u0131k\u0131la\u015ft\u0131r\u0131ld\u0131\u011f\u0131 estetik bir operasyondur. F\u0131t\u0131k onar\u0131m\u0131 ise, kar\u0131n duvar\u0131nda olu\u015fan y\u0131rt\u0131klar\u0131n cerrahi olarak kapat\u0131lmas\u0131 i\u015flemidir.<\/p>\n","protected":false},"author":1,"featured_media":3072,"comment_status":"closed","ping_status":"open","sticky":false,"template":"","format":"standard","meta":{"_kad_blocks_custom_css":"","_kad_blocks_head_custom_js":"","_kad_blocks_body_custom_js":"","_kad_blocks_footer_custom_js":"","_kadence_starter_templates_imported_post":false,"_kad_post_transparent":"","_kad_post_title":"","_kad_post_layout":"","_kad_post_sidebar_id":"","_kad_post_content_style":"","_kad_post_vertical_padding":"","_kad_post_feature":"","_kad_post_feature_position":"","_kad_post_header":false,"_kad_post_footer":false,"footnotes":""},"categories":[14],"tags":[],"class_list":["post-3071","post","type-post","status-publish","format-standard","has-post-thumbnail","hentry","category-plastik-cerrahi-blog"],"yoast_head":"<!-- This site is optimized with the Yoast SEO plugin v25.9 - https:\/\/yoast.com\/wordpress\/plugins\/seo\/ -->\n<title>Kar\u0131n Germe Ameliyat\u0131 \u0130le F\u0131t\u0131k Onar\u0131m\u0131 Birlikte Yap\u0131l\u0131r m\u0131? - \u0130stanbul Estetik, Plastik ve Rekonstr\u00fcktif Cerrahi - Do\u00e7. Dr. Sedat Tatar<\/title>\n<meta name=\"description\" content=\"Kar\u0131n germe ameliyat\u0131 ile f\u0131t\u0131k onar\u0131m\u0131 ayn\u0131 anda yap\u0131labilir mi? S\u00fcre\u00e7, avantajlar, iyile\u015fme s\u00fcresi ve kimlerin uygun oldu\u011fu hakk\u0131nda detayl\u0131 rehber.\" \/>\n<meta name=\"robots\" content=\"index, follow, max-snippet:-1, max-image-preview:large, max-video-preview:-1\" \/>\n<link rel=\"canonical\" href=\"https:\/\/drsedattatar.com\/tr\/karin-germe-ameliyati-ile-fitik-onarimi-birlikte-yapilir-mi\/\" \/>\n<meta property=\"og:locale\" content=\"tr_TR\" \/>\n<meta property=\"og:type\" content=\"article\" \/>\n<meta property=\"og:title\" content=\"Kar\u0131n Germe Ameliyat\u0131 \u0130le F\u0131t\u0131k Onar\u0131m\u0131 Birlikte Yap\u0131l\u0131r m\u0131? - \u0130stanbul Estetik, Plastik ve Rekonstr\u00fcktif Cerrahi - Do\u00e7. Dr. Sedat Tatar\" \/>\n<meta property=\"og:description\" content=\"Kar\u0131n germe ameliyat\u0131 ile f\u0131t\u0131k onar\u0131m\u0131 ayn\u0131 anda yap\u0131labilir mi? S\u00fcre\u00e7, avantajlar, iyile\u015fme s\u00fcresi ve kimlerin uygun oldu\u011fu hakk\u0131nda detayl\u0131 rehber.\" \/>\n<meta property=\"og:url\" content=\"https:\/\/drsedattatar.com\/tr\/karin-germe-ameliyati-ile-fitik-onarimi-birlikte-yapilir-mi\/\" \/>\n<meta property=\"og:site_name\" content=\"\u0130stanbul Estetik, Plastik ve Rekonstr\u00fcktif Cerrahi - Do\u00e7. Dr. Sedat Tatar\" \/>\n<meta property=\"article:published_time\" content=\"2025-12-21T17:41:22+00:00\" \/>\n<meta property=\"article:modified_time\" content=\"2025-12-21T17:41:24+00:00\" \/>\n<meta property=\"og:image\" content=\"https:\/\/drsedattatar.com\/tr\/wp-content\/uploads\/2025\/12\/66-Kapak-TR.png\" \/>\n\t<meta property=\"og:image:width\" content=\"1920\" \/>\n\t<meta property=\"og:image:height\" content=\"1080\" \/>\n\t<meta property=\"og:image:type\" content=\"image\/png\" \/>\n<meta name=\"author\" content=\"Sedat Tatar\" \/>\n<meta name=\"twitter:card\" content=\"summary_large_image\" \/>\n<meta name=\"twitter:label1\" content=\"Yazan:\" \/>\n\t<meta name=\"twitter:data1\" content=\"Sedat Tatar\" \/>\n\t<meta name=\"twitter:label2\" content=\"Tahmini okuma s\u00fcresi\" \/>\n\t<meta name=\"twitter:data2\" content=\"5 dakika\" \/>\n<script type=\"application\/ld+json\" class=\"yoast-schema-graph\">{\"@context\":\"https:\/\/schema.org\",\"@graph\":[{\"@type\":\"Article\",\"@id\":\"https:\/\/drsedattatar.com\/tr\/karin-germe-ameliyati-ile-fitik-onarimi-birlikte-yapilir-mi\/#article\",\"isPartOf\":{\"@id\":\"https:\/\/drsedattatar.com\/tr\/karin-germe-ameliyati-ile-fitik-onarimi-birlikte-yapilir-mi\/\"},\"author\":{\"name\":\"Sedat Tatar\",\"@id\":\"https:\/\/drsedattatar.com\/tr\/#\/schema\/person\/aa22f82cb49cf6b0e8e4c2fdd472308a\"},\"headline\":\"Kar\u0131n Germe Ameliyat\u0131 \u0130le F\u0131t\u0131k Onar\u0131m\u0131 Birlikte Yap\u0131l\u0131r m\u0131?\",\"datePublished\":\"2025-12-21T17:41:22+00:00\",\"dateModified\":\"2025-12-21T17:41:24+00:00\",\"mainEntityOfPage\":{\"@id\":\"https:\/\/drsedattatar.com\/tr\/karin-germe-ameliyati-ile-fitik-onarimi-birlikte-yapilir-mi\/\"},\"wordCount\":1099,\"publisher\":{\"@id\":\"https:\/\/drsedattatar.com\/tr\/#organization\"},\"image\":{\"@id\":\"https:\/\/drsedattatar.com\/tr\/karin-germe-ameliyati-ile-fitik-onarimi-birlikte-yapilir-mi\/#primaryimage\"},\"thumbnailUrl\":\"https:\/\/drsedattatar.com\/tr\/wp-content\/uploads\/2025\/12\/66-Kapak-TR.png\",\"articleSection\":[\"Plastik Cerrahi Blog\"],\"inLanguage\":\"tr\"},{\"@type\":\"WebPage\",\"@id\":\"https:\/\/drsedattatar.com\/tr\/karin-germe-ameliyati-ile-fitik-onarimi-birlikte-yapilir-mi\/\",\"url\":\"https:\/\/drsedattatar.com\/tr\/karin-germe-ameliyati-ile-fitik-onarimi-birlikte-yapilir-mi\/\",\"name\":\"Kar\u0131n Germe Ameliyat\u0131 \u0130le F\u0131t\u0131k Onar\u0131m\u0131 Birlikte Yap\u0131l\u0131r m\u0131? - \u0130stanbul Estetik, Plastik ve Rekonstr\u00fcktif Cerrahi - Do\u00e7. Dr. Sedat Tatar\",\"isPartOf\":{\"@id\":\"https:\/\/drsedattatar.com\/tr\/#website\"},\"primaryImageOfPage\":{\"@id\":\"https:\/\/drsedattatar.com\/tr\/karin-germe-ameliyati-ile-fitik-onarimi-birlikte-yapilir-mi\/#primaryimage\"},\"image\":{\"@id\":\"https:\/\/drsedattatar.com\/tr\/karin-germe-ameliyati-ile-fitik-onarimi-birlikte-yapilir-mi\/#primaryimage\"},\"thumbnailUrl\":\"https:\/\/drsedattatar.com\/tr\/wp-content\/uploads\/2025\/12\/66-Kapak-TR.png\",\"datePublished\":\"2025-12-21T17:41:22+00:00\",\"dateModified\":\"2025-12-21T17:41:24+00:00\",\"description\":\"Kar\u0131n germe ameliyat\u0131 ile f\u0131t\u0131k onar\u0131m\u0131 ayn\u0131 anda yap\u0131labilir mi? S\u00fcre\u00e7, avantajlar, iyile\u015fme s\u00fcresi ve kimlerin uygun oldu\u011fu hakk\u0131nda detayl\u0131 rehber.\",\"breadcrumb\":{\"@id\":\"https:\/\/drsedattatar.com\/tr\/karin-germe-ameliyati-ile-fitik-onarimi-birlikte-yapilir-mi\/#breadcrumb\"},\"inLanguage\":\"tr\",\"potentialAction\":[{\"@type\":\"ReadAction\",\"target\":[\"https:\/\/drsedattatar.com\/tr\/karin-germe-ameliyati-ile-fitik-onarimi-birlikte-yapilir-mi\/\"]}]},{\"@type\":\"ImageObject\",\"inLanguage\":\"tr\",\"@id\":\"https:\/\/drsedattatar.com\/tr\/karin-germe-ameliyati-ile-fitik-onarimi-birlikte-yapilir-mi\/#primaryimage\",\"url\":\"https:\/\/drsedattatar.com\/tr\/wp-content\/uploads\/2025\/12\/66-Kapak-TR.png\",\"contentUrl\":\"https:\/\/drsedattatar.com\/tr\/wp-content\/uploads\/2025\/12\/66-Kapak-TR.png\",\"width\":1920,\"height\":1080},{\"@type\":\"BreadcrumbList\",\"@id\":\"https:\/\/drsedattatar.com\/tr\/karin-germe-ameliyati-ile-fitik-onarimi-birlikte-yapilir-mi\/#breadcrumb\",\"itemListElement\":[{\"@type\":\"ListItem\",\"position\":1,\"name\":\"Anasayfa\",\"item\":\"https:\/\/drsedattatar.com\/tr\/\"},{\"@type\":\"ListItem\",\"position\":2,\"name\":\"Kar\u0131n Germe Ameliyat\u0131 \u0130le F\u0131t\u0131k Onar\u0131m\u0131 Birlikte Yap\u0131l\u0131r m\u0131?\"}]},{\"@type\":\"WebSite\",\"@id\":\"https:\/\/drsedattatar.com\/tr\/#website\",\"url\":\"https:\/\/drsedattatar.com\/tr\/\",\"name\":\"\u0130stanbul Estetik, Plastik ve Rekonstr\u00fcktif Cerrahi - Do\u00e7. Dr. Sedat Tatar\",\"description\":\"\u0130stanbul Estetik, Plastik ve Rekonstr\u00fcktif Cerrahi alan\u0131nda deneyimli Do\u00e7. Dr. Sedat Tatar ile hayallerinizi ger\u00e7e\u011fe d\u00f6n\u00fc\u015ft\u00fcr\u00fcn ve kendinizi en iyi \u015fekilde hissedin.\",\"publisher\":{\"@id\":\"https:\/\/drsedattatar.com\/tr\/#organization\"},\"potentialAction\":[{\"@type\":\"SearchAction\",\"target\":{\"@type\":\"EntryPoint\",\"urlTemplate\":\"https:\/\/drsedattatar.com\/tr\/?s={search_term_string}\"},\"query-input\":{\"@type\":\"PropertyValueSpecification\",\"valueRequired\":true,\"valueName\":\"search_term_string\"}}],\"inLanguage\":\"tr\"},{\"@type\":\"Organization\",\"@id\":\"https:\/\/drsedattatar.com\/tr\/#organization\",\"name\":\"\u0130stanbul Estetik, Plastik ve Rekonstr\u00fcktif Cerrahi - Do\u00e7. Dr. Sedat Tatar\",\"url\":\"https:\/\/drsedattatar.com\/tr\/\",\"logo\":{\"@type\":\"ImageObject\",\"inLanguage\":\"tr\",\"@id\":\"https:\/\/drsedattatar.com\/tr\/#\/schema\/logo\/image\/\",\"url\":\"https:\/\/drsedattatar.com\/tr\/wp-content\/uploads\/2023\/06\/cropped-cropped-cropped-dr-sedat-tatar-estetik-plastik-logo.webp\",\"contentUrl\":\"https:\/\/drsedattatar.com\/tr\/wp-content\/uploads\/2023\/06\/cropped-cropped-cropped-dr-sedat-tatar-estetik-plastik-logo.webp\",\"width\":1505,\"height\":602,\"caption\":\"\u0130stanbul Estetik, Plastik ve Rekonstr\u00fcktif Cerrahi - Do\u00e7. Dr. Sedat Tatar\"},\"image\":{\"@id\":\"https:\/\/drsedattatar.com\/tr\/#\/schema\/logo\/image\/\"}},{\"@type\":\"Person\",\"@id\":\"https:\/\/drsedattatar.com\/tr\/#\/schema\/person\/aa22f82cb49cf6b0e8e4c2fdd472308a\",\"name\":\"Sedat Tatar\",\"image\":{\"@type\":\"ImageObject\",\"inLanguage\":\"tr\",\"@id\":\"https:\/\/drsedattatar.com\/tr\/#\/schema\/person\/image\/\",\"url\":\"https:\/\/secure.gravatar.com\/avatar\/dea798d972982cc67ccc601a56275438ae42ec5d4557bb1f2fb426553e72d1a1?s=96&d=mm&r=g\",\"contentUrl\":\"https:\/\/secure.gravatar.com\/avatar\/dea798d972982cc67ccc601a56275438ae42ec5d4557bb1f2fb426553e72d1a1?s=96&d=mm&r=g\",\"caption\":\"Sedat Tatar\"},\"sameAs\":[\"http:\/\/drsedattatar.com\/tr\"],\"url\":\"https:\/\/drsedattatar.com\/tr\/author\/admin\/\"}]}<\/script>\n<!-- \/ Yoast SEO plugin. -->","yoast_head_json":{"title":"Kar\u0131n Germe Ameliyat\u0131 \u0130le F\u0131t\u0131k Onar\u0131m\u0131 Birlikte Yap\u0131l\u0131r m\u0131? - \u0130stanbul Estetik, Plastik ve Rekonstr\u00fcktif Cerrahi - Do\u00e7. Dr. Sedat Tatar","description":"Kar\u0131n germe ameliyat\u0131 ile f\u0131t\u0131k onar\u0131m\u0131 ayn\u0131 anda yap\u0131labilir mi? S\u00fcre\u00e7, avantajlar, iyile\u015fme s\u00fcresi ve kimlerin uygun oldu\u011fu hakk\u0131nda detayl\u0131 rehber.","robots":{"index":"index","follow":"follow","max-snippet":"max-snippet:-1","max-image-preview":"max-image-preview:large","max-video-preview":"max-video-preview:-1"},"canonical":"https:\/\/drsedattatar.com\/tr\/karin-germe-ameliyati-ile-fitik-onarimi-birlikte-yapilir-mi\/","og_locale":"tr_TR","og_type":"article","og_title":"Kar\u0131n Germe Ameliyat\u0131 \u0130le F\u0131t\u0131k Onar\u0131m\u0131 Birlikte Yap\u0131l\u0131r m\u0131? - \u0130stanbul Estetik, Plastik ve Rekonstr\u00fcktif Cerrahi - Do\u00e7. Dr. Sedat Tatar","og_description":"Kar\u0131n germe ameliyat\u0131 ile f\u0131t\u0131k onar\u0131m\u0131 ayn\u0131 anda yap\u0131labilir mi? S\u00fcre\u00e7, avantajlar, iyile\u015fme s\u00fcresi ve kimlerin uygun oldu\u011fu hakk\u0131nda detayl\u0131 rehber.","og_url":"https:\/\/drsedattatar.com\/tr\/karin-germe-ameliyati-ile-fitik-onarimi-birlikte-yapilir-mi\/","og_site_name":"\u0130stanbul Estetik, Plastik ve Rekonstr\u00fcktif Cerrahi - Do\u00e7. Dr. Sedat Tatar","article_published_time":"2025-12-21T17:41:22+00:00","article_modified_time":"2025-12-21T17:41:24+00:00","og_image":[{"width":1920,"height":1080,"url":"https:\/\/drsedattatar.com\/tr\/wp-content\/uploads\/2025\/12\/66-Kapak-TR.png","type":"image\/png"}],"author":"Sedat Tatar","twitter_card":"summary_large_image","twitter_misc":{"Yazan:":"Sedat Tatar","Tahmini okuma s\u00fcresi":"5 dakika"},"schema":{"@context":"https:\/\/schema.org","@graph":[{"@type":"Article","@id":"https:\/\/drsedattatar.com\/tr\/karin-germe-ameliyati-ile-fitik-onarimi-birlikte-yapilir-mi\/#article","isPartOf":{"@id":"https:\/\/drsedattatar.com\/tr\/karin-germe-ameliyati-ile-fitik-onarimi-birlikte-yapilir-mi\/"},"author":{"name":"Sedat Tatar","@id":"https:\/\/drsedattatar.com\/tr\/#\/schema\/person\/aa22f82cb49cf6b0e8e4c2fdd472308a"},"headline":"Kar\u0131n Germe Ameliyat\u0131 \u0130le F\u0131t\u0131k Onar\u0131m\u0131 Birlikte Yap\u0131l\u0131r m\u0131?","datePublished":"2025-12-21T17:41:22+00:00","dateModified":"2025-12-21T17:41:24+00:00","mainEntityOfPage":{"@id":"https:\/\/drsedattatar.com\/tr\/karin-germe-ameliyati-ile-fitik-onarimi-birlikte-yapilir-mi\/"},"wordCount":1099,"publisher":{"@id":"https:\/\/drsedattatar.com\/tr\/#organization"},"image":{"@id":"https:\/\/drsedattatar.com\/tr\/karin-germe-ameliyati-ile-fitik-onarimi-birlikte-yapilir-mi\/#primaryimage"},"thumbnailUrl":"https:\/\/drsedattatar.com\/tr\/wp-content\/uploads\/2025\/12\/66-Kapak-TR.png","articleSection":["Plastik Cerrahi Blog"],"inLanguage":"tr"},{"@type":"WebPage","@id":"https:\/\/drsedattatar.com\/tr\/karin-germe-ameliyati-ile-fitik-onarimi-birlikte-yapilir-mi\/","url":"https:\/\/drsedattatar.com\/tr\/karin-germe-ameliyati-ile-fitik-onarimi-birlikte-yapilir-mi\/","name":"Kar\u0131n Germe Ameliyat\u0131 \u0130le F\u0131t\u0131k Onar\u0131m\u0131 Birlikte Yap\u0131l\u0131r m\u0131? - \u0130stanbul Estetik, Plastik ve Rekonstr\u00fcktif Cerrahi - Do\u00e7. Dr. Sedat Tatar","isPartOf":{"@id":"https:\/\/drsedattatar.com\/tr\/#website"},"primaryImageOfPage":{"@id":"https:\/\/drsedattatar.com\/tr\/karin-germe-ameliyati-ile-fitik-onarimi-birlikte-yapilir-mi\/#primaryimage"},"image":{"@id":"https:\/\/drsedattatar.com\/tr\/karin-germe-ameliyati-ile-fitik-onarimi-birlikte-yapilir-mi\/#primaryimage"},"thumbnailUrl":"https:\/\/drsedattatar.com\/tr\/wp-content\/uploads\/2025\/12\/66-Kapak-TR.png","datePublished":"2025-12-21T17:41:22+00:00","dateModified":"2025-12-21T17:41:24+00:00","description":"Kar\u0131n germe ameliyat\u0131 ile f\u0131t\u0131k onar\u0131m\u0131 ayn\u0131 anda yap\u0131labilir mi? S\u00fcre\u00e7, avantajlar, iyile\u015fme s\u00fcresi ve kimlerin uygun oldu\u011fu hakk\u0131nda detayl\u0131 rehber.","breadcrumb":{"@id":"https:\/\/drsedattatar.com\/tr\/karin-germe-ameliyati-ile-fitik-onarimi-birlikte-yapilir-mi\/#breadcrumb"},"inLanguage":"tr","potentialAction":[{"@type":"ReadAction","target":["https:\/\/drsedattatar.com\/tr\/karin-germe-ameliyati-ile-fitik-onarimi-birlikte-yapilir-mi\/"]}]},{"@type":"ImageObject","inLanguage":"tr","@id":"https:\/\/drsedattatar.com\/tr\/karin-germe-ameliyati-ile-fitik-onarimi-birlikte-yapilir-mi\/#primaryimage","url":"https:\/\/drsedattatar.com\/tr\/wp-content\/uploads\/2025\/12\/66-Kapak-TR.png","contentUrl":"https:\/\/drsedattatar.com\/tr\/wp-content\/uploads\/2025\/12\/66-Kapak-TR.png","width":1920,"height":1080},{"@type":"BreadcrumbList","@id":"https:\/\/drsedattatar.com\/tr\/karin-germe-ameliyati-ile-fitik-onarimi-birlikte-yapilir-mi\/#breadcrumb","itemListElement":[{"@type":"ListItem","position":1,"name":"Anasayfa","item":"https:\/\/drsedattatar.com\/tr\/"},{"@type":"ListItem","position":2,"name":"Kar\u0131n Germe Ameliyat\u0131 \u0130le F\u0131t\u0131k Onar\u0131m\u0131 Birlikte Yap\u0131l\u0131r m\u0131?"}]},{"@type":"WebSite","@id":"https:\/\/drsedattatar.com\/tr\/#website","url":"https:\/\/drsedattatar.com\/tr\/","name":"\u0130stanbul Estetik, Plastik ve Rekonstr\u00fcktif Cerrahi - Do\u00e7. Dr. Sedat Tatar","description":"\u0130stanbul Estetik, Plastik ve Rekonstr\u00fcktif Cerrahi alan\u0131nda deneyimli Do\u00e7. Dr. Sedat Tatar ile hayallerinizi ger\u00e7e\u011fe d\u00f6n\u00fc\u015ft\u00fcr\u00fcn ve kendinizi en iyi \u015fekilde hissedin.","publisher":{"@id":"https:\/\/drsedattatar.com\/tr\/#organization"},"potentialAction":[{"@type":"SearchAction","target":{"@type":"EntryPoint","urlTemplate":"https:\/\/drsedattatar.com\/tr\/?s={search_term_string}"},"query-input":{"@type":"PropertyValueSpecification","valueRequired":true,"valueName":"search_term_string"}}],"inLanguage":"tr"},{"@type":"Organization","@id":"https:\/\/drsedattatar.com\/tr\/#organization","name":"\u0130stanbul Estetik, Plastik ve Rekonstr\u00fcktif Cerrahi - Do\u00e7. Dr. Sedat Tatar","url":"https:\/\/drsedattatar.com\/tr\/","logo":{"@type":"ImageObject","inLanguage":"tr","@id":"https:\/\/drsedattatar.com\/tr\/#\/schema\/logo\/image\/","url":"https:\/\/drsedattatar.com\/tr\/wp-content\/uploads\/2023\/06\/cropped-cropped-cropped-dr-sedat-tatar-estetik-plastik-logo.webp","contentUrl":"https:\/\/drsedattatar.com\/tr\/wp-content\/uploads\/2023\/06\/cropped-cropped-cropped-dr-sedat-tatar-estetik-plastik-logo.webp","width":1505,"height":602,"caption":"\u0130stanbul Estetik, Plastik ve Rekonstr\u00fcktif Cerrahi - Do\u00e7. Dr. Sedat Tatar"},"image":{"@id":"https:\/\/drsedattatar.com\/tr\/#\/schema\/logo\/image\/"}},{"@type":"Person","@id":"https:\/\/drsedattatar.com\/tr\/#\/schema\/person\/aa22f82cb49cf6b0e8e4c2fdd472308a","name":"Sedat Tatar","image":{"@type":"ImageObject","inLanguage":"tr","@id":"https:\/\/drsedattatar.com\/tr\/#\/schema\/person\/image\/","url":"https:\/\/secure.gravatar.com\/avatar\/dea798d972982cc67ccc601a56275438ae42ec5d4557bb1f2fb426553e72d1a1?s=96&d=mm&r=g","contentUrl":"https:\/\/secure.gravatar.com\/avatar\/dea798d972982cc67ccc601a56275438ae42ec5d4557bb1f2fb426553e72d1a1?s=96&d=mm&r=g","caption":"Sedat Tatar"},"sameAs":["http:\/\/drsedattatar.com\/tr"],"url":"https:\/\/drsedattatar.com\/tr\/author\/admin\/"}]}},"taxonomy_info":{"category":[{"value":14,"label":"Plastik Cerrahi Blog"}]},"featured_image_src_large":["https:\/\/drsedattatar.com\/tr\/wp-content\/uploads\/2025\/12\/66-Kapak-TR-1024x576.png",1024,576,true],"author_info":{"display_name":"Sedat Tatar","author_link":"https:\/\/drsedattatar.com\/tr\/author\/admin\/"},"comment_info":0,"category_info":[{"term_id":14,"name":"Plastik Cerrahi Blog","slug":"plastik-cerrahi-blog","term_group":0,"term_taxonomy_id":14,"taxonomy":"category","description":"","parent":0,"count":155,"filter":"raw","cat_ID":14,"category_count":155,"category_description":"","cat_name":"Plastik Cerrahi Blog","category_nicename":"plastik-cerrahi-blog","category_parent":0}],"tag_info":false,"_links":{"self":[{"href":"https:\/\/drsedattatar.com\/tr\/wp-json\/wp\/v2\/posts\/3071","targetHints":{"allow":["GET"]}}],"collection":[{"href":"https:\/\/drsedattatar.com\/tr\/wp-json\/wp\/v2\/posts"}],"about":[{"href":"https:\/\/drsedattatar.com\/tr\/wp-json\/wp\/v2\/types\/post"}],"author":[{"embeddable":true,"href":"https:\/\/drsedattatar.com\/tr\/wp-json\/wp\/v2\/users\/1"}],"replies":[{"embeddable":true,"href":"https:\/\/drsedattatar.com\/tr\/wp-json\/wp\/v2\/comments?post=3071"}],"version-history":[{"count":1,"href":"https:\/\/drsedattatar.com\/tr\/wp-json\/wp\/v2\/posts\/3071\/revisions"}],"predecessor-version":[{"id":3073,"href":"https:\/\/drsedattatar.com\/tr\/wp-json\/wp\/v2\/posts\/3071\/revisions\/3073"}],"wp:featuredmedia":[{"embeddable":true,"href":"https:\/\/drsedattatar.com\/tr\/wp-json\/wp\/v2\/media\/3072"}],"wp:attachment":[{"href":"https:\/\/drsedattatar.com\/tr\/wp-json\/wp\/v2\/media?parent=3071"}],"wp:term":[{"taxonomy":"category","embeddable":true,"href":"https:\/\/drsedattatar.com\/tr\/wp-json\/wp\/v2\/categories?post=3071"},{"taxonomy":"post_tag","embeddable":true,"href":"https:\/\/drsedattatar.com\/tr\/wp-json\/wp\/v2\/tags?post=3071"}],"curies":[{"name":"wp","href":"https:\/\/api.w.org\/{rel}","templated":true}]}}