{"id":3078,"date":"2025-12-21T18:24:11","date_gmt":"2025-12-21T18:24:11","guid":{"rendered":"https:\/\/drsedattatar.com\/tr\/?p=3078"},"modified":"2025-12-21T18:24:14","modified_gmt":"2025-12-21T18:24:14","slug":"hangi-mevsimde-estetik-ameliyat-olmak-daha-uygun","status":"publish","type":"post","link":"https:\/\/drsedattatar.com\/tr\/hangi-mevsimde-estetik-ameliyat-olmak-daha-uygun\/","title":{"rendered":"Hangi Mevsimde Estetik Ameliyat Olmak Daha Uygun?"},"content":{"rendered":"\n<p>Estetik cerrahi, ki\u015finin hem fiziksel g\u00f6r\u00fcn\u00fcm\u00fcn\u00fc hem de ya\u015fam kalitesini do\u011frudan etkileyen \u00f6nemli bir karard\u0131r. Ameliyat i\u00e7in do\u011fru cerrah\u0131n se\u00e7ilmesi kadar, operasyonun yap\u0131laca\u011f\u0131 mevsimin de se\u00e7imi olduk\u00e7a \u00f6nemlidir. Mevsim ko\u015fullar\u0131, iyile\u015fme s\u00fcrecini, g\u00fcnl\u00fck ya\u015fam konforunu ve ameliyat sonras\u0131 psikolojik uyumu belirleyici hale getirebilir. Peki, hangi mevsimde estetik ameliyat olmak daha uygun? Bu yaz\u0131da her mevsimin avantaj ve dezavantajlar\u0131n\u0131, hastalar\u0131n g\u00fcnl\u00fck ya\u015famlar\u0131na yans\u0131yan pratik detaylarla birlikte inceleyece\u011fiz.<\/p>\n\n\n\n<h2 class=\"wp-block-heading\"><a><\/a><strong>Estetik Ameliyatlarda Mevsimsel Fakt\u00f6rler Neden \u00d6nemlidir?<\/strong><\/h2>\n\n\n\n<p>Her cerrahi i\u015flemden sonra v\u00fccudun bir iyile\u015fme s\u00fcrecine ihtiyac\u0131 vard\u0131r. Bu d\u00f6nemde iklim ko\u015fullar\u0131, s\u0131cakl\u0131k de\u011fi\u015fimleri, g\u00fcne\u015f \u0131\u015f\u0131nlar\u0131 veya k\u0131\u015f hastal\u0131klar\u0131 gibi fakt\u00f6rler do\u011frudan etkili olabilir.<\/p>\n\n\n\n<ul class=\"wp-block-list\">\n<li><strong>S\u0131cakl\u0131k:<\/strong> S\u0131cak havalarda \u015fi\u015flik ve \u00f6dem daha belirgin olabilir. So\u011fuk havalarda ise dola\u015f\u0131m\u0131n yava\u015flamas\u0131 iyile\u015fmeyi etkileyebilir.<\/li>\n\n\n\n<li><strong>G\u00fcne\u015f I\u015f\u0131\u011f\u0131:<\/strong> G\u00fcne\u015f \u0131\u015f\u0131nlar\u0131na maruz kalmak, izlerin kal\u0131c\u0131l\u0131\u011f\u0131n\u0131 art\u0131rabilir. \u00d6zellikle yaz aylar\u0131nda g\u00fcne\u015ften korunmak daha zordur.<\/li>\n\n\n\n<li><strong>Giyim Se\u00e7enekleri:<\/strong> K\u0131\u015f\u0131n kal\u0131n k\u0131yafetlerle bandaj ve korseler daha rahat saklanabilirken, yaz\u0131n bu durum daha dikkat \u00e7ekici olabilir.<\/li>\n\n\n\n<li><strong>Sosyal Ya\u015fam:<\/strong> Tatil, i\u015f ve okul d\u00f6nemleri de ameliyat i\u00e7in en uygun zaman\u0131 belirleyen unsurlar aras\u0131ndad\u0131r.<br><br><\/li>\n<\/ul>\n\n\n\n<h2 class=\"wp-block-heading\"><a><\/a><strong>\u0130lkbaharda Estetik Ameliyat<\/strong><\/h2>\n\n\n\n<p>\u0130lkbahar aylar\u0131, bir\u00e7ok hasta i\u00e7in dengeli ko\u015fullar sundu\u011fundan tercih edilebilir bir d\u00f6nemdir.<\/p>\n\n\n\n<ul class=\"wp-block-list\">\n<li><strong>Avantajlar\u0131:<\/strong><\/li>\n<\/ul>\n\n\n\n<div class=\"wp-block-group is-vertical is-layout-flex wp-container-core-group-is-layout-8cf370e7 wp-block-group-is-layout-flex\">\n<p>Il\u0131man hava, iyile\u015fme s\u00fcrecini kolayla\u015ft\u0131r\u0131r.<\/p>\n\n\n\n<p>Yaz tatili \u00f6ncesi ameliyat yap\u0131ld\u0131\u011f\u0131nda, ki\u015fi yaz aylar\u0131n\u0131 daha \u00f6zg\u00fcvenli ge\u00e7irebilir.<br>Ne \u00e7ok kal\u0131n ne de \u00e7ok ince k\u0131yafetler giymek gerekti\u011fi i\u00e7in koruyucu giyinmek kolayd\u0131r.<\/p>\n<\/div>\n\n\n\n<ul class=\"wp-block-list\">\n<li><strong>Dezavantajlar\u0131:<br><\/strong><\/li>\n<\/ul>\n\n\n\n<div class=\"wp-block-group is-vertical is-layout-flex wp-container-core-group-is-layout-8cf370e7 wp-block-group-is-layout-flex\">\n<p>Polen alerjisi olan hastalarda burun esteti\u011fi veya y\u00fcz ameliyatlar\u0131 sonras\u0131 iyile\u015fme daha rahats\u0131z edici olabilir.<\/p>\n\n\n\n<p>Tatil sezonuna yakla\u015f\u0131l\u0131rken, iyile\u015fme s\u00fcresine ayr\u0131lacak zaman daralabilir.<\/p>\n<\/div>\n\n\n\n<h2 class=\"wp-block-heading\"><a><\/a><strong>Yaz Aylar\u0131nda Estetik Ameliyat<\/strong><\/h2>\n\n\n\n<p>Yaz aylar\u0131, \u00f6zellikle izin alman\u0131n daha kolay oldu\u011fu d\u00f6nemlerden biridir. Ancak s\u0131cak hava ve g\u00fcne\u015f \u0131\u015f\u0131nlar\u0131 iyile\u015fme s\u00fcrecinde dikkat edilmesi gereken en \u00f6nemli fakt\u00f6rlerdir.<\/p>\n\n\n\n<ul class=\"wp-block-list\">\n<li><strong>Avantajlar\u0131:<\/strong><\/li>\n<\/ul>\n\n\n\n<div class=\"wp-block-group is-vertical is-layout-flex wp-container-core-group-is-layout-8cf370e7 wp-block-group-is-layout-flex\">\n<p>\u00d6\u011frenciler ve \u00e7al\u0131\u015fanlar i\u00e7in yaz tatili, iyile\u015fmeye daha fazla zaman ay\u0131rmay\u0131 sa\u011flar.<\/p>\n\n\n\n<p>Yo\u011fun i\u015f temposundan uzakla\u015f\u0131lan bu d\u00f6nemde dinlenme imk\u00e2n\u0131 artar.<\/p>\n<\/div>\n\n\n\n<ul class=\"wp-block-list\">\n<li><strong>Dezavantajlar\u0131:<\/strong><\/li>\n<\/ul>\n\n\n\n<div class=\"wp-block-group is-vertical is-layout-flex wp-container-core-group-is-layout-8cf370e7 wp-block-group-is-layout-flex\">\n<p>Y\u00fcksek s\u0131cakl\u0131klar, \u015fi\u015flik ve \u00f6demin artmas\u0131na neden olabilir.<\/p>\n\n\n\n<p>Deniz, havuz ve g\u00fcne\u015flenme gibi aktiviteler cerrah\u0131n \u00f6nerdi\u011fi s\u00fcre boyunca ertelenmelidir.<\/p>\n\n\n\n<p>Korse ve bandaj kullan\u0131m\u0131 yaz\u0131n daha zorlay\u0131c\u0131 olabilir.<br><br><\/p>\n<\/div>\n\n\n\n<h2 class=\"wp-block-heading\"><a><\/a><strong>Sonbaharda Estetik Ameliyat<\/strong><\/h2>\n\n\n\n<p>Sonbahar, estetik operasyonlar i\u00e7in en \u00e7ok tercih edilen d\u00f6nemlerden biridir. Ne \u00e7ok s\u0131cak ne de \u00e7ok so\u011fuk olan hava ko\u015fullar\u0131, iyile\u015fmeyi destekler.<\/p>\n\n\n\n<ul class=\"wp-block-list\">\n<li><strong>Avantajlar\u0131:<\/strong><\/li>\n<\/ul>\n\n\n\n<div class=\"wp-block-group is-vertical is-layout-flex wp-container-core-group-is-layout-8cf370e7 wp-block-group-is-layout-flex\">\n<p>Serin hava, \u00f6dem ve morluklar\u0131n daha h\u0131zl\u0131 toparlanmas\u0131na yard\u0131mc\u0131 olur.<\/p>\n\n\n\n<p>Kal\u0131n giysiler sayesinde ameliyat izleri ve korseler rahatl\u0131kla gizlenebilir.<\/p>\n\n\n\n<p>Yaz tatilinin ard\u0131ndan i\u015f veya okul temposuna girmeden \u00f6nce operasyon yap\u0131labilir.<\/p>\n<\/div>\n\n\n\n<ul class=\"wp-block-list\">\n<li><strong>Dezavantajlar\u0131:<\/strong><\/li>\n<\/ul>\n\n\n\n<div class=\"wp-block-group is-vertical is-layout-flex wp-container-core-group-is-layout-8cf370e7 wp-block-group-is-layout-flex\">\n<p>Mevsim ge\u00e7i\u015finde ba\u011f\u0131\u015f\u0131kl\u0131k sisteminin zay\u0131flamas\u0131, enfeksiyon riskini art\u0131rabilir.<br>G\u00fcnlerin k\u0131salmas\u0131, baz\u0131 hastalarda psikolojik olarak motivasyon d\u00fc\u015f\u00fckl\u00fc\u011f\u00fcne neden olabilir.<\/p>\n<\/div>\n\n\n\n<h2 class=\"wp-block-heading\"><a><\/a><strong>K\u0131\u015f Aylar\u0131nda Estetik Ameliyat<\/strong><\/h2>\n\n\n\n<p>So\u011fuk havalar, \u00f6zellikle baz\u0131 ameliyat t\u00fcrleri i\u00e7in konforlu bir d\u00f6nem olabilir. Ancak k\u0131\u015f hastal\u0131klar\u0131 g\u00f6z ard\u0131 edilmemelidir.<\/p>\n\n\n\n<ul class=\"wp-block-list\">\n<li><strong>Avantajlar\u0131:<\/strong><\/li>\n<\/ul>\n\n\n\n<p>So\u011fuk hava, \u00f6dem ve \u015fi\u015fliklerin daha h\u0131zl\u0131 azalmas\u0131na yard\u0131mc\u0131 olabilir.<br>Kal\u0131n giysilerle izlerin gizlenmesi kolayd\u0131r.<br>Yaz aylar\u0131na kadar iyile\u015fme i\u00e7in bolca zaman bulunur.<\/p>\n\n\n\n<ul class=\"wp-block-list\">\n<li><strong>Dezavantajlar\u0131:<\/strong><\/li>\n<\/ul>\n\n\n\n<div class=\"wp-block-group is-vertical is-layout-flex wp-container-core-group-is-layout-8cf370e7 wp-block-group-is-layout-flex\">\n<p>Grip, so\u011fuk alg\u0131nl\u0131\u011f\u0131 gibi hastal\u0131klar iyile\u015fme s\u00fcrecini olumsuz etkileyebilir.<\/p>\n\n\n\n<p>D\u0131\u015far\u0131 \u00e7\u0131kmak zor olabilece\u011fi i\u00e7in sosyal hayata d\u00f6n\u00fc\u015f gecikebilir.<br><\/p>\n<\/div>\n\n\n\n<h2 class=\"wp-block-heading\"><a><\/a><strong>Mevsimlere G\u00f6re S\u0131k Tercih Edilen Ameliyatlar<\/strong><\/h2>\n\n\n\n<ul class=\"wp-block-list\">\n<li><strong>Yaz Tatili \u00d6ncesi (\u0130lkbahar):<\/strong> Liposuction, kar\u0131n germe ve meme esteti\u011fi gibi v\u00fccut \u015fekillendirme ameliyatlar\u0131.<\/li>\n\n\n\n<li><strong>Yaz D\u00f6nemi:<\/strong> Burun esteti\u011fi gibi daha k\u0131sa s\u00fcrede iyile\u015febilecek operasyonlar.<\/li>\n\n\n\n<li><strong>Sonbahar ve K\u0131\u015f:<\/strong> Y\u00fcz germe, kombine ameliyatlar ve uzun iyile\u015fme s\u00fcresi gerektiren i\u015flemler.<\/li>\n<\/ul>\n\n\n\n<h2 class=\"wp-block-heading\"><a><\/a><strong>Mevsimden Ba\u011f\u0131ms\u0131z Dikkat Edilmesi Gerekenler<\/strong><\/h2>\n\n\n\n<ul class=\"wp-block-list\">\n<li><strong>Planlama:<\/strong> Ameliyat \u00f6ncesinde i\u015f, okul ve tatil program\u0131 mutlaka g\u00f6z \u00f6n\u00fcnde bulundurulmal\u0131.<\/li>\n\n\n\n<li><strong>G\u00fcne\u015ften Korunma:<\/strong> \u00d6zellikle yaz ve bahar aylar\u0131nda, operasyon b\u00f6lgelerinin g\u00fcne\u015f \u0131\u015f\u0131nlar\u0131ndan korunmas\u0131 \u015fartt\u0131r.<\/li>\n\n\n\n<li><strong>Beslenme ve Uyku:<\/strong> Sa\u011fl\u0131kl\u0131 beslenme ve d\u00fczenli uyku, mevsim fark etmeksizin iyile\u015fme s\u00fcrecini h\u0131zland\u0131r\u0131r.<\/li>\n\n\n\n<li><strong>Cerrah\u0131n \u00d6nerileri:<\/strong> Her mevsimde en belirleyici olan fakt\u00f6r, cerrah\u0131n operasyon sonras\u0131 verdi\u011fi talimatlard\u0131r.<\/li>\n<\/ul>\n\n\n\n<h2 class=\"wp-block-heading\"><a><\/a><strong>Sizin \u0130\u00e7in En Uygun Mevsimi Bulmak<\/strong><\/h2>\n\n\n\n<p>Hangi mevsimde estetik ameliyat yap\u0131laca\u011f\u0131, tamamen ki\u015fisel ya\u015fam d\u00fczeni, sa\u011fl\u0131k durumu ve beklentilerle ilgilidir. \u0130lkbahar ve sonbahar aylar\u0131, dengeli iklim ko\u015fullar\u0131 nedeniyle genellikle en \u00e7ok tercih edilen d\u00f6nemlerdir. Yaz aylar\u0131 izin kolayl\u0131\u011f\u0131yla \u00f6ne \u00e7\u0131karken, k\u0131\u015f aylar\u0131 da iyile\u015fme i\u00e7in uzun bir haz\u0131rl\u0131k s\u00fcresi sunar.<\/p>\n\n\n\n<p>Ki\u015fisel program\u0131n\u0131za ve cerrah\u0131n\u0131z\u0131n \u00f6nerilerine uygun \u015fekilde planlanan bir ameliyat, hangi mevsimde olursa olsun konforlu bir iyile\u015fme s\u00fcreci ge\u00e7irmenize yard\u0131mc\u0131 olacakt\u0131r.<\/p>\n\n\n\n<p><strong>Hekim Bilgisi<\/strong><\/p>\n\n\n\n<p><strong>Do\u00e7. Dr. Sedat Tatar<\/strong>, iki ayr\u0131 uluslararas\u0131 kurul taraf\u0131ndan sertifikaland\u0131r\u0131lm\u0131\u015f (Double Board Certified) Plastik, Rekonstr\u00fcktif ve Estetik Cerrahi uzman\u0131d\u0131r. <strong>American College of Surgeons Fellow (FACS)<\/strong> ve <strong>European Board of Plastic, Reconstructive and Aesthetic Surgery Fellow (FEBOPRAS)<\/strong> unvanlar\u0131na sahiptir.<\/p>\n\n\n\n<p>Uluslararas\u0131 profesyonel \u00fcyelikleri aras\u0131nda <strong>ISAPS (International Society of Aesthetic Plastic Surgery)<\/strong> ve <strong>ASPS (American Society of Plastic Surgeons)<\/strong> bulunmaktad\u0131r.<\/p>\n\n\n\n<p>Klini\u011fi \u0130stanbul\u2019da <strong>T\u00fcrkiye Sa\u011fl\u0131k Bakanl\u0131\u011f\u0131 taraf\u0131ndan Sa\u011fl\u0131k Turizmi Merkezi olarak yetkilidir<\/strong> ve \u015firketi <strong>Birle\u015fik Krall\u0131k &amp; Galler&#8217;e kay\u0131tl\u0131d\u0131r.<\/strong><\/p>\n\n\n\n<p><strong>\u0130LET\u0130\u015e\u0130M B\u0130LG\u0130LER\u0130<\/strong><\/p>\n\n\n\n<p><strong>Do\u00e7. Dr. Sedar Tatar Klini\u011fi<\/strong><\/p>\n\n\n\n<p><strong>Telefon No :&nbsp;<\/strong><a href=\"tel:+90%20(555)%20100%2010%2083\">+90 (555) 100 10 83<\/a><br><strong>\u0130leti\u015fim Linki :&nbsp;<\/strong><a href=\"mailto:info@drsedattatar.com\">info@drsedattatar.com<\/a><br><strong>Adres :&nbsp;<\/strong>Levent Mahallesi, Karanfil Aral\u0131\u011f\u0131 Caddesi No: 18 Be\u015fikta\u015f\/\u0130STANBUL<\/p>\n\n\n<div class=\"kk-star-ratings kksr-auto kksr-align-center kksr-valign-bottom\"\n    data-payload='{&quot;align&quot;:&quot;center&quot;,&quot;id&quot;:&quot;3078&quot;,&quot;slug&quot;:&quot;default&quot;,&quot;valign&quot;:&quot;bottom&quot;,&quot;ignore&quot;:&quot;&quot;,&quot;reference&quot;:&quot;auto&quot;,&quot;class&quot;:&quot;&quot;,&quot;count&quot;:&quot;0&quot;,&quot;legendonly&quot;:&quot;&quot;,&quot;readonly&quot;:&quot;&quot;,&quot;score&quot;:&quot;0&quot;,&quot;starsonly&quot;:&quot;&quot;,&quot;best&quot;:&quot;5&quot;,&quot;gap&quot;:&quot;5&quot;,&quot;greet&quot;:&quot;\u0130\u00e7eri\u011fimizi Oylay\u0131n!&quot;,&quot;legend&quot;:&quot;0\\\/5 - (0 oy verildi!)&quot;,&quot;size&quot;:&quot;24&quot;,&quot;title&quot;:&quot;Hangi Mevsimde Estetik Ameliyat Olmak Daha Uygun?&quot;,&quot;width&quot;:&quot;0&quot;,&quot;_legend&quot;:&quot;{score}\\\/{best} - ({count} oy verildi!)&quot;,&quot;font_factor&quot;:&quot;1.25&quot;}'>\n            \n<div class=\"kksr-stars\">\n    \n<div class=\"kksr-stars-inactive\">\n            <div class=\"kksr-star\" data-star=\"1\" style=\"padding-right: 5px\">\n            \n\n<div class=\"kksr-icon\" style=\"width: 24px; height: 24px;\"><\/div>\n        <\/div>\n            <div class=\"kksr-star\" data-star=\"2\" style=\"padding-right: 5px\">\n            \n\n<div class=\"kksr-icon\" style=\"width: 24px; height: 24px;\"><\/div>\n        <\/div>\n            <div class=\"kksr-star\" data-star=\"3\" style=\"padding-right: 5px\">\n            \n\n<div class=\"kksr-icon\" style=\"width: 24px; height: 24px;\"><\/div>\n        <\/div>\n            <div class=\"kksr-star\" data-star=\"4\" style=\"padding-right: 5px\">\n            \n\n<div class=\"kksr-icon\" style=\"width: 24px; height: 24px;\"><\/div>\n        <\/div>\n            <div class=\"kksr-star\" data-star=\"5\" style=\"padding-right: 5px\">\n            \n\n<div class=\"kksr-icon\" style=\"width: 24px; height: 24px;\"><\/div>\n        <\/div>\n    <\/div>\n    \n<div class=\"kksr-stars-active\" style=\"width: 0px;\">\n            <div class=\"kksr-star\" style=\"padding-right: 5px\">\n            \n\n<div class=\"kksr-icon\" style=\"width: 24px; height: 24px;\"><\/div>\n        <\/div>\n            <div class=\"kksr-star\" style=\"padding-right: 5px\">\n            \n\n<div class=\"kksr-icon\" style=\"width: 24px; height: 24px;\"><\/div>\n        <\/div>\n            <div class=\"kksr-star\" style=\"padding-right: 5px\">\n            \n\n<div class=\"kksr-icon\" style=\"width: 24px; height: 24px;\"><\/div>\n        <\/div>\n            <div class=\"kksr-star\" style=\"padding-right: 5px\">\n            \n\n<div class=\"kksr-icon\" style=\"width: 24px; height: 24px;\"><\/div>\n        <\/div>\n            <div class=\"kksr-star\" style=\"padding-right: 5px\">\n            \n\n<div class=\"kksr-icon\" style=\"width: 24px; height: 24px;\"><\/div>\n        <\/div>\n    <\/div>\n<\/div>\n                \n\n<div class=\"kksr-legend\" style=\"font-size: 19.2px;\">\n            <span class=\"kksr-muted\">\u0130\u00e7eri\u011fimizi Oylay\u0131n!<\/span>\n    <\/div>\n    <\/div>\n","protected":false},"excerpt":{"rendered":"<p>Estetik cerrahi, ki\u015finin hem fiziksel g\u00f6r\u00fcn\u00fcm\u00fcn\u00fc hem de ya\u015fam kalitesini do\u011frudan etkileyen \u00f6nemli bir karard\u0131r. Ameliyat i\u00e7in do\u011fru cerrah\u0131n se\u00e7ilmesi kadar, operasyonun yap\u0131laca\u011f\u0131 mevsimin de se\u00e7imi olduk\u00e7a \u00f6nemlidir. Mevsim ko\u015fullar\u0131, iyile\u015fme s\u00fcrecini, g\u00fcnl\u00fck ya\u015fam konforunu ve ameliyat sonras\u0131 psikolojik uyumu belirleyici hale getirebilir. Peki, hangi mevsimde estetik ameliyat olmak daha uygun? Bu yaz\u0131da her mevsimin avantaj ve dezavantajlar\u0131n\u0131, hastalar\u0131n g\u00fcnl\u00fck ya\u015famlar\u0131na yans\u0131yan pratik detaylarla birlikte inceleyece\u011fiz.<\/p>\n","protected":false},"author":1,"featured_media":3080,"comment_status":"closed","ping_status":"open","sticky":false,"template":"","format":"standard","meta":{"_kad_blocks_custom_css":"","_kad_blocks_head_custom_js":"","_kad_blocks_body_custom_js":"","_kad_blocks_footer_custom_js":"","_kadence_starter_templates_imported_post":false,"_kad_post_transparent":"","_kad_post_title":"","_kad_post_layout":"","_kad_post_sidebar_id":"","_kad_post_content_style":"","_kad_post_vertical_padding":"","_kad_post_feature":"","_kad_post_feature_position":"","_kad_post_header":false,"_kad_post_footer":false,"footnotes":""},"categories":[14],"tags":[],"class_list":["post-3078","post","type-post","status-publish","format-standard","has-post-thumbnail","hentry","category-plastik-cerrahi-blog"],"yoast_head":"<!-- This site is optimized with the Yoast SEO plugin v25.9 - https:\/\/yoast.com\/wordpress\/plugins\/seo\/ -->\n<title>Hangi Mevsimde Estetik Ameliyat Olmak Daha Uygun? - \u0130stanbul Estetik, Plastik ve Rekonstr\u00fcktif Cerrahi - Do\u00e7. Dr. Sedat Tatar<\/title>\n<meta name=\"description\" content=\"Estetik ameliyat i\u00e7in en ideal mevsim hangisi? Mevsimlere g\u00f6re iyile\u015fme, g\u00fcne\u015f etkisi, konfor ve sosyal ya\u015fama d\u00f6n\u00fc\u015f hakk\u0131nda detayl\u0131 rehber.\" \/>\n<meta name=\"robots\" content=\"index, follow, max-snippet:-1, max-image-preview:large, max-video-preview:-1\" \/>\n<link rel=\"canonical\" href=\"https:\/\/drsedattatar.com\/tr\/hangi-mevsimde-estetik-ameliyat-olmak-daha-uygun\/\" \/>\n<meta property=\"og:locale\" content=\"tr_TR\" \/>\n<meta property=\"og:type\" content=\"article\" \/>\n<meta property=\"og:title\" content=\"Hangi Mevsimde Estetik Ameliyat Olmak Daha Uygun? - \u0130stanbul Estetik, Plastik ve Rekonstr\u00fcktif Cerrahi - Do\u00e7. Dr. Sedat Tatar\" \/>\n<meta property=\"og:description\" content=\"Estetik ameliyat i\u00e7in en ideal mevsim hangisi? Mevsimlere g\u00f6re iyile\u015fme, g\u00fcne\u015f etkisi, konfor ve sosyal ya\u015fama d\u00f6n\u00fc\u015f hakk\u0131nda detayl\u0131 rehber.\" \/>\n<meta property=\"og:url\" content=\"https:\/\/drsedattatar.com\/tr\/hangi-mevsimde-estetik-ameliyat-olmak-daha-uygun\/\" \/>\n<meta property=\"og:site_name\" content=\"\u0130stanbul Estetik, Plastik ve Rekonstr\u00fcktif Cerrahi - Do\u00e7. Dr. Sedat Tatar\" \/>\n<meta property=\"article:published_time\" content=\"2025-12-21T18:24:11+00:00\" \/>\n<meta property=\"article:modified_time\" content=\"2025-12-21T18:24:14+00:00\" \/>\n<meta property=\"og:image\" content=\"https:\/\/drsedattatar.com\/tr\/wp-content\/uploads\/2025\/12\/68-Kapak-TR.png\" \/>\n\t<meta property=\"og:image:width\" content=\"1920\" \/>\n\t<meta property=\"og:image:height\" content=\"1080\" \/>\n\t<meta property=\"og:image:type\" content=\"image\/png\" \/>\n<meta name=\"author\" content=\"Sedat Tatar\" \/>\n<meta name=\"twitter:card\" content=\"summary_large_image\" \/>\n<meta name=\"twitter:label1\" content=\"Yazan:\" \/>\n\t<meta name=\"twitter:data1\" content=\"Sedat Tatar\" \/>\n\t<meta name=\"twitter:label2\" content=\"Tahmini okuma s\u00fcresi\" \/>\n\t<meta name=\"twitter:data2\" content=\"5 dakika\" \/>\n<script type=\"application\/ld+json\" class=\"yoast-schema-graph\">{\"@context\":\"https:\/\/schema.org\",\"@graph\":[{\"@type\":\"Article\",\"@id\":\"https:\/\/drsedattatar.com\/tr\/hangi-mevsimde-estetik-ameliyat-olmak-daha-uygun\/#article\",\"isPartOf\":{\"@id\":\"https:\/\/drsedattatar.com\/tr\/hangi-mevsimde-estetik-ameliyat-olmak-daha-uygun\/\"},\"author\":{\"name\":\"Sedat Tatar\",\"@id\":\"https:\/\/drsedattatar.com\/tr\/#\/schema\/person\/aa22f82cb49cf6b0e8e4c2fdd472308a\"},\"headline\":\"Hangi Mevsimde Estetik Ameliyat Olmak Daha Uygun?\",\"datePublished\":\"2025-12-21T18:24:11+00:00\",\"dateModified\":\"2025-12-21T18:24:14+00:00\",\"mainEntityOfPage\":{\"@id\":\"https:\/\/drsedattatar.com\/tr\/hangi-mevsimde-estetik-ameliyat-olmak-daha-uygun\/\"},\"wordCount\":1010,\"publisher\":{\"@id\":\"https:\/\/drsedattatar.com\/tr\/#organization\"},\"image\":{\"@id\":\"https:\/\/drsedattatar.com\/tr\/hangi-mevsimde-estetik-ameliyat-olmak-daha-uygun\/#primaryimage\"},\"thumbnailUrl\":\"https:\/\/drsedattatar.com\/tr\/wp-content\/uploads\/2025\/12\/68-Kapak-TR.png\",\"articleSection\":[\"Plastik Cerrahi Blog\"],\"inLanguage\":\"tr\"},{\"@type\":\"WebPage\",\"@id\":\"https:\/\/drsedattatar.com\/tr\/hangi-mevsimde-estetik-ameliyat-olmak-daha-uygun\/\",\"url\":\"https:\/\/drsedattatar.com\/tr\/hangi-mevsimde-estetik-ameliyat-olmak-daha-uygun\/\",\"name\":\"Hangi Mevsimde Estetik Ameliyat Olmak Daha Uygun? - \u0130stanbul Estetik, Plastik ve Rekonstr\u00fcktif Cerrahi - Do\u00e7. Dr. Sedat Tatar\",\"isPartOf\":{\"@id\":\"https:\/\/drsedattatar.com\/tr\/#website\"},\"primaryImageOfPage\":{\"@id\":\"https:\/\/drsedattatar.com\/tr\/hangi-mevsimde-estetik-ameliyat-olmak-daha-uygun\/#primaryimage\"},\"image\":{\"@id\":\"https:\/\/drsedattatar.com\/tr\/hangi-mevsimde-estetik-ameliyat-olmak-daha-uygun\/#primaryimage\"},\"thumbnailUrl\":\"https:\/\/drsedattatar.com\/tr\/wp-content\/uploads\/2025\/12\/68-Kapak-TR.png\",\"datePublished\":\"2025-12-21T18:24:11+00:00\",\"dateModified\":\"2025-12-21T18:24:14+00:00\",\"description\":\"Estetik ameliyat i\u00e7in en ideal mevsim hangisi? Mevsimlere g\u00f6re iyile\u015fme, g\u00fcne\u015f etkisi, konfor ve sosyal ya\u015fama d\u00f6n\u00fc\u015f hakk\u0131nda detayl\u0131 rehber.\",\"breadcrumb\":{\"@id\":\"https:\/\/drsedattatar.com\/tr\/hangi-mevsimde-estetik-ameliyat-olmak-daha-uygun\/#breadcrumb\"},\"inLanguage\":\"tr\",\"potentialAction\":[{\"@type\":\"ReadAction\",\"target\":[\"https:\/\/drsedattatar.com\/tr\/hangi-mevsimde-estetik-ameliyat-olmak-daha-uygun\/\"]}]},{\"@type\":\"ImageObject\",\"inLanguage\":\"tr\",\"@id\":\"https:\/\/drsedattatar.com\/tr\/hangi-mevsimde-estetik-ameliyat-olmak-daha-uygun\/#primaryimage\",\"url\":\"https:\/\/drsedattatar.com\/tr\/wp-content\/uploads\/2025\/12\/68-Kapak-TR.png\",\"contentUrl\":\"https:\/\/drsedattatar.com\/tr\/wp-content\/uploads\/2025\/12\/68-Kapak-TR.png\",\"width\":1920,\"height\":1080},{\"@type\":\"BreadcrumbList\",\"@id\":\"https:\/\/drsedattatar.com\/tr\/hangi-mevsimde-estetik-ameliyat-olmak-daha-uygun\/#breadcrumb\",\"itemListElement\":[{\"@type\":\"ListItem\",\"position\":1,\"name\":\"Anasayfa\",\"item\":\"https:\/\/drsedattatar.com\/tr\/\"},{\"@type\":\"ListItem\",\"position\":2,\"name\":\"Hangi Mevsimde Estetik Ameliyat Olmak Daha Uygun?\"}]},{\"@type\":\"WebSite\",\"@id\":\"https:\/\/drsedattatar.com\/tr\/#website\",\"url\":\"https:\/\/drsedattatar.com\/tr\/\",\"name\":\"\u0130stanbul Estetik, Plastik ve Rekonstr\u00fcktif Cerrahi - Do\u00e7. Dr. Sedat Tatar\",\"description\":\"\u0130stanbul Estetik, Plastik ve Rekonstr\u00fcktif Cerrahi alan\u0131nda deneyimli Do\u00e7. Dr. Sedat Tatar ile hayallerinizi ger\u00e7e\u011fe d\u00f6n\u00fc\u015ft\u00fcr\u00fcn ve kendinizi en iyi \u015fekilde hissedin.\",\"publisher\":{\"@id\":\"https:\/\/drsedattatar.com\/tr\/#organization\"},\"potentialAction\":[{\"@type\":\"SearchAction\",\"target\":{\"@type\":\"EntryPoint\",\"urlTemplate\":\"https:\/\/drsedattatar.com\/tr\/?s={search_term_string}\"},\"query-input\":{\"@type\":\"PropertyValueSpecification\",\"valueRequired\":true,\"valueName\":\"search_term_string\"}}],\"inLanguage\":\"tr\"},{\"@type\":\"Organization\",\"@id\":\"https:\/\/drsedattatar.com\/tr\/#organization\",\"name\":\"\u0130stanbul Estetik, Plastik ve Rekonstr\u00fcktif Cerrahi - Do\u00e7. Dr. Sedat Tatar\",\"url\":\"https:\/\/drsedattatar.com\/tr\/\",\"logo\":{\"@type\":\"ImageObject\",\"inLanguage\":\"tr\",\"@id\":\"https:\/\/drsedattatar.com\/tr\/#\/schema\/logo\/image\/\",\"url\":\"https:\/\/drsedattatar.com\/tr\/wp-content\/uploads\/2023\/06\/cropped-cropped-cropped-dr-sedat-tatar-estetik-plastik-logo.webp\",\"contentUrl\":\"https:\/\/drsedattatar.com\/tr\/wp-content\/uploads\/2023\/06\/cropped-cropped-cropped-dr-sedat-tatar-estetik-plastik-logo.webp\",\"width\":1505,\"height\":602,\"caption\":\"\u0130stanbul Estetik, Plastik ve Rekonstr\u00fcktif Cerrahi - Do\u00e7. Dr. Sedat Tatar\"},\"image\":{\"@id\":\"https:\/\/drsedattatar.com\/tr\/#\/schema\/logo\/image\/\"}},{\"@type\":\"Person\",\"@id\":\"https:\/\/drsedattatar.com\/tr\/#\/schema\/person\/aa22f82cb49cf6b0e8e4c2fdd472308a\",\"name\":\"Sedat Tatar\",\"image\":{\"@type\":\"ImageObject\",\"inLanguage\":\"tr\",\"@id\":\"https:\/\/drsedattatar.com\/tr\/#\/schema\/person\/image\/\",\"url\":\"https:\/\/secure.gravatar.com\/avatar\/dea798d972982cc67ccc601a56275438ae42ec5d4557bb1f2fb426553e72d1a1?s=96&d=mm&r=g\",\"contentUrl\":\"https:\/\/secure.gravatar.com\/avatar\/dea798d972982cc67ccc601a56275438ae42ec5d4557bb1f2fb426553e72d1a1?s=96&d=mm&r=g\",\"caption\":\"Sedat Tatar\"},\"sameAs\":[\"http:\/\/drsedattatar.com\/tr\"],\"url\":\"https:\/\/drsedattatar.com\/tr\/author\/admin\/\"}]}<\/script>\n<!-- \/ Yoast SEO plugin. -->","yoast_head_json":{"title":"Hangi Mevsimde Estetik Ameliyat Olmak Daha Uygun? - \u0130stanbul Estetik, Plastik ve Rekonstr\u00fcktif Cerrahi - Do\u00e7. Dr. Sedat Tatar","description":"Estetik ameliyat i\u00e7in en ideal mevsim hangisi? Mevsimlere g\u00f6re iyile\u015fme, g\u00fcne\u015f etkisi, konfor ve sosyal ya\u015fama d\u00f6n\u00fc\u015f hakk\u0131nda detayl\u0131 rehber.","robots":{"index":"index","follow":"follow","max-snippet":"max-snippet:-1","max-image-preview":"max-image-preview:large","max-video-preview":"max-video-preview:-1"},"canonical":"https:\/\/drsedattatar.com\/tr\/hangi-mevsimde-estetik-ameliyat-olmak-daha-uygun\/","og_locale":"tr_TR","og_type":"article","og_title":"Hangi Mevsimde Estetik Ameliyat Olmak Daha Uygun? - \u0130stanbul Estetik, Plastik ve Rekonstr\u00fcktif Cerrahi - Do\u00e7. Dr. Sedat Tatar","og_description":"Estetik ameliyat i\u00e7in en ideal mevsim hangisi? Mevsimlere g\u00f6re iyile\u015fme, g\u00fcne\u015f etkisi, konfor ve sosyal ya\u015fama d\u00f6n\u00fc\u015f hakk\u0131nda detayl\u0131 rehber.","og_url":"https:\/\/drsedattatar.com\/tr\/hangi-mevsimde-estetik-ameliyat-olmak-daha-uygun\/","og_site_name":"\u0130stanbul Estetik, Plastik ve Rekonstr\u00fcktif Cerrahi - Do\u00e7. Dr. Sedat Tatar","article_published_time":"2025-12-21T18:24:11+00:00","article_modified_time":"2025-12-21T18:24:14+00:00","og_image":[{"width":1920,"height":1080,"url":"https:\/\/drsedattatar.com\/tr\/wp-content\/uploads\/2025\/12\/68-Kapak-TR.png","type":"image\/png"}],"author":"Sedat Tatar","twitter_card":"summary_large_image","twitter_misc":{"Yazan:":"Sedat Tatar","Tahmini okuma s\u00fcresi":"5 dakika"},"schema":{"@context":"https:\/\/schema.org","@graph":[{"@type":"Article","@id":"https:\/\/drsedattatar.com\/tr\/hangi-mevsimde-estetik-ameliyat-olmak-daha-uygun\/#article","isPartOf":{"@id":"https:\/\/drsedattatar.com\/tr\/hangi-mevsimde-estetik-ameliyat-olmak-daha-uygun\/"},"author":{"name":"Sedat Tatar","@id":"https:\/\/drsedattatar.com\/tr\/#\/schema\/person\/aa22f82cb49cf6b0e8e4c2fdd472308a"},"headline":"Hangi Mevsimde Estetik Ameliyat Olmak Daha Uygun?","datePublished":"2025-12-21T18:24:11+00:00","dateModified":"2025-12-21T18:24:14+00:00","mainEntityOfPage":{"@id":"https:\/\/drsedattatar.com\/tr\/hangi-mevsimde-estetik-ameliyat-olmak-daha-uygun\/"},"wordCount":1010,"publisher":{"@id":"https:\/\/drsedattatar.com\/tr\/#organization"},"image":{"@id":"https:\/\/drsedattatar.com\/tr\/hangi-mevsimde-estetik-ameliyat-olmak-daha-uygun\/#primaryimage"},"thumbnailUrl":"https:\/\/drsedattatar.com\/tr\/wp-content\/uploads\/2025\/12\/68-Kapak-TR.png","articleSection":["Plastik Cerrahi Blog"],"inLanguage":"tr"},{"@type":"WebPage","@id":"https:\/\/drsedattatar.com\/tr\/hangi-mevsimde-estetik-ameliyat-olmak-daha-uygun\/","url":"https:\/\/drsedattatar.com\/tr\/hangi-mevsimde-estetik-ameliyat-olmak-daha-uygun\/","name":"Hangi Mevsimde Estetik Ameliyat Olmak Daha Uygun? - \u0130stanbul Estetik, Plastik ve Rekonstr\u00fcktif Cerrahi - Do\u00e7. Dr. Sedat Tatar","isPartOf":{"@id":"https:\/\/drsedattatar.com\/tr\/#website"},"primaryImageOfPage":{"@id":"https:\/\/drsedattatar.com\/tr\/hangi-mevsimde-estetik-ameliyat-olmak-daha-uygun\/#primaryimage"},"image":{"@id":"https:\/\/drsedattatar.com\/tr\/hangi-mevsimde-estetik-ameliyat-olmak-daha-uygun\/#primaryimage"},"thumbnailUrl":"https:\/\/drsedattatar.com\/tr\/wp-content\/uploads\/2025\/12\/68-Kapak-TR.png","datePublished":"2025-12-21T18:24:11+00:00","dateModified":"2025-12-21T18:24:14+00:00","description":"Estetik ameliyat i\u00e7in en ideal mevsim hangisi? Mevsimlere g\u00f6re iyile\u015fme, g\u00fcne\u015f etkisi, konfor ve sosyal ya\u015fama d\u00f6n\u00fc\u015f hakk\u0131nda detayl\u0131 rehber.","breadcrumb":{"@id":"https:\/\/drsedattatar.com\/tr\/hangi-mevsimde-estetik-ameliyat-olmak-daha-uygun\/#breadcrumb"},"inLanguage":"tr","potentialAction":[{"@type":"ReadAction","target":["https:\/\/drsedattatar.com\/tr\/hangi-mevsimde-estetik-ameliyat-olmak-daha-uygun\/"]}]},{"@type":"ImageObject","inLanguage":"tr","@id":"https:\/\/drsedattatar.com\/tr\/hangi-mevsimde-estetik-ameliyat-olmak-daha-uygun\/#primaryimage","url":"https:\/\/drsedattatar.com\/tr\/wp-content\/uploads\/2025\/12\/68-Kapak-TR.png","contentUrl":"https:\/\/drsedattatar.com\/tr\/wp-content\/uploads\/2025\/12\/68-Kapak-TR.png","width":1920,"height":1080},{"@type":"BreadcrumbList","@id":"https:\/\/drsedattatar.com\/tr\/hangi-mevsimde-estetik-ameliyat-olmak-daha-uygun\/#breadcrumb","itemListElement":[{"@type":"ListItem","position":1,"name":"Anasayfa","item":"https:\/\/drsedattatar.com\/tr\/"},{"@type":"ListItem","position":2,"name":"Hangi Mevsimde Estetik Ameliyat Olmak Daha Uygun?"}]},{"@type":"WebSite","@id":"https:\/\/drsedattatar.com\/tr\/#website","url":"https:\/\/drsedattatar.com\/tr\/","name":"\u0130stanbul Estetik, Plastik ve Rekonstr\u00fcktif Cerrahi - Do\u00e7. Dr. Sedat Tatar","description":"\u0130stanbul Estetik, Plastik ve Rekonstr\u00fcktif Cerrahi alan\u0131nda deneyimli Do\u00e7. Dr. Sedat Tatar ile hayallerinizi ger\u00e7e\u011fe d\u00f6n\u00fc\u015ft\u00fcr\u00fcn ve kendinizi en iyi \u015fekilde hissedin.","publisher":{"@id":"https:\/\/drsedattatar.com\/tr\/#organization"},"potentialAction":[{"@type":"SearchAction","target":{"@type":"EntryPoint","urlTemplate":"https:\/\/drsedattatar.com\/tr\/?s={search_term_string}"},"query-input":{"@type":"PropertyValueSpecification","valueRequired":true,"valueName":"search_term_string"}}],"inLanguage":"tr"},{"@type":"Organization","@id":"https:\/\/drsedattatar.com\/tr\/#organization","name":"\u0130stanbul Estetik, Plastik ve Rekonstr\u00fcktif Cerrahi - Do\u00e7. Dr. Sedat Tatar","url":"https:\/\/drsedattatar.com\/tr\/","logo":{"@type":"ImageObject","inLanguage":"tr","@id":"https:\/\/drsedattatar.com\/tr\/#\/schema\/logo\/image\/","url":"https:\/\/drsedattatar.com\/tr\/wp-content\/uploads\/2023\/06\/cropped-cropped-cropped-dr-sedat-tatar-estetik-plastik-logo.webp","contentUrl":"https:\/\/drsedattatar.com\/tr\/wp-content\/uploads\/2023\/06\/cropped-cropped-cropped-dr-sedat-tatar-estetik-plastik-logo.webp","width":1505,"height":602,"caption":"\u0130stanbul Estetik, Plastik ve Rekonstr\u00fcktif Cerrahi - Do\u00e7. Dr. Sedat Tatar"},"image":{"@id":"https:\/\/drsedattatar.com\/tr\/#\/schema\/logo\/image\/"}},{"@type":"Person","@id":"https:\/\/drsedattatar.com\/tr\/#\/schema\/person\/aa22f82cb49cf6b0e8e4c2fdd472308a","name":"Sedat Tatar","image":{"@type":"ImageObject","inLanguage":"tr","@id":"https:\/\/drsedattatar.com\/tr\/#\/schema\/person\/image\/","url":"https:\/\/secure.gravatar.com\/avatar\/dea798d972982cc67ccc601a56275438ae42ec5d4557bb1f2fb426553e72d1a1?s=96&d=mm&r=g","contentUrl":"https:\/\/secure.gravatar.com\/avatar\/dea798d972982cc67ccc601a56275438ae42ec5d4557bb1f2fb426553e72d1a1?s=96&d=mm&r=g","caption":"Sedat Tatar"},"sameAs":["http:\/\/drsedattatar.com\/tr"],"url":"https:\/\/drsedattatar.com\/tr\/author\/admin\/"}]}},"taxonomy_info":{"category":[{"value":14,"label":"Plastik Cerrahi Blog"}]},"featured_image_src_large":["https:\/\/drsedattatar.com\/tr\/wp-content\/uploads\/2025\/12\/68-Kapak-TR-1024x576.png",1024,576,true],"author_info":{"display_name":"Sedat Tatar","author_link":"https:\/\/drsedattatar.com\/tr\/author\/admin\/"},"comment_info":0,"category_info":[{"term_id":14,"name":"Plastik Cerrahi Blog","slug":"plastik-cerrahi-blog","term_group":0,"term_taxonomy_id":14,"taxonomy":"category","description":"","parent":0,"count":155,"filter":"raw","cat_ID":14,"category_count":155,"category_description":"","cat_name":"Plastik Cerrahi Blog","category_nicename":"plastik-cerrahi-blog","category_parent":0}],"tag_info":false,"_links":{"self":[{"href":"https:\/\/drsedattatar.com\/tr\/wp-json\/wp\/v2\/posts\/3078","targetHints":{"allow":["GET"]}}],"collection":[{"href":"https:\/\/drsedattatar.com\/tr\/wp-json\/wp\/v2\/posts"}],"about":[{"href":"https:\/\/drsedattatar.com\/tr\/wp-json\/wp\/v2\/types\/post"}],"author":[{"embeddable":true,"href":"https:\/\/drsedattatar.com\/tr\/wp-json\/wp\/v2\/users\/1"}],"replies":[{"embeddable":true,"href":"https:\/\/drsedattatar.com\/tr\/wp-json\/wp\/v2\/comments?post=3078"}],"version-history":[{"count":2,"href":"https:\/\/drsedattatar.com\/tr\/wp-json\/wp\/v2\/posts\/3078\/revisions"}],"predecessor-version":[{"id":3081,"href":"https:\/\/drsedattatar.com\/tr\/wp-json\/wp\/v2\/posts\/3078\/revisions\/3081"}],"wp:featuredmedia":[{"embeddable":true,"href":"https:\/\/drsedattatar.com\/tr\/wp-json\/wp\/v2\/media\/3080"}],"wp:attachment":[{"href":"https:\/\/drsedattatar.com\/tr\/wp-json\/wp\/v2\/media?parent=3078"}],"wp:term":[{"taxonomy":"category","embeddable":true,"href":"https:\/\/drsedattatar.com\/tr\/wp-json\/wp\/v2\/categories?post=3078"},{"taxonomy":"post_tag","embeddable":true,"href":"https:\/\/drsedattatar.com\/tr\/wp-json\/wp\/v2\/tags?post=3078"}],"curies":[{"name":"wp","href":"https:\/\/api.w.org\/{rel}","templated":true}]}}