{"id":3093,"date":"2026-01-20T08:26:29","date_gmt":"2026-01-20T08:26:29","guid":{"rendered":"https:\/\/drsedattatar.com\/tr\/?p=3093"},"modified":"2026-01-20T08:37:08","modified_gmt":"2026-01-20T08:37:08","slug":"estetik-ameliyat-sonrasi-sosyal-hayata-ne-zaman-donulur","status":"publish","type":"post","link":"https:\/\/drsedattatar.com\/tr\/estetik-ameliyat-sonrasi-sosyal-hayata-ne-zaman-donulur\/","title":{"rendered":"Estetik Ameliyat Sonras\u0131 Sosyal Hayata Ne Zaman D\u00f6n\u00fcl\u00fcr?"},"content":{"rendered":"\n<h2 class=\"wp-block-heading\"><a><\/a><strong>Estetik Ameliyat Sonras\u0131 \u0130yile\u015fme S\u00fcreci<\/strong><\/h2>\n\n\n\n<p>Estetik ameliyatlar, ki\u015finin g\u00f6r\u00fcn\u00fcm\u00fcn\u00fc iyile\u015ftirmek, \u00f6zg\u00fcvenini art\u0131rmak ve ya\u015fam kalitesini y\u00fckseltmek i\u00e7in tercih edilir. Ancak bu s\u00fcrecin en kritik noktalar\u0131ndan biri, ameliyat sonras\u0131 iyile\u015fme d\u00f6nemidir. \u00c7o\u011fu ki\u015fi \u201cEstetik ameliyat sonras\u0131 sosyal hayata ne zaman d\u00f6n\u00fcl\u00fcr?\u201d sorusuna cevap arar \u00e7\u00fcnk\u00fc hem i\u015f hem de g\u00fcnl\u00fck ya\u015fam planlar\u0131n\u0131 buna g\u00f6re yapmak ister.<\/p>\n\n\n\n<h3 class=\"wp-block-heading\"><a><\/a><strong>\u0130yile\u015fme s\u00fcresini etkileyen fakt\u00f6rler<\/strong><\/h3>\n\n\n\n<p>Her bireyin iyile\u015fme s\u00fcreci farkl\u0131d\u0131r. \u0130yile\u015fme h\u0131z\u0131n\u0131 etkileyen ba\u015fl\u0131ca fakt\u00f6rler \u015funlard\u0131r:<\/p>\n\n\n\n<ul class=\"wp-block-list\">\n<li><strong>Ya\u015f:<\/strong> Gen\u00e7 bireylerde h\u00fccre yenilenmesi daha h\u0131zl\u0131d\u0131r.<\/li>\n\n\n\n<li><strong>Genetik yap\u0131:<\/strong> Baz\u0131 ki\u015filerin iyile\u015fme kapasitesi do\u011fu\u015ftan daha g\u00fc\u00e7l\u00fcd\u00fcr.<\/li>\n\n\n\n<li><strong>Sa\u011fl\u0131k durumu:<\/strong> Kronik rahats\u0131zl\u0131klar (\u00f6rne\u011fin diyabet) s\u00fcreci uzatabilir.<\/li>\n\n\n\n<li><strong>Ya\u015fam tarz\u0131:<\/strong> Sigara ve alkol t\u00fcketimi iyile\u015fmeyi geciktirebilir.<\/li>\n\n\n\n<li><strong>Ameliyat t\u00fcr\u00fc:<\/strong> K\u00fc\u00e7\u00fck \u00e7apl\u0131 estetik i\u015flemler birka\u00e7 g\u00fcn i\u00e7inde toparlanmay\u0131 sa\u011flarken, b\u00fcy\u00fck cerrahi operasyonlar haftalar hatta aylar s\u00fcrebilir.<\/li>\n<\/ul>\n\n\n\n<h3 class=\"wp-block-heading\"><strong>Farkl\u0131 estetik operasyonlarda \u0130yile\u015fme s\u00fcreleri<\/strong><\/h3>\n\n\n\n<p>Her operasyonun v\u00fccutta yaratt\u0131\u011f\u0131 etki farkl\u0131d\u0131r. \u00d6rne\u011fin, botoks gibi minimal invaziv uygulamalar sonras\u0131 ki\u015fi ertesi g\u00fcn normal ya\u015fam\u0131na d\u00f6nebilir. Ancak y\u00fcz germe ya da liposuction gibi daha kapsaml\u0131 operasyonlarda 2-6 haftal\u0131k bir iyile\u015fme s\u00fcresi gerekebilir.<\/p>\n\n\n\n<h2 class=\"wp-block-heading\"><a><\/a><strong>Ameliyat Sonras\u0131 \u0130lk G\u00fcnlerde Dikkat Edilmesi Gerekenler<\/strong><\/h2>\n\n\n\n<p>Ameliyat sonras\u0131 ilk birka\u00e7 g\u00fcn hem fiziksel hem de psikolojik anlamda olduk\u00e7a \u00f6nemlidir. V\u00fccut, ald\u0131\u011f\u0131 cerrahi m\u00fcdahalenin etkilerini atlatmaya \u00e7al\u0131\u015f\u0131rken hastan\u0131n da dikkatli olmas\u0131 gerekir.<\/p>\n\n\n\n<h3 class=\"wp-block-heading\"><a><\/a><strong>\u0130stirahat ve bedenin toparlanma s\u00fcreci<\/strong><\/h3>\n\n\n\n<ul class=\"wp-block-list\">\n<li>\u0130lk g\u00fcnlerde mutlak dinlenme \u015fartt\u0131r.<\/li>\n\n\n\n<li>V\u00fccut, enerjisini doku onar\u0131m\u0131na harcad\u0131\u011f\u0131 i\u00e7in a\u011f\u0131r aktivitelerden ka\u00e7\u0131n\u0131lmal\u0131d\u0131r.<\/li>\n\n\n\n<li>Uyku d\u00fczenine dikkat etmek, iyile\u015fmeyi h\u0131zland\u0131r\u0131r.<\/li>\n<\/ul>\n\n\n\n<h3 class=\"wp-block-heading\"><a><\/a><strong>Doktorun \u00f6nerilerine uyumun \u00f6nemi<\/strong><\/h3>\n\n\n\n<ul class=\"wp-block-list\">\n<li>Verilen ila\u00e7lar\u0131n d\u00fczenli kullan\u0131lmas\u0131 gerekir.<\/li>\n\n\n\n<li>Bandaj ve pansumanlar\u0131n belirtilen aral\u0131klarla yap\u0131lmas\u0131 enfeksiyon riskini azalt\u0131r.<\/li>\n\n\n\n<li>Kontrol randevular\u0131n\u0131 aksatmamak, komplikasyonlar\u0131n erken fark edilmesini sa\u011flar.<\/li>\n<\/ul>\n\n\n\n<h2 class=\"wp-block-heading\"><a><\/a><strong>Sosyal Hayata D\u00f6n\u00fc\u015f S\u00fcresini Belirleyen Etkenler<\/strong><\/h2>\n\n\n\n<p>Bir\u00e7ok ki\u015fi, estetik ameliyat sonras\u0131 d\u0131\u015far\u0131ya \u00e7\u0131kmak, arkada\u015flar\u0131yla vakit ge\u00e7irmek ya da i\u015fe d\u00f6nmek i\u00e7in sab\u0131rs\u0131zlan\u0131r. Ancak bu s\u00fcre\u00e7 baz\u0131 etkenlere ba\u011fl\u0131d\u0131r.<\/p>\n\n\n\n<h3 class=\"wp-block-heading\"><strong>Ameliyat t\u00fcr\u00fcne g\u00f6re de\u011fi\u015fen \u0130yile\u015fme s\u00fcresi<\/strong><\/h3>\n\n\n\n<p>Her estetik operasyonun iyile\u015fme s\u00fcresi farkl\u0131d\u0131r. \u00d6rne\u011fin:<\/p>\n\n\n\n<ul class=\"wp-block-list\">\n<li><strong>Burun esteti\u011fi (rinoplasti):<\/strong> Ortalama 2-3 hafta i\u00e7inde \u015fi\u015flik azal\u0131r.<\/li>\n\n\n\n<li><strong>Meme esteti\u011fi:<\/strong> G\u00fcnl\u00fck hayata d\u00f6n\u00fc\u015f 3-4 hafta s\u00fcrebilir.<\/li>\n\n\n\n<li><strong>Liposuction:<\/strong> \u0130lk 10 g\u00fcnde toparlanma ba\u015flasa da tam iyile\u015fme birka\u00e7 ay alabilir.<\/li>\n<\/ul>\n\n\n\n<h3 class=\"wp-block-heading\"><a><\/a><strong>Ya\u015f, sa\u011fl\u0131k durumu ve ya\u015fam tarz\u0131n\u0131n etkisi<\/strong><\/h3>\n\n\n\n<p>Sa\u011fl\u0131kl\u0131 beslenen, spor yapan ve sigara kullanmayan bireyler \u00e7ok daha h\u0131zl\u0131 toparlan\u0131r.<\/p>\n\n\n\n<h3 class=\"wp-block-heading\"><strong>Psikolojik \u0130yile\u015fmenin sosyal hayata etkisi<\/strong><\/h3>\n\n\n\n<p>Sadece fiziksel de\u011fil, ruhsal toparlanma da \u00f6nemlidir. Yeni g\u00f6r\u00fcn\u00fcm\u00fcne al\u0131\u015fmak ve \u00f6zg\u00fcveni yeniden kazanmak sosyal hayata d\u00f6n\u00fc\u015f\u00fc kolayla\u015ft\u0131r\u0131r.<\/p>\n\n\n\n<h2 class=\"wp-block-heading\"><a><\/a><strong>Estetik Operasyon T\u00fcrlerine G\u00f6re Sosyal Hayata D\u00f6n\u00fc\u015f<\/strong><\/h2>\n\n\n\n<p>Her estetik operasyonun iyile\u015fme s\u00fcreci farkl\u0131d\u0131r. Bu nedenle sosyal hayata d\u00f6n\u00fc\u015f zaman\u0131 da operasyon t\u00fcr\u00fcne g\u00f6re de\u011fi\u015fir.<\/p>\n\n\n\n<h3 class=\"wp-block-heading\"><a><\/a><strong>Burun esteti\u011fi sonras\u0131 sosyal hayata d\u00f6n\u00fc\u015f<\/strong><\/h3>\n\n\n\n<ul class=\"wp-block-list\">\n<li>\u0130lk hafta \u015fi\u015flik ve morluklar yo\u011fun olabilir.<\/li>\n\n\n\n<li>Genellikle 10. g\u00fcnden itibaren hafif sosyal aktivitelere kat\u0131l\u0131m m\u00fcmk\u00fcnd\u00fcr.<\/li>\n\n\n\n<li>Ancak tamamen do\u011fal bir g\u00f6r\u00fcn\u00fcm i\u00e7in birka\u00e7 ay beklemek gerekebilir.<\/li>\n<\/ul>\n\n\n\n<h3 class=\"wp-block-heading\"><strong>Liposuction sonras\u0131 \u0130yile\u015fme ve sosyal hayata d\u00f6n\u00fc\u015f<\/strong><\/h3>\n\n\n\n<ul class=\"wp-block-list\">\n<li>Operasyon sonras\u0131 \u00f6zel korseler kullan\u0131l\u0131r.<\/li>\n\n\n\n<li>\u0130lk 2 hafta hafif y\u00fcr\u00fcy\u00fc\u015fler \u00f6nerilir.<\/li>\n\n\n\n<li>3-4 hafta i\u00e7inde sosyal ya\u015fama d\u00f6n\u00fc\u015f m\u00fcmk\u00fcnd\u00fcr, ancak spor aktiviteleri i\u00e7in en az 6 hafta beklenmelidir.<\/li>\n<\/ul>\n\n\n\n<h3 class=\"wp-block-heading\"><strong>Meme esteti\u011fi sonras\u0131 \u0130yile\u015fme s\u00fcreci<\/strong><\/h3>\n\n\n\n<ul class=\"wp-block-list\">\n<li>\u0130lk g\u00fcnlerde kol hareketleri k\u0131s\u0131tlan\u0131r.<\/li>\n\n\n\n<li>Yakla\u015f\u0131k 3 hafta i\u00e7inde sosyal hayata d\u00f6n\u00fc\u015f sa\u011flanabilir.<\/li>\n\n\n\n<li>Ancak a\u011f\u0131r kald\u0131rmak ve spor yapmak i\u00e7in 2 ay beklenmesi tavsiye edilir.<\/li>\n<\/ul>\n\n\n\n<h3 class=\"wp-block-heading\"><a><\/a><strong>Y\u00fcz germe, botoks ve dolgu uygulamalar\u0131nda sosyal ya\u015fama d\u00f6n\u00fc\u015f<\/strong><\/h3>\n\n\n\n<ul class=\"wp-block-list\">\n<li><strong>Botoks ve dolgu<\/strong> i\u015flemlerinde ki\u015fi ayn\u0131 g\u00fcn ya da ertesi g\u00fcn g\u00fcnl\u00fck ya\u015fam\u0131na d\u00f6nebilir.<\/li>\n\n\n\n<li><strong>Y\u00fcz germe<\/strong> ameliyat\u0131 ise daha kapsaml\u0131d\u0131r ve sosyal ya\u015fama d\u00f6n\u00fc\u015f genellikle 3-4 hafta s\u00fcrer.<\/li>\n<\/ul>\n\n\n\n<h2 class=\"wp-block-heading\"><a><\/a><strong>Spor ve Fiziksel Aktivitelere Ne Zaman Ba\u015flanmal\u0131?<\/strong><\/h2>\n\n\n\n<p>Estetik ameliyat sonras\u0131 spor yapmak isteyenlerin dikkatli olmas\u0131 gerekir. V\u00fccut tam iyile\u015fmeden yo\u011fun aktivitelere ba\u015flamak risklidir.<\/p>\n\n\n\n<h3 class=\"wp-block-heading\"><a><\/a><strong>Hafif egzersizlere ba\u015flama s\u00fcreci<\/strong><\/h3>\n\n\n\n<ul class=\"wp-block-list\">\n<li>\u0130lk haftalarda hafif y\u00fcr\u00fcy\u00fc\u015fler \u00f6nerilir.<\/li>\n\n\n\n<li>Bu, kan dola\u015f\u0131m\u0131n\u0131 art\u0131rarak iyile\u015fmeyi h\u0131zland\u0131r\u0131r.<\/li>\n<\/ul>\n\n\n\n<h3 class=\"wp-block-heading\"><a><\/a><strong>Yo\u011fun spor ve a\u011f\u0131rl\u0131k kald\u0131rmaya d\u00f6n\u00fc\u015f<\/strong><\/h3>\n\n\n\n<ul class=\"wp-block-list\">\n<li>Genellikle 6-8 hafta beklenmelidir.<\/li>\n\n\n\n<li>V\u00fccudu zorlayan aktiviteler, diki\u015flerin a\u00e7\u0131lmas\u0131na veya \u015fi\u015fliklerin artmas\u0131na neden olabilir.<\/li>\n<\/ul>\n\n\n\n<h2 class=\"wp-block-heading\"><a><\/a><strong>Ameliyat Sonras\u0131 Psikolojik Haz\u0131rl\u0131k ve \u00d6zg\u00fcvenin Rol\u00fc<\/strong><\/h2>\n\n\n\n<p>Estetik ameliyat sadece fiziksel de\u011fil, psikolojik bir d\u00f6n\u00fc\u015f\u00fcm s\u00fcrecidir.<\/p>\n\n\n\n<h3 class=\"wp-block-heading\"><a><\/a><strong>G\u00f6r\u00fcn\u00fcm de\u011fi\u015fikli\u011finin sosyal hayat \u00fczerindeki etkisi<\/strong><\/h3>\n\n\n\n<p>Yeni g\u00f6r\u00fcn\u00fcm, ki\u015fiye daha fazla \u00f6zg\u00fcven kazand\u0131r\u0131r. Bu da sosyal hayatta daha rahat ileti\u015fim kurmay\u0131 sa\u011flar.<\/p>\n\n\n\n<h3 class=\"wp-block-heading\"><a><\/a><strong>Psikolojik destek ve dan\u0131\u015fmanl\u0131k \u00f6nerileri<\/strong><\/h3>\n\n\n\n<p>Baz\u0131 ki\u015filer yeni g\u00f6r\u00fcn\u00fcmlerine hemen al\u0131\u015famayabilir. B\u00f6yle durumlarda psikolojik destek almak faydal\u0131 olur.<\/p>\n\n\n\n<h2 class=\"wp-block-heading\"><a><\/a><strong>Sosyal Hayata D\u00f6n\u00fc\u015f\u00fc Kolayla\u015ft\u0131ran \u0130pu\u00e7lar\u0131<\/strong><\/h2>\n\n\n\n<p>\u0130yile\u015fme s\u00fcrecini h\u0131zland\u0131rmak ve sosyal ya\u015fama d\u00f6n\u00fc\u015f\u00fc kolayla\u015ft\u0131rmak i\u00e7in baz\u0131 al\u0131\u015fkanl\u0131klar edinmek gerekir.<\/p>\n\n\n\n<h3 class=\"wp-block-heading\"><a><\/a><strong>Beslenme ve uyku d\u00fczeninin \u00f6nemi<\/strong><\/h3>\n\n\n\n<ul class=\"wp-block-list\">\n<li>Bol su i\u00e7mek, cildin yenilenmesini destekler.<\/li>\n\n\n\n<li>Protein a\u00e7\u0131s\u0131ndan zengin beslenmek iyile\u015fmeyi h\u0131zland\u0131r\u0131r.<\/li>\n\n\n\n<li>D\u00fczenli uyku, ba\u011f\u0131\u015f\u0131kl\u0131k sistemini g\u00fc\u00e7lendirir.<\/li>\n<\/ul>\n\n\n\n<h3 class=\"wp-block-heading\"><a><\/a><strong>Stres y\u00f6netimi ve pozitif bak\u0131\u015f a\u00e7\u0131s\u0131<\/strong><\/h3>\n\n\n\n<ul class=\"wp-block-list\">\n<li>Meditasyon ve nefes egzersizleri iyile\u015fme s\u00fcrecine olumlu etki eder.<\/li>\n\n\n\n<li>Pozitif bir ruh hali, psikolojik toparlanmay\u0131 h\u0131zland\u0131r\u0131r.<\/li>\n<\/ul>\n\n\n\n<h3 class=\"wp-block-heading\"><a><\/a><strong>Sosyal \u00e7evrenin deste\u011fi<\/strong><\/h3>\n\n\n\n<p>Aile ve arkada\u015flar\u0131n deste\u011fi, hastan\u0131n moralini y\u00fcksek tutar ve sosyal hayata d\u00f6n\u00fc\u015f\u00fc kolayla\u015ft\u0131r\u0131r.<\/p>\n\n\n\n<h2 class=\"wp-block-heading\"><a><\/a><strong>Estetik Ameliyat Sonras\u0131 Dikkat Edilmesi Gereken Uyar\u0131lar<\/strong><\/h2>\n\n\n\n<h3 class=\"wp-block-heading\"><a><\/a><strong>Enfeksiyon riskine kar\u015f\u0131 \u00f6nlemler<\/strong><\/h3>\n\n\n\n<ul class=\"wp-block-list\">\n<li>Hijyen kurallar\u0131na dikkat edilmelidir.<\/li>\n\n\n\n<li>Doktorun verdi\u011fi antibiyotikler d\u00fczenli kullan\u0131lmal\u0131d\u0131r.<\/li>\n<\/ul>\n\n\n\n<h3 class=\"wp-block-heading\"><a><\/a><strong>G\u00fcne\u015f \u0131\u015f\u0131\u011f\u0131ndan korunma ve cilt bak\u0131m\u0131<\/strong><\/h3>\n\n\n\n<ul class=\"wp-block-list\">\n<li>Ameliyat sonras\u0131 cilt hassas olur.<\/li>\n\n\n\n<li>G\u00fcne\u015f kremi kullanmak ve direkt g\u00fcne\u015ften ka\u00e7\u0131nmak \u00f6nemlidir.<\/li>\n<\/ul>\n\n\n\n<h3 class=\"wp-block-heading\"><a><\/a><strong>\u0130la\u00e7 ve vitamin deste\u011fi<\/strong><\/h3>\n\n\n\n<ul class=\"wp-block-list\">\n<li>Doktor \u00f6nerisiyle vitamin takviyesi al\u0131nabilir.<\/li>\n\n\n\n<li>Kan suland\u0131r\u0131c\u0131 ila\u00e7lardan ka\u00e7\u0131n\u0131lmal\u0131d\u0131r.<\/li>\n<\/ul>\n\n\n\n<h2 class=\"wp-block-heading\"><a><\/a><strong>Estetik Ameliyat Sonras\u0131 Sosyal Hayata D\u00f6n\u00fc\u015f \u0130\u00e7in Ortalama S\u00fcreler<\/strong><\/h2>\n\n\n\n<h3 class=\"wp-block-heading\"><a><\/a><strong>Hafif operasyonlarda ortalama s\u00fcre<\/strong><\/h3>\n\n\n\n<p>Botoks, dolgu gibi i\u015flemlerde ki\u015fi <strong>ayn\u0131 g\u00fcn sosyal hayat\u0131na d\u00f6nebilir.<\/strong><\/p>\n\n\n\n<h3 class=\"wp-block-heading\"><a><\/a><strong>Orta d\u00fczey operasyonlarda ortalama s\u00fcre<\/strong><\/h3>\n\n\n\n<p>Burun esteti\u011fi, meme esteti\u011fi ve liposuction gibi operasyonlarda 2-4 hafta aras\u0131 beklemek gerekir.<\/p>\n\n\n\n<h3 class=\"wp-block-heading\"><a><\/a><strong>B\u00fcy\u00fck cerrahi m\u00fcdahalelerde ortalama s\u00fcre<\/strong><\/h3>\n\n\n\n<p>Y\u00fcz germe, kar\u0131n germe gibi kapsaml\u0131 ameliyatlarda sosyal hayata d\u00f6n\u00fc\u015f 6-8 hafta s\u00fcrebilir.<\/p>\n\n\n\n<h2 class=\"wp-block-heading\"><a><\/a><strong>Uzman G\u00f6r\u00fc\u015fleri ve Deneyim Payla\u015f\u0131mlar\u0131<\/strong><\/h2>\n\n\n\n<h3 class=\"wp-block-heading\"><a><\/a><strong>Plastik cerrahlar\u0131n \u00f6nerileri<\/strong><\/h3>\n\n\n\n<p>Uzmanlar, hastalar\u0131n doktor tavsiyelerine tam uyum g\u00f6stermesinin iyile\u015fme s\u00fcresini h\u0131zland\u0131rd\u0131\u011f\u0131n\u0131 vurgular.<\/p>\n\n\n\n<h3 class=\"wp-block-heading\"><a><\/a><strong>Hastalar\u0131n deneyimlerinden \u00e7\u0131kar\u0131lan dersler<\/strong><\/h3>\n\n\n\n<p>Bir\u00e7ok hasta, sab\u0131rl\u0131 olman\u0131n ve moralini y\u00fcksek tutman\u0131n sosyal hayata d\u00f6n\u00fc\u015f\u00fc kolayla\u015ft\u0131rd\u0131\u011f\u0131n\u0131 belirtir.<\/p>\n\n\n\n<h2 class=\"wp-block-heading\"><a><\/a><strong>S\u0131k\u00e7a Sorulan Sorular (FAQ)<\/strong><\/h2>\n\n\n\n<p><strong>1. Estetik ameliyat sonras\u0131 i\u015fe ne zaman d\u00f6nebilirim?<br><\/strong>&nbsp;\u00c7o\u011fu ameliyat sonras\u0131 2-3 hafta i\u00e7inde i\u015fe d\u00f6n\u00fc\u015f m\u00fcmk\u00fcnd\u00fcr. Ancak a\u011f\u0131r i\u015flerde \u00e7al\u0131\u015fanlar i\u00e7in s\u00fcre daha uzun olabilir.<\/p>\n\n\n\n<p><strong>2. Burun esteti\u011fi sonras\u0131 g\u00f6zl\u00fck kullanabilir miyim?<br><\/strong>&nbsp;\u0130lk 2 ay boyunca g\u00f6zl\u00fck kullan\u0131m\u0131 \u00f6nerilmez. Lens tercih edilebilir.<\/p>\n\n\n\n<p><strong>3. Estetik ameliyat sonras\u0131 makyaj yapabilir miyim?<br><\/strong>&nbsp;Genellikle ilk 10 g\u00fcn makyaj \u00f6nerilmez. Cilt iyile\u015ftik\u00e7e hafif makyaj yap\u0131labilir.<\/p>\n\n\n\n<p><strong>4. Spor salonuna ne zaman d\u00f6nebilirim?<br><\/strong>&nbsp;Yo\u011fun spor aktiviteleri i\u00e7in genellikle 6-8 hafta beklenmelidir.<\/p>\n\n\n\n<p><strong>5. Estetik ameliyat sonras\u0131 sigara i\u00e7mek neden zararl\u0131d\u0131r?<br><\/strong>&nbsp;Sigara, kan dola\u015f\u0131m\u0131n\u0131 olumsuz etkiler ve iyile\u015fmeyi geciktirir.<\/p>\n\n\n\n<p><strong>6. Estetik ameliyat sonras\u0131 psikolojik destek almak gerekir mi?<br><\/strong>&nbsp;E\u011fer ki\u015fi yeni g\u00f6r\u00fcn\u00fcm\u00fcne al\u0131\u015fmakta zorlan\u0131yorsa profesyonel destek almak faydal\u0131 olabilir.<\/p>\n\n\n\n<h2 class=\"wp-block-heading\"><a><\/a><strong>Sosyal Hayata D\u00f6n\u00fc\u015fte Sab\u0131r ve Disiplinin \u00d6nemi<\/strong><\/h2>\n\n\n\n<p>Estetik ameliyat sonras\u0131 sosyal hayata d\u00f6n\u00fc\u015f, ameliyat t\u00fcr\u00fcne, ki\u015finin sa\u011fl\u0131k durumuna ve ya\u015fam tarz\u0131na g\u00f6re de\u011fi\u015fiklik g\u00f6sterir. Kimi i\u015flemlerden hemen sonra g\u00fcnl\u00fck hayata d\u00f6nmek m\u00fcmk\u00fcnken, baz\u0131 cerrahi m\u00fcdahaleler i\u00e7in haftalar hatta aylar gerekebilir.<\/p>\n\n\n\n<p>\u00d6nemli olan, s\u00fcreci sab\u0131rla y\u00f6netmek, doktor tavsiyelerine uymak ve hem fiziksel hem de psikolojik olarak kendinizi haz\u0131r hissetmektir. B\u00f6ylece estetik ameliyat\u0131n getirdi\u011fi yeniliklerden en sa\u011fl\u0131kl\u0131 \u015fekilde faydalanabilirsiniz.<\/p>\n\n\n\n<p><strong>Hekim Bilgisi<\/strong><\/p>\n\n\n\n<p><strong>Do\u00e7. Dr. Sedat Tatar<\/strong>, iki ayr\u0131 uluslararas\u0131 kurul taraf\u0131ndan sertifikaland\u0131r\u0131lm\u0131\u015f (Double Board Certified) Plastik, Rekonstr\u00fcktif ve Estetik Cerrahi uzman\u0131d\u0131r. <strong>American College of Surgeons Fellow (FACS)<\/strong> ve <strong>European Board of Plastic, Reconstructive and Aesthetic Surgery Fellow (FEBOPRAS)<\/strong> unvanlar\u0131na sahiptir.<\/p>\n\n\n\n<p>Uluslararas\u0131 profesyonel \u00fcyelikleri aras\u0131nda <strong>ISAPS (International Society of Aesthetic Plastic Surgery)<\/strong> ve <strong>ASPS (American Society of Plastic Surgeons)<\/strong> bulunmaktad\u0131r.<\/p>\n\n\n\n<p>Klini\u011fi \u0130stanbul\u2019da <strong>T\u00fcrkiye Sa\u011fl\u0131k Bakanl\u0131\u011f\u0131 taraf\u0131ndan Sa\u011fl\u0131k Turizmi Merkezi olarak yetkilidir<\/strong> ve \u015firketi <strong>Birle\u015fik Krall\u0131k &amp; Galler&#8217;e kay\u0131tl\u0131d\u0131r.<\/strong><\/p>\n\n\n\n<p><strong>\u0130LET\u0130\u015e\u0130M B\u0130LG\u0130LER\u0130<\/strong><\/p>\n\n\n\n<p><strong>Do\u00e7. Dr. Sedar Tatar Klini\u011fi<\/strong><\/p>\n\n\n\n<p><strong>Telefon No :&nbsp;<\/strong><a href=\"tel:+90%20(555)%20100%2010%2083\">+90 (555) 100 10 83<\/a><br><strong>\u0130leti\u015fim Linki :&nbsp;<\/strong><a href=\"mailto:info@drsedattatar.com\">info@drsedattatar.com<\/a><br><strong>Adres :&nbsp;<\/strong>Levent Mahallesi, Karanfil Aral\u0131\u011f\u0131 Caddesi No: 18 Be\u015fikta\u015f\/\u0130STANBUL<\/p>\n\n\n<div class=\"kk-star-ratings kksr-auto kksr-align-center kksr-valign-bottom\"\n    data-payload='{&quot;align&quot;:&quot;center&quot;,&quot;id&quot;:&quot;3093&quot;,&quot;slug&quot;:&quot;default&quot;,&quot;valign&quot;:&quot;bottom&quot;,&quot;ignore&quot;:&quot;&quot;,&quot;reference&quot;:&quot;auto&quot;,&quot;class&quot;:&quot;&quot;,&quot;count&quot;:&quot;0&quot;,&quot;legendonly&quot;:&quot;&quot;,&quot;readonly&quot;:&quot;&quot;,&quot;score&quot;:&quot;0&quot;,&quot;starsonly&quot;:&quot;&quot;,&quot;best&quot;:&quot;5&quot;,&quot;gap&quot;:&quot;5&quot;,&quot;greet&quot;:&quot;\u0130\u00e7eri\u011fimizi Oylay\u0131n!&quot;,&quot;legend&quot;:&quot;0\\\/5 - (0 oy verildi!)&quot;,&quot;size&quot;:&quot;24&quot;,&quot;title&quot;:&quot;Estetik Ameliyat Sonras\u0131 Sosyal Hayata Ne Zaman D\u00f6n\u00fcl\u00fcr?&quot;,&quot;width&quot;:&quot;0&quot;,&quot;_legend&quot;:&quot;{score}\\\/{best} - ({count} oy verildi!)&quot;,&quot;font_factor&quot;:&quot;1.25&quot;}'>\n            \n<div class=\"kksr-stars\">\n    \n<div class=\"kksr-stars-inactive\">\n            <div class=\"kksr-star\" data-star=\"1\" style=\"padding-right: 5px\">\n            \n\n<div class=\"kksr-icon\" style=\"width: 24px; height: 24px;\"><\/div>\n        <\/div>\n            <div class=\"kksr-star\" data-star=\"2\" style=\"padding-right: 5px\">\n            \n\n<div class=\"kksr-icon\" style=\"width: 24px; height: 24px;\"><\/div>\n        <\/div>\n            <div class=\"kksr-star\" data-star=\"3\" style=\"padding-right: 5px\">\n            \n\n<div class=\"kksr-icon\" style=\"width: 24px; height: 24px;\"><\/div>\n        <\/div>\n            <div class=\"kksr-star\" data-star=\"4\" style=\"padding-right: 5px\">\n            \n\n<div class=\"kksr-icon\" style=\"width: 24px; height: 24px;\"><\/div>\n        <\/div>\n            <div class=\"kksr-star\" data-star=\"5\" style=\"padding-right: 5px\">\n            \n\n<div class=\"kksr-icon\" style=\"width: 24px; height: 24px;\"><\/div>\n        <\/div>\n    <\/div>\n    \n<div class=\"kksr-stars-active\" style=\"width: 0px;\">\n            <div class=\"kksr-star\" style=\"padding-right: 5px\">\n            \n\n<div class=\"kksr-icon\" style=\"width: 24px; height: 24px;\"><\/div>\n        <\/div>\n            <div class=\"kksr-star\" style=\"padding-right: 5px\">\n            \n\n<div class=\"kksr-icon\" style=\"width: 24px; height: 24px;\"><\/div>\n        <\/div>\n            <div class=\"kksr-star\" style=\"padding-right: 5px\">\n            \n\n<div class=\"kksr-icon\" style=\"width: 24px; height: 24px;\"><\/div>\n        <\/div>\n            <div class=\"kksr-star\" style=\"padding-right: 5px\">\n            \n\n<div class=\"kksr-icon\" style=\"width: 24px; height: 24px;\"><\/div>\n        <\/div>\n            <div class=\"kksr-star\" style=\"padding-right: 5px\">\n            \n\n<div class=\"kksr-icon\" style=\"width: 24px; height: 24px;\"><\/div>\n        <\/div>\n    <\/div>\n<\/div>\n                \n\n<div class=\"kksr-legend\" style=\"font-size: 19.2px;\">\n            <span class=\"kksr-muted\">\u0130\u00e7eri\u011fimizi Oylay\u0131n!<\/span>\n    <\/div>\n    <\/div>\n","protected":false},"excerpt":{"rendered":"<p>Estetik ameliyatlar, ki\u015finin g\u00f6r\u00fcn\u00fcm\u00fcn\u00fc iyile\u015ftirmek, \u00f6zg\u00fcvenini art\u0131rmak ve ya\u015fam kalitesini y\u00fckseltmek i\u00e7in tercih edilir. Ancak bu s\u00fcrecin en kritik noktalar\u0131ndan biri, ameliyat sonras\u0131 iyile\u015fme d\u00f6nemidir. \u00c7o\u011fu ki\u015fi \u201cEstetik ameliyat sonras\u0131 sosyal hayata ne zaman d\u00f6n\u00fcl\u00fcr?\u201d sorusuna cevap arar \u00e7\u00fcnk\u00fc hem i\u015f hem de g\u00fcnl\u00fck ya\u015fam planlar\u0131n\u0131 buna g\u00f6re yapmak ister.<\/p>\n","protected":false},"author":1,"featured_media":3095,"comment_status":"closed","ping_status":"open","sticky":false,"template":"","format":"standard","meta":{"_kad_blocks_custom_css":"","_kad_blocks_head_custom_js":"","_kad_blocks_body_custom_js":"","_kad_blocks_footer_custom_js":"","_kadence_starter_templates_imported_post":false,"_kad_post_transparent":"","_kad_post_title":"","_kad_post_layout":"","_kad_post_sidebar_id":"","_kad_post_content_style":"","_kad_post_vertical_padding":"","_kad_post_feature":"","_kad_post_feature_position":"","_kad_post_header":false,"_kad_post_footer":false,"footnotes":""},"categories":[14],"tags":[],"class_list":["post-3093","post","type-post","status-publish","format-standard","has-post-thumbnail","hentry","category-plastik-cerrahi-blog"],"yoast_head":"<!-- This site is optimized with the Yoast SEO plugin v25.9 - https:\/\/yoast.com\/wordpress\/plugins\/seo\/ -->\n<title>Estetik Ameliyat Sonras\u0131 Sosyal Hayata Ne Zaman D\u00f6n\u00fcl\u00fcr? - \u0130stanbul Estetik, Plastik ve Rekonstr\u00fcktif Cerrahi - Do\u00e7. Dr. Sedat Tatar<\/title>\n<meta name=\"description\" content=\"Estetik ameliyat sonras\u0131 sosyal hayata ne zaman d\u00f6n\u00fcl\u00fcr? Ameliyat t\u00fcr\u00fcne g\u00f6re iyile\u015fme s\u00fcreleri, i\u015fe d\u00f6n\u00fc\u015f ve g\u00fcnl\u00fck ya\u015fam planlamas\u0131 hakk\u0131nda bilgiler.\" \/>\n<meta name=\"robots\" content=\"index, follow, max-snippet:-1, max-image-preview:large, max-video-preview:-1\" \/>\n<link rel=\"canonical\" href=\"https:\/\/drsedattatar.com\/tr\/estetik-ameliyat-sonrasi-sosyal-hayata-ne-zaman-donulur\/\" \/>\n<meta property=\"og:locale\" content=\"tr_TR\" \/>\n<meta property=\"og:type\" content=\"article\" \/>\n<meta property=\"og:title\" content=\"Estetik Ameliyat Sonras\u0131 Sosyal Hayata Ne Zaman D\u00f6n\u00fcl\u00fcr? - \u0130stanbul Estetik, Plastik ve Rekonstr\u00fcktif Cerrahi - Do\u00e7. Dr. Sedat Tatar\" \/>\n<meta property=\"og:description\" content=\"Estetik ameliyat sonras\u0131 sosyal hayata ne zaman d\u00f6n\u00fcl\u00fcr? Ameliyat t\u00fcr\u00fcne g\u00f6re iyile\u015fme s\u00fcreleri, i\u015fe d\u00f6n\u00fc\u015f ve g\u00fcnl\u00fck ya\u015fam planlamas\u0131 hakk\u0131nda bilgiler.\" \/>\n<meta property=\"og:url\" content=\"https:\/\/drsedattatar.com\/tr\/estetik-ameliyat-sonrasi-sosyal-hayata-ne-zaman-donulur\/\" \/>\n<meta property=\"og:site_name\" content=\"\u0130stanbul Estetik, Plastik ve Rekonstr\u00fcktif Cerrahi - Do\u00e7. Dr. Sedat Tatar\" \/>\n<meta property=\"article:published_time\" content=\"2026-01-20T08:26:29+00:00\" \/>\n<meta property=\"article:modified_time\" content=\"2026-01-20T08:37:08+00:00\" \/>\n<meta property=\"og:image\" content=\"https:\/\/drsedattatar.com\/tr\/wp-content\/uploads\/2026\/01\/71-Kapak-TR.png\" \/>\n\t<meta property=\"og:image:width\" content=\"1920\" \/>\n\t<meta property=\"og:image:height\" content=\"1080\" \/>\n\t<meta property=\"og:image:type\" content=\"image\/png\" \/>\n<meta name=\"author\" content=\"Sedat Tatar\" \/>\n<meta name=\"twitter:card\" content=\"summary_large_image\" \/>\n<meta name=\"twitter:label1\" content=\"Yazan:\" \/>\n\t<meta name=\"twitter:data1\" content=\"Sedat Tatar\" \/>\n\t<meta name=\"twitter:label2\" content=\"Tahmini okuma s\u00fcresi\" \/>\n\t<meta name=\"twitter:data2\" content=\"8 dakika\" \/>\n<script type=\"application\/ld+json\" class=\"yoast-schema-graph\">{\"@context\":\"https:\/\/schema.org\",\"@graph\":[{\"@type\":\"Article\",\"@id\":\"https:\/\/drsedattatar.com\/tr\/estetik-ameliyat-sonrasi-sosyal-hayata-ne-zaman-donulur\/#article\",\"isPartOf\":{\"@id\":\"https:\/\/drsedattatar.com\/tr\/estetik-ameliyat-sonrasi-sosyal-hayata-ne-zaman-donulur\/\"},\"author\":{\"name\":\"Sedat Tatar\",\"@id\":\"https:\/\/drsedattatar.com\/tr\/#\/schema\/person\/aa22f82cb49cf6b0e8e4c2fdd472308a\"},\"headline\":\"Estetik Ameliyat Sonras\u0131 Sosyal Hayata Ne Zaman D\u00f6n\u00fcl\u00fcr?\",\"datePublished\":\"2026-01-20T08:26:29+00:00\",\"dateModified\":\"2026-01-20T08:37:08+00:00\",\"mainEntityOfPage\":{\"@id\":\"https:\/\/drsedattatar.com\/tr\/estetik-ameliyat-sonrasi-sosyal-hayata-ne-zaman-donulur\/\"},\"wordCount\":1667,\"publisher\":{\"@id\":\"https:\/\/drsedattatar.com\/tr\/#organization\"},\"image\":{\"@id\":\"https:\/\/drsedattatar.com\/tr\/estetik-ameliyat-sonrasi-sosyal-hayata-ne-zaman-donulur\/#primaryimage\"},\"thumbnailUrl\":\"https:\/\/drsedattatar.com\/tr\/wp-content\/uploads\/2026\/01\/71-Kapak-TR.png\",\"articleSection\":[\"Plastik Cerrahi Blog\"],\"inLanguage\":\"tr\"},{\"@type\":\"WebPage\",\"@id\":\"https:\/\/drsedattatar.com\/tr\/estetik-ameliyat-sonrasi-sosyal-hayata-ne-zaman-donulur\/\",\"url\":\"https:\/\/drsedattatar.com\/tr\/estetik-ameliyat-sonrasi-sosyal-hayata-ne-zaman-donulur\/\",\"name\":\"Estetik Ameliyat Sonras\u0131 Sosyal Hayata Ne Zaman D\u00f6n\u00fcl\u00fcr? - \u0130stanbul Estetik, Plastik ve Rekonstr\u00fcktif Cerrahi - Do\u00e7. Dr. Sedat Tatar\",\"isPartOf\":{\"@id\":\"https:\/\/drsedattatar.com\/tr\/#website\"},\"primaryImageOfPage\":{\"@id\":\"https:\/\/drsedattatar.com\/tr\/estetik-ameliyat-sonrasi-sosyal-hayata-ne-zaman-donulur\/#primaryimage\"},\"image\":{\"@id\":\"https:\/\/drsedattatar.com\/tr\/estetik-ameliyat-sonrasi-sosyal-hayata-ne-zaman-donulur\/#primaryimage\"},\"thumbnailUrl\":\"https:\/\/drsedattatar.com\/tr\/wp-content\/uploads\/2026\/01\/71-Kapak-TR.png\",\"datePublished\":\"2026-01-20T08:26:29+00:00\",\"dateModified\":\"2026-01-20T08:37:08+00:00\",\"description\":\"Estetik ameliyat sonras\u0131 sosyal hayata ne zaman d\u00f6n\u00fcl\u00fcr? Ameliyat t\u00fcr\u00fcne g\u00f6re iyile\u015fme s\u00fcreleri, i\u015fe d\u00f6n\u00fc\u015f ve g\u00fcnl\u00fck ya\u015fam planlamas\u0131 hakk\u0131nda bilgiler.\",\"breadcrumb\":{\"@id\":\"https:\/\/drsedattatar.com\/tr\/estetik-ameliyat-sonrasi-sosyal-hayata-ne-zaman-donulur\/#breadcrumb\"},\"inLanguage\":\"tr\",\"potentialAction\":[{\"@type\":\"ReadAction\",\"target\":[\"https:\/\/drsedattatar.com\/tr\/estetik-ameliyat-sonrasi-sosyal-hayata-ne-zaman-donulur\/\"]}]},{\"@type\":\"ImageObject\",\"inLanguage\":\"tr\",\"@id\":\"https:\/\/drsedattatar.com\/tr\/estetik-ameliyat-sonrasi-sosyal-hayata-ne-zaman-donulur\/#primaryimage\",\"url\":\"https:\/\/drsedattatar.com\/tr\/wp-content\/uploads\/2026\/01\/71-Kapak-TR.png\",\"contentUrl\":\"https:\/\/drsedattatar.com\/tr\/wp-content\/uploads\/2026\/01\/71-Kapak-TR.png\",\"width\":1920,\"height\":1080},{\"@type\":\"BreadcrumbList\",\"@id\":\"https:\/\/drsedattatar.com\/tr\/estetik-ameliyat-sonrasi-sosyal-hayata-ne-zaman-donulur\/#breadcrumb\",\"itemListElement\":[{\"@type\":\"ListItem\",\"position\":1,\"name\":\"Anasayfa\",\"item\":\"https:\/\/drsedattatar.com\/tr\/\"},{\"@type\":\"ListItem\",\"position\":2,\"name\":\"Estetik Ameliyat Sonras\u0131 Sosyal Hayata Ne Zaman D\u00f6n\u00fcl\u00fcr?\"}]},{\"@type\":\"WebSite\",\"@id\":\"https:\/\/drsedattatar.com\/tr\/#website\",\"url\":\"https:\/\/drsedattatar.com\/tr\/\",\"name\":\"\u0130stanbul Estetik, Plastik ve Rekonstr\u00fcktif Cerrahi - Do\u00e7. Dr. Sedat Tatar\",\"description\":\"\u0130stanbul Estetik, Plastik ve Rekonstr\u00fcktif Cerrahi alan\u0131nda deneyimli Do\u00e7. Dr. Sedat Tatar ile hayallerinizi ger\u00e7e\u011fe d\u00f6n\u00fc\u015ft\u00fcr\u00fcn ve kendinizi en iyi \u015fekilde hissedin.\",\"publisher\":{\"@id\":\"https:\/\/drsedattatar.com\/tr\/#organization\"},\"potentialAction\":[{\"@type\":\"SearchAction\",\"target\":{\"@type\":\"EntryPoint\",\"urlTemplate\":\"https:\/\/drsedattatar.com\/tr\/?s={search_term_string}\"},\"query-input\":{\"@type\":\"PropertyValueSpecification\",\"valueRequired\":true,\"valueName\":\"search_term_string\"}}],\"inLanguage\":\"tr\"},{\"@type\":\"Organization\",\"@id\":\"https:\/\/drsedattatar.com\/tr\/#organization\",\"name\":\"\u0130stanbul Estetik, Plastik ve Rekonstr\u00fcktif Cerrahi - Do\u00e7. Dr. Sedat Tatar\",\"url\":\"https:\/\/drsedattatar.com\/tr\/\",\"logo\":{\"@type\":\"ImageObject\",\"inLanguage\":\"tr\",\"@id\":\"https:\/\/drsedattatar.com\/tr\/#\/schema\/logo\/image\/\",\"url\":\"https:\/\/drsedattatar.com\/tr\/wp-content\/uploads\/2023\/06\/cropped-cropped-cropped-dr-sedat-tatar-estetik-plastik-logo.webp\",\"contentUrl\":\"https:\/\/drsedattatar.com\/tr\/wp-content\/uploads\/2023\/06\/cropped-cropped-cropped-dr-sedat-tatar-estetik-plastik-logo.webp\",\"width\":1505,\"height\":602,\"caption\":\"\u0130stanbul Estetik, Plastik ve Rekonstr\u00fcktif Cerrahi - Do\u00e7. Dr. Sedat Tatar\"},\"image\":{\"@id\":\"https:\/\/drsedattatar.com\/tr\/#\/schema\/logo\/image\/\"}},{\"@type\":\"Person\",\"@id\":\"https:\/\/drsedattatar.com\/tr\/#\/schema\/person\/aa22f82cb49cf6b0e8e4c2fdd472308a\",\"name\":\"Sedat Tatar\",\"image\":{\"@type\":\"ImageObject\",\"inLanguage\":\"tr\",\"@id\":\"https:\/\/drsedattatar.com\/tr\/#\/schema\/person\/image\/\",\"url\":\"https:\/\/secure.gravatar.com\/avatar\/dea798d972982cc67ccc601a56275438ae42ec5d4557bb1f2fb426553e72d1a1?s=96&d=mm&r=g\",\"contentUrl\":\"https:\/\/secure.gravatar.com\/avatar\/dea798d972982cc67ccc601a56275438ae42ec5d4557bb1f2fb426553e72d1a1?s=96&d=mm&r=g\",\"caption\":\"Sedat Tatar\"},\"sameAs\":[\"http:\/\/drsedattatar.com\/tr\"],\"url\":\"https:\/\/drsedattatar.com\/tr\/author\/admin\/\"}]}<\/script>\n<!-- \/ Yoast SEO plugin. -->","yoast_head_json":{"title":"Estetik Ameliyat Sonras\u0131 Sosyal Hayata Ne Zaman D\u00f6n\u00fcl\u00fcr? - \u0130stanbul Estetik, Plastik ve Rekonstr\u00fcktif Cerrahi - Do\u00e7. Dr. Sedat Tatar","description":"Estetik ameliyat sonras\u0131 sosyal hayata ne zaman d\u00f6n\u00fcl\u00fcr? Ameliyat t\u00fcr\u00fcne g\u00f6re iyile\u015fme s\u00fcreleri, i\u015fe d\u00f6n\u00fc\u015f ve g\u00fcnl\u00fck ya\u015fam planlamas\u0131 hakk\u0131nda bilgiler.","robots":{"index":"index","follow":"follow","max-snippet":"max-snippet:-1","max-image-preview":"max-image-preview:large","max-video-preview":"max-video-preview:-1"},"canonical":"https:\/\/drsedattatar.com\/tr\/estetik-ameliyat-sonrasi-sosyal-hayata-ne-zaman-donulur\/","og_locale":"tr_TR","og_type":"article","og_title":"Estetik Ameliyat Sonras\u0131 Sosyal Hayata Ne Zaman D\u00f6n\u00fcl\u00fcr? - \u0130stanbul Estetik, Plastik ve Rekonstr\u00fcktif Cerrahi - Do\u00e7. Dr. Sedat Tatar","og_description":"Estetik ameliyat sonras\u0131 sosyal hayata ne zaman d\u00f6n\u00fcl\u00fcr? Ameliyat t\u00fcr\u00fcne g\u00f6re iyile\u015fme s\u00fcreleri, i\u015fe d\u00f6n\u00fc\u015f ve g\u00fcnl\u00fck ya\u015fam planlamas\u0131 hakk\u0131nda bilgiler.","og_url":"https:\/\/drsedattatar.com\/tr\/estetik-ameliyat-sonrasi-sosyal-hayata-ne-zaman-donulur\/","og_site_name":"\u0130stanbul Estetik, Plastik ve Rekonstr\u00fcktif Cerrahi - Do\u00e7. Dr. Sedat Tatar","article_published_time":"2026-01-20T08:26:29+00:00","article_modified_time":"2026-01-20T08:37:08+00:00","og_image":[{"width":1920,"height":1080,"url":"https:\/\/drsedattatar.com\/tr\/wp-content\/uploads\/2026\/01\/71-Kapak-TR.png","type":"image\/png"}],"author":"Sedat Tatar","twitter_card":"summary_large_image","twitter_misc":{"Yazan:":"Sedat Tatar","Tahmini okuma s\u00fcresi":"8 dakika"},"schema":{"@context":"https:\/\/schema.org","@graph":[{"@type":"Article","@id":"https:\/\/drsedattatar.com\/tr\/estetik-ameliyat-sonrasi-sosyal-hayata-ne-zaman-donulur\/#article","isPartOf":{"@id":"https:\/\/drsedattatar.com\/tr\/estetik-ameliyat-sonrasi-sosyal-hayata-ne-zaman-donulur\/"},"author":{"name":"Sedat Tatar","@id":"https:\/\/drsedattatar.com\/tr\/#\/schema\/person\/aa22f82cb49cf6b0e8e4c2fdd472308a"},"headline":"Estetik Ameliyat Sonras\u0131 Sosyal Hayata Ne Zaman D\u00f6n\u00fcl\u00fcr?","datePublished":"2026-01-20T08:26:29+00:00","dateModified":"2026-01-20T08:37:08+00:00","mainEntityOfPage":{"@id":"https:\/\/drsedattatar.com\/tr\/estetik-ameliyat-sonrasi-sosyal-hayata-ne-zaman-donulur\/"},"wordCount":1667,"publisher":{"@id":"https:\/\/drsedattatar.com\/tr\/#organization"},"image":{"@id":"https:\/\/drsedattatar.com\/tr\/estetik-ameliyat-sonrasi-sosyal-hayata-ne-zaman-donulur\/#primaryimage"},"thumbnailUrl":"https:\/\/drsedattatar.com\/tr\/wp-content\/uploads\/2026\/01\/71-Kapak-TR.png","articleSection":["Plastik Cerrahi Blog"],"inLanguage":"tr"},{"@type":"WebPage","@id":"https:\/\/drsedattatar.com\/tr\/estetik-ameliyat-sonrasi-sosyal-hayata-ne-zaman-donulur\/","url":"https:\/\/drsedattatar.com\/tr\/estetik-ameliyat-sonrasi-sosyal-hayata-ne-zaman-donulur\/","name":"Estetik Ameliyat Sonras\u0131 Sosyal Hayata Ne Zaman D\u00f6n\u00fcl\u00fcr? - \u0130stanbul Estetik, Plastik ve Rekonstr\u00fcktif Cerrahi - Do\u00e7. Dr. Sedat Tatar","isPartOf":{"@id":"https:\/\/drsedattatar.com\/tr\/#website"},"primaryImageOfPage":{"@id":"https:\/\/drsedattatar.com\/tr\/estetik-ameliyat-sonrasi-sosyal-hayata-ne-zaman-donulur\/#primaryimage"},"image":{"@id":"https:\/\/drsedattatar.com\/tr\/estetik-ameliyat-sonrasi-sosyal-hayata-ne-zaman-donulur\/#primaryimage"},"thumbnailUrl":"https:\/\/drsedattatar.com\/tr\/wp-content\/uploads\/2026\/01\/71-Kapak-TR.png","datePublished":"2026-01-20T08:26:29+00:00","dateModified":"2026-01-20T08:37:08+00:00","description":"Estetik ameliyat sonras\u0131 sosyal hayata ne zaman d\u00f6n\u00fcl\u00fcr? Ameliyat t\u00fcr\u00fcne g\u00f6re iyile\u015fme s\u00fcreleri, i\u015fe d\u00f6n\u00fc\u015f ve g\u00fcnl\u00fck ya\u015fam planlamas\u0131 hakk\u0131nda bilgiler.","breadcrumb":{"@id":"https:\/\/drsedattatar.com\/tr\/estetik-ameliyat-sonrasi-sosyal-hayata-ne-zaman-donulur\/#breadcrumb"},"inLanguage":"tr","potentialAction":[{"@type":"ReadAction","target":["https:\/\/drsedattatar.com\/tr\/estetik-ameliyat-sonrasi-sosyal-hayata-ne-zaman-donulur\/"]}]},{"@type":"ImageObject","inLanguage":"tr","@id":"https:\/\/drsedattatar.com\/tr\/estetik-ameliyat-sonrasi-sosyal-hayata-ne-zaman-donulur\/#primaryimage","url":"https:\/\/drsedattatar.com\/tr\/wp-content\/uploads\/2026\/01\/71-Kapak-TR.png","contentUrl":"https:\/\/drsedattatar.com\/tr\/wp-content\/uploads\/2026\/01\/71-Kapak-TR.png","width":1920,"height":1080},{"@type":"BreadcrumbList","@id":"https:\/\/drsedattatar.com\/tr\/estetik-ameliyat-sonrasi-sosyal-hayata-ne-zaman-donulur\/#breadcrumb","itemListElement":[{"@type":"ListItem","position":1,"name":"Anasayfa","item":"https:\/\/drsedattatar.com\/tr\/"},{"@type":"ListItem","position":2,"name":"Estetik Ameliyat Sonras\u0131 Sosyal Hayata Ne Zaman D\u00f6n\u00fcl\u00fcr?"}]},{"@type":"WebSite","@id":"https:\/\/drsedattatar.com\/tr\/#website","url":"https:\/\/drsedattatar.com\/tr\/","name":"\u0130stanbul Estetik, Plastik ve Rekonstr\u00fcktif Cerrahi - Do\u00e7. Dr. Sedat Tatar","description":"\u0130stanbul Estetik, Plastik ve Rekonstr\u00fcktif Cerrahi alan\u0131nda deneyimli Do\u00e7. Dr. Sedat Tatar ile hayallerinizi ger\u00e7e\u011fe d\u00f6n\u00fc\u015ft\u00fcr\u00fcn ve kendinizi en iyi \u015fekilde hissedin.","publisher":{"@id":"https:\/\/drsedattatar.com\/tr\/#organization"},"potentialAction":[{"@type":"SearchAction","target":{"@type":"EntryPoint","urlTemplate":"https:\/\/drsedattatar.com\/tr\/?s={search_term_string}"},"query-input":{"@type":"PropertyValueSpecification","valueRequired":true,"valueName":"search_term_string"}}],"inLanguage":"tr"},{"@type":"Organization","@id":"https:\/\/drsedattatar.com\/tr\/#organization","name":"\u0130stanbul Estetik, Plastik ve Rekonstr\u00fcktif Cerrahi - Do\u00e7. Dr. Sedat Tatar","url":"https:\/\/drsedattatar.com\/tr\/","logo":{"@type":"ImageObject","inLanguage":"tr","@id":"https:\/\/drsedattatar.com\/tr\/#\/schema\/logo\/image\/","url":"https:\/\/drsedattatar.com\/tr\/wp-content\/uploads\/2023\/06\/cropped-cropped-cropped-dr-sedat-tatar-estetik-plastik-logo.webp","contentUrl":"https:\/\/drsedattatar.com\/tr\/wp-content\/uploads\/2023\/06\/cropped-cropped-cropped-dr-sedat-tatar-estetik-plastik-logo.webp","width":1505,"height":602,"caption":"\u0130stanbul Estetik, Plastik ve Rekonstr\u00fcktif Cerrahi - Do\u00e7. Dr. Sedat Tatar"},"image":{"@id":"https:\/\/drsedattatar.com\/tr\/#\/schema\/logo\/image\/"}},{"@type":"Person","@id":"https:\/\/drsedattatar.com\/tr\/#\/schema\/person\/aa22f82cb49cf6b0e8e4c2fdd472308a","name":"Sedat Tatar","image":{"@type":"ImageObject","inLanguage":"tr","@id":"https:\/\/drsedattatar.com\/tr\/#\/schema\/person\/image\/","url":"https:\/\/secure.gravatar.com\/avatar\/dea798d972982cc67ccc601a56275438ae42ec5d4557bb1f2fb426553e72d1a1?s=96&d=mm&r=g","contentUrl":"https:\/\/secure.gravatar.com\/avatar\/dea798d972982cc67ccc601a56275438ae42ec5d4557bb1f2fb426553e72d1a1?s=96&d=mm&r=g","caption":"Sedat Tatar"},"sameAs":["http:\/\/drsedattatar.com\/tr"],"url":"https:\/\/drsedattatar.com\/tr\/author\/admin\/"}]}},"taxonomy_info":{"category":[{"value":14,"label":"Plastik Cerrahi Blog"}]},"featured_image_src_large":["https:\/\/drsedattatar.com\/tr\/wp-content\/uploads\/2026\/01\/71-Kapak-TR-1024x576.png",1024,576,true],"author_info":{"display_name":"Sedat Tatar","author_link":"https:\/\/drsedattatar.com\/tr\/author\/admin\/"},"comment_info":0,"category_info":[{"term_id":14,"name":"Plastik Cerrahi Blog","slug":"plastik-cerrahi-blog","term_group":0,"term_taxonomy_id":14,"taxonomy":"category","description":"","parent":0,"count":155,"filter":"raw","cat_ID":14,"category_count":155,"category_description":"","cat_name":"Plastik Cerrahi Blog","category_nicename":"plastik-cerrahi-blog","category_parent":0}],"tag_info":false,"_links":{"self":[{"href":"https:\/\/drsedattatar.com\/tr\/wp-json\/wp\/v2\/posts\/3093","targetHints":{"allow":["GET"]}}],"collection":[{"href":"https:\/\/drsedattatar.com\/tr\/wp-json\/wp\/v2\/posts"}],"about":[{"href":"https:\/\/drsedattatar.com\/tr\/wp-json\/wp\/v2\/types\/post"}],"author":[{"embeddable":true,"href":"https:\/\/drsedattatar.com\/tr\/wp-json\/wp\/v2\/users\/1"}],"replies":[{"embeddable":true,"href":"https:\/\/drsedattatar.com\/tr\/wp-json\/wp\/v2\/comments?post=3093"}],"version-history":[{"count":4,"href":"https:\/\/drsedattatar.com\/tr\/wp-json\/wp\/v2\/posts\/3093\/revisions"}],"predecessor-version":[{"id":3098,"href":"https:\/\/drsedattatar.com\/tr\/wp-json\/wp\/v2\/posts\/3093\/revisions\/3098"}],"wp:featuredmedia":[{"embeddable":true,"href":"https:\/\/drsedattatar.com\/tr\/wp-json\/wp\/v2\/media\/3095"}],"wp:attachment":[{"href":"https:\/\/drsedattatar.com\/tr\/wp-json\/wp\/v2\/media?parent=3093"}],"wp:term":[{"taxonomy":"category","embeddable":true,"href":"https:\/\/drsedattatar.com\/tr\/wp-json\/wp\/v2\/categories?post=3093"},{"taxonomy":"post_tag","embeddable":true,"href":"https:\/\/drsedattatar.com\/tr\/wp-json\/wp\/v2\/tags?post=3093"}],"curies":[{"name":"wp","href":"https:\/\/api.w.org\/{rel}","templated":true}]}}