{"id":3121,"date":"2026-01-20T11:13:51","date_gmt":"2026-01-20T11:13:51","guid":{"rendered":"https:\/\/drsedattatar.com\/tr\/?p=3121"},"modified":"2026-01-20T11:13:53","modified_gmt":"2026-01-20T11:13:53","slug":"popo-estetiginde-oranlama-ilkeleri-bel-popo-orani-pelvis-anatomisi-ve-estetik-yaklasim","status":"publish","type":"post","link":"https:\/\/drsedattatar.com\/tr\/popo-estetiginde-oranlama-ilkeleri-bel-popo-orani-pelvis-anatomisi-ve-estetik-yaklasim\/","title":{"rendered":"Popo Esteti\u011finde Oranlama \u0130lkeleri: Bel\u2013Popo Oran\u0131, Pelvis Anatomisi ve Estetik Yakla\u015f\u0131m"},"content":{"rendered":"\n<p>V\u00fccut esteti\u011fi yaln\u0131zca tek bir b\u00f6lgenin de\u011ferlendirilmesi ile s\u0131n\u0131rl\u0131 de\u011fildir. Modern estetik anlay\u0131\u015f, v\u00fccudu b\u00fct\u00fcnsel oranlar \u00fczerinden ele al\u0131r. Bu ba\u011flamda <strong>popo esteti\u011fi<\/strong>, yaln\u0131zca hacim art\u0131rmak de\u011fil; bel hatt\u0131, s\u0131rt kavisi, pelvis yap\u0131s\u0131, uyluk ge\u00e7i\u015fi ve yumu\u015fak doku dengesiyle birlikte planlanan \u00fc\u00e7 boyutlu bir form tasar\u0131m\u0131d\u0131r.<\/p>\n\n\n\n<p>Poponun g\u00f6r\u00fcn\u00fcm\u00fc hem estetik hem de fonksiyonel anatomik yap\u0131n\u0131n sonucudur. G\u00fcn\u00fcm\u00fczde estetik cerrahide hedef, bireyin v\u00fccut \u00f6zellikleriyle uyumlu, dengeli ve <strong>harmonik bir popo formu<\/strong> olu\u015fturmakt\u0131r. Bu nedenle, yaln\u0131zca b\u00fcy\u00fctme de\u011fil, <strong>orant\u0131l\u0131 bir v\u00fccut mimarisi<\/strong> \u00f6n plandad\u0131r.<\/p>\n\n\n\n<h2 class=\"wp-block-heading\"><a><\/a><strong>Bel\u2013Popo Oran\u0131: Estetik ve Bilimsel Temel<\/strong><\/h2>\n\n\n\n<p>Bilimsel \u00e7al\u0131\u015fmalar, bel\u2013popo oran\u0131n\u0131n (Waist-to-Hip Ratio \u2013 WHR) v\u00fccut esteti\u011finde kilit rol oynad\u0131\u011f\u0131n\u0131 g\u00f6stermektedir.<\/p>\n\n\n\n<p><strong>Bel\u2013Popo Oran\u0131 = Bel \u00e7evresi \/ Popo \u00e7evresi<\/strong><\/p>\n\n\n\n<p>Literat\u00fcrde estetik a\u00e7\u0131dan s\u0131k \u00f6nerilen oran genel olarak:<\/p>\n\n\n\n<ul class=\"wp-block-list\">\n<li><strong>0.65 \u2013 0.75<\/strong><\/li>\n<\/ul>\n\n\n\n<p>aras\u0131nda kabul edilse de tek bir ideal standart yoktur. Etnik yap\u0131, cilt yap\u0131s\u0131, ya\u011f da\u011f\u0131l\u0131m\u0131 ve kas\u2013iskelet oranlar\u0131 ki\u015fiden ki\u015fiye farkl\u0131d\u0131r. Bu nedenle <strong>bireyselle\u015ftirilmi\u015f popo tasar\u0131m\u0131<\/strong> yakla\u015f\u0131m\u0131 esast\u0131r.<\/p>\n\n\n\n<p>Modern cerrahi hedef, matematiksel kopyalama de\u011fil, <strong>ki\u015fisel anatomik uyum<\/strong> sa\u011flamakt\u0131r.<\/p>\n\n\n\n<h2 class=\"wp-block-heading\"><a><\/a><strong>Pelvis Yap\u0131s\u0131 ve Popo Formu<\/strong><\/h2>\n\n\n\n<p>Popo esteti\u011finin temel anatomik referans\u0131 <strong>pelvis (kal\u00e7a kemi\u011fi) yap\u0131s\u0131d\u0131r<\/strong>. Pelvis geni\u015fli\u011fi ve a\u00e7\u0131lar\u0131, poponun do\u011fal \u015feklini belirleyen en \u00f6nemli fakt\u00f6rlerdendir.<\/p>\n\n\n\n<h3 class=\"wp-block-heading\"><a><\/a><strong>Pelvis Geni\u015fli\u011fi<\/strong><\/h3>\n\n\n\n<ul class=\"wp-block-list\">\n<li>Geni\u015f pelvis \u2192 yatay geni\u015f popo potansiyeli<\/li>\n\n\n\n<li>Dar pelvis \u2192 projeksiyon ve \u00fc\u00e7 boyutlu \u015fekillendirme \u00f6nceliklidir<\/li>\n<\/ul>\n\n\n\n<h3 class=\"wp-block-heading\"><a><\/a><strong>Bel \u00c7ukuru ve Pelvis E\u011fimi<\/strong><\/h3>\n\n\n\n<p>Bel \u00e7ukuru (lordoz) popo \u00e7\u0131k\u0131kl\u0131\u011f\u0131n\u0131 art\u0131r\u0131r ve konturu belirginle\u015ftirir. Cerrahi tasar\u0131m bu do\u011fal e\u011fimi destekler.<\/p>\n\n\n\n<p>Popo esteti\u011finde ama\u00e7:<\/p>\n\n\n\n<ul class=\"wp-block-list\">\n<li>Belden popoya ak\u0131c\u0131 ge\u00e7i\u015f (S-curve)<\/li>\n\n\n\n<li>Lomber kavisin korunmas\u0131<\/li>\n\n\n\n<li>Pelvis yap\u0131s\u0131na uygun hacim planlamas\u0131<\/li>\n<\/ul>\n\n\n\n<h2 class=\"wp-block-heading\"><a><\/a><strong>Yumu\u015fak Doku, Kas ve Ya\u011f Dengesi<\/strong><\/h2>\n\n\n\n<p>Popo yaln\u0131zca ya\u011f hacmiyle de\u011fil, <strong>kas, ya\u011f ve cilt<\/strong> b\u00fct\u00fcnl\u00fc\u011f\u00fcyle \u015fekillenir.<\/p>\n\n\n\n<h3 class=\"wp-block-heading\"><a><\/a><strong>Kas Yap\u0131s\u0131<\/strong><\/h3>\n\n\n\n<p>Gluteal kaslar (gluteus maximus, medius, minimus) popo \u015feklinin iskeletini olu\u015fturur. Cerrahide bu kas yap\u0131s\u0131na sayg\u0131 duymak ve konturu desteklemek \u00f6nemlidir.<\/p>\n\n\n\n<h3 class=\"wp-block-heading\"><a><\/a><strong>Ya\u011f Da\u011f\u0131l\u0131m\u0131<\/strong><\/h3>\n\n\n\n<p>V\u00fccut, ya\u011f dokusunu genetik olarak kodlanm\u0131\u015f alanlara depolar. Estetik cerrahide ama\u00e7:<\/p>\n\n\n\n<ul class=\"wp-block-list\">\n<li>Bel ve s\u0131rt\u0131 inceltmek<\/li>\n\n\n\n<li>Yan popo ve alt popo konturunu optimize etmek<\/li>\n\n\n\n<li>Poponun projeksiyon ve geni\u015fli\u011fini art\u0131rmak<\/li>\n\n\n\n<li>Do\u011fal anatomik ge\u00e7i\u015fleri korumak<\/li>\n<\/ul>\n\n\n\n<p>Bu yakla\u015f\u0131m <strong>360\u00b0 v\u00fccut \u015fekillendirme<\/strong> olarak bilinir.<\/p>\n\n\n\n<h2 class=\"wp-block-heading\"><a><\/a><strong>Popo Esteti\u011finde 3D Analiz ve Kontur Mesaj\u0131<\/strong><\/h2>\n\n\n\n<p>Modern popo esteti\u011fi, sadece popo b\u00f6lgesine odaklanmaz; belden bacaklara uzanan <strong>\u00fc\u00e7 boyutlu v\u00fccut \u00e7er\u00e7evesi<\/strong> planlan\u0131r.<\/p>\n\n\n\n<p>Ana kontur b\u00f6lgeleri:<\/p>\n\n\n\n<ul class=\"wp-block-list\">\n<li>\u00dcst popo \u00e7\u0131k\u0131\u015f\u0131 (upper butt shelf)<\/li>\n\n\n\n<li>Ana popo hacmi (mid-gluteal fullness)<\/li>\n\n\n\n<li>Alt popo \u00e7izgisi (infra-gluteal fold)<\/li>\n\n\n\n<li>Yan popo\u2013uyluk ge\u00e7i\u015fi (hip dips)<\/li>\n\n\n\n<li>Bel ve s\u0131rt e\u011frisi<\/li>\n<\/ul>\n\n\n\n<h3 class=\"wp-block-heading\"><a><\/a><strong>Hip Dips Yakla\u015f\u0131m\u0131<\/strong><\/h3>\n\n\n\n<p>Baz\u0131 bireylerde yan \u00e7ukur belirgindir. Ama\u00e7 her alan\u0131 doldurmak de\u011fil, <strong>do\u011fru anatomik ge\u00e7i\u015fleri g\u00fc\u00e7lendirmektir<\/strong>.<\/p>\n\n\n\n<h2 class=\"wp-block-heading\"><a><\/a><strong>Cerrahi Prensipler ve G\u00fcvenlik<\/strong><\/h2>\n\n\n\n<p>Popo esteti\u011fi teknikleri ki\u015fiye g\u00f6re se\u00e7ilir:<\/p>\n\n\n\n<ul class=\"wp-block-list\">\n<li>Liposuction + ya\u011f transferi (BBL yakla\u015f\u0131m\u0131)<\/li>\n\n\n\n<li>Se\u00e7ilmi\u015f vakalarda implant<\/li>\n\n\n\n<li>Kas ve fasyal destek teknikleri<\/li>\n\n\n\n<li>Ultrason rehberli enjeksiyon<\/li>\n<\/ul>\n\n\n\n<h3 class=\"wp-block-heading\"><a><\/a><strong>Uluslararas\u0131 G\u00fcvenlik Standartlar\u0131<\/strong><\/h3>\n\n\n\n<p>G\u00fcncel medikal k\u0131lavuzlar \u015funlar\u0131 vurgular:<\/p>\n\n\n\n<ul class=\"wp-block-list\">\n<li><strong>Kas i\u00e7ine ya\u011f verilmez<\/strong><\/li>\n\n\n\n<li>Ya\u011f sadece <strong>deri alt\u0131na ve g\u00fcvenli anatomik plana<\/strong><\/li>\n\n\n\n<li>Mikro enjeksiyon ve \u00e7oklu kanal tekni\u011fi<\/li>\n\n\n\n<li>Ultrason e\u015fli\u011finde g\u00fcvenli doku do\u011frulamas\u0131<\/li>\n\n\n\n<li>D\u00fc\u015f\u00fck bas\u0131n\u00e7l\u0131 ya\u011f toplama + safla\u015ft\u0131rma<\/li>\n<\/ul>\n\n\n\n<p>Bu prensipler, uluslararas\u0131 literat\u00fcrde <strong>gluteal safety protocols<\/strong> olarak ge\u00e7er ve hasta g\u00fcvenli\u011finin temelidir.<\/p>\n\n\n\n<h2 class=\"wp-block-heading\"><a><\/a><strong>\u0130yile\u015fme ve Doku Uyum S\u00fcreci<\/strong><\/h2>\n\n\n\n<p>Popo esteti\u011finde uzun d\u00f6nem form korunumu \u015fu fakt\u00f6rlere ba\u011fl\u0131d\u0131r:<\/p>\n\n\n\n<ul class=\"wp-block-list\">\n<li>Kontroll\u00fc oturma ve bas\u0131n\u00e7 y\u00f6netimi (ilk haftalar kritik)<\/li>\n\n\n\n<li>Kademeli mobilizasyon<\/li>\n\n\n\n<li>Lenfatik destek<\/li>\n\n\n\n<li>Beslenme ve hidrasyon<\/li>\n\n\n\n<li>A\u015f\u0131r\u0131 kilo de\u011fi\u015fiminden ka\u00e7\u0131nma<\/li>\n<\/ul>\n\n\n\n<p>Ama\u00e7 yaln\u0131zca ameliyat sonras\u0131 form de\u011fil, <strong>doku istikrar\u0131 ve uzun vadeli siluet korunumu<\/strong>dur.<\/p>\n\n\n\n<h2 class=\"wp-block-heading\"><a><\/a><strong>Uluslararas\u0131 Hastalar ve \u0130stanbul Tercihi<\/strong><\/h2>\n\n\n\n<p>D\u00fcnyada estetik cerrahi ara\u015ft\u0131rmalar\u0131nda yayg\u0131n aramalar aras\u0131nda \u015funlar yer al\u0131r:<\/p>\n\n\n\n<ul class=\"wp-block-list\">\n<li>\u201cBest BBL surgeon Istanbul\u201d<\/li>\n\n\n\n<li>\u201cPopo esteti\u011fi uzman\u0131 T\u00fcrkiye\u201d<\/li>\n\n\n\n<li>\u201cBoard-certified body contouring surgeon\u201d<\/li>\n\n\n\n<li>\u201cUltrason guided BBL Turkey\u201d<\/li>\n<\/ul>\n\n\n\n<p>Bu aramalar hasta beklentisinin <strong>bilim, cerrahi g\u00fcvenlik ve anatomik uzmanl\u0131k<\/strong> odakl\u0131 oldu\u011funu g\u00f6sterir.<\/p>\n\n\n\n<p>\u0130stanbul, uluslararas\u0131 yetkinliklere sahip cerrah profili ve y\u00fcksek medikal altyap\u0131s\u0131yla bu alanda \u00f6ne \u00e7\u0131kmaktad\u0131r.<\/p>\n\n\n\n<h2 class=\"wp-block-heading\"><a><\/a><strong>Genel De\u011ferlendirme<\/strong><\/h2>\n\n\n\n<p>Popo esteti\u011fi yaln\u0131zca hacim ekleme de\u011fil;<\/p>\n\n\n\n<ul class=\"wp-block-list\">\n<li>Anatomik iskelet analizi<\/li>\n\n\n\n<li>Bel\u2013popo oran\u0131 optimizasyonu<\/li>\n\n\n\n<li>Kas ve ya\u011f dengesi planlamas\u0131<\/li>\n\n\n\n<li>\u00dc\u00e7 boyutlu v\u00fccut mimarisi<\/li>\n\n\n\n<li>G\u00fcvenli cerrahi teknikler<\/li>\n\n\n\n<li>Uzun d\u00f6nem doku deste\u011fi<\/li>\n<\/ul>\n\n\n\n<p>yakla\u015f\u0131m\u0131yla y\u00fcr\u00fct\u00fclen ileri bir estetik cerrahi s\u00fcrecidir.<\/p>\n\n\n\n<p>Ama\u00e7 \u201cdaha b\u00fcy\u00fck popo\u201d de\u011fil, <strong>v\u00fccut oranlar\u0131n\u0131n ki\u015fiye \u00f6zel harmonisi ve siluet b\u00fct\u00fcnl\u00fc\u011f\u00fc<\/strong>d\u00fcr.<\/p>\n\n\n\n<p><strong>Hekim Bilgisi<\/strong><\/p>\n\n\n\n<p><strong>Do\u00e7. Dr. Sedat Tatar<\/strong>, iki ayr\u0131 uluslararas\u0131 kurul taraf\u0131ndan sertifikaland\u0131r\u0131lm\u0131\u015f (Double Board Certified) Plastik, Rekonstr\u00fcktif ve Estetik Cerrahi uzman\u0131d\u0131r. <strong>American College of Surgeons Fellow (FACS)<\/strong> ve <strong>European Board of Plastic, Reconstructive and Aesthetic Surgery Fellow (FEBOPRAS)<\/strong> unvanlar\u0131na sahiptir.<\/p>\n\n\n\n<p>Uluslararas\u0131 profesyonel \u00fcyelikleri aras\u0131nda <strong>ISAPS (International Society of Aesthetic Plastic Surgery)<\/strong> ve <strong>ASPS (American Society of Plastic Surgeons)<\/strong> bulunmaktad\u0131r.<\/p>\n\n\n\n<p>Klini\u011fi \u0130stanbul\u2019da <strong>T\u00fcrkiye Sa\u011fl\u0131k Bakanl\u0131\u011f\u0131 taraf\u0131ndan Sa\u011fl\u0131k Turizmi Merkezi olarak yetkilidir<\/strong> ve \u015firketi <strong>Birle\u015fik Krall\u0131k &amp; Galler&#8217;e kay\u0131tl\u0131d\u0131r.<\/strong><\/p>\n\n\n\n<p><strong>\u0130LET\u0130\u015e\u0130M B\u0130LG\u0130LER\u0130<\/strong><\/p>\n\n\n\n<p><strong>Do\u00e7. Dr. Sedar Tatar Klini\u011fi<\/strong><\/p>\n\n\n\n<p><strong>Telefon No :&nbsp;<\/strong><a href=\"tel:+90%20(555)%20100%2010%2083\">+90 (555) 100 10 83<\/a><br><strong>\u0130leti\u015fim Linki :&nbsp;<\/strong><a href=\"mailto:info@drsedattatar.com\">info@drsedattatar.com<\/a><br><strong>Adres :&nbsp;<\/strong>Levent Mahallesi, Karanfil Aral\u0131\u011f\u0131 Caddesi No: 18 Be\u015fikta\u015f\/\u0130STANBUL<\/p>\n\n\n<div class=\"kk-star-ratings kksr-auto kksr-align-center kksr-valign-bottom\"\n    data-payload='{&quot;align&quot;:&quot;center&quot;,&quot;id&quot;:&quot;3121&quot;,&quot;slug&quot;:&quot;default&quot;,&quot;valign&quot;:&quot;bottom&quot;,&quot;ignore&quot;:&quot;&quot;,&quot;reference&quot;:&quot;auto&quot;,&quot;class&quot;:&quot;&quot;,&quot;count&quot;:&quot;0&quot;,&quot;legendonly&quot;:&quot;&quot;,&quot;readonly&quot;:&quot;&quot;,&quot;score&quot;:&quot;0&quot;,&quot;starsonly&quot;:&quot;&quot;,&quot;best&quot;:&quot;5&quot;,&quot;gap&quot;:&quot;5&quot;,&quot;greet&quot;:&quot;\u0130\u00e7eri\u011fimizi Oylay\u0131n!&quot;,&quot;legend&quot;:&quot;0\\\/5 - (0 oy verildi!)&quot;,&quot;size&quot;:&quot;24&quot;,&quot;title&quot;:&quot;Popo Esteti\u011finde Oranlama \u0130lkeleri: Bel\u2013Popo Oran\u0131, Pelvis Anatomisi ve Estetik Yakla\u015f\u0131m&quot;,&quot;width&quot;:&quot;0&quot;,&quot;_legend&quot;:&quot;{score}\\\/{best} - ({count} oy verildi!)&quot;,&quot;font_factor&quot;:&quot;1.25&quot;}'>\n            \n<div class=\"kksr-stars\">\n    \n<div class=\"kksr-stars-inactive\">\n            <div class=\"kksr-star\" data-star=\"1\" style=\"padding-right: 5px\">\n            \n\n<div class=\"kksr-icon\" style=\"width: 24px; height: 24px;\"><\/div>\n        <\/div>\n            <div class=\"kksr-star\" data-star=\"2\" style=\"padding-right: 5px\">\n            \n\n<div class=\"kksr-icon\" style=\"width: 24px; height: 24px;\"><\/div>\n        <\/div>\n            <div class=\"kksr-star\" data-star=\"3\" style=\"padding-right: 5px\">\n            \n\n<div class=\"kksr-icon\" style=\"width: 24px; height: 24px;\"><\/div>\n        <\/div>\n            <div class=\"kksr-star\" data-star=\"4\" style=\"padding-right: 5px\">\n            \n\n<div class=\"kksr-icon\" style=\"width: 24px; height: 24px;\"><\/div>\n        <\/div>\n            <div class=\"kksr-star\" data-star=\"5\" style=\"padding-right: 5px\">\n            \n\n<div class=\"kksr-icon\" style=\"width: 24px; height: 24px;\"><\/div>\n        <\/div>\n    <\/div>\n    \n<div class=\"kksr-stars-active\" style=\"width: 0px;\">\n            <div class=\"kksr-star\" style=\"padding-right: 5px\">\n            \n\n<div class=\"kksr-icon\" style=\"width: 24px; height: 24px;\"><\/div>\n        <\/div>\n            <div class=\"kksr-star\" style=\"padding-right: 5px\">\n            \n\n<div class=\"kksr-icon\" style=\"width: 24px; height: 24px;\"><\/div>\n        <\/div>\n            <div class=\"kksr-star\" style=\"padding-right: 5px\">\n            \n\n<div class=\"kksr-icon\" style=\"width: 24px; height: 24px;\"><\/div>\n        <\/div>\n            <div class=\"kksr-star\" style=\"padding-right: 5px\">\n            \n\n<div class=\"kksr-icon\" style=\"width: 24px; height: 24px;\"><\/div>\n        <\/div>\n            <div class=\"kksr-star\" style=\"padding-right: 5px\">\n            \n\n<div class=\"kksr-icon\" style=\"width: 24px; height: 24px;\"><\/div>\n        <\/div>\n    <\/div>\n<\/div>\n                \n\n<div class=\"kksr-legend\" style=\"font-size: 19.2px;\">\n            <span class=\"kksr-muted\">\u0130\u00e7eri\u011fimizi Oylay\u0131n!<\/span>\n    <\/div>\n    <\/div>\n","protected":false},"excerpt":{"rendered":"<p>V\u00fccut esteti\u011fi yaln\u0131zca tek bir b\u00f6lgenin de\u011ferlendirilmesi ile s\u0131n\u0131rl\u0131 de\u011fildir. Modern estetik anlay\u0131\u015f, v\u00fccudu b\u00fct\u00fcnsel oranlar \u00fczerinden ele al\u0131r. Bu ba\u011flamda popo esteti\u011fi, yaln\u0131zca hacim art\u0131rmak de\u011fil; bel hatt\u0131, s\u0131rt kavisi, pelvis yap\u0131s\u0131, uyluk ge\u00e7i\u015fi ve yumu\u015fak doku dengesiyle birlikte planlanan \u00fc\u00e7 boyutlu bir form tasar\u0131m\u0131d\u0131r.<\/p>\n<p>Poponun g\u00f6r\u00fcn\u00fcm\u00fc hem estetik hem de fonksiyonel anatomik yap\u0131n\u0131n sonucudur. G\u00fcn\u00fcm\u00fczde estetik cerrahide hedef, bireyin v\u00fccut \u00f6zellikleriyle uyumlu, dengeli ve harmonik bir popo formu olu\u015fturmakt\u0131r. Bu nedenle, yaln\u0131zca b\u00fcy\u00fctme de\u011fil, orant\u0131l\u0131 bir v\u00fccut mimarisi \u00f6n plandad\u0131r.<\/p>\n","protected":false},"author":1,"featured_media":3124,"comment_status":"closed","ping_status":"open","sticky":false,"template":"","format":"standard","meta":{"_kad_blocks_custom_css":"","_kad_blocks_head_custom_js":"","_kad_blocks_body_custom_js":"","_kad_blocks_footer_custom_js":"","_kadence_starter_templates_imported_post":false,"_kad_post_transparent":"","_kad_post_title":"","_kad_post_layout":"","_kad_post_sidebar_id":"","_kad_post_content_style":"","_kad_post_vertical_padding":"","_kad_post_feature":"","_kad_post_feature_position":"","_kad_post_header":false,"_kad_post_footer":false,"footnotes":""},"categories":[14],"tags":[],"class_list":["post-3121","post","type-post","status-publish","format-standard","has-post-thumbnail","hentry","category-plastik-cerrahi-blog"],"yoast_head":"<!-- This site is optimized with the Yoast SEO plugin v25.9 - https:\/\/yoast.com\/wordpress\/plugins\/seo\/ -->\n<title>Popo Esteti\u011finde Oranlama \u0130lkeleri: Bel\u2013Popo Oran\u0131, Pelvis Anatomisi ve Estetik Yakla\u015f\u0131m - \u0130stanbul Estetik, Plastik ve Rekonstr\u00fcktif Cerrahi - Do\u00e7. Dr. Sedat Tatar<\/title>\n<meta name=\"description\" content=\"Popo esteti\u011finde ideal oran nas\u0131l belirlenir? Bel\u2013popo oran\u0131, pelvis yap\u0131s\u0131 ve \u00fc\u00e7 boyutlu estetik planlama.\" \/>\n<meta name=\"robots\" content=\"index, follow, max-snippet:-1, max-image-preview:large, max-video-preview:-1\" \/>\n<link rel=\"canonical\" href=\"https:\/\/drsedattatar.com\/tr\/popo-estetiginde-oranlama-ilkeleri-bel-popo-orani-pelvis-anatomisi-ve-estetik-yaklasim\/\" \/>\n<meta property=\"og:locale\" content=\"tr_TR\" \/>\n<meta property=\"og:type\" content=\"article\" \/>\n<meta property=\"og:title\" content=\"Popo Esteti\u011finde Oranlama \u0130lkeleri: Bel\u2013Popo Oran\u0131, Pelvis Anatomisi ve Estetik Yakla\u015f\u0131m - \u0130stanbul Estetik, Plastik ve Rekonstr\u00fcktif Cerrahi - Do\u00e7. Dr. Sedat Tatar\" \/>\n<meta property=\"og:description\" content=\"Popo esteti\u011finde ideal oran nas\u0131l belirlenir? Bel\u2013popo oran\u0131, pelvis yap\u0131s\u0131 ve \u00fc\u00e7 boyutlu estetik planlama.\" \/>\n<meta property=\"og:url\" content=\"https:\/\/drsedattatar.com\/tr\/popo-estetiginde-oranlama-ilkeleri-bel-popo-orani-pelvis-anatomisi-ve-estetik-yaklasim\/\" \/>\n<meta property=\"og:site_name\" content=\"\u0130stanbul Estetik, Plastik ve Rekonstr\u00fcktif Cerrahi - Do\u00e7. Dr. Sedat Tatar\" \/>\n<meta property=\"article:published_time\" content=\"2026-01-20T11:13:51+00:00\" \/>\n<meta property=\"article:modified_time\" content=\"2026-01-20T11:13:53+00:00\" \/>\n<meta property=\"og:image\" content=\"https:\/\/drsedattatar.com\/tr\/wp-content\/uploads\/2026\/01\/78-Kapak-TR.png\" \/>\n\t<meta property=\"og:image:width\" content=\"1920\" \/>\n\t<meta property=\"og:image:height\" content=\"1080\" \/>\n\t<meta property=\"og:image:type\" content=\"image\/png\" \/>\n<meta name=\"author\" content=\"Sedat Tatar\" \/>\n<meta name=\"twitter:card\" content=\"summary_large_image\" \/>\n<meta name=\"twitter:label1\" content=\"Yazan:\" \/>\n\t<meta name=\"twitter:data1\" content=\"Sedat Tatar\" \/>\n\t<meta name=\"twitter:label2\" content=\"Tahmini okuma s\u00fcresi\" \/>\n\t<meta name=\"twitter:data2\" content=\"5 dakika\" \/>\n<script type=\"application\/ld+json\" class=\"yoast-schema-graph\">{\"@context\":\"https:\/\/schema.org\",\"@graph\":[{\"@type\":\"Article\",\"@id\":\"https:\/\/drsedattatar.com\/tr\/popo-estetiginde-oranlama-ilkeleri-bel-popo-orani-pelvis-anatomisi-ve-estetik-yaklasim\/#article\",\"isPartOf\":{\"@id\":\"https:\/\/drsedattatar.com\/tr\/popo-estetiginde-oranlama-ilkeleri-bel-popo-orani-pelvis-anatomisi-ve-estetik-yaklasim\/\"},\"author\":{\"name\":\"Sedat Tatar\",\"@id\":\"https:\/\/drsedattatar.com\/tr\/#\/schema\/person\/aa22f82cb49cf6b0e8e4c2fdd472308a\"},\"headline\":\"Popo Esteti\u011finde Oranlama \u0130lkeleri: Bel\u2013Popo Oran\u0131, Pelvis Anatomisi ve Estetik Yakla\u015f\u0131m\",\"datePublished\":\"2026-01-20T11:13:51+00:00\",\"dateModified\":\"2026-01-20T11:13:53+00:00\",\"mainEntityOfPage\":{\"@id\":\"https:\/\/drsedattatar.com\/tr\/popo-estetiginde-oranlama-ilkeleri-bel-popo-orani-pelvis-anatomisi-ve-estetik-yaklasim\/\"},\"wordCount\":973,\"publisher\":{\"@id\":\"https:\/\/drsedattatar.com\/tr\/#organization\"},\"image\":{\"@id\":\"https:\/\/drsedattatar.com\/tr\/popo-estetiginde-oranlama-ilkeleri-bel-popo-orani-pelvis-anatomisi-ve-estetik-yaklasim\/#primaryimage\"},\"thumbnailUrl\":\"https:\/\/drsedattatar.com\/tr\/wp-content\/uploads\/2026\/01\/78-Kapak-TR.png\",\"articleSection\":[\"Plastik Cerrahi Blog\"],\"inLanguage\":\"tr\"},{\"@type\":\"WebPage\",\"@id\":\"https:\/\/drsedattatar.com\/tr\/popo-estetiginde-oranlama-ilkeleri-bel-popo-orani-pelvis-anatomisi-ve-estetik-yaklasim\/\",\"url\":\"https:\/\/drsedattatar.com\/tr\/popo-estetiginde-oranlama-ilkeleri-bel-popo-orani-pelvis-anatomisi-ve-estetik-yaklasim\/\",\"name\":\"Popo Esteti\u011finde Oranlama \u0130lkeleri: Bel\u2013Popo Oran\u0131, Pelvis Anatomisi ve Estetik Yakla\u015f\u0131m - \u0130stanbul Estetik, Plastik ve Rekonstr\u00fcktif Cerrahi - Do\u00e7. Dr. Sedat Tatar\",\"isPartOf\":{\"@id\":\"https:\/\/drsedattatar.com\/tr\/#website\"},\"primaryImageOfPage\":{\"@id\":\"https:\/\/drsedattatar.com\/tr\/popo-estetiginde-oranlama-ilkeleri-bel-popo-orani-pelvis-anatomisi-ve-estetik-yaklasim\/#primaryimage\"},\"image\":{\"@id\":\"https:\/\/drsedattatar.com\/tr\/popo-estetiginde-oranlama-ilkeleri-bel-popo-orani-pelvis-anatomisi-ve-estetik-yaklasim\/#primaryimage\"},\"thumbnailUrl\":\"https:\/\/drsedattatar.com\/tr\/wp-content\/uploads\/2026\/01\/78-Kapak-TR.png\",\"datePublished\":\"2026-01-20T11:13:51+00:00\",\"dateModified\":\"2026-01-20T11:13:53+00:00\",\"description\":\"Popo esteti\u011finde ideal oran nas\u0131l belirlenir? Bel\u2013popo oran\u0131, pelvis yap\u0131s\u0131 ve \u00fc\u00e7 boyutlu estetik planlama.\",\"breadcrumb\":{\"@id\":\"https:\/\/drsedattatar.com\/tr\/popo-estetiginde-oranlama-ilkeleri-bel-popo-orani-pelvis-anatomisi-ve-estetik-yaklasim\/#breadcrumb\"},\"inLanguage\":\"tr\",\"potentialAction\":[{\"@type\":\"ReadAction\",\"target\":[\"https:\/\/drsedattatar.com\/tr\/popo-estetiginde-oranlama-ilkeleri-bel-popo-orani-pelvis-anatomisi-ve-estetik-yaklasim\/\"]}]},{\"@type\":\"ImageObject\",\"inLanguage\":\"tr\",\"@id\":\"https:\/\/drsedattatar.com\/tr\/popo-estetiginde-oranlama-ilkeleri-bel-popo-orani-pelvis-anatomisi-ve-estetik-yaklasim\/#primaryimage\",\"url\":\"https:\/\/drsedattatar.com\/tr\/wp-content\/uploads\/2026\/01\/78-Kapak-TR.png\",\"contentUrl\":\"https:\/\/drsedattatar.com\/tr\/wp-content\/uploads\/2026\/01\/78-Kapak-TR.png\",\"width\":1920,\"height\":1080},{\"@type\":\"BreadcrumbList\",\"@id\":\"https:\/\/drsedattatar.com\/tr\/popo-estetiginde-oranlama-ilkeleri-bel-popo-orani-pelvis-anatomisi-ve-estetik-yaklasim\/#breadcrumb\",\"itemListElement\":[{\"@type\":\"ListItem\",\"position\":1,\"name\":\"Anasayfa\",\"item\":\"https:\/\/drsedattatar.com\/tr\/\"},{\"@type\":\"ListItem\",\"position\":2,\"name\":\"Popo Esteti\u011finde Oranlama \u0130lkeleri: Bel\u2013Popo Oran\u0131, Pelvis Anatomisi ve Estetik Yakla\u015f\u0131m\"}]},{\"@type\":\"WebSite\",\"@id\":\"https:\/\/drsedattatar.com\/tr\/#website\",\"url\":\"https:\/\/drsedattatar.com\/tr\/\",\"name\":\"\u0130stanbul Estetik, Plastik ve Rekonstr\u00fcktif Cerrahi - Do\u00e7. Dr. Sedat Tatar\",\"description\":\"\u0130stanbul Estetik, Plastik ve Rekonstr\u00fcktif Cerrahi alan\u0131nda deneyimli Do\u00e7. Dr. Sedat Tatar ile hayallerinizi ger\u00e7e\u011fe d\u00f6n\u00fc\u015ft\u00fcr\u00fcn ve kendinizi en iyi \u015fekilde hissedin.\",\"publisher\":{\"@id\":\"https:\/\/drsedattatar.com\/tr\/#organization\"},\"potentialAction\":[{\"@type\":\"SearchAction\",\"target\":{\"@type\":\"EntryPoint\",\"urlTemplate\":\"https:\/\/drsedattatar.com\/tr\/?s={search_term_string}\"},\"query-input\":{\"@type\":\"PropertyValueSpecification\",\"valueRequired\":true,\"valueName\":\"search_term_string\"}}],\"inLanguage\":\"tr\"},{\"@type\":\"Organization\",\"@id\":\"https:\/\/drsedattatar.com\/tr\/#organization\",\"name\":\"\u0130stanbul Estetik, Plastik ve Rekonstr\u00fcktif Cerrahi - Do\u00e7. Dr. Sedat Tatar\",\"url\":\"https:\/\/drsedattatar.com\/tr\/\",\"logo\":{\"@type\":\"ImageObject\",\"inLanguage\":\"tr\",\"@id\":\"https:\/\/drsedattatar.com\/tr\/#\/schema\/logo\/image\/\",\"url\":\"https:\/\/drsedattatar.com\/tr\/wp-content\/uploads\/2023\/06\/cropped-cropped-cropped-dr-sedat-tatar-estetik-plastik-logo.webp\",\"contentUrl\":\"https:\/\/drsedattatar.com\/tr\/wp-content\/uploads\/2023\/06\/cropped-cropped-cropped-dr-sedat-tatar-estetik-plastik-logo.webp\",\"width\":1505,\"height\":602,\"caption\":\"\u0130stanbul Estetik, Plastik ve Rekonstr\u00fcktif Cerrahi - Do\u00e7. Dr. Sedat Tatar\"},\"image\":{\"@id\":\"https:\/\/drsedattatar.com\/tr\/#\/schema\/logo\/image\/\"}},{\"@type\":\"Person\",\"@id\":\"https:\/\/drsedattatar.com\/tr\/#\/schema\/person\/aa22f82cb49cf6b0e8e4c2fdd472308a\",\"name\":\"Sedat Tatar\",\"image\":{\"@type\":\"ImageObject\",\"inLanguage\":\"tr\",\"@id\":\"https:\/\/drsedattatar.com\/tr\/#\/schema\/person\/image\/\",\"url\":\"https:\/\/secure.gravatar.com\/avatar\/dea798d972982cc67ccc601a56275438ae42ec5d4557bb1f2fb426553e72d1a1?s=96&d=mm&r=g\",\"contentUrl\":\"https:\/\/secure.gravatar.com\/avatar\/dea798d972982cc67ccc601a56275438ae42ec5d4557bb1f2fb426553e72d1a1?s=96&d=mm&r=g\",\"caption\":\"Sedat Tatar\"},\"sameAs\":[\"http:\/\/drsedattatar.com\/tr\"],\"url\":\"https:\/\/drsedattatar.com\/tr\/author\/admin\/\"}]}<\/script>\n<!-- \/ Yoast SEO plugin. -->","yoast_head_json":{"title":"Popo Esteti\u011finde Oranlama \u0130lkeleri: Bel\u2013Popo Oran\u0131, Pelvis Anatomisi ve Estetik Yakla\u015f\u0131m - \u0130stanbul Estetik, Plastik ve Rekonstr\u00fcktif Cerrahi - Do\u00e7. Dr. Sedat Tatar","description":"Popo esteti\u011finde ideal oran nas\u0131l belirlenir? Bel\u2013popo oran\u0131, pelvis yap\u0131s\u0131 ve \u00fc\u00e7 boyutlu estetik planlama.","robots":{"index":"index","follow":"follow","max-snippet":"max-snippet:-1","max-image-preview":"max-image-preview:large","max-video-preview":"max-video-preview:-1"},"canonical":"https:\/\/drsedattatar.com\/tr\/popo-estetiginde-oranlama-ilkeleri-bel-popo-orani-pelvis-anatomisi-ve-estetik-yaklasim\/","og_locale":"tr_TR","og_type":"article","og_title":"Popo Esteti\u011finde Oranlama \u0130lkeleri: Bel\u2013Popo Oran\u0131, Pelvis Anatomisi ve Estetik Yakla\u015f\u0131m - \u0130stanbul Estetik, Plastik ve Rekonstr\u00fcktif Cerrahi - Do\u00e7. Dr. Sedat Tatar","og_description":"Popo esteti\u011finde ideal oran nas\u0131l belirlenir? Bel\u2013popo oran\u0131, pelvis yap\u0131s\u0131 ve \u00fc\u00e7 boyutlu estetik planlama.","og_url":"https:\/\/drsedattatar.com\/tr\/popo-estetiginde-oranlama-ilkeleri-bel-popo-orani-pelvis-anatomisi-ve-estetik-yaklasim\/","og_site_name":"\u0130stanbul Estetik, Plastik ve Rekonstr\u00fcktif Cerrahi - Do\u00e7. Dr. Sedat Tatar","article_published_time":"2026-01-20T11:13:51+00:00","article_modified_time":"2026-01-20T11:13:53+00:00","og_image":[{"width":1920,"height":1080,"url":"https:\/\/drsedattatar.com\/tr\/wp-content\/uploads\/2026\/01\/78-Kapak-TR.png","type":"image\/png"}],"author":"Sedat Tatar","twitter_card":"summary_large_image","twitter_misc":{"Yazan:":"Sedat Tatar","Tahmini okuma s\u00fcresi":"5 dakika"},"schema":{"@context":"https:\/\/schema.org","@graph":[{"@type":"Article","@id":"https:\/\/drsedattatar.com\/tr\/popo-estetiginde-oranlama-ilkeleri-bel-popo-orani-pelvis-anatomisi-ve-estetik-yaklasim\/#article","isPartOf":{"@id":"https:\/\/drsedattatar.com\/tr\/popo-estetiginde-oranlama-ilkeleri-bel-popo-orani-pelvis-anatomisi-ve-estetik-yaklasim\/"},"author":{"name":"Sedat Tatar","@id":"https:\/\/drsedattatar.com\/tr\/#\/schema\/person\/aa22f82cb49cf6b0e8e4c2fdd472308a"},"headline":"Popo Esteti\u011finde Oranlama \u0130lkeleri: Bel\u2013Popo Oran\u0131, Pelvis Anatomisi ve Estetik Yakla\u015f\u0131m","datePublished":"2026-01-20T11:13:51+00:00","dateModified":"2026-01-20T11:13:53+00:00","mainEntityOfPage":{"@id":"https:\/\/drsedattatar.com\/tr\/popo-estetiginde-oranlama-ilkeleri-bel-popo-orani-pelvis-anatomisi-ve-estetik-yaklasim\/"},"wordCount":973,"publisher":{"@id":"https:\/\/drsedattatar.com\/tr\/#organization"},"image":{"@id":"https:\/\/drsedattatar.com\/tr\/popo-estetiginde-oranlama-ilkeleri-bel-popo-orani-pelvis-anatomisi-ve-estetik-yaklasim\/#primaryimage"},"thumbnailUrl":"https:\/\/drsedattatar.com\/tr\/wp-content\/uploads\/2026\/01\/78-Kapak-TR.png","articleSection":["Plastik Cerrahi Blog"],"inLanguage":"tr"},{"@type":"WebPage","@id":"https:\/\/drsedattatar.com\/tr\/popo-estetiginde-oranlama-ilkeleri-bel-popo-orani-pelvis-anatomisi-ve-estetik-yaklasim\/","url":"https:\/\/drsedattatar.com\/tr\/popo-estetiginde-oranlama-ilkeleri-bel-popo-orani-pelvis-anatomisi-ve-estetik-yaklasim\/","name":"Popo Esteti\u011finde Oranlama \u0130lkeleri: Bel\u2013Popo Oran\u0131, Pelvis Anatomisi ve Estetik Yakla\u015f\u0131m - \u0130stanbul Estetik, Plastik ve Rekonstr\u00fcktif Cerrahi - Do\u00e7. Dr. Sedat Tatar","isPartOf":{"@id":"https:\/\/drsedattatar.com\/tr\/#website"},"primaryImageOfPage":{"@id":"https:\/\/drsedattatar.com\/tr\/popo-estetiginde-oranlama-ilkeleri-bel-popo-orani-pelvis-anatomisi-ve-estetik-yaklasim\/#primaryimage"},"image":{"@id":"https:\/\/drsedattatar.com\/tr\/popo-estetiginde-oranlama-ilkeleri-bel-popo-orani-pelvis-anatomisi-ve-estetik-yaklasim\/#primaryimage"},"thumbnailUrl":"https:\/\/drsedattatar.com\/tr\/wp-content\/uploads\/2026\/01\/78-Kapak-TR.png","datePublished":"2026-01-20T11:13:51+00:00","dateModified":"2026-01-20T11:13:53+00:00","description":"Popo esteti\u011finde ideal oran nas\u0131l belirlenir? Bel\u2013popo oran\u0131, pelvis yap\u0131s\u0131 ve \u00fc\u00e7 boyutlu estetik planlama.","breadcrumb":{"@id":"https:\/\/drsedattatar.com\/tr\/popo-estetiginde-oranlama-ilkeleri-bel-popo-orani-pelvis-anatomisi-ve-estetik-yaklasim\/#breadcrumb"},"inLanguage":"tr","potentialAction":[{"@type":"ReadAction","target":["https:\/\/drsedattatar.com\/tr\/popo-estetiginde-oranlama-ilkeleri-bel-popo-orani-pelvis-anatomisi-ve-estetik-yaklasim\/"]}]},{"@type":"ImageObject","inLanguage":"tr","@id":"https:\/\/drsedattatar.com\/tr\/popo-estetiginde-oranlama-ilkeleri-bel-popo-orani-pelvis-anatomisi-ve-estetik-yaklasim\/#primaryimage","url":"https:\/\/drsedattatar.com\/tr\/wp-content\/uploads\/2026\/01\/78-Kapak-TR.png","contentUrl":"https:\/\/drsedattatar.com\/tr\/wp-content\/uploads\/2026\/01\/78-Kapak-TR.png","width":1920,"height":1080},{"@type":"BreadcrumbList","@id":"https:\/\/drsedattatar.com\/tr\/popo-estetiginde-oranlama-ilkeleri-bel-popo-orani-pelvis-anatomisi-ve-estetik-yaklasim\/#breadcrumb","itemListElement":[{"@type":"ListItem","position":1,"name":"Anasayfa","item":"https:\/\/drsedattatar.com\/tr\/"},{"@type":"ListItem","position":2,"name":"Popo Esteti\u011finde Oranlama \u0130lkeleri: Bel\u2013Popo Oran\u0131, Pelvis Anatomisi ve Estetik Yakla\u015f\u0131m"}]},{"@type":"WebSite","@id":"https:\/\/drsedattatar.com\/tr\/#website","url":"https:\/\/drsedattatar.com\/tr\/","name":"\u0130stanbul Estetik, Plastik ve Rekonstr\u00fcktif Cerrahi - Do\u00e7. Dr. Sedat Tatar","description":"\u0130stanbul Estetik, Plastik ve Rekonstr\u00fcktif Cerrahi alan\u0131nda deneyimli Do\u00e7. Dr. Sedat Tatar ile hayallerinizi ger\u00e7e\u011fe d\u00f6n\u00fc\u015ft\u00fcr\u00fcn ve kendinizi en iyi \u015fekilde hissedin.","publisher":{"@id":"https:\/\/drsedattatar.com\/tr\/#organization"},"potentialAction":[{"@type":"SearchAction","target":{"@type":"EntryPoint","urlTemplate":"https:\/\/drsedattatar.com\/tr\/?s={search_term_string}"},"query-input":{"@type":"PropertyValueSpecification","valueRequired":true,"valueName":"search_term_string"}}],"inLanguage":"tr"},{"@type":"Organization","@id":"https:\/\/drsedattatar.com\/tr\/#organization","name":"\u0130stanbul Estetik, Plastik ve Rekonstr\u00fcktif Cerrahi - Do\u00e7. Dr. Sedat Tatar","url":"https:\/\/drsedattatar.com\/tr\/","logo":{"@type":"ImageObject","inLanguage":"tr","@id":"https:\/\/drsedattatar.com\/tr\/#\/schema\/logo\/image\/","url":"https:\/\/drsedattatar.com\/tr\/wp-content\/uploads\/2023\/06\/cropped-cropped-cropped-dr-sedat-tatar-estetik-plastik-logo.webp","contentUrl":"https:\/\/drsedattatar.com\/tr\/wp-content\/uploads\/2023\/06\/cropped-cropped-cropped-dr-sedat-tatar-estetik-plastik-logo.webp","width":1505,"height":602,"caption":"\u0130stanbul Estetik, Plastik ve Rekonstr\u00fcktif Cerrahi - Do\u00e7. Dr. Sedat Tatar"},"image":{"@id":"https:\/\/drsedattatar.com\/tr\/#\/schema\/logo\/image\/"}},{"@type":"Person","@id":"https:\/\/drsedattatar.com\/tr\/#\/schema\/person\/aa22f82cb49cf6b0e8e4c2fdd472308a","name":"Sedat Tatar","image":{"@type":"ImageObject","inLanguage":"tr","@id":"https:\/\/drsedattatar.com\/tr\/#\/schema\/person\/image\/","url":"https:\/\/secure.gravatar.com\/avatar\/dea798d972982cc67ccc601a56275438ae42ec5d4557bb1f2fb426553e72d1a1?s=96&d=mm&r=g","contentUrl":"https:\/\/secure.gravatar.com\/avatar\/dea798d972982cc67ccc601a56275438ae42ec5d4557bb1f2fb426553e72d1a1?s=96&d=mm&r=g","caption":"Sedat Tatar"},"sameAs":["http:\/\/drsedattatar.com\/tr"],"url":"https:\/\/drsedattatar.com\/tr\/author\/admin\/"}]}},"taxonomy_info":{"category":[{"value":14,"label":"Plastik Cerrahi Blog"}]},"featured_image_src_large":["https:\/\/drsedattatar.com\/tr\/wp-content\/uploads\/2026\/01\/78-Kapak-TR-1024x576.png",1024,576,true],"author_info":{"display_name":"Sedat Tatar","author_link":"https:\/\/drsedattatar.com\/tr\/author\/admin\/"},"comment_info":0,"category_info":[{"term_id":14,"name":"Plastik Cerrahi Blog","slug":"plastik-cerrahi-blog","term_group":0,"term_taxonomy_id":14,"taxonomy":"category","description":"","parent":0,"count":155,"filter":"raw","cat_ID":14,"category_count":155,"category_description":"","cat_name":"Plastik Cerrahi Blog","category_nicename":"plastik-cerrahi-blog","category_parent":0}],"tag_info":false,"_links":{"self":[{"href":"https:\/\/drsedattatar.com\/tr\/wp-json\/wp\/v2\/posts\/3121","targetHints":{"allow":["GET"]}}],"collection":[{"href":"https:\/\/drsedattatar.com\/tr\/wp-json\/wp\/v2\/posts"}],"about":[{"href":"https:\/\/drsedattatar.com\/tr\/wp-json\/wp\/v2\/types\/post"}],"author":[{"embeddable":true,"href":"https:\/\/drsedattatar.com\/tr\/wp-json\/wp\/v2\/users\/1"}],"replies":[{"embeddable":true,"href":"https:\/\/drsedattatar.com\/tr\/wp-json\/wp\/v2\/comments?post=3121"}],"version-history":[{"count":2,"href":"https:\/\/drsedattatar.com\/tr\/wp-json\/wp\/v2\/posts\/3121\/revisions"}],"predecessor-version":[{"id":3123,"href":"https:\/\/drsedattatar.com\/tr\/wp-json\/wp\/v2\/posts\/3121\/revisions\/3123"}],"wp:featuredmedia":[{"embeddable":true,"href":"https:\/\/drsedattatar.com\/tr\/wp-json\/wp\/v2\/media\/3124"}],"wp:attachment":[{"href":"https:\/\/drsedattatar.com\/tr\/wp-json\/wp\/v2\/media?parent=3121"}],"wp:term":[{"taxonomy":"category","embeddable":true,"href":"https:\/\/drsedattatar.com\/tr\/wp-json\/wp\/v2\/categories?post=3121"},{"taxonomy":"post_tag","embeddable":true,"href":"https:\/\/drsedattatar.com\/tr\/wp-json\/wp\/v2\/tags?post=3121"}],"curies":[{"name":"wp","href":"https:\/\/api.w.org\/{rel}","templated":true}]}}