{"id":3164,"date":"2026-01-21T08:24:36","date_gmt":"2026-01-21T08:24:36","guid":{"rendered":"https:\/\/drsedattatar.com\/tr\/?p=3164"},"modified":"2026-01-21T08:24:38","modified_gmt":"2026-01-21T08:24:38","slug":"ameliyat-sonrasi-donemde-psikolojik-iyilesme-ve-vucut-algisi","status":"publish","type":"post","link":"https:\/\/drsedattatar.com\/tr\/ameliyat-sonrasi-donemde-psikolojik-iyilesme-ve-vucut-algisi\/","title":{"rendered":"Ameliyat Sonras\u0131 D\u00f6nemde Psikolojik \u0130yile\u015fme ve V\u00fccut Alg\u0131s\u0131"},"content":{"rendered":"\n<p>Estetik cerrahi yaln\u0131zca fiziksel bir d\u00f6n\u00fc\u015f\u00fcm de\u011fildir; ayn\u0131 zamanda duygusal, psikolojik ve sosyal bir iyile\u015fme s\u00fcrecidir. Ameliyat sonras\u0131 d\u00f6nemde hastalar\u0131n ya\u015fad\u0131\u011f\u0131 duygu de\u011fi\u015fimleri, v\u00fccut alg\u0131s\u0131ndaki d\u00f6n\u00fc\u015f\u00fcm ve yeni g\u00f6r\u00fcn\u00fcm\u00fcyle kurdu\u011fu ili\u015fki, iyile\u015fmenin fiziksel k\u0131sm\u0131 kadar \u00f6nemli bir s\u00fcre\u00e7tir. Bir\u00e7ok hasta operasyon \u00f6ncesi heyecan, operasyon sonras\u0131 ise belirsizlik, sab\u0131rs\u0131zl\u0131k, merak veya duygusal dalgalanmalar ya\u015fayabilir. Bunlar tamamen do\u011fald\u0131r ve estetik cerrahi literat\u00fcr\u00fcnde \u201cpostoperatif adaptasyon d\u00f6nemi\u201d olarak tan\u0131mlan\u0131r.<\/p>\n\n\n\n<p>Estetik bir operasyon sonras\u0131 bedenin yeni h\u00e2lini tan\u0131mak, \u015fi\u015flikler ge\u00e7tik\u00e7e g\u00f6r\u00fcnen sonu\u00e7lara al\u0131\u015fmak ve kendine yeni bir g\u00f6r\u00fcnt\u00fc ile bakmak bir s\u00fcre\u00e7tir. Bu d\u00f6nemde bir\u00e7ok hasta daha \u00f6zg\u00fcvenli hissederken, baz\u0131 hastalar ge\u00e7ici duygusal dalgalanmalar ya\u015fayabilir. Bu de\u011fi\u015fimlerin hi\u00e7biri patolojik de\u011fildir; v\u00fccudun ve zihnin ayn\u0131 anda iyile\u015fme \u00e7abas\u0131d\u0131r.<\/p>\n\n\n\n<p>Bu yaz\u0131da, ameliyat sonras\u0131 d\u00f6nemde psikolojik iyile\u015fmenin nas\u0131l ilerledi\u011fini, v\u00fccut alg\u0131s\u0131n\u0131n neden de\u011fi\u015fti\u011fini ve bu s\u00fcre\u00e7te hastalar\u0131n kendilerine nas\u0131l destek olabileceklerini bilimsel ve klinik perspektifle ele al\u0131yoruz.<\/p>\n\n\n\n<h2 class=\"wp-block-heading\"><a><\/a><strong>Ameliyat Sonras\u0131 \u0130lk D\u00f6nemde Neden Duygusal Dalgalanmalar Olur?<\/strong><\/h2>\n\n\n\n<p>Estetik ameliyat sonras\u0131 ilk haftalarda v\u00fccut hem fiziksel hem hormonal anlamda yo\u011fun bir adaptasyon s\u00fcrecine girer. Bu s\u00fcre\u00e7te ya\u015fanan duygusal dalgalanmalar beklenen bir tablodur.<\/p>\n\n\n\n<p>\u0130lk d\u00f6nemin duygusal de\u011fi\u015fim nedenleri:<\/p>\n\n\n\n<ul class=\"wp-block-list\">\n<li><strong>Anestezinin ge\u00e7 etkileri<\/strong> zihinsel bulan\u0131kl\u0131k ve hafif gerginlik yaratabilir.<\/li>\n\n\n\n<li><strong>\u00d6dem ve morluklar<\/strong>, beklenen g\u00f6r\u00fcnt\u00fcy\u00fc gizledi\u011fi i\u00e7in ge\u00e7ici hayal k\u0131r\u0131kl\u0131\u011f\u0131 olu\u015fturabilir.<\/li>\n\n\n\n<li><strong>A\u011fr\u0131 ve hassasiyet<\/strong>, ki\u015finin ruh h\u00e2lini etkileyebilir.<\/li>\n\n\n\n<li><strong>Yeni g\u00f6r\u00fcnt\u00fcye al\u0131\u015fma s\u00fcreci<\/strong>, zihinsel adaptasyon gerektirir.<\/li>\n\n\n\n<li><strong>Operasyon beklentisi ile erken d\u00f6nem g\u00f6r\u00fcnt\u00fc aras\u0131ndaki fark<\/strong>, sab\u0131rs\u0131zl\u0131k do\u011furabilir.<\/li>\n<\/ul>\n\n\n\n<p>Estetik cerrahide en \u00e7ok g\u00f6r\u00fclen \u015fey, hastan\u0131n ilk birka\u00e7 hafta \u201cAcaba sonu\u00e7 b\u00f6yle mi kalacak?\u201d endi\u015fesi ta\u015f\u0131mas\u0131d\u0131r. Oysa bu d\u00f6nem yaln\u0131zca iyile\u015fmenin ilk a\u015famas\u0131d\u0131r; kesin sonu\u00e7lar genellikle birka\u00e7 ay i\u00e7inde belirginle\u015fir.<\/p>\n\n\n\n<p>Bu nedenle erken d\u00f6nem duygular\u0131n \u00e7ok normal oldu\u011fu bilinmeli ve bu d\u00f6nemin ge\u00e7ici oldu\u011fu hat\u0131rlanmal\u0131d\u0131r.<\/p>\n\n\n\n<h2 class=\"wp-block-heading\"><a><\/a><strong>V\u00fccut Alg\u0131s\u0131 Neden Ameliyat Sonras\u0131 De\u011fi\u015fir?<\/strong><\/h2>\n\n\n\n<p>Estetik cerrahi sonras\u0131 en \u00f6nemli psikolojik s\u00fcre\u00e7lerden biri, ki\u015finin kendi bedenini nas\u0131l g\u00f6rd\u00fc\u011f\u00fcn\u00fcn de\u011fi\u015fmesidir. Bu de\u011fi\u015fim her zaman olumlu y\u00f6nde ba\u015flar demek do\u011fru de\u011fildir; zihin ve beden yeni g\u00f6r\u00fcn\u00fcme al\u0131\u015fmak i\u00e7in zamana ihtiya\u00e7 duyar.<\/p>\n\n\n\n<p>V\u00fccut alg\u0131s\u0131n\u0131n de\u011fi\u015fme nedenleri:<\/p>\n\n\n\n<ul class=\"wp-block-list\">\n<li><strong>Beden \u015femas\u0131<\/strong> (body schema) ameliyat \u00f6ncesi y\u0131llarca ayn\u0131 formda kalm\u0131\u015ft\u0131r.<\/li>\n\n\n\n<li>Yeni g\u00f6r\u00fcn\u00fcm, beynin \u201cbenlik alg\u0131s\u0131\u201d ile yeniden e\u015fle\u015fmelidir.<\/li>\n\n\n\n<li>Kesin sonu\u00e7lar\u0131n ortaya \u00e7\u0131kmas\u0131 zaman ald\u0131\u011f\u0131 i\u00e7in zihin ara g\u00f6r\u00fcnt\u00fclerde karars\u0131z olabilir.<\/li>\n\n\n\n<li>Baz\u0131 hastalar \u201cke\u015fke daha \u00f6nce yapsayd\u0131m\u201d gibi duygusal yo\u011funluk ya\u015far.<\/li>\n\n\n\n<li>Baz\u0131lar\u0131nda ise g\u00f6r\u00fcnt\u00fcye al\u0131\u015fma s\u00fcresi birka\u00e7 haftay\u0131 bulabilir.<\/li>\n<\/ul>\n\n\n\n<p>Bu s\u00fcre\u00e7 tamamen ki\u015finin psikolojik yap\u0131s\u0131, operasyonun kapsam\u0131, beklenti d\u00fczeyi ve sosyal \u00e7evresiyle yak\u0131ndan ili\u015fkilidir.<\/p>\n\n\n\n<h2 class=\"wp-block-heading\"><a><\/a><strong>Aynada G\u00f6r\u00fclen \u0130lk G\u00f6r\u00fcnt\u00fc Ger\u00e7ek Sonu\u00e7 De\u011fildir<\/strong><\/h2>\n\n\n\n<p>Ameliyat sonras\u0131 ilk 1\u20134 hafta aras\u0131nda g\u00f6r\u00fclen g\u00f6r\u00fcnt\u00fc, \u00e7o\u011fu zaman ger\u00e7ek sonu\u00e7la tamamen farkl\u0131d\u0131r. Bu nedenle hastalar\u0131n ilk d\u00f6nem de\u011ferlendirmeleri bilimsel olarak sa\u011fl\u0131kl\u0131 de\u011fildir.<\/p>\n\n\n\n<p>Erken d\u00f6nem g\u00f6r\u00fcnt\u00fcn\u00fcn neden yan\u0131lt\u0131c\u0131 oldu\u011fu:<\/p>\n\n\n\n<ul class=\"wp-block-list\">\n<li>\u00d6demin yo\u011fun olmas\u0131<\/li>\n\n\n\n<li>Dokular\u0131n hen\u00fcz s\u0131k\u0131la\u015fmam\u0131\u015f olmas\u0131<\/li>\n\n\n\n<li>\u015ei\u015fliklerin b\u00f6lgesel ve asimetrik seyretmesi<\/li>\n\n\n\n<li>Ya\u011f transferi veya liposuction sonras\u0131 dokular\u0131n hen\u00fcz adaptasyonda olmas\u0131<\/li>\n\n\n\n<li>Kesilerin iyile\u015fme s\u00fcrecinin devam etmesi<\/li>\n<\/ul>\n\n\n\n<p>Bu nedenle cerrahlar \u201cen erken 6\u20138 hafta\u201d, ideal olarak ise \u201c3\u20136 ay\u201d sonu\u00e7 de\u011ferlendirmesini \u00f6nerir.<\/p>\n\n\n\n<p>Bu s\u00fcre\u00e7te hastan\u0131n kendine zaman tan\u0131mas\u0131, iyile\u015fme d\u00f6nemine sayg\u0131 duymas\u0131 ve acele karar vermemesi psikolojik rahatl\u0131k sa\u011flar.<\/p>\n\n\n\n<h2 class=\"wp-block-heading\"><a><\/a><strong>Ameliyat Sonras\u0131 Kendini Yeterince \u0130yi Hissetmeme D\u00f6nemi Normal midir?<\/strong><\/h2>\n\n\n\n<p>Evet \u2014 literat\u00fcrde bu d\u00f6nem \u201cpost-surgical blues\u201d olarak adland\u0131r\u0131l\u0131r ve olduk\u00e7a yayg\u0131nd\u0131r.<\/p>\n\n\n\n<p>Bu d\u00f6nemin nedenleri:<\/p>\n\n\n\n<ul class=\"wp-block-list\">\n<li>\u015ei\u015flik nedeniyle sonucunu g\u00f6rememek<\/li>\n\n\n\n<li>G\u00fcnl\u00fck tempoyu tamamen de\u011fi\u015ftiren istirahat zorunlulu\u011fu<\/li>\n\n\n\n<li>Hareket k\u0131s\u0131tl\u0131l\u0131\u011f\u0131<\/li>\n\n\n\n<li>Uyku d\u00fczeninin etkilenmesi<\/li>\n\n\n\n<li>Ge\u00e7ici ba\u011f\u0131ms\u0131zl\u0131k azalmas\u0131 (\u00f6zellikle kombine ameliyatlarda)<\/li>\n<\/ul>\n\n\n\n<p>Bu hislerin ortalama 1\u20133 hafta i\u00e7inde kendili\u011finden kayboldu\u011fu g\u00f6r\u00fcl\u00fcr. Hastalar\u0131n en \u00e7ok s\u00f6yledi\u011fi c\u00fcmlelerden biri \u015fudur: \u201c\u0130lk ba\u015fta biraz pi\u015fman gibi oldum ama \u00fc\u00e7\u00fcnc\u00fc haftadan sonra kendimi \u00e7ok daha iyi hissettim.\u201d Bu \u00e7ok do\u011fal bir s\u00fcre\u00e7tir.<\/p>\n\n\n\n<h2 class=\"wp-block-heading\"><a><\/a><strong>Aile ve \u00c7evre Fakt\u00f6r\u00fc Psikolojik \u0130yile\u015fmeyi Nas\u0131l Etkiler?<\/strong><\/h2>\n\n\n\n<p>Sosyal \u00e7evre ve aile deste\u011fi ameliyat sonras\u0131 toparlanman\u0131n duygusal k\u0131sm\u0131n\u0131 do\u011frudan etkiler.<\/p>\n\n\n\n<p>\u00d6zellikle \u015fu durumlarda destek \u00f6nemlidir:<\/p>\n\n\n\n<ul class=\"wp-block-list\">\n<li>\u0130lk haftalarda istirahat gereklili\u011fi<\/li>\n\n\n\n<li>A\u011fr\u0131 veya hareket k\u0131s\u0131tl\u0131l\u0131\u011f\u0131 ya\u015fayan hastalar<\/li>\n\n\n\n<li>Kombine ameliyat ge\u00e7irenler<\/li>\n\n\n\n<li>Yeni g\u00f6r\u00fcnt\u00fcye al\u0131\u015fmakta zorlananlar<\/li>\n<\/ul>\n\n\n\n<p>Olumlu \u00e7evre deste\u011fi, ki\u015finin yeni g\u00f6r\u00fcn\u00fcm\u00fcyle daha kolay ba\u011f kurmas\u0131n\u0131 sa\u011flar; olumsuz yorumlar ise ge\u00e7ici de olsa motivasyonu azaltabilir. Bu nedenle uzmanlar ilk 1\u20132 ay boyunca \u00e7ok yak\u0131n \u00e7evre d\u0131\u015f\u0131nda g\u00f6r\u00fcnt\u00fcy\u00fc detayl\u0131 yorumlamamay\u0131 \u00f6nerir.<\/p>\n\n\n\n<h2 class=\"wp-block-heading\"><a><\/a><strong>Yeni G\u00f6r\u00fcn\u00fcm\u00fc \u0130\u00e7selle\u015ftirme S\u00fcreci Nas\u0131l \u0130lerler?<\/strong><\/h2>\n\n\n\n<p>Ameliyat sonras\u0131 ki\u015finin yeni g\u00f6r\u00fcnt\u00fcs\u00fcn\u00fc kendi kimli\u011fi ile harmanlamas\u0131 a\u015famal\u0131 bir s\u00fcre\u00e7tir. Zihin ve beden ayn\u0131 anda d\u00f6n\u00fc\u015f\u00fcm ya\u015fad\u0131\u011f\u0131 i\u00e7in bu s\u00fcre\u00e7 olduk\u00e7a do\u011fal ve sa\u011fl\u0131kl\u0131d\u0131r.<\/p>\n\n\n\n<p>Bu s\u00fcre\u00e7te ya\u015fananlar:<\/p>\n\n\n\n<ul class=\"wp-block-list\">\n<li>\u0130lk haftalarda g\u00f6r\u00fcnt\u00fcye yabanc\u0131l\u0131k hissi<\/li>\n\n\n\n<li>4\u20136 hafta aras\u0131nda yeni g\u00f6r\u00fcn\u00fcm\u00fc tan\u0131ma<\/li>\n\n\n\n<li>6\u201312 hafta aras\u0131nda beden \u015femas\u0131n\u0131n yenilenmesi<\/li>\n\n\n\n<li>3\u20136 ay aras\u0131nda g\u00f6r\u00fcnt\u00fcy\u00fc tamamen benimseme<\/li>\n<\/ul>\n\n\n\n<p>\u00d6zellikle kar\u0131n germe, BBL, meme esteti\u011fi ve Lipo 360 gibi b\u00fcy\u00fck de\u011fi\u015fim yaratan operasyonlarda bu s\u00fcre\u00e7 daha belirgin hissedilir.<\/p>\n\n\n\n<p>Yeni g\u00f6r\u00fcn\u00fcm, ki\u015fi i\u00e7in bir \u201cal\u0131\u015fma s\u00fcreci\u201d gerektirir fakat sonu\u00e7 oturmaya ba\u015flad\u0131k\u00e7a \u00f6zg\u00fcvenle birlikte duygu durumu da olumlu y\u00f6nde geli\u015fir.<\/p>\n\n\n\n<h2 class=\"wp-block-heading\"><a><\/a><strong>Psikolojik \u0130yile\u015fmeyi Desteklemek \u0130\u00e7in Neler Yap\u0131labilir?<\/strong><\/h2>\n\n\n\n<p>Bu s\u00fcre\u00e7te hastan\u0131n kendine yapabilece\u011fi k\u00fc\u00e7\u00fck ama etkili destekler vard\u0131r:<\/p>\n\n\n\n<ul class=\"wp-block-list\">\n<li>\u0130yile\u015fme s\u00fcrecinin do\u011fas\u0131na sayg\u0131 duymak<\/li>\n\n\n\n<li>Erken d\u00f6nem kar\u015f\u0131la\u015ft\u0131rmalar yapmamak<\/li>\n\n\n\n<li>G\u00fcnl\u00fck hafif y\u00fcr\u00fcy\u00fc\u015flerle zihni ve bedeni rahatlatmak<\/li>\n\n\n\n<li>Yeterli uyku ve d\u00fczenli nefes egzersizleri<\/li>\n\n\n\n<li>Yak\u0131n \u00e7evreden destek almak<\/li>\n\n\n\n<li>Uygulanan i\u015flemin neden yap\u0131ld\u0131\u011f\u0131n\u0131 hat\u0131rlamak<\/li>\n\n\n\n<li>Sosyal medyadaki \u201canl\u0131k m\u00fckemmel sonu\u00e7lar\u201d ile kendini k\u0131yaslamamak<\/li>\n<\/ul>\n\n\n\n<p>En \u00f6nemli nokta ise \u015fudur:<\/p>\n\n\n\n<p><strong>Her iyile\u015fme d\u00f6nemi, ki\u015fiye \u00f6zeldir. Kimseyle k\u0131yaslamak do\u011fru de\u011fildir.<\/strong><\/p>\n\n\n\n<h2 class=\"wp-block-heading\"><a><\/a><strong>Klinik Takibin Psikolojik Rahatl\u0131\u011fa Katk\u0131s\u0131<\/strong><\/h2>\n\n\n\n<p>D\u00fczenli takip kontrolleri, hastan\u0131n hem fiziksel hem duygusal toparlanmas\u0131 i\u00e7in \u00f6nemlidir. Cerrah\u0131n iyile\u015fmeyi de\u011ferlendirmesi, s\u00fcreci normalle\u015ftirmesi, ilerlemenin beklenen d\u00fczeyde oldu\u011funu a\u00e7\u0131klamas\u0131 hastada b\u00fcy\u00fck bir g\u00fcven duygusu olu\u015fturur.<\/p>\n\n\n\n<p>Takip s\u00fcrecinde hastan\u0131n merak etti\u011fi t\u00fcm sorular\u0131n yan\u0131tlanmas\u0131, s\u00fcrecin do\u011fal seyrinin anlat\u0131lmas\u0131 ve ger\u00e7ek\u00e7i beklentilerin korunmas\u0131 psikolojik iyile\u015fmede g\u00fc\u00e7l\u00fc bir destek sa\u011flar.<\/p>\n\n\n\n<p id=\"block-3a3212d6-f67d-4bfe-9697-5d0a5830a4ad\"><strong>Hekim Bilgisi<\/strong><\/p>\n\n\n\n<p id=\"block-a7476fa1-5aba-49b7-811f-cdbc4833f823\"><strong>Do\u00e7. Dr. Sedat Tatar<\/strong>, iki ayr\u0131 uluslararas\u0131 kurul taraf\u0131ndan sertifikaland\u0131r\u0131lm\u0131\u015f (Double Board Certified) Plastik, Rekonstr\u00fcktif ve Estetik Cerrahi uzman\u0131d\u0131r. <strong>American College of Surgeons Fellow (FACS)<\/strong> ve <strong>European Board of Plastic, Reconstructive and Aesthetic Surgery Fellow (FEBOPRAS)<\/strong> unvanlar\u0131na sahiptir.<\/p>\n\n\n\n<p id=\"block-b4169953-a4b6-437c-9fbd-abc2bc8abbee\">Uluslararas\u0131 profesyonel \u00fcyelikleri aras\u0131nda <strong>ISAPS (International Society of Aesthetic Plastic Surgery)<\/strong> ve <strong>ASPS (American Society of Plastic Surgeons)<\/strong> bulunmaktad\u0131r.<\/p>\n\n\n\n<p id=\"block-c2e51c4f-149d-4f50-a30b-37984cd59e30\">Klini\u011fi \u0130stanbul\u2019da <strong>T\u00fcrkiye Sa\u011fl\u0131k Bakanl\u0131\u011f\u0131 taraf\u0131ndan Sa\u011fl\u0131k Turizmi Merkezi olarak yetkilidir<\/strong> ve \u015firketi <strong>Birle\u015fik Krall\u0131k &amp; Galler&#8217;e kay\u0131tl\u0131d\u0131r.<\/strong><\/p>\n\n\n\n<p id=\"block-a1e9e51a-ae8b-4912-bcf7-569957645885\"><strong>\u0130LET\u0130\u015e\u0130M B\u0130LG\u0130LER\u0130<\/strong><\/p>\n\n\n\n<p id=\"block-35aa5dd5-2dbb-4b8a-a0d0-0568699cd5a2\"><strong>Do\u00e7. Dr. Sedar Tatar Klini\u011fi<\/strong><\/p>\n\n\n\n<p id=\"block-f8c5b5c0-0128-4552-9f9c-0cb3388dc884\"><strong>Telefon No :&nbsp;<\/strong><a href=\"tel:+90%20(555)%20100%2010%2083\">+90 (555) 100 10 83<\/a><br><strong>\u0130leti\u015fim Linki :&nbsp;<\/strong><a href=\"mailto:info@drsedattatar.com\">info@drsedattatar.com<\/a><br><strong>Adres :&nbsp;<\/strong>Levent Mahallesi, Karanfil Aral\u0131\u011f\u0131 Caddesi No: 18 Be\u015fikta\u015f\/\u0130STANBUL<\/p>\n\n\n<div class=\"kk-star-ratings kksr-auto kksr-align-center kksr-valign-bottom\"\n    data-payload='{&quot;align&quot;:&quot;center&quot;,&quot;id&quot;:&quot;3164&quot;,&quot;slug&quot;:&quot;default&quot;,&quot;valign&quot;:&quot;bottom&quot;,&quot;ignore&quot;:&quot;&quot;,&quot;reference&quot;:&quot;auto&quot;,&quot;class&quot;:&quot;&quot;,&quot;count&quot;:&quot;0&quot;,&quot;legendonly&quot;:&quot;&quot;,&quot;readonly&quot;:&quot;&quot;,&quot;score&quot;:&quot;0&quot;,&quot;starsonly&quot;:&quot;&quot;,&quot;best&quot;:&quot;5&quot;,&quot;gap&quot;:&quot;5&quot;,&quot;greet&quot;:&quot;\u0130\u00e7eri\u011fimizi Oylay\u0131n!&quot;,&quot;legend&quot;:&quot;0\\\/5 - (0 oy verildi!)&quot;,&quot;size&quot;:&quot;24&quot;,&quot;title&quot;:&quot;Ameliyat Sonras\u0131 D\u00f6nemde Psikolojik \u0130yile\u015fme ve V\u00fccut Alg\u0131s\u0131&quot;,&quot;width&quot;:&quot;0&quot;,&quot;_legend&quot;:&quot;{score}\\\/{best} - ({count} oy verildi!)&quot;,&quot;font_factor&quot;:&quot;1.25&quot;}'>\n            \n<div class=\"kksr-stars\">\n    \n<div class=\"kksr-stars-inactive\">\n            <div class=\"kksr-star\" data-star=\"1\" style=\"padding-right: 5px\">\n            \n\n<div class=\"kksr-icon\" style=\"width: 24px; height: 24px;\"><\/div>\n        <\/div>\n            <div class=\"kksr-star\" data-star=\"2\" style=\"padding-right: 5px\">\n            \n\n<div class=\"kksr-icon\" style=\"width: 24px; height: 24px;\"><\/div>\n        <\/div>\n            <div class=\"kksr-star\" data-star=\"3\" style=\"padding-right: 5px\">\n            \n\n<div class=\"kksr-icon\" style=\"width: 24px; height: 24px;\"><\/div>\n        <\/div>\n            <div class=\"kksr-star\" data-star=\"4\" style=\"padding-right: 5px\">\n            \n\n<div class=\"kksr-icon\" style=\"width: 24px; height: 24px;\"><\/div>\n        <\/div>\n            <div class=\"kksr-star\" data-star=\"5\" style=\"padding-right: 5px\">\n            \n\n<div class=\"kksr-icon\" style=\"width: 24px; height: 24px;\"><\/div>\n        <\/div>\n    <\/div>\n    \n<div class=\"kksr-stars-active\" style=\"width: 0px;\">\n            <div class=\"kksr-star\" style=\"padding-right: 5px\">\n            \n\n<div class=\"kksr-icon\" style=\"width: 24px; height: 24px;\"><\/div>\n        <\/div>\n            <div class=\"kksr-star\" style=\"padding-right: 5px\">\n            \n\n<div class=\"kksr-icon\" style=\"width: 24px; height: 24px;\"><\/div>\n        <\/div>\n            <div class=\"kksr-star\" style=\"padding-right: 5px\">\n            \n\n<div class=\"kksr-icon\" style=\"width: 24px; height: 24px;\"><\/div>\n        <\/div>\n            <div class=\"kksr-star\" style=\"padding-right: 5px\">\n            \n\n<div class=\"kksr-icon\" style=\"width: 24px; height: 24px;\"><\/div>\n        <\/div>\n            <div class=\"kksr-star\" style=\"padding-right: 5px\">\n            \n\n<div class=\"kksr-icon\" style=\"width: 24px; height: 24px;\"><\/div>\n        <\/div>\n    <\/div>\n<\/div>\n                \n\n<div class=\"kksr-legend\" style=\"font-size: 19.2px;\">\n            <span class=\"kksr-muted\">\u0130\u00e7eri\u011fimizi Oylay\u0131n!<\/span>\n    <\/div>\n    <\/div>\n","protected":false},"excerpt":{"rendered":"<p>Estetik cerrahi yaln\u0131zca fiziksel bir d\u00f6n\u00fc\u015f\u00fcm de\u011fildir; ayn\u0131 zamanda duygusal, psikolojik ve sosyal bir iyile\u015fme s\u00fcrecidir. Ameliyat sonras\u0131 d\u00f6nemde hastalar\u0131n ya\u015fad\u0131\u011f\u0131 duygu de\u011fi\u015fimleri, v\u00fccut alg\u0131s\u0131ndaki d\u00f6n\u00fc\u015f\u00fcm ve yeni g\u00f6r\u00fcn\u00fcm\u00fcyle kurdu\u011fu ili\u015fki, iyile\u015fmenin fiziksel k\u0131sm\u0131 kadar \u00f6nemli bir s\u00fcre\u00e7tir. Bir\u00e7ok hasta operasyon \u00f6ncesi heyecan, operasyon sonras\u0131 ise belirsizlik, sab\u0131rs\u0131zl\u0131k, merak veya duygusal dalgalanmalar ya\u015fayabilir. Bunlar tamamen do\u011fald\u0131r ve estetik cerrahi literat\u00fcr\u00fcnde \u201cpostoperatif adaptasyon d\u00f6nemi\u201d olarak tan\u0131mlan\u0131r.<\/p>\n","protected":false},"author":1,"featured_media":3166,"comment_status":"closed","ping_status":"open","sticky":false,"template":"","format":"standard","meta":{"_kad_blocks_custom_css":"","_kad_blocks_head_custom_js":"","_kad_blocks_body_custom_js":"","_kad_blocks_footer_custom_js":"","_kadence_starter_templates_imported_post":false,"_kad_post_transparent":"","_kad_post_title":"","_kad_post_layout":"","_kad_post_sidebar_id":"","_kad_post_content_style":"","_kad_post_vertical_padding":"","_kad_post_feature":"","_kad_post_feature_position":"","_kad_post_header":false,"_kad_post_footer":false,"footnotes":""},"categories":[14],"tags":[],"class_list":["post-3164","post","type-post","status-publish","format-standard","has-post-thumbnail","hentry","category-plastik-cerrahi-blog"],"yoast_head":"<!-- This site is optimized with the Yoast SEO plugin v25.9 - https:\/\/yoast.com\/wordpress\/plugins\/seo\/ -->\n<title>Ameliyat Sonras\u0131 D\u00f6nemde Psikolojik \u0130yile\u015fme ve V\u00fccut Alg\u0131s\u0131 - \u0130stanbul Estetik, Plastik ve Rekonstr\u00fcktif Cerrahi - Do\u00e7. Dr. Sedat Tatar<\/title>\n<meta name=\"description\" content=\"Estetik ameliyat sonras\u0131 psikolojik iyile\u015fme s\u00fcreci, v\u00fccut alg\u0131s\u0131ndaki de\u011fi\u015fim ve duygusal adaptasyon nas\u0131l ilerler?\" \/>\n<meta name=\"robots\" content=\"index, follow, max-snippet:-1, max-image-preview:large, max-video-preview:-1\" \/>\n<link rel=\"canonical\" href=\"https:\/\/drsedattatar.com\/tr\/ameliyat-sonrasi-donemde-psikolojik-iyilesme-ve-vucut-algisi\/\" \/>\n<meta property=\"og:locale\" content=\"tr_TR\" \/>\n<meta property=\"og:type\" content=\"article\" \/>\n<meta property=\"og:title\" content=\"Ameliyat Sonras\u0131 D\u00f6nemde Psikolojik \u0130yile\u015fme ve V\u00fccut Alg\u0131s\u0131 - \u0130stanbul Estetik, Plastik ve Rekonstr\u00fcktif Cerrahi - Do\u00e7. Dr. Sedat Tatar\" \/>\n<meta property=\"og:description\" content=\"Estetik ameliyat sonras\u0131 psikolojik iyile\u015fme s\u00fcreci, v\u00fccut alg\u0131s\u0131ndaki de\u011fi\u015fim ve duygusal adaptasyon nas\u0131l ilerler?\" \/>\n<meta property=\"og:url\" content=\"https:\/\/drsedattatar.com\/tr\/ameliyat-sonrasi-donemde-psikolojik-iyilesme-ve-vucut-algisi\/\" \/>\n<meta property=\"og:site_name\" content=\"\u0130stanbul Estetik, Plastik ve Rekonstr\u00fcktif Cerrahi - Do\u00e7. Dr. Sedat Tatar\" \/>\n<meta property=\"article:published_time\" content=\"2026-01-21T08:24:36+00:00\" \/>\n<meta property=\"article:modified_time\" content=\"2026-01-21T08:24:38+00:00\" \/>\n<meta property=\"og:image\" content=\"https:\/\/drsedattatar.com\/tr\/wp-content\/uploads\/2026\/01\/89-Kapak-TR.png\" \/>\n\t<meta property=\"og:image:width\" content=\"1920\" \/>\n\t<meta property=\"og:image:height\" content=\"1080\" \/>\n\t<meta property=\"og:image:type\" content=\"image\/png\" \/>\n<meta name=\"author\" content=\"Sedat Tatar\" \/>\n<meta name=\"twitter:card\" content=\"summary_large_image\" \/>\n<meta name=\"twitter:label1\" content=\"Yazan:\" \/>\n\t<meta name=\"twitter:data1\" content=\"Sedat Tatar\" \/>\n\t<meta name=\"twitter:label2\" content=\"Tahmini okuma s\u00fcresi\" \/>\n\t<meta name=\"twitter:data2\" content=\"6 dakika\" \/>\n<script type=\"application\/ld+json\" class=\"yoast-schema-graph\">{\"@context\":\"https:\/\/schema.org\",\"@graph\":[{\"@type\":\"Article\",\"@id\":\"https:\/\/drsedattatar.com\/tr\/ameliyat-sonrasi-donemde-psikolojik-iyilesme-ve-vucut-algisi\/#article\",\"isPartOf\":{\"@id\":\"https:\/\/drsedattatar.com\/tr\/ameliyat-sonrasi-donemde-psikolojik-iyilesme-ve-vucut-algisi\/\"},\"author\":{\"name\":\"Sedat Tatar\",\"@id\":\"https:\/\/drsedattatar.com\/tr\/#\/schema\/person\/aa22f82cb49cf6b0e8e4c2fdd472308a\"},\"headline\":\"Ameliyat Sonras\u0131 D\u00f6nemde Psikolojik \u0130yile\u015fme ve V\u00fccut Alg\u0131s\u0131\",\"datePublished\":\"2026-01-21T08:24:36+00:00\",\"dateModified\":\"2026-01-21T08:24:38+00:00\",\"mainEntityOfPage\":{\"@id\":\"https:\/\/drsedattatar.com\/tr\/ameliyat-sonrasi-donemde-psikolojik-iyilesme-ve-vucut-algisi\/\"},\"wordCount\":1443,\"publisher\":{\"@id\":\"https:\/\/drsedattatar.com\/tr\/#organization\"},\"image\":{\"@id\":\"https:\/\/drsedattatar.com\/tr\/ameliyat-sonrasi-donemde-psikolojik-iyilesme-ve-vucut-algisi\/#primaryimage\"},\"thumbnailUrl\":\"https:\/\/drsedattatar.com\/tr\/wp-content\/uploads\/2026\/01\/89-Kapak-TR.png\",\"articleSection\":[\"Plastik Cerrahi Blog\"],\"inLanguage\":\"tr\"},{\"@type\":\"WebPage\",\"@id\":\"https:\/\/drsedattatar.com\/tr\/ameliyat-sonrasi-donemde-psikolojik-iyilesme-ve-vucut-algisi\/\",\"url\":\"https:\/\/drsedattatar.com\/tr\/ameliyat-sonrasi-donemde-psikolojik-iyilesme-ve-vucut-algisi\/\",\"name\":\"Ameliyat Sonras\u0131 D\u00f6nemde Psikolojik \u0130yile\u015fme ve V\u00fccut Alg\u0131s\u0131 - \u0130stanbul Estetik, Plastik ve Rekonstr\u00fcktif Cerrahi - Do\u00e7. Dr. Sedat Tatar\",\"isPartOf\":{\"@id\":\"https:\/\/drsedattatar.com\/tr\/#website\"},\"primaryImageOfPage\":{\"@id\":\"https:\/\/drsedattatar.com\/tr\/ameliyat-sonrasi-donemde-psikolojik-iyilesme-ve-vucut-algisi\/#primaryimage\"},\"image\":{\"@id\":\"https:\/\/drsedattatar.com\/tr\/ameliyat-sonrasi-donemde-psikolojik-iyilesme-ve-vucut-algisi\/#primaryimage\"},\"thumbnailUrl\":\"https:\/\/drsedattatar.com\/tr\/wp-content\/uploads\/2026\/01\/89-Kapak-TR.png\",\"datePublished\":\"2026-01-21T08:24:36+00:00\",\"dateModified\":\"2026-01-21T08:24:38+00:00\",\"description\":\"Estetik ameliyat sonras\u0131 psikolojik iyile\u015fme s\u00fcreci, v\u00fccut alg\u0131s\u0131ndaki de\u011fi\u015fim ve duygusal adaptasyon nas\u0131l ilerler?\",\"breadcrumb\":{\"@id\":\"https:\/\/drsedattatar.com\/tr\/ameliyat-sonrasi-donemde-psikolojik-iyilesme-ve-vucut-algisi\/#breadcrumb\"},\"inLanguage\":\"tr\",\"potentialAction\":[{\"@type\":\"ReadAction\",\"target\":[\"https:\/\/drsedattatar.com\/tr\/ameliyat-sonrasi-donemde-psikolojik-iyilesme-ve-vucut-algisi\/\"]}]},{\"@type\":\"ImageObject\",\"inLanguage\":\"tr\",\"@id\":\"https:\/\/drsedattatar.com\/tr\/ameliyat-sonrasi-donemde-psikolojik-iyilesme-ve-vucut-algisi\/#primaryimage\",\"url\":\"https:\/\/drsedattatar.com\/tr\/wp-content\/uploads\/2026\/01\/89-Kapak-TR.png\",\"contentUrl\":\"https:\/\/drsedattatar.com\/tr\/wp-content\/uploads\/2026\/01\/89-Kapak-TR.png\",\"width\":1920,\"height\":1080},{\"@type\":\"BreadcrumbList\",\"@id\":\"https:\/\/drsedattatar.com\/tr\/ameliyat-sonrasi-donemde-psikolojik-iyilesme-ve-vucut-algisi\/#breadcrumb\",\"itemListElement\":[{\"@type\":\"ListItem\",\"position\":1,\"name\":\"Anasayfa\",\"item\":\"https:\/\/drsedattatar.com\/tr\/\"},{\"@type\":\"ListItem\",\"position\":2,\"name\":\"Ameliyat Sonras\u0131 D\u00f6nemde Psikolojik \u0130yile\u015fme ve V\u00fccut Alg\u0131s\u0131\"}]},{\"@type\":\"WebSite\",\"@id\":\"https:\/\/drsedattatar.com\/tr\/#website\",\"url\":\"https:\/\/drsedattatar.com\/tr\/\",\"name\":\"\u0130stanbul Estetik, Plastik ve Rekonstr\u00fcktif Cerrahi - Do\u00e7. Dr. Sedat Tatar\",\"description\":\"\u0130stanbul Estetik, Plastik ve Rekonstr\u00fcktif Cerrahi alan\u0131nda deneyimli Do\u00e7. Dr. Sedat Tatar ile hayallerinizi ger\u00e7e\u011fe d\u00f6n\u00fc\u015ft\u00fcr\u00fcn ve kendinizi en iyi \u015fekilde hissedin.\",\"publisher\":{\"@id\":\"https:\/\/drsedattatar.com\/tr\/#organization\"},\"potentialAction\":[{\"@type\":\"SearchAction\",\"target\":{\"@type\":\"EntryPoint\",\"urlTemplate\":\"https:\/\/drsedattatar.com\/tr\/?s={search_term_string}\"},\"query-input\":{\"@type\":\"PropertyValueSpecification\",\"valueRequired\":true,\"valueName\":\"search_term_string\"}}],\"inLanguage\":\"tr\"},{\"@type\":\"Organization\",\"@id\":\"https:\/\/drsedattatar.com\/tr\/#organization\",\"name\":\"\u0130stanbul Estetik, Plastik ve Rekonstr\u00fcktif Cerrahi - Do\u00e7. Dr. Sedat Tatar\",\"url\":\"https:\/\/drsedattatar.com\/tr\/\",\"logo\":{\"@type\":\"ImageObject\",\"inLanguage\":\"tr\",\"@id\":\"https:\/\/drsedattatar.com\/tr\/#\/schema\/logo\/image\/\",\"url\":\"https:\/\/drsedattatar.com\/tr\/wp-content\/uploads\/2023\/06\/cropped-cropped-cropped-dr-sedat-tatar-estetik-plastik-logo.webp\",\"contentUrl\":\"https:\/\/drsedattatar.com\/tr\/wp-content\/uploads\/2023\/06\/cropped-cropped-cropped-dr-sedat-tatar-estetik-plastik-logo.webp\",\"width\":1505,\"height\":602,\"caption\":\"\u0130stanbul Estetik, Plastik ve Rekonstr\u00fcktif Cerrahi - Do\u00e7. Dr. Sedat Tatar\"},\"image\":{\"@id\":\"https:\/\/drsedattatar.com\/tr\/#\/schema\/logo\/image\/\"}},{\"@type\":\"Person\",\"@id\":\"https:\/\/drsedattatar.com\/tr\/#\/schema\/person\/aa22f82cb49cf6b0e8e4c2fdd472308a\",\"name\":\"Sedat Tatar\",\"image\":{\"@type\":\"ImageObject\",\"inLanguage\":\"tr\",\"@id\":\"https:\/\/drsedattatar.com\/tr\/#\/schema\/person\/image\/\",\"url\":\"https:\/\/secure.gravatar.com\/avatar\/dea798d972982cc67ccc601a56275438ae42ec5d4557bb1f2fb426553e72d1a1?s=96&d=mm&r=g\",\"contentUrl\":\"https:\/\/secure.gravatar.com\/avatar\/dea798d972982cc67ccc601a56275438ae42ec5d4557bb1f2fb426553e72d1a1?s=96&d=mm&r=g\",\"caption\":\"Sedat Tatar\"},\"sameAs\":[\"http:\/\/drsedattatar.com\/tr\"],\"url\":\"https:\/\/drsedattatar.com\/tr\/author\/admin\/\"}]}<\/script>\n<!-- \/ Yoast SEO plugin. -->","yoast_head_json":{"title":"Ameliyat Sonras\u0131 D\u00f6nemde Psikolojik \u0130yile\u015fme ve V\u00fccut Alg\u0131s\u0131 - \u0130stanbul Estetik, Plastik ve Rekonstr\u00fcktif Cerrahi - Do\u00e7. Dr. Sedat Tatar","description":"Estetik ameliyat sonras\u0131 psikolojik iyile\u015fme s\u00fcreci, v\u00fccut alg\u0131s\u0131ndaki de\u011fi\u015fim ve duygusal adaptasyon nas\u0131l ilerler?","robots":{"index":"index","follow":"follow","max-snippet":"max-snippet:-1","max-image-preview":"max-image-preview:large","max-video-preview":"max-video-preview:-1"},"canonical":"https:\/\/drsedattatar.com\/tr\/ameliyat-sonrasi-donemde-psikolojik-iyilesme-ve-vucut-algisi\/","og_locale":"tr_TR","og_type":"article","og_title":"Ameliyat Sonras\u0131 D\u00f6nemde Psikolojik \u0130yile\u015fme ve V\u00fccut Alg\u0131s\u0131 - \u0130stanbul Estetik, Plastik ve Rekonstr\u00fcktif Cerrahi - Do\u00e7. Dr. Sedat Tatar","og_description":"Estetik ameliyat sonras\u0131 psikolojik iyile\u015fme s\u00fcreci, v\u00fccut alg\u0131s\u0131ndaki de\u011fi\u015fim ve duygusal adaptasyon nas\u0131l ilerler?","og_url":"https:\/\/drsedattatar.com\/tr\/ameliyat-sonrasi-donemde-psikolojik-iyilesme-ve-vucut-algisi\/","og_site_name":"\u0130stanbul Estetik, Plastik ve Rekonstr\u00fcktif Cerrahi - Do\u00e7. Dr. Sedat Tatar","article_published_time":"2026-01-21T08:24:36+00:00","article_modified_time":"2026-01-21T08:24:38+00:00","og_image":[{"width":1920,"height":1080,"url":"https:\/\/drsedattatar.com\/tr\/wp-content\/uploads\/2026\/01\/89-Kapak-TR.png","type":"image\/png"}],"author":"Sedat Tatar","twitter_card":"summary_large_image","twitter_misc":{"Yazan:":"Sedat Tatar","Tahmini okuma s\u00fcresi":"6 dakika"},"schema":{"@context":"https:\/\/schema.org","@graph":[{"@type":"Article","@id":"https:\/\/drsedattatar.com\/tr\/ameliyat-sonrasi-donemde-psikolojik-iyilesme-ve-vucut-algisi\/#article","isPartOf":{"@id":"https:\/\/drsedattatar.com\/tr\/ameliyat-sonrasi-donemde-psikolojik-iyilesme-ve-vucut-algisi\/"},"author":{"name":"Sedat Tatar","@id":"https:\/\/drsedattatar.com\/tr\/#\/schema\/person\/aa22f82cb49cf6b0e8e4c2fdd472308a"},"headline":"Ameliyat Sonras\u0131 D\u00f6nemde Psikolojik \u0130yile\u015fme ve V\u00fccut Alg\u0131s\u0131","datePublished":"2026-01-21T08:24:36+00:00","dateModified":"2026-01-21T08:24:38+00:00","mainEntityOfPage":{"@id":"https:\/\/drsedattatar.com\/tr\/ameliyat-sonrasi-donemde-psikolojik-iyilesme-ve-vucut-algisi\/"},"wordCount":1443,"publisher":{"@id":"https:\/\/drsedattatar.com\/tr\/#organization"},"image":{"@id":"https:\/\/drsedattatar.com\/tr\/ameliyat-sonrasi-donemde-psikolojik-iyilesme-ve-vucut-algisi\/#primaryimage"},"thumbnailUrl":"https:\/\/drsedattatar.com\/tr\/wp-content\/uploads\/2026\/01\/89-Kapak-TR.png","articleSection":["Plastik Cerrahi Blog"],"inLanguage":"tr"},{"@type":"WebPage","@id":"https:\/\/drsedattatar.com\/tr\/ameliyat-sonrasi-donemde-psikolojik-iyilesme-ve-vucut-algisi\/","url":"https:\/\/drsedattatar.com\/tr\/ameliyat-sonrasi-donemde-psikolojik-iyilesme-ve-vucut-algisi\/","name":"Ameliyat Sonras\u0131 D\u00f6nemde Psikolojik \u0130yile\u015fme ve V\u00fccut Alg\u0131s\u0131 - \u0130stanbul Estetik, Plastik ve Rekonstr\u00fcktif Cerrahi - Do\u00e7. Dr. Sedat Tatar","isPartOf":{"@id":"https:\/\/drsedattatar.com\/tr\/#website"},"primaryImageOfPage":{"@id":"https:\/\/drsedattatar.com\/tr\/ameliyat-sonrasi-donemde-psikolojik-iyilesme-ve-vucut-algisi\/#primaryimage"},"image":{"@id":"https:\/\/drsedattatar.com\/tr\/ameliyat-sonrasi-donemde-psikolojik-iyilesme-ve-vucut-algisi\/#primaryimage"},"thumbnailUrl":"https:\/\/drsedattatar.com\/tr\/wp-content\/uploads\/2026\/01\/89-Kapak-TR.png","datePublished":"2026-01-21T08:24:36+00:00","dateModified":"2026-01-21T08:24:38+00:00","description":"Estetik ameliyat sonras\u0131 psikolojik iyile\u015fme s\u00fcreci, v\u00fccut alg\u0131s\u0131ndaki de\u011fi\u015fim ve duygusal adaptasyon nas\u0131l ilerler?","breadcrumb":{"@id":"https:\/\/drsedattatar.com\/tr\/ameliyat-sonrasi-donemde-psikolojik-iyilesme-ve-vucut-algisi\/#breadcrumb"},"inLanguage":"tr","potentialAction":[{"@type":"ReadAction","target":["https:\/\/drsedattatar.com\/tr\/ameliyat-sonrasi-donemde-psikolojik-iyilesme-ve-vucut-algisi\/"]}]},{"@type":"ImageObject","inLanguage":"tr","@id":"https:\/\/drsedattatar.com\/tr\/ameliyat-sonrasi-donemde-psikolojik-iyilesme-ve-vucut-algisi\/#primaryimage","url":"https:\/\/drsedattatar.com\/tr\/wp-content\/uploads\/2026\/01\/89-Kapak-TR.png","contentUrl":"https:\/\/drsedattatar.com\/tr\/wp-content\/uploads\/2026\/01\/89-Kapak-TR.png","width":1920,"height":1080},{"@type":"BreadcrumbList","@id":"https:\/\/drsedattatar.com\/tr\/ameliyat-sonrasi-donemde-psikolojik-iyilesme-ve-vucut-algisi\/#breadcrumb","itemListElement":[{"@type":"ListItem","position":1,"name":"Anasayfa","item":"https:\/\/drsedattatar.com\/tr\/"},{"@type":"ListItem","position":2,"name":"Ameliyat Sonras\u0131 D\u00f6nemde Psikolojik \u0130yile\u015fme ve V\u00fccut Alg\u0131s\u0131"}]},{"@type":"WebSite","@id":"https:\/\/drsedattatar.com\/tr\/#website","url":"https:\/\/drsedattatar.com\/tr\/","name":"\u0130stanbul Estetik, Plastik ve Rekonstr\u00fcktif Cerrahi - Do\u00e7. Dr. Sedat Tatar","description":"\u0130stanbul Estetik, Plastik ve Rekonstr\u00fcktif Cerrahi alan\u0131nda deneyimli Do\u00e7. Dr. Sedat Tatar ile hayallerinizi ger\u00e7e\u011fe d\u00f6n\u00fc\u015ft\u00fcr\u00fcn ve kendinizi en iyi \u015fekilde hissedin.","publisher":{"@id":"https:\/\/drsedattatar.com\/tr\/#organization"},"potentialAction":[{"@type":"SearchAction","target":{"@type":"EntryPoint","urlTemplate":"https:\/\/drsedattatar.com\/tr\/?s={search_term_string}"},"query-input":{"@type":"PropertyValueSpecification","valueRequired":true,"valueName":"search_term_string"}}],"inLanguage":"tr"},{"@type":"Organization","@id":"https:\/\/drsedattatar.com\/tr\/#organization","name":"\u0130stanbul Estetik, Plastik ve Rekonstr\u00fcktif Cerrahi - Do\u00e7. Dr. Sedat Tatar","url":"https:\/\/drsedattatar.com\/tr\/","logo":{"@type":"ImageObject","inLanguage":"tr","@id":"https:\/\/drsedattatar.com\/tr\/#\/schema\/logo\/image\/","url":"https:\/\/drsedattatar.com\/tr\/wp-content\/uploads\/2023\/06\/cropped-cropped-cropped-dr-sedat-tatar-estetik-plastik-logo.webp","contentUrl":"https:\/\/drsedattatar.com\/tr\/wp-content\/uploads\/2023\/06\/cropped-cropped-cropped-dr-sedat-tatar-estetik-plastik-logo.webp","width":1505,"height":602,"caption":"\u0130stanbul Estetik, Plastik ve Rekonstr\u00fcktif Cerrahi - Do\u00e7. Dr. Sedat Tatar"},"image":{"@id":"https:\/\/drsedattatar.com\/tr\/#\/schema\/logo\/image\/"}},{"@type":"Person","@id":"https:\/\/drsedattatar.com\/tr\/#\/schema\/person\/aa22f82cb49cf6b0e8e4c2fdd472308a","name":"Sedat Tatar","image":{"@type":"ImageObject","inLanguage":"tr","@id":"https:\/\/drsedattatar.com\/tr\/#\/schema\/person\/image\/","url":"https:\/\/secure.gravatar.com\/avatar\/dea798d972982cc67ccc601a56275438ae42ec5d4557bb1f2fb426553e72d1a1?s=96&d=mm&r=g","contentUrl":"https:\/\/secure.gravatar.com\/avatar\/dea798d972982cc67ccc601a56275438ae42ec5d4557bb1f2fb426553e72d1a1?s=96&d=mm&r=g","caption":"Sedat Tatar"},"sameAs":["http:\/\/drsedattatar.com\/tr"],"url":"https:\/\/drsedattatar.com\/tr\/author\/admin\/"}]}},"taxonomy_info":{"category":[{"value":14,"label":"Plastik Cerrahi Blog"}]},"featured_image_src_large":["https:\/\/drsedattatar.com\/tr\/wp-content\/uploads\/2026\/01\/89-Kapak-TR-1024x576.png",1024,576,true],"author_info":{"display_name":"Sedat Tatar","author_link":"https:\/\/drsedattatar.com\/tr\/author\/admin\/"},"comment_info":0,"category_info":[{"term_id":14,"name":"Plastik Cerrahi Blog","slug":"plastik-cerrahi-blog","term_group":0,"term_taxonomy_id":14,"taxonomy":"category","description":"","parent":0,"count":155,"filter":"raw","cat_ID":14,"category_count":155,"category_description":"","cat_name":"Plastik Cerrahi Blog","category_nicename":"plastik-cerrahi-blog","category_parent":0}],"tag_info":false,"_links":{"self":[{"href":"https:\/\/drsedattatar.com\/tr\/wp-json\/wp\/v2\/posts\/3164","targetHints":{"allow":["GET"]}}],"collection":[{"href":"https:\/\/drsedattatar.com\/tr\/wp-json\/wp\/v2\/posts"}],"about":[{"href":"https:\/\/drsedattatar.com\/tr\/wp-json\/wp\/v2\/types\/post"}],"author":[{"embeddable":true,"href":"https:\/\/drsedattatar.com\/tr\/wp-json\/wp\/v2\/users\/1"}],"replies":[{"embeddable":true,"href":"https:\/\/drsedattatar.com\/tr\/wp-json\/wp\/v2\/comments?post=3164"}],"version-history":[{"count":2,"href":"https:\/\/drsedattatar.com\/tr\/wp-json\/wp\/v2\/posts\/3164\/revisions"}],"predecessor-version":[{"id":3167,"href":"https:\/\/drsedattatar.com\/tr\/wp-json\/wp\/v2\/posts\/3164\/revisions\/3167"}],"wp:featuredmedia":[{"embeddable":true,"href":"https:\/\/drsedattatar.com\/tr\/wp-json\/wp\/v2\/media\/3166"}],"wp:attachment":[{"href":"https:\/\/drsedattatar.com\/tr\/wp-json\/wp\/v2\/media?parent=3164"}],"wp:term":[{"taxonomy":"category","embeddable":true,"href":"https:\/\/drsedattatar.com\/tr\/wp-json\/wp\/v2\/categories?post=3164"},{"taxonomy":"post_tag","embeddable":true,"href":"https:\/\/drsedattatar.com\/tr\/wp-json\/wp\/v2\/tags?post=3164"}],"curies":[{"name":"wp","href":"https:\/\/api.w.org\/{rel}","templated":true}]}}