{"id":3198,"date":"2026-01-28T09:02:10","date_gmt":"2026-01-28T09:02:10","guid":{"rendered":"https:\/\/drsedattatar.com\/tr\/?p=3198"},"modified":"2026-01-28T09:02:13","modified_gmt":"2026-01-28T09:02:13","slug":"karin-germe-sonrasi-catlaklar-ne-kadar-azalir-gercekci-beklentiler","status":"publish","type":"post","link":"https:\/\/drsedattatar.com\/tr\/karin-germe-sonrasi-catlaklar-ne-kadar-azalir-gercekci-beklentiler\/","title":{"rendered":"Kar\u0131n Germe Sonras\u0131 \u00c7atlaklar Ne Kadar Azal\u0131r? Ger\u00e7ek\u00e7i Beklentiler"},"content":{"rendered":"\n<p>Kar\u0131n germe (abdominoplasti), do\u011fum sonras\u0131 de\u011fi\u015fimler, kilo al\u0131p verme veya cilt elastikiyet kayb\u0131 nedeniyle kar\u0131n b\u00f6lgesinde olu\u015fan sarkma, deri fazlas\u0131 ve kontur bozukluklar\u0131n\u0131 d\u00fczeltmek i\u00e7in uygulanan etkili bir cerrahi y\u00f6ntemdir. Bu ameliyata ba\u015fvuran hastalar\u0131n \u00f6nemli bir k\u0131sm\u0131 yaln\u0131zca sarkmay\u0131 de\u011fil, ayn\u0131 zamanda kar\u0131n b\u00f6lgesindeki <strong>\u00e7atlaklar\u0131n azalmas\u0131n\u0131<\/strong> da bekler. Ancak \u00e7atlak ile deri fazlas\u0131 ayn\u0131 kavram de\u011fildir ve her kar\u0131n germe ameliyat\u0131nda \u00e7atlaklar\u0131n tamam\u0131n\u0131n yok olmas\u0131 m\u00fcmk\u00fcn de\u011fildir.<\/p>\n\n\n\n<p>Bu nedenle en do\u011fru yakla\u015f\u0131m, kar\u0131n germe ameliyat\u0131n\u0131n \u00e7atlaklar \u00fczerindeki etkisini <strong>ger\u00e7ek\u00e7i ve bilimsel bir \u00e7er\u00e7evede<\/strong> de\u011ferlendirmektir. Bu yaz\u0131da \u00e7atlaklar\u0131n neden olu\u015ftu\u011funu, kar\u0131n germe ile hangilerinin d\u00fczeldi\u011fini, hangilerinin d\u00fczelmedi\u011fini ve beklentilerin nas\u0131l do\u011fru y\u00f6netilmesi gerekti\u011fini ele al\u0131yoruz.<\/p>\n\n\n\n<h2 class=\"wp-block-heading\"><a><\/a><strong>\u00c7atlak Nedir ve Neden Olu\u015fur?<\/strong><\/h2>\n\n\n\n<p>\u00c7atlak (stria), cildin h\u0131zla gerildi\u011fi durumlarda dermal tabakadaki liflerin kopmas\u0131yla olu\u015fan kal\u0131c\u0131 izlerdir. Gebelik, h\u0131zl\u0131 kilo al\u0131p verme, hormonal de\u011fi\u015fimler ve cilt tipi \u00e7atlak olu\u015fumunda rol oynar.<\/p>\n\n\n\n<p>\u00c7atlaklar\u0131n \u00f6zellikleri:<\/p>\n\n\n\n<ul class=\"wp-block-list\">\n<li>Ba\u015flang\u0131\u00e7ta k\u0131rm\u0131z\u0131\u2013mor renkte olabilir<\/li>\n\n\n\n<li>Zamanla a\u00e7\u0131k ten rengine d\u00f6ner<\/li>\n\n\n\n<li>Cilt y\u00fczeyi incelir ve \u00e7izgisel g\u00f6r\u00fcn\u00fcm olu\u015fur<\/li>\n\n\n\n<li><strong>Tamamen yok olmayan<\/strong>, ancak g\u00f6r\u00fcn\u00fcm\u00fc iyile\u015ftirilebilen izlerdir<\/li>\n<\/ul>\n\n\n\n<p>Bu nedenle \u00e7atlaklar\u0131n tedavisinde beklenti \u201cs\u0131f\u0131rlamak\u201d de\u011fil, <strong>azaltmak ve g\u00f6r\u00fcn\u00fcm\u00fc iyile\u015ftirmek<\/strong> olmal\u0131d\u0131r.<\/p>\n\n\n\n<h2 class=\"wp-block-heading\"><a><\/a><strong>Kar\u0131n Germe \u00c7atlaklar\u0131 Nas\u0131l Etkiler?<\/strong><\/h2>\n\n\n\n<p>Kar\u0131n germe ameliyat\u0131nda ama\u00e7 yaln\u0131zca cildi germek de\u011fildir; <strong>fazla ve deforme olmu\u015f deri \u00e7\u0131kart\u0131l\u0131r<\/strong>. Kar\u0131n alt\u0131ndaki gev\u015femi\u015f ve \u00e7atlakl\u0131 deri al\u0131n\u0131rken, \u00fcstteki daha sa\u011fl\u0131kl\u0131 deri a\u015fa\u011f\u0131 do\u011fru ta\u015f\u0131n\u0131r. Bu sayede hem kar\u0131n daha d\u00fcz bir form kazan\u0131r hem de \u00e7atlaklar\u0131n \u00f6nemli bir k\u0131sm\u0131 ortadan kald\u0131r\u0131labilir.<\/p>\n\n\n\n<p>Kar\u0131n germe s\u0131ras\u0131nda:<\/p>\n\n\n\n<ul class=\"wp-block-list\">\n<li>Deri fazlas\u0131 al\u0131n\u0131r<\/li>\n\n\n\n<li>Kar\u0131n \u00f6n duvar\u0131 s\u0131k\u0131la\u015ft\u0131r\u0131l\u0131r<\/li>\n\n\n\n<li>E\u011fer varsa kas ayr\u0131lmas\u0131 onar\u0131l\u0131r<\/li>\n\n\n\n<li>Estetik kontur yeniden olu\u015fturulur<\/li>\n<\/ul>\n\n\n\n<p>Bu s\u00fcrecin \u00e7atlaklara etkisi, \u00e7atlaklar\u0131n <strong>konumuna<\/strong> ba\u011fl\u0131d\u0131r.<\/p>\n\n\n\n<h2 class=\"wp-block-heading\"><a><\/a><strong>Hangi \u00c7atlaklar Azal\u0131r, Hangileri Kal\u0131r?<\/strong><\/h2>\n\n\n\n<p>Kar\u0131n germe ameliyat\u0131nda \u00e7\u0131kan deri, \u00e7o\u011funlukla <strong>g\u00f6bek deli\u011fi alt\u0131ndaki b\u00f6lgedir.<\/strong> Bu nedenle \u00e7atlaklar\u0131n d\u00fczelme oran\u0131, hangi b\u00f6lgede yo\u011fun oldu\u011funa g\u00f6re de\u011fi\u015fir.<\/p>\n\n\n\n<h3 class=\"wp-block-heading\"><a><\/a><strong>G\u00f6bek Alt\u0131ndaki \u00c7atlaklar<\/strong><\/h3>\n\n\n\n<p>En fazla azalma bu b\u00f6lgede g\u00f6r\u00fcl\u00fcr. \u00c7\u00fcnk\u00fc:<\/p>\n\n\n\n<ul class=\"wp-block-list\">\n<li>G\u00f6bek alt\u0131ndaki deri fazlas\u0131 al\u0131n\u0131r<\/li>\n\n\n\n<li>Bu derideki \u00e7atlaklar b\u00fcy\u00fck oranda \u00e7\u0131kar\u0131lm\u0131\u015f olur<\/li>\n<\/ul>\n\n\n\n<p>Bu nedenle bir\u00e7ok hastada:<\/p>\n\n\n\n<ul class=\"wp-block-list\">\n<li>\u00c7atlak yo\u011funlu\u011fu azal\u0131r<\/li>\n\n\n\n<li>G\u00f6rsel olarak daha temiz bir kar\u0131n g\u00f6r\u00fcnt\u00fcs\u00fc olu\u015fur<\/li>\n<\/ul>\n\n\n\n<h3 class=\"wp-block-heading\"><a><\/a><strong>G\u00f6bek \u00dcst\u00fcndeki \u00c7atlaklar<\/strong><strong><\/strong><\/h3>\n\n\n\n<p>G\u00f6bek \u00fcst\u00fcnde \u00e7atlak varsa genellikle tamamen kaybolmaz. Ancak:<\/p>\n\n\n\n<ul class=\"wp-block-list\">\n<li>Deri a\u015fa\u011f\u0131 do\u011fru ta\u015f\u0131n\u0131r<\/li>\n\n\n\n<li>\u00c7atlaklar daha a\u015fa\u011f\u0131 alana yer de\u011fi\u015ftirir<\/li>\n\n\n\n<li>Bir k\u0131sm\u0131 daha gergin ve daha az belirgin g\u00f6r\u00fcn\u00fcr<\/li>\n<\/ul>\n\n\n\n<p>Yani tamamen ortadan kalkmasa bile <strong>daha d\u00fczenli ve daha az dikkat \u00e7eken<\/strong> bir g\u00f6r\u00fcn\u00fcme kavu\u015fur.<\/p>\n\n\n\n<h2 class=\"wp-block-heading\"><a><\/a><strong>\u201c\u00c7atlaklar Tamamen Yok Olur mu?\u201d Sorusu<\/strong><\/h2>\n\n\n\n<p>Bu sorunun bilimsel ve d\u00fcr\u00fcst cevab\u0131: <strong>Hay\u0131r, \u00e7atlaklar tamamen yok olmaz.<\/strong><\/p>\n\n\n\n<p>\u00c7\u00fcnk\u00fc \u00e7atlak, cilt yap\u0131s\u0131nda olu\u015fmu\u015f kal\u0131c\u0131 bir izdir. Kar\u0131n germe ameliyat\u0131;<\/p>\n\n\n\n<ul class=\"wp-block-list\">\n<li>\u00c7atlaklar\u0131n bir k\u0131sm\u0131n\u0131 fiziksel olarak ortadan kald\u0131r\u0131r<\/li>\n\n\n\n<li>Kalanlar\u0131n g\u00f6r\u00fcn\u00fcm\u00fcn\u00fc iyile\u015ftirir<\/li>\n\n\n\n<li>Cildi gerginle\u015ftirerek daha d\u00fczg\u00fcn bir y\u00fczey sa\u011flar<\/li>\n<\/ul>\n\n\n\n<p>Bu nedenle ameliyat sonras\u0131 daha p\u00fcr\u00fczs\u00fcz bir kar\u0131n g\u00f6r\u00fcnt\u00fcs\u00fc elde edilir; ancak \u201chi\u00e7 \u00e7atlak kalmamas\u0131\u201d ger\u00e7ek\u00e7i bir beklenti de\u011fildir.<\/p>\n\n\n\n<h2 class=\"wp-block-heading\"><a><\/a><strong>\u00c7atlaklar\u0131 Azaltmada Sonuca Etki Eden Fakt\u00f6rler<\/strong><\/h2>\n\n\n\n<p>Kar\u0131n germe sonras\u0131 \u00e7atlaklar\u0131n ne kadar azalaca\u011f\u0131n\u0131 belirleyen baz\u0131 fakt\u00f6rler vard\u0131r:<\/p>\n\n\n\n<ul class=\"wp-block-list\">\n<li>\u00c7atlaklar\u0131n konumu (\u00f6zellikle g\u00f6bek alt\u0131 \u2013 g\u00f6bek \u00fcst\u00fc ayr\u0131m\u0131)<\/li>\n\n\n\n<li>\u00c7atlak yo\u011funlu\u011fu<\/li>\n\n\n\n<li>Cilt kalitesi ve elastikiyet<\/li>\n\n\n\n<li>\u00d6nceki kilo de\u011fi\u015fimleri<\/li>\n\n\n\n<li>Gebelik say\u0131s\u0131 ve doku deformasyonu<\/li>\n\n\n\n<li>Yap\u0131lacak ameliyat\u0131n kapsam\u0131<\/li>\n<\/ul>\n\n\n\n<p>Bu de\u011ferlendirme ameliyat \u00f6ncesi muayenede detayl\u0131 \u015fekilde yap\u0131l\u0131r.<\/p>\n\n\n\n<h2 class=\"wp-block-heading\"><strong>Mini Kar\u0131n Germe \u0130le \u00c7atlaklar Ne \u00d6l\u00e7\u00fcde D\u00fczelir?<\/strong><\/h2>\n\n\n\n<p>Mini kar\u0131n germe, yaln\u0131zca g\u00f6bek alt\u0131ndaki s\u0131n\u0131rl\u0131 deri fazlas\u0131n\u0131 hedefler. Bu nedenle:<\/p>\n\n\n\n<ul class=\"wp-block-list\">\n<li>\u00c7\u0131kart\u0131lan alan daha dard\u0131r<\/li>\n\n\n\n<li>Sadece alt b\u00f6lgedeki \u00e7atlaklar k\u0131smen al\u0131n\u0131r<\/li>\n\n\n\n<li>Daha yukar\u0131daki \u00e7atlaklara etkisi olmaz<\/li>\n<\/ul>\n\n\n\n<p>Hangi hastada mini, hangi hastada tam kar\u0131n germe yap\u0131laca\u011f\u0131 bu nedenle \u00f6nemlidir.<\/p>\n\n\n\n<h2 class=\"wp-block-heading\"><a><\/a><strong>Kar\u0131n Germeden Sonra \u00c7atlaklar \u0130\u00e7in Ek Destek Gerekir mi?<\/strong><\/h2>\n\n\n\n<p>Baz\u0131 hastalarda ameliyat sonras\u0131 kalan \u00e7atlak g\u00f6r\u00fcn\u00fcm\u00fc i\u00e7in destekleyici uygulamalar tercih edilebilir. Cilt kalitesini destekleyen i\u015flemler:<\/p>\n\n\n\n<ul class=\"wp-block-list\">\n<li>Radyofrekans destekli s\u0131k\u0131la\u015ft\u0131rma sistemleri<\/li>\n\n\n\n<li>Lazer uygulamalar\u0131<\/li>\n\n\n\n<li>Dermal yenileyici tedaviler<\/li>\n<\/ul>\n\n\n\n<p>Bu i\u015flemler \u00e7atlaklar\u0131 tamamen yok etmez; ancak g\u00f6r\u00fcn\u00fcm\u00fc yumu\u015fatarak cilt kalitesini destekler.<\/p>\n\n\n\n<h2 class=\"wp-block-heading\"><a><\/a><strong>Ger\u00e7ek\u00e7i Beklentiler Neden Bu Kadar \u00d6nemli?<\/strong><\/h2>\n\n\n\n<p>Kar\u0131n germe ameliyat\u0131nda en \u00f6nemli noktalardan biri, <strong>hastan\u0131n neyin m\u00fcmk\u00fcn, neyin s\u0131n\u0131rl\u0131 oldu\u011funu bilmesidir.<br><\/strong>Bu ameliyat:<\/p>\n\n\n\n<ul class=\"wp-block-list\">\n<li>Kar\u0131n formunu d\u00fczle\u015ftirir<\/li>\n\n\n\n<li>Deri fazlas\u0131n\u0131 ortadan kald\u0131r\u0131r<\/li>\n\n\n\n<li>\u00c7atlaklar\u0131 belirgin \u00f6l\u00e7\u00fcde azaltabilir<\/li>\n\n\n\n<li>Daha estetik ve fonksiyonel bir kar\u0131n yap\u0131s\u0131 sa\u011flar<\/li>\n<\/ul>\n\n\n\n<p>Ancak mucizevi bir \u201c\u00e7atlak silme operasyonu\u201d de\u011fildir. Bilimsel s\u0131n\u0131rlar\u0131n do\u011fru anlat\u0131lmas\u0131, ameliyat sonras\u0131 mutluluk ve memnuniyet oran\u0131n\u0131 art\u0131r\u0131r.<\/p>\n\n\n\n<h2 class=\"wp-block-heading\"><a><\/a><strong>Daha D\u00fcz, Daha Kontroll\u00fc ve Daha Estetik Bir Kar\u0131n M\u00fcmk\u00fcn<\/strong><\/h2>\n\n\n\n<p>Kar\u0131n germe ameliyat\u0131 do\u011fru hasta se\u00e7imi, do\u011fru teknik ve ger\u00e7ek\u00e7i beklenti y\u00f6netimi ile hem estetik hem fonksiyonel a\u00e7\u0131dan y\u00fcksek memnuniyet sa\u011flayan bir i\u015flemdir. \u00c7atlaklar\u0131n tamamen yok edilmesi m\u00fcmk\u00fcn olmasa da b\u00fcy\u00fck oranda azalt\u0131lmas\u0131 ve g\u00f6r\u00fcn\u00fcm\u00fcn\u00fcn iyile\u015ftirilmesi m\u00fcmk\u00fcnd\u00fcr. Daha toplu, daha s\u0131k\u0131 ve daha d\u00fczenli bir kar\u0131n formu ile hastalar\u0131n kendini daha rahat ve g\u00fcvenli hissetmesi sa\u011flan\u0131r.<\/p>\n\n\n\n<p id=\"block-3a3212d6-f67d-4bfe-9697-5d0a5830a4ad\"><strong>Hekim Bilgisi<\/strong><\/p>\n\n\n\n<p id=\"block-a7476fa1-5aba-49b7-811f-cdbc4833f823\"><strong>Do\u00e7. Dr. Sedat Tatar<\/strong>, iki ayr\u0131 uluslararas\u0131 kurul taraf\u0131ndan sertifikaland\u0131r\u0131lm\u0131\u015f (Double Board Certified) Plastik, Rekonstr\u00fcktif ve Estetik Cerrahi uzman\u0131d\u0131r. <strong>American College of Surgeons Fellow (FACS)<\/strong> ve <strong>European Board of Plastic, Reconstructive and Aesthetic Surgery Fellow (FEBOPRAS)<\/strong> unvanlar\u0131na sahiptir.<\/p>\n\n\n\n<p id=\"block-b4169953-a4b6-437c-9fbd-abc2bc8abbee\">Uluslararas\u0131 profesyonel \u00fcyelikleri aras\u0131nda <strong>ISAPS (International Society of Aesthetic Plastic Surgery)<\/strong> ve <strong>ASPS (American Society of Plastic Surgeons)<\/strong> bulunmaktad\u0131r.<\/p>\n\n\n\n<p id=\"block-c2e51c4f-149d-4f50-a30b-37984cd59e30\">Klini\u011fi \u0130stanbul\u2019da <strong>T\u00fcrkiye Sa\u011fl\u0131k Bakanl\u0131\u011f\u0131 taraf\u0131ndan Sa\u011fl\u0131k Turizmi Merkezi olarak yetkilidir<\/strong> ve \u015firketi <strong>Birle\u015fik Krall\u0131k &amp; Galler&#8217;e kay\u0131tl\u0131d\u0131r.<\/strong><\/p>\n\n\n\n<p id=\"block-a1e9e51a-ae8b-4912-bcf7-569957645885\"><strong>\u0130LET\u0130\u015e\u0130M B\u0130LG\u0130LER\u0130<\/strong><\/p>\n\n\n\n<p id=\"block-35aa5dd5-2dbb-4b8a-a0d0-0568699cd5a2\"><strong>Do\u00e7. Dr. Sedar Tatar Klini\u011fi<\/strong><\/p>\n\n\n\n<p id=\"block-f8c5b5c0-0128-4552-9f9c-0cb3388dc884\"><strong>Telefon No :&nbsp;<\/strong><a href=\"tel:+90%20(555)%20100%2010%2083\">+90 (555) 100 10 83<\/a><br><strong>\u0130leti\u015fim Linki :&nbsp;<\/strong><a href=\"mailto:info@drsedattatar.com\">info@drsedattatar.com<\/a><br><strong>Adres :&nbsp;<\/strong>Levent Mahallesi, Karanfil Aral\u0131\u011f\u0131 Caddesi No: 18 Be\u015fikta\u015f\/\u0130STANBUL<\/p>\n\n\n<div class=\"kk-star-ratings kksr-auto kksr-align-center kksr-valign-bottom\"\n    data-payload='{&quot;align&quot;:&quot;center&quot;,&quot;id&quot;:&quot;3198&quot;,&quot;slug&quot;:&quot;default&quot;,&quot;valign&quot;:&quot;bottom&quot;,&quot;ignore&quot;:&quot;&quot;,&quot;reference&quot;:&quot;auto&quot;,&quot;class&quot;:&quot;&quot;,&quot;count&quot;:&quot;0&quot;,&quot;legendonly&quot;:&quot;&quot;,&quot;readonly&quot;:&quot;&quot;,&quot;score&quot;:&quot;0&quot;,&quot;starsonly&quot;:&quot;&quot;,&quot;best&quot;:&quot;5&quot;,&quot;gap&quot;:&quot;5&quot;,&quot;greet&quot;:&quot;\u0130\u00e7eri\u011fimizi Oylay\u0131n!&quot;,&quot;legend&quot;:&quot;0\\\/5 - (0 oy verildi!)&quot;,&quot;size&quot;:&quot;24&quot;,&quot;title&quot;:&quot;Kar\u0131n Germe Sonras\u0131 \u00c7atlaklar Ne Kadar Azal\u0131r? Ger\u00e7ek\u00e7i Beklentiler&quot;,&quot;width&quot;:&quot;0&quot;,&quot;_legend&quot;:&quot;{score}\\\/{best} - ({count} oy verildi!)&quot;,&quot;font_factor&quot;:&quot;1.25&quot;}'>\n            \n<div class=\"kksr-stars\">\n    \n<div class=\"kksr-stars-inactive\">\n            <div class=\"kksr-star\" data-star=\"1\" style=\"padding-right: 5px\">\n            \n\n<div class=\"kksr-icon\" style=\"width: 24px; height: 24px;\"><\/div>\n        <\/div>\n            <div class=\"kksr-star\" data-star=\"2\" style=\"padding-right: 5px\">\n            \n\n<div class=\"kksr-icon\" style=\"width: 24px; height: 24px;\"><\/div>\n        <\/div>\n            <div class=\"kksr-star\" data-star=\"3\" style=\"padding-right: 5px\">\n            \n\n<div class=\"kksr-icon\" style=\"width: 24px; height: 24px;\"><\/div>\n        <\/div>\n            <div class=\"kksr-star\" data-star=\"4\" style=\"padding-right: 5px\">\n            \n\n<div class=\"kksr-icon\" style=\"width: 24px; height: 24px;\"><\/div>\n        <\/div>\n            <div class=\"kksr-star\" data-star=\"5\" style=\"padding-right: 5px\">\n            \n\n<div class=\"kksr-icon\" style=\"width: 24px; height: 24px;\"><\/div>\n        <\/div>\n    <\/div>\n    \n<div class=\"kksr-stars-active\" style=\"width: 0px;\">\n            <div class=\"kksr-star\" style=\"padding-right: 5px\">\n            \n\n<div class=\"kksr-icon\" style=\"width: 24px; height: 24px;\"><\/div>\n        <\/div>\n            <div class=\"kksr-star\" style=\"padding-right: 5px\">\n            \n\n<div class=\"kksr-icon\" style=\"width: 24px; height: 24px;\"><\/div>\n        <\/div>\n            <div class=\"kksr-star\" style=\"padding-right: 5px\">\n            \n\n<div class=\"kksr-icon\" style=\"width: 24px; height: 24px;\"><\/div>\n        <\/div>\n            <div class=\"kksr-star\" style=\"padding-right: 5px\">\n            \n\n<div class=\"kksr-icon\" style=\"width: 24px; height: 24px;\"><\/div>\n        <\/div>\n            <div class=\"kksr-star\" style=\"padding-right: 5px\">\n            \n\n<div class=\"kksr-icon\" style=\"width: 24px; height: 24px;\"><\/div>\n        <\/div>\n    <\/div>\n<\/div>\n                \n\n<div class=\"kksr-legend\" style=\"font-size: 19.2px;\">\n            <span class=\"kksr-muted\">\u0130\u00e7eri\u011fimizi Oylay\u0131n!<\/span>\n    <\/div>\n    <\/div>\n","protected":false},"excerpt":{"rendered":"<p>Kar\u0131n germe (abdominoplasti), do\u011fum sonras\u0131 de\u011fi\u015fimler, kilo al\u0131p verme veya cilt elastikiyet kayb\u0131 nedeniyle kar\u0131n b\u00f6lgesinde olu\u015fan sarkma, deri fazlas\u0131 ve kontur bozukluklar\u0131n\u0131 d\u00fczeltmek i\u00e7in uygulanan etkili bir cerrahi y\u00f6ntemdir. Bu ameliyata ba\u015fvuran hastalar\u0131n \u00f6nemli bir k\u0131sm\u0131 yaln\u0131zca sarkmay\u0131 de\u011fil, ayn\u0131 zamanda kar\u0131n b\u00f6lgesindeki \u00e7atlaklar\u0131n azalmas\u0131n\u0131 da bekler. Ancak \u00e7atlak ile deri fazlas\u0131 ayn\u0131 kavram de\u011fildir ve her kar\u0131n germe ameliyat\u0131nda \u00e7atlaklar\u0131n tamam\u0131n\u0131n yok olmas\u0131 m\u00fcmk\u00fcn de\u011fildir.<\/p>\n","protected":false},"author":1,"featured_media":3200,"comment_status":"closed","ping_status":"open","sticky":false,"template":"","format":"standard","meta":{"_kad_blocks_custom_css":"","_kad_blocks_head_custom_js":"","_kad_blocks_body_custom_js":"","_kad_blocks_footer_custom_js":"","_kadence_starter_templates_imported_post":false,"_kad_post_transparent":"","_kad_post_title":"","_kad_post_layout":"","_kad_post_sidebar_id":"","_kad_post_content_style":"","_kad_post_vertical_padding":"","_kad_post_feature":"","_kad_post_feature_position":"","_kad_post_header":false,"_kad_post_footer":false,"footnotes":""},"categories":[14],"tags":[],"class_list":["post-3198","post","type-post","status-publish","format-standard","has-post-thumbnail","hentry","category-plastik-cerrahi-blog"],"yoast_head":"<!-- This site is optimized with the Yoast SEO plugin v25.9 - https:\/\/yoast.com\/wordpress\/plugins\/seo\/ -->\n<title>Kar\u0131n Germe Sonras\u0131 \u00c7atlaklar Ne Kadar Azal\u0131r? Ger\u00e7ek\u00e7i Beklentiler - \u0130stanbul Estetik, Plastik ve Rekonstr\u00fcktif Cerrahi - Do\u00e7. Dr. Sedat Tatar<\/title>\n<meta name=\"description\" content=\"Kar\u0131n germe sonras\u0131 \u00e7atlaklar ne kadar azal\u0131r? Hangi \u00e7atlaklar tamamen al\u0131n\u0131r, hangileri kal\u0131r ve ger\u00e7ek\u00e7i beklentiler nas\u0131l belirlenir, \u00f6\u011frenin.\" \/>\n<meta name=\"robots\" content=\"index, follow, max-snippet:-1, max-image-preview:large, max-video-preview:-1\" \/>\n<link rel=\"canonical\" href=\"https:\/\/drsedattatar.com\/tr\/karin-germe-sonrasi-catlaklar-ne-kadar-azalir-gercekci-beklentiler\/\" \/>\n<meta property=\"og:locale\" content=\"tr_TR\" \/>\n<meta property=\"og:type\" content=\"article\" \/>\n<meta property=\"og:title\" content=\"Kar\u0131n Germe Sonras\u0131 \u00c7atlaklar Ne Kadar Azal\u0131r? Ger\u00e7ek\u00e7i Beklentiler - \u0130stanbul Estetik, Plastik ve Rekonstr\u00fcktif Cerrahi - Do\u00e7. Dr. Sedat Tatar\" \/>\n<meta property=\"og:description\" content=\"Kar\u0131n germe sonras\u0131 \u00e7atlaklar ne kadar azal\u0131r? Hangi \u00e7atlaklar tamamen al\u0131n\u0131r, hangileri kal\u0131r ve ger\u00e7ek\u00e7i beklentiler nas\u0131l belirlenir, \u00f6\u011frenin.\" \/>\n<meta property=\"og:url\" content=\"https:\/\/drsedattatar.com\/tr\/karin-germe-sonrasi-catlaklar-ne-kadar-azalir-gercekci-beklentiler\/\" \/>\n<meta property=\"og:site_name\" content=\"\u0130stanbul Estetik, Plastik ve Rekonstr\u00fcktif Cerrahi - Do\u00e7. Dr. Sedat Tatar\" \/>\n<meta property=\"article:published_time\" content=\"2026-01-28T09:02:10+00:00\" \/>\n<meta property=\"article:modified_time\" content=\"2026-01-28T09:02:13+00:00\" \/>\n<meta property=\"og:image\" content=\"https:\/\/drsedattatar.com\/tr\/wp-content\/uploads\/2026\/01\/97-Kapak-TR-1024x576.png\" \/>\n\t<meta property=\"og:image:width\" content=\"1024\" \/>\n\t<meta property=\"og:image:height\" content=\"576\" \/>\n\t<meta property=\"og:image:type\" content=\"image\/png\" \/>\n<meta name=\"author\" content=\"Sedat Tatar\" \/>\n<meta name=\"twitter:card\" content=\"summary_large_image\" \/>\n<meta name=\"twitter:label1\" content=\"Yazan:\" \/>\n\t<meta name=\"twitter:data1\" content=\"Sedat Tatar\" \/>\n\t<meta name=\"twitter:label2\" content=\"Tahmini okuma s\u00fcresi\" \/>\n\t<meta name=\"twitter:data2\" content=\"5 dakika\" \/>\n<script type=\"application\/ld+json\" class=\"yoast-schema-graph\">{\"@context\":\"https:\/\/schema.org\",\"@graph\":[{\"@type\":\"Article\",\"@id\":\"https:\/\/drsedattatar.com\/tr\/karin-germe-sonrasi-catlaklar-ne-kadar-azalir-gercekci-beklentiler\/#article\",\"isPartOf\":{\"@id\":\"https:\/\/drsedattatar.com\/tr\/karin-germe-sonrasi-catlaklar-ne-kadar-azalir-gercekci-beklentiler\/\"},\"author\":{\"name\":\"Sedat Tatar\",\"@id\":\"https:\/\/drsedattatar.com\/tr\/#\/schema\/person\/aa22f82cb49cf6b0e8e4c2fdd472308a\"},\"headline\":\"Kar\u0131n Germe Sonras\u0131 \u00c7atlaklar Ne Kadar Azal\u0131r? Ger\u00e7ek\u00e7i Beklentiler\",\"datePublished\":\"2026-01-28T09:02:10+00:00\",\"dateModified\":\"2026-01-28T09:02:13+00:00\",\"mainEntityOfPage\":{\"@id\":\"https:\/\/drsedattatar.com\/tr\/karin-germe-sonrasi-catlaklar-ne-kadar-azalir-gercekci-beklentiler\/\"},\"wordCount\":1186,\"publisher\":{\"@id\":\"https:\/\/drsedattatar.com\/tr\/#organization\"},\"image\":{\"@id\":\"https:\/\/drsedattatar.com\/tr\/karin-germe-sonrasi-catlaklar-ne-kadar-azalir-gercekci-beklentiler\/#primaryimage\"},\"thumbnailUrl\":\"https:\/\/drsedattatar.com\/tr\/wp-content\/uploads\/2026\/01\/97-Kapak-TR.png\",\"articleSection\":[\"Plastik Cerrahi Blog\"],\"inLanguage\":\"tr\"},{\"@type\":\"WebPage\",\"@id\":\"https:\/\/drsedattatar.com\/tr\/karin-germe-sonrasi-catlaklar-ne-kadar-azalir-gercekci-beklentiler\/\",\"url\":\"https:\/\/drsedattatar.com\/tr\/karin-germe-sonrasi-catlaklar-ne-kadar-azalir-gercekci-beklentiler\/\",\"name\":\"Kar\u0131n Germe Sonras\u0131 \u00c7atlaklar Ne Kadar Azal\u0131r? Ger\u00e7ek\u00e7i Beklentiler - \u0130stanbul Estetik, Plastik ve Rekonstr\u00fcktif Cerrahi - Do\u00e7. Dr. Sedat Tatar\",\"isPartOf\":{\"@id\":\"https:\/\/drsedattatar.com\/tr\/#website\"},\"primaryImageOfPage\":{\"@id\":\"https:\/\/drsedattatar.com\/tr\/karin-germe-sonrasi-catlaklar-ne-kadar-azalir-gercekci-beklentiler\/#primaryimage\"},\"image\":{\"@id\":\"https:\/\/drsedattatar.com\/tr\/karin-germe-sonrasi-catlaklar-ne-kadar-azalir-gercekci-beklentiler\/#primaryimage\"},\"thumbnailUrl\":\"https:\/\/drsedattatar.com\/tr\/wp-content\/uploads\/2026\/01\/97-Kapak-TR.png\",\"datePublished\":\"2026-01-28T09:02:10+00:00\",\"dateModified\":\"2026-01-28T09:02:13+00:00\",\"description\":\"Kar\u0131n germe sonras\u0131 \u00e7atlaklar ne kadar azal\u0131r? Hangi \u00e7atlaklar tamamen al\u0131n\u0131r, hangileri kal\u0131r ve ger\u00e7ek\u00e7i beklentiler nas\u0131l belirlenir, \u00f6\u011frenin.\",\"breadcrumb\":{\"@id\":\"https:\/\/drsedattatar.com\/tr\/karin-germe-sonrasi-catlaklar-ne-kadar-azalir-gercekci-beklentiler\/#breadcrumb\"},\"inLanguage\":\"tr\",\"potentialAction\":[{\"@type\":\"ReadAction\",\"target\":[\"https:\/\/drsedattatar.com\/tr\/karin-germe-sonrasi-catlaklar-ne-kadar-azalir-gercekci-beklentiler\/\"]}]},{\"@type\":\"ImageObject\",\"inLanguage\":\"tr\",\"@id\":\"https:\/\/drsedattatar.com\/tr\/karin-germe-sonrasi-catlaklar-ne-kadar-azalir-gercekci-beklentiler\/#primaryimage\",\"url\":\"https:\/\/drsedattatar.com\/tr\/wp-content\/uploads\/2026\/01\/97-Kapak-TR.png\",\"contentUrl\":\"https:\/\/drsedattatar.com\/tr\/wp-content\/uploads\/2026\/01\/97-Kapak-TR.png\",\"width\":1920,\"height\":1080},{\"@type\":\"BreadcrumbList\",\"@id\":\"https:\/\/drsedattatar.com\/tr\/karin-germe-sonrasi-catlaklar-ne-kadar-azalir-gercekci-beklentiler\/#breadcrumb\",\"itemListElement\":[{\"@type\":\"ListItem\",\"position\":1,\"name\":\"Anasayfa\",\"item\":\"https:\/\/drsedattatar.com\/tr\/\"},{\"@type\":\"ListItem\",\"position\":2,\"name\":\"Kar\u0131n Germe Sonras\u0131 \u00c7atlaklar Ne Kadar Azal\u0131r? Ger\u00e7ek\u00e7i Beklentiler\"}]},{\"@type\":\"WebSite\",\"@id\":\"https:\/\/drsedattatar.com\/tr\/#website\",\"url\":\"https:\/\/drsedattatar.com\/tr\/\",\"name\":\"\u0130stanbul Estetik, Plastik ve Rekonstr\u00fcktif Cerrahi - Do\u00e7. Dr. Sedat Tatar\",\"description\":\"\u0130stanbul Estetik, Plastik ve Rekonstr\u00fcktif Cerrahi alan\u0131nda deneyimli Do\u00e7. Dr. Sedat Tatar ile hayallerinizi ger\u00e7e\u011fe d\u00f6n\u00fc\u015ft\u00fcr\u00fcn ve kendinizi en iyi \u015fekilde hissedin.\",\"publisher\":{\"@id\":\"https:\/\/drsedattatar.com\/tr\/#organization\"},\"potentialAction\":[{\"@type\":\"SearchAction\",\"target\":{\"@type\":\"EntryPoint\",\"urlTemplate\":\"https:\/\/drsedattatar.com\/tr\/?s={search_term_string}\"},\"query-input\":{\"@type\":\"PropertyValueSpecification\",\"valueRequired\":true,\"valueName\":\"search_term_string\"}}],\"inLanguage\":\"tr\"},{\"@type\":\"Organization\",\"@id\":\"https:\/\/drsedattatar.com\/tr\/#organization\",\"name\":\"\u0130stanbul Estetik, Plastik ve Rekonstr\u00fcktif Cerrahi - Do\u00e7. Dr. Sedat Tatar\",\"url\":\"https:\/\/drsedattatar.com\/tr\/\",\"logo\":{\"@type\":\"ImageObject\",\"inLanguage\":\"tr\",\"@id\":\"https:\/\/drsedattatar.com\/tr\/#\/schema\/logo\/image\/\",\"url\":\"https:\/\/drsedattatar.com\/tr\/wp-content\/uploads\/2023\/06\/cropped-cropped-cropped-dr-sedat-tatar-estetik-plastik-logo.webp\",\"contentUrl\":\"https:\/\/drsedattatar.com\/tr\/wp-content\/uploads\/2023\/06\/cropped-cropped-cropped-dr-sedat-tatar-estetik-plastik-logo.webp\",\"width\":1505,\"height\":602,\"caption\":\"\u0130stanbul Estetik, Plastik ve Rekonstr\u00fcktif Cerrahi - Do\u00e7. Dr. Sedat Tatar\"},\"image\":{\"@id\":\"https:\/\/drsedattatar.com\/tr\/#\/schema\/logo\/image\/\"}},{\"@type\":\"Person\",\"@id\":\"https:\/\/drsedattatar.com\/tr\/#\/schema\/person\/aa22f82cb49cf6b0e8e4c2fdd472308a\",\"name\":\"Sedat Tatar\",\"image\":{\"@type\":\"ImageObject\",\"inLanguage\":\"tr\",\"@id\":\"https:\/\/drsedattatar.com\/tr\/#\/schema\/person\/image\/\",\"url\":\"https:\/\/secure.gravatar.com\/avatar\/dea798d972982cc67ccc601a56275438ae42ec5d4557bb1f2fb426553e72d1a1?s=96&d=mm&r=g\",\"contentUrl\":\"https:\/\/secure.gravatar.com\/avatar\/dea798d972982cc67ccc601a56275438ae42ec5d4557bb1f2fb426553e72d1a1?s=96&d=mm&r=g\",\"caption\":\"Sedat Tatar\"},\"sameAs\":[\"http:\/\/drsedattatar.com\/tr\"],\"url\":\"https:\/\/drsedattatar.com\/tr\/author\/admin\/\"}]}<\/script>\n<!-- \/ Yoast SEO plugin. -->","yoast_head_json":{"title":"Kar\u0131n Germe Sonras\u0131 \u00c7atlaklar Ne Kadar Azal\u0131r? Ger\u00e7ek\u00e7i Beklentiler - \u0130stanbul Estetik, Plastik ve Rekonstr\u00fcktif Cerrahi - Do\u00e7. Dr. Sedat Tatar","description":"Kar\u0131n germe sonras\u0131 \u00e7atlaklar ne kadar azal\u0131r? Hangi \u00e7atlaklar tamamen al\u0131n\u0131r, hangileri kal\u0131r ve ger\u00e7ek\u00e7i beklentiler nas\u0131l belirlenir, \u00f6\u011frenin.","robots":{"index":"index","follow":"follow","max-snippet":"max-snippet:-1","max-image-preview":"max-image-preview:large","max-video-preview":"max-video-preview:-1"},"canonical":"https:\/\/drsedattatar.com\/tr\/karin-germe-sonrasi-catlaklar-ne-kadar-azalir-gercekci-beklentiler\/","og_locale":"tr_TR","og_type":"article","og_title":"Kar\u0131n Germe Sonras\u0131 \u00c7atlaklar Ne Kadar Azal\u0131r? Ger\u00e7ek\u00e7i Beklentiler - \u0130stanbul Estetik, Plastik ve Rekonstr\u00fcktif Cerrahi - Do\u00e7. Dr. Sedat Tatar","og_description":"Kar\u0131n germe sonras\u0131 \u00e7atlaklar ne kadar azal\u0131r? Hangi \u00e7atlaklar tamamen al\u0131n\u0131r, hangileri kal\u0131r ve ger\u00e7ek\u00e7i beklentiler nas\u0131l belirlenir, \u00f6\u011frenin.","og_url":"https:\/\/drsedattatar.com\/tr\/karin-germe-sonrasi-catlaklar-ne-kadar-azalir-gercekci-beklentiler\/","og_site_name":"\u0130stanbul Estetik, Plastik ve Rekonstr\u00fcktif Cerrahi - Do\u00e7. Dr. Sedat Tatar","article_published_time":"2026-01-28T09:02:10+00:00","article_modified_time":"2026-01-28T09:02:13+00:00","og_image":[{"width":1024,"height":576,"url":"https:\/\/drsedattatar.com\/tr\/wp-content\/uploads\/2026\/01\/97-Kapak-TR-1024x576.png","type":"image\/png"}],"author":"Sedat Tatar","twitter_card":"summary_large_image","twitter_misc":{"Yazan:":"Sedat Tatar","Tahmini okuma s\u00fcresi":"5 dakika"},"schema":{"@context":"https:\/\/schema.org","@graph":[{"@type":"Article","@id":"https:\/\/drsedattatar.com\/tr\/karin-germe-sonrasi-catlaklar-ne-kadar-azalir-gercekci-beklentiler\/#article","isPartOf":{"@id":"https:\/\/drsedattatar.com\/tr\/karin-germe-sonrasi-catlaklar-ne-kadar-azalir-gercekci-beklentiler\/"},"author":{"name":"Sedat Tatar","@id":"https:\/\/drsedattatar.com\/tr\/#\/schema\/person\/aa22f82cb49cf6b0e8e4c2fdd472308a"},"headline":"Kar\u0131n Germe Sonras\u0131 \u00c7atlaklar Ne Kadar Azal\u0131r? Ger\u00e7ek\u00e7i Beklentiler","datePublished":"2026-01-28T09:02:10+00:00","dateModified":"2026-01-28T09:02:13+00:00","mainEntityOfPage":{"@id":"https:\/\/drsedattatar.com\/tr\/karin-germe-sonrasi-catlaklar-ne-kadar-azalir-gercekci-beklentiler\/"},"wordCount":1186,"publisher":{"@id":"https:\/\/drsedattatar.com\/tr\/#organization"},"image":{"@id":"https:\/\/drsedattatar.com\/tr\/karin-germe-sonrasi-catlaklar-ne-kadar-azalir-gercekci-beklentiler\/#primaryimage"},"thumbnailUrl":"https:\/\/drsedattatar.com\/tr\/wp-content\/uploads\/2026\/01\/97-Kapak-TR.png","articleSection":["Plastik Cerrahi Blog"],"inLanguage":"tr"},{"@type":"WebPage","@id":"https:\/\/drsedattatar.com\/tr\/karin-germe-sonrasi-catlaklar-ne-kadar-azalir-gercekci-beklentiler\/","url":"https:\/\/drsedattatar.com\/tr\/karin-germe-sonrasi-catlaklar-ne-kadar-azalir-gercekci-beklentiler\/","name":"Kar\u0131n Germe Sonras\u0131 \u00c7atlaklar Ne Kadar Azal\u0131r? Ger\u00e7ek\u00e7i Beklentiler - \u0130stanbul Estetik, Plastik ve Rekonstr\u00fcktif Cerrahi - Do\u00e7. Dr. Sedat Tatar","isPartOf":{"@id":"https:\/\/drsedattatar.com\/tr\/#website"},"primaryImageOfPage":{"@id":"https:\/\/drsedattatar.com\/tr\/karin-germe-sonrasi-catlaklar-ne-kadar-azalir-gercekci-beklentiler\/#primaryimage"},"image":{"@id":"https:\/\/drsedattatar.com\/tr\/karin-germe-sonrasi-catlaklar-ne-kadar-azalir-gercekci-beklentiler\/#primaryimage"},"thumbnailUrl":"https:\/\/drsedattatar.com\/tr\/wp-content\/uploads\/2026\/01\/97-Kapak-TR.png","datePublished":"2026-01-28T09:02:10+00:00","dateModified":"2026-01-28T09:02:13+00:00","description":"Kar\u0131n germe sonras\u0131 \u00e7atlaklar ne kadar azal\u0131r? Hangi \u00e7atlaklar tamamen al\u0131n\u0131r, hangileri kal\u0131r ve ger\u00e7ek\u00e7i beklentiler nas\u0131l belirlenir, \u00f6\u011frenin.","breadcrumb":{"@id":"https:\/\/drsedattatar.com\/tr\/karin-germe-sonrasi-catlaklar-ne-kadar-azalir-gercekci-beklentiler\/#breadcrumb"},"inLanguage":"tr","potentialAction":[{"@type":"ReadAction","target":["https:\/\/drsedattatar.com\/tr\/karin-germe-sonrasi-catlaklar-ne-kadar-azalir-gercekci-beklentiler\/"]}]},{"@type":"ImageObject","inLanguage":"tr","@id":"https:\/\/drsedattatar.com\/tr\/karin-germe-sonrasi-catlaklar-ne-kadar-azalir-gercekci-beklentiler\/#primaryimage","url":"https:\/\/drsedattatar.com\/tr\/wp-content\/uploads\/2026\/01\/97-Kapak-TR.png","contentUrl":"https:\/\/drsedattatar.com\/tr\/wp-content\/uploads\/2026\/01\/97-Kapak-TR.png","width":1920,"height":1080},{"@type":"BreadcrumbList","@id":"https:\/\/drsedattatar.com\/tr\/karin-germe-sonrasi-catlaklar-ne-kadar-azalir-gercekci-beklentiler\/#breadcrumb","itemListElement":[{"@type":"ListItem","position":1,"name":"Anasayfa","item":"https:\/\/drsedattatar.com\/tr\/"},{"@type":"ListItem","position":2,"name":"Kar\u0131n Germe Sonras\u0131 \u00c7atlaklar Ne Kadar Azal\u0131r? Ger\u00e7ek\u00e7i Beklentiler"}]},{"@type":"WebSite","@id":"https:\/\/drsedattatar.com\/tr\/#website","url":"https:\/\/drsedattatar.com\/tr\/","name":"\u0130stanbul Estetik, Plastik ve Rekonstr\u00fcktif Cerrahi - Do\u00e7. Dr. Sedat Tatar","description":"\u0130stanbul Estetik, Plastik ve Rekonstr\u00fcktif Cerrahi alan\u0131nda deneyimli Do\u00e7. Dr. Sedat Tatar ile hayallerinizi ger\u00e7e\u011fe d\u00f6n\u00fc\u015ft\u00fcr\u00fcn ve kendinizi en iyi \u015fekilde hissedin.","publisher":{"@id":"https:\/\/drsedattatar.com\/tr\/#organization"},"potentialAction":[{"@type":"SearchAction","target":{"@type":"EntryPoint","urlTemplate":"https:\/\/drsedattatar.com\/tr\/?s={search_term_string}"},"query-input":{"@type":"PropertyValueSpecification","valueRequired":true,"valueName":"search_term_string"}}],"inLanguage":"tr"},{"@type":"Organization","@id":"https:\/\/drsedattatar.com\/tr\/#organization","name":"\u0130stanbul Estetik, Plastik ve Rekonstr\u00fcktif Cerrahi - Do\u00e7. Dr. Sedat Tatar","url":"https:\/\/drsedattatar.com\/tr\/","logo":{"@type":"ImageObject","inLanguage":"tr","@id":"https:\/\/drsedattatar.com\/tr\/#\/schema\/logo\/image\/","url":"https:\/\/drsedattatar.com\/tr\/wp-content\/uploads\/2023\/06\/cropped-cropped-cropped-dr-sedat-tatar-estetik-plastik-logo.webp","contentUrl":"https:\/\/drsedattatar.com\/tr\/wp-content\/uploads\/2023\/06\/cropped-cropped-cropped-dr-sedat-tatar-estetik-plastik-logo.webp","width":1505,"height":602,"caption":"\u0130stanbul Estetik, Plastik ve Rekonstr\u00fcktif Cerrahi - Do\u00e7. Dr. Sedat Tatar"},"image":{"@id":"https:\/\/drsedattatar.com\/tr\/#\/schema\/logo\/image\/"}},{"@type":"Person","@id":"https:\/\/drsedattatar.com\/tr\/#\/schema\/person\/aa22f82cb49cf6b0e8e4c2fdd472308a","name":"Sedat Tatar","image":{"@type":"ImageObject","inLanguage":"tr","@id":"https:\/\/drsedattatar.com\/tr\/#\/schema\/person\/image\/","url":"https:\/\/secure.gravatar.com\/avatar\/dea798d972982cc67ccc601a56275438ae42ec5d4557bb1f2fb426553e72d1a1?s=96&d=mm&r=g","contentUrl":"https:\/\/secure.gravatar.com\/avatar\/dea798d972982cc67ccc601a56275438ae42ec5d4557bb1f2fb426553e72d1a1?s=96&d=mm&r=g","caption":"Sedat Tatar"},"sameAs":["http:\/\/drsedattatar.com\/tr"],"url":"https:\/\/drsedattatar.com\/tr\/author\/admin\/"}]}},"taxonomy_info":{"category":[{"value":14,"label":"Plastik Cerrahi Blog"}]},"featured_image_src_large":["https:\/\/drsedattatar.com\/tr\/wp-content\/uploads\/2026\/01\/97-Kapak-TR-1024x576.png",1024,576,true],"author_info":{"display_name":"Sedat Tatar","author_link":"https:\/\/drsedattatar.com\/tr\/author\/admin\/"},"comment_info":0,"category_info":[{"term_id":14,"name":"Plastik Cerrahi Blog","slug":"plastik-cerrahi-blog","term_group":0,"term_taxonomy_id":14,"taxonomy":"category","description":"","parent":0,"count":155,"filter":"raw","cat_ID":14,"category_count":155,"category_description":"","cat_name":"Plastik Cerrahi Blog","category_nicename":"plastik-cerrahi-blog","category_parent":0}],"tag_info":false,"_links":{"self":[{"href":"https:\/\/drsedattatar.com\/tr\/wp-json\/wp\/v2\/posts\/3198","targetHints":{"allow":["GET"]}}],"collection":[{"href":"https:\/\/drsedattatar.com\/tr\/wp-json\/wp\/v2\/posts"}],"about":[{"href":"https:\/\/drsedattatar.com\/tr\/wp-json\/wp\/v2\/types\/post"}],"author":[{"embeddable":true,"href":"https:\/\/drsedattatar.com\/tr\/wp-json\/wp\/v2\/users\/1"}],"replies":[{"embeddable":true,"href":"https:\/\/drsedattatar.com\/tr\/wp-json\/wp\/v2\/comments?post=3198"}],"version-history":[{"count":3,"href":"https:\/\/drsedattatar.com\/tr\/wp-json\/wp\/v2\/posts\/3198\/revisions"}],"predecessor-version":[{"id":3202,"href":"https:\/\/drsedattatar.com\/tr\/wp-json\/wp\/v2\/posts\/3198\/revisions\/3202"}],"wp:featuredmedia":[{"embeddable":true,"href":"https:\/\/drsedattatar.com\/tr\/wp-json\/wp\/v2\/media\/3200"}],"wp:attachment":[{"href":"https:\/\/drsedattatar.com\/tr\/wp-json\/wp\/v2\/media?parent=3198"}],"wp:term":[{"taxonomy":"category","embeddable":true,"href":"https:\/\/drsedattatar.com\/tr\/wp-json\/wp\/v2\/categories?post=3198"},{"taxonomy":"post_tag","embeddable":true,"href":"https:\/\/drsedattatar.com\/tr\/wp-json\/wp\/v2\/tags?post=3198"}],"curies":[{"name":"wp","href":"https:\/\/api.w.org\/{rel}","templated":true}]}}