{"id":3204,"date":"2026-01-28T09:21:39","date_gmt":"2026-01-28T09:21:39","guid":{"rendered":"https:\/\/drsedattatar.com\/tr\/?p=3204"},"modified":"2026-01-28T09:21:41","modified_gmt":"2026-01-28T09:21:41","slug":"vucut-algisi-neden-degisir-estetik-ve-plastik-cerrahi-bize-nasil-yardimci-olabilir","status":"publish","type":"post","link":"https:\/\/drsedattatar.com\/tr\/vucut-algisi-neden-degisir-estetik-ve-plastik-cerrahi-bize-nasil-yardimci-olabilir\/","title":{"rendered":"V\u00fccut Alg\u0131s\u0131 Neden De\u011fi\u015fir? Estetik ve Plastik Cerrahi Bize Nas\u0131l Yard\u0131mc\u0131 Olabilir?"},"content":{"rendered":"\n<p>V\u00fccut alg\u0131s\u0131, yaln\u0131zca aynaya bakt\u0131\u011f\u0131m\u0131zda g\u00f6rd\u00fc\u011f\u00fcm\u00fcz g\u00f6r\u00fcnt\u00fc de\u011fildir; beynimizin, duygular\u0131m\u0131z\u0131n, sosyal \u00e7evremizin ve ya\u015fam deneyimlerimizin birlikte \u015fekillendirdi\u011fi bir s\u00fcre\u00e7tir. Kimi zaman ki\u015fi kendisini oldu\u011fundan daha ele\u015ftirel de\u011ferlendirir, kimi zaman ise foto\u011fraf ve ayna aras\u0131nda farkl\u0131 alg\u0131lar ya\u015far. \u00d6zellikle do\u011fum sonras\u0131 de\u011fi\u015fimler, kilo al\u0131p verme s\u00fcre\u00e7leri, ya\u015flanma veya travmatik beden deneyimleri bu alg\u0131y\u0131 daha belirgin etkileyebilir.<\/p>\n\n\n\n<p>Bu yaz\u0131da v\u00fccut alg\u0131s\u0131n\u0131n neden de\u011fi\u015fti\u011fini, beynimizin bu s\u00fcreci nas\u0131l y\u00f6netti\u011fini ve estetik\u2013plastik cerrahinin bu yolculukta nas\u0131l destek olabildi\u011fini bilimsel ve klinik bir bak\u0131\u015f a\u00e7\u0131s\u0131yla ele al\u0131yoruz.<\/p>\n\n\n\n<h2 class=\"wp-block-heading\"><a><\/a><strong>V\u00fccut Alg\u0131s\u0131 Nedir? Neden Bu Kadar \u00d6nemlidir?<\/strong><\/h2>\n\n\n\n<p>V\u00fccut alg\u0131s\u0131; ki\u015finin kendi bedenini nas\u0131l g\u00f6rd\u00fc\u011f\u00fc, nas\u0131l hissetti\u011fi ve ona ne anlam y\u00fckledi\u011fi ile ilgilidir. Bu alg\u0131 yaln\u0131zca g\u00f6r\u00fcnt\u00fcye ba\u011fl\u0131 de\u011fildir; \u00f6zg\u00fcven, sosyal ili\u015fkiler, psikolojik iyi olu\u015f ve ya\u015fam kalitesiyle do\u011frudan ili\u015fkilidir.<\/p>\n\n\n\n<p>V\u00fccut alg\u0131s\u0131 \u015fu fakt\u00f6rlerden etkilenir:<\/p>\n\n\n\n<ul class=\"wp-block-list\">\n<li>Ge\u00e7mi\u015f beden deneyimleri<\/li>\n\n\n\n<li>Sosyal medya ve toplumsal beklentiler<\/li>\n\n\n\n<li>Aile ve \u00e7evrenin yorumlar\u0131<\/li>\n\n\n\n<li>Hormonal ve psikolojik de\u011fi\u015fimler<\/li>\n\n\n\n<li>Estetik ve fonksiyonel v\u00fccut de\u011fi\u015fimleri<\/li>\n<\/ul>\n\n\n\n<p>Bu nedenle v\u00fccut alg\u0131s\u0131 <strong>sabit bir yap\u0131 de\u011fil<\/strong>, ya\u015fam boyunca de\u011fi\u015febilen dinamik bir s\u00fcre\u00e7tir.<\/p>\n\n\n\n<h2 class=\"wp-block-heading\"><a><\/a><strong>Beyin Neden Bazen G\u00f6r\u00fcnt\u00fcm\u00fcz\u00fc \u201cFarkl\u0131\u201d Alg\u0131lar?<\/strong><\/h2>\n\n\n\n<p>\u0130nsan beyni, y\u0131llar i\u00e7inde \u201cben b\u00f6yleyim\u201d diye bir beden \u015femas\u0131 olu\u015fturur. B\u00fcy\u00fck de\u011fi\u015fimler ya\u015fand\u0131\u011f\u0131nda bu \u015fema hemen g\u00fcncellenmez; bir adaptasyon s\u00fcreci gerekir. \u00d6zellikle do\u011fum sonras\u0131, kilo kayb\u0131, cerrahi operasyonlar veya ya\u015flanmaya ba\u011fl\u0131 de\u011fi\u015fimler bu nedenle ki\u015finin kendine bak\u0131\u015f\u0131n\u0131 etkileyebilir.<\/p>\n\n\n\n<p>Bu adaptasyon s\u00fcrecinde g\u00f6r\u00fclebilen do\u011fal durumlar:<\/p>\n\n\n\n<ul class=\"wp-block-list\">\n<li>Yeni g\u00f6r\u00fcn\u00fcme al\u0131\u015fmakta zaman zaman zorlanma<\/li>\n\n\n\n<li>Aynada detaylar\u0131 b\u00fcy\u00fcterek de\u011ferlendirme<\/li>\n\n\n\n<li>Foto\u011fraf ve ayna aras\u0131nda alg\u0131 fark\u0131<\/li>\n\n\n\n<li>Bazen daha iyi, bazen daha ele\u015ftirel hissetme<\/li>\n<\/ul>\n\n\n\n<p>Bu s\u00fcre\u00e7 patolojik de\u011fildir; beynin yeni g\u00f6r\u00fcnt\u00fcy\u00fc kendi \u201cbenlik tan\u0131m\u0131na\u201d entegre etmeye \u00e7al\u0131\u015fmas\u0131d\u0131r.<\/p>\n\n\n\n<h2 class=\"wp-block-heading\"><a><\/a><strong>Psikolojik Fakt\u00f6rler V\u00fccut Alg\u0131s\u0131n\u0131 Nas\u0131l Etkiler?<\/strong><\/h2>\n\n\n\n<p>V\u00fccut alg\u0131s\u0131 yaln\u0131zca fiziksel g\u00f6r\u00fcnt\u00fcye ba\u011fl\u0131 de\u011fildir; g\u00fc\u00e7l\u00fc bir duygusal boyutu vard\u0131r. \u00d6zg\u00fcven d\u00fczeyi, m\u00fckemmeliyet\u00e7ilik, stres durumlar\u0131 ve sosyal k\u0131yaslama al\u0131\u015fkanl\u0131\u011f\u0131, ki\u015finin bedenini nas\u0131l g\u00f6rd\u00fc\u011f\u00fcn\u00fc do\u011frudan etkiler.<\/p>\n\n\n\n<p>Bu s\u00fcre\u00e7te \u00f6nemli psikolojik dinamikler:<\/p>\n\n\n\n<ul class=\"wp-block-list\">\n<li>Kendini s\u00fcrekli ba\u015fkalar\u0131yla k\u0131yaslama<\/li>\n\n\n\n<li>\u201cM\u00fckemmel g\u00f6r\u00fcnmeliyim\u201d d\u00fc\u015f\u00fcncesi<\/li>\n\n\n\n<li>Sosyal medya filtreleri ve idealize edilmi\u015f beden imgeleri<\/li>\n\n\n\n<li>Ge\u00e7mi\u015f ele\u015ftirilerin zihin \u00fczerinde b\u0131rakt\u0131\u011f\u0131 izler<\/li>\n<\/ul>\n\n\n\n<p>Bu nedenle v\u00fccut alg\u0131s\u0131 her zaman objektif de\u011fildir; duygular ve beklentilerle i\u00e7 i\u00e7edir.<\/p>\n\n\n\n<h2 class=\"wp-block-heading\"><a><\/a><strong>Estetik ve Plastik Cerrahi V\u00fccut Alg\u0131s\u0131na Nas\u0131l Destek Olur?<\/strong><\/h2>\n\n\n\n<p>Estetik cerrahi sadece g\u00f6r\u00fcnt\u00fcde de\u011fi\u015fim yaratmak de\u011fildir; <strong>ki\u015finin bedeniyle kurdu\u011fu ili\u015fkiyi g\u00fc\u00e7lendiren, fonksiyon ve ya\u015fam kalitesine katk\u0131 sa\u011flayan<\/strong> bir aland\u0131r. Do\u011fru planlanan ve do\u011fru indikasyonla yap\u0131lan cerrahi i\u015flemler, ki\u015finin kendine bak\u0131\u015f\u0131n\u0131 daha dengeli ve g\u00fcvenli h\u00e2le getirebilir.<\/p>\n\n\n\n<p>Estetik cerrahinin v\u00fccut alg\u0131s\u0131na katk\u0131lar\u0131:<\/p>\n\n\n\n<ul class=\"wp-block-list\">\n<li>Ki\u015finin rahats\u0131z oldu\u011fu belirgin bir deformiteyi d\u00fczeltmek<\/li>\n\n\n\n<li>Do\u011fum sonras\u0131 v\u00fccut de\u011fi\u015fimlerine yap\u0131sal destek sa\u011flamak<\/li>\n\n\n\n<li>Fonksiyonel sorunlar\u0131 iyile\u015ftirerek g\u00fcnl\u00fck ya\u015fam konforunu art\u0131rmak<\/li>\n\n\n\n<li>Ki\u015fiye daha do\u011fal, dengeli ve uyumlu bir g\u00f6r\u00fcn\u00fcm kazand\u0131rmak<\/li>\n\n\n\n<li>Ger\u00e7ek\u00e7i ve sa\u011fl\u0131kl\u0131 beklenti y\u00f6netimi sa\u011flamak<\/li>\n<\/ul>\n\n\n\n<p>Burada kilit nokta \u015fudur: Ama\u00e7 \u201cba\u015fkas\u0131na benzemek\u201d de\u011fil, ki\u015finin kendi bedeninde daha iyi hissetmesini sa\u011flamakt\u0131r.<\/p>\n\n\n\n<h2 class=\"wp-block-heading\"><a><\/a><strong>Cerrahi Karar Nas\u0131l Verilmeli?<\/strong><\/h2>\n\n\n\n<p>Estetik cerrahi karar\u0131 yaln\u0131zca duygusal bir karar de\u011fildir; her zaman t\u0131bbi ve psikolojik de\u011ferlendirme bir arada yap\u0131lmal\u0131d\u0131r. Hastan\u0131n beklentisi, doku yap\u0131s\u0131, fizyolojik uygunlu\u011fu ve psikolojik haz\u0131rl\u0131\u011f\u0131 birlikte de\u011ferlendirilir.<\/p>\n\n\n\n<p>Do\u011fru karar s\u00fcreci \u015fu temellere dayan\u0131r:<\/p>\n\n\n\n<ul class=\"wp-block-list\">\n<li>Ger\u00e7ek\u00e7i beklentilerin belirlenmesi<\/li>\n\n\n\n<li>Ki\u015fiye uygun i\u015flemin se\u00e7ilmesi<\/li>\n\n\n\n<li>Sa\u011fl\u0131k ve g\u00fcvenli\u011fin \u00f6nceliklendirilmesi<\/li>\n\n\n\n<li>Estetik g\u00f6r\u00fcn\u00fcm kadar fonksiyonun da g\u00f6zetilmesi<\/li>\n<\/ul>\n\n\n\n<p>Bu yakla\u015f\u0131m, ki\u015finin yaln\u0131zca g\u00f6r\u00fcnt\u00fcs\u00fcn\u00fc de\u011fil; v\u00fccut alg\u0131s\u0131n\u0131 ve ya\u015fam kalitesini de destekler.<\/p>\n\n\n\n<h2 class=\"wp-block-heading\"><a><\/a><strong>Daha Sa\u011fl\u0131kl\u0131 Bir V\u00fccut Alg\u0131s\u0131 \u0130\u00e7in K\u00fc\u00e7\u00fck Ama Etkili Ad\u0131mlar<\/strong><\/h2>\n\n\n\n<p>Ki\u015finin kendi bedeniyle daha sa\u011fl\u0131kl\u0131 ili\u015fki kurabilmesi i\u00e7in baz\u0131 basit ama g\u00fc\u00e7l\u00fc yakla\u015f\u0131mlar fayda sa\u011flar:<\/p>\n\n\n\n<ul class=\"wp-block-list\">\n<li>Kendini \u201ctek a\u00e7\u0131\u201d ile de\u011fil, b\u00fct\u00fcn olarak de\u011ferlendirmek<\/li>\n\n\n\n<li>Sosyal medya g\u00f6r\u00fcnt\u00fclerinin idealize edilmi\u015f oldu\u011funu hat\u0131rlamak<\/li>\n\n\n\n<li>\u0130yile\u015fme s\u00fcre\u00e7lerinde sab\u0131rl\u0131 olmak<\/li>\n\n\n\n<li>Gerekti\u011finde profesyonel destek almaktan \u00e7ekinmemek<\/li>\n\n\n\n<li>Kendine daha yumu\u015fak ve anlay\u0131\u015fl\u0131 yakla\u015fmak<\/li>\n<\/ul>\n\n\n\n<p>Unutulmamas\u0131 gereken en \u00f6nemli nokta: <strong>\u201cEn iyi beden\u201d, insan\u0131n kendisini mutlu ve dengeli hissetti\u011fi bedendir.<\/strong><\/p>\n\n\n\n<h2 class=\"wp-block-heading\"><a><\/a><strong>V\u00fccut Alg\u0131s\u0131 Bir Yolculuktur<\/strong><\/h2>\n\n\n\n<p>V\u00fccut alg\u0131s\u0131; biyoloji, psikoloji ve esteti\u011fin birlikte \u015fekillendirdi\u011fi bir s\u00fcre\u00e7tir. Klinik yakla\u015f\u0131mla, do\u011fru cerrahi planlamayla ve ger\u00e7ek\u00e7i beklentilerle desteklendi\u011finde; ki\u015fi kendisini daha g\u00fcvende, daha dengeli ve daha iyi hisseder. Estetik cerrahi bu yolculukta yaln\u0131zca g\u00f6r\u00fcn\u00fcm\u00fc de\u011fil, ki\u015finin bedeniyle kurdu\u011fu ili\u015fkiyi g\u00fc\u00e7lendirmeyi hedefler.<\/p>\n\n\n\n<p id=\"block-3a3212d6-f67d-4bfe-9697-5d0a5830a4ad\"><strong>Hekim Bilgisi<\/strong><\/p>\n\n\n\n<p id=\"block-a7476fa1-5aba-49b7-811f-cdbc4833f823\"><strong>Do\u00e7. Dr. Sedat Tatar<\/strong>, iki ayr\u0131 uluslararas\u0131 kurul taraf\u0131ndan sertifikaland\u0131r\u0131lm\u0131\u015f (Double Board Certified) Plastik, Rekonstr\u00fcktif ve Estetik Cerrahi uzman\u0131d\u0131r. <strong>American College of Surgeons Fellow (FACS)<\/strong> ve <strong>European Board of Plastic, Reconstructive and Aesthetic Surgery Fellow (FEBOPRAS)<\/strong> unvanlar\u0131na sahiptir.<\/p>\n\n\n\n<p id=\"block-b4169953-a4b6-437c-9fbd-abc2bc8abbee\">Uluslararas\u0131 profesyonel \u00fcyelikleri aras\u0131nda <strong>ISAPS (International Society of Aesthetic Plastic Surgery)<\/strong> ve <strong>ASPS (American Society of Plastic Surgeons)<\/strong> bulunmaktad\u0131r.<\/p>\n\n\n\n<p id=\"block-c2e51c4f-149d-4f50-a30b-37984cd59e30\">Klini\u011fi \u0130stanbul\u2019da <strong>T\u00fcrkiye Sa\u011fl\u0131k Bakanl\u0131\u011f\u0131 taraf\u0131ndan Sa\u011fl\u0131k Turizmi Merkezi olarak yetkilidir<\/strong> ve \u015firketi <strong>Birle\u015fik Krall\u0131k &amp; Galler&#8217;e kay\u0131tl\u0131d\u0131r.<\/strong><\/p>\n\n\n\n<p id=\"block-a1e9e51a-ae8b-4912-bcf7-569957645885\"><strong>\u0130LET\u0130\u015e\u0130M B\u0130LG\u0130LER\u0130<\/strong><\/p>\n\n\n\n<p id=\"block-35aa5dd5-2dbb-4b8a-a0d0-0568699cd5a2\"><strong>Do\u00e7. Dr. Sedar Tatar Klini\u011fi<\/strong><\/p>\n\n\n\n<p id=\"block-f8c5b5c0-0128-4552-9f9c-0cb3388dc884\"><strong>Telefon No :&nbsp;<\/strong><a href=\"tel:+90%20(555)%20100%2010%2083\">+90 (555) 100 10 83<\/a><br><strong>\u0130leti\u015fim Linki :&nbsp;<\/strong><a href=\"mailto:info@drsedattatar.com\">info@drsedattatar.com<\/a><br><strong>Adres :&nbsp;<\/strong>Levent Mahallesi, Karanfil Aral\u0131\u011f\u0131 Caddesi No: 18 Be\u015fikta\u015f\/\u0130STANBUL<\/p>\n\n\n<div class=\"kk-star-ratings kksr-auto kksr-align-center kksr-valign-bottom\"\n    data-payload='{&quot;align&quot;:&quot;center&quot;,&quot;id&quot;:&quot;3204&quot;,&quot;slug&quot;:&quot;default&quot;,&quot;valign&quot;:&quot;bottom&quot;,&quot;ignore&quot;:&quot;&quot;,&quot;reference&quot;:&quot;auto&quot;,&quot;class&quot;:&quot;&quot;,&quot;count&quot;:&quot;0&quot;,&quot;legendonly&quot;:&quot;&quot;,&quot;readonly&quot;:&quot;&quot;,&quot;score&quot;:&quot;0&quot;,&quot;starsonly&quot;:&quot;&quot;,&quot;best&quot;:&quot;5&quot;,&quot;gap&quot;:&quot;5&quot;,&quot;greet&quot;:&quot;\u0130\u00e7eri\u011fimizi Oylay\u0131n!&quot;,&quot;legend&quot;:&quot;0\\\/5 - (0 oy verildi!)&quot;,&quot;size&quot;:&quot;24&quot;,&quot;title&quot;:&quot;V\u00fccut Alg\u0131s\u0131 Neden De\u011fi\u015fir? Estetik ve Plastik Cerrahi Bize Nas\u0131l Yard\u0131mc\u0131 Olabilir?&quot;,&quot;width&quot;:&quot;0&quot;,&quot;_legend&quot;:&quot;{score}\\\/{best} - ({count} oy verildi!)&quot;,&quot;font_factor&quot;:&quot;1.25&quot;}'>\n            \n<div class=\"kksr-stars\">\n    \n<div class=\"kksr-stars-inactive\">\n            <div class=\"kksr-star\" data-star=\"1\" style=\"padding-right: 5px\">\n            \n\n<div class=\"kksr-icon\" style=\"width: 24px; height: 24px;\"><\/div>\n        <\/div>\n            <div class=\"kksr-star\" data-star=\"2\" style=\"padding-right: 5px\">\n            \n\n<div class=\"kksr-icon\" style=\"width: 24px; height: 24px;\"><\/div>\n        <\/div>\n            <div class=\"kksr-star\" data-star=\"3\" style=\"padding-right: 5px\">\n            \n\n<div class=\"kksr-icon\" style=\"width: 24px; height: 24px;\"><\/div>\n        <\/div>\n            <div class=\"kksr-star\" data-star=\"4\" style=\"padding-right: 5px\">\n            \n\n<div class=\"kksr-icon\" style=\"width: 24px; height: 24px;\"><\/div>\n        <\/div>\n            <div class=\"kksr-star\" data-star=\"5\" style=\"padding-right: 5px\">\n            \n\n<div class=\"kksr-icon\" style=\"width: 24px; height: 24px;\"><\/div>\n        <\/div>\n    <\/div>\n    \n<div class=\"kksr-stars-active\" style=\"width: 0px;\">\n            <div class=\"kksr-star\" style=\"padding-right: 5px\">\n            \n\n<div class=\"kksr-icon\" style=\"width: 24px; height: 24px;\"><\/div>\n        <\/div>\n            <div class=\"kksr-star\" style=\"padding-right: 5px\">\n            \n\n<div class=\"kksr-icon\" style=\"width: 24px; height: 24px;\"><\/div>\n        <\/div>\n            <div class=\"kksr-star\" style=\"padding-right: 5px\">\n            \n\n<div class=\"kksr-icon\" style=\"width: 24px; height: 24px;\"><\/div>\n        <\/div>\n            <div class=\"kksr-star\" style=\"padding-right: 5px\">\n            \n\n<div class=\"kksr-icon\" style=\"width: 24px; height: 24px;\"><\/div>\n        <\/div>\n            <div class=\"kksr-star\" style=\"padding-right: 5px\">\n            \n\n<div class=\"kksr-icon\" style=\"width: 24px; height: 24px;\"><\/div>\n        <\/div>\n    <\/div>\n<\/div>\n                \n\n<div class=\"kksr-legend\" style=\"font-size: 19.2px;\">\n            <span class=\"kksr-muted\">\u0130\u00e7eri\u011fimizi Oylay\u0131n!<\/span>\n    <\/div>\n    <\/div>\n","protected":false},"excerpt":{"rendered":"<p>V\u00fccut alg\u0131s\u0131, yaln\u0131zca aynaya bakt\u0131\u011f\u0131m\u0131zda g\u00f6rd\u00fc\u011f\u00fcm\u00fcz g\u00f6r\u00fcnt\u00fc de\u011fildir; beynimizin, duygular\u0131m\u0131z\u0131n, sosyal \u00e7evremizin ve ya\u015fam deneyimlerimizin birlikte \u015fekillendirdi\u011fi bir s\u00fcre\u00e7tir. Kimi zaman ki\u015fi kendisini oldu\u011fundan daha ele\u015ftirel de\u011ferlendirir, kimi zaman ise foto\u011fraf ve ayna aras\u0131nda farkl\u0131 alg\u0131lar ya\u015far. \u00d6zellikle do\u011fum sonras\u0131 de\u011fi\u015fimler, kilo al\u0131p verme s\u00fcre\u00e7leri, ya\u015flanma veya travmatik beden deneyimleri bu alg\u0131y\u0131 daha belirgin etkileyebilir&#8230;.<\/p>\n","protected":false},"author":1,"featured_media":3206,"comment_status":"closed","ping_status":"open","sticky":false,"template":"","format":"standard","meta":{"_kad_blocks_custom_css":"","_kad_blocks_head_custom_js":"","_kad_blocks_body_custom_js":"","_kad_blocks_footer_custom_js":"","_kadence_starter_templates_imported_post":false,"_kad_post_transparent":"","_kad_post_title":"","_kad_post_layout":"","_kad_post_sidebar_id":"","_kad_post_content_style":"","_kad_post_vertical_padding":"","_kad_post_feature":"","_kad_post_feature_position":"","_kad_post_header":false,"_kad_post_footer":false,"footnotes":""},"categories":[14],"tags":[],"class_list":["post-3204","post","type-post","status-publish","format-standard","has-post-thumbnail","hentry","category-plastik-cerrahi-blog"],"yoast_head":"<!-- This site is optimized with the Yoast SEO plugin v25.9 - https:\/\/yoast.com\/wordpress\/plugins\/seo\/ -->\n<title>V\u00fccut Alg\u0131s\u0131 Neden De\u011fi\u015fir? Estetik ve Plastik Cerrahi Bize Nas\u0131l Yard\u0131mc\u0131 Olabilir? - \u0130stanbul Estetik, Plastik ve Rekonstr\u00fcktif Cerrahi - Do\u00e7. Dr. Sedat Tatar<\/title>\n<meta name=\"description\" content=\"V\u00fccut alg\u0131s\u0131 neden zamanla de\u011fi\u015fir? Beynin beden alg\u0131s\u0131n\u0131 nas\u0131l olu\u015fturdu\u011fu ve estetik cerrahinin bu s\u00fcrece nas\u0131l destek olabildi\u011fi ele al\u0131n\u0131yor.\" \/>\n<meta name=\"robots\" content=\"index, follow, max-snippet:-1, max-image-preview:large, max-video-preview:-1\" \/>\n<link rel=\"canonical\" href=\"https:\/\/drsedattatar.com\/tr\/vucut-algisi-neden-degisir-estetik-ve-plastik-cerrahi-bize-nasil-yardimci-olabilir\/\" \/>\n<meta property=\"og:locale\" content=\"tr_TR\" \/>\n<meta property=\"og:type\" content=\"article\" \/>\n<meta property=\"og:title\" content=\"V\u00fccut Alg\u0131s\u0131 Neden De\u011fi\u015fir? Estetik ve Plastik Cerrahi Bize Nas\u0131l Yard\u0131mc\u0131 Olabilir? - \u0130stanbul Estetik, Plastik ve Rekonstr\u00fcktif Cerrahi - Do\u00e7. Dr. Sedat Tatar\" \/>\n<meta property=\"og:description\" content=\"V\u00fccut alg\u0131s\u0131 neden zamanla de\u011fi\u015fir? Beynin beden alg\u0131s\u0131n\u0131 nas\u0131l olu\u015fturdu\u011fu ve estetik cerrahinin bu s\u00fcrece nas\u0131l destek olabildi\u011fi ele al\u0131n\u0131yor.\" \/>\n<meta property=\"og:url\" content=\"https:\/\/drsedattatar.com\/tr\/vucut-algisi-neden-degisir-estetik-ve-plastik-cerrahi-bize-nasil-yardimci-olabilir\/\" \/>\n<meta property=\"og:site_name\" content=\"\u0130stanbul Estetik, Plastik ve Rekonstr\u00fcktif Cerrahi - Do\u00e7. Dr. Sedat Tatar\" \/>\n<meta property=\"article:published_time\" content=\"2026-01-28T09:21:39+00:00\" \/>\n<meta property=\"article:modified_time\" content=\"2026-01-28T09:21:41+00:00\" \/>\n<meta property=\"og:image\" content=\"https:\/\/drsedattatar.com\/tr\/wp-content\/uploads\/2026\/01\/98-Kapak-TR.png\" \/>\n\t<meta property=\"og:image:width\" content=\"1920\" \/>\n\t<meta property=\"og:image:height\" content=\"1080\" \/>\n\t<meta property=\"og:image:type\" content=\"image\/png\" \/>\n<meta name=\"author\" content=\"Sedat Tatar\" \/>\n<meta name=\"twitter:card\" content=\"summary_large_image\" \/>\n<meta name=\"twitter:label1\" content=\"Yazan:\" \/>\n\t<meta name=\"twitter:data1\" content=\"Sedat Tatar\" \/>\n\t<meta name=\"twitter:label2\" content=\"Tahmini okuma s\u00fcresi\" \/>\n\t<meta name=\"twitter:data2\" content=\"5 dakika\" \/>\n<script type=\"application\/ld+json\" class=\"yoast-schema-graph\">{\"@context\":\"https:\/\/schema.org\",\"@graph\":[{\"@type\":\"Article\",\"@id\":\"https:\/\/drsedattatar.com\/tr\/vucut-algisi-neden-degisir-estetik-ve-plastik-cerrahi-bize-nasil-yardimci-olabilir\/#article\",\"isPartOf\":{\"@id\":\"https:\/\/drsedattatar.com\/tr\/vucut-algisi-neden-degisir-estetik-ve-plastik-cerrahi-bize-nasil-yardimci-olabilir\/\"},\"author\":{\"name\":\"Sedat Tatar\",\"@id\":\"https:\/\/drsedattatar.com\/tr\/#\/schema\/person\/aa22f82cb49cf6b0e8e4c2fdd472308a\"},\"headline\":\"V\u00fccut Alg\u0131s\u0131 Neden De\u011fi\u015fir? Estetik ve Plastik Cerrahi Bize Nas\u0131l Yard\u0131mc\u0131 Olabilir?\",\"datePublished\":\"2026-01-28T09:21:39+00:00\",\"dateModified\":\"2026-01-28T09:21:41+00:00\",\"mainEntityOfPage\":{\"@id\":\"https:\/\/drsedattatar.com\/tr\/vucut-algisi-neden-degisir-estetik-ve-plastik-cerrahi-bize-nasil-yardimci-olabilir\/\"},\"wordCount\":1098,\"publisher\":{\"@id\":\"https:\/\/drsedattatar.com\/tr\/#organization\"},\"image\":{\"@id\":\"https:\/\/drsedattatar.com\/tr\/vucut-algisi-neden-degisir-estetik-ve-plastik-cerrahi-bize-nasil-yardimci-olabilir\/#primaryimage\"},\"thumbnailUrl\":\"https:\/\/drsedattatar.com\/tr\/wp-content\/uploads\/2026\/01\/98-Kapak-TR.png\",\"articleSection\":[\"Plastik Cerrahi Blog\"],\"inLanguage\":\"tr\"},{\"@type\":\"WebPage\",\"@id\":\"https:\/\/drsedattatar.com\/tr\/vucut-algisi-neden-degisir-estetik-ve-plastik-cerrahi-bize-nasil-yardimci-olabilir\/\",\"url\":\"https:\/\/drsedattatar.com\/tr\/vucut-algisi-neden-degisir-estetik-ve-plastik-cerrahi-bize-nasil-yardimci-olabilir\/\",\"name\":\"V\u00fccut Alg\u0131s\u0131 Neden De\u011fi\u015fir? Estetik ve Plastik Cerrahi Bize Nas\u0131l Yard\u0131mc\u0131 Olabilir? - \u0130stanbul Estetik, Plastik ve Rekonstr\u00fcktif Cerrahi - Do\u00e7. Dr. Sedat Tatar\",\"isPartOf\":{\"@id\":\"https:\/\/drsedattatar.com\/tr\/#website\"},\"primaryImageOfPage\":{\"@id\":\"https:\/\/drsedattatar.com\/tr\/vucut-algisi-neden-degisir-estetik-ve-plastik-cerrahi-bize-nasil-yardimci-olabilir\/#primaryimage\"},\"image\":{\"@id\":\"https:\/\/drsedattatar.com\/tr\/vucut-algisi-neden-degisir-estetik-ve-plastik-cerrahi-bize-nasil-yardimci-olabilir\/#primaryimage\"},\"thumbnailUrl\":\"https:\/\/drsedattatar.com\/tr\/wp-content\/uploads\/2026\/01\/98-Kapak-TR.png\",\"datePublished\":\"2026-01-28T09:21:39+00:00\",\"dateModified\":\"2026-01-28T09:21:41+00:00\",\"description\":\"V\u00fccut alg\u0131s\u0131 neden zamanla de\u011fi\u015fir? Beynin beden alg\u0131s\u0131n\u0131 nas\u0131l olu\u015fturdu\u011fu ve estetik cerrahinin bu s\u00fcrece nas\u0131l destek olabildi\u011fi ele al\u0131n\u0131yor.\",\"breadcrumb\":{\"@id\":\"https:\/\/drsedattatar.com\/tr\/vucut-algisi-neden-degisir-estetik-ve-plastik-cerrahi-bize-nasil-yardimci-olabilir\/#breadcrumb\"},\"inLanguage\":\"tr\",\"potentialAction\":[{\"@type\":\"ReadAction\",\"target\":[\"https:\/\/drsedattatar.com\/tr\/vucut-algisi-neden-degisir-estetik-ve-plastik-cerrahi-bize-nasil-yardimci-olabilir\/\"]}]},{\"@type\":\"ImageObject\",\"inLanguage\":\"tr\",\"@id\":\"https:\/\/drsedattatar.com\/tr\/vucut-algisi-neden-degisir-estetik-ve-plastik-cerrahi-bize-nasil-yardimci-olabilir\/#primaryimage\",\"url\":\"https:\/\/drsedattatar.com\/tr\/wp-content\/uploads\/2026\/01\/98-Kapak-TR.png\",\"contentUrl\":\"https:\/\/drsedattatar.com\/tr\/wp-content\/uploads\/2026\/01\/98-Kapak-TR.png\",\"width\":1920,\"height\":1080},{\"@type\":\"BreadcrumbList\",\"@id\":\"https:\/\/drsedattatar.com\/tr\/vucut-algisi-neden-degisir-estetik-ve-plastik-cerrahi-bize-nasil-yardimci-olabilir\/#breadcrumb\",\"itemListElement\":[{\"@type\":\"ListItem\",\"position\":1,\"name\":\"Anasayfa\",\"item\":\"https:\/\/drsedattatar.com\/tr\/\"},{\"@type\":\"ListItem\",\"position\":2,\"name\":\"V\u00fccut Alg\u0131s\u0131 Neden De\u011fi\u015fir? Estetik ve Plastik Cerrahi Bize Nas\u0131l Yard\u0131mc\u0131 Olabilir?\"}]},{\"@type\":\"WebSite\",\"@id\":\"https:\/\/drsedattatar.com\/tr\/#website\",\"url\":\"https:\/\/drsedattatar.com\/tr\/\",\"name\":\"\u0130stanbul Estetik, Plastik ve Rekonstr\u00fcktif Cerrahi - Do\u00e7. Dr. Sedat Tatar\",\"description\":\"\u0130stanbul Estetik, Plastik ve Rekonstr\u00fcktif Cerrahi alan\u0131nda deneyimli Do\u00e7. Dr. Sedat Tatar ile hayallerinizi ger\u00e7e\u011fe d\u00f6n\u00fc\u015ft\u00fcr\u00fcn ve kendinizi en iyi \u015fekilde hissedin.\",\"publisher\":{\"@id\":\"https:\/\/drsedattatar.com\/tr\/#organization\"},\"potentialAction\":[{\"@type\":\"SearchAction\",\"target\":{\"@type\":\"EntryPoint\",\"urlTemplate\":\"https:\/\/drsedattatar.com\/tr\/?s={search_term_string}\"},\"query-input\":{\"@type\":\"PropertyValueSpecification\",\"valueRequired\":true,\"valueName\":\"search_term_string\"}}],\"inLanguage\":\"tr\"},{\"@type\":\"Organization\",\"@id\":\"https:\/\/drsedattatar.com\/tr\/#organization\",\"name\":\"\u0130stanbul Estetik, Plastik ve Rekonstr\u00fcktif Cerrahi - Do\u00e7. Dr. Sedat Tatar\",\"url\":\"https:\/\/drsedattatar.com\/tr\/\",\"logo\":{\"@type\":\"ImageObject\",\"inLanguage\":\"tr\",\"@id\":\"https:\/\/drsedattatar.com\/tr\/#\/schema\/logo\/image\/\",\"url\":\"https:\/\/drsedattatar.com\/tr\/wp-content\/uploads\/2023\/06\/cropped-cropped-cropped-dr-sedat-tatar-estetik-plastik-logo.webp\",\"contentUrl\":\"https:\/\/drsedattatar.com\/tr\/wp-content\/uploads\/2023\/06\/cropped-cropped-cropped-dr-sedat-tatar-estetik-plastik-logo.webp\",\"width\":1505,\"height\":602,\"caption\":\"\u0130stanbul Estetik, Plastik ve Rekonstr\u00fcktif Cerrahi - Do\u00e7. Dr. Sedat Tatar\"},\"image\":{\"@id\":\"https:\/\/drsedattatar.com\/tr\/#\/schema\/logo\/image\/\"}},{\"@type\":\"Person\",\"@id\":\"https:\/\/drsedattatar.com\/tr\/#\/schema\/person\/aa22f82cb49cf6b0e8e4c2fdd472308a\",\"name\":\"Sedat Tatar\",\"image\":{\"@type\":\"ImageObject\",\"inLanguage\":\"tr\",\"@id\":\"https:\/\/drsedattatar.com\/tr\/#\/schema\/person\/image\/\",\"url\":\"https:\/\/secure.gravatar.com\/avatar\/dea798d972982cc67ccc601a56275438ae42ec5d4557bb1f2fb426553e72d1a1?s=96&d=mm&r=g\",\"contentUrl\":\"https:\/\/secure.gravatar.com\/avatar\/dea798d972982cc67ccc601a56275438ae42ec5d4557bb1f2fb426553e72d1a1?s=96&d=mm&r=g\",\"caption\":\"Sedat Tatar\"},\"sameAs\":[\"http:\/\/drsedattatar.com\/tr\"],\"url\":\"https:\/\/drsedattatar.com\/tr\/author\/admin\/\"}]}<\/script>\n<!-- \/ Yoast SEO plugin. -->","yoast_head_json":{"title":"V\u00fccut Alg\u0131s\u0131 Neden De\u011fi\u015fir? Estetik ve Plastik Cerrahi Bize Nas\u0131l Yard\u0131mc\u0131 Olabilir? - \u0130stanbul Estetik, Plastik ve Rekonstr\u00fcktif Cerrahi - Do\u00e7. Dr. Sedat Tatar","description":"V\u00fccut alg\u0131s\u0131 neden zamanla de\u011fi\u015fir? Beynin beden alg\u0131s\u0131n\u0131 nas\u0131l olu\u015fturdu\u011fu ve estetik cerrahinin bu s\u00fcrece nas\u0131l destek olabildi\u011fi ele al\u0131n\u0131yor.","robots":{"index":"index","follow":"follow","max-snippet":"max-snippet:-1","max-image-preview":"max-image-preview:large","max-video-preview":"max-video-preview:-1"},"canonical":"https:\/\/drsedattatar.com\/tr\/vucut-algisi-neden-degisir-estetik-ve-plastik-cerrahi-bize-nasil-yardimci-olabilir\/","og_locale":"tr_TR","og_type":"article","og_title":"V\u00fccut Alg\u0131s\u0131 Neden De\u011fi\u015fir? Estetik ve Plastik Cerrahi Bize Nas\u0131l Yard\u0131mc\u0131 Olabilir? - \u0130stanbul Estetik, Plastik ve Rekonstr\u00fcktif Cerrahi - Do\u00e7. Dr. Sedat Tatar","og_description":"V\u00fccut alg\u0131s\u0131 neden zamanla de\u011fi\u015fir? Beynin beden alg\u0131s\u0131n\u0131 nas\u0131l olu\u015fturdu\u011fu ve estetik cerrahinin bu s\u00fcrece nas\u0131l destek olabildi\u011fi ele al\u0131n\u0131yor.","og_url":"https:\/\/drsedattatar.com\/tr\/vucut-algisi-neden-degisir-estetik-ve-plastik-cerrahi-bize-nasil-yardimci-olabilir\/","og_site_name":"\u0130stanbul Estetik, Plastik ve Rekonstr\u00fcktif Cerrahi - Do\u00e7. Dr. Sedat Tatar","article_published_time":"2026-01-28T09:21:39+00:00","article_modified_time":"2026-01-28T09:21:41+00:00","og_image":[{"width":1920,"height":1080,"url":"https:\/\/drsedattatar.com\/tr\/wp-content\/uploads\/2026\/01\/98-Kapak-TR.png","type":"image\/png"}],"author":"Sedat Tatar","twitter_card":"summary_large_image","twitter_misc":{"Yazan:":"Sedat Tatar","Tahmini okuma s\u00fcresi":"5 dakika"},"schema":{"@context":"https:\/\/schema.org","@graph":[{"@type":"Article","@id":"https:\/\/drsedattatar.com\/tr\/vucut-algisi-neden-degisir-estetik-ve-plastik-cerrahi-bize-nasil-yardimci-olabilir\/#article","isPartOf":{"@id":"https:\/\/drsedattatar.com\/tr\/vucut-algisi-neden-degisir-estetik-ve-plastik-cerrahi-bize-nasil-yardimci-olabilir\/"},"author":{"name":"Sedat Tatar","@id":"https:\/\/drsedattatar.com\/tr\/#\/schema\/person\/aa22f82cb49cf6b0e8e4c2fdd472308a"},"headline":"V\u00fccut Alg\u0131s\u0131 Neden De\u011fi\u015fir? Estetik ve Plastik Cerrahi Bize Nas\u0131l Yard\u0131mc\u0131 Olabilir?","datePublished":"2026-01-28T09:21:39+00:00","dateModified":"2026-01-28T09:21:41+00:00","mainEntityOfPage":{"@id":"https:\/\/drsedattatar.com\/tr\/vucut-algisi-neden-degisir-estetik-ve-plastik-cerrahi-bize-nasil-yardimci-olabilir\/"},"wordCount":1098,"publisher":{"@id":"https:\/\/drsedattatar.com\/tr\/#organization"},"image":{"@id":"https:\/\/drsedattatar.com\/tr\/vucut-algisi-neden-degisir-estetik-ve-plastik-cerrahi-bize-nasil-yardimci-olabilir\/#primaryimage"},"thumbnailUrl":"https:\/\/drsedattatar.com\/tr\/wp-content\/uploads\/2026\/01\/98-Kapak-TR.png","articleSection":["Plastik Cerrahi Blog"],"inLanguage":"tr"},{"@type":"WebPage","@id":"https:\/\/drsedattatar.com\/tr\/vucut-algisi-neden-degisir-estetik-ve-plastik-cerrahi-bize-nasil-yardimci-olabilir\/","url":"https:\/\/drsedattatar.com\/tr\/vucut-algisi-neden-degisir-estetik-ve-plastik-cerrahi-bize-nasil-yardimci-olabilir\/","name":"V\u00fccut Alg\u0131s\u0131 Neden De\u011fi\u015fir? Estetik ve Plastik Cerrahi Bize Nas\u0131l Yard\u0131mc\u0131 Olabilir? - \u0130stanbul Estetik, Plastik ve Rekonstr\u00fcktif Cerrahi - Do\u00e7. Dr. Sedat Tatar","isPartOf":{"@id":"https:\/\/drsedattatar.com\/tr\/#website"},"primaryImageOfPage":{"@id":"https:\/\/drsedattatar.com\/tr\/vucut-algisi-neden-degisir-estetik-ve-plastik-cerrahi-bize-nasil-yardimci-olabilir\/#primaryimage"},"image":{"@id":"https:\/\/drsedattatar.com\/tr\/vucut-algisi-neden-degisir-estetik-ve-plastik-cerrahi-bize-nasil-yardimci-olabilir\/#primaryimage"},"thumbnailUrl":"https:\/\/drsedattatar.com\/tr\/wp-content\/uploads\/2026\/01\/98-Kapak-TR.png","datePublished":"2026-01-28T09:21:39+00:00","dateModified":"2026-01-28T09:21:41+00:00","description":"V\u00fccut alg\u0131s\u0131 neden zamanla de\u011fi\u015fir? Beynin beden alg\u0131s\u0131n\u0131 nas\u0131l olu\u015fturdu\u011fu ve estetik cerrahinin bu s\u00fcrece nas\u0131l destek olabildi\u011fi ele al\u0131n\u0131yor.","breadcrumb":{"@id":"https:\/\/drsedattatar.com\/tr\/vucut-algisi-neden-degisir-estetik-ve-plastik-cerrahi-bize-nasil-yardimci-olabilir\/#breadcrumb"},"inLanguage":"tr","potentialAction":[{"@type":"ReadAction","target":["https:\/\/drsedattatar.com\/tr\/vucut-algisi-neden-degisir-estetik-ve-plastik-cerrahi-bize-nasil-yardimci-olabilir\/"]}]},{"@type":"ImageObject","inLanguage":"tr","@id":"https:\/\/drsedattatar.com\/tr\/vucut-algisi-neden-degisir-estetik-ve-plastik-cerrahi-bize-nasil-yardimci-olabilir\/#primaryimage","url":"https:\/\/drsedattatar.com\/tr\/wp-content\/uploads\/2026\/01\/98-Kapak-TR.png","contentUrl":"https:\/\/drsedattatar.com\/tr\/wp-content\/uploads\/2026\/01\/98-Kapak-TR.png","width":1920,"height":1080},{"@type":"BreadcrumbList","@id":"https:\/\/drsedattatar.com\/tr\/vucut-algisi-neden-degisir-estetik-ve-plastik-cerrahi-bize-nasil-yardimci-olabilir\/#breadcrumb","itemListElement":[{"@type":"ListItem","position":1,"name":"Anasayfa","item":"https:\/\/drsedattatar.com\/tr\/"},{"@type":"ListItem","position":2,"name":"V\u00fccut Alg\u0131s\u0131 Neden De\u011fi\u015fir? Estetik ve Plastik Cerrahi Bize Nas\u0131l Yard\u0131mc\u0131 Olabilir?"}]},{"@type":"WebSite","@id":"https:\/\/drsedattatar.com\/tr\/#website","url":"https:\/\/drsedattatar.com\/tr\/","name":"\u0130stanbul Estetik, Plastik ve Rekonstr\u00fcktif Cerrahi - Do\u00e7. Dr. Sedat Tatar","description":"\u0130stanbul Estetik, Plastik ve Rekonstr\u00fcktif Cerrahi alan\u0131nda deneyimli Do\u00e7. Dr. Sedat Tatar ile hayallerinizi ger\u00e7e\u011fe d\u00f6n\u00fc\u015ft\u00fcr\u00fcn ve kendinizi en iyi \u015fekilde hissedin.","publisher":{"@id":"https:\/\/drsedattatar.com\/tr\/#organization"},"potentialAction":[{"@type":"SearchAction","target":{"@type":"EntryPoint","urlTemplate":"https:\/\/drsedattatar.com\/tr\/?s={search_term_string}"},"query-input":{"@type":"PropertyValueSpecification","valueRequired":true,"valueName":"search_term_string"}}],"inLanguage":"tr"},{"@type":"Organization","@id":"https:\/\/drsedattatar.com\/tr\/#organization","name":"\u0130stanbul Estetik, Plastik ve Rekonstr\u00fcktif Cerrahi - Do\u00e7. Dr. Sedat Tatar","url":"https:\/\/drsedattatar.com\/tr\/","logo":{"@type":"ImageObject","inLanguage":"tr","@id":"https:\/\/drsedattatar.com\/tr\/#\/schema\/logo\/image\/","url":"https:\/\/drsedattatar.com\/tr\/wp-content\/uploads\/2023\/06\/cropped-cropped-cropped-dr-sedat-tatar-estetik-plastik-logo.webp","contentUrl":"https:\/\/drsedattatar.com\/tr\/wp-content\/uploads\/2023\/06\/cropped-cropped-cropped-dr-sedat-tatar-estetik-plastik-logo.webp","width":1505,"height":602,"caption":"\u0130stanbul Estetik, Plastik ve Rekonstr\u00fcktif Cerrahi - Do\u00e7. Dr. Sedat Tatar"},"image":{"@id":"https:\/\/drsedattatar.com\/tr\/#\/schema\/logo\/image\/"}},{"@type":"Person","@id":"https:\/\/drsedattatar.com\/tr\/#\/schema\/person\/aa22f82cb49cf6b0e8e4c2fdd472308a","name":"Sedat Tatar","image":{"@type":"ImageObject","inLanguage":"tr","@id":"https:\/\/drsedattatar.com\/tr\/#\/schema\/person\/image\/","url":"https:\/\/secure.gravatar.com\/avatar\/dea798d972982cc67ccc601a56275438ae42ec5d4557bb1f2fb426553e72d1a1?s=96&d=mm&r=g","contentUrl":"https:\/\/secure.gravatar.com\/avatar\/dea798d972982cc67ccc601a56275438ae42ec5d4557bb1f2fb426553e72d1a1?s=96&d=mm&r=g","caption":"Sedat Tatar"},"sameAs":["http:\/\/drsedattatar.com\/tr"],"url":"https:\/\/drsedattatar.com\/tr\/author\/admin\/"}]}},"taxonomy_info":{"category":[{"value":14,"label":"Plastik Cerrahi Blog"}]},"featured_image_src_large":["https:\/\/drsedattatar.com\/tr\/wp-content\/uploads\/2026\/01\/98-Kapak-TR-1024x576.png",1024,576,true],"author_info":{"display_name":"Sedat Tatar","author_link":"https:\/\/drsedattatar.com\/tr\/author\/admin\/"},"comment_info":0,"category_info":[{"term_id":14,"name":"Plastik Cerrahi Blog","slug":"plastik-cerrahi-blog","term_group":0,"term_taxonomy_id":14,"taxonomy":"category","description":"","parent":0,"count":155,"filter":"raw","cat_ID":14,"category_count":155,"category_description":"","cat_name":"Plastik Cerrahi Blog","category_nicename":"plastik-cerrahi-blog","category_parent":0}],"tag_info":false,"_links":{"self":[{"href":"https:\/\/drsedattatar.com\/tr\/wp-json\/wp\/v2\/posts\/3204","targetHints":{"allow":["GET"]}}],"collection":[{"href":"https:\/\/drsedattatar.com\/tr\/wp-json\/wp\/v2\/posts"}],"about":[{"href":"https:\/\/drsedattatar.com\/tr\/wp-json\/wp\/v2\/types\/post"}],"author":[{"embeddable":true,"href":"https:\/\/drsedattatar.com\/tr\/wp-json\/wp\/v2\/users\/1"}],"replies":[{"embeddable":true,"href":"https:\/\/drsedattatar.com\/tr\/wp-json\/wp\/v2\/comments?post=3204"}],"version-history":[{"count":2,"href":"https:\/\/drsedattatar.com\/tr\/wp-json\/wp\/v2\/posts\/3204\/revisions"}],"predecessor-version":[{"id":3207,"href":"https:\/\/drsedattatar.com\/tr\/wp-json\/wp\/v2\/posts\/3204\/revisions\/3207"}],"wp:featuredmedia":[{"embeddable":true,"href":"https:\/\/drsedattatar.com\/tr\/wp-json\/wp\/v2\/media\/3206"}],"wp:attachment":[{"href":"https:\/\/drsedattatar.com\/tr\/wp-json\/wp\/v2\/media?parent=3204"}],"wp:term":[{"taxonomy":"category","embeddable":true,"href":"https:\/\/drsedattatar.com\/tr\/wp-json\/wp\/v2\/categories?post=3204"},{"taxonomy":"post_tag","embeddable":true,"href":"https:\/\/drsedattatar.com\/tr\/wp-json\/wp\/v2\/tags?post=3204"}],"curies":[{"name":"wp","href":"https:\/\/api.w.org\/{rel}","templated":true}]}}