{"id":3214,"date":"2026-01-28T09:56:26","date_gmt":"2026-01-28T09:56:26","guid":{"rendered":"https:\/\/drsedattatar.com\/tr\/?p=3214"},"modified":"2026-01-28T09:58:03","modified_gmt":"2026-01-28T09:58:03","slug":"kilo-kaybi-sonrasi-vucut-sekillendirme-estetikten-daha-fazlasi","status":"publish","type":"post","link":"https:\/\/drsedattatar.com\/tr\/kilo-kaybi-sonrasi-vucut-sekillendirme-estetikten-daha-fazlasi\/","title":{"rendered":"Kilo Kayb\u0131 Sonras\u0131 V\u00fccut \u015eekillendirme: Estetikten Daha Fazlas\u0131"},"content":{"rendered":"\n<p>B\u00fcy\u00fck miktarda kilo vermek; sa\u011fl\u0131k a\u00e7\u0131s\u0131ndan \u00e7ok k\u0131ymetli, ya\u015fam kalitesini art\u0131ran ve ki\u015finin kendisiyle ili\u015fkisini d\u00f6n\u00fc\u015ft\u00fcren \u00f6nemli bir s\u00fcre\u00e7tir. Ancak ciddi kilo kayb\u0131 sonras\u0131nda yaln\u0131zca ya\u011f dokusu azalmaz; cilt elastikiyeti bozulabilir, doku deste\u011fi zay\u0131flayabilir ve v\u00fccudun farkl\u0131 b\u00f6lgelerinde belirgin sarkmalar olu\u015fabilir. Bu durum sadece estetik bir konu de\u011fildir; g\u00fcnl\u00fck ya\u015fam konforu, hareket kabiliyeti, k\u0131yafet uyumu ve psikolojik iyilik h\u00e2li \u00fczerinde de do\u011frudan etkiye sahiptir.<\/p>\n\n\n\n<p>Bu noktada devreye giren <strong>v\u00fccut \u015fekillendirme cerrahisi<\/strong>, kilo kayb\u0131 sonras\u0131 v\u00fccudu yeniden yap\u0131land\u0131rmay\u0131, cilt ve doku b\u00fct\u00fcnl\u00fc\u011f\u00fcn\u00fc desteklemeyi ve hem estetik hem fonksiyonel kazan\u0131mlar sa\u011flamay\u0131 hedefler. Bu yaz\u0131da, kilo verme sonras\u0131 v\u00fccut \u015fekillendirme s\u00fcrecinin neden yaln\u0131zca estetik de\u011fil, daha kapsaml\u0131 bir sa\u011fl\u0131k yakla\u015f\u0131m\u0131 oldu\u011funu klinik a\u00e7\u0131dan ele al\u0131yoruz.<\/p>\n\n\n\n<h2 class=\"wp-block-heading\"><a><\/a><strong>Kilo Kayb\u0131 Sonras\u0131nda V\u00fccutta Neler Olur?<\/strong><\/h2>\n\n\n\n<p>V\u00fccut uzun s\u00fcre fazla kiloyla ya\u015fad\u0131ktan sonra, ani ya da y\u00fcksek miktarl\u0131 kilo kayb\u0131 sonras\u0131nda cilt \u00e7o\u011fu zaman eski s\u0131k\u0131l\u0131\u011f\u0131n\u0131 geri kazanamaz. \u00d6zellikle h\u0131zl\u0131 kilo kayb\u0131nda elastik lifler yeterince uyum sa\u011flayamaz ve sarkma daha belirgin hale gelir.<\/p>\n\n\n\n<p>Kilo kayb\u0131 sonras\u0131 en s\u0131k g\u00f6r\u00fclen de\u011fi\u015fimler:<\/p>\n\n\n\n<ul class=\"wp-block-list\">\n<li>Kar\u0131n b\u00f6lgesinde deri fazlas\u0131 ve sarkma<\/li>\n\n\n\n<li>Meme dokusunda hacim kayb\u0131 ve gev\u015feme<\/li>\n\n\n\n<li>Popo formunun d\u00fczle\u015fmesi veya sarkmas\u0131<\/li>\n\n\n\n<li>Kol i\u00e7 y\u00fczlerinde deri fazlal\u0131\u011f\u0131<\/li>\n\n\n\n<li>Uyluk i\u00e7 y\u00fcz\u00fcnde sarkma<\/li>\n\n\n\n<li>Bel konturunun kayb\u0131<\/li>\n<\/ul>\n\n\n\n<p>Bu durum yaln\u0131zca g\u00f6rsel bir problem yaratmaz; hareket s\u0131ras\u0131nda s\u00fcrt\u00fcnme, pi\u015fik, cilt irritasyonu, hijyen zorluklar\u0131 ve k\u0131yafet uyumsuzlu\u011fu gibi fiziksel problemler de ortaya \u00e7\u0131kabilir.<\/p>\n\n\n\n<h2 class=\"wp-block-heading\"><a><\/a><strong>V\u00fccut \u015eekillendirme Cerrahisi Neyi Ama\u00e7lar?<\/strong><\/h2>\n\n\n\n<p>V\u00fccut \u015fekillendirme cerrahisi, kilo kayb\u0131 sonras\u0131 olu\u015fan fazla deri ve deformiteleri d\u00fczeltmeye y\u00f6nelik planlanan kapsaml\u0131 bir yakla\u015f\u0131md\u0131r. Ama\u00e7 yaln\u0131zca v\u00fccudu inceltmek de\u011fil; <strong>konturu d\u00fczenlemek, cildi toparlamak, fonksiyonel rahatl\u0131k sa\u011flamak ve estetik uyumu geri kazand\u0131rmakt\u0131r.<\/strong><\/p>\n\n\n\n<p>Bu s\u00fcre\u00e7te hedeflenen temel kazan\u0131mlar:<\/p>\n\n\n\n<ul class=\"wp-block-list\">\n<li>Sarkm\u0131\u015f derinin al\u0131nmas\u0131<\/li>\n\n\n\n<li>V\u00fccut hatlar\u0131n\u0131n yeniden \u015fekillendirilmesi<\/li>\n\n\n\n<li>Cilt kalitesinin art\u0131r\u0131lmas\u0131 ve gerginli\u011fin sa\u011flanmas\u0131<\/li>\n\n\n\n<li>G\u00fcnl\u00fck hareket rahatl\u0131\u011f\u0131n\u0131n desteklenmesi<\/li>\n\n\n\n<li>K\u0131yafet konforunun art\u0131r\u0131lmas\u0131<\/li>\n\n\n\n<li>Beden alg\u0131s\u0131n\u0131n g\u00fc\u00e7lendirilmesi<\/li>\n<\/ul>\n\n\n\n<p>Sonu\u00e7 olarak ki\u015fi sadece daha fit g\u00f6r\u00fcnmez; ayn\u0131 zamanda v\u00fccuduyla \u00e7ok daha rahat bir ili\u015fki kurar.<\/p>\n\n\n\n<h2 class=\"wp-block-heading\"><a><\/a><strong>Hangi B\u00f6lgeler En S\u0131k \u015eekillendirilir?<\/strong><\/h2>\n\n\n\n<p>Kilo kayb\u0131 sonras\u0131 \u015fekillendirme genellikle birden fazla b\u00f6lgeyi kapsar. Her hastan\u0131n v\u00fccut yap\u0131s\u0131 farkl\u0131 oldu\u011fu i\u00e7in planlama tamamen ki\u015fiye \u00f6zeldir.<\/p>\n\n\n\n<p>En s\u0131k uygulanan \u015fekillendirme ameliyatlar\u0131:<\/p>\n\n\n\n<ul class=\"wp-block-list\">\n<li><strong>Kar\u0131n germe:<\/strong> Kar\u0131n sarkmas\u0131 ve kas ayr\u0131lmas\u0131 olan hastalarda kar\u0131n duvar\u0131n\u0131n toparlanmas\u0131<\/li>\n\n\n\n<li><strong>Meme dikle\u015ftirme ve k\u00fc\u00e7\u00fcltme \/ protez destekli \u015fekillendirme:<\/strong> Hacmini kaybetmi\u015f ve sarkm\u0131\u015f memelerin yeniden form kazanmas\u0131<\/li>\n\n\n\n<li><strong>Kol germe:<\/strong> \u0130\u00e7 kol b\u00f6lgesindeki deri fazlas\u0131n\u0131n al\u0131nmas\u0131<\/li>\n\n\n\n<li><strong>Uyluk germe:<\/strong> \u00dcst bacak i\u00e7 y\u00fcz\u00fcndeki sarkmalar\u0131n toparlanmas\u0131<\/li>\n\n\n\n<li><strong>BBL veya popo \u015fekillendirme:<\/strong> Popo formunun yeniden projeksiyon kazanmas\u0131<\/li>\n\n\n\n<li><strong>Liposuction destekli kontur d\u00fczeltme:<\/strong> Fazlal\u0131k b\u00f6lgelerde \u015feklin rafine edilmesi<\/li>\n<\/ul>\n\n\n\n<p>Bu i\u015flemler tek seansta kombine edilebilir ya da a\u015famal\u0131 planlamayla g\u00fcvenli \u015fekilde uygulanabilir.<\/p>\n\n\n\n<h2 class=\"wp-block-heading\"><a><\/a><strong>Bu S\u00fcre\u00e7 Sadece Estetik De\u011fil, Fonksiyoneldir<\/strong><\/h2>\n\n\n\n<p>Kilo kayb\u0131 sonras\u0131 v\u00fccut \u015fekillendirme ameliyatlar\u0131 pek \u00e7ok hastada yaln\u0131zca \u201cg\u00f6r\u00fcn\u00fcm\u00fc d\u00fczeltme\u201d amac\u0131yla yap\u0131lmaz; fonksiyonel katk\u0131lar\u0131 son derece belirgindir.<\/p>\n\n\n\n<p>Fonksiyonel kazan\u0131mlar:<\/p>\n\n\n\n<ul class=\"wp-block-list\">\n<li>Y\u00fcr\u00fcrken s\u00fcrt\u00fcnme ve cilt tahri\u015finin azalmas\u0131<\/li>\n\n\n\n<li>Cilt katlant\u0131lar\u0131n\u0131n yaratt\u0131\u011f\u0131 hijyen sorunlar\u0131n\u0131n azalmas\u0131<\/li>\n\n\n\n<li>Duru\u015f ve post\u00fcr deste\u011finin artmas\u0131<\/li>\n\n\n\n<li>G\u00fcnl\u00fck hareket kabiliyetinin kolayla\u015fmas\u0131<\/li>\n\n\n\n<li>Egzersiz kapasitesinin artmas\u0131<\/li>\n<\/ul>\n\n\n\n<p>Bu nedenle bir\u00e7ok hasta operasyon sonras\u0131 yaln\u0131zca aynada de\u011fil, g\u00fcnl\u00fck hayat\u0131nda da fark edilir bir rahatlama ya\u015far.<\/p>\n\n\n\n<h2 class=\"wp-block-heading\"><a><\/a><strong>Psikolojik ve Sosyal Boyutu G\u00f6z Ard\u0131 Edilmemelidir<\/strong><\/h2>\n\n\n\n<p>B\u00fcy\u00fck kilo kayb\u0131 \u00f6nemli bir ba\u015far\u0131d\u0131r; ancak v\u00fccutta kalan deformiteler, ki\u015finin bu ba\u015far\u0131y\u0131 tam olarak \u201ci\u00e7selle\u015ftirmesini\u201d bazen zorla\u015ft\u0131rabilir. Sarkmalar ve orans\u0131z g\u00f6r\u00fcn\u00fcm, baz\u0131 hastalarda \u00f6zg\u00fcveni ve beden alg\u0131s\u0131n\u0131 olumsuz etkileyebilir.<\/p>\n\n\n\n<p>V\u00fccut \u015fekillendirme cerrahisi:<\/p>\n\n\n\n<ul class=\"wp-block-list\">\n<li>Ki\u015finin v\u00fccuduyla kurdu\u011fu ili\u015fkiyi g\u00fc\u00e7lendirebilir<\/li>\n\n\n\n<li>\u201cTamamlanm\u0131\u015f bir de\u011fi\u015fim\u201d hissi olu\u015fturabilir<\/li>\n\n\n\n<li>Sosyal ya\u015fam konforunu art\u0131rabilir<\/li>\n\n\n\n<li>K\u0131yafet se\u00e7iminde \u00f6zg\u00fcrl\u00fck sa\u011flayabilir<\/li>\n<\/ul>\n\n\n\n<p>Bu nedenle psikolojik iyilik h\u00e2li bu s\u00fcrecin \u00f6nemli bir par\u00e7as\u0131d\u0131r.<\/p>\n\n\n\n<h2 class=\"wp-block-heading\"><a><\/a><strong>Kilo Kayb\u0131 Sonras\u0131 Ne Zaman Ameliyat Olunmal\u0131d\u0131r?<\/strong><\/h2>\n\n\n\n<p>Genel yakla\u015f\u0131m:<\/p>\n\n\n\n<ul class=\"wp-block-list\">\n<li>Kilonun m\u00fcmk\u00fcn oldu\u011funca stabil h\u00e2le gelmesi<\/li>\n\n\n\n<li>En az 6\u201312 ay ideal kiloda kal\u0131nmas\u0131<\/li>\n\n\n\n<li>Genel sa\u011fl\u0131k durumunun cerrahiye uygun olmas\u0131<br>\u00a0\u015feklindedir.<\/li>\n<\/ul>\n\n\n\n<p>\u00c7ok h\u0131zl\u0131 karar vermek yerine, v\u00fccudun yeni kiloya adapte olmas\u0131na izin vermek daha sa\u011fl\u0131kl\u0131 ve kal\u0131c\u0131 sonu\u00e7lar sa\u011flar. Her hastada zamanlama ki\u015fiye \u00f6zel de\u011ferlendirilir.<\/p>\n\n\n\n<h2 class=\"wp-block-heading\"><a><\/a><strong>Kombine Ameliyatlar M\u00fcmk\u00fcn m\u00fc?<\/strong><\/h2>\n\n\n\n<p>Evet, kilo kayb\u0131 sonras\u0131 s\u00fcre\u00e7te birden fazla b\u00f6lge ayn\u0131 seansta \u015fekillendirilebilir. Ancak bu karar g\u00fcvenlik odakl\u0131d\u0131r.<\/p>\n\n\n\n<p>Kombinasyon karar\u0131 \u015fu fakt\u00f6rlere g\u00f6re verilir:<\/p>\n\n\n\n<ul class=\"wp-block-list\">\n<li>Ameliyat s\u00fcresi<\/li>\n\n\n\n<li>Hastan\u0131n genel sa\u011fl\u0131k durumu<\/li>\n\n\n\n<li>Doku kalitesi<\/li>\n\n\n\n<li>Kan kayb\u0131 riski<\/li>\n\n\n\n<li>\u0130yile\u015fme kapasitesi<\/li>\n<\/ul>\n\n\n\n<p>Ama\u00e7 her zaman maksimum etkiyi <strong>en g\u00fcvenli \u00e7er\u00e7evede<\/strong> elde etmektir.<\/p>\n\n\n\n<h2 class=\"wp-block-heading\"><a><\/a><strong>Ger\u00e7ek\u00e7i Beklentiler Neden \u00d6nemlidir?<\/strong><\/h2>\n\n\n\n<p>V\u00fccut \u015fekillendirme cerrahisi \u00e7ok g\u00fc\u00e7l\u00fc bir d\u00f6n\u00fc\u015f\u00fcm sa\u011flar ancak mucizevi bir i\u015flem de\u011fildir. Cerrahinin sa\u011flayabilecekleri ile s\u0131n\u0131rlar\u0131 do\u011fru bilmek gerekir.<\/p>\n\n\n\n<p>Ger\u00e7ek\u00e7i beklentiler:<\/p>\n\n\n\n<ul class=\"wp-block-list\">\n<li>Deri fazlas\u0131 azalt\u0131l\u0131r, kontur belirginle\u015fir<\/li>\n\n\n\n<li>Daha s\u0131k\u0131, daha toplu ve \u015fekilli bir v\u00fccut elde edilir<\/li>\n\n\n\n<li>Ancak cilt kalitesine ba\u011fl\u0131 s\u0131n\u0131rlamalar olabilir<\/li>\n\n\n\n<li>Her de\u011fi\u015fim ki\u015fiye \u00f6zg\u00fc ve do\u011fal s\u0131n\u0131rlar i\u00e7inde planlan\u0131r<\/li>\n<\/ul>\n\n\n\n<p>Bu nedenle hasta\u2013cerrah ileti\u015fimi ve do\u011fru planlama s\u00fcrecin temelidir.<\/p>\n\n\n\n<h2 class=\"wp-block-heading\"><a><\/a><strong>Daha Dengeli, Daha Fonksiyonel ve Daha G\u00fc\u00e7l\u00fc Bir V\u00fccut M\u00fcmk\u00fcn<\/strong><\/h2>\n\n\n\n<p>Kilo kayb\u0131 sonras\u0131 v\u00fccut \u015fekillendirme; estetik, fonksiyon ve sa\u011fl\u0131k \u00fc\u00e7l\u00fcs\u00fcn\u00fcn birlikte ele al\u0131nd\u0131\u011f\u0131 kapsaml\u0131 bir yakla\u015f\u0131md\u0131r. Do\u011fru teknik, do\u011fru hasta se\u00e7imi ve bilimsel planlama ile ki\u015fi yaln\u0131zca daha iyi g\u00f6r\u00fcnmekle kalmaz; daha rahat hareket eden, daha \u00f6zg\u00fcvenli ve ya\u015fam kalitesi artm\u0131\u015f bir bedene kavu\u015fabilir.<\/p>\n\n\n\n<p id=\"block-3a3212d6-f67d-4bfe-9697-5d0a5830a4ad\"><strong>Hekim Bilgisi<\/strong><\/p>\n\n\n\n<p id=\"block-a7476fa1-5aba-49b7-811f-cdbc4833f823\"><strong>Do\u00e7. Dr. Sedat Tatar<\/strong>, iki ayr\u0131 uluslararas\u0131 kurul taraf\u0131ndan sertifikaland\u0131r\u0131lm\u0131\u015f (Double Board Certified) Plastik, Rekonstr\u00fcktif ve Estetik Cerrahi uzman\u0131d\u0131r. <strong>American College of Surgeons Fellow (FACS)<\/strong> ve <strong>European Board of Plastic, Reconstructive and Aesthetic Surgery Fellow (FEBOPRAS)<\/strong> unvanlar\u0131na sahiptir.<\/p>\n\n\n\n<p id=\"block-b4169953-a4b6-437c-9fbd-abc2bc8abbee\">Uluslararas\u0131 profesyonel \u00fcyelikleri aras\u0131nda <strong>ISAPS (International Society of Aesthetic Plastic Surgery)<\/strong> ve <strong>ASPS (American Society of Plastic Surgeons)<\/strong> bulunmaktad\u0131r.<\/p>\n\n\n\n<p id=\"block-c2e51c4f-149d-4f50-a30b-37984cd59e30\">Klini\u011fi \u0130stanbul\u2019da <strong>T\u00fcrkiye Sa\u011fl\u0131k Bakanl\u0131\u011f\u0131 taraf\u0131ndan Sa\u011fl\u0131k Turizmi Merkezi olarak yetkilidir<\/strong> ve \u015firketi <strong>Birle\u015fik Krall\u0131k &amp; Galler&#8217;e kay\u0131tl\u0131d\u0131r.<\/strong><\/p>\n\n\n\n<p id=\"block-a1e9e51a-ae8b-4912-bcf7-569957645885\"><strong>\u0130LET\u0130\u015e\u0130M B\u0130LG\u0130LER\u0130<\/strong><\/p>\n\n\n\n<p id=\"block-35aa5dd5-2dbb-4b8a-a0d0-0568699cd5a2\"><strong>Do\u00e7. Dr. Sedar Tatar Klini\u011fi<\/strong><\/p>\n\n\n\n<p id=\"block-f8c5b5c0-0128-4552-9f9c-0cb3388dc884\"><strong>Telefon No :&nbsp;<\/strong><a href=\"tel:+90%20(555)%20100%2010%2083\">+90 (555) 100 10 83<\/a><br><strong>\u0130leti\u015fim Linki :&nbsp;<\/strong><a href=\"mailto:info@drsedattatar.com\">info@drsedattatar.com<\/a><br><strong>Adres :&nbsp;<\/strong>Levent Mahallesi, Karanfil Aral\u0131\u011f\u0131 Caddesi No: 18 Be\u015fikta\u015f\/\u0130STANBUL<\/p>\n\n\n<div class=\"kk-star-ratings kksr-auto kksr-align-center kksr-valign-bottom\"\n    data-payload='{&quot;align&quot;:&quot;center&quot;,&quot;id&quot;:&quot;3214&quot;,&quot;slug&quot;:&quot;default&quot;,&quot;valign&quot;:&quot;bottom&quot;,&quot;ignore&quot;:&quot;&quot;,&quot;reference&quot;:&quot;auto&quot;,&quot;class&quot;:&quot;&quot;,&quot;count&quot;:&quot;0&quot;,&quot;legendonly&quot;:&quot;&quot;,&quot;readonly&quot;:&quot;&quot;,&quot;score&quot;:&quot;0&quot;,&quot;starsonly&quot;:&quot;&quot;,&quot;best&quot;:&quot;5&quot;,&quot;gap&quot;:&quot;5&quot;,&quot;greet&quot;:&quot;\u0130\u00e7eri\u011fimizi Oylay\u0131n!&quot;,&quot;legend&quot;:&quot;0\\\/5 - (0 oy verildi!)&quot;,&quot;size&quot;:&quot;24&quot;,&quot;title&quot;:&quot;Kilo Kayb\u0131 Sonras\u0131 V\u00fccut \u015eekillendirme: Estetikten Daha Fazlas\u0131&quot;,&quot;width&quot;:&quot;0&quot;,&quot;_legend&quot;:&quot;{score}\\\/{best} - ({count} oy verildi!)&quot;,&quot;font_factor&quot;:&quot;1.25&quot;}'>\n            \n<div class=\"kksr-stars\">\n    \n<div class=\"kksr-stars-inactive\">\n            <div class=\"kksr-star\" data-star=\"1\" style=\"padding-right: 5px\">\n            \n\n<div class=\"kksr-icon\" style=\"width: 24px; height: 24px;\"><\/div>\n        <\/div>\n            <div class=\"kksr-star\" data-star=\"2\" style=\"padding-right: 5px\">\n            \n\n<div class=\"kksr-icon\" style=\"width: 24px; height: 24px;\"><\/div>\n        <\/div>\n            <div class=\"kksr-star\" data-star=\"3\" style=\"padding-right: 5px\">\n            \n\n<div class=\"kksr-icon\" style=\"width: 24px; height: 24px;\"><\/div>\n        <\/div>\n            <div class=\"kksr-star\" data-star=\"4\" style=\"padding-right: 5px\">\n            \n\n<div class=\"kksr-icon\" style=\"width: 24px; height: 24px;\"><\/div>\n        <\/div>\n            <div class=\"kksr-star\" data-star=\"5\" style=\"padding-right: 5px\">\n            \n\n<div class=\"kksr-icon\" style=\"width: 24px; height: 24px;\"><\/div>\n        <\/div>\n    <\/div>\n    \n<div class=\"kksr-stars-active\" style=\"width: 0px;\">\n            <div class=\"kksr-star\" style=\"padding-right: 5px\">\n            \n\n<div class=\"kksr-icon\" style=\"width: 24px; height: 24px;\"><\/div>\n        <\/div>\n            <div class=\"kksr-star\" style=\"padding-right: 5px\">\n            \n\n<div class=\"kksr-icon\" style=\"width: 24px; height: 24px;\"><\/div>\n        <\/div>\n            <div class=\"kksr-star\" style=\"padding-right: 5px\">\n            \n\n<div class=\"kksr-icon\" style=\"width: 24px; height: 24px;\"><\/div>\n        <\/div>\n            <div class=\"kksr-star\" style=\"padding-right: 5px\">\n            \n\n<div class=\"kksr-icon\" style=\"width: 24px; height: 24px;\"><\/div>\n        <\/div>\n            <div class=\"kksr-star\" style=\"padding-right: 5px\">\n            \n\n<div class=\"kksr-icon\" style=\"width: 24px; height: 24px;\"><\/div>\n        <\/div>\n    <\/div>\n<\/div>\n                \n\n<div class=\"kksr-legend\" style=\"font-size: 19.2px;\">\n            <span class=\"kksr-muted\">\u0130\u00e7eri\u011fimizi Oylay\u0131n!<\/span>\n    <\/div>\n    <\/div>\n","protected":false},"excerpt":{"rendered":"<p>B\u00fcy\u00fck miktarda kilo vermek; sa\u011fl\u0131k a\u00e7\u0131s\u0131ndan \u00e7ok k\u0131ymetli, ya\u015fam kalitesini art\u0131ran ve ki\u015finin kendisiyle ili\u015fkisini d\u00f6n\u00fc\u015ft\u00fcren \u00f6nemli bir s\u00fcre\u00e7tir. Ancak ciddi kilo kayb\u0131 sonras\u0131nda yaln\u0131zca ya\u011f dokusu azalmaz; cilt elastikiyeti bozulabilir, doku deste\u011fi zay\u0131flayabilir ve v\u00fccudun farkl\u0131 b\u00f6lgelerinde belirgin sarkmalar olu\u015fabilir. Bu durum sadece estetik bir konu de\u011fildir; g\u00fcnl\u00fck ya\u015fam konforu, hareket kabiliyeti, k\u0131yafet uyumu ve psikolojik iyilik h\u00e2li \u00fczerinde de do\u011frudan etkiye sahiptir.<\/p>\n","protected":false},"author":1,"featured_media":3217,"comment_status":"closed","ping_status":"open","sticky":false,"template":"","format":"standard","meta":{"_kad_blocks_custom_css":"","_kad_blocks_head_custom_js":"","_kad_blocks_body_custom_js":"","_kad_blocks_footer_custom_js":"","_kadence_starter_templates_imported_post":false,"_kad_post_transparent":"","_kad_post_title":"","_kad_post_layout":"","_kad_post_sidebar_id":"","_kad_post_content_style":"","_kad_post_vertical_padding":"","_kad_post_feature":"","_kad_post_feature_position":"","_kad_post_header":false,"_kad_post_footer":false,"footnotes":""},"categories":[14],"tags":[],"class_list":["post-3214","post","type-post","status-publish","format-standard","has-post-thumbnail","hentry","category-plastik-cerrahi-blog"],"yoast_head":"<!-- This site is optimized with the Yoast SEO plugin v25.9 - https:\/\/yoast.com\/wordpress\/plugins\/seo\/ -->\n<title>Kilo Kayb\u0131 Sonras\u0131 V\u00fccut \u015eekillendirme: Estetikten Daha Fazlas\u0131 - \u0130stanbul Estetik, Plastik ve Rekonstr\u00fcktif Cerrahi - Do\u00e7. Dr. Sedat Tatar<\/title>\n<meta name=\"description\" content=\"Kilo kayb\u0131 sonras\u0131 v\u00fccut \u015fekillendirme neyi ama\u00e7lar? Deri fazlas\u0131, fonksiyonel rahatl\u0131k ve beden alg\u0131s\u0131 bu yaz\u0131da birlikte de\u011ferlendiriliyor.\" \/>\n<meta name=\"robots\" content=\"index, follow, max-snippet:-1, max-image-preview:large, max-video-preview:-1\" \/>\n<link rel=\"canonical\" href=\"https:\/\/drsedattatar.com\/tr\/kilo-kaybi-sonrasi-vucut-sekillendirme-estetikten-daha-fazlasi\/\" \/>\n<meta property=\"og:locale\" content=\"tr_TR\" \/>\n<meta property=\"og:type\" content=\"article\" \/>\n<meta property=\"og:title\" content=\"Kilo Kayb\u0131 Sonras\u0131 V\u00fccut \u015eekillendirme: Estetikten Daha Fazlas\u0131 - \u0130stanbul Estetik, Plastik ve Rekonstr\u00fcktif Cerrahi - Do\u00e7. Dr. Sedat Tatar\" \/>\n<meta property=\"og:description\" content=\"Kilo kayb\u0131 sonras\u0131 v\u00fccut \u015fekillendirme neyi ama\u00e7lar? Deri fazlas\u0131, fonksiyonel rahatl\u0131k ve beden alg\u0131s\u0131 bu yaz\u0131da birlikte de\u011ferlendiriliyor.\" \/>\n<meta property=\"og:url\" content=\"https:\/\/drsedattatar.com\/tr\/kilo-kaybi-sonrasi-vucut-sekillendirme-estetikten-daha-fazlasi\/\" \/>\n<meta property=\"og:site_name\" content=\"\u0130stanbul Estetik, Plastik ve Rekonstr\u00fcktif Cerrahi - Do\u00e7. Dr. Sedat Tatar\" \/>\n<meta property=\"article:published_time\" content=\"2026-01-28T09:56:26+00:00\" \/>\n<meta property=\"article:modified_time\" content=\"2026-01-28T09:58:03+00:00\" \/>\n<meta property=\"og:image\" content=\"https:\/\/drsedattatar.com\/tr\/wp-content\/uploads\/2026\/01\/Blog-Kapak.png\" \/>\n\t<meta property=\"og:image:width\" content=\"1920\" \/>\n\t<meta property=\"og:image:height\" content=\"1080\" \/>\n\t<meta property=\"og:image:type\" content=\"image\/png\" \/>\n<meta name=\"author\" content=\"Sedat Tatar\" \/>\n<meta name=\"twitter:card\" content=\"summary_large_image\" \/>\n<meta name=\"twitter:label1\" content=\"Yazan:\" \/>\n\t<meta name=\"twitter:data1\" content=\"Sedat Tatar\" \/>\n\t<meta name=\"twitter:label2\" content=\"Tahmini okuma s\u00fcresi\" \/>\n\t<meta name=\"twitter:data2\" content=\"6 dakika\" \/>\n<script type=\"application\/ld+json\" class=\"yoast-schema-graph\">{\"@context\":\"https:\/\/schema.org\",\"@graph\":[{\"@type\":\"Article\",\"@id\":\"https:\/\/drsedattatar.com\/tr\/kilo-kaybi-sonrasi-vucut-sekillendirme-estetikten-daha-fazlasi\/#article\",\"isPartOf\":{\"@id\":\"https:\/\/drsedattatar.com\/tr\/kilo-kaybi-sonrasi-vucut-sekillendirme-estetikten-daha-fazlasi\/\"},\"author\":{\"name\":\"Sedat Tatar\",\"@id\":\"https:\/\/drsedattatar.com\/tr\/#\/schema\/person\/aa22f82cb49cf6b0e8e4c2fdd472308a\"},\"headline\":\"Kilo Kayb\u0131 Sonras\u0131 V\u00fccut \u015eekillendirme: Estetikten Daha Fazlas\u0131\",\"datePublished\":\"2026-01-28T09:56:26+00:00\",\"dateModified\":\"2026-01-28T09:58:03+00:00\",\"mainEntityOfPage\":{\"@id\":\"https:\/\/drsedattatar.com\/tr\/kilo-kaybi-sonrasi-vucut-sekillendirme-estetikten-daha-fazlasi\/\"},\"wordCount\":1229,\"publisher\":{\"@id\":\"https:\/\/drsedattatar.com\/tr\/#organization\"},\"image\":{\"@id\":\"https:\/\/drsedattatar.com\/tr\/kilo-kaybi-sonrasi-vucut-sekillendirme-estetikten-daha-fazlasi\/#primaryimage\"},\"thumbnailUrl\":\"https:\/\/drsedattatar.com\/tr\/wp-content\/uploads\/2026\/01\/Blog-Kapak.png\",\"articleSection\":[\"Plastik Cerrahi Blog\"],\"inLanguage\":\"tr\"},{\"@type\":\"WebPage\",\"@id\":\"https:\/\/drsedattatar.com\/tr\/kilo-kaybi-sonrasi-vucut-sekillendirme-estetikten-daha-fazlasi\/\",\"url\":\"https:\/\/drsedattatar.com\/tr\/kilo-kaybi-sonrasi-vucut-sekillendirme-estetikten-daha-fazlasi\/\",\"name\":\"Kilo Kayb\u0131 Sonras\u0131 V\u00fccut \u015eekillendirme: Estetikten Daha Fazlas\u0131 - \u0130stanbul Estetik, Plastik ve Rekonstr\u00fcktif Cerrahi - Do\u00e7. Dr. Sedat Tatar\",\"isPartOf\":{\"@id\":\"https:\/\/drsedattatar.com\/tr\/#website\"},\"primaryImageOfPage\":{\"@id\":\"https:\/\/drsedattatar.com\/tr\/kilo-kaybi-sonrasi-vucut-sekillendirme-estetikten-daha-fazlasi\/#primaryimage\"},\"image\":{\"@id\":\"https:\/\/drsedattatar.com\/tr\/kilo-kaybi-sonrasi-vucut-sekillendirme-estetikten-daha-fazlasi\/#primaryimage\"},\"thumbnailUrl\":\"https:\/\/drsedattatar.com\/tr\/wp-content\/uploads\/2026\/01\/Blog-Kapak.png\",\"datePublished\":\"2026-01-28T09:56:26+00:00\",\"dateModified\":\"2026-01-28T09:58:03+00:00\",\"description\":\"Kilo kayb\u0131 sonras\u0131 v\u00fccut \u015fekillendirme neyi ama\u00e7lar? Deri fazlas\u0131, fonksiyonel rahatl\u0131k ve beden alg\u0131s\u0131 bu yaz\u0131da birlikte de\u011ferlendiriliyor.\",\"breadcrumb\":{\"@id\":\"https:\/\/drsedattatar.com\/tr\/kilo-kaybi-sonrasi-vucut-sekillendirme-estetikten-daha-fazlasi\/#breadcrumb\"},\"inLanguage\":\"tr\",\"potentialAction\":[{\"@type\":\"ReadAction\",\"target\":[\"https:\/\/drsedattatar.com\/tr\/kilo-kaybi-sonrasi-vucut-sekillendirme-estetikten-daha-fazlasi\/\"]}]},{\"@type\":\"ImageObject\",\"inLanguage\":\"tr\",\"@id\":\"https:\/\/drsedattatar.com\/tr\/kilo-kaybi-sonrasi-vucut-sekillendirme-estetikten-daha-fazlasi\/#primaryimage\",\"url\":\"https:\/\/drsedattatar.com\/tr\/wp-content\/uploads\/2026\/01\/Blog-Kapak.png\",\"contentUrl\":\"https:\/\/drsedattatar.com\/tr\/wp-content\/uploads\/2026\/01\/Blog-Kapak.png\",\"width\":1920,\"height\":1080},{\"@type\":\"BreadcrumbList\",\"@id\":\"https:\/\/drsedattatar.com\/tr\/kilo-kaybi-sonrasi-vucut-sekillendirme-estetikten-daha-fazlasi\/#breadcrumb\",\"itemListElement\":[{\"@type\":\"ListItem\",\"position\":1,\"name\":\"Anasayfa\",\"item\":\"https:\/\/drsedattatar.com\/tr\/\"},{\"@type\":\"ListItem\",\"position\":2,\"name\":\"Kilo Kayb\u0131 Sonras\u0131 V\u00fccut \u015eekillendirme: Estetikten Daha Fazlas\u0131\"}]},{\"@type\":\"WebSite\",\"@id\":\"https:\/\/drsedattatar.com\/tr\/#website\",\"url\":\"https:\/\/drsedattatar.com\/tr\/\",\"name\":\"\u0130stanbul Estetik, Plastik ve Rekonstr\u00fcktif Cerrahi - Do\u00e7. Dr. Sedat Tatar\",\"description\":\"\u0130stanbul Estetik, Plastik ve Rekonstr\u00fcktif Cerrahi alan\u0131nda deneyimli Do\u00e7. Dr. Sedat Tatar ile hayallerinizi ger\u00e7e\u011fe d\u00f6n\u00fc\u015ft\u00fcr\u00fcn ve kendinizi en iyi \u015fekilde hissedin.\",\"publisher\":{\"@id\":\"https:\/\/drsedattatar.com\/tr\/#organization\"},\"potentialAction\":[{\"@type\":\"SearchAction\",\"target\":{\"@type\":\"EntryPoint\",\"urlTemplate\":\"https:\/\/drsedattatar.com\/tr\/?s={search_term_string}\"},\"query-input\":{\"@type\":\"PropertyValueSpecification\",\"valueRequired\":true,\"valueName\":\"search_term_string\"}}],\"inLanguage\":\"tr\"},{\"@type\":\"Organization\",\"@id\":\"https:\/\/drsedattatar.com\/tr\/#organization\",\"name\":\"\u0130stanbul Estetik, Plastik ve Rekonstr\u00fcktif Cerrahi - Do\u00e7. Dr. Sedat Tatar\",\"url\":\"https:\/\/drsedattatar.com\/tr\/\",\"logo\":{\"@type\":\"ImageObject\",\"inLanguage\":\"tr\",\"@id\":\"https:\/\/drsedattatar.com\/tr\/#\/schema\/logo\/image\/\",\"url\":\"https:\/\/drsedattatar.com\/tr\/wp-content\/uploads\/2023\/06\/cropped-cropped-cropped-dr-sedat-tatar-estetik-plastik-logo.webp\",\"contentUrl\":\"https:\/\/drsedattatar.com\/tr\/wp-content\/uploads\/2023\/06\/cropped-cropped-cropped-dr-sedat-tatar-estetik-plastik-logo.webp\",\"width\":1505,\"height\":602,\"caption\":\"\u0130stanbul Estetik, Plastik ve Rekonstr\u00fcktif Cerrahi - Do\u00e7. Dr. Sedat Tatar\"},\"image\":{\"@id\":\"https:\/\/drsedattatar.com\/tr\/#\/schema\/logo\/image\/\"}},{\"@type\":\"Person\",\"@id\":\"https:\/\/drsedattatar.com\/tr\/#\/schema\/person\/aa22f82cb49cf6b0e8e4c2fdd472308a\",\"name\":\"Sedat Tatar\",\"image\":{\"@type\":\"ImageObject\",\"inLanguage\":\"tr\",\"@id\":\"https:\/\/drsedattatar.com\/tr\/#\/schema\/person\/image\/\",\"url\":\"https:\/\/secure.gravatar.com\/avatar\/dea798d972982cc67ccc601a56275438ae42ec5d4557bb1f2fb426553e72d1a1?s=96&d=mm&r=g\",\"contentUrl\":\"https:\/\/secure.gravatar.com\/avatar\/dea798d972982cc67ccc601a56275438ae42ec5d4557bb1f2fb426553e72d1a1?s=96&d=mm&r=g\",\"caption\":\"Sedat Tatar\"},\"sameAs\":[\"http:\/\/drsedattatar.com\/tr\"],\"url\":\"https:\/\/drsedattatar.com\/tr\/author\/admin\/\"}]}<\/script>\n<!-- \/ Yoast SEO plugin. -->","yoast_head_json":{"title":"Kilo Kayb\u0131 Sonras\u0131 V\u00fccut \u015eekillendirme: Estetikten Daha Fazlas\u0131 - \u0130stanbul Estetik, Plastik ve Rekonstr\u00fcktif Cerrahi - Do\u00e7. Dr. Sedat Tatar","description":"Kilo kayb\u0131 sonras\u0131 v\u00fccut \u015fekillendirme neyi ama\u00e7lar? Deri fazlas\u0131, fonksiyonel rahatl\u0131k ve beden alg\u0131s\u0131 bu yaz\u0131da birlikte de\u011ferlendiriliyor.","robots":{"index":"index","follow":"follow","max-snippet":"max-snippet:-1","max-image-preview":"max-image-preview:large","max-video-preview":"max-video-preview:-1"},"canonical":"https:\/\/drsedattatar.com\/tr\/kilo-kaybi-sonrasi-vucut-sekillendirme-estetikten-daha-fazlasi\/","og_locale":"tr_TR","og_type":"article","og_title":"Kilo Kayb\u0131 Sonras\u0131 V\u00fccut \u015eekillendirme: Estetikten Daha Fazlas\u0131 - \u0130stanbul Estetik, Plastik ve Rekonstr\u00fcktif Cerrahi - Do\u00e7. Dr. Sedat Tatar","og_description":"Kilo kayb\u0131 sonras\u0131 v\u00fccut \u015fekillendirme neyi ama\u00e7lar? Deri fazlas\u0131, fonksiyonel rahatl\u0131k ve beden alg\u0131s\u0131 bu yaz\u0131da birlikte de\u011ferlendiriliyor.","og_url":"https:\/\/drsedattatar.com\/tr\/kilo-kaybi-sonrasi-vucut-sekillendirme-estetikten-daha-fazlasi\/","og_site_name":"\u0130stanbul Estetik, Plastik ve Rekonstr\u00fcktif Cerrahi - Do\u00e7. Dr. Sedat Tatar","article_published_time":"2026-01-28T09:56:26+00:00","article_modified_time":"2026-01-28T09:58:03+00:00","og_image":[{"width":1920,"height":1080,"url":"https:\/\/drsedattatar.com\/tr\/wp-content\/uploads\/2026\/01\/Blog-Kapak.png","type":"image\/png"}],"author":"Sedat Tatar","twitter_card":"summary_large_image","twitter_misc":{"Yazan:":"Sedat Tatar","Tahmini okuma s\u00fcresi":"6 dakika"},"schema":{"@context":"https:\/\/schema.org","@graph":[{"@type":"Article","@id":"https:\/\/drsedattatar.com\/tr\/kilo-kaybi-sonrasi-vucut-sekillendirme-estetikten-daha-fazlasi\/#article","isPartOf":{"@id":"https:\/\/drsedattatar.com\/tr\/kilo-kaybi-sonrasi-vucut-sekillendirme-estetikten-daha-fazlasi\/"},"author":{"name":"Sedat Tatar","@id":"https:\/\/drsedattatar.com\/tr\/#\/schema\/person\/aa22f82cb49cf6b0e8e4c2fdd472308a"},"headline":"Kilo Kayb\u0131 Sonras\u0131 V\u00fccut \u015eekillendirme: Estetikten Daha Fazlas\u0131","datePublished":"2026-01-28T09:56:26+00:00","dateModified":"2026-01-28T09:58:03+00:00","mainEntityOfPage":{"@id":"https:\/\/drsedattatar.com\/tr\/kilo-kaybi-sonrasi-vucut-sekillendirme-estetikten-daha-fazlasi\/"},"wordCount":1229,"publisher":{"@id":"https:\/\/drsedattatar.com\/tr\/#organization"},"image":{"@id":"https:\/\/drsedattatar.com\/tr\/kilo-kaybi-sonrasi-vucut-sekillendirme-estetikten-daha-fazlasi\/#primaryimage"},"thumbnailUrl":"https:\/\/drsedattatar.com\/tr\/wp-content\/uploads\/2026\/01\/Blog-Kapak.png","articleSection":["Plastik Cerrahi Blog"],"inLanguage":"tr"},{"@type":"WebPage","@id":"https:\/\/drsedattatar.com\/tr\/kilo-kaybi-sonrasi-vucut-sekillendirme-estetikten-daha-fazlasi\/","url":"https:\/\/drsedattatar.com\/tr\/kilo-kaybi-sonrasi-vucut-sekillendirme-estetikten-daha-fazlasi\/","name":"Kilo Kayb\u0131 Sonras\u0131 V\u00fccut \u015eekillendirme: Estetikten Daha Fazlas\u0131 - \u0130stanbul Estetik, Plastik ve Rekonstr\u00fcktif Cerrahi - Do\u00e7. Dr. Sedat Tatar","isPartOf":{"@id":"https:\/\/drsedattatar.com\/tr\/#website"},"primaryImageOfPage":{"@id":"https:\/\/drsedattatar.com\/tr\/kilo-kaybi-sonrasi-vucut-sekillendirme-estetikten-daha-fazlasi\/#primaryimage"},"image":{"@id":"https:\/\/drsedattatar.com\/tr\/kilo-kaybi-sonrasi-vucut-sekillendirme-estetikten-daha-fazlasi\/#primaryimage"},"thumbnailUrl":"https:\/\/drsedattatar.com\/tr\/wp-content\/uploads\/2026\/01\/Blog-Kapak.png","datePublished":"2026-01-28T09:56:26+00:00","dateModified":"2026-01-28T09:58:03+00:00","description":"Kilo kayb\u0131 sonras\u0131 v\u00fccut \u015fekillendirme neyi ama\u00e7lar? Deri fazlas\u0131, fonksiyonel rahatl\u0131k ve beden alg\u0131s\u0131 bu yaz\u0131da birlikte de\u011ferlendiriliyor.","breadcrumb":{"@id":"https:\/\/drsedattatar.com\/tr\/kilo-kaybi-sonrasi-vucut-sekillendirme-estetikten-daha-fazlasi\/#breadcrumb"},"inLanguage":"tr","potentialAction":[{"@type":"ReadAction","target":["https:\/\/drsedattatar.com\/tr\/kilo-kaybi-sonrasi-vucut-sekillendirme-estetikten-daha-fazlasi\/"]}]},{"@type":"ImageObject","inLanguage":"tr","@id":"https:\/\/drsedattatar.com\/tr\/kilo-kaybi-sonrasi-vucut-sekillendirme-estetikten-daha-fazlasi\/#primaryimage","url":"https:\/\/drsedattatar.com\/tr\/wp-content\/uploads\/2026\/01\/Blog-Kapak.png","contentUrl":"https:\/\/drsedattatar.com\/tr\/wp-content\/uploads\/2026\/01\/Blog-Kapak.png","width":1920,"height":1080},{"@type":"BreadcrumbList","@id":"https:\/\/drsedattatar.com\/tr\/kilo-kaybi-sonrasi-vucut-sekillendirme-estetikten-daha-fazlasi\/#breadcrumb","itemListElement":[{"@type":"ListItem","position":1,"name":"Anasayfa","item":"https:\/\/drsedattatar.com\/tr\/"},{"@type":"ListItem","position":2,"name":"Kilo Kayb\u0131 Sonras\u0131 V\u00fccut \u015eekillendirme: Estetikten Daha Fazlas\u0131"}]},{"@type":"WebSite","@id":"https:\/\/drsedattatar.com\/tr\/#website","url":"https:\/\/drsedattatar.com\/tr\/","name":"\u0130stanbul Estetik, Plastik ve Rekonstr\u00fcktif Cerrahi - Do\u00e7. Dr. Sedat Tatar","description":"\u0130stanbul Estetik, Plastik ve Rekonstr\u00fcktif Cerrahi alan\u0131nda deneyimli Do\u00e7. Dr. Sedat Tatar ile hayallerinizi ger\u00e7e\u011fe d\u00f6n\u00fc\u015ft\u00fcr\u00fcn ve kendinizi en iyi \u015fekilde hissedin.","publisher":{"@id":"https:\/\/drsedattatar.com\/tr\/#organization"},"potentialAction":[{"@type":"SearchAction","target":{"@type":"EntryPoint","urlTemplate":"https:\/\/drsedattatar.com\/tr\/?s={search_term_string}"},"query-input":{"@type":"PropertyValueSpecification","valueRequired":true,"valueName":"search_term_string"}}],"inLanguage":"tr"},{"@type":"Organization","@id":"https:\/\/drsedattatar.com\/tr\/#organization","name":"\u0130stanbul Estetik, Plastik ve Rekonstr\u00fcktif Cerrahi - Do\u00e7. Dr. Sedat Tatar","url":"https:\/\/drsedattatar.com\/tr\/","logo":{"@type":"ImageObject","inLanguage":"tr","@id":"https:\/\/drsedattatar.com\/tr\/#\/schema\/logo\/image\/","url":"https:\/\/drsedattatar.com\/tr\/wp-content\/uploads\/2023\/06\/cropped-cropped-cropped-dr-sedat-tatar-estetik-plastik-logo.webp","contentUrl":"https:\/\/drsedattatar.com\/tr\/wp-content\/uploads\/2023\/06\/cropped-cropped-cropped-dr-sedat-tatar-estetik-plastik-logo.webp","width":1505,"height":602,"caption":"\u0130stanbul Estetik, Plastik ve Rekonstr\u00fcktif Cerrahi - Do\u00e7. Dr. Sedat Tatar"},"image":{"@id":"https:\/\/drsedattatar.com\/tr\/#\/schema\/logo\/image\/"}},{"@type":"Person","@id":"https:\/\/drsedattatar.com\/tr\/#\/schema\/person\/aa22f82cb49cf6b0e8e4c2fdd472308a","name":"Sedat Tatar","image":{"@type":"ImageObject","inLanguage":"tr","@id":"https:\/\/drsedattatar.com\/tr\/#\/schema\/person\/image\/","url":"https:\/\/secure.gravatar.com\/avatar\/dea798d972982cc67ccc601a56275438ae42ec5d4557bb1f2fb426553e72d1a1?s=96&d=mm&r=g","contentUrl":"https:\/\/secure.gravatar.com\/avatar\/dea798d972982cc67ccc601a56275438ae42ec5d4557bb1f2fb426553e72d1a1?s=96&d=mm&r=g","caption":"Sedat Tatar"},"sameAs":["http:\/\/drsedattatar.com\/tr"],"url":"https:\/\/drsedattatar.com\/tr\/author\/admin\/"}]}},"taxonomy_info":{"category":[{"value":14,"label":"Plastik Cerrahi Blog"}]},"featured_image_src_large":["https:\/\/drsedattatar.com\/tr\/wp-content\/uploads\/2026\/01\/Blog-Kapak-1024x576.png",1024,576,true],"author_info":{"display_name":"Sedat Tatar","author_link":"https:\/\/drsedattatar.com\/tr\/author\/admin\/"},"comment_info":0,"category_info":[{"term_id":14,"name":"Plastik Cerrahi Blog","slug":"plastik-cerrahi-blog","term_group":0,"term_taxonomy_id":14,"taxonomy":"category","description":"","parent":0,"count":155,"filter":"raw","cat_ID":14,"category_count":155,"category_description":"","cat_name":"Plastik Cerrahi Blog","category_nicename":"plastik-cerrahi-blog","category_parent":0}],"tag_info":false,"_links":{"self":[{"href":"https:\/\/drsedattatar.com\/tr\/wp-json\/wp\/v2\/posts\/3214","targetHints":{"allow":["GET"]}}],"collection":[{"href":"https:\/\/drsedattatar.com\/tr\/wp-json\/wp\/v2\/posts"}],"about":[{"href":"https:\/\/drsedattatar.com\/tr\/wp-json\/wp\/v2\/types\/post"}],"author":[{"embeddable":true,"href":"https:\/\/drsedattatar.com\/tr\/wp-json\/wp\/v2\/users\/1"}],"replies":[{"embeddable":true,"href":"https:\/\/drsedattatar.com\/tr\/wp-json\/wp\/v2\/comments?post=3214"}],"version-history":[{"count":2,"href":"https:\/\/drsedattatar.com\/tr\/wp-json\/wp\/v2\/posts\/3214\/revisions"}],"predecessor-version":[{"id":3218,"href":"https:\/\/drsedattatar.com\/tr\/wp-json\/wp\/v2\/posts\/3214\/revisions\/3218"}],"wp:featuredmedia":[{"embeddable":true,"href":"https:\/\/drsedattatar.com\/tr\/wp-json\/wp\/v2\/media\/3217"}],"wp:attachment":[{"href":"https:\/\/drsedattatar.com\/tr\/wp-json\/wp\/v2\/media?parent=3214"}],"wp:term":[{"taxonomy":"category","embeddable":true,"href":"https:\/\/drsedattatar.com\/tr\/wp-json\/wp\/v2\/categories?post=3214"},{"taxonomy":"post_tag","embeddable":true,"href":"https:\/\/drsedattatar.com\/tr\/wp-json\/wp\/v2\/tags?post=3214"}],"curies":[{"name":"wp","href":"https:\/\/api.w.org\/{rel}","templated":true}]}}