{"id":3230,"date":"2026-02-10T07:57:05","date_gmt":"2026-02-10T07:57:05","guid":{"rendered":"https:\/\/drsedattatar.com\/tr\/?p=3230"},"modified":"2026-02-10T07:57:07","modified_gmt":"2026-02-10T07:57:07","slug":"estetik-plastik-ve-rekonstruktif-cerrahi-nedir-amaclari-kapsami-ve-uygulama-alanlari","status":"publish","type":"post","link":"https:\/\/drsedattatar.com\/tr\/estetik-plastik-ve-rekonstruktif-cerrahi-nedir-amaclari-kapsami-ve-uygulama-alanlari\/","title":{"rendered":"Estetik, Plastik ve Rekonstr\u00fcktif Cerrahi Nedir? Ama\u00e7lar\u0131, Kapsam\u0131 ve Uygulama Alanlar\u0131"},"content":{"rendered":"\n<p>Estetik, Plastik ve Rekonstr\u00fcktif Cerrahi; insan v\u00fccudunun <strong>\u015fekil, fonksiyon ve b\u00fct\u00fcnl\u00fc\u011f\u00fcn\u00fc<\/strong> korumay\u0131 ve yeniden kazand\u0131rmay\u0131 hedefleyen geni\u015f kapsaml\u0131 bir cerrahi uzmanl\u0131k alan\u0131d\u0131r. Toplumda \u00e7o\u011fu zaman yaln\u0131zca \u201cestetik ameliyatlar\u201d ile \u00f6zde\u015fle\u015ftirilse de bu bran\u015f\u0131n kapsad\u0131\u011f\u0131 alan \u00e7ok daha geni\u015ftir. Do\u011fu\u015ftan gelen anomalilerden travma sonras\u0131 doku kay\u0131plar\u0131na, fonksiyonel bozukluklardan estetik iyile\u015ftirmelere kadar uzanan \u00e7ok boyutlu bir prati\u011fi i\u00e7erir.<\/p>\n\n\n\n<p>Bu yaz\u0131da estetik, plastik ve rekonstr\u00fcktif cerrahinin <strong>ne oldu\u011fu<\/strong>, <strong>hangi ama\u00e7larla uyguland\u0131\u011f\u0131<\/strong>, <strong>hangi alanlar\u0131 kapsad\u0131\u011f\u0131<\/strong> ve <strong>klinik yakla\u015f\u0131m\u0131n\u0131n nas\u0131l \u015fekillendi\u011fi<\/strong> b\u00fct\u00fcnc\u00fcl bir perspektifle ele al\u0131nmaktad\u0131r.<\/p>\n\n\n\n<h2 class=\"wp-block-heading\"><a><\/a><strong>Estetik, Plastik ve Rekonstr\u00fcktif Cerrahi Ne Anlama Gelir?<\/strong><\/h2>\n\n\n\n<p>Bu uzmanl\u0131k alan\u0131n\u0131n ad\u0131 \u00fc\u00e7 temel kavramdan olu\u015fur ve her biri farkl\u0131 bir hedefi temsil eder:<\/p>\n\n\n\n<ul class=\"wp-block-list\">\n<li><strong>Plastik cerrahi<\/strong>, dokular\u0131n \u015fekillendirilmesi, onar\u0131lmas\u0131 ve yeniden yap\u0131land\u0131r\u0131lmas\u0131yla ilgilenir. \u201cPlastik\u201d kelimesi, yapay anlam\u0131na de\u011fil; \u015fekil verme ve yeniden bi\u00e7imlendirme anlam\u0131na gelir.<\/li>\n\n\n\n<li><strong>Rekonstr\u00fcktif cerrahi<\/strong>, do\u011fu\u015ftan gelen anomaliler, travma, t\u00fcm\u00f6r cerrahisi veya enfeksiyon sonras\u0131 olu\u015fan doku kay\u0131plar\u0131n\u0131n onar\u0131m\u0131n\u0131 hedefler.<\/li>\n\n\n\n<li><strong>Estetik cerrahi<\/strong> ise ki\u015finin mevcut anatomisini, oran ve uyum prensipleri do\u011frultusunda daha dengeli ve do\u011fal bir g\u00f6r\u00fcn\u00fcme kavu\u015fturmay\u0131 ama\u00e7lar.<\/li>\n<\/ul>\n\n\n\n<p>Bu \u00fc\u00e7 alan pratikte birbirinden tamamen ayr\u0131 de\u011fildir; \u00e7o\u011fu zaman i\u00e7 i\u00e7e ge\u00e7er ve ayn\u0131 cerrahi bilgi birikimini payla\u015f\u0131r.<\/p>\n\n\n\n<h2 class=\"wp-block-heading\"><a><\/a><strong>Cerrahinin Temel Amac\u0131 Nedir?<\/strong><\/h2>\n\n\n\n<p>Estetik, plastik ve rekonstr\u00fcktif cerrahinin temel amac\u0131 yaln\u0131zca g\u00f6r\u00fcn\u00fcm\u00fc de\u011fi\u015ftirmek de\u011fildir. As\u0131l hedef; <strong>doku fonksiyonunu koruyarak veya yeniden kazand\u0131rarak<\/strong>, ki\u015finin ya\u015fam kalitesini art\u0131rmakt\u0131r.<\/p>\n\n\n\n<p>Bu ama\u00e7lar genel olarak \u015fu ba\u015fl\u0131klarda toplanabilir:<\/p>\n\n\n\n<ul class=\"wp-block-list\">\n<li>Fonksiyon kayb\u0131n\u0131 onarmak<\/li>\n\n\n\n<li>Anatomik b\u00fct\u00fcnl\u00fc\u011f\u00fc yeniden sa\u011flamak<\/li>\n\n\n\n<li>Oran, denge ve uyumu iyile\u015ftirmek<\/li>\n\n\n\n<li>Ki\u015finin beden alg\u0131s\u0131n\u0131 ve \u00f6zg\u00fcvenini desteklemek<\/li>\n\n\n\n<li>Fiziksel oldu\u011fu kadar psikolojik iyilik h\u00e2lini de g\u00f6zetmek<\/li>\n<\/ul>\n\n\n\n<p>Bu nedenle yap\u0131lan her cerrahi giri\u015fim, estetik oldu\u011fu kadar <strong>t\u0131bbi ve fonksiyonel<\/strong> bir de\u011ferlendirme ile planlan\u0131r.<\/p>\n\n\n\n<h2 class=\"wp-block-heading\"><a><\/a><strong>Rekonstr\u00fcktif Cerrahi Hangi Durumlar\u0131 Kapsar?<\/strong><\/h2>\n\n\n\n<p>Rekonstr\u00fcktif cerrahi, bu bran\u015f\u0131n en temel ve tarihsel olarak en eski alan\u0131d\u0131r. Ama\u00e7, normal yap\u0131dan sapm\u0131\u015f veya kaybolmu\u015f dokular\u0131n onar\u0131lmas\u0131d\u0131r.<\/p>\n\n\n\n<p>S\u0131kl\u0131kla kapsad\u0131\u011f\u0131 durumlar:<\/p>\n\n\n\n<ul class=\"wp-block-list\">\n<li>Do\u011fu\u015ftan gelen anomaliler (yar\u0131k dudak-damak, kulak deformiteleri vb.)<\/li>\n\n\n\n<li>Travma sonras\u0131 doku kay\u0131plar\u0131<\/li>\n\n\n\n<li>Yan\u0131klar ve yan\u0131k sekelleri<\/li>\n\n\n\n<li>Kanser cerrahisi sonras\u0131 olu\u015fan doku eksiklikleri<\/li>\n\n\n\n<li>El cerrahisi ve fonksiyon kay\u0131plar\u0131<\/li>\n\n\n\n<li>Yumu\u015fak doku ve cilt defektleri<\/li>\n<\/ul>\n\n\n\n<p>Bu t\u00fcr giri\u015fimlerde estetik kayg\u0131dan \u00f6nce <strong>fonksiyonun geri kazand\u0131r\u0131lmas\u0131<\/strong> \u00f6n plandad\u0131r. Ancak fonksiyonel onar\u0131m ile estetik g\u00f6r\u00fcn\u00fcm \u00e7o\u011fu zaman ayn\u0131 cerrahi plan i\u00e7inde birlikte ele al\u0131n\u0131r.<\/p>\n\n\n\n<h2 class=\"wp-block-heading\"><a><\/a><strong>Estetik Cerrahi Hangi Alanlar\u0131 \u0130\u00e7erir?<\/strong><\/h2>\n\n\n\n<p>Estetik cerrahi, ki\u015finin anatomik olarak sa\u011fl\u0131kl\u0131 olan bir b\u00f6lgesinde <strong>oran, \u015fekil veya kontur iyile\u015ftirmesi<\/strong> yapmay\u0131 hedefler. Buradaki temel yakla\u015f\u0131m, do\u011fal yap\u0131y\u0131 bozmadan, ki\u015fiye \u00f6zg\u00fc ve dengeli sonu\u00e7lar elde etmektir.<\/p>\n\n\n\n<p>En s\u0131k uygulanan estetik cerrahi alanlar\u0131:<\/p>\n\n\n\n<ul class=\"wp-block-list\">\n<li>Y\u00fcz esteti\u011fi (burun, g\u00f6z kapa\u011f\u0131, y\u00fcz germe vb.)<\/li>\n\n\n\n<li>Meme esteti\u011fi (b\u00fcy\u00fctme, k\u00fc\u00e7\u00fcltme, dikle\u015ftirme)<\/li>\n\n\n\n<li>V\u00fccut \u015fekillendirme (liposuction, kar\u0131n germe, Lipo 360)<\/li>\n\n\n\n<li>Popo \u015fekillendirme ve ya\u011f transferleri<\/li>\n\n\n\n<li>Kombine estetik ameliyatlar<\/li>\n<\/ul>\n\n\n\n<p>Bu i\u015flemlerde cerrah\u0131n g\u00f6revi, yaln\u0131zca teknik bir uygulama yapmak de\u011fil; <strong>ki\u015finin beklentisini do\u011fru analiz etmek<\/strong> ve anatomik s\u0131n\u0131rlar i\u00e7inde en uygun sonucu planlamakt\u0131r.<\/p>\n\n\n\n<h2 class=\"wp-block-heading\"><a><\/a><strong>Plastik Cerrahi Neden \u201cKombine\u201d Bir Disiplindir?<\/strong><\/h2>\n\n\n\n<p>Plastik cerrahinin ay\u0131rt edici y\u00f6nlerinden biri, v\u00fccudun tek bir b\u00f6lgesiyle s\u0131n\u0131rl\u0131 olmamas\u0131d\u0131r. Y\u00fcz, g\u00f6vde, ekstremiteler ve yumu\u015fak dokular ayn\u0131 uzmanl\u0131k alan\u0131 i\u00e7inde de\u011ferlendirilir.<\/p>\n\n\n\n<p>Bu durum cerraha \u015fu avantajlar\u0131 sa\u011flar:<\/p>\n\n\n\n<ul class=\"wp-block-list\">\n<li>V\u00fccuda b\u00fct\u00fcnc\u00fcl bak\u0131\u015f a\u00e7\u0131s\u0131<\/li>\n\n\n\n<li>Oran ve dengeyi t\u00fcm beden \u00fczerinden de\u011ferlendirme<\/li>\n\n\n\n<li>Birden fazla b\u00f6lgeyi ayn\u0131 seansta planlayabilme<\/li>\n\n\n\n<li>Fonksiyon ve esteti\u011fi birlikte ele alma<\/li>\n<\/ul>\n\n\n\n<p>\u00d6zellikle kombine ameliyatlarda bu b\u00fct\u00fcnc\u00fcl yakla\u015f\u0131m, hem g\u00fcvenlik hem de sonu\u00e7 kalitesi a\u00e7\u0131s\u0131ndan belirleyici olur.<\/p>\n\n\n\n<h2 class=\"wp-block-heading\"><strong>Estetik Cerrahi \u0130le Rekonstr\u00fcktif Cerrahi Aras\u0131ndaki S\u0131n\u0131r Var m\u0131d\u0131r?<\/strong><\/h2>\n\n\n\n<p>Pratikte bu iki alan aras\u0131nda kesin bir s\u0131n\u0131r yoktur. \u00d6rne\u011fin:<\/p>\n\n\n\n<ul class=\"wp-block-list\">\n<li>Meme k\u00fc\u00e7\u00fcltme ameliyat\u0131 hem estetik hem fonksiyonel bir giri\u015fimdir.<\/li>\n\n\n\n<li>Kar\u0131n germe ameliyat\u0131 hem g\u00f6r\u00fcn\u00fcm\u00fc iyile\u015ftirir hem de kas onar\u0131m\u0131 ile fonksiyon kazand\u0131r\u0131r.<\/li>\n\n\n\n<li>Y\u00fcz rekonstr\u00fcksiyonlar\u0131, estetik prensipler olmadan planlanamaz.<\/li>\n<\/ul>\n\n\n\n<p>Bu nedenle modern plastik cerrahi, <strong>estetik ve rekonstr\u00fcksiyonu ayr\u0131 de\u011fil, tamamlay\u0131c\u0131<\/strong> alanlar olarak ele al\u0131r.<\/p>\n\n\n\n<h2 class=\"wp-block-heading\"><a><\/a><strong>Cerrahi Planlama Nas\u0131l Yap\u0131l\u0131r?<\/strong><\/h2>\n\n\n\n<p>Estetik, plastik ve rekonstr\u00fcktif cerrahide planlama s\u00fcreci en az ameliyat kadar \u00f6nemlidir. Bu s\u00fcre\u00e7 yaln\u0131zca \u201cne yap\u0131laca\u011f\u0131na\u201d de\u011fil, <strong>neden, ne zaman ve nas\u0131l yap\u0131laca\u011f\u0131na<\/strong> da odaklan\u0131r.<\/p>\n\n\n\n<p>Planlamada dikkate al\u0131nan ba\u015fl\u0131ca unsurlar:<\/p>\n\n\n\n<ul class=\"wp-block-list\">\n<li>Hastan\u0131n anatomik yap\u0131s\u0131<\/li>\n\n\n\n<li>Cilt kalitesi ve doku \u00f6zellikleri<\/li>\n\n\n\n<li>Fonksiyonel ihtiya\u00e7lar<\/li>\n\n\n\n<li>Ger\u00e7ek\u00e7i beklentiler<\/li>\n\n\n\n<li>Genel sa\u011fl\u0131k durumu<\/li>\n\n\n\n<li>Psikolojik haz\u0131rl\u0131k<\/li>\n<\/ul>\n\n\n\n<p>Bu de\u011ferlendirme sonucunda cerrah, ki\u015fiye \u00f6zel ve bilimsel temellere dayanan bir yol haritas\u0131 olu\u015fturur.<\/p>\n\n\n\n<h2 class=\"wp-block-heading\"><a><\/a><strong>Estetik Cerrahi Neden Sadece G\u00fczellik Olarak G\u00f6r\u00fclmemelidir?<\/strong><\/h2>\n\n\n\n<p>Estetik cerrahinin yaln\u0131zca d\u0131\u015f g\u00f6r\u00fcn\u00fc\u015fle ili\u015fkilendirilmesi, bu alan\u0131n kapsam\u0131n\u0131 daraltan bir alg\u0131d\u0131r. Oysa bir\u00e7ok estetik giri\u015fim:<\/p>\n\n\n\n<ul class=\"wp-block-list\">\n<li>Ki\u015finin sosyal hayat\u0131n\u0131<\/li>\n\n\n\n<li>Beden alg\u0131s\u0131n\u0131<\/li>\n\n\n\n<li>Psikolojik iyilik h\u00e2lini<\/li>\n\n\n\n<li>G\u00fcnl\u00fck fonksiyonlar\u0131n\u0131<\/li>\n<\/ul>\n\n\n\n<p>do\u011frudan etkiler. Bu nedenle estetik cerrahi, modern t\u0131pta <strong>ya\u015fam kalitesini art\u0131rmaya y\u00f6nelik bir sa\u011fl\u0131k hizmeti<\/strong> olarak de\u011ferlendirilmelidir.<\/p>\n\n\n\n<h2 class=\"wp-block-heading\"><a><\/a><strong>Bilin\u00e7li Hasta Yakla\u015f\u0131m\u0131 Neden \u00d6nemlidir?<\/strong><\/h2>\n\n\n\n<p>Estetik, plastik ve rekonstr\u00fcktif cerrahide ba\u015far\u0131l\u0131 sonu\u00e7; yaln\u0131zca cerrah\u0131n tecr\u00fcbesine de\u011fil, hastan\u0131n bilin\u00e7li kat\u0131l\u0131m\u0131na da ba\u011fl\u0131d\u0131r. Hastan\u0131n s\u00fcreci do\u011fru anlamas\u0131, beklentilerini netle\u015ftirmesi ve cerrah\u0131yla a\u00e7\u0131k ileti\u015fim kurmas\u0131 b\u00fcy\u00fck \u00f6nem ta\u015f\u0131r.<\/p>\n\n\n\n<p>Bilin\u00e7li hasta:<\/p>\n\n\n\n<ul class=\"wp-block-list\">\n<li>Ger\u00e7ek\u00e7i beklentiler geli\u015ftirir<\/li>\n\n\n\n<li>\u0130yile\u015fme s\u00fcrecine daha kolay adapte olur<\/li>\n\n\n\n<li>Sonu\u00e7lardan uzun vadede daha memnun kal\u0131r<\/li>\n<\/ul>\n\n\n\n<p>Bu nedenle bilgilendirme s\u00fcreci, cerrahinin ayr\u0131lmaz bir par\u00e7as\u0131d\u0131r.<\/p>\n\n\n\n<h2 class=\"wp-block-heading\"><a><\/a><strong>Geni\u015f Bir Disiplin, B\u00fct\u00fcnc\u00fcl Bir Yakla\u015f\u0131m<\/strong><\/h2>\n\n\n\n<p>Estetik, plastik ve rekonstr\u00fcktif cerrahi; yaln\u0131zca g\u00f6r\u00fcn\u00fcm\u00fc de\u011fil, <strong>fonksiyonu, dengeyi ve ya\u015fam kalitesini<\/strong> birlikte ele alan bir t\u0131p disiplinidir. Her cerrahi giri\u015fim, ki\u015fiye \u00f6zel planlama ve bilimsel prensiplerle \u015fekillenir. Bu b\u00fct\u00fcnc\u00fcl yakla\u015f\u0131m, alan\u0131n neden bu kadar kapsaml\u0131 ve multidisipliner oldu\u011funu a\u00e7\u0131k\u00e7a ortaya koyar.<\/p>\n\n\n\n<p id=\"block-3a3212d6-f67d-4bfe-9697-5d0a5830a4ad\"><strong>Hekim Bilgisi<\/strong><\/p>\n\n\n\n<p id=\"block-a7476fa1-5aba-49b7-811f-cdbc4833f823\"><strong>Do\u00e7. Dr. Sedat Tatar<\/strong>, iki ayr\u0131 uluslararas\u0131 kurul taraf\u0131ndan sertifikaland\u0131r\u0131lm\u0131\u015f (Double Board Certified) Plastik, Rekonstr\u00fcktif ve Estetik Cerrahi uzman\u0131d\u0131r. <strong>American College of Surgeons Fellow (FACS)<\/strong> ve <strong>European Board of Plastic, Reconstructive and Aesthetic Surgery Fellow (FEBOPRAS)<\/strong> unvanlar\u0131na sahiptir.<\/p>\n\n\n\n<p id=\"block-b4169953-a4b6-437c-9fbd-abc2bc8abbee\">Uluslararas\u0131 profesyonel \u00fcyelikleri aras\u0131nda <strong>ISAPS (International Society of Aesthetic Plastic Surgery)<\/strong> ve <strong>ASPS (American Society of Plastic Surgeons)<\/strong> bulunmaktad\u0131r.<\/p>\n\n\n\n<p id=\"block-c2e51c4f-149d-4f50-a30b-37984cd59e30\">Klini\u011fi \u0130stanbul\u2019da <strong>T\u00fcrkiye Sa\u011fl\u0131k Bakanl\u0131\u011f\u0131 taraf\u0131ndan Sa\u011fl\u0131k Turizmi Merkezi olarak yetkilidir<\/strong> ve \u015firketi <strong>Birle\u015fik Krall\u0131k &amp; Galler&#8217;e kay\u0131tl\u0131d\u0131r.<\/strong><\/p>\n\n\n\n<p id=\"block-a1e9e51a-ae8b-4912-bcf7-569957645885\"><strong>\u0130LET\u0130\u015e\u0130M B\u0130LG\u0130LER\u0130<\/strong><\/p>\n\n\n\n<p id=\"block-35aa5dd5-2dbb-4b8a-a0d0-0568699cd5a2\"><strong>Do\u00e7. Dr. Sedar Tatar Klini\u011fi<\/strong><\/p>\n\n\n\n<p id=\"block-f8c5b5c0-0128-4552-9f9c-0cb3388dc884\"><strong>Telefon No :&nbsp;<\/strong><a href=\"tel:+90%20(555)%20100%2010%2083\">+90 (555) 100 10 83<\/a><br><strong>\u0130leti\u015fim Linki :&nbsp;<\/strong><a href=\"mailto:info@drsedattatar.com\">info@drsedattatar.com<\/a><br><strong>Adres :&nbsp;<\/strong>Levent Mahallesi, Karanfil Aral\u0131\u011f\u0131 Caddesi No: 18 Be\u015fikta\u015f\/\u0130STANBUL<\/p>\n\n\n<div class=\"kk-star-ratings kksr-auto kksr-align-center kksr-valign-bottom\"\n    data-payload='{&quot;align&quot;:&quot;center&quot;,&quot;id&quot;:&quot;3230&quot;,&quot;slug&quot;:&quot;default&quot;,&quot;valign&quot;:&quot;bottom&quot;,&quot;ignore&quot;:&quot;&quot;,&quot;reference&quot;:&quot;auto&quot;,&quot;class&quot;:&quot;&quot;,&quot;count&quot;:&quot;0&quot;,&quot;legendonly&quot;:&quot;&quot;,&quot;readonly&quot;:&quot;&quot;,&quot;score&quot;:&quot;0&quot;,&quot;starsonly&quot;:&quot;&quot;,&quot;best&quot;:&quot;5&quot;,&quot;gap&quot;:&quot;5&quot;,&quot;greet&quot;:&quot;\u0130\u00e7eri\u011fimizi Oylay\u0131n!&quot;,&quot;legend&quot;:&quot;0\\\/5 - (0 oy verildi!)&quot;,&quot;size&quot;:&quot;24&quot;,&quot;title&quot;:&quot;Estetik, Plastik ve Rekonstr\u00fcktif Cerrahi Nedir? Ama\u00e7lar\u0131, Kapsam\u0131 ve Uygulama Alanlar\u0131&quot;,&quot;width&quot;:&quot;0&quot;,&quot;_legend&quot;:&quot;{score}\\\/{best} - ({count} oy verildi!)&quot;,&quot;font_factor&quot;:&quot;1.25&quot;}'>\n            \n<div class=\"kksr-stars\">\n    \n<div class=\"kksr-stars-inactive\">\n            <div class=\"kksr-star\" data-star=\"1\" style=\"padding-right: 5px\">\n            \n\n<div class=\"kksr-icon\" style=\"width: 24px; height: 24px;\"><\/div>\n        <\/div>\n            <div class=\"kksr-star\" data-star=\"2\" style=\"padding-right: 5px\">\n            \n\n<div class=\"kksr-icon\" style=\"width: 24px; height: 24px;\"><\/div>\n        <\/div>\n            <div class=\"kksr-star\" data-star=\"3\" style=\"padding-right: 5px\">\n            \n\n<div class=\"kksr-icon\" style=\"width: 24px; height: 24px;\"><\/div>\n        <\/div>\n            <div class=\"kksr-star\" data-star=\"4\" style=\"padding-right: 5px\">\n            \n\n<div class=\"kksr-icon\" style=\"width: 24px; height: 24px;\"><\/div>\n        <\/div>\n            <div class=\"kksr-star\" data-star=\"5\" style=\"padding-right: 5px\">\n            \n\n<div class=\"kksr-icon\" style=\"width: 24px; height: 24px;\"><\/div>\n        <\/div>\n    <\/div>\n    \n<div class=\"kksr-stars-active\" style=\"width: 0px;\">\n            <div class=\"kksr-star\" style=\"padding-right: 5px\">\n            \n\n<div class=\"kksr-icon\" style=\"width: 24px; height: 24px;\"><\/div>\n        <\/div>\n            <div class=\"kksr-star\" style=\"padding-right: 5px\">\n            \n\n<div class=\"kksr-icon\" style=\"width: 24px; height: 24px;\"><\/div>\n        <\/div>\n            <div class=\"kksr-star\" style=\"padding-right: 5px\">\n            \n\n<div class=\"kksr-icon\" style=\"width: 24px; height: 24px;\"><\/div>\n        <\/div>\n            <div class=\"kksr-star\" style=\"padding-right: 5px\">\n            \n\n<div class=\"kksr-icon\" style=\"width: 24px; height: 24px;\"><\/div>\n        <\/div>\n            <div class=\"kksr-star\" style=\"padding-right: 5px\">\n            \n\n<div class=\"kksr-icon\" style=\"width: 24px; height: 24px;\"><\/div>\n        <\/div>\n    <\/div>\n<\/div>\n                \n\n<div class=\"kksr-legend\" style=\"font-size: 19.2px;\">\n            <span class=\"kksr-muted\">\u0130\u00e7eri\u011fimizi Oylay\u0131n!<\/span>\n    <\/div>\n    <\/div>\n","protected":false},"excerpt":{"rendered":"<p>Estetik, Plastik ve Rekonstr\u00fcktif Cerrahi; insan v\u00fccudunun \u015fekil, fonksiyon ve b\u00fct\u00fcnl\u00fc\u011f\u00fcn\u00fc korumay\u0131 ve yeniden kazand\u0131rmay\u0131 hedefleyen geni\u015f kapsaml\u0131 bir cerrahi uzmanl\u0131k alan\u0131d\u0131r. Toplumda \u00e7o\u011fu zaman yaln\u0131zca \u201cestetik ameliyatlar\u201d ile \u00f6zde\u015fle\u015ftirilse de bu bran\u015f\u0131n kapsad\u0131\u011f\u0131 alan \u00e7ok daha geni\u015ftir. Do\u011fu\u015ftan gelen anomalilerden travma sonras\u0131 doku kay\u0131plar\u0131na, fonksiyonel bozukluklardan estetik iyile\u015ftirmelere kadar uzanan \u00e7ok boyutlu bir prati\u011fi i\u00e7erir.<\/p>\n","protected":false},"author":1,"featured_media":3233,"comment_status":"closed","ping_status":"open","sticky":false,"template":"","format":"standard","meta":{"_kad_blocks_custom_css":"","_kad_blocks_head_custom_js":"","_kad_blocks_body_custom_js":"","_kad_blocks_footer_custom_js":"","_kadence_starter_templates_imported_post":false,"_kad_post_transparent":"","_kad_post_title":"","_kad_post_layout":"","_kad_post_sidebar_id":"","_kad_post_content_style":"","_kad_post_vertical_padding":"","_kad_post_feature":"","_kad_post_feature_position":"","_kad_post_header":false,"_kad_post_footer":false,"footnotes":""},"categories":[14],"tags":[],"class_list":["post-3230","post","type-post","status-publish","format-standard","has-post-thumbnail","hentry","category-plastik-cerrahi-blog"],"yoast_head":"<!-- This site is optimized with the Yoast SEO plugin v25.9 - https:\/\/yoast.com\/wordpress\/plugins\/seo\/ -->\n<title>Estetik, Plastik ve Rekonstr\u00fcktif Cerrahi Nedir? Ama\u00e7lar\u0131, Kapsam\u0131 ve Uygulama Alanlar\u0131 - \u0130stanbul Estetik, Plastik ve Rekonstr\u00fcktif Cerrahi - Do\u00e7. Dr. Sedat Tatar<\/title>\n<meta name=\"description\" content=\"Estetik, plastik ve rekonstr\u00fcktif cerrahi nedir? Ama\u00e7lar\u0131, kapsad\u0131\u011f\u0131 alanlar ve klinik yakla\u015f\u0131m\u0131 b\u00fct\u00fcnc\u00fcl bak\u0131\u015fla ele al\u0131n\u0131yor.\" \/>\n<meta name=\"robots\" content=\"index, follow, max-snippet:-1, max-image-preview:large, max-video-preview:-1\" \/>\n<link rel=\"canonical\" href=\"https:\/\/drsedattatar.com\/tr\/estetik-plastik-ve-rekonstruktif-cerrahi-nedir-amaclari-kapsami-ve-uygulama-alanlari\/\" \/>\n<meta property=\"og:locale\" content=\"tr_TR\" \/>\n<meta property=\"og:type\" content=\"article\" \/>\n<meta property=\"og:title\" content=\"Estetik, Plastik ve Rekonstr\u00fcktif Cerrahi Nedir? Ama\u00e7lar\u0131, Kapsam\u0131 ve Uygulama Alanlar\u0131 - \u0130stanbul Estetik, Plastik ve Rekonstr\u00fcktif Cerrahi - Do\u00e7. Dr. Sedat Tatar\" \/>\n<meta property=\"og:description\" content=\"Estetik, plastik ve rekonstr\u00fcktif cerrahi nedir? Ama\u00e7lar\u0131, kapsad\u0131\u011f\u0131 alanlar ve klinik yakla\u015f\u0131m\u0131 b\u00fct\u00fcnc\u00fcl bak\u0131\u015fla ele al\u0131n\u0131yor.\" \/>\n<meta property=\"og:url\" content=\"https:\/\/drsedattatar.com\/tr\/estetik-plastik-ve-rekonstruktif-cerrahi-nedir-amaclari-kapsami-ve-uygulama-alanlari\/\" \/>\n<meta property=\"og:site_name\" content=\"\u0130stanbul Estetik, Plastik ve Rekonstr\u00fcktif Cerrahi - Do\u00e7. Dr. Sedat Tatar\" \/>\n<meta property=\"article:published_time\" content=\"2026-02-10T07:57:05+00:00\" \/>\n<meta property=\"article:modified_time\" content=\"2026-02-10T07:57:07+00:00\" \/>\n<meta property=\"og:image\" content=\"https:\/\/drsedattatar.com\/tr\/wp-content\/uploads\/2026\/02\/103-Kapak-TR.png\" \/>\n\t<meta property=\"og:image:width\" content=\"1920\" \/>\n\t<meta property=\"og:image:height\" content=\"1080\" \/>\n\t<meta property=\"og:image:type\" content=\"image\/png\" \/>\n<meta name=\"author\" content=\"Sedat Tatar\" \/>\n<meta name=\"twitter:card\" content=\"summary_large_image\" \/>\n<meta name=\"twitter:label1\" content=\"Yazan:\" \/>\n\t<meta name=\"twitter:data1\" content=\"Sedat Tatar\" \/>\n\t<meta name=\"twitter:label2\" content=\"Tahmini okuma s\u00fcresi\" \/>\n\t<meta name=\"twitter:data2\" content=\"6 dakika\" \/>\n<script type=\"application\/ld+json\" class=\"yoast-schema-graph\">{\"@context\":\"https:\/\/schema.org\",\"@graph\":[{\"@type\":\"Article\",\"@id\":\"https:\/\/drsedattatar.com\/tr\/estetik-plastik-ve-rekonstruktif-cerrahi-nedir-amaclari-kapsami-ve-uygulama-alanlari\/#article\",\"isPartOf\":{\"@id\":\"https:\/\/drsedattatar.com\/tr\/estetik-plastik-ve-rekonstruktif-cerrahi-nedir-amaclari-kapsami-ve-uygulama-alanlari\/\"},\"author\":{\"name\":\"Sedat Tatar\",\"@id\":\"https:\/\/drsedattatar.com\/tr\/#\/schema\/person\/aa22f82cb49cf6b0e8e4c2fdd472308a\"},\"headline\":\"Estetik, Plastik ve Rekonstr\u00fcktif Cerrahi Nedir? Ama\u00e7lar\u0131, Kapsam\u0131 ve Uygulama Alanlar\u0131\",\"datePublished\":\"2026-02-10T07:57:05+00:00\",\"dateModified\":\"2026-02-10T07:57:07+00:00\",\"mainEntityOfPage\":{\"@id\":\"https:\/\/drsedattatar.com\/tr\/estetik-plastik-ve-rekonstruktif-cerrahi-nedir-amaclari-kapsami-ve-uygulama-alanlari\/\"},\"wordCount\":1290,\"publisher\":{\"@id\":\"https:\/\/drsedattatar.com\/tr\/#organization\"},\"image\":{\"@id\":\"https:\/\/drsedattatar.com\/tr\/estetik-plastik-ve-rekonstruktif-cerrahi-nedir-amaclari-kapsami-ve-uygulama-alanlari\/#primaryimage\"},\"thumbnailUrl\":\"https:\/\/drsedattatar.com\/tr\/wp-content\/uploads\/2026\/02\/103-Kapak-TR.png\",\"articleSection\":[\"Plastik Cerrahi Blog\"],\"inLanguage\":\"tr\"},{\"@type\":\"WebPage\",\"@id\":\"https:\/\/drsedattatar.com\/tr\/estetik-plastik-ve-rekonstruktif-cerrahi-nedir-amaclari-kapsami-ve-uygulama-alanlari\/\",\"url\":\"https:\/\/drsedattatar.com\/tr\/estetik-plastik-ve-rekonstruktif-cerrahi-nedir-amaclari-kapsami-ve-uygulama-alanlari\/\",\"name\":\"Estetik, Plastik ve Rekonstr\u00fcktif Cerrahi Nedir? Ama\u00e7lar\u0131, Kapsam\u0131 ve Uygulama Alanlar\u0131 - \u0130stanbul Estetik, Plastik ve Rekonstr\u00fcktif Cerrahi - Do\u00e7. Dr. Sedat Tatar\",\"isPartOf\":{\"@id\":\"https:\/\/drsedattatar.com\/tr\/#website\"},\"primaryImageOfPage\":{\"@id\":\"https:\/\/drsedattatar.com\/tr\/estetik-plastik-ve-rekonstruktif-cerrahi-nedir-amaclari-kapsami-ve-uygulama-alanlari\/#primaryimage\"},\"image\":{\"@id\":\"https:\/\/drsedattatar.com\/tr\/estetik-plastik-ve-rekonstruktif-cerrahi-nedir-amaclari-kapsami-ve-uygulama-alanlari\/#primaryimage\"},\"thumbnailUrl\":\"https:\/\/drsedattatar.com\/tr\/wp-content\/uploads\/2026\/02\/103-Kapak-TR.png\",\"datePublished\":\"2026-02-10T07:57:05+00:00\",\"dateModified\":\"2026-02-10T07:57:07+00:00\",\"description\":\"Estetik, plastik ve rekonstr\u00fcktif cerrahi nedir? Ama\u00e7lar\u0131, kapsad\u0131\u011f\u0131 alanlar ve klinik yakla\u015f\u0131m\u0131 b\u00fct\u00fcnc\u00fcl bak\u0131\u015fla ele al\u0131n\u0131yor.\",\"breadcrumb\":{\"@id\":\"https:\/\/drsedattatar.com\/tr\/estetik-plastik-ve-rekonstruktif-cerrahi-nedir-amaclari-kapsami-ve-uygulama-alanlari\/#breadcrumb\"},\"inLanguage\":\"tr\",\"potentialAction\":[{\"@type\":\"ReadAction\",\"target\":[\"https:\/\/drsedattatar.com\/tr\/estetik-plastik-ve-rekonstruktif-cerrahi-nedir-amaclari-kapsami-ve-uygulama-alanlari\/\"]}]},{\"@type\":\"ImageObject\",\"inLanguage\":\"tr\",\"@id\":\"https:\/\/drsedattatar.com\/tr\/estetik-plastik-ve-rekonstruktif-cerrahi-nedir-amaclari-kapsami-ve-uygulama-alanlari\/#primaryimage\",\"url\":\"https:\/\/drsedattatar.com\/tr\/wp-content\/uploads\/2026\/02\/103-Kapak-TR.png\",\"contentUrl\":\"https:\/\/drsedattatar.com\/tr\/wp-content\/uploads\/2026\/02\/103-Kapak-TR.png\",\"width\":1920,\"height\":1080},{\"@type\":\"BreadcrumbList\",\"@id\":\"https:\/\/drsedattatar.com\/tr\/estetik-plastik-ve-rekonstruktif-cerrahi-nedir-amaclari-kapsami-ve-uygulama-alanlari\/#breadcrumb\",\"itemListElement\":[{\"@type\":\"ListItem\",\"position\":1,\"name\":\"Anasayfa\",\"item\":\"https:\/\/drsedattatar.com\/tr\/\"},{\"@type\":\"ListItem\",\"position\":2,\"name\":\"Estetik, Plastik ve Rekonstr\u00fcktif Cerrahi Nedir? Ama\u00e7lar\u0131, Kapsam\u0131 ve Uygulama Alanlar\u0131\"}]},{\"@type\":\"WebSite\",\"@id\":\"https:\/\/drsedattatar.com\/tr\/#website\",\"url\":\"https:\/\/drsedattatar.com\/tr\/\",\"name\":\"\u0130stanbul Estetik, Plastik ve Rekonstr\u00fcktif Cerrahi - Do\u00e7. Dr. Sedat Tatar\",\"description\":\"\u0130stanbul Estetik, Plastik ve Rekonstr\u00fcktif Cerrahi alan\u0131nda deneyimli Do\u00e7. Dr. Sedat Tatar ile hayallerinizi ger\u00e7e\u011fe d\u00f6n\u00fc\u015ft\u00fcr\u00fcn ve kendinizi en iyi \u015fekilde hissedin.\",\"publisher\":{\"@id\":\"https:\/\/drsedattatar.com\/tr\/#organization\"},\"potentialAction\":[{\"@type\":\"SearchAction\",\"target\":{\"@type\":\"EntryPoint\",\"urlTemplate\":\"https:\/\/drsedattatar.com\/tr\/?s={search_term_string}\"},\"query-input\":{\"@type\":\"PropertyValueSpecification\",\"valueRequired\":true,\"valueName\":\"search_term_string\"}}],\"inLanguage\":\"tr\"},{\"@type\":\"Organization\",\"@id\":\"https:\/\/drsedattatar.com\/tr\/#organization\",\"name\":\"\u0130stanbul Estetik, Plastik ve Rekonstr\u00fcktif Cerrahi - Do\u00e7. Dr. Sedat Tatar\",\"url\":\"https:\/\/drsedattatar.com\/tr\/\",\"logo\":{\"@type\":\"ImageObject\",\"inLanguage\":\"tr\",\"@id\":\"https:\/\/drsedattatar.com\/tr\/#\/schema\/logo\/image\/\",\"url\":\"https:\/\/drsedattatar.com\/tr\/wp-content\/uploads\/2023\/06\/cropped-cropped-cropped-dr-sedat-tatar-estetik-plastik-logo.webp\",\"contentUrl\":\"https:\/\/drsedattatar.com\/tr\/wp-content\/uploads\/2023\/06\/cropped-cropped-cropped-dr-sedat-tatar-estetik-plastik-logo.webp\",\"width\":1505,\"height\":602,\"caption\":\"\u0130stanbul Estetik, Plastik ve Rekonstr\u00fcktif Cerrahi - Do\u00e7. Dr. Sedat Tatar\"},\"image\":{\"@id\":\"https:\/\/drsedattatar.com\/tr\/#\/schema\/logo\/image\/\"}},{\"@type\":\"Person\",\"@id\":\"https:\/\/drsedattatar.com\/tr\/#\/schema\/person\/aa22f82cb49cf6b0e8e4c2fdd472308a\",\"name\":\"Sedat Tatar\",\"image\":{\"@type\":\"ImageObject\",\"inLanguage\":\"tr\",\"@id\":\"https:\/\/drsedattatar.com\/tr\/#\/schema\/person\/image\/\",\"url\":\"https:\/\/secure.gravatar.com\/avatar\/dea798d972982cc67ccc601a56275438ae42ec5d4557bb1f2fb426553e72d1a1?s=96&d=mm&r=g\",\"contentUrl\":\"https:\/\/secure.gravatar.com\/avatar\/dea798d972982cc67ccc601a56275438ae42ec5d4557bb1f2fb426553e72d1a1?s=96&d=mm&r=g\",\"caption\":\"Sedat Tatar\"},\"sameAs\":[\"http:\/\/drsedattatar.com\/tr\"],\"url\":\"https:\/\/drsedattatar.com\/tr\/author\/admin\/\"}]}<\/script>\n<!-- \/ Yoast SEO plugin. -->","yoast_head_json":{"title":"Estetik, Plastik ve Rekonstr\u00fcktif Cerrahi Nedir? Ama\u00e7lar\u0131, Kapsam\u0131 ve Uygulama Alanlar\u0131 - \u0130stanbul Estetik, Plastik ve Rekonstr\u00fcktif Cerrahi - Do\u00e7. Dr. Sedat Tatar","description":"Estetik, plastik ve rekonstr\u00fcktif cerrahi nedir? Ama\u00e7lar\u0131, kapsad\u0131\u011f\u0131 alanlar ve klinik yakla\u015f\u0131m\u0131 b\u00fct\u00fcnc\u00fcl bak\u0131\u015fla ele al\u0131n\u0131yor.","robots":{"index":"index","follow":"follow","max-snippet":"max-snippet:-1","max-image-preview":"max-image-preview:large","max-video-preview":"max-video-preview:-1"},"canonical":"https:\/\/drsedattatar.com\/tr\/estetik-plastik-ve-rekonstruktif-cerrahi-nedir-amaclari-kapsami-ve-uygulama-alanlari\/","og_locale":"tr_TR","og_type":"article","og_title":"Estetik, Plastik ve Rekonstr\u00fcktif Cerrahi Nedir? Ama\u00e7lar\u0131, Kapsam\u0131 ve Uygulama Alanlar\u0131 - \u0130stanbul Estetik, Plastik ve Rekonstr\u00fcktif Cerrahi - Do\u00e7. Dr. Sedat Tatar","og_description":"Estetik, plastik ve rekonstr\u00fcktif cerrahi nedir? Ama\u00e7lar\u0131, kapsad\u0131\u011f\u0131 alanlar ve klinik yakla\u015f\u0131m\u0131 b\u00fct\u00fcnc\u00fcl bak\u0131\u015fla ele al\u0131n\u0131yor.","og_url":"https:\/\/drsedattatar.com\/tr\/estetik-plastik-ve-rekonstruktif-cerrahi-nedir-amaclari-kapsami-ve-uygulama-alanlari\/","og_site_name":"\u0130stanbul Estetik, Plastik ve Rekonstr\u00fcktif Cerrahi - Do\u00e7. Dr. Sedat Tatar","article_published_time":"2026-02-10T07:57:05+00:00","article_modified_time":"2026-02-10T07:57:07+00:00","og_image":[{"width":1920,"height":1080,"url":"https:\/\/drsedattatar.com\/tr\/wp-content\/uploads\/2026\/02\/103-Kapak-TR.png","type":"image\/png"}],"author":"Sedat Tatar","twitter_card":"summary_large_image","twitter_misc":{"Yazan:":"Sedat Tatar","Tahmini okuma s\u00fcresi":"6 dakika"},"schema":{"@context":"https:\/\/schema.org","@graph":[{"@type":"Article","@id":"https:\/\/drsedattatar.com\/tr\/estetik-plastik-ve-rekonstruktif-cerrahi-nedir-amaclari-kapsami-ve-uygulama-alanlari\/#article","isPartOf":{"@id":"https:\/\/drsedattatar.com\/tr\/estetik-plastik-ve-rekonstruktif-cerrahi-nedir-amaclari-kapsami-ve-uygulama-alanlari\/"},"author":{"name":"Sedat Tatar","@id":"https:\/\/drsedattatar.com\/tr\/#\/schema\/person\/aa22f82cb49cf6b0e8e4c2fdd472308a"},"headline":"Estetik, Plastik ve Rekonstr\u00fcktif Cerrahi Nedir? Ama\u00e7lar\u0131, Kapsam\u0131 ve Uygulama Alanlar\u0131","datePublished":"2026-02-10T07:57:05+00:00","dateModified":"2026-02-10T07:57:07+00:00","mainEntityOfPage":{"@id":"https:\/\/drsedattatar.com\/tr\/estetik-plastik-ve-rekonstruktif-cerrahi-nedir-amaclari-kapsami-ve-uygulama-alanlari\/"},"wordCount":1290,"publisher":{"@id":"https:\/\/drsedattatar.com\/tr\/#organization"},"image":{"@id":"https:\/\/drsedattatar.com\/tr\/estetik-plastik-ve-rekonstruktif-cerrahi-nedir-amaclari-kapsami-ve-uygulama-alanlari\/#primaryimage"},"thumbnailUrl":"https:\/\/drsedattatar.com\/tr\/wp-content\/uploads\/2026\/02\/103-Kapak-TR.png","articleSection":["Plastik Cerrahi Blog"],"inLanguage":"tr"},{"@type":"WebPage","@id":"https:\/\/drsedattatar.com\/tr\/estetik-plastik-ve-rekonstruktif-cerrahi-nedir-amaclari-kapsami-ve-uygulama-alanlari\/","url":"https:\/\/drsedattatar.com\/tr\/estetik-plastik-ve-rekonstruktif-cerrahi-nedir-amaclari-kapsami-ve-uygulama-alanlari\/","name":"Estetik, Plastik ve Rekonstr\u00fcktif Cerrahi Nedir? Ama\u00e7lar\u0131, Kapsam\u0131 ve Uygulama Alanlar\u0131 - \u0130stanbul Estetik, Plastik ve Rekonstr\u00fcktif Cerrahi - Do\u00e7. Dr. Sedat Tatar","isPartOf":{"@id":"https:\/\/drsedattatar.com\/tr\/#website"},"primaryImageOfPage":{"@id":"https:\/\/drsedattatar.com\/tr\/estetik-plastik-ve-rekonstruktif-cerrahi-nedir-amaclari-kapsami-ve-uygulama-alanlari\/#primaryimage"},"image":{"@id":"https:\/\/drsedattatar.com\/tr\/estetik-plastik-ve-rekonstruktif-cerrahi-nedir-amaclari-kapsami-ve-uygulama-alanlari\/#primaryimage"},"thumbnailUrl":"https:\/\/drsedattatar.com\/tr\/wp-content\/uploads\/2026\/02\/103-Kapak-TR.png","datePublished":"2026-02-10T07:57:05+00:00","dateModified":"2026-02-10T07:57:07+00:00","description":"Estetik, plastik ve rekonstr\u00fcktif cerrahi nedir? Ama\u00e7lar\u0131, kapsad\u0131\u011f\u0131 alanlar ve klinik yakla\u015f\u0131m\u0131 b\u00fct\u00fcnc\u00fcl bak\u0131\u015fla ele al\u0131n\u0131yor.","breadcrumb":{"@id":"https:\/\/drsedattatar.com\/tr\/estetik-plastik-ve-rekonstruktif-cerrahi-nedir-amaclari-kapsami-ve-uygulama-alanlari\/#breadcrumb"},"inLanguage":"tr","potentialAction":[{"@type":"ReadAction","target":["https:\/\/drsedattatar.com\/tr\/estetik-plastik-ve-rekonstruktif-cerrahi-nedir-amaclari-kapsami-ve-uygulama-alanlari\/"]}]},{"@type":"ImageObject","inLanguage":"tr","@id":"https:\/\/drsedattatar.com\/tr\/estetik-plastik-ve-rekonstruktif-cerrahi-nedir-amaclari-kapsami-ve-uygulama-alanlari\/#primaryimage","url":"https:\/\/drsedattatar.com\/tr\/wp-content\/uploads\/2026\/02\/103-Kapak-TR.png","contentUrl":"https:\/\/drsedattatar.com\/tr\/wp-content\/uploads\/2026\/02\/103-Kapak-TR.png","width":1920,"height":1080},{"@type":"BreadcrumbList","@id":"https:\/\/drsedattatar.com\/tr\/estetik-plastik-ve-rekonstruktif-cerrahi-nedir-amaclari-kapsami-ve-uygulama-alanlari\/#breadcrumb","itemListElement":[{"@type":"ListItem","position":1,"name":"Anasayfa","item":"https:\/\/drsedattatar.com\/tr\/"},{"@type":"ListItem","position":2,"name":"Estetik, Plastik ve Rekonstr\u00fcktif Cerrahi Nedir? Ama\u00e7lar\u0131, Kapsam\u0131 ve Uygulama Alanlar\u0131"}]},{"@type":"WebSite","@id":"https:\/\/drsedattatar.com\/tr\/#website","url":"https:\/\/drsedattatar.com\/tr\/","name":"\u0130stanbul Estetik, Plastik ve Rekonstr\u00fcktif Cerrahi - Do\u00e7. Dr. Sedat Tatar","description":"\u0130stanbul Estetik, Plastik ve Rekonstr\u00fcktif Cerrahi alan\u0131nda deneyimli Do\u00e7. Dr. Sedat Tatar ile hayallerinizi ger\u00e7e\u011fe d\u00f6n\u00fc\u015ft\u00fcr\u00fcn ve kendinizi en iyi \u015fekilde hissedin.","publisher":{"@id":"https:\/\/drsedattatar.com\/tr\/#organization"},"potentialAction":[{"@type":"SearchAction","target":{"@type":"EntryPoint","urlTemplate":"https:\/\/drsedattatar.com\/tr\/?s={search_term_string}"},"query-input":{"@type":"PropertyValueSpecification","valueRequired":true,"valueName":"search_term_string"}}],"inLanguage":"tr"},{"@type":"Organization","@id":"https:\/\/drsedattatar.com\/tr\/#organization","name":"\u0130stanbul Estetik, Plastik ve Rekonstr\u00fcktif Cerrahi - Do\u00e7. Dr. Sedat Tatar","url":"https:\/\/drsedattatar.com\/tr\/","logo":{"@type":"ImageObject","inLanguage":"tr","@id":"https:\/\/drsedattatar.com\/tr\/#\/schema\/logo\/image\/","url":"https:\/\/drsedattatar.com\/tr\/wp-content\/uploads\/2023\/06\/cropped-cropped-cropped-dr-sedat-tatar-estetik-plastik-logo.webp","contentUrl":"https:\/\/drsedattatar.com\/tr\/wp-content\/uploads\/2023\/06\/cropped-cropped-cropped-dr-sedat-tatar-estetik-plastik-logo.webp","width":1505,"height":602,"caption":"\u0130stanbul Estetik, Plastik ve Rekonstr\u00fcktif Cerrahi - Do\u00e7. Dr. Sedat Tatar"},"image":{"@id":"https:\/\/drsedattatar.com\/tr\/#\/schema\/logo\/image\/"}},{"@type":"Person","@id":"https:\/\/drsedattatar.com\/tr\/#\/schema\/person\/aa22f82cb49cf6b0e8e4c2fdd472308a","name":"Sedat Tatar","image":{"@type":"ImageObject","inLanguage":"tr","@id":"https:\/\/drsedattatar.com\/tr\/#\/schema\/person\/image\/","url":"https:\/\/secure.gravatar.com\/avatar\/dea798d972982cc67ccc601a56275438ae42ec5d4557bb1f2fb426553e72d1a1?s=96&d=mm&r=g","contentUrl":"https:\/\/secure.gravatar.com\/avatar\/dea798d972982cc67ccc601a56275438ae42ec5d4557bb1f2fb426553e72d1a1?s=96&d=mm&r=g","caption":"Sedat Tatar"},"sameAs":["http:\/\/drsedattatar.com\/tr"],"url":"https:\/\/drsedattatar.com\/tr\/author\/admin\/"}]}},"taxonomy_info":{"category":[{"value":14,"label":"Plastik Cerrahi Blog"}]},"featured_image_src_large":["https:\/\/drsedattatar.com\/tr\/wp-content\/uploads\/2026\/02\/103-Kapak-TR-1024x576.png",1024,576,true],"author_info":{"display_name":"Sedat Tatar","author_link":"https:\/\/drsedattatar.com\/tr\/author\/admin\/"},"comment_info":0,"category_info":[{"term_id":14,"name":"Plastik Cerrahi Blog","slug":"plastik-cerrahi-blog","term_group":0,"term_taxonomy_id":14,"taxonomy":"category","description":"","parent":0,"count":155,"filter":"raw","cat_ID":14,"category_count":155,"category_description":"","cat_name":"Plastik Cerrahi Blog","category_nicename":"plastik-cerrahi-blog","category_parent":0}],"tag_info":false,"_links":{"self":[{"href":"https:\/\/drsedattatar.com\/tr\/wp-json\/wp\/v2\/posts\/3230","targetHints":{"allow":["GET"]}}],"collection":[{"href":"https:\/\/drsedattatar.com\/tr\/wp-json\/wp\/v2\/posts"}],"about":[{"href":"https:\/\/drsedattatar.com\/tr\/wp-json\/wp\/v2\/types\/post"}],"author":[{"embeddable":true,"href":"https:\/\/drsedattatar.com\/tr\/wp-json\/wp\/v2\/users\/1"}],"replies":[{"embeddable":true,"href":"https:\/\/drsedattatar.com\/tr\/wp-json\/wp\/v2\/comments?post=3230"}],"version-history":[{"count":2,"href":"https:\/\/drsedattatar.com\/tr\/wp-json\/wp\/v2\/posts\/3230\/revisions"}],"predecessor-version":[{"id":3232,"href":"https:\/\/drsedattatar.com\/tr\/wp-json\/wp\/v2\/posts\/3230\/revisions\/3232"}],"wp:featuredmedia":[{"embeddable":true,"href":"https:\/\/drsedattatar.com\/tr\/wp-json\/wp\/v2\/media\/3233"}],"wp:attachment":[{"href":"https:\/\/drsedattatar.com\/tr\/wp-json\/wp\/v2\/media?parent=3230"}],"wp:term":[{"taxonomy":"category","embeddable":true,"href":"https:\/\/drsedattatar.com\/tr\/wp-json\/wp\/v2\/categories?post=3230"},{"taxonomy":"post_tag","embeddable":true,"href":"https:\/\/drsedattatar.com\/tr\/wp-json\/wp\/v2\/tags?post=3230"}],"curies":[{"name":"wp","href":"https:\/\/api.w.org\/{rel}","templated":true}]}}