{"id":3234,"date":"2026-02-10T08:03:00","date_gmt":"2026-02-10T08:03:00","guid":{"rendered":"https:\/\/drsedattatar.com\/tr\/?p=3234"},"modified":"2026-02-10T08:03:01","modified_gmt":"2026-02-10T08:03:01","slug":"yuz-germe-ve-mini-yuz-germe-arasindaki-farklar-nedir","status":"publish","type":"post","link":"https:\/\/drsedattatar.com\/tr\/yuz-germe-ve-mini-yuz-germe-arasindaki-farklar-nedir\/","title":{"rendered":"Y\u00fcz Germe ve Mini Y\u00fcz Germe Aras\u0131ndaki Farklar Nedir?"},"content":{"rendered":"\n<p>Y\u00fcz b\u00f6lgesi, ya\u015flanma belirtilerinin en erken ve en belirgin \u015fekilde ortaya \u00e7\u0131kt\u0131\u011f\u0131 anatomik alanlardan biridir. Zamanla cilt elastikiyetinin azalmas\u0131, yer \u00e7ekiminin etkisi, y\u00fcz ya\u011f dokular\u0131n\u0131n yer de\u011fi\u015ftirmesi ve kas\u2013ba\u011f dokusu gev\u015femesi; y\u00fcz hatlar\u0131nda sarkma, derinle\u015fmi\u015f \u00e7izgiler ve yorgun bir ifade olu\u015fmas\u0131na neden olur. Bu noktada y\u00fcz germe cerrahisi, yaln\u0131zca cildi de\u011fil, y\u00fcz\u00fcn derin anatomik yap\u0131lar\u0131n\u0131 da hedef alarak daha dinlenmi\u015f ve dengeli bir g\u00f6r\u00fcn\u00fcm sa\u011flamay\u0131 ama\u00e7lar.<\/p>\n\n\n\n<p>Ancak y\u00fcz germe tek bir ameliyat t\u00fcr\u00fc de\u011fildir. Hastan\u0131n ya\u015f\u0131, cilt kalitesi, sarkman\u0131n derecesi ve beklentilerine g\u00f6re <strong>tam y\u00fcz germe (facelift)<\/strong> veya <strong>mini y\u00fcz germe<\/strong> se\u00e7enekleri g\u00fcndeme gelir. Bu iki y\u00f6ntem s\u0131k\u00e7a birbiriyle kar\u0131\u015ft\u0131r\u0131lsa da kapsamlar\u0131, hedefleri ve sonu\u00e7lar\u0131 a\u00e7\u0131s\u0131ndan belirgin farklar i\u00e7erir.<\/p>\n\n\n\n<p>Bu yaz\u0131da y\u00fcz germe ve mini y\u00fcz germe aras\u0131ndaki farklar\u0131; <strong>kime hangi y\u00f6ntemin uygun oldu\u011fu<\/strong>, <strong>hangi sorunlar\u0131 \u00e7\u00f6zd\u00fc\u011f\u00fc<\/strong> ve <strong>nas\u0131l bir sonu\u00e7 beklenmesi gerekti\u011fi<\/strong> \u00e7er\u00e7evesinde ele al\u0131yoruz.<\/p>\n\n\n\n<h2 class=\"wp-block-heading\"><a><\/a><strong>Y\u00fcz Germe Ameliyat\u0131 Nedir?<\/strong><\/h2>\n\n\n\n<p>Y\u00fcz germe (rhytidectomy), y\u00fcz ve boyun b\u00f6lgesinde olu\u015fan ileri d\u00fczey sarkma ve gev\u015femeyi d\u00fczeltmeyi hedefleyen kapsaml\u0131 bir cerrahi i\u015flemdir. Bu ameliyatta ama\u00e7 yaln\u0131zca cildi germek de\u011fildir; y\u00fcz\u00fcn derin destek dokusu olan <strong>SMAS tabakas\u0131<\/strong> yeniden konumland\u0131r\u0131l\u0131r ve gev\u015feyen yap\u0131lar anatomik yerine al\u0131n\u0131r.<\/p>\n\n\n\n<p>Y\u00fcz germe ile hedeflenen ba\u015fl\u0131ca problemler \u015funlard\u0131r:<\/p>\n\n\n\n<ul class=\"wp-block-list\">\n<li>Yanak ve orta y\u00fcz sarkmalar\u0131<\/li>\n\n\n\n<li>Derin nazolabial \u00e7izgiler<\/li>\n\n\n\n<li>\u00c7ene hatt\u0131nda (jawline) belirginlik kayb\u0131<\/li>\n\n\n\n<li>Boyun b\u00f6lgesinde sarkma ve gev\u015feme<\/li>\n\n\n\n<li>Genel y\u00fcz konturunda d\u00fc\u015fme<\/li>\n<\/ul>\n\n\n\n<p>Bu nedenle tam y\u00fcz germe, y\u00fcz ya\u015flanmas\u0131n\u0131n birden fazla b\u00f6lgeyi etkiledi\u011fi hastalarda tercih edilir.<\/p>\n\n\n\n<h2 class=\"wp-block-heading\"><a><\/a><strong>Mini Y\u00fcz Germe Nedir?<\/strong><\/h2>\n\n\n\n<p>Mini y\u00fcz germe, y\u00fcz ya\u015flanmas\u0131n\u0131n daha s\u0131n\u0131rl\u0131 oldu\u011fu hastalar i\u00e7in geli\u015ftirilen, <strong>daha dar alanl\u0131<\/strong> bir cerrahi yakla\u015f\u0131md\u0131r. Genellikle alt y\u00fcz ve \u00e7ene hatt\u0131ndaki hafif\u2013orta d\u00fczey sarkmalar\u0131 hedefler.<\/p>\n\n\n\n<p>Mini y\u00fcz germe:<\/p>\n\n\n\n<ul class=\"wp-block-list\">\n<li>Daha k\u00fc\u00e7\u00fck kesi alanlar\u0131yla yap\u0131l\u0131r<\/li>\n\n\n\n<li>Daha k\u0131sa ameliyat s\u00fcresine sahiptir<\/li>\n\n\n\n<li>\u0130yile\u015fme s\u00fcreci g\u00f6rece daha h\u0131zl\u0131d\u0131r<\/li>\n<\/ul>\n\n\n\n<p>Ancak bu y\u00f6ntemin etkisi, tam y\u00fcz germe kadar kapsaml\u0131 de\u011fildir. Boyun sarkmas\u0131 veya ileri d\u00fczey orta y\u00fcz d\u00fc\u015fmesi olan hastalarda mini y\u00fcz germe yetersiz kalabilir.<\/p>\n\n\n\n<h2 class=\"wp-block-heading\"><a><\/a><strong>Y\u00fcz Germe ve Mini Y\u00fcz Germe Aras\u0131ndaki Temel Farklar<\/strong><\/h2>\n\n\n\n<h3 class=\"wp-block-heading\"><a><\/a><strong>Kapsam ve Etki Alan\u0131<\/strong><\/h3>\n\n\n\n<p>Tam y\u00fcz germe; orta y\u00fcz, alt y\u00fcz ve \u00e7o\u011fu zaman boyun b\u00f6lgesini kapsayan geni\u015f bir alanda etki g\u00f6sterir. Mini y\u00fcz germe ise daha \u00e7ok \u00e7ene hatt\u0131 ve alt yanak b\u00f6lgesine odaklan\u0131r. Bu nedenle sorun alan\u0131 geni\u015fledik\u00e7e mini y\u00fcz germe yerine tam y\u00fcz germe tercih edilir.<\/p>\n\n\n\n<h3 class=\"wp-block-heading\"><a><\/a><strong>Sarkma D\u00fczeyi<\/strong><\/h3>\n\n\n\n<p>\u0130leri derecede sarkmas\u0131 olan, y\u00fcz konturu belirgin \u015fekilde a\u015fa\u011f\u0131ya do\u011fru yer de\u011fi\u015ftirmi\u015f hastalarda mini y\u00fcz germe yeterli bir toparlanma sa\u011flamaz. Mini y\u00fcz germe, genellikle erken d\u00f6nem sarkmalar\u0131 olan ve y\u00fcz ya\u015flanmas\u0131 yeni ba\u015flam\u0131\u015f hastalar i\u00e7in uygundur.<\/p>\n\n\n\n<h3 class=\"wp-block-heading\"><a><\/a><strong>Boyun B\u00f6lgesi<\/strong><\/h3>\n\n\n\n<p>Boyun sarkmas\u0131 ve g\u0131d\u0131 b\u00f6lgesindeki gev\u015feme, tam y\u00fcz germe ameliyat\u0131nda ele al\u0131nabilirken; mini y\u00fcz germe \u00e7o\u011fu zaman boyun b\u00f6lgesini kapsamaz. Boyun hatt\u0131 belirgin \u015fekilde etkilenmi\u015fse mini y\u00fcz germe tek ba\u015f\u0131na yeterli de\u011fildir.<\/p>\n\n\n\n<h3 class=\"wp-block-heading\"><a><\/a><strong>Kal\u0131c\u0131l\u0131k<\/strong><\/h3>\n\n\n\n<p>Tam y\u00fcz germe, daha derin anatomik yap\u0131lar\u0131n yeniden konumland\u0131r\u0131lmas\u0131 nedeniyle <strong>daha uzun \u00f6m\u00fcrl\u00fc<\/strong> sonu\u00e7lar sunar. Mini y\u00fcz germe ise daha s\u0131n\u0131rl\u0131 bir d\u00fczeltme sa\u011flad\u0131\u011f\u0131 i\u00e7in etkisi g\u00f6rece daha k\u0131sa s\u00fcrelidir.<\/p>\n\n\n\n<h2 class=\"wp-block-heading\"><a><\/a><strong>Hangi Hastalar \u0130\u00e7in Mini Y\u00fcz Germe Daha Uygundur?<\/strong><\/h2>\n\n\n\n<p>Mini y\u00fcz germe genellikle \u015fu hasta profillerinde tercih edilir:<\/p>\n\n\n\n<ul class=\"wp-block-list\">\n<li>40\u2019l\u0131 ya\u015flar\u0131n ba\u015f\u0131nda olanlar<\/li>\n\n\n\n<li>Cilt elastikiyeti h\u00e2l\u00e2 iyi seviyede olanlar<\/li>\n\n\n\n<li>Hafif\u2013orta d\u00fczey alt y\u00fcz sarkmas\u0131 bulunanlar<\/li>\n\n\n\n<li>Daha k\u0131sa iyile\u015fme s\u00fcresi isteyenler<\/li>\n\n\n\n<li>Boyun b\u00f6lgesinde belirgin gev\u015feme olmayanlar<\/li>\n<\/ul>\n\n\n\n<p>Bu hastalarda mini y\u00fcz germe, y\u00fcz\u00fc \u201cdaha dinlenmi\u015f\u201d ve toparlanm\u0131\u015f g\u00f6sterebilir.<\/p>\n\n\n\n<h2 class=\"wp-block-heading\"><a><\/a><strong>Hangi Durumlarda Tam Y\u00fcz Germe Gerekir?<\/strong><\/h2>\n\n\n\n<p>Tam y\u00fcz germe, ya\u015flanma belirtilerinin birden fazla b\u00f6lgeyi etkiledi\u011fi hastalarda tercih edilir. \u00d6zellikle:<\/p>\n\n\n\n<ul class=\"wp-block-list\">\n<li>Orta y\u00fcz ve yanak sarkmas\u0131 belirginse<\/li>\n\n\n\n<li>\u00c7ene hatt\u0131 netli\u011fini kaybetmi\u015fse<\/li>\n\n\n\n<li>Boyun b\u00f6lgesinde gev\u015feme varsa<\/li>\n\n\n\n<li>Derin \u00e7izgiler ve y\u00fcz konturunda d\u00fc\u015fme g\u00f6r\u00fcl\u00fcyorsa<\/li>\n<\/ul>\n\n\n\n<p>tam y\u00fcz germe daha dengeli ve tatmin edici sonu\u00e7lar sa\u011flar.<\/p>\n\n\n\n<h2 class=\"wp-block-heading\"><a><\/a><strong>Y\u00fcz Germe Ameliyatlar\u0131nda Ama\u00e7 \u201cGerginlik\u201d De\u011fildir<\/strong><\/h2>\n\n\n\n<p>Hem y\u00fcz germe hem de mini y\u00fcz germe ameliyatlar\u0131nda en \u00f6nemli hedef, y\u00fcz\u00fc gergin veya donuk g\u00f6stermek de\u011fildir. Modern y\u00fcz germe cerrahisinin temel prensibi; <strong>do\u011fal, yumu\u015fak ve ki\u015fiye \u00f6zg\u00fc bir gen\u00e7le\u015fme<\/strong> sa\u011flamakt\u0131r.<\/p>\n\n\n\n<p>Bu nedenle cerrahinin ba\u015far\u0131s\u0131:<\/p>\n\n\n\n<ul class=\"wp-block-list\">\n<li>Do\u011fru hasta se\u00e7imi<\/li>\n\n\n\n<li>Anatomik planlara sayg\u0131<\/li>\n\n\n\n<li>A\u015f\u0131r\u0131 germe yerine yeniden konumland\u0131rma<\/li>\n\n\n\n<li>Y\u00fcz ifadelerinin korunmas\u0131<\/li>\n<\/ul>\n\n\n\n<p>ile do\u011frudan ili\u015fkilidir.<\/p>\n\n\n\n<h2 class=\"wp-block-heading\"><a><\/a><strong>Kombine Uygulamalar M\u00fcmk\u00fcn m\u00fc?<\/strong><\/h2>\n\n\n\n<p>Y\u00fcz germe ve mini y\u00fcz germe ameliyatlar\u0131, hastan\u0131n ihtiyac\u0131na g\u00f6re farkl\u0131 i\u015flemlerle kombine edilebilir. S\u0131kl\u0131kla:<\/p>\n\n\n\n<ul class=\"wp-block-list\">\n<li>G\u00f6z kapa\u011f\u0131 esteti\u011fi<\/li>\n\n\n\n<li>Ya\u011f enjeksiyonu<\/li>\n\n\n\n<li>Boyun liposuction<\/li>\n\n\n\n<li>Cilt kalitesini destekleyici medikal uygulamalar<\/li>\n<\/ul>\n\n\n\n<p>ile birlikte planlanabilir. Bu kombinasyonlar, y\u00fcz\u00fcn genel uyumunu art\u0131rmay\u0131 ama\u00e7lar.<\/p>\n\n\n\n<h2 class=\"wp-block-heading\"><a><\/a><strong>Ameliyat Se\u00e7imi Nas\u0131l Yap\u0131lmal\u0131d\u0131r?<\/strong><\/h2>\n\n\n\n<p>Y\u00fcz germe ile mini y\u00fcz germe aras\u0131nda karar verirken tek belirleyici fakt\u00f6r ya\u015f de\u011fildir. As\u0131l \u00f6nemli olan:<\/p>\n\n\n\n<ul class=\"wp-block-list\">\n<li>Y\u00fczdeki sarkman\u0131n derecesi<\/li>\n\n\n\n<li>Cilt kalitesi<\/li>\n\n\n\n<li>Boyun hatt\u0131n\u0131n durumu<\/li>\n\n\n\n<li>Hastan\u0131n beklentileri<\/li>\n\n\n\n<li>Cerrah\u0131n klinik de\u011ferlendirmesi<\/li>\n<\/ul>\n\n\n\n<p>Bu nedenle \u201cmini daha kolay\u201d veya \u201ctam daha iyi\u201d gibi genellemeler do\u011fru de\u011fildir. Do\u011fru y\u00f6ntem, <strong>do\u011fru hasta<\/strong> ile e\u015fle\u015ftirildi\u011finde ba\u015far\u0131l\u0131 sonu\u00e7 verir.<\/p>\n\n\n\n<h2 class=\"wp-block-heading\"><a><\/a><strong>Daha Dengeli Bir Y\u00fcz \u0130\u00e7in Ki\u015fiye \u00d6zel Yakla\u015f\u0131m<\/strong><\/h2>\n\n\n\n<p>Y\u00fcz ya\u015flanmas\u0131 her bireyde farkl\u0131 \u015fekilde ilerler. Bu nedenle y\u00fcz germe cerrahisi standart bir i\u015flem de\u011fil, tamamen ki\u015fiye \u00f6zel planlanan bir s\u00fcre\u00e7tir. Ama\u00e7, hastan\u0131n kendine \u00f6zg\u00fc y\u00fcz karakterini koruyarak daha taze ve dengeli bir g\u00f6r\u00fcn\u00fcm elde etmektir.<\/p>\n\n\n\n<p id=\"block-3a3212d6-f67d-4bfe-9697-5d0a5830a4ad\"><strong>Hekim Bilgisi<\/strong><\/p>\n\n\n\n<p id=\"block-a7476fa1-5aba-49b7-811f-cdbc4833f823\"><strong>Do\u00e7. Dr. Sedat Tatar<\/strong>, iki ayr\u0131 uluslararas\u0131 kurul taraf\u0131ndan sertifikaland\u0131r\u0131lm\u0131\u015f (Double Board Certified) Plastik, Rekonstr\u00fcktif ve Estetik Cerrahi uzman\u0131d\u0131r. <strong>American College of Surgeons Fellow (FACS)<\/strong> ve <strong>European Board of Plastic, Reconstructive and Aesthetic Surgery Fellow (FEBOPRAS)<\/strong> unvanlar\u0131na sahiptir.<\/p>\n\n\n\n<p id=\"block-b4169953-a4b6-437c-9fbd-abc2bc8abbee\">Uluslararas\u0131 profesyonel \u00fcyelikleri aras\u0131nda <strong>ISAPS (International Society of Aesthetic Plastic Surgery)<\/strong> ve <strong>ASPS (American Society of Plastic Surgeons)<\/strong> bulunmaktad\u0131r.<\/p>\n\n\n\n<p id=\"block-c2e51c4f-149d-4f50-a30b-37984cd59e30\">Klini\u011fi \u0130stanbul\u2019da <strong>T\u00fcrkiye Sa\u011fl\u0131k Bakanl\u0131\u011f\u0131 taraf\u0131ndan Sa\u011fl\u0131k Turizmi Merkezi olarak yetkilidir<\/strong> ve \u015firketi <strong>Birle\u015fik Krall\u0131k &amp; Galler&#8217;e kay\u0131tl\u0131d\u0131r.<\/strong><\/p>\n\n\n\n<p id=\"block-a1e9e51a-ae8b-4912-bcf7-569957645885\"><strong>\u0130LET\u0130\u015e\u0130M B\u0130LG\u0130LER\u0130<\/strong><\/p>\n\n\n\n<p id=\"block-35aa5dd5-2dbb-4b8a-a0d0-0568699cd5a2\"><strong>Do\u00e7. Dr. Sedar Tatar Klini\u011fi<\/strong><\/p>\n\n\n\n<p id=\"block-f8c5b5c0-0128-4552-9f9c-0cb3388dc884\"><strong>Telefon No :&nbsp;<\/strong><a href=\"tel:+90%20(555)%20100%2010%2083\">+90 (555) 100 10 83<\/a><br><strong>\u0130leti\u015fim Linki :&nbsp;<\/strong><a href=\"mailto:info@drsedattatar.com\">info@drsedattatar.com<\/a><br><strong>Adres :&nbsp;<\/strong>Levent Mahallesi, Karanfil Aral\u0131\u011f\u0131 Caddesi No: 18 Be\u015fikta\u015f\/\u0130STANBUL<\/p>\n\n\n<div class=\"kk-star-ratings kksr-auto kksr-align-center kksr-valign-bottom\"\n    data-payload='{&quot;align&quot;:&quot;center&quot;,&quot;id&quot;:&quot;3234&quot;,&quot;slug&quot;:&quot;default&quot;,&quot;valign&quot;:&quot;bottom&quot;,&quot;ignore&quot;:&quot;&quot;,&quot;reference&quot;:&quot;auto&quot;,&quot;class&quot;:&quot;&quot;,&quot;count&quot;:&quot;0&quot;,&quot;legendonly&quot;:&quot;&quot;,&quot;readonly&quot;:&quot;&quot;,&quot;score&quot;:&quot;0&quot;,&quot;starsonly&quot;:&quot;&quot;,&quot;best&quot;:&quot;5&quot;,&quot;gap&quot;:&quot;5&quot;,&quot;greet&quot;:&quot;\u0130\u00e7eri\u011fimizi Oylay\u0131n!&quot;,&quot;legend&quot;:&quot;0\\\/5 - (0 oy verildi!)&quot;,&quot;size&quot;:&quot;24&quot;,&quot;title&quot;:&quot;Y\u00fcz Germe ve Mini Y\u00fcz Germe Aras\u0131ndaki Farklar Nedir?&quot;,&quot;width&quot;:&quot;0&quot;,&quot;_legend&quot;:&quot;{score}\\\/{best} - ({count} oy verildi!)&quot;,&quot;font_factor&quot;:&quot;1.25&quot;}'>\n            \n<div class=\"kksr-stars\">\n    \n<div class=\"kksr-stars-inactive\">\n            <div class=\"kksr-star\" data-star=\"1\" style=\"padding-right: 5px\">\n            \n\n<div class=\"kksr-icon\" style=\"width: 24px; height: 24px;\"><\/div>\n        <\/div>\n            <div class=\"kksr-star\" data-star=\"2\" style=\"padding-right: 5px\">\n            \n\n<div class=\"kksr-icon\" style=\"width: 24px; height: 24px;\"><\/div>\n        <\/div>\n            <div class=\"kksr-star\" data-star=\"3\" style=\"padding-right: 5px\">\n            \n\n<div class=\"kksr-icon\" style=\"width: 24px; height: 24px;\"><\/div>\n        <\/div>\n            <div class=\"kksr-star\" data-star=\"4\" style=\"padding-right: 5px\">\n            \n\n<div class=\"kksr-icon\" style=\"width: 24px; height: 24px;\"><\/div>\n        <\/div>\n            <div class=\"kksr-star\" data-star=\"5\" style=\"padding-right: 5px\">\n            \n\n<div class=\"kksr-icon\" style=\"width: 24px; height: 24px;\"><\/div>\n        <\/div>\n    <\/div>\n    \n<div class=\"kksr-stars-active\" style=\"width: 0px;\">\n            <div class=\"kksr-star\" style=\"padding-right: 5px\">\n            \n\n<div class=\"kksr-icon\" style=\"width: 24px; height: 24px;\"><\/div>\n        <\/div>\n            <div class=\"kksr-star\" style=\"padding-right: 5px\">\n            \n\n<div class=\"kksr-icon\" style=\"width: 24px; height: 24px;\"><\/div>\n        <\/div>\n            <div class=\"kksr-star\" style=\"padding-right: 5px\">\n            \n\n<div class=\"kksr-icon\" style=\"width: 24px; height: 24px;\"><\/div>\n        <\/div>\n            <div class=\"kksr-star\" style=\"padding-right: 5px\">\n            \n\n<div class=\"kksr-icon\" style=\"width: 24px; height: 24px;\"><\/div>\n        <\/div>\n            <div class=\"kksr-star\" style=\"padding-right: 5px\">\n            \n\n<div class=\"kksr-icon\" style=\"width: 24px; height: 24px;\"><\/div>\n        <\/div>\n    <\/div>\n<\/div>\n                \n\n<div class=\"kksr-legend\" style=\"font-size: 19.2px;\">\n            <span class=\"kksr-muted\">\u0130\u00e7eri\u011fimizi Oylay\u0131n!<\/span>\n    <\/div>\n    <\/div>\n","protected":false},"excerpt":{"rendered":"<p>Y\u00fcz b\u00f6lgesi, ya\u015flanma belirtilerinin en erken ve en belirgin \u015fekilde ortaya \u00e7\u0131kt\u0131\u011f\u0131 anatomik alanlardan biridir. Zamanla cilt elastikiyetinin azalmas\u0131, yer \u00e7ekiminin etkisi, y\u00fcz ya\u011f dokular\u0131n\u0131n yer de\u011fi\u015ftirmesi ve kas\u2013ba\u011f dokusu gev\u015femesi; y\u00fcz hatlar\u0131nda sarkma, derinle\u015fmi\u015f \u00e7izgiler ve yorgun bir ifade olu\u015fmas\u0131na neden olur. Bu noktada y\u00fcz germe cerrahisi, yaln\u0131zca cildi de\u011fil, y\u00fcz\u00fcn derin anatomik yap\u0131lar\u0131n\u0131 da hedef alarak daha dinlenmi\u015f ve dengeli bir g\u00f6r\u00fcn\u00fcm sa\u011flamay\u0131 ama\u00e7lar.<\/p>\n","protected":false},"author":1,"featured_media":3235,"comment_status":"closed","ping_status":"open","sticky":false,"template":"","format":"standard","meta":{"_kad_blocks_custom_css":"","_kad_blocks_head_custom_js":"","_kad_blocks_body_custom_js":"","_kad_blocks_footer_custom_js":"","_kadence_starter_templates_imported_post":false,"_kad_post_transparent":"","_kad_post_title":"","_kad_post_layout":"","_kad_post_sidebar_id":"","_kad_post_content_style":"","_kad_post_vertical_padding":"","_kad_post_feature":"","_kad_post_feature_position":"","_kad_post_header":false,"_kad_post_footer":false,"footnotes":""},"categories":[14],"tags":[],"class_list":["post-3234","post","type-post","status-publish","format-standard","has-post-thumbnail","hentry","category-plastik-cerrahi-blog"],"yoast_head":"<!-- This site is optimized with the Yoast SEO plugin v25.9 - https:\/\/yoast.com\/wordpress\/plugins\/seo\/ -->\n<title>Y\u00fcz Germe ve Mini Y\u00fcz Germe Aras\u0131ndaki Farklar Nedir? - \u0130stanbul Estetik, Plastik ve Rekonstr\u00fcktif Cerrahi - Do\u00e7. Dr. Sedat Tatar<\/title>\n<meta name=\"description\" content=\"Y\u00fcz germe ve mini y\u00fcz germe aras\u0131ndaki farklar nelerdir? Kapsam, kal\u0131c\u0131l\u0131k ve hangi hastalar i\u00e7in uygun olduklar\u0131 ele al\u0131n\u0131yor.\" \/>\n<meta name=\"robots\" content=\"index, follow, max-snippet:-1, max-image-preview:large, max-video-preview:-1\" \/>\n<link rel=\"canonical\" href=\"https:\/\/drsedattatar.com\/tr\/yuz-germe-ve-mini-yuz-germe-arasindaki-farklar-nedir\/\" \/>\n<meta property=\"og:locale\" content=\"tr_TR\" \/>\n<meta property=\"og:type\" content=\"article\" \/>\n<meta property=\"og:title\" content=\"Y\u00fcz Germe ve Mini Y\u00fcz Germe Aras\u0131ndaki Farklar Nedir? - \u0130stanbul Estetik, Plastik ve Rekonstr\u00fcktif Cerrahi - Do\u00e7. Dr. Sedat Tatar\" \/>\n<meta property=\"og:description\" content=\"Y\u00fcz germe ve mini y\u00fcz germe aras\u0131ndaki farklar nelerdir? Kapsam, kal\u0131c\u0131l\u0131k ve hangi hastalar i\u00e7in uygun olduklar\u0131 ele al\u0131n\u0131yor.\" \/>\n<meta property=\"og:url\" content=\"https:\/\/drsedattatar.com\/tr\/yuz-germe-ve-mini-yuz-germe-arasindaki-farklar-nedir\/\" \/>\n<meta property=\"og:site_name\" content=\"\u0130stanbul Estetik, Plastik ve Rekonstr\u00fcktif Cerrahi - Do\u00e7. Dr. Sedat Tatar\" \/>\n<meta property=\"article:published_time\" content=\"2026-02-10T08:03:00+00:00\" \/>\n<meta property=\"article:modified_time\" content=\"2026-02-10T08:03:01+00:00\" \/>\n<meta property=\"og:image\" content=\"https:\/\/drsedattatar.com\/tr\/wp-content\/uploads\/2026\/02\/104-Kapak-TR-1024x576.png\" \/>\n\t<meta property=\"og:image:width\" content=\"1024\" \/>\n\t<meta property=\"og:image:height\" content=\"576\" \/>\n\t<meta property=\"og:image:type\" content=\"image\/png\" \/>\n<meta name=\"author\" content=\"Sedat Tatar\" \/>\n<meta name=\"twitter:card\" content=\"summary_large_image\" \/>\n<meta name=\"twitter:label1\" content=\"Yazan:\" \/>\n\t<meta name=\"twitter:data1\" content=\"Sedat Tatar\" \/>\n\t<meta name=\"twitter:label2\" content=\"Tahmini okuma s\u00fcresi\" \/>\n\t<meta name=\"twitter:data2\" content=\"6 dakika\" \/>\n<script type=\"application\/ld+json\" class=\"yoast-schema-graph\">{\"@context\":\"https:\/\/schema.org\",\"@graph\":[{\"@type\":\"Article\",\"@id\":\"https:\/\/drsedattatar.com\/tr\/yuz-germe-ve-mini-yuz-germe-arasindaki-farklar-nedir\/#article\",\"isPartOf\":{\"@id\":\"https:\/\/drsedattatar.com\/tr\/yuz-germe-ve-mini-yuz-germe-arasindaki-farklar-nedir\/\"},\"author\":{\"name\":\"Sedat Tatar\",\"@id\":\"https:\/\/drsedattatar.com\/tr\/#\/schema\/person\/aa22f82cb49cf6b0e8e4c2fdd472308a\"},\"headline\":\"Y\u00fcz Germe ve Mini Y\u00fcz Germe Aras\u0131ndaki Farklar Nedir?\",\"datePublished\":\"2026-02-10T08:03:00+00:00\",\"dateModified\":\"2026-02-10T08:03:01+00:00\",\"mainEntityOfPage\":{\"@id\":\"https:\/\/drsedattatar.com\/tr\/yuz-germe-ve-mini-yuz-germe-arasindaki-farklar-nedir\/\"},\"wordCount\":1223,\"publisher\":{\"@id\":\"https:\/\/drsedattatar.com\/tr\/#organization\"},\"image\":{\"@id\":\"https:\/\/drsedattatar.com\/tr\/yuz-germe-ve-mini-yuz-germe-arasindaki-farklar-nedir\/#primaryimage\"},\"thumbnailUrl\":\"https:\/\/drsedattatar.com\/tr\/wp-content\/uploads\/2026\/02\/104-Kapak-TR.png\",\"articleSection\":[\"Plastik Cerrahi Blog\"],\"inLanguage\":\"tr\"},{\"@type\":\"WebPage\",\"@id\":\"https:\/\/drsedattatar.com\/tr\/yuz-germe-ve-mini-yuz-germe-arasindaki-farklar-nedir\/\",\"url\":\"https:\/\/drsedattatar.com\/tr\/yuz-germe-ve-mini-yuz-germe-arasindaki-farklar-nedir\/\",\"name\":\"Y\u00fcz Germe ve Mini Y\u00fcz Germe Aras\u0131ndaki Farklar Nedir? - \u0130stanbul Estetik, Plastik ve Rekonstr\u00fcktif Cerrahi - Do\u00e7. Dr. Sedat Tatar\",\"isPartOf\":{\"@id\":\"https:\/\/drsedattatar.com\/tr\/#website\"},\"primaryImageOfPage\":{\"@id\":\"https:\/\/drsedattatar.com\/tr\/yuz-germe-ve-mini-yuz-germe-arasindaki-farklar-nedir\/#primaryimage\"},\"image\":{\"@id\":\"https:\/\/drsedattatar.com\/tr\/yuz-germe-ve-mini-yuz-germe-arasindaki-farklar-nedir\/#primaryimage\"},\"thumbnailUrl\":\"https:\/\/drsedattatar.com\/tr\/wp-content\/uploads\/2026\/02\/104-Kapak-TR.png\",\"datePublished\":\"2026-02-10T08:03:00+00:00\",\"dateModified\":\"2026-02-10T08:03:01+00:00\",\"description\":\"Y\u00fcz germe ve mini y\u00fcz germe aras\u0131ndaki farklar nelerdir? Kapsam, kal\u0131c\u0131l\u0131k ve hangi hastalar i\u00e7in uygun olduklar\u0131 ele al\u0131n\u0131yor.\",\"breadcrumb\":{\"@id\":\"https:\/\/drsedattatar.com\/tr\/yuz-germe-ve-mini-yuz-germe-arasindaki-farklar-nedir\/#breadcrumb\"},\"inLanguage\":\"tr\",\"potentialAction\":[{\"@type\":\"ReadAction\",\"target\":[\"https:\/\/drsedattatar.com\/tr\/yuz-germe-ve-mini-yuz-germe-arasindaki-farklar-nedir\/\"]}]},{\"@type\":\"ImageObject\",\"inLanguage\":\"tr\",\"@id\":\"https:\/\/drsedattatar.com\/tr\/yuz-germe-ve-mini-yuz-germe-arasindaki-farklar-nedir\/#primaryimage\",\"url\":\"https:\/\/drsedattatar.com\/tr\/wp-content\/uploads\/2026\/02\/104-Kapak-TR.png\",\"contentUrl\":\"https:\/\/drsedattatar.com\/tr\/wp-content\/uploads\/2026\/02\/104-Kapak-TR.png\",\"width\":1920,\"height\":1080},{\"@type\":\"BreadcrumbList\",\"@id\":\"https:\/\/drsedattatar.com\/tr\/yuz-germe-ve-mini-yuz-germe-arasindaki-farklar-nedir\/#breadcrumb\",\"itemListElement\":[{\"@type\":\"ListItem\",\"position\":1,\"name\":\"Anasayfa\",\"item\":\"https:\/\/drsedattatar.com\/tr\/\"},{\"@type\":\"ListItem\",\"position\":2,\"name\":\"Y\u00fcz Germe ve Mini Y\u00fcz Germe Aras\u0131ndaki Farklar Nedir?\"}]},{\"@type\":\"WebSite\",\"@id\":\"https:\/\/drsedattatar.com\/tr\/#website\",\"url\":\"https:\/\/drsedattatar.com\/tr\/\",\"name\":\"\u0130stanbul Estetik, Plastik ve Rekonstr\u00fcktif Cerrahi - Do\u00e7. Dr. Sedat Tatar\",\"description\":\"\u0130stanbul Estetik, Plastik ve Rekonstr\u00fcktif Cerrahi alan\u0131nda deneyimli Do\u00e7. Dr. Sedat Tatar ile hayallerinizi ger\u00e7e\u011fe d\u00f6n\u00fc\u015ft\u00fcr\u00fcn ve kendinizi en iyi \u015fekilde hissedin.\",\"publisher\":{\"@id\":\"https:\/\/drsedattatar.com\/tr\/#organization\"},\"potentialAction\":[{\"@type\":\"SearchAction\",\"target\":{\"@type\":\"EntryPoint\",\"urlTemplate\":\"https:\/\/drsedattatar.com\/tr\/?s={search_term_string}\"},\"query-input\":{\"@type\":\"PropertyValueSpecification\",\"valueRequired\":true,\"valueName\":\"search_term_string\"}}],\"inLanguage\":\"tr\"},{\"@type\":\"Organization\",\"@id\":\"https:\/\/drsedattatar.com\/tr\/#organization\",\"name\":\"\u0130stanbul Estetik, Plastik ve Rekonstr\u00fcktif Cerrahi - Do\u00e7. Dr. Sedat Tatar\",\"url\":\"https:\/\/drsedattatar.com\/tr\/\",\"logo\":{\"@type\":\"ImageObject\",\"inLanguage\":\"tr\",\"@id\":\"https:\/\/drsedattatar.com\/tr\/#\/schema\/logo\/image\/\",\"url\":\"https:\/\/drsedattatar.com\/tr\/wp-content\/uploads\/2023\/06\/cropped-cropped-cropped-dr-sedat-tatar-estetik-plastik-logo.webp\",\"contentUrl\":\"https:\/\/drsedattatar.com\/tr\/wp-content\/uploads\/2023\/06\/cropped-cropped-cropped-dr-sedat-tatar-estetik-plastik-logo.webp\",\"width\":1505,\"height\":602,\"caption\":\"\u0130stanbul Estetik, Plastik ve Rekonstr\u00fcktif Cerrahi - Do\u00e7. Dr. Sedat Tatar\"},\"image\":{\"@id\":\"https:\/\/drsedattatar.com\/tr\/#\/schema\/logo\/image\/\"}},{\"@type\":\"Person\",\"@id\":\"https:\/\/drsedattatar.com\/tr\/#\/schema\/person\/aa22f82cb49cf6b0e8e4c2fdd472308a\",\"name\":\"Sedat Tatar\",\"image\":{\"@type\":\"ImageObject\",\"inLanguage\":\"tr\",\"@id\":\"https:\/\/drsedattatar.com\/tr\/#\/schema\/person\/image\/\",\"url\":\"https:\/\/secure.gravatar.com\/avatar\/dea798d972982cc67ccc601a56275438ae42ec5d4557bb1f2fb426553e72d1a1?s=96&d=mm&r=g\",\"contentUrl\":\"https:\/\/secure.gravatar.com\/avatar\/dea798d972982cc67ccc601a56275438ae42ec5d4557bb1f2fb426553e72d1a1?s=96&d=mm&r=g\",\"caption\":\"Sedat Tatar\"},\"sameAs\":[\"http:\/\/drsedattatar.com\/tr\"],\"url\":\"https:\/\/drsedattatar.com\/tr\/author\/admin\/\"}]}<\/script>\n<!-- \/ Yoast SEO plugin. -->","yoast_head_json":{"title":"Y\u00fcz Germe ve Mini Y\u00fcz Germe Aras\u0131ndaki Farklar Nedir? - \u0130stanbul Estetik, Plastik ve Rekonstr\u00fcktif Cerrahi - Do\u00e7. Dr. Sedat Tatar","description":"Y\u00fcz germe ve mini y\u00fcz germe aras\u0131ndaki farklar nelerdir? Kapsam, kal\u0131c\u0131l\u0131k ve hangi hastalar i\u00e7in uygun olduklar\u0131 ele al\u0131n\u0131yor.","robots":{"index":"index","follow":"follow","max-snippet":"max-snippet:-1","max-image-preview":"max-image-preview:large","max-video-preview":"max-video-preview:-1"},"canonical":"https:\/\/drsedattatar.com\/tr\/yuz-germe-ve-mini-yuz-germe-arasindaki-farklar-nedir\/","og_locale":"tr_TR","og_type":"article","og_title":"Y\u00fcz Germe ve Mini Y\u00fcz Germe Aras\u0131ndaki Farklar Nedir? - \u0130stanbul Estetik, Plastik ve Rekonstr\u00fcktif Cerrahi - Do\u00e7. Dr. Sedat Tatar","og_description":"Y\u00fcz germe ve mini y\u00fcz germe aras\u0131ndaki farklar nelerdir? Kapsam, kal\u0131c\u0131l\u0131k ve hangi hastalar i\u00e7in uygun olduklar\u0131 ele al\u0131n\u0131yor.","og_url":"https:\/\/drsedattatar.com\/tr\/yuz-germe-ve-mini-yuz-germe-arasindaki-farklar-nedir\/","og_site_name":"\u0130stanbul Estetik, Plastik ve Rekonstr\u00fcktif Cerrahi - Do\u00e7. Dr. Sedat Tatar","article_published_time":"2026-02-10T08:03:00+00:00","article_modified_time":"2026-02-10T08:03:01+00:00","og_image":[{"width":1024,"height":576,"url":"https:\/\/drsedattatar.com\/tr\/wp-content\/uploads\/2026\/02\/104-Kapak-TR-1024x576.png","type":"image\/png"}],"author":"Sedat Tatar","twitter_card":"summary_large_image","twitter_misc":{"Yazan:":"Sedat Tatar","Tahmini okuma s\u00fcresi":"6 dakika"},"schema":{"@context":"https:\/\/schema.org","@graph":[{"@type":"Article","@id":"https:\/\/drsedattatar.com\/tr\/yuz-germe-ve-mini-yuz-germe-arasindaki-farklar-nedir\/#article","isPartOf":{"@id":"https:\/\/drsedattatar.com\/tr\/yuz-germe-ve-mini-yuz-germe-arasindaki-farklar-nedir\/"},"author":{"name":"Sedat Tatar","@id":"https:\/\/drsedattatar.com\/tr\/#\/schema\/person\/aa22f82cb49cf6b0e8e4c2fdd472308a"},"headline":"Y\u00fcz Germe ve Mini Y\u00fcz Germe Aras\u0131ndaki Farklar Nedir?","datePublished":"2026-02-10T08:03:00+00:00","dateModified":"2026-02-10T08:03:01+00:00","mainEntityOfPage":{"@id":"https:\/\/drsedattatar.com\/tr\/yuz-germe-ve-mini-yuz-germe-arasindaki-farklar-nedir\/"},"wordCount":1223,"publisher":{"@id":"https:\/\/drsedattatar.com\/tr\/#organization"},"image":{"@id":"https:\/\/drsedattatar.com\/tr\/yuz-germe-ve-mini-yuz-germe-arasindaki-farklar-nedir\/#primaryimage"},"thumbnailUrl":"https:\/\/drsedattatar.com\/tr\/wp-content\/uploads\/2026\/02\/104-Kapak-TR.png","articleSection":["Plastik Cerrahi Blog"],"inLanguage":"tr"},{"@type":"WebPage","@id":"https:\/\/drsedattatar.com\/tr\/yuz-germe-ve-mini-yuz-germe-arasindaki-farklar-nedir\/","url":"https:\/\/drsedattatar.com\/tr\/yuz-germe-ve-mini-yuz-germe-arasindaki-farklar-nedir\/","name":"Y\u00fcz Germe ve Mini Y\u00fcz Germe Aras\u0131ndaki Farklar Nedir? - \u0130stanbul Estetik, Plastik ve Rekonstr\u00fcktif Cerrahi - Do\u00e7. Dr. Sedat Tatar","isPartOf":{"@id":"https:\/\/drsedattatar.com\/tr\/#website"},"primaryImageOfPage":{"@id":"https:\/\/drsedattatar.com\/tr\/yuz-germe-ve-mini-yuz-germe-arasindaki-farklar-nedir\/#primaryimage"},"image":{"@id":"https:\/\/drsedattatar.com\/tr\/yuz-germe-ve-mini-yuz-germe-arasindaki-farklar-nedir\/#primaryimage"},"thumbnailUrl":"https:\/\/drsedattatar.com\/tr\/wp-content\/uploads\/2026\/02\/104-Kapak-TR.png","datePublished":"2026-02-10T08:03:00+00:00","dateModified":"2026-02-10T08:03:01+00:00","description":"Y\u00fcz germe ve mini y\u00fcz germe aras\u0131ndaki farklar nelerdir? Kapsam, kal\u0131c\u0131l\u0131k ve hangi hastalar i\u00e7in uygun olduklar\u0131 ele al\u0131n\u0131yor.","breadcrumb":{"@id":"https:\/\/drsedattatar.com\/tr\/yuz-germe-ve-mini-yuz-germe-arasindaki-farklar-nedir\/#breadcrumb"},"inLanguage":"tr","potentialAction":[{"@type":"ReadAction","target":["https:\/\/drsedattatar.com\/tr\/yuz-germe-ve-mini-yuz-germe-arasindaki-farklar-nedir\/"]}]},{"@type":"ImageObject","inLanguage":"tr","@id":"https:\/\/drsedattatar.com\/tr\/yuz-germe-ve-mini-yuz-germe-arasindaki-farklar-nedir\/#primaryimage","url":"https:\/\/drsedattatar.com\/tr\/wp-content\/uploads\/2026\/02\/104-Kapak-TR.png","contentUrl":"https:\/\/drsedattatar.com\/tr\/wp-content\/uploads\/2026\/02\/104-Kapak-TR.png","width":1920,"height":1080},{"@type":"BreadcrumbList","@id":"https:\/\/drsedattatar.com\/tr\/yuz-germe-ve-mini-yuz-germe-arasindaki-farklar-nedir\/#breadcrumb","itemListElement":[{"@type":"ListItem","position":1,"name":"Anasayfa","item":"https:\/\/drsedattatar.com\/tr\/"},{"@type":"ListItem","position":2,"name":"Y\u00fcz Germe ve Mini Y\u00fcz Germe Aras\u0131ndaki Farklar Nedir?"}]},{"@type":"WebSite","@id":"https:\/\/drsedattatar.com\/tr\/#website","url":"https:\/\/drsedattatar.com\/tr\/","name":"\u0130stanbul Estetik, Plastik ve Rekonstr\u00fcktif Cerrahi - Do\u00e7. Dr. Sedat Tatar","description":"\u0130stanbul Estetik, Plastik ve Rekonstr\u00fcktif Cerrahi alan\u0131nda deneyimli Do\u00e7. Dr. Sedat Tatar ile hayallerinizi ger\u00e7e\u011fe d\u00f6n\u00fc\u015ft\u00fcr\u00fcn ve kendinizi en iyi \u015fekilde hissedin.","publisher":{"@id":"https:\/\/drsedattatar.com\/tr\/#organization"},"potentialAction":[{"@type":"SearchAction","target":{"@type":"EntryPoint","urlTemplate":"https:\/\/drsedattatar.com\/tr\/?s={search_term_string}"},"query-input":{"@type":"PropertyValueSpecification","valueRequired":true,"valueName":"search_term_string"}}],"inLanguage":"tr"},{"@type":"Organization","@id":"https:\/\/drsedattatar.com\/tr\/#organization","name":"\u0130stanbul Estetik, Plastik ve Rekonstr\u00fcktif Cerrahi - Do\u00e7. Dr. Sedat Tatar","url":"https:\/\/drsedattatar.com\/tr\/","logo":{"@type":"ImageObject","inLanguage":"tr","@id":"https:\/\/drsedattatar.com\/tr\/#\/schema\/logo\/image\/","url":"https:\/\/drsedattatar.com\/tr\/wp-content\/uploads\/2023\/06\/cropped-cropped-cropped-dr-sedat-tatar-estetik-plastik-logo.webp","contentUrl":"https:\/\/drsedattatar.com\/tr\/wp-content\/uploads\/2023\/06\/cropped-cropped-cropped-dr-sedat-tatar-estetik-plastik-logo.webp","width":1505,"height":602,"caption":"\u0130stanbul Estetik, Plastik ve Rekonstr\u00fcktif Cerrahi - Do\u00e7. Dr. Sedat Tatar"},"image":{"@id":"https:\/\/drsedattatar.com\/tr\/#\/schema\/logo\/image\/"}},{"@type":"Person","@id":"https:\/\/drsedattatar.com\/tr\/#\/schema\/person\/aa22f82cb49cf6b0e8e4c2fdd472308a","name":"Sedat Tatar","image":{"@type":"ImageObject","inLanguage":"tr","@id":"https:\/\/drsedattatar.com\/tr\/#\/schema\/person\/image\/","url":"https:\/\/secure.gravatar.com\/avatar\/dea798d972982cc67ccc601a56275438ae42ec5d4557bb1f2fb426553e72d1a1?s=96&d=mm&r=g","contentUrl":"https:\/\/secure.gravatar.com\/avatar\/dea798d972982cc67ccc601a56275438ae42ec5d4557bb1f2fb426553e72d1a1?s=96&d=mm&r=g","caption":"Sedat Tatar"},"sameAs":["http:\/\/drsedattatar.com\/tr"],"url":"https:\/\/drsedattatar.com\/tr\/author\/admin\/"}]}},"taxonomy_info":{"category":[{"value":14,"label":"Plastik Cerrahi Blog"}]},"featured_image_src_large":["https:\/\/drsedattatar.com\/tr\/wp-content\/uploads\/2026\/02\/104-Kapak-TR-1024x576.png",1024,576,true],"author_info":{"display_name":"Sedat Tatar","author_link":"https:\/\/drsedattatar.com\/tr\/author\/admin\/"},"comment_info":0,"category_info":[{"term_id":14,"name":"Plastik Cerrahi Blog","slug":"plastik-cerrahi-blog","term_group":0,"term_taxonomy_id":14,"taxonomy":"category","description":"","parent":0,"count":155,"filter":"raw","cat_ID":14,"category_count":155,"category_description":"","cat_name":"Plastik Cerrahi Blog","category_nicename":"plastik-cerrahi-blog","category_parent":0}],"tag_info":false,"_links":{"self":[{"href":"https:\/\/drsedattatar.com\/tr\/wp-json\/wp\/v2\/posts\/3234","targetHints":{"allow":["GET"]}}],"collection":[{"href":"https:\/\/drsedattatar.com\/tr\/wp-json\/wp\/v2\/posts"}],"about":[{"href":"https:\/\/drsedattatar.com\/tr\/wp-json\/wp\/v2\/types\/post"}],"author":[{"embeddable":true,"href":"https:\/\/drsedattatar.com\/tr\/wp-json\/wp\/v2\/users\/1"}],"replies":[{"embeddable":true,"href":"https:\/\/drsedattatar.com\/tr\/wp-json\/wp\/v2\/comments?post=3234"}],"version-history":[{"count":1,"href":"https:\/\/drsedattatar.com\/tr\/wp-json\/wp\/v2\/posts\/3234\/revisions"}],"predecessor-version":[{"id":3236,"href":"https:\/\/drsedattatar.com\/tr\/wp-json\/wp\/v2\/posts\/3234\/revisions\/3236"}],"wp:featuredmedia":[{"embeddable":true,"href":"https:\/\/drsedattatar.com\/tr\/wp-json\/wp\/v2\/media\/3235"}],"wp:attachment":[{"href":"https:\/\/drsedattatar.com\/tr\/wp-json\/wp\/v2\/media?parent=3234"}],"wp:term":[{"taxonomy":"category","embeddable":true,"href":"https:\/\/drsedattatar.com\/tr\/wp-json\/wp\/v2\/categories?post=3234"},{"taxonomy":"post_tag","embeddable":true,"href":"https:\/\/drsedattatar.com\/tr\/wp-json\/wp\/v2\/tags?post=3234"}],"curies":[{"name":"wp","href":"https:\/\/api.w.org\/{rel}","templated":true}]}}