{"id":3238,"date":"2026-02-24T12:41:19","date_gmt":"2026-02-24T12:41:19","guid":{"rendered":"https:\/\/drsedattatar.com\/tr\/?p=3238"},"modified":"2026-02-24T12:41:21","modified_gmt":"2026-02-24T12:41:21","slug":"estetik-ameliyat-sonrasi-agri-yonetimi-gercekci-beklentiler-ve-yontemler","status":"publish","type":"post","link":"https:\/\/drsedattatar.com\/tr\/estetik-ameliyat-sonrasi-agri-yonetimi-gercekci-beklentiler-ve-yontemler\/","title":{"rendered":"Estetik Ameliyat Sonras\u0131 A\u011fr\u0131 Y\u00f6netimi: Ger\u00e7ek\u00e7i Beklentiler ve Y\u00f6ntemler"},"content":{"rendered":"\n<p>Estetik ve plastik cerrahiye karar verme s\u00fcrecinde hastalar\u0131n en s\u0131k merak etti\u011fi konulardan biri ameliyat sonras\u0131 a\u011fr\u0131d\u0131r. Bir\u00e7ok ki\u015fi i\u00e7in a\u011fr\u0131, operasyonun kendisinden bile daha kayg\u0131 verici olabilir. Oysa modern cerrahi teknikler, geli\u015fmi\u015f anestezi uygulamalar\u0131 ve \u00e7ok y\u00f6nl\u00fc a\u011fr\u0131 kontrol protokolleri sayesinde ameliyat sonras\u0131 d\u00f6nem, ge\u00e7mi\u015fe k\u0131yasla \u00e7ok daha konforlu y\u00f6netilebilmektedir.<\/p>\n\n\n\n<p>Ameliyat sonras\u0131 a\u011fr\u0131, \u00e7o\u011fu zaman yanl\u0131\u015f beklentiler nedeniyle oldu\u011fundan daha zorlay\u0131c\u0131 alg\u0131lan\u0131r. Bu nedenle a\u011fr\u0131n\u0131n <strong>neden olu\u015ftu\u011funu<\/strong>, <strong>ne kadar s\u00fcrece\u011fini<\/strong>, <strong>hangi y\u00f6ntemlerle kontrol alt\u0131na al\u0131nd\u0131\u011f\u0131n\u0131<\/strong> ve <strong>hangi durumlar\u0131n normal kabul edildi\u011fini<\/strong> bilmek, iyile\u015fme s\u00fcrecini hem fiziksel hem de psikolojik a\u00e7\u0131dan \u00f6nemli \u00f6l\u00e7\u00fcde rahatlat\u0131r.<\/p>\n\n\n\n<h2 class=\"wp-block-heading\"><a><\/a><strong>Ameliyat Sonras\u0131 A\u011fr\u0131 Neden Olu\u015fur?<\/strong><\/h2>\n\n\n\n<p>Cerrahi giri\u015fimler, kontroll\u00fc ve planl\u0131 olsa da v\u00fccut i\u00e7in bir travma anlam\u0131na gelir. Bu travma, dokular\u0131n iyile\u015fme s\u00fcrecini ba\u015flatan do\u011fal bir inflamatuar yan\u0131t olu\u015fturur. A\u011fr\u0131, bu biyolojik s\u00fcrecin bir par\u00e7as\u0131d\u0131r.<\/p>\n\n\n\n<p>Ameliyat sonras\u0131 a\u011fr\u0131n\u0131n temel nedenleri \u015funlard\u0131r:<\/p>\n\n\n\n<ul class=\"wp-block-list\">\n<li>Doku kesileri ve cerrahi manip\u00fclasyon<\/li>\n\n\n\n<li>Kas, ba\u011f dokusu ve sinir u\u00e7lar\u0131n\u0131n etkilenmesi<\/li>\n\n\n\n<li>\u00d6dem ve s\u0131v\u0131 birikimi<\/li>\n\n\n\n<li>Cerrahi alan\u0131n gerilmesi<\/li>\n\n\n\n<li>V\u00fccudun iyile\u015fme s\u0131ras\u0131nda verdi\u011fi inflamatuar yan\u0131t<\/li>\n<\/ul>\n\n\n\n<p>Bu nedenle a\u011fr\u0131, \u00e7o\u011fu zaman \u201cbir sorun\u201d de\u011fil; v\u00fccudun iyile\u015fme s\u00fcrecinin do\u011fal bir par\u00e7as\u0131d\u0131r.<\/p>\n\n\n\n<h2 class=\"wp-block-heading\"><a><\/a><strong>Her Ameliyatta A\u011fr\u0131 Ayn\u0131 m\u0131d\u0131r?<\/strong><\/h2>\n\n\n\n<p>Hay\u0131r. Ameliyat sonras\u0131 a\u011fr\u0131n\u0131n \u015fiddeti ve s\u00fcresi; yap\u0131lan i\u015flemin t\u00fcr\u00fcne, kapsam\u0131na ve ki\u015fisel fakt\u00f6rlere g\u00f6re de\u011fi\u015fiklik g\u00f6sterir.<\/p>\n\n\n\n<p>A\u011fr\u0131y\u0131 etkileyen ba\u015fl\u0131ca fakt\u00f6rler:<\/p>\n\n\n\n<ul class=\"wp-block-list\">\n<li><strong>Ameliyat\u0131n kapsam\u0131:<\/strong> Kombine ameliyatlar genellikle daha fazla dokuya m\u00fcdahale edildi\u011fi i\u00e7in a\u011fr\u0131 hissi daha belirgin olabilir.<\/li>\n\n\n\n<li><strong>Uygulanan b\u00f6lge:<\/strong> Kas onar\u0131m\u0131 i\u00e7eren kar\u0131n germe gibi ameliyatlarda a\u011fr\u0131, yaln\u0131zca cilt d\u00fczeyinde yap\u0131lan i\u015flemlere g\u00f6re daha farkl\u0131 hissedilir.<\/li>\n\n\n\n<li><strong>Ki\u015fisel a\u011fr\u0131 e\u015fi\u011fi:<\/strong> Her bireyin a\u011fr\u0131 alg\u0131s\u0131 farkl\u0131d\u0131r.<\/li>\n\n\n\n<li><strong>Cerrahi teknik:<\/strong> Dokuya sayg\u0131l\u0131, modern teknikler a\u011fr\u0131y\u0131 azalt\u0131r.<\/li>\n\n\n\n<li><strong>Ameliyat sonras\u0131 bak\u0131m:<\/strong> Do\u011fru ila\u00e7 kullan\u0131m\u0131 ve \u00f6nerilere uyum s\u00fcreci do\u011frudan etkiler.<\/li>\n<\/ul>\n\n\n\n<p>Bu nedenle iki farkl\u0131 hastan\u0131n ayn\u0131 ameliyattan sonra ya\u015fad\u0131\u011f\u0131 a\u011fr\u0131 deneyimi birebir ayn\u0131 olmayabilir.<\/p>\n\n\n\n<h2 class=\"wp-block-heading\"><a><\/a><strong>Ameliyat Sonras\u0131 A\u011fr\u0131 Ne Kadar S\u00fcrer?<\/strong><\/h2>\n\n\n\n<p>Ameliyat sonras\u0131 a\u011fr\u0131 genellikle <strong>ilk birka\u00e7 g\u00fcn i\u00e7inde en belirgin d\u00fczeydedir<\/strong> ve zamanla azal\u0131r. \u00c7o\u011fu estetik cerrahi i\u015flemde a\u011fr\u0131, keskin bir ac\u0131dan ziyade <strong>bas\u0131n\u00e7, dolgunluk, hassasiyet veya kas a\u011fr\u0131s\u0131<\/strong> \u015feklinde tarif edilir.<\/p>\n\n\n\n<p>Genel bir zaman \u00e7izelgesi \u015fu \u015fekildedir:<\/p>\n\n\n\n<ul class=\"wp-block-list\">\n<li><strong>\u0130lk 24\u201372 saat:<\/strong> A\u011fr\u0131 ve gerginlik hissi daha belirgindir.<\/li>\n\n\n\n<li><strong>1. hafta:<\/strong> A\u011fr\u0131 giderek azal\u0131r, hassasiyet \u00f6n plandad\u0131r.<\/li>\n\n\n\n<li><strong>2\u20133 hafta:<\/strong> G\u00fcnl\u00fck ya\u015fam\u0131 etkileyecek d\u00fczeyde a\u011fr\u0131 genellikle kalmaz.<\/li>\n\n\n\n<li><strong>4\u20136 hafta:<\/strong> Nadiren hafif \u00e7ekilme veya hassasiyet hissedilebilir.<\/li>\n<\/ul>\n\n\n\n<p>Bu s\u00fcrecin ki\u015fiye ve yap\u0131lan i\u015fleme g\u00f6re de\u011fi\u015febilece\u011fi unutulmamal\u0131d\u0131r.<\/p>\n\n\n\n<h2 class=\"wp-block-heading\"><a><\/a><strong>A\u011fr\u0131 Her Zaman Bir Sorun G\u00f6stergesi midir?<\/strong><\/h2>\n\n\n\n<p>Hay\u0131r. Ameliyat sonras\u0131 a\u011fr\u0131n\u0131n varl\u0131\u011f\u0131, \u00e7o\u011fu zaman iyile\u015fmenin do\u011fal bir par\u00e7as\u0131d\u0131r. Ancak a\u011fr\u0131n\u0131n <strong>\u015fekli<\/strong>, <strong>\u015fiddeti<\/strong> ve <strong>zaman i\u00e7indeki seyri<\/strong> \u00f6nemlidir.<\/p>\n\n\n\n<p>Normal kabul edilen durumlar:<\/p>\n\n\n\n<ul class=\"wp-block-list\">\n<li>\u0130lk g\u00fcnlerde art\u0131p sonra azalan a\u011fr\u0131<\/li>\n\n\n\n<li>Hareketle artan, dinlenince azalan hassasiyet<\/li>\n\n\n\n<li>\u00d6demle birlikte hissedilen gerginlik<\/li>\n<\/ul>\n\n\n\n<p>De\u011ferlendirilmesi gereken durumlar ise:<\/p>\n\n\n\n<ul class=\"wp-block-list\">\n<li>G\u00fcn ge\u00e7tik\u00e7e artan ve \u015fiddetlenen a\u011fr\u0131<\/li>\n\n\n\n<li>K\u0131zar\u0131kl\u0131k, ate\u015f veya ak\u0131nt\u0131 ile birlikte a\u011fr\u0131<\/li>\n\n\n\n<li>Ani ve tek tarafl\u0131 \u015fiddetli a\u011fr\u0131<\/li>\n<\/ul>\n\n\n\n<p>Bu gibi durumlarda mutlaka cerrah ile ileti\u015fime ge\u00e7ilmelidir.<\/p>\n\n\n\n<h2 class=\"wp-block-heading\"><a><\/a><strong>Modern A\u011fr\u0131 Y\u00f6netimi Nas\u0131l Yap\u0131l\u0131r?<\/strong><\/h2>\n\n\n\n<p>G\u00fcn\u00fcm\u00fczde ameliyat sonras\u0131 a\u011fr\u0131 y\u00f6netimi, tek ba\u015f\u0131na a\u011fr\u0131 kesici vermekten \u00e7ok daha kapsaml\u0131 bir yakla\u015f\u0131ma dayan\u0131r. Ama\u00e7, a\u011fr\u0131y\u0131 tamamen yok etmekten ziyade <strong>kontrol edilebilir ve tolere edilebilir d\u00fczeyde tutmakt\u0131r<\/strong>.<\/p>\n\n\n\n<h3 class=\"wp-block-heading\"><a><\/a><strong>\u00c7oklu A\u011fr\u0131 Kontrol Yakla\u015f\u0131m\u0131<\/strong><\/h3>\n\n\n\n<p>Modern cerrahide a\u011fr\u0131 y\u00f6netimi genellikle \u201cmultimodal\u201d olarak adland\u0131r\u0131lan \u00e7ok y\u00f6nl\u00fc bir strateji ile planlan\u0131r. Bu yakla\u015f\u0131m:<\/p>\n\n\n\n<ul class=\"wp-block-list\">\n<li>Farkl\u0131 etki mekanizmalar\u0131na sahip ila\u00e7lar\u0131n birlikte kullan\u0131lmas\u0131n\u0131,<\/li>\n\n\n\n<li>Daha d\u00fc\u015f\u00fck dozlarla daha etkili a\u011fr\u0131 kontrol\u00fc sa\u011flanmas\u0131n\u0131,<\/li>\n\n\n\n<li>Yan etki riskinin azalt\u0131lmas\u0131n\u0131 hedefler.<\/li>\n<\/ul>\n\n\n\n<h3 class=\"wp-block-heading\"><a><\/a><strong>Anestezi ve Ameliyat S\u0131ras\u0131nda Al\u0131nan \u00d6nlemler<\/strong><\/h3>\n\n\n\n<p>A\u011fr\u0131 y\u00f6netimi yaln\u0131zca ameliyat sonras\u0131nda de\u011fil, ameliyat s\u0131ras\u0131nda da ba\u015flar. Uygulanan anestezi teknikleri ve cerrahi s\u0131ras\u0131nda yap\u0131lan lokal uygulamalar, erken d\u00f6nem a\u011fr\u0131n\u0131n \u015fiddetini belirgin \u015fekilde azaltabilir.<\/p>\n\n\n\n<h2 class=\"wp-block-heading\"><a><\/a><strong>\u0130la\u00e7 D\u0131\u015f\u0131 Y\u00f6ntemlerin A\u011fr\u0131ya Etkisi<\/strong><\/h2>\n\n\n\n<p>A\u011fr\u0131 y\u00f6netimi yaln\u0131zca ila\u00e7larla s\u0131n\u0131rl\u0131 de\u011fildir. \u0130la\u00e7 d\u0131\u015f\u0131 destekleyici y\u00f6ntemler, s\u00fcrecin daha konforlu ge\u00e7mesine katk\u0131 sa\u011flar.<\/p>\n\n\n\n<p>Bunlar aras\u0131nda:<\/p>\n\n\n\n<ul class=\"wp-block-list\">\n<li>Do\u011fru pozisyonlama<\/li>\n\n\n\n<li>\u00d6nerilen korse veya bandajlar\u0131n uygun kullan\u0131m\u0131<\/li>\n\n\n\n<li>Hafif ve kontroll\u00fc mobilizasyon<\/li>\n\n\n\n<li>Yeterli s\u0131v\u0131 al\u0131m\u0131<\/li>\n\n\n\n<li>Uyku d\u00fczenine dikkat edilmesi<\/li>\n<\/ul>\n\n\n\n<p>yer al\u0131r. Bu basit \u00f6nlemler, a\u011fr\u0131 alg\u0131s\u0131n\u0131 azaltmada \u015fa\u015f\u0131rt\u0131c\u0131 derecede etkilidir.<\/p>\n\n\n\n<h2 class=\"wp-block-heading\"><a><\/a><strong>A\u011fr\u0131 Korkusu \u0130yile\u015fmeyi Etkiler mi?<\/strong><\/h2>\n\n\n\n<p>Evet. A\u011fr\u0131ya kar\u015f\u0131 a\u015f\u0131r\u0131 kayg\u0131, ki\u015finin kaslar\u0131n\u0131 s\u00fcrekli kas\u0131l\u0131 tutmas\u0131na, hareketten ka\u00e7\u0131nmas\u0131na ve iyile\u015fme s\u00fcrecinin zorla\u015fmas\u0131na neden olabilir. Bu durum, a\u011fr\u0131n\u0131n daha yo\u011fun alg\u0131lanmas\u0131na yol a\u00e7abilir.<\/p>\n\n\n\n<p>Bu nedenle a\u011fr\u0131 y\u00f6netiminde:<\/p>\n\n\n\n<ul class=\"wp-block-list\">\n<li>Hastan\u0131n bilgilendirilmesi<\/li>\n\n\n\n<li>S\u00fcrecin normal seyrinin anlat\u0131lmas\u0131<\/li>\n\n\n\n<li>Ger\u00e7ek\u00e7i beklentilerin olu\u015fturulmas\u0131<\/li>\n<\/ul>\n\n\n\n<p>en az ila\u00e7lar kadar \u00f6nemlidir.<\/p>\n\n\n\n<h2 class=\"wp-block-heading\"><a><\/a><strong>Kombine Ameliyatlarda A\u011fr\u0131 Y\u00f6netimi<\/strong><\/h2>\n\n\n\n<p>Kombine estetik ameliyatlarda, birden fazla b\u00f6lgeye m\u00fcdahale edildi\u011fi i\u00e7in a\u011fr\u0131 alg\u0131s\u0131 biraz daha farkl\u0131 olabilir. Ancak bu durum, a\u011fr\u0131n\u0131n kontrol edilemez oldu\u011fu anlam\u0131na gelmez.<\/p>\n\n\n\n<p>Do\u011fru planlama ile:<\/p>\n\n\n\n<ul class=\"wp-block-list\">\n<li>A\u011fr\u0131 y\u00f6netimi \u00f6nceden \u00f6ng\u00f6r\u00fcl\u00fcr<\/li>\n\n\n\n<li>Hasta ameliyat \u00f6ncesinde bilgilendirilir<\/li>\n\n\n\n<li>\u0130lk g\u00fcnlerin daha kontroll\u00fc ge\u00e7mesi sa\u011flan\u0131r<\/li>\n<\/ul>\n\n\n\n<p>Bu sayede hastalar, s\u00fcreci daha bilin\u00e7li ve sakin \u015fekilde y\u00f6netebilir.<\/p>\n\n\n\n<h2 class=\"wp-block-heading\"><a><\/a><strong>Ger\u00e7ek\u00e7i Beklentiler Neden \u00d6nemlidir?<\/strong><\/h2>\n\n\n\n<p>Ameliyat sonras\u0131 a\u011fr\u0131n\u0131n tamamen s\u0131f\u0131r olmas\u0131 beklenmemelidir. Ger\u00e7ek\u00e7i beklenti; a\u011fr\u0131n\u0131n <strong>y\u00f6netilebilir<\/strong>, <strong>ge\u00e7ici<\/strong> ve <strong>kontroll\u00fc<\/strong> olaca\u011f\u0131 y\u00f6n\u00fcndedir. Bu bak\u0131\u015f a\u00e7\u0131s\u0131, iyile\u015fme s\u00fcrecini hem daha konforlu hem de daha g\u00fcvenli h\u00e2le getirir.<\/p>\n\n\n\n<p>Hastalar\u0131n \u015funu bilmesi \u00f6nemlidir:<\/p>\n\n\n\n<p>A\u011fr\u0131, sonsuza kadar s\u00fcrmez. Do\u011fru y\u00f6netildi\u011finde, iyile\u015fmenin do\u011fal bir a\u015famas\u0131 olarak ge\u00e7ip gider. Ba\u015far\u0131l\u0131 bir ameliyat sonras\u0131 d\u00f6nem, yaln\u0131zca cerrahi teknikle de\u011fil; hastan\u0131n s\u00fcrece nas\u0131l haz\u0131rland\u0131\u011f\u0131 ve nas\u0131l y\u00f6nlendirildi\u011fi ile de do\u011frudan ili\u015fkilidir. Cerrah\u0131n deneyimi, ekibin takibi ve hastan\u0131n \u00f6nerilere uyumu; a\u011fr\u0131 y\u00f6netiminin temel ta\u015flar\u0131n\u0131 olu\u015fturur.<\/p>\n\n\n\n<p id=\"block-3a3212d6-f67d-4bfe-9697-5d0a5830a4ad\"><strong>Hekim Bilgisi<\/strong><\/p>\n\n\n\n<p id=\"block-a7476fa1-5aba-49b7-811f-cdbc4833f823\"><strong>Do\u00e7. Dr. Sedat Tatar<\/strong>, iki ayr\u0131 uluslararas\u0131 kurul taraf\u0131ndan sertifikaland\u0131r\u0131lm\u0131\u015f (Double Board Certified) Plastik, Rekonstr\u00fcktif ve Estetik Cerrahi uzman\u0131d\u0131r. <strong>American College of Surgeons Fellow (FACS)<\/strong> ve <strong>European Board of Plastic, Reconstructive and Aesthetic Surgery Fellow (FEBOPRAS)<\/strong> unvanlar\u0131na sahiptir.<\/p>\n\n\n\n<p id=\"block-b4169953-a4b6-437c-9fbd-abc2bc8abbee\">Uluslararas\u0131 profesyonel \u00fcyelikleri aras\u0131nda <strong>ISAPS (International Society of Aesthetic Plastic Surgery)<\/strong> ve <strong>ASPS (American Society of Plastic Surgeons)<\/strong> bulunmaktad\u0131r.<\/p>\n\n\n\n<p id=\"block-c2e51c4f-149d-4f50-a30b-37984cd59e30\">Klini\u011fi \u0130stanbul\u2019da <strong>T\u00fcrkiye Sa\u011fl\u0131k Bakanl\u0131\u011f\u0131 taraf\u0131ndan Sa\u011fl\u0131k Turizmi Merkezi olarak yetkilidir<\/strong> ve \u015firketi <strong>Birle\u015fik Krall\u0131k &amp; Galler&#8217;e kay\u0131tl\u0131d\u0131r.<\/strong><\/p>\n\n\n\n<p id=\"block-a1e9e51a-ae8b-4912-bcf7-569957645885\"><strong>\u0130LET\u0130\u015e\u0130M B\u0130LG\u0130LER\u0130<\/strong><\/p>\n\n\n\n<p id=\"block-35aa5dd5-2dbb-4b8a-a0d0-0568699cd5a2\"><strong>Do\u00e7. Dr. Sedar Tatar Klini\u011fi<\/strong><\/p>\n\n\n\n<p id=\"block-f8c5b5c0-0128-4552-9f9c-0cb3388dc884\"><strong>Telefon No :&nbsp;<\/strong><a href=\"tel:+90%20(555)%20100%2010%2083\">+90 (555) 100 10 83<\/a><br><strong>\u0130leti\u015fim Linki :&nbsp;<\/strong><a href=\"mailto:info@drsedattatar.com\">info@drsedattatar.com<\/a><br><strong>Adres :&nbsp;<\/strong>Levent Mahallesi, Karanfil Aral\u0131\u011f\u0131 Caddesi No: 18 Be\u015fikta\u015f\/\u0130STANBUL<\/p>\n\n\n<div class=\"kk-star-ratings kksr-auto kksr-align-center kksr-valign-bottom\"\n    data-payload='{&quot;align&quot;:&quot;center&quot;,&quot;id&quot;:&quot;3238&quot;,&quot;slug&quot;:&quot;default&quot;,&quot;valign&quot;:&quot;bottom&quot;,&quot;ignore&quot;:&quot;&quot;,&quot;reference&quot;:&quot;auto&quot;,&quot;class&quot;:&quot;&quot;,&quot;count&quot;:&quot;0&quot;,&quot;legendonly&quot;:&quot;&quot;,&quot;readonly&quot;:&quot;&quot;,&quot;score&quot;:&quot;0&quot;,&quot;starsonly&quot;:&quot;&quot;,&quot;best&quot;:&quot;5&quot;,&quot;gap&quot;:&quot;5&quot;,&quot;greet&quot;:&quot;\u0130\u00e7eri\u011fimizi Oylay\u0131n!&quot;,&quot;legend&quot;:&quot;0\\\/5 - (0 oy verildi!)&quot;,&quot;size&quot;:&quot;24&quot;,&quot;title&quot;:&quot;Estetik Ameliyat Sonras\u0131 A\u011fr\u0131 Y\u00f6netimi: Ger\u00e7ek\u00e7i Beklentiler ve Y\u00f6ntemler&quot;,&quot;width&quot;:&quot;0&quot;,&quot;_legend&quot;:&quot;{score}\\\/{best} - ({count} oy verildi!)&quot;,&quot;font_factor&quot;:&quot;1.25&quot;}'>\n            \n<div class=\"kksr-stars\">\n    \n<div class=\"kksr-stars-inactive\">\n            <div class=\"kksr-star\" data-star=\"1\" style=\"padding-right: 5px\">\n            \n\n<div class=\"kksr-icon\" style=\"width: 24px; height: 24px;\"><\/div>\n        <\/div>\n            <div class=\"kksr-star\" data-star=\"2\" style=\"padding-right: 5px\">\n            \n\n<div class=\"kksr-icon\" style=\"width: 24px; height: 24px;\"><\/div>\n        <\/div>\n            <div class=\"kksr-star\" data-star=\"3\" style=\"padding-right: 5px\">\n            \n\n<div class=\"kksr-icon\" style=\"width: 24px; height: 24px;\"><\/div>\n        <\/div>\n            <div class=\"kksr-star\" data-star=\"4\" style=\"padding-right: 5px\">\n            \n\n<div class=\"kksr-icon\" style=\"width: 24px; height: 24px;\"><\/div>\n        <\/div>\n            <div class=\"kksr-star\" data-star=\"5\" style=\"padding-right: 5px\">\n            \n\n<div class=\"kksr-icon\" style=\"width: 24px; height: 24px;\"><\/div>\n        <\/div>\n    <\/div>\n    \n<div class=\"kksr-stars-active\" style=\"width: 0px;\">\n            <div class=\"kksr-star\" style=\"padding-right: 5px\">\n            \n\n<div class=\"kksr-icon\" style=\"width: 24px; height: 24px;\"><\/div>\n        <\/div>\n            <div class=\"kksr-star\" style=\"padding-right: 5px\">\n            \n\n<div class=\"kksr-icon\" style=\"width: 24px; height: 24px;\"><\/div>\n        <\/div>\n            <div class=\"kksr-star\" style=\"padding-right: 5px\">\n            \n\n<div class=\"kksr-icon\" style=\"width: 24px; height: 24px;\"><\/div>\n        <\/div>\n            <div class=\"kksr-star\" style=\"padding-right: 5px\">\n            \n\n<div class=\"kksr-icon\" style=\"width: 24px; height: 24px;\"><\/div>\n        <\/div>\n            <div class=\"kksr-star\" style=\"padding-right: 5px\">\n            \n\n<div class=\"kksr-icon\" style=\"width: 24px; height: 24px;\"><\/div>\n        <\/div>\n    <\/div>\n<\/div>\n                \n\n<div class=\"kksr-legend\" style=\"font-size: 19.2px;\">\n            <span class=\"kksr-muted\">\u0130\u00e7eri\u011fimizi Oylay\u0131n!<\/span>\n    <\/div>\n    <\/div>\n","protected":false},"excerpt":{"rendered":"<p>Estetik ve plastik cerrahiye karar verme s\u00fcrecinde hastalar\u0131n en s\u0131k merak etti\u011fi konulardan biri ameliyat sonras\u0131 a\u011fr\u0131d\u0131r. Bir\u00e7ok ki\u015fi i\u00e7in a\u011fr\u0131, operasyonun kendisinden bile daha kayg\u0131 verici olabilir. Oysa modern cerrahi teknikler, geli\u015fmi\u015f anestezi uygulamalar\u0131 ve \u00e7ok y\u00f6nl\u00fc a\u011fr\u0131 kontrol protokolleri sayesinde ameliyat sonras\u0131 d\u00f6nem, ge\u00e7mi\u015fe k\u0131yasla \u00e7ok daha konforlu y\u00f6netilebilmektedir.<\/p>\n","protected":false},"author":1,"featured_media":3239,"comment_status":"closed","ping_status":"open","sticky":false,"template":"","format":"standard","meta":{"_kad_blocks_custom_css":"","_kad_blocks_head_custom_js":"","_kad_blocks_body_custom_js":"","_kad_blocks_footer_custom_js":"","_kadence_starter_templates_imported_post":false,"_kad_post_transparent":"","_kad_post_title":"","_kad_post_layout":"","_kad_post_sidebar_id":"","_kad_post_content_style":"","_kad_post_vertical_padding":"","_kad_post_feature":"","_kad_post_feature_position":"","_kad_post_header":false,"_kad_post_footer":false,"footnotes":""},"categories":[14],"tags":[],"class_list":["post-3238","post","type-post","status-publish","format-standard","has-post-thumbnail","hentry","category-plastik-cerrahi-blog"],"yoast_head":"<!-- This site is optimized with the Yoast SEO plugin v25.9 - https:\/\/yoast.com\/wordpress\/plugins\/seo\/ -->\n<title>Estetik Ameliyat Sonras\u0131 A\u011fr\u0131 Y\u00f6netimi: Ger\u00e7ek\u00e7i Beklentiler ve Y\u00f6ntemler - \u0130stanbul Estetik, Plastik ve Rekonstr\u00fcktif Cerrahi - Do\u00e7. Dr. Sedat Tatar<\/title>\n<meta name=\"description\" content=\"Estetik ameliyat sonras\u0131 a\u011fr\u0131n\u0131n nedenleri, s\u00fcresi ve normal kabul edilen belirtiler. Modern a\u011fr\u0131 kontrol y\u00f6ntemleri ve ger\u00e7ek\u00e7i beklentiler.\" \/>\n<meta name=\"robots\" content=\"index, follow, max-snippet:-1, max-image-preview:large, max-video-preview:-1\" \/>\n<link rel=\"canonical\" href=\"https:\/\/drsedattatar.com\/tr\/estetik-ameliyat-sonrasi-agri-yonetimi-gercekci-beklentiler-ve-yontemler\/\" \/>\n<meta property=\"og:locale\" content=\"tr_TR\" \/>\n<meta property=\"og:type\" content=\"article\" \/>\n<meta property=\"og:title\" content=\"Estetik Ameliyat Sonras\u0131 A\u011fr\u0131 Y\u00f6netimi: Ger\u00e7ek\u00e7i Beklentiler ve Y\u00f6ntemler - \u0130stanbul Estetik, Plastik ve Rekonstr\u00fcktif Cerrahi - Do\u00e7. Dr. Sedat Tatar\" \/>\n<meta property=\"og:description\" content=\"Estetik ameliyat sonras\u0131 a\u011fr\u0131n\u0131n nedenleri, s\u00fcresi ve normal kabul edilen belirtiler. Modern a\u011fr\u0131 kontrol y\u00f6ntemleri ve ger\u00e7ek\u00e7i beklentiler.\" \/>\n<meta property=\"og:url\" content=\"https:\/\/drsedattatar.com\/tr\/estetik-ameliyat-sonrasi-agri-yonetimi-gercekci-beklentiler-ve-yontemler\/\" \/>\n<meta property=\"og:site_name\" content=\"\u0130stanbul Estetik, Plastik ve Rekonstr\u00fcktif Cerrahi - Do\u00e7. Dr. Sedat Tatar\" \/>\n<meta property=\"article:published_time\" content=\"2026-02-24T12:41:19+00:00\" \/>\n<meta property=\"article:modified_time\" content=\"2026-02-24T12:41:21+00:00\" \/>\n<meta property=\"og:image\" content=\"https:\/\/drsedattatar.com\/tr\/wp-content\/uploads\/2026\/02\/105-Kapak-TR.png\" \/>\n\t<meta property=\"og:image:width\" content=\"1920\" \/>\n\t<meta property=\"og:image:height\" content=\"1080\" \/>\n\t<meta property=\"og:image:type\" content=\"image\/png\" \/>\n<meta name=\"author\" content=\"Sedat Tatar\" \/>\n<meta name=\"twitter:card\" content=\"summary_large_image\" \/>\n<meta name=\"twitter:label1\" content=\"Yazan:\" \/>\n\t<meta name=\"twitter:data1\" content=\"Sedat Tatar\" \/>\n\t<meta name=\"twitter:label2\" content=\"Tahmini okuma s\u00fcresi\" \/>\n\t<meta name=\"twitter:data2\" content=\"6 dakika\" \/>\n<script type=\"application\/ld+json\" class=\"yoast-schema-graph\">{\"@context\":\"https:\/\/schema.org\",\"@graph\":[{\"@type\":\"Article\",\"@id\":\"https:\/\/drsedattatar.com\/tr\/estetik-ameliyat-sonrasi-agri-yonetimi-gercekci-beklentiler-ve-yontemler\/#article\",\"isPartOf\":{\"@id\":\"https:\/\/drsedattatar.com\/tr\/estetik-ameliyat-sonrasi-agri-yonetimi-gercekci-beklentiler-ve-yontemler\/\"},\"author\":{\"name\":\"Sedat Tatar\",\"@id\":\"https:\/\/drsedattatar.com\/tr\/#\/schema\/person\/aa22f82cb49cf6b0e8e4c2fdd472308a\"},\"headline\":\"Estetik Ameliyat Sonras\u0131 A\u011fr\u0131 Y\u00f6netimi: Ger\u00e7ek\u00e7i Beklentiler ve Y\u00f6ntemler\",\"datePublished\":\"2026-02-24T12:41:19+00:00\",\"dateModified\":\"2026-02-24T12:41:21+00:00\",\"mainEntityOfPage\":{\"@id\":\"https:\/\/drsedattatar.com\/tr\/estetik-ameliyat-sonrasi-agri-yonetimi-gercekci-beklentiler-ve-yontemler\/\"},\"wordCount\":1333,\"publisher\":{\"@id\":\"https:\/\/drsedattatar.com\/tr\/#organization\"},\"image\":{\"@id\":\"https:\/\/drsedattatar.com\/tr\/estetik-ameliyat-sonrasi-agri-yonetimi-gercekci-beklentiler-ve-yontemler\/#primaryimage\"},\"thumbnailUrl\":\"https:\/\/drsedattatar.com\/tr\/wp-content\/uploads\/2026\/02\/105-Kapak-TR.png\",\"articleSection\":[\"Plastik Cerrahi Blog\"],\"inLanguage\":\"tr\"},{\"@type\":\"WebPage\",\"@id\":\"https:\/\/drsedattatar.com\/tr\/estetik-ameliyat-sonrasi-agri-yonetimi-gercekci-beklentiler-ve-yontemler\/\",\"url\":\"https:\/\/drsedattatar.com\/tr\/estetik-ameliyat-sonrasi-agri-yonetimi-gercekci-beklentiler-ve-yontemler\/\",\"name\":\"Estetik Ameliyat Sonras\u0131 A\u011fr\u0131 Y\u00f6netimi: Ger\u00e7ek\u00e7i Beklentiler ve Y\u00f6ntemler - \u0130stanbul Estetik, Plastik ve Rekonstr\u00fcktif Cerrahi - Do\u00e7. Dr. Sedat Tatar\",\"isPartOf\":{\"@id\":\"https:\/\/drsedattatar.com\/tr\/#website\"},\"primaryImageOfPage\":{\"@id\":\"https:\/\/drsedattatar.com\/tr\/estetik-ameliyat-sonrasi-agri-yonetimi-gercekci-beklentiler-ve-yontemler\/#primaryimage\"},\"image\":{\"@id\":\"https:\/\/drsedattatar.com\/tr\/estetik-ameliyat-sonrasi-agri-yonetimi-gercekci-beklentiler-ve-yontemler\/#primaryimage\"},\"thumbnailUrl\":\"https:\/\/drsedattatar.com\/tr\/wp-content\/uploads\/2026\/02\/105-Kapak-TR.png\",\"datePublished\":\"2026-02-24T12:41:19+00:00\",\"dateModified\":\"2026-02-24T12:41:21+00:00\",\"description\":\"Estetik ameliyat sonras\u0131 a\u011fr\u0131n\u0131n nedenleri, s\u00fcresi ve normal kabul edilen belirtiler. Modern a\u011fr\u0131 kontrol y\u00f6ntemleri ve ger\u00e7ek\u00e7i beklentiler.\",\"breadcrumb\":{\"@id\":\"https:\/\/drsedattatar.com\/tr\/estetik-ameliyat-sonrasi-agri-yonetimi-gercekci-beklentiler-ve-yontemler\/#breadcrumb\"},\"inLanguage\":\"tr\",\"potentialAction\":[{\"@type\":\"ReadAction\",\"target\":[\"https:\/\/drsedattatar.com\/tr\/estetik-ameliyat-sonrasi-agri-yonetimi-gercekci-beklentiler-ve-yontemler\/\"]}]},{\"@type\":\"ImageObject\",\"inLanguage\":\"tr\",\"@id\":\"https:\/\/drsedattatar.com\/tr\/estetik-ameliyat-sonrasi-agri-yonetimi-gercekci-beklentiler-ve-yontemler\/#primaryimage\",\"url\":\"https:\/\/drsedattatar.com\/tr\/wp-content\/uploads\/2026\/02\/105-Kapak-TR.png\",\"contentUrl\":\"https:\/\/drsedattatar.com\/tr\/wp-content\/uploads\/2026\/02\/105-Kapak-TR.png\",\"width\":1920,\"height\":1080},{\"@type\":\"BreadcrumbList\",\"@id\":\"https:\/\/drsedattatar.com\/tr\/estetik-ameliyat-sonrasi-agri-yonetimi-gercekci-beklentiler-ve-yontemler\/#breadcrumb\",\"itemListElement\":[{\"@type\":\"ListItem\",\"position\":1,\"name\":\"Anasayfa\",\"item\":\"https:\/\/drsedattatar.com\/tr\/\"},{\"@type\":\"ListItem\",\"position\":2,\"name\":\"Estetik Ameliyat Sonras\u0131 A\u011fr\u0131 Y\u00f6netimi: Ger\u00e7ek\u00e7i Beklentiler ve Y\u00f6ntemler\"}]},{\"@type\":\"WebSite\",\"@id\":\"https:\/\/drsedattatar.com\/tr\/#website\",\"url\":\"https:\/\/drsedattatar.com\/tr\/\",\"name\":\"\u0130stanbul Estetik, Plastik ve Rekonstr\u00fcktif Cerrahi - Do\u00e7. Dr. Sedat Tatar\",\"description\":\"\u0130stanbul Estetik, Plastik ve Rekonstr\u00fcktif Cerrahi alan\u0131nda deneyimli Do\u00e7. Dr. Sedat Tatar ile hayallerinizi ger\u00e7e\u011fe d\u00f6n\u00fc\u015ft\u00fcr\u00fcn ve kendinizi en iyi \u015fekilde hissedin.\",\"publisher\":{\"@id\":\"https:\/\/drsedattatar.com\/tr\/#organization\"},\"potentialAction\":[{\"@type\":\"SearchAction\",\"target\":{\"@type\":\"EntryPoint\",\"urlTemplate\":\"https:\/\/drsedattatar.com\/tr\/?s={search_term_string}\"},\"query-input\":{\"@type\":\"PropertyValueSpecification\",\"valueRequired\":true,\"valueName\":\"search_term_string\"}}],\"inLanguage\":\"tr\"},{\"@type\":\"Organization\",\"@id\":\"https:\/\/drsedattatar.com\/tr\/#organization\",\"name\":\"\u0130stanbul Estetik, Plastik ve Rekonstr\u00fcktif Cerrahi - Do\u00e7. Dr. Sedat Tatar\",\"url\":\"https:\/\/drsedattatar.com\/tr\/\",\"logo\":{\"@type\":\"ImageObject\",\"inLanguage\":\"tr\",\"@id\":\"https:\/\/drsedattatar.com\/tr\/#\/schema\/logo\/image\/\",\"url\":\"https:\/\/drsedattatar.com\/tr\/wp-content\/uploads\/2023\/06\/cropped-cropped-cropped-dr-sedat-tatar-estetik-plastik-logo.webp\",\"contentUrl\":\"https:\/\/drsedattatar.com\/tr\/wp-content\/uploads\/2023\/06\/cropped-cropped-cropped-dr-sedat-tatar-estetik-plastik-logo.webp\",\"width\":1505,\"height\":602,\"caption\":\"\u0130stanbul Estetik, Plastik ve Rekonstr\u00fcktif Cerrahi - Do\u00e7. Dr. Sedat Tatar\"},\"image\":{\"@id\":\"https:\/\/drsedattatar.com\/tr\/#\/schema\/logo\/image\/\"}},{\"@type\":\"Person\",\"@id\":\"https:\/\/drsedattatar.com\/tr\/#\/schema\/person\/aa22f82cb49cf6b0e8e4c2fdd472308a\",\"name\":\"Sedat Tatar\",\"image\":{\"@type\":\"ImageObject\",\"inLanguage\":\"tr\",\"@id\":\"https:\/\/drsedattatar.com\/tr\/#\/schema\/person\/image\/\",\"url\":\"https:\/\/secure.gravatar.com\/avatar\/dea798d972982cc67ccc601a56275438ae42ec5d4557bb1f2fb426553e72d1a1?s=96&d=mm&r=g\",\"contentUrl\":\"https:\/\/secure.gravatar.com\/avatar\/dea798d972982cc67ccc601a56275438ae42ec5d4557bb1f2fb426553e72d1a1?s=96&d=mm&r=g\",\"caption\":\"Sedat Tatar\"},\"sameAs\":[\"http:\/\/drsedattatar.com\/tr\"],\"url\":\"https:\/\/drsedattatar.com\/tr\/author\/admin\/\"}]}<\/script>\n<!-- \/ Yoast SEO plugin. -->","yoast_head_json":{"title":"Estetik Ameliyat Sonras\u0131 A\u011fr\u0131 Y\u00f6netimi: Ger\u00e7ek\u00e7i Beklentiler ve Y\u00f6ntemler - \u0130stanbul Estetik, Plastik ve Rekonstr\u00fcktif Cerrahi - Do\u00e7. Dr. Sedat Tatar","description":"Estetik ameliyat sonras\u0131 a\u011fr\u0131n\u0131n nedenleri, s\u00fcresi ve normal kabul edilen belirtiler. Modern a\u011fr\u0131 kontrol y\u00f6ntemleri ve ger\u00e7ek\u00e7i beklentiler.","robots":{"index":"index","follow":"follow","max-snippet":"max-snippet:-1","max-image-preview":"max-image-preview:large","max-video-preview":"max-video-preview:-1"},"canonical":"https:\/\/drsedattatar.com\/tr\/estetik-ameliyat-sonrasi-agri-yonetimi-gercekci-beklentiler-ve-yontemler\/","og_locale":"tr_TR","og_type":"article","og_title":"Estetik Ameliyat Sonras\u0131 A\u011fr\u0131 Y\u00f6netimi: Ger\u00e7ek\u00e7i Beklentiler ve Y\u00f6ntemler - \u0130stanbul Estetik, Plastik ve Rekonstr\u00fcktif Cerrahi - Do\u00e7. Dr. Sedat Tatar","og_description":"Estetik ameliyat sonras\u0131 a\u011fr\u0131n\u0131n nedenleri, s\u00fcresi ve normal kabul edilen belirtiler. Modern a\u011fr\u0131 kontrol y\u00f6ntemleri ve ger\u00e7ek\u00e7i beklentiler.","og_url":"https:\/\/drsedattatar.com\/tr\/estetik-ameliyat-sonrasi-agri-yonetimi-gercekci-beklentiler-ve-yontemler\/","og_site_name":"\u0130stanbul Estetik, Plastik ve Rekonstr\u00fcktif Cerrahi - Do\u00e7. Dr. Sedat Tatar","article_published_time":"2026-02-24T12:41:19+00:00","article_modified_time":"2026-02-24T12:41:21+00:00","og_image":[{"width":1920,"height":1080,"url":"https:\/\/drsedattatar.com\/tr\/wp-content\/uploads\/2026\/02\/105-Kapak-TR.png","type":"image\/png"}],"author":"Sedat Tatar","twitter_card":"summary_large_image","twitter_misc":{"Yazan:":"Sedat Tatar","Tahmini okuma s\u00fcresi":"6 dakika"},"schema":{"@context":"https:\/\/schema.org","@graph":[{"@type":"Article","@id":"https:\/\/drsedattatar.com\/tr\/estetik-ameliyat-sonrasi-agri-yonetimi-gercekci-beklentiler-ve-yontemler\/#article","isPartOf":{"@id":"https:\/\/drsedattatar.com\/tr\/estetik-ameliyat-sonrasi-agri-yonetimi-gercekci-beklentiler-ve-yontemler\/"},"author":{"name":"Sedat Tatar","@id":"https:\/\/drsedattatar.com\/tr\/#\/schema\/person\/aa22f82cb49cf6b0e8e4c2fdd472308a"},"headline":"Estetik Ameliyat Sonras\u0131 A\u011fr\u0131 Y\u00f6netimi: Ger\u00e7ek\u00e7i Beklentiler ve Y\u00f6ntemler","datePublished":"2026-02-24T12:41:19+00:00","dateModified":"2026-02-24T12:41:21+00:00","mainEntityOfPage":{"@id":"https:\/\/drsedattatar.com\/tr\/estetik-ameliyat-sonrasi-agri-yonetimi-gercekci-beklentiler-ve-yontemler\/"},"wordCount":1333,"publisher":{"@id":"https:\/\/drsedattatar.com\/tr\/#organization"},"image":{"@id":"https:\/\/drsedattatar.com\/tr\/estetik-ameliyat-sonrasi-agri-yonetimi-gercekci-beklentiler-ve-yontemler\/#primaryimage"},"thumbnailUrl":"https:\/\/drsedattatar.com\/tr\/wp-content\/uploads\/2026\/02\/105-Kapak-TR.png","articleSection":["Plastik Cerrahi Blog"],"inLanguage":"tr"},{"@type":"WebPage","@id":"https:\/\/drsedattatar.com\/tr\/estetik-ameliyat-sonrasi-agri-yonetimi-gercekci-beklentiler-ve-yontemler\/","url":"https:\/\/drsedattatar.com\/tr\/estetik-ameliyat-sonrasi-agri-yonetimi-gercekci-beklentiler-ve-yontemler\/","name":"Estetik Ameliyat Sonras\u0131 A\u011fr\u0131 Y\u00f6netimi: Ger\u00e7ek\u00e7i Beklentiler ve Y\u00f6ntemler - \u0130stanbul Estetik, Plastik ve Rekonstr\u00fcktif Cerrahi - Do\u00e7. Dr. Sedat Tatar","isPartOf":{"@id":"https:\/\/drsedattatar.com\/tr\/#website"},"primaryImageOfPage":{"@id":"https:\/\/drsedattatar.com\/tr\/estetik-ameliyat-sonrasi-agri-yonetimi-gercekci-beklentiler-ve-yontemler\/#primaryimage"},"image":{"@id":"https:\/\/drsedattatar.com\/tr\/estetik-ameliyat-sonrasi-agri-yonetimi-gercekci-beklentiler-ve-yontemler\/#primaryimage"},"thumbnailUrl":"https:\/\/drsedattatar.com\/tr\/wp-content\/uploads\/2026\/02\/105-Kapak-TR.png","datePublished":"2026-02-24T12:41:19+00:00","dateModified":"2026-02-24T12:41:21+00:00","description":"Estetik ameliyat sonras\u0131 a\u011fr\u0131n\u0131n nedenleri, s\u00fcresi ve normal kabul edilen belirtiler. Modern a\u011fr\u0131 kontrol y\u00f6ntemleri ve ger\u00e7ek\u00e7i beklentiler.","breadcrumb":{"@id":"https:\/\/drsedattatar.com\/tr\/estetik-ameliyat-sonrasi-agri-yonetimi-gercekci-beklentiler-ve-yontemler\/#breadcrumb"},"inLanguage":"tr","potentialAction":[{"@type":"ReadAction","target":["https:\/\/drsedattatar.com\/tr\/estetik-ameliyat-sonrasi-agri-yonetimi-gercekci-beklentiler-ve-yontemler\/"]}]},{"@type":"ImageObject","inLanguage":"tr","@id":"https:\/\/drsedattatar.com\/tr\/estetik-ameliyat-sonrasi-agri-yonetimi-gercekci-beklentiler-ve-yontemler\/#primaryimage","url":"https:\/\/drsedattatar.com\/tr\/wp-content\/uploads\/2026\/02\/105-Kapak-TR.png","contentUrl":"https:\/\/drsedattatar.com\/tr\/wp-content\/uploads\/2026\/02\/105-Kapak-TR.png","width":1920,"height":1080},{"@type":"BreadcrumbList","@id":"https:\/\/drsedattatar.com\/tr\/estetik-ameliyat-sonrasi-agri-yonetimi-gercekci-beklentiler-ve-yontemler\/#breadcrumb","itemListElement":[{"@type":"ListItem","position":1,"name":"Anasayfa","item":"https:\/\/drsedattatar.com\/tr\/"},{"@type":"ListItem","position":2,"name":"Estetik Ameliyat Sonras\u0131 A\u011fr\u0131 Y\u00f6netimi: Ger\u00e7ek\u00e7i Beklentiler ve Y\u00f6ntemler"}]},{"@type":"WebSite","@id":"https:\/\/drsedattatar.com\/tr\/#website","url":"https:\/\/drsedattatar.com\/tr\/","name":"\u0130stanbul Estetik, Plastik ve Rekonstr\u00fcktif Cerrahi - Do\u00e7. Dr. Sedat Tatar","description":"\u0130stanbul Estetik, Plastik ve Rekonstr\u00fcktif Cerrahi alan\u0131nda deneyimli Do\u00e7. Dr. Sedat Tatar ile hayallerinizi ger\u00e7e\u011fe d\u00f6n\u00fc\u015ft\u00fcr\u00fcn ve kendinizi en iyi \u015fekilde hissedin.","publisher":{"@id":"https:\/\/drsedattatar.com\/tr\/#organization"},"potentialAction":[{"@type":"SearchAction","target":{"@type":"EntryPoint","urlTemplate":"https:\/\/drsedattatar.com\/tr\/?s={search_term_string}"},"query-input":{"@type":"PropertyValueSpecification","valueRequired":true,"valueName":"search_term_string"}}],"inLanguage":"tr"},{"@type":"Organization","@id":"https:\/\/drsedattatar.com\/tr\/#organization","name":"\u0130stanbul Estetik, Plastik ve Rekonstr\u00fcktif Cerrahi - Do\u00e7. Dr. Sedat Tatar","url":"https:\/\/drsedattatar.com\/tr\/","logo":{"@type":"ImageObject","inLanguage":"tr","@id":"https:\/\/drsedattatar.com\/tr\/#\/schema\/logo\/image\/","url":"https:\/\/drsedattatar.com\/tr\/wp-content\/uploads\/2023\/06\/cropped-cropped-cropped-dr-sedat-tatar-estetik-plastik-logo.webp","contentUrl":"https:\/\/drsedattatar.com\/tr\/wp-content\/uploads\/2023\/06\/cropped-cropped-cropped-dr-sedat-tatar-estetik-plastik-logo.webp","width":1505,"height":602,"caption":"\u0130stanbul Estetik, Plastik ve Rekonstr\u00fcktif Cerrahi - Do\u00e7. Dr. Sedat Tatar"},"image":{"@id":"https:\/\/drsedattatar.com\/tr\/#\/schema\/logo\/image\/"}},{"@type":"Person","@id":"https:\/\/drsedattatar.com\/tr\/#\/schema\/person\/aa22f82cb49cf6b0e8e4c2fdd472308a","name":"Sedat Tatar","image":{"@type":"ImageObject","inLanguage":"tr","@id":"https:\/\/drsedattatar.com\/tr\/#\/schema\/person\/image\/","url":"https:\/\/secure.gravatar.com\/avatar\/dea798d972982cc67ccc601a56275438ae42ec5d4557bb1f2fb426553e72d1a1?s=96&d=mm&r=g","contentUrl":"https:\/\/secure.gravatar.com\/avatar\/dea798d972982cc67ccc601a56275438ae42ec5d4557bb1f2fb426553e72d1a1?s=96&d=mm&r=g","caption":"Sedat Tatar"},"sameAs":["http:\/\/drsedattatar.com\/tr"],"url":"https:\/\/drsedattatar.com\/tr\/author\/admin\/"}]}},"taxonomy_info":{"category":[{"value":14,"label":"Plastik Cerrahi Blog"}]},"featured_image_src_large":["https:\/\/drsedattatar.com\/tr\/wp-content\/uploads\/2026\/02\/105-Kapak-TR-1024x576.png",1024,576,true],"author_info":{"display_name":"Sedat Tatar","author_link":"https:\/\/drsedattatar.com\/tr\/author\/admin\/"},"comment_info":0,"category_info":[{"term_id":14,"name":"Plastik Cerrahi Blog","slug":"plastik-cerrahi-blog","term_group":0,"term_taxonomy_id":14,"taxonomy":"category","description":"","parent":0,"count":155,"filter":"raw","cat_ID":14,"category_count":155,"category_description":"","cat_name":"Plastik Cerrahi Blog","category_nicename":"plastik-cerrahi-blog","category_parent":0}],"tag_info":false,"_links":{"self":[{"href":"https:\/\/drsedattatar.com\/tr\/wp-json\/wp\/v2\/posts\/3238","targetHints":{"allow":["GET"]}}],"collection":[{"href":"https:\/\/drsedattatar.com\/tr\/wp-json\/wp\/v2\/posts"}],"about":[{"href":"https:\/\/drsedattatar.com\/tr\/wp-json\/wp\/v2\/types\/post"}],"author":[{"embeddable":true,"href":"https:\/\/drsedattatar.com\/tr\/wp-json\/wp\/v2\/users\/1"}],"replies":[{"embeddable":true,"href":"https:\/\/drsedattatar.com\/tr\/wp-json\/wp\/v2\/comments?post=3238"}],"version-history":[{"count":1,"href":"https:\/\/drsedattatar.com\/tr\/wp-json\/wp\/v2\/posts\/3238\/revisions"}],"predecessor-version":[{"id":3240,"href":"https:\/\/drsedattatar.com\/tr\/wp-json\/wp\/v2\/posts\/3238\/revisions\/3240"}],"wp:featuredmedia":[{"embeddable":true,"href":"https:\/\/drsedattatar.com\/tr\/wp-json\/wp\/v2\/media\/3239"}],"wp:attachment":[{"href":"https:\/\/drsedattatar.com\/tr\/wp-json\/wp\/v2\/media?parent=3238"}],"wp:term":[{"taxonomy":"category","embeddable":true,"href":"https:\/\/drsedattatar.com\/tr\/wp-json\/wp\/v2\/categories?post=3238"},{"taxonomy":"post_tag","embeddable":true,"href":"https:\/\/drsedattatar.com\/tr\/wp-json\/wp\/v2\/tags?post=3238"}],"curies":[{"name":"wp","href":"https:\/\/api.w.org\/{rel}","templated":true}]}}