{"id":3244,"date":"2026-02-25T06:43:14","date_gmt":"2026-02-25T06:43:14","guid":{"rendered":"https:\/\/drsedattatar.com\/tr\/?p=3244"},"modified":"2026-02-25T06:43:17","modified_gmt":"2026-02-25T06:43:17","slug":"goz-kapagi-estetiginde-yas-kriteri-var-mi-sarkma-ve-torbalanma-nasil-degerlendirilir","status":"publish","type":"post","link":"https:\/\/drsedattatar.com\/tr\/goz-kapagi-estetiginde-yas-kriteri-var-mi-sarkma-ve-torbalanma-nasil-degerlendirilir\/","title":{"rendered":"G\u00f6z Kapa\u011f\u0131 Esteti\u011finde Ya\u015f Kriteri Var m\u0131? Sarkma ve Torbalanma Nas\u0131l De\u011ferlendirilir?"},"content":{"rendered":"\n<p>G\u00f6z \u00e7evresi, y\u00fcz ya\u015flanmas\u0131n\u0131n en erken ve en belirgin izlerini ta\u015f\u0131yan anatomik b\u00f6lgedir. \u00dcst g\u00f6z kapa\u011f\u0131nda sarkma, alt g\u00f6z kapa\u011f\u0131nda torbalanma ve cilt gev\u015femesi; ki\u015fiye yorgun, uykusuz veya oldu\u011fundan daha ya\u015fl\u0131 bir ifade verebilir.<\/p>\n\n\n\n<p>Hastalar\u0131n en s\u0131k sordu\u011fu sorulardan biri \u015fudur: <strong>\u201cG\u00f6z kapa\u011f\u0131 esteti\u011fi i\u00e7in belirli bir ya\u015f var m\u0131?\u201d <\/strong>Bu sorunun yan\u0131t\u0131, yaln\u0131zca takvim ya\u015f\u0131na bak\u0131larak verilemez. \u00c7\u00fcnk\u00fc g\u00f6z kapa\u011f\u0131 problemleri ya\u015fla birlikte artsa da as\u0131l belirleyici olan <strong>doku durumu ve fonksiyonel etkilenmedir<\/strong>.<\/p>\n\n\n\n<h2 class=\"wp-block-heading\"><a><\/a><strong>G\u00f6z Kapa\u011f\u0131 Esteti\u011finde Ya\u015f Tek Ba\u015f\u0131na Belirleyici midir?<\/strong><\/h2>\n\n\n\n<p>Hay\u0131r. G\u00f6z kapa\u011f\u0131 esteti\u011fi i\u00e7in alt ya da \u00fcst bir ya\u015f s\u0131n\u0131r\u0131 yoktur. Klinik pratikte esas al\u0131nan kriter; <strong>g\u00f6z kapa\u011f\u0131ndaki yap\u0131sal de\u011fi\u015fiklikler ve bu de\u011fi\u015fikliklerin ki\u015fiyi nas\u0131l etkiledi\u011fidir<\/strong>.<\/p>\n\n\n\n<p>Baz\u0131 ki\u015filerde:<\/p>\n\n\n\n<ul class=\"wp-block-list\">\n<li>Genetik yatk\u0131nl\u0131k,<\/li>\n\n\n\n<li>\u0130nce cilt yap\u0131s\u0131,<\/li>\n\n\n\n<li>Ya\u011f dokusunun erken yer de\u011fi\u015ftirmesi<\/li>\n<\/ul>\n\n\n\n<p>nedeniyle 30\u2019lu ya\u015flarda bile belirgin sarkma veya torbalanma g\u00f6r\u00fclebilir. Buna kar\u015f\u0131l\u0131k, baz\u0131 bireylerde 50\u2019li ya\u015flara kadar g\u00f6z kapa\u011f\u0131 dokusu olduk\u00e7a iyi korunabilir.<\/p>\n\n\n\n<p>Bu nedenle g\u00f6z kapa\u011f\u0131 esteti\u011fi karar\u0131nda \u201cka\u00e7 ya\u015f\u0131nday\u0131m?\u201d sorusundan \u00e7ok, <strong>\u201cg\u00f6z kapa\u011f\u0131m\u0131n durumu ne?\u201d<\/strong> sorusu \u00f6nemlidir.<\/p>\n\n\n\n<h2 class=\"wp-block-heading\"><a><\/a><strong>\u00dcst G\u00f6z Kapa\u011f\u0131 Sarkmas\u0131 Nas\u0131l Olu\u015fur?<\/strong><\/h2>\n\n\n\n<p>\u00dcst g\u00f6z kapa\u011f\u0131 sarkmas\u0131, \u00e7o\u011fu zaman cilt fazlal\u0131\u011f\u0131 ve alttaki kas\u2013ba\u011f dokusunun gev\u015femesi ile ili\u015fkilidir. Zamanla cilt elastikiyetini kaybeder, yer \u00e7ekiminin etkisi artar ve fazla deri kirpiklerin \u00fczerine do\u011fru katlanmaya ba\u015flar.<\/p>\n\n\n\n<p>\u00dcst g\u00f6z kapa\u011f\u0131 sarkmas\u0131n\u0131n de\u011ferlendirilmesinde \u015fu noktalar dikkate al\u0131n\u0131r:<\/p>\n\n\n\n<ul class=\"wp-block-list\">\n<li>Fazla deri miktar\u0131<\/li>\n\n\n\n<li>Sarkman\u0131n simetrisi<\/li>\n\n\n\n<li>G\u00f6z kapa\u011f\u0131n\u0131n a\u00e7\u0131lma\u2013kapanma fonksiyonu<\/li>\n\n\n\n<li>Sarkman\u0131n g\u00f6rme alan\u0131n\u0131 daralt\u0131p daraltmad\u0131\u011f\u0131<\/li>\n<\/ul>\n\n\n\n<p>Baz\u0131 hastalarda sarkma yaln\u0131zca estetik bir problemken, baz\u0131 durumlarda \u00fcst g\u00f6rme alan\u0131n\u0131 kapatarak <strong>fonksiyonel bir sorun<\/strong> h\u00e2line gelebilir.<\/p>\n\n\n\n<h2 class=\"wp-block-heading\"><a><\/a><strong>Alt G\u00f6z Kapa\u011f\u0131nda Torbalanma Neden Olur?<\/strong><\/h2>\n\n\n\n<p>Alt g\u00f6z kapa\u011f\u0131 torbalanmas\u0131, genellikle ya\u011f dokusunun \u00f6ne do\u011fru yer de\u011fi\u015ftirmesiyle ortaya \u00e7\u0131kar. Bu durum her zaman \u201cfazla kilo\u201d ile ili\u015fkili de\u011fildir; \u00e7o\u011fu zaman tamamen genetik yap\u0131dan kaynaklan\u0131r.<\/p>\n\n\n\n<p>Alt g\u00f6z kapa\u011f\u0131nda torbalanma de\u011ferlendirilirken:<\/p>\n\n\n\n<ul class=\"wp-block-list\">\n<li>Ya\u011f dokusunun miktar\u0131 ve yerle\u015fimi<\/li>\n\n\n\n<li>Cilt gev\u015fekli\u011fi<\/li>\n\n\n\n<li>Alt kapak kas tonusu<\/li>\n\n\n\n<li>G\u00f6z kapa\u011f\u0131 ile yanak ge\u00e7i\u015fi<\/li>\n<\/ul>\n\n\n\n<p>birlikte ele al\u0131n\u0131r. Torbalanman\u0131n yan\u0131 s\u0131ra \u00e7\u00f6k\u00fckl\u00fck de varsa, yaln\u0131zca ya\u011f \u00e7\u0131kar\u0131lmas\u0131 yerine <strong>ya\u011f\u0131n yeniden konumland\u0131r\u0131lmas\u0131 veya destekleyici i\u015flemler<\/strong> g\u00fcndeme gelebilir.<\/p>\n\n\n\n<h2 class=\"wp-block-heading\"><a><\/a><strong>Gen\u00e7 Ya\u015fta G\u00f6z Kapa\u011f\u0131 Esteti\u011fi Yap\u0131l\u0131r m\u0131?<\/strong><\/h2>\n\n\n\n<p>Evet, uygun hastalarda yap\u0131labilir. \u00d6zellikle:<\/p>\n\n\n\n<ul class=\"wp-block-list\">\n<li>Genetik olarak belirgin torbalanmas\u0131 olanlar<\/li>\n\n\n\n<li>\u00dcst kapakta erken cilt fazlal\u0131\u011f\u0131 geli\u015fenler<\/li>\n\n\n\n<li>Yorgun ve uykusuz g\u00f6r\u00fcn\u00fcmden \u015fik\u00e2yet edenler<\/li>\n<\/ul>\n\n\n\n<p>30\u2019lu ya\u015flarda bile g\u00f6z kapa\u011f\u0131 esteti\u011fi i\u00e7in aday olabilir. Burada ama\u00e7 y\u00fcz\u00fc \u201cya\u015fl\u0131dan gen\u00e7\u201d yapmak de\u011fil; <strong>ki\u015finin do\u011fal ifadesini daha dinlenmi\u015f h\u00e2le getirmektir<\/strong>.<\/p>\n\n\n\n<p>Gen\u00e7 hastalarda yap\u0131lan i\u015flemler genellikle daha s\u0131n\u0131rl\u0131d\u0131r ve dokuya sayg\u0131l\u0131 teknikler tercih edilir.<\/p>\n\n\n\n<h2 class=\"wp-block-heading\"><a><\/a><strong>\u0130leri Ya\u015fta G\u00f6z Kapa\u011f\u0131 Esteti\u011fi Riskli midir?<\/strong><\/h2>\n\n\n\n<p>Ya\u015f tek ba\u015f\u0131na bir risk fakt\u00f6r\u00fc de\u011fildir. As\u0131l \u00f6nemli olan:<\/p>\n\n\n\n<ul class=\"wp-block-list\">\n<li>Genel sa\u011fl\u0131k durumu<\/li>\n\n\n\n<li>G\u00f6z kurulu\u011fu veya g\u00f6z hastal\u0131klar\u0131<\/li>\n\n\n\n<li>Cilt ve kas yap\u0131s\u0131n\u0131n durumu<\/li>\n\n\n\n<li>Kullan\u0131lan ila\u00e7lar<\/li>\n<\/ul>\n\n\n\n<p>\u0130leri ya\u015f hastalarda de\u011ferlendirme daha ayr\u0131nt\u0131l\u0131 yap\u0131l\u0131r. Do\u011fru hasta se\u00e7imi ve uygun cerrahi planlama ile ileri ya\u015flarda da g\u00fcvenli ve tatmin edici sonu\u00e7lar elde edilebilir.<\/p>\n\n\n\n<h2 class=\"wp-block-heading\"><a><\/a><strong>G\u00f6z Kapa\u011f\u0131 Esteti\u011fi \u00d6ncesi De\u011ferlendirme Nas\u0131l Yap\u0131l\u0131r?<\/strong><\/h2>\n\n\n\n<p>Ba\u015far\u0131l\u0131 bir g\u00f6z kapa\u011f\u0131 esteti\u011fi i\u00e7in \u00f6n de\u011ferlendirme kritik \u00f6neme sahiptir. Bu a\u015famada yaln\u0131zca cilt fazlal\u0131\u011f\u0131na de\u011fil, <strong>g\u00f6z \u00e7evresinin tamam\u0131na<\/strong> bak\u0131l\u0131r.<\/p>\n\n\n\n<p>De\u011ferlendirme s\u0131ras\u0131nda:<\/p>\n\n\n\n<ul class=\"wp-block-list\">\n<li>\u00dcst ve alt kapak birlikte analiz edilir<\/li>\n\n\n\n<li>Ka\u015f pozisyonu g\u00f6z \u00f6n\u00fcnde bulundurulur<\/li>\n\n\n\n<li>Y\u00fcz simetrisi de\u011ferlendirilir<\/li>\n\n\n\n<li>Hastan\u0131n beklentileri netle\u015ftirilir<\/li>\n<\/ul>\n\n\n\n<p>Ama\u00e7, a\u015f\u0131r\u0131 al\u0131nm\u0131\u015f ya da donuk bir g\u00f6r\u00fcn\u00fcm de\u011fil; <strong>do\u011fal ve y\u00fczle uyumlu bir sonu\u00e7<\/strong> elde etmektir.<\/p>\n\n\n\n<h2 class=\"wp-block-heading\"><a><\/a><strong>G\u00f6z Kapa\u011f\u0131 Esteti\u011fi Her Zaman Tek Ba\u015f\u0131na m\u0131 Yap\u0131l\u0131r?<\/strong><\/h2>\n\n\n\n<p>Hay\u0131r. G\u00f6z kapa\u011f\u0131 esteti\u011fi, hastan\u0131n ihtiyac\u0131na g\u00f6re farkl\u0131 i\u015flemlerle kombine edilebilir. En s\u0131k birlikte planlanan uygulamalar:<\/p>\n\n\n\n<ul class=\"wp-block-list\">\n<li>Ka\u015f pozisyonunu d\u00fczenleyen i\u015flemler<\/li>\n\n\n\n<li>Y\u00fcz germe veya mini y\u00fcz germe<\/li>\n\n\n\n<li>G\u00f6z alt\u0131 ya\u011f enjeksiyonu<\/li>\n\n\n\n<li>Cilt kalitesini destekleyici medikal uygulamalar<\/li>\n<\/ul>\n\n\n\n<p>Bu kombinasyonlar, g\u00f6z \u00e7evresinin y\u00fcz\u00fcn geneliyle uyumlu g\u00f6r\u00fcnmesini sa\u011flar.<\/p>\n\n\n\n<h2 class=\"wp-block-heading\"><a><\/a><strong>Do\u011fru Zaman Nas\u0131l Belirlenir?<\/strong><\/h2>\n\n\n\n<p>G\u00f6z kapa\u011f\u0131 esteti\u011fi i\u00e7in \u201cideal ya\u015f\u201d yoktur; <strong>ideal zaman<\/strong> vard\u0131r. Bu zaman:<\/p>\n\n\n\n<ul class=\"wp-block-list\">\n<li>Sarkma veya torbalanma ki\u015finin ifadesini belirgin \u015fekilde etkiledi\u011finde<\/li>\n\n\n\n<li>Makyajla kamufle edilemez h\u00e2le geldi\u011finde<\/li>\n\n\n\n<li>Yorgun g\u00f6r\u00fcn\u00fcm kal\u0131c\u0131la\u015ft\u0131\u011f\u0131nda<\/li>\n\n\n\n<li>Fonksiyonel \u015fik\u00e2yetler ba\u015flad\u0131\u011f\u0131nda<\/li>\n<\/ul>\n\n\n\n<p>genellikle gelmi\u015f kabul edilir.<\/p>\n\n\n\n<p>G\u00f6z kapa\u011f\u0131 esteti\u011finde karar s\u00fcreci, ya\u015fa de\u011fil; doku durumuna, \u015fik\u00e2yetin derecesine ve ki\u015fisel beklentilere g\u00f6re \u015fekillenir. Do\u011fru de\u011ferlendirme ile planlanan bir blefaroplasti, y\u00fcz ifadesini de\u011fi\u015ftirmeden daha dinlenmi\u015f, daha a\u00e7\u0131k ve daha dengeli bir g\u00f6r\u00fcn\u00fcm sa\u011flayabilir.<\/p>\n\n\n\n<p id=\"block-3a3212d6-f67d-4bfe-9697-5d0a5830a4ad\"><strong>Hekim Bilgisi<\/strong><\/p>\n\n\n\n<p id=\"block-a7476fa1-5aba-49b7-811f-cdbc4833f823\"><strong>Do\u00e7. Dr. Sedat Tatar<\/strong>, iki ayr\u0131 uluslararas\u0131 kurul taraf\u0131ndan sertifikaland\u0131r\u0131lm\u0131\u015f (Double Board Certified) Plastik, Rekonstr\u00fcktif ve Estetik Cerrahi uzman\u0131d\u0131r. <strong>American College of Surgeons Fellow (FACS)<\/strong> ve <strong>European Board of Plastic, Reconstructive and Aesthetic Surgery Fellow (FEBOPRAS)<\/strong> unvanlar\u0131na sahiptir.<\/p>\n\n\n\n<p id=\"block-b4169953-a4b6-437c-9fbd-abc2bc8abbee\">Uluslararas\u0131 profesyonel \u00fcyelikleri aras\u0131nda <strong>ISAPS (International Society of Aesthetic Plastic Surgery)<\/strong> ve <strong>ASPS (American Society of Plastic Surgeons)<\/strong> bulunmaktad\u0131r.<\/p>\n\n\n\n<p id=\"block-c2e51c4f-149d-4f50-a30b-37984cd59e30\">Klini\u011fi \u0130stanbul\u2019da <strong>T\u00fcrkiye Sa\u011fl\u0131k Bakanl\u0131\u011f\u0131 taraf\u0131ndan Sa\u011fl\u0131k Turizmi Merkezi olarak yetkilidir<\/strong> ve \u015firketi <strong>Birle\u015fik Krall\u0131k &amp; Galler&#8217;e kay\u0131tl\u0131d\u0131r.<\/strong><\/p>\n\n\n\n<p id=\"block-a1e9e51a-ae8b-4912-bcf7-569957645885\"><strong>\u0130LET\u0130\u015e\u0130M B\u0130LG\u0130LER\u0130<\/strong><\/p>\n\n\n\n<p id=\"block-35aa5dd5-2dbb-4b8a-a0d0-0568699cd5a2\"><strong>Do\u00e7. Dr. Sedar Tatar Klini\u011fi<\/strong><\/p>\n\n\n\n<p id=\"block-f8c5b5c0-0128-4552-9f9c-0cb3388dc884\"><strong>Telefon No :&nbsp;<\/strong><a href=\"tel:+90%20(555)%20100%2010%2083\">+90 (555) 100 10 83<\/a><br><strong>\u0130leti\u015fim Linki :&nbsp;<\/strong><a href=\"mailto:info@drsedattatar.com\">info@drsedattatar.com<\/a><br><strong>Adres :&nbsp;<\/strong>Levent Mahallesi, Karanfil Aral\u0131\u011f\u0131 Caddesi No: 18 Be\u015fikta\u015f\/\u0130STANBUL<\/p>\n\n\n<div class=\"kk-star-ratings kksr-auto kksr-align-center kksr-valign-bottom\"\n    data-payload='{&quot;align&quot;:&quot;center&quot;,&quot;id&quot;:&quot;3244&quot;,&quot;slug&quot;:&quot;default&quot;,&quot;valign&quot;:&quot;bottom&quot;,&quot;ignore&quot;:&quot;&quot;,&quot;reference&quot;:&quot;auto&quot;,&quot;class&quot;:&quot;&quot;,&quot;count&quot;:&quot;0&quot;,&quot;legendonly&quot;:&quot;&quot;,&quot;readonly&quot;:&quot;&quot;,&quot;score&quot;:&quot;0&quot;,&quot;starsonly&quot;:&quot;&quot;,&quot;best&quot;:&quot;5&quot;,&quot;gap&quot;:&quot;5&quot;,&quot;greet&quot;:&quot;\u0130\u00e7eri\u011fimizi Oylay\u0131n!&quot;,&quot;legend&quot;:&quot;0\\\/5 - (0 oy verildi!)&quot;,&quot;size&quot;:&quot;24&quot;,&quot;title&quot;:&quot;G\u00f6z Kapa\u011f\u0131 Esteti\u011finde Ya\u015f Kriteri Var m\u0131? Sarkma ve Torbalanma Nas\u0131l De\u011ferlendirilir?&quot;,&quot;width&quot;:&quot;0&quot;,&quot;_legend&quot;:&quot;{score}\\\/{best} - ({count} oy verildi!)&quot;,&quot;font_factor&quot;:&quot;1.25&quot;}'>\n            \n<div class=\"kksr-stars\">\n    \n<div class=\"kksr-stars-inactive\">\n            <div class=\"kksr-star\" data-star=\"1\" style=\"padding-right: 5px\">\n            \n\n<div class=\"kksr-icon\" style=\"width: 24px; height: 24px;\"><\/div>\n        <\/div>\n            <div class=\"kksr-star\" data-star=\"2\" style=\"padding-right: 5px\">\n            \n\n<div class=\"kksr-icon\" style=\"width: 24px; height: 24px;\"><\/div>\n        <\/div>\n            <div class=\"kksr-star\" data-star=\"3\" style=\"padding-right: 5px\">\n            \n\n<div class=\"kksr-icon\" style=\"width: 24px; height: 24px;\"><\/div>\n        <\/div>\n            <div class=\"kksr-star\" data-star=\"4\" style=\"padding-right: 5px\">\n            \n\n<div class=\"kksr-icon\" style=\"width: 24px; height: 24px;\"><\/div>\n        <\/div>\n            <div class=\"kksr-star\" data-star=\"5\" style=\"padding-right: 5px\">\n            \n\n<div class=\"kksr-icon\" style=\"width: 24px; height: 24px;\"><\/div>\n        <\/div>\n    <\/div>\n    \n<div class=\"kksr-stars-active\" style=\"width: 0px;\">\n            <div class=\"kksr-star\" style=\"padding-right: 5px\">\n            \n\n<div class=\"kksr-icon\" style=\"width: 24px; height: 24px;\"><\/div>\n        <\/div>\n            <div class=\"kksr-star\" style=\"padding-right: 5px\">\n            \n\n<div class=\"kksr-icon\" style=\"width: 24px; height: 24px;\"><\/div>\n        <\/div>\n            <div class=\"kksr-star\" style=\"padding-right: 5px\">\n            \n\n<div class=\"kksr-icon\" style=\"width: 24px; height: 24px;\"><\/div>\n        <\/div>\n            <div class=\"kksr-star\" style=\"padding-right: 5px\">\n            \n\n<div class=\"kksr-icon\" style=\"width: 24px; height: 24px;\"><\/div>\n        <\/div>\n            <div class=\"kksr-star\" style=\"padding-right: 5px\">\n            \n\n<div class=\"kksr-icon\" style=\"width: 24px; height: 24px;\"><\/div>\n        <\/div>\n    <\/div>\n<\/div>\n                \n\n<div class=\"kksr-legend\" style=\"font-size: 19.2px;\">\n            <span class=\"kksr-muted\">\u0130\u00e7eri\u011fimizi Oylay\u0131n!<\/span>\n    <\/div>\n    <\/div>\n","protected":false},"excerpt":{"rendered":"<p>G\u00f6z \u00e7evresi, y\u00fcz ya\u015flanmas\u0131n\u0131n en erken ve en belirgin izlerini ta\u015f\u0131yan anatomik b\u00f6lgedir. \u00dcst g\u00f6z kapa\u011f\u0131nda sarkma, alt g\u00f6z kapa\u011f\u0131nda torbalanma ve cilt gev\u015femesi; ki\u015fiye yorgun, uykusuz veya oldu\u011fundan daha ya\u015fl\u0131 bir ifade verebilir.<br \/>\nHastalar\u0131n en s\u0131k sordu\u011fu sorulardan biri \u015fudur: \u201cG\u00f6z kapa\u011f\u0131 esteti\u011fi i\u00e7in belirli bir ya\u015f var m\u0131?\u201d Bu sorunun yan\u0131t\u0131, yaln\u0131zca takvim ya\u015f\u0131na bak\u0131larak verilemez. <\/p>\n","protected":false},"author":1,"featured_media":3245,"comment_status":"closed","ping_status":"open","sticky":false,"template":"","format":"standard","meta":{"_kad_blocks_custom_css":"","_kad_blocks_head_custom_js":"","_kad_blocks_body_custom_js":"","_kad_blocks_footer_custom_js":"","_kadence_starter_templates_imported_post":false,"_kad_post_transparent":"","_kad_post_title":"","_kad_post_layout":"","_kad_post_sidebar_id":"","_kad_post_content_style":"","_kad_post_vertical_padding":"","_kad_post_feature":"","_kad_post_feature_position":"","_kad_post_header":false,"_kad_post_footer":false,"footnotes":""},"categories":[14],"tags":[],"class_list":["post-3244","post","type-post","status-publish","format-standard","has-post-thumbnail","hentry","category-plastik-cerrahi-blog"],"yoast_head":"<!-- This site is optimized with the Yoast SEO plugin v25.9 - https:\/\/yoast.com\/wordpress\/plugins\/seo\/ -->\n<title>G\u00f6z Kapa\u011f\u0131 Esteti\u011finde Ya\u015f Kriteri Var m\u0131? Sarkma ve Torbalanma Nas\u0131l De\u011ferlendirilir? - \u0130stanbul Estetik, Plastik ve Rekonstr\u00fcktif Cerrahi - Do\u00e7. Dr. Sedat Tatar<\/title>\n<meta name=\"description\" content=\"G\u00f6z kapa\u011f\u0131 esteti\u011finde gen\u00e7 ve ileri ya\u015f hastalar\u0131n de\u011ferlendirilmesi, risk analizi ve do\u011fal sonu\u00e7 planlamas\u0131n\u0131n temel noktalar\u0131.\" \/>\n<meta name=\"robots\" content=\"index, follow, max-snippet:-1, max-image-preview:large, max-video-preview:-1\" \/>\n<link rel=\"canonical\" href=\"https:\/\/drsedattatar.com\/tr\/goz-kapagi-estetiginde-yas-kriteri-var-mi-sarkma-ve-torbalanma-nasil-degerlendirilir\/\" \/>\n<meta property=\"og:locale\" content=\"tr_TR\" \/>\n<meta property=\"og:type\" content=\"article\" \/>\n<meta property=\"og:title\" content=\"G\u00f6z Kapa\u011f\u0131 Esteti\u011finde Ya\u015f Kriteri Var m\u0131? Sarkma ve Torbalanma Nas\u0131l De\u011ferlendirilir? - \u0130stanbul Estetik, Plastik ve Rekonstr\u00fcktif Cerrahi - Do\u00e7. Dr. Sedat Tatar\" \/>\n<meta property=\"og:description\" content=\"G\u00f6z kapa\u011f\u0131 esteti\u011finde gen\u00e7 ve ileri ya\u015f hastalar\u0131n de\u011ferlendirilmesi, risk analizi ve do\u011fal sonu\u00e7 planlamas\u0131n\u0131n temel noktalar\u0131.\" \/>\n<meta property=\"og:url\" content=\"https:\/\/drsedattatar.com\/tr\/goz-kapagi-estetiginde-yas-kriteri-var-mi-sarkma-ve-torbalanma-nasil-degerlendirilir\/\" \/>\n<meta property=\"og:site_name\" content=\"\u0130stanbul Estetik, Plastik ve Rekonstr\u00fcktif Cerrahi - Do\u00e7. Dr. Sedat Tatar\" \/>\n<meta property=\"article:published_time\" content=\"2026-02-25T06:43:14+00:00\" \/>\n<meta property=\"article:modified_time\" content=\"2026-02-25T06:43:17+00:00\" \/>\n<meta property=\"og:image\" content=\"https:\/\/drsedattatar.com\/tr\/wp-content\/uploads\/2026\/02\/107-Kapak-TR-1024x576.png\" \/>\n\t<meta property=\"og:image:width\" content=\"1024\" \/>\n\t<meta property=\"og:image:height\" content=\"576\" \/>\n\t<meta property=\"og:image:type\" content=\"image\/png\" \/>\n<meta name=\"author\" content=\"Sedat Tatar\" \/>\n<meta name=\"twitter:card\" content=\"summary_large_image\" \/>\n<meta name=\"twitter:label1\" content=\"Yazan:\" \/>\n\t<meta name=\"twitter:data1\" content=\"Sedat Tatar\" \/>\n\t<meta name=\"twitter:label2\" content=\"Tahmini okuma s\u00fcresi\" \/>\n\t<meta name=\"twitter:data2\" content=\"5 dakika\" \/>\n<script type=\"application\/ld+json\" class=\"yoast-schema-graph\">{\"@context\":\"https:\/\/schema.org\",\"@graph\":[{\"@type\":\"Article\",\"@id\":\"https:\/\/drsedattatar.com\/tr\/goz-kapagi-estetiginde-yas-kriteri-var-mi-sarkma-ve-torbalanma-nasil-degerlendirilir\/#article\",\"isPartOf\":{\"@id\":\"https:\/\/drsedattatar.com\/tr\/goz-kapagi-estetiginde-yas-kriteri-var-mi-sarkma-ve-torbalanma-nasil-degerlendirilir\/\"},\"author\":{\"name\":\"Sedat Tatar\",\"@id\":\"https:\/\/drsedattatar.com\/tr\/#\/schema\/person\/aa22f82cb49cf6b0e8e4c2fdd472308a\"},\"headline\":\"G\u00f6z Kapa\u011f\u0131 Esteti\u011finde Ya\u015f Kriteri Var m\u0131? Sarkma ve Torbalanma Nas\u0131l De\u011ferlendirilir?\",\"datePublished\":\"2026-02-25T06:43:14+00:00\",\"dateModified\":\"2026-02-25T06:43:17+00:00\",\"mainEntityOfPage\":{\"@id\":\"https:\/\/drsedattatar.com\/tr\/goz-kapagi-estetiginde-yas-kriteri-var-mi-sarkma-ve-torbalanma-nasil-degerlendirilir\/\"},\"wordCount\":1064,\"publisher\":{\"@id\":\"https:\/\/drsedattatar.com\/tr\/#organization\"},\"image\":{\"@id\":\"https:\/\/drsedattatar.com\/tr\/goz-kapagi-estetiginde-yas-kriteri-var-mi-sarkma-ve-torbalanma-nasil-degerlendirilir\/#primaryimage\"},\"thumbnailUrl\":\"https:\/\/drsedattatar.com\/tr\/wp-content\/uploads\/2026\/02\/107-Kapak-TR.png\",\"articleSection\":[\"Plastik Cerrahi Blog\"],\"inLanguage\":\"tr\"},{\"@type\":\"WebPage\",\"@id\":\"https:\/\/drsedattatar.com\/tr\/goz-kapagi-estetiginde-yas-kriteri-var-mi-sarkma-ve-torbalanma-nasil-degerlendirilir\/\",\"url\":\"https:\/\/drsedattatar.com\/tr\/goz-kapagi-estetiginde-yas-kriteri-var-mi-sarkma-ve-torbalanma-nasil-degerlendirilir\/\",\"name\":\"G\u00f6z Kapa\u011f\u0131 Esteti\u011finde Ya\u015f Kriteri Var m\u0131? Sarkma ve Torbalanma Nas\u0131l De\u011ferlendirilir? - \u0130stanbul Estetik, Plastik ve Rekonstr\u00fcktif Cerrahi - Do\u00e7. Dr. Sedat Tatar\",\"isPartOf\":{\"@id\":\"https:\/\/drsedattatar.com\/tr\/#website\"},\"primaryImageOfPage\":{\"@id\":\"https:\/\/drsedattatar.com\/tr\/goz-kapagi-estetiginde-yas-kriteri-var-mi-sarkma-ve-torbalanma-nasil-degerlendirilir\/#primaryimage\"},\"image\":{\"@id\":\"https:\/\/drsedattatar.com\/tr\/goz-kapagi-estetiginde-yas-kriteri-var-mi-sarkma-ve-torbalanma-nasil-degerlendirilir\/#primaryimage\"},\"thumbnailUrl\":\"https:\/\/drsedattatar.com\/tr\/wp-content\/uploads\/2026\/02\/107-Kapak-TR.png\",\"datePublished\":\"2026-02-25T06:43:14+00:00\",\"dateModified\":\"2026-02-25T06:43:17+00:00\",\"description\":\"G\u00f6z kapa\u011f\u0131 esteti\u011finde gen\u00e7 ve ileri ya\u015f hastalar\u0131n de\u011ferlendirilmesi, risk analizi ve do\u011fal sonu\u00e7 planlamas\u0131n\u0131n temel noktalar\u0131.\",\"breadcrumb\":{\"@id\":\"https:\/\/drsedattatar.com\/tr\/goz-kapagi-estetiginde-yas-kriteri-var-mi-sarkma-ve-torbalanma-nasil-degerlendirilir\/#breadcrumb\"},\"inLanguage\":\"tr\",\"potentialAction\":[{\"@type\":\"ReadAction\",\"target\":[\"https:\/\/drsedattatar.com\/tr\/goz-kapagi-estetiginde-yas-kriteri-var-mi-sarkma-ve-torbalanma-nasil-degerlendirilir\/\"]}]},{\"@type\":\"ImageObject\",\"inLanguage\":\"tr\",\"@id\":\"https:\/\/drsedattatar.com\/tr\/goz-kapagi-estetiginde-yas-kriteri-var-mi-sarkma-ve-torbalanma-nasil-degerlendirilir\/#primaryimage\",\"url\":\"https:\/\/drsedattatar.com\/tr\/wp-content\/uploads\/2026\/02\/107-Kapak-TR.png\",\"contentUrl\":\"https:\/\/drsedattatar.com\/tr\/wp-content\/uploads\/2026\/02\/107-Kapak-TR.png\",\"width\":1920,\"height\":1080},{\"@type\":\"BreadcrumbList\",\"@id\":\"https:\/\/drsedattatar.com\/tr\/goz-kapagi-estetiginde-yas-kriteri-var-mi-sarkma-ve-torbalanma-nasil-degerlendirilir\/#breadcrumb\",\"itemListElement\":[{\"@type\":\"ListItem\",\"position\":1,\"name\":\"Anasayfa\",\"item\":\"https:\/\/drsedattatar.com\/tr\/\"},{\"@type\":\"ListItem\",\"position\":2,\"name\":\"G\u00f6z Kapa\u011f\u0131 Esteti\u011finde Ya\u015f Kriteri Var m\u0131? Sarkma ve Torbalanma Nas\u0131l De\u011ferlendirilir?\"}]},{\"@type\":\"WebSite\",\"@id\":\"https:\/\/drsedattatar.com\/tr\/#website\",\"url\":\"https:\/\/drsedattatar.com\/tr\/\",\"name\":\"\u0130stanbul Estetik, Plastik ve Rekonstr\u00fcktif Cerrahi - Do\u00e7. Dr. Sedat Tatar\",\"description\":\"\u0130stanbul Estetik, Plastik ve Rekonstr\u00fcktif Cerrahi alan\u0131nda deneyimli Do\u00e7. Dr. Sedat Tatar ile hayallerinizi ger\u00e7e\u011fe d\u00f6n\u00fc\u015ft\u00fcr\u00fcn ve kendinizi en iyi \u015fekilde hissedin.\",\"publisher\":{\"@id\":\"https:\/\/drsedattatar.com\/tr\/#organization\"},\"potentialAction\":[{\"@type\":\"SearchAction\",\"target\":{\"@type\":\"EntryPoint\",\"urlTemplate\":\"https:\/\/drsedattatar.com\/tr\/?s={search_term_string}\"},\"query-input\":{\"@type\":\"PropertyValueSpecification\",\"valueRequired\":true,\"valueName\":\"search_term_string\"}}],\"inLanguage\":\"tr\"},{\"@type\":\"Organization\",\"@id\":\"https:\/\/drsedattatar.com\/tr\/#organization\",\"name\":\"\u0130stanbul Estetik, Plastik ve Rekonstr\u00fcktif Cerrahi - Do\u00e7. Dr. Sedat Tatar\",\"url\":\"https:\/\/drsedattatar.com\/tr\/\",\"logo\":{\"@type\":\"ImageObject\",\"inLanguage\":\"tr\",\"@id\":\"https:\/\/drsedattatar.com\/tr\/#\/schema\/logo\/image\/\",\"url\":\"https:\/\/drsedattatar.com\/tr\/wp-content\/uploads\/2023\/06\/cropped-cropped-cropped-dr-sedat-tatar-estetik-plastik-logo.webp\",\"contentUrl\":\"https:\/\/drsedattatar.com\/tr\/wp-content\/uploads\/2023\/06\/cropped-cropped-cropped-dr-sedat-tatar-estetik-plastik-logo.webp\",\"width\":1505,\"height\":602,\"caption\":\"\u0130stanbul Estetik, Plastik ve Rekonstr\u00fcktif Cerrahi - Do\u00e7. Dr. Sedat Tatar\"},\"image\":{\"@id\":\"https:\/\/drsedattatar.com\/tr\/#\/schema\/logo\/image\/\"}},{\"@type\":\"Person\",\"@id\":\"https:\/\/drsedattatar.com\/tr\/#\/schema\/person\/aa22f82cb49cf6b0e8e4c2fdd472308a\",\"name\":\"Sedat Tatar\",\"image\":{\"@type\":\"ImageObject\",\"inLanguage\":\"tr\",\"@id\":\"https:\/\/drsedattatar.com\/tr\/#\/schema\/person\/image\/\",\"url\":\"https:\/\/secure.gravatar.com\/avatar\/dea798d972982cc67ccc601a56275438ae42ec5d4557bb1f2fb426553e72d1a1?s=96&d=mm&r=g\",\"contentUrl\":\"https:\/\/secure.gravatar.com\/avatar\/dea798d972982cc67ccc601a56275438ae42ec5d4557bb1f2fb426553e72d1a1?s=96&d=mm&r=g\",\"caption\":\"Sedat Tatar\"},\"sameAs\":[\"http:\/\/drsedattatar.com\/tr\"],\"url\":\"https:\/\/drsedattatar.com\/tr\/author\/admin\/\"}]}<\/script>\n<!-- \/ Yoast SEO plugin. -->","yoast_head_json":{"title":"G\u00f6z Kapa\u011f\u0131 Esteti\u011finde Ya\u015f Kriteri Var m\u0131? Sarkma ve Torbalanma Nas\u0131l De\u011ferlendirilir? - \u0130stanbul Estetik, Plastik ve Rekonstr\u00fcktif Cerrahi - Do\u00e7. Dr. Sedat Tatar","description":"G\u00f6z kapa\u011f\u0131 esteti\u011finde gen\u00e7 ve ileri ya\u015f hastalar\u0131n de\u011ferlendirilmesi, risk analizi ve do\u011fal sonu\u00e7 planlamas\u0131n\u0131n temel noktalar\u0131.","robots":{"index":"index","follow":"follow","max-snippet":"max-snippet:-1","max-image-preview":"max-image-preview:large","max-video-preview":"max-video-preview:-1"},"canonical":"https:\/\/drsedattatar.com\/tr\/goz-kapagi-estetiginde-yas-kriteri-var-mi-sarkma-ve-torbalanma-nasil-degerlendirilir\/","og_locale":"tr_TR","og_type":"article","og_title":"G\u00f6z Kapa\u011f\u0131 Esteti\u011finde Ya\u015f Kriteri Var m\u0131? Sarkma ve Torbalanma Nas\u0131l De\u011ferlendirilir? - \u0130stanbul Estetik, Plastik ve Rekonstr\u00fcktif Cerrahi - Do\u00e7. Dr. Sedat Tatar","og_description":"G\u00f6z kapa\u011f\u0131 esteti\u011finde gen\u00e7 ve ileri ya\u015f hastalar\u0131n de\u011ferlendirilmesi, risk analizi ve do\u011fal sonu\u00e7 planlamas\u0131n\u0131n temel noktalar\u0131.","og_url":"https:\/\/drsedattatar.com\/tr\/goz-kapagi-estetiginde-yas-kriteri-var-mi-sarkma-ve-torbalanma-nasil-degerlendirilir\/","og_site_name":"\u0130stanbul Estetik, Plastik ve Rekonstr\u00fcktif Cerrahi - Do\u00e7. Dr. Sedat Tatar","article_published_time":"2026-02-25T06:43:14+00:00","article_modified_time":"2026-02-25T06:43:17+00:00","og_image":[{"width":1024,"height":576,"url":"https:\/\/drsedattatar.com\/tr\/wp-content\/uploads\/2026\/02\/107-Kapak-TR-1024x576.png","type":"image\/png"}],"author":"Sedat Tatar","twitter_card":"summary_large_image","twitter_misc":{"Yazan:":"Sedat Tatar","Tahmini okuma s\u00fcresi":"5 dakika"},"schema":{"@context":"https:\/\/schema.org","@graph":[{"@type":"Article","@id":"https:\/\/drsedattatar.com\/tr\/goz-kapagi-estetiginde-yas-kriteri-var-mi-sarkma-ve-torbalanma-nasil-degerlendirilir\/#article","isPartOf":{"@id":"https:\/\/drsedattatar.com\/tr\/goz-kapagi-estetiginde-yas-kriteri-var-mi-sarkma-ve-torbalanma-nasil-degerlendirilir\/"},"author":{"name":"Sedat Tatar","@id":"https:\/\/drsedattatar.com\/tr\/#\/schema\/person\/aa22f82cb49cf6b0e8e4c2fdd472308a"},"headline":"G\u00f6z Kapa\u011f\u0131 Esteti\u011finde Ya\u015f Kriteri Var m\u0131? Sarkma ve Torbalanma Nas\u0131l De\u011ferlendirilir?","datePublished":"2026-02-25T06:43:14+00:00","dateModified":"2026-02-25T06:43:17+00:00","mainEntityOfPage":{"@id":"https:\/\/drsedattatar.com\/tr\/goz-kapagi-estetiginde-yas-kriteri-var-mi-sarkma-ve-torbalanma-nasil-degerlendirilir\/"},"wordCount":1064,"publisher":{"@id":"https:\/\/drsedattatar.com\/tr\/#organization"},"image":{"@id":"https:\/\/drsedattatar.com\/tr\/goz-kapagi-estetiginde-yas-kriteri-var-mi-sarkma-ve-torbalanma-nasil-degerlendirilir\/#primaryimage"},"thumbnailUrl":"https:\/\/drsedattatar.com\/tr\/wp-content\/uploads\/2026\/02\/107-Kapak-TR.png","articleSection":["Plastik Cerrahi Blog"],"inLanguage":"tr"},{"@type":"WebPage","@id":"https:\/\/drsedattatar.com\/tr\/goz-kapagi-estetiginde-yas-kriteri-var-mi-sarkma-ve-torbalanma-nasil-degerlendirilir\/","url":"https:\/\/drsedattatar.com\/tr\/goz-kapagi-estetiginde-yas-kriteri-var-mi-sarkma-ve-torbalanma-nasil-degerlendirilir\/","name":"G\u00f6z Kapa\u011f\u0131 Esteti\u011finde Ya\u015f Kriteri Var m\u0131? Sarkma ve Torbalanma Nas\u0131l De\u011ferlendirilir? - \u0130stanbul Estetik, Plastik ve Rekonstr\u00fcktif Cerrahi - Do\u00e7. Dr. Sedat Tatar","isPartOf":{"@id":"https:\/\/drsedattatar.com\/tr\/#website"},"primaryImageOfPage":{"@id":"https:\/\/drsedattatar.com\/tr\/goz-kapagi-estetiginde-yas-kriteri-var-mi-sarkma-ve-torbalanma-nasil-degerlendirilir\/#primaryimage"},"image":{"@id":"https:\/\/drsedattatar.com\/tr\/goz-kapagi-estetiginde-yas-kriteri-var-mi-sarkma-ve-torbalanma-nasil-degerlendirilir\/#primaryimage"},"thumbnailUrl":"https:\/\/drsedattatar.com\/tr\/wp-content\/uploads\/2026\/02\/107-Kapak-TR.png","datePublished":"2026-02-25T06:43:14+00:00","dateModified":"2026-02-25T06:43:17+00:00","description":"G\u00f6z kapa\u011f\u0131 esteti\u011finde gen\u00e7 ve ileri ya\u015f hastalar\u0131n de\u011ferlendirilmesi, risk analizi ve do\u011fal sonu\u00e7 planlamas\u0131n\u0131n temel noktalar\u0131.","breadcrumb":{"@id":"https:\/\/drsedattatar.com\/tr\/goz-kapagi-estetiginde-yas-kriteri-var-mi-sarkma-ve-torbalanma-nasil-degerlendirilir\/#breadcrumb"},"inLanguage":"tr","potentialAction":[{"@type":"ReadAction","target":["https:\/\/drsedattatar.com\/tr\/goz-kapagi-estetiginde-yas-kriteri-var-mi-sarkma-ve-torbalanma-nasil-degerlendirilir\/"]}]},{"@type":"ImageObject","inLanguage":"tr","@id":"https:\/\/drsedattatar.com\/tr\/goz-kapagi-estetiginde-yas-kriteri-var-mi-sarkma-ve-torbalanma-nasil-degerlendirilir\/#primaryimage","url":"https:\/\/drsedattatar.com\/tr\/wp-content\/uploads\/2026\/02\/107-Kapak-TR.png","contentUrl":"https:\/\/drsedattatar.com\/tr\/wp-content\/uploads\/2026\/02\/107-Kapak-TR.png","width":1920,"height":1080},{"@type":"BreadcrumbList","@id":"https:\/\/drsedattatar.com\/tr\/goz-kapagi-estetiginde-yas-kriteri-var-mi-sarkma-ve-torbalanma-nasil-degerlendirilir\/#breadcrumb","itemListElement":[{"@type":"ListItem","position":1,"name":"Anasayfa","item":"https:\/\/drsedattatar.com\/tr\/"},{"@type":"ListItem","position":2,"name":"G\u00f6z Kapa\u011f\u0131 Esteti\u011finde Ya\u015f Kriteri Var m\u0131? Sarkma ve Torbalanma Nas\u0131l De\u011ferlendirilir?"}]},{"@type":"WebSite","@id":"https:\/\/drsedattatar.com\/tr\/#website","url":"https:\/\/drsedattatar.com\/tr\/","name":"\u0130stanbul Estetik, Plastik ve Rekonstr\u00fcktif Cerrahi - Do\u00e7. Dr. Sedat Tatar","description":"\u0130stanbul Estetik, Plastik ve Rekonstr\u00fcktif Cerrahi alan\u0131nda deneyimli Do\u00e7. Dr. Sedat Tatar ile hayallerinizi ger\u00e7e\u011fe d\u00f6n\u00fc\u015ft\u00fcr\u00fcn ve kendinizi en iyi \u015fekilde hissedin.","publisher":{"@id":"https:\/\/drsedattatar.com\/tr\/#organization"},"potentialAction":[{"@type":"SearchAction","target":{"@type":"EntryPoint","urlTemplate":"https:\/\/drsedattatar.com\/tr\/?s={search_term_string}"},"query-input":{"@type":"PropertyValueSpecification","valueRequired":true,"valueName":"search_term_string"}}],"inLanguage":"tr"},{"@type":"Organization","@id":"https:\/\/drsedattatar.com\/tr\/#organization","name":"\u0130stanbul Estetik, Plastik ve Rekonstr\u00fcktif Cerrahi - Do\u00e7. Dr. Sedat Tatar","url":"https:\/\/drsedattatar.com\/tr\/","logo":{"@type":"ImageObject","inLanguage":"tr","@id":"https:\/\/drsedattatar.com\/tr\/#\/schema\/logo\/image\/","url":"https:\/\/drsedattatar.com\/tr\/wp-content\/uploads\/2023\/06\/cropped-cropped-cropped-dr-sedat-tatar-estetik-plastik-logo.webp","contentUrl":"https:\/\/drsedattatar.com\/tr\/wp-content\/uploads\/2023\/06\/cropped-cropped-cropped-dr-sedat-tatar-estetik-plastik-logo.webp","width":1505,"height":602,"caption":"\u0130stanbul Estetik, Plastik ve Rekonstr\u00fcktif Cerrahi - Do\u00e7. Dr. Sedat Tatar"},"image":{"@id":"https:\/\/drsedattatar.com\/tr\/#\/schema\/logo\/image\/"}},{"@type":"Person","@id":"https:\/\/drsedattatar.com\/tr\/#\/schema\/person\/aa22f82cb49cf6b0e8e4c2fdd472308a","name":"Sedat Tatar","image":{"@type":"ImageObject","inLanguage":"tr","@id":"https:\/\/drsedattatar.com\/tr\/#\/schema\/person\/image\/","url":"https:\/\/secure.gravatar.com\/avatar\/dea798d972982cc67ccc601a56275438ae42ec5d4557bb1f2fb426553e72d1a1?s=96&d=mm&r=g","contentUrl":"https:\/\/secure.gravatar.com\/avatar\/dea798d972982cc67ccc601a56275438ae42ec5d4557bb1f2fb426553e72d1a1?s=96&d=mm&r=g","caption":"Sedat Tatar"},"sameAs":["http:\/\/drsedattatar.com\/tr"],"url":"https:\/\/drsedattatar.com\/tr\/author\/admin\/"}]}},"taxonomy_info":{"category":[{"value":14,"label":"Plastik Cerrahi Blog"}]},"featured_image_src_large":["https:\/\/drsedattatar.com\/tr\/wp-content\/uploads\/2026\/02\/107-Kapak-TR-1024x576.png",1024,576,true],"author_info":{"display_name":"Sedat Tatar","author_link":"https:\/\/drsedattatar.com\/tr\/author\/admin\/"},"comment_info":0,"category_info":[{"term_id":14,"name":"Plastik Cerrahi Blog","slug":"plastik-cerrahi-blog","term_group":0,"term_taxonomy_id":14,"taxonomy":"category","description":"","parent":0,"count":155,"filter":"raw","cat_ID":14,"category_count":155,"category_description":"","cat_name":"Plastik Cerrahi Blog","category_nicename":"plastik-cerrahi-blog","category_parent":0}],"tag_info":false,"_links":{"self":[{"href":"https:\/\/drsedattatar.com\/tr\/wp-json\/wp\/v2\/posts\/3244","targetHints":{"allow":["GET"]}}],"collection":[{"href":"https:\/\/drsedattatar.com\/tr\/wp-json\/wp\/v2\/posts"}],"about":[{"href":"https:\/\/drsedattatar.com\/tr\/wp-json\/wp\/v2\/types\/post"}],"author":[{"embeddable":true,"href":"https:\/\/drsedattatar.com\/tr\/wp-json\/wp\/v2\/users\/1"}],"replies":[{"embeddable":true,"href":"https:\/\/drsedattatar.com\/tr\/wp-json\/wp\/v2\/comments?post=3244"}],"version-history":[{"count":1,"href":"https:\/\/drsedattatar.com\/tr\/wp-json\/wp\/v2\/posts\/3244\/revisions"}],"predecessor-version":[{"id":3246,"href":"https:\/\/drsedattatar.com\/tr\/wp-json\/wp\/v2\/posts\/3244\/revisions\/3246"}],"wp:featuredmedia":[{"embeddable":true,"href":"https:\/\/drsedattatar.com\/tr\/wp-json\/wp\/v2\/media\/3245"}],"wp:attachment":[{"href":"https:\/\/drsedattatar.com\/tr\/wp-json\/wp\/v2\/media?parent=3244"}],"wp:term":[{"taxonomy":"category","embeddable":true,"href":"https:\/\/drsedattatar.com\/tr\/wp-json\/wp\/v2\/categories?post=3244"},{"taxonomy":"post_tag","embeddable":true,"href":"https:\/\/drsedattatar.com\/tr\/wp-json\/wp\/v2\/tags?post=3244"}],"curies":[{"name":"wp","href":"https:\/\/api.w.org\/{rel}","templated":true}]}}