{"id":3254,"date":"2026-02-25T07:39:23","date_gmt":"2026-02-25T07:39:23","guid":{"rendered":"https:\/\/drsedattatar.com\/tr\/?p=3254"},"modified":"2026-02-25T07:39:25","modified_gmt":"2026-02-25T07:39:25","slug":"kepce-kulak-ameliyati-otoplasti-nedir-kalici-cozum-saglar-mi","status":"publish","type":"post","link":"https:\/\/drsedattatar.com\/tr\/kepce-kulak-ameliyati-otoplasti-nedir-kalici-cozum-saglar-mi\/","title":{"rendered":"Kep\u00e7e Kulak Ameliyat\u0131 (Otoplasti) Nedir? Kal\u0131c\u0131 \u00c7\u00f6z\u00fcm Sa\u011flar m\u0131?"},"content":{"rendered":"\n<p>Kep\u00e7e kulak, kulak kep\u00e7esinin ba\u015fa olan a\u00e7\u0131s\u0131n\u0131n normalden fazla olmas\u0131yla ortaya \u00e7\u0131kan, \u00e7o\u011fu zaman \u00e7ocukluk \u00e7a\u011f\u0131ndan itibaren fark edilen anatomik bir durumdur. T\u0131bbi olarak bir hastal\u0131k de\u011fildir; ancak estetik g\u00f6r\u00fcn\u00fcm \u00fczerindeki etkisi nedeniyle \u00f6zellikle \u00e7ocukluk ve ergenlik d\u00f6neminde psikolojik ve sosyal a\u00e7\u0131dan rahats\u0131zl\u0131k yaratabilir. Yeti\u015fkinlikte ise sa\u00e7 modeli se\u00e7imi, kulaklar\u0131n gizlenme ihtiyac\u0131 veya \u00f6zg\u00fcvenle ilgili kayg\u0131larla g\u00fcndeme gelebilir.<\/p>\n\n\n\n<p>Kep\u00e7e kulak ameliyat\u0131, yani <strong>otoplasti<\/strong>, kulak kep\u00e7esinin anatomik olarak yeniden \u015fekillendirilmesini ve ba\u015f ile kulak aras\u0131ndaki a\u00e7\u0131n\u0131n daha do\u011fal bir konuma getirilmesini ama\u00e7layan cerrahi bir i\u015flemdir.<\/p>\n\n\n\n<h2 class=\"wp-block-heading\"><a><\/a><strong>Kep\u00e7e Kulak Neden Olu\u015fur?<\/strong><\/h2>\n\n\n\n<p>Kep\u00e7e kulak genellikle do\u011fu\u015ftan gelen anatomik \u00f6zelliklere ba\u011fl\u0131d\u0131r. Kulak kep\u00e7esinin k\u0131vr\u0131m yap\u0131s\u0131ndaki geli\u015fim farkl\u0131l\u0131klar\u0131, kula\u011f\u0131n ba\u015ftan daha \u00f6nde ve a\u00e7\u0131k durmas\u0131na neden olabilir.<\/p>\n\n\n\n<p>En s\u0131k kar\u015f\u0131la\u015f\u0131lan nedenler:<\/p>\n\n\n\n<ul class=\"wp-block-list\">\n<li>Kulak kep\u00e7esindeki do\u011fal k\u0131vr\u0131m\u0131n (antiheliks) yeterince geli\u015fmemesi<\/li>\n\n\n\n<li>Kulak kep\u00e7esinin i\u00e7 k\u0131sm\u0131ndaki k\u0131k\u0131rdak yap\u0131n\u0131n belirgin olmas\u0131<\/li>\n\n\n\n<li>Kulak\u2013ba\u015f a\u00e7\u0131s\u0131n\u0131n normalden geni\u015f olmas\u0131<\/li>\n\n\n\n<li>Genetik yatk\u0131nl\u0131k<\/li>\n<\/ul>\n\n\n\n<p>Bu durum zamanla d\u00fczelmez; b\u00fcy\u00fcme ile birlikte kulak boyutu artarken kep\u00e7e g\u00f6r\u00fcn\u00fcm de daha belirgin h\u00e2le gelebilir.<\/p>\n\n\n\n<h2 class=\"wp-block-heading\"><a><\/a><strong>Kep\u00e7e Kulak Ameliyat\u0131 (Otoplasti) Nedir?<\/strong><\/h2>\n\n\n\n<p>Otoplasti, kulak kep\u00e7esinin k\u0131k\u0131rdak yap\u0131s\u0131na m\u00fcdahale edilerek kulaklar\u0131n ba\u015fa daha yak\u0131n ve simetrik bir konuma getirilmesini sa\u011flayan cerrahi i\u015flemdir. Ama\u00e7, kula\u011f\u0131 \u201cgeriye yap\u0131\u015ft\u0131rmak\u201d de\u011fil; <strong>do\u011fal kulak k\u0131vr\u0131mlar\u0131n\u0131 yeniden olu\u015fturarak dengeli bir g\u00f6r\u00fcn\u00fcm elde etmektir<\/strong>.<\/p>\n\n\n\n<p>Ameliyat s\u0131ras\u0131nda:<\/p>\n\n\n\n<ul class=\"wp-block-list\">\n<li>Kulak arkas\u0131ndan yap\u0131lan gizli kesiler kullan\u0131l\u0131r<\/li>\n\n\n\n<li>K\u0131k\u0131rdak yap\u0131 \u015fekillendirilir veya yeniden konumland\u0131r\u0131l\u0131r<\/li>\n\n\n\n<li>Kulak\u2013ba\u015f a\u00e7\u0131s\u0131 anatomik s\u0131n\u0131rlara \u00e7ekilir<\/li>\n<\/ul>\n\n\n\n<p>Bu sayede kulak, y\u00fczle daha uyumlu bir h\u00e2l al\u0131r.<\/p>\n\n\n\n<h2 class=\"wp-block-heading\"><a><\/a><strong>Otoplasti Kal\u0131c\u0131 Bir \u00c7\u00f6z\u00fcm Sa\u011flar m\u0131?<\/strong><\/h2>\n\n\n\n<p>Evet. Kep\u00e7e kulak ameliyat\u0131, do\u011fru teknikle ve uygun adaylarda uyguland\u0131\u011f\u0131nda <strong>kal\u0131c\u0131 sonu\u00e7lar<\/strong> sunar. Ameliyatla \u015fekillendirilen k\u0131k\u0131rdak yap\u0131 yeni formunu korur ve kulak eski konumuna geri d\u00f6nmez.<\/p>\n\n\n\n<p>Kal\u0131c\u0131l\u0131\u011f\u0131 etkileyen ba\u015fl\u0131ca fakt\u00f6rler:<\/p>\n\n\n\n<ul class=\"wp-block-list\">\n<li>Cerrahi tekni\u011fin do\u011fru se\u00e7ilmesi<\/li>\n\n\n\n<li>K\u0131k\u0131rdak yap\u0131n\u0131n uygun \u015fekilde \u015fekillendirilmesi<\/li>\n\n\n\n<li>Ameliyat sonras\u0131 d\u00f6nemde \u00f6nerilere uyum<\/li>\n<\/ul>\n\n\n\n<p>Bu nedenle otoplasti, ge\u00e7ici bir estetik uygulama de\u011fil; uzun vadeli bir anatomik d\u00fczeltmedir.<\/p>\n\n\n\n<h2 class=\"wp-block-heading\"><a><\/a><strong>Kimler Kep\u00e7e Kulak Ameliyat\u0131 \u0130\u00e7in Uygundur?<\/strong><\/h2>\n\n\n\n<p>Otoplasti hem \u00e7ocuklarda hem de yeti\u015fkinlerde uygulanabilir. Uygun adaylar belirlenirken ya\u015f kadar, kulak geli\u015fimi ve beklentiler de dikkate al\u0131n\u0131r.<\/p>\n\n\n\n<p>Genellikle uygun adaylar:<\/p>\n\n\n\n<ul class=\"wp-block-list\">\n<li>Kulak kep\u00e7esi belirgin \u015fekilde \u00f6ne a\u00e7\u0131k olanlar<\/li>\n\n\n\n<li>Kulak geli\u015fimi tamamlanm\u0131\u015f \u00e7ocuklar (genellikle 5\u20136 ya\u015f sonras\u0131)<\/li>\n\n\n\n<li>Yeti\u015fkin ya\u015fta estetik veya psikolojik rahats\u0131zl\u0131k hissedenler<\/li>\n\n\n\n<li>Genel sa\u011fl\u0131k durumu cerrahiye uygun bireyler<\/li>\n<\/ul>\n\n\n\n<p>\u00c7ocukluk d\u00f6neminde yap\u0131lan otoplasti, \u00f6zg\u00fcven geli\u015fimi a\u00e7\u0131s\u0131ndan \u00f6zellikle faydal\u0131 olabilir.<\/p>\n\n\n\n<h2 class=\"wp-block-heading\"><a><\/a><strong>Ameliyat S\u00fcreci Nas\u0131ld\u0131r?<\/strong><\/h2>\n\n\n\n<p>Kep\u00e7e kulak ameliyat\u0131 genellikle:<\/p>\n\n\n\n<ul class=\"wp-block-list\">\n<li>Lokal anestezi (\u00e7ocuklarda veya tercihe g\u00f6re genel anestezi)<\/li>\n\n\n\n<li>1\u20132 saatlik cerrahi s\u00fcre<\/li>\n<\/ul>\n\n\n\n<p>ile ger\u00e7ekle\u015ftirilir. Hastalar \u00e7o\u011fu zaman ayn\u0131 g\u00fcn taburcu edilir.<\/p>\n\n\n\n<p>Ameliyat sonras\u0131:<\/p>\n\n\n\n<ul class=\"wp-block-list\">\n<li>Kulak \u00e7evresinde hafif \u00f6dem ve hassasiyet olabilir<\/li>\n\n\n\n<li>\u00d6zel bandaj veya kafa band\u0131 kullan\u0131m\u0131 \u00f6nerilir<\/li>\n\n\n\n<li>G\u00fcnl\u00fck ya\u015fama d\u00f6n\u00fc\u015f genellikle k\u0131sa s\u00fcrede m\u00fcmk\u00fcnd\u00fcr<\/li>\n<\/ul>\n\n\n\n<p>A\u011fr\u0131 \u00e7o\u011fu hastada hafif d\u00fczeydedir ve kolayl\u0131kla kontrol alt\u0131na al\u0131n\u0131r.<\/p>\n\n\n\n<h2 class=\"wp-block-heading\"><a><\/a><strong>\u0130zler Belirgin Olur mu?<\/strong><\/h2>\n\n\n\n<p>Otoplastide kesiler genellikle kulak arkas\u0131ndan yap\u0131l\u0131r. Bu nedenle ameliyat izleri:<\/p>\n\n\n\n<ul class=\"wp-block-list\">\n<li>Do\u011frudan kar\u015f\u0131dan bak\u0131ld\u0131\u011f\u0131nda g\u00f6r\u00fcnmez<\/li>\n\n\n\n<li>Zamanla silikle\u015fir<\/li>\n\n\n\n<li>G\u00fcnl\u00fck ya\u015famda fark edilmez<\/li>\n<\/ul>\n\n\n\n<p>\u0130z planlamas\u0131, ameliyat\u0131n estetik ba\u015far\u0131s\u0131n\u0131n \u00f6nemli bir par\u00e7as\u0131d\u0131r.<\/p>\n\n\n\n<h2 class=\"wp-block-heading\"><a><\/a><strong>Kep\u00e7e Kulak Ameliyat\u0131 Y\u00fcz \u0130fadesini De\u011fi\u015ftirir mi?<\/strong><\/h2>\n\n\n\n<p>Hay\u0131r. Otoplasti, y\u00fcz ifadesini de\u011fi\u015ftiren bir i\u015flem de\u011fildir. Ama\u00e7, dikkat da\u011f\u0131tan kulak g\u00f6r\u00fcn\u00fcm\u00fcn\u00fc d\u00fczeltmek ve y\u00fcz\u00fcn genel dengesini sa\u011flamakt\u0131r. Hastalar\u0131n \u00e7o\u011fu ameliyat sonras\u0131:<\/p>\n\n\n\n<ul class=\"wp-block-list\">\n<li>Daha dengeli bir y\u00fcz profili<\/li>\n\n\n\n<li>Sa\u00e7lar\u0131n\u0131 daha rahat kullanabilme<\/li>\n\n\n\n<li>G\u00f6r\u00fcn\u00fcmle ilgili \u00f6zg\u00fcvende art\u0131\u015f<\/li>\n<\/ul>\n\n\n\n<p>gibi olumlu de\u011fi\u015fimler tarif eder.<\/p>\n\n\n\n<h2 class=\"wp-block-heading\"><a><\/a><strong>Ameliyat Sonras\u0131 Nelere Dikkat Edilmelidir?<\/strong><\/h2>\n\n\n\n<p>Ba\u015far\u0131l\u0131 ve sorunsuz bir iyile\u015fme i\u00e7in ameliyat sonras\u0131 \u00f6nerilere uyum \u00f6nemlidir.<\/p>\n\n\n\n<p>Genellikle dikkat edilmesi gerekenler:<\/p>\n\n\n\n<ul class=\"wp-block-list\">\n<li>Kafa band\u0131n\u0131n \u00f6nerilen s\u00fcre boyunca kullan\u0131lmas\u0131<\/li>\n\n\n\n<li>\u0130lk haftalarda kula\u011fa bas\u0131dan ka\u00e7\u0131n\u0131lmas\u0131<\/li>\n\n\n\n<li>Darbe riskinin azalt\u0131lmas\u0131<\/li>\n\n\n\n<li>Kontrol randevular\u0131n\u0131n aksat\u0131lmamas\u0131<\/li>\n<\/ul>\n\n\n\n<p>Bu \u00f6nlemler, ameliyat sonucunun korunmas\u0131na yard\u0131mc\u0131 olur.<\/p>\n\n\n\n<h2 class=\"wp-block-heading\"><a><\/a><strong>Daha Dengeli Bir G\u00f6r\u00fcn\u00fcm \u0130\u00e7in Do\u011fru De\u011ferlendirme<\/strong><\/h2>\n\n\n\n<p>Kep\u00e7e kulak ameliyat\u0131, k\u00fc\u00e7\u00fck gibi g\u00f6r\u00fcnen ancak ki\u015finin ya\u015fam kalitesini ve \u00f6zg\u00fcvenini belirgin \u015fekilde etkileyebilen bir cerrahi giri\u015fimdir. Do\u011fru aday se\u00e7imi ve uygun teknikle planland\u0131\u011f\u0131nda, y\u00fczle uyumlu ve kal\u0131c\u0131 bir d\u00fczelme sa\u011flar. Bu nedenle karar s\u00fcrecinde yaln\u0131zca estetik beklenti de\u011fil, anatomik de\u011ferlendirme de temel al\u0131nmal\u0131d\u0131r.<\/p>\n\n\n\n<p id=\"block-3a3212d6-f67d-4bfe-9697-5d0a5830a4ad\"><strong>Hekim Bilgisi<\/strong><\/p>\n\n\n\n<p id=\"block-a7476fa1-5aba-49b7-811f-cdbc4833f823\"><strong>Do\u00e7. Dr. Sedat Tatar<\/strong>, iki ayr\u0131 uluslararas\u0131 kurul taraf\u0131ndan sertifikaland\u0131r\u0131lm\u0131\u015f (Double Board Certified) Plastik, Rekonstr\u00fcktif ve Estetik Cerrahi uzman\u0131d\u0131r. <strong>American College of Surgeons Fellow (FACS)<\/strong> ve <strong>European Board of Plastic, Reconstructive and Aesthetic Surgery Fellow (FEBOPRAS)<\/strong> unvanlar\u0131na sahiptir.<\/p>\n\n\n\n<p id=\"block-b4169953-a4b6-437c-9fbd-abc2bc8abbee\">Uluslararas\u0131 profesyonel \u00fcyelikleri aras\u0131nda <strong>ISAPS (International Society of Aesthetic Plastic Surgery)<\/strong> ve <strong>ASPS (American Society of Plastic Surgeons)<\/strong> bulunmaktad\u0131r.<\/p>\n\n\n\n<p id=\"block-c2e51c4f-149d-4f50-a30b-37984cd59e30\">Klini\u011fi \u0130stanbul\u2019da <strong>T\u00fcrkiye Sa\u011fl\u0131k Bakanl\u0131\u011f\u0131 taraf\u0131ndan Sa\u011fl\u0131k Turizmi Merkezi olarak yetkilidir<\/strong> ve \u015firketi <strong>Birle\u015fik Krall\u0131k &amp; Galler&#8217;e kay\u0131tl\u0131d\u0131r.<\/strong><\/p>\n\n\n\n<p id=\"block-a1e9e51a-ae8b-4912-bcf7-569957645885\"><strong>\u0130LET\u0130\u015e\u0130M B\u0130LG\u0130LER\u0130<\/strong><\/p>\n\n\n\n<p id=\"block-35aa5dd5-2dbb-4b8a-a0d0-0568699cd5a2\"><strong>Do\u00e7. Dr. Sedar Tatar Klini\u011fi<\/strong><\/p>\n\n\n\n<p id=\"block-f8c5b5c0-0128-4552-9f9c-0cb3388dc884\"><strong>Telefon No :&nbsp;<\/strong><a href=\"tel:+90%20(555)%20100%2010%2083\">+90 (555) 100 10 83<\/a><br><strong>\u0130leti\u015fim Linki :&nbsp;<\/strong><a href=\"mailto:info@drsedattatar.com\">info@drsedattatar.com<\/a><br><strong>Adres :&nbsp;<\/strong>Levent Mahallesi, Karanfil Aral\u0131\u011f\u0131 Caddesi No: 18 Be\u015fikta\u015f\/\u0130STANBUL<\/p>\n\n\n<div class=\"kk-star-ratings kksr-auto kksr-align-center kksr-valign-bottom\"\n    data-payload='{&quot;align&quot;:&quot;center&quot;,&quot;id&quot;:&quot;3254&quot;,&quot;slug&quot;:&quot;default&quot;,&quot;valign&quot;:&quot;bottom&quot;,&quot;ignore&quot;:&quot;&quot;,&quot;reference&quot;:&quot;auto&quot;,&quot;class&quot;:&quot;&quot;,&quot;count&quot;:&quot;0&quot;,&quot;legendonly&quot;:&quot;&quot;,&quot;readonly&quot;:&quot;&quot;,&quot;score&quot;:&quot;0&quot;,&quot;starsonly&quot;:&quot;&quot;,&quot;best&quot;:&quot;5&quot;,&quot;gap&quot;:&quot;5&quot;,&quot;greet&quot;:&quot;\u0130\u00e7eri\u011fimizi Oylay\u0131n!&quot;,&quot;legend&quot;:&quot;0\\\/5 - (0 oy verildi!)&quot;,&quot;size&quot;:&quot;24&quot;,&quot;title&quot;:&quot;Kep\u00e7e Kulak Ameliyat\u0131 (Otoplasti) Nedir? Kal\u0131c\u0131 \u00c7\u00f6z\u00fcm Sa\u011flar m\u0131?&quot;,&quot;width&quot;:&quot;0&quot;,&quot;_legend&quot;:&quot;{score}\\\/{best} - ({count} oy verildi!)&quot;,&quot;font_factor&quot;:&quot;1.25&quot;}'>\n            \n<div class=\"kksr-stars\">\n    \n<div class=\"kksr-stars-inactive\">\n            <div class=\"kksr-star\" data-star=\"1\" style=\"padding-right: 5px\">\n            \n\n<div class=\"kksr-icon\" style=\"width: 24px; height: 24px;\"><\/div>\n        <\/div>\n            <div class=\"kksr-star\" data-star=\"2\" style=\"padding-right: 5px\">\n            \n\n<div class=\"kksr-icon\" style=\"width: 24px; height: 24px;\"><\/div>\n        <\/div>\n            <div class=\"kksr-star\" data-star=\"3\" style=\"padding-right: 5px\">\n            \n\n<div class=\"kksr-icon\" style=\"width: 24px; height: 24px;\"><\/div>\n        <\/div>\n            <div class=\"kksr-star\" data-star=\"4\" style=\"padding-right: 5px\">\n            \n\n<div class=\"kksr-icon\" style=\"width: 24px; height: 24px;\"><\/div>\n        <\/div>\n            <div class=\"kksr-star\" data-star=\"5\" style=\"padding-right: 5px\">\n            \n\n<div class=\"kksr-icon\" style=\"width: 24px; height: 24px;\"><\/div>\n        <\/div>\n    <\/div>\n    \n<div class=\"kksr-stars-active\" style=\"width: 0px;\">\n            <div class=\"kksr-star\" style=\"padding-right: 5px\">\n            \n\n<div class=\"kksr-icon\" style=\"width: 24px; height: 24px;\"><\/div>\n        <\/div>\n            <div class=\"kksr-star\" style=\"padding-right: 5px\">\n            \n\n<div class=\"kksr-icon\" style=\"width: 24px; height: 24px;\"><\/div>\n        <\/div>\n            <div class=\"kksr-star\" style=\"padding-right: 5px\">\n            \n\n<div class=\"kksr-icon\" style=\"width: 24px; height: 24px;\"><\/div>\n        <\/div>\n            <div class=\"kksr-star\" style=\"padding-right: 5px\">\n            \n\n<div class=\"kksr-icon\" style=\"width: 24px; height: 24px;\"><\/div>\n        <\/div>\n            <div class=\"kksr-star\" style=\"padding-right: 5px\">\n            \n\n<div class=\"kksr-icon\" style=\"width: 24px; height: 24px;\"><\/div>\n        <\/div>\n    <\/div>\n<\/div>\n                \n\n<div class=\"kksr-legend\" style=\"font-size: 19.2px;\">\n            <span class=\"kksr-muted\">\u0130\u00e7eri\u011fimizi Oylay\u0131n!<\/span>\n    <\/div>\n    <\/div>\n","protected":false},"excerpt":{"rendered":"<p>Kep\u00e7e kulak, kulak kep\u00e7esinin ba\u015fa olan a\u00e7\u0131s\u0131n\u0131n normalden fazla olmas\u0131yla ortaya \u00e7\u0131kan, \u00e7o\u011fu zaman \u00e7ocukluk \u00e7a\u011f\u0131ndan itibaren fark edilen anatomik bir durumdur. T\u0131bbi olarak bir hastal\u0131k de\u011fildir; ancak estetik g\u00f6r\u00fcn\u00fcm \u00fczerindeki etkisi nedeniyle \u00f6zellikle \u00e7ocukluk ve ergenlik d\u00f6neminde psikolojik ve sosyal a\u00e7\u0131dan rahats\u0131zl\u0131k yaratabilir. Yeti\u015fkinlikte ise sa\u00e7 modeli se\u00e7imi, kulaklar\u0131n gizlenme ihtiyac\u0131 veya \u00f6zg\u00fcvenle ilgili kayg\u0131larla g\u00fcndeme gelebilir.<\/p>\n","protected":false},"author":1,"featured_media":3249,"comment_status":"closed","ping_status":"open","sticky":false,"template":"","format":"standard","meta":{"_kad_blocks_custom_css":"","_kad_blocks_head_custom_js":"","_kad_blocks_body_custom_js":"","_kad_blocks_footer_custom_js":"","_kadence_starter_templates_imported_post":false,"_kad_post_transparent":"","_kad_post_title":"","_kad_post_layout":"","_kad_post_sidebar_id":"","_kad_post_content_style":"","_kad_post_vertical_padding":"","_kad_post_feature":"","_kad_post_feature_position":"","_kad_post_header":false,"_kad_post_footer":false,"footnotes":""},"categories":[14],"tags":[],"class_list":["post-3254","post","type-post","status-publish","format-standard","has-post-thumbnail","hentry","category-plastik-cerrahi-blog"],"yoast_head":"<!-- This site is optimized with the Yoast SEO plugin v25.9 - https:\/\/yoast.com\/wordpress\/plugins\/seo\/ -->\n<title>Kep\u00e7e Kulak Ameliyat\u0131 (Otoplasti) Nedir? Kal\u0131c\u0131 \u00c7\u00f6z\u00fcm Sa\u011flar m\u0131? - \u0130stanbul Estetik, Plastik ve Rekonstr\u00fcktif Cerrahi - Do\u00e7. Dr. Sedat Tatar<\/title>\n<meta name=\"description\" content=\"Kep\u00e7e kulak nedenleri, \u00e7ocuk ve yeti\u015fkinlerde ameliyat zaman\u0131 ile do\u011fal ve dengeli sonu\u00e7 planlamas\u0131n\u0131n esaslar\u0131.\" \/>\n<meta name=\"robots\" content=\"index, follow, max-snippet:-1, max-image-preview:large, max-video-preview:-1\" \/>\n<link rel=\"canonical\" href=\"https:\/\/drsedattatar.com\/tr\/kepce-kulak-ameliyati-otoplasti-nedir-kalici-cozum-saglar-mi\/\" \/>\n<meta property=\"og:locale\" content=\"tr_TR\" \/>\n<meta property=\"og:type\" content=\"article\" \/>\n<meta property=\"og:title\" content=\"Kep\u00e7e Kulak Ameliyat\u0131 (Otoplasti) Nedir? Kal\u0131c\u0131 \u00c7\u00f6z\u00fcm Sa\u011flar m\u0131? - \u0130stanbul Estetik, Plastik ve Rekonstr\u00fcktif Cerrahi - Do\u00e7. Dr. Sedat Tatar\" \/>\n<meta property=\"og:description\" content=\"Kep\u00e7e kulak nedenleri, \u00e7ocuk ve yeti\u015fkinlerde ameliyat zaman\u0131 ile do\u011fal ve dengeli sonu\u00e7 planlamas\u0131n\u0131n esaslar\u0131.\" \/>\n<meta property=\"og:url\" content=\"https:\/\/drsedattatar.com\/tr\/kepce-kulak-ameliyati-otoplasti-nedir-kalici-cozum-saglar-mi\/\" \/>\n<meta property=\"og:site_name\" content=\"\u0130stanbul Estetik, Plastik ve Rekonstr\u00fcktif Cerrahi - Do\u00e7. Dr. Sedat Tatar\" \/>\n<meta property=\"article:published_time\" content=\"2026-02-25T07:39:23+00:00\" \/>\n<meta property=\"article:modified_time\" content=\"2026-02-25T07:39:25+00:00\" \/>\n<meta property=\"og:image\" content=\"https:\/\/drsedattatar.com\/tr\/wp-content\/uploads\/2026\/02\/109-Kapak-TR.png\" \/>\n\t<meta property=\"og:image:width\" content=\"1920\" \/>\n\t<meta property=\"og:image:height\" content=\"1080\" \/>\n\t<meta property=\"og:image:type\" content=\"image\/png\" \/>\n<meta name=\"author\" content=\"Sedat Tatar\" \/>\n<meta name=\"twitter:card\" content=\"summary_large_image\" \/>\n<meta name=\"twitter:label1\" content=\"Yazan:\" \/>\n\t<meta name=\"twitter:data1\" content=\"Sedat Tatar\" \/>\n\t<meta name=\"twitter:label2\" content=\"Tahmini okuma s\u00fcresi\" \/>\n\t<meta name=\"twitter:data2\" content=\"5 dakika\" \/>\n<script type=\"application\/ld+json\" class=\"yoast-schema-graph\">{\"@context\":\"https:\/\/schema.org\",\"@graph\":[{\"@type\":\"Article\",\"@id\":\"https:\/\/drsedattatar.com\/tr\/kepce-kulak-ameliyati-otoplasti-nedir-kalici-cozum-saglar-mi\/#article\",\"isPartOf\":{\"@id\":\"https:\/\/drsedattatar.com\/tr\/kepce-kulak-ameliyati-otoplasti-nedir-kalici-cozum-saglar-mi\/\"},\"author\":{\"name\":\"Sedat Tatar\",\"@id\":\"https:\/\/drsedattatar.com\/tr\/#\/schema\/person\/aa22f82cb49cf6b0e8e4c2fdd472308a\"},\"headline\":\"Kep\u00e7e Kulak Ameliyat\u0131 (Otoplasti) Nedir? Kal\u0131c\u0131 \u00c7\u00f6z\u00fcm Sa\u011flar m\u0131?\",\"datePublished\":\"2026-02-25T07:39:23+00:00\",\"dateModified\":\"2026-02-25T07:39:25+00:00\",\"mainEntityOfPage\":{\"@id\":\"https:\/\/drsedattatar.com\/tr\/kepce-kulak-ameliyati-otoplasti-nedir-kalici-cozum-saglar-mi\/\"},\"wordCount\":1024,\"publisher\":{\"@id\":\"https:\/\/drsedattatar.com\/tr\/#organization\"},\"image\":{\"@id\":\"https:\/\/drsedattatar.com\/tr\/kepce-kulak-ameliyati-otoplasti-nedir-kalici-cozum-saglar-mi\/#primaryimage\"},\"thumbnailUrl\":\"https:\/\/drsedattatar.com\/tr\/wp-content\/uploads\/2026\/02\/109-Kapak-TR.png\",\"articleSection\":[\"Plastik Cerrahi Blog\"],\"inLanguage\":\"tr\"},{\"@type\":\"WebPage\",\"@id\":\"https:\/\/drsedattatar.com\/tr\/kepce-kulak-ameliyati-otoplasti-nedir-kalici-cozum-saglar-mi\/\",\"url\":\"https:\/\/drsedattatar.com\/tr\/kepce-kulak-ameliyati-otoplasti-nedir-kalici-cozum-saglar-mi\/\",\"name\":\"Kep\u00e7e Kulak Ameliyat\u0131 (Otoplasti) Nedir? Kal\u0131c\u0131 \u00c7\u00f6z\u00fcm Sa\u011flar m\u0131? - \u0130stanbul Estetik, Plastik ve Rekonstr\u00fcktif Cerrahi - Do\u00e7. Dr. Sedat Tatar\",\"isPartOf\":{\"@id\":\"https:\/\/drsedattatar.com\/tr\/#website\"},\"primaryImageOfPage\":{\"@id\":\"https:\/\/drsedattatar.com\/tr\/kepce-kulak-ameliyati-otoplasti-nedir-kalici-cozum-saglar-mi\/#primaryimage\"},\"image\":{\"@id\":\"https:\/\/drsedattatar.com\/tr\/kepce-kulak-ameliyati-otoplasti-nedir-kalici-cozum-saglar-mi\/#primaryimage\"},\"thumbnailUrl\":\"https:\/\/drsedattatar.com\/tr\/wp-content\/uploads\/2026\/02\/109-Kapak-TR.png\",\"datePublished\":\"2026-02-25T07:39:23+00:00\",\"dateModified\":\"2026-02-25T07:39:25+00:00\",\"description\":\"Kep\u00e7e kulak nedenleri, \u00e7ocuk ve yeti\u015fkinlerde ameliyat zaman\u0131 ile do\u011fal ve dengeli sonu\u00e7 planlamas\u0131n\u0131n esaslar\u0131.\",\"breadcrumb\":{\"@id\":\"https:\/\/drsedattatar.com\/tr\/kepce-kulak-ameliyati-otoplasti-nedir-kalici-cozum-saglar-mi\/#breadcrumb\"},\"inLanguage\":\"tr\",\"potentialAction\":[{\"@type\":\"ReadAction\",\"target\":[\"https:\/\/drsedattatar.com\/tr\/kepce-kulak-ameliyati-otoplasti-nedir-kalici-cozum-saglar-mi\/\"]}]},{\"@type\":\"ImageObject\",\"inLanguage\":\"tr\",\"@id\":\"https:\/\/drsedattatar.com\/tr\/kepce-kulak-ameliyati-otoplasti-nedir-kalici-cozum-saglar-mi\/#primaryimage\",\"url\":\"https:\/\/drsedattatar.com\/tr\/wp-content\/uploads\/2026\/02\/109-Kapak-TR.png\",\"contentUrl\":\"https:\/\/drsedattatar.com\/tr\/wp-content\/uploads\/2026\/02\/109-Kapak-TR.png\",\"width\":1920,\"height\":1080},{\"@type\":\"BreadcrumbList\",\"@id\":\"https:\/\/drsedattatar.com\/tr\/kepce-kulak-ameliyati-otoplasti-nedir-kalici-cozum-saglar-mi\/#breadcrumb\",\"itemListElement\":[{\"@type\":\"ListItem\",\"position\":1,\"name\":\"Anasayfa\",\"item\":\"https:\/\/drsedattatar.com\/tr\/\"},{\"@type\":\"ListItem\",\"position\":2,\"name\":\"Kep\u00e7e Kulak Ameliyat\u0131 (Otoplasti) Nedir? Kal\u0131c\u0131 \u00c7\u00f6z\u00fcm Sa\u011flar m\u0131?\"}]},{\"@type\":\"WebSite\",\"@id\":\"https:\/\/drsedattatar.com\/tr\/#website\",\"url\":\"https:\/\/drsedattatar.com\/tr\/\",\"name\":\"\u0130stanbul Estetik, Plastik ve Rekonstr\u00fcktif Cerrahi - Do\u00e7. Dr. Sedat Tatar\",\"description\":\"\u0130stanbul Estetik, Plastik ve Rekonstr\u00fcktif Cerrahi alan\u0131nda deneyimli Do\u00e7. Dr. Sedat Tatar ile hayallerinizi ger\u00e7e\u011fe d\u00f6n\u00fc\u015ft\u00fcr\u00fcn ve kendinizi en iyi \u015fekilde hissedin.\",\"publisher\":{\"@id\":\"https:\/\/drsedattatar.com\/tr\/#organization\"},\"potentialAction\":[{\"@type\":\"SearchAction\",\"target\":{\"@type\":\"EntryPoint\",\"urlTemplate\":\"https:\/\/drsedattatar.com\/tr\/?s={search_term_string}\"},\"query-input\":{\"@type\":\"PropertyValueSpecification\",\"valueRequired\":true,\"valueName\":\"search_term_string\"}}],\"inLanguage\":\"tr\"},{\"@type\":\"Organization\",\"@id\":\"https:\/\/drsedattatar.com\/tr\/#organization\",\"name\":\"\u0130stanbul Estetik, Plastik ve Rekonstr\u00fcktif Cerrahi - Do\u00e7. Dr. Sedat Tatar\",\"url\":\"https:\/\/drsedattatar.com\/tr\/\",\"logo\":{\"@type\":\"ImageObject\",\"inLanguage\":\"tr\",\"@id\":\"https:\/\/drsedattatar.com\/tr\/#\/schema\/logo\/image\/\",\"url\":\"https:\/\/drsedattatar.com\/tr\/wp-content\/uploads\/2023\/06\/cropped-cropped-cropped-dr-sedat-tatar-estetik-plastik-logo.webp\",\"contentUrl\":\"https:\/\/drsedattatar.com\/tr\/wp-content\/uploads\/2023\/06\/cropped-cropped-cropped-dr-sedat-tatar-estetik-plastik-logo.webp\",\"width\":1505,\"height\":602,\"caption\":\"\u0130stanbul Estetik, Plastik ve Rekonstr\u00fcktif Cerrahi - Do\u00e7. Dr. Sedat Tatar\"},\"image\":{\"@id\":\"https:\/\/drsedattatar.com\/tr\/#\/schema\/logo\/image\/\"}},{\"@type\":\"Person\",\"@id\":\"https:\/\/drsedattatar.com\/tr\/#\/schema\/person\/aa22f82cb49cf6b0e8e4c2fdd472308a\",\"name\":\"Sedat Tatar\",\"image\":{\"@type\":\"ImageObject\",\"inLanguage\":\"tr\",\"@id\":\"https:\/\/drsedattatar.com\/tr\/#\/schema\/person\/image\/\",\"url\":\"https:\/\/secure.gravatar.com\/avatar\/dea798d972982cc67ccc601a56275438ae42ec5d4557bb1f2fb426553e72d1a1?s=96&d=mm&r=g\",\"contentUrl\":\"https:\/\/secure.gravatar.com\/avatar\/dea798d972982cc67ccc601a56275438ae42ec5d4557bb1f2fb426553e72d1a1?s=96&d=mm&r=g\",\"caption\":\"Sedat Tatar\"},\"sameAs\":[\"http:\/\/drsedattatar.com\/tr\"],\"url\":\"https:\/\/drsedattatar.com\/tr\/author\/admin\/\"}]}<\/script>\n<!-- \/ Yoast SEO plugin. -->","yoast_head_json":{"title":"Kep\u00e7e Kulak Ameliyat\u0131 (Otoplasti) Nedir? Kal\u0131c\u0131 \u00c7\u00f6z\u00fcm Sa\u011flar m\u0131? - \u0130stanbul Estetik, Plastik ve Rekonstr\u00fcktif Cerrahi - Do\u00e7. Dr. Sedat Tatar","description":"Kep\u00e7e kulak nedenleri, \u00e7ocuk ve yeti\u015fkinlerde ameliyat zaman\u0131 ile do\u011fal ve dengeli sonu\u00e7 planlamas\u0131n\u0131n esaslar\u0131.","robots":{"index":"index","follow":"follow","max-snippet":"max-snippet:-1","max-image-preview":"max-image-preview:large","max-video-preview":"max-video-preview:-1"},"canonical":"https:\/\/drsedattatar.com\/tr\/kepce-kulak-ameliyati-otoplasti-nedir-kalici-cozum-saglar-mi\/","og_locale":"tr_TR","og_type":"article","og_title":"Kep\u00e7e Kulak Ameliyat\u0131 (Otoplasti) Nedir? Kal\u0131c\u0131 \u00c7\u00f6z\u00fcm Sa\u011flar m\u0131? - \u0130stanbul Estetik, Plastik ve Rekonstr\u00fcktif Cerrahi - Do\u00e7. Dr. Sedat Tatar","og_description":"Kep\u00e7e kulak nedenleri, \u00e7ocuk ve yeti\u015fkinlerde ameliyat zaman\u0131 ile do\u011fal ve dengeli sonu\u00e7 planlamas\u0131n\u0131n esaslar\u0131.","og_url":"https:\/\/drsedattatar.com\/tr\/kepce-kulak-ameliyati-otoplasti-nedir-kalici-cozum-saglar-mi\/","og_site_name":"\u0130stanbul Estetik, Plastik ve Rekonstr\u00fcktif Cerrahi - Do\u00e7. Dr. Sedat Tatar","article_published_time":"2026-02-25T07:39:23+00:00","article_modified_time":"2026-02-25T07:39:25+00:00","og_image":[{"width":1920,"height":1080,"url":"https:\/\/drsedattatar.com\/tr\/wp-content\/uploads\/2026\/02\/109-Kapak-TR.png","type":"image\/png"}],"author":"Sedat Tatar","twitter_card":"summary_large_image","twitter_misc":{"Yazan:":"Sedat Tatar","Tahmini okuma s\u00fcresi":"5 dakika"},"schema":{"@context":"https:\/\/schema.org","@graph":[{"@type":"Article","@id":"https:\/\/drsedattatar.com\/tr\/kepce-kulak-ameliyati-otoplasti-nedir-kalici-cozum-saglar-mi\/#article","isPartOf":{"@id":"https:\/\/drsedattatar.com\/tr\/kepce-kulak-ameliyati-otoplasti-nedir-kalici-cozum-saglar-mi\/"},"author":{"name":"Sedat Tatar","@id":"https:\/\/drsedattatar.com\/tr\/#\/schema\/person\/aa22f82cb49cf6b0e8e4c2fdd472308a"},"headline":"Kep\u00e7e Kulak Ameliyat\u0131 (Otoplasti) Nedir? Kal\u0131c\u0131 \u00c7\u00f6z\u00fcm Sa\u011flar m\u0131?","datePublished":"2026-02-25T07:39:23+00:00","dateModified":"2026-02-25T07:39:25+00:00","mainEntityOfPage":{"@id":"https:\/\/drsedattatar.com\/tr\/kepce-kulak-ameliyati-otoplasti-nedir-kalici-cozum-saglar-mi\/"},"wordCount":1024,"publisher":{"@id":"https:\/\/drsedattatar.com\/tr\/#organization"},"image":{"@id":"https:\/\/drsedattatar.com\/tr\/kepce-kulak-ameliyati-otoplasti-nedir-kalici-cozum-saglar-mi\/#primaryimage"},"thumbnailUrl":"https:\/\/drsedattatar.com\/tr\/wp-content\/uploads\/2026\/02\/109-Kapak-TR.png","articleSection":["Plastik Cerrahi Blog"],"inLanguage":"tr"},{"@type":"WebPage","@id":"https:\/\/drsedattatar.com\/tr\/kepce-kulak-ameliyati-otoplasti-nedir-kalici-cozum-saglar-mi\/","url":"https:\/\/drsedattatar.com\/tr\/kepce-kulak-ameliyati-otoplasti-nedir-kalici-cozum-saglar-mi\/","name":"Kep\u00e7e Kulak Ameliyat\u0131 (Otoplasti) Nedir? Kal\u0131c\u0131 \u00c7\u00f6z\u00fcm Sa\u011flar m\u0131? - \u0130stanbul Estetik, Plastik ve Rekonstr\u00fcktif Cerrahi - Do\u00e7. Dr. Sedat Tatar","isPartOf":{"@id":"https:\/\/drsedattatar.com\/tr\/#website"},"primaryImageOfPage":{"@id":"https:\/\/drsedattatar.com\/tr\/kepce-kulak-ameliyati-otoplasti-nedir-kalici-cozum-saglar-mi\/#primaryimage"},"image":{"@id":"https:\/\/drsedattatar.com\/tr\/kepce-kulak-ameliyati-otoplasti-nedir-kalici-cozum-saglar-mi\/#primaryimage"},"thumbnailUrl":"https:\/\/drsedattatar.com\/tr\/wp-content\/uploads\/2026\/02\/109-Kapak-TR.png","datePublished":"2026-02-25T07:39:23+00:00","dateModified":"2026-02-25T07:39:25+00:00","description":"Kep\u00e7e kulak nedenleri, \u00e7ocuk ve yeti\u015fkinlerde ameliyat zaman\u0131 ile do\u011fal ve dengeli sonu\u00e7 planlamas\u0131n\u0131n esaslar\u0131.","breadcrumb":{"@id":"https:\/\/drsedattatar.com\/tr\/kepce-kulak-ameliyati-otoplasti-nedir-kalici-cozum-saglar-mi\/#breadcrumb"},"inLanguage":"tr","potentialAction":[{"@type":"ReadAction","target":["https:\/\/drsedattatar.com\/tr\/kepce-kulak-ameliyati-otoplasti-nedir-kalici-cozum-saglar-mi\/"]}]},{"@type":"ImageObject","inLanguage":"tr","@id":"https:\/\/drsedattatar.com\/tr\/kepce-kulak-ameliyati-otoplasti-nedir-kalici-cozum-saglar-mi\/#primaryimage","url":"https:\/\/drsedattatar.com\/tr\/wp-content\/uploads\/2026\/02\/109-Kapak-TR.png","contentUrl":"https:\/\/drsedattatar.com\/tr\/wp-content\/uploads\/2026\/02\/109-Kapak-TR.png","width":1920,"height":1080},{"@type":"BreadcrumbList","@id":"https:\/\/drsedattatar.com\/tr\/kepce-kulak-ameliyati-otoplasti-nedir-kalici-cozum-saglar-mi\/#breadcrumb","itemListElement":[{"@type":"ListItem","position":1,"name":"Anasayfa","item":"https:\/\/drsedattatar.com\/tr\/"},{"@type":"ListItem","position":2,"name":"Kep\u00e7e Kulak Ameliyat\u0131 (Otoplasti) Nedir? Kal\u0131c\u0131 \u00c7\u00f6z\u00fcm Sa\u011flar m\u0131?"}]},{"@type":"WebSite","@id":"https:\/\/drsedattatar.com\/tr\/#website","url":"https:\/\/drsedattatar.com\/tr\/","name":"\u0130stanbul Estetik, Plastik ve Rekonstr\u00fcktif Cerrahi - Do\u00e7. Dr. Sedat Tatar","description":"\u0130stanbul Estetik, Plastik ve Rekonstr\u00fcktif Cerrahi alan\u0131nda deneyimli Do\u00e7. Dr. Sedat Tatar ile hayallerinizi ger\u00e7e\u011fe d\u00f6n\u00fc\u015ft\u00fcr\u00fcn ve kendinizi en iyi \u015fekilde hissedin.","publisher":{"@id":"https:\/\/drsedattatar.com\/tr\/#organization"},"potentialAction":[{"@type":"SearchAction","target":{"@type":"EntryPoint","urlTemplate":"https:\/\/drsedattatar.com\/tr\/?s={search_term_string}"},"query-input":{"@type":"PropertyValueSpecification","valueRequired":true,"valueName":"search_term_string"}}],"inLanguage":"tr"},{"@type":"Organization","@id":"https:\/\/drsedattatar.com\/tr\/#organization","name":"\u0130stanbul Estetik, Plastik ve Rekonstr\u00fcktif Cerrahi - Do\u00e7. Dr. Sedat Tatar","url":"https:\/\/drsedattatar.com\/tr\/","logo":{"@type":"ImageObject","inLanguage":"tr","@id":"https:\/\/drsedattatar.com\/tr\/#\/schema\/logo\/image\/","url":"https:\/\/drsedattatar.com\/tr\/wp-content\/uploads\/2023\/06\/cropped-cropped-cropped-dr-sedat-tatar-estetik-plastik-logo.webp","contentUrl":"https:\/\/drsedattatar.com\/tr\/wp-content\/uploads\/2023\/06\/cropped-cropped-cropped-dr-sedat-tatar-estetik-plastik-logo.webp","width":1505,"height":602,"caption":"\u0130stanbul Estetik, Plastik ve Rekonstr\u00fcktif Cerrahi - Do\u00e7. Dr. Sedat Tatar"},"image":{"@id":"https:\/\/drsedattatar.com\/tr\/#\/schema\/logo\/image\/"}},{"@type":"Person","@id":"https:\/\/drsedattatar.com\/tr\/#\/schema\/person\/aa22f82cb49cf6b0e8e4c2fdd472308a","name":"Sedat Tatar","image":{"@type":"ImageObject","inLanguage":"tr","@id":"https:\/\/drsedattatar.com\/tr\/#\/schema\/person\/image\/","url":"https:\/\/secure.gravatar.com\/avatar\/dea798d972982cc67ccc601a56275438ae42ec5d4557bb1f2fb426553e72d1a1?s=96&d=mm&r=g","contentUrl":"https:\/\/secure.gravatar.com\/avatar\/dea798d972982cc67ccc601a56275438ae42ec5d4557bb1f2fb426553e72d1a1?s=96&d=mm&r=g","caption":"Sedat Tatar"},"sameAs":["http:\/\/drsedattatar.com\/tr"],"url":"https:\/\/drsedattatar.com\/tr\/author\/admin\/"}]}},"taxonomy_info":{"category":[{"value":14,"label":"Plastik Cerrahi Blog"}]},"featured_image_src_large":["https:\/\/drsedattatar.com\/tr\/wp-content\/uploads\/2026\/02\/109-Kapak-TR-1024x576.png",1024,576,true],"author_info":{"display_name":"Sedat Tatar","author_link":"https:\/\/drsedattatar.com\/tr\/author\/admin\/"},"comment_info":0,"category_info":[{"term_id":14,"name":"Plastik Cerrahi Blog","slug":"plastik-cerrahi-blog","term_group":0,"term_taxonomy_id":14,"taxonomy":"category","description":"","parent":0,"count":155,"filter":"raw","cat_ID":14,"category_count":155,"category_description":"","cat_name":"Plastik Cerrahi Blog","category_nicename":"plastik-cerrahi-blog","category_parent":0}],"tag_info":false,"_links":{"self":[{"href":"https:\/\/drsedattatar.com\/tr\/wp-json\/wp\/v2\/posts\/3254","targetHints":{"allow":["GET"]}}],"collection":[{"href":"https:\/\/drsedattatar.com\/tr\/wp-json\/wp\/v2\/posts"}],"about":[{"href":"https:\/\/drsedattatar.com\/tr\/wp-json\/wp\/v2\/types\/post"}],"author":[{"embeddable":true,"href":"https:\/\/drsedattatar.com\/tr\/wp-json\/wp\/v2\/users\/1"}],"replies":[{"embeddable":true,"href":"https:\/\/drsedattatar.com\/tr\/wp-json\/wp\/v2\/comments?post=3254"}],"version-history":[{"count":3,"href":"https:\/\/drsedattatar.com\/tr\/wp-json\/wp\/v2\/posts\/3254\/revisions"}],"predecessor-version":[{"id":3257,"href":"https:\/\/drsedattatar.com\/tr\/wp-json\/wp\/v2\/posts\/3254\/revisions\/3257"}],"wp:featuredmedia":[{"embeddable":true,"href":"https:\/\/drsedattatar.com\/tr\/wp-json\/wp\/v2\/media\/3249"}],"wp:attachment":[{"href":"https:\/\/drsedattatar.com\/tr\/wp-json\/wp\/v2\/media?parent=3254"}],"wp:term":[{"taxonomy":"category","embeddable":true,"href":"https:\/\/drsedattatar.com\/tr\/wp-json\/wp\/v2\/categories?post=3254"},{"taxonomy":"post_tag","embeddable":true,"href":"https:\/\/drsedattatar.com\/tr\/wp-json\/wp\/v2\/tags?post=3254"}],"curies":[{"name":"wp","href":"https:\/\/api.w.org\/{rel}","templated":true}]}}