{"id":3270,"date":"2026-03-13T12:02:28","date_gmt":"2026-03-13T12:02:28","guid":{"rendered":"https:\/\/drsedattatar.com\/tr\/?p=3270"},"modified":"2026-03-13T12:02:30","modified_gmt":"2026-03-13T12:02:30","slug":"estetik-ameliyat-sonrasi-iyilesme-surecinde-nelere-dikkat-etmeliyim","status":"publish","type":"post","link":"https:\/\/drsedattatar.com\/tr\/estetik-ameliyat-sonrasi-iyilesme-surecinde-nelere-dikkat-etmeliyim\/","title":{"rendered":"Estetik Ameliyat Sonras\u0131 \u0130yile\u015fme S\u00fcrecinde Nelere Dikkat Etmeliyim?"},"content":{"rendered":"\n<p>Estetik ameliyat karar\u0131 \u00e7o\u011fu hasta i\u00e7in uzun bir de\u011ferlendirme s\u00fcrecinin ard\u0131ndan verilir. Ancak operasyon kadar \u00f6nemli olan bir di\u011fer a\u015fama da ameliyat sonras\u0131 iyile\u015fme d\u00f6nemidir. \u00c7\u00fcnk\u00fc cerrahiyle elde edilen sonucun kalitesi, b\u00fcy\u00fck \u00f6l\u00e7\u00fcde bu s\u00fcrecin nas\u0131l y\u00f6netildi\u011fiyle ili\u015fkilidir.<\/p>\n\n\n\n<p>\u0130yile\u015fme yaln\u0131zca diki\u015flerin kapanmas\u0131 ya da morluklar\u0131n ge\u00e7mesi anlam\u0131na gelmez. Doku adaptasyonu, \u00f6demin azalmas\u0131, cildin yeni kontura uyum sa\u011flamas\u0131 ve genel v\u00fccut toparlanmas\u0131 belirli bir zaman ister.<\/p>\n\n\n\n<h2 class=\"wp-block-heading\"><a><\/a><strong>\u0130lk G\u00fcnler: Dinlenme ve Doku Koruma<\/strong><\/h2>\n\n\n\n<p>Ameliyat sonras\u0131 ilk birka\u00e7 g\u00fcn, v\u00fccudun en yo\u011fun adaptasyon d\u00f6nemidir. Bu s\u00fcre\u00e7te:<\/p>\n\n\n\n<ul class=\"wp-block-list\">\n<li>Dinlenmek ve a\u011f\u0131r aktivitelerden ka\u00e7\u0131nmak<\/li>\n\n\n\n<li>Hekimin verdi\u011fi ila\u00e7lar\u0131 d\u00fczenli kullanmak<\/li>\n\n\n\n<li>Ameliyat b\u00f6lgesini travmadan korumak<\/li>\n\n\n\n<li>Ani hareketlerden ka\u00e7\u0131nmak \u00f6ncelikli konulard\u0131r.<\/li>\n<\/ul>\n\n\n\n<p>\u00d6zellikle kombine ameliyatlarda veya geni\u015f alanl\u0131 v\u00fccut \u015fekillendirme operasyonlar\u0131nda, ilk hafta kontroll\u00fc hareket etmek iyile\u015fmeyi do\u011frudan etkiler. \u201cKendimi iyi hissediyorum\u201d d\u00fc\u015f\u00fcncesiyle erken d\u00f6nemde a\u015f\u0131r\u0131 hareket etmek, \u00f6dem art\u0131\u015f\u0131 ve iyile\u015fme s\u00fcrecinin uzamas\u0131na yol a\u00e7abilir.<\/p>\n\n\n\n<h2 class=\"wp-block-heading\"><a><\/a><strong>\u00d6dem ve Morluklar Normal mi?<\/strong><\/h2>\n\n\n\n<p>Evet. Estetik ameliyat sonras\u0131 \u015fi\u015flik ve morluklar beklenen bir tablodur. Bu durum cerrahinin bir komplikasyonu de\u011fil, dokular\u0131n do\u011fal iyile\u015fme yan\u0131t\u0131d\u0131r.<\/p>\n\n\n\n<p>\u00d6demin s\u00fcresi:<\/p>\n\n\n\n<ul class=\"wp-block-list\">\n<li>K\u00fc\u00e7\u00fck i\u015flemlerde birka\u00e7 hafta<\/li>\n\n\n\n<li>Daha kapsaml\u0131 operasyonlarda birka\u00e7 ay s\u00fcrebilir.<\/li>\n<\/ul>\n\n\n\n<p>\u0130lk haftalarda g\u00f6r\u00fclen g\u00f6r\u00fcnt\u00fc, nihai sonucu yans\u0131tmaz. Bu nedenle erken d\u00f6nemde aynadaki g\u00f6r\u00fcnt\u00fc \u00fczerinden kesin de\u011ferlendirme yapmak do\u011fru de\u011fildir. Sab\u0131r, iyile\u015fmenin en \u00f6nemli par\u00e7as\u0131d\u0131r.<\/p>\n\n\n\n<h2 class=\"wp-block-heading\"><a><\/a><strong>Korse ve Bandaj Kullan\u0131m\u0131 Neden \u00d6nemlidir?<\/strong><\/h2>\n\n\n\n<p>Liposuction, kar\u0131n germe, Lipo 360 veya BBL gibi i\u015flemler sonras\u0131 \u00f6nerilen korseler yaln\u0131zca destek ama\u00e7l\u0131 de\u011fildir.<\/p>\n\n\n\n<p>Korse kullan\u0131m\u0131n\u0131n temel amac\u0131:<\/p>\n\n\n\n<ul class=\"wp-block-list\">\n<li>\u00d6demi kontrol alt\u0131na almak<\/li>\n\n\n\n<li>Dokular\u0131n yeni \u015fekline adapte olmas\u0131n\u0131 desteklemek<\/li>\n\n\n\n<li>S\u0131v\u0131 birikimini azaltmak<\/li>\n\n\n\n<li>Cilt\u2013alt doku temas\u0131n\u0131 art\u0131rmak<\/li>\n<\/ul>\n\n\n\n<p>Ancak korsenin a\u015f\u0131r\u0131 s\u0131k\u0131 olmas\u0131 da do\u011fru de\u011fildir. Uygun s\u00fcre ve uygun bas\u0131n\u00e7, hekim \u00f6nerisine g\u00f6re belirlenmelidir.<\/p>\n\n\n\n<h2 class=\"wp-block-heading\"><a><\/a><strong>Beslenme ve Su T\u00fcketimi<\/strong><\/h2>\n\n\n\n<p>Ameliyat sonras\u0131 iyile\u015fme s\u00fcrecinde beslenme, \u00e7o\u011fu zaman g\u00f6z ard\u0131 edilir. Oysa doku onar\u0131m\u0131 i\u00e7in yeterli protein ve s\u0131v\u0131 al\u0131m\u0131 gerekir.<\/p>\n\n\n\n<p>Bu d\u00f6nemde:<\/p>\n\n\n\n<ul class=\"wp-block-list\">\n<li>Yeterli protein t\u00fcketimi<\/li>\n\n\n\n<li>Bol su i\u00e7mek<\/li>\n\n\n\n<li>A\u015f\u0131r\u0131 tuzdan ka\u00e7\u0131nmak<\/li>\n\n\n\n<li>Alkol t\u00fcketmemek<\/li>\n\n\n\n<li>Sigara kullanmamak iyile\u015fmeyi olumlu etkiler.<\/li>\n<\/ul>\n\n\n\n<p>Sigara \u00f6zellikle damar yap\u0131s\u0131n\u0131 daraltarak doku beslenmesini bozar ve iyile\u015fmeyi geciktirebilir.<\/p>\n\n\n\n<h2 class=\"wp-block-heading\"><a><\/a><strong>Spor ve G\u00fcnl\u00fck Hayata D\u00f6n\u00fc\u015f<\/strong><\/h2>\n\n\n\n<p>Ameliyat sonras\u0131 \u201cNe zaman spora ba\u015flayabilirim?\u201d sorusu s\u0131k sorulur. Bu s\u00fcre yap\u0131lan i\u015fleme g\u00f6re de\u011fi\u015fir.<\/p>\n\n\n\n<p>Genel olarak:<\/p>\n\n\n\n<ul class=\"wp-block-list\">\n<li>Hafif y\u00fcr\u00fcy\u00fc\u015fler erken d\u00f6nemde \u00f6nerilebilir<\/li>\n\n\n\n<li>Yo\u011fun egzersizler genellikle 4\u20136 hafta sonra planlan\u0131r<\/li>\n\n\n\n<li>Kar\u0131n kas\u0131 i\u00e7eren egzersizler, kar\u0131n germe sonras\u0131 daha ge\u00e7 ba\u015flan\u0131r<\/li>\n<\/ul>\n\n\n\n<p>Erken d\u00f6nemde a\u015f\u0131r\u0131 efor, kanama riskini ve \u00f6demi art\u0131rabilir. Bu nedenle kontroll\u00fc bir d\u00f6n\u00fc\u015f plan\u0131 olu\u015fturulmal\u0131d\u0131r.<\/p>\n\n\n\n<h2 class=\"wp-block-heading\"><a><\/a><strong>Psikolojik S\u00fcre\u00e7 de \u0130yile\u015fmenin Par\u00e7as\u0131d\u0131r<\/strong><\/h2>\n\n\n\n<p>Estetik ameliyat sonras\u0131 yaln\u0131zca fiziksel de\u011fil, duygusal bir adaptasyon da ya\u015fan\u0131r. \u0130lk haftalarda:<\/p>\n\n\n\n<ul class=\"wp-block-list\">\n<li>Sonucu g\u00f6rememe<\/li>\n\n\n\n<li>Sab\u0131rs\u0131zl\u0131k<\/li>\n\n\n\n<li>Ge\u00e7ici hayal k\u0131r\u0131kl\u0131\u011f\u0131<\/li>\n<\/ul>\n\n\n\n<p>gibi duygular ortaya \u00e7\u0131kabilir. Bu durum olduk\u00e7a do\u011fald\u0131r. \u00d6zellikle \u00f6demin yo\u011fun oldu\u011fu d\u00f6nemde ki\u015fi bekledi\u011fi g\u00f6r\u00fcnt\u00fcy\u00fc hen\u00fcz g\u00f6remeyebilir.<\/p>\n\n\n\n<p>Genellikle 4\u20136 hafta sonras\u0131nda de\u011fi\u015fim daha net fark edilir ve psikolojik rahatlama ba\u015flar. S\u00fcrecin zamana yay\u0131ld\u0131\u011f\u0131n\u0131 bilmek, gereksiz kayg\u0131y\u0131 azalt\u0131r.<\/p>\n\n\n\n<h2 class=\"wp-block-heading\"><a><\/a><strong>Kontrolleri Aksatmamak<\/strong><\/h2>\n\n\n\n<p>Ameliyat sonras\u0131 takip randevular\u0131 yaln\u0131zca formalite de\u011fildir. Bu kontroller:<\/p>\n\n\n\n<ul class=\"wp-block-list\">\n<li>\u0130yile\u015fmenin de\u011ferlendirilmesi<\/li>\n\n\n\n<li>\u00d6dem ve doku adaptasyonunun izlenmesi<\/li>\n\n\n\n<li>Olas\u0131 sorunlar\u0131n erken fark edilmesi a\u00e7\u0131s\u0131ndan \u00f6nemlidir.<\/li>\n<\/ul>\n\n\n\n<p>Hekim taraf\u0131ndan \u00f6nerilen kontrol takvimine uymak, s\u00fcrecin g\u00fcvenli ilerlemesini sa\u011flar.<\/p>\n\n\n\n<h2 class=\"wp-block-heading\"><a><\/a><strong>Hangi Durumlarda Hekime Ba\u015fvurmal\u0131y\u0131m?<\/strong><\/h2>\n\n\n\n<p>Ameliyat sonras\u0131 baz\u0131 belirtiler normal kabul edilirken, baz\u0131 durumlarda hekime bilgi vermek gerekir.<\/p>\n\n\n\n<p>\u015eu durumlarda mutlaka ileti\u015fime ge\u00e7ilmelidir:<\/p>\n\n\n\n<ul class=\"wp-block-list\">\n<li>Ani ve artan a\u011fr\u0131<\/li>\n\n\n\n<li>A\u015f\u0131r\u0131 k\u0131zar\u0131kl\u0131k veya ak\u0131nt\u0131<\/li>\n\n\n\n<li>Y\u00fcksek ate\u015f<\/li>\n\n\n\n<li>Beklenmeyen asimetri art\u0131\u015f\u0131<\/li>\n\n\n\n<li>Ani \u015fi\u015flik art\u0131\u015f\u0131<\/li>\n<\/ul>\n\n\n\n<p>Erken m\u00fcdahale, olas\u0131 sorunlar\u0131n b\u00fcy\u00fcmesini \u00f6nler.<\/p>\n\n\n\n<h2 class=\"wp-block-heading\"><a><\/a><strong>\u0130yile\u015fme Bir S\u00fcre\u00e7tir<\/strong><\/h2>\n\n\n\n<p>Estetik ameliyat sonras\u0131 iyile\u015fme, birka\u00e7 g\u00fcn i\u00e7inde tamamlanan bir s\u00fcre\u00e7 de\u011fildir. Dokular\u0131n yeni forma adapte olmas\u0131, \u00f6demin \u00e7\u00f6z\u00fclmesi ve nihai konturun ortaya \u00e7\u0131kmas\u0131 zaman al\u0131r.<\/p>\n\n\n\n<p>Sab\u0131rl\u0131 olmak, \u00f6nerilere uymak ve s\u00fcreci do\u011fal ak\u0131\u015f\u0131nda kabul etmek, elde edilen sonucun kalitesini do\u011frudan etkiler. Ameliyat, d\u00f6n\u00fc\u015f\u00fcm\u00fcn ba\u015flang\u0131c\u0131d\u0131r; iyile\u015fme s\u00fcreci ise bu d\u00f6n\u00fc\u015f\u00fcm\u00fcn oturdu\u011fu d\u00f6nemdir.<\/p>\n\n\n\n<p id=\"block-3a3212d6-f67d-4bfe-9697-5d0a5830a4ad\"><strong>Hekim Bilgisi<\/strong><\/p>\n\n\n\n<p id=\"block-a7476fa1-5aba-49b7-811f-cdbc4833f823\"><strong>Do\u00e7. Dr. Sedat Tatar<\/strong>, iki ayr\u0131 uluslararas\u0131 kurul taraf\u0131ndan sertifikaland\u0131r\u0131lm\u0131\u015f (Double Board Certified) Plastik, Rekonstr\u00fcktif ve Estetik Cerrahi uzman\u0131d\u0131r. <strong>American College of Surgeons Fellow (FACS)<\/strong> ve <strong>European Board of Plastic, Reconstructive and Aesthetic Surgery Fellow (FEBOPRAS)<\/strong> unvanlar\u0131na sahiptir.<\/p>\n\n\n\n<p id=\"block-b4169953-a4b6-437c-9fbd-abc2bc8abbee\">Uluslararas\u0131 profesyonel \u00fcyelikleri aras\u0131nda <strong>ISAPS (International Society of Aesthetic Plastic Surgery)<\/strong> ve <strong>ASPS (American Society of Plastic Surgeons)<\/strong> bulunmaktad\u0131r.<\/p>\n\n\n\n<p id=\"block-c2e51c4f-149d-4f50-a30b-37984cd59e30\">Klini\u011fi \u0130stanbul\u2019da <strong>T\u00fcrkiye Sa\u011fl\u0131k Bakanl\u0131\u011f\u0131 taraf\u0131ndan Sa\u011fl\u0131k Turizmi Merkezi olarak yetkilidir<\/strong> ve \u015firketi <strong>Birle\u015fik Krall\u0131k &amp; Galler&#8217;e kay\u0131tl\u0131d\u0131r.<\/strong><\/p>\n\n\n\n<p id=\"block-a1e9e51a-ae8b-4912-bcf7-569957645885\"><strong>\u0130LET\u0130\u015e\u0130M B\u0130LG\u0130LER\u0130<\/strong><\/p>\n\n\n\n<p id=\"block-35aa5dd5-2dbb-4b8a-a0d0-0568699cd5a2\"><strong>Do\u00e7. Dr. Sedar Tatar Klini\u011fi<\/strong><\/p>\n\n\n\n<p id=\"block-f8c5b5c0-0128-4552-9f9c-0cb3388dc884\"><strong>Telefon No :&nbsp;<\/strong><a href=\"tel:+90%20(555)%20100%2010%2083\">+90 (555) 100 10 83<\/a><br><strong>\u0130leti\u015fim Linki :&nbsp;<\/strong><a href=\"mailto:info@drsedattatar.com\">info@drsedattatar.com<\/a><br><strong>Adres :&nbsp;<\/strong>Levent Mahallesi, Karanfil Aral\u0131\u011f\u0131 Caddesi No: 18 Be\u015fikta\u015f\/\u0130STANBUL<\/p>\n\n\n<div class=\"kk-star-ratings kksr-auto kksr-align-center kksr-valign-bottom\"\n    data-payload='{&quot;align&quot;:&quot;center&quot;,&quot;id&quot;:&quot;3270&quot;,&quot;slug&quot;:&quot;default&quot;,&quot;valign&quot;:&quot;bottom&quot;,&quot;ignore&quot;:&quot;&quot;,&quot;reference&quot;:&quot;auto&quot;,&quot;class&quot;:&quot;&quot;,&quot;count&quot;:&quot;0&quot;,&quot;legendonly&quot;:&quot;&quot;,&quot;readonly&quot;:&quot;&quot;,&quot;score&quot;:&quot;0&quot;,&quot;starsonly&quot;:&quot;&quot;,&quot;best&quot;:&quot;5&quot;,&quot;gap&quot;:&quot;5&quot;,&quot;greet&quot;:&quot;\u0130\u00e7eri\u011fimizi Oylay\u0131n!&quot;,&quot;legend&quot;:&quot;0\\\/5 - (0 oy verildi!)&quot;,&quot;size&quot;:&quot;24&quot;,&quot;title&quot;:&quot;Estetik Ameliyat Sonras\u0131 \u0130yile\u015fme S\u00fcrecinde Nelere Dikkat Etmeliyim?&quot;,&quot;width&quot;:&quot;0&quot;,&quot;_legend&quot;:&quot;{score}\\\/{best} - ({count} oy verildi!)&quot;,&quot;font_factor&quot;:&quot;1.25&quot;}'>\n            \n<div class=\"kksr-stars\">\n    \n<div class=\"kksr-stars-inactive\">\n            <div class=\"kksr-star\" data-star=\"1\" style=\"padding-right: 5px\">\n            \n\n<div class=\"kksr-icon\" style=\"width: 24px; height: 24px;\"><\/div>\n        <\/div>\n            <div class=\"kksr-star\" data-star=\"2\" style=\"padding-right: 5px\">\n            \n\n<div class=\"kksr-icon\" style=\"width: 24px; height: 24px;\"><\/div>\n        <\/div>\n            <div class=\"kksr-star\" data-star=\"3\" style=\"padding-right: 5px\">\n            \n\n<div class=\"kksr-icon\" style=\"width: 24px; height: 24px;\"><\/div>\n        <\/div>\n            <div class=\"kksr-star\" data-star=\"4\" style=\"padding-right: 5px\">\n            \n\n<div class=\"kksr-icon\" style=\"width: 24px; height: 24px;\"><\/div>\n        <\/div>\n            <div class=\"kksr-star\" data-star=\"5\" style=\"padding-right: 5px\">\n            \n\n<div class=\"kksr-icon\" style=\"width: 24px; height: 24px;\"><\/div>\n        <\/div>\n    <\/div>\n    \n<div class=\"kksr-stars-active\" style=\"width: 0px;\">\n            <div class=\"kksr-star\" style=\"padding-right: 5px\">\n            \n\n<div class=\"kksr-icon\" style=\"width: 24px; height: 24px;\"><\/div>\n        <\/div>\n            <div class=\"kksr-star\" style=\"padding-right: 5px\">\n            \n\n<div class=\"kksr-icon\" style=\"width: 24px; height: 24px;\"><\/div>\n        <\/div>\n            <div class=\"kksr-star\" style=\"padding-right: 5px\">\n            \n\n<div class=\"kksr-icon\" style=\"width: 24px; height: 24px;\"><\/div>\n        <\/div>\n            <div class=\"kksr-star\" style=\"padding-right: 5px\">\n            \n\n<div class=\"kksr-icon\" style=\"width: 24px; height: 24px;\"><\/div>\n        <\/div>\n            <div class=\"kksr-star\" style=\"padding-right: 5px\">\n            \n\n<div class=\"kksr-icon\" style=\"width: 24px; height: 24px;\"><\/div>\n        <\/div>\n    <\/div>\n<\/div>\n                \n\n<div class=\"kksr-legend\" style=\"font-size: 19.2px;\">\n            <span class=\"kksr-muted\">\u0130\u00e7eri\u011fimizi Oylay\u0131n!<\/span>\n    <\/div>\n    <\/div>\n","protected":false},"excerpt":{"rendered":"<p>Estetik ameliyat karar\u0131 \u00e7o\u011fu hasta i\u00e7in uzun bir de\u011ferlendirme s\u00fcrecinin ard\u0131ndan verilir. Ancak operasyon kadar \u00f6nemli olan bir di\u011fer a\u015fama da ameliyat sonras\u0131 iyile\u015fme d\u00f6nemidir. \u00c7\u00fcnk\u00fc cerrahiyle elde edilen sonucun kalitesi, b\u00fcy\u00fck \u00f6l\u00e7\u00fcde bu s\u00fcrecin nas\u0131l y\u00f6netildi\u011fiyle ili\u015fkilidir.<\/p>\n<p>\u0130yile\u015fme yaln\u0131zca diki\u015flerin kapanmas\u0131 ya da morluklar\u0131n ge\u00e7mesi anlam\u0131na gelmez. Doku adaptasyonu, \u00f6demin azalmas\u0131, cildin yeni kontura uyum sa\u011flamas\u0131 ve genel v\u00fccut toparlanmas\u0131 belirli bir zaman ister.<\/p>\n","protected":false},"author":1,"featured_media":3271,"comment_status":"closed","ping_status":"open","sticky":false,"template":"","format":"standard","meta":{"_kad_blocks_custom_css":"","_kad_blocks_head_custom_js":"","_kad_blocks_body_custom_js":"","_kad_blocks_footer_custom_js":"","_kadence_starter_templates_imported_post":false,"_kad_post_transparent":"","_kad_post_title":"","_kad_post_layout":"","_kad_post_sidebar_id":"","_kad_post_content_style":"","_kad_post_vertical_padding":"","_kad_post_feature":"","_kad_post_feature_position":"","_kad_post_header":false,"_kad_post_footer":false,"footnotes":""},"categories":[14],"tags":[],"class_list":["post-3270","post","type-post","status-publish","format-standard","has-post-thumbnail","hentry","category-plastik-cerrahi-blog"],"yoast_head":"<!-- This site is optimized with the Yoast SEO plugin v25.9 - https:\/\/yoast.com\/wordpress\/plugins\/seo\/ -->\n<title>Estetik Ameliyat Sonras\u0131 \u0130yile\u015fme S\u00fcrecinde Nelere Dikkat Etmeliyim? - \u0130stanbul Estetik, Plastik ve Rekonstr\u00fcktif Cerrahi - Do\u00e7. Dr. Sedat Tatar<\/title>\n<meta name=\"description\" content=\"Estetik ameliyat sonras\u0131 iyile\u015fme s\u00fcrecinde \u00f6dem, korse kullan\u0131m\u0131 ve kontroll\u00fc aktivitenin doku adaptasyonu \u00fczerindeki etkisi.\" \/>\n<meta name=\"robots\" content=\"index, follow, max-snippet:-1, max-image-preview:large, max-video-preview:-1\" \/>\n<link rel=\"canonical\" href=\"https:\/\/drsedattatar.com\/tr\/estetik-ameliyat-sonrasi-iyilesme-surecinde-nelere-dikkat-etmeliyim\/\" \/>\n<meta property=\"og:locale\" content=\"tr_TR\" \/>\n<meta property=\"og:type\" content=\"article\" \/>\n<meta property=\"og:title\" content=\"Estetik Ameliyat Sonras\u0131 \u0130yile\u015fme S\u00fcrecinde Nelere Dikkat Etmeliyim? - \u0130stanbul Estetik, Plastik ve Rekonstr\u00fcktif Cerrahi - Do\u00e7. Dr. Sedat Tatar\" \/>\n<meta property=\"og:description\" content=\"Estetik ameliyat sonras\u0131 iyile\u015fme s\u00fcrecinde \u00f6dem, korse kullan\u0131m\u0131 ve kontroll\u00fc aktivitenin doku adaptasyonu \u00fczerindeki etkisi.\" \/>\n<meta property=\"og:url\" content=\"https:\/\/drsedattatar.com\/tr\/estetik-ameliyat-sonrasi-iyilesme-surecinde-nelere-dikkat-etmeliyim\/\" \/>\n<meta property=\"og:site_name\" content=\"\u0130stanbul Estetik, Plastik ve Rekonstr\u00fcktif Cerrahi - Do\u00e7. Dr. Sedat Tatar\" \/>\n<meta property=\"article:published_time\" content=\"2026-03-13T12:02:28+00:00\" \/>\n<meta property=\"article:modified_time\" content=\"2026-03-13T12:02:30+00:00\" \/>\n<meta property=\"og:image\" content=\"https:\/\/drsedattatar.com\/tr\/wp-content\/uploads\/2026\/03\/113-Kapak-TR.png\" \/>\n\t<meta property=\"og:image:width\" content=\"1920\" \/>\n\t<meta property=\"og:image:height\" content=\"1080\" \/>\n\t<meta property=\"og:image:type\" content=\"image\/png\" \/>\n<meta name=\"author\" content=\"Sedat Tatar\" \/>\n<meta name=\"twitter:card\" content=\"summary_large_image\" \/>\n<meta name=\"twitter:label1\" content=\"Yazan:\" \/>\n\t<meta name=\"twitter:data1\" content=\"Sedat Tatar\" \/>\n\t<meta name=\"twitter:label2\" content=\"Tahmini okuma s\u00fcresi\" \/>\n\t<meta name=\"twitter:data2\" content=\"5 dakika\" \/>\n<script type=\"application\/ld+json\" class=\"yoast-schema-graph\">{\"@context\":\"https:\/\/schema.org\",\"@graph\":[{\"@type\":\"Article\",\"@id\":\"https:\/\/drsedattatar.com\/tr\/estetik-ameliyat-sonrasi-iyilesme-surecinde-nelere-dikkat-etmeliyim\/#article\",\"isPartOf\":{\"@id\":\"https:\/\/drsedattatar.com\/tr\/estetik-ameliyat-sonrasi-iyilesme-surecinde-nelere-dikkat-etmeliyim\/\"},\"author\":{\"name\":\"Sedat Tatar\",\"@id\":\"https:\/\/drsedattatar.com\/tr\/#\/schema\/person\/aa22f82cb49cf6b0e8e4c2fdd472308a\"},\"headline\":\"Estetik Ameliyat Sonras\u0131 \u0130yile\u015fme S\u00fcrecinde Nelere Dikkat Etmeliyim?\",\"datePublished\":\"2026-03-13T12:02:28+00:00\",\"dateModified\":\"2026-03-13T12:02:30+00:00\",\"mainEntityOfPage\":{\"@id\":\"https:\/\/drsedattatar.com\/tr\/estetik-ameliyat-sonrasi-iyilesme-surecinde-nelere-dikkat-etmeliyim\/\"},\"wordCount\":949,\"publisher\":{\"@id\":\"https:\/\/drsedattatar.com\/tr\/#organization\"},\"image\":{\"@id\":\"https:\/\/drsedattatar.com\/tr\/estetik-ameliyat-sonrasi-iyilesme-surecinde-nelere-dikkat-etmeliyim\/#primaryimage\"},\"thumbnailUrl\":\"https:\/\/drsedattatar.com\/tr\/wp-content\/uploads\/2026\/03\/113-Kapak-TR.png\",\"articleSection\":[\"Plastik Cerrahi Blog\"],\"inLanguage\":\"tr\"},{\"@type\":\"WebPage\",\"@id\":\"https:\/\/drsedattatar.com\/tr\/estetik-ameliyat-sonrasi-iyilesme-surecinde-nelere-dikkat-etmeliyim\/\",\"url\":\"https:\/\/drsedattatar.com\/tr\/estetik-ameliyat-sonrasi-iyilesme-surecinde-nelere-dikkat-etmeliyim\/\",\"name\":\"Estetik Ameliyat Sonras\u0131 \u0130yile\u015fme S\u00fcrecinde Nelere Dikkat Etmeliyim? - \u0130stanbul Estetik, Plastik ve Rekonstr\u00fcktif Cerrahi - Do\u00e7. Dr. Sedat Tatar\",\"isPartOf\":{\"@id\":\"https:\/\/drsedattatar.com\/tr\/#website\"},\"primaryImageOfPage\":{\"@id\":\"https:\/\/drsedattatar.com\/tr\/estetik-ameliyat-sonrasi-iyilesme-surecinde-nelere-dikkat-etmeliyim\/#primaryimage\"},\"image\":{\"@id\":\"https:\/\/drsedattatar.com\/tr\/estetik-ameliyat-sonrasi-iyilesme-surecinde-nelere-dikkat-etmeliyim\/#primaryimage\"},\"thumbnailUrl\":\"https:\/\/drsedattatar.com\/tr\/wp-content\/uploads\/2026\/03\/113-Kapak-TR.png\",\"datePublished\":\"2026-03-13T12:02:28+00:00\",\"dateModified\":\"2026-03-13T12:02:30+00:00\",\"description\":\"Estetik ameliyat sonras\u0131 iyile\u015fme s\u00fcrecinde \u00f6dem, korse kullan\u0131m\u0131 ve kontroll\u00fc aktivitenin doku adaptasyonu \u00fczerindeki etkisi.\",\"breadcrumb\":{\"@id\":\"https:\/\/drsedattatar.com\/tr\/estetik-ameliyat-sonrasi-iyilesme-surecinde-nelere-dikkat-etmeliyim\/#breadcrumb\"},\"inLanguage\":\"tr\",\"potentialAction\":[{\"@type\":\"ReadAction\",\"target\":[\"https:\/\/drsedattatar.com\/tr\/estetik-ameliyat-sonrasi-iyilesme-surecinde-nelere-dikkat-etmeliyim\/\"]}]},{\"@type\":\"ImageObject\",\"inLanguage\":\"tr\",\"@id\":\"https:\/\/drsedattatar.com\/tr\/estetik-ameliyat-sonrasi-iyilesme-surecinde-nelere-dikkat-etmeliyim\/#primaryimage\",\"url\":\"https:\/\/drsedattatar.com\/tr\/wp-content\/uploads\/2026\/03\/113-Kapak-TR.png\",\"contentUrl\":\"https:\/\/drsedattatar.com\/tr\/wp-content\/uploads\/2026\/03\/113-Kapak-TR.png\",\"width\":1920,\"height\":1080},{\"@type\":\"BreadcrumbList\",\"@id\":\"https:\/\/drsedattatar.com\/tr\/estetik-ameliyat-sonrasi-iyilesme-surecinde-nelere-dikkat-etmeliyim\/#breadcrumb\",\"itemListElement\":[{\"@type\":\"ListItem\",\"position\":1,\"name\":\"Anasayfa\",\"item\":\"https:\/\/drsedattatar.com\/tr\/\"},{\"@type\":\"ListItem\",\"position\":2,\"name\":\"Estetik Ameliyat Sonras\u0131 \u0130yile\u015fme S\u00fcrecinde Nelere Dikkat Etmeliyim?\"}]},{\"@type\":\"WebSite\",\"@id\":\"https:\/\/drsedattatar.com\/tr\/#website\",\"url\":\"https:\/\/drsedattatar.com\/tr\/\",\"name\":\"\u0130stanbul Estetik, Plastik ve Rekonstr\u00fcktif Cerrahi - Do\u00e7. Dr. Sedat Tatar\",\"description\":\"\u0130stanbul Estetik, Plastik ve Rekonstr\u00fcktif Cerrahi alan\u0131nda deneyimli Do\u00e7. Dr. Sedat Tatar ile hayallerinizi ger\u00e7e\u011fe d\u00f6n\u00fc\u015ft\u00fcr\u00fcn ve kendinizi en iyi \u015fekilde hissedin.\",\"publisher\":{\"@id\":\"https:\/\/drsedattatar.com\/tr\/#organization\"},\"potentialAction\":[{\"@type\":\"SearchAction\",\"target\":{\"@type\":\"EntryPoint\",\"urlTemplate\":\"https:\/\/drsedattatar.com\/tr\/?s={search_term_string}\"},\"query-input\":{\"@type\":\"PropertyValueSpecification\",\"valueRequired\":true,\"valueName\":\"search_term_string\"}}],\"inLanguage\":\"tr\"},{\"@type\":\"Organization\",\"@id\":\"https:\/\/drsedattatar.com\/tr\/#organization\",\"name\":\"\u0130stanbul Estetik, Plastik ve Rekonstr\u00fcktif Cerrahi - Do\u00e7. Dr. Sedat Tatar\",\"url\":\"https:\/\/drsedattatar.com\/tr\/\",\"logo\":{\"@type\":\"ImageObject\",\"inLanguage\":\"tr\",\"@id\":\"https:\/\/drsedattatar.com\/tr\/#\/schema\/logo\/image\/\",\"url\":\"https:\/\/drsedattatar.com\/tr\/wp-content\/uploads\/2023\/06\/cropped-cropped-cropped-dr-sedat-tatar-estetik-plastik-logo.webp\",\"contentUrl\":\"https:\/\/drsedattatar.com\/tr\/wp-content\/uploads\/2023\/06\/cropped-cropped-cropped-dr-sedat-tatar-estetik-plastik-logo.webp\",\"width\":1505,\"height\":602,\"caption\":\"\u0130stanbul Estetik, Plastik ve Rekonstr\u00fcktif Cerrahi - Do\u00e7. Dr. Sedat Tatar\"},\"image\":{\"@id\":\"https:\/\/drsedattatar.com\/tr\/#\/schema\/logo\/image\/\"}},{\"@type\":\"Person\",\"@id\":\"https:\/\/drsedattatar.com\/tr\/#\/schema\/person\/aa22f82cb49cf6b0e8e4c2fdd472308a\",\"name\":\"Sedat Tatar\",\"image\":{\"@type\":\"ImageObject\",\"inLanguage\":\"tr\",\"@id\":\"https:\/\/drsedattatar.com\/tr\/#\/schema\/person\/image\/\",\"url\":\"https:\/\/secure.gravatar.com\/avatar\/dea798d972982cc67ccc601a56275438ae42ec5d4557bb1f2fb426553e72d1a1?s=96&d=mm&r=g\",\"contentUrl\":\"https:\/\/secure.gravatar.com\/avatar\/dea798d972982cc67ccc601a56275438ae42ec5d4557bb1f2fb426553e72d1a1?s=96&d=mm&r=g\",\"caption\":\"Sedat Tatar\"},\"sameAs\":[\"http:\/\/drsedattatar.com\/tr\"],\"url\":\"https:\/\/drsedattatar.com\/tr\/author\/admin\/\"}]}<\/script>\n<!-- \/ Yoast SEO plugin. -->","yoast_head_json":{"title":"Estetik Ameliyat Sonras\u0131 \u0130yile\u015fme S\u00fcrecinde Nelere Dikkat Etmeliyim? - \u0130stanbul Estetik, Plastik ve Rekonstr\u00fcktif Cerrahi - Do\u00e7. Dr. Sedat Tatar","description":"Estetik ameliyat sonras\u0131 iyile\u015fme s\u00fcrecinde \u00f6dem, korse kullan\u0131m\u0131 ve kontroll\u00fc aktivitenin doku adaptasyonu \u00fczerindeki etkisi.","robots":{"index":"index","follow":"follow","max-snippet":"max-snippet:-1","max-image-preview":"max-image-preview:large","max-video-preview":"max-video-preview:-1"},"canonical":"https:\/\/drsedattatar.com\/tr\/estetik-ameliyat-sonrasi-iyilesme-surecinde-nelere-dikkat-etmeliyim\/","og_locale":"tr_TR","og_type":"article","og_title":"Estetik Ameliyat Sonras\u0131 \u0130yile\u015fme S\u00fcrecinde Nelere Dikkat Etmeliyim? - \u0130stanbul Estetik, Plastik ve Rekonstr\u00fcktif Cerrahi - Do\u00e7. Dr. Sedat Tatar","og_description":"Estetik ameliyat sonras\u0131 iyile\u015fme s\u00fcrecinde \u00f6dem, korse kullan\u0131m\u0131 ve kontroll\u00fc aktivitenin doku adaptasyonu \u00fczerindeki etkisi.","og_url":"https:\/\/drsedattatar.com\/tr\/estetik-ameliyat-sonrasi-iyilesme-surecinde-nelere-dikkat-etmeliyim\/","og_site_name":"\u0130stanbul Estetik, Plastik ve Rekonstr\u00fcktif Cerrahi - Do\u00e7. Dr. Sedat Tatar","article_published_time":"2026-03-13T12:02:28+00:00","article_modified_time":"2026-03-13T12:02:30+00:00","og_image":[{"width":1920,"height":1080,"url":"https:\/\/drsedattatar.com\/tr\/wp-content\/uploads\/2026\/03\/113-Kapak-TR.png","type":"image\/png"}],"author":"Sedat Tatar","twitter_card":"summary_large_image","twitter_misc":{"Yazan:":"Sedat Tatar","Tahmini okuma s\u00fcresi":"5 dakika"},"schema":{"@context":"https:\/\/schema.org","@graph":[{"@type":"Article","@id":"https:\/\/drsedattatar.com\/tr\/estetik-ameliyat-sonrasi-iyilesme-surecinde-nelere-dikkat-etmeliyim\/#article","isPartOf":{"@id":"https:\/\/drsedattatar.com\/tr\/estetik-ameliyat-sonrasi-iyilesme-surecinde-nelere-dikkat-etmeliyim\/"},"author":{"name":"Sedat Tatar","@id":"https:\/\/drsedattatar.com\/tr\/#\/schema\/person\/aa22f82cb49cf6b0e8e4c2fdd472308a"},"headline":"Estetik Ameliyat Sonras\u0131 \u0130yile\u015fme S\u00fcrecinde Nelere Dikkat Etmeliyim?","datePublished":"2026-03-13T12:02:28+00:00","dateModified":"2026-03-13T12:02:30+00:00","mainEntityOfPage":{"@id":"https:\/\/drsedattatar.com\/tr\/estetik-ameliyat-sonrasi-iyilesme-surecinde-nelere-dikkat-etmeliyim\/"},"wordCount":949,"publisher":{"@id":"https:\/\/drsedattatar.com\/tr\/#organization"},"image":{"@id":"https:\/\/drsedattatar.com\/tr\/estetik-ameliyat-sonrasi-iyilesme-surecinde-nelere-dikkat-etmeliyim\/#primaryimage"},"thumbnailUrl":"https:\/\/drsedattatar.com\/tr\/wp-content\/uploads\/2026\/03\/113-Kapak-TR.png","articleSection":["Plastik Cerrahi Blog"],"inLanguage":"tr"},{"@type":"WebPage","@id":"https:\/\/drsedattatar.com\/tr\/estetik-ameliyat-sonrasi-iyilesme-surecinde-nelere-dikkat-etmeliyim\/","url":"https:\/\/drsedattatar.com\/tr\/estetik-ameliyat-sonrasi-iyilesme-surecinde-nelere-dikkat-etmeliyim\/","name":"Estetik Ameliyat Sonras\u0131 \u0130yile\u015fme S\u00fcrecinde Nelere Dikkat Etmeliyim? - \u0130stanbul Estetik, Plastik ve Rekonstr\u00fcktif Cerrahi - Do\u00e7. Dr. Sedat Tatar","isPartOf":{"@id":"https:\/\/drsedattatar.com\/tr\/#website"},"primaryImageOfPage":{"@id":"https:\/\/drsedattatar.com\/tr\/estetik-ameliyat-sonrasi-iyilesme-surecinde-nelere-dikkat-etmeliyim\/#primaryimage"},"image":{"@id":"https:\/\/drsedattatar.com\/tr\/estetik-ameliyat-sonrasi-iyilesme-surecinde-nelere-dikkat-etmeliyim\/#primaryimage"},"thumbnailUrl":"https:\/\/drsedattatar.com\/tr\/wp-content\/uploads\/2026\/03\/113-Kapak-TR.png","datePublished":"2026-03-13T12:02:28+00:00","dateModified":"2026-03-13T12:02:30+00:00","description":"Estetik ameliyat sonras\u0131 iyile\u015fme s\u00fcrecinde \u00f6dem, korse kullan\u0131m\u0131 ve kontroll\u00fc aktivitenin doku adaptasyonu \u00fczerindeki etkisi.","breadcrumb":{"@id":"https:\/\/drsedattatar.com\/tr\/estetik-ameliyat-sonrasi-iyilesme-surecinde-nelere-dikkat-etmeliyim\/#breadcrumb"},"inLanguage":"tr","potentialAction":[{"@type":"ReadAction","target":["https:\/\/drsedattatar.com\/tr\/estetik-ameliyat-sonrasi-iyilesme-surecinde-nelere-dikkat-etmeliyim\/"]}]},{"@type":"ImageObject","inLanguage":"tr","@id":"https:\/\/drsedattatar.com\/tr\/estetik-ameliyat-sonrasi-iyilesme-surecinde-nelere-dikkat-etmeliyim\/#primaryimage","url":"https:\/\/drsedattatar.com\/tr\/wp-content\/uploads\/2026\/03\/113-Kapak-TR.png","contentUrl":"https:\/\/drsedattatar.com\/tr\/wp-content\/uploads\/2026\/03\/113-Kapak-TR.png","width":1920,"height":1080},{"@type":"BreadcrumbList","@id":"https:\/\/drsedattatar.com\/tr\/estetik-ameliyat-sonrasi-iyilesme-surecinde-nelere-dikkat-etmeliyim\/#breadcrumb","itemListElement":[{"@type":"ListItem","position":1,"name":"Anasayfa","item":"https:\/\/drsedattatar.com\/tr\/"},{"@type":"ListItem","position":2,"name":"Estetik Ameliyat Sonras\u0131 \u0130yile\u015fme S\u00fcrecinde Nelere Dikkat Etmeliyim?"}]},{"@type":"WebSite","@id":"https:\/\/drsedattatar.com\/tr\/#website","url":"https:\/\/drsedattatar.com\/tr\/","name":"\u0130stanbul Estetik, Plastik ve Rekonstr\u00fcktif Cerrahi - Do\u00e7. Dr. Sedat Tatar","description":"\u0130stanbul Estetik, Plastik ve Rekonstr\u00fcktif Cerrahi alan\u0131nda deneyimli Do\u00e7. Dr. Sedat Tatar ile hayallerinizi ger\u00e7e\u011fe d\u00f6n\u00fc\u015ft\u00fcr\u00fcn ve kendinizi en iyi \u015fekilde hissedin.","publisher":{"@id":"https:\/\/drsedattatar.com\/tr\/#organization"},"potentialAction":[{"@type":"SearchAction","target":{"@type":"EntryPoint","urlTemplate":"https:\/\/drsedattatar.com\/tr\/?s={search_term_string}"},"query-input":{"@type":"PropertyValueSpecification","valueRequired":true,"valueName":"search_term_string"}}],"inLanguage":"tr"},{"@type":"Organization","@id":"https:\/\/drsedattatar.com\/tr\/#organization","name":"\u0130stanbul Estetik, Plastik ve Rekonstr\u00fcktif Cerrahi - Do\u00e7. Dr. Sedat Tatar","url":"https:\/\/drsedattatar.com\/tr\/","logo":{"@type":"ImageObject","inLanguage":"tr","@id":"https:\/\/drsedattatar.com\/tr\/#\/schema\/logo\/image\/","url":"https:\/\/drsedattatar.com\/tr\/wp-content\/uploads\/2023\/06\/cropped-cropped-cropped-dr-sedat-tatar-estetik-plastik-logo.webp","contentUrl":"https:\/\/drsedattatar.com\/tr\/wp-content\/uploads\/2023\/06\/cropped-cropped-cropped-dr-sedat-tatar-estetik-plastik-logo.webp","width":1505,"height":602,"caption":"\u0130stanbul Estetik, Plastik ve Rekonstr\u00fcktif Cerrahi - Do\u00e7. Dr. Sedat Tatar"},"image":{"@id":"https:\/\/drsedattatar.com\/tr\/#\/schema\/logo\/image\/"}},{"@type":"Person","@id":"https:\/\/drsedattatar.com\/tr\/#\/schema\/person\/aa22f82cb49cf6b0e8e4c2fdd472308a","name":"Sedat Tatar","image":{"@type":"ImageObject","inLanguage":"tr","@id":"https:\/\/drsedattatar.com\/tr\/#\/schema\/person\/image\/","url":"https:\/\/secure.gravatar.com\/avatar\/dea798d972982cc67ccc601a56275438ae42ec5d4557bb1f2fb426553e72d1a1?s=96&d=mm&r=g","contentUrl":"https:\/\/secure.gravatar.com\/avatar\/dea798d972982cc67ccc601a56275438ae42ec5d4557bb1f2fb426553e72d1a1?s=96&d=mm&r=g","caption":"Sedat Tatar"},"sameAs":["http:\/\/drsedattatar.com\/tr"],"url":"https:\/\/drsedattatar.com\/tr\/author\/admin\/"}]}},"taxonomy_info":{"category":[{"value":14,"label":"Plastik Cerrahi Blog"}]},"featured_image_src_large":["https:\/\/drsedattatar.com\/tr\/wp-content\/uploads\/2026\/03\/113-Kapak-TR-1024x576.png",1024,576,true],"author_info":{"display_name":"Sedat Tatar","author_link":"https:\/\/drsedattatar.com\/tr\/author\/admin\/"},"comment_info":0,"category_info":[{"term_id":14,"name":"Plastik Cerrahi Blog","slug":"plastik-cerrahi-blog","term_group":0,"term_taxonomy_id":14,"taxonomy":"category","description":"","parent":0,"count":155,"filter":"raw","cat_ID":14,"category_count":155,"category_description":"","cat_name":"Plastik Cerrahi Blog","category_nicename":"plastik-cerrahi-blog","category_parent":0}],"tag_info":false,"_links":{"self":[{"href":"https:\/\/drsedattatar.com\/tr\/wp-json\/wp\/v2\/posts\/3270","targetHints":{"allow":["GET"]}}],"collection":[{"href":"https:\/\/drsedattatar.com\/tr\/wp-json\/wp\/v2\/posts"}],"about":[{"href":"https:\/\/drsedattatar.com\/tr\/wp-json\/wp\/v2\/types\/post"}],"author":[{"embeddable":true,"href":"https:\/\/drsedattatar.com\/tr\/wp-json\/wp\/v2\/users\/1"}],"replies":[{"embeddable":true,"href":"https:\/\/drsedattatar.com\/tr\/wp-json\/wp\/v2\/comments?post=3270"}],"version-history":[{"count":1,"href":"https:\/\/drsedattatar.com\/tr\/wp-json\/wp\/v2\/posts\/3270\/revisions"}],"predecessor-version":[{"id":3272,"href":"https:\/\/drsedattatar.com\/tr\/wp-json\/wp\/v2\/posts\/3270\/revisions\/3272"}],"wp:featuredmedia":[{"embeddable":true,"href":"https:\/\/drsedattatar.com\/tr\/wp-json\/wp\/v2\/media\/3271"}],"wp:attachment":[{"href":"https:\/\/drsedattatar.com\/tr\/wp-json\/wp\/v2\/media?parent=3270"}],"wp:term":[{"taxonomy":"category","embeddable":true,"href":"https:\/\/drsedattatar.com\/tr\/wp-json\/wp\/v2\/categories?post=3270"},{"taxonomy":"post_tag","embeddable":true,"href":"https:\/\/drsedattatar.com\/tr\/wp-json\/wp\/v2\/tags?post=3270"}],"curies":[{"name":"wp","href":"https:\/\/api.w.org\/{rel}","templated":true}]}}