{"id":3279,"date":"2026-03-14T08:54:05","date_gmt":"2026-03-14T08:54:05","guid":{"rendered":"https:\/\/drsedattatar.com\/tr\/?p=3279"},"modified":"2026-03-14T08:55:53","modified_gmt":"2026-03-14T08:55:53","slug":"estetik-ameliyatlarda-sonucun-oturmasi-neden-zaman-alir","status":"publish","type":"post","link":"https:\/\/drsedattatar.com\/tr\/estetik-ameliyatlarda-sonucun-oturmasi-neden-zaman-alir\/","title":{"rendered":"Estetik Ameliyatlarda Sonucun Oturmas\u0131 Neden Zaman Al\u0131r?"},"content":{"rendered":"\n<p>Estetik ameliyat \u00f6ncesi ve sonras\u0131nda en s\u0131k duyulan sorulardan biri \u015fudur: \u201cSonu\u00e7 ne zaman tam olarak ortaya \u00e7\u0131kar?\u201d<\/p>\n\n\n\n<p>Bir\u00e7ok hasta ameliyattan hemen sonra aynaya bakt\u0131\u011f\u0131nda nihai g\u00f6r\u00fcnt\u00fcy\u00fc g\u00f6rmek ister. Oysa estetik cerrahide elde edilen sonu\u00e7, ameliyat masas\u0131ndan kalk\u0131ld\u0131\u011f\u0131 anda de\u011fil; dokular\u0131n iyile\u015fme s\u00fcreci tamamland\u0131k\u00e7a ortaya \u00e7\u0131kar. Cerrahi bir de\u011fi\u015fim yap\u0131l\u0131r, ancak bu de\u011fi\u015fimin do\u011fal ve dengeli \u015fekilde oturmas\u0131 zaman al\u0131r.<\/p>\n\n\n\n<h2 class=\"wp-block-heading\"><a><\/a><strong>Cerrahi Travma ve V\u00fccudun \u0130yile\u015fme Yan\u0131t\u0131<\/strong><\/h2>\n\n\n\n<p>Her estetik ameliyat, kontroll\u00fc bir cerrahi m\u00fcdahaledir. Dokular \u015fekillendirilir, ya\u011f al\u0131n\u0131r veya eklenir, cilt gerilir ya da yeniden konumland\u0131r\u0131l\u0131r. Bu i\u015flemler sonras\u0131nda v\u00fccut, kendini korumak ve onarmak i\u00e7in bir iyile\u015fme s\u00fcreci ba\u015flat\u0131r.<\/p>\n\n\n\n<p>Bu s\u00fcrecin ilk ve en belirgin par\u00e7as\u0131 <strong>\u00f6demdir<\/strong>. Cerrahi alan s\u0131v\u0131 tutar, dokular ge\u00e7ici olarak \u015fi\u015fer ve \u015fekil oldu\u011fundan farkl\u0131 g\u00f6r\u00fcnebilir. Bu durum:<\/p>\n\n\n\n<ul class=\"wp-block-list\">\n<li>Liposuction sonras\u0131 kal\u0131nl\u0131k hissi<\/li>\n\n\n\n<li>Kar\u0131n germe sonras\u0131 gerginlik<\/li>\n\n\n\n<li>BBL sonras\u0131 \u015fi\u015f g\u00f6r\u00fcn\u00fcm<\/li>\n\n\n\n<li>Meme esteti\u011fi sonras\u0131 \u00fcst dolgunluk<\/li>\n<\/ul>\n\n\n\n<p>\u015feklinde kendini g\u00f6sterebilir.<\/p>\n\n\n\n<p>Bu erken d\u00f6nem g\u00f6r\u00fcnt\u00fc, kal\u0131c\u0131 sonucu yans\u0131tmaz. V\u00fccut, iyile\u015fme s\u00fcrecini ad\u0131m ad\u0131m tamamlar.<\/p>\n\n\n\n<h2 class=\"wp-block-heading\"><a><\/a><strong>\u00d6demin Azalmas\u0131 Zamana Yay\u0131l\u0131r<\/strong><\/h2>\n\n\n\n<p>\u00d6dem birka\u00e7 g\u00fcn i\u00e7inde tamamen ge\u00e7mez. \u0130yile\u015fme s\u00fcreci katmanl\u0131d\u0131r:<\/p>\n\n\n\n<ul class=\"wp-block-list\">\n<li>\u0130lk 2\u20133 hafta: Belirgin \u015fi\u015flik<\/li>\n\n\n\n<li>4\u20136 hafta: Konturun belirginle\u015fmeye ba\u015flamas\u0131<\/li>\n\n\n\n<li>6. ay: Sonucun b\u00fcy\u00fck \u00f6l\u00e7\u00fcde ortaya \u00e7\u0131kmas\u0131<\/li>\n\n\n\n<li>7. ay ve sonras\u0131: Dokular\u0131n tamamen yerle\u015fmesi<\/li>\n<\/ul>\n\n\n\n<p>\u00d6zellikle geni\u015f alanl\u0131 v\u00fccut \u015fekillendirme i\u015flemlerinde sab\u0131r \u00f6nemlidir. Erken d\u00f6nemde yap\u0131lan de\u011ferlendirmeler yan\u0131lt\u0131c\u0131 olabilir.<\/p>\n\n\n\n<h2 class=\"wp-block-heading\"><a><\/a><strong>Cilt ve Doku Adaptasyonu<\/strong><\/h2>\n\n\n\n<p>Ya\u011f al\u0131nd\u0131\u011f\u0131nda, cilt alt\u0131ndaki hacim de\u011fi\u015fir. Meme dikle\u015ftirildi\u011finde veya kar\u0131n gerildi\u011finde, cilt yeni konumuna uyum sa\u011flar. Bu adaptasyon anl\u0131k ger\u00e7ekle\u015fmez.<\/p>\n\n\n\n<p>Cilt toparlanma s\u00fcrecini etkileyen fakt\u00f6rler:<\/p>\n\n\n\n<ul class=\"wp-block-list\">\n<li>Ya\u015f<\/li>\n\n\n\n<li>Elastikiyet d\u00fczeyi<\/li>\n\n\n\n<li>Sigara kullan\u0131m\u0131<\/li>\n\n\n\n<li>Genetik doku yap\u0131s\u0131<\/li>\n\n\n\n<li>Al\u0131nan veya eklenen hacim miktar\u0131<\/li>\n<\/ul>\n\n\n\n<p>Cilt, alt\u0131ndaki yeni yap\u0131ya uyum sa\u011flarken haftalar i\u00e7inde s\u0131k\u0131la\u015f\u0131r ve kontur netle\u015fir. Bu nedenle ilk g\u00fcnk\u00fc g\u00f6r\u00fcn\u00fcm ile \u00fc\u00e7\u00fcnc\u00fc aydaki g\u00f6r\u00fcn\u00fcm ayn\u0131 de\u011fildir.<\/p>\n\n\n\n<h2 class=\"wp-block-heading\"><a><\/a><strong>Doku Sertli\u011fi ve \u0130\u00e7 \u0130yile\u015fme S\u00fcreci<\/strong><\/h2>\n\n\n\n<p>Estetik ameliyat sonras\u0131 dokular\u0131n i\u00e7 k\u0131sm\u0131nda iyile\u015fme devam eder. \u00d6zellikle liposuction ve ya\u011f transferi gibi i\u015flemlerde:<\/p>\n\n\n\n<ul class=\"wp-block-list\">\n<li>Ge\u00e7ici sertlik<\/li>\n\n\n\n<li>Hafif d\u00fczensizlik hissi<\/li>\n\n\n\n<li>Asimetri olu\u015fabilir.<\/li>\n<\/ul>\n\n\n\n<p>Bu durumlar genellikle inflamasyonun ve doku yeniden yap\u0131lanmas\u0131n\u0131n par\u00e7as\u0131d\u0131r. Zamanla ba\u011f dokusu yeniden organize olur ve y\u00fczey daha homojen bir h\u00e2l al\u0131r.<\/p>\n\n\n\n<h2 class=\"wp-block-heading\"><a><\/a><strong>Ya\u011f Transferi Yap\u0131lan \u0130\u015flemlerde Zaman Fakt\u00f6r\u00fc<\/strong><\/h2>\n\n\n\n<p>BBL veya y\u00fcze ya\u011f enjeksiyonu gibi i\u015flemlerde, enjekte edilen ya\u011f\u0131n bir k\u0131sm\u0131 ilk aylarda do\u011fal olarak azal\u0131r. Kalan ya\u011f h\u00fccreleri ise yeni b\u00f6lgede damarlanarak kal\u0131c\u0131 h\u00e2le gelir.<\/p>\n\n\n\n<p>Bu s\u00fcre\u00e7 nedeniyle:<\/p>\n\n\n\n<ul class=\"wp-block-list\">\n<li>\u0130lk haftalarda hacim daha fazla g\u00f6r\u00fcn\u00fcr<\/li>\n\n\n\n<li>2\u20133 ay i\u00e7inde ger\u00e7ek hacim netle\u015fir<\/li>\n<\/ul>\n\n\n\n<p>Bu durum normaldir ve planlama a\u015famas\u0131nda hesaba kat\u0131l\u0131r.<\/p>\n\n\n\n<h2 class=\"wp-block-heading\"><a><\/a><strong>Psikolojik Adaptasyon<\/strong><\/h2>\n\n\n\n<p>Sonucun oturmas\u0131 yaln\u0131zca fiziksel bir s\u00fcre\u00e7 de\u011fildir. Ki\u015fi yeni g\u00f6r\u00fcnt\u00fcs\u00fcne zihinsel olarak da uyum sa\u011flar. \u00d6zellikle belirgin de\u011fi\u015fim yaratan ameliyatlarda (kar\u0131n germe, BBL, meme esteti\u011fi gibi) ki\u015fi aynada g\u00f6rd\u00fc\u011f\u00fc yeni formu zamanla benimser.<\/p>\n\n\n\n<p>\u0130lk haftalarda:<\/p>\n\n\n\n<ul class=\"wp-block-list\">\n<li>\u201cBu b\u00f6yle mi kalacak?\u201d d\u00fc\u015f\u00fcncesi<\/li>\n\n\n\n<li>Sab\u0131rs\u0131zl\u0131k<\/li>\n\n\n\n<li>Ge\u00e7ici memnuniyetsizlik<\/li>\n<\/ul>\n\n\n\n<p>ya\u015fanabilir. Ancak sonu\u00e7 netle\u015ftik\u00e7e \u00f6zg\u00fcven ve memnuniyet artar.<\/p>\n\n\n\n<h2 class=\"wp-block-heading\"><a><\/a><strong>Erken D\u00f6nem De\u011ferlendirme Neden Yan\u0131lt\u0131c\u0131d\u0131r?<\/strong><\/h2>\n\n\n\n<p>Ameliyat sonras\u0131 ilk haftalarda:<\/p>\n\n\n\n<ul class=\"wp-block-list\">\n<li>\u00d6dem y\u00fcksektir<\/li>\n\n\n\n<li>Doku serttir<\/li>\n\n\n\n<li>Cilt hen\u00fcz adapte olmam\u0131\u015ft\u0131r<\/li>\n\n\n\n<li>Nihai kontur g\u00f6r\u00fcnmez<\/li>\n<\/ul>\n\n\n\n<p>Bu nedenle uzmanlar genellikle kesin de\u011ferlendirme i\u00e7in en az 3 ay beklenmesini \u00f6nerir. Daha kapsaml\u0131 i\u015flemlerde bu s\u00fcre 6 aya kadar uzayabilir.<\/p>\n\n\n\n<p>Erken d\u00f6nemde yap\u0131lan yorumlar \u00e7o\u011fu zaman s\u00fcrecin do\u011fal ak\u0131\u015f\u0131n\u0131 g\u00f6z ard\u0131 eder.<\/p>\n\n\n\n<h2 class=\"wp-block-heading\"><a><\/a><strong>Sab\u0131r ve Takip S\u00fcreci<\/strong><\/h2>\n\n\n\n<p>D\u00fczenli kontroller, iyile\u015fmenin do\u011fru ilerledi\u011fini g\u00f6sterir. Cerrah, dokular\u0131n adaptasyonunu izler ve hastaya s\u00fcrecin normal seyrini a\u00e7\u0131klar.<\/p>\n\n\n\n<p>Bu d\u00f6nemde dikkat edilmesi gerekenler:<\/p>\n\n\n\n<ul class=\"wp-block-list\">\n<li>Korse kullan\u0131m\u0131na uymak<\/li>\n\n\n\n<li>Sigara kullanmamak<\/li>\n\n\n\n<li>Kilo dengesini korumak<\/li>\n\n\n\n<li>A\u011f\u0131r egzersizlere erken ba\u015flamamak<\/li>\n<\/ul>\n\n\n\n<p>Bu fakt\u00f6rler, sonucun daha dengeli ve kal\u0131c\u0131 olmas\u0131na katk\u0131 sa\u011flar.<\/p>\n\n\n\n<h2 class=\"wp-block-heading\"><a><\/a><strong>\u0130yile\u015fme Bir Yolculuktur<\/strong><\/h2>\n\n\n\n<p>Estetik ameliyat bir ba\u015flang\u0131\u00e7t\u0131r; sonucun netle\u015fmesi ise zamana yay\u0131lan bir s\u00fcre\u00e7tir. V\u00fccut, cerrahiye verdi\u011fi yan\u0131t\u0131 kademeli olarak d\u00fczenler. \u00d6dem azal\u0131r, dokular yumu\u015far, cilt uyum sa\u011flar ve kontur belirginle\u015fir.<\/p>\n\n\n\n<p>Bu nedenle estetik cerrahide \u201csonu\u00e7\u201d, bir anda ortaya \u00e7\u0131kan bir de\u011fi\u015fim de\u011fil; haftalar ve aylar i\u00e7inde oturan bir d\u00f6n\u00fc\u015f\u00fcmd\u00fcr. S\u00fcreci do\u011fru anlamak ve sab\u0131r g\u00f6stermek, memnuniyeti art\u0131ran en \u00f6nemli unsurlardand\u0131r.<\/p>\n\n\n\n<p id=\"block-3a3212d6-f67d-4bfe-9697-5d0a5830a4ad\"><strong>Hekim Bilgisi<\/strong><\/p>\n\n\n\n<p id=\"block-a7476fa1-5aba-49b7-811f-cdbc4833f823\"><strong>Do\u00e7. Dr. Sedat Tatar<\/strong>, iki ayr\u0131 uluslararas\u0131 kurul taraf\u0131ndan sertifikaland\u0131r\u0131lm\u0131\u015f (Double Board Certified) Plastik, Rekonstr\u00fcktif ve Estetik Cerrahi uzman\u0131d\u0131r. <strong>American College of Surgeons Fellow (FACS)<\/strong> ve <strong>European Board of Plastic, Reconstructive and Aesthetic Surgery Fellow (FEBOPRAS)<\/strong> unvanlar\u0131na sahiptir.<\/p>\n\n\n\n<p id=\"block-b4169953-a4b6-437c-9fbd-abc2bc8abbee\">Uluslararas\u0131 profesyonel \u00fcyelikleri aras\u0131nda <strong>ISAPS (International Society of Aesthetic Plastic Surgery)<\/strong> ve <strong>ASPS (American Society of Plastic Surgeons)<\/strong> bulunmaktad\u0131r.<\/p>\n\n\n\n<p id=\"block-c2e51c4f-149d-4f50-a30b-37984cd59e30\">Klini\u011fi \u0130stanbul\u2019da <strong>T\u00fcrkiye Sa\u011fl\u0131k Bakanl\u0131\u011f\u0131 taraf\u0131ndan Sa\u011fl\u0131k Turizmi Merkezi olarak yetkilidir<\/strong> ve \u015firketi <strong>Birle\u015fik Krall\u0131k &amp; Galler&#8217;e kay\u0131tl\u0131d\u0131r.<\/strong><\/p>\n\n\n\n<p id=\"block-a1e9e51a-ae8b-4912-bcf7-569957645885\"><strong>\u0130LET\u0130\u015e\u0130M B\u0130LG\u0130LER\u0130<\/strong><\/p>\n\n\n\n<p id=\"block-35aa5dd5-2dbb-4b8a-a0d0-0568699cd5a2\"><strong>Do\u00e7. Dr. Sedar Tatar Klini\u011fi<\/strong><\/p>\n\n\n\n<p id=\"block-f8c5b5c0-0128-4552-9f9c-0cb3388dc884\"><strong>Telefon No :&nbsp;<\/strong><a href=\"tel:+90%20(555)%20100%2010%2083\">+90 (555) 100 10 83<\/a><br><strong>\u0130leti\u015fim Linki :&nbsp;<\/strong><a href=\"mailto:info@drsedattatar.com\">info@drsedattatar.com<\/a><br><strong>Adres :&nbsp;<\/strong>Levent Mahallesi, Karanfil Aral\u0131\u011f\u0131 Caddesi No: 18 Be\u015fikta\u015f\/\u0130STANBUL<\/p>\n\n\n<div class=\"kk-star-ratings kksr-auto kksr-align-center kksr-valign-bottom\"\n    data-payload='{&quot;align&quot;:&quot;center&quot;,&quot;id&quot;:&quot;3279&quot;,&quot;slug&quot;:&quot;default&quot;,&quot;valign&quot;:&quot;bottom&quot;,&quot;ignore&quot;:&quot;&quot;,&quot;reference&quot;:&quot;auto&quot;,&quot;class&quot;:&quot;&quot;,&quot;count&quot;:&quot;0&quot;,&quot;legendonly&quot;:&quot;&quot;,&quot;readonly&quot;:&quot;&quot;,&quot;score&quot;:&quot;0&quot;,&quot;starsonly&quot;:&quot;&quot;,&quot;best&quot;:&quot;5&quot;,&quot;gap&quot;:&quot;5&quot;,&quot;greet&quot;:&quot;\u0130\u00e7eri\u011fimizi Oylay\u0131n!&quot;,&quot;legend&quot;:&quot;0\\\/5 - (0 oy verildi!)&quot;,&quot;size&quot;:&quot;24&quot;,&quot;title&quot;:&quot;Estetik Ameliyatlarda Sonucun Oturmas\u0131 Neden Zaman Al\u0131r?&quot;,&quot;width&quot;:&quot;0&quot;,&quot;_legend&quot;:&quot;{score}\\\/{best} - ({count} oy verildi!)&quot;,&quot;font_factor&quot;:&quot;1.25&quot;}'>\n            \n<div class=\"kksr-stars\">\n    \n<div class=\"kksr-stars-inactive\">\n            <div class=\"kksr-star\" data-star=\"1\" style=\"padding-right: 5px\">\n            \n\n<div class=\"kksr-icon\" style=\"width: 24px; height: 24px;\"><\/div>\n        <\/div>\n            <div class=\"kksr-star\" data-star=\"2\" style=\"padding-right: 5px\">\n            \n\n<div class=\"kksr-icon\" style=\"width: 24px; height: 24px;\"><\/div>\n        <\/div>\n            <div class=\"kksr-star\" data-star=\"3\" style=\"padding-right: 5px\">\n            \n\n<div class=\"kksr-icon\" style=\"width: 24px; height: 24px;\"><\/div>\n        <\/div>\n            <div class=\"kksr-star\" data-star=\"4\" style=\"padding-right: 5px\">\n            \n\n<div class=\"kksr-icon\" style=\"width: 24px; height: 24px;\"><\/div>\n        <\/div>\n            <div class=\"kksr-star\" data-star=\"5\" style=\"padding-right: 5px\">\n            \n\n<div class=\"kksr-icon\" style=\"width: 24px; height: 24px;\"><\/div>\n        <\/div>\n    <\/div>\n    \n<div class=\"kksr-stars-active\" style=\"width: 0px;\">\n            <div class=\"kksr-star\" style=\"padding-right: 5px\">\n            \n\n<div class=\"kksr-icon\" style=\"width: 24px; height: 24px;\"><\/div>\n        <\/div>\n            <div class=\"kksr-star\" style=\"padding-right: 5px\">\n            \n\n<div class=\"kksr-icon\" style=\"width: 24px; height: 24px;\"><\/div>\n        <\/div>\n            <div class=\"kksr-star\" style=\"padding-right: 5px\">\n            \n\n<div class=\"kksr-icon\" style=\"width: 24px; height: 24px;\"><\/div>\n        <\/div>\n            <div class=\"kksr-star\" style=\"padding-right: 5px\">\n            \n\n<div class=\"kksr-icon\" style=\"width: 24px; height: 24px;\"><\/div>\n        <\/div>\n            <div class=\"kksr-star\" style=\"padding-right: 5px\">\n            \n\n<div class=\"kksr-icon\" style=\"width: 24px; height: 24px;\"><\/div>\n        <\/div>\n    <\/div>\n<\/div>\n                \n\n<div class=\"kksr-legend\" style=\"font-size: 19.2px;\">\n            <span class=\"kksr-muted\">\u0130\u00e7eri\u011fimizi Oylay\u0131n!<\/span>\n    <\/div>\n    <\/div>\n","protected":false},"excerpt":{"rendered":"<p>Estetik ameliyat \u00f6ncesi ve sonras\u0131nda en s\u0131k duyulan sorulardan biri \u015fudur: \u201cSonu\u00e7 ne zaman tam olarak ortaya \u00e7\u0131kar?\u201d<\/p>\n<p>Bir\u00e7ok hasta ameliyattan hemen sonra aynaya bakt\u0131\u011f\u0131nda nihai g\u00f6r\u00fcnt\u00fcy\u00fc g\u00f6rmek ister. Oysa estetik cerrahide elde edilen sonu\u00e7, ameliyat masas\u0131ndan kalk\u0131ld\u0131\u011f\u0131 anda de\u011fil; dokular\u0131n iyile\u015fme s\u00fcreci tamamland\u0131k\u00e7a ortaya \u00e7\u0131kar. Cerrahi bir de\u011fi\u015fim yap\u0131l\u0131r, ancak bu de\u011fi\u015fimin do\u011fal ve dengeli \u015fekilde oturmas\u0131 zaman al\u0131r.<\/p>\n","protected":false},"author":1,"featured_media":3280,"comment_status":"closed","ping_status":"open","sticky":false,"template":"","format":"standard","meta":{"_kad_blocks_custom_css":"","_kad_blocks_head_custom_js":"","_kad_blocks_body_custom_js":"","_kad_blocks_footer_custom_js":"","_kadence_starter_templates_imported_post":false,"_kad_post_transparent":"","_kad_post_title":"","_kad_post_layout":"","_kad_post_sidebar_id":"","_kad_post_content_style":"","_kad_post_vertical_padding":"","_kad_post_feature":"","_kad_post_feature_position":"","_kad_post_header":false,"_kad_post_footer":false,"footnotes":""},"categories":[14],"tags":[],"class_list":["post-3279","post","type-post","status-publish","format-standard","has-post-thumbnail","hentry","category-plastik-cerrahi-blog"],"yoast_head":"<!-- This site is optimized with the Yoast SEO plugin v25.9 - https:\/\/yoast.com\/wordpress\/plugins\/seo\/ -->\n<title>Estetik Ameliyatlarda Sonucun Oturmas\u0131 Neden Zaman Al\u0131r? - \u0130stanbul Estetik, Plastik ve Rekonstr\u00fcktif Cerrahi - Do\u00e7. Dr. Sedat Tatar<\/title>\n<meta name=\"description\" content=\"Estetik cerrahi sonras\u0131 sonu\u00e7 neden zamanla ortaya \u00e7\u0131kar? \u00d6demin azalmas\u0131, cilt adaptasyonu ve dokular\u0131n iyile\u015fme s\u00fcreci sonucu belirler.\" \/>\n<meta name=\"robots\" content=\"index, follow, max-snippet:-1, max-image-preview:large, max-video-preview:-1\" \/>\n<link rel=\"canonical\" href=\"https:\/\/drsedattatar.com\/tr\/estetik-ameliyatlarda-sonucun-oturmasi-neden-zaman-alir\/\" \/>\n<meta property=\"og:locale\" content=\"tr_TR\" \/>\n<meta property=\"og:type\" content=\"article\" \/>\n<meta property=\"og:title\" content=\"Estetik Ameliyatlarda Sonucun Oturmas\u0131 Neden Zaman Al\u0131r? - \u0130stanbul Estetik, Plastik ve Rekonstr\u00fcktif Cerrahi - Do\u00e7. Dr. Sedat Tatar\" \/>\n<meta property=\"og:description\" content=\"Estetik cerrahi sonras\u0131 sonu\u00e7 neden zamanla ortaya \u00e7\u0131kar? \u00d6demin azalmas\u0131, cilt adaptasyonu ve dokular\u0131n iyile\u015fme s\u00fcreci sonucu belirler.\" \/>\n<meta property=\"og:url\" content=\"https:\/\/drsedattatar.com\/tr\/estetik-ameliyatlarda-sonucun-oturmasi-neden-zaman-alir\/\" \/>\n<meta property=\"og:site_name\" content=\"\u0130stanbul Estetik, Plastik ve Rekonstr\u00fcktif Cerrahi - Do\u00e7. Dr. Sedat Tatar\" \/>\n<meta property=\"article:published_time\" content=\"2026-03-14T08:54:05+00:00\" \/>\n<meta property=\"article:modified_time\" content=\"2026-03-14T08:55:53+00:00\" \/>\n<meta property=\"og:image\" content=\"https:\/\/drsedattatar.com\/tr\/wp-content\/uploads\/2026\/03\/116-Kapak-TR.png\" \/>\n\t<meta property=\"og:image:width\" content=\"1920\" \/>\n\t<meta property=\"og:image:height\" content=\"1080\" \/>\n\t<meta property=\"og:image:type\" content=\"image\/png\" \/>\n<meta name=\"author\" content=\"Sedat Tatar\" \/>\n<meta name=\"twitter:card\" content=\"summary_large_image\" \/>\n<meta name=\"twitter:label1\" content=\"Yazan:\" \/>\n\t<meta name=\"twitter:data1\" content=\"Sedat Tatar\" \/>\n\t<meta name=\"twitter:label2\" content=\"Tahmini okuma s\u00fcresi\" \/>\n\t<meta name=\"twitter:data2\" content=\"5 dakika\" \/>\n<script type=\"application\/ld+json\" class=\"yoast-schema-graph\">{\"@context\":\"https:\/\/schema.org\",\"@graph\":[{\"@type\":\"Article\",\"@id\":\"https:\/\/drsedattatar.com\/tr\/estetik-ameliyatlarda-sonucun-oturmasi-neden-zaman-alir\/#article\",\"isPartOf\":{\"@id\":\"https:\/\/drsedattatar.com\/tr\/estetik-ameliyatlarda-sonucun-oturmasi-neden-zaman-alir\/\"},\"author\":{\"name\":\"Sedat Tatar\",\"@id\":\"https:\/\/drsedattatar.com\/tr\/#\/schema\/person\/aa22f82cb49cf6b0e8e4c2fdd472308a\"},\"headline\":\"Estetik Ameliyatlarda Sonucun Oturmas\u0131 Neden Zaman Al\u0131r?\",\"datePublished\":\"2026-03-14T08:54:05+00:00\",\"dateModified\":\"2026-03-14T08:55:53+00:00\",\"mainEntityOfPage\":{\"@id\":\"https:\/\/drsedattatar.com\/tr\/estetik-ameliyatlarda-sonucun-oturmasi-neden-zaman-alir\/\"},\"wordCount\":989,\"publisher\":{\"@id\":\"https:\/\/drsedattatar.com\/tr\/#organization\"},\"image\":{\"@id\":\"https:\/\/drsedattatar.com\/tr\/estetik-ameliyatlarda-sonucun-oturmasi-neden-zaman-alir\/#primaryimage\"},\"thumbnailUrl\":\"https:\/\/drsedattatar.com\/tr\/wp-content\/uploads\/2026\/03\/116-Kapak-TR.png\",\"articleSection\":[\"Plastik Cerrahi Blog\"],\"inLanguage\":\"tr\"},{\"@type\":\"WebPage\",\"@id\":\"https:\/\/drsedattatar.com\/tr\/estetik-ameliyatlarda-sonucun-oturmasi-neden-zaman-alir\/\",\"url\":\"https:\/\/drsedattatar.com\/tr\/estetik-ameliyatlarda-sonucun-oturmasi-neden-zaman-alir\/\",\"name\":\"Estetik Ameliyatlarda Sonucun Oturmas\u0131 Neden Zaman Al\u0131r? - \u0130stanbul Estetik, Plastik ve Rekonstr\u00fcktif Cerrahi - Do\u00e7. Dr. Sedat Tatar\",\"isPartOf\":{\"@id\":\"https:\/\/drsedattatar.com\/tr\/#website\"},\"primaryImageOfPage\":{\"@id\":\"https:\/\/drsedattatar.com\/tr\/estetik-ameliyatlarda-sonucun-oturmasi-neden-zaman-alir\/#primaryimage\"},\"image\":{\"@id\":\"https:\/\/drsedattatar.com\/tr\/estetik-ameliyatlarda-sonucun-oturmasi-neden-zaman-alir\/#primaryimage\"},\"thumbnailUrl\":\"https:\/\/drsedattatar.com\/tr\/wp-content\/uploads\/2026\/03\/116-Kapak-TR.png\",\"datePublished\":\"2026-03-14T08:54:05+00:00\",\"dateModified\":\"2026-03-14T08:55:53+00:00\",\"description\":\"Estetik cerrahi sonras\u0131 sonu\u00e7 neden zamanla ortaya \u00e7\u0131kar? \u00d6demin azalmas\u0131, cilt adaptasyonu ve dokular\u0131n iyile\u015fme s\u00fcreci sonucu belirler.\",\"breadcrumb\":{\"@id\":\"https:\/\/drsedattatar.com\/tr\/estetik-ameliyatlarda-sonucun-oturmasi-neden-zaman-alir\/#breadcrumb\"},\"inLanguage\":\"tr\",\"potentialAction\":[{\"@type\":\"ReadAction\",\"target\":[\"https:\/\/drsedattatar.com\/tr\/estetik-ameliyatlarda-sonucun-oturmasi-neden-zaman-alir\/\"]}]},{\"@type\":\"ImageObject\",\"inLanguage\":\"tr\",\"@id\":\"https:\/\/drsedattatar.com\/tr\/estetik-ameliyatlarda-sonucun-oturmasi-neden-zaman-alir\/#primaryimage\",\"url\":\"https:\/\/drsedattatar.com\/tr\/wp-content\/uploads\/2026\/03\/116-Kapak-TR.png\",\"contentUrl\":\"https:\/\/drsedattatar.com\/tr\/wp-content\/uploads\/2026\/03\/116-Kapak-TR.png\",\"width\":1920,\"height\":1080},{\"@type\":\"BreadcrumbList\",\"@id\":\"https:\/\/drsedattatar.com\/tr\/estetik-ameliyatlarda-sonucun-oturmasi-neden-zaman-alir\/#breadcrumb\",\"itemListElement\":[{\"@type\":\"ListItem\",\"position\":1,\"name\":\"Anasayfa\",\"item\":\"https:\/\/drsedattatar.com\/tr\/\"},{\"@type\":\"ListItem\",\"position\":2,\"name\":\"Estetik Ameliyatlarda Sonucun Oturmas\u0131 Neden Zaman Al\u0131r?\"}]},{\"@type\":\"WebSite\",\"@id\":\"https:\/\/drsedattatar.com\/tr\/#website\",\"url\":\"https:\/\/drsedattatar.com\/tr\/\",\"name\":\"\u0130stanbul Estetik, Plastik ve Rekonstr\u00fcktif Cerrahi - Do\u00e7. Dr. Sedat Tatar\",\"description\":\"\u0130stanbul Estetik, Plastik ve Rekonstr\u00fcktif Cerrahi alan\u0131nda deneyimli Do\u00e7. Dr. Sedat Tatar ile hayallerinizi ger\u00e7e\u011fe d\u00f6n\u00fc\u015ft\u00fcr\u00fcn ve kendinizi en iyi \u015fekilde hissedin.\",\"publisher\":{\"@id\":\"https:\/\/drsedattatar.com\/tr\/#organization\"},\"potentialAction\":[{\"@type\":\"SearchAction\",\"target\":{\"@type\":\"EntryPoint\",\"urlTemplate\":\"https:\/\/drsedattatar.com\/tr\/?s={search_term_string}\"},\"query-input\":{\"@type\":\"PropertyValueSpecification\",\"valueRequired\":true,\"valueName\":\"search_term_string\"}}],\"inLanguage\":\"tr\"},{\"@type\":\"Organization\",\"@id\":\"https:\/\/drsedattatar.com\/tr\/#organization\",\"name\":\"\u0130stanbul Estetik, Plastik ve Rekonstr\u00fcktif Cerrahi - Do\u00e7. Dr. Sedat Tatar\",\"url\":\"https:\/\/drsedattatar.com\/tr\/\",\"logo\":{\"@type\":\"ImageObject\",\"inLanguage\":\"tr\",\"@id\":\"https:\/\/drsedattatar.com\/tr\/#\/schema\/logo\/image\/\",\"url\":\"https:\/\/drsedattatar.com\/tr\/wp-content\/uploads\/2023\/06\/cropped-cropped-cropped-dr-sedat-tatar-estetik-plastik-logo.webp\",\"contentUrl\":\"https:\/\/drsedattatar.com\/tr\/wp-content\/uploads\/2023\/06\/cropped-cropped-cropped-dr-sedat-tatar-estetik-plastik-logo.webp\",\"width\":1505,\"height\":602,\"caption\":\"\u0130stanbul Estetik, Plastik ve Rekonstr\u00fcktif Cerrahi - Do\u00e7. Dr. Sedat Tatar\"},\"image\":{\"@id\":\"https:\/\/drsedattatar.com\/tr\/#\/schema\/logo\/image\/\"}},{\"@type\":\"Person\",\"@id\":\"https:\/\/drsedattatar.com\/tr\/#\/schema\/person\/aa22f82cb49cf6b0e8e4c2fdd472308a\",\"name\":\"Sedat Tatar\",\"image\":{\"@type\":\"ImageObject\",\"inLanguage\":\"tr\",\"@id\":\"https:\/\/drsedattatar.com\/tr\/#\/schema\/person\/image\/\",\"url\":\"https:\/\/secure.gravatar.com\/avatar\/dea798d972982cc67ccc601a56275438ae42ec5d4557bb1f2fb426553e72d1a1?s=96&d=mm&r=g\",\"contentUrl\":\"https:\/\/secure.gravatar.com\/avatar\/dea798d972982cc67ccc601a56275438ae42ec5d4557bb1f2fb426553e72d1a1?s=96&d=mm&r=g\",\"caption\":\"Sedat Tatar\"},\"sameAs\":[\"http:\/\/drsedattatar.com\/tr\"],\"url\":\"https:\/\/drsedattatar.com\/tr\/author\/admin\/\"}]}<\/script>\n<!-- \/ Yoast SEO plugin. -->","yoast_head_json":{"title":"Estetik Ameliyatlarda Sonucun Oturmas\u0131 Neden Zaman Al\u0131r? - \u0130stanbul Estetik, Plastik ve Rekonstr\u00fcktif Cerrahi - Do\u00e7. Dr. Sedat Tatar","description":"Estetik cerrahi sonras\u0131 sonu\u00e7 neden zamanla ortaya \u00e7\u0131kar? \u00d6demin azalmas\u0131, cilt adaptasyonu ve dokular\u0131n iyile\u015fme s\u00fcreci sonucu belirler.","robots":{"index":"index","follow":"follow","max-snippet":"max-snippet:-1","max-image-preview":"max-image-preview:large","max-video-preview":"max-video-preview:-1"},"canonical":"https:\/\/drsedattatar.com\/tr\/estetik-ameliyatlarda-sonucun-oturmasi-neden-zaman-alir\/","og_locale":"tr_TR","og_type":"article","og_title":"Estetik Ameliyatlarda Sonucun Oturmas\u0131 Neden Zaman Al\u0131r? - \u0130stanbul Estetik, Plastik ve Rekonstr\u00fcktif Cerrahi - Do\u00e7. Dr. Sedat Tatar","og_description":"Estetik cerrahi sonras\u0131 sonu\u00e7 neden zamanla ortaya \u00e7\u0131kar? \u00d6demin azalmas\u0131, cilt adaptasyonu ve dokular\u0131n iyile\u015fme s\u00fcreci sonucu belirler.","og_url":"https:\/\/drsedattatar.com\/tr\/estetik-ameliyatlarda-sonucun-oturmasi-neden-zaman-alir\/","og_site_name":"\u0130stanbul Estetik, Plastik ve Rekonstr\u00fcktif Cerrahi - Do\u00e7. Dr. Sedat Tatar","article_published_time":"2026-03-14T08:54:05+00:00","article_modified_time":"2026-03-14T08:55:53+00:00","og_image":[{"width":1920,"height":1080,"url":"https:\/\/drsedattatar.com\/tr\/wp-content\/uploads\/2026\/03\/116-Kapak-TR.png","type":"image\/png"}],"author":"Sedat Tatar","twitter_card":"summary_large_image","twitter_misc":{"Yazan:":"Sedat Tatar","Tahmini okuma s\u00fcresi":"5 dakika"},"schema":{"@context":"https:\/\/schema.org","@graph":[{"@type":"Article","@id":"https:\/\/drsedattatar.com\/tr\/estetik-ameliyatlarda-sonucun-oturmasi-neden-zaman-alir\/#article","isPartOf":{"@id":"https:\/\/drsedattatar.com\/tr\/estetik-ameliyatlarda-sonucun-oturmasi-neden-zaman-alir\/"},"author":{"name":"Sedat Tatar","@id":"https:\/\/drsedattatar.com\/tr\/#\/schema\/person\/aa22f82cb49cf6b0e8e4c2fdd472308a"},"headline":"Estetik Ameliyatlarda Sonucun Oturmas\u0131 Neden Zaman Al\u0131r?","datePublished":"2026-03-14T08:54:05+00:00","dateModified":"2026-03-14T08:55:53+00:00","mainEntityOfPage":{"@id":"https:\/\/drsedattatar.com\/tr\/estetik-ameliyatlarda-sonucun-oturmasi-neden-zaman-alir\/"},"wordCount":989,"publisher":{"@id":"https:\/\/drsedattatar.com\/tr\/#organization"},"image":{"@id":"https:\/\/drsedattatar.com\/tr\/estetik-ameliyatlarda-sonucun-oturmasi-neden-zaman-alir\/#primaryimage"},"thumbnailUrl":"https:\/\/drsedattatar.com\/tr\/wp-content\/uploads\/2026\/03\/116-Kapak-TR.png","articleSection":["Plastik Cerrahi Blog"],"inLanguage":"tr"},{"@type":"WebPage","@id":"https:\/\/drsedattatar.com\/tr\/estetik-ameliyatlarda-sonucun-oturmasi-neden-zaman-alir\/","url":"https:\/\/drsedattatar.com\/tr\/estetik-ameliyatlarda-sonucun-oturmasi-neden-zaman-alir\/","name":"Estetik Ameliyatlarda Sonucun Oturmas\u0131 Neden Zaman Al\u0131r? - \u0130stanbul Estetik, Plastik ve Rekonstr\u00fcktif Cerrahi - Do\u00e7. Dr. Sedat Tatar","isPartOf":{"@id":"https:\/\/drsedattatar.com\/tr\/#website"},"primaryImageOfPage":{"@id":"https:\/\/drsedattatar.com\/tr\/estetik-ameliyatlarda-sonucun-oturmasi-neden-zaman-alir\/#primaryimage"},"image":{"@id":"https:\/\/drsedattatar.com\/tr\/estetik-ameliyatlarda-sonucun-oturmasi-neden-zaman-alir\/#primaryimage"},"thumbnailUrl":"https:\/\/drsedattatar.com\/tr\/wp-content\/uploads\/2026\/03\/116-Kapak-TR.png","datePublished":"2026-03-14T08:54:05+00:00","dateModified":"2026-03-14T08:55:53+00:00","description":"Estetik cerrahi sonras\u0131 sonu\u00e7 neden zamanla ortaya \u00e7\u0131kar? \u00d6demin azalmas\u0131, cilt adaptasyonu ve dokular\u0131n iyile\u015fme s\u00fcreci sonucu belirler.","breadcrumb":{"@id":"https:\/\/drsedattatar.com\/tr\/estetik-ameliyatlarda-sonucun-oturmasi-neden-zaman-alir\/#breadcrumb"},"inLanguage":"tr","potentialAction":[{"@type":"ReadAction","target":["https:\/\/drsedattatar.com\/tr\/estetik-ameliyatlarda-sonucun-oturmasi-neden-zaman-alir\/"]}]},{"@type":"ImageObject","inLanguage":"tr","@id":"https:\/\/drsedattatar.com\/tr\/estetik-ameliyatlarda-sonucun-oturmasi-neden-zaman-alir\/#primaryimage","url":"https:\/\/drsedattatar.com\/tr\/wp-content\/uploads\/2026\/03\/116-Kapak-TR.png","contentUrl":"https:\/\/drsedattatar.com\/tr\/wp-content\/uploads\/2026\/03\/116-Kapak-TR.png","width":1920,"height":1080},{"@type":"BreadcrumbList","@id":"https:\/\/drsedattatar.com\/tr\/estetik-ameliyatlarda-sonucun-oturmasi-neden-zaman-alir\/#breadcrumb","itemListElement":[{"@type":"ListItem","position":1,"name":"Anasayfa","item":"https:\/\/drsedattatar.com\/tr\/"},{"@type":"ListItem","position":2,"name":"Estetik Ameliyatlarda Sonucun Oturmas\u0131 Neden Zaman Al\u0131r?"}]},{"@type":"WebSite","@id":"https:\/\/drsedattatar.com\/tr\/#website","url":"https:\/\/drsedattatar.com\/tr\/","name":"\u0130stanbul Estetik, Plastik ve Rekonstr\u00fcktif Cerrahi - Do\u00e7. Dr. Sedat Tatar","description":"\u0130stanbul Estetik, Plastik ve Rekonstr\u00fcktif Cerrahi alan\u0131nda deneyimli Do\u00e7. Dr. Sedat Tatar ile hayallerinizi ger\u00e7e\u011fe d\u00f6n\u00fc\u015ft\u00fcr\u00fcn ve kendinizi en iyi \u015fekilde hissedin.","publisher":{"@id":"https:\/\/drsedattatar.com\/tr\/#organization"},"potentialAction":[{"@type":"SearchAction","target":{"@type":"EntryPoint","urlTemplate":"https:\/\/drsedattatar.com\/tr\/?s={search_term_string}"},"query-input":{"@type":"PropertyValueSpecification","valueRequired":true,"valueName":"search_term_string"}}],"inLanguage":"tr"},{"@type":"Organization","@id":"https:\/\/drsedattatar.com\/tr\/#organization","name":"\u0130stanbul Estetik, Plastik ve Rekonstr\u00fcktif Cerrahi - Do\u00e7. Dr. Sedat Tatar","url":"https:\/\/drsedattatar.com\/tr\/","logo":{"@type":"ImageObject","inLanguage":"tr","@id":"https:\/\/drsedattatar.com\/tr\/#\/schema\/logo\/image\/","url":"https:\/\/drsedattatar.com\/tr\/wp-content\/uploads\/2023\/06\/cropped-cropped-cropped-dr-sedat-tatar-estetik-plastik-logo.webp","contentUrl":"https:\/\/drsedattatar.com\/tr\/wp-content\/uploads\/2023\/06\/cropped-cropped-cropped-dr-sedat-tatar-estetik-plastik-logo.webp","width":1505,"height":602,"caption":"\u0130stanbul Estetik, Plastik ve Rekonstr\u00fcktif Cerrahi - Do\u00e7. Dr. Sedat Tatar"},"image":{"@id":"https:\/\/drsedattatar.com\/tr\/#\/schema\/logo\/image\/"}},{"@type":"Person","@id":"https:\/\/drsedattatar.com\/tr\/#\/schema\/person\/aa22f82cb49cf6b0e8e4c2fdd472308a","name":"Sedat Tatar","image":{"@type":"ImageObject","inLanguage":"tr","@id":"https:\/\/drsedattatar.com\/tr\/#\/schema\/person\/image\/","url":"https:\/\/secure.gravatar.com\/avatar\/dea798d972982cc67ccc601a56275438ae42ec5d4557bb1f2fb426553e72d1a1?s=96&d=mm&r=g","contentUrl":"https:\/\/secure.gravatar.com\/avatar\/dea798d972982cc67ccc601a56275438ae42ec5d4557bb1f2fb426553e72d1a1?s=96&d=mm&r=g","caption":"Sedat Tatar"},"sameAs":["http:\/\/drsedattatar.com\/tr"],"url":"https:\/\/drsedattatar.com\/tr\/author\/admin\/"}]}},"taxonomy_info":{"category":[{"value":14,"label":"Plastik Cerrahi Blog"}]},"featured_image_src_large":["https:\/\/drsedattatar.com\/tr\/wp-content\/uploads\/2026\/03\/116-Kapak-TR-1024x576.png",1024,576,true],"author_info":{"display_name":"Sedat Tatar","author_link":"https:\/\/drsedattatar.com\/tr\/author\/admin\/"},"comment_info":0,"category_info":[{"term_id":14,"name":"Plastik Cerrahi Blog","slug":"plastik-cerrahi-blog","term_group":0,"term_taxonomy_id":14,"taxonomy":"category","description":"","parent":0,"count":155,"filter":"raw","cat_ID":14,"category_count":155,"category_description":"","cat_name":"Plastik Cerrahi Blog","category_nicename":"plastik-cerrahi-blog","category_parent":0}],"tag_info":false,"_links":{"self":[{"href":"https:\/\/drsedattatar.com\/tr\/wp-json\/wp\/v2\/posts\/3279","targetHints":{"allow":["GET"]}}],"collection":[{"href":"https:\/\/drsedattatar.com\/tr\/wp-json\/wp\/v2\/posts"}],"about":[{"href":"https:\/\/drsedattatar.com\/tr\/wp-json\/wp\/v2\/types\/post"}],"author":[{"embeddable":true,"href":"https:\/\/drsedattatar.com\/tr\/wp-json\/wp\/v2\/users\/1"}],"replies":[{"embeddable":true,"href":"https:\/\/drsedattatar.com\/tr\/wp-json\/wp\/v2\/comments?post=3279"}],"version-history":[{"count":1,"href":"https:\/\/drsedattatar.com\/tr\/wp-json\/wp\/v2\/posts\/3279\/revisions"}],"predecessor-version":[{"id":3281,"href":"https:\/\/drsedattatar.com\/tr\/wp-json\/wp\/v2\/posts\/3279\/revisions\/3281"}],"wp:featuredmedia":[{"embeddable":true,"href":"https:\/\/drsedattatar.com\/tr\/wp-json\/wp\/v2\/media\/3280"}],"wp:attachment":[{"href":"https:\/\/drsedattatar.com\/tr\/wp-json\/wp\/v2\/media?parent=3279"}],"wp:term":[{"taxonomy":"category","embeddable":true,"href":"https:\/\/drsedattatar.com\/tr\/wp-json\/wp\/v2\/categories?post=3279"},{"taxonomy":"post_tag","embeddable":true,"href":"https:\/\/drsedattatar.com\/tr\/wp-json\/wp\/v2\/tags?post=3279"}],"curies":[{"name":"wp","href":"https:\/\/api.w.org\/{rel}","templated":true}]}}