{"id":3295,"date":"2026-03-14T10:10:43","date_gmt":"2026-03-14T10:10:43","guid":{"rendered":"https:\/\/drsedattatar.com\/tr\/?p=3295"},"modified":"2026-04-22T07:01:12","modified_gmt":"2026-04-22T07:01:12","slug":"karin-germe-ameliyatinda-iz-yonetimi-kesi-hatti-ve-uzun-vadeli-yara-izi-bakimi","status":"publish","type":"post","link":"https:\/\/drsedattatar.com\/tr\/karin-germe-ameliyatinda-iz-yonetimi-kesi-hatti-ve-uzun-vadeli-yara-izi-bakimi\/","title":{"rendered":"Kar\u0131n Germe Ameliyat\u0131nda \u0130z Y\u00f6netimi: Kesi Hatt\u0131 ve Uzun Vadeli Yara \u0130zi Bak\u0131m\u0131"},"content":{"rendered":"\n<p>Kar\u0131n germe (abdominoplasti) ameliyat\u0131, \u00f6zellikle do\u011fum sonras\u0131 sarkma, kilo kayb\u0131 sonras\u0131 cilt fazlal\u0131\u011f\u0131 ve kas ayr\u0131lmas\u0131 (diastasis recti) gibi durumlarda etkili bir v\u00fccut \u015fekillendirme y\u00f6ntemidir. Ancak bir\u00e7ok hasta i\u00e7in en \u00f6nemli sorulardan biri \u015fudur: <strong>\u201cAmeliyat izi nas\u0131l olacak?\u201d<\/strong><\/p>\n\n\n\n<p>Kar\u0131n germe ameliyat\u0131nda kesi hatt\u0131 planl\u0131 ve kontroll\u00fc bir \u015fekilde olu\u015fturulur. Bu iz tamamen ortadan kalkmaz; ancak do\u011fru teknik, uygun konumland\u0131rma ve uzun vadeli bak\u0131m ile belirginli\u011fi azalt\u0131labilir. \u0130z y\u00f6netimi, yaln\u0131zca ameliyat s\u0131ras\u0131nda de\u011fil, ameliyat sonras\u0131 aylara yay\u0131lan bir s\u00fcreci kapsar.<\/p>\n\n\n\n<h2 class=\"wp-block-heading\"><a><\/a><strong>Kesi Hatt\u0131 Nereye Yerle\u015ftirilir?<\/strong><\/h2>\n\n\n\n<p>Kar\u0131n germe ameliyat\u0131nda kesi hatt\u0131 genellikle alt kar\u0131n b\u00f6lgesine, i\u00e7 \u00e7ama\u015f\u0131r\u0131 veya bikini \u00e7izgisi i\u00e7inde kalacak \u015fekilde planlan\u0131r. Ama\u00e7, izlerin g\u00fcnl\u00fck ya\u015famda g\u00f6r\u00fcn\u00fcrl\u00fc\u011f\u00fcn\u00fc minimumda tutmakt\u0131r. Kesi hatt\u0131n\u0131n uzunlu\u011fu ise yap\u0131lacak i\u015flemin kapsam\u0131na ba\u011fl\u0131d\u0131r. Mini kar\u0131n germede daha k\u0131sa bir kesi yeterli olabilirken, tam kar\u0131n germe veya 360 derece kar\u0131n germe operasyonlar\u0131nda kesi daha geni\u015f olabilir.<\/p>\n\n\n\n<p>Kesi planlamas\u0131 yap\u0131l\u0131rken \u015fu fakt\u00f6rler de\u011ferlendirilir:<\/p>\n\n\n\n<ul class=\"wp-block-list\">\n<li>Cilt fazlal\u0131\u011f\u0131n\u0131n miktar\u0131<\/li>\n\n\n\n<li>G\u00f6bek deli\u011finin konumu<\/li>\n\n\n\n<li>\u00d6nceki ameliyat izleri<\/li>\n<\/ul>\n\n\n\n<p>Cerrah\u0131n amac\u0131 yaln\u0131zca fazla cildi \u00e7\u0131karmak de\u011fil; ayn\u0131 zamanda izlerin m\u00fcmk\u00fcn oldu\u011funca estetik bir hatta yerle\u015fmesini sa\u011flamakt\u0131r. Bu nedenle kesi tasar\u0131m\u0131 ameliyat\u0131n en kritik a\u015famalar\u0131ndan biridir.<\/p>\n\n\n\n<h2 class=\"wp-block-heading\"><a><\/a><strong>Yara \u0130zi Nas\u0131l \u0130yile\u015fir?<\/strong><\/h2>\n\n\n\n<p>Ameliyat sonras\u0131 yara iyile\u015fmesi \u00fc\u00e7 temel a\u015famada ilerler: inflamasyon, proliferasyon ve yeniden yap\u0131lanma. \u0130lk haftalarda kesi hatt\u0131 pembe veya k\u0131rm\u0131z\u0131 g\u00f6r\u00fcnebilir. Bu, dokunun aktif iyile\u015fme s\u00fcrecinin bir par\u00e7as\u0131d\u0131r. Zamanla bu renk solukla\u015f\u0131r ve iz daha ince bir \u00e7izgi h\u00e2line gelir.<\/p>\n\n\n\n<p>\u0130z g\u00f6r\u00fcn\u00fcm\u00fcn\u00fc etkileyen fakt\u00f6rler \u015funlard\u0131r:<\/p>\n\n\n\n<ul class=\"wp-block-list\">\n<li>Cilt tipi ve genetik yatk\u0131nl\u0131k<\/li>\n\n\n\n<li>Sigara kullan\u0131m\u0131<\/li>\n\n\n\n<li>Enfeksiyon geli\u015fimi<\/li>\n\n\n\n<li>G\u00fcne\u015f maruziyeti<\/li>\n\n\n\n<li>Kilo dalgalanmalar\u0131<\/li>\n<\/ul>\n\n\n\n<p>Baz\u0131 bireylerde yara izi daha belirgin kalabilirken, baz\u0131 ki\u015filerde olduk\u00e7a ince bir \u00e7izgi \u015feklinde iyile\u015fir. Bu farkl\u0131l\u0131k b\u00fcy\u00fck \u00f6l\u00e7\u00fcde biyolojik iyile\u015fme kapasitesine ba\u011fl\u0131d\u0131r.<\/p>\n\n\n\n<h2 class=\"wp-block-heading\"><a><\/a><strong>Ameliyat Sonras\u0131 Erken D\u00f6nem Bak\u0131m<\/strong><\/h2>\n\n\n\n<p>Kar\u0131n germe sonras\u0131 ilk haftalarda kesi hatt\u0131n\u0131n korunmas\u0131 son derece \u00f6nemlidir. Bu d\u00f6nemde:<\/p>\n\n\n\n<ul class=\"wp-block-list\">\n<li>Pansuman talimatlar\u0131na uymak<\/li>\n\n\n\n<li>Kesi hatt\u0131n\u0131 temiz ve kuru tutmak<\/li>\n\n\n\n<li>Gerilim olu\u015fturan ani hareketlerden ka\u00e7\u0131nmak<\/li>\n\n\n\n<li>\u00d6nerilen korseleri d\u00fczenli kullanmak<\/li>\n<\/ul>\n\n\n\n<p>iyile\u015fme kalitesini do\u011frudan etkiler.<\/p>\n\n\n\n<p>Korse kullan\u0131m\u0131 yaln\u0131zca \u00f6dem kontrol\u00fc i\u00e7in de\u011fil; kesi hatt\u0131 \u00fczerindeki mekanik gerilimi azaltmak i\u00e7in de \u00f6nemlidir. Gerilimin az oldu\u011fu yaralar genellikle daha ince iz b\u0131rak\u0131r.<\/p>\n\n\n\n<h2 class=\"wp-block-heading\"><a><\/a><strong>Uzun Vadeli Yara \u0130zi Bak\u0131m\u0131<\/strong><\/h2>\n\n\n\n<p>Yara izinin olgunla\u015fma s\u00fcreci aylar s\u00fcrer. Genellikle 6\u201312 ay i\u00e7inde iz rengi a\u00e7\u0131l\u0131r ve dokusu yumu\u015far. Bu s\u00fcre\u00e7te iz bak\u0131m\u0131na devam etmek gerekir.<\/p>\n\n\n\n<p>Uzun vadede \u00f6nerilebilecek uygulamalar:<\/p>\n\n\n\n<ul class=\"wp-block-list\">\n<li>Silikon bazl\u0131 jel veya bantlar<\/li>\n\n\n\n<li>G\u00fcne\u015ften korunma (y\u00fcksek SPF)<\/li>\n\n\n\n<li>Nazik masaj uygulamalar\u0131<\/li>\n\n\n\n<li>Hekim \u00f6nerisiyle lazer veya destekleyici tedaviler<\/li>\n<\/ul>\n\n\n\n<p>G\u00fcne\u015f \u0131\u015f\u0131\u011f\u0131, erken d\u00f6nemde izlerin koyula\u015fmas\u0131na neden olabilir. Bu nedenle \u00f6zellikle ilk y\u0131l g\u00fcne\u015f korumas\u0131 \u00f6nemlidir.<\/p>\n\n\n\n<h2 class=\"wp-block-heading\"><a><\/a><strong>\u0130z Tamamen Kaybolur mu?<\/strong><\/h2>\n\n\n\n<p>Kar\u0131n germe ameliyat\u0131 sonras\u0131 olu\u015fan iz tamamen yok olmaz. Ancak do\u011fru cerrahi teknik ve d\u00fczenli bak\u0131m ile ince, soluk ve zamanla fark edilmesi zor bir \u00e7izgi h\u00e2line gelebilir.<\/p>\n\n\n\n<p>Burada \u00f6nemli olan beklentinin ger\u00e7ek\u00e7i olmas\u0131d\u0131r. \u0130z, ameliyat\u0131n do\u011fal bir par\u00e7as\u0131d\u0131r; ancak genellikle hastalar i\u00e7in sark\u0131k ve gev\u015fek bir kar\u0131n g\u00f6r\u00fcn\u00fcm\u00fcnden \u00e7ok daha kabul edilebilir bir de\u011fi\u015fim anlam\u0131na gelir.<\/p>\n\n\n\n<h2 class=\"wp-block-heading\"><a><\/a><strong>\u0130z Y\u00f6netiminde Sab\u0131r ve Takip<\/strong><\/h2>\n\n\n\n<p>Yara izi olgunla\u015fmas\u0131 zaman alan bir s\u00fcre\u00e7tir. \u0130lk aylarda belirgin g\u00f6r\u00fcnen iz, genellikle 6. aydan sonra belirgin \u015fekilde yumu\u015far ve rengi a\u00e7\u0131l\u0131r. Bu s\u00fcre\u00e7te d\u00fczenli takip ve gerekti\u011finde destekleyici uygulamalar planlanabilir.<\/p>\n\n\n\n<p>\u0130z y\u00f6netimi, ameliyat\u0131n estetik sonucunun bir par\u00e7as\u0131d\u0131r. Bu nedenle kesi planlamas\u0131 kadar ameliyat sonras\u0131 bak\u0131m da \u00f6nem ta\u015f\u0131r.<\/p>\n\n\n\n<h2 class=\"wp-block-heading\"><a><\/a><strong>Daha Dengeli Bir \u0130yile\u015fme S\u00fcreci \u0130\u00e7in<\/strong><\/h2>\n\n\n\n<p>Kar\u0131n germe ameliyat\u0131nda iz ka\u00e7\u0131n\u0131lmazd\u0131r; ancak do\u011fru planlama ve uzun vadeli bak\u0131m ile belirginli\u011fi azalt\u0131labilir. Kesi hatt\u0131n\u0131n konumu, cerrahi teknik, bireysel iyile\u015fme kapasitesi ve hastan\u0131n bak\u0131m s\u00fcrecine uyumu, nihai g\u00f6r\u00fcn\u00fcm\u00fc belirler.<\/p>\n\n\n\n<p>\u0130z y\u00f6netimi bir s\u00fcre\u00e7tir ve sab\u0131r gerektirir. D\u00fczenli kontrol ve do\u011fru bak\u0131m ile zaman i\u00e7inde daha yumu\u015fak ve estetik bir iyile\u015fme elde edilebilir.<\/p>\n\n\n\n<p><strong>Hekim Bilgisi<\/strong><\/p>\n\n\n\n<p id=\"block-a7476fa1-5aba-49b7-811f-cdbc4833f823\"><strong>Do\u00e7. Dr. Sedat Tatar<\/strong>, iki ayr\u0131 uluslararas\u0131 kurul taraf\u0131ndan sertifikaland\u0131r\u0131lm\u0131\u015f (Double Board Certified) Plastik, Rekonstr\u00fcktif ve Estetik Cerrahi uzman\u0131d\u0131r. <strong>American College of Surgeons Fellow (FACS)<\/strong> ve <strong>European Board of Plastic, Reconstructive and Aesthetic Surgery Fellow (FEBOPRAS)<\/strong> unvanlar\u0131na sahiptir.<\/p>\n\n\n\n<p id=\"block-b4169953-a4b6-437c-9fbd-abc2bc8abbee\">Uluslararas\u0131 profesyonel \u00fcyelikleri aras\u0131nda <strong>ISAPS (International Society of Aesthetic Plastic Surgery)<\/strong> ve <strong>ASPS (American Society of Plastic Surgeons)<\/strong> bulunmaktad\u0131r.<\/p>\n\n\n\n<p id=\"block-c2e51c4f-149d-4f50-a30b-37984cd59e30\">Klini\u011fi \u0130stanbul\u2019da <strong>T\u00fcrkiye Sa\u011fl\u0131k Bakanl\u0131\u011f\u0131 taraf\u0131ndan Sa\u011fl\u0131k Turizmi Merkezi olarak yetkilidir<\/strong> ve \u015firketi <strong>Birle\u015fik Krall\u0131k &amp; Galler&#8217;e kay\u0131tl\u0131d\u0131r.<\/strong><\/p>\n\n\n\n<p id=\"block-a1e9e51a-ae8b-4912-bcf7-569957645885\"><strong>\u0130LET\u0130\u015e\u0130M B\u0130LG\u0130LER\u0130<\/strong><\/p>\n\n\n\n<p id=\"block-35aa5dd5-2dbb-4b8a-a0d0-0568699cd5a2\"><strong>Do\u00e7. Dr. Sedar Tatar Klini\u011fi<\/strong><\/p>\n\n\n\n<p id=\"block-f8c5b5c0-0128-4552-9f9c-0cb3388dc884\"><strong>Telefon No :&nbsp;<\/strong><a href=\"tel:+90%20(555)%20100%2010%2083\">+90 (555) 100 10 83<\/a><br><strong>\u0130leti\u015fim Linki :&nbsp;<\/strong><a href=\"mailto:info@drsedattatar.com\">info@drsedattatar.com<\/a><br><strong>Adres :&nbsp;<\/strong>Levent Mahallesi, Karanfil Aral\u0131\u011f\u0131 Caddesi No: 18 Be\u015fikta\u015f\/\u0130STANBUL<\/p>\n\n\n<div class=\"kk-star-ratings kksr-auto kksr-align-center kksr-valign-bottom\"\n    data-payload='{&quot;align&quot;:&quot;center&quot;,&quot;id&quot;:&quot;3295&quot;,&quot;slug&quot;:&quot;default&quot;,&quot;valign&quot;:&quot;bottom&quot;,&quot;ignore&quot;:&quot;&quot;,&quot;reference&quot;:&quot;auto&quot;,&quot;class&quot;:&quot;&quot;,&quot;count&quot;:&quot;0&quot;,&quot;legendonly&quot;:&quot;&quot;,&quot;readonly&quot;:&quot;&quot;,&quot;score&quot;:&quot;0&quot;,&quot;starsonly&quot;:&quot;&quot;,&quot;best&quot;:&quot;5&quot;,&quot;gap&quot;:&quot;5&quot;,&quot;greet&quot;:&quot;\u0130\u00e7eri\u011fimizi Oylay\u0131n!&quot;,&quot;legend&quot;:&quot;0\\\/5 - (0 oy verildi!)&quot;,&quot;size&quot;:&quot;24&quot;,&quot;title&quot;:&quot;Kar\u0131n Germe Ameliyat\u0131nda \u0130z Y\u00f6netimi: Kesi Hatt\u0131 ve Uzun Vadeli Yara \u0130zi Bak\u0131m\u0131&quot;,&quot;width&quot;:&quot;0&quot;,&quot;_legend&quot;:&quot;{score}\\\/{best} - ({count} oy verildi!)&quot;,&quot;font_factor&quot;:&quot;1.25&quot;}'>\n            \n<div class=\"kksr-stars\">\n    \n<div class=\"kksr-stars-inactive\">\n            <div class=\"kksr-star\" data-star=\"1\" style=\"padding-right: 5px\">\n            \n\n<div class=\"kksr-icon\" style=\"width: 24px; height: 24px;\"><\/div>\n        <\/div>\n            <div class=\"kksr-star\" data-star=\"2\" style=\"padding-right: 5px\">\n            \n\n<div class=\"kksr-icon\" style=\"width: 24px; height: 24px;\"><\/div>\n        <\/div>\n            <div class=\"kksr-star\" data-star=\"3\" style=\"padding-right: 5px\">\n            \n\n<div class=\"kksr-icon\" style=\"width: 24px; height: 24px;\"><\/div>\n        <\/div>\n            <div class=\"kksr-star\" data-star=\"4\" style=\"padding-right: 5px\">\n            \n\n<div class=\"kksr-icon\" style=\"width: 24px; height: 24px;\"><\/div>\n        <\/div>\n            <div class=\"kksr-star\" data-star=\"5\" style=\"padding-right: 5px\">\n            \n\n<div class=\"kksr-icon\" style=\"width: 24px; height: 24px;\"><\/div>\n        <\/div>\n    <\/div>\n    \n<div class=\"kksr-stars-active\" style=\"width: 0px;\">\n            <div class=\"kksr-star\" style=\"padding-right: 5px\">\n            \n\n<div class=\"kksr-icon\" style=\"width: 24px; height: 24px;\"><\/div>\n        <\/div>\n            <div class=\"kksr-star\" style=\"padding-right: 5px\">\n            \n\n<div class=\"kksr-icon\" style=\"width: 24px; height: 24px;\"><\/div>\n        <\/div>\n            <div class=\"kksr-star\" style=\"padding-right: 5px\">\n            \n\n<div class=\"kksr-icon\" style=\"width: 24px; height: 24px;\"><\/div>\n        <\/div>\n            <div class=\"kksr-star\" style=\"padding-right: 5px\">\n            \n\n<div class=\"kksr-icon\" style=\"width: 24px; height: 24px;\"><\/div>\n        <\/div>\n            <div class=\"kksr-star\" style=\"padding-right: 5px\">\n            \n\n<div class=\"kksr-icon\" style=\"width: 24px; height: 24px;\"><\/div>\n        <\/div>\n    <\/div>\n<\/div>\n                \n\n<div class=\"kksr-legend\" style=\"font-size: 19.2px;\">\n            <span class=\"kksr-muted\">\u0130\u00e7eri\u011fimizi Oylay\u0131n!<\/span>\n    <\/div>\n    <\/div>\n","protected":false},"excerpt":{"rendered":"<p>Kar\u0131n germe (abdominoplasti) ameliyat\u0131, \u00f6zellikle do\u011fum sonras\u0131 sarkma, kilo kayb\u0131 sonras\u0131 cilt fazlal\u0131\u011f\u0131 ve kas ayr\u0131lmas\u0131 (diastasis recti) gibi durumlarda etkili bir v\u00fccut \u015fekillendirme y\u00f6ntemidir. Ancak bir\u00e7ok hasta i\u00e7in en \u00f6nemli sorulardan biri \u015fudur: \u201cAmeliyat izi nas\u0131l olacak?\u201d Kar\u0131n germe ameliyat\u0131nda kesi hatt\u0131 planl\u0131 ve kontroll\u00fc bir \u015fekilde olu\u015fturulur. Bu iz tamamen ortadan kalkmaz; ancak do\u011fru teknik, uygun konumland\u0131rma ve uzun vadeli bak\u0131m ile belirginli\u011fi azalt\u0131labilir. \u0130z y\u00f6netimi, yaln\u0131zca ameliyat s\u0131ras\u0131nda de\u011fil, ameliyat sonras\u0131 aylara yay\u0131lan bir s\u00fcreci kapsar.<\/p>\n","protected":false},"author":1,"featured_media":3299,"comment_status":"closed","ping_status":"open","sticky":false,"template":"","format":"standard","meta":{"_kad_blocks_custom_css":"","_kad_blocks_head_custom_js":"","_kad_blocks_body_custom_js":"","_kad_blocks_footer_custom_js":"","_kadence_starter_templates_imported_post":false,"_kad_post_transparent":"","_kad_post_title":"","_kad_post_layout":"","_kad_post_sidebar_id":"","_kad_post_content_style":"","_kad_post_vertical_padding":"","_kad_post_feature":"","_kad_post_feature_position":"","_kad_post_header":false,"_kad_post_footer":false,"footnotes":""},"categories":[14],"tags":[],"class_list":["post-3295","post","type-post","status-publish","format-standard","has-post-thumbnail","hentry","category-plastik-cerrahi-blog"],"yoast_head":"<!-- This site is optimized with the Yoast SEO plugin v25.9 - https:\/\/yoast.com\/wordpress\/plugins\/seo\/ -->\n<title>Kar\u0131n Germe Ameliyat\u0131nda \u0130z Y\u00f6netimi: Kesi Hatt\u0131 ve Uzun Vadeli Yara \u0130zi Bak\u0131m\u0131 - \u0130stanbul Estetik, Plastik ve Rekonstr\u00fcktif Cerrahi - Do\u00e7. Dr. Sedat Tatar<\/title>\n<meta name=\"description\" content=\"Kar\u0131n germe ameliyat\u0131nda kesi hatt\u0131 nas\u0131l planlan\u0131r ve yara izi zamanla nas\u0131l iyile\u015fir? \u0130z y\u00f6netimi ve uzun vadeli bak\u0131m s\u00fcreci hakk\u0131nda temel bilgiler.\" \/>\n<meta name=\"robots\" content=\"index, follow, max-snippet:-1, max-image-preview:large, max-video-preview:-1\" \/>\n<link rel=\"canonical\" href=\"https:\/\/drsedattatar.com\/tr\/karin-germe-ameliyatinda-iz-yonetimi-kesi-hatti-ve-uzun-vadeli-yara-izi-bakimi\/\" \/>\n<meta property=\"og:locale\" content=\"tr_TR\" \/>\n<meta property=\"og:type\" content=\"article\" \/>\n<meta property=\"og:title\" content=\"Kar\u0131n Germe Ameliyat\u0131nda \u0130z Y\u00f6netimi: Kesi Hatt\u0131 ve Uzun Vadeli Yara \u0130zi Bak\u0131m\u0131 - \u0130stanbul Estetik, Plastik ve Rekonstr\u00fcktif Cerrahi - Do\u00e7. Dr. Sedat Tatar\" \/>\n<meta property=\"og:description\" content=\"Kar\u0131n germe ameliyat\u0131nda kesi hatt\u0131 nas\u0131l planlan\u0131r ve yara izi zamanla nas\u0131l iyile\u015fir? \u0130z y\u00f6netimi ve uzun vadeli bak\u0131m s\u00fcreci hakk\u0131nda temel bilgiler.\" \/>\n<meta property=\"og:url\" content=\"https:\/\/drsedattatar.com\/tr\/karin-germe-ameliyatinda-iz-yonetimi-kesi-hatti-ve-uzun-vadeli-yara-izi-bakimi\/\" \/>\n<meta property=\"og:site_name\" content=\"\u0130stanbul Estetik, Plastik ve Rekonstr\u00fcktif Cerrahi - Do\u00e7. Dr. Sedat Tatar\" \/>\n<meta property=\"article:published_time\" content=\"2026-03-14T10:10:43+00:00\" \/>\n<meta property=\"article:modified_time\" content=\"2026-04-22T07:01:12+00:00\" \/>\n<meta property=\"og:image\" content=\"https:\/\/drsedattatar.com\/tr\/wp-content\/uploads\/2026\/03\/120-Kapak-TR-1024x576.png\" \/>\n\t<meta property=\"og:image:width\" content=\"1024\" \/>\n\t<meta property=\"og:image:height\" content=\"576\" \/>\n\t<meta property=\"og:image:type\" content=\"image\/png\" \/>\n<meta name=\"author\" content=\"Sedat Tatar\" \/>\n<meta name=\"twitter:card\" content=\"summary_large_image\" \/>\n<meta name=\"twitter:label1\" content=\"Yazan:\" \/>\n\t<meta name=\"twitter:data1\" content=\"Sedat Tatar\" \/>\n\t<meta name=\"twitter:label2\" content=\"Tahmini okuma s\u00fcresi\" \/>\n\t<meta name=\"twitter:data2\" content=\"5 dakika\" \/>\n<script type=\"application\/ld+json\" class=\"yoast-schema-graph\">{\"@context\":\"https:\/\/schema.org\",\"@graph\":[{\"@type\":\"Article\",\"@id\":\"https:\/\/drsedattatar.com\/tr\/karin-germe-ameliyatinda-iz-yonetimi-kesi-hatti-ve-uzun-vadeli-yara-izi-bakimi\/#article\",\"isPartOf\":{\"@id\":\"https:\/\/drsedattatar.com\/tr\/karin-germe-ameliyatinda-iz-yonetimi-kesi-hatti-ve-uzun-vadeli-yara-izi-bakimi\/\"},\"author\":{\"name\":\"Sedat Tatar\",\"@id\":\"https:\/\/drsedattatar.com\/tr\/#\/schema\/person\/aa22f82cb49cf6b0e8e4c2fdd472308a\"},\"headline\":\"Kar\u0131n Germe Ameliyat\u0131nda \u0130z Y\u00f6netimi: Kesi Hatt\u0131 ve Uzun Vadeli Yara \u0130zi Bak\u0131m\u0131\",\"datePublished\":\"2026-03-14T10:10:43+00:00\",\"dateModified\":\"2026-04-22T07:01:12+00:00\",\"mainEntityOfPage\":{\"@id\":\"https:\/\/drsedattatar.com\/tr\/karin-germe-ameliyatinda-iz-yonetimi-kesi-hatti-ve-uzun-vadeli-yara-izi-bakimi\/\"},\"wordCount\":945,\"publisher\":{\"@id\":\"https:\/\/drsedattatar.com\/tr\/#organization\"},\"image\":{\"@id\":\"https:\/\/drsedattatar.com\/tr\/karin-germe-ameliyatinda-iz-yonetimi-kesi-hatti-ve-uzun-vadeli-yara-izi-bakimi\/#primaryimage\"},\"thumbnailUrl\":\"https:\/\/drsedattatar.com\/tr\/wp-content\/uploads\/2026\/03\/120-Kapak-TR.png\",\"articleSection\":[\"Plastik Cerrahi Blog\"],\"inLanguage\":\"tr\"},{\"@type\":\"WebPage\",\"@id\":\"https:\/\/drsedattatar.com\/tr\/karin-germe-ameliyatinda-iz-yonetimi-kesi-hatti-ve-uzun-vadeli-yara-izi-bakimi\/\",\"url\":\"https:\/\/drsedattatar.com\/tr\/karin-germe-ameliyatinda-iz-yonetimi-kesi-hatti-ve-uzun-vadeli-yara-izi-bakimi\/\",\"name\":\"Kar\u0131n Germe Ameliyat\u0131nda \u0130z Y\u00f6netimi: Kesi Hatt\u0131 ve Uzun Vadeli Yara \u0130zi Bak\u0131m\u0131 - \u0130stanbul Estetik, Plastik ve Rekonstr\u00fcktif Cerrahi - Do\u00e7. Dr. Sedat Tatar\",\"isPartOf\":{\"@id\":\"https:\/\/drsedattatar.com\/tr\/#website\"},\"primaryImageOfPage\":{\"@id\":\"https:\/\/drsedattatar.com\/tr\/karin-germe-ameliyatinda-iz-yonetimi-kesi-hatti-ve-uzun-vadeli-yara-izi-bakimi\/#primaryimage\"},\"image\":{\"@id\":\"https:\/\/drsedattatar.com\/tr\/karin-germe-ameliyatinda-iz-yonetimi-kesi-hatti-ve-uzun-vadeli-yara-izi-bakimi\/#primaryimage\"},\"thumbnailUrl\":\"https:\/\/drsedattatar.com\/tr\/wp-content\/uploads\/2026\/03\/120-Kapak-TR.png\",\"datePublished\":\"2026-03-14T10:10:43+00:00\",\"dateModified\":\"2026-04-22T07:01:12+00:00\",\"description\":\"Kar\u0131n germe ameliyat\u0131nda kesi hatt\u0131 nas\u0131l planlan\u0131r ve yara izi zamanla nas\u0131l iyile\u015fir? \u0130z y\u00f6netimi ve uzun vadeli bak\u0131m s\u00fcreci hakk\u0131nda temel bilgiler.\",\"breadcrumb\":{\"@id\":\"https:\/\/drsedattatar.com\/tr\/karin-germe-ameliyatinda-iz-yonetimi-kesi-hatti-ve-uzun-vadeli-yara-izi-bakimi\/#breadcrumb\"},\"inLanguage\":\"tr\",\"potentialAction\":[{\"@type\":\"ReadAction\",\"target\":[\"https:\/\/drsedattatar.com\/tr\/karin-germe-ameliyatinda-iz-yonetimi-kesi-hatti-ve-uzun-vadeli-yara-izi-bakimi\/\"]}]},{\"@type\":\"ImageObject\",\"inLanguage\":\"tr\",\"@id\":\"https:\/\/drsedattatar.com\/tr\/karin-germe-ameliyatinda-iz-yonetimi-kesi-hatti-ve-uzun-vadeli-yara-izi-bakimi\/#primaryimage\",\"url\":\"https:\/\/drsedattatar.com\/tr\/wp-content\/uploads\/2026\/03\/120-Kapak-TR.png\",\"contentUrl\":\"https:\/\/drsedattatar.com\/tr\/wp-content\/uploads\/2026\/03\/120-Kapak-TR.png\",\"width\":1920,\"height\":1080},{\"@type\":\"BreadcrumbList\",\"@id\":\"https:\/\/drsedattatar.com\/tr\/karin-germe-ameliyatinda-iz-yonetimi-kesi-hatti-ve-uzun-vadeli-yara-izi-bakimi\/#breadcrumb\",\"itemListElement\":[{\"@type\":\"ListItem\",\"position\":1,\"name\":\"Anasayfa\",\"item\":\"https:\/\/drsedattatar.com\/tr\/\"},{\"@type\":\"ListItem\",\"position\":2,\"name\":\"Kar\u0131n Germe Ameliyat\u0131nda \u0130z Y\u00f6netimi: Kesi Hatt\u0131 ve Uzun Vadeli Yara \u0130zi Bak\u0131m\u0131\"}]},{\"@type\":\"WebSite\",\"@id\":\"https:\/\/drsedattatar.com\/tr\/#website\",\"url\":\"https:\/\/drsedattatar.com\/tr\/\",\"name\":\"\u0130stanbul Estetik, Plastik ve Rekonstr\u00fcktif Cerrahi - Do\u00e7. Dr. Sedat Tatar\",\"description\":\"\u0130stanbul Estetik, Plastik ve Rekonstr\u00fcktif Cerrahi alan\u0131nda deneyimli Do\u00e7. Dr. Sedat Tatar ile hayallerinizi ger\u00e7e\u011fe d\u00f6n\u00fc\u015ft\u00fcr\u00fcn ve kendinizi en iyi \u015fekilde hissedin.\",\"publisher\":{\"@id\":\"https:\/\/drsedattatar.com\/tr\/#organization\"},\"potentialAction\":[{\"@type\":\"SearchAction\",\"target\":{\"@type\":\"EntryPoint\",\"urlTemplate\":\"https:\/\/drsedattatar.com\/tr\/?s={search_term_string}\"},\"query-input\":{\"@type\":\"PropertyValueSpecification\",\"valueRequired\":true,\"valueName\":\"search_term_string\"}}],\"inLanguage\":\"tr\"},{\"@type\":\"Organization\",\"@id\":\"https:\/\/drsedattatar.com\/tr\/#organization\",\"name\":\"\u0130stanbul Estetik, Plastik ve Rekonstr\u00fcktif Cerrahi - Do\u00e7. Dr. Sedat Tatar\",\"url\":\"https:\/\/drsedattatar.com\/tr\/\",\"logo\":{\"@type\":\"ImageObject\",\"inLanguage\":\"tr\",\"@id\":\"https:\/\/drsedattatar.com\/tr\/#\/schema\/logo\/image\/\",\"url\":\"https:\/\/drsedattatar.com\/tr\/wp-content\/uploads\/2023\/06\/cropped-cropped-cropped-dr-sedat-tatar-estetik-plastik-logo.webp\",\"contentUrl\":\"https:\/\/drsedattatar.com\/tr\/wp-content\/uploads\/2023\/06\/cropped-cropped-cropped-dr-sedat-tatar-estetik-plastik-logo.webp\",\"width\":1505,\"height\":602,\"caption\":\"\u0130stanbul Estetik, Plastik ve Rekonstr\u00fcktif Cerrahi - Do\u00e7. Dr. Sedat Tatar\"},\"image\":{\"@id\":\"https:\/\/drsedattatar.com\/tr\/#\/schema\/logo\/image\/\"}},{\"@type\":\"Person\",\"@id\":\"https:\/\/drsedattatar.com\/tr\/#\/schema\/person\/aa22f82cb49cf6b0e8e4c2fdd472308a\",\"name\":\"Sedat Tatar\",\"image\":{\"@type\":\"ImageObject\",\"inLanguage\":\"tr\",\"@id\":\"https:\/\/drsedattatar.com\/tr\/#\/schema\/person\/image\/\",\"url\":\"https:\/\/secure.gravatar.com\/avatar\/dea798d972982cc67ccc601a56275438ae42ec5d4557bb1f2fb426553e72d1a1?s=96&d=mm&r=g\",\"contentUrl\":\"https:\/\/secure.gravatar.com\/avatar\/dea798d972982cc67ccc601a56275438ae42ec5d4557bb1f2fb426553e72d1a1?s=96&d=mm&r=g\",\"caption\":\"Sedat Tatar\"},\"sameAs\":[\"http:\/\/drsedattatar.com\/tr\"],\"url\":\"https:\/\/drsedattatar.com\/tr\/author\/admin\/\"}]}<\/script>\n<!-- \/ Yoast SEO plugin. -->","yoast_head_json":{"title":"Kar\u0131n Germe Ameliyat\u0131nda \u0130z Y\u00f6netimi: Kesi Hatt\u0131 ve Uzun Vadeli Yara \u0130zi Bak\u0131m\u0131 - \u0130stanbul Estetik, Plastik ve Rekonstr\u00fcktif Cerrahi - Do\u00e7. Dr. Sedat Tatar","description":"Kar\u0131n germe ameliyat\u0131nda kesi hatt\u0131 nas\u0131l planlan\u0131r ve yara izi zamanla nas\u0131l iyile\u015fir? \u0130z y\u00f6netimi ve uzun vadeli bak\u0131m s\u00fcreci hakk\u0131nda temel bilgiler.","robots":{"index":"index","follow":"follow","max-snippet":"max-snippet:-1","max-image-preview":"max-image-preview:large","max-video-preview":"max-video-preview:-1"},"canonical":"https:\/\/drsedattatar.com\/tr\/karin-germe-ameliyatinda-iz-yonetimi-kesi-hatti-ve-uzun-vadeli-yara-izi-bakimi\/","og_locale":"tr_TR","og_type":"article","og_title":"Kar\u0131n Germe Ameliyat\u0131nda \u0130z Y\u00f6netimi: Kesi Hatt\u0131 ve Uzun Vadeli Yara \u0130zi Bak\u0131m\u0131 - \u0130stanbul Estetik, Plastik ve Rekonstr\u00fcktif Cerrahi - Do\u00e7. Dr. Sedat Tatar","og_description":"Kar\u0131n germe ameliyat\u0131nda kesi hatt\u0131 nas\u0131l planlan\u0131r ve yara izi zamanla nas\u0131l iyile\u015fir? \u0130z y\u00f6netimi ve uzun vadeli bak\u0131m s\u00fcreci hakk\u0131nda temel bilgiler.","og_url":"https:\/\/drsedattatar.com\/tr\/karin-germe-ameliyatinda-iz-yonetimi-kesi-hatti-ve-uzun-vadeli-yara-izi-bakimi\/","og_site_name":"\u0130stanbul Estetik, Plastik ve Rekonstr\u00fcktif Cerrahi - Do\u00e7. Dr. Sedat Tatar","article_published_time":"2026-03-14T10:10:43+00:00","article_modified_time":"2026-04-22T07:01:12+00:00","og_image":[{"width":1024,"height":576,"url":"https:\/\/drsedattatar.com\/tr\/wp-content\/uploads\/2026\/03\/120-Kapak-TR-1024x576.png","type":"image\/png"}],"author":"Sedat Tatar","twitter_card":"summary_large_image","twitter_misc":{"Yazan:":"Sedat Tatar","Tahmini okuma s\u00fcresi":"5 dakika"},"schema":{"@context":"https:\/\/schema.org","@graph":[{"@type":"Article","@id":"https:\/\/drsedattatar.com\/tr\/karin-germe-ameliyatinda-iz-yonetimi-kesi-hatti-ve-uzun-vadeli-yara-izi-bakimi\/#article","isPartOf":{"@id":"https:\/\/drsedattatar.com\/tr\/karin-germe-ameliyatinda-iz-yonetimi-kesi-hatti-ve-uzun-vadeli-yara-izi-bakimi\/"},"author":{"name":"Sedat Tatar","@id":"https:\/\/drsedattatar.com\/tr\/#\/schema\/person\/aa22f82cb49cf6b0e8e4c2fdd472308a"},"headline":"Kar\u0131n Germe Ameliyat\u0131nda \u0130z Y\u00f6netimi: Kesi Hatt\u0131 ve Uzun Vadeli Yara \u0130zi Bak\u0131m\u0131","datePublished":"2026-03-14T10:10:43+00:00","dateModified":"2026-04-22T07:01:12+00:00","mainEntityOfPage":{"@id":"https:\/\/drsedattatar.com\/tr\/karin-germe-ameliyatinda-iz-yonetimi-kesi-hatti-ve-uzun-vadeli-yara-izi-bakimi\/"},"wordCount":945,"publisher":{"@id":"https:\/\/drsedattatar.com\/tr\/#organization"},"image":{"@id":"https:\/\/drsedattatar.com\/tr\/karin-germe-ameliyatinda-iz-yonetimi-kesi-hatti-ve-uzun-vadeli-yara-izi-bakimi\/#primaryimage"},"thumbnailUrl":"https:\/\/drsedattatar.com\/tr\/wp-content\/uploads\/2026\/03\/120-Kapak-TR.png","articleSection":["Plastik Cerrahi Blog"],"inLanguage":"tr"},{"@type":"WebPage","@id":"https:\/\/drsedattatar.com\/tr\/karin-germe-ameliyatinda-iz-yonetimi-kesi-hatti-ve-uzun-vadeli-yara-izi-bakimi\/","url":"https:\/\/drsedattatar.com\/tr\/karin-germe-ameliyatinda-iz-yonetimi-kesi-hatti-ve-uzun-vadeli-yara-izi-bakimi\/","name":"Kar\u0131n Germe Ameliyat\u0131nda \u0130z Y\u00f6netimi: Kesi Hatt\u0131 ve Uzun Vadeli Yara \u0130zi Bak\u0131m\u0131 - \u0130stanbul Estetik, Plastik ve Rekonstr\u00fcktif Cerrahi - Do\u00e7. Dr. Sedat Tatar","isPartOf":{"@id":"https:\/\/drsedattatar.com\/tr\/#website"},"primaryImageOfPage":{"@id":"https:\/\/drsedattatar.com\/tr\/karin-germe-ameliyatinda-iz-yonetimi-kesi-hatti-ve-uzun-vadeli-yara-izi-bakimi\/#primaryimage"},"image":{"@id":"https:\/\/drsedattatar.com\/tr\/karin-germe-ameliyatinda-iz-yonetimi-kesi-hatti-ve-uzun-vadeli-yara-izi-bakimi\/#primaryimage"},"thumbnailUrl":"https:\/\/drsedattatar.com\/tr\/wp-content\/uploads\/2026\/03\/120-Kapak-TR.png","datePublished":"2026-03-14T10:10:43+00:00","dateModified":"2026-04-22T07:01:12+00:00","description":"Kar\u0131n germe ameliyat\u0131nda kesi hatt\u0131 nas\u0131l planlan\u0131r ve yara izi zamanla nas\u0131l iyile\u015fir? \u0130z y\u00f6netimi ve uzun vadeli bak\u0131m s\u00fcreci hakk\u0131nda temel bilgiler.","breadcrumb":{"@id":"https:\/\/drsedattatar.com\/tr\/karin-germe-ameliyatinda-iz-yonetimi-kesi-hatti-ve-uzun-vadeli-yara-izi-bakimi\/#breadcrumb"},"inLanguage":"tr","potentialAction":[{"@type":"ReadAction","target":["https:\/\/drsedattatar.com\/tr\/karin-germe-ameliyatinda-iz-yonetimi-kesi-hatti-ve-uzun-vadeli-yara-izi-bakimi\/"]}]},{"@type":"ImageObject","inLanguage":"tr","@id":"https:\/\/drsedattatar.com\/tr\/karin-germe-ameliyatinda-iz-yonetimi-kesi-hatti-ve-uzun-vadeli-yara-izi-bakimi\/#primaryimage","url":"https:\/\/drsedattatar.com\/tr\/wp-content\/uploads\/2026\/03\/120-Kapak-TR.png","contentUrl":"https:\/\/drsedattatar.com\/tr\/wp-content\/uploads\/2026\/03\/120-Kapak-TR.png","width":1920,"height":1080},{"@type":"BreadcrumbList","@id":"https:\/\/drsedattatar.com\/tr\/karin-germe-ameliyatinda-iz-yonetimi-kesi-hatti-ve-uzun-vadeli-yara-izi-bakimi\/#breadcrumb","itemListElement":[{"@type":"ListItem","position":1,"name":"Anasayfa","item":"https:\/\/drsedattatar.com\/tr\/"},{"@type":"ListItem","position":2,"name":"Kar\u0131n Germe Ameliyat\u0131nda \u0130z Y\u00f6netimi: Kesi Hatt\u0131 ve Uzun Vadeli Yara \u0130zi Bak\u0131m\u0131"}]},{"@type":"WebSite","@id":"https:\/\/drsedattatar.com\/tr\/#website","url":"https:\/\/drsedattatar.com\/tr\/","name":"\u0130stanbul Estetik, Plastik ve Rekonstr\u00fcktif Cerrahi - Do\u00e7. Dr. Sedat Tatar","description":"\u0130stanbul Estetik, Plastik ve Rekonstr\u00fcktif Cerrahi alan\u0131nda deneyimli Do\u00e7. Dr. Sedat Tatar ile hayallerinizi ger\u00e7e\u011fe d\u00f6n\u00fc\u015ft\u00fcr\u00fcn ve kendinizi en iyi \u015fekilde hissedin.","publisher":{"@id":"https:\/\/drsedattatar.com\/tr\/#organization"},"potentialAction":[{"@type":"SearchAction","target":{"@type":"EntryPoint","urlTemplate":"https:\/\/drsedattatar.com\/tr\/?s={search_term_string}"},"query-input":{"@type":"PropertyValueSpecification","valueRequired":true,"valueName":"search_term_string"}}],"inLanguage":"tr"},{"@type":"Organization","@id":"https:\/\/drsedattatar.com\/tr\/#organization","name":"\u0130stanbul Estetik, Plastik ve Rekonstr\u00fcktif Cerrahi - Do\u00e7. Dr. Sedat Tatar","url":"https:\/\/drsedattatar.com\/tr\/","logo":{"@type":"ImageObject","inLanguage":"tr","@id":"https:\/\/drsedattatar.com\/tr\/#\/schema\/logo\/image\/","url":"https:\/\/drsedattatar.com\/tr\/wp-content\/uploads\/2023\/06\/cropped-cropped-cropped-dr-sedat-tatar-estetik-plastik-logo.webp","contentUrl":"https:\/\/drsedattatar.com\/tr\/wp-content\/uploads\/2023\/06\/cropped-cropped-cropped-dr-sedat-tatar-estetik-plastik-logo.webp","width":1505,"height":602,"caption":"\u0130stanbul Estetik, Plastik ve Rekonstr\u00fcktif Cerrahi - Do\u00e7. Dr. Sedat Tatar"},"image":{"@id":"https:\/\/drsedattatar.com\/tr\/#\/schema\/logo\/image\/"}},{"@type":"Person","@id":"https:\/\/drsedattatar.com\/tr\/#\/schema\/person\/aa22f82cb49cf6b0e8e4c2fdd472308a","name":"Sedat Tatar","image":{"@type":"ImageObject","inLanguage":"tr","@id":"https:\/\/drsedattatar.com\/tr\/#\/schema\/person\/image\/","url":"https:\/\/secure.gravatar.com\/avatar\/dea798d972982cc67ccc601a56275438ae42ec5d4557bb1f2fb426553e72d1a1?s=96&d=mm&r=g","contentUrl":"https:\/\/secure.gravatar.com\/avatar\/dea798d972982cc67ccc601a56275438ae42ec5d4557bb1f2fb426553e72d1a1?s=96&d=mm&r=g","caption":"Sedat Tatar"},"sameAs":["http:\/\/drsedattatar.com\/tr"],"url":"https:\/\/drsedattatar.com\/tr\/author\/admin\/"}]}},"taxonomy_info":{"category":[{"value":14,"label":"Plastik Cerrahi Blog"}]},"featured_image_src_large":["https:\/\/drsedattatar.com\/tr\/wp-content\/uploads\/2026\/03\/120-Kapak-TR-1024x576.png",1024,576,true],"author_info":{"display_name":"Sedat Tatar","author_link":"https:\/\/drsedattatar.com\/tr\/author\/admin\/"},"comment_info":0,"category_info":[{"term_id":14,"name":"Plastik Cerrahi Blog","slug":"plastik-cerrahi-blog","term_group":0,"term_taxonomy_id":14,"taxonomy":"category","description":"","parent":0,"count":155,"filter":"raw","cat_ID":14,"category_count":155,"category_description":"","cat_name":"Plastik Cerrahi Blog","category_nicename":"plastik-cerrahi-blog","category_parent":0}],"tag_info":false,"_links":{"self":[{"href":"https:\/\/drsedattatar.com\/tr\/wp-json\/wp\/v2\/posts\/3295","targetHints":{"allow":["GET"]}}],"collection":[{"href":"https:\/\/drsedattatar.com\/tr\/wp-json\/wp\/v2\/posts"}],"about":[{"href":"https:\/\/drsedattatar.com\/tr\/wp-json\/wp\/v2\/types\/post"}],"author":[{"embeddable":true,"href":"https:\/\/drsedattatar.com\/tr\/wp-json\/wp\/v2\/users\/1"}],"replies":[{"embeddable":true,"href":"https:\/\/drsedattatar.com\/tr\/wp-json\/wp\/v2\/comments?post=3295"}],"version-history":[{"count":4,"href":"https:\/\/drsedattatar.com\/tr\/wp-json\/wp\/v2\/posts\/3295\/revisions"}],"predecessor-version":[{"id":3300,"href":"https:\/\/drsedattatar.com\/tr\/wp-json\/wp\/v2\/posts\/3295\/revisions\/3300"}],"wp:featuredmedia":[{"embeddable":true,"href":"https:\/\/drsedattatar.com\/tr\/wp-json\/wp\/v2\/media\/3299"}],"wp:attachment":[{"href":"https:\/\/drsedattatar.com\/tr\/wp-json\/wp\/v2\/media?parent=3295"}],"wp:term":[{"taxonomy":"category","embeddable":true,"href":"https:\/\/drsedattatar.com\/tr\/wp-json\/wp\/v2\/categories?post=3295"},{"taxonomy":"post_tag","embeddable":true,"href":"https:\/\/drsedattatar.com\/tr\/wp-json\/wp\/v2\/tags?post=3295"}],"curies":[{"name":"wp","href":"https:\/\/api.w.org\/{rel}","templated":true}]}}