{"id":3312,"date":"2026-04-22T07:17:49","date_gmt":"2026-04-22T07:17:49","guid":{"rendered":"https:\/\/drsedattatar.com\/tr\/?p=3312"},"modified":"2026-04-22T07:53:58","modified_gmt":"2026-04-22T07:53:58","slug":"meme-kucultme-ameliyati-sonrasi-surec-iyilesme-ve-gunluk-hayata-donus","status":"publish","type":"post","link":"https:\/\/drsedattatar.com\/tr\/meme-kucultme-ameliyati-sonrasi-surec-iyilesme-ve-gunluk-hayata-donus\/","title":{"rendered":"Meme K\u00fc\u00e7\u00fcltme Ameliyat\u0131 Sonras\u0131 S\u00fcre\u00e7: \u0130yile\u015fme ve G\u00fcnl\u00fck Hayata D\u00f6n\u00fc\u015f"},"content":{"rendered":"\n<p>Meme k\u00fc\u00e7\u00fcltme ameliyat\u0131 (reduction mammaplasti), yaln\u0131zca estetik bir m\u00fcdahale de\u011fil; ayn\u0131 zamanda s\u0131rt, boyun ve omuz b\u00f6lgesinde olu\u015fan y\u00fck\u00fc azaltarak fiziksel rahatlama sa\u011flamay\u0131 hedefleyen fonksiyonel bir cerrahi i\u015flemdir. Ameliyat sonras\u0131 s\u00fcre\u00e7 ise en az operasyonun kendisi kadar \u00f6nemlidir. \u00c7\u00fcnk\u00fc elde edilen sonucun kal\u0131c\u0131l\u0131\u011f\u0131, iyile\u015fme s\u00fcrecinin nas\u0131l y\u00f6netildi\u011fi ile do\u011frudan ili\u015fkilidir.<\/p>\n\n\n\n<p>Bu s\u00fcre\u00e7, her hastada benzer a\u015famalardan ge\u00e7se de iyile\u015fme h\u0131z\u0131 ve deneyimi ki\u015fisel fakt\u00f6rlere ba\u011fl\u0131 olarak de\u011fi\u015febilir. Bu nedenle ameliyat sonras\u0131 d\u00f6nemi belirli bir zaman \u00e7izelgesi i\u00e7inde de\u011ferlendirmek, s\u00fcreci daha anla\u015f\u0131l\u0131r hale getirir.<\/p>\n\n\n\n<h2 class=\"wp-block-heading\"><a><\/a><strong>Ameliyat Sonras\u0131 \u0130lk G\u00fcnler<\/strong><\/h2>\n\n\n\n<p>Ameliyat\u0131n ard\u0131ndan ilk birka\u00e7 g\u00fcn, v\u00fccudun cerrahiye verdi\u011fi do\u011fal yan\u0131tlar\u0131n en belirgin oldu\u011fu d\u00f6nemdir. Bu s\u00fcre\u00e7te hafif-orta d\u00fczeyde a\u011fr\u0131, gerginlik hissi ve \u00f6dem g\u00f6r\u00fclmesi beklenen bulgulard\u0131r. Genellikle doktorun \u00f6nerdi\u011fi a\u011fr\u0131 kesicilerle kontrol alt\u0131na al\u0131nabilir.<\/p>\n\n\n\n<p>\u0130lk g\u00fcnlerde hastalar\u0131n dinlenmesi, ani hareketlerden ka\u00e7\u0131nmas\u0131 ve \u00f6zellikle \u00fcst v\u00fccut hareketlerini s\u0131n\u0131rlamas\u0131 \u00f6nemlidir. Ayn\u0131 zamanda \u00f6zel medikal s\u00fctyen kullan\u0131m\u0131 bu d\u00f6nemde ba\u015flar ve hem destek sa\u011flar hem de \u00f6demin kontrol\u00fcne yard\u0131mc\u0131 olur.<\/p>\n\n\n\n<p>Baz\u0131 hastalarda dren kullan\u0131m\u0131 s\u00f6z konusu olabilir. Bu drenler genellikle k\u0131sa s\u00fcre i\u00e7inde \u00e7\u0131kar\u0131l\u0131r ve s\u00fcre\u00e7, hekimin planlamas\u0131na g\u00f6re ilerler.<\/p>\n\n\n\n<h2 class=\"wp-block-heading\"><a><\/a><strong>\u0130lk Hafta: Kontroll\u00fc \u0130yile\u015fme D\u00f6nemi<\/strong><\/h2>\n\n\n\n<p>\u0130lk hafta, iyile\u015fmenin aktif olarak ba\u015flad\u0131\u011f\u0131 ancak halen dikkatli olunmas\u0131 gereken bir d\u00f6nemdir. Bu s\u00fcre\u00e7te \u00f6dem ve morluklar devam edebilir ancak genellikle azalma e\u011filimindedir. Hastalar\u0131n b\u00fcy\u00fck bir k\u0131sm\u0131 birka\u00e7 g\u00fcn i\u00e7inde temel g\u00fcnl\u00fck ihtiya\u00e7lar\u0131n\u0131 kar\u015f\u0131layabilecek seviyeye gelir.<\/p>\n\n\n\n<p>Du\u015f alma, pansuman ve yara bak\u0131m\u0131 gibi konular mutlaka hekimin \u00f6nerileri do\u011frultusunda yap\u0131lmal\u0131d\u0131r. Bu d\u00f6nemde a\u011f\u0131r kald\u0131rmaktan, ani kol hareketlerinden ve yorucu aktivitelerden ka\u00e7\u0131n\u0131lmal\u0131d\u0131r.<\/p>\n\n\n\n<p>\u00c7o\u011fu hasta, masa ba\u015f\u0131 i\u015flere s\u0131n\u0131rl\u0131 \u015fekilde geri d\u00f6nebilir. Ancak bu karar, ki\u015finin genel durumu ve yap\u0131lan cerrahinin kapsam\u0131na g\u00f6re de\u011fi\u015febilir.<\/p>\n\n\n\n<h2 class=\"wp-block-heading\"><a><\/a><strong>\u0130yile\u015fme S\u00fcrecinde \u00d6dem ve \u015ei\u015flik<\/strong><\/h2>\n\n\n\n<p>Meme k\u00fc\u00e7\u00fcltme ameliyat\u0131 sonras\u0131 \u00f6dem, s\u00fcrecin do\u011fal bir par\u00e7as\u0131d\u0131r. \u00d6zellikle ilk haftalarda belirgin olan \u015fi\u015flikler zamanla azal\u0131r ve memenin ger\u00e7ek formu daha net ortaya \u00e7\u0131kar.<\/p>\n\n\n\n<p>\u00d6demin azalmas\u0131 haftalar i\u00e7inde kademeli olarak ger\u00e7ekle\u015fir. Bu s\u00fcre\u00e7te medikal s\u00fctyen kullan\u0131m\u0131, tuz t\u00fcketiminin dengelenmesi ve \u00f6nerilen hareket k\u0131s\u0131tlamalar\u0131na uyulmas\u0131 iyile\u015fmeyi destekler.<\/p>\n\n\n\n<p>Her hastada \u00f6demin \u00e7\u00f6z\u00fclme s\u00fcresi farkl\u0131d\u0131r. Bu nedenle erken d\u00f6nemde g\u00f6r\u00fclen g\u00f6r\u00fcn\u00fcm, nihai sonucu temsil etmez.<\/p>\n\n\n\n<h2 class=\"wp-block-heading\"><a><\/a><strong>G\u00fcnl\u00fck Hayata D\u00f6n\u00fc\u015f Ne Zaman Ba\u015flar?<\/strong><\/h2>\n\n\n\n<p>G\u00fcnl\u00fck hayata d\u00f6n\u00fc\u015f, ameliyat\u0131n kapsam\u0131na ve bireysel iyile\u015fme h\u0131z\u0131na ba\u011fl\u0131 olarak de\u011fi\u015fir. Genellikle hastalar birka\u00e7 g\u00fcn i\u00e7inde ev i\u00e7i aktivitelerini s\u00fcrd\u00fcrebilir hale gelir.<\/p>\n\n\n\n<p>Daha aktif bir ya\u015fam temposuna d\u00f6n\u00fc\u015f ise \u00e7o\u011funlukla 2\u20133 hafta i\u00e7inde m\u00fcmk\u00fcn olur. Spor, a\u011f\u0131r egzersizler ve yo\u011fun fiziksel aktiviteler i\u00e7in ise daha uzun bir s\u00fcre gerekebilir. Bu noktada en do\u011fru zamanlama, hekimin de\u011ferlendirmesiyle belirlenmelidir.<\/p>\n\n\n\n<p>Ara\u00e7 kullan\u0131m\u0131, i\u015fe d\u00f6n\u00fc\u015f ve sosyal aktiviteler gibi konular da yine ki\u015fisel iyile\u015fme s\u00fcrecine g\u00f6re planlanmal\u0131d\u0131r.<\/p>\n\n\n\n<h2 class=\"wp-block-heading\"><a><\/a><strong>\u0130z S\u00fcreci ve Cilt \u0130yile\u015fmesi<\/strong><\/h2>\n\n\n\n<p>Meme k\u00fc\u00e7\u00fcltme ameliyat\u0131nda izler ka\u00e7\u0131n\u0131lmazd\u0131r ancak zaman i\u00e7inde belirginlikleri azal\u0131r. \u0130lk d\u00f6nemde daha belirgin ve k\u0131rm\u0131z\u0131ms\u0131 olan izler, aylar i\u00e7inde solukla\u015farak daha az dikkat \u00e7eker hale gelir.<\/p>\n\n\n\n<p>\u0130zlerin g\u00f6r\u00fcn\u00fcm\u00fc; cilt yap\u0131s\u0131, genetik fakt\u00f6rler ve yara bak\u0131m\u0131na uyum gibi bir\u00e7ok etkene ba\u011fl\u0131d\u0131r. Bu nedenle iz s\u00fcreci her hastada farkl\u0131 ilerleyebilir.<\/p>\n\n\n\n<p>Doktorun \u00f6nerdi\u011fi krem veya silikon bazl\u0131 \u00fcr\u00fcnlerin kullan\u0131m\u0131, izlerin daha d\u00fczenli iyile\u015fmesine katk\u0131 sa\u011flayabilir. Ancak bu t\u00fcr uygulamalar mutlaka uygun zamanlamayla ba\u015flat\u0131lmal\u0131d\u0131r.<\/p>\n\n\n\n<h2 class=\"wp-block-heading\"><a><\/a><strong>Meme K\u00fc\u00e7\u00fcltme Ameliyat\u0131 Sonras\u0131 S\u00fctyen Kullan\u0131m\u0131<\/strong><\/h2>\n\n\n\n<p>Ameliyat sonras\u0131 d\u00f6nemde medikal s\u00fctyen kullan\u0131m\u0131, iyile\u015fmenin \u00f6nemli bir par\u00e7as\u0131d\u0131r. Bu s\u00fctyenler, memeye destek sa\u011flar, \u00f6demin kontrol\u00fcne yard\u0131mc\u0131 olur ve dokular\u0131n do\u011fru pozisyonda iyile\u015fmesini destekler.<\/p>\n\n\n\n<p>Genellikle ilk haftalarda kesintisiz kullan\u0131lmas\u0131 \u00f6nerilir. Daha sonraki s\u00fcre\u00e7te kullan\u0131m s\u00fcresi kademeli olarak azalt\u0131labilir. Ancak bu s\u00fcre ve ge\u00e7i\u015f s\u00fcreci mutlaka hekimin \u00f6nerilerine g\u00f6re planlanmal\u0131d\u0131r.<\/p>\n\n\n\n<h2 class=\"wp-block-heading\"><a><\/a><strong>Meme K\u00fc\u00e7\u00fcltme Ameliyat\u0131 Sonras\u0131 Duyusal De\u011fi\u015fiklikler<\/strong><\/h2>\n\n\n\n<p>Ameliyat sonras\u0131 d\u00f6nemde meme ba\u015f\u0131 ve \u00e7evresinde ge\u00e7ici his de\u011fi\u015fiklikleri ya\u015fanabilir. Bu durum, sinirlerin cerrahiye verdi\u011fi do\u011fal bir yan\u0131t olarak de\u011ferlendirilir.<\/p>\n\n\n\n<p>\u00c7o\u011fu hastada bu his de\u011fi\u015fiklikleri zamanla azal\u0131r ve normale d\u00f6ner. Ancak nadiren kal\u0131c\u0131 farkl\u0131l\u0131klar da g\u00f6r\u00fclebilir. Bu s\u00fcre\u00e7 de ki\u015fisel iyile\u015fme dinamiklerine ba\u011fl\u0131d\u0131r.<\/p>\n\n\n\n<h2 class=\"wp-block-heading\"><a><\/a><strong>\u0130yile\u015fme S\u00fcrecinde Nelere Dikkat Edilmeli?<\/strong><\/h2>\n\n\n\n<p>Ameliyat sonras\u0131 d\u00f6nemin sa\u011fl\u0131kl\u0131 ilerlemesi i\u00e7in baz\u0131 temel noktalara dikkat edilmelidir. \u00d6ncelikle doktor kontrollerinin aksat\u0131lmamas\u0131, s\u00fcrecin do\u011fru takip edilmesini sa\u011flar.<\/p>\n\n\n\n<p>Sigara kullan\u0131m\u0131, yara iyile\u015fmesini olumsuz etkileyebilece\u011fi i\u00e7in m\u00fcmk\u00fcnse b\u0131rak\u0131lmal\u0131d\u0131r. Dengeli beslenme ve yeterli s\u0131v\u0131 al\u0131m\u0131 da iyile\u015fme s\u00fcrecine olumlu katk\u0131 sa\u011flar.<\/p>\n\n\n\n<p>Ayr\u0131ca hastalar\u0131n kendi bedenlerini dinlemesi ve iyile\u015fme s\u00fcrecini zorlayacak hareketlerden ka\u00e7\u0131nmas\u0131 \u00f6nemlidir.<\/p>\n\n\n\n<h2 class=\"wp-block-heading\"><a><\/a><strong>Meme K\u00fc\u00e7\u00fcltme Ameliyat\u0131 Sonras\u0131 S\u00fcrecin De\u011fi\u015fkenli\u011fi<\/strong><\/h2>\n\n\n\n<p>Meme k\u00fc\u00e7\u00fcltme ameliyat\u0131 sonras\u0131 iyile\u015fme s\u00fcreci belirli bir \u00e7er\u00e7evede ilerlese de her hastada birebir ayn\u0131 \u015fekilde ya\u015fanmaz. Cerrahi teknik, \u00e7\u0131kar\u0131lan doku miktar\u0131, cilt yap\u0131s\u0131 ve genel sa\u011fl\u0131k durumu gibi bir\u00e7ok fakt\u00f6r s\u00fcreci etkiler.<\/p>\n\n\n\n<p>Bu nedenle farkl\u0131 deneyimlerin olmas\u0131 do\u011fald\u0131r ve s\u00fcrecin ki\u015fiye \u00f6zel de\u011ferlendirilmesi gerekir. Beklentilerin bu do\u011frultuda \u015fekillendirilmesi hem fiziksel hem de psikolojik a\u00e7\u0131dan daha sa\u011fl\u0131kl\u0131 bir iyile\u015fme s\u00fcreci sa\u011flar.<\/p>\n\n\n\n<p><strong>Hekim Bilgisi<\/strong><\/p>\n\n\n\n<p id=\"block-a7476fa1-5aba-49b7-811f-cdbc4833f823\"><strong>Do\u00e7. Dr. Sedat Tatar<\/strong>, iki ayr\u0131 uluslararas\u0131 kurul taraf\u0131ndan sertifikaland\u0131r\u0131lm\u0131\u015f (Double Board Certified) Plastik, Rekonstr\u00fcktif ve Estetik Cerrahi uzman\u0131d\u0131r. <strong>American College of Surgeons Fellow (FACS)<\/strong> ve <strong>European Board of Plastic, Reconstructive and Aesthetic Surgery Fellow (FEBOPRAS)<\/strong> unvanlar\u0131na sahiptir.<\/p>\n\n\n\n<p id=\"block-b4169953-a4b6-437c-9fbd-abc2bc8abbee\">Uluslararas\u0131 profesyonel \u00fcyelikleri aras\u0131nda <strong>ISAPS (International Society of Aesthetic Plastic Surgery)<\/strong> ve <strong>ASPS (American Society of Plastic Surgeons)<\/strong> bulunmaktad\u0131r. Klini\u011fi \u0130stanbul\u2019da <strong>T\u00fcrkiye Sa\u011fl\u0131k Bakanl\u0131\u011f\u0131 taraf\u0131ndan Sa\u011fl\u0131k Turizmi Merkezi olarak yetkilidir<\/strong> ve \u015firketi <strong>Birle\u015fik Krall\u0131k &amp; Galler&#8217;e kay\u0131tl\u0131d\u0131r.<\/strong><\/p>\n\n\n\n<p id=\"block-a1e9e51a-ae8b-4912-bcf7-569957645885\"><strong>\u0130LET\u0130\u015e\u0130M B\u0130LG\u0130LER\u0130<\/strong><\/p>\n\n\n\n<p id=\"block-35aa5dd5-2dbb-4b8a-a0d0-0568699cd5a2\"><strong>Do\u00e7. Dr. Sedar Tatar Klini\u011fi<\/strong><\/p>\n\n\n\n<p id=\"block-f8c5b5c0-0128-4552-9f9c-0cb3388dc884\"><strong>Telefon No :&nbsp;<\/strong><a href=\"tel:+90%20(555)%20100%2010%2083\">+90 (555) 100 10 83<\/a><br><strong>\u0130leti\u015fim Linki :&nbsp;<\/strong><a href=\"mailto:info@drsedattatar.com\">info@drsedattatar.com<\/a><br><strong>Adres :&nbsp;<\/strong>Levent Mahallesi, Karanfil Aral\u0131\u011f\u0131 Caddesi No: 18 Be\u015fikta\u015f\/\u0130STANBUL<\/p>\n\n\n<div class=\"kk-star-ratings kksr-auto kksr-align-center kksr-valign-bottom\"\n    data-payload='{&quot;align&quot;:&quot;center&quot;,&quot;id&quot;:&quot;3312&quot;,&quot;slug&quot;:&quot;default&quot;,&quot;valign&quot;:&quot;bottom&quot;,&quot;ignore&quot;:&quot;&quot;,&quot;reference&quot;:&quot;auto&quot;,&quot;class&quot;:&quot;&quot;,&quot;count&quot;:&quot;0&quot;,&quot;legendonly&quot;:&quot;&quot;,&quot;readonly&quot;:&quot;&quot;,&quot;score&quot;:&quot;0&quot;,&quot;starsonly&quot;:&quot;&quot;,&quot;best&quot;:&quot;5&quot;,&quot;gap&quot;:&quot;5&quot;,&quot;greet&quot;:&quot;\u0130\u00e7eri\u011fimizi Oylay\u0131n!&quot;,&quot;legend&quot;:&quot;0\\\/5 - (0 oy verildi!)&quot;,&quot;size&quot;:&quot;24&quot;,&quot;title&quot;:&quot;Meme K\u00fc\u00e7\u00fcltme Ameliyat\u0131 Sonras\u0131 S\u00fcre\u00e7: \u0130yile\u015fme ve G\u00fcnl\u00fck Hayata D\u00f6n\u00fc\u015f&quot;,&quot;width&quot;:&quot;0&quot;,&quot;_legend&quot;:&quot;{score}\\\/{best} - ({count} oy verildi!)&quot;,&quot;font_factor&quot;:&quot;1.25&quot;}'>\n            \n<div class=\"kksr-stars\">\n    \n<div class=\"kksr-stars-inactive\">\n            <div class=\"kksr-star\" data-star=\"1\" style=\"padding-right: 5px\">\n            \n\n<div class=\"kksr-icon\" style=\"width: 24px; height: 24px;\"><\/div>\n        <\/div>\n            <div class=\"kksr-star\" data-star=\"2\" style=\"padding-right: 5px\">\n            \n\n<div class=\"kksr-icon\" style=\"width: 24px; height: 24px;\"><\/div>\n        <\/div>\n            <div class=\"kksr-star\" data-star=\"3\" style=\"padding-right: 5px\">\n            \n\n<div class=\"kksr-icon\" style=\"width: 24px; height: 24px;\"><\/div>\n        <\/div>\n            <div class=\"kksr-star\" data-star=\"4\" style=\"padding-right: 5px\">\n            \n\n<div class=\"kksr-icon\" style=\"width: 24px; height: 24px;\"><\/div>\n        <\/div>\n            <div class=\"kksr-star\" data-star=\"5\" style=\"padding-right: 5px\">\n            \n\n<div class=\"kksr-icon\" style=\"width: 24px; height: 24px;\"><\/div>\n        <\/div>\n    <\/div>\n    \n<div class=\"kksr-stars-active\" style=\"width: 0px;\">\n            <div class=\"kksr-star\" style=\"padding-right: 5px\">\n            \n\n<div class=\"kksr-icon\" style=\"width: 24px; height: 24px;\"><\/div>\n        <\/div>\n            <div class=\"kksr-star\" style=\"padding-right: 5px\">\n            \n\n<div class=\"kksr-icon\" style=\"width: 24px; height: 24px;\"><\/div>\n        <\/div>\n            <div class=\"kksr-star\" style=\"padding-right: 5px\">\n            \n\n<div class=\"kksr-icon\" style=\"width: 24px; height: 24px;\"><\/div>\n        <\/div>\n            <div class=\"kksr-star\" style=\"padding-right: 5px\">\n            \n\n<div class=\"kksr-icon\" style=\"width: 24px; height: 24px;\"><\/div>\n        <\/div>\n            <div class=\"kksr-star\" style=\"padding-right: 5px\">\n            \n\n<div class=\"kksr-icon\" style=\"width: 24px; height: 24px;\"><\/div>\n        <\/div>\n    <\/div>\n<\/div>\n                \n\n<div class=\"kksr-legend\" style=\"font-size: 19.2px;\">\n            <span class=\"kksr-muted\">\u0130\u00e7eri\u011fimizi Oylay\u0131n!<\/span>\n    <\/div>\n    <\/div>\n","protected":false},"excerpt":{"rendered":"<p>Meme k\u00fc\u00e7\u00fcltme ameliyat\u0131 (reduction mammaplasti), yaln\u0131zca estetik bir m\u00fcdahale de\u011fil; ayn\u0131 zamanda s\u0131rt, boyun ve omuz b\u00f6lgesinde olu\u015fan y\u00fck\u00fc azaltarak fiziksel rahatlama sa\u011flamay\u0131 hedefleyen fonksiyonel bir cerrahi i\u015flemdir. Ameliyat sonras\u0131 s\u00fcre\u00e7 ise en az operasyonun kendisi kadar \u00f6nemlidir. \u00c7\u00fcnk\u00fc elde edilen sonucun kal\u0131c\u0131l\u0131\u011f\u0131, iyile\u015fme s\u00fcrecinin nas\u0131l y\u00f6netildi\u011fi ile do\u011frudan ili\u015fkilidir.<\/p>\n","protected":false},"author":1,"featured_media":3313,"comment_status":"closed","ping_status":"open","sticky":false,"template":"","format":"standard","meta":{"_kad_blocks_custom_css":"","_kad_blocks_head_custom_js":"","_kad_blocks_body_custom_js":"","_kad_blocks_footer_custom_js":"","_kadence_starter_templates_imported_post":false,"_kad_post_transparent":"","_kad_post_title":"","_kad_post_layout":"","_kad_post_sidebar_id":"","_kad_post_content_style":"","_kad_post_vertical_padding":"","_kad_post_feature":"","_kad_post_feature_position":"","_kad_post_header":false,"_kad_post_footer":false,"footnotes":""},"categories":[14],"tags":[],"class_list":["post-3312","post","type-post","status-publish","format-standard","has-post-thumbnail","hentry","category-plastik-cerrahi-blog"],"yoast_head":"<!-- This site is optimized with the Yoast SEO plugin v25.9 - https:\/\/yoast.com\/wordpress\/plugins\/seo\/ -->\n<title>Meme K\u00fc\u00e7\u00fcltme Ameliyat\u0131 Sonras\u0131 S\u00fcre\u00e7: \u0130yile\u015fme ve G\u00fcnl\u00fck Hayata D\u00f6n\u00fc\u015f - \u0130stanbul Estetik, Plastik ve Rekonstr\u00fcktif Cerrahi - Do\u00e7. Dr. Sedat Tatar<\/title>\n<meta name=\"description\" content=\"Meme k\u00fc\u00e7\u00fcltme ameliyat\u0131 sonras\u0131 iyile\u015fme s\u00fcreci nas\u0131l ilerler? \u0130lk g\u00fcnlerden g\u00fcnl\u00fck hayata d\u00f6n\u00fc\u015fe kadar dikkat edilmesi gereken temel noktalar.\" \/>\n<meta name=\"robots\" content=\"index, follow, max-snippet:-1, max-image-preview:large, max-video-preview:-1\" \/>\n<link rel=\"canonical\" href=\"https:\/\/drsedattatar.com\/tr\/meme-kucultme-ameliyati-sonrasi-surec-iyilesme-ve-gunluk-hayata-donus\/\" \/>\n<meta property=\"og:locale\" content=\"tr_TR\" \/>\n<meta property=\"og:type\" content=\"article\" \/>\n<meta property=\"og:title\" content=\"Meme K\u00fc\u00e7\u00fcltme Ameliyat\u0131 Sonras\u0131 S\u00fcre\u00e7: \u0130yile\u015fme ve G\u00fcnl\u00fck Hayata D\u00f6n\u00fc\u015f - \u0130stanbul Estetik, Plastik ve Rekonstr\u00fcktif Cerrahi - Do\u00e7. Dr. Sedat Tatar\" \/>\n<meta property=\"og:description\" content=\"Meme k\u00fc\u00e7\u00fcltme ameliyat\u0131 sonras\u0131 iyile\u015fme s\u00fcreci nas\u0131l ilerler? \u0130lk g\u00fcnlerden g\u00fcnl\u00fck hayata d\u00f6n\u00fc\u015fe kadar dikkat edilmesi gereken temel noktalar.\" \/>\n<meta property=\"og:url\" content=\"https:\/\/drsedattatar.com\/tr\/meme-kucultme-ameliyati-sonrasi-surec-iyilesme-ve-gunluk-hayata-donus\/\" \/>\n<meta property=\"og:site_name\" content=\"\u0130stanbul Estetik, Plastik ve Rekonstr\u00fcktif Cerrahi - Do\u00e7. Dr. Sedat Tatar\" \/>\n<meta property=\"article:published_time\" content=\"2026-04-22T07:17:49+00:00\" \/>\n<meta property=\"article:modified_time\" content=\"2026-04-22T07:53:58+00:00\" \/>\n<meta property=\"og:image\" content=\"https:\/\/drsedattatar.com\/tr\/wp-content\/uploads\/2026\/04\/123-Kapak-TR.jpg\" \/>\n\t<meta property=\"og:image:width\" content=\"1920\" \/>\n\t<meta property=\"og:image:height\" content=\"1080\" \/>\n\t<meta property=\"og:image:type\" content=\"image\/jpeg\" \/>\n<meta name=\"author\" content=\"Sedat Tatar\" \/>\n<meta name=\"twitter:card\" content=\"summary_large_image\" \/>\n<meta name=\"twitter:label1\" content=\"Yazan:\" \/>\n\t<meta name=\"twitter:data1\" content=\"Sedat Tatar\" \/>\n\t<meta name=\"twitter:label2\" content=\"Tahmini okuma s\u00fcresi\" \/>\n\t<meta name=\"twitter:data2\" content=\"6 dakika\" \/>\n<script type=\"application\/ld+json\" class=\"yoast-schema-graph\">{\"@context\":\"https:\/\/schema.org\",\"@graph\":[{\"@type\":\"Article\",\"@id\":\"https:\/\/drsedattatar.com\/tr\/meme-kucultme-ameliyati-sonrasi-surec-iyilesme-ve-gunluk-hayata-donus\/#article\",\"isPartOf\":{\"@id\":\"https:\/\/drsedattatar.com\/tr\/meme-kucultme-ameliyati-sonrasi-surec-iyilesme-ve-gunluk-hayata-donus\/\"},\"author\":{\"name\":\"Sedat Tatar\",\"@id\":\"https:\/\/drsedattatar.com\/tr\/#\/schema\/person\/aa22f82cb49cf6b0e8e4c2fdd472308a\"},\"headline\":\"Meme K\u00fc\u00e7\u00fcltme Ameliyat\u0131 Sonras\u0131 S\u00fcre\u00e7: \u0130yile\u015fme ve G\u00fcnl\u00fck Hayata D\u00f6n\u00fc\u015f\",\"datePublished\":\"2026-04-22T07:17:49+00:00\",\"dateModified\":\"2026-04-22T07:53:58+00:00\",\"mainEntityOfPage\":{\"@id\":\"https:\/\/drsedattatar.com\/tr\/meme-kucultme-ameliyati-sonrasi-surec-iyilesme-ve-gunluk-hayata-donus\/\"},\"wordCount\":1214,\"publisher\":{\"@id\":\"https:\/\/drsedattatar.com\/tr\/#organization\"},\"image\":{\"@id\":\"https:\/\/drsedattatar.com\/tr\/meme-kucultme-ameliyati-sonrasi-surec-iyilesme-ve-gunluk-hayata-donus\/#primaryimage\"},\"thumbnailUrl\":\"https:\/\/drsedattatar.com\/tr\/wp-content\/uploads\/2026\/04\/123-Kapak-TR.jpg\",\"articleSection\":[\"Plastik Cerrahi Blog\"],\"inLanguage\":\"tr\"},{\"@type\":\"WebPage\",\"@id\":\"https:\/\/drsedattatar.com\/tr\/meme-kucultme-ameliyati-sonrasi-surec-iyilesme-ve-gunluk-hayata-donus\/\",\"url\":\"https:\/\/drsedattatar.com\/tr\/meme-kucultme-ameliyati-sonrasi-surec-iyilesme-ve-gunluk-hayata-donus\/\",\"name\":\"Meme K\u00fc\u00e7\u00fcltme Ameliyat\u0131 Sonras\u0131 S\u00fcre\u00e7: \u0130yile\u015fme ve G\u00fcnl\u00fck Hayata D\u00f6n\u00fc\u015f - \u0130stanbul Estetik, Plastik ve Rekonstr\u00fcktif Cerrahi - Do\u00e7. Dr. Sedat Tatar\",\"isPartOf\":{\"@id\":\"https:\/\/drsedattatar.com\/tr\/#website\"},\"primaryImageOfPage\":{\"@id\":\"https:\/\/drsedattatar.com\/tr\/meme-kucultme-ameliyati-sonrasi-surec-iyilesme-ve-gunluk-hayata-donus\/#primaryimage\"},\"image\":{\"@id\":\"https:\/\/drsedattatar.com\/tr\/meme-kucultme-ameliyati-sonrasi-surec-iyilesme-ve-gunluk-hayata-donus\/#primaryimage\"},\"thumbnailUrl\":\"https:\/\/drsedattatar.com\/tr\/wp-content\/uploads\/2026\/04\/123-Kapak-TR.jpg\",\"datePublished\":\"2026-04-22T07:17:49+00:00\",\"dateModified\":\"2026-04-22T07:53:58+00:00\",\"description\":\"Meme k\u00fc\u00e7\u00fcltme ameliyat\u0131 sonras\u0131 iyile\u015fme s\u00fcreci nas\u0131l ilerler? \u0130lk g\u00fcnlerden g\u00fcnl\u00fck hayata d\u00f6n\u00fc\u015fe kadar dikkat edilmesi gereken temel noktalar.\",\"breadcrumb\":{\"@id\":\"https:\/\/drsedattatar.com\/tr\/meme-kucultme-ameliyati-sonrasi-surec-iyilesme-ve-gunluk-hayata-donus\/#breadcrumb\"},\"inLanguage\":\"tr\",\"potentialAction\":[{\"@type\":\"ReadAction\",\"target\":[\"https:\/\/drsedattatar.com\/tr\/meme-kucultme-ameliyati-sonrasi-surec-iyilesme-ve-gunluk-hayata-donus\/\"]}]},{\"@type\":\"ImageObject\",\"inLanguage\":\"tr\",\"@id\":\"https:\/\/drsedattatar.com\/tr\/meme-kucultme-ameliyati-sonrasi-surec-iyilesme-ve-gunluk-hayata-donus\/#primaryimage\",\"url\":\"https:\/\/drsedattatar.com\/tr\/wp-content\/uploads\/2026\/04\/123-Kapak-TR.jpg\",\"contentUrl\":\"https:\/\/drsedattatar.com\/tr\/wp-content\/uploads\/2026\/04\/123-Kapak-TR.jpg\",\"width\":1920,\"height\":1080},{\"@type\":\"BreadcrumbList\",\"@id\":\"https:\/\/drsedattatar.com\/tr\/meme-kucultme-ameliyati-sonrasi-surec-iyilesme-ve-gunluk-hayata-donus\/#breadcrumb\",\"itemListElement\":[{\"@type\":\"ListItem\",\"position\":1,\"name\":\"Anasayfa\",\"item\":\"https:\/\/drsedattatar.com\/tr\/\"},{\"@type\":\"ListItem\",\"position\":2,\"name\":\"Meme K\u00fc\u00e7\u00fcltme Ameliyat\u0131 Sonras\u0131 S\u00fcre\u00e7: \u0130yile\u015fme ve G\u00fcnl\u00fck Hayata D\u00f6n\u00fc\u015f\"}]},{\"@type\":\"WebSite\",\"@id\":\"https:\/\/drsedattatar.com\/tr\/#website\",\"url\":\"https:\/\/drsedattatar.com\/tr\/\",\"name\":\"\u0130stanbul Estetik, Plastik ve Rekonstr\u00fcktif Cerrahi - Do\u00e7. Dr. Sedat Tatar\",\"description\":\"\u0130stanbul Estetik, Plastik ve Rekonstr\u00fcktif Cerrahi alan\u0131nda deneyimli Do\u00e7. Dr. Sedat Tatar ile hayallerinizi ger\u00e7e\u011fe d\u00f6n\u00fc\u015ft\u00fcr\u00fcn ve kendinizi en iyi \u015fekilde hissedin.\",\"publisher\":{\"@id\":\"https:\/\/drsedattatar.com\/tr\/#organization\"},\"potentialAction\":[{\"@type\":\"SearchAction\",\"target\":{\"@type\":\"EntryPoint\",\"urlTemplate\":\"https:\/\/drsedattatar.com\/tr\/?s={search_term_string}\"},\"query-input\":{\"@type\":\"PropertyValueSpecification\",\"valueRequired\":true,\"valueName\":\"search_term_string\"}}],\"inLanguage\":\"tr\"},{\"@type\":\"Organization\",\"@id\":\"https:\/\/drsedattatar.com\/tr\/#organization\",\"name\":\"\u0130stanbul Estetik, Plastik ve Rekonstr\u00fcktif Cerrahi - Do\u00e7. Dr. Sedat Tatar\",\"url\":\"https:\/\/drsedattatar.com\/tr\/\",\"logo\":{\"@type\":\"ImageObject\",\"inLanguage\":\"tr\",\"@id\":\"https:\/\/drsedattatar.com\/tr\/#\/schema\/logo\/image\/\",\"url\":\"https:\/\/drsedattatar.com\/tr\/wp-content\/uploads\/2023\/06\/cropped-cropped-cropped-dr-sedat-tatar-estetik-plastik-logo.webp\",\"contentUrl\":\"https:\/\/drsedattatar.com\/tr\/wp-content\/uploads\/2023\/06\/cropped-cropped-cropped-dr-sedat-tatar-estetik-plastik-logo.webp\",\"width\":1505,\"height\":602,\"caption\":\"\u0130stanbul Estetik, Plastik ve Rekonstr\u00fcktif Cerrahi - Do\u00e7. Dr. Sedat Tatar\"},\"image\":{\"@id\":\"https:\/\/drsedattatar.com\/tr\/#\/schema\/logo\/image\/\"}},{\"@type\":\"Person\",\"@id\":\"https:\/\/drsedattatar.com\/tr\/#\/schema\/person\/aa22f82cb49cf6b0e8e4c2fdd472308a\",\"name\":\"Sedat Tatar\",\"image\":{\"@type\":\"ImageObject\",\"inLanguage\":\"tr\",\"@id\":\"https:\/\/drsedattatar.com\/tr\/#\/schema\/person\/image\/\",\"url\":\"https:\/\/secure.gravatar.com\/avatar\/dea798d972982cc67ccc601a56275438ae42ec5d4557bb1f2fb426553e72d1a1?s=96&d=mm&r=g\",\"contentUrl\":\"https:\/\/secure.gravatar.com\/avatar\/dea798d972982cc67ccc601a56275438ae42ec5d4557bb1f2fb426553e72d1a1?s=96&d=mm&r=g\",\"caption\":\"Sedat Tatar\"},\"sameAs\":[\"http:\/\/drsedattatar.com\/tr\"],\"url\":\"https:\/\/drsedattatar.com\/tr\/author\/admin\/\"}]}<\/script>\n<!-- \/ Yoast SEO plugin. -->","yoast_head_json":{"title":"Meme K\u00fc\u00e7\u00fcltme Ameliyat\u0131 Sonras\u0131 S\u00fcre\u00e7: \u0130yile\u015fme ve G\u00fcnl\u00fck Hayata D\u00f6n\u00fc\u015f - \u0130stanbul Estetik, Plastik ve Rekonstr\u00fcktif Cerrahi - Do\u00e7. Dr. Sedat Tatar","description":"Meme k\u00fc\u00e7\u00fcltme ameliyat\u0131 sonras\u0131 iyile\u015fme s\u00fcreci nas\u0131l ilerler? \u0130lk g\u00fcnlerden g\u00fcnl\u00fck hayata d\u00f6n\u00fc\u015fe kadar dikkat edilmesi gereken temel noktalar.","robots":{"index":"index","follow":"follow","max-snippet":"max-snippet:-1","max-image-preview":"max-image-preview:large","max-video-preview":"max-video-preview:-1"},"canonical":"https:\/\/drsedattatar.com\/tr\/meme-kucultme-ameliyati-sonrasi-surec-iyilesme-ve-gunluk-hayata-donus\/","og_locale":"tr_TR","og_type":"article","og_title":"Meme K\u00fc\u00e7\u00fcltme Ameliyat\u0131 Sonras\u0131 S\u00fcre\u00e7: \u0130yile\u015fme ve G\u00fcnl\u00fck Hayata D\u00f6n\u00fc\u015f - \u0130stanbul Estetik, Plastik ve Rekonstr\u00fcktif Cerrahi - Do\u00e7. Dr. Sedat Tatar","og_description":"Meme k\u00fc\u00e7\u00fcltme ameliyat\u0131 sonras\u0131 iyile\u015fme s\u00fcreci nas\u0131l ilerler? \u0130lk g\u00fcnlerden g\u00fcnl\u00fck hayata d\u00f6n\u00fc\u015fe kadar dikkat edilmesi gereken temel noktalar.","og_url":"https:\/\/drsedattatar.com\/tr\/meme-kucultme-ameliyati-sonrasi-surec-iyilesme-ve-gunluk-hayata-donus\/","og_site_name":"\u0130stanbul Estetik, Plastik ve Rekonstr\u00fcktif Cerrahi - Do\u00e7. Dr. Sedat Tatar","article_published_time":"2026-04-22T07:17:49+00:00","article_modified_time":"2026-04-22T07:53:58+00:00","og_image":[{"width":1920,"height":1080,"url":"https:\/\/drsedattatar.com\/tr\/wp-content\/uploads\/2026\/04\/123-Kapak-TR.jpg","type":"image\/jpeg"}],"author":"Sedat Tatar","twitter_card":"summary_large_image","twitter_misc":{"Yazan:":"Sedat Tatar","Tahmini okuma s\u00fcresi":"6 dakika"},"schema":{"@context":"https:\/\/schema.org","@graph":[{"@type":"Article","@id":"https:\/\/drsedattatar.com\/tr\/meme-kucultme-ameliyati-sonrasi-surec-iyilesme-ve-gunluk-hayata-donus\/#article","isPartOf":{"@id":"https:\/\/drsedattatar.com\/tr\/meme-kucultme-ameliyati-sonrasi-surec-iyilesme-ve-gunluk-hayata-donus\/"},"author":{"name":"Sedat Tatar","@id":"https:\/\/drsedattatar.com\/tr\/#\/schema\/person\/aa22f82cb49cf6b0e8e4c2fdd472308a"},"headline":"Meme K\u00fc\u00e7\u00fcltme Ameliyat\u0131 Sonras\u0131 S\u00fcre\u00e7: \u0130yile\u015fme ve G\u00fcnl\u00fck Hayata D\u00f6n\u00fc\u015f","datePublished":"2026-04-22T07:17:49+00:00","dateModified":"2026-04-22T07:53:58+00:00","mainEntityOfPage":{"@id":"https:\/\/drsedattatar.com\/tr\/meme-kucultme-ameliyati-sonrasi-surec-iyilesme-ve-gunluk-hayata-donus\/"},"wordCount":1214,"publisher":{"@id":"https:\/\/drsedattatar.com\/tr\/#organization"},"image":{"@id":"https:\/\/drsedattatar.com\/tr\/meme-kucultme-ameliyati-sonrasi-surec-iyilesme-ve-gunluk-hayata-donus\/#primaryimage"},"thumbnailUrl":"https:\/\/drsedattatar.com\/tr\/wp-content\/uploads\/2026\/04\/123-Kapak-TR.jpg","articleSection":["Plastik Cerrahi Blog"],"inLanguage":"tr"},{"@type":"WebPage","@id":"https:\/\/drsedattatar.com\/tr\/meme-kucultme-ameliyati-sonrasi-surec-iyilesme-ve-gunluk-hayata-donus\/","url":"https:\/\/drsedattatar.com\/tr\/meme-kucultme-ameliyati-sonrasi-surec-iyilesme-ve-gunluk-hayata-donus\/","name":"Meme K\u00fc\u00e7\u00fcltme Ameliyat\u0131 Sonras\u0131 S\u00fcre\u00e7: \u0130yile\u015fme ve G\u00fcnl\u00fck Hayata D\u00f6n\u00fc\u015f - \u0130stanbul Estetik, Plastik ve Rekonstr\u00fcktif Cerrahi - Do\u00e7. Dr. Sedat Tatar","isPartOf":{"@id":"https:\/\/drsedattatar.com\/tr\/#website"},"primaryImageOfPage":{"@id":"https:\/\/drsedattatar.com\/tr\/meme-kucultme-ameliyati-sonrasi-surec-iyilesme-ve-gunluk-hayata-donus\/#primaryimage"},"image":{"@id":"https:\/\/drsedattatar.com\/tr\/meme-kucultme-ameliyati-sonrasi-surec-iyilesme-ve-gunluk-hayata-donus\/#primaryimage"},"thumbnailUrl":"https:\/\/drsedattatar.com\/tr\/wp-content\/uploads\/2026\/04\/123-Kapak-TR.jpg","datePublished":"2026-04-22T07:17:49+00:00","dateModified":"2026-04-22T07:53:58+00:00","description":"Meme k\u00fc\u00e7\u00fcltme ameliyat\u0131 sonras\u0131 iyile\u015fme s\u00fcreci nas\u0131l ilerler? \u0130lk g\u00fcnlerden g\u00fcnl\u00fck hayata d\u00f6n\u00fc\u015fe kadar dikkat edilmesi gereken temel noktalar.","breadcrumb":{"@id":"https:\/\/drsedattatar.com\/tr\/meme-kucultme-ameliyati-sonrasi-surec-iyilesme-ve-gunluk-hayata-donus\/#breadcrumb"},"inLanguage":"tr","potentialAction":[{"@type":"ReadAction","target":["https:\/\/drsedattatar.com\/tr\/meme-kucultme-ameliyati-sonrasi-surec-iyilesme-ve-gunluk-hayata-donus\/"]}]},{"@type":"ImageObject","inLanguage":"tr","@id":"https:\/\/drsedattatar.com\/tr\/meme-kucultme-ameliyati-sonrasi-surec-iyilesme-ve-gunluk-hayata-donus\/#primaryimage","url":"https:\/\/drsedattatar.com\/tr\/wp-content\/uploads\/2026\/04\/123-Kapak-TR.jpg","contentUrl":"https:\/\/drsedattatar.com\/tr\/wp-content\/uploads\/2026\/04\/123-Kapak-TR.jpg","width":1920,"height":1080},{"@type":"BreadcrumbList","@id":"https:\/\/drsedattatar.com\/tr\/meme-kucultme-ameliyati-sonrasi-surec-iyilesme-ve-gunluk-hayata-donus\/#breadcrumb","itemListElement":[{"@type":"ListItem","position":1,"name":"Anasayfa","item":"https:\/\/drsedattatar.com\/tr\/"},{"@type":"ListItem","position":2,"name":"Meme K\u00fc\u00e7\u00fcltme Ameliyat\u0131 Sonras\u0131 S\u00fcre\u00e7: \u0130yile\u015fme ve G\u00fcnl\u00fck Hayata D\u00f6n\u00fc\u015f"}]},{"@type":"WebSite","@id":"https:\/\/drsedattatar.com\/tr\/#website","url":"https:\/\/drsedattatar.com\/tr\/","name":"\u0130stanbul Estetik, Plastik ve Rekonstr\u00fcktif Cerrahi - Do\u00e7. Dr. Sedat Tatar","description":"\u0130stanbul Estetik, Plastik ve Rekonstr\u00fcktif Cerrahi alan\u0131nda deneyimli Do\u00e7. Dr. Sedat Tatar ile hayallerinizi ger\u00e7e\u011fe d\u00f6n\u00fc\u015ft\u00fcr\u00fcn ve kendinizi en iyi \u015fekilde hissedin.","publisher":{"@id":"https:\/\/drsedattatar.com\/tr\/#organization"},"potentialAction":[{"@type":"SearchAction","target":{"@type":"EntryPoint","urlTemplate":"https:\/\/drsedattatar.com\/tr\/?s={search_term_string}"},"query-input":{"@type":"PropertyValueSpecification","valueRequired":true,"valueName":"search_term_string"}}],"inLanguage":"tr"},{"@type":"Organization","@id":"https:\/\/drsedattatar.com\/tr\/#organization","name":"\u0130stanbul Estetik, Plastik ve Rekonstr\u00fcktif Cerrahi - Do\u00e7. Dr. Sedat Tatar","url":"https:\/\/drsedattatar.com\/tr\/","logo":{"@type":"ImageObject","inLanguage":"tr","@id":"https:\/\/drsedattatar.com\/tr\/#\/schema\/logo\/image\/","url":"https:\/\/drsedattatar.com\/tr\/wp-content\/uploads\/2023\/06\/cropped-cropped-cropped-dr-sedat-tatar-estetik-plastik-logo.webp","contentUrl":"https:\/\/drsedattatar.com\/tr\/wp-content\/uploads\/2023\/06\/cropped-cropped-cropped-dr-sedat-tatar-estetik-plastik-logo.webp","width":1505,"height":602,"caption":"\u0130stanbul Estetik, Plastik ve Rekonstr\u00fcktif Cerrahi - Do\u00e7. Dr. Sedat Tatar"},"image":{"@id":"https:\/\/drsedattatar.com\/tr\/#\/schema\/logo\/image\/"}},{"@type":"Person","@id":"https:\/\/drsedattatar.com\/tr\/#\/schema\/person\/aa22f82cb49cf6b0e8e4c2fdd472308a","name":"Sedat Tatar","image":{"@type":"ImageObject","inLanguage":"tr","@id":"https:\/\/drsedattatar.com\/tr\/#\/schema\/person\/image\/","url":"https:\/\/secure.gravatar.com\/avatar\/dea798d972982cc67ccc601a56275438ae42ec5d4557bb1f2fb426553e72d1a1?s=96&d=mm&r=g","contentUrl":"https:\/\/secure.gravatar.com\/avatar\/dea798d972982cc67ccc601a56275438ae42ec5d4557bb1f2fb426553e72d1a1?s=96&d=mm&r=g","caption":"Sedat Tatar"},"sameAs":["http:\/\/drsedattatar.com\/tr"],"url":"https:\/\/drsedattatar.com\/tr\/author\/admin\/"}]}},"taxonomy_info":{"category":[{"value":14,"label":"Plastik Cerrahi Blog"}]},"featured_image_src_large":["https:\/\/drsedattatar.com\/tr\/wp-content\/uploads\/2026\/04\/123-Kapak-TR-1024x576.jpg",1024,576,true],"author_info":{"display_name":"Sedat Tatar","author_link":"https:\/\/drsedattatar.com\/tr\/author\/admin\/"},"comment_info":0,"category_info":[{"term_id":14,"name":"Plastik Cerrahi Blog","slug":"plastik-cerrahi-blog","term_group":0,"term_taxonomy_id":14,"taxonomy":"category","description":"","parent":0,"count":155,"filter":"raw","cat_ID":14,"category_count":155,"category_description":"","cat_name":"Plastik Cerrahi Blog","category_nicename":"plastik-cerrahi-blog","category_parent":0}],"tag_info":false,"_links":{"self":[{"href":"https:\/\/drsedattatar.com\/tr\/wp-json\/wp\/v2\/posts\/3312","targetHints":{"allow":["GET"]}}],"collection":[{"href":"https:\/\/drsedattatar.com\/tr\/wp-json\/wp\/v2\/posts"}],"about":[{"href":"https:\/\/drsedattatar.com\/tr\/wp-json\/wp\/v2\/types\/post"}],"author":[{"embeddable":true,"href":"https:\/\/drsedattatar.com\/tr\/wp-json\/wp\/v2\/users\/1"}],"replies":[{"embeddable":true,"href":"https:\/\/drsedattatar.com\/tr\/wp-json\/wp\/v2\/comments?post=3312"}],"version-history":[{"count":2,"href":"https:\/\/drsedattatar.com\/tr\/wp-json\/wp\/v2\/posts\/3312\/revisions"}],"predecessor-version":[{"id":3316,"href":"https:\/\/drsedattatar.com\/tr\/wp-json\/wp\/v2\/posts\/3312\/revisions\/3316"}],"wp:featuredmedia":[{"embeddable":true,"href":"https:\/\/drsedattatar.com\/tr\/wp-json\/wp\/v2\/media\/3313"}],"wp:attachment":[{"href":"https:\/\/drsedattatar.com\/tr\/wp-json\/wp\/v2\/media?parent=3312"}],"wp:term":[{"taxonomy":"category","embeddable":true,"href":"https:\/\/drsedattatar.com\/tr\/wp-json\/wp\/v2\/categories?post=3312"},{"taxonomy":"post_tag","embeddable":true,"href":"https:\/\/drsedattatar.com\/tr\/wp-json\/wp\/v2\/tags?post=3312"}],"curies":[{"name":"wp","href":"https:\/\/api.w.org\/{rel}","templated":true}]}}