{"id":3319,"date":"2026-04-22T12:22:18","date_gmt":"2026-04-22T12:22:18","guid":{"rendered":"https:\/\/drsedattatar.com\/tr\/?p=3319"},"modified":"2026-04-22T12:22:20","modified_gmt":"2026-04-22T12:22:20","slug":"karin-germe-ameliyati-sezaryen-izini-tamamen-yok-eder-mi","status":"publish","type":"post","link":"https:\/\/drsedattatar.com\/tr\/karin-germe-ameliyati-sezaryen-izini-tamamen-yok-eder-mi\/","title":{"rendered":"Kar\u0131n Germe Ameliyat\u0131 Sezaryen \u0130zini Tamamen Yok Eder mi?"},"content":{"rendered":"\n<p>Kar\u0131n germe ameliyat\u0131 (abdominoplasti), \u00f6zellikle do\u011fum sonras\u0131 d\u00f6nemde kar\u0131n b\u00f6lgesinde olu\u015fan gev\u015feme, deri fazlal\u0131\u011f\u0131 ve kas ayr\u0131\u015fmalar\u0131n\u0131 d\u00fczeltmeyi hedefleyen bir cerrahi i\u015flemdir. Bu ameliyat\u0131 d\u00fc\u015f\u00fcnen bir\u00e7ok ki\u015fi i\u00e7in en merak edilen konulardan biri de mevcut sezaryen izinin bu s\u00fcre\u00e7te nas\u0131l etkilenece\u011fidir. \u201cTamamen yok olur mu?\u201d sorusu ise genellikle beklentilerin merkezinde yer al\u0131r.<\/p>\n\n\n\n<p>Bu sorunun yan\u0131t\u0131 hem cerrahi teknik hem de bireysel iyile\u015fme \u00f6zellikleriyle yak\u0131ndan ili\u015fkilidir. Dolay\u0131s\u0131yla konu, tek bir c\u00fcmleyle a\u00e7\u0131klanamayacak kadar \u00e7ok de\u011fi\u015fken i\u00e7erir.<\/p>\n\n\n\n<h2 class=\"wp-block-heading\"><a><\/a><strong>Kar\u0131n Germe Ameliyat\u0131 Nas\u0131l Bir Etki Olu\u015fturur?<\/strong><\/h2>\n\n\n\n<p>Kar\u0131n germe ameliyat\u0131nda temel ama\u00e7, kar\u0131n b\u00f6lgesindeki fazla deri ve ya\u011f dokusunun \u00e7\u0131kar\u0131lmas\u0131, ayn\u0131 zamanda kar\u0131n kaslar\u0131n\u0131n s\u0131k\u0131la\u015ft\u0131r\u0131lmas\u0131d\u0131r. Bu i\u015flem s\u0131ras\u0131nda genellikle alt kar\u0131n b\u00f6lgesinde, bikini hatt\u0131na gizlenebilecek \u015fekilde yeni bir kesi yap\u0131l\u0131r.<\/p>\n\n\n\n<p>Mevcut sezaryen izi \u00e7o\u011fu zaman bu alt kar\u0131n b\u00f6lgesinde yer ald\u0131\u011f\u0131 i\u00e7in, ameliyat s\u0131ras\u0131nda \u00e7\u0131kar\u0131lan deriyle birlikte al\u0131nabilir. Bu durum, eski izin ortadan kalkt\u0131\u011f\u0131 anlam\u0131na gelebilir. Ancak bu noktada \u00f6nemli bir detay vard\u0131r: Eski izin yerine, yeni bir cerrahi iz olu\u015fur.<\/p>\n\n\n\n<h2 class=\"wp-block-heading\"><a><\/a><strong>Sezaryen \u0130zi Her Zaman \u00c7\u0131kar\u0131labilir mi?<\/strong><\/h2>\n\n\n\n<p>Her hastada sezaryen izinin tamamen \u00e7\u0131kar\u0131lmas\u0131 m\u00fcmk\u00fcn olmayabilir. Bunun temel nedeni, iz ile kar\u0131n germe ameliyat\u0131nda \u00e7\u0131kar\u0131lacak deri miktar\u0131 ve yerle\u015fimi aras\u0131ndaki ili\u015fkidir.<\/p>\n\n\n\n<p>E\u011fer sezaryen izi, \u00e7\u0131kar\u0131lacak deri alan\u0131 i\u00e7inde kal\u0131yorsa, b\u00fcy\u00fck \u00f6l\u00e7\u00fcde ortadan kald\u0131r\u0131labilir. Ancak baz\u0131 durumlarda izin bir k\u0131sm\u0131 yukar\u0131da kalabilir veya tamamen \u00e7\u0131kar\u0131lmas\u0131 m\u00fcmk\u00fcn olmayabilir. Bu gibi durumlarda iz yer de\u011fi\u015ftirebilir ya da g\u00f6r\u00fcn\u00fcm\u00fc belirli \u00f6l\u00e7\u00fcde iyile\u015ftirilebilir.<\/p>\n\n\n\n<p>Bu nedenle ameliyat \u00f6ncesi de\u011ferlendirme, beklentilerin do\u011fru y\u00f6netilmesi a\u00e7\u0131s\u0131ndan kritik bir rol oynar.<\/p>\n\n\n\n<h2 class=\"wp-block-heading\"><a><\/a><strong>Yeni Olu\u015fan \u0130z Nas\u0131l Olur?<\/strong><\/h2>\n\n\n\n<p>Kar\u0131n germe ameliyat\u0131 sonras\u0131 olu\u015fan iz, genellikle alt kar\u0131n b\u00f6lgesinde, i\u00e7 \u00e7ama\u015f\u0131r\u0131 veya bikini hatt\u0131 i\u00e7inde kalacak \u015fekilde planlan\u0131r. Bu, izin g\u00fcnl\u00fck ya\u015famda \u00e7ok daha az g\u00f6r\u00fcn\u00fcr olmas\u0131n\u0131 sa\u011flar.<\/p>\n\n\n\n<p>\u0130lk d\u00f6nemde daha belirgin olan bu iz, zaman i\u00e7inde solukla\u015f\u0131r ve daha az dikkat \u00e7eker hale gelir. Ancak izlerin tamamen g\u00f6r\u00fcnmez hale gelmesi beklenmez. \u0130z iyile\u015fmesi; cilt tipi, genetik fakt\u00f6rler, sigara kullan\u0131m\u0131 ve bak\u0131m s\u00fcre\u00e7lerine ba\u011fl\u0131 olarak de\u011fi\u015fir.<\/p>\n\n\n\n<p>Dolay\u0131s\u0131yla burada ama\u00e7, izleri \u201cyok etmekten\u201d ziyade, daha kontroll\u00fc ve estetik olarak kabul edilebilir bir forma getirmektir.<\/p>\n\n\n\n<h2 class=\"wp-block-heading\"><a><\/a><strong>Kar\u0131n Germe ve Sezaryen \u0130zi \u0130li\u015fkisini Nas\u0131l De\u011ferlendirmek Gerekir?<\/strong><\/h2>\n\n\n\n<p>Kar\u0131n germe ameliyat\u0131 ile sezaryen izi aras\u0131ndaki ili\u015fki, \u00e7o\u011fu zaman yanl\u0131\u015f anla\u015f\u0131labilir. Bu ameliyat, do\u011frudan bir \u201ciz tedavisi\u201d de\u011fildir. Ancak uygun hasta grubunda, mevcut iz \u00fczerinde dolayl\u0131 bir iyile\u015fme sa\u011flayabilir.<\/p>\n\n\n\n<p>\u00d6zellikle alt kar\u0131n b\u00f6lgesinde yer alan ve estetik a\u00e7\u0131dan rahats\u0131zl\u0131k veren sezaryen izleri, ameliyat s\u0131ras\u0131nda \u00e7\u0131kar\u0131labilir veya daha a\u015fa\u011f\u0131ya ta\u015f\u0131narak daha az g\u00f6r\u00fcn\u00fcr hale getirilebilir. Ancak her hastada ayn\u0131 sonu\u00e7 elde edilmez.<\/p>\n\n\n\n<p>Bu nedenle kar\u0131n germe ameliyat\u0131n\u0131 planlarken, yaln\u0131zca sezaryen izine odaklanmak yerine, kar\u0131n b\u00f6lgesinin genel yap\u0131s\u0131n\u0131 ve ihtiya\u00e7lar\u0131n\u0131 de\u011ferlendirmek daha do\u011fru bir yakla\u015f\u0131m olur.<\/p>\n\n\n\n<h2 class=\"wp-block-heading\"><a><\/a><strong>\u0130zlerin G\u00f6r\u00fcn\u00fcm\u00fc Neye Ba\u011fl\u0131d\u0131r?<\/strong><\/h2>\n\n\n\n<p>Ameliyat sonras\u0131 izlerin nas\u0131l g\u00f6r\u00fcnece\u011fi bir\u00e7ok fakt\u00f6re ba\u011fl\u0131d\u0131r. Bunlar aras\u0131nda ki\u015finin cilt yap\u0131s\u0131, genetik yatk\u0131nl\u0131\u011f\u0131, yara iyile\u015fme kapasitesi ve ameliyat sonras\u0131 bak\u0131m s\u00fcreci yer al\u0131r.<\/p>\n\n\n\n<p>Baz\u0131 ki\u015filerde izler daha ince ve soluk iyile\u015firken, baz\u0131 ki\u015filerde daha belirgin olabilir. Ayr\u0131ca izlerin olgunla\u015fmas\u0131 zaman al\u0131r ve genellikle nihai g\u00f6r\u00fcn\u00fcm birka\u00e7 ay ile bir y\u0131l aras\u0131nda \u015fekillenir.<\/p>\n\n\n\n<p>Bu s\u00fcre\u00e7te hekimin \u00f6nerdi\u011fi bak\u0131m \u00fcr\u00fcnleri ve takip plan\u0131, iz kalitesini do\u011frudan etkileyebilir.<\/p>\n\n\n\n<h2 class=\"wp-block-heading\"><a><\/a><strong>Kar\u0131n Germe Ameliyat\u0131 Sonras\u0131 Beklentiler Nas\u0131l Olmal\u0131?<\/strong><\/h2>\n\n\n\n<p>Kar\u0131n germe ameliyat\u0131 sonras\u0131 en \u00f6nemli konulardan biri, beklentilerin ger\u00e7ek\u00e7i \u015fekilde belirlenmesidir. Sezaryen izinin tamamen \u201cyok olmas\u0131\u201d her zaman m\u00fcmk\u00fcn olmayabilir. Ancak \u00e7o\u011fu hastada iz daha a\u015fa\u011f\u0131ya al\u0131narak veya tamamen \u00e7\u0131kar\u0131larak daha estetik bir g\u00f6r\u00fcn\u00fcm elde edilebilir.<\/p>\n\n\n\n<p>Burada ama\u00e7, izsiz bir kar\u0131n elde etmekten ziyade, daha dengeli, daha d\u00fcz ve estetik a\u00e7\u0131dan daha tatmin edici bir kar\u0131n g\u00f6r\u00fcn\u00fcm\u00fc sa\u011flamakt\u0131r.<\/p>\n\n\n\n<p>Bu noktada cerrah ile yap\u0131lacak detayl\u0131 g\u00f6r\u00fc\u015fme hem olas\u0131 sonu\u00e7lar\u0131n hem de s\u0131n\u0131rlamalar\u0131n a\u00e7\u0131k \u015fekilde anla\u015f\u0131lmas\u0131n\u0131 sa\u011flar.<\/p>\n\n\n\n<h2 class=\"wp-block-heading\"><a><\/a><strong>Kar\u0131n Germe Planlan\u0131rken Nelere Dikkat Edilmeli?<\/strong><\/h2>\n\n\n\n<p>Kar\u0131n germe ameliyat\u0131 planlan\u0131rken yaln\u0131zca mevcut izler de\u011fil, kar\u0131n b\u00f6lgesinin genel durumu, cilt elastikiyeti ve kas yap\u0131s\u0131 da de\u011ferlendirilmelidir. Ayr\u0131ca hastan\u0131n ya\u015fam tarz\u0131, iyile\u015fme s\u00fcrecine uyumu ve beklentileri de planlamada \u00f6nemli rol oynar.<\/p>\n\n\n\n<p>Sezaryen izi bu planlaman\u0131n bir par\u00e7as\u0131 olarak ele al\u0131n\u0131r. Ancak tek ba\u015f\u0131na belirleyici bir fakt\u00f6r de\u011fildir. Bu nedenle b\u00fct\u00fcnc\u00fcl bir yakla\u015f\u0131m, daha dengeli ve \u00f6ng\u00f6r\u00fclebilir sonu\u00e7lar elde edilmesine yard\u0131mc\u0131 olur.<\/p>\n\n\n\n<h2 class=\"wp-block-heading\"><a><\/a><strong>Sezaryen \u0130zi ve Kar\u0131n Germe Sonras\u0131 S\u00fcre\u00e7<\/strong><\/h2>\n\n\n\n<p>Ameliyat sonras\u0131 s\u00fcre\u00e7te izlerin iyile\u015fmesi zaman al\u0131r ve bu s\u00fcre\u00e7 sab\u0131r gerektirir. \u0130lk haftalarda daha belirgin olan izler, zaman i\u00e7inde daha az fark edilir hale gelir.<\/p>\n\n\n\n<p>Bu d\u00f6nemde d\u00fczenli kontroller, uygun yara bak\u0131m\u0131 ve hekimin \u00f6nerilerine uyum, iyile\u015fmenin kalitesini do\u011frudan etkiler. Ayr\u0131ca izlerin nihai g\u00f6r\u00fcn\u00fcm\u00fc, yaln\u0131zca cerrahiye de\u011fil, iyile\u015fme s\u00fcrecinin nas\u0131l y\u00f6netildi\u011fine de ba\u011fl\u0131d\u0131r.<\/p>\n\n\n\n<p>Bu noktada \u015funu s\u00f6ylemek m\u00fcmk\u00fcn: Kar\u0131n germe ameliyat\u0131, sezaryen izini baz\u0131 durumlarda ortadan kald\u0131rabilir veya g\u00f6r\u00fcn\u00fcm\u00fcn\u00fc iyile\u015ftirebilir. Ancak her hasta i\u00e7in sonu\u00e7 farkl\u0131d\u0131r ve s\u00fcre\u00e7 ki\u015fiye \u00f6zel de\u011ferlendirilmelidir.<\/p>\n\n\n\n<p><strong>Hekim Bilgisi<\/strong><\/p>\n\n\n\n<p id=\"block-a7476fa1-5aba-49b7-811f-cdbc4833f823\"><strong>Do\u00e7. Dr. Sedat Tatar<\/strong>, iki ayr\u0131 uluslararas\u0131 kurul taraf\u0131ndan sertifikaland\u0131r\u0131lm\u0131\u015f (Double Board Certified) Plastik, Rekonstr\u00fcktif ve Estetik Cerrahi uzman\u0131d\u0131r. <strong>American College of Surgeons Fellow (FACS)<\/strong> ve <strong>European Board of Plastic, Reconstructive and Aesthetic Surgery Fellow (FEBOPRAS)<\/strong> unvanlar\u0131na sahiptir.<\/p>\n\n\n\n<p id=\"block-b4169953-a4b6-437c-9fbd-abc2bc8abbee\">Uluslararas\u0131 profesyonel \u00fcyelikleri aras\u0131nda <strong>ISAPS (International Society of Aesthetic Plastic Surgery)<\/strong> ve <strong>ASPS (American Society of Plastic Surgeons)<\/strong> bulunmaktad\u0131r. Klini\u011fi \u0130stanbul\u2019da <strong>T\u00fcrkiye Sa\u011fl\u0131k Bakanl\u0131\u011f\u0131 taraf\u0131ndan Sa\u011fl\u0131k Turizmi Merkezi olarak yetkilidir<\/strong> ve \u015firketi <strong>Birle\u015fik Krall\u0131k &amp; Galler&#8217;e kay\u0131tl\u0131d\u0131r.<\/strong><\/p>\n\n\n\n<p id=\"block-a1e9e51a-ae8b-4912-bcf7-569957645885\"><strong>\u0130LET\u0130\u015e\u0130M B\u0130LG\u0130LER\u0130<\/strong><\/p>\n\n\n\n<p id=\"block-35aa5dd5-2dbb-4b8a-a0d0-0568699cd5a2\"><strong>Do\u00e7. Dr. Sedar Tatar Klini\u011fi<\/strong><\/p>\n\n\n\n<p id=\"block-f8c5b5c0-0128-4552-9f9c-0cb3388dc884\"><strong>Telefon No :&nbsp;<\/strong><a href=\"tel:+90%20(555)%20100%2010%2083\">+90 (555) 100 10 83<\/a><br><strong>\u0130leti\u015fim Linki :&nbsp;<\/strong><a href=\"mailto:info@drsedattatar.com\">info@drsedattatar.com<\/a><br><strong>Adres :&nbsp;<\/strong>Levent Mahallesi, Karanfil Aral\u0131\u011f\u0131 Caddesi No: 18 Be\u015fikta\u015f\/\u0130STANBUL<\/p>\n\n\n<div class=\"kk-star-ratings kksr-auto kksr-align-center kksr-valign-bottom\"\n    data-payload='{&quot;align&quot;:&quot;center&quot;,&quot;id&quot;:&quot;3319&quot;,&quot;slug&quot;:&quot;default&quot;,&quot;valign&quot;:&quot;bottom&quot;,&quot;ignore&quot;:&quot;&quot;,&quot;reference&quot;:&quot;auto&quot;,&quot;class&quot;:&quot;&quot;,&quot;count&quot;:&quot;0&quot;,&quot;legendonly&quot;:&quot;&quot;,&quot;readonly&quot;:&quot;&quot;,&quot;score&quot;:&quot;0&quot;,&quot;starsonly&quot;:&quot;&quot;,&quot;best&quot;:&quot;5&quot;,&quot;gap&quot;:&quot;5&quot;,&quot;greet&quot;:&quot;\u0130\u00e7eri\u011fimizi Oylay\u0131n!&quot;,&quot;legend&quot;:&quot;0\\\/5 - (0 oy verildi!)&quot;,&quot;size&quot;:&quot;24&quot;,&quot;title&quot;:&quot;Kar\u0131n Germe Ameliyat\u0131 Sezaryen \u0130zini Tamamen Yok Eder mi?&quot;,&quot;width&quot;:&quot;0&quot;,&quot;_legend&quot;:&quot;{score}\\\/{best} - ({count} oy verildi!)&quot;,&quot;font_factor&quot;:&quot;1.25&quot;}'>\n            \n<div class=\"kksr-stars\">\n    \n<div class=\"kksr-stars-inactive\">\n            <div class=\"kksr-star\" data-star=\"1\" style=\"padding-right: 5px\">\n            \n\n<div class=\"kksr-icon\" style=\"width: 24px; height: 24px;\"><\/div>\n        <\/div>\n            <div class=\"kksr-star\" data-star=\"2\" style=\"padding-right: 5px\">\n            \n\n<div class=\"kksr-icon\" style=\"width: 24px; height: 24px;\"><\/div>\n        <\/div>\n            <div class=\"kksr-star\" data-star=\"3\" style=\"padding-right: 5px\">\n            \n\n<div class=\"kksr-icon\" style=\"width: 24px; height: 24px;\"><\/div>\n        <\/div>\n            <div class=\"kksr-star\" data-star=\"4\" style=\"padding-right: 5px\">\n            \n\n<div class=\"kksr-icon\" style=\"width: 24px; height: 24px;\"><\/div>\n        <\/div>\n            <div class=\"kksr-star\" data-star=\"5\" style=\"padding-right: 5px\">\n            \n\n<div class=\"kksr-icon\" style=\"width: 24px; height: 24px;\"><\/div>\n        <\/div>\n    <\/div>\n    \n<div class=\"kksr-stars-active\" style=\"width: 0px;\">\n            <div class=\"kksr-star\" style=\"padding-right: 5px\">\n            \n\n<div class=\"kksr-icon\" style=\"width: 24px; height: 24px;\"><\/div>\n        <\/div>\n            <div class=\"kksr-star\" style=\"padding-right: 5px\">\n            \n\n<div class=\"kksr-icon\" style=\"width: 24px; height: 24px;\"><\/div>\n        <\/div>\n            <div class=\"kksr-star\" style=\"padding-right: 5px\">\n            \n\n<div class=\"kksr-icon\" style=\"width: 24px; height: 24px;\"><\/div>\n        <\/div>\n            <div class=\"kksr-star\" style=\"padding-right: 5px\">\n            \n\n<div class=\"kksr-icon\" style=\"width: 24px; height: 24px;\"><\/div>\n        <\/div>\n            <div class=\"kksr-star\" style=\"padding-right: 5px\">\n            \n\n<div class=\"kksr-icon\" style=\"width: 24px; height: 24px;\"><\/div>\n        <\/div>\n    <\/div>\n<\/div>\n                \n\n<div class=\"kksr-legend\" style=\"font-size: 19.2px;\">\n            <span class=\"kksr-muted\">\u0130\u00e7eri\u011fimizi Oylay\u0131n!<\/span>\n    <\/div>\n    <\/div>\n","protected":false},"excerpt":{"rendered":"<p>Kar\u0131n germe ameliyat\u0131 (abdominoplasti), \u00f6zellikle do\u011fum sonras\u0131 d\u00f6nemde kar\u0131n b\u00f6lgesinde olu\u015fan gev\u015feme, deri fazlal\u0131\u011f\u0131 ve kas ayr\u0131\u015fmalar\u0131n\u0131 d\u00fczeltmeyi hedefleyen bir cerrahi i\u015flemdir. Bu ameliyat\u0131 d\u00fc\u015f\u00fcnen bir\u00e7ok ki\u015fi i\u00e7in en merak edilen konulardan biri de mevcut sezaryen izinin bu s\u00fcre\u00e7te nas\u0131l etkilenece\u011fidir. \u201cTamamen yok olur mu?\u201d sorusu ise genellikle beklentilerin merkezinde yer al\u0131r. Bu sorunun yan\u0131t\u0131 hem cerrahi teknik hem de bireysel iyile\u015fme \u00f6zellikleriyle yak\u0131ndan ili\u015fkilidir. Dolay\u0131s\u0131yla konu, tek bir c\u00fcmleyle a\u00e7\u0131klanamayacak kadar \u00e7ok de\u011fi\u015fken i\u00e7erir.<\/p>\n","protected":false},"author":1,"featured_media":3321,"comment_status":"closed","ping_status":"open","sticky":false,"template":"","format":"standard","meta":{"_kad_blocks_custom_css":"","_kad_blocks_head_custom_js":"","_kad_blocks_body_custom_js":"","_kad_blocks_footer_custom_js":"","_kadence_starter_templates_imported_post":false,"_kad_post_transparent":"","_kad_post_title":"","_kad_post_layout":"","_kad_post_sidebar_id":"","_kad_post_content_style":"","_kad_post_vertical_padding":"","_kad_post_feature":"","_kad_post_feature_position":"","_kad_post_header":false,"_kad_post_footer":false,"footnotes":""},"categories":[14],"tags":[],"class_list":["post-3319","post","type-post","status-publish","format-standard","has-post-thumbnail","hentry","category-plastik-cerrahi-blog"],"yoast_head":"<!-- This site is optimized with the Yoast SEO plugin v25.9 - https:\/\/yoast.com\/wordpress\/plugins\/seo\/ -->\n<title>Kar\u0131n Germe Ameliyat\u0131 Sezaryen \u0130zini Tamamen Yok Eder mi? - \u0130stanbul Estetik, Plastik ve Rekonstr\u00fcktif Cerrahi - Do\u00e7. Dr. Sedat Tatar<\/title>\n<meta name=\"description\" content=\"Kar\u0131n germe ameliyat\u0131 sezaryen izini tamamen yok eder mi?\" \/>\n<meta name=\"robots\" content=\"index, follow, max-snippet:-1, max-image-preview:large, max-video-preview:-1\" \/>\n<link rel=\"canonical\" href=\"https:\/\/drsedattatar.com\/tr\/karin-germe-ameliyati-sezaryen-izini-tamamen-yok-eder-mi\/\" \/>\n<meta property=\"og:locale\" content=\"tr_TR\" \/>\n<meta property=\"og:type\" content=\"article\" \/>\n<meta property=\"og:title\" content=\"Kar\u0131n Germe Ameliyat\u0131 Sezaryen \u0130zini Tamamen Yok Eder mi? - \u0130stanbul Estetik, Plastik ve Rekonstr\u00fcktif Cerrahi - Do\u00e7. Dr. Sedat Tatar\" \/>\n<meta property=\"og:description\" content=\"Kar\u0131n germe ameliyat\u0131 sezaryen izini tamamen yok eder mi?\" \/>\n<meta property=\"og:url\" content=\"https:\/\/drsedattatar.com\/tr\/karin-germe-ameliyati-sezaryen-izini-tamamen-yok-eder-mi\/\" \/>\n<meta property=\"og:site_name\" content=\"\u0130stanbul Estetik, Plastik ve Rekonstr\u00fcktif Cerrahi - Do\u00e7. Dr. Sedat Tatar\" \/>\n<meta property=\"article:published_time\" content=\"2026-04-22T12:22:18+00:00\" \/>\n<meta property=\"article:modified_time\" content=\"2026-04-22T12:22:20+00:00\" \/>\n<meta property=\"og:image\" content=\"https:\/\/drsedattatar.com\/tr\/wp-content\/uploads\/2026\/04\/125-Kapak-TR.jpg\" \/>\n\t<meta property=\"og:image:width\" content=\"1920\" \/>\n\t<meta property=\"og:image:height\" content=\"1080\" \/>\n\t<meta property=\"og:image:type\" content=\"image\/jpeg\" \/>\n<meta name=\"author\" content=\"Sedat Tatar\" \/>\n<meta name=\"twitter:card\" content=\"summary_large_image\" \/>\n<meta name=\"twitter:label1\" content=\"Yazan:\" \/>\n\t<meta name=\"twitter:data1\" content=\"Sedat Tatar\" \/>\n\t<meta name=\"twitter:label2\" content=\"Tahmini okuma s\u00fcresi\" \/>\n\t<meta name=\"twitter:data2\" content=\"6 dakika\" \/>\n<script type=\"application\/ld+json\" class=\"yoast-schema-graph\">{\"@context\":\"https:\/\/schema.org\",\"@graph\":[{\"@type\":\"Article\",\"@id\":\"https:\/\/drsedattatar.com\/tr\/karin-germe-ameliyati-sezaryen-izini-tamamen-yok-eder-mi\/#article\",\"isPartOf\":{\"@id\":\"https:\/\/drsedattatar.com\/tr\/karin-germe-ameliyati-sezaryen-izini-tamamen-yok-eder-mi\/\"},\"author\":{\"name\":\"Sedat Tatar\",\"@id\":\"https:\/\/drsedattatar.com\/tr\/#\/schema\/person\/aa22f82cb49cf6b0e8e4c2fdd472308a\"},\"headline\":\"Kar\u0131n Germe Ameliyat\u0131 Sezaryen \u0130zini Tamamen Yok Eder mi?\",\"datePublished\":\"2026-04-22T12:22:18+00:00\",\"dateModified\":\"2026-04-22T12:22:20+00:00\",\"mainEntityOfPage\":{\"@id\":\"https:\/\/drsedattatar.com\/tr\/karin-germe-ameliyati-sezaryen-izini-tamamen-yok-eder-mi\/\"},\"wordCount\":1197,\"publisher\":{\"@id\":\"https:\/\/drsedattatar.com\/tr\/#organization\"},\"image\":{\"@id\":\"https:\/\/drsedattatar.com\/tr\/karin-germe-ameliyati-sezaryen-izini-tamamen-yok-eder-mi\/#primaryimage\"},\"thumbnailUrl\":\"https:\/\/drsedattatar.com\/tr\/wp-content\/uploads\/2026\/04\/125-Kapak-TR.jpg\",\"articleSection\":[\"Plastik Cerrahi Blog\"],\"inLanguage\":\"tr\"},{\"@type\":\"WebPage\",\"@id\":\"https:\/\/drsedattatar.com\/tr\/karin-germe-ameliyati-sezaryen-izini-tamamen-yok-eder-mi\/\",\"url\":\"https:\/\/drsedattatar.com\/tr\/karin-germe-ameliyati-sezaryen-izini-tamamen-yok-eder-mi\/\",\"name\":\"Kar\u0131n Germe Ameliyat\u0131 Sezaryen \u0130zini Tamamen Yok Eder mi? - \u0130stanbul Estetik, Plastik ve Rekonstr\u00fcktif Cerrahi - Do\u00e7. Dr. Sedat Tatar\",\"isPartOf\":{\"@id\":\"https:\/\/drsedattatar.com\/tr\/#website\"},\"primaryImageOfPage\":{\"@id\":\"https:\/\/drsedattatar.com\/tr\/karin-germe-ameliyati-sezaryen-izini-tamamen-yok-eder-mi\/#primaryimage\"},\"image\":{\"@id\":\"https:\/\/drsedattatar.com\/tr\/karin-germe-ameliyati-sezaryen-izini-tamamen-yok-eder-mi\/#primaryimage\"},\"thumbnailUrl\":\"https:\/\/drsedattatar.com\/tr\/wp-content\/uploads\/2026\/04\/125-Kapak-TR.jpg\",\"datePublished\":\"2026-04-22T12:22:18+00:00\",\"dateModified\":\"2026-04-22T12:22:20+00:00\",\"description\":\"Kar\u0131n germe ameliyat\u0131 sezaryen izini tamamen yok eder mi?\",\"breadcrumb\":{\"@id\":\"https:\/\/drsedattatar.com\/tr\/karin-germe-ameliyati-sezaryen-izini-tamamen-yok-eder-mi\/#breadcrumb\"},\"inLanguage\":\"tr\",\"potentialAction\":[{\"@type\":\"ReadAction\",\"target\":[\"https:\/\/drsedattatar.com\/tr\/karin-germe-ameliyati-sezaryen-izini-tamamen-yok-eder-mi\/\"]}]},{\"@type\":\"ImageObject\",\"inLanguage\":\"tr\",\"@id\":\"https:\/\/drsedattatar.com\/tr\/karin-germe-ameliyati-sezaryen-izini-tamamen-yok-eder-mi\/#primaryimage\",\"url\":\"https:\/\/drsedattatar.com\/tr\/wp-content\/uploads\/2026\/04\/125-Kapak-TR.jpg\",\"contentUrl\":\"https:\/\/drsedattatar.com\/tr\/wp-content\/uploads\/2026\/04\/125-Kapak-TR.jpg\",\"width\":1920,\"height\":1080},{\"@type\":\"BreadcrumbList\",\"@id\":\"https:\/\/drsedattatar.com\/tr\/karin-germe-ameliyati-sezaryen-izini-tamamen-yok-eder-mi\/#breadcrumb\",\"itemListElement\":[{\"@type\":\"ListItem\",\"position\":1,\"name\":\"Anasayfa\",\"item\":\"https:\/\/drsedattatar.com\/tr\/\"},{\"@type\":\"ListItem\",\"position\":2,\"name\":\"Kar\u0131n Germe Ameliyat\u0131 Sezaryen \u0130zini Tamamen Yok Eder mi?\"}]},{\"@type\":\"WebSite\",\"@id\":\"https:\/\/drsedattatar.com\/tr\/#website\",\"url\":\"https:\/\/drsedattatar.com\/tr\/\",\"name\":\"\u0130stanbul Estetik, Plastik ve Rekonstr\u00fcktif Cerrahi - Do\u00e7. Dr. Sedat Tatar\",\"description\":\"\u0130stanbul Estetik, Plastik ve Rekonstr\u00fcktif Cerrahi alan\u0131nda deneyimli Do\u00e7. Dr. Sedat Tatar ile hayallerinizi ger\u00e7e\u011fe d\u00f6n\u00fc\u015ft\u00fcr\u00fcn ve kendinizi en iyi \u015fekilde hissedin.\",\"publisher\":{\"@id\":\"https:\/\/drsedattatar.com\/tr\/#organization\"},\"potentialAction\":[{\"@type\":\"SearchAction\",\"target\":{\"@type\":\"EntryPoint\",\"urlTemplate\":\"https:\/\/drsedattatar.com\/tr\/?s={search_term_string}\"},\"query-input\":{\"@type\":\"PropertyValueSpecification\",\"valueRequired\":true,\"valueName\":\"search_term_string\"}}],\"inLanguage\":\"tr\"},{\"@type\":\"Organization\",\"@id\":\"https:\/\/drsedattatar.com\/tr\/#organization\",\"name\":\"\u0130stanbul Estetik, Plastik ve Rekonstr\u00fcktif Cerrahi - Do\u00e7. Dr. Sedat Tatar\",\"url\":\"https:\/\/drsedattatar.com\/tr\/\",\"logo\":{\"@type\":\"ImageObject\",\"inLanguage\":\"tr\",\"@id\":\"https:\/\/drsedattatar.com\/tr\/#\/schema\/logo\/image\/\",\"url\":\"https:\/\/drsedattatar.com\/tr\/wp-content\/uploads\/2023\/06\/cropped-cropped-cropped-dr-sedat-tatar-estetik-plastik-logo.webp\",\"contentUrl\":\"https:\/\/drsedattatar.com\/tr\/wp-content\/uploads\/2023\/06\/cropped-cropped-cropped-dr-sedat-tatar-estetik-plastik-logo.webp\",\"width\":1505,\"height\":602,\"caption\":\"\u0130stanbul Estetik, Plastik ve Rekonstr\u00fcktif Cerrahi - Do\u00e7. Dr. Sedat Tatar\"},\"image\":{\"@id\":\"https:\/\/drsedattatar.com\/tr\/#\/schema\/logo\/image\/\"}},{\"@type\":\"Person\",\"@id\":\"https:\/\/drsedattatar.com\/tr\/#\/schema\/person\/aa22f82cb49cf6b0e8e4c2fdd472308a\",\"name\":\"Sedat Tatar\",\"image\":{\"@type\":\"ImageObject\",\"inLanguage\":\"tr\",\"@id\":\"https:\/\/drsedattatar.com\/tr\/#\/schema\/person\/image\/\",\"url\":\"https:\/\/secure.gravatar.com\/avatar\/dea798d972982cc67ccc601a56275438ae42ec5d4557bb1f2fb426553e72d1a1?s=96&d=mm&r=g\",\"contentUrl\":\"https:\/\/secure.gravatar.com\/avatar\/dea798d972982cc67ccc601a56275438ae42ec5d4557bb1f2fb426553e72d1a1?s=96&d=mm&r=g\",\"caption\":\"Sedat Tatar\"},\"sameAs\":[\"http:\/\/drsedattatar.com\/tr\"],\"url\":\"https:\/\/drsedattatar.com\/tr\/author\/admin\/\"}]}<\/script>\n<!-- \/ Yoast SEO plugin. -->","yoast_head_json":{"title":"Kar\u0131n Germe Ameliyat\u0131 Sezaryen \u0130zini Tamamen Yok Eder mi? - \u0130stanbul Estetik, Plastik ve Rekonstr\u00fcktif Cerrahi - Do\u00e7. Dr. Sedat Tatar","description":"Kar\u0131n germe ameliyat\u0131 sezaryen izini tamamen yok eder mi?","robots":{"index":"index","follow":"follow","max-snippet":"max-snippet:-1","max-image-preview":"max-image-preview:large","max-video-preview":"max-video-preview:-1"},"canonical":"https:\/\/drsedattatar.com\/tr\/karin-germe-ameliyati-sezaryen-izini-tamamen-yok-eder-mi\/","og_locale":"tr_TR","og_type":"article","og_title":"Kar\u0131n Germe Ameliyat\u0131 Sezaryen \u0130zini Tamamen Yok Eder mi? - \u0130stanbul Estetik, Plastik ve Rekonstr\u00fcktif Cerrahi - Do\u00e7. Dr. Sedat Tatar","og_description":"Kar\u0131n germe ameliyat\u0131 sezaryen izini tamamen yok eder mi?","og_url":"https:\/\/drsedattatar.com\/tr\/karin-germe-ameliyati-sezaryen-izini-tamamen-yok-eder-mi\/","og_site_name":"\u0130stanbul Estetik, Plastik ve Rekonstr\u00fcktif Cerrahi - Do\u00e7. Dr. Sedat Tatar","article_published_time":"2026-04-22T12:22:18+00:00","article_modified_time":"2026-04-22T12:22:20+00:00","og_image":[{"width":1920,"height":1080,"url":"https:\/\/drsedattatar.com\/tr\/wp-content\/uploads\/2026\/04\/125-Kapak-TR.jpg","type":"image\/jpeg"}],"author":"Sedat Tatar","twitter_card":"summary_large_image","twitter_misc":{"Yazan:":"Sedat Tatar","Tahmini okuma s\u00fcresi":"6 dakika"},"schema":{"@context":"https:\/\/schema.org","@graph":[{"@type":"Article","@id":"https:\/\/drsedattatar.com\/tr\/karin-germe-ameliyati-sezaryen-izini-tamamen-yok-eder-mi\/#article","isPartOf":{"@id":"https:\/\/drsedattatar.com\/tr\/karin-germe-ameliyati-sezaryen-izini-tamamen-yok-eder-mi\/"},"author":{"name":"Sedat Tatar","@id":"https:\/\/drsedattatar.com\/tr\/#\/schema\/person\/aa22f82cb49cf6b0e8e4c2fdd472308a"},"headline":"Kar\u0131n Germe Ameliyat\u0131 Sezaryen \u0130zini Tamamen Yok Eder mi?","datePublished":"2026-04-22T12:22:18+00:00","dateModified":"2026-04-22T12:22:20+00:00","mainEntityOfPage":{"@id":"https:\/\/drsedattatar.com\/tr\/karin-germe-ameliyati-sezaryen-izini-tamamen-yok-eder-mi\/"},"wordCount":1197,"publisher":{"@id":"https:\/\/drsedattatar.com\/tr\/#organization"},"image":{"@id":"https:\/\/drsedattatar.com\/tr\/karin-germe-ameliyati-sezaryen-izini-tamamen-yok-eder-mi\/#primaryimage"},"thumbnailUrl":"https:\/\/drsedattatar.com\/tr\/wp-content\/uploads\/2026\/04\/125-Kapak-TR.jpg","articleSection":["Plastik Cerrahi Blog"],"inLanguage":"tr"},{"@type":"WebPage","@id":"https:\/\/drsedattatar.com\/tr\/karin-germe-ameliyati-sezaryen-izini-tamamen-yok-eder-mi\/","url":"https:\/\/drsedattatar.com\/tr\/karin-germe-ameliyati-sezaryen-izini-tamamen-yok-eder-mi\/","name":"Kar\u0131n Germe Ameliyat\u0131 Sezaryen \u0130zini Tamamen Yok Eder mi? - \u0130stanbul Estetik, Plastik ve Rekonstr\u00fcktif Cerrahi - Do\u00e7. Dr. Sedat Tatar","isPartOf":{"@id":"https:\/\/drsedattatar.com\/tr\/#website"},"primaryImageOfPage":{"@id":"https:\/\/drsedattatar.com\/tr\/karin-germe-ameliyati-sezaryen-izini-tamamen-yok-eder-mi\/#primaryimage"},"image":{"@id":"https:\/\/drsedattatar.com\/tr\/karin-germe-ameliyati-sezaryen-izini-tamamen-yok-eder-mi\/#primaryimage"},"thumbnailUrl":"https:\/\/drsedattatar.com\/tr\/wp-content\/uploads\/2026\/04\/125-Kapak-TR.jpg","datePublished":"2026-04-22T12:22:18+00:00","dateModified":"2026-04-22T12:22:20+00:00","description":"Kar\u0131n germe ameliyat\u0131 sezaryen izini tamamen yok eder mi?","breadcrumb":{"@id":"https:\/\/drsedattatar.com\/tr\/karin-germe-ameliyati-sezaryen-izini-tamamen-yok-eder-mi\/#breadcrumb"},"inLanguage":"tr","potentialAction":[{"@type":"ReadAction","target":["https:\/\/drsedattatar.com\/tr\/karin-germe-ameliyati-sezaryen-izini-tamamen-yok-eder-mi\/"]}]},{"@type":"ImageObject","inLanguage":"tr","@id":"https:\/\/drsedattatar.com\/tr\/karin-germe-ameliyati-sezaryen-izini-tamamen-yok-eder-mi\/#primaryimage","url":"https:\/\/drsedattatar.com\/tr\/wp-content\/uploads\/2026\/04\/125-Kapak-TR.jpg","contentUrl":"https:\/\/drsedattatar.com\/tr\/wp-content\/uploads\/2026\/04\/125-Kapak-TR.jpg","width":1920,"height":1080},{"@type":"BreadcrumbList","@id":"https:\/\/drsedattatar.com\/tr\/karin-germe-ameliyati-sezaryen-izini-tamamen-yok-eder-mi\/#breadcrumb","itemListElement":[{"@type":"ListItem","position":1,"name":"Anasayfa","item":"https:\/\/drsedattatar.com\/tr\/"},{"@type":"ListItem","position":2,"name":"Kar\u0131n Germe Ameliyat\u0131 Sezaryen \u0130zini Tamamen Yok Eder mi?"}]},{"@type":"WebSite","@id":"https:\/\/drsedattatar.com\/tr\/#website","url":"https:\/\/drsedattatar.com\/tr\/","name":"\u0130stanbul Estetik, Plastik ve Rekonstr\u00fcktif Cerrahi - Do\u00e7. Dr. Sedat Tatar","description":"\u0130stanbul Estetik, Plastik ve Rekonstr\u00fcktif Cerrahi alan\u0131nda deneyimli Do\u00e7. Dr. Sedat Tatar ile hayallerinizi ger\u00e7e\u011fe d\u00f6n\u00fc\u015ft\u00fcr\u00fcn ve kendinizi en iyi \u015fekilde hissedin.","publisher":{"@id":"https:\/\/drsedattatar.com\/tr\/#organization"},"potentialAction":[{"@type":"SearchAction","target":{"@type":"EntryPoint","urlTemplate":"https:\/\/drsedattatar.com\/tr\/?s={search_term_string}"},"query-input":{"@type":"PropertyValueSpecification","valueRequired":true,"valueName":"search_term_string"}}],"inLanguage":"tr"},{"@type":"Organization","@id":"https:\/\/drsedattatar.com\/tr\/#organization","name":"\u0130stanbul Estetik, Plastik ve Rekonstr\u00fcktif Cerrahi - Do\u00e7. Dr. Sedat Tatar","url":"https:\/\/drsedattatar.com\/tr\/","logo":{"@type":"ImageObject","inLanguage":"tr","@id":"https:\/\/drsedattatar.com\/tr\/#\/schema\/logo\/image\/","url":"https:\/\/drsedattatar.com\/tr\/wp-content\/uploads\/2023\/06\/cropped-cropped-cropped-dr-sedat-tatar-estetik-plastik-logo.webp","contentUrl":"https:\/\/drsedattatar.com\/tr\/wp-content\/uploads\/2023\/06\/cropped-cropped-cropped-dr-sedat-tatar-estetik-plastik-logo.webp","width":1505,"height":602,"caption":"\u0130stanbul Estetik, Plastik ve Rekonstr\u00fcktif Cerrahi - Do\u00e7. Dr. Sedat Tatar"},"image":{"@id":"https:\/\/drsedattatar.com\/tr\/#\/schema\/logo\/image\/"}},{"@type":"Person","@id":"https:\/\/drsedattatar.com\/tr\/#\/schema\/person\/aa22f82cb49cf6b0e8e4c2fdd472308a","name":"Sedat Tatar","image":{"@type":"ImageObject","inLanguage":"tr","@id":"https:\/\/drsedattatar.com\/tr\/#\/schema\/person\/image\/","url":"https:\/\/secure.gravatar.com\/avatar\/dea798d972982cc67ccc601a56275438ae42ec5d4557bb1f2fb426553e72d1a1?s=96&d=mm&r=g","contentUrl":"https:\/\/secure.gravatar.com\/avatar\/dea798d972982cc67ccc601a56275438ae42ec5d4557bb1f2fb426553e72d1a1?s=96&d=mm&r=g","caption":"Sedat Tatar"},"sameAs":["http:\/\/drsedattatar.com\/tr"],"url":"https:\/\/drsedattatar.com\/tr\/author\/admin\/"}]}},"taxonomy_info":{"category":[{"value":14,"label":"Plastik Cerrahi Blog"}]},"featured_image_src_large":["https:\/\/drsedattatar.com\/tr\/wp-content\/uploads\/2026\/04\/125-Kapak-TR-1024x576.jpg",1024,576,true],"author_info":{"display_name":"Sedat Tatar","author_link":"https:\/\/drsedattatar.com\/tr\/author\/admin\/"},"comment_info":0,"category_info":[{"term_id":14,"name":"Plastik Cerrahi Blog","slug":"plastik-cerrahi-blog","term_group":0,"term_taxonomy_id":14,"taxonomy":"category","description":"","parent":0,"count":155,"filter":"raw","cat_ID":14,"category_count":155,"category_description":"","cat_name":"Plastik Cerrahi Blog","category_nicename":"plastik-cerrahi-blog","category_parent":0}],"tag_info":false,"_links":{"self":[{"href":"https:\/\/drsedattatar.com\/tr\/wp-json\/wp\/v2\/posts\/3319","targetHints":{"allow":["GET"]}}],"collection":[{"href":"https:\/\/drsedattatar.com\/tr\/wp-json\/wp\/v2\/posts"}],"about":[{"href":"https:\/\/drsedattatar.com\/tr\/wp-json\/wp\/v2\/types\/post"}],"author":[{"embeddable":true,"href":"https:\/\/drsedattatar.com\/tr\/wp-json\/wp\/v2\/users\/1"}],"replies":[{"embeddable":true,"href":"https:\/\/drsedattatar.com\/tr\/wp-json\/wp\/v2\/comments?post=3319"}],"version-history":[{"count":2,"href":"https:\/\/drsedattatar.com\/tr\/wp-json\/wp\/v2\/posts\/3319\/revisions"}],"predecessor-version":[{"id":3322,"href":"https:\/\/drsedattatar.com\/tr\/wp-json\/wp\/v2\/posts\/3319\/revisions\/3322"}],"wp:featuredmedia":[{"embeddable":true,"href":"https:\/\/drsedattatar.com\/tr\/wp-json\/wp\/v2\/media\/3321"}],"wp:attachment":[{"href":"https:\/\/drsedattatar.com\/tr\/wp-json\/wp\/v2\/media?parent=3319"}],"wp:term":[{"taxonomy":"category","embeddable":true,"href":"https:\/\/drsedattatar.com\/tr\/wp-json\/wp\/v2\/categories?post=3319"},{"taxonomy":"post_tag","embeddable":true,"href":"https:\/\/drsedattatar.com\/tr\/wp-json\/wp\/v2\/tags?post=3319"}],"curies":[{"name":"wp","href":"https:\/\/api.w.org\/{rel}","templated":true}]}}