{"id":3323,"date":"2026-04-22T12:27:05","date_gmt":"2026-04-22T12:27:05","guid":{"rendered":"https:\/\/drsedattatar.com\/tr\/?p=3323"},"modified":"2026-04-22T13:07:42","modified_gmt":"2026-04-22T13:07:42","slug":"koruyucu-estetik-prejuvenation-nedir-20li-ve-30lu-yaslarda-baslanmasi-gereken-islemler","status":"publish","type":"post","link":"https:\/\/drsedattatar.com\/tr\/koruyucu-estetik-prejuvenation-nedir-20li-ve-30lu-yaslarda-baslanmasi-gereken-islemler\/","title":{"rendered":"Koruyucu Estetik (Prejuvenation) Nedir? 20&#8217;li ve 30&#8217;lu Ya\u015flarda Ba\u015flanmas\u0131 Gereken \u0130\u015flemler"},"content":{"rendered":"\n<p>Koruyucu estetik, son y\u0131llarda estetik t\u0131pta giderek daha fazla konu\u015fulan bir yakla\u015f\u0131m\u0131 ifade eder. \u201cPrejuvenation\u201d olarak da adland\u0131r\u0131lan bu kavram, ya\u015flanma belirtileri ortaya \u00e7\u0131kt\u0131ktan sonra m\u00fcdahale etmek yerine, bu s\u00fcreci daha erken d\u00f6nemde y\u00f6netmeyi hedefler. Ama\u00e7, mevcut g\u00f6r\u00fcn\u00fcm\u00fc dramatik \u015fekilde de\u011fi\u015ftirmek de\u011fil; zamanla olu\u015fabilecek de\u011fi\u015fimleri daha yava\u015f ve kontroll\u00fc hale getirmektir.<\/p>\n\n\n\n<p>Bu yakla\u015f\u0131m \u00f6zellikle 20\u2019li ve 30\u2019lu ya\u015flarda g\u00fcndeme gelir. \u00c7\u00fcnk\u00fc bu d\u00f6nem, cilt kalitesinin h\u00e2l\u00e2 y\u00fcksek oldu\u011fu ancak \u00e7evresel fakt\u00f6rler ve mimik al\u0131\u015fkanl\u0131klar\u0131n\u0131n etkisinin yava\u015f yava\u015f birikmeye ba\u015flad\u0131\u011f\u0131 bir s\u00fcre\u00e7tir.<\/p>\n\n\n\n<h2 class=\"wp-block-heading\"><a><\/a><strong>Koruyucu Estetik Ne Anlama Gelir?<\/strong><\/h2>\n\n\n\n<p>Koruyucu estetik, klasik anlamda \u201cgen\u00e7le\u015ftirme\u201d i\u015flemlerinden farkl\u0131 bir bak\u0131\u015f a\u00e7\u0131s\u0131na sahiptir. Burada hedef, belirgin k\u0131r\u0131\u015f\u0131kl\u0131klar\u0131 veya hacim kay\u0131plar\u0131n\u0131 geri \u00e7evirmekten \u00e7ok, bu de\u011fi\u015fimlerin olu\u015fum h\u0131z\u0131n\u0131 azaltmakt\u0131r.<\/p>\n\n\n\n<p>Bu yakla\u015f\u0131mda yap\u0131lan i\u015flemler genellikle daha d\u00fc\u015f\u00fck dozlarda, daha kontroll\u00fc ve daha do\u011fal sonu\u00e7lar hedeflenerek planlan\u0131r. Ama\u00e7, y\u00fcz\u00fcn karakterini de\u011fi\u015ftirmek de\u011fil; mevcut yap\u0131y\u0131 korumakt\u0131r.<\/p>\n\n\n\n<p>Bu nedenle koruyucu estetik uygulamalar, \u201cerken m\u00fcdahale\u201d kavram\u0131yla ili\u015fkilendirilse de gereksiz i\u015flem yap\u0131lmas\u0131 anlam\u0131na gelmez. Tam aksine, do\u011fru zamanda ve do\u011fru indikasyonla yap\u0131lan k\u00fc\u00e7\u00fck dokunu\u015flar\u0131 ifade eder.<\/p>\n\n\n\n<h2 class=\"wp-block-heading\"><a><\/a><strong>20\u2019li Ya\u015flarda Koruyucu Estetik Yakla\u015f\u0131m\u0131<\/strong><\/h2>\n\n\n\n<p>20\u2019li ya\u015flar, cilt elastikiyetinin y\u00fcksek oldu\u011fu, kolajen \u00fcretiminin aktif \u015fekilde devam etti\u011fi bir d\u00f6nemdir. Bu ya\u015f grubunda estetik uygulamalar genellikle \u00f6nleyici ve destekleyici niteliktedir.<\/p>\n\n\n\n<p>Bu d\u00f6nemde en s\u0131k de\u011ferlendirilen konular\u0131n ba\u015f\u0131nda cilt kalitesinin korunmas\u0131 gelir. G\u00fcne\u015f korumas\u0131, d\u00fczenli cilt bak\u0131m\u0131 ve ya\u015fam tarz\u0131 al\u0131\u015fkanl\u0131klar\u0131 bu s\u00fcrecin temelini olu\u015fturur. Estetik uygulamalar ise bu temelin \u00fczerine eklenen destekleyici ad\u0131mlar olarak d\u00fc\u015f\u00fcn\u00fclmelidir.<\/p>\n\n\n\n<p>Baz\u0131 bireylerde mimik al\u0131\u015fkanl\u0131klar\u0131na ba\u011fl\u0131 olarak al\u0131n, ka\u015f aras\u0131 veya g\u00f6z \u00e7evresinde ince \u00e7izgiler erken d\u00f6nemde belirginle\u015febilir. Bu gibi durumlarda d\u00fc\u015f\u00fck doz botulinum toksini uygulamalar\u0131, \u00e7izgilerin derinle\u015fmesini \u00f6nlemeye y\u00f6nelik olarak planlanabilir.<\/p>\n\n\n\n<p>Ayr\u0131ca cilt kalitesini desteklemek amac\u0131yla yap\u0131lan hafif i\u00e7erikli mezoterapi uygulamalar\u0131 veya cilt yenileme odakl\u0131 i\u015flemler de bu ya\u015f grubunda de\u011ferlendirilebilir.<\/p>\n\n\n\n<h2 class=\"wp-block-heading\"><a><\/a><strong>30\u2019lu Ya\u015flarda Koruyucu Estetik Yakla\u015f\u0131m\u0131<\/strong><\/h2>\n\n\n\n<p>30\u2019lu ya\u015flar, ciltteki de\u011fi\u015fimlerin daha belirgin hale gelmeye ba\u015flad\u0131\u011f\u0131 bir d\u00f6nemdir. Kolajen \u00fcretimi yava\u015flar, cilt elastikiyeti azal\u0131r ve baz\u0131 b\u00f6lgelerde hacim kay\u0131plar\u0131 g\u00f6zlemlenebilir.<\/p>\n\n\n\n<p>Bu ya\u015f grubunda koruyucu estetik yakla\u015f\u0131m\u0131 biraz daha geni\u015fler. Yaln\u0131zca cilt kalitesini korumak de\u011fil, ayn\u0131 zamanda erken hacim kay\u0131plar\u0131n\u0131 dengelemek de planlamaya dahil edilebilir.<\/p>\n\n\n\n<p>Hyal\u00fcronik asit i\u00e7erikli dolgu uygulamalar\u0131, bu noktada s\u0131k kullan\u0131lan y\u00f6ntemlerden biridir. Ama\u00e7 belirgin dolgunluk yaratmak de\u011fil, y\u00fcz\u00fcn do\u011fal destek yap\u0131s\u0131n\u0131 korumakt\u0131r. \u00d6zellikle g\u00f6z alt\u0131, yanak ve nazolabial b\u00f6lge gibi alanlar bu kapsamda de\u011ferlendirilebilir.<\/p>\n\n\n\n<p>Ayn\u0131 zamanda cilt kalitesini destekleyen enerji bazl\u0131 cihazlar (\u00f6rne\u011fin radyofrekans uygulamalar\u0131) veya kolajen \u00fcretimini uyaran tedaviler de 30\u2019lu ya\u015flarda daha s\u0131k g\u00fcndeme gelir.<\/p>\n\n\n\n<h2 class=\"wp-block-heading\"><a><\/a><strong>Koruyucu Estetikte Ama\u00e7 Nedir?<\/strong><\/h2>\n\n\n\n<p>Koruyucu estetik yakla\u015f\u0131m\u0131nda temel hedef, \u201cde\u011fi\u015ftirmek\u201d de\u011fil \u201ckorumakt\u0131r.\u201d Bu nedenle uygulamalar, y\u00fcz\u00fcn do\u011fal yap\u0131s\u0131n\u0131 bozmayacak \u015fekilde planlan\u0131r.<\/p>\n\n\n\n<p>Bu yakla\u015f\u0131m, ilerleyen ya\u015flarda daha kapsaml\u0131 i\u015flemlere olan ihtiyac\u0131 azaltabilir. Ancak bu, t\u00fcm ya\u015flanma belirtilerinin tamamen \u00f6nlenebilece\u011fi anlam\u0131na gelmez. Ya\u015flanma do\u011fal bir s\u00fcre\u00e7tir ve tamamen durdurulamaz.<\/p>\n\n\n\n<p>Burada ama\u00e7, bu s\u00fcreci daha dengeli ve kontroll\u00fc bir \u015fekilde y\u00f6netmektir.<\/p>\n\n\n\n<h2 class=\"wp-block-heading\"><a><\/a><strong>Herkes \u0130\u00e7in Gerekli midir?<\/strong><\/h2>\n\n\n\n<p>Koruyucu estetik uygulamalar herkes i\u00e7in gerekli de\u011fildir. Her bireyin cilt yap\u0131s\u0131, genetik \u00f6zellikleri ve ya\u015fam tarz\u0131 farkl\u0131d\u0131r. Bu nedenle ihtiya\u00e7lar da ki\u015fiye \u00f6zeldir.<\/p>\n\n\n\n<p>Baz\u0131 ki\u015filer yaln\u0131zca d\u00fczenli cilt bak\u0131m\u0131 ve g\u00fcne\u015f korumas\u0131 ile uzun s\u00fcre sa\u011fl\u0131kl\u0131 bir cilt g\u00f6r\u00fcn\u00fcm\u00fcn\u00fc koruyabilirken, baz\u0131 ki\u015filerde daha erken d\u00f6nemde destekleyici uygulamalar gerekebilir.<\/p>\n\n\n\n<p>Bu noktada \u00f6nemli olan, bireysel de\u011ferlendirme ile gereklilik ve zamanlaman\u0131n do\u011fru belirlenmesidir.<\/p>\n\n\n\n<h2 class=\"wp-block-heading\"><a><\/a><strong>Koruyucu Estetik Nas\u0131l Planlanmal\u0131?<\/strong><\/h2>\n\n\n\n<p>Koruyucu estetik uygulamalar planlan\u0131rken tek bir i\u015flem \u00fczerinden de\u011fil, b\u00fct\u00fcnc\u00fcl bir yakla\u015f\u0131m \u00fczerinden ilerlenmelidir. Cilt bak\u0131m\u0131, ya\u015fam tarz\u0131, beslenme ve g\u00fcne\u015f korumas\u0131 bu s\u00fcrecin temelini olu\u015fturur.<\/p>\n\n\n\n<p>T\u0131bbi estetik uygulamalar ise bu temel \u00fczerine eklenen destekleyici unsurlar olarak d\u00fc\u015f\u00fcn\u00fclmelidir. Gereksiz veya a\u015f\u0131r\u0131 uygulamalardan ka\u00e7\u0131nmak, bu yakla\u015f\u0131m\u0131n en \u00f6nemli prensiplerinden biridir.<\/p>\n\n\n\n<h2 class=\"wp-block-heading\"><a><\/a><strong>Koruyucu Estetikte Beklentiler<\/strong><\/h2>\n\n\n\n<p>Koruyucu estetik uygulamalarda elde edilen sonu\u00e7lar genellikle \u201cfark edilmeden hissedilen\u201d de\u011fi\u015fimlerdir. Daha canl\u0131 bir cilt, daha dengeli bir y\u00fcz hatt\u0131 ve daha yumu\u015fak ge\u00e7i\u015fler bu s\u00fcrecin do\u011fal sonu\u00e7lar\u0131 aras\u0131nda yer al\u0131r.<\/p>\n\n\n\n<p>Bu nedenle koruyucu estetik, dramatik de\u011fi\u015fimlerden ziyade uzun vadeli dengeyi hedefleyen bir yakla\u015f\u0131m olarak de\u011ferlendirilmelidir. S\u00fcrecin ba\u015far\u0131s\u0131, d\u00fczenli takip ve do\u011fru planlama ile do\u011frudan ili\u015fkilidir.<\/p>\n\n\n\n<h2 class=\"wp-block-heading\"><a><\/a><strong>Koruyucu Estetik Yakla\u015f\u0131m\u0131n\u0131 De\u011ferlendirirken<\/strong><\/h2>\n\n\n\n<p>Koruyucu estetik, estetik cerrahi ve medikal estetik uygulamalar\u0131na farkl\u0131 bir perspektif kazand\u0131r\u0131r. Bu yakla\u015f\u0131m, ya\u015flanmay\u0131 tamamen ortadan kald\u0131rmay\u0131 de\u011fil, s\u00fcreci daha kontroll\u00fc ve dengeli hale getirmeyi hedefler.<\/p>\n\n\n\n<p>Bu nedenle planlama yap\u0131l\u0131rken bireysel ihtiya\u00e7lar\u0131n, ya\u015fam tarz\u0131n\u0131n ve beklentilerin birlikte de\u011ferlendirilmesi gerekir. Her uygulama, do\u011fru zamanda ve do\u011fru indikasyonla ele al\u0131nd\u0131\u011f\u0131nda anlam kazan\u0131r.<\/p>\n\n\n\n<p><strong>Hekim Bilgisi<\/strong><\/p>\n\n\n\n<p id=\"block-a7476fa1-5aba-49b7-811f-cdbc4833f823\"><strong>Do\u00e7. Dr. Sedat Tatar<\/strong>, iki ayr\u0131 uluslararas\u0131 kurul taraf\u0131ndan sertifikaland\u0131r\u0131lm\u0131\u015f (Double Board Certified) Plastik, Rekonstr\u00fcktif ve Estetik Cerrahi uzman\u0131d\u0131r. <strong>American College of Surgeons Fellow (FACS)<\/strong> ve <strong>European Board of Plastic, Reconstructive and Aesthetic Surgery Fellow (FEBOPRAS)<\/strong> unvanlar\u0131na sahiptir.<\/p>\n\n\n\n<p id=\"block-b4169953-a4b6-437c-9fbd-abc2bc8abbee\">Uluslararas\u0131 profesyonel \u00fcyelikleri aras\u0131nda <strong>ISAPS (International Society of Aesthetic Plastic Surgery)<\/strong> ve <strong>ASPS (American Society of Plastic Surgeons)<\/strong> bulunmaktad\u0131r. Klini\u011fi \u0130stanbul\u2019da <strong>T\u00fcrkiye Sa\u011fl\u0131k Bakanl\u0131\u011f\u0131 taraf\u0131ndan Sa\u011fl\u0131k Turizmi Merkezi olarak yetkilidir<\/strong> ve \u015firketi <strong>Birle\u015fik Krall\u0131k &amp; Galler&#8217;e kay\u0131tl\u0131d\u0131r.<\/strong><\/p>\n\n\n\n<p id=\"block-a1e9e51a-ae8b-4912-bcf7-569957645885\"><strong>\u0130LET\u0130\u015e\u0130M B\u0130LG\u0130LER\u0130<\/strong><\/p>\n\n\n\n<p id=\"block-35aa5dd5-2dbb-4b8a-a0d0-0568699cd5a2\"><strong>Do\u00e7. Dr. Sedar Tatar Klini\u011fi<\/strong><\/p>\n\n\n\n<p id=\"block-f8c5b5c0-0128-4552-9f9c-0cb3388dc884\"><strong>Telefon No :&nbsp;<\/strong><a href=\"tel:+90%20(555)%20100%2010%2083\">+90 (555) 100 10 83<\/a><br><strong>\u0130leti\u015fim Linki :&nbsp;<\/strong><a href=\"mailto:info@drsedattatar.com\">info@drsedattatar.com<\/a><br><strong>Adres :&nbsp;<\/strong>Levent Mahallesi, Karanfil Aral\u0131\u011f\u0131 Caddesi No: 18 Be\u015fikta\u015f\/\u0130STANBUL<\/p>\n\n\n<div class=\"kk-star-ratings kksr-auto kksr-align-center kksr-valign-bottom\"\n    data-payload='{&quot;align&quot;:&quot;center&quot;,&quot;id&quot;:&quot;3323&quot;,&quot;slug&quot;:&quot;default&quot;,&quot;valign&quot;:&quot;bottom&quot;,&quot;ignore&quot;:&quot;&quot;,&quot;reference&quot;:&quot;auto&quot;,&quot;class&quot;:&quot;&quot;,&quot;count&quot;:&quot;0&quot;,&quot;legendonly&quot;:&quot;&quot;,&quot;readonly&quot;:&quot;&quot;,&quot;score&quot;:&quot;0&quot;,&quot;starsonly&quot;:&quot;&quot;,&quot;best&quot;:&quot;5&quot;,&quot;gap&quot;:&quot;5&quot;,&quot;greet&quot;:&quot;\u0130\u00e7eri\u011fimizi Oylay\u0131n!&quot;,&quot;legend&quot;:&quot;0\\\/5 - (0 oy verildi!)&quot;,&quot;size&quot;:&quot;24&quot;,&quot;title&quot;:&quot;Koruyucu Estetik (Prejuvenation) Nedir? 20\\u0026#039;li ve 30\\u0026#039;lu Ya\u015flarda Ba\u015flanmas\u0131 Gereken \u0130\u015flemler&quot;,&quot;width&quot;:&quot;0&quot;,&quot;_legend&quot;:&quot;{score}\\\/{best} - ({count} oy verildi!)&quot;,&quot;font_factor&quot;:&quot;1.25&quot;}'>\n            \n<div class=\"kksr-stars\">\n    \n<div class=\"kksr-stars-inactive\">\n            <div class=\"kksr-star\" data-star=\"1\" style=\"padding-right: 5px\">\n            \n\n<div class=\"kksr-icon\" style=\"width: 24px; height: 24px;\"><\/div>\n        <\/div>\n            <div class=\"kksr-star\" data-star=\"2\" style=\"padding-right: 5px\">\n            \n\n<div class=\"kksr-icon\" style=\"width: 24px; height: 24px;\"><\/div>\n        <\/div>\n            <div class=\"kksr-star\" data-star=\"3\" style=\"padding-right: 5px\">\n            \n\n<div class=\"kksr-icon\" style=\"width: 24px; height: 24px;\"><\/div>\n        <\/div>\n            <div class=\"kksr-star\" data-star=\"4\" style=\"padding-right: 5px\">\n            \n\n<div class=\"kksr-icon\" style=\"width: 24px; height: 24px;\"><\/div>\n        <\/div>\n            <div class=\"kksr-star\" data-star=\"5\" style=\"padding-right: 5px\">\n            \n\n<div class=\"kksr-icon\" style=\"width: 24px; height: 24px;\"><\/div>\n        <\/div>\n    <\/div>\n    \n<div class=\"kksr-stars-active\" style=\"width: 0px;\">\n            <div class=\"kksr-star\" style=\"padding-right: 5px\">\n            \n\n<div class=\"kksr-icon\" style=\"width: 24px; height: 24px;\"><\/div>\n        <\/div>\n            <div class=\"kksr-star\" style=\"padding-right: 5px\">\n            \n\n<div class=\"kksr-icon\" style=\"width: 24px; height: 24px;\"><\/div>\n        <\/div>\n            <div class=\"kksr-star\" style=\"padding-right: 5px\">\n            \n\n<div class=\"kksr-icon\" style=\"width: 24px; height: 24px;\"><\/div>\n        <\/div>\n            <div class=\"kksr-star\" style=\"padding-right: 5px\">\n            \n\n<div class=\"kksr-icon\" style=\"width: 24px; height: 24px;\"><\/div>\n        <\/div>\n            <div class=\"kksr-star\" style=\"padding-right: 5px\">\n            \n\n<div class=\"kksr-icon\" style=\"width: 24px; height: 24px;\"><\/div>\n        <\/div>\n    <\/div>\n<\/div>\n                \n\n<div class=\"kksr-legend\" style=\"font-size: 19.2px;\">\n            <span class=\"kksr-muted\">\u0130\u00e7eri\u011fimizi Oylay\u0131n!<\/span>\n    <\/div>\n    <\/div>\n","protected":false},"excerpt":{"rendered":"<p>Koruyucu estetik, son y\u0131llarda estetik t\u0131pta giderek daha fazla konu\u015fulan bir yakla\u015f\u0131m\u0131 ifade eder. \u201cPrejuvenation\u201d olarak da adland\u0131r\u0131lan bu kavram, ya\u015flanma belirtileri ortaya \u00e7\u0131kt\u0131ktan sonra m\u00fcdahale etmek yerine, bu s\u00fcreci daha erken d\u00f6nemde y\u00f6netmeyi hedefler. Ama\u00e7, mevcut g\u00f6r\u00fcn\u00fcm\u00fc dramatik \u015fekilde de\u011fi\u015ftirmek de\u011fil; zamanla olu\u015fabilecek de\u011fi\u015fimleri daha yava\u015f ve kontroll\u00fc hale getirmektir. Bu yakla\u015f\u0131m \u00f6zellikle 20\u2019li ve 30\u2019lu ya\u015flarda g\u00fcndeme gelir.<\/p>\n","protected":false},"author":1,"featured_media":3324,"comment_status":"closed","ping_status":"open","sticky":false,"template":"","format":"standard","meta":{"_kad_blocks_custom_css":"","_kad_blocks_head_custom_js":"","_kad_blocks_body_custom_js":"","_kad_blocks_footer_custom_js":"","_kadence_starter_templates_imported_post":false,"_kad_post_transparent":"","_kad_post_title":"","_kad_post_layout":"","_kad_post_sidebar_id":"","_kad_post_content_style":"","_kad_post_vertical_padding":"","_kad_post_feature":"","_kad_post_feature_position":"","_kad_post_header":false,"_kad_post_footer":false,"footnotes":""},"categories":[14],"tags":[],"class_list":["post-3323","post","type-post","status-publish","format-standard","has-post-thumbnail","hentry","category-plastik-cerrahi-blog"],"yoast_head":"<!-- This site is optimized with the Yoast SEO plugin v25.9 - https:\/\/yoast.com\/wordpress\/plugins\/seo\/ -->\n<title>Koruyucu Estetik (Prejuvenation) Nedir? 20&#039;li ve 30&#039;lu Ya\u015flarda Ba\u015flanmas\u0131 Gereken \u0130\u015flemler - \u0130stanbul Estetik, Plastik ve Rekonstr\u00fcktif Cerrahi - Do\u00e7. Dr. Sedat Tatar<\/title>\n<meta name=\"description\" content=\"Koruyucu estetik nedir ve 20\u2019li\u201330\u2019lu ya\u015flarda neden \u00f6nemlidir? Erken d\u00f6nemde yap\u0131lan uygulamalar, ya\u015flanma belirtilerinin daha kontroll\u00fc ilerlemesini sa\u011flar.\" \/>\n<meta name=\"robots\" content=\"index, follow, max-snippet:-1, max-image-preview:large, max-video-preview:-1\" \/>\n<link rel=\"canonical\" href=\"https:\/\/drsedattatar.com\/tr\/koruyucu-estetik-prejuvenation-nedir-20li-ve-30lu-yaslarda-baslanmasi-gereken-islemler\/\" \/>\n<meta property=\"og:locale\" content=\"tr_TR\" \/>\n<meta property=\"og:type\" content=\"article\" \/>\n<meta property=\"og:title\" content=\"Koruyucu Estetik (Prejuvenation) Nedir? 20&#039;li ve 30&#039;lu Ya\u015flarda Ba\u015flanmas\u0131 Gereken \u0130\u015flemler - \u0130stanbul Estetik, Plastik ve Rekonstr\u00fcktif Cerrahi - Do\u00e7. Dr. Sedat Tatar\" \/>\n<meta property=\"og:description\" content=\"Koruyucu estetik nedir ve 20\u2019li\u201330\u2019lu ya\u015flarda neden \u00f6nemlidir? Erken d\u00f6nemde yap\u0131lan uygulamalar, ya\u015flanma belirtilerinin daha kontroll\u00fc ilerlemesini sa\u011flar.\" \/>\n<meta property=\"og:url\" content=\"https:\/\/drsedattatar.com\/tr\/koruyucu-estetik-prejuvenation-nedir-20li-ve-30lu-yaslarda-baslanmasi-gereken-islemler\/\" \/>\n<meta property=\"og:site_name\" content=\"\u0130stanbul Estetik, Plastik ve Rekonstr\u00fcktif Cerrahi - Do\u00e7. Dr. Sedat Tatar\" \/>\n<meta property=\"article:published_time\" content=\"2026-04-22T12:27:05+00:00\" \/>\n<meta property=\"article:modified_time\" content=\"2026-04-22T13:07:42+00:00\" \/>\n<meta property=\"og:image\" content=\"https:\/\/drsedattatar.com\/tr\/wp-content\/uploads\/2026\/04\/126-Kapak-TR.jpg\" \/>\n\t<meta property=\"og:image:width\" content=\"1920\" \/>\n\t<meta property=\"og:image:height\" content=\"1080\" \/>\n\t<meta property=\"og:image:type\" content=\"image\/jpeg\" \/>\n<meta name=\"author\" content=\"Sedat Tatar\" \/>\n<meta name=\"twitter:card\" content=\"summary_large_image\" \/>\n<meta name=\"twitter:label1\" content=\"Yazan:\" \/>\n\t<meta name=\"twitter:data1\" content=\"Sedat Tatar\" \/>\n\t<meta name=\"twitter:label2\" content=\"Tahmini okuma s\u00fcresi\" \/>\n\t<meta name=\"twitter:data2\" content=\"5 dakika\" \/>\n<script type=\"application\/ld+json\" class=\"yoast-schema-graph\">{\"@context\":\"https:\/\/schema.org\",\"@graph\":[{\"@type\":\"Article\",\"@id\":\"https:\/\/drsedattatar.com\/tr\/koruyucu-estetik-prejuvenation-nedir-20li-ve-30lu-yaslarda-baslanmasi-gereken-islemler\/#article\",\"isPartOf\":{\"@id\":\"https:\/\/drsedattatar.com\/tr\/koruyucu-estetik-prejuvenation-nedir-20li-ve-30lu-yaslarda-baslanmasi-gereken-islemler\/\"},\"author\":{\"name\":\"Sedat Tatar\",\"@id\":\"https:\/\/drsedattatar.com\/tr\/#\/schema\/person\/aa22f82cb49cf6b0e8e4c2fdd472308a\"},\"headline\":\"Koruyucu Estetik (Prejuvenation) Nedir? 20&#8217;li ve 30&#8217;lu Ya\u015flarda Ba\u015flanmas\u0131 Gereken \u0130\u015flemler\",\"datePublished\":\"2026-04-22T12:27:05+00:00\",\"dateModified\":\"2026-04-22T13:07:42+00:00\",\"mainEntityOfPage\":{\"@id\":\"https:\/\/drsedattatar.com\/tr\/koruyucu-estetik-prejuvenation-nedir-20li-ve-30lu-yaslarda-baslanmasi-gereken-islemler\/\"},\"wordCount\":1090,\"publisher\":{\"@id\":\"https:\/\/drsedattatar.com\/tr\/#organization\"},\"image\":{\"@id\":\"https:\/\/drsedattatar.com\/tr\/koruyucu-estetik-prejuvenation-nedir-20li-ve-30lu-yaslarda-baslanmasi-gereken-islemler\/#primaryimage\"},\"thumbnailUrl\":\"https:\/\/drsedattatar.com\/tr\/wp-content\/uploads\/2026\/04\/126-Kapak-TR.jpg\",\"articleSection\":[\"Plastik Cerrahi Blog\"],\"inLanguage\":\"tr\"},{\"@type\":\"WebPage\",\"@id\":\"https:\/\/drsedattatar.com\/tr\/koruyucu-estetik-prejuvenation-nedir-20li-ve-30lu-yaslarda-baslanmasi-gereken-islemler\/\",\"url\":\"https:\/\/drsedattatar.com\/tr\/koruyucu-estetik-prejuvenation-nedir-20li-ve-30lu-yaslarda-baslanmasi-gereken-islemler\/\",\"name\":\"Koruyucu Estetik (Prejuvenation) Nedir? 20'li ve 30'lu Ya\u015flarda Ba\u015flanmas\u0131 Gereken \u0130\u015flemler - \u0130stanbul Estetik, Plastik ve Rekonstr\u00fcktif Cerrahi - Do\u00e7. Dr. Sedat Tatar\",\"isPartOf\":{\"@id\":\"https:\/\/drsedattatar.com\/tr\/#website\"},\"primaryImageOfPage\":{\"@id\":\"https:\/\/drsedattatar.com\/tr\/koruyucu-estetik-prejuvenation-nedir-20li-ve-30lu-yaslarda-baslanmasi-gereken-islemler\/#primaryimage\"},\"image\":{\"@id\":\"https:\/\/drsedattatar.com\/tr\/koruyucu-estetik-prejuvenation-nedir-20li-ve-30lu-yaslarda-baslanmasi-gereken-islemler\/#primaryimage\"},\"thumbnailUrl\":\"https:\/\/drsedattatar.com\/tr\/wp-content\/uploads\/2026\/04\/126-Kapak-TR.jpg\",\"datePublished\":\"2026-04-22T12:27:05+00:00\",\"dateModified\":\"2026-04-22T13:07:42+00:00\",\"description\":\"Koruyucu estetik nedir ve 20\u2019li\u201330\u2019lu ya\u015flarda neden \u00f6nemlidir? Erken d\u00f6nemde yap\u0131lan uygulamalar, ya\u015flanma belirtilerinin daha kontroll\u00fc ilerlemesini sa\u011flar.\",\"breadcrumb\":{\"@id\":\"https:\/\/drsedattatar.com\/tr\/koruyucu-estetik-prejuvenation-nedir-20li-ve-30lu-yaslarda-baslanmasi-gereken-islemler\/#breadcrumb\"},\"inLanguage\":\"tr\",\"potentialAction\":[{\"@type\":\"ReadAction\",\"target\":[\"https:\/\/drsedattatar.com\/tr\/koruyucu-estetik-prejuvenation-nedir-20li-ve-30lu-yaslarda-baslanmasi-gereken-islemler\/\"]}]},{\"@type\":\"ImageObject\",\"inLanguage\":\"tr\",\"@id\":\"https:\/\/drsedattatar.com\/tr\/koruyucu-estetik-prejuvenation-nedir-20li-ve-30lu-yaslarda-baslanmasi-gereken-islemler\/#primaryimage\",\"url\":\"https:\/\/drsedattatar.com\/tr\/wp-content\/uploads\/2026\/04\/126-Kapak-TR.jpg\",\"contentUrl\":\"https:\/\/drsedattatar.com\/tr\/wp-content\/uploads\/2026\/04\/126-Kapak-TR.jpg\",\"width\":1920,\"height\":1080},{\"@type\":\"BreadcrumbList\",\"@id\":\"https:\/\/drsedattatar.com\/tr\/koruyucu-estetik-prejuvenation-nedir-20li-ve-30lu-yaslarda-baslanmasi-gereken-islemler\/#breadcrumb\",\"itemListElement\":[{\"@type\":\"ListItem\",\"position\":1,\"name\":\"Anasayfa\",\"item\":\"https:\/\/drsedattatar.com\/tr\/\"},{\"@type\":\"ListItem\",\"position\":2,\"name\":\"Koruyucu Estetik (Prejuvenation) Nedir? 20&#8217;li ve 30&#8217;lu Ya\u015flarda Ba\u015flanmas\u0131 Gereken \u0130\u015flemler\"}]},{\"@type\":\"WebSite\",\"@id\":\"https:\/\/drsedattatar.com\/tr\/#website\",\"url\":\"https:\/\/drsedattatar.com\/tr\/\",\"name\":\"\u0130stanbul Estetik, Plastik ve Rekonstr\u00fcktif Cerrahi - Do\u00e7. Dr. Sedat Tatar\",\"description\":\"\u0130stanbul Estetik, Plastik ve Rekonstr\u00fcktif Cerrahi alan\u0131nda deneyimli Do\u00e7. Dr. Sedat Tatar ile hayallerinizi ger\u00e7e\u011fe d\u00f6n\u00fc\u015ft\u00fcr\u00fcn ve kendinizi en iyi \u015fekilde hissedin.\",\"publisher\":{\"@id\":\"https:\/\/drsedattatar.com\/tr\/#organization\"},\"potentialAction\":[{\"@type\":\"SearchAction\",\"target\":{\"@type\":\"EntryPoint\",\"urlTemplate\":\"https:\/\/drsedattatar.com\/tr\/?s={search_term_string}\"},\"query-input\":{\"@type\":\"PropertyValueSpecification\",\"valueRequired\":true,\"valueName\":\"search_term_string\"}}],\"inLanguage\":\"tr\"},{\"@type\":\"Organization\",\"@id\":\"https:\/\/drsedattatar.com\/tr\/#organization\",\"name\":\"\u0130stanbul Estetik, Plastik ve Rekonstr\u00fcktif Cerrahi - Do\u00e7. Dr. Sedat Tatar\",\"url\":\"https:\/\/drsedattatar.com\/tr\/\",\"logo\":{\"@type\":\"ImageObject\",\"inLanguage\":\"tr\",\"@id\":\"https:\/\/drsedattatar.com\/tr\/#\/schema\/logo\/image\/\",\"url\":\"https:\/\/drsedattatar.com\/tr\/wp-content\/uploads\/2023\/06\/cropped-cropped-cropped-dr-sedat-tatar-estetik-plastik-logo.webp\",\"contentUrl\":\"https:\/\/drsedattatar.com\/tr\/wp-content\/uploads\/2023\/06\/cropped-cropped-cropped-dr-sedat-tatar-estetik-plastik-logo.webp\",\"width\":1505,\"height\":602,\"caption\":\"\u0130stanbul Estetik, Plastik ve Rekonstr\u00fcktif Cerrahi - Do\u00e7. Dr. Sedat Tatar\"},\"image\":{\"@id\":\"https:\/\/drsedattatar.com\/tr\/#\/schema\/logo\/image\/\"}},{\"@type\":\"Person\",\"@id\":\"https:\/\/drsedattatar.com\/tr\/#\/schema\/person\/aa22f82cb49cf6b0e8e4c2fdd472308a\",\"name\":\"Sedat Tatar\",\"image\":{\"@type\":\"ImageObject\",\"inLanguage\":\"tr\",\"@id\":\"https:\/\/drsedattatar.com\/tr\/#\/schema\/person\/image\/\",\"url\":\"https:\/\/secure.gravatar.com\/avatar\/dea798d972982cc67ccc601a56275438ae42ec5d4557bb1f2fb426553e72d1a1?s=96&d=mm&r=g\",\"contentUrl\":\"https:\/\/secure.gravatar.com\/avatar\/dea798d972982cc67ccc601a56275438ae42ec5d4557bb1f2fb426553e72d1a1?s=96&d=mm&r=g\",\"caption\":\"Sedat Tatar\"},\"sameAs\":[\"http:\/\/drsedattatar.com\/tr\"],\"url\":\"https:\/\/drsedattatar.com\/tr\/author\/admin\/\"}]}<\/script>\n<!-- \/ Yoast SEO plugin. -->","yoast_head_json":{"title":"Koruyucu Estetik (Prejuvenation) Nedir? 20'li ve 30'lu Ya\u015flarda Ba\u015flanmas\u0131 Gereken \u0130\u015flemler - \u0130stanbul Estetik, Plastik ve Rekonstr\u00fcktif Cerrahi - Do\u00e7. Dr. Sedat Tatar","description":"Koruyucu estetik nedir ve 20\u2019li\u201330\u2019lu ya\u015flarda neden \u00f6nemlidir? Erken d\u00f6nemde yap\u0131lan uygulamalar, ya\u015flanma belirtilerinin daha kontroll\u00fc ilerlemesini sa\u011flar.","robots":{"index":"index","follow":"follow","max-snippet":"max-snippet:-1","max-image-preview":"max-image-preview:large","max-video-preview":"max-video-preview:-1"},"canonical":"https:\/\/drsedattatar.com\/tr\/koruyucu-estetik-prejuvenation-nedir-20li-ve-30lu-yaslarda-baslanmasi-gereken-islemler\/","og_locale":"tr_TR","og_type":"article","og_title":"Koruyucu Estetik (Prejuvenation) Nedir? 20'li ve 30'lu Ya\u015flarda Ba\u015flanmas\u0131 Gereken \u0130\u015flemler - \u0130stanbul Estetik, Plastik ve Rekonstr\u00fcktif Cerrahi - Do\u00e7. Dr. Sedat Tatar","og_description":"Koruyucu estetik nedir ve 20\u2019li\u201330\u2019lu ya\u015flarda neden \u00f6nemlidir? Erken d\u00f6nemde yap\u0131lan uygulamalar, ya\u015flanma belirtilerinin daha kontroll\u00fc ilerlemesini sa\u011flar.","og_url":"https:\/\/drsedattatar.com\/tr\/koruyucu-estetik-prejuvenation-nedir-20li-ve-30lu-yaslarda-baslanmasi-gereken-islemler\/","og_site_name":"\u0130stanbul Estetik, Plastik ve Rekonstr\u00fcktif Cerrahi - Do\u00e7. Dr. Sedat Tatar","article_published_time":"2026-04-22T12:27:05+00:00","article_modified_time":"2026-04-22T13:07:42+00:00","og_image":[{"width":1920,"height":1080,"url":"https:\/\/drsedattatar.com\/tr\/wp-content\/uploads\/2026\/04\/126-Kapak-TR.jpg","type":"image\/jpeg"}],"author":"Sedat Tatar","twitter_card":"summary_large_image","twitter_misc":{"Yazan:":"Sedat Tatar","Tahmini okuma s\u00fcresi":"5 dakika"},"schema":{"@context":"https:\/\/schema.org","@graph":[{"@type":"Article","@id":"https:\/\/drsedattatar.com\/tr\/koruyucu-estetik-prejuvenation-nedir-20li-ve-30lu-yaslarda-baslanmasi-gereken-islemler\/#article","isPartOf":{"@id":"https:\/\/drsedattatar.com\/tr\/koruyucu-estetik-prejuvenation-nedir-20li-ve-30lu-yaslarda-baslanmasi-gereken-islemler\/"},"author":{"name":"Sedat Tatar","@id":"https:\/\/drsedattatar.com\/tr\/#\/schema\/person\/aa22f82cb49cf6b0e8e4c2fdd472308a"},"headline":"Koruyucu Estetik (Prejuvenation) Nedir? 20&#8217;li ve 30&#8217;lu Ya\u015flarda Ba\u015flanmas\u0131 Gereken \u0130\u015flemler","datePublished":"2026-04-22T12:27:05+00:00","dateModified":"2026-04-22T13:07:42+00:00","mainEntityOfPage":{"@id":"https:\/\/drsedattatar.com\/tr\/koruyucu-estetik-prejuvenation-nedir-20li-ve-30lu-yaslarda-baslanmasi-gereken-islemler\/"},"wordCount":1090,"publisher":{"@id":"https:\/\/drsedattatar.com\/tr\/#organization"},"image":{"@id":"https:\/\/drsedattatar.com\/tr\/koruyucu-estetik-prejuvenation-nedir-20li-ve-30lu-yaslarda-baslanmasi-gereken-islemler\/#primaryimage"},"thumbnailUrl":"https:\/\/drsedattatar.com\/tr\/wp-content\/uploads\/2026\/04\/126-Kapak-TR.jpg","articleSection":["Plastik Cerrahi Blog"],"inLanguage":"tr"},{"@type":"WebPage","@id":"https:\/\/drsedattatar.com\/tr\/koruyucu-estetik-prejuvenation-nedir-20li-ve-30lu-yaslarda-baslanmasi-gereken-islemler\/","url":"https:\/\/drsedattatar.com\/tr\/koruyucu-estetik-prejuvenation-nedir-20li-ve-30lu-yaslarda-baslanmasi-gereken-islemler\/","name":"Koruyucu Estetik (Prejuvenation) Nedir? 20'li ve 30'lu Ya\u015flarda Ba\u015flanmas\u0131 Gereken \u0130\u015flemler - \u0130stanbul Estetik, Plastik ve Rekonstr\u00fcktif Cerrahi - Do\u00e7. Dr. Sedat Tatar","isPartOf":{"@id":"https:\/\/drsedattatar.com\/tr\/#website"},"primaryImageOfPage":{"@id":"https:\/\/drsedattatar.com\/tr\/koruyucu-estetik-prejuvenation-nedir-20li-ve-30lu-yaslarda-baslanmasi-gereken-islemler\/#primaryimage"},"image":{"@id":"https:\/\/drsedattatar.com\/tr\/koruyucu-estetik-prejuvenation-nedir-20li-ve-30lu-yaslarda-baslanmasi-gereken-islemler\/#primaryimage"},"thumbnailUrl":"https:\/\/drsedattatar.com\/tr\/wp-content\/uploads\/2026\/04\/126-Kapak-TR.jpg","datePublished":"2026-04-22T12:27:05+00:00","dateModified":"2026-04-22T13:07:42+00:00","description":"Koruyucu estetik nedir ve 20\u2019li\u201330\u2019lu ya\u015flarda neden \u00f6nemlidir? Erken d\u00f6nemde yap\u0131lan uygulamalar, ya\u015flanma belirtilerinin daha kontroll\u00fc ilerlemesini sa\u011flar.","breadcrumb":{"@id":"https:\/\/drsedattatar.com\/tr\/koruyucu-estetik-prejuvenation-nedir-20li-ve-30lu-yaslarda-baslanmasi-gereken-islemler\/#breadcrumb"},"inLanguage":"tr","potentialAction":[{"@type":"ReadAction","target":["https:\/\/drsedattatar.com\/tr\/koruyucu-estetik-prejuvenation-nedir-20li-ve-30lu-yaslarda-baslanmasi-gereken-islemler\/"]}]},{"@type":"ImageObject","inLanguage":"tr","@id":"https:\/\/drsedattatar.com\/tr\/koruyucu-estetik-prejuvenation-nedir-20li-ve-30lu-yaslarda-baslanmasi-gereken-islemler\/#primaryimage","url":"https:\/\/drsedattatar.com\/tr\/wp-content\/uploads\/2026\/04\/126-Kapak-TR.jpg","contentUrl":"https:\/\/drsedattatar.com\/tr\/wp-content\/uploads\/2026\/04\/126-Kapak-TR.jpg","width":1920,"height":1080},{"@type":"BreadcrumbList","@id":"https:\/\/drsedattatar.com\/tr\/koruyucu-estetik-prejuvenation-nedir-20li-ve-30lu-yaslarda-baslanmasi-gereken-islemler\/#breadcrumb","itemListElement":[{"@type":"ListItem","position":1,"name":"Anasayfa","item":"https:\/\/drsedattatar.com\/tr\/"},{"@type":"ListItem","position":2,"name":"Koruyucu Estetik (Prejuvenation) Nedir? 20&#8217;li ve 30&#8217;lu Ya\u015flarda Ba\u015flanmas\u0131 Gereken \u0130\u015flemler"}]},{"@type":"WebSite","@id":"https:\/\/drsedattatar.com\/tr\/#website","url":"https:\/\/drsedattatar.com\/tr\/","name":"\u0130stanbul Estetik, Plastik ve Rekonstr\u00fcktif Cerrahi - Do\u00e7. Dr. Sedat Tatar","description":"\u0130stanbul Estetik, Plastik ve Rekonstr\u00fcktif Cerrahi alan\u0131nda deneyimli Do\u00e7. Dr. Sedat Tatar ile hayallerinizi ger\u00e7e\u011fe d\u00f6n\u00fc\u015ft\u00fcr\u00fcn ve kendinizi en iyi \u015fekilde hissedin.","publisher":{"@id":"https:\/\/drsedattatar.com\/tr\/#organization"},"potentialAction":[{"@type":"SearchAction","target":{"@type":"EntryPoint","urlTemplate":"https:\/\/drsedattatar.com\/tr\/?s={search_term_string}"},"query-input":{"@type":"PropertyValueSpecification","valueRequired":true,"valueName":"search_term_string"}}],"inLanguage":"tr"},{"@type":"Organization","@id":"https:\/\/drsedattatar.com\/tr\/#organization","name":"\u0130stanbul Estetik, Plastik ve Rekonstr\u00fcktif Cerrahi - Do\u00e7. Dr. Sedat Tatar","url":"https:\/\/drsedattatar.com\/tr\/","logo":{"@type":"ImageObject","inLanguage":"tr","@id":"https:\/\/drsedattatar.com\/tr\/#\/schema\/logo\/image\/","url":"https:\/\/drsedattatar.com\/tr\/wp-content\/uploads\/2023\/06\/cropped-cropped-cropped-dr-sedat-tatar-estetik-plastik-logo.webp","contentUrl":"https:\/\/drsedattatar.com\/tr\/wp-content\/uploads\/2023\/06\/cropped-cropped-cropped-dr-sedat-tatar-estetik-plastik-logo.webp","width":1505,"height":602,"caption":"\u0130stanbul Estetik, Plastik ve Rekonstr\u00fcktif Cerrahi - Do\u00e7. Dr. Sedat Tatar"},"image":{"@id":"https:\/\/drsedattatar.com\/tr\/#\/schema\/logo\/image\/"}},{"@type":"Person","@id":"https:\/\/drsedattatar.com\/tr\/#\/schema\/person\/aa22f82cb49cf6b0e8e4c2fdd472308a","name":"Sedat Tatar","image":{"@type":"ImageObject","inLanguage":"tr","@id":"https:\/\/drsedattatar.com\/tr\/#\/schema\/person\/image\/","url":"https:\/\/secure.gravatar.com\/avatar\/dea798d972982cc67ccc601a56275438ae42ec5d4557bb1f2fb426553e72d1a1?s=96&d=mm&r=g","contentUrl":"https:\/\/secure.gravatar.com\/avatar\/dea798d972982cc67ccc601a56275438ae42ec5d4557bb1f2fb426553e72d1a1?s=96&d=mm&r=g","caption":"Sedat Tatar"},"sameAs":["http:\/\/drsedattatar.com\/tr"],"url":"https:\/\/drsedattatar.com\/tr\/author\/admin\/"}]}},"taxonomy_info":{"category":[{"value":14,"label":"Plastik Cerrahi Blog"}]},"featured_image_src_large":["https:\/\/drsedattatar.com\/tr\/wp-content\/uploads\/2026\/04\/126-Kapak-TR-1024x576.jpg",1024,576,true],"author_info":{"display_name":"Sedat Tatar","author_link":"https:\/\/drsedattatar.com\/tr\/author\/admin\/"},"comment_info":0,"category_info":[{"term_id":14,"name":"Plastik Cerrahi Blog","slug":"plastik-cerrahi-blog","term_group":0,"term_taxonomy_id":14,"taxonomy":"category","description":"","parent":0,"count":155,"filter":"raw","cat_ID":14,"category_count":155,"category_description":"","cat_name":"Plastik Cerrahi Blog","category_nicename":"plastik-cerrahi-blog","category_parent":0}],"tag_info":false,"_links":{"self":[{"href":"https:\/\/drsedattatar.com\/tr\/wp-json\/wp\/v2\/posts\/3323","targetHints":{"allow":["GET"]}}],"collection":[{"href":"https:\/\/drsedattatar.com\/tr\/wp-json\/wp\/v2\/posts"}],"about":[{"href":"https:\/\/drsedattatar.com\/tr\/wp-json\/wp\/v2\/types\/post"}],"author":[{"embeddable":true,"href":"https:\/\/drsedattatar.com\/tr\/wp-json\/wp\/v2\/users\/1"}],"replies":[{"embeddable":true,"href":"https:\/\/drsedattatar.com\/tr\/wp-json\/wp\/v2\/comments?post=3323"}],"version-history":[{"count":1,"href":"https:\/\/drsedattatar.com\/tr\/wp-json\/wp\/v2\/posts\/3323\/revisions"}],"predecessor-version":[{"id":3325,"href":"https:\/\/drsedattatar.com\/tr\/wp-json\/wp\/v2\/posts\/3323\/revisions\/3325"}],"wp:featuredmedia":[{"embeddable":true,"href":"https:\/\/drsedattatar.com\/tr\/wp-json\/wp\/v2\/media\/3324"}],"wp:attachment":[{"href":"https:\/\/drsedattatar.com\/tr\/wp-json\/wp\/v2\/media?parent=3323"}],"wp:term":[{"taxonomy":"category","embeddable":true,"href":"https:\/\/drsedattatar.com\/tr\/wp-json\/wp\/v2\/categories?post=3323"},{"taxonomy":"post_tag","embeddable":true,"href":"https:\/\/drsedattatar.com\/tr\/wp-json\/wp\/v2\/tags?post=3323"}],"curies":[{"name":"wp","href":"https:\/\/api.w.org\/{rel}","templated":true}]}}