{"id":3337,"date":"2026-04-23T07:38:56","date_gmt":"2026-04-23T07:38:56","guid":{"rendered":"https:\/\/drsedattatar.com\/tr\/?p=3337"},"modified":"2026-04-23T07:38:57","modified_gmt":"2026-04-23T07:38:57","slug":"estetik-ameliyat-sonrasi-su-tuketimi-neden-artmalidir-iyilesme-surecinde-suyun-rolu","status":"publish","type":"post","link":"https:\/\/drsedattatar.com\/tr\/estetik-ameliyat-sonrasi-su-tuketimi-neden-artmalidir-iyilesme-surecinde-suyun-rolu\/","title":{"rendered":"Estetik Ameliyat Sonras\u0131 Su T\u00fcketimi Neden Artmal\u0131d\u0131r? \u0130yile\u015fme S\u00fcrecinde Suyun Rol\u00fc"},"content":{"rendered":"\n<p>Estetik ameliyatlar sonras\u0131nda iyile\u015fme s\u00fcreci, yaln\u0131zca cerrahi m\u00fcdahalenin ba\u015far\u0131s\u0131na de\u011fil, ayn\u0131 zamanda v\u00fccudun bu s\u00fcrece nas\u0131l yan\u0131t verdi\u011fine de ba\u011fl\u0131d\u0131r. Bu yan\u0131t\u0131n en temel belirleyicilerinden biri ise su t\u00fcketimidir. \u00c7o\u011fu zaman basit bir al\u0131\u015fkanl\u0131k gibi g\u00f6r\u00fclen yeterli su i\u00e7me, ameliyat sonras\u0131 d\u00f6nemde doku onar\u0131m\u0131ndan \u00f6dem kontrol\u00fcne kadar bir\u00e7ok s\u00fcreci do\u011frudan etkiler.<\/p>\n\n\n\n<p>V\u00fccut, cerrahi m\u00fcdahale sonras\u0131 kendini onarmak i\u00e7in daha yo\u011fun bir metabolik aktivite i\u00e7ine girer. Bu s\u00fcre\u00e7te h\u00fccrelerin ihtiya\u00e7 duydu\u011fu oksijen ve besin maddelerinin ta\u015f\u0131nmas\u0131, ayn\u0131 zamanda olu\u015fan at\u0131klar\u0131n uzakla\u015ft\u0131r\u0131lmas\u0131 gerekir. T\u00fcm bu mekanizmalar\u0131n sa\u011fl\u0131kl\u0131 \u015fekilde i\u015flemesi ise b\u00fcy\u00fck \u00f6l\u00e7\u00fcde yeterli s\u0131v\u0131 al\u0131m\u0131na ba\u011fl\u0131d\u0131r.<\/p>\n\n\n\n<h2 class=\"wp-block-heading\"><a><\/a><strong>Estetik Ameliyat Sonras\u0131 D\u00f6nemde V\u00fccutta Neler De\u011fi\u015fir?<\/strong><\/h2>\n\n\n\n<p>Ameliyat sonras\u0131 d\u00f6nemde v\u00fccut, kontroll\u00fc bir inflamasyon s\u00fcrecine girer. Bu s\u00fcre\u00e7, asl\u0131nda iyile\u015fmenin do\u011fal bir par\u00e7as\u0131d\u0131r. Doku hasar\u0131 sonras\u0131 ba\u011f\u0131\u015f\u0131kl\u0131k sistemi aktive olur, h\u00fccresel yenilenme ba\u015flar ve yeni doku olu\u015fumu i\u00e7in gerekli mekanizmalar devreye girer.<\/p>\n\n\n\n<p>Bu s\u00fcre\u00e7te s\u0131v\u0131 dengesi \u00f6nemli \u00f6l\u00e7\u00fcde de\u011fi\u015febilir. Ameliyat s\u0131ras\u0131nda ve sonras\u0131nda olu\u015fan s\u0131v\u0131 kayb\u0131, \u00f6dem olu\u015fumu ve dola\u015f\u0131mda meydana gelen de\u011fi\u015fiklikler, v\u00fccudun su ihtiyac\u0131n\u0131 art\u0131r\u0131r. Bu nedenle normalden daha fazla su t\u00fcketmek, bu dengeyi yeniden kurmaya yard\u0131mc\u0131 olur.<\/p>\n\n\n\n<h2 class=\"wp-block-heading\"><a><\/a><strong>Su T\u00fcketimi Doku \u0130yile\u015fmesini Nas\u0131l Destekler?<\/strong><\/h2>\n\n\n\n<p>Yeterli su t\u00fcketimi, h\u00fccrelerin sa\u011fl\u0131kl\u0131 \u00e7al\u0131\u015fabilmesi i\u00e7in temel bir gerekliliktir. H\u00fccre i\u00e7i ve h\u00fccre d\u0131\u015f\u0131 s\u0131v\u0131 dengesi, doku onar\u0131m s\u00fcrecinde kritik rol oynar. Su, besin maddelerinin h\u00fccrelere ta\u015f\u0131nmas\u0131n\u0131 kolayla\u015ft\u0131r\u0131rken, ayn\u0131 zamanda h\u00fccresel at\u0131klar\u0131n uzakla\u015ft\u0131r\u0131lmas\u0131na yard\u0131mc\u0131 olur.<\/p>\n\n\n\n<p>Ameliyat sonras\u0131 d\u00f6nemde yeni kolajen \u00fcretimi ve doku yenilenmesi s\u00fcreci h\u0131zlan\u0131r. Bu s\u00fcre\u00e7te yeterli hidrasyon sa\u011flanmad\u0131\u011f\u0131nda, h\u00fccresel faaliyetler yava\u015flayabilir ve iyile\u015fme s\u00fcresi uzayabilir.<\/p>\n\n\n\n<p>Bu nedenle su t\u00fcketimi, do\u011frudan \u201ciyile\u015fmeyi h\u0131zland\u0131ran\u201d bir fakt\u00f6r olmasa da iyile\u015fme s\u00fcrecinin sa\u011fl\u0131kl\u0131 ilerlemesi i\u00e7in gerekli altyap\u0131y\u0131 olu\u015fturur.<\/p>\n\n\n\n<h2 class=\"wp-block-heading\"><a><\/a><strong>Mikro Dola\u015f\u0131m ve Suyun Rol\u00fc<\/strong><\/h2>\n\n\n\n<p>Doku iyile\u015fmesinde \u00f6nemli bir di\u011fer fakt\u00f6r de mikro dola\u015f\u0131md\u0131r. K\u0131lcal damarlar arac\u0131l\u0131\u011f\u0131yla ger\u00e7ekle\u015fen bu dola\u015f\u0131m, dokular\u0131n oksijen ve besin ihtiyac\u0131n\u0131 kar\u015f\u0131lar. Ayn\u0131 zamanda iyile\u015fme s\u00fcrecinde olu\u015fan at\u0131k maddelerin uzakla\u015ft\u0131r\u0131lmas\u0131n\u0131 sa\u011flar.<\/p>\n\n\n\n<p>Yeterli su t\u00fcketimi, kan\u0131n ak\u0131\u015fkanl\u0131\u011f\u0131n\u0131 koruyarak dola\u015f\u0131m\u0131n daha etkin \u00e7al\u0131\u015fmas\u0131na katk\u0131 sa\u011flar. Bu durum, \u00f6zellikle ameliyat sonras\u0131 hassas olan dokular\u0131n daha iyi beslenmesine yard\u0131mc\u0131 olur.<\/p>\n\n\n\n<p>Yetersiz s\u0131v\u0131 al\u0131m\u0131 ise dola\u015f\u0131m\u0131n yava\u015flamas\u0131na ve dolayl\u0131 olarak iyile\u015fme s\u00fcrecinin olumsuz etkilenmesine neden olabilir.<\/p>\n\n\n\n<h2 class=\"wp-block-heading\"><a><\/a><strong>\u00d6dem ve \u015ei\u015flik \u00dczerindeki Etkisi<\/strong><\/h2>\n\n\n\n<p>Ameliyat sonras\u0131 d\u00f6nemde en s\u0131k kar\u015f\u0131la\u015f\u0131lan durumlardan biri \u00f6demdir. V\u00fccudun verdi\u011fi do\u011fal bir yan\u0131t olan \u00f6dem, belirli bir s\u00fcre devam edebilir. Ancak bu s\u00fcrecin nas\u0131l y\u00f6netildi\u011fi, iyile\u015fmenin konforunu do\u011frudan etkiler.<\/p>\n\n\n\n<p>Yeterli su t\u00fcketimi, \u00f6demin azalt\u0131lmas\u0131na yard\u0131mc\u0131 olabilir. Bu durum ilk bak\u0131\u015fta \u00e7eli\u015fkili gibi g\u00f6r\u00fcnse de v\u00fccut yeterli s\u0131v\u0131 ald\u0131\u011f\u0131nda fazla s\u0131v\u0131y\u0131 tutma e\u011filimi azal\u0131r. B\u00f6ylece \u00f6demin daha h\u0131zl\u0131 \u00e7\u00f6z\u00fclmesi desteklenir.<\/p>\n\n\n\n<p>Ayn\u0131 zamanda lenfatik sistemin daha etkin \u00e7al\u0131\u015fmas\u0131, s\u0131v\u0131 dengesinin sa\u011flanmas\u0131nda \u00f6nemli rol oynar ve bu sistem de yeterli hidrasyondan do\u011frudan etkilenir.<\/p>\n\n\n\n<h2 class=\"wp-block-heading\"><a><\/a><strong>\u0130la\u00e7 Kullan\u0131m\u0131 ve Su T\u00fcketimi<\/strong><\/h2>\n\n\n\n<p>Ameliyat sonras\u0131 d\u00f6nemde kullan\u0131lan a\u011fr\u0131 kesiciler, antibiyotikler ve di\u011fer destekleyici ila\u00e7lar, v\u00fccutta metabolize edilirken belirli bir s\u0131v\u0131 ihtiyac\u0131 olu\u015fturur. Yeterli su t\u00fcketimi, bu ila\u00e7lar\u0131n v\u00fccuttan daha dengeli \u015fekilde at\u0131lmas\u0131na yard\u0131mc\u0131 olur.<\/p>\n\n\n\n<p>Ayr\u0131ca baz\u0131 ila\u00e7lar, dolayl\u0131 olarak v\u00fccutta s\u0131v\u0131 dengesini etkileyebilir. Bu nedenle d\u00fczenli ve yeterli su i\u00e7mek hem ila\u00e7lar\u0131n etkisini destekler hem de yan etkilerin y\u00f6netilmesine katk\u0131 sa\u011flayabilir.<\/p>\n\n\n\n<h2 class=\"wp-block-heading\"><a><\/a><strong>Cilt Kalitesi ve Su T\u00fcketimi<\/strong><\/h2>\n\n\n\n<p>Ameliyat sonras\u0131 d\u00f6nemde cilt, iyile\u015fme s\u00fcrecinin \u00f6nemli bir par\u00e7as\u0131d\u0131r. Yeterli su t\u00fcketimi, cildin nem dengesini koruyarak daha sa\u011fl\u0131kl\u0131 bir g\u00f6r\u00fcn\u00fcm elde edilmesine yard\u0131mc\u0131 olabilir.<\/p>\n\n\n\n<p>Ciltteki kuruluk, gerginlik hissi ve hassasiyet gibi durumlar, yetersiz hidrasyon ile daha belirgin hale gelebilir. Bu nedenle su t\u00fcketimi, yaln\u0131zca i\u00e7 organlar i\u00e7in de\u011fil, cilt sa\u011fl\u0131\u011f\u0131 i\u00e7in de \u00f6nemli bir fakt\u00f6rd\u00fcr.<\/p>\n\n\n\n<p>Ancak su t\u00fcketiminin tek ba\u015f\u0131na cilt kalitesini belirlemedi\u011fi, di\u011fer fakt\u00f6rlerle birlikte de\u011ferlendirilmesi gerekti\u011fi unutulmamal\u0131d\u0131r.<\/p>\n\n\n\n<h2 class=\"wp-block-heading\"><a><\/a><strong>Ne Kadar Su T\u00fcketilmeli?<\/strong><\/h2>\n\n\n\n<p>Ameliyat sonras\u0131 d\u00f6nemde ne kadar su t\u00fcketilmesi gerekti\u011fi, ki\u015fisel fakt\u00f6rlere ba\u011fl\u0131 olarak de\u011fi\u015fir. V\u00fccut a\u011f\u0131rl\u0131\u011f\u0131, yap\u0131lan ameliyat\u0131n kapsam\u0131, kullan\u0131lan ila\u00e7lar ve genel sa\u011fl\u0131k durumu bu ihtiyac\u0131 etkileyebilir.<\/p>\n\n\n\n<p>Genel olarak g\u00fcnl\u00fck su t\u00fcketiminin art\u0131r\u0131lmas\u0131 \u00f6nerilir. Ancak bu art\u0131\u015f\u0131n dengeli olmas\u0131 \u00f6nemlidir. A\u015f\u0131r\u0131 su t\u00fcketimi de baz\u0131 durumlarda istenmeyen sonu\u00e7lara yol a\u00e7abilir.<\/p>\n\n\n\n<p>Bu nedenle en do\u011fru yakla\u015f\u0131m, bireysel ihtiya\u00e7lara g\u00f6re belirlenen ve g\u00fcn i\u00e7ine dengeli \u015fekilde yay\u0131lan bir su t\u00fcketimidir.<\/p>\n\n\n\n<h2 class=\"wp-block-heading\"><a><\/a><strong>Su T\u00fcketimini Destekleyen Al\u0131\u015fkanl\u0131klar<\/strong><\/h2>\n\n\n\n<p>Ameliyat sonras\u0131 d\u00f6nemde d\u00fczenli su i\u00e7mek her zaman kolay olmayabilir. Bu nedenle su t\u00fcketimini destekleyen k\u00fc\u00e7\u00fck al\u0131\u015fkanl\u0131klar geli\u015ftirmek faydal\u0131 olabilir.<\/p>\n\n\n\n<p>G\u00fcn i\u00e7inde belirli aral\u0131klarla su i\u00e7mek, susamay\u0131 beklemeden s\u0131v\u0131 almak ve kafeinli i\u00e7eceklerin a\u015f\u0131r\u0131 t\u00fcketiminden ka\u00e7\u0131nmak bu s\u00fcreci destekleyebilir. Ayr\u0131ca suyun yan\u0131 s\u0131ra, s\u0131v\u0131 i\u00e7eri\u011fi y\u00fcksek besinler de toplam hidrasyona katk\u0131 sa\u011flar.<\/p>\n\n\n\n<h2 class=\"wp-block-heading\"><a><\/a><strong>\u0130yile\u015fme S\u00fcrecinde Suyun Yeri<\/strong><\/h2>\n\n\n\n<p>Ameliyat sonras\u0131 iyile\u015fme s\u00fcreci, bir\u00e7ok fakt\u00f6r\u00fcn bir araya gelmesiyle \u015fekillenir. Su t\u00fcketimi bu fakt\u00f6rlerden yaln\u0131zca biridir, ancak temel bir rol oynar. Yeterli hidrasyon, doku onar\u0131m\u0131ndan dola\u015f\u0131ma kadar bir\u00e7ok s\u00fcreci destekler.<\/p>\n\n\n\n<p>Bu nedenle ameliyat sonras\u0131 d\u00f6nemde su t\u00fcketimi, ihmal edilmemesi gereken basit ama etkili bir al\u0131\u015fkanl\u0131k olarak de\u011ferlendirilmelidir. V\u00fccudun ihtiya\u00e7 duydu\u011fu deste\u011fi sa\u011flamak, s\u00fcrecin daha dengeli ilerlemesine katk\u0131 sa\u011flar.<\/p>\n\n\n\n<p><strong>Hekim Bilgisi<\/strong><\/p>\n\n\n\n<p id=\"block-a7476fa1-5aba-49b7-811f-cdbc4833f823\"><strong>Do\u00e7. Dr. Sedat Tatar<\/strong>, iki ayr\u0131 uluslararas\u0131 kurul taraf\u0131ndan sertifikaland\u0131r\u0131lm\u0131\u015f (Double Board Certified) Plastik, Rekonstr\u00fcktif ve Estetik Cerrahi uzman\u0131d\u0131r. <strong>American College of Surgeons Fellow (FACS)<\/strong> ve <strong>European Board of Plastic, Reconstructive and Aesthetic Surgery Fellow (FEBOPRAS)<\/strong> unvanlar\u0131na sahiptir.<\/p>\n\n\n\n<p id=\"block-b4169953-a4b6-437c-9fbd-abc2bc8abbee\">Uluslararas\u0131 profesyonel \u00fcyelikleri aras\u0131nda <strong>ISAPS (International Society of Aesthetic Plastic Surgery)<\/strong> ve <strong>ASPS (American Society of Plastic Surgeons)<\/strong> bulunmaktad\u0131r. Klini\u011fi \u0130stanbul\u2019da <strong>T\u00fcrkiye Sa\u011fl\u0131k Bakanl\u0131\u011f\u0131 taraf\u0131ndan Sa\u011fl\u0131k Turizmi Merkezi olarak yetkilidir<\/strong> ve \u015firketi <strong>Birle\u015fik Krall\u0131k &amp; Galler&#8217;e kay\u0131tl\u0131d\u0131r.<\/strong><\/p>\n\n\n\n<p id=\"block-a1e9e51a-ae8b-4912-bcf7-569957645885\"><strong>\u0130LET\u0130\u015e\u0130M B\u0130LG\u0130LER\u0130<\/strong><\/p>\n\n\n\n<p id=\"block-35aa5dd5-2dbb-4b8a-a0d0-0568699cd5a2\"><strong>Do\u00e7. Dr. Sedar Tatar Klini\u011fi<\/strong><\/p>\n\n\n\n<p id=\"block-f8c5b5c0-0128-4552-9f9c-0cb3388dc884\"><strong>Telefon No :&nbsp;<\/strong><a href=\"tel:+90%20(555)%20100%2010%2083\">+90 (555) 100 10 83<\/a><br><strong>\u0130leti\u015fim Linki :&nbsp;<\/strong><a href=\"mailto:info@drsedattatar.com\">info@drsedattatar.com<\/a><br><strong>Adres :&nbsp;<\/strong>Levent Mahallesi, Karanfil Aral\u0131\u011f\u0131 Caddesi No: 18 Be\u015fikta\u015f\/\u0130STANBUL<\/p>\n\n\n<div class=\"kk-star-ratings kksr-auto kksr-align-center kksr-valign-bottom\"\n    data-payload='{&quot;align&quot;:&quot;center&quot;,&quot;id&quot;:&quot;3337&quot;,&quot;slug&quot;:&quot;default&quot;,&quot;valign&quot;:&quot;bottom&quot;,&quot;ignore&quot;:&quot;&quot;,&quot;reference&quot;:&quot;auto&quot;,&quot;class&quot;:&quot;&quot;,&quot;count&quot;:&quot;0&quot;,&quot;legendonly&quot;:&quot;&quot;,&quot;readonly&quot;:&quot;&quot;,&quot;score&quot;:&quot;0&quot;,&quot;starsonly&quot;:&quot;&quot;,&quot;best&quot;:&quot;5&quot;,&quot;gap&quot;:&quot;5&quot;,&quot;greet&quot;:&quot;\u0130\u00e7eri\u011fimizi Oylay\u0131n!&quot;,&quot;legend&quot;:&quot;0\\\/5 - (0 oy verildi!)&quot;,&quot;size&quot;:&quot;24&quot;,&quot;title&quot;:&quot;Estetik Ameliyat Sonras\u0131 Su T\u00fcketimi Neden Artmal\u0131d\u0131r? \u0130yile\u015fme S\u00fcrecinde Suyun Rol\u00fc&quot;,&quot;width&quot;:&quot;0&quot;,&quot;_legend&quot;:&quot;{score}\\\/{best} - ({count} oy verildi!)&quot;,&quot;font_factor&quot;:&quot;1.25&quot;}'>\n            \n<div class=\"kksr-stars\">\n    \n<div class=\"kksr-stars-inactive\">\n            <div class=\"kksr-star\" data-star=\"1\" style=\"padding-right: 5px\">\n            \n\n<div class=\"kksr-icon\" style=\"width: 24px; height: 24px;\"><\/div>\n        <\/div>\n            <div class=\"kksr-star\" data-star=\"2\" style=\"padding-right: 5px\">\n            \n\n<div class=\"kksr-icon\" style=\"width: 24px; height: 24px;\"><\/div>\n        <\/div>\n            <div class=\"kksr-star\" data-star=\"3\" style=\"padding-right: 5px\">\n            \n\n<div class=\"kksr-icon\" style=\"width: 24px; height: 24px;\"><\/div>\n        <\/div>\n            <div class=\"kksr-star\" data-star=\"4\" style=\"padding-right: 5px\">\n            \n\n<div class=\"kksr-icon\" style=\"width: 24px; height: 24px;\"><\/div>\n        <\/div>\n            <div class=\"kksr-star\" data-star=\"5\" style=\"padding-right: 5px\">\n            \n\n<div class=\"kksr-icon\" style=\"width: 24px; height: 24px;\"><\/div>\n        <\/div>\n    <\/div>\n    \n<div class=\"kksr-stars-active\" style=\"width: 0px;\">\n            <div class=\"kksr-star\" style=\"padding-right: 5px\">\n            \n\n<div class=\"kksr-icon\" style=\"width: 24px; height: 24px;\"><\/div>\n        <\/div>\n            <div class=\"kksr-star\" style=\"padding-right: 5px\">\n            \n\n<div class=\"kksr-icon\" style=\"width: 24px; height: 24px;\"><\/div>\n        <\/div>\n            <div class=\"kksr-star\" style=\"padding-right: 5px\">\n            \n\n<div class=\"kksr-icon\" style=\"width: 24px; height: 24px;\"><\/div>\n        <\/div>\n            <div class=\"kksr-star\" style=\"padding-right: 5px\">\n            \n\n<div class=\"kksr-icon\" style=\"width: 24px; height: 24px;\"><\/div>\n        <\/div>\n            <div class=\"kksr-star\" style=\"padding-right: 5px\">\n            \n\n<div class=\"kksr-icon\" style=\"width: 24px; height: 24px;\"><\/div>\n        <\/div>\n    <\/div>\n<\/div>\n                \n\n<div class=\"kksr-legend\" style=\"font-size: 19.2px;\">\n            <span class=\"kksr-muted\">\u0130\u00e7eri\u011fimizi Oylay\u0131n!<\/span>\n    <\/div>\n    <\/div>\n","protected":false},"excerpt":{"rendered":"<p>Estetik ameliyatlar sonras\u0131nda iyile\u015fme s\u00fcreci, yaln\u0131zca cerrahi m\u00fcdahalenin ba\u015far\u0131s\u0131na de\u011fil, ayn\u0131 zamanda v\u00fccudun bu s\u00fcrece nas\u0131l yan\u0131t verdi\u011fine de ba\u011fl\u0131d\u0131r. Bu yan\u0131t\u0131n en temel belirleyicilerinden biri ise su t\u00fcketimidir. \u00c7o\u011fu zaman basit bir al\u0131\u015fkanl\u0131k gibi g\u00f6r\u00fclen yeterli su i\u00e7me, ameliyat sonras\u0131 d\u00f6nemde doku onar\u0131m\u0131ndan \u00f6dem kontrol\u00fcne kadar bir\u00e7ok s\u00fcreci do\u011frudan etkiler.<\/p>\n","protected":false},"author":1,"featured_media":3338,"comment_status":"closed","ping_status":"open","sticky":false,"template":"","format":"standard","meta":{"_kad_blocks_custom_css":"","_kad_blocks_head_custom_js":"","_kad_blocks_body_custom_js":"","_kad_blocks_footer_custom_js":"","_kadence_starter_templates_imported_post":false,"_kad_post_transparent":"","_kad_post_title":"","_kad_post_layout":"","_kad_post_sidebar_id":"","_kad_post_content_style":"","_kad_post_vertical_padding":"","_kad_post_feature":"","_kad_post_feature_position":"","_kad_post_header":false,"_kad_post_footer":false,"footnotes":""},"categories":[14],"tags":[],"class_list":["post-3337","post","type-post","status-publish","format-standard","has-post-thumbnail","hentry","category-plastik-cerrahi-blog"],"yoast_head":"<!-- This site is optimized with the Yoast SEO plugin v25.9 - https:\/\/yoast.com\/wordpress\/plugins\/seo\/ -->\n<title>Estetik Ameliyat Sonras\u0131 Su T\u00fcketimi Neden Artmal\u0131d\u0131r? \u0130yile\u015fme S\u00fcrecinde Suyun Rol\u00fc - \u0130stanbul Estetik, Plastik ve Rekonstr\u00fcktif Cerrahi - Do\u00e7. Dr. Sedat Tatar<\/title>\n<meta name=\"description\" content=\"Estetik ameliyat sonras\u0131 su t\u00fcketimi, doku onar\u0131m\u0131, mikro dola\u015f\u0131m ve \u00f6dem y\u00f6netimini destekleyerek iyile\u015fme s\u00fcrecinin dengeli ilerlemesine katk\u0131 sa\u011flar.\" \/>\n<meta name=\"robots\" content=\"index, follow, max-snippet:-1, max-image-preview:large, max-video-preview:-1\" \/>\n<link rel=\"canonical\" href=\"https:\/\/drsedattatar.com\/tr\/estetik-ameliyat-sonrasi-su-tuketimi-neden-artmalidir-iyilesme-surecinde-suyun-rolu\/\" \/>\n<meta property=\"og:locale\" content=\"tr_TR\" \/>\n<meta property=\"og:type\" content=\"article\" \/>\n<meta property=\"og:title\" content=\"Estetik Ameliyat Sonras\u0131 Su T\u00fcketimi Neden Artmal\u0131d\u0131r? \u0130yile\u015fme S\u00fcrecinde Suyun Rol\u00fc - \u0130stanbul Estetik, Plastik ve Rekonstr\u00fcktif Cerrahi - Do\u00e7. Dr. Sedat Tatar\" \/>\n<meta property=\"og:description\" content=\"Estetik ameliyat sonras\u0131 su t\u00fcketimi, doku onar\u0131m\u0131, mikro dola\u015f\u0131m ve \u00f6dem y\u00f6netimini destekleyerek iyile\u015fme s\u00fcrecinin dengeli ilerlemesine katk\u0131 sa\u011flar.\" \/>\n<meta property=\"og:url\" content=\"https:\/\/drsedattatar.com\/tr\/estetik-ameliyat-sonrasi-su-tuketimi-neden-artmalidir-iyilesme-surecinde-suyun-rolu\/\" \/>\n<meta property=\"og:site_name\" content=\"\u0130stanbul Estetik, Plastik ve Rekonstr\u00fcktif Cerrahi - Do\u00e7. Dr. Sedat Tatar\" \/>\n<meta property=\"article:published_time\" content=\"2026-04-23T07:38:56+00:00\" \/>\n<meta property=\"article:modified_time\" content=\"2026-04-23T07:38:57+00:00\" \/>\n<meta property=\"og:image\" content=\"https:\/\/drsedattatar.com\/tr\/wp-content\/uploads\/2026\/04\/130-Kapak-TR.jpg\" \/>\n\t<meta property=\"og:image:width\" content=\"1920\" \/>\n\t<meta property=\"og:image:height\" content=\"1080\" \/>\n\t<meta property=\"og:image:type\" content=\"image\/jpeg\" \/>\n<meta name=\"author\" content=\"Sedat Tatar\" \/>\n<meta name=\"twitter:card\" content=\"summary_large_image\" \/>\n<meta name=\"twitter:label1\" content=\"Yazan:\" \/>\n\t<meta name=\"twitter:data1\" content=\"Sedat Tatar\" \/>\n\t<meta name=\"twitter:label2\" content=\"Tahmini okuma s\u00fcresi\" \/>\n\t<meta name=\"twitter:data2\" content=\"6 dakika\" \/>\n<script type=\"application\/ld+json\" class=\"yoast-schema-graph\">{\"@context\":\"https:\/\/schema.org\",\"@graph\":[{\"@type\":\"Article\",\"@id\":\"https:\/\/drsedattatar.com\/tr\/estetik-ameliyat-sonrasi-su-tuketimi-neden-artmalidir-iyilesme-surecinde-suyun-rolu\/#article\",\"isPartOf\":{\"@id\":\"https:\/\/drsedattatar.com\/tr\/estetik-ameliyat-sonrasi-su-tuketimi-neden-artmalidir-iyilesme-surecinde-suyun-rolu\/\"},\"author\":{\"name\":\"Sedat Tatar\",\"@id\":\"https:\/\/drsedattatar.com\/tr\/#\/schema\/person\/aa22f82cb49cf6b0e8e4c2fdd472308a\"},\"headline\":\"Estetik Ameliyat Sonras\u0131 Su T\u00fcketimi Neden Artmal\u0131d\u0131r? \u0130yile\u015fme S\u00fcrecinde Suyun Rol\u00fc\",\"datePublished\":\"2026-04-23T07:38:56+00:00\",\"dateModified\":\"2026-04-23T07:38:57+00:00\",\"mainEntityOfPage\":{\"@id\":\"https:\/\/drsedattatar.com\/tr\/estetik-ameliyat-sonrasi-su-tuketimi-neden-artmalidir-iyilesme-surecinde-suyun-rolu\/\"},\"wordCount\":1280,\"publisher\":{\"@id\":\"https:\/\/drsedattatar.com\/tr\/#organization\"},\"image\":{\"@id\":\"https:\/\/drsedattatar.com\/tr\/estetik-ameliyat-sonrasi-su-tuketimi-neden-artmalidir-iyilesme-surecinde-suyun-rolu\/#primaryimage\"},\"thumbnailUrl\":\"https:\/\/drsedattatar.com\/tr\/wp-content\/uploads\/2026\/04\/130-Kapak-TR.jpg\",\"articleSection\":[\"Plastik Cerrahi Blog\"],\"inLanguage\":\"tr\"},{\"@type\":\"WebPage\",\"@id\":\"https:\/\/drsedattatar.com\/tr\/estetik-ameliyat-sonrasi-su-tuketimi-neden-artmalidir-iyilesme-surecinde-suyun-rolu\/\",\"url\":\"https:\/\/drsedattatar.com\/tr\/estetik-ameliyat-sonrasi-su-tuketimi-neden-artmalidir-iyilesme-surecinde-suyun-rolu\/\",\"name\":\"Estetik Ameliyat Sonras\u0131 Su T\u00fcketimi Neden Artmal\u0131d\u0131r? \u0130yile\u015fme S\u00fcrecinde Suyun Rol\u00fc - \u0130stanbul Estetik, Plastik ve Rekonstr\u00fcktif Cerrahi - Do\u00e7. Dr. Sedat Tatar\",\"isPartOf\":{\"@id\":\"https:\/\/drsedattatar.com\/tr\/#website\"},\"primaryImageOfPage\":{\"@id\":\"https:\/\/drsedattatar.com\/tr\/estetik-ameliyat-sonrasi-su-tuketimi-neden-artmalidir-iyilesme-surecinde-suyun-rolu\/#primaryimage\"},\"image\":{\"@id\":\"https:\/\/drsedattatar.com\/tr\/estetik-ameliyat-sonrasi-su-tuketimi-neden-artmalidir-iyilesme-surecinde-suyun-rolu\/#primaryimage\"},\"thumbnailUrl\":\"https:\/\/drsedattatar.com\/tr\/wp-content\/uploads\/2026\/04\/130-Kapak-TR.jpg\",\"datePublished\":\"2026-04-23T07:38:56+00:00\",\"dateModified\":\"2026-04-23T07:38:57+00:00\",\"description\":\"Estetik ameliyat sonras\u0131 su t\u00fcketimi, doku onar\u0131m\u0131, mikro dola\u015f\u0131m ve \u00f6dem y\u00f6netimini destekleyerek iyile\u015fme s\u00fcrecinin dengeli ilerlemesine katk\u0131 sa\u011flar.\",\"breadcrumb\":{\"@id\":\"https:\/\/drsedattatar.com\/tr\/estetik-ameliyat-sonrasi-su-tuketimi-neden-artmalidir-iyilesme-surecinde-suyun-rolu\/#breadcrumb\"},\"inLanguage\":\"tr\",\"potentialAction\":[{\"@type\":\"ReadAction\",\"target\":[\"https:\/\/drsedattatar.com\/tr\/estetik-ameliyat-sonrasi-su-tuketimi-neden-artmalidir-iyilesme-surecinde-suyun-rolu\/\"]}]},{\"@type\":\"ImageObject\",\"inLanguage\":\"tr\",\"@id\":\"https:\/\/drsedattatar.com\/tr\/estetik-ameliyat-sonrasi-su-tuketimi-neden-artmalidir-iyilesme-surecinde-suyun-rolu\/#primaryimage\",\"url\":\"https:\/\/drsedattatar.com\/tr\/wp-content\/uploads\/2026\/04\/130-Kapak-TR.jpg\",\"contentUrl\":\"https:\/\/drsedattatar.com\/tr\/wp-content\/uploads\/2026\/04\/130-Kapak-TR.jpg\",\"width\":1920,\"height\":1080},{\"@type\":\"BreadcrumbList\",\"@id\":\"https:\/\/drsedattatar.com\/tr\/estetik-ameliyat-sonrasi-su-tuketimi-neden-artmalidir-iyilesme-surecinde-suyun-rolu\/#breadcrumb\",\"itemListElement\":[{\"@type\":\"ListItem\",\"position\":1,\"name\":\"Anasayfa\",\"item\":\"https:\/\/drsedattatar.com\/tr\/\"},{\"@type\":\"ListItem\",\"position\":2,\"name\":\"Estetik Ameliyat Sonras\u0131 Su T\u00fcketimi Neden Artmal\u0131d\u0131r? \u0130yile\u015fme S\u00fcrecinde Suyun Rol\u00fc\"}]},{\"@type\":\"WebSite\",\"@id\":\"https:\/\/drsedattatar.com\/tr\/#website\",\"url\":\"https:\/\/drsedattatar.com\/tr\/\",\"name\":\"\u0130stanbul Estetik, Plastik ve Rekonstr\u00fcktif Cerrahi - Do\u00e7. Dr. Sedat Tatar\",\"description\":\"\u0130stanbul Estetik, Plastik ve Rekonstr\u00fcktif Cerrahi alan\u0131nda deneyimli Do\u00e7. Dr. Sedat Tatar ile hayallerinizi ger\u00e7e\u011fe d\u00f6n\u00fc\u015ft\u00fcr\u00fcn ve kendinizi en iyi \u015fekilde hissedin.\",\"publisher\":{\"@id\":\"https:\/\/drsedattatar.com\/tr\/#organization\"},\"potentialAction\":[{\"@type\":\"SearchAction\",\"target\":{\"@type\":\"EntryPoint\",\"urlTemplate\":\"https:\/\/drsedattatar.com\/tr\/?s={search_term_string}\"},\"query-input\":{\"@type\":\"PropertyValueSpecification\",\"valueRequired\":true,\"valueName\":\"search_term_string\"}}],\"inLanguage\":\"tr\"},{\"@type\":\"Organization\",\"@id\":\"https:\/\/drsedattatar.com\/tr\/#organization\",\"name\":\"\u0130stanbul Estetik, Plastik ve Rekonstr\u00fcktif Cerrahi - Do\u00e7. Dr. Sedat Tatar\",\"url\":\"https:\/\/drsedattatar.com\/tr\/\",\"logo\":{\"@type\":\"ImageObject\",\"inLanguage\":\"tr\",\"@id\":\"https:\/\/drsedattatar.com\/tr\/#\/schema\/logo\/image\/\",\"url\":\"https:\/\/drsedattatar.com\/tr\/wp-content\/uploads\/2023\/06\/cropped-cropped-cropped-dr-sedat-tatar-estetik-plastik-logo.webp\",\"contentUrl\":\"https:\/\/drsedattatar.com\/tr\/wp-content\/uploads\/2023\/06\/cropped-cropped-cropped-dr-sedat-tatar-estetik-plastik-logo.webp\",\"width\":1505,\"height\":602,\"caption\":\"\u0130stanbul Estetik, Plastik ve Rekonstr\u00fcktif Cerrahi - Do\u00e7. Dr. Sedat Tatar\"},\"image\":{\"@id\":\"https:\/\/drsedattatar.com\/tr\/#\/schema\/logo\/image\/\"}},{\"@type\":\"Person\",\"@id\":\"https:\/\/drsedattatar.com\/tr\/#\/schema\/person\/aa22f82cb49cf6b0e8e4c2fdd472308a\",\"name\":\"Sedat Tatar\",\"image\":{\"@type\":\"ImageObject\",\"inLanguage\":\"tr\",\"@id\":\"https:\/\/drsedattatar.com\/tr\/#\/schema\/person\/image\/\",\"url\":\"https:\/\/secure.gravatar.com\/avatar\/dea798d972982cc67ccc601a56275438ae42ec5d4557bb1f2fb426553e72d1a1?s=96&d=mm&r=g\",\"contentUrl\":\"https:\/\/secure.gravatar.com\/avatar\/dea798d972982cc67ccc601a56275438ae42ec5d4557bb1f2fb426553e72d1a1?s=96&d=mm&r=g\",\"caption\":\"Sedat Tatar\"},\"sameAs\":[\"http:\/\/drsedattatar.com\/tr\"],\"url\":\"https:\/\/drsedattatar.com\/tr\/author\/admin\/\"}]}<\/script>\n<!-- \/ Yoast SEO plugin. -->","yoast_head_json":{"title":"Estetik Ameliyat Sonras\u0131 Su T\u00fcketimi Neden Artmal\u0131d\u0131r? \u0130yile\u015fme S\u00fcrecinde Suyun Rol\u00fc - \u0130stanbul Estetik, Plastik ve Rekonstr\u00fcktif Cerrahi - Do\u00e7. Dr. Sedat Tatar","description":"Estetik ameliyat sonras\u0131 su t\u00fcketimi, doku onar\u0131m\u0131, mikro dola\u015f\u0131m ve \u00f6dem y\u00f6netimini destekleyerek iyile\u015fme s\u00fcrecinin dengeli ilerlemesine katk\u0131 sa\u011flar.","robots":{"index":"index","follow":"follow","max-snippet":"max-snippet:-1","max-image-preview":"max-image-preview:large","max-video-preview":"max-video-preview:-1"},"canonical":"https:\/\/drsedattatar.com\/tr\/estetik-ameliyat-sonrasi-su-tuketimi-neden-artmalidir-iyilesme-surecinde-suyun-rolu\/","og_locale":"tr_TR","og_type":"article","og_title":"Estetik Ameliyat Sonras\u0131 Su T\u00fcketimi Neden Artmal\u0131d\u0131r? \u0130yile\u015fme S\u00fcrecinde Suyun Rol\u00fc - \u0130stanbul Estetik, Plastik ve Rekonstr\u00fcktif Cerrahi - Do\u00e7. Dr. Sedat Tatar","og_description":"Estetik ameliyat sonras\u0131 su t\u00fcketimi, doku onar\u0131m\u0131, mikro dola\u015f\u0131m ve \u00f6dem y\u00f6netimini destekleyerek iyile\u015fme s\u00fcrecinin dengeli ilerlemesine katk\u0131 sa\u011flar.","og_url":"https:\/\/drsedattatar.com\/tr\/estetik-ameliyat-sonrasi-su-tuketimi-neden-artmalidir-iyilesme-surecinde-suyun-rolu\/","og_site_name":"\u0130stanbul Estetik, Plastik ve Rekonstr\u00fcktif Cerrahi - Do\u00e7. Dr. Sedat Tatar","article_published_time":"2026-04-23T07:38:56+00:00","article_modified_time":"2026-04-23T07:38:57+00:00","og_image":[{"width":1920,"height":1080,"url":"https:\/\/drsedattatar.com\/tr\/wp-content\/uploads\/2026\/04\/130-Kapak-TR.jpg","type":"image\/jpeg"}],"author":"Sedat Tatar","twitter_card":"summary_large_image","twitter_misc":{"Yazan:":"Sedat Tatar","Tahmini okuma s\u00fcresi":"6 dakika"},"schema":{"@context":"https:\/\/schema.org","@graph":[{"@type":"Article","@id":"https:\/\/drsedattatar.com\/tr\/estetik-ameliyat-sonrasi-su-tuketimi-neden-artmalidir-iyilesme-surecinde-suyun-rolu\/#article","isPartOf":{"@id":"https:\/\/drsedattatar.com\/tr\/estetik-ameliyat-sonrasi-su-tuketimi-neden-artmalidir-iyilesme-surecinde-suyun-rolu\/"},"author":{"name":"Sedat Tatar","@id":"https:\/\/drsedattatar.com\/tr\/#\/schema\/person\/aa22f82cb49cf6b0e8e4c2fdd472308a"},"headline":"Estetik Ameliyat Sonras\u0131 Su T\u00fcketimi Neden Artmal\u0131d\u0131r? \u0130yile\u015fme S\u00fcrecinde Suyun Rol\u00fc","datePublished":"2026-04-23T07:38:56+00:00","dateModified":"2026-04-23T07:38:57+00:00","mainEntityOfPage":{"@id":"https:\/\/drsedattatar.com\/tr\/estetik-ameliyat-sonrasi-su-tuketimi-neden-artmalidir-iyilesme-surecinde-suyun-rolu\/"},"wordCount":1280,"publisher":{"@id":"https:\/\/drsedattatar.com\/tr\/#organization"},"image":{"@id":"https:\/\/drsedattatar.com\/tr\/estetik-ameliyat-sonrasi-su-tuketimi-neden-artmalidir-iyilesme-surecinde-suyun-rolu\/#primaryimage"},"thumbnailUrl":"https:\/\/drsedattatar.com\/tr\/wp-content\/uploads\/2026\/04\/130-Kapak-TR.jpg","articleSection":["Plastik Cerrahi Blog"],"inLanguage":"tr"},{"@type":"WebPage","@id":"https:\/\/drsedattatar.com\/tr\/estetik-ameliyat-sonrasi-su-tuketimi-neden-artmalidir-iyilesme-surecinde-suyun-rolu\/","url":"https:\/\/drsedattatar.com\/tr\/estetik-ameliyat-sonrasi-su-tuketimi-neden-artmalidir-iyilesme-surecinde-suyun-rolu\/","name":"Estetik Ameliyat Sonras\u0131 Su T\u00fcketimi Neden Artmal\u0131d\u0131r? \u0130yile\u015fme S\u00fcrecinde Suyun Rol\u00fc - \u0130stanbul Estetik, Plastik ve Rekonstr\u00fcktif Cerrahi - Do\u00e7. Dr. Sedat Tatar","isPartOf":{"@id":"https:\/\/drsedattatar.com\/tr\/#website"},"primaryImageOfPage":{"@id":"https:\/\/drsedattatar.com\/tr\/estetik-ameliyat-sonrasi-su-tuketimi-neden-artmalidir-iyilesme-surecinde-suyun-rolu\/#primaryimage"},"image":{"@id":"https:\/\/drsedattatar.com\/tr\/estetik-ameliyat-sonrasi-su-tuketimi-neden-artmalidir-iyilesme-surecinde-suyun-rolu\/#primaryimage"},"thumbnailUrl":"https:\/\/drsedattatar.com\/tr\/wp-content\/uploads\/2026\/04\/130-Kapak-TR.jpg","datePublished":"2026-04-23T07:38:56+00:00","dateModified":"2026-04-23T07:38:57+00:00","description":"Estetik ameliyat sonras\u0131 su t\u00fcketimi, doku onar\u0131m\u0131, mikro dola\u015f\u0131m ve \u00f6dem y\u00f6netimini destekleyerek iyile\u015fme s\u00fcrecinin dengeli ilerlemesine katk\u0131 sa\u011flar.","breadcrumb":{"@id":"https:\/\/drsedattatar.com\/tr\/estetik-ameliyat-sonrasi-su-tuketimi-neden-artmalidir-iyilesme-surecinde-suyun-rolu\/#breadcrumb"},"inLanguage":"tr","potentialAction":[{"@type":"ReadAction","target":["https:\/\/drsedattatar.com\/tr\/estetik-ameliyat-sonrasi-su-tuketimi-neden-artmalidir-iyilesme-surecinde-suyun-rolu\/"]}]},{"@type":"ImageObject","inLanguage":"tr","@id":"https:\/\/drsedattatar.com\/tr\/estetik-ameliyat-sonrasi-su-tuketimi-neden-artmalidir-iyilesme-surecinde-suyun-rolu\/#primaryimage","url":"https:\/\/drsedattatar.com\/tr\/wp-content\/uploads\/2026\/04\/130-Kapak-TR.jpg","contentUrl":"https:\/\/drsedattatar.com\/tr\/wp-content\/uploads\/2026\/04\/130-Kapak-TR.jpg","width":1920,"height":1080},{"@type":"BreadcrumbList","@id":"https:\/\/drsedattatar.com\/tr\/estetik-ameliyat-sonrasi-su-tuketimi-neden-artmalidir-iyilesme-surecinde-suyun-rolu\/#breadcrumb","itemListElement":[{"@type":"ListItem","position":1,"name":"Anasayfa","item":"https:\/\/drsedattatar.com\/tr\/"},{"@type":"ListItem","position":2,"name":"Estetik Ameliyat Sonras\u0131 Su T\u00fcketimi Neden Artmal\u0131d\u0131r? \u0130yile\u015fme S\u00fcrecinde Suyun Rol\u00fc"}]},{"@type":"WebSite","@id":"https:\/\/drsedattatar.com\/tr\/#website","url":"https:\/\/drsedattatar.com\/tr\/","name":"\u0130stanbul Estetik, Plastik ve Rekonstr\u00fcktif Cerrahi - Do\u00e7. Dr. Sedat Tatar","description":"\u0130stanbul Estetik, Plastik ve Rekonstr\u00fcktif Cerrahi alan\u0131nda deneyimli Do\u00e7. Dr. Sedat Tatar ile hayallerinizi ger\u00e7e\u011fe d\u00f6n\u00fc\u015ft\u00fcr\u00fcn ve kendinizi en iyi \u015fekilde hissedin.","publisher":{"@id":"https:\/\/drsedattatar.com\/tr\/#organization"},"potentialAction":[{"@type":"SearchAction","target":{"@type":"EntryPoint","urlTemplate":"https:\/\/drsedattatar.com\/tr\/?s={search_term_string}"},"query-input":{"@type":"PropertyValueSpecification","valueRequired":true,"valueName":"search_term_string"}}],"inLanguage":"tr"},{"@type":"Organization","@id":"https:\/\/drsedattatar.com\/tr\/#organization","name":"\u0130stanbul Estetik, Plastik ve Rekonstr\u00fcktif Cerrahi - Do\u00e7. Dr. Sedat Tatar","url":"https:\/\/drsedattatar.com\/tr\/","logo":{"@type":"ImageObject","inLanguage":"tr","@id":"https:\/\/drsedattatar.com\/tr\/#\/schema\/logo\/image\/","url":"https:\/\/drsedattatar.com\/tr\/wp-content\/uploads\/2023\/06\/cropped-cropped-cropped-dr-sedat-tatar-estetik-plastik-logo.webp","contentUrl":"https:\/\/drsedattatar.com\/tr\/wp-content\/uploads\/2023\/06\/cropped-cropped-cropped-dr-sedat-tatar-estetik-plastik-logo.webp","width":1505,"height":602,"caption":"\u0130stanbul Estetik, Plastik ve Rekonstr\u00fcktif Cerrahi - Do\u00e7. Dr. Sedat Tatar"},"image":{"@id":"https:\/\/drsedattatar.com\/tr\/#\/schema\/logo\/image\/"}},{"@type":"Person","@id":"https:\/\/drsedattatar.com\/tr\/#\/schema\/person\/aa22f82cb49cf6b0e8e4c2fdd472308a","name":"Sedat Tatar","image":{"@type":"ImageObject","inLanguage":"tr","@id":"https:\/\/drsedattatar.com\/tr\/#\/schema\/person\/image\/","url":"https:\/\/secure.gravatar.com\/avatar\/dea798d972982cc67ccc601a56275438ae42ec5d4557bb1f2fb426553e72d1a1?s=96&d=mm&r=g","contentUrl":"https:\/\/secure.gravatar.com\/avatar\/dea798d972982cc67ccc601a56275438ae42ec5d4557bb1f2fb426553e72d1a1?s=96&d=mm&r=g","caption":"Sedat Tatar"},"sameAs":["http:\/\/drsedattatar.com\/tr"],"url":"https:\/\/drsedattatar.com\/tr\/author\/admin\/"}]}},"taxonomy_info":{"category":[{"value":14,"label":"Plastik Cerrahi Blog"}]},"featured_image_src_large":["https:\/\/drsedattatar.com\/tr\/wp-content\/uploads\/2026\/04\/130-Kapak-TR-1024x576.jpg",1024,576,true],"author_info":{"display_name":"Sedat Tatar","author_link":"https:\/\/drsedattatar.com\/tr\/author\/admin\/"},"comment_info":0,"category_info":[{"term_id":14,"name":"Plastik Cerrahi Blog","slug":"plastik-cerrahi-blog","term_group":0,"term_taxonomy_id":14,"taxonomy":"category","description":"","parent":0,"count":155,"filter":"raw","cat_ID":14,"category_count":155,"category_description":"","cat_name":"Plastik Cerrahi Blog","category_nicename":"plastik-cerrahi-blog","category_parent":0}],"tag_info":false,"_links":{"self":[{"href":"https:\/\/drsedattatar.com\/tr\/wp-json\/wp\/v2\/posts\/3337","targetHints":{"allow":["GET"]}}],"collection":[{"href":"https:\/\/drsedattatar.com\/tr\/wp-json\/wp\/v2\/posts"}],"about":[{"href":"https:\/\/drsedattatar.com\/tr\/wp-json\/wp\/v2\/types\/post"}],"author":[{"embeddable":true,"href":"https:\/\/drsedattatar.com\/tr\/wp-json\/wp\/v2\/users\/1"}],"replies":[{"embeddable":true,"href":"https:\/\/drsedattatar.com\/tr\/wp-json\/wp\/v2\/comments?post=3337"}],"version-history":[{"count":1,"href":"https:\/\/drsedattatar.com\/tr\/wp-json\/wp\/v2\/posts\/3337\/revisions"}],"predecessor-version":[{"id":3339,"href":"https:\/\/drsedattatar.com\/tr\/wp-json\/wp\/v2\/posts\/3337\/revisions\/3339"}],"wp:featuredmedia":[{"embeddable":true,"href":"https:\/\/drsedattatar.com\/tr\/wp-json\/wp\/v2\/media\/3338"}],"wp:attachment":[{"href":"https:\/\/drsedattatar.com\/tr\/wp-json\/wp\/v2\/media?parent=3337"}],"wp:term":[{"taxonomy":"category","embeddable":true,"href":"https:\/\/drsedattatar.com\/tr\/wp-json\/wp\/v2\/categories?post=3337"},{"taxonomy":"post_tag","embeddable":true,"href":"https:\/\/drsedattatar.com\/tr\/wp-json\/wp\/v2\/tags?post=3337"}],"curies":[{"name":"wp","href":"https:\/\/api.w.org\/{rel}","templated":true}]}}